{"id":91853,"date":"2025-01-06T11:34:29","date_gmt":"2025-01-06T14:34:29","guid":{"rendered":"https:\/\/patagoniambiental.com.ar\/info\/?p=91853"},"modified":"2025-05-04T16:15:37","modified_gmt":"2025-05-04T19:15:37","slug":"rio-negro-capacito-a-mas-de-3-000-personas-en-energias-renovables-y-mineria-sostenible-en-2024","status":"publish","type":"post","link":"https:\/\/patagoniambiental.com.ar\/info\/rio-negro-capacito-a-mas-de-3-000-personas-en-energias-renovables-y-mineria-sostenible-en-2024\/","title":{"rendered":"R\u00edo Negro capacit\u00f3 a m\u00e1s de 3.000 personas en energ\u00edas renovables y miner\u00eda sostenible en 2024"},"content":{"rendered":"\n<!--more-->\n\n\n\n<p>Viedma, Provincia de Rio Negro, 6 de enero de 2024. El Gobierno de R\u00edo Negro, a trav\u00e9s de su Secretar\u00eda de Energ\u00eda y Ambiente, ha logrado un importante hito en 2024 al capacitar a m\u00e1s de 3.000 personas en \u00e1reas clave para el desarrollo sostenible de la provincia. En un contexto global donde la transici\u00f3n energ\u00e9tica y la sostenibilidad son temas prioritarios, la provincia se ha posicionado como un referente en formaci\u00f3n en energ\u00edas renovables, miner\u00eda responsable y regulaci\u00f3n de servicios p\u00fablicos.<\/p>\n\n\n\n<p>Durante este a\u00f1o, se implementaron diversas iniciativas educativas en colaboraci\u00f3n con universidades, instituciones acad\u00e9micas y organismos t\u00e9cnicos. Estas capacitaciones estuvieron orientadas a fortalecer las habilidades y conocimientos de funcionarios p\u00fablicos, profesionales y ciudadanos, quienes a trav\u00e9s de estas formaciones adquieren herramientas para contribuir al desarrollo econ\u00f3mico y ambiental de R\u00edo Negro.<\/p>\n\n\n\n<p>Andrea Confini, secretaria de Energ\u00eda y Ambiente, resalt\u00f3 que el modelo de formaci\u00f3n continua implementado este a\u00f1o no solo ha fortalecido las capacidades locales, sino que tambi\u00e9n ha generado un impacto positivo en la sostenibilidad econ\u00f3mica de la provincia. \u00abEn 2024 consolidamos un modelo de formaci\u00f3n continua que no s\u00f3lo potencia las capacidades de nuestra gente, sino que tambi\u00e9n genera un impacto directo en el desarrollo econ\u00f3mico sostenible de R\u00edo Negro\u00bb, afirm\u00f3.<\/p>\n\n\n\n<h2 class=\"wp-block-heading\" id=\"h-principales-iniciativas-formativas\">Principales iniciativas formativas<\/h2>\n\n\n\n<p>Entre las propuestas m\u00e1s destacadas, se encuentran:<\/p>\n\n\n\n<p>Curso de Instaladores de Sistemas Fotovoltaicos: En colaboraci\u00f3n con la Universidad Tecnol\u00f3gica Nacional (UTN), este curso form\u00f3 a 17 instaladores calificados en sistemas de energ\u00eda solar fotovoltaica. Esta capacitaci\u00f3n promovi\u00f3 el uso de energ\u00edas renovables en hogares y empresas de R\u00edo Negro, abriendo nuevas oportunidades laborales en el sector de las energ\u00edas limpias.<\/p>\n\n\n\n<p><a href=\"https:\/\/patagoniambiental.com.ar\/info\/capacitate-como-instalador-fotovoltaico-inscripciones-abiertas-en-rio-negro-hasta-el-2-de-agosto\/\">Leer m\u00e1s: Capac\u00edtate como Instalador Fotovoltaico: Inscripciones Abiertas en R\u00edo Negro Hasta el 2 de Agosto<\/a><\/p>\n\n\n\n<p><a href=\"https:\/\/patagoniambiental.com.ar\/info\/capacitate-como-instalador-fotovoltaico-inscripciones-abiertas-en-rio-negro-hasta-el-2-de-agosto\/\"><br><\/a><\/p>\n\n\n\n<figure class=\"wp-block-image size-full\"><img fetchpriority=\"high\" decoding=\"async\" width=\"1080\" height=\"607\" src=\"https:\/\/patagoniambiental.com.ar\/info\/wp-content\/uploads\/2025\/01\/1000100257.jpg\" alt=\"\" class=\"wp-image-91855\"\/><\/figure>\n\n\n\n<p>Diplomatura en Sustentabilidad Minera: Junto con la Universidad Nacional de R\u00edo Negro, se ofreci\u00f3 este programa que capacit\u00f3 a 150 personas en temas relacionados con la miner\u00eda responsable y sostenible.<\/p>\n\n\n\n<p><a href=\"https:\/\/patagoniambiental.com.ar\/info\/comienza-la-segunda-cohorte-de-la-diplomatura-en-sustentabilidad-minera-en-rio-negro\">Leer m\u00e1s: Comienza la segunda cohorte de la Diplomatura en Sustentabilidad Minera en R\u00edo Negro <\/a><\/p>\n\n\n\n<p>Con un enfoque alineado a los Objetivos de Desarrollo Sostenible (ODS), este curso brind\u00f3 herramientas tanto te\u00f3ricas como pr\u00e1cticas para que los profesionales puedan implementar estrategias sostenibles en el sector minero. Adem\u00e1s, se anunci\u00f3 una tercera edici\u00f3n para 2025, que ser\u00e1 gratuita y abierta a toda la ciudadan\u00eda, con inscripciones disponibles hasta el 15 de febrero.<\/p>\n\n\n\n<figure class=\"wp-block-embed is-type-video is-provider-youtube wp-block-embed-youtube wp-embed-aspect-16-9 wp-has-aspect-ratio\"><div class=\"wp-block-embed__wrapper\">\n<iframe title=\"La Diplomatura en Sustentabilidad Minera tendr\u00e1 tercera edici\u00f3n\" width=\"500\" height=\"281\" src=\"https:\/\/www.youtube.com\/embed\/EWtBO_K95Uw?feature=oembed\" frameborder=\"0\" allow=\"accelerometer; autoplay; clipboard-write; encrypted-media; gyroscope; picture-in-picture; web-share\" referrerpolicy=\"strict-origin-when-cross-origin\" allowfullscreen><\/iframe>\n<\/div><\/figure>\n\n\n\n<p><a href=\"https:\/\/patagoniambiental.com.ar\/info\/primeros-egresados-de-la-diplomatura-en-sustentabilidad-minera-en-rio-negro\/\">Leer m\u00e1s: Primeros egresados de la Diplomatura en Sustentabilidad Minera en R\u00edo Negro <\/a><\/p>\n\n\n\n<p>Diplomatura en Regulaci\u00f3n de Servicios P\u00fablicos: Esta diplomatura, que convoc\u00f3 a 70 participantes, brind\u00f3 conocimientos clave sobre eficiencia energ\u00e9tica, planificaci\u00f3n y gesti\u00f3n sostenible de los servicios p\u00fablicos, un tema fundamental en la transici\u00f3n energ\u00e9tica que vive la provincia.<\/p>\n\n\n\n<p>Curso \u00abDescubriendo el Potencial Energ\u00e9tico de R\u00edo Negro\u00bb: Impulsado por el Instituto Provincial de la Administraci\u00f3n P\u00fablica (IPAP), este curso virtual ofreci\u00f3 dos ediciones en 2024 y alcanz\u00f3 a m\u00e1s de 2.800 inscriptos. Los contenidos abordaron temas relacionados con las energ\u00edas renovables, hidrocarburos y miner\u00eda, permitiendo a los participantes explorar el potencial energ\u00e9tico de la provincia.<\/p>\n\n\n\n<h2 class=\"wp-block-heading\" id=\"h-mirando-al-futuro\">Mirando al futuro<\/h2>\n\n\n\n<p>Con el objetivo de seguir avanzando en la capacitaci\u00f3n y formaci\u00f3n en \u00e1reas estrat\u00e9gicas, la Secretar\u00eda de Energ\u00eda y Ambiente de R\u00edo Negro ya proyecta nuevas ediciones de los cursos existentes, adem\u00e1s de incorporar m\u00f3dulos innovadores que incluyan experiencias pr\u00e1cticas y estudios de casos reales. Esto consolidar\u00e1 a la provincia como un modelo en formaci\u00f3n energ\u00e9tica y ambiental a nivel nacional, preparando a la poblaci\u00f3n para enfrentar los retos de la transici\u00f3n hacia un futuro m\u00e1s verde y sostenible.<\/p>\n\n\n\n<p>\u00abEl \u00e9xito de estas capacitaciones reafirma el compromiso de nuestra provincia con la transici\u00f3n energ\u00e9tica y el desarrollo sostenible, sentando bases s\u00f3lidas para el futuro\u00bb, agreg\u00f3 Confini, destacando la importancia de continuar invirtiendo en la educaci\u00f3n y formaci\u00f3n de la poblaci\u00f3n para enfrentar los desaf\u00edos del presente y el futuro.<\/p>\n","protected":false},"excerpt":{"rendered":"","protected":false},"author":2,"featured_media":91854,"comment_status":"open","ping_status":"open","sticky":false,"template":"","format":"standard","meta":{"site-sidebar-layout":"default","site-content-layout":"","ast-site-content-layout":"default","site-content-style":"default","site-sidebar-style":"default","ast-global-header-display":"","ast-banner-title-visibility":"","ast-main-header-display":"","ast-hfb-above-header-display":"","ast-hfb-below-header-display":"","ast-hfb-mobile-header-display":"","site-post-title":"","ast-breadcrumbs-content":"","ast-featured-img":"","footer-sml-layout":"","ast-disable-related-posts":"","theme-transparent-header-meta":"","adv-header-id-meta":"","stick-header-meta":"","header-above-stick-meta":"","header-main-stick-meta":"","header-below-stick-meta":"","astra-migrate-meta-layouts":"default","ast-page-background-enabled":"default","ast-page-background-meta":{"desktop":{"background-color":"var(--ast-global-color-5)","background-image":"","background-repeat":"repeat","background-position":"center center","background-size":"auto","background-attachment":"scroll","background-type":"","background-media":"","overlay-type":"","overlay-color":"","overlay-opacity":"","overlay-gradient":""},"tablet":{"background-color":"","background-image":"","background-repeat":"repeat","background-position":"center center","background-size":"auto","background-attachment":"scroll","background-type":"","background-media":"","overlay-type":"","overlay-color":"","overlay-opacity":"","overlay-gradient":""},"mobile":{"background-color":"","background-image":"","background-repeat":"repeat","background-position":"center center","background-size":"auto","background-attachment":"scroll","background-type":"","background-media":"","overlay-type":"","overlay-color":"","overlay-opacity":"","overlay-gradient":""}},"ast-content-background-meta":{"desktop":{"background-color":"var(--ast-global-color-4)","background-image":"","background-repeat":"repeat","background-position":"center center","background-size":"auto","background-attachment":"scroll","background-type":"","background-media":"","overlay-type":"","overlay-color":"","overlay-opacity":"","overlay-gradient":""},"tablet":{"background-color":"var(--ast-global-color-4)","background-image":"","background-repeat":"repeat","background-position":"center center","background-size":"auto","background-attachment":"scroll","background-type":"","background-media":"","overlay-type":"","overlay-color":"","overlay-opacity":"","overlay-gradient":""},"mobile":{"background-color":"var(--ast-global-color-4)","background-image":"","background-repeat":"repeat","background-position":"center center","background-size":"auto","background-attachment":"scroll","background-type":"","background-media":"","overlay-type":"","overlay-color":"","overlay-opacity":"","overlay-gradient":""}},"footnotes":""},"categories":[12,1,13,14],"tags":[],"class_list":["post-91853","post","type-post","status-publish","format-standard","has-post-thumbnail","hentry","category-agenda-ambiental","category-noticias","category-provinciales","category-rio-negro"],"yoast_head":"<!-- This site is optimized with the Yoast SEO Premium plugin v23.0 (Yoast SEO v27.5) - https:\/\/yoast.com\/product\/yoast-seo-premium-wordpress\/ -->\n<title>R\u00edo Negro capacit\u00f3 a m\u00e1s de 3.000 personas en energ\u00edas renovables y miner\u00eda sostenible en 2024<\/title>\n<meta name=\"description\" content=\"El Gobierno de R\u00edo Negro, a trav\u00e9s de su Secretar\u00eda de Energ\u00eda y Ambiente, ha logrado un importante hito en 2024 al capacitar a m\u00e1s de 3.000 personas en \u00e1reas clave para el desarrollo sostenible de la provincia. De\" \/>\n<meta name=\"robots\" content=\"index, follow, max-snippet:-1, max-image-preview:large, max-video-preview:-1\" \/>\n<link rel=\"canonical\" href=\"https:\/\/patagoniambiental.com.ar\/info\/rio-negro-capacito-a-mas-de-3-000-personas-en-energias-renovables-y-mineria-sostenible-en-2024\/\" \/>\n<meta property=\"og:locale\" content=\"es_ES\" \/>\n<meta property=\"og:type\" content=\"article\" \/>\n<meta property=\"og:title\" content=\"R\u00edo Negro capacit\u00f3 a m\u00e1s de 3.000 personas en energ\u00edas renovables y miner\u00eda sostenible en 2024\" \/>\n<meta property=\"og:description\" content=\"El Gobierno de R\u00edo Negro, a trav\u00e9s de su Secretar\u00eda de Energ\u00eda y Ambiente, ha logrado un importante hito en 2024 al capacitar a m\u00e1s de 3.000 personas en \u00e1reas clave para el desarrollo sostenible de la provincia. De\" \/>\n<meta property=\"og:url\" content=\"https:\/\/patagoniambiental.com.ar\/info\/rio-negro-capacito-a-mas-de-3-000-personas-en-energias-renovables-y-mineria-sostenible-en-2024\/\" \/>\n<meta property=\"og:site_name\" content=\"Patagonia Ambiental\" \/>\n<meta property=\"article:publisher\" content=\"https:\/\/www.facebook.com\/patagonia.ambiental\" \/>\n<meta property=\"article:author\" content=\"https:\/\/www.facebook.com\/share\/1C1V8Gv9BX\/?mibextid=qi2Omg\" \/>\n<meta property=\"article:published_time\" content=\"2025-01-06T14:34:29+00:00\" \/>\n<meta property=\"article:modified_time\" content=\"2025-05-04T19:15:37+00:00\" \/>\n<meta property=\"og:image\" content=\"https:\/\/patagoniambiental.com.ar\/info\/wp-content\/uploads\/2025\/01\/1736163919-a2e3c7640fd35533418f.jpeg\" \/>\n\t<meta property=\"og:image:width\" content=\"1065\" \/>\n\t<meta property=\"og:image:height\" content=\"599\" \/>\n\t<meta property=\"og:image:type\" content=\"image\/jpeg\" \/>\n<meta name=\"author\" content=\"Patagonia Ambiental\" \/>\n<meta name=\"twitter:card\" content=\"summary_large_image\" \/>\n<meta name=\"twitter:creator\" content=\"@PatAmb\" \/>\n<meta name=\"twitter:site\" content=\"@PatAmb\" \/>\n<script type=\"application\/ld+json\" class=\"yoast-schema-graph\">{\"@context\":\"https:\\\/\\\/schema.org\",\"@graph\":[{\"@type\":\"Article\",\"@id\":\"https:\\\/\\\/patagoniambiental.com.ar\\\/info\\\/rio-negro-capacito-a-mas-de-3-000-personas-en-energias-renovables-y-mineria-sostenible-en-2024\\\/#article\",\"isPartOf\":{\"@id\":\"https:\\\/\\\/patagoniambiental.com.ar\\\/info\\\/rio-negro-capacito-a-mas-de-3-000-personas-en-energias-renovables-y-mineria-sostenible-en-2024\\\/\"},\"author\":{\"name\":\"Patagonia Ambiental\",\"@id\":\"https:\\\/\\\/patagoniambiental.com.ar\\\/info\\\/#\\\/schema\\\/person\\\/db12bff64bbcbf6a253710bf0ea37b5d\"},\"headline\":\"R\u00edo Negro capacit\u00f3 a m\u00e1s de 3.000 personas en energ\u00edas renovables y miner\u00eda sostenible en 2024\",\"datePublished\":\"2025-01-06T14:34:29+00:00\",\"dateModified\":\"2025-05-04T19:15:37+00:00\",\"mainEntityOfPage\":{\"@id\":\"https:\\\/\\\/patagoniambiental.com.ar\\\/info\\\/rio-negro-capacito-a-mas-de-3-000-personas-en-energias-renovables-y-mineria-sostenible-en-2024\\\/\"},\"wordCount\":729,\"commentCount\":0,\"publisher\":{\"@id\":\"https:\\\/\\\/patagoniambiental.com.ar\\\/info\\\/#organization\"},\"image\":{\"@id\":\"https:\\\/\\\/patagoniambiental.com.ar\\\/info\\\/rio-negro-capacito-a-mas-de-3-000-personas-en-energias-renovables-y-mineria-sostenible-en-2024\\\/#primaryimage\"},\"thumbnailUrl\":\"https:\\\/\\\/patagoniambiental.com.ar\\\/info\\\/wp-content\\\/uploads\\\/2025\\\/01\\\/1736163919-a2e3c7640fd35533418f.jpeg\",\"articleSection\":[\"Agenda Ambiental\",\"Noticias\",\"Provinciales\",\"R\u00edo Negro\"],\"inLanguage\":\"es\",\"potentialAction\":[{\"@type\":\"CommentAction\",\"name\":\"Comment\",\"target\":[\"https:\\\/\\\/patagoniambiental.com.ar\\\/info\\\/rio-negro-capacito-a-mas-de-3-000-personas-en-energias-renovables-y-mineria-sostenible-en-2024\\\/#respond\"]}]},{\"@type\":\"WebPage\",\"@id\":\"https:\\\/\\\/patagoniambiental.com.ar\\\/info\\\/rio-negro-capacito-a-mas-de-3-000-personas-en-energias-renovables-y-mineria-sostenible-en-2024\\\/\",\"url\":\"https:\\\/\\\/patagoniambiental.com.ar\\\/info\\\/rio-negro-capacito-a-mas-de-3-000-personas-en-energias-renovables-y-mineria-sostenible-en-2024\\\/\",\"name\":\"R\u00edo Negro capacit\u00f3 a m\u00e1s de 3.000 personas en energ\u00edas renovables y miner\u00eda sostenible en 2024\",\"isPartOf\":{\"@id\":\"https:\\\/\\\/patagoniambiental.com.ar\\\/info\\\/#website\"},\"primaryImageOfPage\":{\"@id\":\"https:\\\/\\\/patagoniambiental.com.ar\\\/info\\\/rio-negro-capacito-a-mas-de-3-000-personas-en-energias-renovables-y-mineria-sostenible-en-2024\\\/#primaryimage\"},\"image\":{\"@id\":\"https:\\\/\\\/patagoniambiental.com.ar\\\/info\\\/rio-negro-capacito-a-mas-de-3-000-personas-en-energias-renovables-y-mineria-sostenible-en-2024\\\/#primaryimage\"},\"thumbnailUrl\":\"https:\\\/\\\/patagoniambiental.com.ar\\\/info\\\/wp-content\\\/uploads\\\/2025\\\/01\\\/1736163919-a2e3c7640fd35533418f.jpeg\",\"datePublished\":\"2025-01-06T14:34:29+00:00\",\"dateModified\":\"2025-05-04T19:15:37+00:00\",\"description\":\"El Gobierno de R\u00edo Negro, a trav\u00e9s de su Secretar\u00eda de Energ\u00eda y Ambiente, ha logrado un importante hito en 2024 al capacitar a m\u00e1s de 3.000 personas en \u00e1reas clave para el desarrollo sostenible de la provincia. De\",\"breadcrumb\":{\"@id\":\"https:\\\/\\\/patagoniambiental.com.ar\\\/info\\\/rio-negro-capacito-a-mas-de-3-000-personas-en-energias-renovables-y-mineria-sostenible-en-2024\\\/#breadcrumb\"},\"inLanguage\":\"es\",\"potentialAction\":[{\"@type\":\"ReadAction\",\"target\":[\"https:\\\/\\\/patagoniambiental.com.ar\\\/info\\\/rio-negro-capacito-a-mas-de-3-000-personas-en-energias-renovables-y-mineria-sostenible-en-2024\\\/\"]}]},{\"@type\":\"ImageObject\",\"inLanguage\":\"es\",\"@id\":\"https:\\\/\\\/patagoniambiental.com.ar\\\/info\\\/rio-negro-capacito-a-mas-de-3-000-personas-en-energias-renovables-y-mineria-sostenible-en-2024\\\/#primaryimage\",\"url\":\"https:\\\/\\\/patagoniambiental.com.ar\\\/info\\\/wp-content\\\/uploads\\\/2025\\\/01\\\/1736163919-a2e3c7640fd35533418f.jpeg\",\"contentUrl\":\"https:\\\/\\\/patagoniambiental.com.ar\\\/info\\\/wp-content\\\/uploads\\\/2025\\\/01\\\/1736163919-a2e3c7640fd35533418f.jpeg\",\"width\":1065,\"height\":599,\"caption\":\"R\u00edo Negro capacit\u00f3 a m\u00e1s de 3.000 personas en energ\u00edas renovables y miner\u00eda sostenible en 2024\"},{\"@type\":\"BreadcrumbList\",\"@id\":\"https:\\\/\\\/patagoniambiental.com.ar\\\/info\\\/rio-negro-capacito-a-mas-de-3-000-personas-en-energias-renovables-y-mineria-sostenible-en-2024\\\/#breadcrumb\",\"itemListElement\":[{\"@type\":\"ListItem\",\"position\":1,\"name\":\"Inicio\",\"item\":\"https:\\\/\\\/patagoniambiental.com.ar\\\/info\\\/\"},{\"@type\":\"ListItem\",\"position\":2,\"name\":\"R\u00edo Negro capacit\u00f3 a m\u00e1s de 3.000 personas en energ\u00edas renovables y miner\u00eda sostenible en 2024\"}]},{\"@type\":\"WebSite\",\"@id\":\"https:\\\/\\\/patagoniambiental.com.ar\\\/info\\\/#website\",\"url\":\"https:\\\/\\\/patagoniambiental.com.ar\\\/info\\\/\",\"name\":\"Patagonia Ambiental\",\"description\":\"Monitoreo y an\u00e1lisis de la situaci\u00f3n geopol\u00edtica en el mundo y su implicancia en la Patagonia\",\"publisher\":{\"@id\":\"https:\\\/\\\/patagoniambiental.com.ar\\\/info\\\/#organization\"},\"potentialAction\":[{\"@type\":\"SearchAction\",\"target\":{\"@type\":\"EntryPoint\",\"urlTemplate\":\"https:\\\/\\\/patagoniambiental.com.ar\\\/info\\\/?s={search_term_string}\"},\"query-input\":{\"@type\":\"PropertyValueSpecification\",\"valueRequired\":true,\"valueName\":\"search_term_string\"}}],\"inLanguage\":\"es\"},{\"@type\":\"Organization\",\"@id\":\"https:\\\/\\\/patagoniambiental.com.ar\\\/info\\\/#organization\",\"name\":\"Patagonia Ambiental\",\"url\":\"https:\\\/\\\/patagoniambiental.com.ar\\\/info\\\/\",\"logo\":{\"@type\":\"ImageObject\",\"inLanguage\":\"es\",\"@id\":\"https:\\\/\\\/patagoniambiental.com.ar\\\/info\\\/#\\\/schema\\\/logo\\\/image\\\/\",\"url\":\"https:\\\/\\\/patagoniambiental.com.ar\\\/info\\\/wp-content\\\/uploads\\\/2025\\\/05\\\/LOGO-PATAGONIA-AMBIENTAL.png\",\"contentUrl\":\"https:\\\/\\\/patagoniambiental.com.ar\\\/info\\\/wp-content\\\/uploads\\\/2025\\\/05\\\/LOGO-PATAGONIA-AMBIENTAL.png\",\"width\":433,\"height\":250,\"caption\":\"Patagonia Ambiental\"},\"image\":{\"@id\":\"https:\\\/\\\/patagoniambiental.com.ar\\\/info\\\/#\\\/schema\\\/logo\\\/image\\\/\"},\"sameAs\":[\"https:\\\/\\\/www.facebook.com\\\/patagonia.ambiental\",\"https:\\\/\\\/x.com\\\/PatAmb\"]},{\"@type\":\"Person\",\"@id\":\"https:\\\/\\\/patagoniambiental.com.ar\\\/info\\\/#\\\/schema\\\/person\\\/db12bff64bbcbf6a253710bf0ea37b5d\",\"name\":\"Patagonia Ambiental\",\"description\":\"Andr\u00e9s Nievas T\u00e9cnico en manejo ambiental, consultor Ambiental y escritor para medios locales e internacionales sobre temas de geopolitica y medio ambiente.\",\"sameAs\":[\"http:\\\/\\\/www.patagoniambiental.com.ar\",\"https:\\\/\\\/www.facebook.com\\\/share\\\/1C1V8Gv9BX\\\/?mibextid=qi2Omg\",\"@patagoniambiental\",\"https:\\\/\\\/youtube.com\\\/@patagoniaambiental2023?si=BLt58t0wuXquxlYZ\"]}]}<\/script>\n<!-- \/ Yoast SEO Premium plugin. -->","yoast_head_json":{"title":"R\u00edo Negro capacit\u00f3 a m\u00e1s de 3.000 personas en energ\u00edas renovables y miner\u00eda sostenible en 2024","description":"El Gobierno de R\u00edo Negro, a trav\u00e9s de su Secretar\u00eda de Energ\u00eda y Ambiente, ha logrado un importante hito en 2024 al capacitar a m\u00e1s de 3.000 personas en \u00e1reas clave para el desarrollo sostenible de la provincia. De","robots":{"index":"index","follow":"follow","max-snippet":"max-snippet:-1","max-image-preview":"max-image-preview:large","max-video-preview":"max-video-preview:-1"},"canonical":"https:\/\/patagoniambiental.com.ar\/info\/rio-negro-capacito-a-mas-de-3-000-personas-en-energias-renovables-y-mineria-sostenible-en-2024\/","og_locale":"es_ES","og_type":"article","og_title":"R\u00edo Negro capacit\u00f3 a m\u00e1s de 3.000 personas en energ\u00edas renovables y miner\u00eda sostenible en 2024","og_description":"El Gobierno de R\u00edo Negro, a trav\u00e9s de su Secretar\u00eda de Energ\u00eda y Ambiente, ha logrado un importante hito en 2024 al capacitar a m\u00e1s de 3.000 personas en \u00e1reas clave para el desarrollo sostenible de la provincia. De","og_url":"https:\/\/patagoniambiental.com.ar\/info\/rio-negro-capacito-a-mas-de-3-000-personas-en-energias-renovables-y-mineria-sostenible-en-2024\/","og_site_name":"Patagonia Ambiental","article_publisher":"https:\/\/www.facebook.com\/patagonia.ambiental","article_author":"https:\/\/www.facebook.com\/share\/1C1V8Gv9BX\/?mibextid=qi2Omg","article_published_time":"2025-01-06T14:34:29+00:00","article_modified_time":"2025-05-04T19:15:37+00:00","og_image":[{"width":1065,"height":599,"url":"https:\/\/patagoniambiental.com.ar\/info\/wp-content\/uploads\/2025\/01\/1736163919-a2e3c7640fd35533418f.jpeg","type":"image\/jpeg"}],"author":"Patagonia Ambiental","twitter_card":"summary_large_image","twitter_creator":"@PatAmb","twitter_site":"@PatAmb","schema":{"@context":"https:\/\/schema.org","@graph":[{"@type":"Article","@id":"https:\/\/patagoniambiental.com.ar\/info\/rio-negro-capacito-a-mas-de-3-000-personas-en-energias-renovables-y-mineria-sostenible-en-2024\/#article","isPartOf":{"@id":"https:\/\/patagoniambiental.com.ar\/info\/rio-negro-capacito-a-mas-de-3-000-personas-en-energias-renovables-y-mineria-sostenible-en-2024\/"},"author":{"name":"Patagonia Ambiental","@id":"https:\/\/patagoniambiental.com.ar\/info\/#\/schema\/person\/db12bff64bbcbf6a253710bf0ea37b5d"},"headline":"R\u00edo Negro capacit\u00f3 a m\u00e1s de 3.000 personas en energ\u00edas renovables y miner\u00eda sostenible en 2024","datePublished":"2025-01-06T14:34:29+00:00","dateModified":"2025-05-04T19:15:37+00:00","mainEntityOfPage":{"@id":"https:\/\/patagoniambiental.com.ar\/info\/rio-negro-capacito-a-mas-de-3-000-personas-en-energias-renovables-y-mineria-sostenible-en-2024\/"},"wordCount":729,"commentCount":0,"publisher":{"@id":"https:\/\/patagoniambiental.com.ar\/info\/#organization"},"image":{"@id":"https:\/\/patagoniambiental.com.ar\/info\/rio-negro-capacito-a-mas-de-3-000-personas-en-energias-renovables-y-mineria-sostenible-en-2024\/#primaryimage"},"thumbnailUrl":"https:\/\/patagoniambiental.com.ar\/info\/wp-content\/uploads\/2025\/01\/1736163919-a2e3c7640fd35533418f.jpeg","articleSection":["Agenda Ambiental","Noticias","Provinciales","R\u00edo Negro"],"inLanguage":"es","potentialAction":[{"@type":"CommentAction","name":"Comment","target":["https:\/\/patagoniambiental.com.ar\/info\/rio-negro-capacito-a-mas-de-3-000-personas-en-energias-renovables-y-mineria-sostenible-en-2024\/#respond"]}]},{"@type":"WebPage","@id":"https:\/\/patagoniambiental.com.ar\/info\/rio-negro-capacito-a-mas-de-3-000-personas-en-energias-renovables-y-mineria-sostenible-en-2024\/","url":"https:\/\/patagoniambiental.com.ar\/info\/rio-negro-capacito-a-mas-de-3-000-personas-en-energias-renovables-y-mineria-sostenible-en-2024\/","name":"R\u00edo Negro capacit\u00f3 a m\u00e1s de 3.000 personas en energ\u00edas renovables y miner\u00eda sostenible en 2024","isPartOf":{"@id":"https:\/\/patagoniambiental.com.ar\/info\/#website"},"primaryImageOfPage":{"@id":"https:\/\/patagoniambiental.com.ar\/info\/rio-negro-capacito-a-mas-de-3-000-personas-en-energias-renovables-y-mineria-sostenible-en-2024\/#primaryimage"},"image":{"@id":"https:\/\/patagoniambiental.com.ar\/info\/rio-negro-capacito-a-mas-de-3-000-personas-en-energias-renovables-y-mineria-sostenible-en-2024\/#primaryimage"},"thumbnailUrl":"https:\/\/patagoniambiental.com.ar\/info\/wp-content\/uploads\/2025\/01\/1736163919-a2e3c7640fd35533418f.jpeg","datePublished":"2025-01-06T14:34:29+00:00","dateModified":"2025-05-04T19:15:37+00:00","description":"El Gobierno de R\u00edo Negro, a trav\u00e9s de su Secretar\u00eda de Energ\u00eda y Ambiente, ha logrado un importante hito en 2024 al capacitar a m\u00e1s de 3.000 personas en \u00e1reas clave para el desarrollo sostenible de la provincia. De","breadcrumb":{"@id":"https:\/\/patagoniambiental.com.ar\/info\/rio-negro-capacito-a-mas-de-3-000-personas-en-energias-renovables-y-mineria-sostenible-en-2024\/#breadcrumb"},"inLanguage":"es","potentialAction":[{"@type":"ReadAction","target":["https:\/\/patagoniambiental.com.ar\/info\/rio-negro-capacito-a-mas-de-3-000-personas-en-energias-renovables-y-mineria-sostenible-en-2024\/"]}]},{"@type":"ImageObject","inLanguage":"es","@id":"https:\/\/patagoniambiental.com.ar\/info\/rio-negro-capacito-a-mas-de-3-000-personas-en-energias-renovables-y-mineria-sostenible-en-2024\/#primaryimage","url":"https:\/\/patagoniambiental.com.ar\/info\/wp-content\/uploads\/2025\/01\/1736163919-a2e3c7640fd35533418f.jpeg","contentUrl":"https:\/\/patagoniambiental.com.ar\/info\/wp-content\/uploads\/2025\/01\/1736163919-a2e3c7640fd35533418f.jpeg","width":1065,"height":599,"caption":"R\u00edo Negro capacit\u00f3 a m\u00e1s de 3.000 personas en energ\u00edas renovables y miner\u00eda sostenible en 2024"},{"@type":"BreadcrumbList","@id":"https:\/\/patagoniambiental.com.ar\/info\/rio-negro-capacito-a-mas-de-3-000-personas-en-energias-renovables-y-mineria-sostenible-en-2024\/#breadcrumb","itemListElement":[{"@type":"ListItem","position":1,"name":"Inicio","item":"https:\/\/patagoniambiental.com.ar\/info\/"},{"@type":"ListItem","position":2,"name":"R\u00edo Negro capacit\u00f3 a m\u00e1s de 3.000 personas en energ\u00edas renovables y miner\u00eda sostenible en 2024"}]},{"@type":"WebSite","@id":"https:\/\/patagoniambiental.com.ar\/info\/#website","url":"https:\/\/patagoniambiental.com.ar\/info\/","name":"Patagonia Ambiental","description":"Monitoreo y an\u00e1lisis de la situaci\u00f3n geopol\u00edtica en el mundo y su implicancia en la Patagonia","publisher":{"@id":"https:\/\/patagoniambiental.com.ar\/info\/#organization"},"potentialAction":[{"@type":"SearchAction","target":{"@type":"EntryPoint","urlTemplate":"https:\/\/patagoniambiental.com.ar\/info\/?s={search_term_string}"},"query-input":{"@type":"PropertyValueSpecification","valueRequired":true,"valueName":"search_term_string"}}],"inLanguage":"es"},{"@type":"Organization","@id":"https:\/\/patagoniambiental.com.ar\/info\/#organization","name":"Patagonia Ambiental","url":"https:\/\/patagoniambiental.com.ar\/info\/","logo":{"@type":"ImageObject","inLanguage":"es","@id":"https:\/\/patagoniambiental.com.ar\/info\/#\/schema\/logo\/image\/","url":"https:\/\/patagoniambiental.com.ar\/info\/wp-content\/uploads\/2025\/05\/LOGO-PATAGONIA-AMBIENTAL.png","contentUrl":"https:\/\/patagoniambiental.com.ar\/info\/wp-content\/uploads\/2025\/05\/LOGO-PATAGONIA-AMBIENTAL.png","width":433,"height":250,"caption":"Patagonia Ambiental"},"image":{"@id":"https:\/\/patagoniambiental.com.ar\/info\/#\/schema\/logo\/image\/"},"sameAs":["https:\/\/www.facebook.com\/patagonia.ambiental","https:\/\/x.com\/PatAmb"]},{"@type":"Person","@id":"https:\/\/patagoniambiental.com.ar\/info\/#\/schema\/person\/db12bff64bbcbf6a253710bf0ea37b5d","name":"Patagonia Ambiental","description":"Andr\u00e9s Nievas T\u00e9cnico en manejo ambiental, consultor Ambiental y escritor para medios locales e internacionales sobre temas de geopolitica y medio ambiente.","sameAs":["http:\/\/www.patagoniambiental.com.ar","https:\/\/www.facebook.com\/share\/1C1V8Gv9BX\/?mibextid=qi2Omg","@patagoniambiental","https:\/\/youtube.com\/@patagoniaambiental2023?si=BLt58t0wuXquxlYZ"]}]}},"_links":{"self":[{"href":"https:\/\/patagoniambiental.com.ar\/info\/wp-json\/wp\/v2\/posts\/91853","targetHints":{"allow":["GET"]}}],"collection":[{"href":"https:\/\/patagoniambiental.com.ar\/info\/wp-json\/wp\/v2\/posts"}],"about":[{"href":"https:\/\/patagoniambiental.com.ar\/info\/wp-json\/wp\/v2\/types\/post"}],"author":[{"embeddable":true,"href":"https:\/\/patagoniambiental.com.ar\/info\/wp-json\/wp\/v2\/users\/2"}],"replies":[{"embeddable":true,"href":"https:\/\/patagoniambiental.com.ar\/info\/wp-json\/wp\/v2\/comments?post=91853"}],"version-history":[{"count":0,"href":"https:\/\/patagoniambiental.com.ar\/info\/wp-json\/wp\/v2\/posts\/91853\/revisions"}],"wp:featuredmedia":[{"embeddable":true,"href":"https:\/\/patagoniambiental.com.ar\/info\/wp-json\/wp\/v2\/media\/91854"}],"wp:attachment":[{"href":"https:\/\/patagoniambiental.com.ar\/info\/wp-json\/wp\/v2\/media?parent=91853"}],"wp:term":[{"taxonomy":"category","embeddable":true,"href":"https:\/\/patagoniambiental.com.ar\/info\/wp-json\/wp\/v2\/categories?post=91853"},{"taxonomy":"post_tag","embeddable":true,"href":"https:\/\/patagoniambiental.com.ar\/info\/wp-json\/wp\/v2\/tags?post=91853"}],"curies":[{"name":"wp","href":"https:\/\/api.w.org\/{rel}","templated":true}]}}