{"id":91858,"date":"2025-01-05T16:48:00","date_gmt":"2025-01-05T19:48:00","guid":{"rendered":"https:\/\/patagoniambiental.com.ar\/info\/?p=91858"},"modified":"2025-05-04T16:15:40","modified_gmt":"2025-05-04T19:15:40","slug":"neuquen-y-biobio-reforzaran-su-vinculo-economico-a-traves-del-paso-pichachen","status":"publish","type":"post","link":"https:\/\/patagoniambiental.com.ar\/info\/neuquen-y-biobio-reforzaran-su-vinculo-economico-a-traves-del-paso-pichachen\/","title":{"rendered":"Neuqu\u00e9n y Biob\u00edo reforzar\u00e1n su v\u00ednculo econ\u00f3mico a trav\u00e9s del paso Pichach\u00e9n"},"content":{"rendered":"\n<!--more-->\n\n\n\n<p>Neuqu\u00e9n, Provincia de Neuqu\u00e9n, 5 de enero de 2025. El gobernador de Neuqu\u00e9n, Rolando Figueroa, y su par de la regi\u00f3n chilena de Biob\u00edo, Sergio Giacaman, se reunieron este domingo en el paso internacional Pichach\u00e9n, ubicado en la Cordillera de los Andes, para reafirmar la importancia de fortalecer los lazos entre ambas regiones. En este encuentro, Figueroa destac\u00f3 las grandes oportunidades de colaboraci\u00f3n, especialmente en el \u00e1rea energ\u00e9tica, con un enfoque particular en el gas natural, y la importancia de la infraestructura para potenciar el intercambio entre ambos pa\u00edses.<\/p>\n\n\n\n<p>Durante la reuni\u00f3n, Figueroa subray\u00f3 que la relaci\u00f3n entre Neuqu\u00e9n y Biob\u00edo debe ser vista como un modelo de hermandad y cooperaci\u00f3n. \u00abEs esencial que Argentina y Chile crezcan de manera conjunta. Este paso es un s\u00edmbolo de esa uni\u00f3n, y estamos convencidos de que, con el tiempo, adquirir\u00e1 una relevancia a\u00fan mayor\u00bb, expres\u00f3 el gobernador neuquino.<\/p>\n\n\n\n<p>En este contexto, ambos mandatarios acordaron trabajar juntos en la mejora de la infraestructura del paso Pichach\u00e9n. En particular, Figueroa destac\u00f3 que la regi\u00f3n de Biob\u00edo est\u00e1 construyendo una nueva aduana en el paso, lo cual representa una oportunidad \u00fanica para fortalecer los lazos comerciales entre ambos pa\u00edses. \u00abNuestro objetivo es crear una aduana unificada que sirva tanto a Argentina como a Chile, y para ello estamos proyectando obras viales que mejoren la conectividad con el paso fronterizo\u00bb, explic\u00f3 Figueroa. Adem\u00e1s, mencion\u00f3 que se buscar\u00e1 financiamiento a trav\u00e9s del Banco Mundial para llevar a cabo estos proyectos, con el fin de asegurar un acceso m\u00e1s r\u00e1pido y seguro a esta importante v\u00eda de comunicaci\u00f3n internacional.<\/p>\n\n\n\n<p>En cuanto a la energ\u00eda, Figueroa puntualiz\u00f3 que Neuqu\u00e9n tiene la capacidad de proveer gas a Chile y al mundo, gracias al potencial de la formaci\u00f3n de Vaca Muerta. Sin embargo, tambi\u00e9n reconoci\u00f3 que las relaciones de confianza en este \u00e1mbito se han visto afectadas por incumplimientos de contratos en el pasado. \u00abEs necesario reconstruir esos lazos de confianza, y creemos que la situaci\u00f3n actual del gasoducto trasandino, con capacidad ociosa, puede cambiar r\u00e1pidamente gracias al creciente suministro de gas desde Vaca Muerta\u00bb, agreg\u00f3 el gobernador.<\/p>\n\n\n\n<p>Por su parte, el gobernador Sergio Giacaman resalt\u00f3 la importancia de continuar con la relaci\u00f3n hist\u00f3rica entre la provincia de Neuqu\u00e9n y la regi\u00f3n del Biob\u00edo, m\u00e1s all\u00e1 de los acuerdos formales. \u00abEsta reuni\u00f3n no solo se basa en pensar en el futuro, sino tambi\u00e9n en fortalecer los lazos personales y la confianza entre nuestras comunidades\u00bb, expres\u00f3 Giacaman. Asimismo, record\u00f3 la figura del saliente gobernador del Biob\u00edo, Rodrigo D\u00edaz Worner, quien fue un gran aliado en la construcci\u00f3n de estos v\u00ednculos de hermandad.<\/p>\n\n\n\n<h3 class=\"wp-block-heading\" id=\"h-el-paso-pichachen-un-punto-estrategico-para-el-intercambio\">El paso Pichach\u00e9n: un punto estrat\u00e9gico para el intercambio<\/h3>\n\n\n\n<p>El paso Pichach\u00e9n, que conecta Neuqu\u00e9n con la regi\u00f3n chilena del Biob\u00edo, es una de las rutas m\u00e1s importantes para la comunicaci\u00f3n y el comercio entre ambos pa\u00edses. Situado a 2.062 metros sobre el nivel del mar, en el noreste de Neuqu\u00e9n, el paso se encuentra habilitado solo durante la temporada estival, de noviembre a abril, debido a las condiciones clim\u00e1ticas extremas en invierno. Es el \u00fanico paso habilitado para el Corredor Neuqu\u00e9n Norte, que facilita no solo el comercio y el intercambio cultural, sino tambi\u00e9n actividades tur\u00edsticas y deportivas entre las regiones vecinas.<\/p>\n\n\n\n<p>Este paso no solo tiene un valor estrat\u00e9gico para la econom\u00eda de ambas regiones, sino que tambi\u00e9n representa un espacio para el fortalecimiento de los v\u00ednculos de cooperaci\u00f3n y amistad que los gobiernos de Neuqu\u00e9n y Biob\u00edo han cultivado durante a\u00f1os.<\/p>\n\n\n\n<h3 class=\"wp-block-heading\" id=\"h-proyectos-de-futuro-y-desafios\">Proyectos de futuro y desaf\u00edos<\/h3>\n\n\n\n<p>Los pr\u00f3ximos pasos incluyen la mejora de la infraestructura vial en la zona y la creaci\u00f3n de un sistema aduanero m\u00e1s eficiente, lo que permitir\u00e1 agilizar el comercio y las relaciones bilaterales. Adem\u00e1s, la posibilidad de reactivar el gasoducto trasandino con la creciente producci\u00f3n de gas de Vaca Muerta es un factor clave para asegurar el suministro energ\u00e9tico entre Argentina y Chile.<\/p>\n\n\n\n<p>Con este tipo de encuentros y proyectos en marcha, las autoridades de Neuqu\u00e9n y Biob\u00edo buscan no solo fortalecer sus lazos comerciales y energ\u00e9ticos, sino tambi\u00e9n consolidar una relaci\u00f3n de confianza y colaboraci\u00f3n que beneficie a ambas regiones en el largo plazo.<\/p>\n","protected":false},"excerpt":{"rendered":"","protected":false},"author":2,"featured_media":91859,"comment_status":"open","ping_status":"open","sticky":false,"template":"","format":"standard","meta":{"site-sidebar-layout":"default","site-content-layout":"","ast-site-content-layout":"default","site-content-style":"default","site-sidebar-style":"default","ast-global-header-display":"","ast-banner-title-visibility":"","ast-main-header-display":"","ast-hfb-above-header-display":"","ast-hfb-below-header-display":"","ast-hfb-mobile-header-display":"","site-post-title":"","ast-breadcrumbs-content":"","ast-featured-img":"","footer-sml-layout":"","ast-disable-related-posts":"","theme-transparent-header-meta":"","adv-header-id-meta":"","stick-header-meta":"","header-above-stick-meta":"","header-main-stick-meta":"","header-below-stick-meta":"","astra-migrate-meta-layouts":"default","ast-page-background-enabled":"default","ast-page-background-meta":{"desktop":{"background-color":"var(--ast-global-color-5)","background-image":"","background-repeat":"repeat","background-position":"center center","background-size":"auto","background-attachment":"scroll","background-type":"","background-media":"","overlay-type":"","overlay-color":"","overlay-opacity":"","overlay-gradient":""},"tablet":{"background-color":"","background-image":"","background-repeat":"repeat","background-position":"center center","background-size":"auto","background-attachment":"scroll","background-type":"","background-media":"","overlay-type":"","overlay-color":"","overlay-opacity":"","overlay-gradient":""},"mobile":{"background-color":"","background-image":"","background-repeat":"repeat","background-position":"center center","background-size":"auto","background-attachment":"scroll","background-type":"","background-media":"","overlay-type":"","overlay-color":"","overlay-opacity":"","overlay-gradient":""}},"ast-content-background-meta":{"desktop":{"background-color":"var(--ast-global-color-4)","background-image":"","background-repeat":"repeat","background-position":"center center","background-size":"auto","background-attachment":"scroll","background-type":"","background-media":"","overlay-type":"","overlay-color":"","overlay-opacity":"","overlay-gradient":""},"tablet":{"background-color":"var(--ast-global-color-4)","background-image":"","background-repeat":"repeat","background-position":"center center","background-size":"auto","background-attachment":"scroll","background-type":"","background-media":"","overlay-type":"","overlay-color":"","overlay-opacity":"","overlay-gradient":""},"mobile":{"background-color":"var(--ast-global-color-4)","background-image":"","background-repeat":"repeat","background-position":"center center","background-size":"auto","background-attachment":"scroll","background-type":"","background-media":"","overlay-type":"","overlay-color":"","overlay-opacity":"","overlay-gradient":""}},"footnotes":""},"categories":[18,1,13],"tags":[],"class_list":["post-91858","post","type-post","status-publish","format-standard","has-post-thumbnail","hentry","category-neuquen","category-noticias","category-provinciales"],"yoast_head":"<!-- This site is optimized with the Yoast SEO Premium plugin v23.0 (Yoast SEO v27.5) - https:\/\/yoast.com\/product\/yoast-seo-premium-wordpress\/ -->\n<title>Neuqu\u00e9n y Biob\u00edo reforzar\u00e1n su v\u00ednculo econ\u00f3mico a trav\u00e9s del paso Pichach\u00e9n<\/title>\n<meta name=\"description\" content=\"El gobernador de Neuqu\u00e9n, Rolando Figueroa, y su par de la regi\u00f3n chilena de Biob\u00edo, Sergio Giacaman, se reunieron este domingo en el paso internacional Pichach\u00e9n, ubicado en la Cordillera de los Andes, para reafirmar la importancia de fortalecer los lazos entre ambas regiones.\" \/>\n<meta name=\"robots\" content=\"index, follow, max-snippet:-1, max-image-preview:large, max-video-preview:-1\" \/>\n<link rel=\"canonical\" href=\"https:\/\/patagoniambiental.com.ar\/info\/neuquen-y-biobio-reforzaran-su-vinculo-economico-a-traves-del-paso-pichachen\/\" \/>\n<meta property=\"og:locale\" content=\"es_ES\" \/>\n<meta property=\"og:type\" content=\"article\" \/>\n<meta property=\"og:title\" content=\"Neuqu\u00e9n y Biob\u00edo reforzar\u00e1n su v\u00ednculo econ\u00f3mico a trav\u00e9s del paso Pichach\u00e9n\" \/>\n<meta property=\"og:description\" content=\"El gobernador de Neuqu\u00e9n, Rolando Figueroa, y su par de la regi\u00f3n chilena de Biob\u00edo, Sergio Giacaman, se reunieron este domingo en el paso internacional Pichach\u00e9n, ubicado en la Cordillera de los Andes, para reafirmar la importancia de fortalecer los lazos entre ambas regiones.\" \/>\n<meta property=\"og:url\" content=\"https:\/\/patagoniambiental.com.ar\/info\/neuquen-y-biobio-reforzaran-su-vinculo-economico-a-traves-del-paso-pichachen\/\" \/>\n<meta property=\"og:site_name\" content=\"Patagonia Ambiental\" \/>\n<meta property=\"article:publisher\" content=\"https:\/\/www.facebook.com\/patagonia.ambiental\" \/>\n<meta property=\"article:author\" content=\"https:\/\/www.facebook.com\/share\/1C1V8Gv9BX\/?mibextid=qi2Omg\" \/>\n<meta property=\"article:published_time\" content=\"2025-01-05T19:48:00+00:00\" \/>\n<meta property=\"article:modified_time\" content=\"2025-05-04T19:15:40+00:00\" \/>\n<meta property=\"og:image\" content=\"https:\/\/patagoniambiental.com.ar\/info\/wp-content\/uploads\/2025\/01\/xs-27.webp\" \/>\n\t<meta property=\"og:image:width\" content=\"576\" \/>\n\t<meta property=\"og:image:height\" content=\"432\" \/>\n\t<meta property=\"og:image:type\" content=\"image\/webp\" \/>\n<meta name=\"author\" content=\"Patagonia Ambiental\" \/>\n<meta name=\"twitter:card\" content=\"summary_large_image\" \/>\n<meta name=\"twitter:creator\" content=\"@PatAmb\" \/>\n<meta name=\"twitter:site\" content=\"@PatAmb\" \/>\n<script type=\"application\/ld+json\" class=\"yoast-schema-graph\">{\"@context\":\"https:\\\/\\\/schema.org\",\"@graph\":[{\"@type\":\"Article\",\"@id\":\"https:\\\/\\\/patagoniambiental.com.ar\\\/info\\\/neuquen-y-biobio-reforzaran-su-vinculo-economico-a-traves-del-paso-pichachen\\\/#article\",\"isPartOf\":{\"@id\":\"https:\\\/\\\/patagoniambiental.com.ar\\\/info\\\/neuquen-y-biobio-reforzaran-su-vinculo-economico-a-traves-del-paso-pichachen\\\/\"},\"author\":{\"name\":\"Patagonia Ambiental\",\"@id\":\"https:\\\/\\\/patagoniambiental.com.ar\\\/info\\\/#\\\/schema\\\/person\\\/db12bff64bbcbf6a253710bf0ea37b5d\"},\"headline\":\"Neuqu\u00e9n y Biob\u00edo reforzar\u00e1n su v\u00ednculo econ\u00f3mico a trav\u00e9s del paso Pichach\u00e9n\",\"datePublished\":\"2025-01-05T19:48:00+00:00\",\"dateModified\":\"2025-05-04T19:15:40+00:00\",\"mainEntityOfPage\":{\"@id\":\"https:\\\/\\\/patagoniambiental.com.ar\\\/info\\\/neuquen-y-biobio-reforzaran-su-vinculo-economico-a-traves-del-paso-pichachen\\\/\"},\"wordCount\":779,\"commentCount\":0,\"publisher\":{\"@id\":\"https:\\\/\\\/patagoniambiental.com.ar\\\/info\\\/#organization\"},\"image\":{\"@id\":\"https:\\\/\\\/patagoniambiental.com.ar\\\/info\\\/neuquen-y-biobio-reforzaran-su-vinculo-economico-a-traves-del-paso-pichachen\\\/#primaryimage\"},\"thumbnailUrl\":\"https:\\\/\\\/patagoniambiental.com.ar\\\/info\\\/wp-content\\\/uploads\\\/2025\\\/01\\\/xs-27.webp\",\"articleSection\":[\"Neuqu\u00e9n\",\"Noticias\",\"Provinciales\"],\"inLanguage\":\"es\",\"potentialAction\":[{\"@type\":\"CommentAction\",\"name\":\"Comment\",\"target\":[\"https:\\\/\\\/patagoniambiental.com.ar\\\/info\\\/neuquen-y-biobio-reforzaran-su-vinculo-economico-a-traves-del-paso-pichachen\\\/#respond\"]}]},{\"@type\":\"WebPage\",\"@id\":\"https:\\\/\\\/patagoniambiental.com.ar\\\/info\\\/neuquen-y-biobio-reforzaran-su-vinculo-economico-a-traves-del-paso-pichachen\\\/\",\"url\":\"https:\\\/\\\/patagoniambiental.com.ar\\\/info\\\/neuquen-y-biobio-reforzaran-su-vinculo-economico-a-traves-del-paso-pichachen\\\/\",\"name\":\"Neuqu\u00e9n y Biob\u00edo reforzar\u00e1n su v\u00ednculo econ\u00f3mico a trav\u00e9s del paso Pichach\u00e9n\",\"isPartOf\":{\"@id\":\"https:\\\/\\\/patagoniambiental.com.ar\\\/info\\\/#website\"},\"primaryImageOfPage\":{\"@id\":\"https:\\\/\\\/patagoniambiental.com.ar\\\/info\\\/neuquen-y-biobio-reforzaran-su-vinculo-economico-a-traves-del-paso-pichachen\\\/#primaryimage\"},\"image\":{\"@id\":\"https:\\\/\\\/patagoniambiental.com.ar\\\/info\\\/neuquen-y-biobio-reforzaran-su-vinculo-economico-a-traves-del-paso-pichachen\\\/#primaryimage\"},\"thumbnailUrl\":\"https:\\\/\\\/patagoniambiental.com.ar\\\/info\\\/wp-content\\\/uploads\\\/2025\\\/01\\\/xs-27.webp\",\"datePublished\":\"2025-01-05T19:48:00+00:00\",\"dateModified\":\"2025-05-04T19:15:40+00:00\",\"description\":\"El gobernador de Neuqu\u00e9n, Rolando Figueroa, y su par de la regi\u00f3n chilena de Biob\u00edo, Sergio Giacaman, se reunieron este domingo en el paso internacional Pichach\u00e9n, ubicado en la Cordillera de los Andes, para reafirmar la importancia de fortalecer los lazos entre ambas regiones.\",\"breadcrumb\":{\"@id\":\"https:\\\/\\\/patagoniambiental.com.ar\\\/info\\\/neuquen-y-biobio-reforzaran-su-vinculo-economico-a-traves-del-paso-pichachen\\\/#breadcrumb\"},\"inLanguage\":\"es\",\"potentialAction\":[{\"@type\":\"ReadAction\",\"target\":[\"https:\\\/\\\/patagoniambiental.com.ar\\\/info\\\/neuquen-y-biobio-reforzaran-su-vinculo-economico-a-traves-del-paso-pichachen\\\/\"]}]},{\"@type\":\"ImageObject\",\"inLanguage\":\"es\",\"@id\":\"https:\\\/\\\/patagoniambiental.com.ar\\\/info\\\/neuquen-y-biobio-reforzaran-su-vinculo-economico-a-traves-del-paso-pichachen\\\/#primaryimage\",\"url\":\"https:\\\/\\\/patagoniambiental.com.ar\\\/info\\\/wp-content\\\/uploads\\\/2025\\\/01\\\/xs-27.webp\",\"contentUrl\":\"https:\\\/\\\/patagoniambiental.com.ar\\\/info\\\/wp-content\\\/uploads\\\/2025\\\/01\\\/xs-27.webp\",\"width\":576,\"height\":432,\"caption\":\"Neuqu\u00e9n y Biob\u00edo reforzar\u00e1n su v\u00ednculo econ\u00f3mico a trav\u00e9s del paso Pichach\u00e9n\"},{\"@type\":\"BreadcrumbList\",\"@id\":\"https:\\\/\\\/patagoniambiental.com.ar\\\/info\\\/neuquen-y-biobio-reforzaran-su-vinculo-economico-a-traves-del-paso-pichachen\\\/#breadcrumb\",\"itemListElement\":[{\"@type\":\"ListItem\",\"position\":1,\"name\":\"Inicio\",\"item\":\"https:\\\/\\\/patagoniambiental.com.ar\\\/info\\\/\"},{\"@type\":\"ListItem\",\"position\":2,\"name\":\"Neuqu\u00e9n y Biob\u00edo reforzar\u00e1n su v\u00ednculo econ\u00f3mico a trav\u00e9s del paso Pichach\u00e9n\"}]},{\"@type\":\"WebSite\",\"@id\":\"https:\\\/\\\/patagoniambiental.com.ar\\\/info\\\/#website\",\"url\":\"https:\\\/\\\/patagoniambiental.com.ar\\\/info\\\/\",\"name\":\"Patagonia Ambiental\",\"description\":\"Monitoreo y an\u00e1lisis de la situaci\u00f3n geopol\u00edtica en el mundo y su implicancia en la Patagonia\",\"publisher\":{\"@id\":\"https:\\\/\\\/patagoniambiental.com.ar\\\/info\\\/#organization\"},\"potentialAction\":[{\"@type\":\"SearchAction\",\"target\":{\"@type\":\"EntryPoint\",\"urlTemplate\":\"https:\\\/\\\/patagoniambiental.com.ar\\\/info\\\/?s={search_term_string}\"},\"query-input\":{\"@type\":\"PropertyValueSpecification\",\"valueRequired\":true,\"valueName\":\"search_term_string\"}}],\"inLanguage\":\"es\"},{\"@type\":\"Organization\",\"@id\":\"https:\\\/\\\/patagoniambiental.com.ar\\\/info\\\/#organization\",\"name\":\"Patagonia Ambiental\",\"url\":\"https:\\\/\\\/patagoniambiental.com.ar\\\/info\\\/\",\"logo\":{\"@type\":\"ImageObject\",\"inLanguage\":\"es\",\"@id\":\"https:\\\/\\\/patagoniambiental.com.ar\\\/info\\\/#\\\/schema\\\/logo\\\/image\\\/\",\"url\":\"https:\\\/\\\/patagoniambiental.com.ar\\\/info\\\/wp-content\\\/uploads\\\/2025\\\/05\\\/LOGO-PATAGONIA-AMBIENTAL.png\",\"contentUrl\":\"https:\\\/\\\/patagoniambiental.com.ar\\\/info\\\/wp-content\\\/uploads\\\/2025\\\/05\\\/LOGO-PATAGONIA-AMBIENTAL.png\",\"width\":433,\"height\":250,\"caption\":\"Patagonia Ambiental\"},\"image\":{\"@id\":\"https:\\\/\\\/patagoniambiental.com.ar\\\/info\\\/#\\\/schema\\\/logo\\\/image\\\/\"},\"sameAs\":[\"https:\\\/\\\/www.facebook.com\\\/patagonia.ambiental\",\"https:\\\/\\\/x.com\\\/PatAmb\"]},{\"@type\":\"Person\",\"@id\":\"https:\\\/\\\/patagoniambiental.com.ar\\\/info\\\/#\\\/schema\\\/person\\\/db12bff64bbcbf6a253710bf0ea37b5d\",\"name\":\"Patagonia Ambiental\",\"description\":\"Andr\u00e9s Nievas T\u00e9cnico en manejo ambiental, consultor Ambiental y escritor para medios locales e internacionales sobre temas de geopolitica y medio ambiente.\",\"sameAs\":[\"http:\\\/\\\/www.patagoniambiental.com.ar\",\"https:\\\/\\\/www.facebook.com\\\/share\\\/1C1V8Gv9BX\\\/?mibextid=qi2Omg\",\"@patagoniambiental\",\"https:\\\/\\\/youtube.com\\\/@patagoniaambiental2023?si=BLt58t0wuXquxlYZ\"]}]}<\/script>\n<!-- \/ Yoast SEO Premium plugin. -->","yoast_head_json":{"title":"Neuqu\u00e9n y Biob\u00edo reforzar\u00e1n su v\u00ednculo econ\u00f3mico a trav\u00e9s del paso Pichach\u00e9n","description":"El gobernador de Neuqu\u00e9n, Rolando Figueroa, y su par de la regi\u00f3n chilena de Biob\u00edo, Sergio Giacaman, se reunieron este domingo en el paso internacional Pichach\u00e9n, ubicado en la Cordillera de los Andes, para reafirmar la importancia de fortalecer los lazos entre ambas regiones.","robots":{"index":"index","follow":"follow","max-snippet":"max-snippet:-1","max-image-preview":"max-image-preview:large","max-video-preview":"max-video-preview:-1"},"canonical":"https:\/\/patagoniambiental.com.ar\/info\/neuquen-y-biobio-reforzaran-su-vinculo-economico-a-traves-del-paso-pichachen\/","og_locale":"es_ES","og_type":"article","og_title":"Neuqu\u00e9n y Biob\u00edo reforzar\u00e1n su v\u00ednculo econ\u00f3mico a trav\u00e9s del paso Pichach\u00e9n","og_description":"El gobernador de Neuqu\u00e9n, Rolando Figueroa, y su par de la regi\u00f3n chilena de Biob\u00edo, Sergio Giacaman, se reunieron este domingo en el paso internacional Pichach\u00e9n, ubicado en la Cordillera de los Andes, para reafirmar la importancia de fortalecer los lazos entre ambas regiones.","og_url":"https:\/\/patagoniambiental.com.ar\/info\/neuquen-y-biobio-reforzaran-su-vinculo-economico-a-traves-del-paso-pichachen\/","og_site_name":"Patagonia Ambiental","article_publisher":"https:\/\/www.facebook.com\/patagonia.ambiental","article_author":"https:\/\/www.facebook.com\/share\/1C1V8Gv9BX\/?mibextid=qi2Omg","article_published_time":"2025-01-05T19:48:00+00:00","article_modified_time":"2025-05-04T19:15:40+00:00","og_image":[{"width":576,"height":432,"url":"https:\/\/patagoniambiental.com.ar\/info\/wp-content\/uploads\/2025\/01\/xs-27.webp","type":"image\/webp"}],"author":"Patagonia Ambiental","twitter_card":"summary_large_image","twitter_creator":"@PatAmb","twitter_site":"@PatAmb","schema":{"@context":"https:\/\/schema.org","@graph":[{"@type":"Article","@id":"https:\/\/patagoniambiental.com.ar\/info\/neuquen-y-biobio-reforzaran-su-vinculo-economico-a-traves-del-paso-pichachen\/#article","isPartOf":{"@id":"https:\/\/patagoniambiental.com.ar\/info\/neuquen-y-biobio-reforzaran-su-vinculo-economico-a-traves-del-paso-pichachen\/"},"author":{"name":"Patagonia Ambiental","@id":"https:\/\/patagoniambiental.com.ar\/info\/#\/schema\/person\/db12bff64bbcbf6a253710bf0ea37b5d"},"headline":"Neuqu\u00e9n y Biob\u00edo reforzar\u00e1n su v\u00ednculo econ\u00f3mico a trav\u00e9s del paso Pichach\u00e9n","datePublished":"2025-01-05T19:48:00+00:00","dateModified":"2025-05-04T19:15:40+00:00","mainEntityOfPage":{"@id":"https:\/\/patagoniambiental.com.ar\/info\/neuquen-y-biobio-reforzaran-su-vinculo-economico-a-traves-del-paso-pichachen\/"},"wordCount":779,"commentCount":0,"publisher":{"@id":"https:\/\/patagoniambiental.com.ar\/info\/#organization"},"image":{"@id":"https:\/\/patagoniambiental.com.ar\/info\/neuquen-y-biobio-reforzaran-su-vinculo-economico-a-traves-del-paso-pichachen\/#primaryimage"},"thumbnailUrl":"https:\/\/patagoniambiental.com.ar\/info\/wp-content\/uploads\/2025\/01\/xs-27.webp","articleSection":["Neuqu\u00e9n","Noticias","Provinciales"],"inLanguage":"es","potentialAction":[{"@type":"CommentAction","name":"Comment","target":["https:\/\/patagoniambiental.com.ar\/info\/neuquen-y-biobio-reforzaran-su-vinculo-economico-a-traves-del-paso-pichachen\/#respond"]}]},{"@type":"WebPage","@id":"https:\/\/patagoniambiental.com.ar\/info\/neuquen-y-biobio-reforzaran-su-vinculo-economico-a-traves-del-paso-pichachen\/","url":"https:\/\/patagoniambiental.com.ar\/info\/neuquen-y-biobio-reforzaran-su-vinculo-economico-a-traves-del-paso-pichachen\/","name":"Neuqu\u00e9n y Biob\u00edo reforzar\u00e1n su v\u00ednculo econ\u00f3mico a trav\u00e9s del paso Pichach\u00e9n","isPartOf":{"@id":"https:\/\/patagoniambiental.com.ar\/info\/#website"},"primaryImageOfPage":{"@id":"https:\/\/patagoniambiental.com.ar\/info\/neuquen-y-biobio-reforzaran-su-vinculo-economico-a-traves-del-paso-pichachen\/#primaryimage"},"image":{"@id":"https:\/\/patagoniambiental.com.ar\/info\/neuquen-y-biobio-reforzaran-su-vinculo-economico-a-traves-del-paso-pichachen\/#primaryimage"},"thumbnailUrl":"https:\/\/patagoniambiental.com.ar\/info\/wp-content\/uploads\/2025\/01\/xs-27.webp","datePublished":"2025-01-05T19:48:00+00:00","dateModified":"2025-05-04T19:15:40+00:00","description":"El gobernador de Neuqu\u00e9n, Rolando Figueroa, y su par de la regi\u00f3n chilena de Biob\u00edo, Sergio Giacaman, se reunieron este domingo en el paso internacional Pichach\u00e9n, ubicado en la Cordillera de los Andes, para reafirmar la importancia de fortalecer los lazos entre ambas regiones.","breadcrumb":{"@id":"https:\/\/patagoniambiental.com.ar\/info\/neuquen-y-biobio-reforzaran-su-vinculo-economico-a-traves-del-paso-pichachen\/#breadcrumb"},"inLanguage":"es","potentialAction":[{"@type":"ReadAction","target":["https:\/\/patagoniambiental.com.ar\/info\/neuquen-y-biobio-reforzaran-su-vinculo-economico-a-traves-del-paso-pichachen\/"]}]},{"@type":"ImageObject","inLanguage":"es","@id":"https:\/\/patagoniambiental.com.ar\/info\/neuquen-y-biobio-reforzaran-su-vinculo-economico-a-traves-del-paso-pichachen\/#primaryimage","url":"https:\/\/patagoniambiental.com.ar\/info\/wp-content\/uploads\/2025\/01\/xs-27.webp","contentUrl":"https:\/\/patagoniambiental.com.ar\/info\/wp-content\/uploads\/2025\/01\/xs-27.webp","width":576,"height":432,"caption":"Neuqu\u00e9n y Biob\u00edo reforzar\u00e1n su v\u00ednculo econ\u00f3mico a trav\u00e9s del paso Pichach\u00e9n"},{"@type":"BreadcrumbList","@id":"https:\/\/patagoniambiental.com.ar\/info\/neuquen-y-biobio-reforzaran-su-vinculo-economico-a-traves-del-paso-pichachen\/#breadcrumb","itemListElement":[{"@type":"ListItem","position":1,"name":"Inicio","item":"https:\/\/patagoniambiental.com.ar\/info\/"},{"@type":"ListItem","position":2,"name":"Neuqu\u00e9n y Biob\u00edo reforzar\u00e1n su v\u00ednculo econ\u00f3mico a trav\u00e9s del paso Pichach\u00e9n"}]},{"@type":"WebSite","@id":"https:\/\/patagoniambiental.com.ar\/info\/#website","url":"https:\/\/patagoniambiental.com.ar\/info\/","name":"Patagonia Ambiental","description":"Monitoreo y an\u00e1lisis de la situaci\u00f3n geopol\u00edtica en el mundo y su implicancia en la Patagonia","publisher":{"@id":"https:\/\/patagoniambiental.com.ar\/info\/#organization"},"potentialAction":[{"@type":"SearchAction","target":{"@type":"EntryPoint","urlTemplate":"https:\/\/patagoniambiental.com.ar\/info\/?s={search_term_string}"},"query-input":{"@type":"PropertyValueSpecification","valueRequired":true,"valueName":"search_term_string"}}],"inLanguage":"es"},{"@type":"Organization","@id":"https:\/\/patagoniambiental.com.ar\/info\/#organization","name":"Patagonia Ambiental","url":"https:\/\/patagoniambiental.com.ar\/info\/","logo":{"@type":"ImageObject","inLanguage":"es","@id":"https:\/\/patagoniambiental.com.ar\/info\/#\/schema\/logo\/image\/","url":"https:\/\/patagoniambiental.com.ar\/info\/wp-content\/uploads\/2025\/05\/LOGO-PATAGONIA-AMBIENTAL.png","contentUrl":"https:\/\/patagoniambiental.com.ar\/info\/wp-content\/uploads\/2025\/05\/LOGO-PATAGONIA-AMBIENTAL.png","width":433,"height":250,"caption":"Patagonia Ambiental"},"image":{"@id":"https:\/\/patagoniambiental.com.ar\/info\/#\/schema\/logo\/image\/"},"sameAs":["https:\/\/www.facebook.com\/patagonia.ambiental","https:\/\/x.com\/PatAmb"]},{"@type":"Person","@id":"https:\/\/patagoniambiental.com.ar\/info\/#\/schema\/person\/db12bff64bbcbf6a253710bf0ea37b5d","name":"Patagonia Ambiental","description":"Andr\u00e9s Nievas T\u00e9cnico en manejo ambiental, consultor Ambiental y escritor para medios locales e internacionales sobre temas de geopolitica y medio ambiente.","sameAs":["http:\/\/www.patagoniambiental.com.ar","https:\/\/www.facebook.com\/share\/1C1V8Gv9BX\/?mibextid=qi2Omg","@patagoniambiental","https:\/\/youtube.com\/@patagoniaambiental2023?si=BLt58t0wuXquxlYZ"]}]}},"_links":{"self":[{"href":"https:\/\/patagoniambiental.com.ar\/info\/wp-json\/wp\/v2\/posts\/91858","targetHints":{"allow":["GET"]}}],"collection":[{"href":"https:\/\/patagoniambiental.com.ar\/info\/wp-json\/wp\/v2\/posts"}],"about":[{"href":"https:\/\/patagoniambiental.com.ar\/info\/wp-json\/wp\/v2\/types\/post"}],"author":[{"embeddable":true,"href":"https:\/\/patagoniambiental.com.ar\/info\/wp-json\/wp\/v2\/users\/2"}],"replies":[{"embeddable":true,"href":"https:\/\/patagoniambiental.com.ar\/info\/wp-json\/wp\/v2\/comments?post=91858"}],"version-history":[{"count":0,"href":"https:\/\/patagoniambiental.com.ar\/info\/wp-json\/wp\/v2\/posts\/91858\/revisions"}],"wp:featuredmedia":[{"embeddable":true,"href":"https:\/\/patagoniambiental.com.ar\/info\/wp-json\/wp\/v2\/media\/91859"}],"wp:attachment":[{"href":"https:\/\/patagoniambiental.com.ar\/info\/wp-json\/wp\/v2\/media?parent=91858"}],"wp:term":[{"taxonomy":"category","embeddable":true,"href":"https:\/\/patagoniambiental.com.ar\/info\/wp-json\/wp\/v2\/categories?post=91858"},{"taxonomy":"post_tag","embeddable":true,"href":"https:\/\/patagoniambiental.com.ar\/info\/wp-json\/wp\/v2\/tags?post=91858"}],"curies":[{"name":"wp","href":"https:\/\/api.w.org\/{rel}","templated":true}]}}