{"id":91861,"date":"2025-01-06T09:05:00","date_gmt":"2025-01-06T12:05:00","guid":{"rendered":"https:\/\/patagoniambiental.com.ar\/info\/?p=91861"},"modified":"2025-05-04T16:15:39","modified_gmt":"2025-05-04T19:15:39","slug":"consejos-practicos-para-ahorrar-energia-durante-la-ola-de-calor-en-rio-negro","status":"publish","type":"post","link":"https:\/\/patagoniambiental.com.ar\/info\/consejos-practicos-para-ahorrar-energia-durante-la-ola-de-calor-en-rio-negro\/","title":{"rendered":"Consejos pr\u00e1cticos para ahorrar energ\u00eda durante la ola de calor en R\u00edo Negro"},"content":{"rendered":"\n<!--more-->\n\n\n\n<p>Viedma, Provincia de R\u00edo Negro, Argentina, 6 de enero de 2025. Ante el notable aumento de las temperaturas en la provincia, que podr\u00edan superar los 35\u00b0C hasta finales de esta semana, la <a href=\"http:\/\/ambiente.rionegro.gov.ar\">Secretar\u00eda de Energ\u00eda y Ambiente de R\u00edo Negro<\/a> insta a la poblaci\u00f3n a adoptar h\u00e1bitos responsables en el uso de la energ\u00eda el\u00e9ctrica. Esta ola de calor, que provoca un incremento en la demanda de energ\u00eda debido al uso de aires acondicionados y otros aparatos de refrigeraci\u00f3n, pone en riesgo la estabilidad del sistema de distribuci\u00f3n, lo que podr\u00eda afectar la calidad del suministro el\u00e9ctrico.<\/p>\n\n\n\n<figure class=\"wp-block-image size-full is-resized\"><img fetchpriority=\"high\" decoding=\"async\" width=\"225\" height=\"225\" src=\"https:\/\/patagoniambiental.com.ar\/info\/wp-content\/uploads\/2025\/01\/1000100551.jpg\" alt=\"\" class=\"wp-image-91863\" style=\"width:409px;height:auto\"\/><\/figure>\n\n\n\n<p><a href=\"https:\/\/patagoniambiental.com.ar\/info\/catriel-protagonista-del-programa-de-uso-racional-y-eficiente-de-la-energia\/\">Leer m\u00e1s: Catriel protagonista del Programa de Uso Racional y Eficiente de la Energ\u00eda<br><\/a><\/p>\n\n\n\n<p>El consumo excesivo de electricidad no solo impacta en el medio ambiente, sino que tambi\u00e9n puede generar un aumento significativo en las facturas del hogar. Por ello, es fundamental que los ciudadanos implementen medidas sencillas para reducir su consumo energ\u00e9tico sin afectar su comodidad.<\/p>\n\n\n\n<figure class=\"wp-block-embed is-type-video is-provider-youtube wp-block-embed-youtube wp-embed-aspect-16-9 wp-has-aspect-ratio\"><div class=\"wp-block-embed__wrapper\">\n<iframe title=\"R\u00edo Negro promueve la eficiencia energ\u00e9tica en las escuelas\" width=\"500\" height=\"281\" src=\"https:\/\/www.youtube.com\/embed\/4jBGXOc_r3M?feature=oembed\" frameborder=\"0\" allow=\"accelerometer; autoplay; clipboard-write; encrypted-media; gyroscope; picture-in-picture; web-share\" referrerpolicy=\"strict-origin-when-cross-origin\" allowfullscreen><\/iframe>\n<\/div><\/figure>\n\n\n\n<p>Con peque\u00f1os ajustes, es posible reducir hasta un 30% el consumo el\u00e9ctrico, aliviando tanto la presi\u00f3n sobre el sistema de distribuci\u00f3n como el bolsillo familiar.<\/p>\n\n\n\n<h2 class=\"wp-block-heading\" id=\"h-recomendaciones-para-un-uso-eficiente-de-la-energia\">Recomendaciones para un uso eficiente de la energ\u00eda:<\/h2>\n\n\n\n<h2 class=\"wp-block-heading\" id=\"h-ajustar-la-temperatura-del-aire-acondicionado\">Ajustar la temperatura del aire acondicionado<\/h2>\n\n\n\n<p><br>Se recomienda regular el termostato del aire acondicionado entre 24\u00b0C y 26\u00b0C. Cada grado por debajo de este rango puede generar un aumento del 8% en el consumo. Adem\u00e1s, es importante apagar el aire acondicionado en habitaciones vac\u00edas y usar ventiladores para distribuir el aire fr\u00edo de manera m\u00e1s eficiente.<\/p>\n\n\n\n<figure class=\"wp-block-image size-full\"><img decoding=\"async\" width=\"1200\" height=\"557\" src=\"https:\/\/patagoniambiental.com.ar\/info\/wp-content\/uploads\/2025\/01\/1000100552.jpg\" alt=\"\" class=\"wp-image-91864\"\/><\/figure>\n\n\n\n<p><a href=\"https:\/\/patagoniambiental.com.ar\/info\/en-el-dia-de-ayer-se-llevo-a-cabo-la-primera-reunion-del-equipo-de-implementacion-del-programa-de-uso-eficiente-y-racional-de-la-energia-prouree-en-la-provincia-de-rionegro\/\">Leer m\u00e1s: En el d\u00eda de ayer se llev\u00f3 a cabo la primera reuni\u00f3n del Equipo de Implementaci\u00f3n del Programa de Uso Eficiente y Racional de la Energ\u00eda (#PROUREE) en la Provincia de\u00a0#R\u00edoNegro.<br><\/a><\/p>\n\n\n\n<h2 class=\"wp-block-heading\" id=\"h-aprovechar-la-luz-natural-y-optar-por-iluminacion-led\">Aprovechar la luz natural y optar por iluminaci\u00f3n LED<\/h2>\n\n\n\n<p><br>Durante el d\u00eda, la luz natural es una excelente fuente de iluminaci\u00f3n gratuita. Abre cortinas y persianas para aprovecharla al m\u00e1ximo. Tambi\u00e9n es recomendable cambiar las bombillas incandescentes por LED, que consumen hasta un 80% menos energ\u00eda y tienen una vida \u00fatil mucho mayor.<\/p>\n\n\n\n<h2 class=\"wp-block-heading\" id=\"h-desconectar-electrodomesticos-en-desuso\">Desconectar electrodom\u00e9sticos en desuso<\/h2>\n\n\n\n<p><br>Muchos electrodom\u00e9sticos siguen consumiendo energ\u00eda aunque est\u00e9n apagados, esto se conoce como consumo \u00abvampiro\u00bb. Desenchufar dispositivos como televisores, microondas, y cargadores cuando no est\u00e9n en uso puede representar hasta un 10% de ahorro en la factura el\u00e9ctrica.<\/p>\n\n\n\n<p><a href=\"https:\/\/patagoniambiental.com.ar\/info\/neuquen-convocan-a-empresas-a-seminario-sobre-uso-eficiente-de-la-energia\/\">Leer m\u00e1s:<\/a> Neuqu\u00e9n: Convocan a empresas a seminario sobre Uso eficiente de la energ\u00eda<br><\/p>\n\n\n\n<h2 class=\"wp-block-heading\" id=\"h-evitar-el-uso-simultaneo-de-equipos-de-alto-consumo\">Evitar el uso simult\u00e1neo de equipos de alto consumo<\/h2>\n\n\n\n<figure class=\"wp-block-image size-full\"><img decoding=\"async\" width=\"869\" height=\"489\" src=\"https:\/\/patagoniambiental.com.ar\/info\/wp-content\/uploads\/2025\/01\/1000100550.jpg\" alt=\"\" class=\"wp-image-91865\"\/><\/figure>\n\n\n\n<p><br>Evitar usar varios aparatos de alto consumo energ\u00e9tico al mismo tiempo, como planchas o lavarropas, ayuda no solo a reducir el consumo, sino tambi\u00e9n a prevenir sobrecargas en el sistema el\u00e9ctrico del hogar.<\/p>\n\n\n\n<p>Realizar tareas dom\u00e9sticas en horarios de baja demanda<br>La demanda de energ\u00eda suele ser m\u00e1s baja por la ma\u00f1ana temprano o despu\u00e9s de las 22 horas. Programar actividades como el lavado de ropa o el uso de la plancha durante estas horas contribuye a disminuir el impacto en el sistema energ\u00e9tico.<\/p>\n\n\n\n<p><a href=\"https:\/\/patagoniambiental.com.ar\/info\/neuquen-convocan-a-empresas-a-seminario-sobre-uso-eficiente-de-la-energia\/\">Beneficios de un consumo responsable<\/a><\/p>\n\n\n\n<p>El uso eficiente de la energ\u00eda no solo favorece al medio ambiente, sino que tambi\u00e9n ofrece beneficios econ\u00f3micos a los hogares, que pueden ver una disminuci\u00f3n en sus facturas el\u00e9ctricas. Adem\u00e1s, al reducir la demanda de energ\u00eda, se ayuda a evitar posibles cortes de suministro o baja calidad en el servicio, lo que beneficia a toda la comunidad.<\/p>\n\n\n\n<figure class=\"wp-block-embed is-type-video is-provider-youtube wp-block-embed-youtube wp-embed-aspect-16-9 wp-has-aspect-ratio\"><div class=\"wp-block-embed__wrapper\">\n<iframe title=\"Los tres modelos de viviendas del IPPV con alto ahorro energ\u00e9tico\" width=\"500\" height=\"281\" src=\"https:\/\/www.youtube.com\/embed\/sSfNcRS5FgM?feature=oembed\" frameborder=\"0\" allow=\"accelerometer; autoplay; clipboard-write; encrypted-media; gyroscope; picture-in-picture; web-share\" referrerpolicy=\"strict-origin-when-cross-origin\" allowfullscreen><\/iframe>\n<\/div><\/figure>\n\n\n\n<p>Es momento de que todos los ciudadanos de R\u00edo Negro se sumen a este esfuerzo colectivo por cuidar la energ\u00eda y garantizar que durante esta ola de calor, todos puedan disfrutar de un servicio el\u00e9ctrico estable y accesible.<\/p>\n","protected":false},"excerpt":{"rendered":"","protected":false},"author":2,"featured_media":91862,"comment_status":"open","ping_status":"open","sticky":false,"template":"","format":"standard","meta":{"site-sidebar-layout":"default","site-content-layout":"","ast-site-content-layout":"default","site-content-style":"default","site-sidebar-style":"default","ast-global-header-display":"","ast-banner-title-visibility":"","ast-main-header-display":"","ast-hfb-above-header-display":"","ast-hfb-below-header-display":"","ast-hfb-mobile-header-display":"","site-post-title":"","ast-breadcrumbs-content":"","ast-featured-img":"","footer-sml-layout":"","ast-disable-related-posts":"","theme-transparent-header-meta":"","adv-header-id-meta":"","stick-header-meta":"","header-above-stick-meta":"","header-main-stick-meta":"","header-below-stick-meta":"","astra-migrate-meta-layouts":"default","ast-page-background-enabled":"default","ast-page-background-meta":{"desktop":{"background-color":"var(--ast-global-color-5)","background-image":"","background-repeat":"repeat","background-position":"center center","background-size":"auto","background-attachment":"scroll","background-type":"","background-media":"","overlay-type":"","overlay-color":"","overlay-opacity":"","overlay-gradient":""},"tablet":{"background-color":"","background-image":"","background-repeat":"repeat","background-position":"center center","background-size":"auto","background-attachment":"scroll","background-type":"","background-media":"","overlay-type":"","overlay-color":"","overlay-opacity":"","overlay-gradient":""},"mobile":{"background-color":"","background-image":"","background-repeat":"repeat","background-position":"center center","background-size":"auto","background-attachment":"scroll","background-type":"","background-media":"","overlay-type":"","overlay-color":"","overlay-opacity":"","overlay-gradient":""}},"ast-content-background-meta":{"desktop":{"background-color":"var(--ast-global-color-4)","background-image":"","background-repeat":"repeat","background-position":"center center","background-size":"auto","background-attachment":"scroll","background-type":"","background-media":"","overlay-type":"","overlay-color":"","overlay-opacity":"","overlay-gradient":""},"tablet":{"background-color":"var(--ast-global-color-4)","background-image":"","background-repeat":"repeat","background-position":"center center","background-size":"auto","background-attachment":"scroll","background-type":"","background-media":"","overlay-type":"","overlay-color":"","overlay-opacity":"","overlay-gradient":""},"mobile":{"background-color":"var(--ast-global-color-4)","background-image":"","background-repeat":"repeat","background-position":"center center","background-size":"auto","background-attachment":"scroll","background-type":"","background-media":"","overlay-type":"","overlay-color":"","overlay-opacity":"","overlay-gradient":""}},"footnotes":""},"categories":[1,13,14],"tags":[],"class_list":["post-91861","post","type-post","status-publish","format-standard","has-post-thumbnail","hentry","category-noticias","category-provinciales","category-rio-negro"],"yoast_head":"<!-- This site is optimized with the Yoast SEO Premium plugin v23.0 (Yoast SEO v27.5) - https:\/\/yoast.com\/product\/yoast-seo-premium-wordpress\/ -->\n<title>Consejos pr\u00e1cticos para ahorrar energ\u00eda durante la ola de calor en R\u00edo Negro<\/title>\n<meta name=\"description\" content=\"Ante el notable aumento de las temperaturas en la provincia, que podr\u00edan superar los 35\u00b0C hasta finales de esta semana, la Secretar\u00eda de Energ\u00eda y Ambiente de R\u00edo Negro insta a la poblaci\u00f3n a adoptar h\u00e1bitos responsables en el uso de la energ\u00eda el\u00e9ctrica.\" \/>\n<meta name=\"robots\" content=\"index, follow, max-snippet:-1, max-image-preview:large, max-video-preview:-1\" \/>\n<link rel=\"canonical\" href=\"https:\/\/patagoniambiental.com.ar\/info\/consejos-practicos-para-ahorrar-energia-durante-la-ola-de-calor-en-rio-negro\/\" \/>\n<meta property=\"og:locale\" content=\"es_ES\" \/>\n<meta property=\"og:type\" content=\"article\" \/>\n<meta property=\"og:title\" content=\"Consejos pr\u00e1cticos para ahorrar energ\u00eda durante la ola de calor en R\u00edo Negro\" \/>\n<meta property=\"og:description\" content=\"Ante el notable aumento de las temperaturas en la provincia, que podr\u00edan superar los 35\u00b0C hasta finales de esta semana, la Secretar\u00eda de Energ\u00eda y Ambiente de R\u00edo Negro insta a la poblaci\u00f3n a adoptar h\u00e1bitos responsables en el uso de la energ\u00eda el\u00e9ctrica.\" \/>\n<meta property=\"og:url\" content=\"https:\/\/patagoniambiental.com.ar\/info\/consejos-practicos-para-ahorrar-energia-durante-la-ola-de-calor-en-rio-negro\/\" \/>\n<meta property=\"og:site_name\" content=\"Patagonia Ambiental\" \/>\n<meta property=\"article:publisher\" content=\"https:\/\/www.facebook.com\/patagonia.ambiental\" \/>\n<meta property=\"article:author\" content=\"https:\/\/www.facebook.com\/share\/1C1V8Gv9BX\/?mibextid=qi2Omg\" \/>\n<meta property=\"article:published_time\" content=\"2025-01-06T12:05:00+00:00\" \/>\n<meta property=\"article:modified_time\" content=\"2025-05-04T19:15:39+00:00\" \/>\n<meta property=\"og:image\" content=\"https:\/\/patagoniambiental.com.ar\/info\/wp-content\/uploads\/2025\/01\/1736184877-22578f317042a0581042.jpeg\" \/>\n\t<meta property=\"og:image:width\" content=\"1080\" \/>\n\t<meta property=\"og:image:height\" content=\"607\" \/>\n\t<meta property=\"og:image:type\" content=\"image\/jpeg\" \/>\n<meta name=\"author\" content=\"Patagonia Ambiental\" \/>\n<meta name=\"twitter:card\" content=\"summary_large_image\" \/>\n<meta name=\"twitter:creator\" content=\"@PatAmb\" \/>\n<meta name=\"twitter:site\" content=\"@PatAmb\" \/>\n<script type=\"application\/ld+json\" class=\"yoast-schema-graph\">{\"@context\":\"https:\\\/\\\/schema.org\",\"@graph\":[{\"@type\":\"Article\",\"@id\":\"https:\\\/\\\/patagoniambiental.com.ar\\\/info\\\/consejos-practicos-para-ahorrar-energia-durante-la-ola-de-calor-en-rio-negro\\\/#article\",\"isPartOf\":{\"@id\":\"https:\\\/\\\/patagoniambiental.com.ar\\\/info\\\/consejos-practicos-para-ahorrar-energia-durante-la-ola-de-calor-en-rio-negro\\\/\"},\"author\":{\"name\":\"Patagonia Ambiental\",\"@id\":\"https:\\\/\\\/patagoniambiental.com.ar\\\/info\\\/#\\\/schema\\\/person\\\/db12bff64bbcbf6a253710bf0ea37b5d\"},\"headline\":\"Consejos pr\u00e1cticos para ahorrar energ\u00eda durante la ola de calor en R\u00edo Negro\",\"datePublished\":\"2025-01-06T12:05:00+00:00\",\"dateModified\":\"2025-05-04T19:15:39+00:00\",\"mainEntityOfPage\":{\"@id\":\"https:\\\/\\\/patagoniambiental.com.ar\\\/info\\\/consejos-practicos-para-ahorrar-energia-durante-la-ola-de-calor-en-rio-negro\\\/\"},\"wordCount\":675,\"commentCount\":0,\"publisher\":{\"@id\":\"https:\\\/\\\/patagoniambiental.com.ar\\\/info\\\/#organization\"},\"image\":{\"@id\":\"https:\\\/\\\/patagoniambiental.com.ar\\\/info\\\/consejos-practicos-para-ahorrar-energia-durante-la-ola-de-calor-en-rio-negro\\\/#primaryimage\"},\"thumbnailUrl\":\"https:\\\/\\\/patagoniambiental.com.ar\\\/info\\\/wp-content\\\/uploads\\\/2025\\\/01\\\/1736184877-22578f317042a0581042.jpeg\",\"articleSection\":[\"Noticias\",\"Provinciales\",\"R\u00edo Negro\"],\"inLanguage\":\"es\",\"potentialAction\":[{\"@type\":\"CommentAction\",\"name\":\"Comment\",\"target\":[\"https:\\\/\\\/patagoniambiental.com.ar\\\/info\\\/consejos-practicos-para-ahorrar-energia-durante-la-ola-de-calor-en-rio-negro\\\/#respond\"]}]},{\"@type\":\"WebPage\",\"@id\":\"https:\\\/\\\/patagoniambiental.com.ar\\\/info\\\/consejos-practicos-para-ahorrar-energia-durante-la-ola-de-calor-en-rio-negro\\\/\",\"url\":\"https:\\\/\\\/patagoniambiental.com.ar\\\/info\\\/consejos-practicos-para-ahorrar-energia-durante-la-ola-de-calor-en-rio-negro\\\/\",\"name\":\"Consejos pr\u00e1cticos para ahorrar energ\u00eda durante la ola de calor en R\u00edo Negro\",\"isPartOf\":{\"@id\":\"https:\\\/\\\/patagoniambiental.com.ar\\\/info\\\/#website\"},\"primaryImageOfPage\":{\"@id\":\"https:\\\/\\\/patagoniambiental.com.ar\\\/info\\\/consejos-practicos-para-ahorrar-energia-durante-la-ola-de-calor-en-rio-negro\\\/#primaryimage\"},\"image\":{\"@id\":\"https:\\\/\\\/patagoniambiental.com.ar\\\/info\\\/consejos-practicos-para-ahorrar-energia-durante-la-ola-de-calor-en-rio-negro\\\/#primaryimage\"},\"thumbnailUrl\":\"https:\\\/\\\/patagoniambiental.com.ar\\\/info\\\/wp-content\\\/uploads\\\/2025\\\/01\\\/1736184877-22578f317042a0581042.jpeg\",\"datePublished\":\"2025-01-06T12:05:00+00:00\",\"dateModified\":\"2025-05-04T19:15:39+00:00\",\"description\":\"Ante el notable aumento de las temperaturas en la provincia, que podr\u00edan superar los 35\u00b0C hasta finales de esta semana, la Secretar\u00eda de Energ\u00eda y Ambiente de R\u00edo Negro insta a la poblaci\u00f3n a adoptar h\u00e1bitos responsables en el uso de la energ\u00eda el\u00e9ctrica.\",\"breadcrumb\":{\"@id\":\"https:\\\/\\\/patagoniambiental.com.ar\\\/info\\\/consejos-practicos-para-ahorrar-energia-durante-la-ola-de-calor-en-rio-negro\\\/#breadcrumb\"},\"inLanguage\":\"es\",\"potentialAction\":[{\"@type\":\"ReadAction\",\"target\":[\"https:\\\/\\\/patagoniambiental.com.ar\\\/info\\\/consejos-practicos-para-ahorrar-energia-durante-la-ola-de-calor-en-rio-negro\\\/\"]}]},{\"@type\":\"ImageObject\",\"inLanguage\":\"es\",\"@id\":\"https:\\\/\\\/patagoniambiental.com.ar\\\/info\\\/consejos-practicos-para-ahorrar-energia-durante-la-ola-de-calor-en-rio-negro\\\/#primaryimage\",\"url\":\"https:\\\/\\\/patagoniambiental.com.ar\\\/info\\\/wp-content\\\/uploads\\\/2025\\\/01\\\/1736184877-22578f317042a0581042.jpeg\",\"contentUrl\":\"https:\\\/\\\/patagoniambiental.com.ar\\\/info\\\/wp-content\\\/uploads\\\/2025\\\/01\\\/1736184877-22578f317042a0581042.jpeg\",\"width\":1080,\"height\":607,\"caption\":\"C\u00f3mo ahorrar energ\u00eda con la ola de calor\"},{\"@type\":\"BreadcrumbList\",\"@id\":\"https:\\\/\\\/patagoniambiental.com.ar\\\/info\\\/consejos-practicos-para-ahorrar-energia-durante-la-ola-de-calor-en-rio-negro\\\/#breadcrumb\",\"itemListElement\":[{\"@type\":\"ListItem\",\"position\":1,\"name\":\"Inicio\",\"item\":\"https:\\\/\\\/patagoniambiental.com.ar\\\/info\\\/\"},{\"@type\":\"ListItem\",\"position\":2,\"name\":\"Consejos pr\u00e1cticos para ahorrar energ\u00eda durante la ola de calor en R\u00edo Negro\"}]},{\"@type\":\"WebSite\",\"@id\":\"https:\\\/\\\/patagoniambiental.com.ar\\\/info\\\/#website\",\"url\":\"https:\\\/\\\/patagoniambiental.com.ar\\\/info\\\/\",\"name\":\"Patagonia Ambiental\",\"description\":\"Monitoreo y an\u00e1lisis de la situaci\u00f3n geopol\u00edtica en el mundo y su implicancia en la Patagonia\",\"publisher\":{\"@id\":\"https:\\\/\\\/patagoniambiental.com.ar\\\/info\\\/#organization\"},\"potentialAction\":[{\"@type\":\"SearchAction\",\"target\":{\"@type\":\"EntryPoint\",\"urlTemplate\":\"https:\\\/\\\/patagoniambiental.com.ar\\\/info\\\/?s={search_term_string}\"},\"query-input\":{\"@type\":\"PropertyValueSpecification\",\"valueRequired\":true,\"valueName\":\"search_term_string\"}}],\"inLanguage\":\"es\"},{\"@type\":\"Organization\",\"@id\":\"https:\\\/\\\/patagoniambiental.com.ar\\\/info\\\/#organization\",\"name\":\"Patagonia Ambiental\",\"url\":\"https:\\\/\\\/patagoniambiental.com.ar\\\/info\\\/\",\"logo\":{\"@type\":\"ImageObject\",\"inLanguage\":\"es\",\"@id\":\"https:\\\/\\\/patagoniambiental.com.ar\\\/info\\\/#\\\/schema\\\/logo\\\/image\\\/\",\"url\":\"https:\\\/\\\/patagoniambiental.com.ar\\\/info\\\/wp-content\\\/uploads\\\/2025\\\/05\\\/LOGO-PATAGONIA-AMBIENTAL.png\",\"contentUrl\":\"https:\\\/\\\/patagoniambiental.com.ar\\\/info\\\/wp-content\\\/uploads\\\/2025\\\/05\\\/LOGO-PATAGONIA-AMBIENTAL.png\",\"width\":433,\"height\":250,\"caption\":\"Patagonia Ambiental\"},\"image\":{\"@id\":\"https:\\\/\\\/patagoniambiental.com.ar\\\/info\\\/#\\\/schema\\\/logo\\\/image\\\/\"},\"sameAs\":[\"https:\\\/\\\/www.facebook.com\\\/patagonia.ambiental\",\"https:\\\/\\\/x.com\\\/PatAmb\"]},{\"@type\":\"Person\",\"@id\":\"https:\\\/\\\/patagoniambiental.com.ar\\\/info\\\/#\\\/schema\\\/person\\\/db12bff64bbcbf6a253710bf0ea37b5d\",\"name\":\"Patagonia Ambiental\",\"description\":\"Andr\u00e9s Nievas T\u00e9cnico en manejo ambiental, consultor Ambiental y escritor para medios locales e internacionales sobre temas de geopolitica y medio ambiente.\",\"sameAs\":[\"http:\\\/\\\/www.patagoniambiental.com.ar\",\"https:\\\/\\\/www.facebook.com\\\/share\\\/1C1V8Gv9BX\\\/?mibextid=qi2Omg\",\"@patagoniambiental\",\"https:\\\/\\\/youtube.com\\\/@patagoniaambiental2023?si=BLt58t0wuXquxlYZ\"]}]}<\/script>\n<!-- \/ Yoast SEO Premium plugin. -->","yoast_head_json":{"title":"Consejos pr\u00e1cticos para ahorrar energ\u00eda durante la ola de calor en R\u00edo Negro","description":"Ante el notable aumento de las temperaturas en la provincia, que podr\u00edan superar los 35\u00b0C hasta finales de esta semana, la Secretar\u00eda de Energ\u00eda y Ambiente de R\u00edo Negro insta a la poblaci\u00f3n a adoptar h\u00e1bitos responsables en el uso de la energ\u00eda el\u00e9ctrica.","robots":{"index":"index","follow":"follow","max-snippet":"max-snippet:-1","max-image-preview":"max-image-preview:large","max-video-preview":"max-video-preview:-1"},"canonical":"https:\/\/patagoniambiental.com.ar\/info\/consejos-practicos-para-ahorrar-energia-durante-la-ola-de-calor-en-rio-negro\/","og_locale":"es_ES","og_type":"article","og_title":"Consejos pr\u00e1cticos para ahorrar energ\u00eda durante la ola de calor en R\u00edo Negro","og_description":"Ante el notable aumento de las temperaturas en la provincia, que podr\u00edan superar los 35\u00b0C hasta finales de esta semana, la Secretar\u00eda de Energ\u00eda y Ambiente de R\u00edo Negro insta a la poblaci\u00f3n a adoptar h\u00e1bitos responsables en el uso de la energ\u00eda el\u00e9ctrica.","og_url":"https:\/\/patagoniambiental.com.ar\/info\/consejos-practicos-para-ahorrar-energia-durante-la-ola-de-calor-en-rio-negro\/","og_site_name":"Patagonia Ambiental","article_publisher":"https:\/\/www.facebook.com\/patagonia.ambiental","article_author":"https:\/\/www.facebook.com\/share\/1C1V8Gv9BX\/?mibextid=qi2Omg","article_published_time":"2025-01-06T12:05:00+00:00","article_modified_time":"2025-05-04T19:15:39+00:00","og_image":[{"width":1080,"height":607,"url":"https:\/\/patagoniambiental.com.ar\/info\/wp-content\/uploads\/2025\/01\/1736184877-22578f317042a0581042.jpeg","type":"image\/jpeg"}],"author":"Patagonia Ambiental","twitter_card":"summary_large_image","twitter_creator":"@PatAmb","twitter_site":"@PatAmb","schema":{"@context":"https:\/\/schema.org","@graph":[{"@type":"Article","@id":"https:\/\/patagoniambiental.com.ar\/info\/consejos-practicos-para-ahorrar-energia-durante-la-ola-de-calor-en-rio-negro\/#article","isPartOf":{"@id":"https:\/\/patagoniambiental.com.ar\/info\/consejos-practicos-para-ahorrar-energia-durante-la-ola-de-calor-en-rio-negro\/"},"author":{"name":"Patagonia Ambiental","@id":"https:\/\/patagoniambiental.com.ar\/info\/#\/schema\/person\/db12bff64bbcbf6a253710bf0ea37b5d"},"headline":"Consejos pr\u00e1cticos para ahorrar energ\u00eda durante la ola de calor en R\u00edo Negro","datePublished":"2025-01-06T12:05:00+00:00","dateModified":"2025-05-04T19:15:39+00:00","mainEntityOfPage":{"@id":"https:\/\/patagoniambiental.com.ar\/info\/consejos-practicos-para-ahorrar-energia-durante-la-ola-de-calor-en-rio-negro\/"},"wordCount":675,"commentCount":0,"publisher":{"@id":"https:\/\/patagoniambiental.com.ar\/info\/#organization"},"image":{"@id":"https:\/\/patagoniambiental.com.ar\/info\/consejos-practicos-para-ahorrar-energia-durante-la-ola-de-calor-en-rio-negro\/#primaryimage"},"thumbnailUrl":"https:\/\/patagoniambiental.com.ar\/info\/wp-content\/uploads\/2025\/01\/1736184877-22578f317042a0581042.jpeg","articleSection":["Noticias","Provinciales","R\u00edo Negro"],"inLanguage":"es","potentialAction":[{"@type":"CommentAction","name":"Comment","target":["https:\/\/patagoniambiental.com.ar\/info\/consejos-practicos-para-ahorrar-energia-durante-la-ola-de-calor-en-rio-negro\/#respond"]}]},{"@type":"WebPage","@id":"https:\/\/patagoniambiental.com.ar\/info\/consejos-practicos-para-ahorrar-energia-durante-la-ola-de-calor-en-rio-negro\/","url":"https:\/\/patagoniambiental.com.ar\/info\/consejos-practicos-para-ahorrar-energia-durante-la-ola-de-calor-en-rio-negro\/","name":"Consejos pr\u00e1cticos para ahorrar energ\u00eda durante la ola de calor en R\u00edo Negro","isPartOf":{"@id":"https:\/\/patagoniambiental.com.ar\/info\/#website"},"primaryImageOfPage":{"@id":"https:\/\/patagoniambiental.com.ar\/info\/consejos-practicos-para-ahorrar-energia-durante-la-ola-de-calor-en-rio-negro\/#primaryimage"},"image":{"@id":"https:\/\/patagoniambiental.com.ar\/info\/consejos-practicos-para-ahorrar-energia-durante-la-ola-de-calor-en-rio-negro\/#primaryimage"},"thumbnailUrl":"https:\/\/patagoniambiental.com.ar\/info\/wp-content\/uploads\/2025\/01\/1736184877-22578f317042a0581042.jpeg","datePublished":"2025-01-06T12:05:00+00:00","dateModified":"2025-05-04T19:15:39+00:00","description":"Ante el notable aumento de las temperaturas en la provincia, que podr\u00edan superar los 35\u00b0C hasta finales de esta semana, la Secretar\u00eda de Energ\u00eda y Ambiente de R\u00edo Negro insta a la poblaci\u00f3n a adoptar h\u00e1bitos responsables en el uso de la energ\u00eda el\u00e9ctrica.","breadcrumb":{"@id":"https:\/\/patagoniambiental.com.ar\/info\/consejos-practicos-para-ahorrar-energia-durante-la-ola-de-calor-en-rio-negro\/#breadcrumb"},"inLanguage":"es","potentialAction":[{"@type":"ReadAction","target":["https:\/\/patagoniambiental.com.ar\/info\/consejos-practicos-para-ahorrar-energia-durante-la-ola-de-calor-en-rio-negro\/"]}]},{"@type":"ImageObject","inLanguage":"es","@id":"https:\/\/patagoniambiental.com.ar\/info\/consejos-practicos-para-ahorrar-energia-durante-la-ola-de-calor-en-rio-negro\/#primaryimage","url":"https:\/\/patagoniambiental.com.ar\/info\/wp-content\/uploads\/2025\/01\/1736184877-22578f317042a0581042.jpeg","contentUrl":"https:\/\/patagoniambiental.com.ar\/info\/wp-content\/uploads\/2025\/01\/1736184877-22578f317042a0581042.jpeg","width":1080,"height":607,"caption":"C\u00f3mo ahorrar energ\u00eda con la ola de calor"},{"@type":"BreadcrumbList","@id":"https:\/\/patagoniambiental.com.ar\/info\/consejos-practicos-para-ahorrar-energia-durante-la-ola-de-calor-en-rio-negro\/#breadcrumb","itemListElement":[{"@type":"ListItem","position":1,"name":"Inicio","item":"https:\/\/patagoniambiental.com.ar\/info\/"},{"@type":"ListItem","position":2,"name":"Consejos pr\u00e1cticos para ahorrar energ\u00eda durante la ola de calor en R\u00edo Negro"}]},{"@type":"WebSite","@id":"https:\/\/patagoniambiental.com.ar\/info\/#website","url":"https:\/\/patagoniambiental.com.ar\/info\/","name":"Patagonia Ambiental","description":"Monitoreo y an\u00e1lisis de la situaci\u00f3n geopol\u00edtica en el mundo y su implicancia en la Patagonia","publisher":{"@id":"https:\/\/patagoniambiental.com.ar\/info\/#organization"},"potentialAction":[{"@type":"SearchAction","target":{"@type":"EntryPoint","urlTemplate":"https:\/\/patagoniambiental.com.ar\/info\/?s={search_term_string}"},"query-input":{"@type":"PropertyValueSpecification","valueRequired":true,"valueName":"search_term_string"}}],"inLanguage":"es"},{"@type":"Organization","@id":"https:\/\/patagoniambiental.com.ar\/info\/#organization","name":"Patagonia Ambiental","url":"https:\/\/patagoniambiental.com.ar\/info\/","logo":{"@type":"ImageObject","inLanguage":"es","@id":"https:\/\/patagoniambiental.com.ar\/info\/#\/schema\/logo\/image\/","url":"https:\/\/patagoniambiental.com.ar\/info\/wp-content\/uploads\/2025\/05\/LOGO-PATAGONIA-AMBIENTAL.png","contentUrl":"https:\/\/patagoniambiental.com.ar\/info\/wp-content\/uploads\/2025\/05\/LOGO-PATAGONIA-AMBIENTAL.png","width":433,"height":250,"caption":"Patagonia Ambiental"},"image":{"@id":"https:\/\/patagoniambiental.com.ar\/info\/#\/schema\/logo\/image\/"},"sameAs":["https:\/\/www.facebook.com\/patagonia.ambiental","https:\/\/x.com\/PatAmb"]},{"@type":"Person","@id":"https:\/\/patagoniambiental.com.ar\/info\/#\/schema\/person\/db12bff64bbcbf6a253710bf0ea37b5d","name":"Patagonia Ambiental","description":"Andr\u00e9s Nievas T\u00e9cnico en manejo ambiental, consultor Ambiental y escritor para medios locales e internacionales sobre temas de geopolitica y medio ambiente.","sameAs":["http:\/\/www.patagoniambiental.com.ar","https:\/\/www.facebook.com\/share\/1C1V8Gv9BX\/?mibextid=qi2Omg","@patagoniambiental","https:\/\/youtube.com\/@patagoniaambiental2023?si=BLt58t0wuXquxlYZ"]}]}},"_links":{"self":[{"href":"https:\/\/patagoniambiental.com.ar\/info\/wp-json\/wp\/v2\/posts\/91861","targetHints":{"allow":["GET"]}}],"collection":[{"href":"https:\/\/patagoniambiental.com.ar\/info\/wp-json\/wp\/v2\/posts"}],"about":[{"href":"https:\/\/patagoniambiental.com.ar\/info\/wp-json\/wp\/v2\/types\/post"}],"author":[{"embeddable":true,"href":"https:\/\/patagoniambiental.com.ar\/info\/wp-json\/wp\/v2\/users\/2"}],"replies":[{"embeddable":true,"href":"https:\/\/patagoniambiental.com.ar\/info\/wp-json\/wp\/v2\/comments?post=91861"}],"version-history":[{"count":0,"href":"https:\/\/patagoniambiental.com.ar\/info\/wp-json\/wp\/v2\/posts\/91861\/revisions"}],"wp:featuredmedia":[{"embeddable":true,"href":"https:\/\/patagoniambiental.com.ar\/info\/wp-json\/wp\/v2\/media\/91862"}],"wp:attachment":[{"href":"https:\/\/patagoniambiental.com.ar\/info\/wp-json\/wp\/v2\/media?parent=91861"}],"wp:term":[{"taxonomy":"category","embeddable":true,"href":"https:\/\/patagoniambiental.com.ar\/info\/wp-json\/wp\/v2\/categories?post=91861"},{"taxonomy":"post_tag","embeddable":true,"href":"https:\/\/patagoniambiental.com.ar\/info\/wp-json\/wp\/v2\/tags?post=91861"}],"curies":[{"name":"wp","href":"https:\/\/api.w.org\/{rel}","templated":true}]}}