{"id":91874,"date":"2025-01-07T12:21:08","date_gmt":"2025-01-07T15:21:08","guid":{"rendered":"https:\/\/patagoniambiental.com.ar\/info\/?p=91874"},"modified":"2025-05-04T16:14:43","modified_gmt":"2025-05-04T19:14:43","slug":"como-cuidar-el-medio-ambiente-mientras-disfrutas-del-verano-en-rio-negro","status":"publish","type":"post","link":"https:\/\/patagoniambiental.com.ar\/info\/como-cuidar-el-medio-ambiente-mientras-disfrutas-del-verano-en-rio-negro\/","title":{"rendered":"C\u00f3mo cuidar el medio ambiente mientras disfrutas del Verano en R\u00edo Negro"},"content":{"rendered":"\n<!--more-->\n\n\n\n<p>Viedma, Provincia de Rio Negro, 7 de enero de 2025. La <a href=\"http:\/\/ambiente.rionegro.gov.ar\">Secretar\u00eda de Ambiente y Cambio Clim\u00e1tico de R\u00edo Negro<\/a> lanz\u00f3 una serie de recomendaciones para promover un turismo sostenible durante la temporada de verano, con el objetivo de preservar los paisajes \u00fanicos de la provincia y garantizar que tanto visitantes como residentes puedan disfrutar de ellos a largo plazo. En este contexto, se busca fomentar una mayor conciencia ambiental sobre c\u00f3mo interactuar de manera respetuosa con los \u00c1reas Naturales Protegidas y otros destinos tur\u00edsticos de la regi\u00f3n.<\/p>\n\n\n\n<p><a href=\"https:\/\/patagoniambiental.com.ar\/info\/gutierrez-cuidar-el-ambiente-significa-que-a-viedma-la-construimos-en-comunidad\/\">Leer m\u00e1s: Guti\u00e9rrez: \u201cCuidar el ambiente significa que a Viedma la construimos en comunidad\u201d<br><\/a><\/p>\n\n\n\n<p>Judith Jim\u00e9nez, Secretaria de Ambiente y Cambio Clim\u00e1tico, resalt\u00f3 la importancia de promover pr\u00e1cticas responsables entre quienes visitan la provincia. \u00abQueremos que cada visitante disfrute de la belleza de nuestra provincia mientras adopta pr\u00e1cticas responsables que protejan estos lugares \u00fanicos\u00bb, afirm\u00f3 Jim\u00e9nez, haciendo hincapi\u00e9 en la necesidad de que cada persona que llegue a R\u00edo Negro se convierta en un guardi\u00e1n de su entorno.<\/p>\n\n\n\n<p><a href=\"https:\/\/patagoniambiental.com.ar\/info\/rio-negro-ambiente-insto-a-cuidar-y-optimizar-el-agua-potable\/\">Leer m\u00e1s: R\u00edo Negro: Ambiente inst\u00f3 a cuidar y optimizar el agua potable<\/a><br><\/p>\n\n\n\n<p>Entre las recomendaciones m\u00e1s destacadas se incluyen pautas para cuidar las playas, los espacios naturales y las zonas de acampada. En lugares como Las Grutas, se subraya la relevancia de cumplir con las normas sobre el ingreso de mascotas, como el uso obligatorio de bolsas para recoger sus desechos y mantenerlas bajo control durante toda la visita. Adem\u00e1s, se invita a los turistas a llevarse sus residuos al finalizar su visita, optar por utensilios reutilizables, y respetar la fauna y flora locales, evitando cualquier tipo de interferencia o da\u00f1o.<\/p>\n\n\n\n<p><a href=\"https:\/\/patagoniambiental.com.ar\/info\/habitos-para-llevar-una-vida-mas-sustentable-con-el-medio-ambiente-en-viedma\/\">Leer m\u00e1s: \u00bfVivis en Viedma? no dejes de poner en practica estos h\u00e1bitos ecologicos<br><\/a><\/p>\n\n\n\n<p>Asimismo, quienes elijan acampar en sitios no habilitados deben tener en cuenta recomendaciones adicionales para reducir el impacto ambiental, como llevar un ba\u00f1o qu\u00edmico y evitar utilizar el entorno natural como sanitario. \u00abEl turismo responsable es clave para preservar los paisajes que hacen \u00fanica a nuestra provincia. Queremos que cada visitante se lleve recuerdos inolvidables y tambi\u00e9n la satisfacci\u00f3n de haber contribuido a cuidar estos lugares\u00bb, a\u00f1adi\u00f3 Jim\u00e9nez.<\/p>\n\n\n\n<p>R\u00edo Negro, que cuenta con una extensa red de \u00c1reas Naturales Protegidas, como los parques R\u00edo Limay y R\u00edo Azul, el Lago Escondido en la Cordillera, y destinos ic\u00f3nicos como Playas Doradas y el balneario Las Grutas, se posiciona como un destino ideal para quienes buscan disfrutar de la naturaleza en su m\u00e1ximo esplendor. Adoptar pr\u00e1cticas responsables, tales como hidratarse con botellas reutilizables, utilizar transporte sustentable y seguir las pautas de los guardas ambientales, permite a los visitantes explorar estos hermosos lugares mientras contribuyen al cuidado del medio ambiente.<\/p>\n\n\n\n<p>\u00abLa protecci\u00f3n del ambiente es un compromiso que todos podemos asumir\u00bb, concluy\u00f3 la funcionaria. \u00abQueremos que los paisajes de R\u00edo Negro sigan siendo un lugar m\u00e1gico para todos durante todo el a\u00f1o\u00bb. Con estas recomendaciones, la provincia busca garantizar que tanto turistas como residentes puedan seguir disfrutando de sus maravillosos paisajes de manera sostenible y respetuosa.<\/p>\n\n\n\n<p>Este enfoque, que promueve un balance entre la conservaci\u00f3n del entorno y el disfrute del turismo, es esencial para el futuro de la regi\u00f3n y el bienestar de las generaciones venideras.<\/p>\n","protected":false},"excerpt":{"rendered":"","protected":false},"author":2,"featured_media":91875,"comment_status":"open","ping_status":"open","sticky":false,"template":"","format":"standard","meta":{"site-sidebar-layout":"default","site-content-layout":"","ast-site-content-layout":"default","site-content-style":"default","site-sidebar-style":"default","ast-global-header-display":"","ast-banner-title-visibility":"","ast-main-header-display":"","ast-hfb-above-header-display":"","ast-hfb-below-header-display":"","ast-hfb-mobile-header-display":"","site-post-title":"","ast-breadcrumbs-content":"","ast-featured-img":"","footer-sml-layout":"","ast-disable-related-posts":"","theme-transparent-header-meta":"","adv-header-id-meta":"","stick-header-meta":"","header-above-stick-meta":"","header-main-stick-meta":"","header-below-stick-meta":"","astra-migrate-meta-layouts":"default","ast-page-background-enabled":"default","ast-page-background-meta":{"desktop":{"background-color":"var(--ast-global-color-5)","background-image":"","background-repeat":"repeat","background-position":"center center","background-size":"auto","background-attachment":"scroll","background-type":"","background-media":"","overlay-type":"","overlay-color":"","overlay-opacity":"","overlay-gradient":""},"tablet":{"background-color":"","background-image":"","background-repeat":"repeat","background-position":"center center","background-size":"auto","background-attachment":"scroll","background-type":"","background-media":"","overlay-type":"","overlay-color":"","overlay-opacity":"","overlay-gradient":""},"mobile":{"background-color":"","background-image":"","background-repeat":"repeat","background-position":"center center","background-size":"auto","background-attachment":"scroll","background-type":"","background-media":"","overlay-type":"","overlay-color":"","overlay-opacity":"","overlay-gradient":""}},"ast-content-background-meta":{"desktop":{"background-color":"var(--ast-global-color-4)","background-image":"","background-repeat":"repeat","background-position":"center center","background-size":"auto","background-attachment":"scroll","background-type":"","background-media":"","overlay-type":"","overlay-color":"","overlay-opacity":"","overlay-gradient":""},"tablet":{"background-color":"var(--ast-global-color-4)","background-image":"","background-repeat":"repeat","background-position":"center center","background-size":"auto","background-attachment":"scroll","background-type":"","background-media":"","overlay-type":"","overlay-color":"","overlay-opacity":"","overlay-gradient":""},"mobile":{"background-color":"var(--ast-global-color-4)","background-image":"","background-repeat":"repeat","background-position":"center center","background-size":"auto","background-attachment":"scroll","background-type":"","background-media":"","overlay-type":"","overlay-color":"","overlay-opacity":"","overlay-gradient":""}},"footnotes":""},"categories":[1,13,14],"tags":[],"class_list":["post-91874","post","type-post","status-publish","format-standard","has-post-thumbnail","hentry","category-noticias","category-provinciales","category-rio-negro"],"yoast_head":"<!-- This site is optimized with the Yoast SEO Premium plugin v23.0 (Yoast SEO v27.5) - https:\/\/yoast.com\/product\/yoast-seo-premium-wordpress\/ -->\n<title>C\u00f3mo cuidar el medio ambiente mientras disfrutas del Verano en R\u00edo Negro<\/title>\n<meta name=\"description\" content=\"La Secretar\u00eda de Ambiente y Cambio Clim\u00e1tico de R\u00edo Negro lanz\u00f3 una serie de recomendaciones para promover un turismo sostenible durante la temporada de verano, con el objetivo de preservar los paisajes \u00fanicos de la provincia y garantizar que tanto visitantes como residentes puedan disfrutar de ellos a largo plazo.\" \/>\n<meta name=\"robots\" content=\"index, follow, max-snippet:-1, max-image-preview:large, max-video-preview:-1\" \/>\n<link rel=\"canonical\" href=\"https:\/\/patagoniambiental.com.ar\/info\/como-cuidar-el-medio-ambiente-mientras-disfrutas-del-verano-en-rio-negro\/\" \/>\n<meta property=\"og:locale\" content=\"es_ES\" \/>\n<meta property=\"og:type\" content=\"article\" \/>\n<meta property=\"og:title\" content=\"C\u00f3mo cuidar el medio ambiente mientras disfrutas del Verano en R\u00edo Negro\" \/>\n<meta property=\"og:description\" content=\"La Secretar\u00eda de Ambiente y Cambio Clim\u00e1tico de R\u00edo Negro lanz\u00f3 una serie de recomendaciones para promover un turismo sostenible durante la temporada de verano, con el objetivo de preservar los paisajes \u00fanicos de la provincia y garantizar que tanto visitantes como residentes puedan disfrutar de ellos a largo plazo.\" \/>\n<meta property=\"og:url\" content=\"https:\/\/patagoniambiental.com.ar\/info\/como-cuidar-el-medio-ambiente-mientras-disfrutas-del-verano-en-rio-negro\/\" \/>\n<meta property=\"og:site_name\" content=\"Patagonia Ambiental\" \/>\n<meta property=\"article:publisher\" content=\"https:\/\/www.facebook.com\/patagonia.ambiental\" \/>\n<meta property=\"article:author\" content=\"https:\/\/www.facebook.com\/share\/1C1V8Gv9BX\/?mibextid=qi2Omg\" \/>\n<meta property=\"article:published_time\" content=\"2025-01-07T15:21:08+00:00\" \/>\n<meta property=\"article:modified_time\" content=\"2025-05-04T19:14:43+00:00\" \/>\n<meta property=\"og:image\" content=\"https:\/\/patagoniambiental.com.ar\/info\/wp-content\/uploads\/2025\/01\/1736252130-872b24cd90b8a8eed42e.jpeg\" \/>\n\t<meta property=\"og:image:width\" content=\"1080\" \/>\n\t<meta property=\"og:image:height\" content=\"607\" \/>\n\t<meta property=\"og:image:type\" content=\"image\/jpeg\" \/>\n<meta name=\"author\" content=\"Patagonia Ambiental\" \/>\n<meta name=\"twitter:card\" content=\"summary_large_image\" \/>\n<meta name=\"twitter:creator\" content=\"@PatAmb\" \/>\n<meta name=\"twitter:site\" content=\"@PatAmb\" \/>\n<script type=\"application\/ld+json\" class=\"yoast-schema-graph\">{\"@context\":\"https:\\\/\\\/schema.org\",\"@graph\":[{\"@type\":\"Article\",\"@id\":\"https:\\\/\\\/patagoniambiental.com.ar\\\/info\\\/como-cuidar-el-medio-ambiente-mientras-disfrutas-del-verano-en-rio-negro\\\/#article\",\"isPartOf\":{\"@id\":\"https:\\\/\\\/patagoniambiental.com.ar\\\/info\\\/como-cuidar-el-medio-ambiente-mientras-disfrutas-del-verano-en-rio-negro\\\/\"},\"author\":{\"name\":\"Patagonia Ambiental\",\"@id\":\"https:\\\/\\\/patagoniambiental.com.ar\\\/info\\\/#\\\/schema\\\/person\\\/db12bff64bbcbf6a253710bf0ea37b5d\"},\"headline\":\"C\u00f3mo cuidar el medio ambiente mientras disfrutas del Verano en R\u00edo Negro\",\"datePublished\":\"2025-01-07T15:21:08+00:00\",\"dateModified\":\"2025-05-04T19:14:43+00:00\",\"mainEntityOfPage\":{\"@id\":\"https:\\\/\\\/patagoniambiental.com.ar\\\/info\\\/como-cuidar-el-medio-ambiente-mientras-disfrutas-del-verano-en-rio-negro\\\/\"},\"wordCount\":578,\"commentCount\":0,\"publisher\":{\"@id\":\"https:\\\/\\\/patagoniambiental.com.ar\\\/info\\\/#organization\"},\"image\":{\"@id\":\"https:\\\/\\\/patagoniambiental.com.ar\\\/info\\\/como-cuidar-el-medio-ambiente-mientras-disfrutas-del-verano-en-rio-negro\\\/#primaryimage\"},\"thumbnailUrl\":\"https:\\\/\\\/patagoniambiental.com.ar\\\/info\\\/wp-content\\\/uploads\\\/2025\\\/01\\\/1736252130-872b24cd90b8a8eed42e.jpeg\",\"articleSection\":[\"Noticias\",\"Provinciales\",\"R\u00edo Negro\"],\"inLanguage\":\"es\",\"potentialAction\":[{\"@type\":\"CommentAction\",\"name\":\"Comment\",\"target\":[\"https:\\\/\\\/patagoniambiental.com.ar\\\/info\\\/como-cuidar-el-medio-ambiente-mientras-disfrutas-del-verano-en-rio-negro\\\/#respond\"]}]},{\"@type\":\"WebPage\",\"@id\":\"https:\\\/\\\/patagoniambiental.com.ar\\\/info\\\/como-cuidar-el-medio-ambiente-mientras-disfrutas-del-verano-en-rio-negro\\\/\",\"url\":\"https:\\\/\\\/patagoniambiental.com.ar\\\/info\\\/como-cuidar-el-medio-ambiente-mientras-disfrutas-del-verano-en-rio-negro\\\/\",\"name\":\"C\u00f3mo cuidar el medio ambiente mientras disfrutas del Verano en R\u00edo Negro\",\"isPartOf\":{\"@id\":\"https:\\\/\\\/patagoniambiental.com.ar\\\/info\\\/#website\"},\"primaryImageOfPage\":{\"@id\":\"https:\\\/\\\/patagoniambiental.com.ar\\\/info\\\/como-cuidar-el-medio-ambiente-mientras-disfrutas-del-verano-en-rio-negro\\\/#primaryimage\"},\"image\":{\"@id\":\"https:\\\/\\\/patagoniambiental.com.ar\\\/info\\\/como-cuidar-el-medio-ambiente-mientras-disfrutas-del-verano-en-rio-negro\\\/#primaryimage\"},\"thumbnailUrl\":\"https:\\\/\\\/patagoniambiental.com.ar\\\/info\\\/wp-content\\\/uploads\\\/2025\\\/01\\\/1736252130-872b24cd90b8a8eed42e.jpeg\",\"datePublished\":\"2025-01-07T15:21:08+00:00\",\"dateModified\":\"2025-05-04T19:14:43+00:00\",\"description\":\"La Secretar\u00eda de Ambiente y Cambio Clim\u00e1tico de R\u00edo Negro lanz\u00f3 una serie de recomendaciones para promover un turismo sostenible durante la temporada de verano, con el objetivo de preservar los paisajes \u00fanicos de la provincia y garantizar que tanto visitantes como residentes puedan disfrutar de ellos a largo plazo.\",\"breadcrumb\":{\"@id\":\"https:\\\/\\\/patagoniambiental.com.ar\\\/info\\\/como-cuidar-el-medio-ambiente-mientras-disfrutas-del-verano-en-rio-negro\\\/#breadcrumb\"},\"inLanguage\":\"es\",\"potentialAction\":[{\"@type\":\"ReadAction\",\"target\":[\"https:\\\/\\\/patagoniambiental.com.ar\\\/info\\\/como-cuidar-el-medio-ambiente-mientras-disfrutas-del-verano-en-rio-negro\\\/\"]}]},{\"@type\":\"ImageObject\",\"inLanguage\":\"es\",\"@id\":\"https:\\\/\\\/patagoniambiental.com.ar\\\/info\\\/como-cuidar-el-medio-ambiente-mientras-disfrutas-del-verano-en-rio-negro\\\/#primaryimage\",\"url\":\"https:\\\/\\\/patagoniambiental.com.ar\\\/info\\\/wp-content\\\/uploads\\\/2025\\\/01\\\/1736252130-872b24cd90b8a8eed42e.jpeg\",\"contentUrl\":\"https:\\\/\\\/patagoniambiental.com.ar\\\/info\\\/wp-content\\\/uploads\\\/2025\\\/01\\\/1736252130-872b24cd90b8a8eed42e.jpeg\",\"width\":1080,\"height\":607,\"caption\":\"C\u00f3mo cuidar el medio ambiente mientras disfrutas del Verano en R\u00edo Negro\"},{\"@type\":\"BreadcrumbList\",\"@id\":\"https:\\\/\\\/patagoniambiental.com.ar\\\/info\\\/como-cuidar-el-medio-ambiente-mientras-disfrutas-del-verano-en-rio-negro\\\/#breadcrumb\",\"itemListElement\":[{\"@type\":\"ListItem\",\"position\":1,\"name\":\"Inicio\",\"item\":\"https:\\\/\\\/patagoniambiental.com.ar\\\/info\\\/\"},{\"@type\":\"ListItem\",\"position\":2,\"name\":\"C\u00f3mo cuidar el medio ambiente mientras disfrutas del Verano en R\u00edo Negro\"}]},{\"@type\":\"WebSite\",\"@id\":\"https:\\\/\\\/patagoniambiental.com.ar\\\/info\\\/#website\",\"url\":\"https:\\\/\\\/patagoniambiental.com.ar\\\/info\\\/\",\"name\":\"Patagonia Ambiental\",\"description\":\"Monitoreo y an\u00e1lisis de la situaci\u00f3n geopol\u00edtica en el mundo y su implicancia en la Patagonia\",\"publisher\":{\"@id\":\"https:\\\/\\\/patagoniambiental.com.ar\\\/info\\\/#organization\"},\"potentialAction\":[{\"@type\":\"SearchAction\",\"target\":{\"@type\":\"EntryPoint\",\"urlTemplate\":\"https:\\\/\\\/patagoniambiental.com.ar\\\/info\\\/?s={search_term_string}\"},\"query-input\":{\"@type\":\"PropertyValueSpecification\",\"valueRequired\":true,\"valueName\":\"search_term_string\"}}],\"inLanguage\":\"es\"},{\"@type\":\"Organization\",\"@id\":\"https:\\\/\\\/patagoniambiental.com.ar\\\/info\\\/#organization\",\"name\":\"Patagonia Ambiental\",\"url\":\"https:\\\/\\\/patagoniambiental.com.ar\\\/info\\\/\",\"logo\":{\"@type\":\"ImageObject\",\"inLanguage\":\"es\",\"@id\":\"https:\\\/\\\/patagoniambiental.com.ar\\\/info\\\/#\\\/schema\\\/logo\\\/image\\\/\",\"url\":\"https:\\\/\\\/patagoniambiental.com.ar\\\/info\\\/wp-content\\\/uploads\\\/2025\\\/05\\\/LOGO-PATAGONIA-AMBIENTAL.png\",\"contentUrl\":\"https:\\\/\\\/patagoniambiental.com.ar\\\/info\\\/wp-content\\\/uploads\\\/2025\\\/05\\\/LOGO-PATAGONIA-AMBIENTAL.png\",\"width\":433,\"height\":250,\"caption\":\"Patagonia Ambiental\"},\"image\":{\"@id\":\"https:\\\/\\\/patagoniambiental.com.ar\\\/info\\\/#\\\/schema\\\/logo\\\/image\\\/\"},\"sameAs\":[\"https:\\\/\\\/www.facebook.com\\\/patagonia.ambiental\",\"https:\\\/\\\/x.com\\\/PatAmb\"]},{\"@type\":\"Person\",\"@id\":\"https:\\\/\\\/patagoniambiental.com.ar\\\/info\\\/#\\\/schema\\\/person\\\/db12bff64bbcbf6a253710bf0ea37b5d\",\"name\":\"Patagonia Ambiental\",\"description\":\"Andr\u00e9s Nievas T\u00e9cnico en manejo ambiental, consultor Ambiental y escritor para medios locales e internacionales sobre temas de geopolitica y medio ambiente.\",\"sameAs\":[\"http:\\\/\\\/www.patagoniambiental.com.ar\",\"https:\\\/\\\/www.facebook.com\\\/share\\\/1C1V8Gv9BX\\\/?mibextid=qi2Omg\",\"@patagoniambiental\",\"https:\\\/\\\/youtube.com\\\/@patagoniaambiental2023?si=BLt58t0wuXquxlYZ\"]}]}<\/script>\n<!-- \/ Yoast SEO Premium plugin. -->","yoast_head_json":{"title":"C\u00f3mo cuidar el medio ambiente mientras disfrutas del Verano en R\u00edo Negro","description":"La Secretar\u00eda de Ambiente y Cambio Clim\u00e1tico de R\u00edo Negro lanz\u00f3 una serie de recomendaciones para promover un turismo sostenible durante la temporada de verano, con el objetivo de preservar los paisajes \u00fanicos de la provincia y garantizar que tanto visitantes como residentes puedan disfrutar de ellos a largo plazo.","robots":{"index":"index","follow":"follow","max-snippet":"max-snippet:-1","max-image-preview":"max-image-preview:large","max-video-preview":"max-video-preview:-1"},"canonical":"https:\/\/patagoniambiental.com.ar\/info\/como-cuidar-el-medio-ambiente-mientras-disfrutas-del-verano-en-rio-negro\/","og_locale":"es_ES","og_type":"article","og_title":"C\u00f3mo cuidar el medio ambiente mientras disfrutas del Verano en R\u00edo Negro","og_description":"La Secretar\u00eda de Ambiente y Cambio Clim\u00e1tico de R\u00edo Negro lanz\u00f3 una serie de recomendaciones para promover un turismo sostenible durante la temporada de verano, con el objetivo de preservar los paisajes \u00fanicos de la provincia y garantizar que tanto visitantes como residentes puedan disfrutar de ellos a largo plazo.","og_url":"https:\/\/patagoniambiental.com.ar\/info\/como-cuidar-el-medio-ambiente-mientras-disfrutas-del-verano-en-rio-negro\/","og_site_name":"Patagonia Ambiental","article_publisher":"https:\/\/www.facebook.com\/patagonia.ambiental","article_author":"https:\/\/www.facebook.com\/share\/1C1V8Gv9BX\/?mibextid=qi2Omg","article_published_time":"2025-01-07T15:21:08+00:00","article_modified_time":"2025-05-04T19:14:43+00:00","og_image":[{"width":1080,"height":607,"url":"https:\/\/patagoniambiental.com.ar\/info\/wp-content\/uploads\/2025\/01\/1736252130-872b24cd90b8a8eed42e.jpeg","type":"image\/jpeg"}],"author":"Patagonia Ambiental","twitter_card":"summary_large_image","twitter_creator":"@PatAmb","twitter_site":"@PatAmb","schema":{"@context":"https:\/\/schema.org","@graph":[{"@type":"Article","@id":"https:\/\/patagoniambiental.com.ar\/info\/como-cuidar-el-medio-ambiente-mientras-disfrutas-del-verano-en-rio-negro\/#article","isPartOf":{"@id":"https:\/\/patagoniambiental.com.ar\/info\/como-cuidar-el-medio-ambiente-mientras-disfrutas-del-verano-en-rio-negro\/"},"author":{"name":"Patagonia Ambiental","@id":"https:\/\/patagoniambiental.com.ar\/info\/#\/schema\/person\/db12bff64bbcbf6a253710bf0ea37b5d"},"headline":"C\u00f3mo cuidar el medio ambiente mientras disfrutas del Verano en R\u00edo Negro","datePublished":"2025-01-07T15:21:08+00:00","dateModified":"2025-05-04T19:14:43+00:00","mainEntityOfPage":{"@id":"https:\/\/patagoniambiental.com.ar\/info\/como-cuidar-el-medio-ambiente-mientras-disfrutas-del-verano-en-rio-negro\/"},"wordCount":578,"commentCount":0,"publisher":{"@id":"https:\/\/patagoniambiental.com.ar\/info\/#organization"},"image":{"@id":"https:\/\/patagoniambiental.com.ar\/info\/como-cuidar-el-medio-ambiente-mientras-disfrutas-del-verano-en-rio-negro\/#primaryimage"},"thumbnailUrl":"https:\/\/patagoniambiental.com.ar\/info\/wp-content\/uploads\/2025\/01\/1736252130-872b24cd90b8a8eed42e.jpeg","articleSection":["Noticias","Provinciales","R\u00edo Negro"],"inLanguage":"es","potentialAction":[{"@type":"CommentAction","name":"Comment","target":["https:\/\/patagoniambiental.com.ar\/info\/como-cuidar-el-medio-ambiente-mientras-disfrutas-del-verano-en-rio-negro\/#respond"]}]},{"@type":"WebPage","@id":"https:\/\/patagoniambiental.com.ar\/info\/como-cuidar-el-medio-ambiente-mientras-disfrutas-del-verano-en-rio-negro\/","url":"https:\/\/patagoniambiental.com.ar\/info\/como-cuidar-el-medio-ambiente-mientras-disfrutas-del-verano-en-rio-negro\/","name":"C\u00f3mo cuidar el medio ambiente mientras disfrutas del Verano en R\u00edo Negro","isPartOf":{"@id":"https:\/\/patagoniambiental.com.ar\/info\/#website"},"primaryImageOfPage":{"@id":"https:\/\/patagoniambiental.com.ar\/info\/como-cuidar-el-medio-ambiente-mientras-disfrutas-del-verano-en-rio-negro\/#primaryimage"},"image":{"@id":"https:\/\/patagoniambiental.com.ar\/info\/como-cuidar-el-medio-ambiente-mientras-disfrutas-del-verano-en-rio-negro\/#primaryimage"},"thumbnailUrl":"https:\/\/patagoniambiental.com.ar\/info\/wp-content\/uploads\/2025\/01\/1736252130-872b24cd90b8a8eed42e.jpeg","datePublished":"2025-01-07T15:21:08+00:00","dateModified":"2025-05-04T19:14:43+00:00","description":"La Secretar\u00eda de Ambiente y Cambio Clim\u00e1tico de R\u00edo Negro lanz\u00f3 una serie de recomendaciones para promover un turismo sostenible durante la temporada de verano, con el objetivo de preservar los paisajes \u00fanicos de la provincia y garantizar que tanto visitantes como residentes puedan disfrutar de ellos a largo plazo.","breadcrumb":{"@id":"https:\/\/patagoniambiental.com.ar\/info\/como-cuidar-el-medio-ambiente-mientras-disfrutas-del-verano-en-rio-negro\/#breadcrumb"},"inLanguage":"es","potentialAction":[{"@type":"ReadAction","target":["https:\/\/patagoniambiental.com.ar\/info\/como-cuidar-el-medio-ambiente-mientras-disfrutas-del-verano-en-rio-negro\/"]}]},{"@type":"ImageObject","inLanguage":"es","@id":"https:\/\/patagoniambiental.com.ar\/info\/como-cuidar-el-medio-ambiente-mientras-disfrutas-del-verano-en-rio-negro\/#primaryimage","url":"https:\/\/patagoniambiental.com.ar\/info\/wp-content\/uploads\/2025\/01\/1736252130-872b24cd90b8a8eed42e.jpeg","contentUrl":"https:\/\/patagoniambiental.com.ar\/info\/wp-content\/uploads\/2025\/01\/1736252130-872b24cd90b8a8eed42e.jpeg","width":1080,"height":607,"caption":"C\u00f3mo cuidar el medio ambiente mientras disfrutas del Verano en R\u00edo Negro"},{"@type":"BreadcrumbList","@id":"https:\/\/patagoniambiental.com.ar\/info\/como-cuidar-el-medio-ambiente-mientras-disfrutas-del-verano-en-rio-negro\/#breadcrumb","itemListElement":[{"@type":"ListItem","position":1,"name":"Inicio","item":"https:\/\/patagoniambiental.com.ar\/info\/"},{"@type":"ListItem","position":2,"name":"C\u00f3mo cuidar el medio ambiente mientras disfrutas del Verano en R\u00edo Negro"}]},{"@type":"WebSite","@id":"https:\/\/patagoniambiental.com.ar\/info\/#website","url":"https:\/\/patagoniambiental.com.ar\/info\/","name":"Patagonia Ambiental","description":"Monitoreo y an\u00e1lisis de la situaci\u00f3n geopol\u00edtica en el mundo y su implicancia en la Patagonia","publisher":{"@id":"https:\/\/patagoniambiental.com.ar\/info\/#organization"},"potentialAction":[{"@type":"SearchAction","target":{"@type":"EntryPoint","urlTemplate":"https:\/\/patagoniambiental.com.ar\/info\/?s={search_term_string}"},"query-input":{"@type":"PropertyValueSpecification","valueRequired":true,"valueName":"search_term_string"}}],"inLanguage":"es"},{"@type":"Organization","@id":"https:\/\/patagoniambiental.com.ar\/info\/#organization","name":"Patagonia Ambiental","url":"https:\/\/patagoniambiental.com.ar\/info\/","logo":{"@type":"ImageObject","inLanguage":"es","@id":"https:\/\/patagoniambiental.com.ar\/info\/#\/schema\/logo\/image\/","url":"https:\/\/patagoniambiental.com.ar\/info\/wp-content\/uploads\/2025\/05\/LOGO-PATAGONIA-AMBIENTAL.png","contentUrl":"https:\/\/patagoniambiental.com.ar\/info\/wp-content\/uploads\/2025\/05\/LOGO-PATAGONIA-AMBIENTAL.png","width":433,"height":250,"caption":"Patagonia Ambiental"},"image":{"@id":"https:\/\/patagoniambiental.com.ar\/info\/#\/schema\/logo\/image\/"},"sameAs":["https:\/\/www.facebook.com\/patagonia.ambiental","https:\/\/x.com\/PatAmb"]},{"@type":"Person","@id":"https:\/\/patagoniambiental.com.ar\/info\/#\/schema\/person\/db12bff64bbcbf6a253710bf0ea37b5d","name":"Patagonia Ambiental","description":"Andr\u00e9s Nievas T\u00e9cnico en manejo ambiental, consultor Ambiental y escritor para medios locales e internacionales sobre temas de geopolitica y medio ambiente.","sameAs":["http:\/\/www.patagoniambiental.com.ar","https:\/\/www.facebook.com\/share\/1C1V8Gv9BX\/?mibextid=qi2Omg","@patagoniambiental","https:\/\/youtube.com\/@patagoniaambiental2023?si=BLt58t0wuXquxlYZ"]}]}},"_links":{"self":[{"href":"https:\/\/patagoniambiental.com.ar\/info\/wp-json\/wp\/v2\/posts\/91874","targetHints":{"allow":["GET"]}}],"collection":[{"href":"https:\/\/patagoniambiental.com.ar\/info\/wp-json\/wp\/v2\/posts"}],"about":[{"href":"https:\/\/patagoniambiental.com.ar\/info\/wp-json\/wp\/v2\/types\/post"}],"author":[{"embeddable":true,"href":"https:\/\/patagoniambiental.com.ar\/info\/wp-json\/wp\/v2\/users\/2"}],"replies":[{"embeddable":true,"href":"https:\/\/patagoniambiental.com.ar\/info\/wp-json\/wp\/v2\/comments?post=91874"}],"version-history":[{"count":0,"href":"https:\/\/patagoniambiental.com.ar\/info\/wp-json\/wp\/v2\/posts\/91874\/revisions"}],"wp:featuredmedia":[{"embeddable":true,"href":"https:\/\/patagoniambiental.com.ar\/info\/wp-json\/wp\/v2\/media\/91875"}],"wp:attachment":[{"href":"https:\/\/patagoniambiental.com.ar\/info\/wp-json\/wp\/v2\/media?parent=91874"}],"wp:term":[{"taxonomy":"category","embeddable":true,"href":"https:\/\/patagoniambiental.com.ar\/info\/wp-json\/wp\/v2\/categories?post=91874"},{"taxonomy":"post_tag","embeddable":true,"href":"https:\/\/patagoniambiental.com.ar\/info\/wp-json\/wp\/v2\/tags?post=91874"}],"curies":[{"name":"wp","href":"https:\/\/api.w.org\/{rel}","templated":true}]}}