{"id":91894,"date":"2025-01-09T10:29:44","date_gmt":"2025-01-09T13:29:44","guid":{"rendered":"https:\/\/patagoniambiental.com.ar\/info\/?p=91894"},"modified":"2025-05-04T16:14:40","modified_gmt":"2025-05-04T19:14:40","slug":"como-proteger-la-fauna-silvestre-en-las-zonas-andinas-y-costeras-de-rio-negro","status":"publish","type":"post","link":"https:\/\/patagoniambiental.com.ar\/info\/como-proteger-la-fauna-silvestre-en-las-zonas-andinas-y-costeras-de-rio-negro\/","title":{"rendered":"C\u00f3mo proteger la fauna silvestre en las zonas andinas y costeras de R\u00edo Negro"},"content":{"rendered":"\n<!--more-->\n\n\n\n<p>Viedma, Provincia de Rio Negro, 9 de enero de 2025. La conservaci\u00f3n de la fauna silvestre es una tarea de todos, especialmente en \u00e1reas tan biodiversas como las regiones andinas y costeras de R\u00edo Negro. La <a href=\"http:\/\/ambiente.rionegro.gov.ar\">Secretar\u00eda de Ambiente y Cambio Clim\u00e1tico<\/a> de la provincia, junto a la Subsecretar\u00eda de Fauna Silvestre, ha intensificado sus esfuerzos para promover una interacci\u00f3n responsable con la fauna local. En este sentido, se han establecido una serie de recomendaciones clave para asegurar tanto el bienestar de los animales como la seguridad de los visitantes.<\/p>\n\n\n\n<p>Leer m\u00e1s: Ambiente de Rio Negro sigue trabajando para proteger nuestra\u00a0Fauna Silvestre!<br><a href=\"https:\/\/patagoniambiental.com.ar\/info\/ambiente-de-rio-negro-sigue-trabajando-para-proteger-nuestra-fauna-silvestre\/\">https:\/\/patagoniambiental.com.ar\/info\/ambiente-de-rio-negro-sigue-trabajando-para-proteger-nuestra-fauna-silvestre\/<\/a><\/p>\n\n\n\n<p>Seg\u00fan Exequiel Braccalente, coordinador del \u00c1rea Natural Protegida R\u00edo Limay, el respeto por los animales comienza con la observaci\u00f3n desde la distancia. \u00abEs un privilegio presenciar la biodiversidad, pero debemos evitar cualquier actitud que ponga en peligro a los animales o a las personas. En caso de un encuentro, lo m\u00e1s adecuado es avisar a las autoridades locales o a Prefectura\u00bb, explica Braccalente.<\/p>\n\n\n\n<p>Consejos clave para la fauna en zonas andinas<\/p>\n\n\n\n<ol class=\"wp-block-list\">\n<li>Zorros:<br>En las regiones monta\u00f1osas de R\u00edo Negro, los zorros suelen acercarse a las \u00e1reas habitadas. Aunque su aspecto sea atractivo, nunca se debe alimentar a estos animales. La comida humana puede ser perjudicial para su salud y alterar su comportamiento natural.<\/li>\n<\/ol>\n\n\n\n<p><a href=\"https:\/\/patagoniambiental.com.ar\/info\/rio-negro-trabaja-en-la-red-federal-de-asistencia-a-varamientos-de-fauna-marina\/\">Leer m\u00e1s:<\/a> R\u00edo Negro trabaja en la Red Federal de asistencia a varamientos de fauna marina<br><\/p>\n\n\n\n<ol start=\"2\" class=\"wp-block-list\">\n<li>Pumas:<br>Aunque los encuentros con pumas son poco comunes, es importante saber c\u00f3mo actuar en caso de encontrarse con uno. En caso de un avistamiento, no se debe dar la espalda ni correr. En su lugar, se recomienda hacer ruidos fuertes, como agitar una prenda de ropa o gritar para parecer m\u00e1s grande y evitar el acercamiento del animal. Adem\u00e1s, es vital proteger a los ni\u00f1os colocando a los m\u00e1s peque\u00f1os detr\u00e1s de los adultos.<\/li>\n\n\n\n<li>Aves y pichones:<br>La fauna aviar en las zonas andinas tambi\u00e9n requiere de cuidados especiales. Si un visitante se encuentra con un pich\u00f3n ca\u00eddo, la recomendaci\u00f3n es no intervenir ni tratar de alimentarlo. La naturaleza se encarga de este tipo de situaciones, y cualquier acci\u00f3n humana puede interferir en el proceso natural de cuidado y protecci\u00f3n del animal.<\/li>\n<\/ol>\n\n\n\n<p><a href=\"https:\/\/patagoniambiental.com.ar\/info\/control-rutinario-contra-la-caza-de-fauna-silvestre-en-rio-negro\/\">Leer m\u00e1s:<\/a> CONTROL\u00a0RUTINARIO CONTRA LA\u00a0CAZA\u00a0DE\u00a0FAUNA\u00a0\u00a0SILVESTRE EN RIO NEGRO<br><\/p>\n\n\n\n<p>Protecci\u00f3n de la fauna marina en las costas de R\u00edo Negro<\/p>\n\n\n\n<p>La costa rionegrina, con su rica biodiversidad marina, es otro punto de encuentro frecuente entre humanos y fauna silvestre. En las playas, es com\u00fan encontrar especies como ballenas, lobos marinos, elefantes marinos, ping\u00fcinos y flamencos, entre otros. Sebasti\u00e1n Ortega, guardafauna en San Antonio, advierte sobre la importancia de no interferir con estos animales. \u00abSi te encuentras con un animal en la playa, recuerda que es su h\u00e1bitat natural. Manipularlo o tratar de alimentarlo solo genera estr\u00e9s en el animal\u00bb, asegura Ortega.<\/p>\n\n\n\n<ol class=\"wp-block-list\">\n<li>Ping\u00fcinos de Magallanes:<br>En las costas, los ping\u00fcinos de Magallanes suelen descansar en la playa durante su migraci\u00f3n. En este caso, es fundamental mantener una distancia segura. No se debe intentar tocarlos ni invadir su espacio, ya que su presencia es esencial para la biodiversidad local.<\/li>\n\n\n\n<li>Lobos y elefantes marinos:<br>Aunque estos mam\u00edferos marinos pueden ser impresionantes por su tama\u00f1o, es crucial no intentar reintroducirlos al agua ni acercarse demasiado. Los lobos y elefantes marinos necesitan descansar fuera del agua, y cualquier intento de manipularlos puede poner en riesgo tanto al animal como al humano.<\/li>\n<\/ol>\n\n\n\n<p>La importancia de la educaci\u00f3n y la conciencia ambiental<\/p>\n\n\n\n<p>La preservaci\u00f3n de la fauna silvestre no solo depende de la acci\u00f3n de las autoridades, sino tambi\u00e9n de la conciencia y el compromiso de los habitantes y turistas que visitan estas zonas. Con un comportamiento responsable y respetuoso hacia la fauna, es posible garantizar la seguridad de los animales y, al mismo tiempo, disfrutar de la riqueza natural que ofrecen las regiones andinas y costeras de R\u00edo Negro.<\/p>\n\n\n\n<p>En resumen, el encuentro con la fauna silvestre en su h\u00e1bitat natural debe ser una experiencia de respeto mutuo. Siguiendo estos consejos y manteniendo una actitud responsable, podemos contribuir a la conservaci\u00f3n de las especies y disfrutar de su presencia sin alterarlas.<\/p>\n","protected":false},"excerpt":{"rendered":"","protected":false},"author":2,"featured_media":91895,"comment_status":"open","ping_status":"open","sticky":false,"template":"","format":"standard","meta":{"site-sidebar-layout":"default","site-content-layout":"","ast-site-content-layout":"default","site-content-style":"default","site-sidebar-style":"default","ast-global-header-display":"","ast-banner-title-visibility":"","ast-main-header-display":"","ast-hfb-above-header-display":"","ast-hfb-below-header-display":"","ast-hfb-mobile-header-display":"","site-post-title":"","ast-breadcrumbs-content":"","ast-featured-img":"","footer-sml-layout":"","ast-disable-related-posts":"","theme-transparent-header-meta":"","adv-header-id-meta":"","stick-header-meta":"","header-above-stick-meta":"","header-main-stick-meta":"","header-below-stick-meta":"","astra-migrate-meta-layouts":"default","ast-page-background-enabled":"default","ast-page-background-meta":{"desktop":{"background-color":"var(--ast-global-color-5)","background-image":"","background-repeat":"repeat","background-position":"center center","background-size":"auto","background-attachment":"scroll","background-type":"","background-media":"","overlay-type":"","overlay-color":"","overlay-opacity":"","overlay-gradient":""},"tablet":{"background-color":"","background-image":"","background-repeat":"repeat","background-position":"center center","background-size":"auto","background-attachment":"scroll","background-type":"","background-media":"","overlay-type":"","overlay-color":"","overlay-opacity":"","overlay-gradient":""},"mobile":{"background-color":"","background-image":"","background-repeat":"repeat","background-position":"center center","background-size":"auto","background-attachment":"scroll","background-type":"","background-media":"","overlay-type":"","overlay-color":"","overlay-opacity":"","overlay-gradient":""}},"ast-content-background-meta":{"desktop":{"background-color":"var(--ast-global-color-4)","background-image":"","background-repeat":"repeat","background-position":"center center","background-size":"auto","background-attachment":"scroll","background-type":"","background-media":"","overlay-type":"","overlay-color":"","overlay-opacity":"","overlay-gradient":""},"tablet":{"background-color":"var(--ast-global-color-4)","background-image":"","background-repeat":"repeat","background-position":"center center","background-size":"auto","background-attachment":"scroll","background-type":"","background-media":"","overlay-type":"","overlay-color":"","overlay-opacity":"","overlay-gradient":""},"mobile":{"background-color":"var(--ast-global-color-4)","background-image":"","background-repeat":"repeat","background-position":"center center","background-size":"auto","background-attachment":"scroll","background-type":"","background-media":"","overlay-type":"","overlay-color":"","overlay-opacity":"","overlay-gradient":""}},"footnotes":""},"categories":[1,13,14],"tags":[],"class_list":["post-91894","post","type-post","status-publish","format-standard","has-post-thumbnail","hentry","category-noticias","category-provinciales","category-rio-negro"],"yoast_head":"<!-- This site is optimized with the Yoast SEO Premium plugin v23.0 (Yoast SEO v27.5) - https:\/\/yoast.com\/product\/yoast-seo-premium-wordpress\/ -->\n<title>C\u00f3mo proteger la fauna silvestre en las zonas andinas y costeras de R\u00edo Negro<\/title>\n<meta name=\"description\" content=\"La conservaci\u00f3n de la fauna silvestre es una tarea de todos, especialmente en \u00e1reas tan biodiversas como las regiones andinas y costeras de R\u00edo Negro.\" \/>\n<meta name=\"robots\" content=\"index, follow, max-snippet:-1, max-image-preview:large, max-video-preview:-1\" \/>\n<link rel=\"canonical\" href=\"https:\/\/patagoniambiental.com.ar\/info\/como-proteger-la-fauna-silvestre-en-las-zonas-andinas-y-costeras-de-rio-negro\/\" \/>\n<meta property=\"og:locale\" content=\"es_ES\" \/>\n<meta property=\"og:type\" content=\"article\" \/>\n<meta property=\"og:title\" content=\"C\u00f3mo proteger la fauna silvestre en las zonas andinas y costeras de R\u00edo Negro\" \/>\n<meta property=\"og:description\" content=\"La conservaci\u00f3n de la fauna silvestre es una tarea de todos, especialmente en \u00e1reas tan biodiversas como las regiones andinas y costeras de R\u00edo Negro.\" \/>\n<meta property=\"og:url\" content=\"https:\/\/patagoniambiental.com.ar\/info\/como-proteger-la-fauna-silvestre-en-las-zonas-andinas-y-costeras-de-rio-negro\/\" \/>\n<meta property=\"og:site_name\" content=\"Patagonia Ambiental\" \/>\n<meta property=\"article:publisher\" content=\"https:\/\/www.facebook.com\/patagonia.ambiental\" \/>\n<meta property=\"article:author\" content=\"https:\/\/www.facebook.com\/share\/1C1V8Gv9BX\/?mibextid=qi2Omg\" \/>\n<meta property=\"article:published_time\" content=\"2025-01-09T13:29:44+00:00\" \/>\n<meta property=\"article:modified_time\" content=\"2025-05-04T19:14:40+00:00\" \/>\n<meta property=\"og:image\" content=\"https:\/\/patagoniambiental.com.ar\/info\/wp-content\/uploads\/2025\/01\/1736422001-26e1a762a437648fb1bc.jpeg\" \/>\n\t<meta property=\"og:image:width\" content=\"1080\" \/>\n\t<meta property=\"og:image:height\" content=\"607\" \/>\n\t<meta property=\"og:image:type\" content=\"image\/jpeg\" \/>\n<meta name=\"author\" content=\"Patagonia Ambiental\" \/>\n<meta name=\"twitter:card\" content=\"summary_large_image\" \/>\n<meta name=\"twitter:creator\" content=\"@PatAmb\" \/>\n<meta name=\"twitter:site\" content=\"@PatAmb\" \/>\n<script type=\"application\/ld+json\" class=\"yoast-schema-graph\">{\"@context\":\"https:\\\/\\\/schema.org\",\"@graph\":[{\"@type\":\"Article\",\"@id\":\"https:\\\/\\\/patagoniambiental.com.ar\\\/info\\\/como-proteger-la-fauna-silvestre-en-las-zonas-andinas-y-costeras-de-rio-negro\\\/#article\",\"isPartOf\":{\"@id\":\"https:\\\/\\\/patagoniambiental.com.ar\\\/info\\\/como-proteger-la-fauna-silvestre-en-las-zonas-andinas-y-costeras-de-rio-negro\\\/\"},\"author\":{\"name\":\"Patagonia Ambiental\",\"@id\":\"https:\\\/\\\/patagoniambiental.com.ar\\\/info\\\/#\\\/schema\\\/person\\\/db12bff64bbcbf6a253710bf0ea37b5d\"},\"headline\":\"C\u00f3mo proteger la fauna silvestre en las zonas andinas y costeras de R\u00edo Negro\",\"datePublished\":\"2025-01-09T13:29:44+00:00\",\"dateModified\":\"2025-05-04T19:14:40+00:00\",\"mainEntityOfPage\":{\"@id\":\"https:\\\/\\\/patagoniambiental.com.ar\\\/info\\\/como-proteger-la-fauna-silvestre-en-las-zonas-andinas-y-costeras-de-rio-negro\\\/\"},\"wordCount\":752,\"commentCount\":0,\"publisher\":{\"@id\":\"https:\\\/\\\/patagoniambiental.com.ar\\\/info\\\/#organization\"},\"image\":{\"@id\":\"https:\\\/\\\/patagoniambiental.com.ar\\\/info\\\/como-proteger-la-fauna-silvestre-en-las-zonas-andinas-y-costeras-de-rio-negro\\\/#primaryimage\"},\"thumbnailUrl\":\"https:\\\/\\\/patagoniambiental.com.ar\\\/info\\\/wp-content\\\/uploads\\\/2025\\\/01\\\/1736422001-26e1a762a437648fb1bc.jpeg\",\"articleSection\":[\"Noticias\",\"Provinciales\",\"R\u00edo Negro\"],\"inLanguage\":\"es\",\"potentialAction\":[{\"@type\":\"CommentAction\",\"name\":\"Comment\",\"target\":[\"https:\\\/\\\/patagoniambiental.com.ar\\\/info\\\/como-proteger-la-fauna-silvestre-en-las-zonas-andinas-y-costeras-de-rio-negro\\\/#respond\"]}]},{\"@type\":\"WebPage\",\"@id\":\"https:\\\/\\\/patagoniambiental.com.ar\\\/info\\\/como-proteger-la-fauna-silvestre-en-las-zonas-andinas-y-costeras-de-rio-negro\\\/\",\"url\":\"https:\\\/\\\/patagoniambiental.com.ar\\\/info\\\/como-proteger-la-fauna-silvestre-en-las-zonas-andinas-y-costeras-de-rio-negro\\\/\",\"name\":\"C\u00f3mo proteger la fauna silvestre en las zonas andinas y costeras de R\u00edo Negro\",\"isPartOf\":{\"@id\":\"https:\\\/\\\/patagoniambiental.com.ar\\\/info\\\/#website\"},\"primaryImageOfPage\":{\"@id\":\"https:\\\/\\\/patagoniambiental.com.ar\\\/info\\\/como-proteger-la-fauna-silvestre-en-las-zonas-andinas-y-costeras-de-rio-negro\\\/#primaryimage\"},\"image\":{\"@id\":\"https:\\\/\\\/patagoniambiental.com.ar\\\/info\\\/como-proteger-la-fauna-silvestre-en-las-zonas-andinas-y-costeras-de-rio-negro\\\/#primaryimage\"},\"thumbnailUrl\":\"https:\\\/\\\/patagoniambiental.com.ar\\\/info\\\/wp-content\\\/uploads\\\/2025\\\/01\\\/1736422001-26e1a762a437648fb1bc.jpeg\",\"datePublished\":\"2025-01-09T13:29:44+00:00\",\"dateModified\":\"2025-05-04T19:14:40+00:00\",\"description\":\"La conservaci\u00f3n de la fauna silvestre es una tarea de todos, especialmente en \u00e1reas tan biodiversas como las regiones andinas y costeras de R\u00edo Negro.\",\"breadcrumb\":{\"@id\":\"https:\\\/\\\/patagoniambiental.com.ar\\\/info\\\/como-proteger-la-fauna-silvestre-en-las-zonas-andinas-y-costeras-de-rio-negro\\\/#breadcrumb\"},\"inLanguage\":\"es\",\"potentialAction\":[{\"@type\":\"ReadAction\",\"target\":[\"https:\\\/\\\/patagoniambiental.com.ar\\\/info\\\/como-proteger-la-fauna-silvestre-en-las-zonas-andinas-y-costeras-de-rio-negro\\\/\"]}]},{\"@type\":\"ImageObject\",\"inLanguage\":\"es\",\"@id\":\"https:\\\/\\\/patagoniambiental.com.ar\\\/info\\\/como-proteger-la-fauna-silvestre-en-las-zonas-andinas-y-costeras-de-rio-negro\\\/#primaryimage\",\"url\":\"https:\\\/\\\/patagoniambiental.com.ar\\\/info\\\/wp-content\\\/uploads\\\/2025\\\/01\\\/1736422001-26e1a762a437648fb1bc.jpeg\",\"contentUrl\":\"https:\\\/\\\/patagoniambiental.com.ar\\\/info\\\/wp-content\\\/uploads\\\/2025\\\/01\\\/1736422001-26e1a762a437648fb1bc.jpeg\",\"width\":1080,\"height\":607,\"caption\":\"C\u00f3mo proteger la fauna silvestre en las zonas andinas y costeras de R\u00edo Negro\"},{\"@type\":\"BreadcrumbList\",\"@id\":\"https:\\\/\\\/patagoniambiental.com.ar\\\/info\\\/como-proteger-la-fauna-silvestre-en-las-zonas-andinas-y-costeras-de-rio-negro\\\/#breadcrumb\",\"itemListElement\":[{\"@type\":\"ListItem\",\"position\":1,\"name\":\"Inicio\",\"item\":\"https:\\\/\\\/patagoniambiental.com.ar\\\/info\\\/\"},{\"@type\":\"ListItem\",\"position\":2,\"name\":\"C\u00f3mo proteger la fauna silvestre en las zonas andinas y costeras de R\u00edo Negro\"}]},{\"@type\":\"WebSite\",\"@id\":\"https:\\\/\\\/patagoniambiental.com.ar\\\/info\\\/#website\",\"url\":\"https:\\\/\\\/patagoniambiental.com.ar\\\/info\\\/\",\"name\":\"Patagonia Ambiental\",\"description\":\"Monitoreo y an\u00e1lisis de la situaci\u00f3n geopol\u00edtica en el mundo y su implicancia en la Patagonia\",\"publisher\":{\"@id\":\"https:\\\/\\\/patagoniambiental.com.ar\\\/info\\\/#organization\"},\"potentialAction\":[{\"@type\":\"SearchAction\",\"target\":{\"@type\":\"EntryPoint\",\"urlTemplate\":\"https:\\\/\\\/patagoniambiental.com.ar\\\/info\\\/?s={search_term_string}\"},\"query-input\":{\"@type\":\"PropertyValueSpecification\",\"valueRequired\":true,\"valueName\":\"search_term_string\"}}],\"inLanguage\":\"es\"},{\"@type\":\"Organization\",\"@id\":\"https:\\\/\\\/patagoniambiental.com.ar\\\/info\\\/#organization\",\"name\":\"Patagonia Ambiental\",\"url\":\"https:\\\/\\\/patagoniambiental.com.ar\\\/info\\\/\",\"logo\":{\"@type\":\"ImageObject\",\"inLanguage\":\"es\",\"@id\":\"https:\\\/\\\/patagoniambiental.com.ar\\\/info\\\/#\\\/schema\\\/logo\\\/image\\\/\",\"url\":\"https:\\\/\\\/patagoniambiental.com.ar\\\/info\\\/wp-content\\\/uploads\\\/2025\\\/05\\\/LOGO-PATAGONIA-AMBIENTAL.png\",\"contentUrl\":\"https:\\\/\\\/patagoniambiental.com.ar\\\/info\\\/wp-content\\\/uploads\\\/2025\\\/05\\\/LOGO-PATAGONIA-AMBIENTAL.png\",\"width\":433,\"height\":250,\"caption\":\"Patagonia Ambiental\"},\"image\":{\"@id\":\"https:\\\/\\\/patagoniambiental.com.ar\\\/info\\\/#\\\/schema\\\/logo\\\/image\\\/\"},\"sameAs\":[\"https:\\\/\\\/www.facebook.com\\\/patagonia.ambiental\",\"https:\\\/\\\/x.com\\\/PatAmb\"]},{\"@type\":\"Person\",\"@id\":\"https:\\\/\\\/patagoniambiental.com.ar\\\/info\\\/#\\\/schema\\\/person\\\/db12bff64bbcbf6a253710bf0ea37b5d\",\"name\":\"Patagonia Ambiental\",\"description\":\"Andr\u00e9s Nievas T\u00e9cnico en manejo ambiental, consultor Ambiental y escritor para medios locales e internacionales sobre temas de geopolitica y medio ambiente.\",\"sameAs\":[\"http:\\\/\\\/www.patagoniambiental.com.ar\",\"https:\\\/\\\/www.facebook.com\\\/share\\\/1C1V8Gv9BX\\\/?mibextid=qi2Omg\",\"@patagoniambiental\",\"https:\\\/\\\/youtube.com\\\/@patagoniaambiental2023?si=BLt58t0wuXquxlYZ\"]}]}<\/script>\n<!-- \/ Yoast SEO Premium plugin. -->","yoast_head_json":{"title":"C\u00f3mo proteger la fauna silvestre en las zonas andinas y costeras de R\u00edo Negro","description":"La conservaci\u00f3n de la fauna silvestre es una tarea de todos, especialmente en \u00e1reas tan biodiversas como las regiones andinas y costeras de R\u00edo Negro.","robots":{"index":"index","follow":"follow","max-snippet":"max-snippet:-1","max-image-preview":"max-image-preview:large","max-video-preview":"max-video-preview:-1"},"canonical":"https:\/\/patagoniambiental.com.ar\/info\/como-proteger-la-fauna-silvestre-en-las-zonas-andinas-y-costeras-de-rio-negro\/","og_locale":"es_ES","og_type":"article","og_title":"C\u00f3mo proteger la fauna silvestre en las zonas andinas y costeras de R\u00edo Negro","og_description":"La conservaci\u00f3n de la fauna silvestre es una tarea de todos, especialmente en \u00e1reas tan biodiversas como las regiones andinas y costeras de R\u00edo Negro.","og_url":"https:\/\/patagoniambiental.com.ar\/info\/como-proteger-la-fauna-silvestre-en-las-zonas-andinas-y-costeras-de-rio-negro\/","og_site_name":"Patagonia Ambiental","article_publisher":"https:\/\/www.facebook.com\/patagonia.ambiental","article_author":"https:\/\/www.facebook.com\/share\/1C1V8Gv9BX\/?mibextid=qi2Omg","article_published_time":"2025-01-09T13:29:44+00:00","article_modified_time":"2025-05-04T19:14:40+00:00","og_image":[{"width":1080,"height":607,"url":"https:\/\/patagoniambiental.com.ar\/info\/wp-content\/uploads\/2025\/01\/1736422001-26e1a762a437648fb1bc.jpeg","type":"image\/jpeg"}],"author":"Patagonia Ambiental","twitter_card":"summary_large_image","twitter_creator":"@PatAmb","twitter_site":"@PatAmb","schema":{"@context":"https:\/\/schema.org","@graph":[{"@type":"Article","@id":"https:\/\/patagoniambiental.com.ar\/info\/como-proteger-la-fauna-silvestre-en-las-zonas-andinas-y-costeras-de-rio-negro\/#article","isPartOf":{"@id":"https:\/\/patagoniambiental.com.ar\/info\/como-proteger-la-fauna-silvestre-en-las-zonas-andinas-y-costeras-de-rio-negro\/"},"author":{"name":"Patagonia Ambiental","@id":"https:\/\/patagoniambiental.com.ar\/info\/#\/schema\/person\/db12bff64bbcbf6a253710bf0ea37b5d"},"headline":"C\u00f3mo proteger la fauna silvestre en las zonas andinas y costeras de R\u00edo Negro","datePublished":"2025-01-09T13:29:44+00:00","dateModified":"2025-05-04T19:14:40+00:00","mainEntityOfPage":{"@id":"https:\/\/patagoniambiental.com.ar\/info\/como-proteger-la-fauna-silvestre-en-las-zonas-andinas-y-costeras-de-rio-negro\/"},"wordCount":752,"commentCount":0,"publisher":{"@id":"https:\/\/patagoniambiental.com.ar\/info\/#organization"},"image":{"@id":"https:\/\/patagoniambiental.com.ar\/info\/como-proteger-la-fauna-silvestre-en-las-zonas-andinas-y-costeras-de-rio-negro\/#primaryimage"},"thumbnailUrl":"https:\/\/patagoniambiental.com.ar\/info\/wp-content\/uploads\/2025\/01\/1736422001-26e1a762a437648fb1bc.jpeg","articleSection":["Noticias","Provinciales","R\u00edo Negro"],"inLanguage":"es","potentialAction":[{"@type":"CommentAction","name":"Comment","target":["https:\/\/patagoniambiental.com.ar\/info\/como-proteger-la-fauna-silvestre-en-las-zonas-andinas-y-costeras-de-rio-negro\/#respond"]}]},{"@type":"WebPage","@id":"https:\/\/patagoniambiental.com.ar\/info\/como-proteger-la-fauna-silvestre-en-las-zonas-andinas-y-costeras-de-rio-negro\/","url":"https:\/\/patagoniambiental.com.ar\/info\/como-proteger-la-fauna-silvestre-en-las-zonas-andinas-y-costeras-de-rio-negro\/","name":"C\u00f3mo proteger la fauna silvestre en las zonas andinas y costeras de R\u00edo Negro","isPartOf":{"@id":"https:\/\/patagoniambiental.com.ar\/info\/#website"},"primaryImageOfPage":{"@id":"https:\/\/patagoniambiental.com.ar\/info\/como-proteger-la-fauna-silvestre-en-las-zonas-andinas-y-costeras-de-rio-negro\/#primaryimage"},"image":{"@id":"https:\/\/patagoniambiental.com.ar\/info\/como-proteger-la-fauna-silvestre-en-las-zonas-andinas-y-costeras-de-rio-negro\/#primaryimage"},"thumbnailUrl":"https:\/\/patagoniambiental.com.ar\/info\/wp-content\/uploads\/2025\/01\/1736422001-26e1a762a437648fb1bc.jpeg","datePublished":"2025-01-09T13:29:44+00:00","dateModified":"2025-05-04T19:14:40+00:00","description":"La conservaci\u00f3n de la fauna silvestre es una tarea de todos, especialmente en \u00e1reas tan biodiversas como las regiones andinas y costeras de R\u00edo Negro.","breadcrumb":{"@id":"https:\/\/patagoniambiental.com.ar\/info\/como-proteger-la-fauna-silvestre-en-las-zonas-andinas-y-costeras-de-rio-negro\/#breadcrumb"},"inLanguage":"es","potentialAction":[{"@type":"ReadAction","target":["https:\/\/patagoniambiental.com.ar\/info\/como-proteger-la-fauna-silvestre-en-las-zonas-andinas-y-costeras-de-rio-negro\/"]}]},{"@type":"ImageObject","inLanguage":"es","@id":"https:\/\/patagoniambiental.com.ar\/info\/como-proteger-la-fauna-silvestre-en-las-zonas-andinas-y-costeras-de-rio-negro\/#primaryimage","url":"https:\/\/patagoniambiental.com.ar\/info\/wp-content\/uploads\/2025\/01\/1736422001-26e1a762a437648fb1bc.jpeg","contentUrl":"https:\/\/patagoniambiental.com.ar\/info\/wp-content\/uploads\/2025\/01\/1736422001-26e1a762a437648fb1bc.jpeg","width":1080,"height":607,"caption":"C\u00f3mo proteger la fauna silvestre en las zonas andinas y costeras de R\u00edo Negro"},{"@type":"BreadcrumbList","@id":"https:\/\/patagoniambiental.com.ar\/info\/como-proteger-la-fauna-silvestre-en-las-zonas-andinas-y-costeras-de-rio-negro\/#breadcrumb","itemListElement":[{"@type":"ListItem","position":1,"name":"Inicio","item":"https:\/\/patagoniambiental.com.ar\/info\/"},{"@type":"ListItem","position":2,"name":"C\u00f3mo proteger la fauna silvestre en las zonas andinas y costeras de R\u00edo Negro"}]},{"@type":"WebSite","@id":"https:\/\/patagoniambiental.com.ar\/info\/#website","url":"https:\/\/patagoniambiental.com.ar\/info\/","name":"Patagonia Ambiental","description":"Monitoreo y an\u00e1lisis de la situaci\u00f3n geopol\u00edtica en el mundo y su implicancia en la Patagonia","publisher":{"@id":"https:\/\/patagoniambiental.com.ar\/info\/#organization"},"potentialAction":[{"@type":"SearchAction","target":{"@type":"EntryPoint","urlTemplate":"https:\/\/patagoniambiental.com.ar\/info\/?s={search_term_string}"},"query-input":{"@type":"PropertyValueSpecification","valueRequired":true,"valueName":"search_term_string"}}],"inLanguage":"es"},{"@type":"Organization","@id":"https:\/\/patagoniambiental.com.ar\/info\/#organization","name":"Patagonia Ambiental","url":"https:\/\/patagoniambiental.com.ar\/info\/","logo":{"@type":"ImageObject","inLanguage":"es","@id":"https:\/\/patagoniambiental.com.ar\/info\/#\/schema\/logo\/image\/","url":"https:\/\/patagoniambiental.com.ar\/info\/wp-content\/uploads\/2025\/05\/LOGO-PATAGONIA-AMBIENTAL.png","contentUrl":"https:\/\/patagoniambiental.com.ar\/info\/wp-content\/uploads\/2025\/05\/LOGO-PATAGONIA-AMBIENTAL.png","width":433,"height":250,"caption":"Patagonia Ambiental"},"image":{"@id":"https:\/\/patagoniambiental.com.ar\/info\/#\/schema\/logo\/image\/"},"sameAs":["https:\/\/www.facebook.com\/patagonia.ambiental","https:\/\/x.com\/PatAmb"]},{"@type":"Person","@id":"https:\/\/patagoniambiental.com.ar\/info\/#\/schema\/person\/db12bff64bbcbf6a253710bf0ea37b5d","name":"Patagonia Ambiental","description":"Andr\u00e9s Nievas T\u00e9cnico en manejo ambiental, consultor Ambiental y escritor para medios locales e internacionales sobre temas de geopolitica y medio ambiente.","sameAs":["http:\/\/www.patagoniambiental.com.ar","https:\/\/www.facebook.com\/share\/1C1V8Gv9BX\/?mibextid=qi2Omg","@patagoniambiental","https:\/\/youtube.com\/@patagoniaambiental2023?si=BLt58t0wuXquxlYZ"]}]}},"_links":{"self":[{"href":"https:\/\/patagoniambiental.com.ar\/info\/wp-json\/wp\/v2\/posts\/91894","targetHints":{"allow":["GET"]}}],"collection":[{"href":"https:\/\/patagoniambiental.com.ar\/info\/wp-json\/wp\/v2\/posts"}],"about":[{"href":"https:\/\/patagoniambiental.com.ar\/info\/wp-json\/wp\/v2\/types\/post"}],"author":[{"embeddable":true,"href":"https:\/\/patagoniambiental.com.ar\/info\/wp-json\/wp\/v2\/users\/2"}],"replies":[{"embeddable":true,"href":"https:\/\/patagoniambiental.com.ar\/info\/wp-json\/wp\/v2\/comments?post=91894"}],"version-history":[{"count":0,"href":"https:\/\/patagoniambiental.com.ar\/info\/wp-json\/wp\/v2\/posts\/91894\/revisions"}],"wp:featuredmedia":[{"embeddable":true,"href":"https:\/\/patagoniambiental.com.ar\/info\/wp-json\/wp\/v2\/media\/91895"}],"wp:attachment":[{"href":"https:\/\/patagoniambiental.com.ar\/info\/wp-json\/wp\/v2\/media?parent=91894"}],"wp:term":[{"taxonomy":"category","embeddable":true,"href":"https:\/\/patagoniambiental.com.ar\/info\/wp-json\/wp\/v2\/categories?post=91894"},{"taxonomy":"post_tag","embeddable":true,"href":"https:\/\/patagoniambiental.com.ar\/info\/wp-json\/wp\/v2\/tags?post=91894"}],"curies":[{"name":"wp","href":"https:\/\/api.w.org\/{rel}","templated":true}]}}