{"id":91925,"date":"2025-01-15T09:57:01","date_gmt":"2025-01-15T12:57:01","guid":{"rendered":"https:\/\/patagoniambiental.com.ar\/info\/?p=91925"},"modified":"2025-05-04T16:14:32","modified_gmt":"2025-05-04T19:14:32","slug":"seguridad-en-la-montana-por-que-el-registro-online-es-crucial-antes-de-visitar-rio-azul","status":"publish","type":"post","link":"https:\/\/patagoniambiental.com.ar\/info\/seguridad-en-la-montana-por-que-el-registro-online-es-crucial-antes-de-visitar-rio-azul\/","title":{"rendered":"Seguridad en la monta\u00f1a: por qu\u00e9 el registro online es crucial antes de visitar R\u00edo Azul"},"content":{"rendered":"\n<!--more-->\n\n\n\n<p>El Bols\u00f3n, Provincia de Rio Negro, 14 de enero de 2025. La Secretar\u00eda de Ambiente y Cambio Clim\u00e1tico de R\u00edo Negro insiste en la importancia de registrarse previamente de manera obligatoria antes de ingresar al \u00c1rea Natural Protegida R\u00edo Azul-Lago Escondido (ANPRALE). Este tr\u00e1mite, que debe ser realizado de forma personal y online, tiene como fin asegurar tanto la seguridad de los visitantes como la protecci\u00f3n del ecosistema local. Adem\u00e1s, al evitar la saturaci\u00f3n de los puntos de acceso, facilita una experiencia m\u00e1s fluida y organizada en los diversos circuitos monta\u00f1osos.<\/p>\n\n\n\n<figure class=\"wp-block-image size-full is-resized\"><img fetchpriority=\"high\" decoding=\"async\" width=\"1067\" height=\"600\" src=\"https:\/\/patagoniambiental.com.ar\/info\/wp-content\/uploads\/2025\/01\/1000103311.jpg\" alt=\"\" class=\"wp-image-91927\" style=\"width:706px;height:auto\"\/><\/figure>\n\n\n\n<p>Emanuel Jara, coordinador de ANPRALE, subraya la relevancia de completar el registro antes de llegar a la zona, ya que, en muchos casos, los usuarios intentan realizarlo en Wharton, el \u00faltimo punto con se\u00f1al en el camino. Esto genera congesti\u00f3n en el sistema debido a la cantidad de personas que intentan acceder simult\u00e1neamente. Aunque recientemente se ha instalado un punto de wifi en la localidad, en colaboraci\u00f3n con la Municipalidad y la Cooperativa Copetel, Jara recomienda llevar a cabo el registro desde un lugar con buena conexi\u00f3n antes de llegar a la zona.<\/p>\n\n\n\n<p>Cada d\u00eda, m\u00e1s de 900 personas visitan el \u00c1rea Natural Protegida, y Wharton se ha convertido en uno de los accesos m\u00e1s frecuentados. La gran cantidad de usuarios que intentan registrarse en el lugar impacta directamente en la velocidad del sistema, por lo que realizar el registro con anticipaci\u00f3n garantiza una experiencia m\u00e1s \u00e1gil y reduce posibles complicaciones.<\/p>\n\n\n\n<p>La zona en cuesti\u00f3n es de dif\u00edcil acceso, con terrenos agrestes y senderos sin cobertura telef\u00f3nica, lo que hace fundamental planificar la visita de manera adecuada. Adem\u00e1s, es crucial informarse sobre las condiciones clim\u00e1ticas y seleccionar rutas que correspondan al nivel de experiencia y preparaci\u00f3n f\u00edsica de cada visitante.<\/p>\n\n\n\n<p>\u201cEl registro no es solo un tr\u00e1mite, sino una herramienta para proteger tanto a los visitantes como al entorno natural. Realizarlo con antelaci\u00f3n no solo facilita el acceso, sino que contribuye a mantener el flujo organizado y a minimizar los riesgos\u201d, explica Jara.<\/p>\n\n\n\n<p>Para obtener m\u00e1s detalles sobre los senderos disponibles, recomendaciones y completar el registro necesario, los interesados pueden visitar el sitio web oficial de ANPRALE en <a href=\"https:\/\/anprale.com\/\">https:\/\/anprale.com<\/a>.<\/p>\n","protected":false},"excerpt":{"rendered":"","protected":false},"author":2,"featured_media":91926,"comment_status":"open","ping_status":"open","sticky":false,"template":"","format":"standard","meta":{"site-sidebar-layout":"default","site-content-layout":"","ast-site-content-layout":"default","site-content-style":"default","site-sidebar-style":"default","ast-global-header-display":"","ast-banner-title-visibility":"","ast-main-header-display":"","ast-hfb-above-header-display":"","ast-hfb-below-header-display":"","ast-hfb-mobile-header-display":"","site-post-title":"","ast-breadcrumbs-content":"","ast-featured-img":"","footer-sml-layout":"","ast-disable-related-posts":"","theme-transparent-header-meta":"","adv-header-id-meta":"","stick-header-meta":"","header-above-stick-meta":"","header-main-stick-meta":"","header-below-stick-meta":"","astra-migrate-meta-layouts":"default","ast-page-background-enabled":"default","ast-page-background-meta":{"desktop":{"background-color":"var(--ast-global-color-5)","background-image":"","background-repeat":"repeat","background-position":"center center","background-size":"auto","background-attachment":"scroll","background-type":"","background-media":"","overlay-type":"","overlay-color":"","overlay-opacity":"","overlay-gradient":""},"tablet":{"background-color":"","background-image":"","background-repeat":"repeat","background-position":"center center","background-size":"auto","background-attachment":"scroll","background-type":"","background-media":"","overlay-type":"","overlay-color":"","overlay-opacity":"","overlay-gradient":""},"mobile":{"background-color":"","background-image":"","background-repeat":"repeat","background-position":"center center","background-size":"auto","background-attachment":"scroll","background-type":"","background-media":"","overlay-type":"","overlay-color":"","overlay-opacity":"","overlay-gradient":""}},"ast-content-background-meta":{"desktop":{"background-color":"var(--ast-global-color-4)","background-image":"","background-repeat":"repeat","background-position":"center center","background-size":"auto","background-attachment":"scroll","background-type":"","background-media":"","overlay-type":"","overlay-color":"","overlay-opacity":"","overlay-gradient":""},"tablet":{"background-color":"var(--ast-global-color-4)","background-image":"","background-repeat":"repeat","background-position":"center center","background-size":"auto","background-attachment":"scroll","background-type":"","background-media":"","overlay-type":"","overlay-color":"","overlay-opacity":"","overlay-gradient":""},"mobile":{"background-color":"var(--ast-global-color-4)","background-image":"","background-repeat":"repeat","background-position":"center center","background-size":"auto","background-attachment":"scroll","background-type":"","background-media":"","overlay-type":"","overlay-color":"","overlay-opacity":"","overlay-gradient":""}},"footnotes":""},"categories":[1,13,14],"tags":[],"class_list":["post-91925","post","type-post","status-publish","format-standard","has-post-thumbnail","hentry","category-noticias","category-provinciales","category-rio-negro"],"yoast_head":"<!-- This site is optimized with the Yoast SEO Premium plugin v23.0 (Yoast SEO v27.5) - https:\/\/yoast.com\/product\/yoast-seo-premium-wordpress\/ -->\n<title>Seguridad en la monta\u00f1a: por qu\u00e9 el registro online es crucial antes de visitar R\u00edo Azul<\/title>\n<meta name=\"description\" content=\"La Secretar\u00eda de Ambiente y Cambio Clim\u00e1tico de R\u00edo Negro insiste en la importancia de registrarse previamente de manera obligatoria antes de ingresar al \u00c1rea Natural Protegida R\u00edo Azul-Lago Escondido (ANPRALE).\" \/>\n<meta name=\"robots\" content=\"index, follow, max-snippet:-1, max-image-preview:large, max-video-preview:-1\" \/>\n<link rel=\"canonical\" href=\"https:\/\/patagoniambiental.com.ar\/info\/seguridad-en-la-montana-por-que-el-registro-online-es-crucial-antes-de-visitar-rio-azul\/\" \/>\n<meta property=\"og:locale\" content=\"es_ES\" \/>\n<meta property=\"og:type\" content=\"article\" \/>\n<meta property=\"og:title\" content=\"Seguridad en la monta\u00f1a: por qu\u00e9 el registro online es crucial antes de visitar R\u00edo Azul\" \/>\n<meta property=\"og:description\" content=\"La Secretar\u00eda de Ambiente y Cambio Clim\u00e1tico de R\u00edo Negro insiste en la importancia de registrarse previamente de manera obligatoria antes de ingresar al \u00c1rea Natural Protegida R\u00edo Azul-Lago Escondido (ANPRALE).\" \/>\n<meta property=\"og:url\" content=\"https:\/\/patagoniambiental.com.ar\/info\/seguridad-en-la-montana-por-que-el-registro-online-es-crucial-antes-de-visitar-rio-azul\/\" \/>\n<meta property=\"og:site_name\" content=\"Patagonia Ambiental\" \/>\n<meta property=\"article:publisher\" content=\"https:\/\/www.facebook.com\/patagonia.ambiental\" \/>\n<meta property=\"article:author\" content=\"https:\/\/www.facebook.com\/share\/1C1V8Gv9BX\/?mibextid=qi2Omg\" \/>\n<meta property=\"article:published_time\" content=\"2025-01-15T12:57:01+00:00\" \/>\n<meta property=\"article:modified_time\" content=\"2025-05-04T19:14:32+00:00\" \/>\n<meta property=\"og:image\" content=\"https:\/\/patagoniambiental.com.ar\/info\/wp-content\/uploads\/2025\/01\/1736857937-ce99c932942997a5543a.jpeg\" \/>\n\t<meta property=\"og:image:width\" content=\"1080\" \/>\n\t<meta property=\"og:image:height\" content=\"607\" \/>\n\t<meta property=\"og:image:type\" content=\"image\/jpeg\" \/>\n<meta name=\"author\" content=\"Patagonia Ambiental\" \/>\n<meta name=\"twitter:card\" content=\"summary_large_image\" \/>\n<meta name=\"twitter:creator\" content=\"@PatAmb\" \/>\n<meta name=\"twitter:site\" content=\"@PatAmb\" \/>\n<script type=\"application\/ld+json\" class=\"yoast-schema-graph\">{\"@context\":\"https:\\\/\\\/schema.org\",\"@graph\":[{\"@type\":\"Article\",\"@id\":\"https:\\\/\\\/patagoniambiental.com.ar\\\/info\\\/seguridad-en-la-montana-por-que-el-registro-online-es-crucial-antes-de-visitar-rio-azul\\\/#article\",\"isPartOf\":{\"@id\":\"https:\\\/\\\/patagoniambiental.com.ar\\\/info\\\/seguridad-en-la-montana-por-que-el-registro-online-es-crucial-antes-de-visitar-rio-azul\\\/\"},\"author\":{\"name\":\"Patagonia Ambiental\",\"@id\":\"https:\\\/\\\/patagoniambiental.com.ar\\\/info\\\/#\\\/schema\\\/person\\\/db12bff64bbcbf6a253710bf0ea37b5d\"},\"headline\":\"Seguridad en la monta\u00f1a: por qu\u00e9 el registro online es crucial antes de visitar R\u00edo Azul\",\"datePublished\":\"2025-01-15T12:57:01+00:00\",\"dateModified\":\"2025-05-04T19:14:32+00:00\",\"mainEntityOfPage\":{\"@id\":\"https:\\\/\\\/patagoniambiental.com.ar\\\/info\\\/seguridad-en-la-montana-por-que-el-registro-online-es-crucial-antes-de-visitar-rio-azul\\\/\"},\"wordCount\":408,\"commentCount\":0,\"publisher\":{\"@id\":\"https:\\\/\\\/patagoniambiental.com.ar\\\/info\\\/#organization\"},\"image\":{\"@id\":\"https:\\\/\\\/patagoniambiental.com.ar\\\/info\\\/seguridad-en-la-montana-por-que-el-registro-online-es-crucial-antes-de-visitar-rio-azul\\\/#primaryimage\"},\"thumbnailUrl\":\"https:\\\/\\\/patagoniambiental.com.ar\\\/info\\\/wp-content\\\/uploads\\\/2025\\\/01\\\/1736857937-ce99c932942997a5543a.jpeg\",\"articleSection\":[\"Noticias\",\"Provinciales\",\"R\u00edo Negro\"],\"inLanguage\":\"es\",\"potentialAction\":[{\"@type\":\"CommentAction\",\"name\":\"Comment\",\"target\":[\"https:\\\/\\\/patagoniambiental.com.ar\\\/info\\\/seguridad-en-la-montana-por-que-el-registro-online-es-crucial-antes-de-visitar-rio-azul\\\/#respond\"]}]},{\"@type\":\"WebPage\",\"@id\":\"https:\\\/\\\/patagoniambiental.com.ar\\\/info\\\/seguridad-en-la-montana-por-que-el-registro-online-es-crucial-antes-de-visitar-rio-azul\\\/\",\"url\":\"https:\\\/\\\/patagoniambiental.com.ar\\\/info\\\/seguridad-en-la-montana-por-que-el-registro-online-es-crucial-antes-de-visitar-rio-azul\\\/\",\"name\":\"Seguridad en la monta\u00f1a: por qu\u00e9 el registro online es crucial antes de visitar R\u00edo Azul\",\"isPartOf\":{\"@id\":\"https:\\\/\\\/patagoniambiental.com.ar\\\/info\\\/#website\"},\"primaryImageOfPage\":{\"@id\":\"https:\\\/\\\/patagoniambiental.com.ar\\\/info\\\/seguridad-en-la-montana-por-que-el-registro-online-es-crucial-antes-de-visitar-rio-azul\\\/#primaryimage\"},\"image\":{\"@id\":\"https:\\\/\\\/patagoniambiental.com.ar\\\/info\\\/seguridad-en-la-montana-por-que-el-registro-online-es-crucial-antes-de-visitar-rio-azul\\\/#primaryimage\"},\"thumbnailUrl\":\"https:\\\/\\\/patagoniambiental.com.ar\\\/info\\\/wp-content\\\/uploads\\\/2025\\\/01\\\/1736857937-ce99c932942997a5543a.jpeg\",\"datePublished\":\"2025-01-15T12:57:01+00:00\",\"dateModified\":\"2025-05-04T19:14:32+00:00\",\"description\":\"La Secretar\u00eda de Ambiente y Cambio Clim\u00e1tico de R\u00edo Negro insiste en la importancia de registrarse previamente de manera obligatoria antes de ingresar al \u00c1rea Natural Protegida R\u00edo Azul-Lago Escondido (ANPRALE).\",\"breadcrumb\":{\"@id\":\"https:\\\/\\\/patagoniambiental.com.ar\\\/info\\\/seguridad-en-la-montana-por-que-el-registro-online-es-crucial-antes-de-visitar-rio-azul\\\/#breadcrumb\"},\"inLanguage\":\"es\",\"potentialAction\":[{\"@type\":\"ReadAction\",\"target\":[\"https:\\\/\\\/patagoniambiental.com.ar\\\/info\\\/seguridad-en-la-montana-por-que-el-registro-online-es-crucial-antes-de-visitar-rio-azul\\\/\"]}]},{\"@type\":\"ImageObject\",\"inLanguage\":\"es\",\"@id\":\"https:\\\/\\\/patagoniambiental.com.ar\\\/info\\\/seguridad-en-la-montana-por-que-el-registro-online-es-crucial-antes-de-visitar-rio-azul\\\/#primaryimage\",\"url\":\"https:\\\/\\\/patagoniambiental.com.ar\\\/info\\\/wp-content\\\/uploads\\\/2025\\\/01\\\/1736857937-ce99c932942997a5543a.jpeg\",\"contentUrl\":\"https:\\\/\\\/patagoniambiental.com.ar\\\/info\\\/wp-content\\\/uploads\\\/2025\\\/01\\\/1736857937-ce99c932942997a5543a.jpeg\",\"width\":1080,\"height\":607,\"caption\":\"Seguridad en la Monta\u00f1a\"},{\"@type\":\"BreadcrumbList\",\"@id\":\"https:\\\/\\\/patagoniambiental.com.ar\\\/info\\\/seguridad-en-la-montana-por-que-el-registro-online-es-crucial-antes-de-visitar-rio-azul\\\/#breadcrumb\",\"itemListElement\":[{\"@type\":\"ListItem\",\"position\":1,\"name\":\"Inicio\",\"item\":\"https:\\\/\\\/patagoniambiental.com.ar\\\/info\\\/\"},{\"@type\":\"ListItem\",\"position\":2,\"name\":\"Seguridad en la monta\u00f1a: por qu\u00e9 el registro online es crucial antes de visitar R\u00edo Azul\"}]},{\"@type\":\"WebSite\",\"@id\":\"https:\\\/\\\/patagoniambiental.com.ar\\\/info\\\/#website\",\"url\":\"https:\\\/\\\/patagoniambiental.com.ar\\\/info\\\/\",\"name\":\"Patagonia Ambiental\",\"description\":\"Monitoreo y an\u00e1lisis de la situaci\u00f3n geopol\u00edtica en el mundo y su implicancia en la Patagonia\",\"publisher\":{\"@id\":\"https:\\\/\\\/patagoniambiental.com.ar\\\/info\\\/#organization\"},\"potentialAction\":[{\"@type\":\"SearchAction\",\"target\":{\"@type\":\"EntryPoint\",\"urlTemplate\":\"https:\\\/\\\/patagoniambiental.com.ar\\\/info\\\/?s={search_term_string}\"},\"query-input\":{\"@type\":\"PropertyValueSpecification\",\"valueRequired\":true,\"valueName\":\"search_term_string\"}}],\"inLanguage\":\"es\"},{\"@type\":\"Organization\",\"@id\":\"https:\\\/\\\/patagoniambiental.com.ar\\\/info\\\/#organization\",\"name\":\"Patagonia Ambiental\",\"url\":\"https:\\\/\\\/patagoniambiental.com.ar\\\/info\\\/\",\"logo\":{\"@type\":\"ImageObject\",\"inLanguage\":\"es\",\"@id\":\"https:\\\/\\\/patagoniambiental.com.ar\\\/info\\\/#\\\/schema\\\/logo\\\/image\\\/\",\"url\":\"https:\\\/\\\/patagoniambiental.com.ar\\\/info\\\/wp-content\\\/uploads\\\/2025\\\/05\\\/LOGO-PATAGONIA-AMBIENTAL.png\",\"contentUrl\":\"https:\\\/\\\/patagoniambiental.com.ar\\\/info\\\/wp-content\\\/uploads\\\/2025\\\/05\\\/LOGO-PATAGONIA-AMBIENTAL.png\",\"width\":433,\"height\":250,\"caption\":\"Patagonia Ambiental\"},\"image\":{\"@id\":\"https:\\\/\\\/patagoniambiental.com.ar\\\/info\\\/#\\\/schema\\\/logo\\\/image\\\/\"},\"sameAs\":[\"https:\\\/\\\/www.facebook.com\\\/patagonia.ambiental\",\"https:\\\/\\\/x.com\\\/PatAmb\"]},{\"@type\":\"Person\",\"@id\":\"https:\\\/\\\/patagoniambiental.com.ar\\\/info\\\/#\\\/schema\\\/person\\\/db12bff64bbcbf6a253710bf0ea37b5d\",\"name\":\"Patagonia Ambiental\",\"description\":\"Andr\u00e9s Nievas T\u00e9cnico en manejo ambiental, consultor Ambiental y escritor para medios locales e internacionales sobre temas de geopolitica y medio ambiente.\",\"sameAs\":[\"http:\\\/\\\/www.patagoniambiental.com.ar\",\"https:\\\/\\\/www.facebook.com\\\/share\\\/1C1V8Gv9BX\\\/?mibextid=qi2Omg\",\"@patagoniambiental\",\"https:\\\/\\\/youtube.com\\\/@patagoniaambiental2023?si=BLt58t0wuXquxlYZ\"]}]}<\/script>\n<!-- \/ Yoast SEO Premium plugin. -->","yoast_head_json":{"title":"Seguridad en la monta\u00f1a: por qu\u00e9 el registro online es crucial antes de visitar R\u00edo Azul","description":"La Secretar\u00eda de Ambiente y Cambio Clim\u00e1tico de R\u00edo Negro insiste en la importancia de registrarse previamente de manera obligatoria antes de ingresar al \u00c1rea Natural Protegida R\u00edo Azul-Lago Escondido (ANPRALE).","robots":{"index":"index","follow":"follow","max-snippet":"max-snippet:-1","max-image-preview":"max-image-preview:large","max-video-preview":"max-video-preview:-1"},"canonical":"https:\/\/patagoniambiental.com.ar\/info\/seguridad-en-la-montana-por-que-el-registro-online-es-crucial-antes-de-visitar-rio-azul\/","og_locale":"es_ES","og_type":"article","og_title":"Seguridad en la monta\u00f1a: por qu\u00e9 el registro online es crucial antes de visitar R\u00edo Azul","og_description":"La Secretar\u00eda de Ambiente y Cambio Clim\u00e1tico de R\u00edo Negro insiste en la importancia de registrarse previamente de manera obligatoria antes de ingresar al \u00c1rea Natural Protegida R\u00edo Azul-Lago Escondido (ANPRALE).","og_url":"https:\/\/patagoniambiental.com.ar\/info\/seguridad-en-la-montana-por-que-el-registro-online-es-crucial-antes-de-visitar-rio-azul\/","og_site_name":"Patagonia Ambiental","article_publisher":"https:\/\/www.facebook.com\/patagonia.ambiental","article_author":"https:\/\/www.facebook.com\/share\/1C1V8Gv9BX\/?mibextid=qi2Omg","article_published_time":"2025-01-15T12:57:01+00:00","article_modified_time":"2025-05-04T19:14:32+00:00","og_image":[{"width":1080,"height":607,"url":"https:\/\/patagoniambiental.com.ar\/info\/wp-content\/uploads\/2025\/01\/1736857937-ce99c932942997a5543a.jpeg","type":"image\/jpeg"}],"author":"Patagonia Ambiental","twitter_card":"summary_large_image","twitter_creator":"@PatAmb","twitter_site":"@PatAmb","schema":{"@context":"https:\/\/schema.org","@graph":[{"@type":"Article","@id":"https:\/\/patagoniambiental.com.ar\/info\/seguridad-en-la-montana-por-que-el-registro-online-es-crucial-antes-de-visitar-rio-azul\/#article","isPartOf":{"@id":"https:\/\/patagoniambiental.com.ar\/info\/seguridad-en-la-montana-por-que-el-registro-online-es-crucial-antes-de-visitar-rio-azul\/"},"author":{"name":"Patagonia Ambiental","@id":"https:\/\/patagoniambiental.com.ar\/info\/#\/schema\/person\/db12bff64bbcbf6a253710bf0ea37b5d"},"headline":"Seguridad en la monta\u00f1a: por qu\u00e9 el registro online es crucial antes de visitar R\u00edo Azul","datePublished":"2025-01-15T12:57:01+00:00","dateModified":"2025-05-04T19:14:32+00:00","mainEntityOfPage":{"@id":"https:\/\/patagoniambiental.com.ar\/info\/seguridad-en-la-montana-por-que-el-registro-online-es-crucial-antes-de-visitar-rio-azul\/"},"wordCount":408,"commentCount":0,"publisher":{"@id":"https:\/\/patagoniambiental.com.ar\/info\/#organization"},"image":{"@id":"https:\/\/patagoniambiental.com.ar\/info\/seguridad-en-la-montana-por-que-el-registro-online-es-crucial-antes-de-visitar-rio-azul\/#primaryimage"},"thumbnailUrl":"https:\/\/patagoniambiental.com.ar\/info\/wp-content\/uploads\/2025\/01\/1736857937-ce99c932942997a5543a.jpeg","articleSection":["Noticias","Provinciales","R\u00edo Negro"],"inLanguage":"es","potentialAction":[{"@type":"CommentAction","name":"Comment","target":["https:\/\/patagoniambiental.com.ar\/info\/seguridad-en-la-montana-por-que-el-registro-online-es-crucial-antes-de-visitar-rio-azul\/#respond"]}]},{"@type":"WebPage","@id":"https:\/\/patagoniambiental.com.ar\/info\/seguridad-en-la-montana-por-que-el-registro-online-es-crucial-antes-de-visitar-rio-azul\/","url":"https:\/\/patagoniambiental.com.ar\/info\/seguridad-en-la-montana-por-que-el-registro-online-es-crucial-antes-de-visitar-rio-azul\/","name":"Seguridad en la monta\u00f1a: por qu\u00e9 el registro online es crucial antes de visitar R\u00edo Azul","isPartOf":{"@id":"https:\/\/patagoniambiental.com.ar\/info\/#website"},"primaryImageOfPage":{"@id":"https:\/\/patagoniambiental.com.ar\/info\/seguridad-en-la-montana-por-que-el-registro-online-es-crucial-antes-de-visitar-rio-azul\/#primaryimage"},"image":{"@id":"https:\/\/patagoniambiental.com.ar\/info\/seguridad-en-la-montana-por-que-el-registro-online-es-crucial-antes-de-visitar-rio-azul\/#primaryimage"},"thumbnailUrl":"https:\/\/patagoniambiental.com.ar\/info\/wp-content\/uploads\/2025\/01\/1736857937-ce99c932942997a5543a.jpeg","datePublished":"2025-01-15T12:57:01+00:00","dateModified":"2025-05-04T19:14:32+00:00","description":"La Secretar\u00eda de Ambiente y Cambio Clim\u00e1tico de R\u00edo Negro insiste en la importancia de registrarse previamente de manera obligatoria antes de ingresar al \u00c1rea Natural Protegida R\u00edo Azul-Lago Escondido (ANPRALE).","breadcrumb":{"@id":"https:\/\/patagoniambiental.com.ar\/info\/seguridad-en-la-montana-por-que-el-registro-online-es-crucial-antes-de-visitar-rio-azul\/#breadcrumb"},"inLanguage":"es","potentialAction":[{"@type":"ReadAction","target":["https:\/\/patagoniambiental.com.ar\/info\/seguridad-en-la-montana-por-que-el-registro-online-es-crucial-antes-de-visitar-rio-azul\/"]}]},{"@type":"ImageObject","inLanguage":"es","@id":"https:\/\/patagoniambiental.com.ar\/info\/seguridad-en-la-montana-por-que-el-registro-online-es-crucial-antes-de-visitar-rio-azul\/#primaryimage","url":"https:\/\/patagoniambiental.com.ar\/info\/wp-content\/uploads\/2025\/01\/1736857937-ce99c932942997a5543a.jpeg","contentUrl":"https:\/\/patagoniambiental.com.ar\/info\/wp-content\/uploads\/2025\/01\/1736857937-ce99c932942997a5543a.jpeg","width":1080,"height":607,"caption":"Seguridad en la Monta\u00f1a"},{"@type":"BreadcrumbList","@id":"https:\/\/patagoniambiental.com.ar\/info\/seguridad-en-la-montana-por-que-el-registro-online-es-crucial-antes-de-visitar-rio-azul\/#breadcrumb","itemListElement":[{"@type":"ListItem","position":1,"name":"Inicio","item":"https:\/\/patagoniambiental.com.ar\/info\/"},{"@type":"ListItem","position":2,"name":"Seguridad en la monta\u00f1a: por qu\u00e9 el registro online es crucial antes de visitar R\u00edo Azul"}]},{"@type":"WebSite","@id":"https:\/\/patagoniambiental.com.ar\/info\/#website","url":"https:\/\/patagoniambiental.com.ar\/info\/","name":"Patagonia Ambiental","description":"Monitoreo y an\u00e1lisis de la situaci\u00f3n geopol\u00edtica en el mundo y su implicancia en la Patagonia","publisher":{"@id":"https:\/\/patagoniambiental.com.ar\/info\/#organization"},"potentialAction":[{"@type":"SearchAction","target":{"@type":"EntryPoint","urlTemplate":"https:\/\/patagoniambiental.com.ar\/info\/?s={search_term_string}"},"query-input":{"@type":"PropertyValueSpecification","valueRequired":true,"valueName":"search_term_string"}}],"inLanguage":"es"},{"@type":"Organization","@id":"https:\/\/patagoniambiental.com.ar\/info\/#organization","name":"Patagonia Ambiental","url":"https:\/\/patagoniambiental.com.ar\/info\/","logo":{"@type":"ImageObject","inLanguage":"es","@id":"https:\/\/patagoniambiental.com.ar\/info\/#\/schema\/logo\/image\/","url":"https:\/\/patagoniambiental.com.ar\/info\/wp-content\/uploads\/2025\/05\/LOGO-PATAGONIA-AMBIENTAL.png","contentUrl":"https:\/\/patagoniambiental.com.ar\/info\/wp-content\/uploads\/2025\/05\/LOGO-PATAGONIA-AMBIENTAL.png","width":433,"height":250,"caption":"Patagonia Ambiental"},"image":{"@id":"https:\/\/patagoniambiental.com.ar\/info\/#\/schema\/logo\/image\/"},"sameAs":["https:\/\/www.facebook.com\/patagonia.ambiental","https:\/\/x.com\/PatAmb"]},{"@type":"Person","@id":"https:\/\/patagoniambiental.com.ar\/info\/#\/schema\/person\/db12bff64bbcbf6a253710bf0ea37b5d","name":"Patagonia Ambiental","description":"Andr\u00e9s Nievas T\u00e9cnico en manejo ambiental, consultor Ambiental y escritor para medios locales e internacionales sobre temas de geopolitica y medio ambiente.","sameAs":["http:\/\/www.patagoniambiental.com.ar","https:\/\/www.facebook.com\/share\/1C1V8Gv9BX\/?mibextid=qi2Omg","@patagoniambiental","https:\/\/youtube.com\/@patagoniaambiental2023?si=BLt58t0wuXquxlYZ"]}]}},"_links":{"self":[{"href":"https:\/\/patagoniambiental.com.ar\/info\/wp-json\/wp\/v2\/posts\/91925","targetHints":{"allow":["GET"]}}],"collection":[{"href":"https:\/\/patagoniambiental.com.ar\/info\/wp-json\/wp\/v2\/posts"}],"about":[{"href":"https:\/\/patagoniambiental.com.ar\/info\/wp-json\/wp\/v2\/types\/post"}],"author":[{"embeddable":true,"href":"https:\/\/patagoniambiental.com.ar\/info\/wp-json\/wp\/v2\/users\/2"}],"replies":[{"embeddable":true,"href":"https:\/\/patagoniambiental.com.ar\/info\/wp-json\/wp\/v2\/comments?post=91925"}],"version-history":[{"count":0,"href":"https:\/\/patagoniambiental.com.ar\/info\/wp-json\/wp\/v2\/posts\/91925\/revisions"}],"wp:featuredmedia":[{"embeddable":true,"href":"https:\/\/patagoniambiental.com.ar\/info\/wp-json\/wp\/v2\/media\/91926"}],"wp:attachment":[{"href":"https:\/\/patagoniambiental.com.ar\/info\/wp-json\/wp\/v2\/media?parent=91925"}],"wp:term":[{"taxonomy":"category","embeddable":true,"href":"https:\/\/patagoniambiental.com.ar\/info\/wp-json\/wp\/v2\/categories?post=91925"},{"taxonomy":"post_tag","embeddable":true,"href":"https:\/\/patagoniambiental.com.ar\/info\/wp-json\/wp\/v2\/tags?post=91925"}],"curies":[{"name":"wp","href":"https:\/\/api.w.org\/{rel}","templated":true}]}}