{"id":91930,"date":"2025-01-15T10:08:35","date_gmt":"2025-01-15T13:08:35","guid":{"rendered":"https:\/\/patagoniambiental.com.ar\/info\/?p=91930"},"modified":"2025-05-04T16:14:31","modified_gmt":"2025-05-04T19:14:31","slug":"verano-con-energia-positiva-actividades-educativas-y-recreativas-por-la-costa-rionegrina","status":"publish","type":"post","link":"https:\/\/patagoniambiental.com.ar\/info\/verano-con-energia-positiva-actividades-educativas-y-recreativas-por-la-costa-rionegrina\/","title":{"rendered":"Verano con Energ\u00eda Positiva: actividades educativas y recreativas por la costa rionegrina"},"content":{"rendered":"\n<!--more-->\n\n\n\n<p>Viedma, Provincia de Rio Negro, 15 de enero de 2025. L<a href=\"http:\/\/energia.rionegro.gov.ar\">a Secretar\u00eda de Energ\u00eda y Ambiente de R\u00edo Negro<\/a> contin\u00faa con \u00e9xito la campa\u00f1a \u00abVerano con Energ\u00eda Positiva\u00bb, que en su segunda semana lleva propuestas educativas y l\u00fadicas a los principales balnearios de la provincia. Durante esta iniciativa, turistas y residentes podr\u00e1n disfrutar de actividades dise\u00f1adas para promover la conciencia ambiental, la eficiencia energ\u00e9tica y el reciclaje, todo mientras disfrutan del verano en la costa rionegrina.<\/p>\n\n\n\n<p><a href=\"https:\/\/patagoniambiental.com.ar\/info\/rio-negro-presenta-verano-con-energia-positiva-una-campana-ambiental-para-las-playas\/\">Noticia relacionada: <strong>R\u00edo Negro presenta \u2018Verano con Energ\u00eda Positiva\u2019: Una campa\u00f1a ambiental para las playas<\/strong><\/a><br><\/p>\n\n\n\n<p>Las actividades se desarrollan a lo largo de diferentes localidades, incluyendo San Antonio Oeste, Las Grutas, San Antonio Este y Playas Doradas. Los eventos, que combinan juegos interactivos, talleres pr\u00e1cticos y espect\u00e1culos teatrales, buscan involucrar a todos los p\u00fablicos, desde ni\u00f1os hasta adultos, en la adopci\u00f3n de h\u00e1bitos sustentables.<\/p>\n\n\n\n<p>Cronograma de actividades:<\/p>\n\n\n\n<p>Mi\u00e9rcoles 15: Quinta Bajada, Las Grutas (15:00 &#8211; 19:00)<\/p>\n\n\n\n<p>Jueves 16: Plaza Centenario, San Antonio Oeste (18:30 &#8211; 20:30)<\/p>\n\n\n\n<p>Viernes 17: Plaza del Puerto, San Antonio Este (17:30 &#8211; 21:30)<\/p>\n\n\n\n<p>S\u00e1bado 18: Primera Bajada, Las Grutas (12:00 &#8211; 16:00)<\/p>\n\n\n\n<p>Domingo 19: Parador, Playas Doradas, Sierra Grande (17:00 &#8211; 21:00)<\/p>\n\n\n\n<p>Andrea Confini, secretaria de Energ\u00eda y Ambiente, expres\u00f3 su satisfacci\u00f3n por la gran acogida que tuvo la primera semana de la campa\u00f1a: \u00abFamilias, ni\u00f1os y j\u00f3venes se acercaron con entusiasmo a participar de nuestras actividades. Esto nos impulsa a seguir visitando cada destino con m\u00e1s energ\u00eda y dedicaci\u00f3n\u00bb.<\/p>\n\n\n\n<p>Uno de los atractivos principales de la campa\u00f1a es el taller de reciclaje creativo, que ense\u00f1a a los participantes a reutilizar materiales en desuso para darles una nueva vida. Adem\u00e1s, las charlas sobre eficiencia energ\u00e9tica son muy populares, ayudando a concientizar sobre la importancia de consumir energ\u00eda de manera responsable. Al final de cada jornada, el p\u00fablico disfruta de la obra de teatro \u00abLa energ\u00eda que nos conecta\u00bb, que transmite un mensaje de esperanza y reflexi\u00f3n sobre el impacto de nuestras acciones en el medio ambiente.<\/p>\n\n\n\n<p>Esta campa\u00f1a es parte de un esfuerzo mayor del Gobierno de R\u00edo Negro por fomentar el turismo responsable y promover h\u00e1bitos sustentables entre los ciudadanos y turistas que visitan la regi\u00f3n. A trav\u00e9s de actividades divertidas y educativas, \u00abVerano con Energ\u00eda Positiva\u00bb busca sembrar una semilla de cambio en la comunidad.<\/p>\n\n\n\n<p>Para m\u00e1s detalles sobre horarios y ubicaciones, se puede consultar las redes sociales oficiales de la Secretar\u00eda de Energ\u00eda y Ambiente de R\u00edo Negro.<\/p>\n","protected":false},"excerpt":{"rendered":"","protected":false},"author":2,"featured_media":91931,"comment_status":"open","ping_status":"open","sticky":false,"template":"","format":"standard","meta":{"site-sidebar-layout":"default","site-content-layout":"","ast-site-content-layout":"default","site-content-style":"default","site-sidebar-style":"default","ast-global-header-display":"","ast-banner-title-visibility":"","ast-main-header-display":"","ast-hfb-above-header-display":"","ast-hfb-below-header-display":"","ast-hfb-mobile-header-display":"","site-post-title":"","ast-breadcrumbs-content":"","ast-featured-img":"","footer-sml-layout":"","ast-disable-related-posts":"","theme-transparent-header-meta":"","adv-header-id-meta":"","stick-header-meta":"","header-above-stick-meta":"","header-main-stick-meta":"","header-below-stick-meta":"","astra-migrate-meta-layouts":"default","ast-page-background-enabled":"default","ast-page-background-meta":{"desktop":{"background-color":"var(--ast-global-color-5)","background-image":"","background-repeat":"repeat","background-position":"center center","background-size":"auto","background-attachment":"scroll","background-type":"","background-media":"","overlay-type":"","overlay-color":"","overlay-opacity":"","overlay-gradient":""},"tablet":{"background-color":"","background-image":"","background-repeat":"repeat","background-position":"center center","background-size":"auto","background-attachment":"scroll","background-type":"","background-media":"","overlay-type":"","overlay-color":"","overlay-opacity":"","overlay-gradient":""},"mobile":{"background-color":"","background-image":"","background-repeat":"repeat","background-position":"center center","background-size":"auto","background-attachment":"scroll","background-type":"","background-media":"","overlay-type":"","overlay-color":"","overlay-opacity":"","overlay-gradient":""}},"ast-content-background-meta":{"desktop":{"background-color":"var(--ast-global-color-4)","background-image":"","background-repeat":"repeat","background-position":"center center","background-size":"auto","background-attachment":"scroll","background-type":"","background-media":"","overlay-type":"","overlay-color":"","overlay-opacity":"","overlay-gradient":""},"tablet":{"background-color":"var(--ast-global-color-4)","background-image":"","background-repeat":"repeat","background-position":"center center","background-size":"auto","background-attachment":"scroll","background-type":"","background-media":"","overlay-type":"","overlay-color":"","overlay-opacity":"","overlay-gradient":""},"mobile":{"background-color":"var(--ast-global-color-4)","background-image":"","background-repeat":"repeat","background-position":"center center","background-size":"auto","background-attachment":"scroll","background-type":"","background-media":"","overlay-type":"","overlay-color":"","overlay-opacity":"","overlay-gradient":""}},"footnotes":""},"categories":[1,13,14],"tags":[],"class_list":["post-91930","post","type-post","status-publish","format-standard","has-post-thumbnail","hentry","category-noticias","category-provinciales","category-rio-negro"],"yoast_head":"<!-- This site is optimized with the Yoast SEO Premium plugin v23.0 (Yoast SEO v27.4) - https:\/\/yoast.com\/product\/yoast-seo-premium-wordpress\/ -->\n<title>Verano con Energ\u00eda Positiva: actividades educativas y recreativas por la costa rionegrina<\/title>\n<meta name=\"description\" content=\"La Secretar\u00eda de Energ\u00eda y Ambiente de R\u00edo Negro contin\u00faa con \u00e9xito la campa\u00f1a &quot;Verano con Energ\u00eda Positiva&quot;, que en su segunda semana lleva propuestas educativas y l\u00fadicas a los principales balnearios de la provincia.\" \/>\n<meta name=\"robots\" content=\"index, follow, max-snippet:-1, max-image-preview:large, max-video-preview:-1\" \/>\n<link rel=\"canonical\" href=\"https:\/\/patagoniambiental.com.ar\/info\/verano-con-energia-positiva-actividades-educativas-y-recreativas-por-la-costa-rionegrina\/\" \/>\n<meta property=\"og:locale\" content=\"es_ES\" \/>\n<meta property=\"og:type\" content=\"article\" \/>\n<meta property=\"og:title\" content=\"Verano con Energ\u00eda Positiva: actividades educativas y recreativas por la costa rionegrina\" \/>\n<meta property=\"og:description\" content=\"La Secretar\u00eda de Energ\u00eda y Ambiente de R\u00edo Negro contin\u00faa con \u00e9xito la campa\u00f1a &quot;Verano con Energ\u00eda Positiva&quot;, que en su segunda semana lleva propuestas educativas y l\u00fadicas a los principales balnearios de la provincia.\" \/>\n<meta property=\"og:url\" content=\"https:\/\/patagoniambiental.com.ar\/info\/verano-con-energia-positiva-actividades-educativas-y-recreativas-por-la-costa-rionegrina\/\" \/>\n<meta property=\"og:site_name\" content=\"Patagonia Ambiental\" \/>\n<meta property=\"article:publisher\" content=\"https:\/\/www.facebook.com\/patagonia.ambiental\" \/>\n<meta property=\"article:author\" content=\"https:\/\/www.facebook.com\/share\/1C1V8Gv9BX\/?mibextid=qi2Omg\" \/>\n<meta property=\"article:published_time\" content=\"2025-01-15T13:08:35+00:00\" \/>\n<meta property=\"article:modified_time\" content=\"2025-05-04T19:14:31+00:00\" \/>\n<meta property=\"og:image\" content=\"https:\/\/patagoniambiental.com.ar\/info\/wp-content\/uploads\/2025\/01\/1736941126-a7cad4d9840c64e5b831.jpeg\" \/>\n\t<meta property=\"og:image:width\" content=\"1080\" \/>\n\t<meta property=\"og:image:height\" content=\"607\" \/>\n\t<meta property=\"og:image:type\" content=\"image\/jpeg\" \/>\n<meta name=\"author\" content=\"Patagonia Ambiental\" \/>\n<meta name=\"twitter:card\" content=\"summary_large_image\" \/>\n<meta name=\"twitter:creator\" content=\"@PatAmb\" \/>\n<meta name=\"twitter:site\" content=\"@PatAmb\" \/>\n<script type=\"application\/ld+json\" class=\"yoast-schema-graph\">{\"@context\":\"https:\\\/\\\/schema.org\",\"@graph\":[{\"@type\":\"Article\",\"@id\":\"https:\\\/\\\/patagoniambiental.com.ar\\\/info\\\/verano-con-energia-positiva-actividades-educativas-y-recreativas-por-la-costa-rionegrina\\\/#article\",\"isPartOf\":{\"@id\":\"https:\\\/\\\/patagoniambiental.com.ar\\\/info\\\/verano-con-energia-positiva-actividades-educativas-y-recreativas-por-la-costa-rionegrina\\\/\"},\"author\":{\"name\":\"Patagonia Ambiental\",\"@id\":\"https:\\\/\\\/patagoniambiental.com.ar\\\/info\\\/#\\\/schema\\\/person\\\/db12bff64bbcbf6a253710bf0ea37b5d\"},\"headline\":\"Verano con Energ\u00eda Positiva: actividades educativas y recreativas por la costa rionegrina\",\"datePublished\":\"2025-01-15T13:08:35+00:00\",\"dateModified\":\"2025-05-04T19:14:31+00:00\",\"mainEntityOfPage\":{\"@id\":\"https:\\\/\\\/patagoniambiental.com.ar\\\/info\\\/verano-con-energia-positiva-actividades-educativas-y-recreativas-por-la-costa-rionegrina\\\/\"},\"wordCount\":444,\"commentCount\":0,\"publisher\":{\"@id\":\"https:\\\/\\\/patagoniambiental.com.ar\\\/info\\\/#organization\"},\"image\":{\"@id\":\"https:\\\/\\\/patagoniambiental.com.ar\\\/info\\\/verano-con-energia-positiva-actividades-educativas-y-recreativas-por-la-costa-rionegrina\\\/#primaryimage\"},\"thumbnailUrl\":\"https:\\\/\\\/patagoniambiental.com.ar\\\/info\\\/wp-content\\\/uploads\\\/2025\\\/01\\\/1736941126-a7cad4d9840c64e5b831.jpeg\",\"articleSection\":[\"Noticias\",\"Provinciales\",\"R\u00edo Negro\"],\"inLanguage\":\"es\",\"potentialAction\":[{\"@type\":\"CommentAction\",\"name\":\"Comment\",\"target\":[\"https:\\\/\\\/patagoniambiental.com.ar\\\/info\\\/verano-con-energia-positiva-actividades-educativas-y-recreativas-por-la-costa-rionegrina\\\/#respond\"]}]},{\"@type\":\"WebPage\",\"@id\":\"https:\\\/\\\/patagoniambiental.com.ar\\\/info\\\/verano-con-energia-positiva-actividades-educativas-y-recreativas-por-la-costa-rionegrina\\\/\",\"url\":\"https:\\\/\\\/patagoniambiental.com.ar\\\/info\\\/verano-con-energia-positiva-actividades-educativas-y-recreativas-por-la-costa-rionegrina\\\/\",\"name\":\"Verano con Energ\u00eda Positiva: actividades educativas y recreativas por la costa rionegrina\",\"isPartOf\":{\"@id\":\"https:\\\/\\\/patagoniambiental.com.ar\\\/info\\\/#website\"},\"primaryImageOfPage\":{\"@id\":\"https:\\\/\\\/patagoniambiental.com.ar\\\/info\\\/verano-con-energia-positiva-actividades-educativas-y-recreativas-por-la-costa-rionegrina\\\/#primaryimage\"},\"image\":{\"@id\":\"https:\\\/\\\/patagoniambiental.com.ar\\\/info\\\/verano-con-energia-positiva-actividades-educativas-y-recreativas-por-la-costa-rionegrina\\\/#primaryimage\"},\"thumbnailUrl\":\"https:\\\/\\\/patagoniambiental.com.ar\\\/info\\\/wp-content\\\/uploads\\\/2025\\\/01\\\/1736941126-a7cad4d9840c64e5b831.jpeg\",\"datePublished\":\"2025-01-15T13:08:35+00:00\",\"dateModified\":\"2025-05-04T19:14:31+00:00\",\"description\":\"La Secretar\u00eda de Energ\u00eda y Ambiente de R\u00edo Negro contin\u00faa con \u00e9xito la campa\u00f1a \\\"Verano con Energ\u00eda Positiva\\\", que en su segunda semana lleva propuestas educativas y l\u00fadicas a los principales balnearios de la provincia.\",\"breadcrumb\":{\"@id\":\"https:\\\/\\\/patagoniambiental.com.ar\\\/info\\\/verano-con-energia-positiva-actividades-educativas-y-recreativas-por-la-costa-rionegrina\\\/#breadcrumb\"},\"inLanguage\":\"es\",\"potentialAction\":[{\"@type\":\"ReadAction\",\"target\":[\"https:\\\/\\\/patagoniambiental.com.ar\\\/info\\\/verano-con-energia-positiva-actividades-educativas-y-recreativas-por-la-costa-rionegrina\\\/\"]}]},{\"@type\":\"ImageObject\",\"inLanguage\":\"es\",\"@id\":\"https:\\\/\\\/patagoniambiental.com.ar\\\/info\\\/verano-con-energia-positiva-actividades-educativas-y-recreativas-por-la-costa-rionegrina\\\/#primaryimage\",\"url\":\"https:\\\/\\\/patagoniambiental.com.ar\\\/info\\\/wp-content\\\/uploads\\\/2025\\\/01\\\/1736941126-a7cad4d9840c64e5b831.jpeg\",\"contentUrl\":\"https:\\\/\\\/patagoniambiental.com.ar\\\/info\\\/wp-content\\\/uploads\\\/2025\\\/01\\\/1736941126-a7cad4d9840c64e5b831.jpeg\",\"width\":1080,\"height\":607,\"caption\":\"Verano con Energ\u00eda Positiva: actividades educativas y recreativas por la costa rionegrina\"},{\"@type\":\"BreadcrumbList\",\"@id\":\"https:\\\/\\\/patagoniambiental.com.ar\\\/info\\\/verano-con-energia-positiva-actividades-educativas-y-recreativas-por-la-costa-rionegrina\\\/#breadcrumb\",\"itemListElement\":[{\"@type\":\"ListItem\",\"position\":1,\"name\":\"Inicio\",\"item\":\"https:\\\/\\\/patagoniambiental.com.ar\\\/info\\\/\"},{\"@type\":\"ListItem\",\"position\":2,\"name\":\"Verano con Energ\u00eda Positiva: actividades educativas y recreativas por la costa rionegrina\"}]},{\"@type\":\"WebSite\",\"@id\":\"https:\\\/\\\/patagoniambiental.com.ar\\\/info\\\/#website\",\"url\":\"https:\\\/\\\/patagoniambiental.com.ar\\\/info\\\/\",\"name\":\"Patagonia Ambiental\",\"description\":\"Monitoreo y an\u00e1lisis de la situaci\u00f3n geopol\u00edtica en el mundo y su implicancia en la Patagonia\",\"publisher\":{\"@id\":\"https:\\\/\\\/patagoniambiental.com.ar\\\/info\\\/#organization\"},\"potentialAction\":[{\"@type\":\"SearchAction\",\"target\":{\"@type\":\"EntryPoint\",\"urlTemplate\":\"https:\\\/\\\/patagoniambiental.com.ar\\\/info\\\/?s={search_term_string}\"},\"query-input\":{\"@type\":\"PropertyValueSpecification\",\"valueRequired\":true,\"valueName\":\"search_term_string\"}}],\"inLanguage\":\"es\"},{\"@type\":\"Organization\",\"@id\":\"https:\\\/\\\/patagoniambiental.com.ar\\\/info\\\/#organization\",\"name\":\"Patagonia Ambiental\",\"url\":\"https:\\\/\\\/patagoniambiental.com.ar\\\/info\\\/\",\"logo\":{\"@type\":\"ImageObject\",\"inLanguage\":\"es\",\"@id\":\"https:\\\/\\\/patagoniambiental.com.ar\\\/info\\\/#\\\/schema\\\/logo\\\/image\\\/\",\"url\":\"https:\\\/\\\/patagoniambiental.com.ar\\\/info\\\/wp-content\\\/uploads\\\/2025\\\/05\\\/LOGO-PATAGONIA-AMBIENTAL.png\",\"contentUrl\":\"https:\\\/\\\/patagoniambiental.com.ar\\\/info\\\/wp-content\\\/uploads\\\/2025\\\/05\\\/LOGO-PATAGONIA-AMBIENTAL.png\",\"width\":433,\"height\":250,\"caption\":\"Patagonia Ambiental\"},\"image\":{\"@id\":\"https:\\\/\\\/patagoniambiental.com.ar\\\/info\\\/#\\\/schema\\\/logo\\\/image\\\/\"},\"sameAs\":[\"https:\\\/\\\/www.facebook.com\\\/patagonia.ambiental\",\"https:\\\/\\\/x.com\\\/PatAmb\"]},{\"@type\":\"Person\",\"@id\":\"https:\\\/\\\/patagoniambiental.com.ar\\\/info\\\/#\\\/schema\\\/person\\\/db12bff64bbcbf6a253710bf0ea37b5d\",\"name\":\"Patagonia Ambiental\",\"description\":\"Andr\u00e9s Nievas T\u00e9cnico en manejo ambiental, consultor Ambiental y escritor para medios locales e internacionales sobre temas de geopolitica y medio ambiente.\",\"sameAs\":[\"http:\\\/\\\/www.patagoniambiental.com.ar\",\"https:\\\/\\\/www.facebook.com\\\/share\\\/1C1V8Gv9BX\\\/?mibextid=qi2Omg\",\"@patagoniambiental\",\"https:\\\/\\\/youtube.com\\\/@patagoniaambiental2023?si=BLt58t0wuXquxlYZ\"]}]}<\/script>\n<!-- \/ Yoast SEO Premium plugin. -->","yoast_head_json":{"title":"Verano con Energ\u00eda Positiva: actividades educativas y recreativas por la costa rionegrina","description":"La Secretar\u00eda de Energ\u00eda y Ambiente de R\u00edo Negro contin\u00faa con \u00e9xito la campa\u00f1a \"Verano con Energ\u00eda Positiva\", que en su segunda semana lleva propuestas educativas y l\u00fadicas a los principales balnearios de la provincia.","robots":{"index":"index","follow":"follow","max-snippet":"max-snippet:-1","max-image-preview":"max-image-preview:large","max-video-preview":"max-video-preview:-1"},"canonical":"https:\/\/patagoniambiental.com.ar\/info\/verano-con-energia-positiva-actividades-educativas-y-recreativas-por-la-costa-rionegrina\/","og_locale":"es_ES","og_type":"article","og_title":"Verano con Energ\u00eda Positiva: actividades educativas y recreativas por la costa rionegrina","og_description":"La Secretar\u00eda de Energ\u00eda y Ambiente de R\u00edo Negro contin\u00faa con \u00e9xito la campa\u00f1a \"Verano con Energ\u00eda Positiva\", que en su segunda semana lleva propuestas educativas y l\u00fadicas a los principales balnearios de la provincia.","og_url":"https:\/\/patagoniambiental.com.ar\/info\/verano-con-energia-positiva-actividades-educativas-y-recreativas-por-la-costa-rionegrina\/","og_site_name":"Patagonia Ambiental","article_publisher":"https:\/\/www.facebook.com\/patagonia.ambiental","article_author":"https:\/\/www.facebook.com\/share\/1C1V8Gv9BX\/?mibextid=qi2Omg","article_published_time":"2025-01-15T13:08:35+00:00","article_modified_time":"2025-05-04T19:14:31+00:00","og_image":[{"width":1080,"height":607,"url":"https:\/\/patagoniambiental.com.ar\/info\/wp-content\/uploads\/2025\/01\/1736941126-a7cad4d9840c64e5b831.jpeg","type":"image\/jpeg"}],"author":"Patagonia Ambiental","twitter_card":"summary_large_image","twitter_creator":"@PatAmb","twitter_site":"@PatAmb","schema":{"@context":"https:\/\/schema.org","@graph":[{"@type":"Article","@id":"https:\/\/patagoniambiental.com.ar\/info\/verano-con-energia-positiva-actividades-educativas-y-recreativas-por-la-costa-rionegrina\/#article","isPartOf":{"@id":"https:\/\/patagoniambiental.com.ar\/info\/verano-con-energia-positiva-actividades-educativas-y-recreativas-por-la-costa-rionegrina\/"},"author":{"name":"Patagonia Ambiental","@id":"https:\/\/patagoniambiental.com.ar\/info\/#\/schema\/person\/db12bff64bbcbf6a253710bf0ea37b5d"},"headline":"Verano con Energ\u00eda Positiva: actividades educativas y recreativas por la costa rionegrina","datePublished":"2025-01-15T13:08:35+00:00","dateModified":"2025-05-04T19:14:31+00:00","mainEntityOfPage":{"@id":"https:\/\/patagoniambiental.com.ar\/info\/verano-con-energia-positiva-actividades-educativas-y-recreativas-por-la-costa-rionegrina\/"},"wordCount":444,"commentCount":0,"publisher":{"@id":"https:\/\/patagoniambiental.com.ar\/info\/#organization"},"image":{"@id":"https:\/\/patagoniambiental.com.ar\/info\/verano-con-energia-positiva-actividades-educativas-y-recreativas-por-la-costa-rionegrina\/#primaryimage"},"thumbnailUrl":"https:\/\/patagoniambiental.com.ar\/info\/wp-content\/uploads\/2025\/01\/1736941126-a7cad4d9840c64e5b831.jpeg","articleSection":["Noticias","Provinciales","R\u00edo Negro"],"inLanguage":"es","potentialAction":[{"@type":"CommentAction","name":"Comment","target":["https:\/\/patagoniambiental.com.ar\/info\/verano-con-energia-positiva-actividades-educativas-y-recreativas-por-la-costa-rionegrina\/#respond"]}]},{"@type":"WebPage","@id":"https:\/\/patagoniambiental.com.ar\/info\/verano-con-energia-positiva-actividades-educativas-y-recreativas-por-la-costa-rionegrina\/","url":"https:\/\/patagoniambiental.com.ar\/info\/verano-con-energia-positiva-actividades-educativas-y-recreativas-por-la-costa-rionegrina\/","name":"Verano con Energ\u00eda Positiva: actividades educativas y recreativas por la costa rionegrina","isPartOf":{"@id":"https:\/\/patagoniambiental.com.ar\/info\/#website"},"primaryImageOfPage":{"@id":"https:\/\/patagoniambiental.com.ar\/info\/verano-con-energia-positiva-actividades-educativas-y-recreativas-por-la-costa-rionegrina\/#primaryimage"},"image":{"@id":"https:\/\/patagoniambiental.com.ar\/info\/verano-con-energia-positiva-actividades-educativas-y-recreativas-por-la-costa-rionegrina\/#primaryimage"},"thumbnailUrl":"https:\/\/patagoniambiental.com.ar\/info\/wp-content\/uploads\/2025\/01\/1736941126-a7cad4d9840c64e5b831.jpeg","datePublished":"2025-01-15T13:08:35+00:00","dateModified":"2025-05-04T19:14:31+00:00","description":"La Secretar\u00eda de Energ\u00eda y Ambiente de R\u00edo Negro contin\u00faa con \u00e9xito la campa\u00f1a \"Verano con Energ\u00eda Positiva\", que en su segunda semana lleva propuestas educativas y l\u00fadicas a los principales balnearios de la provincia.","breadcrumb":{"@id":"https:\/\/patagoniambiental.com.ar\/info\/verano-con-energia-positiva-actividades-educativas-y-recreativas-por-la-costa-rionegrina\/#breadcrumb"},"inLanguage":"es","potentialAction":[{"@type":"ReadAction","target":["https:\/\/patagoniambiental.com.ar\/info\/verano-con-energia-positiva-actividades-educativas-y-recreativas-por-la-costa-rionegrina\/"]}]},{"@type":"ImageObject","inLanguage":"es","@id":"https:\/\/patagoniambiental.com.ar\/info\/verano-con-energia-positiva-actividades-educativas-y-recreativas-por-la-costa-rionegrina\/#primaryimage","url":"https:\/\/patagoniambiental.com.ar\/info\/wp-content\/uploads\/2025\/01\/1736941126-a7cad4d9840c64e5b831.jpeg","contentUrl":"https:\/\/patagoniambiental.com.ar\/info\/wp-content\/uploads\/2025\/01\/1736941126-a7cad4d9840c64e5b831.jpeg","width":1080,"height":607,"caption":"Verano con Energ\u00eda Positiva: actividades educativas y recreativas por la costa rionegrina"},{"@type":"BreadcrumbList","@id":"https:\/\/patagoniambiental.com.ar\/info\/verano-con-energia-positiva-actividades-educativas-y-recreativas-por-la-costa-rionegrina\/#breadcrumb","itemListElement":[{"@type":"ListItem","position":1,"name":"Inicio","item":"https:\/\/patagoniambiental.com.ar\/info\/"},{"@type":"ListItem","position":2,"name":"Verano con Energ\u00eda Positiva: actividades educativas y recreativas por la costa rionegrina"}]},{"@type":"WebSite","@id":"https:\/\/patagoniambiental.com.ar\/info\/#website","url":"https:\/\/patagoniambiental.com.ar\/info\/","name":"Patagonia Ambiental","description":"Monitoreo y an\u00e1lisis de la situaci\u00f3n geopol\u00edtica en el mundo y su implicancia en la Patagonia","publisher":{"@id":"https:\/\/patagoniambiental.com.ar\/info\/#organization"},"potentialAction":[{"@type":"SearchAction","target":{"@type":"EntryPoint","urlTemplate":"https:\/\/patagoniambiental.com.ar\/info\/?s={search_term_string}"},"query-input":{"@type":"PropertyValueSpecification","valueRequired":true,"valueName":"search_term_string"}}],"inLanguage":"es"},{"@type":"Organization","@id":"https:\/\/patagoniambiental.com.ar\/info\/#organization","name":"Patagonia Ambiental","url":"https:\/\/patagoniambiental.com.ar\/info\/","logo":{"@type":"ImageObject","inLanguage":"es","@id":"https:\/\/patagoniambiental.com.ar\/info\/#\/schema\/logo\/image\/","url":"https:\/\/patagoniambiental.com.ar\/info\/wp-content\/uploads\/2025\/05\/LOGO-PATAGONIA-AMBIENTAL.png","contentUrl":"https:\/\/patagoniambiental.com.ar\/info\/wp-content\/uploads\/2025\/05\/LOGO-PATAGONIA-AMBIENTAL.png","width":433,"height":250,"caption":"Patagonia Ambiental"},"image":{"@id":"https:\/\/patagoniambiental.com.ar\/info\/#\/schema\/logo\/image\/"},"sameAs":["https:\/\/www.facebook.com\/patagonia.ambiental","https:\/\/x.com\/PatAmb"]},{"@type":"Person","@id":"https:\/\/patagoniambiental.com.ar\/info\/#\/schema\/person\/db12bff64bbcbf6a253710bf0ea37b5d","name":"Patagonia Ambiental","description":"Andr\u00e9s Nievas T\u00e9cnico en manejo ambiental, consultor Ambiental y escritor para medios locales e internacionales sobre temas de geopolitica y medio ambiente.","sameAs":["http:\/\/www.patagoniambiental.com.ar","https:\/\/www.facebook.com\/share\/1C1V8Gv9BX\/?mibextid=qi2Omg","@patagoniambiental","https:\/\/youtube.com\/@patagoniaambiental2023?si=BLt58t0wuXquxlYZ"]}]}},"_links":{"self":[{"href":"https:\/\/patagoniambiental.com.ar\/info\/wp-json\/wp\/v2\/posts\/91930","targetHints":{"allow":["GET"]}}],"collection":[{"href":"https:\/\/patagoniambiental.com.ar\/info\/wp-json\/wp\/v2\/posts"}],"about":[{"href":"https:\/\/patagoniambiental.com.ar\/info\/wp-json\/wp\/v2\/types\/post"}],"author":[{"embeddable":true,"href":"https:\/\/patagoniambiental.com.ar\/info\/wp-json\/wp\/v2\/users\/2"}],"replies":[{"embeddable":true,"href":"https:\/\/patagoniambiental.com.ar\/info\/wp-json\/wp\/v2\/comments?post=91930"}],"version-history":[{"count":0,"href":"https:\/\/patagoniambiental.com.ar\/info\/wp-json\/wp\/v2\/posts\/91930\/revisions"}],"wp:featuredmedia":[{"embeddable":true,"href":"https:\/\/patagoniambiental.com.ar\/info\/wp-json\/wp\/v2\/media\/91931"}],"wp:attachment":[{"href":"https:\/\/patagoniambiental.com.ar\/info\/wp-json\/wp\/v2\/media?parent=91930"}],"wp:term":[{"taxonomy":"category","embeddable":true,"href":"https:\/\/patagoniambiental.com.ar\/info\/wp-json\/wp\/v2\/categories?post=91930"},{"taxonomy":"post_tag","embeddable":true,"href":"https:\/\/patagoniambiental.com.ar\/info\/wp-json\/wp\/v2\/tags?post=91930"}],"curies":[{"name":"wp","href":"https:\/\/api.w.org\/{rel}","templated":true}]}}