{"id":91968,"date":"2025-01-21T08:09:00","date_gmt":"2025-01-21T11:09:00","guid":{"rendered":"https:\/\/patagoniambiental.com.ar\/info\/?p=91968"},"modified":"2025-05-04T16:14:21","modified_gmt":"2025-05-04T19:14:21","slug":"rio-negro-recibe-us-13-millones-para-proteger-sus-bosques-andino-patagonicos","status":"publish","type":"post","link":"https:\/\/patagoniambiental.com.ar\/info\/rio-negro-recibe-us-13-millones-para-proteger-sus-bosques-andino-patagonicos\/","title":{"rendered":"R\u00edo Negro recibe U$S 1,3 millones para proteger sus bosques andino-patag\u00f3nicos"},"content":{"rendered":"\n<!--more-->\n\n\n\n<p>Bariloche, Provincia de Rio Negro, 21 de enero de 2025. El Gobierno de R\u00edo Negro ha asegurado un financiamiento de U$S 1,3 millones para la conservaci\u00f3n de sus bosques andino-patag\u00f3nicos, un paso significativo en la protecci\u00f3n de los ecosistemas forestales de la regi\u00f3n. Este aporte permitir\u00e1 el desarrollo de varios proyectos que buscan equilibrar la conservaci\u00f3n ambiental con el crecimiento productivo y social de la provincia.<\/p>\n\n\n\n<p>El financiamiento proviene del Programa Piloto de Pagos Basados en Resultados (REDD+), una iniciativa internacional orientada a la gesti\u00f3n sostenible de los recursos naturales, facilitado por el Ministerio de Desarrollo Econ\u00f3mico y Productivo. Se espera que los proyectos no solo resguarden los bosques, sino que tambi\u00e9n integren actividades productivas como la ganader\u00eda, y promuevan la prevenci\u00f3n de incendios forestales.<\/p>\n\n\n\n<h2 class=\"wp-block-heading\" id=\"h-seis-proyectos-clave-para-la-proteccion-del-medio-ambiente\">Seis proyectos clave para la protecci\u00f3n del medio ambiente<\/h2>\n\n\n\n<p>A trav\u00e9s de esta financiaci\u00f3n, se aprob\u00f3 la implementaci\u00f3n de seis proyectos clave que apuntan a mejorar la gesti\u00f3n forestal. Estos proyectos tienen un enfoque integral que involucra a las comunidades locales, asegurando su participaci\u00f3n activa en la conservaci\u00f3n de los recursos naturales. Adem\u00e1s, la planificaci\u00f3n incluye actividades productivas que no afectan negativamente al ecosistema, como la ganader\u00eda, en un modelo sostenible.<\/p>\n\n\n\n<p>El objetivo es asegurar que la conservaci\u00f3n de los bosques no sea un obst\u00e1culo para el desarrollo econ\u00f3mico, sino que se pueda integrar de manera armoniosa con las actividades productivas y las necesidades sociales de la regi\u00f3n.<\/p>\n\n\n\n<h2 class=\"wp-block-heading\" id=\"h-politicas-complementarias-y-gestion-integral\">Pol\u00edticas complementarias y gesti\u00f3n integral<\/h2>\n\n\n\n<p>La Subsecretar\u00eda de Recursos Forestales ha trabajado en diversas pol\u00edticas complementarias para fortalecer la gesti\u00f3n de los recursos naturales. Una de las iniciativas m\u00e1s destacadas es la reutilizaci\u00f3n de madera decomisada por tala ilegal, que se destina a programas sociales. Este tipo de medidas contribuye a maximizar los recursos disponibles, beneficiando especialmente a las comunidades vulnerables con la construcci\u00f3n de viviendas y sistemas de calefacci\u00f3n.<\/p>\n\n\n\n<p>Adem\u00e1s, la provincia ha invertido en la modernizaci\u00f3n de infraestructuras clave, como la renovaci\u00f3n del edificio del Servicio Forestal Andino en Bariloche. Estas mejoras tambi\u00e9n han permitido optimizar los procesos administrativos, incluyendo la actualizaci\u00f3n de vales de tr\u00e1nsito y el registro de aserraderos, facilitando la gesti\u00f3n en el sector forestal.<\/p>\n\n\n\n<h2 class=\"wp-block-heading\" id=\"h-colaboracion-con-la-comunidad-y-cooperacion-internacional\">Colaboraci\u00f3n con la comunidad y cooperaci\u00f3n internacional<\/h2>\n\n\n\n<p>Carlos Banacloy, ministro de Desarrollo Econ\u00f3mico y Productivo de R\u00edo Negro, destac\u00f3 que uno de los pilares de la gesti\u00f3n de los recursos forestales ha sido la estrecha colaboraci\u00f3n con la comunidad. A trav\u00e9s de acuerdos con instituciones como el INTA, Parques Nacionales y el Consejo Consultivo Local, se ha generado un espacio de di\u00e1logo para asegurar que las pol\u00edticas respondan de manera efectiva a las necesidades del territorio.<\/p>\n\n\n\n<p>A nivel internacional, la provincia ha trabajado junto a la regi\u00f3n francesa de Centre-Val de Loire en el proyecto ESENCIA, que tiene como objetivo adaptar los bosques al cambio clim\u00e1tico y desarrollar soluciones compartidas para su manejo.<\/p>\n\n\n\n<h2 class=\"wp-block-heading\" id=\"h-desafios-y-perspectivas-futuras\">Desaf\u00edos y perspectivas futuras<\/h2>\n\n\n\n<p>A pesar de los avances conseguidos, a\u00fan persisten desaf\u00edos importantes. Uno de ellos es la actualizaci\u00f3n de la Ley 757 para unificar las normativas forestales en la regi\u00f3n, lo que permitir\u00e1 una gesti\u00f3n m\u00e1s eficiente y coherente. Adem\u00e1s, se est\u00e1 trabajando en la creaci\u00f3n de una fiduciaria que potencie la producci\u00f3n del sector forestal.<\/p>\n\n\n\n<p>Claudia Contreras, subsecretaria de Recursos Forestales, se\u00f1al\u00f3 que los avances logrados en 2024 en cuanto a la obtenci\u00f3n de fondos internacionales y la implementaci\u00f3n de pol\u00edticas de gesti\u00f3n forestal representan un paso clave para asegurar un futuro m\u00e1s sostenible para los recursos naturales de R\u00edo Negro.<\/p>\n","protected":false},"excerpt":{"rendered":"","protected":false},"author":2,"featured_media":91969,"comment_status":"open","ping_status":"open","sticky":false,"template":"","format":"standard","meta":{"site-sidebar-layout":"default","site-content-layout":"","ast-site-content-layout":"default","site-content-style":"default","site-sidebar-style":"default","ast-global-header-display":"","ast-banner-title-visibility":"","ast-main-header-display":"","ast-hfb-above-header-display":"","ast-hfb-below-header-display":"","ast-hfb-mobile-header-display":"","site-post-title":"","ast-breadcrumbs-content":"","ast-featured-img":"","footer-sml-layout":"","ast-disable-related-posts":"","theme-transparent-header-meta":"","adv-header-id-meta":"","stick-header-meta":"","header-above-stick-meta":"","header-main-stick-meta":"","header-below-stick-meta":"","astra-migrate-meta-layouts":"default","ast-page-background-enabled":"default","ast-page-background-meta":{"desktop":{"background-color":"var(--ast-global-color-5)","background-image":"","background-repeat":"repeat","background-position":"center center","background-size":"auto","background-attachment":"scroll","background-type":"","background-media":"","overlay-type":"","overlay-color":"","overlay-opacity":"","overlay-gradient":""},"tablet":{"background-color":"","background-image":"","background-repeat":"repeat","background-position":"center center","background-size":"auto","background-attachment":"scroll","background-type":"","background-media":"","overlay-type":"","overlay-color":"","overlay-opacity":"","overlay-gradient":""},"mobile":{"background-color":"","background-image":"","background-repeat":"repeat","background-position":"center center","background-size":"auto","background-attachment":"scroll","background-type":"","background-media":"","overlay-type":"","overlay-color":"","overlay-opacity":"","overlay-gradient":""}},"ast-content-background-meta":{"desktop":{"background-color":"var(--ast-global-color-4)","background-image":"","background-repeat":"repeat","background-position":"center center","background-size":"auto","background-attachment":"scroll","background-type":"","background-media":"","overlay-type":"","overlay-color":"","overlay-opacity":"","overlay-gradient":""},"tablet":{"background-color":"var(--ast-global-color-4)","background-image":"","background-repeat":"repeat","background-position":"center center","background-size":"auto","background-attachment":"scroll","background-type":"","background-media":"","overlay-type":"","overlay-color":"","overlay-opacity":"","overlay-gradient":""},"mobile":{"background-color":"var(--ast-global-color-4)","background-image":"","background-repeat":"repeat","background-position":"center center","background-size":"auto","background-attachment":"scroll","background-type":"","background-media":"","overlay-type":"","overlay-color":"","overlay-opacity":"","overlay-gradient":""}},"footnotes":""},"categories":[1,13,14],"tags":[],"class_list":["post-91968","post","type-post","status-publish","format-standard","has-post-thumbnail","hentry","category-noticias","category-provinciales","category-rio-negro"],"yoast_head":"<!-- This site is optimized with the Yoast SEO Premium plugin v23.0 (Yoast SEO v27.5) - https:\/\/yoast.com\/product\/yoast-seo-premium-wordpress\/ -->\n<title>R\u00edo Negro recibe U$S 1,3 millones para proteger sus bosques andino-patag\u00f3nicos<\/title>\n<meta name=\"description\" content=\"El Gobierno de R\u00edo Negro ha asegurado un financiamiento de U$S 1,3 millones para la conservaci\u00f3n de sus bosques andino-patag\u00f3nicos, un paso significativo en la protecci\u00f3n de los ecosistemas forestales de la regi\u00f3n.\" \/>\n<meta name=\"robots\" content=\"index, follow, max-snippet:-1, max-image-preview:large, max-video-preview:-1\" \/>\n<link rel=\"canonical\" href=\"https:\/\/patagoniambiental.com.ar\/info\/rio-negro-recibe-us-13-millones-para-proteger-sus-bosques-andino-patagonicos\/\" \/>\n<meta property=\"og:locale\" content=\"es_ES\" \/>\n<meta property=\"og:type\" content=\"article\" \/>\n<meta property=\"og:title\" content=\"R\u00edo Negro recibe U$S 1,3 millones para proteger sus bosques andino-patag\u00f3nicos\" \/>\n<meta property=\"og:description\" content=\"El Gobierno de R\u00edo Negro ha asegurado un financiamiento de U$S 1,3 millones para la conservaci\u00f3n de sus bosques andino-patag\u00f3nicos, un paso significativo en la protecci\u00f3n de los ecosistemas forestales de la regi\u00f3n.\" \/>\n<meta property=\"og:url\" content=\"https:\/\/patagoniambiental.com.ar\/info\/rio-negro-recibe-us-13-millones-para-proteger-sus-bosques-andino-patagonicos\/\" \/>\n<meta property=\"og:site_name\" content=\"Patagonia Ambiental\" \/>\n<meta property=\"article:publisher\" content=\"https:\/\/www.facebook.com\/patagonia.ambiental\" \/>\n<meta property=\"article:author\" content=\"https:\/\/www.facebook.com\/share\/1C1V8Gv9BX\/?mibextid=qi2Omg\" \/>\n<meta property=\"article:published_time\" content=\"2025-01-21T11:09:00+00:00\" \/>\n<meta property=\"article:modified_time\" content=\"2025-05-04T19:14:21+00:00\" \/>\n<meta property=\"og:image\" content=\"https:\/\/patagoniambiental.com.ar\/info\/wp-content\/uploads\/2025\/01\/1737393366-a7fdc46cd9e591d3b15e.jpeg\" \/>\n\t<meta property=\"og:image:width\" content=\"1080\" \/>\n\t<meta property=\"og:image:height\" content=\"608\" \/>\n\t<meta property=\"og:image:type\" content=\"image\/jpeg\" \/>\n<meta name=\"author\" content=\"Patagonia Ambiental\" \/>\n<meta name=\"twitter:card\" content=\"summary_large_image\" \/>\n<meta name=\"twitter:creator\" content=\"@PatAmb\" \/>\n<meta name=\"twitter:site\" content=\"@PatAmb\" \/>\n<script type=\"application\/ld+json\" class=\"yoast-schema-graph\">{\"@context\":\"https:\\\/\\\/schema.org\",\"@graph\":[{\"@type\":\"Article\",\"@id\":\"https:\\\/\\\/patagoniambiental.com.ar\\\/info\\\/rio-negro-recibe-us-13-millones-para-proteger-sus-bosques-andino-patagonicos\\\/#article\",\"isPartOf\":{\"@id\":\"https:\\\/\\\/patagoniambiental.com.ar\\\/info\\\/rio-negro-recibe-us-13-millones-para-proteger-sus-bosques-andino-patagonicos\\\/\"},\"author\":{\"name\":\"Patagonia Ambiental\",\"@id\":\"https:\\\/\\\/patagoniambiental.com.ar\\\/info\\\/#\\\/schema\\\/person\\\/db12bff64bbcbf6a253710bf0ea37b5d\"},\"headline\":\"R\u00edo Negro recibe U$S 1,3 millones para proteger sus bosques andino-patag\u00f3nicos\",\"datePublished\":\"2025-01-21T11:09:00+00:00\",\"dateModified\":\"2025-05-04T19:14:21+00:00\",\"mainEntityOfPage\":{\"@id\":\"https:\\\/\\\/patagoniambiental.com.ar\\\/info\\\/rio-negro-recibe-us-13-millones-para-proteger-sus-bosques-andino-patagonicos\\\/\"},\"wordCount\":648,\"commentCount\":0,\"publisher\":{\"@id\":\"https:\\\/\\\/patagoniambiental.com.ar\\\/info\\\/#organization\"},\"image\":{\"@id\":\"https:\\\/\\\/patagoniambiental.com.ar\\\/info\\\/rio-negro-recibe-us-13-millones-para-proteger-sus-bosques-andino-patagonicos\\\/#primaryimage\"},\"thumbnailUrl\":\"https:\\\/\\\/patagoniambiental.com.ar\\\/info\\\/wp-content\\\/uploads\\\/2025\\\/01\\\/1737393366-a7fdc46cd9e591d3b15e.jpeg\",\"articleSection\":[\"Noticias\",\"Provinciales\",\"R\u00edo Negro\"],\"inLanguage\":\"es\",\"potentialAction\":[{\"@type\":\"CommentAction\",\"name\":\"Comment\",\"target\":[\"https:\\\/\\\/patagoniambiental.com.ar\\\/info\\\/rio-negro-recibe-us-13-millones-para-proteger-sus-bosques-andino-patagonicos\\\/#respond\"]}]},{\"@type\":\"WebPage\",\"@id\":\"https:\\\/\\\/patagoniambiental.com.ar\\\/info\\\/rio-negro-recibe-us-13-millones-para-proteger-sus-bosques-andino-patagonicos\\\/\",\"url\":\"https:\\\/\\\/patagoniambiental.com.ar\\\/info\\\/rio-negro-recibe-us-13-millones-para-proteger-sus-bosques-andino-patagonicos\\\/\",\"name\":\"R\u00edo Negro recibe U$S 1,3 millones para proteger sus bosques andino-patag\u00f3nicos\",\"isPartOf\":{\"@id\":\"https:\\\/\\\/patagoniambiental.com.ar\\\/info\\\/#website\"},\"primaryImageOfPage\":{\"@id\":\"https:\\\/\\\/patagoniambiental.com.ar\\\/info\\\/rio-negro-recibe-us-13-millones-para-proteger-sus-bosques-andino-patagonicos\\\/#primaryimage\"},\"image\":{\"@id\":\"https:\\\/\\\/patagoniambiental.com.ar\\\/info\\\/rio-negro-recibe-us-13-millones-para-proteger-sus-bosques-andino-patagonicos\\\/#primaryimage\"},\"thumbnailUrl\":\"https:\\\/\\\/patagoniambiental.com.ar\\\/info\\\/wp-content\\\/uploads\\\/2025\\\/01\\\/1737393366-a7fdc46cd9e591d3b15e.jpeg\",\"datePublished\":\"2025-01-21T11:09:00+00:00\",\"dateModified\":\"2025-05-04T19:14:21+00:00\",\"description\":\"El Gobierno de R\u00edo Negro ha asegurado un financiamiento de U$S 1,3 millones para la conservaci\u00f3n de sus bosques andino-patag\u00f3nicos, un paso significativo en la protecci\u00f3n de los ecosistemas forestales de la regi\u00f3n.\",\"breadcrumb\":{\"@id\":\"https:\\\/\\\/patagoniambiental.com.ar\\\/info\\\/rio-negro-recibe-us-13-millones-para-proteger-sus-bosques-andino-patagonicos\\\/#breadcrumb\"},\"inLanguage\":\"es\",\"potentialAction\":[{\"@type\":\"ReadAction\",\"target\":[\"https:\\\/\\\/patagoniambiental.com.ar\\\/info\\\/rio-negro-recibe-us-13-millones-para-proteger-sus-bosques-andino-patagonicos\\\/\"]}]},{\"@type\":\"ImageObject\",\"inLanguage\":\"es\",\"@id\":\"https:\\\/\\\/patagoniambiental.com.ar\\\/info\\\/rio-negro-recibe-us-13-millones-para-proteger-sus-bosques-andino-patagonicos\\\/#primaryimage\",\"url\":\"https:\\\/\\\/patagoniambiental.com.ar\\\/info\\\/wp-content\\\/uploads\\\/2025\\\/01\\\/1737393366-a7fdc46cd9e591d3b15e.jpeg\",\"contentUrl\":\"https:\\\/\\\/patagoniambiental.com.ar\\\/info\\\/wp-content\\\/uploads\\\/2025\\\/01\\\/1737393366-a7fdc46cd9e591d3b15e.jpeg\",\"width\":1080,\"height\":608},{\"@type\":\"BreadcrumbList\",\"@id\":\"https:\\\/\\\/patagoniambiental.com.ar\\\/info\\\/rio-negro-recibe-us-13-millones-para-proteger-sus-bosques-andino-patagonicos\\\/#breadcrumb\",\"itemListElement\":[{\"@type\":\"ListItem\",\"position\":1,\"name\":\"Inicio\",\"item\":\"https:\\\/\\\/patagoniambiental.com.ar\\\/info\\\/\"},{\"@type\":\"ListItem\",\"position\":2,\"name\":\"R\u00edo Negro recibe U$S 1,3 millones para proteger sus bosques andino-patag\u00f3nicos\"}]},{\"@type\":\"WebSite\",\"@id\":\"https:\\\/\\\/patagoniambiental.com.ar\\\/info\\\/#website\",\"url\":\"https:\\\/\\\/patagoniambiental.com.ar\\\/info\\\/\",\"name\":\"Patagonia Ambiental\",\"description\":\"Monitoreo y an\u00e1lisis de la situaci\u00f3n geopol\u00edtica en el mundo y su implicancia en la Patagonia\",\"publisher\":{\"@id\":\"https:\\\/\\\/patagoniambiental.com.ar\\\/info\\\/#organization\"},\"potentialAction\":[{\"@type\":\"SearchAction\",\"target\":{\"@type\":\"EntryPoint\",\"urlTemplate\":\"https:\\\/\\\/patagoniambiental.com.ar\\\/info\\\/?s={search_term_string}\"},\"query-input\":{\"@type\":\"PropertyValueSpecification\",\"valueRequired\":true,\"valueName\":\"search_term_string\"}}],\"inLanguage\":\"es\"},{\"@type\":\"Organization\",\"@id\":\"https:\\\/\\\/patagoniambiental.com.ar\\\/info\\\/#organization\",\"name\":\"Patagonia Ambiental\",\"url\":\"https:\\\/\\\/patagoniambiental.com.ar\\\/info\\\/\",\"logo\":{\"@type\":\"ImageObject\",\"inLanguage\":\"es\",\"@id\":\"https:\\\/\\\/patagoniambiental.com.ar\\\/info\\\/#\\\/schema\\\/logo\\\/image\\\/\",\"url\":\"https:\\\/\\\/patagoniambiental.com.ar\\\/info\\\/wp-content\\\/uploads\\\/2025\\\/05\\\/LOGO-PATAGONIA-AMBIENTAL.png\",\"contentUrl\":\"https:\\\/\\\/patagoniambiental.com.ar\\\/info\\\/wp-content\\\/uploads\\\/2025\\\/05\\\/LOGO-PATAGONIA-AMBIENTAL.png\",\"width\":433,\"height\":250,\"caption\":\"Patagonia Ambiental\"},\"image\":{\"@id\":\"https:\\\/\\\/patagoniambiental.com.ar\\\/info\\\/#\\\/schema\\\/logo\\\/image\\\/\"},\"sameAs\":[\"https:\\\/\\\/www.facebook.com\\\/patagonia.ambiental\",\"https:\\\/\\\/x.com\\\/PatAmb\"]},{\"@type\":\"Person\",\"@id\":\"https:\\\/\\\/patagoniambiental.com.ar\\\/info\\\/#\\\/schema\\\/person\\\/db12bff64bbcbf6a253710bf0ea37b5d\",\"name\":\"Patagonia Ambiental\",\"description\":\"Andr\u00e9s Nievas T\u00e9cnico en manejo ambiental, consultor Ambiental y escritor para medios locales e internacionales sobre temas de geopolitica y medio ambiente.\",\"sameAs\":[\"http:\\\/\\\/www.patagoniambiental.com.ar\",\"https:\\\/\\\/www.facebook.com\\\/share\\\/1C1V8Gv9BX\\\/?mibextid=qi2Omg\",\"@patagoniambiental\",\"https:\\\/\\\/youtube.com\\\/@patagoniaambiental2023?si=BLt58t0wuXquxlYZ\"]}]}<\/script>\n<!-- \/ Yoast SEO Premium plugin. -->","yoast_head_json":{"title":"R\u00edo Negro recibe U$S 1,3 millones para proteger sus bosques andino-patag\u00f3nicos","description":"El Gobierno de R\u00edo Negro ha asegurado un financiamiento de U$S 1,3 millones para la conservaci\u00f3n de sus bosques andino-patag\u00f3nicos, un paso significativo en la protecci\u00f3n de los ecosistemas forestales de la regi\u00f3n.","robots":{"index":"index","follow":"follow","max-snippet":"max-snippet:-1","max-image-preview":"max-image-preview:large","max-video-preview":"max-video-preview:-1"},"canonical":"https:\/\/patagoniambiental.com.ar\/info\/rio-negro-recibe-us-13-millones-para-proteger-sus-bosques-andino-patagonicos\/","og_locale":"es_ES","og_type":"article","og_title":"R\u00edo Negro recibe U$S 1,3 millones para proteger sus bosques andino-patag\u00f3nicos","og_description":"El Gobierno de R\u00edo Negro ha asegurado un financiamiento de U$S 1,3 millones para la conservaci\u00f3n de sus bosques andino-patag\u00f3nicos, un paso significativo en la protecci\u00f3n de los ecosistemas forestales de la regi\u00f3n.","og_url":"https:\/\/patagoniambiental.com.ar\/info\/rio-negro-recibe-us-13-millones-para-proteger-sus-bosques-andino-patagonicos\/","og_site_name":"Patagonia Ambiental","article_publisher":"https:\/\/www.facebook.com\/patagonia.ambiental","article_author":"https:\/\/www.facebook.com\/share\/1C1V8Gv9BX\/?mibextid=qi2Omg","article_published_time":"2025-01-21T11:09:00+00:00","article_modified_time":"2025-05-04T19:14:21+00:00","og_image":[{"width":1080,"height":608,"url":"https:\/\/patagoniambiental.com.ar\/info\/wp-content\/uploads\/2025\/01\/1737393366-a7fdc46cd9e591d3b15e.jpeg","type":"image\/jpeg"}],"author":"Patagonia Ambiental","twitter_card":"summary_large_image","twitter_creator":"@PatAmb","twitter_site":"@PatAmb","schema":{"@context":"https:\/\/schema.org","@graph":[{"@type":"Article","@id":"https:\/\/patagoniambiental.com.ar\/info\/rio-negro-recibe-us-13-millones-para-proteger-sus-bosques-andino-patagonicos\/#article","isPartOf":{"@id":"https:\/\/patagoniambiental.com.ar\/info\/rio-negro-recibe-us-13-millones-para-proteger-sus-bosques-andino-patagonicos\/"},"author":{"name":"Patagonia Ambiental","@id":"https:\/\/patagoniambiental.com.ar\/info\/#\/schema\/person\/db12bff64bbcbf6a253710bf0ea37b5d"},"headline":"R\u00edo Negro recibe U$S 1,3 millones para proteger sus bosques andino-patag\u00f3nicos","datePublished":"2025-01-21T11:09:00+00:00","dateModified":"2025-05-04T19:14:21+00:00","mainEntityOfPage":{"@id":"https:\/\/patagoniambiental.com.ar\/info\/rio-negro-recibe-us-13-millones-para-proteger-sus-bosques-andino-patagonicos\/"},"wordCount":648,"commentCount":0,"publisher":{"@id":"https:\/\/patagoniambiental.com.ar\/info\/#organization"},"image":{"@id":"https:\/\/patagoniambiental.com.ar\/info\/rio-negro-recibe-us-13-millones-para-proteger-sus-bosques-andino-patagonicos\/#primaryimage"},"thumbnailUrl":"https:\/\/patagoniambiental.com.ar\/info\/wp-content\/uploads\/2025\/01\/1737393366-a7fdc46cd9e591d3b15e.jpeg","articleSection":["Noticias","Provinciales","R\u00edo Negro"],"inLanguage":"es","potentialAction":[{"@type":"CommentAction","name":"Comment","target":["https:\/\/patagoniambiental.com.ar\/info\/rio-negro-recibe-us-13-millones-para-proteger-sus-bosques-andino-patagonicos\/#respond"]}]},{"@type":"WebPage","@id":"https:\/\/patagoniambiental.com.ar\/info\/rio-negro-recibe-us-13-millones-para-proteger-sus-bosques-andino-patagonicos\/","url":"https:\/\/patagoniambiental.com.ar\/info\/rio-negro-recibe-us-13-millones-para-proteger-sus-bosques-andino-patagonicos\/","name":"R\u00edo Negro recibe U$S 1,3 millones para proteger sus bosques andino-patag\u00f3nicos","isPartOf":{"@id":"https:\/\/patagoniambiental.com.ar\/info\/#website"},"primaryImageOfPage":{"@id":"https:\/\/patagoniambiental.com.ar\/info\/rio-negro-recibe-us-13-millones-para-proteger-sus-bosques-andino-patagonicos\/#primaryimage"},"image":{"@id":"https:\/\/patagoniambiental.com.ar\/info\/rio-negro-recibe-us-13-millones-para-proteger-sus-bosques-andino-patagonicos\/#primaryimage"},"thumbnailUrl":"https:\/\/patagoniambiental.com.ar\/info\/wp-content\/uploads\/2025\/01\/1737393366-a7fdc46cd9e591d3b15e.jpeg","datePublished":"2025-01-21T11:09:00+00:00","dateModified":"2025-05-04T19:14:21+00:00","description":"El Gobierno de R\u00edo Negro ha asegurado un financiamiento de U$S 1,3 millones para la conservaci\u00f3n de sus bosques andino-patag\u00f3nicos, un paso significativo en la protecci\u00f3n de los ecosistemas forestales de la regi\u00f3n.","breadcrumb":{"@id":"https:\/\/patagoniambiental.com.ar\/info\/rio-negro-recibe-us-13-millones-para-proteger-sus-bosques-andino-patagonicos\/#breadcrumb"},"inLanguage":"es","potentialAction":[{"@type":"ReadAction","target":["https:\/\/patagoniambiental.com.ar\/info\/rio-negro-recibe-us-13-millones-para-proteger-sus-bosques-andino-patagonicos\/"]}]},{"@type":"ImageObject","inLanguage":"es","@id":"https:\/\/patagoniambiental.com.ar\/info\/rio-negro-recibe-us-13-millones-para-proteger-sus-bosques-andino-patagonicos\/#primaryimage","url":"https:\/\/patagoniambiental.com.ar\/info\/wp-content\/uploads\/2025\/01\/1737393366-a7fdc46cd9e591d3b15e.jpeg","contentUrl":"https:\/\/patagoniambiental.com.ar\/info\/wp-content\/uploads\/2025\/01\/1737393366-a7fdc46cd9e591d3b15e.jpeg","width":1080,"height":608},{"@type":"BreadcrumbList","@id":"https:\/\/patagoniambiental.com.ar\/info\/rio-negro-recibe-us-13-millones-para-proteger-sus-bosques-andino-patagonicos\/#breadcrumb","itemListElement":[{"@type":"ListItem","position":1,"name":"Inicio","item":"https:\/\/patagoniambiental.com.ar\/info\/"},{"@type":"ListItem","position":2,"name":"R\u00edo Negro recibe U$S 1,3 millones para proteger sus bosques andino-patag\u00f3nicos"}]},{"@type":"WebSite","@id":"https:\/\/patagoniambiental.com.ar\/info\/#website","url":"https:\/\/patagoniambiental.com.ar\/info\/","name":"Patagonia Ambiental","description":"Monitoreo y an\u00e1lisis de la situaci\u00f3n geopol\u00edtica en el mundo y su implicancia en la Patagonia","publisher":{"@id":"https:\/\/patagoniambiental.com.ar\/info\/#organization"},"potentialAction":[{"@type":"SearchAction","target":{"@type":"EntryPoint","urlTemplate":"https:\/\/patagoniambiental.com.ar\/info\/?s={search_term_string}"},"query-input":{"@type":"PropertyValueSpecification","valueRequired":true,"valueName":"search_term_string"}}],"inLanguage":"es"},{"@type":"Organization","@id":"https:\/\/patagoniambiental.com.ar\/info\/#organization","name":"Patagonia Ambiental","url":"https:\/\/patagoniambiental.com.ar\/info\/","logo":{"@type":"ImageObject","inLanguage":"es","@id":"https:\/\/patagoniambiental.com.ar\/info\/#\/schema\/logo\/image\/","url":"https:\/\/patagoniambiental.com.ar\/info\/wp-content\/uploads\/2025\/05\/LOGO-PATAGONIA-AMBIENTAL.png","contentUrl":"https:\/\/patagoniambiental.com.ar\/info\/wp-content\/uploads\/2025\/05\/LOGO-PATAGONIA-AMBIENTAL.png","width":433,"height":250,"caption":"Patagonia Ambiental"},"image":{"@id":"https:\/\/patagoniambiental.com.ar\/info\/#\/schema\/logo\/image\/"},"sameAs":["https:\/\/www.facebook.com\/patagonia.ambiental","https:\/\/x.com\/PatAmb"]},{"@type":"Person","@id":"https:\/\/patagoniambiental.com.ar\/info\/#\/schema\/person\/db12bff64bbcbf6a253710bf0ea37b5d","name":"Patagonia Ambiental","description":"Andr\u00e9s Nievas T\u00e9cnico en manejo ambiental, consultor Ambiental y escritor para medios locales e internacionales sobre temas de geopolitica y medio ambiente.","sameAs":["http:\/\/www.patagoniambiental.com.ar","https:\/\/www.facebook.com\/share\/1C1V8Gv9BX\/?mibextid=qi2Omg","@patagoniambiental","https:\/\/youtube.com\/@patagoniaambiental2023?si=BLt58t0wuXquxlYZ"]}]}},"_links":{"self":[{"href":"https:\/\/patagoniambiental.com.ar\/info\/wp-json\/wp\/v2\/posts\/91968","targetHints":{"allow":["GET"]}}],"collection":[{"href":"https:\/\/patagoniambiental.com.ar\/info\/wp-json\/wp\/v2\/posts"}],"about":[{"href":"https:\/\/patagoniambiental.com.ar\/info\/wp-json\/wp\/v2\/types\/post"}],"author":[{"embeddable":true,"href":"https:\/\/patagoniambiental.com.ar\/info\/wp-json\/wp\/v2\/users\/2"}],"replies":[{"embeddable":true,"href":"https:\/\/patagoniambiental.com.ar\/info\/wp-json\/wp\/v2\/comments?post=91968"}],"version-history":[{"count":0,"href":"https:\/\/patagoniambiental.com.ar\/info\/wp-json\/wp\/v2\/posts\/91968\/revisions"}],"wp:featuredmedia":[{"embeddable":true,"href":"https:\/\/patagoniambiental.com.ar\/info\/wp-json\/wp\/v2\/media\/91969"}],"wp:attachment":[{"href":"https:\/\/patagoniambiental.com.ar\/info\/wp-json\/wp\/v2\/media?parent=91968"}],"wp:term":[{"taxonomy":"category","embeddable":true,"href":"https:\/\/patagoniambiental.com.ar\/info\/wp-json\/wp\/v2\/categories?post=91968"},{"taxonomy":"post_tag","embeddable":true,"href":"https:\/\/patagoniambiental.com.ar\/info\/wp-json\/wp\/v2\/tags?post=91968"}],"curies":[{"name":"wp","href":"https:\/\/api.w.org\/{rel}","templated":true}]}}