{"id":91998,"date":"2025-01-26T12:46:43","date_gmt":"2025-01-26T15:46:43","guid":{"rendered":"https:\/\/patagoniambiental.com.ar\/info\/?p=91998"},"modified":"2025-05-04T16:13:18","modified_gmt":"2025-05-04T19:13:18","slug":"weretilneck-y-casadei-impulsan-proyecto-historico-de-gnl-en-rio-negro","status":"publish","type":"post","link":"https:\/\/patagoniambiental.com.ar\/info\/weretilneck-y-casadei-impulsan-proyecto-historico-de-gnl-en-rio-negro\/","title":{"rendered":"Weretilneck y Casadei impulsan proyecto hist\u00f3rico de GNL en R\u00edo Negro"},"content":{"rendered":"\n<!--more-->\n\n\n\n<p>San Antonio Oeste, Provincia de Rio Negro, 26 de enero de 2025. El Gobernador de R\u00edo Negro, Alberto Weretilneck, junto al Intendente de San Antonio Oeste, Adri\u00e1n Casadei, visitaron recientemente la zona del Golfo San Mat\u00edas, elegida para albergar el primer proyecto de producci\u00f3n y exportaci\u00f3n de gas natural licuado (GNL) en Argentina. En el recorrido tambi\u00e9n estuvo presente el buque de licuefacci\u00f3n <em>Hilli Episeyo<\/em>, operado por Pan American Energy, Golar LNG, YPF y Pampa Energ\u00eda, destacando el avance de esta importante iniciativa.<\/p>\n\n\n\n<p>El proyecto, considerado un hito para el sector energ\u00e9tico del pa\u00eds, busca transformar la regi\u00f3n en un centro estrat\u00e9gico para la industria energ\u00e9tica global. \u201cEste ambicioso emprendimiento representa una oportunidad \u00fanica para incrementar nuestra capacidad exportadora, generar empleo y consolidar a nuestra regi\u00f3n como un polo clave para la energ\u00eda mundial\u201d, expres\u00f3 Weretilneck a trav\u00e9s de su cuenta de X (@Weretilneck), al compartir detalles de la visita.<\/p>\n\n\n\n<p>Con una capacidad de producci\u00f3n prevista de 2,4 millones de toneladas anuales de GNL y una inversi\u00f3n inicial de 2.900 millones de d\u00f3lares en los primeros 10 a\u00f1os, el proyecto promete ser un motor de crecimiento para la econom\u00eda local. Esta iniciativa se complementa con el proyecto Argentina LNG, que implica una inversi\u00f3n total de 30.000 millones de d\u00f3lares y la construcci\u00f3n de una planta de licuefacci\u00f3n en Sierra Grande.<\/p>\n\n\n\n<p>A lo largo de 2024, YPF alcanz\u00f3 acuerdos clave con compradores internacionales y avanz\u00f3 en el dise\u00f1o de un ducto de gran escala, que conectar\u00e1 los yacimientos de Vaca Muerta con Punta Colorada, consolidando a\u00fan m\u00e1s la proyecci\u00f3n exportadora del pa\u00eds.<\/p>\n\n\n\n<p>Este tipo de proyectos pone a R\u00edo Negro como l\u00edder en el sector energ\u00e9tico nacional, al mismo tiempo que promueve un desarrollo responsable con el medio ambiente, en una clara apuesta por un crecimiento econ\u00f3mico sostenido.<\/p>\n","protected":false},"excerpt":{"rendered":"","protected":false},"author":2,"featured_media":91999,"comment_status":"open","ping_status":"open","sticky":false,"template":"","format":"standard","meta":{"site-sidebar-layout":"default","site-content-layout":"","ast-site-content-layout":"default","site-content-style":"default","site-sidebar-style":"default","ast-global-header-display":"","ast-banner-title-visibility":"","ast-main-header-display":"","ast-hfb-above-header-display":"","ast-hfb-below-header-display":"","ast-hfb-mobile-header-display":"","site-post-title":"","ast-breadcrumbs-content":"","ast-featured-img":"","footer-sml-layout":"","ast-disable-related-posts":"","theme-transparent-header-meta":"","adv-header-id-meta":"","stick-header-meta":"","header-above-stick-meta":"","header-main-stick-meta":"","header-below-stick-meta":"","astra-migrate-meta-layouts":"default","ast-page-background-enabled":"default","ast-page-background-meta":{"desktop":{"background-color":"var(--ast-global-color-5)","background-image":"","background-repeat":"repeat","background-position":"center center","background-size":"auto","background-attachment":"scroll","background-type":"","background-media":"","overlay-type":"","overlay-color":"","overlay-opacity":"","overlay-gradient":""},"tablet":{"background-color":"","background-image":"","background-repeat":"repeat","background-position":"center center","background-size":"auto","background-attachment":"scroll","background-type":"","background-media":"","overlay-type":"","overlay-color":"","overlay-opacity":"","overlay-gradient":""},"mobile":{"background-color":"","background-image":"","background-repeat":"repeat","background-position":"center center","background-size":"auto","background-attachment":"scroll","background-type":"","background-media":"","overlay-type":"","overlay-color":"","overlay-opacity":"","overlay-gradient":""}},"ast-content-background-meta":{"desktop":{"background-color":"var(--ast-global-color-4)","background-image":"","background-repeat":"repeat","background-position":"center center","background-size":"auto","background-attachment":"scroll","background-type":"","background-media":"","overlay-type":"","overlay-color":"","overlay-opacity":"","overlay-gradient":""},"tablet":{"background-color":"var(--ast-global-color-4)","background-image":"","background-repeat":"repeat","background-position":"center center","background-size":"auto","background-attachment":"scroll","background-type":"","background-media":"","overlay-type":"","overlay-color":"","overlay-opacity":"","overlay-gradient":""},"mobile":{"background-color":"var(--ast-global-color-4)","background-image":"","background-repeat":"repeat","background-position":"center center","background-size":"auto","background-attachment":"scroll","background-type":"","background-media":"","overlay-type":"","overlay-color":"","overlay-opacity":"","overlay-gradient":""}},"footnotes":""},"categories":[1,13,14],"tags":[],"class_list":["post-91998","post","type-post","status-publish","format-standard","has-post-thumbnail","hentry","category-noticias","category-provinciales","category-rio-negro"],"yoast_head":"<!-- This site is optimized with the Yoast SEO Premium plugin v23.0 (Yoast SEO v27.5) - https:\/\/yoast.com\/product\/yoast-seo-premium-wordpress\/ -->\n<title>Weretilneck y Casadei impulsan proyecto hist\u00f3rico de GNL en R\u00edo Negro<\/title>\n<meta name=\"description\" content=\"El Gobernador de R\u00edo Negro, Alberto Weretilneck, junto al Intendente de San Antonio Oeste, Adri\u00e1n Casadei, visitaron recientemente la zona del Golfo San Mat\u00edas, elegida para albergar el primer proyecto de producci\u00f3n y exportaci\u00f3n de gas natural licuado (GNL) en Argentina.\" \/>\n<meta name=\"robots\" content=\"index, follow, max-snippet:-1, max-image-preview:large, max-video-preview:-1\" \/>\n<link rel=\"canonical\" href=\"https:\/\/patagoniambiental.com.ar\/info\/weretilneck-y-casadei-impulsan-proyecto-historico-de-gnl-en-rio-negro\/\" \/>\n<meta property=\"og:locale\" content=\"es_ES\" \/>\n<meta property=\"og:type\" content=\"article\" \/>\n<meta property=\"og:title\" content=\"Weretilneck y Casadei impulsan proyecto hist\u00f3rico de GNL en R\u00edo Negro\" \/>\n<meta property=\"og:description\" content=\"El Gobernador de R\u00edo Negro, Alberto Weretilneck, junto al Intendente de San Antonio Oeste, Adri\u00e1n Casadei, visitaron recientemente la zona del Golfo San Mat\u00edas, elegida para albergar el primer proyecto de producci\u00f3n y exportaci\u00f3n de gas natural licuado (GNL) en Argentina.\" \/>\n<meta property=\"og:url\" content=\"https:\/\/patagoniambiental.com.ar\/info\/weretilneck-y-casadei-impulsan-proyecto-historico-de-gnl-en-rio-negro\/\" \/>\n<meta property=\"og:site_name\" content=\"Patagonia Ambiental\" \/>\n<meta property=\"article:publisher\" content=\"https:\/\/www.facebook.com\/patagonia.ambiental\" \/>\n<meta property=\"article:author\" content=\"https:\/\/www.facebook.com\/share\/1C1V8Gv9BX\/?mibextid=qi2Omg\" \/>\n<meta property=\"article:published_time\" content=\"2025-01-26T15:46:43+00:00\" \/>\n<meta property=\"article:modified_time\" content=\"2025-05-04T19:13:18+00:00\" \/>\n<meta property=\"og:image\" content=\"https:\/\/patagoniambiental.com.ar\/info\/wp-content\/uploads\/2025\/01\/1737856698-ca807c6b64c4258e2cbb.jpeg\" \/>\n\t<meta property=\"og:image:width\" content=\"1080\" \/>\n\t<meta property=\"og:image:height\" content=\"607\" \/>\n\t<meta property=\"og:image:type\" content=\"image\/jpeg\" \/>\n<meta name=\"author\" content=\"Patagonia Ambiental\" \/>\n<meta name=\"twitter:card\" content=\"summary_large_image\" \/>\n<meta name=\"twitter:creator\" content=\"@PatAmb\" \/>\n<meta name=\"twitter:site\" content=\"@PatAmb\" \/>\n<script type=\"application\/ld+json\" class=\"yoast-schema-graph\">{\"@context\":\"https:\\\/\\\/schema.org\",\"@graph\":[{\"@type\":\"Article\",\"@id\":\"https:\\\/\\\/patagoniambiental.com.ar\\\/info\\\/weretilneck-y-casadei-impulsan-proyecto-historico-de-gnl-en-rio-negro\\\/#article\",\"isPartOf\":{\"@id\":\"https:\\\/\\\/patagoniambiental.com.ar\\\/info\\\/weretilneck-y-casadei-impulsan-proyecto-historico-de-gnl-en-rio-negro\\\/\"},\"author\":{\"name\":\"Patagonia Ambiental\",\"@id\":\"https:\\\/\\\/patagoniambiental.com.ar\\\/info\\\/#\\\/schema\\\/person\\\/db12bff64bbcbf6a253710bf0ea37b5d\"},\"headline\":\"Weretilneck y Casadei impulsan proyecto hist\u00f3rico de GNL en R\u00edo Negro\",\"datePublished\":\"2025-01-26T15:46:43+00:00\",\"dateModified\":\"2025-05-04T19:13:18+00:00\",\"mainEntityOfPage\":{\"@id\":\"https:\\\/\\\/patagoniambiental.com.ar\\\/info\\\/weretilneck-y-casadei-impulsan-proyecto-historico-de-gnl-en-rio-negro\\\/\"},\"wordCount\":337,\"commentCount\":0,\"publisher\":{\"@id\":\"https:\\\/\\\/patagoniambiental.com.ar\\\/info\\\/#organization\"},\"image\":{\"@id\":\"https:\\\/\\\/patagoniambiental.com.ar\\\/info\\\/weretilneck-y-casadei-impulsan-proyecto-historico-de-gnl-en-rio-negro\\\/#primaryimage\"},\"thumbnailUrl\":\"https:\\\/\\\/patagoniambiental.com.ar\\\/info\\\/wp-content\\\/uploads\\\/2025\\\/01\\\/1737856698-ca807c6b64c4258e2cbb.jpeg\",\"articleSection\":[\"Noticias\",\"Provinciales\",\"R\u00edo Negro\"],\"inLanguage\":\"es\",\"potentialAction\":[{\"@type\":\"CommentAction\",\"name\":\"Comment\",\"target\":[\"https:\\\/\\\/patagoniambiental.com.ar\\\/info\\\/weretilneck-y-casadei-impulsan-proyecto-historico-de-gnl-en-rio-negro\\\/#respond\"]}]},{\"@type\":\"WebPage\",\"@id\":\"https:\\\/\\\/patagoniambiental.com.ar\\\/info\\\/weretilneck-y-casadei-impulsan-proyecto-historico-de-gnl-en-rio-negro\\\/\",\"url\":\"https:\\\/\\\/patagoniambiental.com.ar\\\/info\\\/weretilneck-y-casadei-impulsan-proyecto-historico-de-gnl-en-rio-negro\\\/\",\"name\":\"Weretilneck y Casadei impulsan proyecto hist\u00f3rico de GNL en R\u00edo Negro\",\"isPartOf\":{\"@id\":\"https:\\\/\\\/patagoniambiental.com.ar\\\/info\\\/#website\"},\"primaryImageOfPage\":{\"@id\":\"https:\\\/\\\/patagoniambiental.com.ar\\\/info\\\/weretilneck-y-casadei-impulsan-proyecto-historico-de-gnl-en-rio-negro\\\/#primaryimage\"},\"image\":{\"@id\":\"https:\\\/\\\/patagoniambiental.com.ar\\\/info\\\/weretilneck-y-casadei-impulsan-proyecto-historico-de-gnl-en-rio-negro\\\/#primaryimage\"},\"thumbnailUrl\":\"https:\\\/\\\/patagoniambiental.com.ar\\\/info\\\/wp-content\\\/uploads\\\/2025\\\/01\\\/1737856698-ca807c6b64c4258e2cbb.jpeg\",\"datePublished\":\"2025-01-26T15:46:43+00:00\",\"dateModified\":\"2025-05-04T19:13:18+00:00\",\"description\":\"El Gobernador de R\u00edo Negro, Alberto Weretilneck, junto al Intendente de San Antonio Oeste, Adri\u00e1n Casadei, visitaron recientemente la zona del Golfo San Mat\u00edas, elegida para albergar el primer proyecto de producci\u00f3n y exportaci\u00f3n de gas natural licuado (GNL) en Argentina.\",\"breadcrumb\":{\"@id\":\"https:\\\/\\\/patagoniambiental.com.ar\\\/info\\\/weretilneck-y-casadei-impulsan-proyecto-historico-de-gnl-en-rio-negro\\\/#breadcrumb\"},\"inLanguage\":\"es\",\"potentialAction\":[{\"@type\":\"ReadAction\",\"target\":[\"https:\\\/\\\/patagoniambiental.com.ar\\\/info\\\/weretilneck-y-casadei-impulsan-proyecto-historico-de-gnl-en-rio-negro\\\/\"]}]},{\"@type\":\"ImageObject\",\"inLanguage\":\"es\",\"@id\":\"https:\\\/\\\/patagoniambiental.com.ar\\\/info\\\/weretilneck-y-casadei-impulsan-proyecto-historico-de-gnl-en-rio-negro\\\/#primaryimage\",\"url\":\"https:\\\/\\\/patagoniambiental.com.ar\\\/info\\\/wp-content\\\/uploads\\\/2025\\\/01\\\/1737856698-ca807c6b64c4258e2cbb.jpeg\",\"contentUrl\":\"https:\\\/\\\/patagoniambiental.com.ar\\\/info\\\/wp-content\\\/uploads\\\/2025\\\/01\\\/1737856698-ca807c6b64c4258e2cbb.jpeg\",\"width\":1080,\"height\":607},{\"@type\":\"BreadcrumbList\",\"@id\":\"https:\\\/\\\/patagoniambiental.com.ar\\\/info\\\/weretilneck-y-casadei-impulsan-proyecto-historico-de-gnl-en-rio-negro\\\/#breadcrumb\",\"itemListElement\":[{\"@type\":\"ListItem\",\"position\":1,\"name\":\"Inicio\",\"item\":\"https:\\\/\\\/patagoniambiental.com.ar\\\/info\\\/\"},{\"@type\":\"ListItem\",\"position\":2,\"name\":\"Weretilneck y Casadei impulsan proyecto hist\u00f3rico de GNL en R\u00edo Negro\"}]},{\"@type\":\"WebSite\",\"@id\":\"https:\\\/\\\/patagoniambiental.com.ar\\\/info\\\/#website\",\"url\":\"https:\\\/\\\/patagoniambiental.com.ar\\\/info\\\/\",\"name\":\"Patagonia Ambiental\",\"description\":\"Monitoreo y an\u00e1lisis de la situaci\u00f3n geopol\u00edtica en el mundo y su implicancia en la Patagonia\",\"publisher\":{\"@id\":\"https:\\\/\\\/patagoniambiental.com.ar\\\/info\\\/#organization\"},\"potentialAction\":[{\"@type\":\"SearchAction\",\"target\":{\"@type\":\"EntryPoint\",\"urlTemplate\":\"https:\\\/\\\/patagoniambiental.com.ar\\\/info\\\/?s={search_term_string}\"},\"query-input\":{\"@type\":\"PropertyValueSpecification\",\"valueRequired\":true,\"valueName\":\"search_term_string\"}}],\"inLanguage\":\"es\"},{\"@type\":\"Organization\",\"@id\":\"https:\\\/\\\/patagoniambiental.com.ar\\\/info\\\/#organization\",\"name\":\"Patagonia Ambiental\",\"url\":\"https:\\\/\\\/patagoniambiental.com.ar\\\/info\\\/\",\"logo\":{\"@type\":\"ImageObject\",\"inLanguage\":\"es\",\"@id\":\"https:\\\/\\\/patagoniambiental.com.ar\\\/info\\\/#\\\/schema\\\/logo\\\/image\\\/\",\"url\":\"https:\\\/\\\/patagoniambiental.com.ar\\\/info\\\/wp-content\\\/uploads\\\/2025\\\/05\\\/LOGO-PATAGONIA-AMBIENTAL.png\",\"contentUrl\":\"https:\\\/\\\/patagoniambiental.com.ar\\\/info\\\/wp-content\\\/uploads\\\/2025\\\/05\\\/LOGO-PATAGONIA-AMBIENTAL.png\",\"width\":433,\"height\":250,\"caption\":\"Patagonia Ambiental\"},\"image\":{\"@id\":\"https:\\\/\\\/patagoniambiental.com.ar\\\/info\\\/#\\\/schema\\\/logo\\\/image\\\/\"},\"sameAs\":[\"https:\\\/\\\/www.facebook.com\\\/patagonia.ambiental\",\"https:\\\/\\\/x.com\\\/PatAmb\"]},{\"@type\":\"Person\",\"@id\":\"https:\\\/\\\/patagoniambiental.com.ar\\\/info\\\/#\\\/schema\\\/person\\\/db12bff64bbcbf6a253710bf0ea37b5d\",\"name\":\"Patagonia Ambiental\",\"description\":\"Andr\u00e9s Nievas T\u00e9cnico en manejo ambiental, consultor Ambiental y escritor para medios locales e internacionales sobre temas de geopolitica y medio ambiente.\",\"sameAs\":[\"http:\\\/\\\/www.patagoniambiental.com.ar\",\"https:\\\/\\\/www.facebook.com\\\/share\\\/1C1V8Gv9BX\\\/?mibextid=qi2Omg\",\"@patagoniambiental\",\"https:\\\/\\\/youtube.com\\\/@patagoniaambiental2023?si=BLt58t0wuXquxlYZ\"]}]}<\/script>\n<!-- \/ Yoast SEO Premium plugin. -->","yoast_head_json":{"title":"Weretilneck y Casadei impulsan proyecto hist\u00f3rico de GNL en R\u00edo Negro","description":"El Gobernador de R\u00edo Negro, Alberto Weretilneck, junto al Intendente de San Antonio Oeste, Adri\u00e1n Casadei, visitaron recientemente la zona del Golfo San Mat\u00edas, elegida para albergar el primer proyecto de producci\u00f3n y exportaci\u00f3n de gas natural licuado (GNL) en Argentina.","robots":{"index":"index","follow":"follow","max-snippet":"max-snippet:-1","max-image-preview":"max-image-preview:large","max-video-preview":"max-video-preview:-1"},"canonical":"https:\/\/patagoniambiental.com.ar\/info\/weretilneck-y-casadei-impulsan-proyecto-historico-de-gnl-en-rio-negro\/","og_locale":"es_ES","og_type":"article","og_title":"Weretilneck y Casadei impulsan proyecto hist\u00f3rico de GNL en R\u00edo Negro","og_description":"El Gobernador de R\u00edo Negro, Alberto Weretilneck, junto al Intendente de San Antonio Oeste, Adri\u00e1n Casadei, visitaron recientemente la zona del Golfo San Mat\u00edas, elegida para albergar el primer proyecto de producci\u00f3n y exportaci\u00f3n de gas natural licuado (GNL) en Argentina.","og_url":"https:\/\/patagoniambiental.com.ar\/info\/weretilneck-y-casadei-impulsan-proyecto-historico-de-gnl-en-rio-negro\/","og_site_name":"Patagonia Ambiental","article_publisher":"https:\/\/www.facebook.com\/patagonia.ambiental","article_author":"https:\/\/www.facebook.com\/share\/1C1V8Gv9BX\/?mibextid=qi2Omg","article_published_time":"2025-01-26T15:46:43+00:00","article_modified_time":"2025-05-04T19:13:18+00:00","og_image":[{"width":1080,"height":607,"url":"https:\/\/patagoniambiental.com.ar\/info\/wp-content\/uploads\/2025\/01\/1737856698-ca807c6b64c4258e2cbb.jpeg","type":"image\/jpeg"}],"author":"Patagonia Ambiental","twitter_card":"summary_large_image","twitter_creator":"@PatAmb","twitter_site":"@PatAmb","schema":{"@context":"https:\/\/schema.org","@graph":[{"@type":"Article","@id":"https:\/\/patagoniambiental.com.ar\/info\/weretilneck-y-casadei-impulsan-proyecto-historico-de-gnl-en-rio-negro\/#article","isPartOf":{"@id":"https:\/\/patagoniambiental.com.ar\/info\/weretilneck-y-casadei-impulsan-proyecto-historico-de-gnl-en-rio-negro\/"},"author":{"name":"Patagonia Ambiental","@id":"https:\/\/patagoniambiental.com.ar\/info\/#\/schema\/person\/db12bff64bbcbf6a253710bf0ea37b5d"},"headline":"Weretilneck y Casadei impulsan proyecto hist\u00f3rico de GNL en R\u00edo Negro","datePublished":"2025-01-26T15:46:43+00:00","dateModified":"2025-05-04T19:13:18+00:00","mainEntityOfPage":{"@id":"https:\/\/patagoniambiental.com.ar\/info\/weretilneck-y-casadei-impulsan-proyecto-historico-de-gnl-en-rio-negro\/"},"wordCount":337,"commentCount":0,"publisher":{"@id":"https:\/\/patagoniambiental.com.ar\/info\/#organization"},"image":{"@id":"https:\/\/patagoniambiental.com.ar\/info\/weretilneck-y-casadei-impulsan-proyecto-historico-de-gnl-en-rio-negro\/#primaryimage"},"thumbnailUrl":"https:\/\/patagoniambiental.com.ar\/info\/wp-content\/uploads\/2025\/01\/1737856698-ca807c6b64c4258e2cbb.jpeg","articleSection":["Noticias","Provinciales","R\u00edo Negro"],"inLanguage":"es","potentialAction":[{"@type":"CommentAction","name":"Comment","target":["https:\/\/patagoniambiental.com.ar\/info\/weretilneck-y-casadei-impulsan-proyecto-historico-de-gnl-en-rio-negro\/#respond"]}]},{"@type":"WebPage","@id":"https:\/\/patagoniambiental.com.ar\/info\/weretilneck-y-casadei-impulsan-proyecto-historico-de-gnl-en-rio-negro\/","url":"https:\/\/patagoniambiental.com.ar\/info\/weretilneck-y-casadei-impulsan-proyecto-historico-de-gnl-en-rio-negro\/","name":"Weretilneck y Casadei impulsan proyecto hist\u00f3rico de GNL en R\u00edo Negro","isPartOf":{"@id":"https:\/\/patagoniambiental.com.ar\/info\/#website"},"primaryImageOfPage":{"@id":"https:\/\/patagoniambiental.com.ar\/info\/weretilneck-y-casadei-impulsan-proyecto-historico-de-gnl-en-rio-negro\/#primaryimage"},"image":{"@id":"https:\/\/patagoniambiental.com.ar\/info\/weretilneck-y-casadei-impulsan-proyecto-historico-de-gnl-en-rio-negro\/#primaryimage"},"thumbnailUrl":"https:\/\/patagoniambiental.com.ar\/info\/wp-content\/uploads\/2025\/01\/1737856698-ca807c6b64c4258e2cbb.jpeg","datePublished":"2025-01-26T15:46:43+00:00","dateModified":"2025-05-04T19:13:18+00:00","description":"El Gobernador de R\u00edo Negro, Alberto Weretilneck, junto al Intendente de San Antonio Oeste, Adri\u00e1n Casadei, visitaron recientemente la zona del Golfo San Mat\u00edas, elegida para albergar el primer proyecto de producci\u00f3n y exportaci\u00f3n de gas natural licuado (GNL) en Argentina.","breadcrumb":{"@id":"https:\/\/patagoniambiental.com.ar\/info\/weretilneck-y-casadei-impulsan-proyecto-historico-de-gnl-en-rio-negro\/#breadcrumb"},"inLanguage":"es","potentialAction":[{"@type":"ReadAction","target":["https:\/\/patagoniambiental.com.ar\/info\/weretilneck-y-casadei-impulsan-proyecto-historico-de-gnl-en-rio-negro\/"]}]},{"@type":"ImageObject","inLanguage":"es","@id":"https:\/\/patagoniambiental.com.ar\/info\/weretilneck-y-casadei-impulsan-proyecto-historico-de-gnl-en-rio-negro\/#primaryimage","url":"https:\/\/patagoniambiental.com.ar\/info\/wp-content\/uploads\/2025\/01\/1737856698-ca807c6b64c4258e2cbb.jpeg","contentUrl":"https:\/\/patagoniambiental.com.ar\/info\/wp-content\/uploads\/2025\/01\/1737856698-ca807c6b64c4258e2cbb.jpeg","width":1080,"height":607},{"@type":"BreadcrumbList","@id":"https:\/\/patagoniambiental.com.ar\/info\/weretilneck-y-casadei-impulsan-proyecto-historico-de-gnl-en-rio-negro\/#breadcrumb","itemListElement":[{"@type":"ListItem","position":1,"name":"Inicio","item":"https:\/\/patagoniambiental.com.ar\/info\/"},{"@type":"ListItem","position":2,"name":"Weretilneck y Casadei impulsan proyecto hist\u00f3rico de GNL en R\u00edo Negro"}]},{"@type":"WebSite","@id":"https:\/\/patagoniambiental.com.ar\/info\/#website","url":"https:\/\/patagoniambiental.com.ar\/info\/","name":"Patagonia Ambiental","description":"Monitoreo y an\u00e1lisis de la situaci\u00f3n geopol\u00edtica en el mundo y su implicancia en la Patagonia","publisher":{"@id":"https:\/\/patagoniambiental.com.ar\/info\/#organization"},"potentialAction":[{"@type":"SearchAction","target":{"@type":"EntryPoint","urlTemplate":"https:\/\/patagoniambiental.com.ar\/info\/?s={search_term_string}"},"query-input":{"@type":"PropertyValueSpecification","valueRequired":true,"valueName":"search_term_string"}}],"inLanguage":"es"},{"@type":"Organization","@id":"https:\/\/patagoniambiental.com.ar\/info\/#organization","name":"Patagonia Ambiental","url":"https:\/\/patagoniambiental.com.ar\/info\/","logo":{"@type":"ImageObject","inLanguage":"es","@id":"https:\/\/patagoniambiental.com.ar\/info\/#\/schema\/logo\/image\/","url":"https:\/\/patagoniambiental.com.ar\/info\/wp-content\/uploads\/2025\/05\/LOGO-PATAGONIA-AMBIENTAL.png","contentUrl":"https:\/\/patagoniambiental.com.ar\/info\/wp-content\/uploads\/2025\/05\/LOGO-PATAGONIA-AMBIENTAL.png","width":433,"height":250,"caption":"Patagonia Ambiental"},"image":{"@id":"https:\/\/patagoniambiental.com.ar\/info\/#\/schema\/logo\/image\/"},"sameAs":["https:\/\/www.facebook.com\/patagonia.ambiental","https:\/\/x.com\/PatAmb"]},{"@type":"Person","@id":"https:\/\/patagoniambiental.com.ar\/info\/#\/schema\/person\/db12bff64bbcbf6a253710bf0ea37b5d","name":"Patagonia Ambiental","description":"Andr\u00e9s Nievas T\u00e9cnico en manejo ambiental, consultor Ambiental y escritor para medios locales e internacionales sobre temas de geopolitica y medio ambiente.","sameAs":["http:\/\/www.patagoniambiental.com.ar","https:\/\/www.facebook.com\/share\/1C1V8Gv9BX\/?mibextid=qi2Omg","@patagoniambiental","https:\/\/youtube.com\/@patagoniaambiental2023?si=BLt58t0wuXquxlYZ"]}]}},"_links":{"self":[{"href":"https:\/\/patagoniambiental.com.ar\/info\/wp-json\/wp\/v2\/posts\/91998","targetHints":{"allow":["GET"]}}],"collection":[{"href":"https:\/\/patagoniambiental.com.ar\/info\/wp-json\/wp\/v2\/posts"}],"about":[{"href":"https:\/\/patagoniambiental.com.ar\/info\/wp-json\/wp\/v2\/types\/post"}],"author":[{"embeddable":true,"href":"https:\/\/patagoniambiental.com.ar\/info\/wp-json\/wp\/v2\/users\/2"}],"replies":[{"embeddable":true,"href":"https:\/\/patagoniambiental.com.ar\/info\/wp-json\/wp\/v2\/comments?post=91998"}],"version-history":[{"count":0,"href":"https:\/\/patagoniambiental.com.ar\/info\/wp-json\/wp\/v2\/posts\/91998\/revisions"}],"wp:featuredmedia":[{"embeddable":true,"href":"https:\/\/patagoniambiental.com.ar\/info\/wp-json\/wp\/v2\/media\/91999"}],"wp:attachment":[{"href":"https:\/\/patagoniambiental.com.ar\/info\/wp-json\/wp\/v2\/media?parent=91998"}],"wp:term":[{"taxonomy":"category","embeddable":true,"href":"https:\/\/patagoniambiental.com.ar\/info\/wp-json\/wp\/v2\/categories?post=91998"},{"taxonomy":"post_tag","embeddable":true,"href":"https:\/\/patagoniambiental.com.ar\/info\/wp-json\/wp\/v2\/tags?post=91998"}],"curies":[{"name":"wp","href":"https:\/\/api.w.org\/{rel}","templated":true}]}}