{"id":92016,"date":"2025-01-30T14:49:06","date_gmt":"2025-01-30T17:49:06","guid":{"rendered":"https:\/\/patagoniambiental.com.ar\/info\/?p=92016"},"modified":"2025-05-04T16:13:13","modified_gmt":"2025-05-04T19:13:13","slug":"incendio-en-el-bolson-tareas-de-emergencia-y-seguridad-para-visitantes-y-brigadistas","status":"publish","type":"post","link":"https:\/\/patagoniambiental.com.ar\/info\/incendio-en-el-bolson-tareas-de-emergencia-y-seguridad-para-visitantes-y-brigadistas\/","title":{"rendered":"Incendio en El Bols\u00f3n: Tareas de emergencia y seguridad para visitantes y brigadistas"},"content":{"rendered":"\n<!--more-->\n\n\n\n<p>El Bols\u00f3n, Provincia de Rio Negro, 30 de enero de 2025. El 30 de enero de 2025, la Secretar\u00eda de Ambiente y Cambio Clim\u00e1tico de R\u00edo Negro comunic\u00f3 que, a pesar del incendio que afecta la zona de El Bols\u00f3n, los visitantes alojados en los refugios est\u00e1n fuera de peligro. Las autoridades locales, en conjunto con el Comit\u00e9 de Emergencias Municipal (COEM), est\u00e1n llevando a cabo un plan de acci\u00f3n coordinado para garantizar la seguridad de aquellos que deseen descender el viernes 31 de enero.<\/p>\n\n\n\n<p>El incendio, que ha generado preocupaci\u00f3n en la comunidad y en los turistas que se encuentran en la regi\u00f3n, est\u00e1 siendo controlado por brigadistas y bomberos de la zona. Estos equipos est\u00e1n realizando esfuerzos intensivos para frenar la propagaci\u00f3n del fuego y reducir su impacto sobre el medio ambiente.<\/p>\n\n\n\n<p>Adem\u00e1s de las acciones de extinci\u00f3n del fuego, las autoridades enfatizan la importancia de mantenerse informados a trav\u00e9s de los canales oficiales. Se recomienda encarecidamente evitar la circulaci\u00f3n en las \u00e1reas afectadas para no obstaculizar las tareas de los equipos de emergencia y garantizar la seguridad de todos.<\/p>\n\n\n\n<p>Se hace un llamado a la colaboraci\u00f3n de la comunidad para cumplir con las medidas de seguridad y asistir a aquellos que se han visto m\u00e1s afectados por la emergencia. Las autoridades tambi\u00e9n recuerdan que, en caso de necesitar ayuda, el n\u00famero 103 est\u00e1 disponible para recibir solicitudes de emergencia.<\/p>\n\n\n\n<p>A medida que las condiciones mejoren, las autoridades continuar\u00e1n con la coordinaci\u00f3n de esfuerzos, brindando apoyo tanto a los brigadistas como a la poblaci\u00f3n que podr\u00eda verse impactada por el avance del fuego. La situaci\u00f3n sigue siendo monitoreada de cerca y se espera que la respuesta organizada permita mitigar los efectos de este incendio forestal.<\/p>\n\n\n\n<p>Este evento resalta la importancia de la colaboraci\u00f3n entre las instituciones locales y la comunidad para manejar situaciones de emergencia con eficacia y responsabilidad.<br><\/p>\n","protected":false},"excerpt":{"rendered":"","protected":false},"author":2,"featured_media":92017,"comment_status":"open","ping_status":"open","sticky":false,"template":"","format":"standard","meta":{"site-sidebar-layout":"default","site-content-layout":"","ast-site-content-layout":"default","site-content-style":"default","site-sidebar-style":"default","ast-global-header-display":"","ast-banner-title-visibility":"","ast-main-header-display":"","ast-hfb-above-header-display":"","ast-hfb-below-header-display":"","ast-hfb-mobile-header-display":"","site-post-title":"","ast-breadcrumbs-content":"","ast-featured-img":"","footer-sml-layout":"","ast-disable-related-posts":"","theme-transparent-header-meta":"","adv-header-id-meta":"","stick-header-meta":"","header-above-stick-meta":"","header-main-stick-meta":"","header-below-stick-meta":"","astra-migrate-meta-layouts":"default","ast-page-background-enabled":"default","ast-page-background-meta":{"desktop":{"background-color":"var(--ast-global-color-5)","background-image":"","background-repeat":"repeat","background-position":"center center","background-size":"auto","background-attachment":"scroll","background-type":"","background-media":"","overlay-type":"","overlay-color":"","overlay-opacity":"","overlay-gradient":""},"tablet":{"background-color":"","background-image":"","background-repeat":"repeat","background-position":"center center","background-size":"auto","background-attachment":"scroll","background-type":"","background-media":"","overlay-type":"","overlay-color":"","overlay-opacity":"","overlay-gradient":""},"mobile":{"background-color":"","background-image":"","background-repeat":"repeat","background-position":"center center","background-size":"auto","background-attachment":"scroll","background-type":"","background-media":"","overlay-type":"","overlay-color":"","overlay-opacity":"","overlay-gradient":""}},"ast-content-background-meta":{"desktop":{"background-color":"var(--ast-global-color-4)","background-image":"","background-repeat":"repeat","background-position":"center center","background-size":"auto","background-attachment":"scroll","background-type":"","background-media":"","overlay-type":"","overlay-color":"","overlay-opacity":"","overlay-gradient":""},"tablet":{"background-color":"var(--ast-global-color-4)","background-image":"","background-repeat":"repeat","background-position":"center center","background-size":"auto","background-attachment":"scroll","background-type":"","background-media":"","overlay-type":"","overlay-color":"","overlay-opacity":"","overlay-gradient":""},"mobile":{"background-color":"var(--ast-global-color-4)","background-image":"","background-repeat":"repeat","background-position":"center center","background-size":"auto","background-attachment":"scroll","background-type":"","background-media":"","overlay-type":"","overlay-color":"","overlay-opacity":"","overlay-gradient":""}},"footnotes":""},"categories":[1,13,14],"tags":[],"class_list":["post-92016","post","type-post","status-publish","format-standard","has-post-thumbnail","hentry","category-noticias","category-provinciales","category-rio-negro"],"yoast_head":"<!-- This site is optimized with the Yoast SEO Premium plugin v23.0 (Yoast SEO v27.5) - https:\/\/yoast.com\/product\/yoast-seo-premium-wordpress\/ -->\n<title>Incendio en El Bols\u00f3n: Tareas de emergencia y seguridad para visitantes y brigadistas<\/title>\n<meta name=\"description\" content=\"El 30 de enero de 2025, la Secretar\u00eda de Ambiente y Cambio Clim\u00e1tico de R\u00edo Negro comunic\u00f3 que, a pesar del incendio que afecta la zona de El Bols\u00f3n, los visitantes alojados en los refugios est\u00e1n fuera de peligro.\" \/>\n<meta name=\"robots\" content=\"index, follow, max-snippet:-1, max-image-preview:large, max-video-preview:-1\" \/>\n<link rel=\"canonical\" href=\"https:\/\/patagoniambiental.com.ar\/info\/incendio-en-el-bolson-tareas-de-emergencia-y-seguridad-para-visitantes-y-brigadistas\/\" \/>\n<meta property=\"og:locale\" content=\"es_ES\" \/>\n<meta property=\"og:type\" content=\"article\" \/>\n<meta property=\"og:title\" content=\"Incendio en El Bols\u00f3n: Tareas de emergencia y seguridad para visitantes y brigadistas\" \/>\n<meta property=\"og:description\" content=\"El 30 de enero de 2025, la Secretar\u00eda de Ambiente y Cambio Clim\u00e1tico de R\u00edo Negro comunic\u00f3 que, a pesar del incendio que afecta la zona de El Bols\u00f3n, los visitantes alojados en los refugios est\u00e1n fuera de peligro.\" \/>\n<meta property=\"og:url\" content=\"https:\/\/patagoniambiental.com.ar\/info\/incendio-en-el-bolson-tareas-de-emergencia-y-seguridad-para-visitantes-y-brigadistas\/\" \/>\n<meta property=\"og:site_name\" content=\"Patagonia Ambiental\" \/>\n<meta property=\"article:publisher\" content=\"https:\/\/www.facebook.com\/patagonia.ambiental\" \/>\n<meta property=\"article:author\" content=\"https:\/\/www.facebook.com\/share\/1C1V8Gv9BX\/?mibextid=qi2Omg\" \/>\n<meta property=\"article:published_time\" content=\"2025-01-30T17:49:06+00:00\" \/>\n<meta property=\"article:modified_time\" content=\"2025-05-04T19:13:13+00:00\" \/>\n<meta property=\"og:image\" content=\"https:\/\/patagoniambiental.com.ar\/info\/wp-content\/uploads\/2025\/01\/1738292886-1c40e7806e94b4a7fbff.jpeg\" \/>\n\t<meta property=\"og:image:width\" content=\"1080\" \/>\n\t<meta property=\"og:image:height\" content=\"607\" \/>\n\t<meta property=\"og:image:type\" content=\"image\/jpeg\" \/>\n<meta name=\"author\" content=\"Patagonia Ambiental\" \/>\n<meta name=\"twitter:card\" content=\"summary_large_image\" \/>\n<meta name=\"twitter:creator\" content=\"@PatAmb\" \/>\n<meta name=\"twitter:site\" content=\"@PatAmb\" \/>\n<script type=\"application\/ld+json\" class=\"yoast-schema-graph\">{\"@context\":\"https:\\\/\\\/schema.org\",\"@graph\":[{\"@type\":\"Article\",\"@id\":\"https:\\\/\\\/patagoniambiental.com.ar\\\/info\\\/incendio-en-el-bolson-tareas-de-emergencia-y-seguridad-para-visitantes-y-brigadistas\\\/#article\",\"isPartOf\":{\"@id\":\"https:\\\/\\\/patagoniambiental.com.ar\\\/info\\\/incendio-en-el-bolson-tareas-de-emergencia-y-seguridad-para-visitantes-y-brigadistas\\\/\"},\"author\":{\"name\":\"Patagonia Ambiental\",\"@id\":\"https:\\\/\\\/patagoniambiental.com.ar\\\/info\\\/#\\\/schema\\\/person\\\/db12bff64bbcbf6a253710bf0ea37b5d\"},\"headline\":\"Incendio en El Bols\u00f3n: Tareas de emergencia y seguridad para visitantes y brigadistas\",\"datePublished\":\"2025-01-30T17:49:06+00:00\",\"dateModified\":\"2025-05-04T19:13:13+00:00\",\"mainEntityOfPage\":{\"@id\":\"https:\\\/\\\/patagoniambiental.com.ar\\\/info\\\/incendio-en-el-bolson-tareas-de-emergencia-y-seguridad-para-visitantes-y-brigadistas\\\/\"},\"wordCount\":345,\"commentCount\":0,\"publisher\":{\"@id\":\"https:\\\/\\\/patagoniambiental.com.ar\\\/info\\\/#organization\"},\"image\":{\"@id\":\"https:\\\/\\\/patagoniambiental.com.ar\\\/info\\\/incendio-en-el-bolson-tareas-de-emergencia-y-seguridad-para-visitantes-y-brigadistas\\\/#primaryimage\"},\"thumbnailUrl\":\"https:\\\/\\\/patagoniambiental.com.ar\\\/info\\\/wp-content\\\/uploads\\\/2025\\\/01\\\/1738292886-1c40e7806e94b4a7fbff.jpeg\",\"articleSection\":[\"Noticias\",\"Provinciales\",\"R\u00edo Negro\"],\"inLanguage\":\"es\",\"potentialAction\":[{\"@type\":\"CommentAction\",\"name\":\"Comment\",\"target\":[\"https:\\\/\\\/patagoniambiental.com.ar\\\/info\\\/incendio-en-el-bolson-tareas-de-emergencia-y-seguridad-para-visitantes-y-brigadistas\\\/#respond\"]}]},{\"@type\":\"WebPage\",\"@id\":\"https:\\\/\\\/patagoniambiental.com.ar\\\/info\\\/incendio-en-el-bolson-tareas-de-emergencia-y-seguridad-para-visitantes-y-brigadistas\\\/\",\"url\":\"https:\\\/\\\/patagoniambiental.com.ar\\\/info\\\/incendio-en-el-bolson-tareas-de-emergencia-y-seguridad-para-visitantes-y-brigadistas\\\/\",\"name\":\"Incendio en El Bols\u00f3n: Tareas de emergencia y seguridad para visitantes y brigadistas\",\"isPartOf\":{\"@id\":\"https:\\\/\\\/patagoniambiental.com.ar\\\/info\\\/#website\"},\"primaryImageOfPage\":{\"@id\":\"https:\\\/\\\/patagoniambiental.com.ar\\\/info\\\/incendio-en-el-bolson-tareas-de-emergencia-y-seguridad-para-visitantes-y-brigadistas\\\/#primaryimage\"},\"image\":{\"@id\":\"https:\\\/\\\/patagoniambiental.com.ar\\\/info\\\/incendio-en-el-bolson-tareas-de-emergencia-y-seguridad-para-visitantes-y-brigadistas\\\/#primaryimage\"},\"thumbnailUrl\":\"https:\\\/\\\/patagoniambiental.com.ar\\\/info\\\/wp-content\\\/uploads\\\/2025\\\/01\\\/1738292886-1c40e7806e94b4a7fbff.jpeg\",\"datePublished\":\"2025-01-30T17:49:06+00:00\",\"dateModified\":\"2025-05-04T19:13:13+00:00\",\"description\":\"El 30 de enero de 2025, la Secretar\u00eda de Ambiente y Cambio Clim\u00e1tico de R\u00edo Negro comunic\u00f3 que, a pesar del incendio que afecta la zona de El Bols\u00f3n, los visitantes alojados en los refugios est\u00e1n fuera de peligro.\",\"breadcrumb\":{\"@id\":\"https:\\\/\\\/patagoniambiental.com.ar\\\/info\\\/incendio-en-el-bolson-tareas-de-emergencia-y-seguridad-para-visitantes-y-brigadistas\\\/#breadcrumb\"},\"inLanguage\":\"es\",\"potentialAction\":[{\"@type\":\"ReadAction\",\"target\":[\"https:\\\/\\\/patagoniambiental.com.ar\\\/info\\\/incendio-en-el-bolson-tareas-de-emergencia-y-seguridad-para-visitantes-y-brigadistas\\\/\"]}]},{\"@type\":\"ImageObject\",\"inLanguage\":\"es\",\"@id\":\"https:\\\/\\\/patagoniambiental.com.ar\\\/info\\\/incendio-en-el-bolson-tareas-de-emergencia-y-seguridad-para-visitantes-y-brigadistas\\\/#primaryimage\",\"url\":\"https:\\\/\\\/patagoniambiental.com.ar\\\/info\\\/wp-content\\\/uploads\\\/2025\\\/01\\\/1738292886-1c40e7806e94b4a7fbff.jpeg\",\"contentUrl\":\"https:\\\/\\\/patagoniambiental.com.ar\\\/info\\\/wp-content\\\/uploads\\\/2025\\\/01\\\/1738292886-1c40e7806e94b4a7fbff.jpeg\",\"width\":1080,\"height\":607},{\"@type\":\"BreadcrumbList\",\"@id\":\"https:\\\/\\\/patagoniambiental.com.ar\\\/info\\\/incendio-en-el-bolson-tareas-de-emergencia-y-seguridad-para-visitantes-y-brigadistas\\\/#breadcrumb\",\"itemListElement\":[{\"@type\":\"ListItem\",\"position\":1,\"name\":\"Inicio\",\"item\":\"https:\\\/\\\/patagoniambiental.com.ar\\\/info\\\/\"},{\"@type\":\"ListItem\",\"position\":2,\"name\":\"Incendio en El Bols\u00f3n: Tareas de emergencia y seguridad para visitantes y brigadistas\"}]},{\"@type\":\"WebSite\",\"@id\":\"https:\\\/\\\/patagoniambiental.com.ar\\\/info\\\/#website\",\"url\":\"https:\\\/\\\/patagoniambiental.com.ar\\\/info\\\/\",\"name\":\"Patagonia Ambiental\",\"description\":\"Monitoreo y an\u00e1lisis de la situaci\u00f3n geopol\u00edtica en el mundo y su implicancia en la Patagonia\",\"publisher\":{\"@id\":\"https:\\\/\\\/patagoniambiental.com.ar\\\/info\\\/#organization\"},\"potentialAction\":[{\"@type\":\"SearchAction\",\"target\":{\"@type\":\"EntryPoint\",\"urlTemplate\":\"https:\\\/\\\/patagoniambiental.com.ar\\\/info\\\/?s={search_term_string}\"},\"query-input\":{\"@type\":\"PropertyValueSpecification\",\"valueRequired\":true,\"valueName\":\"search_term_string\"}}],\"inLanguage\":\"es\"},{\"@type\":\"Organization\",\"@id\":\"https:\\\/\\\/patagoniambiental.com.ar\\\/info\\\/#organization\",\"name\":\"Patagonia Ambiental\",\"url\":\"https:\\\/\\\/patagoniambiental.com.ar\\\/info\\\/\",\"logo\":{\"@type\":\"ImageObject\",\"inLanguage\":\"es\",\"@id\":\"https:\\\/\\\/patagoniambiental.com.ar\\\/info\\\/#\\\/schema\\\/logo\\\/image\\\/\",\"url\":\"https:\\\/\\\/patagoniambiental.com.ar\\\/info\\\/wp-content\\\/uploads\\\/2025\\\/05\\\/LOGO-PATAGONIA-AMBIENTAL.png\",\"contentUrl\":\"https:\\\/\\\/patagoniambiental.com.ar\\\/info\\\/wp-content\\\/uploads\\\/2025\\\/05\\\/LOGO-PATAGONIA-AMBIENTAL.png\",\"width\":433,\"height\":250,\"caption\":\"Patagonia Ambiental\"},\"image\":{\"@id\":\"https:\\\/\\\/patagoniambiental.com.ar\\\/info\\\/#\\\/schema\\\/logo\\\/image\\\/\"},\"sameAs\":[\"https:\\\/\\\/www.facebook.com\\\/patagonia.ambiental\",\"https:\\\/\\\/x.com\\\/PatAmb\"]},{\"@type\":\"Person\",\"@id\":\"https:\\\/\\\/patagoniambiental.com.ar\\\/info\\\/#\\\/schema\\\/person\\\/db12bff64bbcbf6a253710bf0ea37b5d\",\"name\":\"Patagonia Ambiental\",\"description\":\"Andr\u00e9s Nievas T\u00e9cnico en manejo ambiental, consultor Ambiental y escritor para medios locales e internacionales sobre temas de geopolitica y medio ambiente.\",\"sameAs\":[\"http:\\\/\\\/www.patagoniambiental.com.ar\",\"https:\\\/\\\/www.facebook.com\\\/share\\\/1C1V8Gv9BX\\\/?mibextid=qi2Omg\",\"@patagoniambiental\",\"https:\\\/\\\/youtube.com\\\/@patagoniaambiental2023?si=BLt58t0wuXquxlYZ\"]}]}<\/script>\n<!-- \/ Yoast SEO Premium plugin. -->","yoast_head_json":{"title":"Incendio en El Bols\u00f3n: Tareas de emergencia y seguridad para visitantes y brigadistas","description":"El 30 de enero de 2025, la Secretar\u00eda de Ambiente y Cambio Clim\u00e1tico de R\u00edo Negro comunic\u00f3 que, a pesar del incendio que afecta la zona de El Bols\u00f3n, los visitantes alojados en los refugios est\u00e1n fuera de peligro.","robots":{"index":"index","follow":"follow","max-snippet":"max-snippet:-1","max-image-preview":"max-image-preview:large","max-video-preview":"max-video-preview:-1"},"canonical":"https:\/\/patagoniambiental.com.ar\/info\/incendio-en-el-bolson-tareas-de-emergencia-y-seguridad-para-visitantes-y-brigadistas\/","og_locale":"es_ES","og_type":"article","og_title":"Incendio en El Bols\u00f3n: Tareas de emergencia y seguridad para visitantes y brigadistas","og_description":"El 30 de enero de 2025, la Secretar\u00eda de Ambiente y Cambio Clim\u00e1tico de R\u00edo Negro comunic\u00f3 que, a pesar del incendio que afecta la zona de El Bols\u00f3n, los visitantes alojados en los refugios est\u00e1n fuera de peligro.","og_url":"https:\/\/patagoniambiental.com.ar\/info\/incendio-en-el-bolson-tareas-de-emergencia-y-seguridad-para-visitantes-y-brigadistas\/","og_site_name":"Patagonia Ambiental","article_publisher":"https:\/\/www.facebook.com\/patagonia.ambiental","article_author":"https:\/\/www.facebook.com\/share\/1C1V8Gv9BX\/?mibextid=qi2Omg","article_published_time":"2025-01-30T17:49:06+00:00","article_modified_time":"2025-05-04T19:13:13+00:00","og_image":[{"width":1080,"height":607,"url":"https:\/\/patagoniambiental.com.ar\/info\/wp-content\/uploads\/2025\/01\/1738292886-1c40e7806e94b4a7fbff.jpeg","type":"image\/jpeg"}],"author":"Patagonia Ambiental","twitter_card":"summary_large_image","twitter_creator":"@PatAmb","twitter_site":"@PatAmb","schema":{"@context":"https:\/\/schema.org","@graph":[{"@type":"Article","@id":"https:\/\/patagoniambiental.com.ar\/info\/incendio-en-el-bolson-tareas-de-emergencia-y-seguridad-para-visitantes-y-brigadistas\/#article","isPartOf":{"@id":"https:\/\/patagoniambiental.com.ar\/info\/incendio-en-el-bolson-tareas-de-emergencia-y-seguridad-para-visitantes-y-brigadistas\/"},"author":{"name":"Patagonia Ambiental","@id":"https:\/\/patagoniambiental.com.ar\/info\/#\/schema\/person\/db12bff64bbcbf6a253710bf0ea37b5d"},"headline":"Incendio en El Bols\u00f3n: Tareas de emergencia y seguridad para visitantes y brigadistas","datePublished":"2025-01-30T17:49:06+00:00","dateModified":"2025-05-04T19:13:13+00:00","mainEntityOfPage":{"@id":"https:\/\/patagoniambiental.com.ar\/info\/incendio-en-el-bolson-tareas-de-emergencia-y-seguridad-para-visitantes-y-brigadistas\/"},"wordCount":345,"commentCount":0,"publisher":{"@id":"https:\/\/patagoniambiental.com.ar\/info\/#organization"},"image":{"@id":"https:\/\/patagoniambiental.com.ar\/info\/incendio-en-el-bolson-tareas-de-emergencia-y-seguridad-para-visitantes-y-brigadistas\/#primaryimage"},"thumbnailUrl":"https:\/\/patagoniambiental.com.ar\/info\/wp-content\/uploads\/2025\/01\/1738292886-1c40e7806e94b4a7fbff.jpeg","articleSection":["Noticias","Provinciales","R\u00edo Negro"],"inLanguage":"es","potentialAction":[{"@type":"CommentAction","name":"Comment","target":["https:\/\/patagoniambiental.com.ar\/info\/incendio-en-el-bolson-tareas-de-emergencia-y-seguridad-para-visitantes-y-brigadistas\/#respond"]}]},{"@type":"WebPage","@id":"https:\/\/patagoniambiental.com.ar\/info\/incendio-en-el-bolson-tareas-de-emergencia-y-seguridad-para-visitantes-y-brigadistas\/","url":"https:\/\/patagoniambiental.com.ar\/info\/incendio-en-el-bolson-tareas-de-emergencia-y-seguridad-para-visitantes-y-brigadistas\/","name":"Incendio en El Bols\u00f3n: Tareas de emergencia y seguridad para visitantes y brigadistas","isPartOf":{"@id":"https:\/\/patagoniambiental.com.ar\/info\/#website"},"primaryImageOfPage":{"@id":"https:\/\/patagoniambiental.com.ar\/info\/incendio-en-el-bolson-tareas-de-emergencia-y-seguridad-para-visitantes-y-brigadistas\/#primaryimage"},"image":{"@id":"https:\/\/patagoniambiental.com.ar\/info\/incendio-en-el-bolson-tareas-de-emergencia-y-seguridad-para-visitantes-y-brigadistas\/#primaryimage"},"thumbnailUrl":"https:\/\/patagoniambiental.com.ar\/info\/wp-content\/uploads\/2025\/01\/1738292886-1c40e7806e94b4a7fbff.jpeg","datePublished":"2025-01-30T17:49:06+00:00","dateModified":"2025-05-04T19:13:13+00:00","description":"El 30 de enero de 2025, la Secretar\u00eda de Ambiente y Cambio Clim\u00e1tico de R\u00edo Negro comunic\u00f3 que, a pesar del incendio que afecta la zona de El Bols\u00f3n, los visitantes alojados en los refugios est\u00e1n fuera de peligro.","breadcrumb":{"@id":"https:\/\/patagoniambiental.com.ar\/info\/incendio-en-el-bolson-tareas-de-emergencia-y-seguridad-para-visitantes-y-brigadistas\/#breadcrumb"},"inLanguage":"es","potentialAction":[{"@type":"ReadAction","target":["https:\/\/patagoniambiental.com.ar\/info\/incendio-en-el-bolson-tareas-de-emergencia-y-seguridad-para-visitantes-y-brigadistas\/"]}]},{"@type":"ImageObject","inLanguage":"es","@id":"https:\/\/patagoniambiental.com.ar\/info\/incendio-en-el-bolson-tareas-de-emergencia-y-seguridad-para-visitantes-y-brigadistas\/#primaryimage","url":"https:\/\/patagoniambiental.com.ar\/info\/wp-content\/uploads\/2025\/01\/1738292886-1c40e7806e94b4a7fbff.jpeg","contentUrl":"https:\/\/patagoniambiental.com.ar\/info\/wp-content\/uploads\/2025\/01\/1738292886-1c40e7806e94b4a7fbff.jpeg","width":1080,"height":607},{"@type":"BreadcrumbList","@id":"https:\/\/patagoniambiental.com.ar\/info\/incendio-en-el-bolson-tareas-de-emergencia-y-seguridad-para-visitantes-y-brigadistas\/#breadcrumb","itemListElement":[{"@type":"ListItem","position":1,"name":"Inicio","item":"https:\/\/patagoniambiental.com.ar\/info\/"},{"@type":"ListItem","position":2,"name":"Incendio en El Bols\u00f3n: Tareas de emergencia y seguridad para visitantes y brigadistas"}]},{"@type":"WebSite","@id":"https:\/\/patagoniambiental.com.ar\/info\/#website","url":"https:\/\/patagoniambiental.com.ar\/info\/","name":"Patagonia Ambiental","description":"Monitoreo y an\u00e1lisis de la situaci\u00f3n geopol\u00edtica en el mundo y su implicancia en la Patagonia","publisher":{"@id":"https:\/\/patagoniambiental.com.ar\/info\/#organization"},"potentialAction":[{"@type":"SearchAction","target":{"@type":"EntryPoint","urlTemplate":"https:\/\/patagoniambiental.com.ar\/info\/?s={search_term_string}"},"query-input":{"@type":"PropertyValueSpecification","valueRequired":true,"valueName":"search_term_string"}}],"inLanguage":"es"},{"@type":"Organization","@id":"https:\/\/patagoniambiental.com.ar\/info\/#organization","name":"Patagonia Ambiental","url":"https:\/\/patagoniambiental.com.ar\/info\/","logo":{"@type":"ImageObject","inLanguage":"es","@id":"https:\/\/patagoniambiental.com.ar\/info\/#\/schema\/logo\/image\/","url":"https:\/\/patagoniambiental.com.ar\/info\/wp-content\/uploads\/2025\/05\/LOGO-PATAGONIA-AMBIENTAL.png","contentUrl":"https:\/\/patagoniambiental.com.ar\/info\/wp-content\/uploads\/2025\/05\/LOGO-PATAGONIA-AMBIENTAL.png","width":433,"height":250,"caption":"Patagonia Ambiental"},"image":{"@id":"https:\/\/patagoniambiental.com.ar\/info\/#\/schema\/logo\/image\/"},"sameAs":["https:\/\/www.facebook.com\/patagonia.ambiental","https:\/\/x.com\/PatAmb"]},{"@type":"Person","@id":"https:\/\/patagoniambiental.com.ar\/info\/#\/schema\/person\/db12bff64bbcbf6a253710bf0ea37b5d","name":"Patagonia Ambiental","description":"Andr\u00e9s Nievas T\u00e9cnico en manejo ambiental, consultor Ambiental y escritor para medios locales e internacionales sobre temas de geopolitica y medio ambiente.","sameAs":["http:\/\/www.patagoniambiental.com.ar","https:\/\/www.facebook.com\/share\/1C1V8Gv9BX\/?mibextid=qi2Omg","@patagoniambiental","https:\/\/youtube.com\/@patagoniaambiental2023?si=BLt58t0wuXquxlYZ"]}]}},"_links":{"self":[{"href":"https:\/\/patagoniambiental.com.ar\/info\/wp-json\/wp\/v2\/posts\/92016","targetHints":{"allow":["GET"]}}],"collection":[{"href":"https:\/\/patagoniambiental.com.ar\/info\/wp-json\/wp\/v2\/posts"}],"about":[{"href":"https:\/\/patagoniambiental.com.ar\/info\/wp-json\/wp\/v2\/types\/post"}],"author":[{"embeddable":true,"href":"https:\/\/patagoniambiental.com.ar\/info\/wp-json\/wp\/v2\/users\/2"}],"replies":[{"embeddable":true,"href":"https:\/\/patagoniambiental.com.ar\/info\/wp-json\/wp\/v2\/comments?post=92016"}],"version-history":[{"count":0,"href":"https:\/\/patagoniambiental.com.ar\/info\/wp-json\/wp\/v2\/posts\/92016\/revisions"}],"wp:featuredmedia":[{"embeddable":true,"href":"https:\/\/patagoniambiental.com.ar\/info\/wp-json\/wp\/v2\/media\/92017"}],"wp:attachment":[{"href":"https:\/\/patagoniambiental.com.ar\/info\/wp-json\/wp\/v2\/media?parent=92016"}],"wp:term":[{"taxonomy":"category","embeddable":true,"href":"https:\/\/patagoniambiental.com.ar\/info\/wp-json\/wp\/v2\/categories?post=92016"},{"taxonomy":"post_tag","embeddable":true,"href":"https:\/\/patagoniambiental.com.ar\/info\/wp-json\/wp\/v2\/tags?post=92016"}],"curies":[{"name":"wp","href":"https:\/\/api.w.org\/{rel}","templated":true}]}}