{"id":92066,"date":"2025-02-03T18:05:12","date_gmt":"2025-02-03T21:05:12","guid":{"rendered":"https:\/\/patagoniambiental.com.ar\/info\/?p=92066"},"modified":"2025-12-12T09:08:11","modified_gmt":"2025-12-12T12:08:11","slug":"dia-mundial-sin-sorbete-rio-negro-refuerza-su-compromiso-ambiental-con-nuevas-medidas","status":"publish","type":"post","link":"https:\/\/patagoniambiental.com.ar\/info\/dia-mundial-sin-sorbete-rio-negro-refuerza-su-compromiso-ambiental-con-nuevas-medidas\/","title":{"rendered":"D\u00eda Mundial Sin Sorbete: R\u00edo Negro Refuerza su Compromiso Ambiental con Nuevas Medidas"},"content":{"rendered":"\n<!--more-->\n\n\n\n<p>Viedma, Provincia de R\u00edo Negro, 3 de febrero de 2025. Cada 3 de febrero, el D\u00eda Mundial Sin Sorbete se celebra con el objetivo de generar conciencia sobre la creciente amenaza de la contaminaci\u00f3n pl\u00e1stica, especialmente en nuestros ecosistemas acu\u00e1ticos. En este contexto, la provincia de R\u00edo Negro reafirma su compromiso con el medio ambiente al recordar la vigencia de la Ley N\u00ba 5543, que proh\u00edbe la entrega de sorbetes pl\u00e1sticos de un solo uso en establecimientos comerciales. Esta normativa busca fomentar el uso de alternativas m\u00e1s responsables y amigables con el entorno.<\/p>\n\n\n\n<p><a href=\"https:\/\/patagoniambiental.com.ar\/info\/proponen-reducir-el-uso-de-vasos-de-plastico-y-sorbetes-en-viedma\/\">Leer m\u00e1s: Proponen reducir el uso de vasos de pl\u00e1stico y sorbetes en Viedma<br><\/a><\/p>\n\n\n\n<p>La Ley N\u00ba 5543 de R\u00edo Negro no solo regula la distribuci\u00f3n de sorbetes pl\u00e1sticos, sino que tambi\u00e9n promueve el empleo de materiales reciclables y compostables, contribuyendo a la reducci\u00f3n de residuos no biodegradables que impactan negativamente en la fauna marina. Seg\u00fan Judith Jim\u00e9nez, secretaria de Ambiente y Cambio Clim\u00e1tico de la provincia, \u201cla eliminaci\u00f3n de los sorbetes pl\u00e1sticos es un paso significativo en la lucha contra la contaminaci\u00f3n y en la protecci\u00f3n de nuestros ecosistemas. Desde nuestra secretar\u00eda, seguimos trabajando por pol\u00edticas que apoyen un futuro m\u00e1s verde y educativo\u201d.<\/p>\n\n\n\n<p><a href=\"https:\/\/patagoniambiental.com.ar\/info\/quieren-prohibir-en-rio-negro-la-venta-y-utilizacion-de-sorbetes-plasticos\/\">Leer m\u00e1s: Quieren prohibir en Rio Negro la venta y <\/a>utilizacion de sorbetes pl\u00e1sticos<br><\/p>\n\n\n\n<p>La contaminaci\u00f3n por pl\u00e1sticos es uno de los problemas m\u00e1s cr\u00edticos que afectan a mares, r\u00edos y oc\u00e9anos. Los sorbetes pl\u00e1sticos son solo una de las tantas amenazas que enfrentan miles de especies marinas debido a la acumulaci\u00f3n de este material no biodegradable. Ante esta realidad, R\u00edo Negro se suma a la lucha global por un planeta m\u00e1s limpio y promueve un cambio en los h\u00e1bitos de consumo de los ciudadanos.<\/p>\n\n\n\n<p><a href=\"https:\/\/patagoniambiental.com.ar\/info\/propuesta-de-ley-en-rio-negro-para-prohibir-plasticos-de-un-solo-uso\/\">Leer m\u00e1s: Propuesta de Ley en R\u00edo Negro para Prohibir Pl\u00e1sticos de Un Solo Uso<br><\/a><\/p>\n\n\n\n<p>El compromiso de la provincia tambi\u00e9n se alinea con los Objetivos de Desarrollo Sostenible (ODS) de las Naciones Unidas, particularmente con el ODS 12, que busca fomentar patrones de consumo y producci\u00f3n responsables. La Ley N\u00ba 5543 y el D\u00eda Mundial Sin Sorbete son solo una parte de las pol\u00edticas p\u00fablicas que R\u00edo Negro ha implementado para reducir el uso de pl\u00e1sticos y educar a la poblaci\u00f3n sobre la importancia de la sostenibilidad.<\/p>\n\n\n\n<p>\u201cEste d\u00eda nos invita a reflexionar sobre el impacto que nuestras decisiones diarias tienen en el medio ambiente. Desde R\u00edo Negro, invitamos a todas las personas a sumarse a esta transformaci\u00f3n, adoptando pr\u00e1cticas m\u00e1s responsables y sostenibles\u201d, expres\u00f3 Jim\u00e9nez.<\/p>\n\n\n\n<p>Con estas iniciativas, R\u00edo Negro se posiciona como un referente en Argentina en la lucha contra la contaminaci\u00f3n pl\u00e1stica, marcando un camino firme hacia un futuro m\u00e1s limpio y ecol\u00f3gico para las generaciones venideras.<\/p>\n","protected":false},"excerpt":{"rendered":"","protected":false},"author":2,"featured_media":99988,"comment_status":"open","ping_status":"open","sticky":false,"template":"","format":"standard","meta":{"site-sidebar-layout":"default","site-content-layout":"","ast-site-content-layout":"default","site-content-style":"default","site-sidebar-style":"default","ast-global-header-display":"","ast-banner-title-visibility":"","ast-main-header-display":"","ast-hfb-above-header-display":"","ast-hfb-below-header-display":"","ast-hfb-mobile-header-display":"","site-post-title":"","ast-breadcrumbs-content":"","ast-featured-img":"","footer-sml-layout":"","ast-disable-related-posts":"","theme-transparent-header-meta":"","adv-header-id-meta":"","stick-header-meta":"","header-above-stick-meta":"","header-main-stick-meta":"","header-below-stick-meta":"","astra-migrate-meta-layouts":"default","ast-page-background-enabled":"default","ast-page-background-meta":{"desktop":{"background-color":"var(--ast-global-color-5)","background-image":"","background-repeat":"repeat","background-position":"center center","background-size":"auto","background-attachment":"scroll","background-type":"","background-media":"","overlay-type":"","overlay-color":"","overlay-opacity":"","overlay-gradient":""},"tablet":{"background-color":"","background-image":"","background-repeat":"repeat","background-position":"center center","background-size":"auto","background-attachment":"scroll","background-type":"","background-media":"","overlay-type":"","overlay-color":"","overlay-opacity":"","overlay-gradient":""},"mobile":{"background-color":"","background-image":"","background-repeat":"repeat","background-position":"center center","background-size":"auto","background-attachment":"scroll","background-type":"","background-media":"","overlay-type":"","overlay-color":"","overlay-opacity":"","overlay-gradient":""}},"ast-content-background-meta":{"desktop":{"background-color":"var(--ast-global-color-4)","background-image":"","background-repeat":"repeat","background-position":"center center","background-size":"auto","background-attachment":"scroll","background-type":"","background-media":"","overlay-type":"","overlay-color":"","overlay-opacity":"","overlay-gradient":""},"tablet":{"background-color":"var(--ast-global-color-4)","background-image":"","background-repeat":"repeat","background-position":"center center","background-size":"auto","background-attachment":"scroll","background-type":"","background-media":"","overlay-type":"","overlay-color":"","overlay-opacity":"","overlay-gradient":""},"mobile":{"background-color":"var(--ast-global-color-4)","background-image":"","background-repeat":"repeat","background-position":"center center","background-size":"auto","background-attachment":"scroll","background-type":"","background-media":"","overlay-type":"","overlay-color":"","overlay-opacity":"","overlay-gradient":""}},"footnotes":""},"categories":[12,1,13,14],"tags":[],"class_list":["post-92066","post","type-post","status-publish","format-standard","has-post-thumbnail","hentry","category-agenda-ambiental","category-noticias","category-provinciales","category-rio-negro"],"yoast_head":"<!-- This site is optimized with the Yoast SEO Premium plugin v23.0 (Yoast SEO v27.5) - https:\/\/yoast.com\/product\/yoast-seo-premium-wordpress\/ -->\n<title>D\u00eda Mundial sin sorbete<\/title>\n<meta name=\"description\" content=\"Cada 3 de febrero, el D\u00eda Mundial Sin Sorbete se celebra con el objetivo de generar conciencia sobre la amenaza de la contaminaci\u00f3n pl\u00e1stica.\" \/>\n<meta name=\"robots\" content=\"index, follow, max-snippet:-1, max-image-preview:large, max-video-preview:-1\" \/>\n<link rel=\"canonical\" href=\"https:\/\/patagoniambiental.com.ar\/info\/dia-mundial-sin-sorbete-rio-negro-refuerza-su-compromiso-ambiental-con-nuevas-medidas\/\" \/>\n<meta property=\"og:locale\" content=\"es_ES\" \/>\n<meta property=\"og:type\" content=\"article\" \/>\n<meta property=\"og:title\" content=\"D\u00eda Mundial Sin Sorbete: R\u00edo Negro Refuerza su Compromiso Ambiental con Nuevas Medidas\" \/>\n<meta property=\"og:description\" content=\"Cada 3 de febrero, el D\u00eda Mundial Sin Sorbete se celebra con el objetivo de generar conciencia sobre la amenaza de la contaminaci\u00f3n pl\u00e1stica.\" \/>\n<meta property=\"og:url\" content=\"https:\/\/patagoniambiental.com.ar\/info\/dia-mundial-sin-sorbete-rio-negro-refuerza-su-compromiso-ambiental-con-nuevas-medidas\/\" \/>\n<meta property=\"og:site_name\" content=\"Patagonia Ambiental\" \/>\n<meta property=\"article:publisher\" content=\"https:\/\/www.facebook.com\/patagonia.ambiental\" \/>\n<meta property=\"article:author\" content=\"https:\/\/www.facebook.com\/share\/1C1V8Gv9BX\/?mibextid=qi2Omg\" \/>\n<meta property=\"article:published_time\" content=\"2025-02-03T21:05:12+00:00\" \/>\n<meta property=\"article:modified_time\" content=\"2025-12-12T12:08:11+00:00\" \/>\n<meta property=\"og:image\" content=\"https:\/\/patagoniambiental.com.ar\/info\/wp-content\/uploads\/2025\/02\/dia-mundial-sin-sorbete.jpg\" \/>\n\t<meta property=\"og:image:width\" content=\"1068\" \/>\n\t<meta property=\"og:image:height\" content=\"600\" \/>\n\t<meta property=\"og:image:type\" content=\"image\/jpeg\" \/>\n<meta name=\"author\" content=\"Patagonia Ambiental\" \/>\n<meta name=\"twitter:card\" content=\"summary_large_image\" \/>\n<meta name=\"twitter:creator\" content=\"@PatAmb\" \/>\n<meta name=\"twitter:site\" content=\"@PatAmb\" \/>\n<script type=\"application\/ld+json\" class=\"yoast-schema-graph\">{\"@context\":\"https:\\\/\\\/schema.org\",\"@graph\":[{\"@type\":\"Article\",\"@id\":\"https:\\\/\\\/patagoniambiental.com.ar\\\/info\\\/dia-mundial-sin-sorbete-rio-negro-refuerza-su-compromiso-ambiental-con-nuevas-medidas\\\/#article\",\"isPartOf\":{\"@id\":\"https:\\\/\\\/patagoniambiental.com.ar\\\/info\\\/dia-mundial-sin-sorbete-rio-negro-refuerza-su-compromiso-ambiental-con-nuevas-medidas\\\/\"},\"author\":{\"name\":\"Patagonia Ambiental\",\"@id\":\"https:\\\/\\\/patagoniambiental.com.ar\\\/info\\\/#\\\/schema\\\/person\\\/db12bff64bbcbf6a253710bf0ea37b5d\"},\"headline\":\"D\u00eda Mundial Sin Sorbete: R\u00edo Negro Refuerza su Compromiso Ambiental con Nuevas Medidas\",\"datePublished\":\"2025-02-03T21:05:12+00:00\",\"dateModified\":\"2025-12-12T12:08:11+00:00\",\"mainEntityOfPage\":{\"@id\":\"https:\\\/\\\/patagoniambiental.com.ar\\\/info\\\/dia-mundial-sin-sorbete-rio-negro-refuerza-su-compromiso-ambiental-con-nuevas-medidas\\\/\"},\"wordCount\":513,\"commentCount\":0,\"publisher\":{\"@id\":\"https:\\\/\\\/patagoniambiental.com.ar\\\/info\\\/#organization\"},\"image\":{\"@id\":\"https:\\\/\\\/patagoniambiental.com.ar\\\/info\\\/dia-mundial-sin-sorbete-rio-negro-refuerza-su-compromiso-ambiental-con-nuevas-medidas\\\/#primaryimage\"},\"thumbnailUrl\":\"https:\\\/\\\/patagoniambiental.com.ar\\\/info\\\/wp-content\\\/uploads\\\/2025\\\/02\\\/dia-mundial-sin-sorbete.jpg\",\"articleSection\":[\"Agenda Ambiental\",\"Noticias\",\"Provinciales\",\"R\u00edo Negro\"],\"inLanguage\":\"es\",\"potentialAction\":[{\"@type\":\"CommentAction\",\"name\":\"Comment\",\"target\":[\"https:\\\/\\\/patagoniambiental.com.ar\\\/info\\\/dia-mundial-sin-sorbete-rio-negro-refuerza-su-compromiso-ambiental-con-nuevas-medidas\\\/#respond\"]}]},{\"@type\":\"WebPage\",\"@id\":\"https:\\\/\\\/patagoniambiental.com.ar\\\/info\\\/dia-mundial-sin-sorbete-rio-negro-refuerza-su-compromiso-ambiental-con-nuevas-medidas\\\/\",\"url\":\"https:\\\/\\\/patagoniambiental.com.ar\\\/info\\\/dia-mundial-sin-sorbete-rio-negro-refuerza-su-compromiso-ambiental-con-nuevas-medidas\\\/\",\"name\":\"D\u00eda Mundial sin sorbete\",\"isPartOf\":{\"@id\":\"https:\\\/\\\/patagoniambiental.com.ar\\\/info\\\/#website\"},\"primaryImageOfPage\":{\"@id\":\"https:\\\/\\\/patagoniambiental.com.ar\\\/info\\\/dia-mundial-sin-sorbete-rio-negro-refuerza-su-compromiso-ambiental-con-nuevas-medidas\\\/#primaryimage\"},\"image\":{\"@id\":\"https:\\\/\\\/patagoniambiental.com.ar\\\/info\\\/dia-mundial-sin-sorbete-rio-negro-refuerza-su-compromiso-ambiental-con-nuevas-medidas\\\/#primaryimage\"},\"thumbnailUrl\":\"https:\\\/\\\/patagoniambiental.com.ar\\\/info\\\/wp-content\\\/uploads\\\/2025\\\/02\\\/dia-mundial-sin-sorbete.jpg\",\"datePublished\":\"2025-02-03T21:05:12+00:00\",\"dateModified\":\"2025-12-12T12:08:11+00:00\",\"description\":\"Cada 3 de febrero, el D\u00eda Mundial Sin Sorbete se celebra con el objetivo de generar conciencia sobre la amenaza de la contaminaci\u00f3n pl\u00e1stica.\",\"breadcrumb\":{\"@id\":\"https:\\\/\\\/patagoniambiental.com.ar\\\/info\\\/dia-mundial-sin-sorbete-rio-negro-refuerza-su-compromiso-ambiental-con-nuevas-medidas\\\/#breadcrumb\"},\"inLanguage\":\"es\",\"potentialAction\":[{\"@type\":\"ReadAction\",\"target\":[\"https:\\\/\\\/patagoniambiental.com.ar\\\/info\\\/dia-mundial-sin-sorbete-rio-negro-refuerza-su-compromiso-ambiental-con-nuevas-medidas\\\/\"]}]},{\"@type\":\"ImageObject\",\"inLanguage\":\"es\",\"@id\":\"https:\\\/\\\/patagoniambiental.com.ar\\\/info\\\/dia-mundial-sin-sorbete-rio-negro-refuerza-su-compromiso-ambiental-con-nuevas-medidas\\\/#primaryimage\",\"url\":\"https:\\\/\\\/patagoniambiental.com.ar\\\/info\\\/wp-content\\\/uploads\\\/2025\\\/02\\\/dia-mundial-sin-sorbete.jpg\",\"contentUrl\":\"https:\\\/\\\/patagoniambiental.com.ar\\\/info\\\/wp-content\\\/uploads\\\/2025\\\/02\\\/dia-mundial-sin-sorbete.jpg\",\"width\":1068,\"height\":600,\"caption\":\"D\u00eda mundial sin sorbete\"},{\"@type\":\"BreadcrumbList\",\"@id\":\"https:\\\/\\\/patagoniambiental.com.ar\\\/info\\\/dia-mundial-sin-sorbete-rio-negro-refuerza-su-compromiso-ambiental-con-nuevas-medidas\\\/#breadcrumb\",\"itemListElement\":[{\"@type\":\"ListItem\",\"position\":1,\"name\":\"Inicio\",\"item\":\"https:\\\/\\\/patagoniambiental.com.ar\\\/info\\\/\"},{\"@type\":\"ListItem\",\"position\":2,\"name\":\"D\u00eda Mundial Sin Sorbete: R\u00edo Negro Refuerza su Compromiso Ambiental con Nuevas Medidas\"}]},{\"@type\":\"WebSite\",\"@id\":\"https:\\\/\\\/patagoniambiental.com.ar\\\/info\\\/#website\",\"url\":\"https:\\\/\\\/patagoniambiental.com.ar\\\/info\\\/\",\"name\":\"Patagonia Ambiental\",\"description\":\"Monitoreo y an\u00e1lisis de la situaci\u00f3n geopol\u00edtica en el mundo y su implicancia en la Patagonia\",\"publisher\":{\"@id\":\"https:\\\/\\\/patagoniambiental.com.ar\\\/info\\\/#organization\"},\"potentialAction\":[{\"@type\":\"SearchAction\",\"target\":{\"@type\":\"EntryPoint\",\"urlTemplate\":\"https:\\\/\\\/patagoniambiental.com.ar\\\/info\\\/?s={search_term_string}\"},\"query-input\":{\"@type\":\"PropertyValueSpecification\",\"valueRequired\":true,\"valueName\":\"search_term_string\"}}],\"inLanguage\":\"es\"},{\"@type\":\"Organization\",\"@id\":\"https:\\\/\\\/patagoniambiental.com.ar\\\/info\\\/#organization\",\"name\":\"Patagonia Ambiental\",\"url\":\"https:\\\/\\\/patagoniambiental.com.ar\\\/info\\\/\",\"logo\":{\"@type\":\"ImageObject\",\"inLanguage\":\"es\",\"@id\":\"https:\\\/\\\/patagoniambiental.com.ar\\\/info\\\/#\\\/schema\\\/logo\\\/image\\\/\",\"url\":\"https:\\\/\\\/patagoniambiental.com.ar\\\/info\\\/wp-content\\\/uploads\\\/2025\\\/05\\\/LOGO-PATAGONIA-AMBIENTAL.png\",\"contentUrl\":\"https:\\\/\\\/patagoniambiental.com.ar\\\/info\\\/wp-content\\\/uploads\\\/2025\\\/05\\\/LOGO-PATAGONIA-AMBIENTAL.png\",\"width\":433,\"height\":250,\"caption\":\"Patagonia Ambiental\"},\"image\":{\"@id\":\"https:\\\/\\\/patagoniambiental.com.ar\\\/info\\\/#\\\/schema\\\/logo\\\/image\\\/\"},\"sameAs\":[\"https:\\\/\\\/www.facebook.com\\\/patagonia.ambiental\",\"https:\\\/\\\/x.com\\\/PatAmb\"]},{\"@type\":\"Person\",\"@id\":\"https:\\\/\\\/patagoniambiental.com.ar\\\/info\\\/#\\\/schema\\\/person\\\/db12bff64bbcbf6a253710bf0ea37b5d\",\"name\":\"Patagonia Ambiental\",\"description\":\"Andr\u00e9s Nievas T\u00e9cnico en manejo ambiental, consultor Ambiental y escritor para medios locales e internacionales sobre temas de geopolitica y medio ambiente.\",\"sameAs\":[\"http:\\\/\\\/www.patagoniambiental.com.ar\",\"https:\\\/\\\/www.facebook.com\\\/share\\\/1C1V8Gv9BX\\\/?mibextid=qi2Omg\",\"@patagoniambiental\",\"https:\\\/\\\/youtube.com\\\/@patagoniaambiental2023?si=BLt58t0wuXquxlYZ\"]}]}<\/script>\n<!-- \/ Yoast SEO Premium plugin. -->","yoast_head_json":{"title":"D\u00eda Mundial sin sorbete","description":"Cada 3 de febrero, el D\u00eda Mundial Sin Sorbete se celebra con el objetivo de generar conciencia sobre la amenaza de la contaminaci\u00f3n pl\u00e1stica.","robots":{"index":"index","follow":"follow","max-snippet":"max-snippet:-1","max-image-preview":"max-image-preview:large","max-video-preview":"max-video-preview:-1"},"canonical":"https:\/\/patagoniambiental.com.ar\/info\/dia-mundial-sin-sorbete-rio-negro-refuerza-su-compromiso-ambiental-con-nuevas-medidas\/","og_locale":"es_ES","og_type":"article","og_title":"D\u00eda Mundial Sin Sorbete: R\u00edo Negro Refuerza su Compromiso Ambiental con Nuevas Medidas","og_description":"Cada 3 de febrero, el D\u00eda Mundial Sin Sorbete se celebra con el objetivo de generar conciencia sobre la amenaza de la contaminaci\u00f3n pl\u00e1stica.","og_url":"https:\/\/patagoniambiental.com.ar\/info\/dia-mundial-sin-sorbete-rio-negro-refuerza-su-compromiso-ambiental-con-nuevas-medidas\/","og_site_name":"Patagonia Ambiental","article_publisher":"https:\/\/www.facebook.com\/patagonia.ambiental","article_author":"https:\/\/www.facebook.com\/share\/1C1V8Gv9BX\/?mibextid=qi2Omg","article_published_time":"2025-02-03T21:05:12+00:00","article_modified_time":"2025-12-12T12:08:11+00:00","og_image":[{"width":1068,"height":600,"url":"https:\/\/patagoniambiental.com.ar\/info\/wp-content\/uploads\/2025\/02\/dia-mundial-sin-sorbete.jpg","type":"image\/jpeg"}],"author":"Patagonia Ambiental","twitter_card":"summary_large_image","twitter_creator":"@PatAmb","twitter_site":"@PatAmb","schema":{"@context":"https:\/\/schema.org","@graph":[{"@type":"Article","@id":"https:\/\/patagoniambiental.com.ar\/info\/dia-mundial-sin-sorbete-rio-negro-refuerza-su-compromiso-ambiental-con-nuevas-medidas\/#article","isPartOf":{"@id":"https:\/\/patagoniambiental.com.ar\/info\/dia-mundial-sin-sorbete-rio-negro-refuerza-su-compromiso-ambiental-con-nuevas-medidas\/"},"author":{"name":"Patagonia Ambiental","@id":"https:\/\/patagoniambiental.com.ar\/info\/#\/schema\/person\/db12bff64bbcbf6a253710bf0ea37b5d"},"headline":"D\u00eda Mundial Sin Sorbete: R\u00edo Negro Refuerza su Compromiso Ambiental con Nuevas Medidas","datePublished":"2025-02-03T21:05:12+00:00","dateModified":"2025-12-12T12:08:11+00:00","mainEntityOfPage":{"@id":"https:\/\/patagoniambiental.com.ar\/info\/dia-mundial-sin-sorbete-rio-negro-refuerza-su-compromiso-ambiental-con-nuevas-medidas\/"},"wordCount":513,"commentCount":0,"publisher":{"@id":"https:\/\/patagoniambiental.com.ar\/info\/#organization"},"image":{"@id":"https:\/\/patagoniambiental.com.ar\/info\/dia-mundial-sin-sorbete-rio-negro-refuerza-su-compromiso-ambiental-con-nuevas-medidas\/#primaryimage"},"thumbnailUrl":"https:\/\/patagoniambiental.com.ar\/info\/wp-content\/uploads\/2025\/02\/dia-mundial-sin-sorbete.jpg","articleSection":["Agenda Ambiental","Noticias","Provinciales","R\u00edo Negro"],"inLanguage":"es","potentialAction":[{"@type":"CommentAction","name":"Comment","target":["https:\/\/patagoniambiental.com.ar\/info\/dia-mundial-sin-sorbete-rio-negro-refuerza-su-compromiso-ambiental-con-nuevas-medidas\/#respond"]}]},{"@type":"WebPage","@id":"https:\/\/patagoniambiental.com.ar\/info\/dia-mundial-sin-sorbete-rio-negro-refuerza-su-compromiso-ambiental-con-nuevas-medidas\/","url":"https:\/\/patagoniambiental.com.ar\/info\/dia-mundial-sin-sorbete-rio-negro-refuerza-su-compromiso-ambiental-con-nuevas-medidas\/","name":"D\u00eda Mundial sin sorbete","isPartOf":{"@id":"https:\/\/patagoniambiental.com.ar\/info\/#website"},"primaryImageOfPage":{"@id":"https:\/\/patagoniambiental.com.ar\/info\/dia-mundial-sin-sorbete-rio-negro-refuerza-su-compromiso-ambiental-con-nuevas-medidas\/#primaryimage"},"image":{"@id":"https:\/\/patagoniambiental.com.ar\/info\/dia-mundial-sin-sorbete-rio-negro-refuerza-su-compromiso-ambiental-con-nuevas-medidas\/#primaryimage"},"thumbnailUrl":"https:\/\/patagoniambiental.com.ar\/info\/wp-content\/uploads\/2025\/02\/dia-mundial-sin-sorbete.jpg","datePublished":"2025-02-03T21:05:12+00:00","dateModified":"2025-12-12T12:08:11+00:00","description":"Cada 3 de febrero, el D\u00eda Mundial Sin Sorbete se celebra con el objetivo de generar conciencia sobre la amenaza de la contaminaci\u00f3n pl\u00e1stica.","breadcrumb":{"@id":"https:\/\/patagoniambiental.com.ar\/info\/dia-mundial-sin-sorbete-rio-negro-refuerza-su-compromiso-ambiental-con-nuevas-medidas\/#breadcrumb"},"inLanguage":"es","potentialAction":[{"@type":"ReadAction","target":["https:\/\/patagoniambiental.com.ar\/info\/dia-mundial-sin-sorbete-rio-negro-refuerza-su-compromiso-ambiental-con-nuevas-medidas\/"]}]},{"@type":"ImageObject","inLanguage":"es","@id":"https:\/\/patagoniambiental.com.ar\/info\/dia-mundial-sin-sorbete-rio-negro-refuerza-su-compromiso-ambiental-con-nuevas-medidas\/#primaryimage","url":"https:\/\/patagoniambiental.com.ar\/info\/wp-content\/uploads\/2025\/02\/dia-mundial-sin-sorbete.jpg","contentUrl":"https:\/\/patagoniambiental.com.ar\/info\/wp-content\/uploads\/2025\/02\/dia-mundial-sin-sorbete.jpg","width":1068,"height":600,"caption":"D\u00eda mundial sin sorbete"},{"@type":"BreadcrumbList","@id":"https:\/\/patagoniambiental.com.ar\/info\/dia-mundial-sin-sorbete-rio-negro-refuerza-su-compromiso-ambiental-con-nuevas-medidas\/#breadcrumb","itemListElement":[{"@type":"ListItem","position":1,"name":"Inicio","item":"https:\/\/patagoniambiental.com.ar\/info\/"},{"@type":"ListItem","position":2,"name":"D\u00eda Mundial Sin Sorbete: R\u00edo Negro Refuerza su Compromiso Ambiental con Nuevas Medidas"}]},{"@type":"WebSite","@id":"https:\/\/patagoniambiental.com.ar\/info\/#website","url":"https:\/\/patagoniambiental.com.ar\/info\/","name":"Patagonia Ambiental","description":"Monitoreo y an\u00e1lisis de la situaci\u00f3n geopol\u00edtica en el mundo y su implicancia en la Patagonia","publisher":{"@id":"https:\/\/patagoniambiental.com.ar\/info\/#organization"},"potentialAction":[{"@type":"SearchAction","target":{"@type":"EntryPoint","urlTemplate":"https:\/\/patagoniambiental.com.ar\/info\/?s={search_term_string}"},"query-input":{"@type":"PropertyValueSpecification","valueRequired":true,"valueName":"search_term_string"}}],"inLanguage":"es"},{"@type":"Organization","@id":"https:\/\/patagoniambiental.com.ar\/info\/#organization","name":"Patagonia Ambiental","url":"https:\/\/patagoniambiental.com.ar\/info\/","logo":{"@type":"ImageObject","inLanguage":"es","@id":"https:\/\/patagoniambiental.com.ar\/info\/#\/schema\/logo\/image\/","url":"https:\/\/patagoniambiental.com.ar\/info\/wp-content\/uploads\/2025\/05\/LOGO-PATAGONIA-AMBIENTAL.png","contentUrl":"https:\/\/patagoniambiental.com.ar\/info\/wp-content\/uploads\/2025\/05\/LOGO-PATAGONIA-AMBIENTAL.png","width":433,"height":250,"caption":"Patagonia Ambiental"},"image":{"@id":"https:\/\/patagoniambiental.com.ar\/info\/#\/schema\/logo\/image\/"},"sameAs":["https:\/\/www.facebook.com\/patagonia.ambiental","https:\/\/x.com\/PatAmb"]},{"@type":"Person","@id":"https:\/\/patagoniambiental.com.ar\/info\/#\/schema\/person\/db12bff64bbcbf6a253710bf0ea37b5d","name":"Patagonia Ambiental","description":"Andr\u00e9s Nievas T\u00e9cnico en manejo ambiental, consultor Ambiental y escritor para medios locales e internacionales sobre temas de geopolitica y medio ambiente.","sameAs":["http:\/\/www.patagoniambiental.com.ar","https:\/\/www.facebook.com\/share\/1C1V8Gv9BX\/?mibextid=qi2Omg","@patagoniambiental","https:\/\/youtube.com\/@patagoniaambiental2023?si=BLt58t0wuXquxlYZ"]}]}},"_links":{"self":[{"href":"https:\/\/patagoniambiental.com.ar\/info\/wp-json\/wp\/v2\/posts\/92066","targetHints":{"allow":["GET"]}}],"collection":[{"href":"https:\/\/patagoniambiental.com.ar\/info\/wp-json\/wp\/v2\/posts"}],"about":[{"href":"https:\/\/patagoniambiental.com.ar\/info\/wp-json\/wp\/v2\/types\/post"}],"author":[{"embeddable":true,"href":"https:\/\/patagoniambiental.com.ar\/info\/wp-json\/wp\/v2\/users\/2"}],"replies":[{"embeddable":true,"href":"https:\/\/patagoniambiental.com.ar\/info\/wp-json\/wp\/v2\/comments?post=92066"}],"version-history":[{"count":1,"href":"https:\/\/patagoniambiental.com.ar\/info\/wp-json\/wp\/v2\/posts\/92066\/revisions"}],"predecessor-version":[{"id":99990,"href":"https:\/\/patagoniambiental.com.ar\/info\/wp-json\/wp\/v2\/posts\/92066\/revisions\/99990"}],"wp:featuredmedia":[{"embeddable":true,"href":"https:\/\/patagoniambiental.com.ar\/info\/wp-json\/wp\/v2\/media\/99988"}],"wp:attachment":[{"href":"https:\/\/patagoniambiental.com.ar\/info\/wp-json\/wp\/v2\/media?parent=92066"}],"wp:term":[{"taxonomy":"category","embeddable":true,"href":"https:\/\/patagoniambiental.com.ar\/info\/wp-json\/wp\/v2\/categories?post=92066"},{"taxonomy":"post_tag","embeddable":true,"href":"https:\/\/patagoniambiental.com.ar\/info\/wp-json\/wp\/v2\/tags?post=92066"}],"curies":[{"name":"wp","href":"https:\/\/api.w.org\/{rel}","templated":true}]}}