{"id":92100,"date":"2025-02-03T16:32:57","date_gmt":"2025-02-03T19:32:57","guid":{"rendered":"https:\/\/patagoniambiental.com.ar\/info\/?p=92100"},"modified":"2025-12-12T09:02:06","modified_gmt":"2025-12-12T12:02:06","slug":"argentina-incorpora-la-peninsula-mitre-como-nuevo-sitio-ramsar-en-tierra-del-fuego","status":"publish","type":"post","link":"https:\/\/patagoniambiental.com.ar\/info\/argentina-incorpora-la-peninsula-mitre-como-nuevo-sitio-ramsar-en-tierra-del-fuego\/","title":{"rendered":"Argentina incorpora la Pen\u00ednsula Mitre como nuevo Sitio Ramsar en Tierra del Fuego"},"content":{"rendered":"\n<!--more-->\n\n\n\n<p>Tierra del Fuego, Provincia de tierra del Fuego, 2 de febrero de 2025. Argentina ha dado un paso m\u00e1s en su compromiso con la conservaci\u00f3n de sus ecosistemas naturales al anunciar la incorporaci\u00f3n de la Pen\u00ednsula Mitre como el nuevo Sitio Ramsar del pa\u00eds, alcanzando as\u00ed un total de 24 espacios protegidos bajo este prestigioso acuerdo internacional. Este humedal, ubicado en el sector oriental de la Isla Grande de Tierra del Fuego, se convierte en el sitio <a href=\"https:\/\/www.ramsar.org\/es\">Ramsar<\/a> m\u00e1s austral del territorio argentino.<\/p>\n\n\n\n<p><a href=\"https:\/\/patagoniambiental.com.ar\/info\/19o-aniversario-del-reconocimiento-ramsar-al-humedal-s-r-jaaukanigas\/\">Leer m\u00e1s: 19\u00ba ANIVERSARIO DEL RECONOCIMIENTO RAMSAR AL HUMEDAL S.R. JAAUKANIGAS <\/a><\/p>\n\n\n\n<p>El anuncio coincide con la conmemoraci\u00f3n del D\u00eda Mundial de los Humedales, celebrado cada 2 de febrero, y subraya la relevancia de los humedales en la regulaci\u00f3n del clima y la biodiversidad. Con una extensi\u00f3n total de 369.417 hect\u00e1reas, de las cuales 350.184 corresponden a tierra firme y 19.233 a \u00e1reas marino-costeras, la Pen\u00ednsula Mitre es una de las m\u00e1s grandes y ricas en biodiversidad de la regi\u00f3n. Este ecosistema desempe\u00f1a un rol crucial en la mitigaci\u00f3n del cambio clim\u00e1tico, pues sus turberas funcionan como importantes reservorios de carbono, contribuyendo a la regulaci\u00f3n hidrogr\u00e1fica y la estabilidad clim\u00e1tica global.<\/p>\n\n\n\n<h2 class=\"wp-block-heading\" id=\"h-un-ecosistema-unico-y-valioso\">Un ecosistema \u00fanico y valioso<\/h2>\n\n\n\n<p>La Pen\u00ednsula Mitre alberga una impresionante variedad de flora y fauna, que incluye los bosques de Nothofagus spp, turberas singulares del hemisferio sur y vastos bosques de macroalgas, como Macrocystis pyrifera. Estos \u00faltimos sirven de refugio y fuente de alimentaci\u00f3n para muchas especies marinas. Adem\u00e1s, el \u00e1rea cuenta con importantes vestigios arqueol\u00f3gicos que evidencian una ocupaci\u00f3n humana de m\u00e1s de 6.000 a\u00f1os, lo que enriquece su valor patrimonial, especialmente en relaci\u00f3n con la historia de la navegaci\u00f3n en la regi\u00f3n.<\/p>\n\n\n\n<p><a href=\"https:\/\/patagoniambiental.com.ar\/info\/caminata-sobre-sitio-ramsar\/\">Leer m\u00e1s: Caminata sobre Sitio Ramsar en Tierra del Fuego<br><\/a><\/p>\n\n\n\n<h2 class=\"wp-block-heading\" id=\"h-el-rol-de-argentina-en-la-conservacion-de-los-humedales\">El rol de Argentina en la conservaci\u00f3n de los humedales<\/h2>\n\n\n\n<p>Desde su adhesi\u00f3n a la Convenci\u00f3n de Ramsar en 1991, a trav\u00e9s de la Ley 23.919, Argentina ha reforzado su compromiso con la conservaci\u00f3n y el uso sostenible de los humedales. La Subsecretar\u00eda de Ambiente de la Naci\u00f3n lidera el Programa de Humedales, que busca fortalecer la Red de Sitios Ramsar, que ahora cubre m\u00e1s de cinco millones y medio de hect\u00e1reas a lo largo de todo el pa\u00eds. Adem\u00e1s, la Argentina est\u00e1 desarrollando el Inventario Nacional de Humedales, en colaboraci\u00f3n con expertos y organismos locales e internacionales.<\/p>\n\n\n\n<h2 class=\"wp-block-heading\" id=\"h-un-paso-mas-en-la-conservacion\">Un paso m\u00e1s en la conservaci\u00f3n<\/h2>\n\n\n\n<p>Este nuevo reconocimiento a la Pen\u00ednsula Mitre refuerza la importancia de los humedales para la biodiversidad, el ciclo del agua y la mitigaci\u00f3n del cambio clim\u00e1tico. En l\u00ednea con este esfuerzo, la ciudad de Trelew, en la provincia de Chubut, ha sido recientemente acreditada como \u00abCiudad de Humedales\u00bb, un t\u00edtulo que reconoce sus esfuerzos para conservar y gestionar de manera sostenible sus propios ecosistemas de humedales, como las reservas naturales municipales Laguna Cacique Chiquichano y Lagunas al Este.<\/p>\n\n\n\n<p><a href=\"https:\/\/patagoniambiental.com.ar\/info\/recuerdan-normativa-para-solicitar-la-inclusion-de-un-sitio-en-la-lista-de-ramsar\/\">Leer m\u00e1s: Recuerdan normativa para solicitar la inclusi\u00f3n de un sitio en la Lista de Ramsar<br><\/a><\/p>\n\n\n\n<h2 class=\"wp-block-heading\" id=\"h-un-futuro-sostenible-para-los-humedales\">Un futuro sostenible para los humedales<\/h2>\n\n\n\n<p>El lema del D\u00eda Mundial de los Humedales 2025, \u00abProteger los humedales para nuestro futuro com\u00fan\u00bb, subraya la necesidad urgente de proteger estos ecosistemas fundamentales para el bienestar de las futuras generaciones. En julio de 2025, la 15\u00aa Reuni\u00f3n de la Conferencia de las Partes de la Convenci\u00f3n de Ramsar se celebrar\u00e1 en Zimbabwe, donde los pa\u00edses miembros discutir\u00e1n nuevas estrategias para la protecci\u00f3n y gesti\u00f3n de estos valiosos espacios naturales.<\/p>\n\n\n\n<p>La reciente inclusi\u00f3n de la Pen\u00ednsula Mitre en la lista de Sitios Ramsar no solo fortalece la protecci\u00f3n ambiental de la regi\u00f3n, sino que tambi\u00e9n destaca el compromiso de Argentina con la conservaci\u00f3n global y la sostenibilidad de los ecosistemas de humedales.<\/p>\n\n\n\n<p><a href=\"https:\/\/www.worldwetlandsday.org\/es\/materials\">Materiales y recursos: <\/a><\/p>\n","protected":false},"excerpt":{"rendered":"","protected":false},"author":2,"featured_media":99983,"comment_status":"open","ping_status":"open","sticky":false,"template":"","format":"standard","meta":{"site-sidebar-layout":"default","site-content-layout":"","ast-site-content-layout":"default","site-content-style":"default","site-sidebar-style":"default","ast-global-header-display":"","ast-banner-title-visibility":"","ast-main-header-display":"","ast-hfb-above-header-display":"","ast-hfb-below-header-display":"","ast-hfb-mobile-header-display":"","site-post-title":"","ast-breadcrumbs-content":"","ast-featured-img":"","footer-sml-layout":"","ast-disable-related-posts":"","theme-transparent-header-meta":"","adv-header-id-meta":"","stick-header-meta":"","header-above-stick-meta":"","header-main-stick-meta":"","header-below-stick-meta":"","astra-migrate-meta-layouts":"default","ast-page-background-enabled":"default","ast-page-background-meta":{"desktop":{"background-color":"var(--ast-global-color-5)","background-image":"","background-repeat":"repeat","background-position":"center center","background-size":"auto","background-attachment":"scroll","background-type":"","background-media":"","overlay-type":"","overlay-color":"","overlay-opacity":"","overlay-gradient":""},"tablet":{"background-color":"","background-image":"","background-repeat":"repeat","background-position":"center center","background-size":"auto","background-attachment":"scroll","background-type":"","background-media":"","overlay-type":"","overlay-color":"","overlay-opacity":"","overlay-gradient":""},"mobile":{"background-color":"","background-image":"","background-repeat":"repeat","background-position":"center center","background-size":"auto","background-attachment":"scroll","background-type":"","background-media":"","overlay-type":"","overlay-color":"","overlay-opacity":"","overlay-gradient":""}},"ast-content-background-meta":{"desktop":{"background-color":"var(--ast-global-color-4)","background-image":"","background-repeat":"repeat","background-position":"center center","background-size":"auto","background-attachment":"scroll","background-type":"","background-media":"","overlay-type":"","overlay-color":"","overlay-opacity":"","overlay-gradient":""},"tablet":{"background-color":"var(--ast-global-color-4)","background-image":"","background-repeat":"repeat","background-position":"center center","background-size":"auto","background-attachment":"scroll","background-type":"","background-media":"","overlay-type":"","overlay-color":"","overlay-opacity":"","overlay-gradient":""},"mobile":{"background-color":"var(--ast-global-color-4)","background-image":"","background-repeat":"repeat","background-position":"center center","background-size":"auto","background-attachment":"scroll","background-type":"","background-media":"","overlay-type":"","overlay-color":"","overlay-opacity":"","overlay-gradient":""}},"footnotes":""},"categories":[19,1],"tags":[],"class_list":["post-92100","post","type-post","status-publish","format-standard","has-post-thumbnail","hentry","category-nacionales","category-noticias"],"yoast_head":"<!-- This site is optimized with the Yoast SEO Premium plugin v23.0 (Yoast SEO v27.5) - https:\/\/yoast.com\/product\/yoast-seo-premium-wordpress\/ -->\n<title>Argentina incorpora la Pen\u00ednsula Mitre como nuevo Sitio Ramsar<\/title>\n<meta name=\"description\" content=\"Argentina. Anuncian la incorporaci\u00f3n de la Pen\u00ednsula Mitre como el nuevo Sitio Ramsar del pa\u00eds.\" \/>\n<meta name=\"robots\" content=\"index, follow, max-snippet:-1, max-image-preview:large, max-video-preview:-1\" \/>\n<link rel=\"canonical\" href=\"https:\/\/patagoniambiental.com.ar\/info\/argentina-incorpora-la-peninsula-mitre-como-nuevo-sitio-ramsar-en-tierra-del-fuego\/\" \/>\n<meta property=\"og:locale\" content=\"es_ES\" \/>\n<meta property=\"og:type\" content=\"article\" \/>\n<meta property=\"og:title\" content=\"Argentina incorpora la Pen\u00ednsula Mitre como nuevo Sitio Ramsar en Tierra del Fuego\" \/>\n<meta property=\"og:description\" content=\"Argentina. Anuncian la incorporaci\u00f3n de la Pen\u00ednsula Mitre como el nuevo Sitio Ramsar del pa\u00eds.\" \/>\n<meta property=\"og:url\" content=\"https:\/\/patagoniambiental.com.ar\/info\/argentina-incorpora-la-peninsula-mitre-como-nuevo-sitio-ramsar-en-tierra-del-fuego\/\" \/>\n<meta property=\"og:site_name\" content=\"Patagonia Ambiental\" \/>\n<meta property=\"article:publisher\" content=\"https:\/\/www.facebook.com\/patagonia.ambiental\" \/>\n<meta property=\"article:author\" content=\"https:\/\/www.facebook.com\/share\/1C1V8Gv9BX\/?mibextid=qi2Omg\" \/>\n<meta property=\"article:published_time\" content=\"2025-02-03T19:32:57+00:00\" \/>\n<meta property=\"article:modified_time\" content=\"2025-12-12T12:02:06+00:00\" \/>\n<meta property=\"og:image\" content=\"https:\/\/patagoniambiental.com.ar\/info\/wp-content\/uploads\/2025\/02\/peninsula-mitre.jpg\" \/>\n\t<meta property=\"og:image:width\" content=\"980\" \/>\n\t<meta property=\"og:image:height\" content=\"551\" \/>\n\t<meta property=\"og:image:type\" content=\"image\/jpeg\" \/>\n<meta name=\"author\" content=\"Patagonia Ambiental\" \/>\n<meta name=\"twitter:card\" content=\"summary_large_image\" \/>\n<meta name=\"twitter:creator\" content=\"@PatAmb\" \/>\n<meta name=\"twitter:site\" content=\"@PatAmb\" \/>\n<script type=\"application\/ld+json\" class=\"yoast-schema-graph\">{\"@context\":\"https:\\\/\\\/schema.org\",\"@graph\":[{\"@type\":\"Article\",\"@id\":\"https:\\\/\\\/patagoniambiental.com.ar\\\/info\\\/argentina-incorpora-la-peninsula-mitre-como-nuevo-sitio-ramsar-en-tierra-del-fuego\\\/#article\",\"isPartOf\":{\"@id\":\"https:\\\/\\\/patagoniambiental.com.ar\\\/info\\\/argentina-incorpora-la-peninsula-mitre-como-nuevo-sitio-ramsar-en-tierra-del-fuego\\\/\"},\"author\":{\"name\":\"Patagonia Ambiental\",\"@id\":\"https:\\\/\\\/patagoniambiental.com.ar\\\/info\\\/#\\\/schema\\\/person\\\/db12bff64bbcbf6a253710bf0ea37b5d\"},\"headline\":\"Argentina incorpora la Pen\u00ednsula Mitre como nuevo Sitio Ramsar en Tierra del Fuego\",\"datePublished\":\"2025-02-03T19:32:57+00:00\",\"dateModified\":\"2025-12-12T12:02:06+00:00\",\"mainEntityOfPage\":{\"@id\":\"https:\\\/\\\/patagoniambiental.com.ar\\\/info\\\/argentina-incorpora-la-peninsula-mitre-como-nuevo-sitio-ramsar-en-tierra-del-fuego\\\/\"},\"wordCount\":676,\"commentCount\":0,\"publisher\":{\"@id\":\"https:\\\/\\\/patagoniambiental.com.ar\\\/info\\\/#organization\"},\"image\":{\"@id\":\"https:\\\/\\\/patagoniambiental.com.ar\\\/info\\\/argentina-incorpora-la-peninsula-mitre-como-nuevo-sitio-ramsar-en-tierra-del-fuego\\\/#primaryimage\"},\"thumbnailUrl\":\"https:\\\/\\\/patagoniambiental.com.ar\\\/info\\\/wp-content\\\/uploads\\\/2025\\\/02\\\/peninsula-mitre.jpg\",\"articleSection\":[\"Nacionales\",\"Noticias\"],\"inLanguage\":\"es\",\"potentialAction\":[{\"@type\":\"CommentAction\",\"name\":\"Comment\",\"target\":[\"https:\\\/\\\/patagoniambiental.com.ar\\\/info\\\/argentina-incorpora-la-peninsula-mitre-como-nuevo-sitio-ramsar-en-tierra-del-fuego\\\/#respond\"]}]},{\"@type\":\"WebPage\",\"@id\":\"https:\\\/\\\/patagoniambiental.com.ar\\\/info\\\/argentina-incorpora-la-peninsula-mitre-como-nuevo-sitio-ramsar-en-tierra-del-fuego\\\/\",\"url\":\"https:\\\/\\\/patagoniambiental.com.ar\\\/info\\\/argentina-incorpora-la-peninsula-mitre-como-nuevo-sitio-ramsar-en-tierra-del-fuego\\\/\",\"name\":\"Argentina incorpora la Pen\u00ednsula Mitre como nuevo Sitio Ramsar\",\"isPartOf\":{\"@id\":\"https:\\\/\\\/patagoniambiental.com.ar\\\/info\\\/#website\"},\"primaryImageOfPage\":{\"@id\":\"https:\\\/\\\/patagoniambiental.com.ar\\\/info\\\/argentina-incorpora-la-peninsula-mitre-como-nuevo-sitio-ramsar-en-tierra-del-fuego\\\/#primaryimage\"},\"image\":{\"@id\":\"https:\\\/\\\/patagoniambiental.com.ar\\\/info\\\/argentina-incorpora-la-peninsula-mitre-como-nuevo-sitio-ramsar-en-tierra-del-fuego\\\/#primaryimage\"},\"thumbnailUrl\":\"https:\\\/\\\/patagoniambiental.com.ar\\\/info\\\/wp-content\\\/uploads\\\/2025\\\/02\\\/peninsula-mitre.jpg\",\"datePublished\":\"2025-02-03T19:32:57+00:00\",\"dateModified\":\"2025-12-12T12:02:06+00:00\",\"description\":\"Argentina. Anuncian la incorporaci\u00f3n de la Pen\u00ednsula Mitre como el nuevo Sitio Ramsar del pa\u00eds.\",\"breadcrumb\":{\"@id\":\"https:\\\/\\\/patagoniambiental.com.ar\\\/info\\\/argentina-incorpora-la-peninsula-mitre-como-nuevo-sitio-ramsar-en-tierra-del-fuego\\\/#breadcrumb\"},\"inLanguage\":\"es\",\"potentialAction\":[{\"@type\":\"ReadAction\",\"target\":[\"https:\\\/\\\/patagoniambiental.com.ar\\\/info\\\/argentina-incorpora-la-peninsula-mitre-como-nuevo-sitio-ramsar-en-tierra-del-fuego\\\/\"]}]},{\"@type\":\"ImageObject\",\"inLanguage\":\"es\",\"@id\":\"https:\\\/\\\/patagoniambiental.com.ar\\\/info\\\/argentina-incorpora-la-peninsula-mitre-como-nuevo-sitio-ramsar-en-tierra-del-fuego\\\/#primaryimage\",\"url\":\"https:\\\/\\\/patagoniambiental.com.ar\\\/info\\\/wp-content\\\/uploads\\\/2025\\\/02\\\/peninsula-mitre.jpg\",\"contentUrl\":\"https:\\\/\\\/patagoniambiental.com.ar\\\/info\\\/wp-content\\\/uploads\\\/2025\\\/02\\\/peninsula-mitre.jpg\",\"width\":980,\"height\":551,\"caption\":\"Pen\u00ednsula Mitre\"},{\"@type\":\"BreadcrumbList\",\"@id\":\"https:\\\/\\\/patagoniambiental.com.ar\\\/info\\\/argentina-incorpora-la-peninsula-mitre-como-nuevo-sitio-ramsar-en-tierra-del-fuego\\\/#breadcrumb\",\"itemListElement\":[{\"@type\":\"ListItem\",\"position\":1,\"name\":\"Inicio\",\"item\":\"https:\\\/\\\/patagoniambiental.com.ar\\\/info\\\/\"},{\"@type\":\"ListItem\",\"position\":2,\"name\":\"Argentina incorpora la Pen\u00ednsula Mitre como nuevo Sitio Ramsar en Tierra del Fuego\"}]},{\"@type\":\"WebSite\",\"@id\":\"https:\\\/\\\/patagoniambiental.com.ar\\\/info\\\/#website\",\"url\":\"https:\\\/\\\/patagoniambiental.com.ar\\\/info\\\/\",\"name\":\"Patagonia Ambiental\",\"description\":\"Monitoreo y an\u00e1lisis de la situaci\u00f3n geopol\u00edtica en el mundo y su implicancia en la Patagonia\",\"publisher\":{\"@id\":\"https:\\\/\\\/patagoniambiental.com.ar\\\/info\\\/#organization\"},\"potentialAction\":[{\"@type\":\"SearchAction\",\"target\":{\"@type\":\"EntryPoint\",\"urlTemplate\":\"https:\\\/\\\/patagoniambiental.com.ar\\\/info\\\/?s={search_term_string}\"},\"query-input\":{\"@type\":\"PropertyValueSpecification\",\"valueRequired\":true,\"valueName\":\"search_term_string\"}}],\"inLanguage\":\"es\"},{\"@type\":\"Organization\",\"@id\":\"https:\\\/\\\/patagoniambiental.com.ar\\\/info\\\/#organization\",\"name\":\"Patagonia Ambiental\",\"url\":\"https:\\\/\\\/patagoniambiental.com.ar\\\/info\\\/\",\"logo\":{\"@type\":\"ImageObject\",\"inLanguage\":\"es\",\"@id\":\"https:\\\/\\\/patagoniambiental.com.ar\\\/info\\\/#\\\/schema\\\/logo\\\/image\\\/\",\"url\":\"https:\\\/\\\/patagoniambiental.com.ar\\\/info\\\/wp-content\\\/uploads\\\/2025\\\/05\\\/LOGO-PATAGONIA-AMBIENTAL.png\",\"contentUrl\":\"https:\\\/\\\/patagoniambiental.com.ar\\\/info\\\/wp-content\\\/uploads\\\/2025\\\/05\\\/LOGO-PATAGONIA-AMBIENTAL.png\",\"width\":433,\"height\":250,\"caption\":\"Patagonia Ambiental\"},\"image\":{\"@id\":\"https:\\\/\\\/patagoniambiental.com.ar\\\/info\\\/#\\\/schema\\\/logo\\\/image\\\/\"},\"sameAs\":[\"https:\\\/\\\/www.facebook.com\\\/patagonia.ambiental\",\"https:\\\/\\\/x.com\\\/PatAmb\"]},{\"@type\":\"Person\",\"@id\":\"https:\\\/\\\/patagoniambiental.com.ar\\\/info\\\/#\\\/schema\\\/person\\\/db12bff64bbcbf6a253710bf0ea37b5d\",\"name\":\"Patagonia Ambiental\",\"description\":\"Andr\u00e9s Nievas T\u00e9cnico en manejo ambiental, consultor Ambiental y escritor para medios locales e internacionales sobre temas de geopolitica y medio ambiente.\",\"sameAs\":[\"http:\\\/\\\/www.patagoniambiental.com.ar\",\"https:\\\/\\\/www.facebook.com\\\/share\\\/1C1V8Gv9BX\\\/?mibextid=qi2Omg\",\"@patagoniambiental\",\"https:\\\/\\\/youtube.com\\\/@patagoniaambiental2023?si=BLt58t0wuXquxlYZ\"]}]}<\/script>\n<!-- \/ Yoast SEO Premium plugin. -->","yoast_head_json":{"title":"Argentina incorpora la Pen\u00ednsula Mitre como nuevo Sitio Ramsar","description":"Argentina. Anuncian la incorporaci\u00f3n de la Pen\u00ednsula Mitre como el nuevo Sitio Ramsar del pa\u00eds.","robots":{"index":"index","follow":"follow","max-snippet":"max-snippet:-1","max-image-preview":"max-image-preview:large","max-video-preview":"max-video-preview:-1"},"canonical":"https:\/\/patagoniambiental.com.ar\/info\/argentina-incorpora-la-peninsula-mitre-como-nuevo-sitio-ramsar-en-tierra-del-fuego\/","og_locale":"es_ES","og_type":"article","og_title":"Argentina incorpora la Pen\u00ednsula Mitre como nuevo Sitio Ramsar en Tierra del Fuego","og_description":"Argentina. Anuncian la incorporaci\u00f3n de la Pen\u00ednsula Mitre como el nuevo Sitio Ramsar del pa\u00eds.","og_url":"https:\/\/patagoniambiental.com.ar\/info\/argentina-incorpora-la-peninsula-mitre-como-nuevo-sitio-ramsar-en-tierra-del-fuego\/","og_site_name":"Patagonia Ambiental","article_publisher":"https:\/\/www.facebook.com\/patagonia.ambiental","article_author":"https:\/\/www.facebook.com\/share\/1C1V8Gv9BX\/?mibextid=qi2Omg","article_published_time":"2025-02-03T19:32:57+00:00","article_modified_time":"2025-12-12T12:02:06+00:00","og_image":[{"width":980,"height":551,"url":"https:\/\/patagoniambiental.com.ar\/info\/wp-content\/uploads\/2025\/02\/peninsula-mitre.jpg","type":"image\/jpeg"}],"author":"Patagonia Ambiental","twitter_card":"summary_large_image","twitter_creator":"@PatAmb","twitter_site":"@PatAmb","schema":{"@context":"https:\/\/schema.org","@graph":[{"@type":"Article","@id":"https:\/\/patagoniambiental.com.ar\/info\/argentina-incorpora-la-peninsula-mitre-como-nuevo-sitio-ramsar-en-tierra-del-fuego\/#article","isPartOf":{"@id":"https:\/\/patagoniambiental.com.ar\/info\/argentina-incorpora-la-peninsula-mitre-como-nuevo-sitio-ramsar-en-tierra-del-fuego\/"},"author":{"name":"Patagonia Ambiental","@id":"https:\/\/patagoniambiental.com.ar\/info\/#\/schema\/person\/db12bff64bbcbf6a253710bf0ea37b5d"},"headline":"Argentina incorpora la Pen\u00ednsula Mitre como nuevo Sitio Ramsar en Tierra del Fuego","datePublished":"2025-02-03T19:32:57+00:00","dateModified":"2025-12-12T12:02:06+00:00","mainEntityOfPage":{"@id":"https:\/\/patagoniambiental.com.ar\/info\/argentina-incorpora-la-peninsula-mitre-como-nuevo-sitio-ramsar-en-tierra-del-fuego\/"},"wordCount":676,"commentCount":0,"publisher":{"@id":"https:\/\/patagoniambiental.com.ar\/info\/#organization"},"image":{"@id":"https:\/\/patagoniambiental.com.ar\/info\/argentina-incorpora-la-peninsula-mitre-como-nuevo-sitio-ramsar-en-tierra-del-fuego\/#primaryimage"},"thumbnailUrl":"https:\/\/patagoniambiental.com.ar\/info\/wp-content\/uploads\/2025\/02\/peninsula-mitre.jpg","articleSection":["Nacionales","Noticias"],"inLanguage":"es","potentialAction":[{"@type":"CommentAction","name":"Comment","target":["https:\/\/patagoniambiental.com.ar\/info\/argentina-incorpora-la-peninsula-mitre-como-nuevo-sitio-ramsar-en-tierra-del-fuego\/#respond"]}]},{"@type":"WebPage","@id":"https:\/\/patagoniambiental.com.ar\/info\/argentina-incorpora-la-peninsula-mitre-como-nuevo-sitio-ramsar-en-tierra-del-fuego\/","url":"https:\/\/patagoniambiental.com.ar\/info\/argentina-incorpora-la-peninsula-mitre-como-nuevo-sitio-ramsar-en-tierra-del-fuego\/","name":"Argentina incorpora la Pen\u00ednsula Mitre como nuevo Sitio Ramsar","isPartOf":{"@id":"https:\/\/patagoniambiental.com.ar\/info\/#website"},"primaryImageOfPage":{"@id":"https:\/\/patagoniambiental.com.ar\/info\/argentina-incorpora-la-peninsula-mitre-como-nuevo-sitio-ramsar-en-tierra-del-fuego\/#primaryimage"},"image":{"@id":"https:\/\/patagoniambiental.com.ar\/info\/argentina-incorpora-la-peninsula-mitre-como-nuevo-sitio-ramsar-en-tierra-del-fuego\/#primaryimage"},"thumbnailUrl":"https:\/\/patagoniambiental.com.ar\/info\/wp-content\/uploads\/2025\/02\/peninsula-mitre.jpg","datePublished":"2025-02-03T19:32:57+00:00","dateModified":"2025-12-12T12:02:06+00:00","description":"Argentina. Anuncian la incorporaci\u00f3n de la Pen\u00ednsula Mitre como el nuevo Sitio Ramsar del pa\u00eds.","breadcrumb":{"@id":"https:\/\/patagoniambiental.com.ar\/info\/argentina-incorpora-la-peninsula-mitre-como-nuevo-sitio-ramsar-en-tierra-del-fuego\/#breadcrumb"},"inLanguage":"es","potentialAction":[{"@type":"ReadAction","target":["https:\/\/patagoniambiental.com.ar\/info\/argentina-incorpora-la-peninsula-mitre-como-nuevo-sitio-ramsar-en-tierra-del-fuego\/"]}]},{"@type":"ImageObject","inLanguage":"es","@id":"https:\/\/patagoniambiental.com.ar\/info\/argentina-incorpora-la-peninsula-mitre-como-nuevo-sitio-ramsar-en-tierra-del-fuego\/#primaryimage","url":"https:\/\/patagoniambiental.com.ar\/info\/wp-content\/uploads\/2025\/02\/peninsula-mitre.jpg","contentUrl":"https:\/\/patagoniambiental.com.ar\/info\/wp-content\/uploads\/2025\/02\/peninsula-mitre.jpg","width":980,"height":551,"caption":"Pen\u00ednsula Mitre"},{"@type":"BreadcrumbList","@id":"https:\/\/patagoniambiental.com.ar\/info\/argentina-incorpora-la-peninsula-mitre-como-nuevo-sitio-ramsar-en-tierra-del-fuego\/#breadcrumb","itemListElement":[{"@type":"ListItem","position":1,"name":"Inicio","item":"https:\/\/patagoniambiental.com.ar\/info\/"},{"@type":"ListItem","position":2,"name":"Argentina incorpora la Pen\u00ednsula Mitre como nuevo Sitio Ramsar en Tierra del Fuego"}]},{"@type":"WebSite","@id":"https:\/\/patagoniambiental.com.ar\/info\/#website","url":"https:\/\/patagoniambiental.com.ar\/info\/","name":"Patagonia Ambiental","description":"Monitoreo y an\u00e1lisis de la situaci\u00f3n geopol\u00edtica en el mundo y su implicancia en la Patagonia","publisher":{"@id":"https:\/\/patagoniambiental.com.ar\/info\/#organization"},"potentialAction":[{"@type":"SearchAction","target":{"@type":"EntryPoint","urlTemplate":"https:\/\/patagoniambiental.com.ar\/info\/?s={search_term_string}"},"query-input":{"@type":"PropertyValueSpecification","valueRequired":true,"valueName":"search_term_string"}}],"inLanguage":"es"},{"@type":"Organization","@id":"https:\/\/patagoniambiental.com.ar\/info\/#organization","name":"Patagonia Ambiental","url":"https:\/\/patagoniambiental.com.ar\/info\/","logo":{"@type":"ImageObject","inLanguage":"es","@id":"https:\/\/patagoniambiental.com.ar\/info\/#\/schema\/logo\/image\/","url":"https:\/\/patagoniambiental.com.ar\/info\/wp-content\/uploads\/2025\/05\/LOGO-PATAGONIA-AMBIENTAL.png","contentUrl":"https:\/\/patagoniambiental.com.ar\/info\/wp-content\/uploads\/2025\/05\/LOGO-PATAGONIA-AMBIENTAL.png","width":433,"height":250,"caption":"Patagonia Ambiental"},"image":{"@id":"https:\/\/patagoniambiental.com.ar\/info\/#\/schema\/logo\/image\/"},"sameAs":["https:\/\/www.facebook.com\/patagonia.ambiental","https:\/\/x.com\/PatAmb"]},{"@type":"Person","@id":"https:\/\/patagoniambiental.com.ar\/info\/#\/schema\/person\/db12bff64bbcbf6a253710bf0ea37b5d","name":"Patagonia Ambiental","description":"Andr\u00e9s Nievas T\u00e9cnico en manejo ambiental, consultor Ambiental y escritor para medios locales e internacionales sobre temas de geopolitica y medio ambiente.","sameAs":["http:\/\/www.patagoniambiental.com.ar","https:\/\/www.facebook.com\/share\/1C1V8Gv9BX\/?mibextid=qi2Omg","@patagoniambiental","https:\/\/youtube.com\/@patagoniaambiental2023?si=BLt58t0wuXquxlYZ"]}]}},"_links":{"self":[{"href":"https:\/\/patagoniambiental.com.ar\/info\/wp-json\/wp\/v2\/posts\/92100","targetHints":{"allow":["GET"]}}],"collection":[{"href":"https:\/\/patagoniambiental.com.ar\/info\/wp-json\/wp\/v2\/posts"}],"about":[{"href":"https:\/\/patagoniambiental.com.ar\/info\/wp-json\/wp\/v2\/types\/post"}],"author":[{"embeddable":true,"href":"https:\/\/patagoniambiental.com.ar\/info\/wp-json\/wp\/v2\/users\/2"}],"replies":[{"embeddable":true,"href":"https:\/\/patagoniambiental.com.ar\/info\/wp-json\/wp\/v2\/comments?post=92100"}],"version-history":[{"count":1,"href":"https:\/\/patagoniambiental.com.ar\/info\/wp-json\/wp\/v2\/posts\/92100\/revisions"}],"predecessor-version":[{"id":99985,"href":"https:\/\/patagoniambiental.com.ar\/info\/wp-json\/wp\/v2\/posts\/92100\/revisions\/99985"}],"wp:featuredmedia":[{"embeddable":true,"href":"https:\/\/patagoniambiental.com.ar\/info\/wp-json\/wp\/v2\/media\/99983"}],"wp:attachment":[{"href":"https:\/\/patagoniambiental.com.ar\/info\/wp-json\/wp\/v2\/media?parent=92100"}],"wp:term":[{"taxonomy":"category","embeddable":true,"href":"https:\/\/patagoniambiental.com.ar\/info\/wp-json\/wp\/v2\/categories?post=92100"},{"taxonomy":"post_tag","embeddable":true,"href":"https:\/\/patagoniambiental.com.ar\/info\/wp-json\/wp\/v2\/tags?post=92100"}],"curies":[{"name":"wp","href":"https:\/\/api.w.org\/{rel}","templated":true}]}}