{"id":9256,"date":"2015-03-12T09:00:50","date_gmt":"2015-03-12T12:00:50","guid":{"rendered":"http:\/\/patagoniambiental.com.ar\/?p=9256"},"modified":"2015-03-12T09:00:50","modified_gmt":"2015-03-12T12:00:50","slug":"llega-el-nino-y-aunque-tardio-alterara-el-clima-en-vastas-zonas-atlantico-sur-tendra-calores-inusuales","status":"publish","type":"post","link":"https:\/\/patagoniambiental.com.ar\/info\/llega-el-nino-y-aunque-tardio-alterara-el-clima-en-vastas-zonas-atlantico-sur-tendra-calores-inusuales\/","title":{"rendered":"Llega \u201cEl Ni\u00f1o\u201d y aunque tard\u00edo alterar\u00e1 el clima en vastas zonas: Atl\u00e1ntico sur tendr\u00e1 calores inusuales"},"content":{"rendered":"<p style=\"text-align: justify;\">Buenos Aires &#8211; La Administraci\u00f3n Nacional de Oc\u00e9anos y Atm\u00f3sfera de Estados Unidos (NOAA) confirm\u00f3 que el fen\u00f3meno de \u201cEl Ni\u00f1o\u201d ha comenzado ya a sentirse aunque de forma tard\u00eda y debilitada, en relaci\u00f3n a las perspectivas que se ten\u00edan por el aumento de la temperatura en aguas del Pac\u00edfico central. El debilitamiento del fen\u00f3meno, no ser\u00e1 \u00f3bice para que condicione y altere de manera importante vastos sectores americanos y australianos principalmente, aunque su influencia se sentir\u00e1 este a\u00f1o tambi\u00e9n en los dem\u00e1s continentes.<!--more--><\/p>\n<p style=\"text-align: justify;\">\n<p style=\"text-align: justify;\">\u00a0\u201cEl Ni\u00f1o est\u00e1 aqu\u00ed, ahora\u201d, confirm\u00f3 el subdirector de Predicci\u00f3n Clim\u00e1tica de la NOAA, Mike Halpert, reconociendo que las temperaturas superficiales del Pac\u00edfico ecuatorial son \u201csuperiores a la media\u201d, aunque con registros menores a la aparici\u00f3n del fen\u00f3meno en anteriores oportunidades. En principio las consecuencias de \u201cEl Ni\u00f1o\u201d se extender\u00e1n hasta el pr\u00f3ximo mes de agosto inclusive.<\/p>\n<p style=\"text-align: justify;\">\n<p style=\"text-align: justify;\"><strong>Era esperado para finales de 2014<\/strong><\/p>\n<p style=\"text-align: justify;\"><strong>\u00a0<\/strong><\/p>\n<p style=\"text-align: justify;\">Los meteor\u00f3logos hab\u00edan previsto que El Ni\u00f1o llegara para diciembre del a\u00f1o pasado, pero no ocurri\u00f3 as\u00ed y algunos pensaban que no llegar\u00eda. Sin embargo solamente se demor\u00f3 y su presencia implicar\u00e1 b\u00e1sicamente, un aumento de las temperaturas medias, lo que podr\u00eda llevar a que 2015 sea el a\u00f1o m\u00e1s caluroso que se haya registrado, una marca que ya se bati\u00f3 el a\u00f1o pasado.<\/p>\n<p style=\"text-align: justify;\">\n<p style=\"text-align: justify;\">En principio las \u00e1reas que tendr\u00e1n consecuencias m\u00e1s directas ser\u00e1n la costa del Pac\u00edfico frente al norte de Chile, Ecuador, Per\u00fa y sur de Colombia, donde las temperaturas subir\u00e1n fuertemente en las zonas costeras en particular. Algo similar se espera que ocurra en la costa del Atl\u00e1ntico desde el nordeste brasile\u00f1o extendi\u00e9ndose al sur hasta Rio Grande del Sur y posiblemente alcanzando Uruguay.<\/p>\n<p style=\"text-align: justify;\">\n<p style=\"text-align: justify;\">El \u00e1rea caribe\u00f1a sudamericana que comparten Colombia y Venezuela, sufrir\u00e1 calores y una muy probable y pronunciada sequ\u00eda. El fen\u00f3meno de falta de lluvias sacudir\u00e1 especialmente sectores asi\u00e1ticos y de Ocean\u00eda, como India, Borneo, Sumatra Indonesia y partes de Australia, entienden los analistas.<\/p>\n<p style=\"text-align: justify;\">\n<p style=\"text-align: justify;\">El fen\u00f3meno podr\u00eda extenderse pasados sus ciclos habituales, incluso hasta nueve meses en esta oportunidad, al conformarse el ciclo err\u00e1tico conocido como Oscilaci\u00f3n Sur de El Ni\u00f1o. Las peores consecuencias registradas se produjeron en 1997-1998 cuando El Ni\u00f1o provoc\u00f3 inundaciones y sequ\u00edas a todo lo ancho del planeta, generando cat\u00e1strofes clim\u00e1ticas globales.<\/p>\n<p style=\"text-align: justify;\">FUENTE: La Red 21<\/p>\n","protected":false},"excerpt":{"rendered":"<p>Buenos Aires &#8211; La Administraci\u00f3n Nacional de Oc\u00e9anos y Atm\u00f3sfera de Estados Unidos (NOAA) confirm\u00f3 que el fen\u00f3meno de \u201cEl [&hellip;]<\/p>\n","protected":false},"author":2,"featured_media":9257,"comment_status":"closed","ping_status":"closed","sticky":false,"template":"","format":"standard","meta":{"site-sidebar-layout":"default","site-content-layout":"","ast-site-content-layout":"default","site-content-style":"default","site-sidebar-style":"default","ast-global-header-display":"","ast-banner-title-visibility":"","ast-main-header-display":"","ast-hfb-above-header-display":"","ast-hfb-below-header-display":"","ast-hfb-mobile-header-display":"","site-post-title":"","ast-breadcrumbs-content":"","ast-featured-img":"","footer-sml-layout":"","ast-disable-related-posts":"","theme-transparent-header-meta":"","adv-header-id-meta":"","stick-header-meta":"","header-above-stick-meta":"","header-main-stick-meta":"","header-below-stick-meta":"","astra-migrate-meta-layouts":"default","ast-page-background-enabled":"default","ast-page-background-meta":{"desktop":{"background-color":"var(--ast-global-color-5)","background-image":"","background-repeat":"repeat","background-position":"center center","background-size":"auto","background-attachment":"scroll","background-type":"","background-media":"","overlay-type":"","overlay-color":"","overlay-opacity":"","overlay-gradient":""},"tablet":{"background-color":"","background-image":"","background-repeat":"repeat","background-position":"center center","background-size":"auto","background-attachment":"scroll","background-type":"","background-media":"","overlay-type":"","overlay-color":"","overlay-opacity":"","overlay-gradient":""},"mobile":{"background-color":"","background-image":"","background-repeat":"repeat","background-position":"center center","background-size":"auto","background-attachment":"scroll","background-type":"","background-media":"","overlay-type":"","overlay-color":"","overlay-opacity":"","overlay-gradient":""}},"ast-content-background-meta":{"desktop":{"background-color":"var(--ast-global-color-4)","background-image":"","background-repeat":"repeat","background-position":"center center","background-size":"auto","background-attachment":"scroll","background-type":"","background-media":"","overlay-type":"","overlay-color":"","overlay-opacity":"","overlay-gradient":""},"tablet":{"background-color":"var(--ast-global-color-4)","background-image":"","background-repeat":"repeat","background-position":"center center","background-size":"auto","background-attachment":"scroll","background-type":"","background-media":"","overlay-type":"","overlay-color":"","overlay-opacity":"","overlay-gradient":""},"mobile":{"background-color":"var(--ast-global-color-4)","background-image":"","background-repeat":"repeat","background-position":"center center","background-size":"auto","background-attachment":"scroll","background-type":"","background-media":"","overlay-type":"","overlay-color":"","overlay-opacity":"","overlay-gradient":""}},"footnotes":""},"categories":[53,1],"tags":[671,2938,2939,2925],"class_list":["post-9256","post","type-post","status-publish","format-standard","has-post-thumbnail","hentry","category-general","category-noticias","tag-atlantico-sur","tag-el-nno","tag-meteorologos","tag-noaa"],"yoast_head":"<!-- This site is optimized with the Yoast SEO Premium plugin v23.0 (Yoast SEO v27.5) - https:\/\/yoast.com\/product\/yoast-seo-premium-wordpress\/ -->\n<title>Llega \u201cEl Ni\u00f1o\u201d y aunque tard\u00edo alterar\u00e1 el clima en vastas zonas: Atl\u00e1ntico sur tendr\u00e1 calores inusuales<\/title>\n<meta name=\"robots\" content=\"index, follow, max-snippet:-1, max-image-preview:large, max-video-preview:-1\" \/>\n<link rel=\"canonical\" href=\"https:\/\/patagoniambiental.com.ar\/info\/llega-el-nino-y-aunque-tardio-alterara-el-clima-en-vastas-zonas-atlantico-sur-tendra-calores-inusuales\/\" \/>\n<meta property=\"og:locale\" content=\"es_ES\" \/>\n<meta property=\"og:type\" content=\"article\" \/>\n<meta property=\"og:title\" content=\"Llega \u201cEl Ni\u00f1o\u201d y aunque tard\u00edo alterar\u00e1 el clima en vastas zonas: Atl\u00e1ntico sur tendr\u00e1 calores inusuales\" \/>\n<meta property=\"og:description\" content=\"Buenos Aires &#8211; La Administraci\u00f3n Nacional de Oc\u00e9anos y Atm\u00f3sfera de Estados Unidos (NOAA) confirm\u00f3 que el fen\u00f3meno de \u201cEl [&hellip;]\" \/>\n<meta property=\"og:url\" content=\"https:\/\/patagoniambiental.com.ar\/info\/llega-el-nino-y-aunque-tardio-alterara-el-clima-en-vastas-zonas-atlantico-sur-tendra-calores-inusuales\/\" \/>\n<meta property=\"og:site_name\" content=\"Patagonia Ambiental\" \/>\n<meta property=\"article:publisher\" content=\"https:\/\/www.facebook.com\/patagonia.ambiental\" \/>\n<meta property=\"article:author\" content=\"https:\/\/www.facebook.com\/share\/1C1V8Gv9BX\/?mibextid=qi2Omg\" \/>\n<meta property=\"article:published_time\" content=\"2015-03-12T12:00:50+00:00\" \/>\n<meta name=\"author\" content=\"Patagonia Ambiental\" \/>\n<meta name=\"twitter:card\" content=\"summary_large_image\" \/>\n<meta name=\"twitter:creator\" content=\"@PatAmb\" \/>\n<meta name=\"twitter:site\" content=\"@PatAmb\" \/>\n<script type=\"application\/ld+json\" class=\"yoast-schema-graph\">{\"@context\":\"https:\\\/\\\/schema.org\",\"@graph\":[{\"@type\":\"Article\",\"@id\":\"https:\\\/\\\/patagoniambiental.com.ar\\\/info\\\/llega-el-nino-y-aunque-tardio-alterara-el-clima-en-vastas-zonas-atlantico-sur-tendra-calores-inusuales\\\/#article\",\"isPartOf\":{\"@id\":\"https:\\\/\\\/patagoniambiental.com.ar\\\/info\\\/llega-el-nino-y-aunque-tardio-alterara-el-clima-en-vastas-zonas-atlantico-sur-tendra-calores-inusuales\\\/\"},\"author\":{\"name\":\"Patagonia Ambiental\",\"@id\":\"https:\\\/\\\/patagoniambiental.com.ar\\\/info\\\/#\\\/schema\\\/person\\\/db12bff64bbcbf6a253710bf0ea37b5d\"},\"headline\":\"Llega \u201cEl Ni\u00f1o\u201d y aunque tard\u00edo alterar\u00e1 el clima en vastas zonas: Atl\u00e1ntico sur tendr\u00e1 calores inusuales\",\"datePublished\":\"2015-03-12T12:00:50+00:00\",\"mainEntityOfPage\":{\"@id\":\"https:\\\/\\\/patagoniambiental.com.ar\\\/info\\\/llega-el-nino-y-aunque-tardio-alterara-el-clima-en-vastas-zonas-atlantico-sur-tendra-calores-inusuales\\\/\"},\"wordCount\":444,\"publisher\":{\"@id\":\"https:\\\/\\\/patagoniambiental.com.ar\\\/info\\\/#organization\"},\"image\":{\"@id\":\"https:\\\/\\\/patagoniambiental.com.ar\\\/info\\\/llega-el-nino-y-aunque-tardio-alterara-el-clima-en-vastas-zonas-atlantico-sur-tendra-calores-inusuales\\\/#primaryimage\"},\"thumbnailUrl\":\"\",\"keywords\":[\"Atl\u00e1ntico Sur\",\"el n\u00f1o\",\"meteor\u00f3logos\",\"NOAA\"],\"articleSection\":[\"General\",\"Noticias\"],\"inLanguage\":\"es\"},{\"@type\":\"WebPage\",\"@id\":\"https:\\\/\\\/patagoniambiental.com.ar\\\/info\\\/llega-el-nino-y-aunque-tardio-alterara-el-clima-en-vastas-zonas-atlantico-sur-tendra-calores-inusuales\\\/\",\"url\":\"https:\\\/\\\/patagoniambiental.com.ar\\\/info\\\/llega-el-nino-y-aunque-tardio-alterara-el-clima-en-vastas-zonas-atlantico-sur-tendra-calores-inusuales\\\/\",\"name\":\"Llega \u201cEl Ni\u00f1o\u201d y aunque tard\u00edo alterar\u00e1 el clima en vastas zonas: Atl\u00e1ntico sur tendr\u00e1 calores inusuales\",\"isPartOf\":{\"@id\":\"https:\\\/\\\/patagoniambiental.com.ar\\\/info\\\/#website\"},\"primaryImageOfPage\":{\"@id\":\"https:\\\/\\\/patagoniambiental.com.ar\\\/info\\\/llega-el-nino-y-aunque-tardio-alterara-el-clima-en-vastas-zonas-atlantico-sur-tendra-calores-inusuales\\\/#primaryimage\"},\"image\":{\"@id\":\"https:\\\/\\\/patagoniambiental.com.ar\\\/info\\\/llega-el-nino-y-aunque-tardio-alterara-el-clima-en-vastas-zonas-atlantico-sur-tendra-calores-inusuales\\\/#primaryimage\"},\"thumbnailUrl\":\"\",\"datePublished\":\"2015-03-12T12:00:50+00:00\",\"breadcrumb\":{\"@id\":\"https:\\\/\\\/patagoniambiental.com.ar\\\/info\\\/llega-el-nino-y-aunque-tardio-alterara-el-clima-en-vastas-zonas-atlantico-sur-tendra-calores-inusuales\\\/#breadcrumb\"},\"inLanguage\":\"es\",\"potentialAction\":[{\"@type\":\"ReadAction\",\"target\":[\"https:\\\/\\\/patagoniambiental.com.ar\\\/info\\\/llega-el-nino-y-aunque-tardio-alterara-el-clima-en-vastas-zonas-atlantico-sur-tendra-calores-inusuales\\\/\"]}]},{\"@type\":\"ImageObject\",\"inLanguage\":\"es\",\"@id\":\"https:\\\/\\\/patagoniambiental.com.ar\\\/info\\\/llega-el-nino-y-aunque-tardio-alterara-el-clima-en-vastas-zonas-atlantico-sur-tendra-calores-inusuales\\\/#primaryimage\",\"url\":\"\",\"contentUrl\":\"\"},{\"@type\":\"BreadcrumbList\",\"@id\":\"https:\\\/\\\/patagoniambiental.com.ar\\\/info\\\/llega-el-nino-y-aunque-tardio-alterara-el-clima-en-vastas-zonas-atlantico-sur-tendra-calores-inusuales\\\/#breadcrumb\",\"itemListElement\":[{\"@type\":\"ListItem\",\"position\":1,\"name\":\"Inicio\",\"item\":\"https:\\\/\\\/patagoniambiental.com.ar\\\/info\\\/\"},{\"@type\":\"ListItem\",\"position\":2,\"name\":\"Llega \u201cEl Ni\u00f1o\u201d y aunque tard\u00edo alterar\u00e1 el clima en vastas zonas: Atl\u00e1ntico sur tendr\u00e1 calores inusuales\"}]},{\"@type\":\"WebSite\",\"@id\":\"https:\\\/\\\/patagoniambiental.com.ar\\\/info\\\/#website\",\"url\":\"https:\\\/\\\/patagoniambiental.com.ar\\\/info\\\/\",\"name\":\"Patagonia Ambiental\",\"description\":\"Monitoreo y an\u00e1lisis de la situaci\u00f3n geopol\u00edtica en el mundo y su implicancia en la Patagonia\",\"publisher\":{\"@id\":\"https:\\\/\\\/patagoniambiental.com.ar\\\/info\\\/#organization\"},\"potentialAction\":[{\"@type\":\"SearchAction\",\"target\":{\"@type\":\"EntryPoint\",\"urlTemplate\":\"https:\\\/\\\/patagoniambiental.com.ar\\\/info\\\/?s={search_term_string}\"},\"query-input\":{\"@type\":\"PropertyValueSpecification\",\"valueRequired\":true,\"valueName\":\"search_term_string\"}}],\"inLanguage\":\"es\"},{\"@type\":\"Organization\",\"@id\":\"https:\\\/\\\/patagoniambiental.com.ar\\\/info\\\/#organization\",\"name\":\"Patagonia Ambiental\",\"url\":\"https:\\\/\\\/patagoniambiental.com.ar\\\/info\\\/\",\"logo\":{\"@type\":\"ImageObject\",\"inLanguage\":\"es\",\"@id\":\"https:\\\/\\\/patagoniambiental.com.ar\\\/info\\\/#\\\/schema\\\/logo\\\/image\\\/\",\"url\":\"https:\\\/\\\/patagoniambiental.com.ar\\\/info\\\/wp-content\\\/uploads\\\/2025\\\/05\\\/LOGO-PATAGONIA-AMBIENTAL.png\",\"contentUrl\":\"https:\\\/\\\/patagoniambiental.com.ar\\\/info\\\/wp-content\\\/uploads\\\/2025\\\/05\\\/LOGO-PATAGONIA-AMBIENTAL.png\",\"width\":433,\"height\":250,\"caption\":\"Patagonia Ambiental\"},\"image\":{\"@id\":\"https:\\\/\\\/patagoniambiental.com.ar\\\/info\\\/#\\\/schema\\\/logo\\\/image\\\/\"},\"sameAs\":[\"https:\\\/\\\/www.facebook.com\\\/patagonia.ambiental\",\"https:\\\/\\\/x.com\\\/PatAmb\"]},{\"@type\":\"Person\",\"@id\":\"https:\\\/\\\/patagoniambiental.com.ar\\\/info\\\/#\\\/schema\\\/person\\\/db12bff64bbcbf6a253710bf0ea37b5d\",\"name\":\"Patagonia Ambiental\",\"description\":\"Andr\u00e9s Nievas T\u00e9cnico en manejo ambiental, consultor Ambiental y escritor para medios locales e internacionales sobre temas de geopolitica y medio ambiente.\",\"sameAs\":[\"http:\\\/\\\/www.patagoniambiental.com.ar\",\"https:\\\/\\\/www.facebook.com\\\/share\\\/1C1V8Gv9BX\\\/?mibextid=qi2Omg\",\"@patagoniambiental\",\"https:\\\/\\\/youtube.com\\\/@patagoniaambiental2023?si=BLt58t0wuXquxlYZ\"]}]}<\/script>\n<!-- \/ Yoast SEO Premium plugin. -->","yoast_head_json":{"title":"Llega \u201cEl Ni\u00f1o\u201d y aunque tard\u00edo alterar\u00e1 el clima en vastas zonas: Atl\u00e1ntico sur tendr\u00e1 calores inusuales","robots":{"index":"index","follow":"follow","max-snippet":"max-snippet:-1","max-image-preview":"max-image-preview:large","max-video-preview":"max-video-preview:-1"},"canonical":"https:\/\/patagoniambiental.com.ar\/info\/llega-el-nino-y-aunque-tardio-alterara-el-clima-en-vastas-zonas-atlantico-sur-tendra-calores-inusuales\/","og_locale":"es_ES","og_type":"article","og_title":"Llega \u201cEl Ni\u00f1o\u201d y aunque tard\u00edo alterar\u00e1 el clima en vastas zonas: Atl\u00e1ntico sur tendr\u00e1 calores inusuales","og_description":"Buenos Aires &#8211; La Administraci\u00f3n Nacional de Oc\u00e9anos y Atm\u00f3sfera de Estados Unidos (NOAA) confirm\u00f3 que el fen\u00f3meno de \u201cEl [&hellip;]","og_url":"https:\/\/patagoniambiental.com.ar\/info\/llega-el-nino-y-aunque-tardio-alterara-el-clima-en-vastas-zonas-atlantico-sur-tendra-calores-inusuales\/","og_site_name":"Patagonia Ambiental","article_publisher":"https:\/\/www.facebook.com\/patagonia.ambiental","article_author":"https:\/\/www.facebook.com\/share\/1C1V8Gv9BX\/?mibextid=qi2Omg","article_published_time":"2015-03-12T12:00:50+00:00","author":"Patagonia Ambiental","twitter_card":"summary_large_image","twitter_creator":"@PatAmb","twitter_site":"@PatAmb","schema":{"@context":"https:\/\/schema.org","@graph":[{"@type":"Article","@id":"https:\/\/patagoniambiental.com.ar\/info\/llega-el-nino-y-aunque-tardio-alterara-el-clima-en-vastas-zonas-atlantico-sur-tendra-calores-inusuales\/#article","isPartOf":{"@id":"https:\/\/patagoniambiental.com.ar\/info\/llega-el-nino-y-aunque-tardio-alterara-el-clima-en-vastas-zonas-atlantico-sur-tendra-calores-inusuales\/"},"author":{"name":"Patagonia Ambiental","@id":"https:\/\/patagoniambiental.com.ar\/info\/#\/schema\/person\/db12bff64bbcbf6a253710bf0ea37b5d"},"headline":"Llega \u201cEl Ni\u00f1o\u201d y aunque tard\u00edo alterar\u00e1 el clima en vastas zonas: Atl\u00e1ntico sur tendr\u00e1 calores inusuales","datePublished":"2015-03-12T12:00:50+00:00","mainEntityOfPage":{"@id":"https:\/\/patagoniambiental.com.ar\/info\/llega-el-nino-y-aunque-tardio-alterara-el-clima-en-vastas-zonas-atlantico-sur-tendra-calores-inusuales\/"},"wordCount":444,"publisher":{"@id":"https:\/\/patagoniambiental.com.ar\/info\/#organization"},"image":{"@id":"https:\/\/patagoniambiental.com.ar\/info\/llega-el-nino-y-aunque-tardio-alterara-el-clima-en-vastas-zonas-atlantico-sur-tendra-calores-inusuales\/#primaryimage"},"thumbnailUrl":"","keywords":["Atl\u00e1ntico Sur","el n\u00f1o","meteor\u00f3logos","NOAA"],"articleSection":["General","Noticias"],"inLanguage":"es"},{"@type":"WebPage","@id":"https:\/\/patagoniambiental.com.ar\/info\/llega-el-nino-y-aunque-tardio-alterara-el-clima-en-vastas-zonas-atlantico-sur-tendra-calores-inusuales\/","url":"https:\/\/patagoniambiental.com.ar\/info\/llega-el-nino-y-aunque-tardio-alterara-el-clima-en-vastas-zonas-atlantico-sur-tendra-calores-inusuales\/","name":"Llega \u201cEl Ni\u00f1o\u201d y aunque tard\u00edo alterar\u00e1 el clima en vastas zonas: Atl\u00e1ntico sur tendr\u00e1 calores inusuales","isPartOf":{"@id":"https:\/\/patagoniambiental.com.ar\/info\/#website"},"primaryImageOfPage":{"@id":"https:\/\/patagoniambiental.com.ar\/info\/llega-el-nino-y-aunque-tardio-alterara-el-clima-en-vastas-zonas-atlantico-sur-tendra-calores-inusuales\/#primaryimage"},"image":{"@id":"https:\/\/patagoniambiental.com.ar\/info\/llega-el-nino-y-aunque-tardio-alterara-el-clima-en-vastas-zonas-atlantico-sur-tendra-calores-inusuales\/#primaryimage"},"thumbnailUrl":"","datePublished":"2015-03-12T12:00:50+00:00","breadcrumb":{"@id":"https:\/\/patagoniambiental.com.ar\/info\/llega-el-nino-y-aunque-tardio-alterara-el-clima-en-vastas-zonas-atlantico-sur-tendra-calores-inusuales\/#breadcrumb"},"inLanguage":"es","potentialAction":[{"@type":"ReadAction","target":["https:\/\/patagoniambiental.com.ar\/info\/llega-el-nino-y-aunque-tardio-alterara-el-clima-en-vastas-zonas-atlantico-sur-tendra-calores-inusuales\/"]}]},{"@type":"ImageObject","inLanguage":"es","@id":"https:\/\/patagoniambiental.com.ar\/info\/llega-el-nino-y-aunque-tardio-alterara-el-clima-en-vastas-zonas-atlantico-sur-tendra-calores-inusuales\/#primaryimage","url":"","contentUrl":""},{"@type":"BreadcrumbList","@id":"https:\/\/patagoniambiental.com.ar\/info\/llega-el-nino-y-aunque-tardio-alterara-el-clima-en-vastas-zonas-atlantico-sur-tendra-calores-inusuales\/#breadcrumb","itemListElement":[{"@type":"ListItem","position":1,"name":"Inicio","item":"https:\/\/patagoniambiental.com.ar\/info\/"},{"@type":"ListItem","position":2,"name":"Llega \u201cEl Ni\u00f1o\u201d y aunque tard\u00edo alterar\u00e1 el clima en vastas zonas: Atl\u00e1ntico sur tendr\u00e1 calores inusuales"}]},{"@type":"WebSite","@id":"https:\/\/patagoniambiental.com.ar\/info\/#website","url":"https:\/\/patagoniambiental.com.ar\/info\/","name":"Patagonia Ambiental","description":"Monitoreo y an\u00e1lisis de la situaci\u00f3n geopol\u00edtica en el mundo y su implicancia en la Patagonia","publisher":{"@id":"https:\/\/patagoniambiental.com.ar\/info\/#organization"},"potentialAction":[{"@type":"SearchAction","target":{"@type":"EntryPoint","urlTemplate":"https:\/\/patagoniambiental.com.ar\/info\/?s={search_term_string}"},"query-input":{"@type":"PropertyValueSpecification","valueRequired":true,"valueName":"search_term_string"}}],"inLanguage":"es"},{"@type":"Organization","@id":"https:\/\/patagoniambiental.com.ar\/info\/#organization","name":"Patagonia Ambiental","url":"https:\/\/patagoniambiental.com.ar\/info\/","logo":{"@type":"ImageObject","inLanguage":"es","@id":"https:\/\/patagoniambiental.com.ar\/info\/#\/schema\/logo\/image\/","url":"https:\/\/patagoniambiental.com.ar\/info\/wp-content\/uploads\/2025\/05\/LOGO-PATAGONIA-AMBIENTAL.png","contentUrl":"https:\/\/patagoniambiental.com.ar\/info\/wp-content\/uploads\/2025\/05\/LOGO-PATAGONIA-AMBIENTAL.png","width":433,"height":250,"caption":"Patagonia Ambiental"},"image":{"@id":"https:\/\/patagoniambiental.com.ar\/info\/#\/schema\/logo\/image\/"},"sameAs":["https:\/\/www.facebook.com\/patagonia.ambiental","https:\/\/x.com\/PatAmb"]},{"@type":"Person","@id":"https:\/\/patagoniambiental.com.ar\/info\/#\/schema\/person\/db12bff64bbcbf6a253710bf0ea37b5d","name":"Patagonia Ambiental","description":"Andr\u00e9s Nievas T\u00e9cnico en manejo ambiental, consultor Ambiental y escritor para medios locales e internacionales sobre temas de geopolitica y medio ambiente.","sameAs":["http:\/\/www.patagoniambiental.com.ar","https:\/\/www.facebook.com\/share\/1C1V8Gv9BX\/?mibextid=qi2Omg","@patagoniambiental","https:\/\/youtube.com\/@patagoniaambiental2023?si=BLt58t0wuXquxlYZ"]}]}},"_links":{"self":[{"href":"https:\/\/patagoniambiental.com.ar\/info\/wp-json\/wp\/v2\/posts\/9256","targetHints":{"allow":["GET"]}}],"collection":[{"href":"https:\/\/patagoniambiental.com.ar\/info\/wp-json\/wp\/v2\/posts"}],"about":[{"href":"https:\/\/patagoniambiental.com.ar\/info\/wp-json\/wp\/v2\/types\/post"}],"author":[{"embeddable":true,"href":"https:\/\/patagoniambiental.com.ar\/info\/wp-json\/wp\/v2\/users\/2"}],"replies":[{"embeddable":true,"href":"https:\/\/patagoniambiental.com.ar\/info\/wp-json\/wp\/v2\/comments?post=9256"}],"version-history":[{"count":0,"href":"https:\/\/patagoniambiental.com.ar\/info\/wp-json\/wp\/v2\/posts\/9256\/revisions"}],"wp:featuredmedia":[{"embeddable":true,"href":"https:\/\/patagoniambiental.com.ar\/info\/wp-json\/"}],"wp:attachment":[{"href":"https:\/\/patagoniambiental.com.ar\/info\/wp-json\/wp\/v2\/media?parent=9256"}],"wp:term":[{"taxonomy":"category","embeddable":true,"href":"https:\/\/patagoniambiental.com.ar\/info\/wp-json\/wp\/v2\/categories?post=9256"},{"taxonomy":"post_tag","embeddable":true,"href":"https:\/\/patagoniambiental.com.ar\/info\/wp-json\/wp\/v2\/tags?post=9256"}],"curies":[{"name":"wp","href":"https:\/\/api.w.org\/{rel}","templated":true}]}}