{"id":92576,"date":"2025-02-07T11:50:23","date_gmt":"2025-02-07T14:50:23","guid":{"rendered":"https:\/\/patagoniambiental.com.ar\/info\/?p=92576"},"modified":"2025-05-04T16:10:27","modified_gmt":"2025-05-04T19:10:27","slug":"ultimos-dias-para-inscribirse-en-la-diplomatura-en-sustentabilidad-minera","status":"publish","type":"post","link":"https:\/\/patagoniambiental.com.ar\/info\/ultimos-dias-para-inscribirse-en-la-diplomatura-en-sustentabilidad-minera\/","title":{"rendered":"\u00daltimos d\u00edas para inscribirse en la Diplomatura en Sustentabilidad Minera"},"content":{"rendered":"\n<!--more-->\n\n\n\n<p>Viedma, Provincia de R\u00edo Negro, 7 de febrero de 2025. El Gobierno de R\u00edo Negro, en colaboraci\u00f3n con la Universidad Nacional de R\u00edo Negro <a href=\"http:\/\/www.unrn.edu.ar\">(UNRN)<\/a>, ofrece una oportunidad \u00fanica para formarse en el \u00e1mbito de la miner\u00eda sostenible. La Diplomatura en Sustentabilidad Minera, una propuesta educativa gratuita, abre su inscripci\u00f3n hasta el 15 de febrero de 2025. Esta formaci\u00f3n, dirigida a toda la ciudadan\u00eda, ya ha atra\u00eddo a m\u00e1s de 260 interesados en su pr\u00f3xima edici\u00f3n.<\/p>\n\n\n\n<h2 class=\"wp-block-heading\" id=\"h-capacitacion-integral-y-accesible\">Capacitaci\u00f3n integral y accesible<\/h2>\n\n\n\n<p>Con un total de 128 horas, distribuidas en diversos m\u00f3dulos, la diplomatura abarca contenidos fundamentales para comprender la miner\u00eda desde una \u00f3ptica estrat\u00e9gica y responsable, considerando su impacto en el desarrollo econ\u00f3mico, el avance tecnol\u00f3gico y la sostenibilidad ambiental. Esta capacitaci\u00f3n se impartir\u00e1 de manera h\u00edbrida, combinando clases virtuales con encuentros presenciales.<\/p>\n\n\n\n<h2 class=\"wp-block-heading\" id=\"h-modalidad-flexible-para-adaptarse-a-todos\">Modalidad flexible para adaptarse a todos<\/h2>\n\n\n\n<p>Andr\u00e9s Vera, subsecretario de Gesti\u00f3n Minera de R\u00edo Negro, coment\u00f3 que debido al alto n\u00famero de preinscritos, se organizar\u00e1n dos cohortes a lo largo del a\u00f1o: una comenzar\u00e1 en abril y otra en septiembre. \u201cNuestro objetivo es brindar herramientas a los participantes para analizar y entender la miner\u00eda en el contexto de su contribuci\u00f3n al progreso regional, con un enfoque de sostenibilidad\u201d, destac\u00f3 Vera.<\/p>\n\n\n\n<h2 class=\"wp-block-heading\" id=\"h-inscripcion-abierta-hasta-el-15-de-febrero\">Inscripci\u00f3n abierta hasta el 15 de febrero<\/h2>\n\n\n\n<p>La Diplomatura est\u00e1 dise\u00f1ada para todos aquellos que deseen formarse en el campo de la miner\u00eda sustentable, independientemente de su nivel de conocimiento previo. Las inscripciones estar\u00e1n abiertas hasta el 15 de febrero de 2025, y los interesados pueden registrarse f\u00e1cilmente a trav\u00e9s del formulario en l\u00ednea disponible en este enlace.<\/p>\n\n\n\n<p>Para m\u00e1s informaci\u00f3n, se invita a los futuros participantes a ponerse en contacto con la Secretar\u00eda de Energ\u00eda y Ambiente o con la UNRN.<\/p>\n\n\n\n<p>Con esta iniciativa, el Gobierno de R\u00edo Negro contin\u00faa promoviendo la educaci\u00f3n accesible y el desarrollo de conocimientos clave para un futuro m\u00e1s sostenible en la industria minera.<\/p>\n","protected":false},"excerpt":{"rendered":"","protected":false},"author":2,"featured_media":92577,"comment_status":"open","ping_status":"open","sticky":false,"template":"","format":"standard","meta":{"site-sidebar-layout":"default","site-content-layout":"","ast-site-content-layout":"default","site-content-style":"default","site-sidebar-style":"default","ast-global-header-display":"","ast-banner-title-visibility":"","ast-main-header-display":"","ast-hfb-above-header-display":"","ast-hfb-below-header-display":"","ast-hfb-mobile-header-display":"","site-post-title":"","ast-breadcrumbs-content":"","ast-featured-img":"","footer-sml-layout":"","ast-disable-related-posts":"","theme-transparent-header-meta":"","adv-header-id-meta":"","stick-header-meta":"","header-above-stick-meta":"","header-main-stick-meta":"","header-below-stick-meta":"","astra-migrate-meta-layouts":"default","ast-page-background-enabled":"default","ast-page-background-meta":{"desktop":{"background-color":"var(--ast-global-color-5)","background-image":"","background-repeat":"repeat","background-position":"center center","background-size":"auto","background-attachment":"scroll","background-type":"","background-media":"","overlay-type":"","overlay-color":"","overlay-opacity":"","overlay-gradient":""},"tablet":{"background-color":"","background-image":"","background-repeat":"repeat","background-position":"center center","background-size":"auto","background-attachment":"scroll","background-type":"","background-media":"","overlay-type":"","overlay-color":"","overlay-opacity":"","overlay-gradient":""},"mobile":{"background-color":"","background-image":"","background-repeat":"repeat","background-position":"center center","background-size":"auto","background-attachment":"scroll","background-type":"","background-media":"","overlay-type":"","overlay-color":"","overlay-opacity":"","overlay-gradient":""}},"ast-content-background-meta":{"desktop":{"background-color":"var(--ast-global-color-4)","background-image":"","background-repeat":"repeat","background-position":"center center","background-size":"auto","background-attachment":"scroll","background-type":"","background-media":"","overlay-type":"","overlay-color":"","overlay-opacity":"","overlay-gradient":""},"tablet":{"background-color":"var(--ast-global-color-4)","background-image":"","background-repeat":"repeat","background-position":"center center","background-size":"auto","background-attachment":"scroll","background-type":"","background-media":"","overlay-type":"","overlay-color":"","overlay-opacity":"","overlay-gradient":""},"mobile":{"background-color":"var(--ast-global-color-4)","background-image":"","background-repeat":"repeat","background-position":"center center","background-size":"auto","background-attachment":"scroll","background-type":"","background-media":"","overlay-type":"","overlay-color":"","overlay-opacity":"","overlay-gradient":""}},"footnotes":""},"categories":[12,1,13,14],"tags":[],"class_list":["post-92576","post","type-post","status-publish","format-standard","has-post-thumbnail","hentry","category-agenda-ambiental","category-noticias","category-provinciales","category-rio-negro"],"yoast_head":"<!-- This site is optimized with the Yoast SEO Premium plugin v23.0 (Yoast SEO v27.5) - https:\/\/yoast.com\/product\/yoast-seo-premium-wordpress\/ -->\n<title>\u00daltimos d\u00edas para inscribirse en la Diplomatura en Sustentabilidad Minera<\/title>\n<meta name=\"description\" content=\"El Gobierno de R\u00edo Negro, en colaboraci\u00f3n con la Universidad Nacional de R\u00edo Negro (UNRN), ofrece una oportunidad \u00fanica para formarse en el \u00e1mbito de la miner\u00eda sostenible.\" \/>\n<meta name=\"robots\" content=\"index, follow, max-snippet:-1, max-image-preview:large, max-video-preview:-1\" \/>\n<link rel=\"canonical\" href=\"https:\/\/patagoniambiental.com.ar\/info\/ultimos-dias-para-inscribirse-en-la-diplomatura-en-sustentabilidad-minera\/\" \/>\n<meta property=\"og:locale\" content=\"es_ES\" \/>\n<meta property=\"og:type\" content=\"article\" \/>\n<meta property=\"og:title\" content=\"\u00daltimos d\u00edas para inscribirse en la Diplomatura en Sustentabilidad Minera\" \/>\n<meta property=\"og:description\" content=\"El Gobierno de R\u00edo Negro, en colaboraci\u00f3n con la Universidad Nacional de R\u00edo Negro (UNRN), ofrece una oportunidad \u00fanica para formarse en el \u00e1mbito de la miner\u00eda sostenible.\" \/>\n<meta property=\"og:url\" content=\"https:\/\/patagoniambiental.com.ar\/info\/ultimos-dias-para-inscribirse-en-la-diplomatura-en-sustentabilidad-minera\/\" \/>\n<meta property=\"og:site_name\" content=\"Patagonia Ambiental\" \/>\n<meta property=\"article:publisher\" content=\"https:\/\/www.facebook.com\/patagonia.ambiental\" \/>\n<meta property=\"article:author\" content=\"https:\/\/www.facebook.com\/share\/1C1V8Gv9BX\/?mibextid=qi2Omg\" \/>\n<meta property=\"article:published_time\" content=\"2025-02-07T14:50:23+00:00\" \/>\n<meta property=\"article:modified_time\" content=\"2025-05-04T19:10:27+00:00\" \/>\n<meta property=\"og:image\" content=\"https:\/\/patagoniambiental.com.ar\/info\/wp-content\/uploads\/2025\/02\/1732200607-4d992cffa8ba387b3363.jpeg\" \/>\n\t<meta property=\"og:image:width\" content=\"1080\" \/>\n\t<meta property=\"og:image:height\" content=\"607\" \/>\n\t<meta property=\"og:image:type\" content=\"image\/jpeg\" \/>\n<meta name=\"author\" content=\"Patagonia Ambiental\" \/>\n<meta name=\"twitter:card\" content=\"summary_large_image\" \/>\n<meta name=\"twitter:creator\" content=\"@PatAmb\" \/>\n<meta name=\"twitter:site\" content=\"@PatAmb\" \/>\n<script type=\"application\/ld+json\" class=\"yoast-schema-graph\">{\"@context\":\"https:\\\/\\\/schema.org\",\"@graph\":[{\"@type\":\"Article\",\"@id\":\"https:\\\/\\\/patagoniambiental.com.ar\\\/info\\\/ultimos-dias-para-inscribirse-en-la-diplomatura-en-sustentabilidad-minera\\\/#article\",\"isPartOf\":{\"@id\":\"https:\\\/\\\/patagoniambiental.com.ar\\\/info\\\/ultimos-dias-para-inscribirse-en-la-diplomatura-en-sustentabilidad-minera\\\/\"},\"author\":{\"name\":\"Patagonia Ambiental\",\"@id\":\"https:\\\/\\\/patagoniambiental.com.ar\\\/info\\\/#\\\/schema\\\/person\\\/db12bff64bbcbf6a253710bf0ea37b5d\"},\"headline\":\"\u00daltimos d\u00edas para inscribirse en la Diplomatura en Sustentabilidad Minera\",\"datePublished\":\"2025-02-07T14:50:23+00:00\",\"dateModified\":\"2025-05-04T19:10:27+00:00\",\"mainEntityOfPage\":{\"@id\":\"https:\\\/\\\/patagoniambiental.com.ar\\\/info\\\/ultimos-dias-para-inscribirse-en-la-diplomatura-en-sustentabilidad-minera\\\/\"},\"wordCount\":357,\"commentCount\":0,\"publisher\":{\"@id\":\"https:\\\/\\\/patagoniambiental.com.ar\\\/info\\\/#organization\"},\"image\":{\"@id\":\"https:\\\/\\\/patagoniambiental.com.ar\\\/info\\\/ultimos-dias-para-inscribirse-en-la-diplomatura-en-sustentabilidad-minera\\\/#primaryimage\"},\"thumbnailUrl\":\"https:\\\/\\\/patagoniambiental.com.ar\\\/info\\\/wp-content\\\/uploads\\\/2025\\\/02\\\/1732200607-4d992cffa8ba387b3363.jpeg\",\"articleSection\":[\"Agenda Ambiental\",\"Noticias\",\"Provinciales\",\"R\u00edo Negro\"],\"inLanguage\":\"es\",\"potentialAction\":[{\"@type\":\"CommentAction\",\"name\":\"Comment\",\"target\":[\"https:\\\/\\\/patagoniambiental.com.ar\\\/info\\\/ultimos-dias-para-inscribirse-en-la-diplomatura-en-sustentabilidad-minera\\\/#respond\"]}]},{\"@type\":\"WebPage\",\"@id\":\"https:\\\/\\\/patagoniambiental.com.ar\\\/info\\\/ultimos-dias-para-inscribirse-en-la-diplomatura-en-sustentabilidad-minera\\\/\",\"url\":\"https:\\\/\\\/patagoniambiental.com.ar\\\/info\\\/ultimos-dias-para-inscribirse-en-la-diplomatura-en-sustentabilidad-minera\\\/\",\"name\":\"\u00daltimos d\u00edas para inscribirse en la Diplomatura en Sustentabilidad Minera\",\"isPartOf\":{\"@id\":\"https:\\\/\\\/patagoniambiental.com.ar\\\/info\\\/#website\"},\"primaryImageOfPage\":{\"@id\":\"https:\\\/\\\/patagoniambiental.com.ar\\\/info\\\/ultimos-dias-para-inscribirse-en-la-diplomatura-en-sustentabilidad-minera\\\/#primaryimage\"},\"image\":{\"@id\":\"https:\\\/\\\/patagoniambiental.com.ar\\\/info\\\/ultimos-dias-para-inscribirse-en-la-diplomatura-en-sustentabilidad-minera\\\/#primaryimage\"},\"thumbnailUrl\":\"https:\\\/\\\/patagoniambiental.com.ar\\\/info\\\/wp-content\\\/uploads\\\/2025\\\/02\\\/1732200607-4d992cffa8ba387b3363.jpeg\",\"datePublished\":\"2025-02-07T14:50:23+00:00\",\"dateModified\":\"2025-05-04T19:10:27+00:00\",\"description\":\"El Gobierno de R\u00edo Negro, en colaboraci\u00f3n con la Universidad Nacional de R\u00edo Negro (UNRN), ofrece una oportunidad \u00fanica para formarse en el \u00e1mbito de la miner\u00eda sostenible.\",\"breadcrumb\":{\"@id\":\"https:\\\/\\\/patagoniambiental.com.ar\\\/info\\\/ultimos-dias-para-inscribirse-en-la-diplomatura-en-sustentabilidad-minera\\\/#breadcrumb\"},\"inLanguage\":\"es\",\"potentialAction\":[{\"@type\":\"ReadAction\",\"target\":[\"https:\\\/\\\/patagoniambiental.com.ar\\\/info\\\/ultimos-dias-para-inscribirse-en-la-diplomatura-en-sustentabilidad-minera\\\/\"]}]},{\"@type\":\"ImageObject\",\"inLanguage\":\"es\",\"@id\":\"https:\\\/\\\/patagoniambiental.com.ar\\\/info\\\/ultimos-dias-para-inscribirse-en-la-diplomatura-en-sustentabilidad-minera\\\/#primaryimage\",\"url\":\"https:\\\/\\\/patagoniambiental.com.ar\\\/info\\\/wp-content\\\/uploads\\\/2025\\\/02\\\/1732200607-4d992cffa8ba387b3363.jpeg\",\"contentUrl\":\"https:\\\/\\\/patagoniambiental.com.ar\\\/info\\\/wp-content\\\/uploads\\\/2025\\\/02\\\/1732200607-4d992cffa8ba387b3363.jpeg\",\"width\":1080,\"height\":607},{\"@type\":\"BreadcrumbList\",\"@id\":\"https:\\\/\\\/patagoniambiental.com.ar\\\/info\\\/ultimos-dias-para-inscribirse-en-la-diplomatura-en-sustentabilidad-minera\\\/#breadcrumb\",\"itemListElement\":[{\"@type\":\"ListItem\",\"position\":1,\"name\":\"Inicio\",\"item\":\"https:\\\/\\\/patagoniambiental.com.ar\\\/info\\\/\"},{\"@type\":\"ListItem\",\"position\":2,\"name\":\"\u00daltimos d\u00edas para inscribirse en la Diplomatura en Sustentabilidad Minera\"}]},{\"@type\":\"WebSite\",\"@id\":\"https:\\\/\\\/patagoniambiental.com.ar\\\/info\\\/#website\",\"url\":\"https:\\\/\\\/patagoniambiental.com.ar\\\/info\\\/\",\"name\":\"Patagonia Ambiental\",\"description\":\"Monitoreo y an\u00e1lisis de la situaci\u00f3n geopol\u00edtica en el mundo y su implicancia en la Patagonia\",\"publisher\":{\"@id\":\"https:\\\/\\\/patagoniambiental.com.ar\\\/info\\\/#organization\"},\"potentialAction\":[{\"@type\":\"SearchAction\",\"target\":{\"@type\":\"EntryPoint\",\"urlTemplate\":\"https:\\\/\\\/patagoniambiental.com.ar\\\/info\\\/?s={search_term_string}\"},\"query-input\":{\"@type\":\"PropertyValueSpecification\",\"valueRequired\":true,\"valueName\":\"search_term_string\"}}],\"inLanguage\":\"es\"},{\"@type\":\"Organization\",\"@id\":\"https:\\\/\\\/patagoniambiental.com.ar\\\/info\\\/#organization\",\"name\":\"Patagonia Ambiental\",\"url\":\"https:\\\/\\\/patagoniambiental.com.ar\\\/info\\\/\",\"logo\":{\"@type\":\"ImageObject\",\"inLanguage\":\"es\",\"@id\":\"https:\\\/\\\/patagoniambiental.com.ar\\\/info\\\/#\\\/schema\\\/logo\\\/image\\\/\",\"url\":\"https:\\\/\\\/patagoniambiental.com.ar\\\/info\\\/wp-content\\\/uploads\\\/2025\\\/05\\\/LOGO-PATAGONIA-AMBIENTAL.png\",\"contentUrl\":\"https:\\\/\\\/patagoniambiental.com.ar\\\/info\\\/wp-content\\\/uploads\\\/2025\\\/05\\\/LOGO-PATAGONIA-AMBIENTAL.png\",\"width\":433,\"height\":250,\"caption\":\"Patagonia Ambiental\"},\"image\":{\"@id\":\"https:\\\/\\\/patagoniambiental.com.ar\\\/info\\\/#\\\/schema\\\/logo\\\/image\\\/\"},\"sameAs\":[\"https:\\\/\\\/www.facebook.com\\\/patagonia.ambiental\",\"https:\\\/\\\/x.com\\\/PatAmb\"]},{\"@type\":\"Person\",\"@id\":\"https:\\\/\\\/patagoniambiental.com.ar\\\/info\\\/#\\\/schema\\\/person\\\/db12bff64bbcbf6a253710bf0ea37b5d\",\"name\":\"Patagonia Ambiental\",\"description\":\"Andr\u00e9s Nievas T\u00e9cnico en manejo ambiental, consultor Ambiental y escritor para medios locales e internacionales sobre temas de geopolitica y medio ambiente.\",\"sameAs\":[\"http:\\\/\\\/www.patagoniambiental.com.ar\",\"https:\\\/\\\/www.facebook.com\\\/share\\\/1C1V8Gv9BX\\\/?mibextid=qi2Omg\",\"@patagoniambiental\",\"https:\\\/\\\/youtube.com\\\/@patagoniaambiental2023?si=BLt58t0wuXquxlYZ\"]}]}<\/script>\n<!-- \/ Yoast SEO Premium plugin. -->","yoast_head_json":{"title":"\u00daltimos d\u00edas para inscribirse en la Diplomatura en Sustentabilidad Minera","description":"El Gobierno de R\u00edo Negro, en colaboraci\u00f3n con la Universidad Nacional de R\u00edo Negro (UNRN), ofrece una oportunidad \u00fanica para formarse en el \u00e1mbito de la miner\u00eda sostenible.","robots":{"index":"index","follow":"follow","max-snippet":"max-snippet:-1","max-image-preview":"max-image-preview:large","max-video-preview":"max-video-preview:-1"},"canonical":"https:\/\/patagoniambiental.com.ar\/info\/ultimos-dias-para-inscribirse-en-la-diplomatura-en-sustentabilidad-minera\/","og_locale":"es_ES","og_type":"article","og_title":"\u00daltimos d\u00edas para inscribirse en la Diplomatura en Sustentabilidad Minera","og_description":"El Gobierno de R\u00edo Negro, en colaboraci\u00f3n con la Universidad Nacional de R\u00edo Negro (UNRN), ofrece una oportunidad \u00fanica para formarse en el \u00e1mbito de la miner\u00eda sostenible.","og_url":"https:\/\/patagoniambiental.com.ar\/info\/ultimos-dias-para-inscribirse-en-la-diplomatura-en-sustentabilidad-minera\/","og_site_name":"Patagonia Ambiental","article_publisher":"https:\/\/www.facebook.com\/patagonia.ambiental","article_author":"https:\/\/www.facebook.com\/share\/1C1V8Gv9BX\/?mibextid=qi2Omg","article_published_time":"2025-02-07T14:50:23+00:00","article_modified_time":"2025-05-04T19:10:27+00:00","og_image":[{"width":1080,"height":607,"url":"https:\/\/patagoniambiental.com.ar\/info\/wp-content\/uploads\/2025\/02\/1732200607-4d992cffa8ba387b3363.jpeg","type":"image\/jpeg"}],"author":"Patagonia Ambiental","twitter_card":"summary_large_image","twitter_creator":"@PatAmb","twitter_site":"@PatAmb","schema":{"@context":"https:\/\/schema.org","@graph":[{"@type":"Article","@id":"https:\/\/patagoniambiental.com.ar\/info\/ultimos-dias-para-inscribirse-en-la-diplomatura-en-sustentabilidad-minera\/#article","isPartOf":{"@id":"https:\/\/patagoniambiental.com.ar\/info\/ultimos-dias-para-inscribirse-en-la-diplomatura-en-sustentabilidad-minera\/"},"author":{"name":"Patagonia Ambiental","@id":"https:\/\/patagoniambiental.com.ar\/info\/#\/schema\/person\/db12bff64bbcbf6a253710bf0ea37b5d"},"headline":"\u00daltimos d\u00edas para inscribirse en la Diplomatura en Sustentabilidad Minera","datePublished":"2025-02-07T14:50:23+00:00","dateModified":"2025-05-04T19:10:27+00:00","mainEntityOfPage":{"@id":"https:\/\/patagoniambiental.com.ar\/info\/ultimos-dias-para-inscribirse-en-la-diplomatura-en-sustentabilidad-minera\/"},"wordCount":357,"commentCount":0,"publisher":{"@id":"https:\/\/patagoniambiental.com.ar\/info\/#organization"},"image":{"@id":"https:\/\/patagoniambiental.com.ar\/info\/ultimos-dias-para-inscribirse-en-la-diplomatura-en-sustentabilidad-minera\/#primaryimage"},"thumbnailUrl":"https:\/\/patagoniambiental.com.ar\/info\/wp-content\/uploads\/2025\/02\/1732200607-4d992cffa8ba387b3363.jpeg","articleSection":["Agenda Ambiental","Noticias","Provinciales","R\u00edo Negro"],"inLanguage":"es","potentialAction":[{"@type":"CommentAction","name":"Comment","target":["https:\/\/patagoniambiental.com.ar\/info\/ultimos-dias-para-inscribirse-en-la-diplomatura-en-sustentabilidad-minera\/#respond"]}]},{"@type":"WebPage","@id":"https:\/\/patagoniambiental.com.ar\/info\/ultimos-dias-para-inscribirse-en-la-diplomatura-en-sustentabilidad-minera\/","url":"https:\/\/patagoniambiental.com.ar\/info\/ultimos-dias-para-inscribirse-en-la-diplomatura-en-sustentabilidad-minera\/","name":"\u00daltimos d\u00edas para inscribirse en la Diplomatura en Sustentabilidad Minera","isPartOf":{"@id":"https:\/\/patagoniambiental.com.ar\/info\/#website"},"primaryImageOfPage":{"@id":"https:\/\/patagoniambiental.com.ar\/info\/ultimos-dias-para-inscribirse-en-la-diplomatura-en-sustentabilidad-minera\/#primaryimage"},"image":{"@id":"https:\/\/patagoniambiental.com.ar\/info\/ultimos-dias-para-inscribirse-en-la-diplomatura-en-sustentabilidad-minera\/#primaryimage"},"thumbnailUrl":"https:\/\/patagoniambiental.com.ar\/info\/wp-content\/uploads\/2025\/02\/1732200607-4d992cffa8ba387b3363.jpeg","datePublished":"2025-02-07T14:50:23+00:00","dateModified":"2025-05-04T19:10:27+00:00","description":"El Gobierno de R\u00edo Negro, en colaboraci\u00f3n con la Universidad Nacional de R\u00edo Negro (UNRN), ofrece una oportunidad \u00fanica para formarse en el \u00e1mbito de la miner\u00eda sostenible.","breadcrumb":{"@id":"https:\/\/patagoniambiental.com.ar\/info\/ultimos-dias-para-inscribirse-en-la-diplomatura-en-sustentabilidad-minera\/#breadcrumb"},"inLanguage":"es","potentialAction":[{"@type":"ReadAction","target":["https:\/\/patagoniambiental.com.ar\/info\/ultimos-dias-para-inscribirse-en-la-diplomatura-en-sustentabilidad-minera\/"]}]},{"@type":"ImageObject","inLanguage":"es","@id":"https:\/\/patagoniambiental.com.ar\/info\/ultimos-dias-para-inscribirse-en-la-diplomatura-en-sustentabilidad-minera\/#primaryimage","url":"https:\/\/patagoniambiental.com.ar\/info\/wp-content\/uploads\/2025\/02\/1732200607-4d992cffa8ba387b3363.jpeg","contentUrl":"https:\/\/patagoniambiental.com.ar\/info\/wp-content\/uploads\/2025\/02\/1732200607-4d992cffa8ba387b3363.jpeg","width":1080,"height":607},{"@type":"BreadcrumbList","@id":"https:\/\/patagoniambiental.com.ar\/info\/ultimos-dias-para-inscribirse-en-la-diplomatura-en-sustentabilidad-minera\/#breadcrumb","itemListElement":[{"@type":"ListItem","position":1,"name":"Inicio","item":"https:\/\/patagoniambiental.com.ar\/info\/"},{"@type":"ListItem","position":2,"name":"\u00daltimos d\u00edas para inscribirse en la Diplomatura en Sustentabilidad Minera"}]},{"@type":"WebSite","@id":"https:\/\/patagoniambiental.com.ar\/info\/#website","url":"https:\/\/patagoniambiental.com.ar\/info\/","name":"Patagonia Ambiental","description":"Monitoreo y an\u00e1lisis de la situaci\u00f3n geopol\u00edtica en el mundo y su implicancia en la Patagonia","publisher":{"@id":"https:\/\/patagoniambiental.com.ar\/info\/#organization"},"potentialAction":[{"@type":"SearchAction","target":{"@type":"EntryPoint","urlTemplate":"https:\/\/patagoniambiental.com.ar\/info\/?s={search_term_string}"},"query-input":{"@type":"PropertyValueSpecification","valueRequired":true,"valueName":"search_term_string"}}],"inLanguage":"es"},{"@type":"Organization","@id":"https:\/\/patagoniambiental.com.ar\/info\/#organization","name":"Patagonia Ambiental","url":"https:\/\/patagoniambiental.com.ar\/info\/","logo":{"@type":"ImageObject","inLanguage":"es","@id":"https:\/\/patagoniambiental.com.ar\/info\/#\/schema\/logo\/image\/","url":"https:\/\/patagoniambiental.com.ar\/info\/wp-content\/uploads\/2025\/05\/LOGO-PATAGONIA-AMBIENTAL.png","contentUrl":"https:\/\/patagoniambiental.com.ar\/info\/wp-content\/uploads\/2025\/05\/LOGO-PATAGONIA-AMBIENTAL.png","width":433,"height":250,"caption":"Patagonia Ambiental"},"image":{"@id":"https:\/\/patagoniambiental.com.ar\/info\/#\/schema\/logo\/image\/"},"sameAs":["https:\/\/www.facebook.com\/patagonia.ambiental","https:\/\/x.com\/PatAmb"]},{"@type":"Person","@id":"https:\/\/patagoniambiental.com.ar\/info\/#\/schema\/person\/db12bff64bbcbf6a253710bf0ea37b5d","name":"Patagonia Ambiental","description":"Andr\u00e9s Nievas T\u00e9cnico en manejo ambiental, consultor Ambiental y escritor para medios locales e internacionales sobre temas de geopolitica y medio ambiente.","sameAs":["http:\/\/www.patagoniambiental.com.ar","https:\/\/www.facebook.com\/share\/1C1V8Gv9BX\/?mibextid=qi2Omg","@patagoniambiental","https:\/\/youtube.com\/@patagoniaambiental2023?si=BLt58t0wuXquxlYZ"]}]}},"_links":{"self":[{"href":"https:\/\/patagoniambiental.com.ar\/info\/wp-json\/wp\/v2\/posts\/92576","targetHints":{"allow":["GET"]}}],"collection":[{"href":"https:\/\/patagoniambiental.com.ar\/info\/wp-json\/wp\/v2\/posts"}],"about":[{"href":"https:\/\/patagoniambiental.com.ar\/info\/wp-json\/wp\/v2\/types\/post"}],"author":[{"embeddable":true,"href":"https:\/\/patagoniambiental.com.ar\/info\/wp-json\/wp\/v2\/users\/2"}],"replies":[{"embeddable":true,"href":"https:\/\/patagoniambiental.com.ar\/info\/wp-json\/wp\/v2\/comments?post=92576"}],"version-history":[{"count":0,"href":"https:\/\/patagoniambiental.com.ar\/info\/wp-json\/wp\/v2\/posts\/92576\/revisions"}],"wp:featuredmedia":[{"embeddable":true,"href":"https:\/\/patagoniambiental.com.ar\/info\/wp-json\/wp\/v2\/media\/92577"}],"wp:attachment":[{"href":"https:\/\/patagoniambiental.com.ar\/info\/wp-json\/wp\/v2\/media?parent=92576"}],"wp:term":[{"taxonomy":"category","embeddable":true,"href":"https:\/\/patagoniambiental.com.ar\/info\/wp-json\/wp\/v2\/categories?post=92576"},{"taxonomy":"post_tag","embeddable":true,"href":"https:\/\/patagoniambiental.com.ar\/info\/wp-json\/wp\/v2\/tags?post=92576"}],"curies":[{"name":"wp","href":"https:\/\/api.w.org\/{rel}","templated":true}]}}