{"id":93219,"date":"2025-02-24T17:12:59","date_gmt":"2025-02-24T20:12:59","guid":{"rendered":"https:\/\/patagoniambiental.com.ar\/info\/?p=93219"},"modified":"2025-05-04T16:10:07","modified_gmt":"2025-05-04T19:10:07","slug":"fauna-neuquina-detiene-a-pescadores-furtivos-y-combate-riesgo-de-incendios-en-collon-cura","status":"publish","type":"post","link":"https:\/\/patagoniambiental.com.ar\/info\/fauna-neuquina-detiene-a-pescadores-furtivos-y-combate-riesgo-de-incendios-en-collon-cura\/","title":{"rendered":"Fauna Neuquina Detiene a Pescadores Furtivos y Combate Riesgo de Incendios en Coll\u00f3n Cur\u00e1"},"content":{"rendered":"\n<!--more-->\n\n\n\n<p>Collon Cura, Provincia de Neuquen, 24 de febrero de 2025. El pasado fin de semana, una operaci\u00f3n sorpresa realizada por la Direcci\u00f3n Provincial de Fauna y \u00c1reas Naturales Protegidas de Neuqu\u00e9n, en colaboraci\u00f3n con el Centro de Ecolog\u00eda Aplicada del Neuqu\u00e9n (CEAN), dio un fuerte golpe al delito en la regi\u00f3n del r\u00edo Coll\u00f3n Cur\u00e1. Durante el operativo, los guardafaunas lograron interceptar a varios pescadores furtivos y acampantes que se encontraban realizando actividades ilegales en la zona, lo que result\u00f3 en la labranza de 10 actas de infracci\u00f3n y la incautaci\u00f3n de 20 truchas, especie protegida en el \u00e1rea. Adem\u00e1s, se extinguieron cinco fogones mal apagados, los cuales representaban un riesgo considerable de incendios forestales.<\/p>\n\n\n\n<p>Este operativo tiene como objetivo principal hacer cumplir la Ley Provincial N\u00b0 2.539, que sanciona a aquellos que delinquen contra los animales silvestres y sus h\u00e1bitats naturales, as\u00ed como preservar el entorno natural de la regi\u00f3n. Los guardafaunas tambi\u00e9n alertaron a los infractores sobre el peligro de iniciar peque\u00f1os fuegos fuera de los lugares habilitados, ya que estos podr\u00edan propagar un incendio de gran magnitud en el bosque circundante.<\/p>\n\n\n\n<p>La Ley N\u00b0 2.539 es un pilar en la protecci\u00f3n de la fauna y los ecosistemas neuquinos, y la Direcci\u00f3n de Fauna y el CEAN contin\u00faan llevando a cabo acciones para prevenir el da\u00f1o a la biodiversidad local. En este sentido, se hace especial hincapi\u00e9 en la correcta disposici\u00f3n de fogones y la responsabilidad ambiental de los turistas y acampantes. Adem\u00e1s, las autoridades enfatizan que se deben realizar denuncias sobre delitos vinculados a la fauna llamando al 0800-66666-36, n\u00famero habilitado para reportar infracciones.<\/p>\n\n\n\n<p>Este esfuerzo no solo busca salvaguardar las especies aut\u00f3ctonas, sino tambi\u00e9n generar conciencia sobre el impacto que actividades ilegales y negligentes pueden tener en el medio ambiente. Los guardafaunas instan a la ciudadan\u00eda a respetar las normativas vigentes y a colaborar en la preservaci\u00f3n de los recursos naturales, garantizando un futuro m\u00e1s seguro tanto para la fauna como para las comunidades cercanas.<\/p>\n\n\n\n<p><strong>Publicidad y Educaci\u00f3n Ambiental:<\/strong> En un contexto de creciente turismo, es esencial promover pr\u00e1cticas responsables que no pongan en peligro el delicado equilibrio ecol\u00f3gico de las \u00e1reas protegidas. El mensaje de prevenci\u00f3n sobre los incendios tambi\u00e9n es una prioridad, especialmente en tiempos de clima seco, cuando los riesgos de propagaci\u00f3n son elevados.<\/p>\n\n\n\n<p>Adem\u00e1s de las acciones punitivas, la Direcci\u00f3n Provincial de Fauna contin\u00faa con su labor educativa, brindando recomendaciones sobre c\u00f3mo acampar y disfrutar de la naturaleza sin alterar el entorno ni poner en peligro la vida silvestre que habita en la regi\u00f3n.<\/p>\n\n\n\n<p>Los neuquinos y turistas interesados en participar de estas pr\u00e1cticas responsables tienen la oportunidad de informarse y denunciar, contribuyendo al esfuerzo colectivo de protecci\u00f3n y conservaci\u00f3n de los recursos naturales de la provincia.<\/p>\n","protected":false},"excerpt":{"rendered":"","protected":false},"author":2,"featured_media":93220,"comment_status":"open","ping_status":"open","sticky":false,"template":"","format":"standard","meta":{"site-sidebar-layout":"default","site-content-layout":"","ast-site-content-layout":"default","site-content-style":"default","site-sidebar-style":"default","ast-global-header-display":"","ast-banner-title-visibility":"","ast-main-header-display":"","ast-hfb-above-header-display":"","ast-hfb-below-header-display":"","ast-hfb-mobile-header-display":"","site-post-title":"","ast-breadcrumbs-content":"","ast-featured-img":"","footer-sml-layout":"","ast-disable-related-posts":"","theme-transparent-header-meta":"","adv-header-id-meta":"","stick-header-meta":"","header-above-stick-meta":"","header-main-stick-meta":"","header-below-stick-meta":"","astra-migrate-meta-layouts":"default","ast-page-background-enabled":"default","ast-page-background-meta":{"desktop":{"background-color":"var(--ast-global-color-5)","background-image":"","background-repeat":"repeat","background-position":"center center","background-size":"auto","background-attachment":"scroll","background-type":"","background-media":"","overlay-type":"","overlay-color":"","overlay-opacity":"","overlay-gradient":""},"tablet":{"background-color":"","background-image":"","background-repeat":"repeat","background-position":"center center","background-size":"auto","background-attachment":"scroll","background-type":"","background-media":"","overlay-type":"","overlay-color":"","overlay-opacity":"","overlay-gradient":""},"mobile":{"background-color":"","background-image":"","background-repeat":"repeat","background-position":"center center","background-size":"auto","background-attachment":"scroll","background-type":"","background-media":"","overlay-type":"","overlay-color":"","overlay-opacity":"","overlay-gradient":""}},"ast-content-background-meta":{"desktop":{"background-color":"var(--ast-global-color-4)","background-image":"","background-repeat":"repeat","background-position":"center center","background-size":"auto","background-attachment":"scroll","background-type":"","background-media":"","overlay-type":"","overlay-color":"","overlay-opacity":"","overlay-gradient":""},"tablet":{"background-color":"var(--ast-global-color-4)","background-image":"","background-repeat":"repeat","background-position":"center center","background-size":"auto","background-attachment":"scroll","background-type":"","background-media":"","overlay-type":"","overlay-color":"","overlay-opacity":"","overlay-gradient":""},"mobile":{"background-color":"var(--ast-global-color-4)","background-image":"","background-repeat":"repeat","background-position":"center center","background-size":"auto","background-attachment":"scroll","background-type":"","background-media":"","overlay-type":"","overlay-color":"","overlay-opacity":"","overlay-gradient":""}},"footnotes":""},"categories":[18,1,13],"tags":[],"class_list":["post-93219","post","type-post","status-publish","format-standard","has-post-thumbnail","hentry","category-neuquen","category-noticias","category-provinciales"],"yoast_head":"<!-- This site is optimized with the Yoast SEO Premium plugin v23.0 (Yoast SEO v27.5) - https:\/\/yoast.com\/product\/yoast-seo-premium-wordpress\/ -->\n<title>Fauna Neuquina Detiene a Pescadores Furtivos y Combate Riesgo de Incendios en Coll\u00f3n Cur\u00e1<\/title>\n<meta name=\"description\" content=\"El pasado fin de semana, una operaci\u00f3n sorpresa realizada por la Direcci\u00f3n Provincial de Fauna y \u00c1reas Naturales Protegidas de Neuqu\u00e9n, en colaboraci\u00f3n con el Centro de Ecolog\u00eda Aplicada del Neuqu\u00e9n (CEAN), dio un fuerte golpe al delito en la regi\u00f3n del r\u00edo Coll\u00f3n Cur\u00e1. Durante el operativo, los guardafaunas lograron interceptar a varios pescadores furtivos y acampantes que se encontraban realizando actividades ilegales en la zona, lo que result\u00f3 en la labranza de 10 actas de infracci\u00f3n y la incautaci\u00f3n de 20 truchas, especie protegida en el \u00e1rea. Adem\u00e1s, se extinguieron cinco fogones mal apagados, los cuales representaban un riesgo considerable de incendios forestales.\" \/>\n<meta name=\"robots\" content=\"index, follow, max-snippet:-1, max-image-preview:large, max-video-preview:-1\" \/>\n<link rel=\"canonical\" href=\"https:\/\/patagoniambiental.com.ar\/info\/fauna-neuquina-detiene-a-pescadores-furtivos-y-combate-riesgo-de-incendios-en-collon-cura\/\" \/>\n<meta property=\"og:locale\" content=\"es_ES\" \/>\n<meta property=\"og:type\" content=\"article\" \/>\n<meta property=\"og:title\" content=\"Fauna Neuquina Detiene a Pescadores Furtivos y Combate Riesgo de Incendios en Coll\u00f3n Cur\u00e1\" \/>\n<meta property=\"og:description\" content=\"El pasado fin de semana, una operaci\u00f3n sorpresa realizada por la Direcci\u00f3n Provincial de Fauna y \u00c1reas Naturales Protegidas de Neuqu\u00e9n, en colaboraci\u00f3n con el Centro de Ecolog\u00eda Aplicada del Neuqu\u00e9n (CEAN), dio un fuerte golpe al delito en la regi\u00f3n del r\u00edo Coll\u00f3n Cur\u00e1. Durante el operativo, los guardafaunas lograron interceptar a varios pescadores furtivos y acampantes que se encontraban realizando actividades ilegales en la zona, lo que result\u00f3 en la labranza de 10 actas de infracci\u00f3n y la incautaci\u00f3n de 20 truchas, especie protegida en el \u00e1rea. Adem\u00e1s, se extinguieron cinco fogones mal apagados, los cuales representaban un riesgo considerable de incendios forestales.\" \/>\n<meta property=\"og:url\" content=\"https:\/\/patagoniambiental.com.ar\/info\/fauna-neuquina-detiene-a-pescadores-furtivos-y-combate-riesgo-de-incendios-en-collon-cura\/\" \/>\n<meta property=\"og:site_name\" content=\"Patagonia Ambiental\" \/>\n<meta property=\"article:publisher\" content=\"https:\/\/www.facebook.com\/patagonia.ambiental\" \/>\n<meta property=\"article:author\" content=\"https:\/\/www.facebook.com\/share\/1C1V8Gv9BX\/?mibextid=qi2Omg\" \/>\n<meta property=\"article:published_time\" content=\"2025-02-24T20:12:59+00:00\" \/>\n<meta property=\"article:modified_time\" content=\"2025-05-04T19:10:07+00:00\" \/>\n<meta property=\"og:image\" content=\"https:\/\/patagoniambiental.com.ar\/info\/wp-content\/uploads\/2025\/02\/md-20.webp\" \/>\n\t<meta property=\"og:image:width\" content=\"992\" \/>\n\t<meta property=\"og:image:height\" content=\"558\" \/>\n\t<meta property=\"og:image:type\" content=\"image\/webp\" \/>\n<meta name=\"author\" content=\"Patagonia Ambiental\" \/>\n<meta name=\"twitter:card\" content=\"summary_large_image\" \/>\n<meta name=\"twitter:creator\" content=\"@PatAmb\" \/>\n<meta name=\"twitter:site\" content=\"@PatAmb\" \/>\n<script type=\"application\/ld+json\" class=\"yoast-schema-graph\">{\"@context\":\"https:\\\/\\\/schema.org\",\"@graph\":[{\"@type\":\"Article\",\"@id\":\"https:\\\/\\\/patagoniambiental.com.ar\\\/info\\\/fauna-neuquina-detiene-a-pescadores-furtivos-y-combate-riesgo-de-incendios-en-collon-cura\\\/#article\",\"isPartOf\":{\"@id\":\"https:\\\/\\\/patagoniambiental.com.ar\\\/info\\\/fauna-neuquina-detiene-a-pescadores-furtivos-y-combate-riesgo-de-incendios-en-collon-cura\\\/\"},\"author\":{\"name\":\"Patagonia Ambiental\",\"@id\":\"https:\\\/\\\/patagoniambiental.com.ar\\\/info\\\/#\\\/schema\\\/person\\\/db12bff64bbcbf6a253710bf0ea37b5d\"},\"headline\":\"Fauna Neuquina Detiene a Pescadores Furtivos y Combate Riesgo de Incendios en Coll\u00f3n Cur\u00e1\",\"datePublished\":\"2025-02-24T20:12:59+00:00\",\"dateModified\":\"2025-05-04T19:10:07+00:00\",\"mainEntityOfPage\":{\"@id\":\"https:\\\/\\\/patagoniambiental.com.ar\\\/info\\\/fauna-neuquina-detiene-a-pescadores-furtivos-y-combate-riesgo-de-incendios-en-collon-cura\\\/\"},\"wordCount\":508,\"commentCount\":0,\"publisher\":{\"@id\":\"https:\\\/\\\/patagoniambiental.com.ar\\\/info\\\/#organization\"},\"image\":{\"@id\":\"https:\\\/\\\/patagoniambiental.com.ar\\\/info\\\/fauna-neuquina-detiene-a-pescadores-furtivos-y-combate-riesgo-de-incendios-en-collon-cura\\\/#primaryimage\"},\"thumbnailUrl\":\"https:\\\/\\\/patagoniambiental.com.ar\\\/info\\\/wp-content\\\/uploads\\\/2025\\\/02\\\/md-20.webp\",\"articleSection\":[\"Neuqu\u00e9n\",\"Noticias\",\"Provinciales\"],\"inLanguage\":\"es\",\"potentialAction\":[{\"@type\":\"CommentAction\",\"name\":\"Comment\",\"target\":[\"https:\\\/\\\/patagoniambiental.com.ar\\\/info\\\/fauna-neuquina-detiene-a-pescadores-furtivos-y-combate-riesgo-de-incendios-en-collon-cura\\\/#respond\"]}]},{\"@type\":\"WebPage\",\"@id\":\"https:\\\/\\\/patagoniambiental.com.ar\\\/info\\\/fauna-neuquina-detiene-a-pescadores-furtivos-y-combate-riesgo-de-incendios-en-collon-cura\\\/\",\"url\":\"https:\\\/\\\/patagoniambiental.com.ar\\\/info\\\/fauna-neuquina-detiene-a-pescadores-furtivos-y-combate-riesgo-de-incendios-en-collon-cura\\\/\",\"name\":\"Fauna Neuquina Detiene a Pescadores Furtivos y Combate Riesgo de Incendios en Coll\u00f3n Cur\u00e1\",\"isPartOf\":{\"@id\":\"https:\\\/\\\/patagoniambiental.com.ar\\\/info\\\/#website\"},\"primaryImageOfPage\":{\"@id\":\"https:\\\/\\\/patagoniambiental.com.ar\\\/info\\\/fauna-neuquina-detiene-a-pescadores-furtivos-y-combate-riesgo-de-incendios-en-collon-cura\\\/#primaryimage\"},\"image\":{\"@id\":\"https:\\\/\\\/patagoniambiental.com.ar\\\/info\\\/fauna-neuquina-detiene-a-pescadores-furtivos-y-combate-riesgo-de-incendios-en-collon-cura\\\/#primaryimage\"},\"thumbnailUrl\":\"https:\\\/\\\/patagoniambiental.com.ar\\\/info\\\/wp-content\\\/uploads\\\/2025\\\/02\\\/md-20.webp\",\"datePublished\":\"2025-02-24T20:12:59+00:00\",\"dateModified\":\"2025-05-04T19:10:07+00:00\",\"description\":\"El pasado fin de semana, una operaci\u00f3n sorpresa realizada por la Direcci\u00f3n Provincial de Fauna y \u00c1reas Naturales Protegidas de Neuqu\u00e9n, en colaboraci\u00f3n con el Centro de Ecolog\u00eda Aplicada del Neuqu\u00e9n (CEAN), dio un fuerte golpe al delito en la regi\u00f3n del r\u00edo Coll\u00f3n Cur\u00e1. Durante el operativo, los guardafaunas lograron interceptar a varios pescadores furtivos y acampantes que se encontraban realizando actividades ilegales en la zona, lo que result\u00f3 en la labranza de 10 actas de infracci\u00f3n y la incautaci\u00f3n de 20 truchas, especie protegida en el \u00e1rea. Adem\u00e1s, se extinguieron cinco fogones mal apagados, los cuales representaban un riesgo considerable de incendios forestales.\",\"breadcrumb\":{\"@id\":\"https:\\\/\\\/patagoniambiental.com.ar\\\/info\\\/fauna-neuquina-detiene-a-pescadores-furtivos-y-combate-riesgo-de-incendios-en-collon-cura\\\/#breadcrumb\"},\"inLanguage\":\"es\",\"potentialAction\":[{\"@type\":\"ReadAction\",\"target\":[\"https:\\\/\\\/patagoniambiental.com.ar\\\/info\\\/fauna-neuquina-detiene-a-pescadores-furtivos-y-combate-riesgo-de-incendios-en-collon-cura\\\/\"]}]},{\"@type\":\"ImageObject\",\"inLanguage\":\"es\",\"@id\":\"https:\\\/\\\/patagoniambiental.com.ar\\\/info\\\/fauna-neuquina-detiene-a-pescadores-furtivos-y-combate-riesgo-de-incendios-en-collon-cura\\\/#primaryimage\",\"url\":\"https:\\\/\\\/patagoniambiental.com.ar\\\/info\\\/wp-content\\\/uploads\\\/2025\\\/02\\\/md-20.webp\",\"contentUrl\":\"https:\\\/\\\/patagoniambiental.com.ar\\\/info\\\/wp-content\\\/uploads\\\/2025\\\/02\\\/md-20.webp\",\"width\":992,\"height\":558},{\"@type\":\"BreadcrumbList\",\"@id\":\"https:\\\/\\\/patagoniambiental.com.ar\\\/info\\\/fauna-neuquina-detiene-a-pescadores-furtivos-y-combate-riesgo-de-incendios-en-collon-cura\\\/#breadcrumb\",\"itemListElement\":[{\"@type\":\"ListItem\",\"position\":1,\"name\":\"Inicio\",\"item\":\"https:\\\/\\\/patagoniambiental.com.ar\\\/info\\\/\"},{\"@type\":\"ListItem\",\"position\":2,\"name\":\"Fauna Neuquina Detiene a Pescadores Furtivos y Combate Riesgo de Incendios en Coll\u00f3n Cur\u00e1\"}]},{\"@type\":\"WebSite\",\"@id\":\"https:\\\/\\\/patagoniambiental.com.ar\\\/info\\\/#website\",\"url\":\"https:\\\/\\\/patagoniambiental.com.ar\\\/info\\\/\",\"name\":\"Patagonia Ambiental\",\"description\":\"Monitoreo y an\u00e1lisis de la situaci\u00f3n geopol\u00edtica en el mundo y su implicancia en la Patagonia\",\"publisher\":{\"@id\":\"https:\\\/\\\/patagoniambiental.com.ar\\\/info\\\/#organization\"},\"potentialAction\":[{\"@type\":\"SearchAction\",\"target\":{\"@type\":\"EntryPoint\",\"urlTemplate\":\"https:\\\/\\\/patagoniambiental.com.ar\\\/info\\\/?s={search_term_string}\"},\"query-input\":{\"@type\":\"PropertyValueSpecification\",\"valueRequired\":true,\"valueName\":\"search_term_string\"}}],\"inLanguage\":\"es\"},{\"@type\":\"Organization\",\"@id\":\"https:\\\/\\\/patagoniambiental.com.ar\\\/info\\\/#organization\",\"name\":\"Patagonia Ambiental\",\"url\":\"https:\\\/\\\/patagoniambiental.com.ar\\\/info\\\/\",\"logo\":{\"@type\":\"ImageObject\",\"inLanguage\":\"es\",\"@id\":\"https:\\\/\\\/patagoniambiental.com.ar\\\/info\\\/#\\\/schema\\\/logo\\\/image\\\/\",\"url\":\"https:\\\/\\\/patagoniambiental.com.ar\\\/info\\\/wp-content\\\/uploads\\\/2025\\\/05\\\/LOGO-PATAGONIA-AMBIENTAL.png\",\"contentUrl\":\"https:\\\/\\\/patagoniambiental.com.ar\\\/info\\\/wp-content\\\/uploads\\\/2025\\\/05\\\/LOGO-PATAGONIA-AMBIENTAL.png\",\"width\":433,\"height\":250,\"caption\":\"Patagonia Ambiental\"},\"image\":{\"@id\":\"https:\\\/\\\/patagoniambiental.com.ar\\\/info\\\/#\\\/schema\\\/logo\\\/image\\\/\"},\"sameAs\":[\"https:\\\/\\\/www.facebook.com\\\/patagonia.ambiental\",\"https:\\\/\\\/x.com\\\/PatAmb\"]},{\"@type\":\"Person\",\"@id\":\"https:\\\/\\\/patagoniambiental.com.ar\\\/info\\\/#\\\/schema\\\/person\\\/db12bff64bbcbf6a253710bf0ea37b5d\",\"name\":\"Patagonia Ambiental\",\"description\":\"Andr\u00e9s Nievas T\u00e9cnico en manejo ambiental, consultor Ambiental y escritor para medios locales e internacionales sobre temas de geopolitica y medio ambiente.\",\"sameAs\":[\"http:\\\/\\\/www.patagoniambiental.com.ar\",\"https:\\\/\\\/www.facebook.com\\\/share\\\/1C1V8Gv9BX\\\/?mibextid=qi2Omg\",\"@patagoniambiental\",\"https:\\\/\\\/youtube.com\\\/@patagoniaambiental2023?si=BLt58t0wuXquxlYZ\"]}]}<\/script>\n<!-- \/ Yoast SEO Premium plugin. -->","yoast_head_json":{"title":"Fauna Neuquina Detiene a Pescadores Furtivos y Combate Riesgo de Incendios en Coll\u00f3n Cur\u00e1","description":"El pasado fin de semana, una operaci\u00f3n sorpresa realizada por la Direcci\u00f3n Provincial de Fauna y \u00c1reas Naturales Protegidas de Neuqu\u00e9n, en colaboraci\u00f3n con el Centro de Ecolog\u00eda Aplicada del Neuqu\u00e9n (CEAN), dio un fuerte golpe al delito en la regi\u00f3n del r\u00edo Coll\u00f3n Cur\u00e1. Durante el operativo, los guardafaunas lograron interceptar a varios pescadores furtivos y acampantes que se encontraban realizando actividades ilegales en la zona, lo que result\u00f3 en la labranza de 10 actas de infracci\u00f3n y la incautaci\u00f3n de 20 truchas, especie protegida en el \u00e1rea. Adem\u00e1s, se extinguieron cinco fogones mal apagados, los cuales representaban un riesgo considerable de incendios forestales.","robots":{"index":"index","follow":"follow","max-snippet":"max-snippet:-1","max-image-preview":"max-image-preview:large","max-video-preview":"max-video-preview:-1"},"canonical":"https:\/\/patagoniambiental.com.ar\/info\/fauna-neuquina-detiene-a-pescadores-furtivos-y-combate-riesgo-de-incendios-en-collon-cura\/","og_locale":"es_ES","og_type":"article","og_title":"Fauna Neuquina Detiene a Pescadores Furtivos y Combate Riesgo de Incendios en Coll\u00f3n Cur\u00e1","og_description":"El pasado fin de semana, una operaci\u00f3n sorpresa realizada por la Direcci\u00f3n Provincial de Fauna y \u00c1reas Naturales Protegidas de Neuqu\u00e9n, en colaboraci\u00f3n con el Centro de Ecolog\u00eda Aplicada del Neuqu\u00e9n (CEAN), dio un fuerte golpe al delito en la regi\u00f3n del r\u00edo Coll\u00f3n Cur\u00e1. Durante el operativo, los guardafaunas lograron interceptar a varios pescadores furtivos y acampantes que se encontraban realizando actividades ilegales en la zona, lo que result\u00f3 en la labranza de 10 actas de infracci\u00f3n y la incautaci\u00f3n de 20 truchas, especie protegida en el \u00e1rea. Adem\u00e1s, se extinguieron cinco fogones mal apagados, los cuales representaban un riesgo considerable de incendios forestales.","og_url":"https:\/\/patagoniambiental.com.ar\/info\/fauna-neuquina-detiene-a-pescadores-furtivos-y-combate-riesgo-de-incendios-en-collon-cura\/","og_site_name":"Patagonia Ambiental","article_publisher":"https:\/\/www.facebook.com\/patagonia.ambiental","article_author":"https:\/\/www.facebook.com\/share\/1C1V8Gv9BX\/?mibextid=qi2Omg","article_published_time":"2025-02-24T20:12:59+00:00","article_modified_time":"2025-05-04T19:10:07+00:00","og_image":[{"width":992,"height":558,"url":"https:\/\/patagoniambiental.com.ar\/info\/wp-content\/uploads\/2025\/02\/md-20.webp","type":"image\/webp"}],"author":"Patagonia Ambiental","twitter_card":"summary_large_image","twitter_creator":"@PatAmb","twitter_site":"@PatAmb","schema":{"@context":"https:\/\/schema.org","@graph":[{"@type":"Article","@id":"https:\/\/patagoniambiental.com.ar\/info\/fauna-neuquina-detiene-a-pescadores-furtivos-y-combate-riesgo-de-incendios-en-collon-cura\/#article","isPartOf":{"@id":"https:\/\/patagoniambiental.com.ar\/info\/fauna-neuquina-detiene-a-pescadores-furtivos-y-combate-riesgo-de-incendios-en-collon-cura\/"},"author":{"name":"Patagonia Ambiental","@id":"https:\/\/patagoniambiental.com.ar\/info\/#\/schema\/person\/db12bff64bbcbf6a253710bf0ea37b5d"},"headline":"Fauna Neuquina Detiene a Pescadores Furtivos y Combate Riesgo de Incendios en Coll\u00f3n Cur\u00e1","datePublished":"2025-02-24T20:12:59+00:00","dateModified":"2025-05-04T19:10:07+00:00","mainEntityOfPage":{"@id":"https:\/\/patagoniambiental.com.ar\/info\/fauna-neuquina-detiene-a-pescadores-furtivos-y-combate-riesgo-de-incendios-en-collon-cura\/"},"wordCount":508,"commentCount":0,"publisher":{"@id":"https:\/\/patagoniambiental.com.ar\/info\/#organization"},"image":{"@id":"https:\/\/patagoniambiental.com.ar\/info\/fauna-neuquina-detiene-a-pescadores-furtivos-y-combate-riesgo-de-incendios-en-collon-cura\/#primaryimage"},"thumbnailUrl":"https:\/\/patagoniambiental.com.ar\/info\/wp-content\/uploads\/2025\/02\/md-20.webp","articleSection":["Neuqu\u00e9n","Noticias","Provinciales"],"inLanguage":"es","potentialAction":[{"@type":"CommentAction","name":"Comment","target":["https:\/\/patagoniambiental.com.ar\/info\/fauna-neuquina-detiene-a-pescadores-furtivos-y-combate-riesgo-de-incendios-en-collon-cura\/#respond"]}]},{"@type":"WebPage","@id":"https:\/\/patagoniambiental.com.ar\/info\/fauna-neuquina-detiene-a-pescadores-furtivos-y-combate-riesgo-de-incendios-en-collon-cura\/","url":"https:\/\/patagoniambiental.com.ar\/info\/fauna-neuquina-detiene-a-pescadores-furtivos-y-combate-riesgo-de-incendios-en-collon-cura\/","name":"Fauna Neuquina Detiene a Pescadores Furtivos y Combate Riesgo de Incendios en Coll\u00f3n Cur\u00e1","isPartOf":{"@id":"https:\/\/patagoniambiental.com.ar\/info\/#website"},"primaryImageOfPage":{"@id":"https:\/\/patagoniambiental.com.ar\/info\/fauna-neuquina-detiene-a-pescadores-furtivos-y-combate-riesgo-de-incendios-en-collon-cura\/#primaryimage"},"image":{"@id":"https:\/\/patagoniambiental.com.ar\/info\/fauna-neuquina-detiene-a-pescadores-furtivos-y-combate-riesgo-de-incendios-en-collon-cura\/#primaryimage"},"thumbnailUrl":"https:\/\/patagoniambiental.com.ar\/info\/wp-content\/uploads\/2025\/02\/md-20.webp","datePublished":"2025-02-24T20:12:59+00:00","dateModified":"2025-05-04T19:10:07+00:00","description":"El pasado fin de semana, una operaci\u00f3n sorpresa realizada por la Direcci\u00f3n Provincial de Fauna y \u00c1reas Naturales Protegidas de Neuqu\u00e9n, en colaboraci\u00f3n con el Centro de Ecolog\u00eda Aplicada del Neuqu\u00e9n (CEAN), dio un fuerte golpe al delito en la regi\u00f3n del r\u00edo Coll\u00f3n Cur\u00e1. Durante el operativo, los guardafaunas lograron interceptar a varios pescadores furtivos y acampantes que se encontraban realizando actividades ilegales en la zona, lo que result\u00f3 en la labranza de 10 actas de infracci\u00f3n y la incautaci\u00f3n de 20 truchas, especie protegida en el \u00e1rea. Adem\u00e1s, se extinguieron cinco fogones mal apagados, los cuales representaban un riesgo considerable de incendios forestales.","breadcrumb":{"@id":"https:\/\/patagoniambiental.com.ar\/info\/fauna-neuquina-detiene-a-pescadores-furtivos-y-combate-riesgo-de-incendios-en-collon-cura\/#breadcrumb"},"inLanguage":"es","potentialAction":[{"@type":"ReadAction","target":["https:\/\/patagoniambiental.com.ar\/info\/fauna-neuquina-detiene-a-pescadores-furtivos-y-combate-riesgo-de-incendios-en-collon-cura\/"]}]},{"@type":"ImageObject","inLanguage":"es","@id":"https:\/\/patagoniambiental.com.ar\/info\/fauna-neuquina-detiene-a-pescadores-furtivos-y-combate-riesgo-de-incendios-en-collon-cura\/#primaryimage","url":"https:\/\/patagoniambiental.com.ar\/info\/wp-content\/uploads\/2025\/02\/md-20.webp","contentUrl":"https:\/\/patagoniambiental.com.ar\/info\/wp-content\/uploads\/2025\/02\/md-20.webp","width":992,"height":558},{"@type":"BreadcrumbList","@id":"https:\/\/patagoniambiental.com.ar\/info\/fauna-neuquina-detiene-a-pescadores-furtivos-y-combate-riesgo-de-incendios-en-collon-cura\/#breadcrumb","itemListElement":[{"@type":"ListItem","position":1,"name":"Inicio","item":"https:\/\/patagoniambiental.com.ar\/info\/"},{"@type":"ListItem","position":2,"name":"Fauna Neuquina Detiene a Pescadores Furtivos y Combate Riesgo de Incendios en Coll\u00f3n Cur\u00e1"}]},{"@type":"WebSite","@id":"https:\/\/patagoniambiental.com.ar\/info\/#website","url":"https:\/\/patagoniambiental.com.ar\/info\/","name":"Patagonia Ambiental","description":"Monitoreo y an\u00e1lisis de la situaci\u00f3n geopol\u00edtica en el mundo y su implicancia en la Patagonia","publisher":{"@id":"https:\/\/patagoniambiental.com.ar\/info\/#organization"},"potentialAction":[{"@type":"SearchAction","target":{"@type":"EntryPoint","urlTemplate":"https:\/\/patagoniambiental.com.ar\/info\/?s={search_term_string}"},"query-input":{"@type":"PropertyValueSpecification","valueRequired":true,"valueName":"search_term_string"}}],"inLanguage":"es"},{"@type":"Organization","@id":"https:\/\/patagoniambiental.com.ar\/info\/#organization","name":"Patagonia Ambiental","url":"https:\/\/patagoniambiental.com.ar\/info\/","logo":{"@type":"ImageObject","inLanguage":"es","@id":"https:\/\/patagoniambiental.com.ar\/info\/#\/schema\/logo\/image\/","url":"https:\/\/patagoniambiental.com.ar\/info\/wp-content\/uploads\/2025\/05\/LOGO-PATAGONIA-AMBIENTAL.png","contentUrl":"https:\/\/patagoniambiental.com.ar\/info\/wp-content\/uploads\/2025\/05\/LOGO-PATAGONIA-AMBIENTAL.png","width":433,"height":250,"caption":"Patagonia Ambiental"},"image":{"@id":"https:\/\/patagoniambiental.com.ar\/info\/#\/schema\/logo\/image\/"},"sameAs":["https:\/\/www.facebook.com\/patagonia.ambiental","https:\/\/x.com\/PatAmb"]},{"@type":"Person","@id":"https:\/\/patagoniambiental.com.ar\/info\/#\/schema\/person\/db12bff64bbcbf6a253710bf0ea37b5d","name":"Patagonia Ambiental","description":"Andr\u00e9s Nievas T\u00e9cnico en manejo ambiental, consultor Ambiental y escritor para medios locales e internacionales sobre temas de geopolitica y medio ambiente.","sameAs":["http:\/\/www.patagoniambiental.com.ar","https:\/\/www.facebook.com\/share\/1C1V8Gv9BX\/?mibextid=qi2Omg","@patagoniambiental","https:\/\/youtube.com\/@patagoniaambiental2023?si=BLt58t0wuXquxlYZ"]}]}},"_links":{"self":[{"href":"https:\/\/patagoniambiental.com.ar\/info\/wp-json\/wp\/v2\/posts\/93219","targetHints":{"allow":["GET"]}}],"collection":[{"href":"https:\/\/patagoniambiental.com.ar\/info\/wp-json\/wp\/v2\/posts"}],"about":[{"href":"https:\/\/patagoniambiental.com.ar\/info\/wp-json\/wp\/v2\/types\/post"}],"author":[{"embeddable":true,"href":"https:\/\/patagoniambiental.com.ar\/info\/wp-json\/wp\/v2\/users\/2"}],"replies":[{"embeddable":true,"href":"https:\/\/patagoniambiental.com.ar\/info\/wp-json\/wp\/v2\/comments?post=93219"}],"version-history":[{"count":0,"href":"https:\/\/patagoniambiental.com.ar\/info\/wp-json\/wp\/v2\/posts\/93219\/revisions"}],"wp:featuredmedia":[{"embeddable":true,"href":"https:\/\/patagoniambiental.com.ar\/info\/wp-json\/wp\/v2\/media\/93220"}],"wp:attachment":[{"href":"https:\/\/patagoniambiental.com.ar\/info\/wp-json\/wp\/v2\/media?parent=93219"}],"wp:term":[{"taxonomy":"category","embeddable":true,"href":"https:\/\/patagoniambiental.com.ar\/info\/wp-json\/wp\/v2\/categories?post=93219"},{"taxonomy":"post_tag","embeddable":true,"href":"https:\/\/patagoniambiental.com.ar\/info\/wp-json\/wp\/v2\/tags?post=93219"}],"curies":[{"name":"wp","href":"https:\/\/api.w.org\/{rel}","templated":true}]}}