{"id":93225,"date":"2025-02-25T12:51:51","date_gmt":"2025-02-25T15:51:51","guid":{"rendered":"https:\/\/patagoniambiental.com.ar\/info\/?p=93225"},"modified":"2025-05-04T16:10:05","modified_gmt":"2025-05-04T19:10:05","slug":"la-fiesta-nacional-del-rio-2025-colores-musica-y-cultura-en-viedma-este-finde-largo","status":"publish","type":"post","link":"https:\/\/patagoniambiental.com.ar\/info\/la-fiesta-nacional-del-rio-2025-colores-musica-y-cultura-en-viedma-este-finde-largo\/","title":{"rendered":"\u00a1La Fiesta Nacional del R\u00edo 2025: Colores, M\u00fasica y Cultura en Viedma este Finde Largo!"},"content":{"rendered":"\n<!--more-->\n\n\n\n<p>Viedma, 25 de febrero de 2025. Este fin de semana largo, Viedma se prepara para una celebraci\u00f3n \u00fanica y llena de vida con la esperada <strong>Fiesta Nacional del R\u00edo 2025<\/strong>. Desde el <strong>viernes 28 de febrero hasta el domingo 2 de marzo<\/strong>, la capital rionegrina rendir\u00e1 homenaje a su principal recurso h\u00eddrico en un evento imperdible para toda la familia.<\/p>\n\n\n\n<p>Ubicada en el Parque Ferreira, el centro de este festival ser\u00e1 un <strong>escenario de gran magnitud<\/strong> que albergar\u00e1 a artistas de renombre nacional e internacional. Entre los m\u00e1s destacados, se encuentran <strong>Las Pelotas<\/strong>, la banda ic\u00f3nica del rock argentino; <strong>Valentino Merlo<\/strong>, un joven talento que pisa fuerte en la escena musical, y <strong>La T y la M<\/strong>, quienes ofrecer\u00e1n shows vibrantes y llenos de energ\u00eda. Adem\u00e1s, la m\u00fasica local y regional se har\u00e1 escuchar, enriqueciendo a\u00fan m\u00e1s la oferta cultural del evento.<\/p>\n\n\n\n<p><a href=\"https:\/\/patagoniambiental.com.ar\/info\/editorial-noviembre-2017-hacia-una-fiesta-prvincial-del-rio-nero-por-andres-nievas\/\">Leer m\u00e1s: <strong>Hacia una Fiesta Provincial del R\u00edo Negro\/Por Andr\u00e9s Nievas<\/strong><\/a><br><\/p>\n\n\n\n<p><br><\/p>\n\n\n\n<p>Pero la Fiesta del R\u00edo no solo ser\u00e1 una celebraci\u00f3n musical. Este a\u00f1o, la festividad tambi\u00e9n contar\u00e1 con la participaci\u00f3n de artistas pl\u00e1sticos como <strong>San Spiga<\/strong>, <strong>Nas<\/strong>, <strong>Mae Zta<\/strong> y <strong>Gretchen Vasiloff<\/strong>, quienes exhibir\u00e1n sus obras en el predio del festival, brindando una mezcla de arte visual y sonoro que sorprender\u00e1 a los asistentes.<\/p>\n\n\n\n<p><strong>Vibrante, variada y llena de sorpresas<\/strong><\/p>\n\n\n\n<p>El evento tambi\u00e9n se llenar\u00e1 de magia gracias a las murgas, que aportar\u00e1n un aire <strong>carnavalesco<\/strong> a las jornadas, y a los homenajes a grandes figuras de la m\u00fasica popular argentina, quienes ser\u00e1n recordados con presentaciones especiales.<\/p>\n\n\n\n<p>Para quienes busquen algo m\u00e1s all\u00e1 de la m\u00fasica, la Fiesta del R\u00edo ofrecer\u00e1 <strong>propuestas recreativas y deportivas<\/strong> para grandes y chicos, garantizando entretenimiento para todos los gustos. Y si el hambre aprieta, no hay problema: el festival contar\u00e1 con un <strong>patio gastron\u00f3mico y cervecero<\/strong> repleto de opciones locales, para saborear lo mejor de la regi\u00f3n mientras se disfruta del ambiente festivo.<\/p>\n\n\n\n<p>Este evento es una oportunidad \u00fanica para conocer y disfrutar la cultura local y nacional en un entorno incomparable: <strong>a orillas del r\u00edo<\/strong>, con m\u00fasica, arte y gastronom\u00eda que har\u00e1n de este fin de semana largo un recuerdo inolvidable.<\/p>\n\n\n\n<p>As\u00ed que, <strong>prep\u00e1rate para vivir la Fiesta Nacional del R\u00edo 2025 en Viedma<\/strong>, una celebraci\u00f3n que promete mucho color, ritmo y diversi\u00f3n para todos. \u00a1No faltes!<\/p>\n","protected":false},"excerpt":{"rendered":"","protected":false},"author":2,"featured_media":93226,"comment_status":"open","ping_status":"open","sticky":false,"template":"","format":"standard","meta":{"site-sidebar-layout":"default","site-content-layout":"","ast-site-content-layout":"default","site-content-style":"default","site-sidebar-style":"default","ast-global-header-display":"","ast-banner-title-visibility":"","ast-main-header-display":"","ast-hfb-above-header-display":"","ast-hfb-below-header-display":"","ast-hfb-mobile-header-display":"","site-post-title":"","ast-breadcrumbs-content":"","ast-featured-img":"","footer-sml-layout":"","ast-disable-related-posts":"","theme-transparent-header-meta":"","adv-header-id-meta":"","stick-header-meta":"","header-above-stick-meta":"","header-main-stick-meta":"","header-below-stick-meta":"","astra-migrate-meta-layouts":"default","ast-page-background-enabled":"default","ast-page-background-meta":{"desktop":{"background-color":"var(--ast-global-color-5)","background-image":"","background-repeat":"repeat","background-position":"center center","background-size":"auto","background-attachment":"scroll","background-type":"","background-media":"","overlay-type":"","overlay-color":"","overlay-opacity":"","overlay-gradient":""},"tablet":{"background-color":"","background-image":"","background-repeat":"repeat","background-position":"center center","background-size":"auto","background-attachment":"scroll","background-type":"","background-media":"","overlay-type":"","overlay-color":"","overlay-opacity":"","overlay-gradient":""},"mobile":{"background-color":"","background-image":"","background-repeat":"repeat","background-position":"center center","background-size":"auto","background-attachment":"scroll","background-type":"","background-media":"","overlay-type":"","overlay-color":"","overlay-opacity":"","overlay-gradient":""}},"ast-content-background-meta":{"desktop":{"background-color":"var(--ast-global-color-4)","background-image":"","background-repeat":"repeat","background-position":"center center","background-size":"auto","background-attachment":"scroll","background-type":"","background-media":"","overlay-type":"","overlay-color":"","overlay-opacity":"","overlay-gradient":""},"tablet":{"background-color":"var(--ast-global-color-4)","background-image":"","background-repeat":"repeat","background-position":"center center","background-size":"auto","background-attachment":"scroll","background-type":"","background-media":"","overlay-type":"","overlay-color":"","overlay-opacity":"","overlay-gradient":""},"mobile":{"background-color":"var(--ast-global-color-4)","background-image":"","background-repeat":"repeat","background-position":"center center","background-size":"auto","background-attachment":"scroll","background-type":"","background-media":"","overlay-type":"","overlay-color":"","overlay-opacity":"","overlay-gradient":""}},"footnotes":""},"categories":[12,1,13,14],"tags":[],"class_list":["post-93225","post","type-post","status-publish","format-standard","has-post-thumbnail","hentry","category-agenda-ambiental","category-noticias","category-provinciales","category-rio-negro"],"yoast_head":"<!-- This site is optimized with the Yoast SEO Premium plugin v23.0 (Yoast SEO v27.5) - https:\/\/yoast.com\/product\/yoast-seo-premium-wordpress\/ -->\n<title>\u00a1La Fiesta Nacional del R\u00edo 2025: Colores, M\u00fasica y Cultura en Viedma este Finde Largo!<\/title>\n<meta name=\"description\" content=\"Este fin de semana largo, Viedma se prepara para una celebraci\u00f3n \u00fanica y llena de vida con la esperada Fiesta Nacional del R\u00edo 2025.\" \/>\n<meta name=\"robots\" content=\"index, follow, max-snippet:-1, max-image-preview:large, max-video-preview:-1\" \/>\n<link rel=\"canonical\" href=\"https:\/\/patagoniambiental.com.ar\/info\/la-fiesta-nacional-del-rio-2025-colores-musica-y-cultura-en-viedma-este-finde-largo\/\" \/>\n<meta property=\"og:locale\" content=\"es_ES\" \/>\n<meta property=\"og:type\" content=\"article\" \/>\n<meta property=\"og:title\" content=\"\u00a1La Fiesta Nacional del R\u00edo 2025: Colores, M\u00fasica y Cultura en Viedma este Finde Largo!\" \/>\n<meta property=\"og:description\" content=\"Este fin de semana largo, Viedma se prepara para una celebraci\u00f3n \u00fanica y llena de vida con la esperada Fiesta Nacional del R\u00edo 2025.\" \/>\n<meta property=\"og:url\" content=\"https:\/\/patagoniambiental.com.ar\/info\/la-fiesta-nacional-del-rio-2025-colores-musica-y-cultura-en-viedma-este-finde-largo\/\" \/>\n<meta property=\"og:site_name\" content=\"Patagonia Ambiental\" \/>\n<meta property=\"article:publisher\" content=\"https:\/\/www.facebook.com\/patagonia.ambiental\" \/>\n<meta property=\"article:author\" content=\"https:\/\/www.facebook.com\/share\/1C1V8Gv9BX\/?mibextid=qi2Omg\" \/>\n<meta property=\"article:published_time\" content=\"2025-02-25T15:51:51+00:00\" \/>\n<meta property=\"article:modified_time\" content=\"2025-05-04T19:10:05+00:00\" \/>\n<meta property=\"og:image\" content=\"https:\/\/patagoniambiental.com.ar\/info\/wp-content\/uploads\/2025\/02\/1740417823-42df90e21e3f54fb3f4e.jpeg\" \/>\n\t<meta property=\"og:image:width\" content=\"1080\" \/>\n\t<meta property=\"og:image:height\" content=\"607\" \/>\n\t<meta property=\"og:image:type\" content=\"image\/jpeg\" \/>\n<meta name=\"author\" content=\"Patagonia Ambiental\" \/>\n<meta name=\"twitter:card\" content=\"summary_large_image\" \/>\n<meta name=\"twitter:creator\" content=\"@PatAmb\" \/>\n<meta name=\"twitter:site\" content=\"@PatAmb\" \/>\n<script type=\"application\/ld+json\" class=\"yoast-schema-graph\">{\"@context\":\"https:\\\/\\\/schema.org\",\"@graph\":[{\"@type\":\"Article\",\"@id\":\"https:\\\/\\\/patagoniambiental.com.ar\\\/info\\\/la-fiesta-nacional-del-rio-2025-colores-musica-y-cultura-en-viedma-este-finde-largo\\\/#article\",\"isPartOf\":{\"@id\":\"https:\\\/\\\/patagoniambiental.com.ar\\\/info\\\/la-fiesta-nacional-del-rio-2025-colores-musica-y-cultura-en-viedma-este-finde-largo\\\/\"},\"author\":{\"name\":\"Patagonia Ambiental\",\"@id\":\"https:\\\/\\\/patagoniambiental.com.ar\\\/info\\\/#\\\/schema\\\/person\\\/db12bff64bbcbf6a253710bf0ea37b5d\"},\"headline\":\"\u00a1La Fiesta Nacional del R\u00edo 2025: Colores, M\u00fasica y Cultura en Viedma este Finde Largo!\",\"datePublished\":\"2025-02-25T15:51:51+00:00\",\"dateModified\":\"2025-05-04T19:10:05+00:00\",\"mainEntityOfPage\":{\"@id\":\"https:\\\/\\\/patagoniambiental.com.ar\\\/info\\\/la-fiesta-nacional-del-rio-2025-colores-musica-y-cultura-en-viedma-este-finde-largo\\\/\"},\"wordCount\":426,\"commentCount\":0,\"publisher\":{\"@id\":\"https:\\\/\\\/patagoniambiental.com.ar\\\/info\\\/#organization\"},\"image\":{\"@id\":\"https:\\\/\\\/patagoniambiental.com.ar\\\/info\\\/la-fiesta-nacional-del-rio-2025-colores-musica-y-cultura-en-viedma-este-finde-largo\\\/#primaryimage\"},\"thumbnailUrl\":\"https:\\\/\\\/patagoniambiental.com.ar\\\/info\\\/wp-content\\\/uploads\\\/2025\\\/02\\\/1740417823-42df90e21e3f54fb3f4e.jpeg\",\"articleSection\":[\"Agenda Ambiental\",\"Noticias\",\"Provinciales\",\"R\u00edo Negro\"],\"inLanguage\":\"es\",\"potentialAction\":[{\"@type\":\"CommentAction\",\"name\":\"Comment\",\"target\":[\"https:\\\/\\\/patagoniambiental.com.ar\\\/info\\\/la-fiesta-nacional-del-rio-2025-colores-musica-y-cultura-en-viedma-este-finde-largo\\\/#respond\"]}]},{\"@type\":\"WebPage\",\"@id\":\"https:\\\/\\\/patagoniambiental.com.ar\\\/info\\\/la-fiesta-nacional-del-rio-2025-colores-musica-y-cultura-en-viedma-este-finde-largo\\\/\",\"url\":\"https:\\\/\\\/patagoniambiental.com.ar\\\/info\\\/la-fiesta-nacional-del-rio-2025-colores-musica-y-cultura-en-viedma-este-finde-largo\\\/\",\"name\":\"\u00a1La Fiesta Nacional del R\u00edo 2025: Colores, M\u00fasica y Cultura en Viedma este Finde Largo!\",\"isPartOf\":{\"@id\":\"https:\\\/\\\/patagoniambiental.com.ar\\\/info\\\/#website\"},\"primaryImageOfPage\":{\"@id\":\"https:\\\/\\\/patagoniambiental.com.ar\\\/info\\\/la-fiesta-nacional-del-rio-2025-colores-musica-y-cultura-en-viedma-este-finde-largo\\\/#primaryimage\"},\"image\":{\"@id\":\"https:\\\/\\\/patagoniambiental.com.ar\\\/info\\\/la-fiesta-nacional-del-rio-2025-colores-musica-y-cultura-en-viedma-este-finde-largo\\\/#primaryimage\"},\"thumbnailUrl\":\"https:\\\/\\\/patagoniambiental.com.ar\\\/info\\\/wp-content\\\/uploads\\\/2025\\\/02\\\/1740417823-42df90e21e3f54fb3f4e.jpeg\",\"datePublished\":\"2025-02-25T15:51:51+00:00\",\"dateModified\":\"2025-05-04T19:10:05+00:00\",\"description\":\"Este fin de semana largo, Viedma se prepara para una celebraci\u00f3n \u00fanica y llena de vida con la esperada Fiesta Nacional del R\u00edo 2025.\",\"breadcrumb\":{\"@id\":\"https:\\\/\\\/patagoniambiental.com.ar\\\/info\\\/la-fiesta-nacional-del-rio-2025-colores-musica-y-cultura-en-viedma-este-finde-largo\\\/#breadcrumb\"},\"inLanguage\":\"es\",\"potentialAction\":[{\"@type\":\"ReadAction\",\"target\":[\"https:\\\/\\\/patagoniambiental.com.ar\\\/info\\\/la-fiesta-nacional-del-rio-2025-colores-musica-y-cultura-en-viedma-este-finde-largo\\\/\"]}]},{\"@type\":\"ImageObject\",\"inLanguage\":\"es\",\"@id\":\"https:\\\/\\\/patagoniambiental.com.ar\\\/info\\\/la-fiesta-nacional-del-rio-2025-colores-musica-y-cultura-en-viedma-este-finde-largo\\\/#primaryimage\",\"url\":\"https:\\\/\\\/patagoniambiental.com.ar\\\/info\\\/wp-content\\\/uploads\\\/2025\\\/02\\\/1740417823-42df90e21e3f54fb3f4e.jpeg\",\"contentUrl\":\"https:\\\/\\\/patagoniambiental.com.ar\\\/info\\\/wp-content\\\/uploads\\\/2025\\\/02\\\/1740417823-42df90e21e3f54fb3f4e.jpeg\",\"width\":1080,\"height\":607},{\"@type\":\"BreadcrumbList\",\"@id\":\"https:\\\/\\\/patagoniambiental.com.ar\\\/info\\\/la-fiesta-nacional-del-rio-2025-colores-musica-y-cultura-en-viedma-este-finde-largo\\\/#breadcrumb\",\"itemListElement\":[{\"@type\":\"ListItem\",\"position\":1,\"name\":\"Inicio\",\"item\":\"https:\\\/\\\/patagoniambiental.com.ar\\\/info\\\/\"},{\"@type\":\"ListItem\",\"position\":2,\"name\":\"\u00a1La Fiesta Nacional del R\u00edo 2025: Colores, M\u00fasica y Cultura en Viedma este Finde Largo!\"}]},{\"@type\":\"WebSite\",\"@id\":\"https:\\\/\\\/patagoniambiental.com.ar\\\/info\\\/#website\",\"url\":\"https:\\\/\\\/patagoniambiental.com.ar\\\/info\\\/\",\"name\":\"Patagonia Ambiental\",\"description\":\"Monitoreo y an\u00e1lisis de la situaci\u00f3n geopol\u00edtica en el mundo y su implicancia en la Patagonia\",\"publisher\":{\"@id\":\"https:\\\/\\\/patagoniambiental.com.ar\\\/info\\\/#organization\"},\"potentialAction\":[{\"@type\":\"SearchAction\",\"target\":{\"@type\":\"EntryPoint\",\"urlTemplate\":\"https:\\\/\\\/patagoniambiental.com.ar\\\/info\\\/?s={search_term_string}\"},\"query-input\":{\"@type\":\"PropertyValueSpecification\",\"valueRequired\":true,\"valueName\":\"search_term_string\"}}],\"inLanguage\":\"es\"},{\"@type\":\"Organization\",\"@id\":\"https:\\\/\\\/patagoniambiental.com.ar\\\/info\\\/#organization\",\"name\":\"Patagonia Ambiental\",\"url\":\"https:\\\/\\\/patagoniambiental.com.ar\\\/info\\\/\",\"logo\":{\"@type\":\"ImageObject\",\"inLanguage\":\"es\",\"@id\":\"https:\\\/\\\/patagoniambiental.com.ar\\\/info\\\/#\\\/schema\\\/logo\\\/image\\\/\",\"url\":\"https:\\\/\\\/patagoniambiental.com.ar\\\/info\\\/wp-content\\\/uploads\\\/2025\\\/05\\\/LOGO-PATAGONIA-AMBIENTAL.png\",\"contentUrl\":\"https:\\\/\\\/patagoniambiental.com.ar\\\/info\\\/wp-content\\\/uploads\\\/2025\\\/05\\\/LOGO-PATAGONIA-AMBIENTAL.png\",\"width\":433,\"height\":250,\"caption\":\"Patagonia Ambiental\"},\"image\":{\"@id\":\"https:\\\/\\\/patagoniambiental.com.ar\\\/info\\\/#\\\/schema\\\/logo\\\/image\\\/\"},\"sameAs\":[\"https:\\\/\\\/www.facebook.com\\\/patagonia.ambiental\",\"https:\\\/\\\/x.com\\\/PatAmb\"]},{\"@type\":\"Person\",\"@id\":\"https:\\\/\\\/patagoniambiental.com.ar\\\/info\\\/#\\\/schema\\\/person\\\/db12bff64bbcbf6a253710bf0ea37b5d\",\"name\":\"Patagonia Ambiental\",\"description\":\"Andr\u00e9s Nievas T\u00e9cnico en manejo ambiental, consultor Ambiental y escritor para medios locales e internacionales sobre temas de geopolitica y medio ambiente.\",\"sameAs\":[\"http:\\\/\\\/www.patagoniambiental.com.ar\",\"https:\\\/\\\/www.facebook.com\\\/share\\\/1C1V8Gv9BX\\\/?mibextid=qi2Omg\",\"@patagoniambiental\",\"https:\\\/\\\/youtube.com\\\/@patagoniaambiental2023?si=BLt58t0wuXquxlYZ\"]}]}<\/script>\n<!-- \/ Yoast SEO Premium plugin. -->","yoast_head_json":{"title":"\u00a1La Fiesta Nacional del R\u00edo 2025: Colores, M\u00fasica y Cultura en Viedma este Finde Largo!","description":"Este fin de semana largo, Viedma se prepara para una celebraci\u00f3n \u00fanica y llena de vida con la esperada Fiesta Nacional del R\u00edo 2025.","robots":{"index":"index","follow":"follow","max-snippet":"max-snippet:-1","max-image-preview":"max-image-preview:large","max-video-preview":"max-video-preview:-1"},"canonical":"https:\/\/patagoniambiental.com.ar\/info\/la-fiesta-nacional-del-rio-2025-colores-musica-y-cultura-en-viedma-este-finde-largo\/","og_locale":"es_ES","og_type":"article","og_title":"\u00a1La Fiesta Nacional del R\u00edo 2025: Colores, M\u00fasica y Cultura en Viedma este Finde Largo!","og_description":"Este fin de semana largo, Viedma se prepara para una celebraci\u00f3n \u00fanica y llena de vida con la esperada Fiesta Nacional del R\u00edo 2025.","og_url":"https:\/\/patagoniambiental.com.ar\/info\/la-fiesta-nacional-del-rio-2025-colores-musica-y-cultura-en-viedma-este-finde-largo\/","og_site_name":"Patagonia Ambiental","article_publisher":"https:\/\/www.facebook.com\/patagonia.ambiental","article_author":"https:\/\/www.facebook.com\/share\/1C1V8Gv9BX\/?mibextid=qi2Omg","article_published_time":"2025-02-25T15:51:51+00:00","article_modified_time":"2025-05-04T19:10:05+00:00","og_image":[{"width":1080,"height":607,"url":"https:\/\/patagoniambiental.com.ar\/info\/wp-content\/uploads\/2025\/02\/1740417823-42df90e21e3f54fb3f4e.jpeg","type":"image\/jpeg"}],"author":"Patagonia Ambiental","twitter_card":"summary_large_image","twitter_creator":"@PatAmb","twitter_site":"@PatAmb","schema":{"@context":"https:\/\/schema.org","@graph":[{"@type":"Article","@id":"https:\/\/patagoniambiental.com.ar\/info\/la-fiesta-nacional-del-rio-2025-colores-musica-y-cultura-en-viedma-este-finde-largo\/#article","isPartOf":{"@id":"https:\/\/patagoniambiental.com.ar\/info\/la-fiesta-nacional-del-rio-2025-colores-musica-y-cultura-en-viedma-este-finde-largo\/"},"author":{"name":"Patagonia Ambiental","@id":"https:\/\/patagoniambiental.com.ar\/info\/#\/schema\/person\/db12bff64bbcbf6a253710bf0ea37b5d"},"headline":"\u00a1La Fiesta Nacional del R\u00edo 2025: Colores, M\u00fasica y Cultura en Viedma este Finde Largo!","datePublished":"2025-02-25T15:51:51+00:00","dateModified":"2025-05-04T19:10:05+00:00","mainEntityOfPage":{"@id":"https:\/\/patagoniambiental.com.ar\/info\/la-fiesta-nacional-del-rio-2025-colores-musica-y-cultura-en-viedma-este-finde-largo\/"},"wordCount":426,"commentCount":0,"publisher":{"@id":"https:\/\/patagoniambiental.com.ar\/info\/#organization"},"image":{"@id":"https:\/\/patagoniambiental.com.ar\/info\/la-fiesta-nacional-del-rio-2025-colores-musica-y-cultura-en-viedma-este-finde-largo\/#primaryimage"},"thumbnailUrl":"https:\/\/patagoniambiental.com.ar\/info\/wp-content\/uploads\/2025\/02\/1740417823-42df90e21e3f54fb3f4e.jpeg","articleSection":["Agenda Ambiental","Noticias","Provinciales","R\u00edo Negro"],"inLanguage":"es","potentialAction":[{"@type":"CommentAction","name":"Comment","target":["https:\/\/patagoniambiental.com.ar\/info\/la-fiesta-nacional-del-rio-2025-colores-musica-y-cultura-en-viedma-este-finde-largo\/#respond"]}]},{"@type":"WebPage","@id":"https:\/\/patagoniambiental.com.ar\/info\/la-fiesta-nacional-del-rio-2025-colores-musica-y-cultura-en-viedma-este-finde-largo\/","url":"https:\/\/patagoniambiental.com.ar\/info\/la-fiesta-nacional-del-rio-2025-colores-musica-y-cultura-en-viedma-este-finde-largo\/","name":"\u00a1La Fiesta Nacional del R\u00edo 2025: Colores, M\u00fasica y Cultura en Viedma este Finde Largo!","isPartOf":{"@id":"https:\/\/patagoniambiental.com.ar\/info\/#website"},"primaryImageOfPage":{"@id":"https:\/\/patagoniambiental.com.ar\/info\/la-fiesta-nacional-del-rio-2025-colores-musica-y-cultura-en-viedma-este-finde-largo\/#primaryimage"},"image":{"@id":"https:\/\/patagoniambiental.com.ar\/info\/la-fiesta-nacional-del-rio-2025-colores-musica-y-cultura-en-viedma-este-finde-largo\/#primaryimage"},"thumbnailUrl":"https:\/\/patagoniambiental.com.ar\/info\/wp-content\/uploads\/2025\/02\/1740417823-42df90e21e3f54fb3f4e.jpeg","datePublished":"2025-02-25T15:51:51+00:00","dateModified":"2025-05-04T19:10:05+00:00","description":"Este fin de semana largo, Viedma se prepara para una celebraci\u00f3n \u00fanica y llena de vida con la esperada Fiesta Nacional del R\u00edo 2025.","breadcrumb":{"@id":"https:\/\/patagoniambiental.com.ar\/info\/la-fiesta-nacional-del-rio-2025-colores-musica-y-cultura-en-viedma-este-finde-largo\/#breadcrumb"},"inLanguage":"es","potentialAction":[{"@type":"ReadAction","target":["https:\/\/patagoniambiental.com.ar\/info\/la-fiesta-nacional-del-rio-2025-colores-musica-y-cultura-en-viedma-este-finde-largo\/"]}]},{"@type":"ImageObject","inLanguage":"es","@id":"https:\/\/patagoniambiental.com.ar\/info\/la-fiesta-nacional-del-rio-2025-colores-musica-y-cultura-en-viedma-este-finde-largo\/#primaryimage","url":"https:\/\/patagoniambiental.com.ar\/info\/wp-content\/uploads\/2025\/02\/1740417823-42df90e21e3f54fb3f4e.jpeg","contentUrl":"https:\/\/patagoniambiental.com.ar\/info\/wp-content\/uploads\/2025\/02\/1740417823-42df90e21e3f54fb3f4e.jpeg","width":1080,"height":607},{"@type":"BreadcrumbList","@id":"https:\/\/patagoniambiental.com.ar\/info\/la-fiesta-nacional-del-rio-2025-colores-musica-y-cultura-en-viedma-este-finde-largo\/#breadcrumb","itemListElement":[{"@type":"ListItem","position":1,"name":"Inicio","item":"https:\/\/patagoniambiental.com.ar\/info\/"},{"@type":"ListItem","position":2,"name":"\u00a1La Fiesta Nacional del R\u00edo 2025: Colores, M\u00fasica y Cultura en Viedma este Finde Largo!"}]},{"@type":"WebSite","@id":"https:\/\/patagoniambiental.com.ar\/info\/#website","url":"https:\/\/patagoniambiental.com.ar\/info\/","name":"Patagonia Ambiental","description":"Monitoreo y an\u00e1lisis de la situaci\u00f3n geopol\u00edtica en el mundo y su implicancia en la Patagonia","publisher":{"@id":"https:\/\/patagoniambiental.com.ar\/info\/#organization"},"potentialAction":[{"@type":"SearchAction","target":{"@type":"EntryPoint","urlTemplate":"https:\/\/patagoniambiental.com.ar\/info\/?s={search_term_string}"},"query-input":{"@type":"PropertyValueSpecification","valueRequired":true,"valueName":"search_term_string"}}],"inLanguage":"es"},{"@type":"Organization","@id":"https:\/\/patagoniambiental.com.ar\/info\/#organization","name":"Patagonia Ambiental","url":"https:\/\/patagoniambiental.com.ar\/info\/","logo":{"@type":"ImageObject","inLanguage":"es","@id":"https:\/\/patagoniambiental.com.ar\/info\/#\/schema\/logo\/image\/","url":"https:\/\/patagoniambiental.com.ar\/info\/wp-content\/uploads\/2025\/05\/LOGO-PATAGONIA-AMBIENTAL.png","contentUrl":"https:\/\/patagoniambiental.com.ar\/info\/wp-content\/uploads\/2025\/05\/LOGO-PATAGONIA-AMBIENTAL.png","width":433,"height":250,"caption":"Patagonia Ambiental"},"image":{"@id":"https:\/\/patagoniambiental.com.ar\/info\/#\/schema\/logo\/image\/"},"sameAs":["https:\/\/www.facebook.com\/patagonia.ambiental","https:\/\/x.com\/PatAmb"]},{"@type":"Person","@id":"https:\/\/patagoniambiental.com.ar\/info\/#\/schema\/person\/db12bff64bbcbf6a253710bf0ea37b5d","name":"Patagonia Ambiental","description":"Andr\u00e9s Nievas T\u00e9cnico en manejo ambiental, consultor Ambiental y escritor para medios locales e internacionales sobre temas de geopolitica y medio ambiente.","sameAs":["http:\/\/www.patagoniambiental.com.ar","https:\/\/www.facebook.com\/share\/1C1V8Gv9BX\/?mibextid=qi2Omg","@patagoniambiental","https:\/\/youtube.com\/@patagoniaambiental2023?si=BLt58t0wuXquxlYZ"]}]}},"_links":{"self":[{"href":"https:\/\/patagoniambiental.com.ar\/info\/wp-json\/wp\/v2\/posts\/93225","targetHints":{"allow":["GET"]}}],"collection":[{"href":"https:\/\/patagoniambiental.com.ar\/info\/wp-json\/wp\/v2\/posts"}],"about":[{"href":"https:\/\/patagoniambiental.com.ar\/info\/wp-json\/wp\/v2\/types\/post"}],"author":[{"embeddable":true,"href":"https:\/\/patagoniambiental.com.ar\/info\/wp-json\/wp\/v2\/users\/2"}],"replies":[{"embeddable":true,"href":"https:\/\/patagoniambiental.com.ar\/info\/wp-json\/wp\/v2\/comments?post=93225"}],"version-history":[{"count":0,"href":"https:\/\/patagoniambiental.com.ar\/info\/wp-json\/wp\/v2\/posts\/93225\/revisions"}],"wp:featuredmedia":[{"embeddable":true,"href":"https:\/\/patagoniambiental.com.ar\/info\/wp-json\/wp\/v2\/media\/93226"}],"wp:attachment":[{"href":"https:\/\/patagoniambiental.com.ar\/info\/wp-json\/wp\/v2\/media?parent=93225"}],"wp:term":[{"taxonomy":"category","embeddable":true,"href":"https:\/\/patagoniambiental.com.ar\/info\/wp-json\/wp\/v2\/categories?post=93225"},{"taxonomy":"post_tag","embeddable":true,"href":"https:\/\/patagoniambiental.com.ar\/info\/wp-json\/wp\/v2\/tags?post=93225"}],"curies":[{"name":"wp","href":"https:\/\/api.w.org\/{rel}","templated":true}]}}