{"id":93235,"date":"2025-02-26T00:37:52","date_gmt":"2025-02-26T03:37:52","guid":{"rendered":"https:\/\/patagoniambiental.com.ar\/info\/?p=93235"},"modified":"2025-05-04T16:10:04","modified_gmt":"2025-05-04T19:10:04","slug":"escuelas-rurales-de-neuquen-impulsan-proyectos-ancestrales-en-la-feria-nacional-de-ciencias-2025","status":"publish","type":"post","link":"https:\/\/patagoniambiental.com.ar\/info\/escuelas-rurales-de-neuquen-impulsan-proyectos-ancestrales-en-la-feria-nacional-de-ciencias-2025\/","title":{"rendered":"Escuelas Rurales de Neuqu\u00e9n Impulsan Proyectos Ancestrales en la Feria Nacional de Ciencias 2025"},"content":{"rendered":"\n<!--more-->\n\n\n\n<p>Neuqu\u00e9n, 25 de febrero de 2025. El camino hacia la Feria Nacional de Ciencias 2025 est\u00e1 marcando un hito para las escuelas rurales de Neuqu\u00e9n, destacando la creatividad y el saber ancestral del pueblo mapuche. Ocho proyectos provenientes de seis instituciones rurales de la provincia ser\u00e1n parte de la instancia zonal, que se desarrollar\u00e1 los d\u00edas 20 y 21 de marzo, con la posibilidad de clasificar a la feria nacional en abril, en Catamarca. Este evento marca un precedente importante, ya que por primera vez se han establecido instancias espec\u00edficas para escuelas que siguen el calendario escolar de septiembre a mayo.<\/p>\n\n\n\n<p>La Feria Nacional de Ciencias, una de las plataformas m\u00e1s importantes para la exhibici\u00f3n de proyectos educativos a nivel nacional, ha abierto su espacio para reconocer las tradiciones y el conocimiento ancestral de las comunidades mapuches. Estos proyectos no solo ponen en valor el aprendizaje cient\u00edfico, sino tambi\u00e9n las tradiciones milenarias que forman parte de la identidad cultural de la regi\u00f3n.<\/p>\n\n\n\n<h3 class=\"wp-block-heading\" id=\"h-proyectos-destacados-con-enfoque-mapuche\">Proyectos Destacados con Enfoque Mapuche<\/h3>\n\n\n\n<p>Entre los proyectos presentados, destacan varias iniciativas que rescatan saberes ancestrales mapuches, una de las tem\u00e1ticas centrales de la feria. Laura Torres, referente del programa de Feria Provincial de Ciencias y Tecnolog\u00eda del Ministerio de Educaci\u00f3n de Neuqu\u00e9n, subray\u00f3 que la participaci\u00f3n de estos proyectos es clave para dar visibilidad a la cultura originaria, promoviendo el respeto y el conocimiento de los pueblos ind\u00edgenas a trav\u00e9s de la ciencia.<\/p>\n\n\n\n<p><strong>Escuelas Participantes y sus Proyectos<\/strong><\/p>\n\n\n\n<p>Las seis escuelas rurales que han presentado proyectos para esta instancia zonal pertenecen a diversas localidades de la provincia. A continuaci\u00f3n, te contamos m\u00e1s sobre las propuestas:<\/p>\n\n\n\n<ul class=\"wp-block-list\">\n<li><strong>Escuela N\u00ba 287 de Nahuel Mapi Abajo (Jun\u00edn de los Andes)<\/strong>: Los estudiantes de esta escuela presentan dos proyectos innovadores: \u201cTalco de pa\u00f1il y mallo\u201d y \u201cCrema de pa\u00f1il y mallo\u201d, que buscan promover el uso de productos naturales en el cuidado infantil, basados en la sabidur\u00eda tradicional mapuche.<\/li>\n\n\n\n<li><strong>Centro de Educaci\u00f3n Integral (CEI) San Ignacio, Jun\u00edn de los Andes<\/strong>: Esta instituci\u00f3n apuesta por la ciencia aplicada a la predicci\u00f3n clim\u00e1tica con su proyecto \u201cDime qu\u00e9 nube ves y te dir\u00e9 si llover\u00e1 ma\u00f1ana\u201d, mientras que \u201cJaket Boom\u201d se enfoca en la creaci\u00f3n de un prototipo que aborda el uso sostenible de recursos.<\/li>\n\n\n\n<li><strong>CPEM N\u00ba 93 Ruca Choroy<\/strong>: Con su proyecto \u201cKme Llahue\u00f1\u201d (Buena Medicina), los estudiantes exploran las propiedades curativas de las plantas medicinales aut\u00f3ctonas, transmitiendo el conocimiento ancestral que preserva la comunidad mapuche.<\/li>\n\n\n\n<li><strong>Escuela N\u00ba 338 de Leuto Caballo (Tricao Malal)<\/strong>: Este proyecto, titulado \u201cNuestras tradiciones. Saberes de Leuto Caballo\u201d, pone en valor las costumbres y conocimientos tradicionales del pueblo mapuche en la regi\u00f3n de Leuto Caballo.<\/li>\n\n\n\n<li><strong>Escuela N\u00ba 130 de El Salitral (Jun\u00edn de los Andes)<\/strong>: El proyecto \u201cAyigun pugul rionto ruca\u201d aborda el estudio de la flora y fauna local, enfoc\u00e1ndose en la relaci\u00f3n simbi\u00f3tica entre el ser humano y la naturaleza en las comunidades mapuches.<\/li>\n\n\n\n<li><strong>Escuela N\u00ba 51 de Pilo Lil (Jun\u00edn de los Andes)<\/strong>: Con su propuesta \u201cAprendiendo wizun\u201d, los estudiantes promueven el conocimiento sobre las plantas medicinales, un pilar fundamental en la medicina tradicional mapuche.<\/li>\n<\/ul>\n\n\n\n<h3 class=\"wp-block-heading\" id=\"h-capacitacion-y-apoyo-para-la-participacion\">Capacitaci\u00f3n y Apoyo para la Participaci\u00f3n<\/h3>\n\n\n\n<p>Este a\u00f1o, las escuelas rurales tuvieron acceso a un programa de capacitaciones que prepar\u00f3 a los docentes orientadores para guiar a los estudiantes en la creaci\u00f3n de estos proyectos. Las capacitaciones se realizaron durante los meses de diciembre y enero, un paso clave para garantizar que los educadores estuvieran completamente preparados para motivar a sus estudiantes a participar en este tipo de eventos. Esta iniciativa ha sido recibida con entusiasmo, ya que responde a una demanda hist\u00f3rica de las instituciones rurales que, por sus calendarios escolares, no pod\u00edan unirse a la feria en ediciones anteriores.<\/p>\n\n\n\n<p>\u201cEs la primera vez que tenemos una instancia pensada exclusivamente para las escuelas rurales que siguen el calendario de septiembre a mayo, lo que nos ha permitido incluir a m\u00e1s instituciones que nunca antes hab\u00edan tenido la oportunidad de participar en estos eventos\u201d, explic\u00f3 Laura Torres.<\/p>\n\n\n\n<h3 class=\"wp-block-heading\" id=\"h-un-futuro-prometedor-para-las-escuelas-rurales\">Un Futuro Prometedor para las Escuelas Rurales<\/h3>\n\n\n\n<p>Este tipo de eventos no solo estimula la creatividad cient\u00edfica, sino que tambi\u00e9n fortalece el v\u00ednculo entre la educaci\u00f3n y la cultura local. La participaci\u00f3n de las escuelas rurales en la Feria Nacional de Ciencias 2025 simboliza un avance significativo en el reconocimiento y la preservaci\u00f3n de los saberes ancestrales del pueblo mapuche. Adem\u00e1s, la iniciativa muestra c\u00f3mo las pol\u00edticas p\u00fablicas pueden adaptarse para incluir a comunidades que hist\u00f3ricamente han quedado fuera de muchas oportunidades educativas y culturales.<\/p>\n\n\n\n<p>El 2025 promete ser un a\u00f1o de gran trascendencia para las escuelas rurales de Neuqu\u00e9n, cuyas propuestas no solo aportan al desarrollo de la ciencia, sino tambi\u00e9n a la valoraci\u00f3n y continuidad de los saberes tradicionales que enriquecen el patrimonio cultural de toda la regi\u00f3n.<\/p>\n\n\n\n<p><\/p>\n","protected":false},"excerpt":{"rendered":"","protected":false},"author":2,"featured_media":93236,"comment_status":"open","ping_status":"open","sticky":false,"template":"","format":"standard","meta":{"site-sidebar-layout":"default","site-content-layout":"","ast-site-content-layout":"default","site-content-style":"default","site-sidebar-style":"default","ast-global-header-display":"","ast-banner-title-visibility":"","ast-main-header-display":"","ast-hfb-above-header-display":"","ast-hfb-below-header-display":"","ast-hfb-mobile-header-display":"","site-post-title":"","ast-breadcrumbs-content":"","ast-featured-img":"","footer-sml-layout":"","ast-disable-related-posts":"","theme-transparent-header-meta":"","adv-header-id-meta":"","stick-header-meta":"","header-above-stick-meta":"","header-main-stick-meta":"","header-below-stick-meta":"","astra-migrate-meta-layouts":"default","ast-page-background-enabled":"default","ast-page-background-meta":{"desktop":{"background-color":"var(--ast-global-color-5)","background-image":"","background-repeat":"repeat","background-position":"center center","background-size":"auto","background-attachment":"scroll","background-type":"","background-media":"","overlay-type":"","overlay-color":"","overlay-opacity":"","overlay-gradient":""},"tablet":{"background-color":"","background-image":"","background-repeat":"repeat","background-position":"center center","background-size":"auto","background-attachment":"scroll","background-type":"","background-media":"","overlay-type":"","overlay-color":"","overlay-opacity":"","overlay-gradient":""},"mobile":{"background-color":"","background-image":"","background-repeat":"repeat","background-position":"center center","background-size":"auto","background-attachment":"scroll","background-type":"","background-media":"","overlay-type":"","overlay-color":"","overlay-opacity":"","overlay-gradient":""}},"ast-content-background-meta":{"desktop":{"background-color":"var(--ast-global-color-4)","background-image":"","background-repeat":"repeat","background-position":"center center","background-size":"auto","background-attachment":"scroll","background-type":"","background-media":"","overlay-type":"","overlay-color":"","overlay-opacity":"","overlay-gradient":""},"tablet":{"background-color":"var(--ast-global-color-4)","background-image":"","background-repeat":"repeat","background-position":"center center","background-size":"auto","background-attachment":"scroll","background-type":"","background-media":"","overlay-type":"","overlay-color":"","overlay-opacity":"","overlay-gradient":""},"mobile":{"background-color":"var(--ast-global-color-4)","background-image":"","background-repeat":"repeat","background-position":"center center","background-size":"auto","background-attachment":"scroll","background-type":"","background-media":"","overlay-type":"","overlay-color":"","overlay-opacity":"","overlay-gradient":""}},"footnotes":""},"categories":[18,1,13],"tags":[],"class_list":["post-93235","post","type-post","status-publish","format-standard","has-post-thumbnail","hentry","category-neuquen","category-noticias","category-provinciales"],"yoast_head":"<!-- This site is optimized with the Yoast SEO Premium plugin v23.0 (Yoast SEO v27.5) - https:\/\/yoast.com\/product\/yoast-seo-premium-wordpress\/ -->\n<title>Escuelas Rurales de Neuqu\u00e9n Impulsan Proyectos Ancestrales en la Feria Nacional de Ciencias 2025<\/title>\n<meta name=\"description\" content=\"El camino hacia la Feria Nacional de Ciencias 2025 est\u00e1 marcando un hito para las escuelas rurales de Neuqu\u00e9n, destacando la creatividad y el saber ancestral del pueblo mapuche. Ocho proyectos provenientes de seis instituciones rurales de la provincia ser\u00e1n parte de la instancia zonal, que se desarrollar\u00e1 los d\u00edas 20 y 21 de marzo, con la posibilidad de clasificar a la feria nacional en abril, en Catamarca.\" \/>\n<meta name=\"robots\" content=\"index, follow, max-snippet:-1, max-image-preview:large, max-video-preview:-1\" \/>\n<link rel=\"canonical\" href=\"https:\/\/patagoniambiental.com.ar\/info\/escuelas-rurales-de-neuquen-impulsan-proyectos-ancestrales-en-la-feria-nacional-de-ciencias-2025\/\" \/>\n<meta property=\"og:locale\" content=\"es_ES\" \/>\n<meta property=\"og:type\" content=\"article\" \/>\n<meta property=\"og:title\" content=\"Escuelas Rurales de Neuqu\u00e9n Impulsan Proyectos Ancestrales en la Feria Nacional de Ciencias 2025\" \/>\n<meta property=\"og:description\" content=\"El camino hacia la Feria Nacional de Ciencias 2025 est\u00e1 marcando un hito para las escuelas rurales de Neuqu\u00e9n, destacando la creatividad y el saber ancestral del pueblo mapuche. Ocho proyectos provenientes de seis instituciones rurales de la provincia ser\u00e1n parte de la instancia zonal, que se desarrollar\u00e1 los d\u00edas 20 y 21 de marzo, con la posibilidad de clasificar a la feria nacional en abril, en Catamarca.\" \/>\n<meta property=\"og:url\" content=\"https:\/\/patagoniambiental.com.ar\/info\/escuelas-rurales-de-neuquen-impulsan-proyectos-ancestrales-en-la-feria-nacional-de-ciencias-2025\/\" \/>\n<meta property=\"og:site_name\" content=\"Patagonia Ambiental\" \/>\n<meta property=\"article:publisher\" content=\"https:\/\/www.facebook.com\/patagonia.ambiental\" \/>\n<meta property=\"article:author\" content=\"https:\/\/www.facebook.com\/share\/1C1V8Gv9BX\/?mibextid=qi2Omg\" \/>\n<meta property=\"article:published_time\" content=\"2025-02-26T03:37:52+00:00\" \/>\n<meta property=\"article:modified_time\" content=\"2025-05-04T19:10:04+00:00\" \/>\n<meta property=\"og:image\" content=\"https:\/\/patagoniambiental.com.ar\/info\/wp-content\/uploads\/2025\/02\/md-21.webp\" \/>\n\t<meta property=\"og:image:width\" content=\"992\" \/>\n\t<meta property=\"og:image:height\" content=\"558\" \/>\n\t<meta property=\"og:image:type\" content=\"image\/webp\" \/>\n<meta name=\"author\" content=\"Patagonia Ambiental\" \/>\n<meta name=\"twitter:card\" content=\"summary_large_image\" \/>\n<meta name=\"twitter:creator\" content=\"@PatAmb\" \/>\n<meta name=\"twitter:site\" content=\"@PatAmb\" \/>\n<script type=\"application\/ld+json\" class=\"yoast-schema-graph\">{\"@context\":\"https:\\\/\\\/schema.org\",\"@graph\":[{\"@type\":\"Article\",\"@id\":\"https:\\\/\\\/patagoniambiental.com.ar\\\/info\\\/escuelas-rurales-de-neuquen-impulsan-proyectos-ancestrales-en-la-feria-nacional-de-ciencias-2025\\\/#article\",\"isPartOf\":{\"@id\":\"https:\\\/\\\/patagoniambiental.com.ar\\\/info\\\/escuelas-rurales-de-neuquen-impulsan-proyectos-ancestrales-en-la-feria-nacional-de-ciencias-2025\\\/\"},\"author\":{\"name\":\"Patagonia Ambiental\",\"@id\":\"https:\\\/\\\/patagoniambiental.com.ar\\\/info\\\/#\\\/schema\\\/person\\\/db12bff64bbcbf6a253710bf0ea37b5d\"},\"headline\":\"Escuelas Rurales de Neuqu\u00e9n Impulsan Proyectos Ancestrales en la Feria Nacional de Ciencias 2025\",\"datePublished\":\"2025-02-26T03:37:52+00:00\",\"dateModified\":\"2025-05-04T19:10:04+00:00\",\"mainEntityOfPage\":{\"@id\":\"https:\\\/\\\/patagoniambiental.com.ar\\\/info\\\/escuelas-rurales-de-neuquen-impulsan-proyectos-ancestrales-en-la-feria-nacional-de-ciencias-2025\\\/\"},\"wordCount\":850,\"commentCount\":0,\"publisher\":{\"@id\":\"https:\\\/\\\/patagoniambiental.com.ar\\\/info\\\/#organization\"},\"image\":{\"@id\":\"https:\\\/\\\/patagoniambiental.com.ar\\\/info\\\/escuelas-rurales-de-neuquen-impulsan-proyectos-ancestrales-en-la-feria-nacional-de-ciencias-2025\\\/#primaryimage\"},\"thumbnailUrl\":\"https:\\\/\\\/patagoniambiental.com.ar\\\/info\\\/wp-content\\\/uploads\\\/2025\\\/02\\\/md-21.webp\",\"articleSection\":[\"Neuqu\u00e9n\",\"Noticias\",\"Provinciales\"],\"inLanguage\":\"es\",\"potentialAction\":[{\"@type\":\"CommentAction\",\"name\":\"Comment\",\"target\":[\"https:\\\/\\\/patagoniambiental.com.ar\\\/info\\\/escuelas-rurales-de-neuquen-impulsan-proyectos-ancestrales-en-la-feria-nacional-de-ciencias-2025\\\/#respond\"]}]},{\"@type\":\"WebPage\",\"@id\":\"https:\\\/\\\/patagoniambiental.com.ar\\\/info\\\/escuelas-rurales-de-neuquen-impulsan-proyectos-ancestrales-en-la-feria-nacional-de-ciencias-2025\\\/\",\"url\":\"https:\\\/\\\/patagoniambiental.com.ar\\\/info\\\/escuelas-rurales-de-neuquen-impulsan-proyectos-ancestrales-en-la-feria-nacional-de-ciencias-2025\\\/\",\"name\":\"Escuelas Rurales de Neuqu\u00e9n Impulsan Proyectos Ancestrales en la Feria Nacional de Ciencias 2025\",\"isPartOf\":{\"@id\":\"https:\\\/\\\/patagoniambiental.com.ar\\\/info\\\/#website\"},\"primaryImageOfPage\":{\"@id\":\"https:\\\/\\\/patagoniambiental.com.ar\\\/info\\\/escuelas-rurales-de-neuquen-impulsan-proyectos-ancestrales-en-la-feria-nacional-de-ciencias-2025\\\/#primaryimage\"},\"image\":{\"@id\":\"https:\\\/\\\/patagoniambiental.com.ar\\\/info\\\/escuelas-rurales-de-neuquen-impulsan-proyectos-ancestrales-en-la-feria-nacional-de-ciencias-2025\\\/#primaryimage\"},\"thumbnailUrl\":\"https:\\\/\\\/patagoniambiental.com.ar\\\/info\\\/wp-content\\\/uploads\\\/2025\\\/02\\\/md-21.webp\",\"datePublished\":\"2025-02-26T03:37:52+00:00\",\"dateModified\":\"2025-05-04T19:10:04+00:00\",\"description\":\"El camino hacia la Feria Nacional de Ciencias 2025 est\u00e1 marcando un hito para las escuelas rurales de Neuqu\u00e9n, destacando la creatividad y el saber ancestral del pueblo mapuche. Ocho proyectos provenientes de seis instituciones rurales de la provincia ser\u00e1n parte de la instancia zonal, que se desarrollar\u00e1 los d\u00edas 20 y 21 de marzo, con la posibilidad de clasificar a la feria nacional en abril, en Catamarca.\",\"breadcrumb\":{\"@id\":\"https:\\\/\\\/patagoniambiental.com.ar\\\/info\\\/escuelas-rurales-de-neuquen-impulsan-proyectos-ancestrales-en-la-feria-nacional-de-ciencias-2025\\\/#breadcrumb\"},\"inLanguage\":\"es\",\"potentialAction\":[{\"@type\":\"ReadAction\",\"target\":[\"https:\\\/\\\/patagoniambiental.com.ar\\\/info\\\/escuelas-rurales-de-neuquen-impulsan-proyectos-ancestrales-en-la-feria-nacional-de-ciencias-2025\\\/\"]}]},{\"@type\":\"ImageObject\",\"inLanguage\":\"es\",\"@id\":\"https:\\\/\\\/patagoniambiental.com.ar\\\/info\\\/escuelas-rurales-de-neuquen-impulsan-proyectos-ancestrales-en-la-feria-nacional-de-ciencias-2025\\\/#primaryimage\",\"url\":\"https:\\\/\\\/patagoniambiental.com.ar\\\/info\\\/wp-content\\\/uploads\\\/2025\\\/02\\\/md-21.webp\",\"contentUrl\":\"https:\\\/\\\/patagoniambiental.com.ar\\\/info\\\/wp-content\\\/uploads\\\/2025\\\/02\\\/md-21.webp\",\"width\":992,\"height\":558},{\"@type\":\"BreadcrumbList\",\"@id\":\"https:\\\/\\\/patagoniambiental.com.ar\\\/info\\\/escuelas-rurales-de-neuquen-impulsan-proyectos-ancestrales-en-la-feria-nacional-de-ciencias-2025\\\/#breadcrumb\",\"itemListElement\":[{\"@type\":\"ListItem\",\"position\":1,\"name\":\"Inicio\",\"item\":\"https:\\\/\\\/patagoniambiental.com.ar\\\/info\\\/\"},{\"@type\":\"ListItem\",\"position\":2,\"name\":\"Escuelas Rurales de Neuqu\u00e9n Impulsan Proyectos Ancestrales en la Feria Nacional de Ciencias 2025\"}]},{\"@type\":\"WebSite\",\"@id\":\"https:\\\/\\\/patagoniambiental.com.ar\\\/info\\\/#website\",\"url\":\"https:\\\/\\\/patagoniambiental.com.ar\\\/info\\\/\",\"name\":\"Patagonia Ambiental\",\"description\":\"Monitoreo y an\u00e1lisis de la situaci\u00f3n geopol\u00edtica en el mundo y su implicancia en la Patagonia\",\"publisher\":{\"@id\":\"https:\\\/\\\/patagoniambiental.com.ar\\\/info\\\/#organization\"},\"potentialAction\":[{\"@type\":\"SearchAction\",\"target\":{\"@type\":\"EntryPoint\",\"urlTemplate\":\"https:\\\/\\\/patagoniambiental.com.ar\\\/info\\\/?s={search_term_string}\"},\"query-input\":{\"@type\":\"PropertyValueSpecification\",\"valueRequired\":true,\"valueName\":\"search_term_string\"}}],\"inLanguage\":\"es\"},{\"@type\":\"Organization\",\"@id\":\"https:\\\/\\\/patagoniambiental.com.ar\\\/info\\\/#organization\",\"name\":\"Patagonia Ambiental\",\"url\":\"https:\\\/\\\/patagoniambiental.com.ar\\\/info\\\/\",\"logo\":{\"@type\":\"ImageObject\",\"inLanguage\":\"es\",\"@id\":\"https:\\\/\\\/patagoniambiental.com.ar\\\/info\\\/#\\\/schema\\\/logo\\\/image\\\/\",\"url\":\"https:\\\/\\\/patagoniambiental.com.ar\\\/info\\\/wp-content\\\/uploads\\\/2025\\\/05\\\/LOGO-PATAGONIA-AMBIENTAL.png\",\"contentUrl\":\"https:\\\/\\\/patagoniambiental.com.ar\\\/info\\\/wp-content\\\/uploads\\\/2025\\\/05\\\/LOGO-PATAGONIA-AMBIENTAL.png\",\"width\":433,\"height\":250,\"caption\":\"Patagonia Ambiental\"},\"image\":{\"@id\":\"https:\\\/\\\/patagoniambiental.com.ar\\\/info\\\/#\\\/schema\\\/logo\\\/image\\\/\"},\"sameAs\":[\"https:\\\/\\\/www.facebook.com\\\/patagonia.ambiental\",\"https:\\\/\\\/x.com\\\/PatAmb\"]},{\"@type\":\"Person\",\"@id\":\"https:\\\/\\\/patagoniambiental.com.ar\\\/info\\\/#\\\/schema\\\/person\\\/db12bff64bbcbf6a253710bf0ea37b5d\",\"name\":\"Patagonia Ambiental\",\"description\":\"Andr\u00e9s Nievas T\u00e9cnico en manejo ambiental, consultor Ambiental y escritor para medios locales e internacionales sobre temas de geopolitica y medio ambiente.\",\"sameAs\":[\"http:\\\/\\\/www.patagoniambiental.com.ar\",\"https:\\\/\\\/www.facebook.com\\\/share\\\/1C1V8Gv9BX\\\/?mibextid=qi2Omg\",\"@patagoniambiental\",\"https:\\\/\\\/youtube.com\\\/@patagoniaambiental2023?si=BLt58t0wuXquxlYZ\"]}]}<\/script>\n<!-- \/ Yoast SEO Premium plugin. -->","yoast_head_json":{"title":"Escuelas Rurales de Neuqu\u00e9n Impulsan Proyectos Ancestrales en la Feria Nacional de Ciencias 2025","description":"El camino hacia la Feria Nacional de Ciencias 2025 est\u00e1 marcando un hito para las escuelas rurales de Neuqu\u00e9n, destacando la creatividad y el saber ancestral del pueblo mapuche. Ocho proyectos provenientes de seis instituciones rurales de la provincia ser\u00e1n parte de la instancia zonal, que se desarrollar\u00e1 los d\u00edas 20 y 21 de marzo, con la posibilidad de clasificar a la feria nacional en abril, en Catamarca.","robots":{"index":"index","follow":"follow","max-snippet":"max-snippet:-1","max-image-preview":"max-image-preview:large","max-video-preview":"max-video-preview:-1"},"canonical":"https:\/\/patagoniambiental.com.ar\/info\/escuelas-rurales-de-neuquen-impulsan-proyectos-ancestrales-en-la-feria-nacional-de-ciencias-2025\/","og_locale":"es_ES","og_type":"article","og_title":"Escuelas Rurales de Neuqu\u00e9n Impulsan Proyectos Ancestrales en la Feria Nacional de Ciencias 2025","og_description":"El camino hacia la Feria Nacional de Ciencias 2025 est\u00e1 marcando un hito para las escuelas rurales de Neuqu\u00e9n, destacando la creatividad y el saber ancestral del pueblo mapuche. Ocho proyectos provenientes de seis instituciones rurales de la provincia ser\u00e1n parte de la instancia zonal, que se desarrollar\u00e1 los d\u00edas 20 y 21 de marzo, con la posibilidad de clasificar a la feria nacional en abril, en Catamarca.","og_url":"https:\/\/patagoniambiental.com.ar\/info\/escuelas-rurales-de-neuquen-impulsan-proyectos-ancestrales-en-la-feria-nacional-de-ciencias-2025\/","og_site_name":"Patagonia Ambiental","article_publisher":"https:\/\/www.facebook.com\/patagonia.ambiental","article_author":"https:\/\/www.facebook.com\/share\/1C1V8Gv9BX\/?mibextid=qi2Omg","article_published_time":"2025-02-26T03:37:52+00:00","article_modified_time":"2025-05-04T19:10:04+00:00","og_image":[{"width":992,"height":558,"url":"https:\/\/patagoniambiental.com.ar\/info\/wp-content\/uploads\/2025\/02\/md-21.webp","type":"image\/webp"}],"author":"Patagonia Ambiental","twitter_card":"summary_large_image","twitter_creator":"@PatAmb","twitter_site":"@PatAmb","schema":{"@context":"https:\/\/schema.org","@graph":[{"@type":"Article","@id":"https:\/\/patagoniambiental.com.ar\/info\/escuelas-rurales-de-neuquen-impulsan-proyectos-ancestrales-en-la-feria-nacional-de-ciencias-2025\/#article","isPartOf":{"@id":"https:\/\/patagoniambiental.com.ar\/info\/escuelas-rurales-de-neuquen-impulsan-proyectos-ancestrales-en-la-feria-nacional-de-ciencias-2025\/"},"author":{"name":"Patagonia Ambiental","@id":"https:\/\/patagoniambiental.com.ar\/info\/#\/schema\/person\/db12bff64bbcbf6a253710bf0ea37b5d"},"headline":"Escuelas Rurales de Neuqu\u00e9n Impulsan Proyectos Ancestrales en la Feria Nacional de Ciencias 2025","datePublished":"2025-02-26T03:37:52+00:00","dateModified":"2025-05-04T19:10:04+00:00","mainEntityOfPage":{"@id":"https:\/\/patagoniambiental.com.ar\/info\/escuelas-rurales-de-neuquen-impulsan-proyectos-ancestrales-en-la-feria-nacional-de-ciencias-2025\/"},"wordCount":850,"commentCount":0,"publisher":{"@id":"https:\/\/patagoniambiental.com.ar\/info\/#organization"},"image":{"@id":"https:\/\/patagoniambiental.com.ar\/info\/escuelas-rurales-de-neuquen-impulsan-proyectos-ancestrales-en-la-feria-nacional-de-ciencias-2025\/#primaryimage"},"thumbnailUrl":"https:\/\/patagoniambiental.com.ar\/info\/wp-content\/uploads\/2025\/02\/md-21.webp","articleSection":["Neuqu\u00e9n","Noticias","Provinciales"],"inLanguage":"es","potentialAction":[{"@type":"CommentAction","name":"Comment","target":["https:\/\/patagoniambiental.com.ar\/info\/escuelas-rurales-de-neuquen-impulsan-proyectos-ancestrales-en-la-feria-nacional-de-ciencias-2025\/#respond"]}]},{"@type":"WebPage","@id":"https:\/\/patagoniambiental.com.ar\/info\/escuelas-rurales-de-neuquen-impulsan-proyectos-ancestrales-en-la-feria-nacional-de-ciencias-2025\/","url":"https:\/\/patagoniambiental.com.ar\/info\/escuelas-rurales-de-neuquen-impulsan-proyectos-ancestrales-en-la-feria-nacional-de-ciencias-2025\/","name":"Escuelas Rurales de Neuqu\u00e9n Impulsan Proyectos Ancestrales en la Feria Nacional de Ciencias 2025","isPartOf":{"@id":"https:\/\/patagoniambiental.com.ar\/info\/#website"},"primaryImageOfPage":{"@id":"https:\/\/patagoniambiental.com.ar\/info\/escuelas-rurales-de-neuquen-impulsan-proyectos-ancestrales-en-la-feria-nacional-de-ciencias-2025\/#primaryimage"},"image":{"@id":"https:\/\/patagoniambiental.com.ar\/info\/escuelas-rurales-de-neuquen-impulsan-proyectos-ancestrales-en-la-feria-nacional-de-ciencias-2025\/#primaryimage"},"thumbnailUrl":"https:\/\/patagoniambiental.com.ar\/info\/wp-content\/uploads\/2025\/02\/md-21.webp","datePublished":"2025-02-26T03:37:52+00:00","dateModified":"2025-05-04T19:10:04+00:00","description":"El camino hacia la Feria Nacional de Ciencias 2025 est\u00e1 marcando un hito para las escuelas rurales de Neuqu\u00e9n, destacando la creatividad y el saber ancestral del pueblo mapuche. Ocho proyectos provenientes de seis instituciones rurales de la provincia ser\u00e1n parte de la instancia zonal, que se desarrollar\u00e1 los d\u00edas 20 y 21 de marzo, con la posibilidad de clasificar a la feria nacional en abril, en Catamarca.","breadcrumb":{"@id":"https:\/\/patagoniambiental.com.ar\/info\/escuelas-rurales-de-neuquen-impulsan-proyectos-ancestrales-en-la-feria-nacional-de-ciencias-2025\/#breadcrumb"},"inLanguage":"es","potentialAction":[{"@type":"ReadAction","target":["https:\/\/patagoniambiental.com.ar\/info\/escuelas-rurales-de-neuquen-impulsan-proyectos-ancestrales-en-la-feria-nacional-de-ciencias-2025\/"]}]},{"@type":"ImageObject","inLanguage":"es","@id":"https:\/\/patagoniambiental.com.ar\/info\/escuelas-rurales-de-neuquen-impulsan-proyectos-ancestrales-en-la-feria-nacional-de-ciencias-2025\/#primaryimage","url":"https:\/\/patagoniambiental.com.ar\/info\/wp-content\/uploads\/2025\/02\/md-21.webp","contentUrl":"https:\/\/patagoniambiental.com.ar\/info\/wp-content\/uploads\/2025\/02\/md-21.webp","width":992,"height":558},{"@type":"BreadcrumbList","@id":"https:\/\/patagoniambiental.com.ar\/info\/escuelas-rurales-de-neuquen-impulsan-proyectos-ancestrales-en-la-feria-nacional-de-ciencias-2025\/#breadcrumb","itemListElement":[{"@type":"ListItem","position":1,"name":"Inicio","item":"https:\/\/patagoniambiental.com.ar\/info\/"},{"@type":"ListItem","position":2,"name":"Escuelas Rurales de Neuqu\u00e9n Impulsan Proyectos Ancestrales en la Feria Nacional de Ciencias 2025"}]},{"@type":"WebSite","@id":"https:\/\/patagoniambiental.com.ar\/info\/#website","url":"https:\/\/patagoniambiental.com.ar\/info\/","name":"Patagonia Ambiental","description":"Monitoreo y an\u00e1lisis de la situaci\u00f3n geopol\u00edtica en el mundo y su implicancia en la Patagonia","publisher":{"@id":"https:\/\/patagoniambiental.com.ar\/info\/#organization"},"potentialAction":[{"@type":"SearchAction","target":{"@type":"EntryPoint","urlTemplate":"https:\/\/patagoniambiental.com.ar\/info\/?s={search_term_string}"},"query-input":{"@type":"PropertyValueSpecification","valueRequired":true,"valueName":"search_term_string"}}],"inLanguage":"es"},{"@type":"Organization","@id":"https:\/\/patagoniambiental.com.ar\/info\/#organization","name":"Patagonia Ambiental","url":"https:\/\/patagoniambiental.com.ar\/info\/","logo":{"@type":"ImageObject","inLanguage":"es","@id":"https:\/\/patagoniambiental.com.ar\/info\/#\/schema\/logo\/image\/","url":"https:\/\/patagoniambiental.com.ar\/info\/wp-content\/uploads\/2025\/05\/LOGO-PATAGONIA-AMBIENTAL.png","contentUrl":"https:\/\/patagoniambiental.com.ar\/info\/wp-content\/uploads\/2025\/05\/LOGO-PATAGONIA-AMBIENTAL.png","width":433,"height":250,"caption":"Patagonia Ambiental"},"image":{"@id":"https:\/\/patagoniambiental.com.ar\/info\/#\/schema\/logo\/image\/"},"sameAs":["https:\/\/www.facebook.com\/patagonia.ambiental","https:\/\/x.com\/PatAmb"]},{"@type":"Person","@id":"https:\/\/patagoniambiental.com.ar\/info\/#\/schema\/person\/db12bff64bbcbf6a253710bf0ea37b5d","name":"Patagonia Ambiental","description":"Andr\u00e9s Nievas T\u00e9cnico en manejo ambiental, consultor Ambiental y escritor para medios locales e internacionales sobre temas de geopolitica y medio ambiente.","sameAs":["http:\/\/www.patagoniambiental.com.ar","https:\/\/www.facebook.com\/share\/1C1V8Gv9BX\/?mibextid=qi2Omg","@patagoniambiental","https:\/\/youtube.com\/@patagoniaambiental2023?si=BLt58t0wuXquxlYZ"]}]}},"_links":{"self":[{"href":"https:\/\/patagoniambiental.com.ar\/info\/wp-json\/wp\/v2\/posts\/93235","targetHints":{"allow":["GET"]}}],"collection":[{"href":"https:\/\/patagoniambiental.com.ar\/info\/wp-json\/wp\/v2\/posts"}],"about":[{"href":"https:\/\/patagoniambiental.com.ar\/info\/wp-json\/wp\/v2\/types\/post"}],"author":[{"embeddable":true,"href":"https:\/\/patagoniambiental.com.ar\/info\/wp-json\/wp\/v2\/users\/2"}],"replies":[{"embeddable":true,"href":"https:\/\/patagoniambiental.com.ar\/info\/wp-json\/wp\/v2\/comments?post=93235"}],"version-history":[{"count":0,"href":"https:\/\/patagoniambiental.com.ar\/info\/wp-json\/wp\/v2\/posts\/93235\/revisions"}],"wp:featuredmedia":[{"embeddable":true,"href":"https:\/\/patagoniambiental.com.ar\/info\/wp-json\/wp\/v2\/media\/93236"}],"wp:attachment":[{"href":"https:\/\/patagoniambiental.com.ar\/info\/wp-json\/wp\/v2\/media?parent=93235"}],"wp:term":[{"taxonomy":"category","embeddable":true,"href":"https:\/\/patagoniambiental.com.ar\/info\/wp-json\/wp\/v2\/categories?post=93235"},{"taxonomy":"post_tag","embeddable":true,"href":"https:\/\/patagoniambiental.com.ar\/info\/wp-json\/wp\/v2\/tags?post=93235"}],"curies":[{"name":"wp","href":"https:\/\/api.w.org\/{rel}","templated":true}]}}