{"id":93242,"date":"2025-02-26T10:30:00","date_gmt":"2025-02-26T13:30:00","guid":{"rendered":"https:\/\/patagoniambiental.com.ar\/info\/?p=93242"},"modified":"2025-05-04T16:10:03","modified_gmt":"2025-05-04T19:10:03","slug":"bariloche-se-prepara-para-una-nueva-jornada-de-limpieza-en-la-cuenca-del-nireco","status":"publish","type":"post","link":"https:\/\/patagoniambiental.com.ar\/info\/bariloche-se-prepara-para-una-nueva-jornada-de-limpieza-en-la-cuenca-del-nireco\/","title":{"rendered":"Bariloche se Prepara para una Nueva Jornada de Limpieza en la Cuenca del \u00d1ireco"},"content":{"rendered":"\n<!--more-->\n\n\n\n<p>Bariloche, Provincia de R\u00edo Negro, 26 de febrero de 2025. El pr\u00f3ximo 7 de marzo, San Carlos de Bariloche ser\u00e1 escenario de una nueva jornada de limpieza en la cuenca del \u00d1ireco, una iniciativa organizada por la <a href=\"https:\/\/barilocheinforma.gob.ar\/\">Municipalidad de Bariloche,<\/a> el <a href=\"https:\/\/dpa.rionegro.gov.ar\/\">Departamento Provincial de Aguas<\/a> (DPA), J\u00f3venes por Bariloche y San Jos\u00e9 Obrero. Este evento busca dar continuidad a un esfuerzo comunitario que se viene realizando con el fin de preservar uno de los espacios naturales m\u00e1s importantes de la ciudad.<\/p>\n\n\n\n<figure class=\"wp-block-image size-full is-resized\"><img fetchpriority=\"high\" decoding=\"async\" width=\"299\" height=\"168\" src=\"https:\/\/patagoniambiental.com.ar\/info\/wp-content\/uploads\/2025\/02\/1000134417.jpg\" alt=\"\" class=\"wp-image-93726\" style=\"width:610px;height:auto\"\/><\/figure>\n\n\n\n<p><a href=\"https:\/\/patagoniambiental.com.ar\/info\/bariloche-preparan-el-terreno-para-las-bases-del-nuevo-puente-del-arroyo-nireco\/\">Leer m\u00e1s: Bariloche: Preparan el terreno para las bases del nuevo puente del arroyo \u00d1ireco<\/a><\/p>\n\n\n\n<p>La cuenca del \u00d1ireco, que rodea el r\u00edo del mismo nombre, es un lugar frecuentado por los barilochenses y turistas que disfrutan de sus paisajes y la belleza de su vegetaci\u00f3n nativa. Sin embargo, la creciente contaminaci\u00f3n, en forma de pl\u00e1sticos, latas, botellas de vidrio y fogones mal apagados, ha puesto en peligro tanto el ecosistema como la seguridad de la zona. Las ramas secas y la basura acumulada generan un riesgo real de incendios, lo que podr\u00eda poner en peligro las viviendas cercanas y la flora aut\u00f3ctona.<\/p>\n\n\n\n<p><a href=\"https:\/\/patagoniambiental.com.ar\/info\/bariloche-impulsa-un-plan-de-remediacion-para-el-rio-nireco\/\">Leer m\u00e1s: Bariloche impulsa un plan de remediaci\u00f3n para el r\u00edo \u00d1ireco<\/a><\/p>\n\n\n\n<figure class=\"wp-block-image size-full\"><img decoding=\"async\" width=\"768\" height=\"512\" src=\"https:\/\/patagoniambiental.com.ar\/info\/wp-content\/uploads\/2025\/02\/1000134418.jpg\" alt=\"\" class=\"wp-image-93727\"\/><\/figure>\n\n\n\n<p>Este esfuerzo de limpieza, que alcanzar\u00e1 su octava edici\u00f3n, se ha convertido en un evento clave en la lucha por la conservaci\u00f3n del lugar. Adem\u00e1s, tiene como objetivo sensibilizar a la comunidad sobre la importancia de no dejar residuos en estos espacios naturales. \u00abLa basura no vuelve sola a casa\u00bb, aseguran los organizadores, haciendo un llamado a todos los barilochenses a sumarse a esta causa. No solo se trata de cuidar el entorno, sino tambi\u00e9n de proteger el agua potable que proviene de la cuenca, vital para el abastecimiento de los barrios del Alto de la ciudad.<\/p>\n\n\n\n<figure class=\"wp-block-image size-full\"><img decoding=\"async\" width=\"800\" height=\"600\" src=\"https:\/\/patagoniambiental.com.ar\/info\/wp-content\/uploads\/2025\/02\/1000134419.jpg\" alt=\"\" class=\"wp-image-93728\"\/><\/figure>\n\n\n\n<p>El evento de limpieza tambi\u00e9n forma parte de un plan m\u00e1s amplio que comenz\u00f3 en 2023 con la creaci\u00f3n de una mesa de trabajo que re\u00fane a m\u00e1s de 20 organizaciones. Entre ellas se encuentran el Municipio, el SPLIF, Parques Nacionales, la Asociaci\u00f3n ADAR, y universidades locales como la Universidad Nacional del Comahue y la Universidad Nacional de R\u00edo Negro. Estas instituciones han trabajado conjuntamente con el DPA para realizar un relevamiento exhaustivo de la zona, evaluando los puntos cr\u00edticos de contaminaci\u00f3n y proponiendo acciones para mitigar los da\u00f1os.<\/p>\n\n\n\n<p>El objetivo a largo plazo es no solo limpiar la cuenca, sino tambi\u00e9n restaurar y conservar el ecosistema de la regi\u00f3n. En este sentido, se est\u00e1n planificando futuras jornadas para la extracci\u00f3n de especies ex\u00f3ticas invasoras y la reforestaci\u00f3n con especies aut\u00f3ctonas. La participaci\u00f3n activa de la comunidad ser\u00e1 esencial para alcanzar estos objetivos, as\u00ed como para garantizar la protecci\u00f3n del espacio natural para las generaciones venideras.<\/p>\n\n\n\n<p>Entre los participantes destacados de este proyecto se encuentran Sof\u00eda Maggi, del \u00e1rea de Planeamiento de la Municipalidad; Patricia Hern\u00e1ndez, presidenta de la cooperativa J\u00f3venes por Bariloche; y Jenifer Navarro, tambi\u00e9n de J\u00f3venes por Bariloche. Tambi\u00e9n estuvieron presentes Mariana Tadey, investigadora del <a href=\"https:\/\/www.conicet.gov.ar\/\">CONICET<\/a> y coordinadora del nodo Patagonia de la Red de Restauraci\u00f3n Argentina.<\/p>\n\n\n\n<figure class=\"wp-block-embed is-type-video is-provider-youtube wp-block-embed-youtube wp-embed-aspect-16-9 wp-has-aspect-ratio\"><div class=\"wp-block-embed__wrapper\">\n<iframe title=\"JORNADA DE LIMPIEZA DEL ARROYO \u00d1IRECO.\" width=\"500\" height=\"281\" src=\"https:\/\/www.youtube.com\/embed\/kNStqVvcGRk?feature=oembed\" frameborder=\"0\" allow=\"accelerometer; autoplay; clipboard-write; encrypted-media; gyroscope; picture-in-picture; web-share\" referrerpolicy=\"strict-origin-when-cross-origin\" allowfullscreen><\/iframe>\n<\/div><\/figure>\n\n\n\n<p>La invitaci\u00f3n est\u00e1 abierta a toda la comunidad para sumarse a esta jornada de limpieza y colaborar en la preservaci\u00f3n de un entorno natural \u00fanico. El 7 de marzo se espera una gran participaci\u00f3n, con el objetivo de seguir avanzando en el cuidado del medio ambiente y garantizar un futuro m\u00e1s sustentable para Bariloche.<\/p>\n","protected":false},"excerpt":{"rendered":"","protected":false},"author":2,"featured_media":93243,"comment_status":"open","ping_status":"open","sticky":false,"template":"","format":"standard","meta":{"site-sidebar-layout":"default","site-content-layout":"","ast-site-content-layout":"default","site-content-style":"default","site-sidebar-style":"default","ast-global-header-display":"","ast-banner-title-visibility":"","ast-main-header-display":"","ast-hfb-above-header-display":"","ast-hfb-below-header-display":"","ast-hfb-mobile-header-display":"","site-post-title":"","ast-breadcrumbs-content":"","ast-featured-img":"","footer-sml-layout":"","ast-disable-related-posts":"","theme-transparent-header-meta":"","adv-header-id-meta":"","stick-header-meta":"","header-above-stick-meta":"","header-main-stick-meta":"","header-below-stick-meta":"","astra-migrate-meta-layouts":"default","ast-page-background-enabled":"default","ast-page-background-meta":{"desktop":{"background-color":"var(--ast-global-color-5)","background-image":"","background-repeat":"repeat","background-position":"center center","background-size":"auto","background-attachment":"scroll","background-type":"","background-media":"","overlay-type":"","overlay-color":"","overlay-opacity":"","overlay-gradient":""},"tablet":{"background-color":"","background-image":"","background-repeat":"repeat","background-position":"center center","background-size":"auto","background-attachment":"scroll","background-type":"","background-media":"","overlay-type":"","overlay-color":"","overlay-opacity":"","overlay-gradient":""},"mobile":{"background-color":"","background-image":"","background-repeat":"repeat","background-position":"center center","background-size":"auto","background-attachment":"scroll","background-type":"","background-media":"","overlay-type":"","overlay-color":"","overlay-opacity":"","overlay-gradient":""}},"ast-content-background-meta":{"desktop":{"background-color":"var(--ast-global-color-4)","background-image":"","background-repeat":"repeat","background-position":"center center","background-size":"auto","background-attachment":"scroll","background-type":"","background-media":"","overlay-type":"","overlay-color":"","overlay-opacity":"","overlay-gradient":""},"tablet":{"background-color":"var(--ast-global-color-4)","background-image":"","background-repeat":"repeat","background-position":"center center","background-size":"auto","background-attachment":"scroll","background-type":"","background-media":"","overlay-type":"","overlay-color":"","overlay-opacity":"","overlay-gradient":""},"mobile":{"background-color":"var(--ast-global-color-4)","background-image":"","background-repeat":"repeat","background-position":"center center","background-size":"auto","background-attachment":"scroll","background-type":"","background-media":"","overlay-type":"","overlay-color":"","overlay-opacity":"","overlay-gradient":""}},"footnotes":""},"categories":[16,1],"tags":[],"class_list":["post-93242","post","type-post","status-publish","format-standard","has-post-thumbnail","hentry","category-municipales","category-noticias"],"yoast_head":"<!-- This site is optimized with the Yoast SEO Premium plugin v23.0 (Yoast SEO v27.5) - https:\/\/yoast.com\/product\/yoast-seo-premium-wordpress\/ -->\n<title>Bariloche se Prepara para una Nueva Jornada de Limpieza en la Cuenca del \u00d1ireco<\/title>\n<meta name=\"description\" content=\"El pr\u00f3ximo 7 de marzo, San Carlos de Bariloche ser\u00e1 escenario de una nueva jornada de limpieza en la cuenca del \u00d1ireco, una iniciativa organizada por la Municipalidad de Bariloche, el Departamento Provincial de Aguas (DPA), J\u00f3venes por Bariloche y San Jos\u00e9 Obrero.\" \/>\n<meta name=\"robots\" content=\"index, follow, max-snippet:-1, max-image-preview:large, max-video-preview:-1\" \/>\n<link rel=\"canonical\" href=\"https:\/\/patagoniambiental.com.ar\/info\/bariloche-se-prepara-para-una-nueva-jornada-de-limpieza-en-la-cuenca-del-nireco\/\" \/>\n<meta property=\"og:locale\" content=\"es_ES\" \/>\n<meta property=\"og:type\" content=\"article\" \/>\n<meta property=\"og:title\" content=\"Bariloche se Prepara para una Nueva Jornada de Limpieza en la Cuenca del \u00d1ireco\" \/>\n<meta property=\"og:description\" content=\"El pr\u00f3ximo 7 de marzo, San Carlos de Bariloche ser\u00e1 escenario de una nueva jornada de limpieza en la cuenca del \u00d1ireco, una iniciativa organizada por la Municipalidad de Bariloche, el Departamento Provincial de Aguas (DPA), J\u00f3venes por Bariloche y San Jos\u00e9 Obrero.\" \/>\n<meta property=\"og:url\" content=\"https:\/\/patagoniambiental.com.ar\/info\/bariloche-se-prepara-para-una-nueva-jornada-de-limpieza-en-la-cuenca-del-nireco\/\" \/>\n<meta property=\"og:site_name\" content=\"Patagonia Ambiental\" \/>\n<meta property=\"article:publisher\" content=\"https:\/\/www.facebook.com\/patagonia.ambiental\" \/>\n<meta property=\"article:author\" content=\"https:\/\/www.facebook.com\/share\/1C1V8Gv9BX\/?mibextid=qi2Omg\" \/>\n<meta property=\"article:published_time\" content=\"2025-02-26T13:30:00+00:00\" \/>\n<meta property=\"article:modified_time\" content=\"2025-05-04T19:10:03+00:00\" \/>\n<meta property=\"og:image\" content=\"https:\/\/patagoniambiental.com.ar\/info\/wp-content\/uploads\/2025\/02\/d125cf91-f70d-4776-bcda-2ac1ac59723e-1536x1023.jpg\" \/>\n\t<meta property=\"og:image:width\" content=\"1536\" \/>\n\t<meta property=\"og:image:height\" content=\"1023\" \/>\n\t<meta property=\"og:image:type\" content=\"image\/jpeg\" \/>\n<meta name=\"author\" content=\"Patagonia Ambiental\" \/>\n<meta name=\"twitter:card\" content=\"summary_large_image\" \/>\n<meta name=\"twitter:creator\" content=\"@PatAmb\" \/>\n<meta name=\"twitter:site\" content=\"@PatAmb\" \/>\n<script type=\"application\/ld+json\" class=\"yoast-schema-graph\">{\"@context\":\"https:\\\/\\\/schema.org\",\"@graph\":[{\"@type\":\"Article\",\"@id\":\"https:\\\/\\\/patagoniambiental.com.ar\\\/info\\\/bariloche-se-prepara-para-una-nueva-jornada-de-limpieza-en-la-cuenca-del-nireco\\\/#article\",\"isPartOf\":{\"@id\":\"https:\\\/\\\/patagoniambiental.com.ar\\\/info\\\/bariloche-se-prepara-para-una-nueva-jornada-de-limpieza-en-la-cuenca-del-nireco\\\/\"},\"author\":{\"name\":\"Patagonia Ambiental\",\"@id\":\"https:\\\/\\\/patagoniambiental.com.ar\\\/info\\\/#\\\/schema\\\/person\\\/db12bff64bbcbf6a253710bf0ea37b5d\"},\"headline\":\"Bariloche se Prepara para una Nueva Jornada de Limpieza en la Cuenca del \u00d1ireco\",\"datePublished\":\"2025-02-26T13:30:00+00:00\",\"dateModified\":\"2025-05-04T19:10:03+00:00\",\"mainEntityOfPage\":{\"@id\":\"https:\\\/\\\/patagoniambiental.com.ar\\\/info\\\/bariloche-se-prepara-para-una-nueva-jornada-de-limpieza-en-la-cuenca-del-nireco\\\/\"},\"wordCount\":621,\"commentCount\":0,\"publisher\":{\"@id\":\"https:\\\/\\\/patagoniambiental.com.ar\\\/info\\\/#organization\"},\"image\":{\"@id\":\"https:\\\/\\\/patagoniambiental.com.ar\\\/info\\\/bariloche-se-prepara-para-una-nueva-jornada-de-limpieza-en-la-cuenca-del-nireco\\\/#primaryimage\"},\"thumbnailUrl\":\"https:\\\/\\\/patagoniambiental.com.ar\\\/info\\\/wp-content\\\/uploads\\\/2025\\\/02\\\/d125cf91-f70d-4776-bcda-2ac1ac59723e-1536x1023.jpg\",\"articleSection\":[\"Municipales\",\"Noticias\"],\"inLanguage\":\"es\",\"potentialAction\":[{\"@type\":\"CommentAction\",\"name\":\"Comment\",\"target\":[\"https:\\\/\\\/patagoniambiental.com.ar\\\/info\\\/bariloche-se-prepara-para-una-nueva-jornada-de-limpieza-en-la-cuenca-del-nireco\\\/#respond\"]}]},{\"@type\":\"WebPage\",\"@id\":\"https:\\\/\\\/patagoniambiental.com.ar\\\/info\\\/bariloche-se-prepara-para-una-nueva-jornada-de-limpieza-en-la-cuenca-del-nireco\\\/\",\"url\":\"https:\\\/\\\/patagoniambiental.com.ar\\\/info\\\/bariloche-se-prepara-para-una-nueva-jornada-de-limpieza-en-la-cuenca-del-nireco\\\/\",\"name\":\"Bariloche se Prepara para una Nueva Jornada de Limpieza en la Cuenca del \u00d1ireco\",\"isPartOf\":{\"@id\":\"https:\\\/\\\/patagoniambiental.com.ar\\\/info\\\/#website\"},\"primaryImageOfPage\":{\"@id\":\"https:\\\/\\\/patagoniambiental.com.ar\\\/info\\\/bariloche-se-prepara-para-una-nueva-jornada-de-limpieza-en-la-cuenca-del-nireco\\\/#primaryimage\"},\"image\":{\"@id\":\"https:\\\/\\\/patagoniambiental.com.ar\\\/info\\\/bariloche-se-prepara-para-una-nueva-jornada-de-limpieza-en-la-cuenca-del-nireco\\\/#primaryimage\"},\"thumbnailUrl\":\"https:\\\/\\\/patagoniambiental.com.ar\\\/info\\\/wp-content\\\/uploads\\\/2025\\\/02\\\/d125cf91-f70d-4776-bcda-2ac1ac59723e-1536x1023.jpg\",\"datePublished\":\"2025-02-26T13:30:00+00:00\",\"dateModified\":\"2025-05-04T19:10:03+00:00\",\"description\":\"El pr\u00f3ximo 7 de marzo, San Carlos de Bariloche ser\u00e1 escenario de una nueva jornada de limpieza en la cuenca del \u00d1ireco, una iniciativa organizada por la Municipalidad de Bariloche, el Departamento Provincial de Aguas (DPA), J\u00f3venes por Bariloche y San Jos\u00e9 Obrero.\",\"breadcrumb\":{\"@id\":\"https:\\\/\\\/patagoniambiental.com.ar\\\/info\\\/bariloche-se-prepara-para-una-nueva-jornada-de-limpieza-en-la-cuenca-del-nireco\\\/#breadcrumb\"},\"inLanguage\":\"es\",\"potentialAction\":[{\"@type\":\"ReadAction\",\"target\":[\"https:\\\/\\\/patagoniambiental.com.ar\\\/info\\\/bariloche-se-prepara-para-una-nueva-jornada-de-limpieza-en-la-cuenca-del-nireco\\\/\"]}]},{\"@type\":\"ImageObject\",\"inLanguage\":\"es\",\"@id\":\"https:\\\/\\\/patagoniambiental.com.ar\\\/info\\\/bariloche-se-prepara-para-una-nueva-jornada-de-limpieza-en-la-cuenca-del-nireco\\\/#primaryimage\",\"url\":\"https:\\\/\\\/patagoniambiental.com.ar\\\/info\\\/wp-content\\\/uploads\\\/2025\\\/02\\\/d125cf91-f70d-4776-bcda-2ac1ac59723e-1536x1023.jpg\",\"contentUrl\":\"https:\\\/\\\/patagoniambiental.com.ar\\\/info\\\/wp-content\\\/uploads\\\/2025\\\/02\\\/d125cf91-f70d-4776-bcda-2ac1ac59723e-1536x1023.jpg\",\"width\":901,\"height\":600},{\"@type\":\"BreadcrumbList\",\"@id\":\"https:\\\/\\\/patagoniambiental.com.ar\\\/info\\\/bariloche-se-prepara-para-una-nueva-jornada-de-limpieza-en-la-cuenca-del-nireco\\\/#breadcrumb\",\"itemListElement\":[{\"@type\":\"ListItem\",\"position\":1,\"name\":\"Inicio\",\"item\":\"https:\\\/\\\/patagoniambiental.com.ar\\\/info\\\/\"},{\"@type\":\"ListItem\",\"position\":2,\"name\":\"Bariloche se Prepara para una Nueva Jornada de Limpieza en la Cuenca del \u00d1ireco\"}]},{\"@type\":\"WebSite\",\"@id\":\"https:\\\/\\\/patagoniambiental.com.ar\\\/info\\\/#website\",\"url\":\"https:\\\/\\\/patagoniambiental.com.ar\\\/info\\\/\",\"name\":\"Patagonia Ambiental\",\"description\":\"Monitoreo y an\u00e1lisis de la situaci\u00f3n geopol\u00edtica en el mundo y su implicancia en la Patagonia\",\"publisher\":{\"@id\":\"https:\\\/\\\/patagoniambiental.com.ar\\\/info\\\/#organization\"},\"potentialAction\":[{\"@type\":\"SearchAction\",\"target\":{\"@type\":\"EntryPoint\",\"urlTemplate\":\"https:\\\/\\\/patagoniambiental.com.ar\\\/info\\\/?s={search_term_string}\"},\"query-input\":{\"@type\":\"PropertyValueSpecification\",\"valueRequired\":true,\"valueName\":\"search_term_string\"}}],\"inLanguage\":\"es\"},{\"@type\":\"Organization\",\"@id\":\"https:\\\/\\\/patagoniambiental.com.ar\\\/info\\\/#organization\",\"name\":\"Patagonia Ambiental\",\"url\":\"https:\\\/\\\/patagoniambiental.com.ar\\\/info\\\/\",\"logo\":{\"@type\":\"ImageObject\",\"inLanguage\":\"es\",\"@id\":\"https:\\\/\\\/patagoniambiental.com.ar\\\/info\\\/#\\\/schema\\\/logo\\\/image\\\/\",\"url\":\"https:\\\/\\\/patagoniambiental.com.ar\\\/info\\\/wp-content\\\/uploads\\\/2025\\\/05\\\/LOGO-PATAGONIA-AMBIENTAL.png\",\"contentUrl\":\"https:\\\/\\\/patagoniambiental.com.ar\\\/info\\\/wp-content\\\/uploads\\\/2025\\\/05\\\/LOGO-PATAGONIA-AMBIENTAL.png\",\"width\":433,\"height\":250,\"caption\":\"Patagonia Ambiental\"},\"image\":{\"@id\":\"https:\\\/\\\/patagoniambiental.com.ar\\\/info\\\/#\\\/schema\\\/logo\\\/image\\\/\"},\"sameAs\":[\"https:\\\/\\\/www.facebook.com\\\/patagonia.ambiental\",\"https:\\\/\\\/x.com\\\/PatAmb\"]},{\"@type\":\"Person\",\"@id\":\"https:\\\/\\\/patagoniambiental.com.ar\\\/info\\\/#\\\/schema\\\/person\\\/db12bff64bbcbf6a253710bf0ea37b5d\",\"name\":\"Patagonia Ambiental\",\"description\":\"Andr\u00e9s Nievas T\u00e9cnico en manejo ambiental, consultor Ambiental y escritor para medios locales e internacionales sobre temas de geopolitica y medio ambiente.\",\"sameAs\":[\"http:\\\/\\\/www.patagoniambiental.com.ar\",\"https:\\\/\\\/www.facebook.com\\\/share\\\/1C1V8Gv9BX\\\/?mibextid=qi2Omg\",\"@patagoniambiental\",\"https:\\\/\\\/youtube.com\\\/@patagoniaambiental2023?si=BLt58t0wuXquxlYZ\"]}]}<\/script>\n<!-- \/ Yoast SEO Premium plugin. -->","yoast_head_json":{"title":"Bariloche se Prepara para una Nueva Jornada de Limpieza en la Cuenca del \u00d1ireco","description":"El pr\u00f3ximo 7 de marzo, San Carlos de Bariloche ser\u00e1 escenario de una nueva jornada de limpieza en la cuenca del \u00d1ireco, una iniciativa organizada por la Municipalidad de Bariloche, el Departamento Provincial de Aguas (DPA), J\u00f3venes por Bariloche y San Jos\u00e9 Obrero.","robots":{"index":"index","follow":"follow","max-snippet":"max-snippet:-1","max-image-preview":"max-image-preview:large","max-video-preview":"max-video-preview:-1"},"canonical":"https:\/\/patagoniambiental.com.ar\/info\/bariloche-se-prepara-para-una-nueva-jornada-de-limpieza-en-la-cuenca-del-nireco\/","og_locale":"es_ES","og_type":"article","og_title":"Bariloche se Prepara para una Nueva Jornada de Limpieza en la Cuenca del \u00d1ireco","og_description":"El pr\u00f3ximo 7 de marzo, San Carlos de Bariloche ser\u00e1 escenario de una nueva jornada de limpieza en la cuenca del \u00d1ireco, una iniciativa organizada por la Municipalidad de Bariloche, el Departamento Provincial de Aguas (DPA), J\u00f3venes por Bariloche y San Jos\u00e9 Obrero.","og_url":"https:\/\/patagoniambiental.com.ar\/info\/bariloche-se-prepara-para-una-nueva-jornada-de-limpieza-en-la-cuenca-del-nireco\/","og_site_name":"Patagonia Ambiental","article_publisher":"https:\/\/www.facebook.com\/patagonia.ambiental","article_author":"https:\/\/www.facebook.com\/share\/1C1V8Gv9BX\/?mibextid=qi2Omg","article_published_time":"2025-02-26T13:30:00+00:00","article_modified_time":"2025-05-04T19:10:03+00:00","og_image":[{"width":1536,"height":1023,"url":"https:\/\/patagoniambiental.com.ar\/info\/wp-content\/uploads\/2025\/02\/d125cf91-f70d-4776-bcda-2ac1ac59723e-1536x1023.jpg","type":"image\/jpeg"}],"author":"Patagonia Ambiental","twitter_card":"summary_large_image","twitter_creator":"@PatAmb","twitter_site":"@PatAmb","schema":{"@context":"https:\/\/schema.org","@graph":[{"@type":"Article","@id":"https:\/\/patagoniambiental.com.ar\/info\/bariloche-se-prepara-para-una-nueva-jornada-de-limpieza-en-la-cuenca-del-nireco\/#article","isPartOf":{"@id":"https:\/\/patagoniambiental.com.ar\/info\/bariloche-se-prepara-para-una-nueva-jornada-de-limpieza-en-la-cuenca-del-nireco\/"},"author":{"name":"Patagonia Ambiental","@id":"https:\/\/patagoniambiental.com.ar\/info\/#\/schema\/person\/db12bff64bbcbf6a253710bf0ea37b5d"},"headline":"Bariloche se Prepara para una Nueva Jornada de Limpieza en la Cuenca del \u00d1ireco","datePublished":"2025-02-26T13:30:00+00:00","dateModified":"2025-05-04T19:10:03+00:00","mainEntityOfPage":{"@id":"https:\/\/patagoniambiental.com.ar\/info\/bariloche-se-prepara-para-una-nueva-jornada-de-limpieza-en-la-cuenca-del-nireco\/"},"wordCount":621,"commentCount":0,"publisher":{"@id":"https:\/\/patagoniambiental.com.ar\/info\/#organization"},"image":{"@id":"https:\/\/patagoniambiental.com.ar\/info\/bariloche-se-prepara-para-una-nueva-jornada-de-limpieza-en-la-cuenca-del-nireco\/#primaryimage"},"thumbnailUrl":"https:\/\/patagoniambiental.com.ar\/info\/wp-content\/uploads\/2025\/02\/d125cf91-f70d-4776-bcda-2ac1ac59723e-1536x1023.jpg","articleSection":["Municipales","Noticias"],"inLanguage":"es","potentialAction":[{"@type":"CommentAction","name":"Comment","target":["https:\/\/patagoniambiental.com.ar\/info\/bariloche-se-prepara-para-una-nueva-jornada-de-limpieza-en-la-cuenca-del-nireco\/#respond"]}]},{"@type":"WebPage","@id":"https:\/\/patagoniambiental.com.ar\/info\/bariloche-se-prepara-para-una-nueva-jornada-de-limpieza-en-la-cuenca-del-nireco\/","url":"https:\/\/patagoniambiental.com.ar\/info\/bariloche-se-prepara-para-una-nueva-jornada-de-limpieza-en-la-cuenca-del-nireco\/","name":"Bariloche se Prepara para una Nueva Jornada de Limpieza en la Cuenca del \u00d1ireco","isPartOf":{"@id":"https:\/\/patagoniambiental.com.ar\/info\/#website"},"primaryImageOfPage":{"@id":"https:\/\/patagoniambiental.com.ar\/info\/bariloche-se-prepara-para-una-nueva-jornada-de-limpieza-en-la-cuenca-del-nireco\/#primaryimage"},"image":{"@id":"https:\/\/patagoniambiental.com.ar\/info\/bariloche-se-prepara-para-una-nueva-jornada-de-limpieza-en-la-cuenca-del-nireco\/#primaryimage"},"thumbnailUrl":"https:\/\/patagoniambiental.com.ar\/info\/wp-content\/uploads\/2025\/02\/d125cf91-f70d-4776-bcda-2ac1ac59723e-1536x1023.jpg","datePublished":"2025-02-26T13:30:00+00:00","dateModified":"2025-05-04T19:10:03+00:00","description":"El pr\u00f3ximo 7 de marzo, San Carlos de Bariloche ser\u00e1 escenario de una nueva jornada de limpieza en la cuenca del \u00d1ireco, una iniciativa organizada por la Municipalidad de Bariloche, el Departamento Provincial de Aguas (DPA), J\u00f3venes por Bariloche y San Jos\u00e9 Obrero.","breadcrumb":{"@id":"https:\/\/patagoniambiental.com.ar\/info\/bariloche-se-prepara-para-una-nueva-jornada-de-limpieza-en-la-cuenca-del-nireco\/#breadcrumb"},"inLanguage":"es","potentialAction":[{"@type":"ReadAction","target":["https:\/\/patagoniambiental.com.ar\/info\/bariloche-se-prepara-para-una-nueva-jornada-de-limpieza-en-la-cuenca-del-nireco\/"]}]},{"@type":"ImageObject","inLanguage":"es","@id":"https:\/\/patagoniambiental.com.ar\/info\/bariloche-se-prepara-para-una-nueva-jornada-de-limpieza-en-la-cuenca-del-nireco\/#primaryimage","url":"https:\/\/patagoniambiental.com.ar\/info\/wp-content\/uploads\/2025\/02\/d125cf91-f70d-4776-bcda-2ac1ac59723e-1536x1023.jpg","contentUrl":"https:\/\/patagoniambiental.com.ar\/info\/wp-content\/uploads\/2025\/02\/d125cf91-f70d-4776-bcda-2ac1ac59723e-1536x1023.jpg","width":901,"height":600},{"@type":"BreadcrumbList","@id":"https:\/\/patagoniambiental.com.ar\/info\/bariloche-se-prepara-para-una-nueva-jornada-de-limpieza-en-la-cuenca-del-nireco\/#breadcrumb","itemListElement":[{"@type":"ListItem","position":1,"name":"Inicio","item":"https:\/\/patagoniambiental.com.ar\/info\/"},{"@type":"ListItem","position":2,"name":"Bariloche se Prepara para una Nueva Jornada de Limpieza en la Cuenca del \u00d1ireco"}]},{"@type":"WebSite","@id":"https:\/\/patagoniambiental.com.ar\/info\/#website","url":"https:\/\/patagoniambiental.com.ar\/info\/","name":"Patagonia Ambiental","description":"Monitoreo y an\u00e1lisis de la situaci\u00f3n geopol\u00edtica en el mundo y su implicancia en la Patagonia","publisher":{"@id":"https:\/\/patagoniambiental.com.ar\/info\/#organization"},"potentialAction":[{"@type":"SearchAction","target":{"@type":"EntryPoint","urlTemplate":"https:\/\/patagoniambiental.com.ar\/info\/?s={search_term_string}"},"query-input":{"@type":"PropertyValueSpecification","valueRequired":true,"valueName":"search_term_string"}}],"inLanguage":"es"},{"@type":"Organization","@id":"https:\/\/patagoniambiental.com.ar\/info\/#organization","name":"Patagonia Ambiental","url":"https:\/\/patagoniambiental.com.ar\/info\/","logo":{"@type":"ImageObject","inLanguage":"es","@id":"https:\/\/patagoniambiental.com.ar\/info\/#\/schema\/logo\/image\/","url":"https:\/\/patagoniambiental.com.ar\/info\/wp-content\/uploads\/2025\/05\/LOGO-PATAGONIA-AMBIENTAL.png","contentUrl":"https:\/\/patagoniambiental.com.ar\/info\/wp-content\/uploads\/2025\/05\/LOGO-PATAGONIA-AMBIENTAL.png","width":433,"height":250,"caption":"Patagonia Ambiental"},"image":{"@id":"https:\/\/patagoniambiental.com.ar\/info\/#\/schema\/logo\/image\/"},"sameAs":["https:\/\/www.facebook.com\/patagonia.ambiental","https:\/\/x.com\/PatAmb"]},{"@type":"Person","@id":"https:\/\/patagoniambiental.com.ar\/info\/#\/schema\/person\/db12bff64bbcbf6a253710bf0ea37b5d","name":"Patagonia Ambiental","description":"Andr\u00e9s Nievas T\u00e9cnico en manejo ambiental, consultor Ambiental y escritor para medios locales e internacionales sobre temas de geopolitica y medio ambiente.","sameAs":["http:\/\/www.patagoniambiental.com.ar","https:\/\/www.facebook.com\/share\/1C1V8Gv9BX\/?mibextid=qi2Omg","@patagoniambiental","https:\/\/youtube.com\/@patagoniaambiental2023?si=BLt58t0wuXquxlYZ"]}]}},"_links":{"self":[{"href":"https:\/\/patagoniambiental.com.ar\/info\/wp-json\/wp\/v2\/posts\/93242","targetHints":{"allow":["GET"]}}],"collection":[{"href":"https:\/\/patagoniambiental.com.ar\/info\/wp-json\/wp\/v2\/posts"}],"about":[{"href":"https:\/\/patagoniambiental.com.ar\/info\/wp-json\/wp\/v2\/types\/post"}],"author":[{"embeddable":true,"href":"https:\/\/patagoniambiental.com.ar\/info\/wp-json\/wp\/v2\/users\/2"}],"replies":[{"embeddable":true,"href":"https:\/\/patagoniambiental.com.ar\/info\/wp-json\/wp\/v2\/comments?post=93242"}],"version-history":[{"count":0,"href":"https:\/\/patagoniambiental.com.ar\/info\/wp-json\/wp\/v2\/posts\/93242\/revisions"}],"wp:featuredmedia":[{"embeddable":true,"href":"https:\/\/patagoniambiental.com.ar\/info\/wp-json\/wp\/v2\/media\/93243"}],"wp:attachment":[{"href":"https:\/\/patagoniambiental.com.ar\/info\/wp-json\/wp\/v2\/media?parent=93242"}],"wp:term":[{"taxonomy":"category","embeddable":true,"href":"https:\/\/patagoniambiental.com.ar\/info\/wp-json\/wp\/v2\/categories?post=93242"},{"taxonomy":"post_tag","embeddable":true,"href":"https:\/\/patagoniambiental.com.ar\/info\/wp-json\/wp\/v2\/tags?post=93242"}],"curies":[{"name":"wp","href":"https:\/\/api.w.org\/{rel}","templated":true}]}}