{"id":93319,"date":"2025-02-28T22:36:55","date_gmt":"2025-03-01T01:36:55","guid":{"rendered":"https:\/\/patagoniambiental.com.ar\/info\/?p=93319"},"modified":"2025-05-04T16:07:49","modified_gmt":"2025-05-04T19:07:49","slug":"rio-negro-extiende-concesiones-hidrocarburiferas-inversiones-millonarias-para-el-futuro-energetico","status":"publish","type":"post","link":"https:\/\/patagoniambiental.com.ar\/info\/rio-negro-extiende-concesiones-hidrocarburiferas-inversiones-millonarias-para-el-futuro-energetico\/","title":{"rendered":"R\u00edo Negro Extiende Concesiones Hidrocarbur\u00edferas: inversiones Millonarias para el futuro energ\u00e9tico"},"content":{"rendered":"\n<p><strong> <\/strong><\/p>\n\n\n\n<!--more-->\n\n\n\n<p><strong>R\u00edo Negro, 28 de febrero de 2025<\/strong> \u2013 La Legislatura de R\u00edo Negro aprob\u00f3 este jueves, en una sesi\u00f3n extraordinaria convocada por el gobernador Alberto Weretilneck, la pr\u00f3rroga de dos importantes concesiones hidrocarbur\u00edferas con las empresas Petr\u00f3leos Sudamericanos S.A. y JCR S.A. Este acuerdo, que asegura una inversi\u00f3n de 95,69 millones de d\u00f3lares, se perfila como un hito para la industria energ\u00e9tica de la regi\u00f3n y representa un impulso significativo a la econom\u00eda de la provincia.<\/p>\n\n\n\n<h3 class=\"wp-block-heading\" id=\"h-un-paso-clave-para-la-estabilidad-y-el-empleo\">Un paso clave para la estabilidad y el empleo<\/h3>\n\n\n\n<p>Mariela Moya, secretaria de Hidrocarburos de R\u00edo Negro, subray\u00f3 la relevancia de esta medida como un factor esencial para la continuidad de la producci\u00f3n energ\u00e9tica en la provincia y el mantenimiento de los empleos en el sector. \u201cEsta aprobaci\u00f3n es crucial para el sostenimiento de la producci\u00f3n y el empleo en R\u00edo Negro. Estamos asegurando inversiones concretas que no solo optimizar\u00e1n los yacimientos, sino que tambi\u00e9n generar\u00e1n un impacto directo y positivo en las comunidades locales donde operan estas empresas\u00bb, expres\u00f3 Moya.<\/p>\n\n\n\n<h3 class=\"wp-block-heading\" id=\"h-impacto-en-la-produccion-y-nuevas-oportunidades\">Impacto en la producci\u00f3n y nuevas oportunidades<\/h3>\n\n\n\n<p>Las \u00e1reas incluidas en la pr\u00f3rroga producen actualmente 2.275 barriles equivalentes de petr\u00f3leo por d\u00eda (boe\/d), lo que representa el 9,9% de la producci\u00f3n de petr\u00f3leo y el 4,14% de la producci\u00f3n de gas en R\u00edo Negro. Los bloques de extracci\u00f3n, entre los que se encuentran \u00abCentro Este\u00bb, \u00abLoma Montosa Oeste\u00bb, \u00abBajo del Piche\u00bb, \u00abBarranca de los Loros\u00bb, \u00abEl Medanito\u00bb y \u00abEl Santiague\u00f1o\u00bb, ser\u00e1n objeto de nuevas perforaciones y mejoras operativas. La reactivaci\u00f3n de estos bloques impulsar\u00e1 la producci\u00f3n y contribuir\u00e1 a mantener la competitividad del sector.<\/p>\n\n\n\n<h3 class=\"wp-block-heading\" id=\"h-beneficios-economicos-para-la-provincia\">Beneficios econ\u00f3micos para la provincia<\/h3>\n\n\n\n<p>El acuerdo tambi\u00e9n incluye un bono de pr\u00f3rroga y un aporte para el desarrollo social que ascender\u00e1 a 8,2 millones de d\u00f3lares. Estos fondos no solo se destinar\u00e1n a la mejora de las infraestructuras y los recursos locales, sino que tambi\u00e9n servir\u00e1n para fortalecer el compromiso social de las empresas operadoras con las comunidades rionegrinas. \u00abEste esquema asegura que la actividad hidrocarbur\u00edfera genere beneficios directos para la provincia y sus habitantes, m\u00e1s all\u00e1 de las regal\u00edas tradicionales\u00bb, destac\u00f3 Moya.<\/p>\n\n\n\n<h3 class=\"wp-block-heading\" id=\"h-un-futuro-prometedor-para-rio-negro\">Un futuro prometedor para R\u00edo Negro<\/h3>\n\n\n\n<p>Con el respaldo legislativo y los planes de inversi\u00f3n establecidos, R\u00edo Negro se posiciona como una de las provincias con mayor potencial de crecimiento en la industria hidrocarbur\u00edfera del pa\u00eds. A trav\u00e9s de esta pr\u00f3rroga, la provincia no solo asegura su autonom\u00eda energ\u00e9tica, sino que tambi\u00e9n fortalece su infraestructura social y econ\u00f3mica, brindando un panorama positivo para las futuras generaciones de rionegrinos.<\/p>\n\n\n\n<p>Este acuerdo, adem\u00e1s de garantizar una mayor estabilidad en la producci\u00f3n de hidrocarburos, proyecta a R\u00edo Negro como un actor clave en el desarrollo energ\u00e9tico de la Argentina, contribuyendo de manera significativa a la estabilidad del mercado energ\u00e9tico nacional.<\/p>\n\n\n\n<p>La aprobaci\u00f3n de esta pr\u00f3rroga demuestra el compromiso del gobierno provincial con el desarrollo sostenible, la generaci\u00f3n de empleo y el impulso a la inversi\u00f3n privada en sectores estrat\u00e9gicos. Con estas acciones, R\u00edo Negro asegura un futuro energ\u00e9tico prometedor y un avance considerable en su crecimiento econ\u00f3mico.<\/p>\n","protected":false},"excerpt":{"rendered":"","protected":false},"author":2,"featured_media":93320,"comment_status":"open","ping_status":"open","sticky":false,"template":"","format":"standard","meta":{"site-sidebar-layout":"default","site-content-layout":"","ast-site-content-layout":"default","site-content-style":"default","site-sidebar-style":"default","ast-global-header-display":"","ast-banner-title-visibility":"","ast-main-header-display":"","ast-hfb-above-header-display":"","ast-hfb-below-header-display":"","ast-hfb-mobile-header-display":"","site-post-title":"","ast-breadcrumbs-content":"","ast-featured-img":"","footer-sml-layout":"","ast-disable-related-posts":"","theme-transparent-header-meta":"","adv-header-id-meta":"","stick-header-meta":"","header-above-stick-meta":"","header-main-stick-meta":"","header-below-stick-meta":"","astra-migrate-meta-layouts":"default","ast-page-background-enabled":"default","ast-page-background-meta":{"desktop":{"background-color":"var(--ast-global-color-5)","background-image":"","background-repeat":"repeat","background-position":"center center","background-size":"auto","background-attachment":"scroll","background-type":"","background-media":"","overlay-type":"","overlay-color":"","overlay-opacity":"","overlay-gradient":""},"tablet":{"background-color":"","background-image":"","background-repeat":"repeat","background-position":"center center","background-size":"auto","background-attachment":"scroll","background-type":"","background-media":"","overlay-type":"","overlay-color":"","overlay-opacity":"","overlay-gradient":""},"mobile":{"background-color":"","background-image":"","background-repeat":"repeat","background-position":"center center","background-size":"auto","background-attachment":"scroll","background-type":"","background-media":"","overlay-type":"","overlay-color":"","overlay-opacity":"","overlay-gradient":""}},"ast-content-background-meta":{"desktop":{"background-color":"var(--ast-global-color-4)","background-image":"","background-repeat":"repeat","background-position":"center center","background-size":"auto","background-attachment":"scroll","background-type":"","background-media":"","overlay-type":"","overlay-color":"","overlay-opacity":"","overlay-gradient":""},"tablet":{"background-color":"var(--ast-global-color-4)","background-image":"","background-repeat":"repeat","background-position":"center center","background-size":"auto","background-attachment":"scroll","background-type":"","background-media":"","overlay-type":"","overlay-color":"","overlay-opacity":"","overlay-gradient":""},"mobile":{"background-color":"var(--ast-global-color-4)","background-image":"","background-repeat":"repeat","background-position":"center center","background-size":"auto","background-attachment":"scroll","background-type":"","background-media":"","overlay-type":"","overlay-color":"","overlay-opacity":"","overlay-gradient":""}},"footnotes":""},"categories":[1,13,14],"tags":[],"class_list":["post-93319","post","type-post","status-publish","format-standard","has-post-thumbnail","hentry","category-noticias","category-provinciales","category-rio-negro"],"yoast_head":"<!-- This site is optimized with the Yoast SEO Premium plugin v23.0 (Yoast SEO v27.5) - https:\/\/yoast.com\/product\/yoast-seo-premium-wordpress\/ -->\n<title>R\u00edo Negro Extiende Concesiones Hidrocarbur\u00edferas: inversiones Millonarias para el futuro energ\u00e9tico<\/title>\n<meta name=\"description\" content=\"La Legislatura de R\u00edo Negro aprob\u00f3 este jueves, en una sesi\u00f3n extraordinaria convocada por el gobernador Alberto Weretilneck, la pr\u00f3rroga de dos importantes concesiones hidrocarbur\u00edferas con las empresas Petr\u00f3leos Sudamericanos S.A. y JCR S.A.\" \/>\n<meta name=\"robots\" content=\"index, follow, max-snippet:-1, max-image-preview:large, max-video-preview:-1\" \/>\n<link rel=\"canonical\" href=\"https:\/\/patagoniambiental.com.ar\/info\/rio-negro-extiende-concesiones-hidrocarburiferas-inversiones-millonarias-para-el-futuro-energetico\/\" \/>\n<meta property=\"og:locale\" content=\"es_ES\" \/>\n<meta property=\"og:type\" content=\"article\" \/>\n<meta property=\"og:title\" content=\"R\u00edo Negro Extiende Concesiones Hidrocarbur\u00edferas: inversiones Millonarias para el futuro energ\u00e9tico\" \/>\n<meta property=\"og:description\" content=\"La Legislatura de R\u00edo Negro aprob\u00f3 este jueves, en una sesi\u00f3n extraordinaria convocada por el gobernador Alberto Weretilneck, la pr\u00f3rroga de dos importantes concesiones hidrocarbur\u00edferas con las empresas Petr\u00f3leos Sudamericanos S.A. y JCR S.A.\" \/>\n<meta property=\"og:url\" content=\"https:\/\/patagoniambiental.com.ar\/info\/rio-negro-extiende-concesiones-hidrocarburiferas-inversiones-millonarias-para-el-futuro-energetico\/\" \/>\n<meta property=\"og:site_name\" content=\"Patagonia Ambiental\" \/>\n<meta property=\"article:publisher\" content=\"https:\/\/www.facebook.com\/patagonia.ambiental\" \/>\n<meta property=\"article:author\" content=\"https:\/\/www.facebook.com\/share\/1C1V8Gv9BX\/?mibextid=qi2Omg\" \/>\n<meta property=\"article:published_time\" content=\"2025-03-01T01:36:55+00:00\" \/>\n<meta property=\"article:modified_time\" content=\"2025-05-04T19:07:49+00:00\" \/>\n<meta property=\"og:image\" content=\"https:\/\/patagoniambiental.com.ar\/info\/wp-content\/uploads\/2025\/03\/1740770308-86785643a79a938c3b5c.jpeg\" \/>\n\t<meta property=\"og:image:width\" content=\"1080\" \/>\n\t<meta property=\"og:image:height\" content=\"607\" \/>\n\t<meta property=\"og:image:type\" content=\"image\/jpeg\" \/>\n<meta name=\"author\" content=\"Patagonia Ambiental\" \/>\n<meta name=\"twitter:card\" content=\"summary_large_image\" \/>\n<meta name=\"twitter:creator\" content=\"@PatAmb\" \/>\n<meta name=\"twitter:site\" content=\"@PatAmb\" \/>\n<script type=\"application\/ld+json\" class=\"yoast-schema-graph\">{\"@context\":\"https:\\\/\\\/schema.org\",\"@graph\":[{\"@type\":\"Article\",\"@id\":\"https:\\\/\\\/patagoniambiental.com.ar\\\/info\\\/rio-negro-extiende-concesiones-hidrocarburiferas-inversiones-millonarias-para-el-futuro-energetico\\\/#article\",\"isPartOf\":{\"@id\":\"https:\\\/\\\/patagoniambiental.com.ar\\\/info\\\/rio-negro-extiende-concesiones-hidrocarburiferas-inversiones-millonarias-para-el-futuro-energetico\\\/\"},\"author\":{\"name\":\"Patagonia Ambiental\",\"@id\":\"https:\\\/\\\/patagoniambiental.com.ar\\\/info\\\/#\\\/schema\\\/person\\\/db12bff64bbcbf6a253710bf0ea37b5d\"},\"headline\":\"R\u00edo Negro Extiende Concesiones Hidrocarbur\u00edferas: inversiones Millonarias para el futuro energ\u00e9tico\",\"datePublished\":\"2025-03-01T01:36:55+00:00\",\"dateModified\":\"2025-05-04T19:07:49+00:00\",\"mainEntityOfPage\":{\"@id\":\"https:\\\/\\\/patagoniambiental.com.ar\\\/info\\\/rio-negro-extiende-concesiones-hidrocarburiferas-inversiones-millonarias-para-el-futuro-energetico\\\/\"},\"wordCount\":575,\"commentCount\":0,\"publisher\":{\"@id\":\"https:\\\/\\\/patagoniambiental.com.ar\\\/info\\\/#organization\"},\"image\":{\"@id\":\"https:\\\/\\\/patagoniambiental.com.ar\\\/info\\\/rio-negro-extiende-concesiones-hidrocarburiferas-inversiones-millonarias-para-el-futuro-energetico\\\/#primaryimage\"},\"thumbnailUrl\":\"https:\\\/\\\/patagoniambiental.com.ar\\\/info\\\/wp-content\\\/uploads\\\/2025\\\/03\\\/1740770308-86785643a79a938c3b5c.jpeg\",\"articleSection\":[\"Noticias\",\"Provinciales\",\"R\u00edo Negro\"],\"inLanguage\":\"es\",\"potentialAction\":[{\"@type\":\"CommentAction\",\"name\":\"Comment\",\"target\":[\"https:\\\/\\\/patagoniambiental.com.ar\\\/info\\\/rio-negro-extiende-concesiones-hidrocarburiferas-inversiones-millonarias-para-el-futuro-energetico\\\/#respond\"]}]},{\"@type\":\"WebPage\",\"@id\":\"https:\\\/\\\/patagoniambiental.com.ar\\\/info\\\/rio-negro-extiende-concesiones-hidrocarburiferas-inversiones-millonarias-para-el-futuro-energetico\\\/\",\"url\":\"https:\\\/\\\/patagoniambiental.com.ar\\\/info\\\/rio-negro-extiende-concesiones-hidrocarburiferas-inversiones-millonarias-para-el-futuro-energetico\\\/\",\"name\":\"R\u00edo Negro Extiende Concesiones Hidrocarbur\u00edferas: inversiones Millonarias para el futuro energ\u00e9tico\",\"isPartOf\":{\"@id\":\"https:\\\/\\\/patagoniambiental.com.ar\\\/info\\\/#website\"},\"primaryImageOfPage\":{\"@id\":\"https:\\\/\\\/patagoniambiental.com.ar\\\/info\\\/rio-negro-extiende-concesiones-hidrocarburiferas-inversiones-millonarias-para-el-futuro-energetico\\\/#primaryimage\"},\"image\":{\"@id\":\"https:\\\/\\\/patagoniambiental.com.ar\\\/info\\\/rio-negro-extiende-concesiones-hidrocarburiferas-inversiones-millonarias-para-el-futuro-energetico\\\/#primaryimage\"},\"thumbnailUrl\":\"https:\\\/\\\/patagoniambiental.com.ar\\\/info\\\/wp-content\\\/uploads\\\/2025\\\/03\\\/1740770308-86785643a79a938c3b5c.jpeg\",\"datePublished\":\"2025-03-01T01:36:55+00:00\",\"dateModified\":\"2025-05-04T19:07:49+00:00\",\"description\":\"La Legislatura de R\u00edo Negro aprob\u00f3 este jueves, en una sesi\u00f3n extraordinaria convocada por el gobernador Alberto Weretilneck, la pr\u00f3rroga de dos importantes concesiones hidrocarbur\u00edferas con las empresas Petr\u00f3leos Sudamericanos S.A. y JCR S.A.\",\"breadcrumb\":{\"@id\":\"https:\\\/\\\/patagoniambiental.com.ar\\\/info\\\/rio-negro-extiende-concesiones-hidrocarburiferas-inversiones-millonarias-para-el-futuro-energetico\\\/#breadcrumb\"},\"inLanguage\":\"es\",\"potentialAction\":[{\"@type\":\"ReadAction\",\"target\":[\"https:\\\/\\\/patagoniambiental.com.ar\\\/info\\\/rio-negro-extiende-concesiones-hidrocarburiferas-inversiones-millonarias-para-el-futuro-energetico\\\/\"]}]},{\"@type\":\"ImageObject\",\"inLanguage\":\"es\",\"@id\":\"https:\\\/\\\/patagoniambiental.com.ar\\\/info\\\/rio-negro-extiende-concesiones-hidrocarburiferas-inversiones-millonarias-para-el-futuro-energetico\\\/#primaryimage\",\"url\":\"https:\\\/\\\/patagoniambiental.com.ar\\\/info\\\/wp-content\\\/uploads\\\/2025\\\/03\\\/1740770308-86785643a79a938c3b5c.jpeg\",\"contentUrl\":\"https:\\\/\\\/patagoniambiental.com.ar\\\/info\\\/wp-content\\\/uploads\\\/2025\\\/03\\\/1740770308-86785643a79a938c3b5c.jpeg\",\"width\":1080,\"height\":607},{\"@type\":\"BreadcrumbList\",\"@id\":\"https:\\\/\\\/patagoniambiental.com.ar\\\/info\\\/rio-negro-extiende-concesiones-hidrocarburiferas-inversiones-millonarias-para-el-futuro-energetico\\\/#breadcrumb\",\"itemListElement\":[{\"@type\":\"ListItem\",\"position\":1,\"name\":\"Inicio\",\"item\":\"https:\\\/\\\/patagoniambiental.com.ar\\\/info\\\/\"},{\"@type\":\"ListItem\",\"position\":2,\"name\":\"R\u00edo Negro Extiende Concesiones Hidrocarbur\u00edferas: inversiones Millonarias para el futuro energ\u00e9tico\"}]},{\"@type\":\"WebSite\",\"@id\":\"https:\\\/\\\/patagoniambiental.com.ar\\\/info\\\/#website\",\"url\":\"https:\\\/\\\/patagoniambiental.com.ar\\\/info\\\/\",\"name\":\"Patagonia Ambiental\",\"description\":\"Monitoreo y an\u00e1lisis de la situaci\u00f3n geopol\u00edtica en el mundo y su implicancia en la Patagonia\",\"publisher\":{\"@id\":\"https:\\\/\\\/patagoniambiental.com.ar\\\/info\\\/#organization\"},\"potentialAction\":[{\"@type\":\"SearchAction\",\"target\":{\"@type\":\"EntryPoint\",\"urlTemplate\":\"https:\\\/\\\/patagoniambiental.com.ar\\\/info\\\/?s={search_term_string}\"},\"query-input\":{\"@type\":\"PropertyValueSpecification\",\"valueRequired\":true,\"valueName\":\"search_term_string\"}}],\"inLanguage\":\"es\"},{\"@type\":\"Organization\",\"@id\":\"https:\\\/\\\/patagoniambiental.com.ar\\\/info\\\/#organization\",\"name\":\"Patagonia Ambiental\",\"url\":\"https:\\\/\\\/patagoniambiental.com.ar\\\/info\\\/\",\"logo\":{\"@type\":\"ImageObject\",\"inLanguage\":\"es\",\"@id\":\"https:\\\/\\\/patagoniambiental.com.ar\\\/info\\\/#\\\/schema\\\/logo\\\/image\\\/\",\"url\":\"https:\\\/\\\/patagoniambiental.com.ar\\\/info\\\/wp-content\\\/uploads\\\/2025\\\/05\\\/LOGO-PATAGONIA-AMBIENTAL.png\",\"contentUrl\":\"https:\\\/\\\/patagoniambiental.com.ar\\\/info\\\/wp-content\\\/uploads\\\/2025\\\/05\\\/LOGO-PATAGONIA-AMBIENTAL.png\",\"width\":433,\"height\":250,\"caption\":\"Patagonia Ambiental\"},\"image\":{\"@id\":\"https:\\\/\\\/patagoniambiental.com.ar\\\/info\\\/#\\\/schema\\\/logo\\\/image\\\/\"},\"sameAs\":[\"https:\\\/\\\/www.facebook.com\\\/patagonia.ambiental\",\"https:\\\/\\\/x.com\\\/PatAmb\"]},{\"@type\":\"Person\",\"@id\":\"https:\\\/\\\/patagoniambiental.com.ar\\\/info\\\/#\\\/schema\\\/person\\\/db12bff64bbcbf6a253710bf0ea37b5d\",\"name\":\"Patagonia Ambiental\",\"description\":\"Andr\u00e9s Nievas T\u00e9cnico en manejo ambiental, consultor Ambiental y escritor para medios locales e internacionales sobre temas de geopolitica y medio ambiente.\",\"sameAs\":[\"http:\\\/\\\/www.patagoniambiental.com.ar\",\"https:\\\/\\\/www.facebook.com\\\/share\\\/1C1V8Gv9BX\\\/?mibextid=qi2Omg\",\"@patagoniambiental\",\"https:\\\/\\\/youtube.com\\\/@patagoniaambiental2023?si=BLt58t0wuXquxlYZ\"]}]}<\/script>\n<!-- \/ Yoast SEO Premium plugin. -->","yoast_head_json":{"title":"R\u00edo Negro Extiende Concesiones Hidrocarbur\u00edferas: inversiones Millonarias para el futuro energ\u00e9tico","description":"La Legislatura de R\u00edo Negro aprob\u00f3 este jueves, en una sesi\u00f3n extraordinaria convocada por el gobernador Alberto Weretilneck, la pr\u00f3rroga de dos importantes concesiones hidrocarbur\u00edferas con las empresas Petr\u00f3leos Sudamericanos S.A. y JCR S.A.","robots":{"index":"index","follow":"follow","max-snippet":"max-snippet:-1","max-image-preview":"max-image-preview:large","max-video-preview":"max-video-preview:-1"},"canonical":"https:\/\/patagoniambiental.com.ar\/info\/rio-negro-extiende-concesiones-hidrocarburiferas-inversiones-millonarias-para-el-futuro-energetico\/","og_locale":"es_ES","og_type":"article","og_title":"R\u00edo Negro Extiende Concesiones Hidrocarbur\u00edferas: inversiones Millonarias para el futuro energ\u00e9tico","og_description":"La Legislatura de R\u00edo Negro aprob\u00f3 este jueves, en una sesi\u00f3n extraordinaria convocada por el gobernador Alberto Weretilneck, la pr\u00f3rroga de dos importantes concesiones hidrocarbur\u00edferas con las empresas Petr\u00f3leos Sudamericanos S.A. y JCR S.A.","og_url":"https:\/\/patagoniambiental.com.ar\/info\/rio-negro-extiende-concesiones-hidrocarburiferas-inversiones-millonarias-para-el-futuro-energetico\/","og_site_name":"Patagonia Ambiental","article_publisher":"https:\/\/www.facebook.com\/patagonia.ambiental","article_author":"https:\/\/www.facebook.com\/share\/1C1V8Gv9BX\/?mibextid=qi2Omg","article_published_time":"2025-03-01T01:36:55+00:00","article_modified_time":"2025-05-04T19:07:49+00:00","og_image":[{"width":1080,"height":607,"url":"https:\/\/patagoniambiental.com.ar\/info\/wp-content\/uploads\/2025\/03\/1740770308-86785643a79a938c3b5c.jpeg","type":"image\/jpeg"}],"author":"Patagonia Ambiental","twitter_card":"summary_large_image","twitter_creator":"@PatAmb","twitter_site":"@PatAmb","schema":{"@context":"https:\/\/schema.org","@graph":[{"@type":"Article","@id":"https:\/\/patagoniambiental.com.ar\/info\/rio-negro-extiende-concesiones-hidrocarburiferas-inversiones-millonarias-para-el-futuro-energetico\/#article","isPartOf":{"@id":"https:\/\/patagoniambiental.com.ar\/info\/rio-negro-extiende-concesiones-hidrocarburiferas-inversiones-millonarias-para-el-futuro-energetico\/"},"author":{"name":"Patagonia Ambiental","@id":"https:\/\/patagoniambiental.com.ar\/info\/#\/schema\/person\/db12bff64bbcbf6a253710bf0ea37b5d"},"headline":"R\u00edo Negro Extiende Concesiones Hidrocarbur\u00edferas: inversiones Millonarias para el futuro energ\u00e9tico","datePublished":"2025-03-01T01:36:55+00:00","dateModified":"2025-05-04T19:07:49+00:00","mainEntityOfPage":{"@id":"https:\/\/patagoniambiental.com.ar\/info\/rio-negro-extiende-concesiones-hidrocarburiferas-inversiones-millonarias-para-el-futuro-energetico\/"},"wordCount":575,"commentCount":0,"publisher":{"@id":"https:\/\/patagoniambiental.com.ar\/info\/#organization"},"image":{"@id":"https:\/\/patagoniambiental.com.ar\/info\/rio-negro-extiende-concesiones-hidrocarburiferas-inversiones-millonarias-para-el-futuro-energetico\/#primaryimage"},"thumbnailUrl":"https:\/\/patagoniambiental.com.ar\/info\/wp-content\/uploads\/2025\/03\/1740770308-86785643a79a938c3b5c.jpeg","articleSection":["Noticias","Provinciales","R\u00edo Negro"],"inLanguage":"es","potentialAction":[{"@type":"CommentAction","name":"Comment","target":["https:\/\/patagoniambiental.com.ar\/info\/rio-negro-extiende-concesiones-hidrocarburiferas-inversiones-millonarias-para-el-futuro-energetico\/#respond"]}]},{"@type":"WebPage","@id":"https:\/\/patagoniambiental.com.ar\/info\/rio-negro-extiende-concesiones-hidrocarburiferas-inversiones-millonarias-para-el-futuro-energetico\/","url":"https:\/\/patagoniambiental.com.ar\/info\/rio-negro-extiende-concesiones-hidrocarburiferas-inversiones-millonarias-para-el-futuro-energetico\/","name":"R\u00edo Negro Extiende Concesiones Hidrocarbur\u00edferas: inversiones Millonarias para el futuro energ\u00e9tico","isPartOf":{"@id":"https:\/\/patagoniambiental.com.ar\/info\/#website"},"primaryImageOfPage":{"@id":"https:\/\/patagoniambiental.com.ar\/info\/rio-negro-extiende-concesiones-hidrocarburiferas-inversiones-millonarias-para-el-futuro-energetico\/#primaryimage"},"image":{"@id":"https:\/\/patagoniambiental.com.ar\/info\/rio-negro-extiende-concesiones-hidrocarburiferas-inversiones-millonarias-para-el-futuro-energetico\/#primaryimage"},"thumbnailUrl":"https:\/\/patagoniambiental.com.ar\/info\/wp-content\/uploads\/2025\/03\/1740770308-86785643a79a938c3b5c.jpeg","datePublished":"2025-03-01T01:36:55+00:00","dateModified":"2025-05-04T19:07:49+00:00","description":"La Legislatura de R\u00edo Negro aprob\u00f3 este jueves, en una sesi\u00f3n extraordinaria convocada por el gobernador Alberto Weretilneck, la pr\u00f3rroga de dos importantes concesiones hidrocarbur\u00edferas con las empresas Petr\u00f3leos Sudamericanos S.A. y JCR S.A.","breadcrumb":{"@id":"https:\/\/patagoniambiental.com.ar\/info\/rio-negro-extiende-concesiones-hidrocarburiferas-inversiones-millonarias-para-el-futuro-energetico\/#breadcrumb"},"inLanguage":"es","potentialAction":[{"@type":"ReadAction","target":["https:\/\/patagoniambiental.com.ar\/info\/rio-negro-extiende-concesiones-hidrocarburiferas-inversiones-millonarias-para-el-futuro-energetico\/"]}]},{"@type":"ImageObject","inLanguage":"es","@id":"https:\/\/patagoniambiental.com.ar\/info\/rio-negro-extiende-concesiones-hidrocarburiferas-inversiones-millonarias-para-el-futuro-energetico\/#primaryimage","url":"https:\/\/patagoniambiental.com.ar\/info\/wp-content\/uploads\/2025\/03\/1740770308-86785643a79a938c3b5c.jpeg","contentUrl":"https:\/\/patagoniambiental.com.ar\/info\/wp-content\/uploads\/2025\/03\/1740770308-86785643a79a938c3b5c.jpeg","width":1080,"height":607},{"@type":"BreadcrumbList","@id":"https:\/\/patagoniambiental.com.ar\/info\/rio-negro-extiende-concesiones-hidrocarburiferas-inversiones-millonarias-para-el-futuro-energetico\/#breadcrumb","itemListElement":[{"@type":"ListItem","position":1,"name":"Inicio","item":"https:\/\/patagoniambiental.com.ar\/info\/"},{"@type":"ListItem","position":2,"name":"R\u00edo Negro Extiende Concesiones Hidrocarbur\u00edferas: inversiones Millonarias para el futuro energ\u00e9tico"}]},{"@type":"WebSite","@id":"https:\/\/patagoniambiental.com.ar\/info\/#website","url":"https:\/\/patagoniambiental.com.ar\/info\/","name":"Patagonia Ambiental","description":"Monitoreo y an\u00e1lisis de la situaci\u00f3n geopol\u00edtica en el mundo y su implicancia en la Patagonia","publisher":{"@id":"https:\/\/patagoniambiental.com.ar\/info\/#organization"},"potentialAction":[{"@type":"SearchAction","target":{"@type":"EntryPoint","urlTemplate":"https:\/\/patagoniambiental.com.ar\/info\/?s={search_term_string}"},"query-input":{"@type":"PropertyValueSpecification","valueRequired":true,"valueName":"search_term_string"}}],"inLanguage":"es"},{"@type":"Organization","@id":"https:\/\/patagoniambiental.com.ar\/info\/#organization","name":"Patagonia Ambiental","url":"https:\/\/patagoniambiental.com.ar\/info\/","logo":{"@type":"ImageObject","inLanguage":"es","@id":"https:\/\/patagoniambiental.com.ar\/info\/#\/schema\/logo\/image\/","url":"https:\/\/patagoniambiental.com.ar\/info\/wp-content\/uploads\/2025\/05\/LOGO-PATAGONIA-AMBIENTAL.png","contentUrl":"https:\/\/patagoniambiental.com.ar\/info\/wp-content\/uploads\/2025\/05\/LOGO-PATAGONIA-AMBIENTAL.png","width":433,"height":250,"caption":"Patagonia Ambiental"},"image":{"@id":"https:\/\/patagoniambiental.com.ar\/info\/#\/schema\/logo\/image\/"},"sameAs":["https:\/\/www.facebook.com\/patagonia.ambiental","https:\/\/x.com\/PatAmb"]},{"@type":"Person","@id":"https:\/\/patagoniambiental.com.ar\/info\/#\/schema\/person\/db12bff64bbcbf6a253710bf0ea37b5d","name":"Patagonia Ambiental","description":"Andr\u00e9s Nievas T\u00e9cnico en manejo ambiental, consultor Ambiental y escritor para medios locales e internacionales sobre temas de geopolitica y medio ambiente.","sameAs":["http:\/\/www.patagoniambiental.com.ar","https:\/\/www.facebook.com\/share\/1C1V8Gv9BX\/?mibextid=qi2Omg","@patagoniambiental","https:\/\/youtube.com\/@patagoniaambiental2023?si=BLt58t0wuXquxlYZ"]}]}},"_links":{"self":[{"href":"https:\/\/patagoniambiental.com.ar\/info\/wp-json\/wp\/v2\/posts\/93319","targetHints":{"allow":["GET"]}}],"collection":[{"href":"https:\/\/patagoniambiental.com.ar\/info\/wp-json\/wp\/v2\/posts"}],"about":[{"href":"https:\/\/patagoniambiental.com.ar\/info\/wp-json\/wp\/v2\/types\/post"}],"author":[{"embeddable":true,"href":"https:\/\/patagoniambiental.com.ar\/info\/wp-json\/wp\/v2\/users\/2"}],"replies":[{"embeddable":true,"href":"https:\/\/patagoniambiental.com.ar\/info\/wp-json\/wp\/v2\/comments?post=93319"}],"version-history":[{"count":0,"href":"https:\/\/patagoniambiental.com.ar\/info\/wp-json\/wp\/v2\/posts\/93319\/revisions"}],"wp:featuredmedia":[{"embeddable":true,"href":"https:\/\/patagoniambiental.com.ar\/info\/wp-json\/wp\/v2\/media\/93320"}],"wp:attachment":[{"href":"https:\/\/patagoniambiental.com.ar\/info\/wp-json\/wp\/v2\/media?parent=93319"}],"wp:term":[{"taxonomy":"category","embeddable":true,"href":"https:\/\/patagoniambiental.com.ar\/info\/wp-json\/wp\/v2\/categories?post=93319"},{"taxonomy":"post_tag","embeddable":true,"href":"https:\/\/patagoniambiental.com.ar\/info\/wp-json\/wp\/v2\/tags?post=93319"}],"curies":[{"name":"wp","href":"https:\/\/api.w.org\/{rel}","templated":true}]}}