{"id":93322,"date":"2025-02-28T09:29:00","date_gmt":"2025-02-28T12:29:00","guid":{"rendered":"https:\/\/patagoniambiental.com.ar\/info\/?p=93322"},"modified":"2025-05-04T16:10:00","modified_gmt":"2025-05-04T19:10:00","slug":"exito-en-la-jornada-de-puertas-abiertas-del-vivero-forestal-mallin-ahogado-un-paso-clave-hacia-la-restauracion-del-bosque-andino-patagonico","status":"publish","type":"post","link":"https:\/\/patagoniambiental.com.ar\/info\/exito-en-la-jornada-de-puertas-abiertas-del-vivero-forestal-mallin-ahogado-un-paso-clave-hacia-la-restauracion-del-bosque-andino-patagonico\/","title":{"rendered":"\u00c9xito en la jornada de puertas abiertas del Vivero Forestal Mall\u00edn Ahogado: Un paso clave hacia la restauraci\u00f3n del Bosque Andino Patag\u00f3nico"},"content":{"rendered":"\n<!--more-->\n\n\n\n<p>El Bols\u00f3n, Provincia de R\u00edo Negro, 28 de. Febrero de 2025. El Vivero Forestal Mall\u00edn Ahogado fue el escenario de una jornada memorable, que reuni\u00f3 a m\u00e1s de 50 participantes comprometidos con la conservaci\u00f3n del medio ambiente. El evento, organizado por la Subsecretar\u00eda de Recursos Forestales de R\u00edo Negro, se centr\u00f3 en el reconocimiento de especies nativas del Bosque Andino Patag\u00f3nico, la cosecha de frutos y el almacenamiento de semillas, aspectos esenciales para el futuro de la biodiversidad local.<\/p>\n\n\n\n<p>La jornada, que se llev\u00f3 a cabo el 28 de febrero de 2025, no solo brind\u00f3 una oportunidad para conocer las especies nativas, sino tambi\u00e9n para participar activamente en las actividades de recolecci\u00f3n y almacenamiento de semillas. Estos gestos, aunque simples, son cruciales para la regeneraci\u00f3n del bosque y el mantenimiento de su salud ecol\u00f3gica. Los asistentes, entre los que se encontraban vecinos de la comarca, compartieron sus experiencias y aprendieron sobre el ciclo de vida de las plantas aut\u00f3ctonas.<\/p>\n\n\n\n<p>El evento tambi\u00e9n fue una oportunidad para reflexionar sobre los desaf\u00edos que enfrenta la regi\u00f3n debido a los incendios forestales. Ante esta problem\u00e1tica, la Subsecretar\u00eda de Recursos Forestales lanz\u00f3 un mensaje claro: la participaci\u00f3n ciudadana es fundamental en el Plan de Restauraci\u00f3n del entorno natural. La convocatoria y el entusiasmo de los asistentes fueron un indicio de que la comunidad est\u00e1 dispuesta a colaborar en la recuperaci\u00f3n de los espacios verdes que tanto definen la identidad de la regi\u00f3n.<\/p>\n\n\n\n<p>Claudia Contreras, subsecretaria de Recursos Forestales, destac\u00f3 la importancia de la iniciativa y expres\u00f3 su agradecimiento al equipo del vivero. \u201cEsta acci\u00f3n es el puntapi\u00e9 inicial para lo que ser\u00e1 un esfuerzo colectivo en pro de restaurar nuestros bosques. Adem\u00e1s, este trabajo en red es clave para el \u00e9xito del plan de restauraci\u00f3n\u201d, se\u00f1al\u00f3 Contreras.<\/p>\n\n\n\n<p>La jornada de puertas abiertas no solo fue una actividad educativa, sino tambi\u00e9n un testimonio de la uni\u00f3n entre la comunidad y las autoridades para proteger y preservar el entorno natural. Los vecinos mostraron un gran inter\u00e9s en continuar participando de iniciativas similares, conscientes de la necesidad urgente de restaurar y proteger el Bosque Andino Patag\u00f3nico para las generaciones futuras.<\/p>\n\n\n\n<p>La iniciativa del Vivero Forestal Mall\u00edn Ahogado es, sin duda, un ejemplo de c\u00f3mo la colaboraci\u00f3n entre el gobierno y la ciudadan\u00eda puede generar cambios positivos y sostenibles en la conservaci\u00f3n del medio ambiente. Con la participaci\u00f3n activa de la comunidad, este tipo de acciones contribuyen significativamente al fortalecimiento de la biodiversidad de la regi\u00f3n.<\/p>\n","protected":false},"excerpt":{"rendered":"","protected":false},"author":2,"featured_media":93323,"comment_status":"open","ping_status":"open","sticky":false,"template":"","format":"standard","meta":{"site-sidebar-layout":"default","site-content-layout":"","ast-site-content-layout":"default","site-content-style":"default","site-sidebar-style":"default","ast-global-header-display":"","ast-banner-title-visibility":"","ast-main-header-display":"","ast-hfb-above-header-display":"","ast-hfb-below-header-display":"","ast-hfb-mobile-header-display":"","site-post-title":"","ast-breadcrumbs-content":"","ast-featured-img":"","footer-sml-layout":"","ast-disable-related-posts":"","theme-transparent-header-meta":"","adv-header-id-meta":"","stick-header-meta":"","header-above-stick-meta":"","header-main-stick-meta":"","header-below-stick-meta":"","astra-migrate-meta-layouts":"default","ast-page-background-enabled":"default","ast-page-background-meta":{"desktop":{"background-color":"var(--ast-global-color-5)","background-image":"","background-repeat":"repeat","background-position":"center center","background-size":"auto","background-attachment":"scroll","background-type":"","background-media":"","overlay-type":"","overlay-color":"","overlay-opacity":"","overlay-gradient":""},"tablet":{"background-color":"","background-image":"","background-repeat":"repeat","background-position":"center center","background-size":"auto","background-attachment":"scroll","background-type":"","background-media":"","overlay-type":"","overlay-color":"","overlay-opacity":"","overlay-gradient":""},"mobile":{"background-color":"","background-image":"","background-repeat":"repeat","background-position":"center center","background-size":"auto","background-attachment":"scroll","background-type":"","background-media":"","overlay-type":"","overlay-color":"","overlay-opacity":"","overlay-gradient":""}},"ast-content-background-meta":{"desktop":{"background-color":"var(--ast-global-color-4)","background-image":"","background-repeat":"repeat","background-position":"center center","background-size":"auto","background-attachment":"scroll","background-type":"","background-media":"","overlay-type":"","overlay-color":"","overlay-opacity":"","overlay-gradient":""},"tablet":{"background-color":"var(--ast-global-color-4)","background-image":"","background-repeat":"repeat","background-position":"center center","background-size":"auto","background-attachment":"scroll","background-type":"","background-media":"","overlay-type":"","overlay-color":"","overlay-opacity":"","overlay-gradient":""},"mobile":{"background-color":"var(--ast-global-color-4)","background-image":"","background-repeat":"repeat","background-position":"center center","background-size":"auto","background-attachment":"scroll","background-type":"","background-media":"","overlay-type":"","overlay-color":"","overlay-opacity":"","overlay-gradient":""}},"footnotes":""},"categories":[1,13,14],"tags":[],"class_list":["post-93322","post","type-post","status-publish","format-standard","has-post-thumbnail","hentry","category-noticias","category-provinciales","category-rio-negro"],"yoast_head":"<!-- This site is optimized with the Yoast SEO Premium plugin v23.0 (Yoast SEO v27.5) - https:\/\/yoast.com\/product\/yoast-seo-premium-wordpress\/ -->\n<title>\u00c9xito en la jornada de puertas abiertas del Vivero Forestal Mall\u00edn Ahogado: Un paso clave hacia la restauraci\u00f3n del Bosque Andino Patag\u00f3nico<\/title>\n<meta name=\"description\" content=\"El Vivero Forestal Mall\u00edn Ahogado fue el escenario de una jornada memorable, que reuni\u00f3 a m\u00e1s de 50 participantes comprometidos con la conservaci\u00f3n del medio ambiente.\" \/>\n<meta name=\"robots\" content=\"index, follow, max-snippet:-1, max-image-preview:large, max-video-preview:-1\" \/>\n<link rel=\"canonical\" href=\"https:\/\/patagoniambiental.com.ar\/info\/exito-en-la-jornada-de-puertas-abiertas-del-vivero-forestal-mallin-ahogado-un-paso-clave-hacia-la-restauracion-del-bosque-andino-patagonico\/\" \/>\n<meta property=\"og:locale\" content=\"es_ES\" \/>\n<meta property=\"og:type\" content=\"article\" \/>\n<meta property=\"og:title\" content=\"\u00c9xito en la jornada de puertas abiertas del Vivero Forestal Mall\u00edn Ahogado: Un paso clave hacia la restauraci\u00f3n del Bosque Andino Patag\u00f3nico\" \/>\n<meta property=\"og:description\" content=\"El Vivero Forestal Mall\u00edn Ahogado fue el escenario de una jornada memorable, que reuni\u00f3 a m\u00e1s de 50 participantes comprometidos con la conservaci\u00f3n del medio ambiente.\" \/>\n<meta property=\"og:url\" content=\"https:\/\/patagoniambiental.com.ar\/info\/exito-en-la-jornada-de-puertas-abiertas-del-vivero-forestal-mallin-ahogado-un-paso-clave-hacia-la-restauracion-del-bosque-andino-patagonico\/\" \/>\n<meta property=\"og:site_name\" content=\"Patagonia Ambiental\" \/>\n<meta property=\"article:publisher\" content=\"https:\/\/www.facebook.com\/patagonia.ambiental\" \/>\n<meta property=\"article:author\" content=\"https:\/\/www.facebook.com\/share\/1C1V8Gv9BX\/?mibextid=qi2Omg\" \/>\n<meta property=\"article:published_time\" content=\"2025-02-28T12:29:00+00:00\" \/>\n<meta property=\"article:modified_time\" content=\"2025-05-04T19:10:00+00:00\" \/>\n<meta property=\"og:image\" content=\"https:\/\/patagoniambiental.com.ar\/info\/wp-content\/uploads\/2025\/03\/1740754819-f3adf2318fdcf42f9af4.jpeg\" \/>\n\t<meta property=\"og:image:width\" content=\"1080\" \/>\n\t<meta property=\"og:image:height\" content=\"607\" \/>\n\t<meta property=\"og:image:type\" content=\"image\/jpeg\" \/>\n<meta name=\"author\" content=\"Patagonia Ambiental\" \/>\n<meta name=\"twitter:card\" content=\"summary_large_image\" \/>\n<meta name=\"twitter:creator\" content=\"@PatAmb\" \/>\n<meta name=\"twitter:site\" content=\"@PatAmb\" \/>\n<script type=\"application\/ld+json\" class=\"yoast-schema-graph\">{\"@context\":\"https:\\\/\\\/schema.org\",\"@graph\":[{\"@type\":\"Article\",\"@id\":\"https:\\\/\\\/patagoniambiental.com.ar\\\/info\\\/exito-en-la-jornada-de-puertas-abiertas-del-vivero-forestal-mallin-ahogado-un-paso-clave-hacia-la-restauracion-del-bosque-andino-patagonico\\\/#article\",\"isPartOf\":{\"@id\":\"https:\\\/\\\/patagoniambiental.com.ar\\\/info\\\/exito-en-la-jornada-de-puertas-abiertas-del-vivero-forestal-mallin-ahogado-un-paso-clave-hacia-la-restauracion-del-bosque-andino-patagonico\\\/\"},\"author\":{\"name\":\"Patagonia Ambiental\",\"@id\":\"https:\\\/\\\/patagoniambiental.com.ar\\\/info\\\/#\\\/schema\\\/person\\\/db12bff64bbcbf6a253710bf0ea37b5d\"},\"headline\":\"\u00c9xito en la jornada de puertas abiertas del Vivero Forestal Mall\u00edn Ahogado: Un paso clave hacia la restauraci\u00f3n del Bosque Andino Patag\u00f3nico\",\"datePublished\":\"2025-02-28T12:29:00+00:00\",\"dateModified\":\"2025-05-04T19:10:00+00:00\",\"mainEntityOfPage\":{\"@id\":\"https:\\\/\\\/patagoniambiental.com.ar\\\/info\\\/exito-en-la-jornada-de-puertas-abiertas-del-vivero-forestal-mallin-ahogado-un-paso-clave-hacia-la-restauracion-del-bosque-andino-patagonico\\\/\"},\"wordCount\":465,\"commentCount\":0,\"publisher\":{\"@id\":\"https:\\\/\\\/patagoniambiental.com.ar\\\/info\\\/#organization\"},\"image\":{\"@id\":\"https:\\\/\\\/patagoniambiental.com.ar\\\/info\\\/exito-en-la-jornada-de-puertas-abiertas-del-vivero-forestal-mallin-ahogado-un-paso-clave-hacia-la-restauracion-del-bosque-andino-patagonico\\\/#primaryimage\"},\"thumbnailUrl\":\"https:\\\/\\\/patagoniambiental.com.ar\\\/info\\\/wp-content\\\/uploads\\\/2025\\\/03\\\/1740754819-f3adf2318fdcf42f9af4.jpeg\",\"articleSection\":[\"Noticias\",\"Provinciales\",\"R\u00edo Negro\"],\"inLanguage\":\"es\",\"potentialAction\":[{\"@type\":\"CommentAction\",\"name\":\"Comment\",\"target\":[\"https:\\\/\\\/patagoniambiental.com.ar\\\/info\\\/exito-en-la-jornada-de-puertas-abiertas-del-vivero-forestal-mallin-ahogado-un-paso-clave-hacia-la-restauracion-del-bosque-andino-patagonico\\\/#respond\"]}]},{\"@type\":\"WebPage\",\"@id\":\"https:\\\/\\\/patagoniambiental.com.ar\\\/info\\\/exito-en-la-jornada-de-puertas-abiertas-del-vivero-forestal-mallin-ahogado-un-paso-clave-hacia-la-restauracion-del-bosque-andino-patagonico\\\/\",\"url\":\"https:\\\/\\\/patagoniambiental.com.ar\\\/info\\\/exito-en-la-jornada-de-puertas-abiertas-del-vivero-forestal-mallin-ahogado-un-paso-clave-hacia-la-restauracion-del-bosque-andino-patagonico\\\/\",\"name\":\"\u00c9xito en la jornada de puertas abiertas del Vivero Forestal Mall\u00edn Ahogado: Un paso clave hacia la restauraci\u00f3n del Bosque Andino Patag\u00f3nico\",\"isPartOf\":{\"@id\":\"https:\\\/\\\/patagoniambiental.com.ar\\\/info\\\/#website\"},\"primaryImageOfPage\":{\"@id\":\"https:\\\/\\\/patagoniambiental.com.ar\\\/info\\\/exito-en-la-jornada-de-puertas-abiertas-del-vivero-forestal-mallin-ahogado-un-paso-clave-hacia-la-restauracion-del-bosque-andino-patagonico\\\/#primaryimage\"},\"image\":{\"@id\":\"https:\\\/\\\/patagoniambiental.com.ar\\\/info\\\/exito-en-la-jornada-de-puertas-abiertas-del-vivero-forestal-mallin-ahogado-un-paso-clave-hacia-la-restauracion-del-bosque-andino-patagonico\\\/#primaryimage\"},\"thumbnailUrl\":\"https:\\\/\\\/patagoniambiental.com.ar\\\/info\\\/wp-content\\\/uploads\\\/2025\\\/03\\\/1740754819-f3adf2318fdcf42f9af4.jpeg\",\"datePublished\":\"2025-02-28T12:29:00+00:00\",\"dateModified\":\"2025-05-04T19:10:00+00:00\",\"description\":\"El Vivero Forestal Mall\u00edn Ahogado fue el escenario de una jornada memorable, que reuni\u00f3 a m\u00e1s de 50 participantes comprometidos con la conservaci\u00f3n del medio ambiente.\",\"breadcrumb\":{\"@id\":\"https:\\\/\\\/patagoniambiental.com.ar\\\/info\\\/exito-en-la-jornada-de-puertas-abiertas-del-vivero-forestal-mallin-ahogado-un-paso-clave-hacia-la-restauracion-del-bosque-andino-patagonico\\\/#breadcrumb\"},\"inLanguage\":\"es\",\"potentialAction\":[{\"@type\":\"ReadAction\",\"target\":[\"https:\\\/\\\/patagoniambiental.com.ar\\\/info\\\/exito-en-la-jornada-de-puertas-abiertas-del-vivero-forestal-mallin-ahogado-un-paso-clave-hacia-la-restauracion-del-bosque-andino-patagonico\\\/\"]}]},{\"@type\":\"ImageObject\",\"inLanguage\":\"es\",\"@id\":\"https:\\\/\\\/patagoniambiental.com.ar\\\/info\\\/exito-en-la-jornada-de-puertas-abiertas-del-vivero-forestal-mallin-ahogado-un-paso-clave-hacia-la-restauracion-del-bosque-andino-patagonico\\\/#primaryimage\",\"url\":\"https:\\\/\\\/patagoniambiental.com.ar\\\/info\\\/wp-content\\\/uploads\\\/2025\\\/03\\\/1740754819-f3adf2318fdcf42f9af4.jpeg\",\"contentUrl\":\"https:\\\/\\\/patagoniambiental.com.ar\\\/info\\\/wp-content\\\/uploads\\\/2025\\\/03\\\/1740754819-f3adf2318fdcf42f9af4.jpeg\",\"width\":1080,\"height\":607},{\"@type\":\"BreadcrumbList\",\"@id\":\"https:\\\/\\\/patagoniambiental.com.ar\\\/info\\\/exito-en-la-jornada-de-puertas-abiertas-del-vivero-forestal-mallin-ahogado-un-paso-clave-hacia-la-restauracion-del-bosque-andino-patagonico\\\/#breadcrumb\",\"itemListElement\":[{\"@type\":\"ListItem\",\"position\":1,\"name\":\"Inicio\",\"item\":\"https:\\\/\\\/patagoniambiental.com.ar\\\/info\\\/\"},{\"@type\":\"ListItem\",\"position\":2,\"name\":\"\u00c9xito en la jornada de puertas abiertas del Vivero Forestal Mall\u00edn Ahogado: Un paso clave hacia la restauraci\u00f3n del Bosque Andino Patag\u00f3nico\"}]},{\"@type\":\"WebSite\",\"@id\":\"https:\\\/\\\/patagoniambiental.com.ar\\\/info\\\/#website\",\"url\":\"https:\\\/\\\/patagoniambiental.com.ar\\\/info\\\/\",\"name\":\"Patagonia Ambiental\",\"description\":\"Monitoreo y an\u00e1lisis de la situaci\u00f3n geopol\u00edtica en el mundo y su implicancia en la Patagonia\",\"publisher\":{\"@id\":\"https:\\\/\\\/patagoniambiental.com.ar\\\/info\\\/#organization\"},\"potentialAction\":[{\"@type\":\"SearchAction\",\"target\":{\"@type\":\"EntryPoint\",\"urlTemplate\":\"https:\\\/\\\/patagoniambiental.com.ar\\\/info\\\/?s={search_term_string}\"},\"query-input\":{\"@type\":\"PropertyValueSpecification\",\"valueRequired\":true,\"valueName\":\"search_term_string\"}}],\"inLanguage\":\"es\"},{\"@type\":\"Organization\",\"@id\":\"https:\\\/\\\/patagoniambiental.com.ar\\\/info\\\/#organization\",\"name\":\"Patagonia Ambiental\",\"url\":\"https:\\\/\\\/patagoniambiental.com.ar\\\/info\\\/\",\"logo\":{\"@type\":\"ImageObject\",\"inLanguage\":\"es\",\"@id\":\"https:\\\/\\\/patagoniambiental.com.ar\\\/info\\\/#\\\/schema\\\/logo\\\/image\\\/\",\"url\":\"https:\\\/\\\/patagoniambiental.com.ar\\\/info\\\/wp-content\\\/uploads\\\/2025\\\/05\\\/LOGO-PATAGONIA-AMBIENTAL.png\",\"contentUrl\":\"https:\\\/\\\/patagoniambiental.com.ar\\\/info\\\/wp-content\\\/uploads\\\/2025\\\/05\\\/LOGO-PATAGONIA-AMBIENTAL.png\",\"width\":433,\"height\":250,\"caption\":\"Patagonia Ambiental\"},\"image\":{\"@id\":\"https:\\\/\\\/patagoniambiental.com.ar\\\/info\\\/#\\\/schema\\\/logo\\\/image\\\/\"},\"sameAs\":[\"https:\\\/\\\/www.facebook.com\\\/patagonia.ambiental\",\"https:\\\/\\\/x.com\\\/PatAmb\"]},{\"@type\":\"Person\",\"@id\":\"https:\\\/\\\/patagoniambiental.com.ar\\\/info\\\/#\\\/schema\\\/person\\\/db12bff64bbcbf6a253710bf0ea37b5d\",\"name\":\"Patagonia Ambiental\",\"description\":\"Andr\u00e9s Nievas T\u00e9cnico en manejo ambiental, consultor Ambiental y escritor para medios locales e internacionales sobre temas de geopolitica y medio ambiente.\",\"sameAs\":[\"http:\\\/\\\/www.patagoniambiental.com.ar\",\"https:\\\/\\\/www.facebook.com\\\/share\\\/1C1V8Gv9BX\\\/?mibextid=qi2Omg\",\"@patagoniambiental\",\"https:\\\/\\\/youtube.com\\\/@patagoniaambiental2023?si=BLt58t0wuXquxlYZ\"]}]}<\/script>\n<!-- \/ Yoast SEO Premium plugin. -->","yoast_head_json":{"title":"\u00c9xito en la jornada de puertas abiertas del Vivero Forestal Mall\u00edn Ahogado: Un paso clave hacia la restauraci\u00f3n del Bosque Andino Patag\u00f3nico","description":"El Vivero Forestal Mall\u00edn Ahogado fue el escenario de una jornada memorable, que reuni\u00f3 a m\u00e1s de 50 participantes comprometidos con la conservaci\u00f3n del medio ambiente.","robots":{"index":"index","follow":"follow","max-snippet":"max-snippet:-1","max-image-preview":"max-image-preview:large","max-video-preview":"max-video-preview:-1"},"canonical":"https:\/\/patagoniambiental.com.ar\/info\/exito-en-la-jornada-de-puertas-abiertas-del-vivero-forestal-mallin-ahogado-un-paso-clave-hacia-la-restauracion-del-bosque-andino-patagonico\/","og_locale":"es_ES","og_type":"article","og_title":"\u00c9xito en la jornada de puertas abiertas del Vivero Forestal Mall\u00edn Ahogado: Un paso clave hacia la restauraci\u00f3n del Bosque Andino Patag\u00f3nico","og_description":"El Vivero Forestal Mall\u00edn Ahogado fue el escenario de una jornada memorable, que reuni\u00f3 a m\u00e1s de 50 participantes comprometidos con la conservaci\u00f3n del medio ambiente.","og_url":"https:\/\/patagoniambiental.com.ar\/info\/exito-en-la-jornada-de-puertas-abiertas-del-vivero-forestal-mallin-ahogado-un-paso-clave-hacia-la-restauracion-del-bosque-andino-patagonico\/","og_site_name":"Patagonia Ambiental","article_publisher":"https:\/\/www.facebook.com\/patagonia.ambiental","article_author":"https:\/\/www.facebook.com\/share\/1C1V8Gv9BX\/?mibextid=qi2Omg","article_published_time":"2025-02-28T12:29:00+00:00","article_modified_time":"2025-05-04T19:10:00+00:00","og_image":[{"width":1080,"height":607,"url":"https:\/\/patagoniambiental.com.ar\/info\/wp-content\/uploads\/2025\/03\/1740754819-f3adf2318fdcf42f9af4.jpeg","type":"image\/jpeg"}],"author":"Patagonia Ambiental","twitter_card":"summary_large_image","twitter_creator":"@PatAmb","twitter_site":"@PatAmb","schema":{"@context":"https:\/\/schema.org","@graph":[{"@type":"Article","@id":"https:\/\/patagoniambiental.com.ar\/info\/exito-en-la-jornada-de-puertas-abiertas-del-vivero-forestal-mallin-ahogado-un-paso-clave-hacia-la-restauracion-del-bosque-andino-patagonico\/#article","isPartOf":{"@id":"https:\/\/patagoniambiental.com.ar\/info\/exito-en-la-jornada-de-puertas-abiertas-del-vivero-forestal-mallin-ahogado-un-paso-clave-hacia-la-restauracion-del-bosque-andino-patagonico\/"},"author":{"name":"Patagonia Ambiental","@id":"https:\/\/patagoniambiental.com.ar\/info\/#\/schema\/person\/db12bff64bbcbf6a253710bf0ea37b5d"},"headline":"\u00c9xito en la jornada de puertas abiertas del Vivero Forestal Mall\u00edn Ahogado: Un paso clave hacia la restauraci\u00f3n del Bosque Andino Patag\u00f3nico","datePublished":"2025-02-28T12:29:00+00:00","dateModified":"2025-05-04T19:10:00+00:00","mainEntityOfPage":{"@id":"https:\/\/patagoniambiental.com.ar\/info\/exito-en-la-jornada-de-puertas-abiertas-del-vivero-forestal-mallin-ahogado-un-paso-clave-hacia-la-restauracion-del-bosque-andino-patagonico\/"},"wordCount":465,"commentCount":0,"publisher":{"@id":"https:\/\/patagoniambiental.com.ar\/info\/#organization"},"image":{"@id":"https:\/\/patagoniambiental.com.ar\/info\/exito-en-la-jornada-de-puertas-abiertas-del-vivero-forestal-mallin-ahogado-un-paso-clave-hacia-la-restauracion-del-bosque-andino-patagonico\/#primaryimage"},"thumbnailUrl":"https:\/\/patagoniambiental.com.ar\/info\/wp-content\/uploads\/2025\/03\/1740754819-f3adf2318fdcf42f9af4.jpeg","articleSection":["Noticias","Provinciales","R\u00edo Negro"],"inLanguage":"es","potentialAction":[{"@type":"CommentAction","name":"Comment","target":["https:\/\/patagoniambiental.com.ar\/info\/exito-en-la-jornada-de-puertas-abiertas-del-vivero-forestal-mallin-ahogado-un-paso-clave-hacia-la-restauracion-del-bosque-andino-patagonico\/#respond"]}]},{"@type":"WebPage","@id":"https:\/\/patagoniambiental.com.ar\/info\/exito-en-la-jornada-de-puertas-abiertas-del-vivero-forestal-mallin-ahogado-un-paso-clave-hacia-la-restauracion-del-bosque-andino-patagonico\/","url":"https:\/\/patagoniambiental.com.ar\/info\/exito-en-la-jornada-de-puertas-abiertas-del-vivero-forestal-mallin-ahogado-un-paso-clave-hacia-la-restauracion-del-bosque-andino-patagonico\/","name":"\u00c9xito en la jornada de puertas abiertas del Vivero Forestal Mall\u00edn Ahogado: Un paso clave hacia la restauraci\u00f3n del Bosque Andino Patag\u00f3nico","isPartOf":{"@id":"https:\/\/patagoniambiental.com.ar\/info\/#website"},"primaryImageOfPage":{"@id":"https:\/\/patagoniambiental.com.ar\/info\/exito-en-la-jornada-de-puertas-abiertas-del-vivero-forestal-mallin-ahogado-un-paso-clave-hacia-la-restauracion-del-bosque-andino-patagonico\/#primaryimage"},"image":{"@id":"https:\/\/patagoniambiental.com.ar\/info\/exito-en-la-jornada-de-puertas-abiertas-del-vivero-forestal-mallin-ahogado-un-paso-clave-hacia-la-restauracion-del-bosque-andino-patagonico\/#primaryimage"},"thumbnailUrl":"https:\/\/patagoniambiental.com.ar\/info\/wp-content\/uploads\/2025\/03\/1740754819-f3adf2318fdcf42f9af4.jpeg","datePublished":"2025-02-28T12:29:00+00:00","dateModified":"2025-05-04T19:10:00+00:00","description":"El Vivero Forestal Mall\u00edn Ahogado fue el escenario de una jornada memorable, que reuni\u00f3 a m\u00e1s de 50 participantes comprometidos con la conservaci\u00f3n del medio ambiente.","breadcrumb":{"@id":"https:\/\/patagoniambiental.com.ar\/info\/exito-en-la-jornada-de-puertas-abiertas-del-vivero-forestal-mallin-ahogado-un-paso-clave-hacia-la-restauracion-del-bosque-andino-patagonico\/#breadcrumb"},"inLanguage":"es","potentialAction":[{"@type":"ReadAction","target":["https:\/\/patagoniambiental.com.ar\/info\/exito-en-la-jornada-de-puertas-abiertas-del-vivero-forestal-mallin-ahogado-un-paso-clave-hacia-la-restauracion-del-bosque-andino-patagonico\/"]}]},{"@type":"ImageObject","inLanguage":"es","@id":"https:\/\/patagoniambiental.com.ar\/info\/exito-en-la-jornada-de-puertas-abiertas-del-vivero-forestal-mallin-ahogado-un-paso-clave-hacia-la-restauracion-del-bosque-andino-patagonico\/#primaryimage","url":"https:\/\/patagoniambiental.com.ar\/info\/wp-content\/uploads\/2025\/03\/1740754819-f3adf2318fdcf42f9af4.jpeg","contentUrl":"https:\/\/patagoniambiental.com.ar\/info\/wp-content\/uploads\/2025\/03\/1740754819-f3adf2318fdcf42f9af4.jpeg","width":1080,"height":607},{"@type":"BreadcrumbList","@id":"https:\/\/patagoniambiental.com.ar\/info\/exito-en-la-jornada-de-puertas-abiertas-del-vivero-forestal-mallin-ahogado-un-paso-clave-hacia-la-restauracion-del-bosque-andino-patagonico\/#breadcrumb","itemListElement":[{"@type":"ListItem","position":1,"name":"Inicio","item":"https:\/\/patagoniambiental.com.ar\/info\/"},{"@type":"ListItem","position":2,"name":"\u00c9xito en la jornada de puertas abiertas del Vivero Forestal Mall\u00edn Ahogado: Un paso clave hacia la restauraci\u00f3n del Bosque Andino Patag\u00f3nico"}]},{"@type":"WebSite","@id":"https:\/\/patagoniambiental.com.ar\/info\/#website","url":"https:\/\/patagoniambiental.com.ar\/info\/","name":"Patagonia Ambiental","description":"Monitoreo y an\u00e1lisis de la situaci\u00f3n geopol\u00edtica en el mundo y su implicancia en la Patagonia","publisher":{"@id":"https:\/\/patagoniambiental.com.ar\/info\/#organization"},"potentialAction":[{"@type":"SearchAction","target":{"@type":"EntryPoint","urlTemplate":"https:\/\/patagoniambiental.com.ar\/info\/?s={search_term_string}"},"query-input":{"@type":"PropertyValueSpecification","valueRequired":true,"valueName":"search_term_string"}}],"inLanguage":"es"},{"@type":"Organization","@id":"https:\/\/patagoniambiental.com.ar\/info\/#organization","name":"Patagonia Ambiental","url":"https:\/\/patagoniambiental.com.ar\/info\/","logo":{"@type":"ImageObject","inLanguage":"es","@id":"https:\/\/patagoniambiental.com.ar\/info\/#\/schema\/logo\/image\/","url":"https:\/\/patagoniambiental.com.ar\/info\/wp-content\/uploads\/2025\/05\/LOGO-PATAGONIA-AMBIENTAL.png","contentUrl":"https:\/\/patagoniambiental.com.ar\/info\/wp-content\/uploads\/2025\/05\/LOGO-PATAGONIA-AMBIENTAL.png","width":433,"height":250,"caption":"Patagonia Ambiental"},"image":{"@id":"https:\/\/patagoniambiental.com.ar\/info\/#\/schema\/logo\/image\/"},"sameAs":["https:\/\/www.facebook.com\/patagonia.ambiental","https:\/\/x.com\/PatAmb"]},{"@type":"Person","@id":"https:\/\/patagoniambiental.com.ar\/info\/#\/schema\/person\/db12bff64bbcbf6a253710bf0ea37b5d","name":"Patagonia Ambiental","description":"Andr\u00e9s Nievas T\u00e9cnico en manejo ambiental, consultor Ambiental y escritor para medios locales e internacionales sobre temas de geopolitica y medio ambiente.","sameAs":["http:\/\/www.patagoniambiental.com.ar","https:\/\/www.facebook.com\/share\/1C1V8Gv9BX\/?mibextid=qi2Omg","@patagoniambiental","https:\/\/youtube.com\/@patagoniaambiental2023?si=BLt58t0wuXquxlYZ"]}]}},"_links":{"self":[{"href":"https:\/\/patagoniambiental.com.ar\/info\/wp-json\/wp\/v2\/posts\/93322","targetHints":{"allow":["GET"]}}],"collection":[{"href":"https:\/\/patagoniambiental.com.ar\/info\/wp-json\/wp\/v2\/posts"}],"about":[{"href":"https:\/\/patagoniambiental.com.ar\/info\/wp-json\/wp\/v2\/types\/post"}],"author":[{"embeddable":true,"href":"https:\/\/patagoniambiental.com.ar\/info\/wp-json\/wp\/v2\/users\/2"}],"replies":[{"embeddable":true,"href":"https:\/\/patagoniambiental.com.ar\/info\/wp-json\/wp\/v2\/comments?post=93322"}],"version-history":[{"count":0,"href":"https:\/\/patagoniambiental.com.ar\/info\/wp-json\/wp\/v2\/posts\/93322\/revisions"}],"wp:featuredmedia":[{"embeddable":true,"href":"https:\/\/patagoniambiental.com.ar\/info\/wp-json\/wp\/v2\/media\/93323"}],"wp:attachment":[{"href":"https:\/\/patagoniambiental.com.ar\/info\/wp-json\/wp\/v2\/media?parent=93322"}],"wp:term":[{"taxonomy":"category","embeddable":true,"href":"https:\/\/patagoniambiental.com.ar\/info\/wp-json\/wp\/v2\/categories?post=93322"},{"taxonomy":"post_tag","embeddable":true,"href":"https:\/\/patagoniambiental.com.ar\/info\/wp-json\/wp\/v2\/tags?post=93322"}],"curies":[{"name":"wp","href":"https:\/\/api.w.org\/{rel}","templated":true}]}}