{"id":93366,"date":"2025-03-12T00:37:00","date_gmt":"2025-03-12T03:37:00","guid":{"rendered":"https:\/\/patagoniambiental.com.ar\/info\/?p=93366"},"modified":"2025-05-04T16:07:36","modified_gmt":"2025-05-04T19:07:36","slug":"rio-negro-presenta-al-mundo-su-innovador-modelo-de-mineria-con-licencia-social","status":"publish","type":"post","link":"https:\/\/patagoniambiental.com.ar\/info\/rio-negro-presenta-al-mundo-su-innovador-modelo-de-mineria-con-licencia-social\/","title":{"rendered":"R\u00edo Negro presenta al mundo su innovador modelo de miner\u00eda con licencia social"},"content":{"rendered":"\n<!--more-->\n\n\n\n<p>Rio Negro, 12 de marzo de 2025. El Gobierno de R\u00edo Negro ha dado un paso significativo en el escenario internacional al presentar su modelo de miner\u00eda con licencia social durante su participaci\u00f3n en la prestigiosa feria minera PDAC en Canad\u00e1. Joaqu\u00edn Aberastain Oro, secretario de Miner\u00eda de la provincia, destac\u00f3 el creciente inter\u00e9s de inversores y expertos internacionales en los proyectos mineros rionegrinos, con un foco especial en el emblem\u00e1tico proyecto Calcatreu, que est\u00e1 por iniciar sus obras de desarrollo.<\/p>\n\n\n\n<p><strong>R\u00edo Negro como punto de atracci\u00f3n para la inversi\u00f3n minera global<\/strong><\/p>\n\n\n\n<p>El inter\u00e9s internacional por los proyectos mineros de R\u00edo Negro crece r\u00e1pidamente. Seg\u00fan Aberastain Oro, la feria PDAC mostr\u00f3 que la provincia ha captado la atenci\u00f3n de inversores, diplom\u00e1ticos y expertos, quienes ven a Argentina como un destino clave para la inversi\u00f3n minera. \u00abNos volvimos muy contentos porque vimos un real inter\u00e9s en elegir Argentina hoy como un foco para la inversi\u00f3n, y principalmente, R\u00edo Negro\u00bb, afirm\u00f3 el secretario.<\/p>\n\n\n\n<p>Durante el evento, la delegaci\u00f3n rionegrina no solo present\u00f3 los avances del proyecto Calcatreu, sino que tambi\u00e9n expuso el impresionante potencial geol\u00f3gico de la provincia, que posee m\u00e1s del 70% de su superficie mineralizada. Este vasto potencial promete posicionar a R\u00edo Negro como un l\u00edder en la miner\u00eda argentina en los pr\u00f3ximos a\u00f1os.<\/p>\n\n\n\n<p><strong>El inicio de las obras de Calcatreu: Un nuevo hito para la miner\u00eda de R\u00edo Negro<\/strong><\/p>\n\n\n\n<p>El proyecto Calcatreu, uno de los m\u00e1s emblem\u00e1ticos de la provincia, avanza a pasos firmes. Aberastain Oro detall\u00f3 que la iniciativa est\u00e1 en fase de inicio de obras, con las licitaciones ya en marcha para la construcci\u00f3n de los caminos que dar\u00e1n acceso a la mina y la propia infraestructura del yacimiento. \u00abHoy el proyecto est\u00e1 en etapa de inicio de obras, con las licitaciones en marcha para la construcci\u00f3n de caminos y de la propia mina en s\u00ed\u00bb, subray\u00f3.<\/p>\n\n\n\n<p>Uno de los aspectos clave que el Gobierno de R\u00edo Negro busca garantizar es que el desarrollo minero genere empleo local y oportunidades para los proveedores de la regi\u00f3n. Este enfoque apunta a fortalecer la econom\u00eda de las comunidades cercanas, promoviendo un modelo de miner\u00eda que beneficie directamente a los rionegrinos.<\/p>\n\n\n\n<p><strong>Un modelo log\u00edstico para la exportaci\u00f3n con identidad rionegrina<\/strong><\/p>\n\n\n\n<p>Uno de los puntos m\u00e1s relevantes de la estrategia minera de R\u00edo Negro es asegurar que la exportaci\u00f3n de los productos extra\u00eddos se realice desde puntos estrat\u00e9gicos dentro de la provincia. \u00abDesde el momento en que se empiece a producir, buscamos que todos los procesos, desde la concentraci\u00f3n del mineral hasta su futura exportaci\u00f3n, se hagan desde R\u00edo Negro\u00bb, destac\u00f3 Aberastain Oro.<\/p>\n\n\n\n<p>En cuanto a la log\u00edstica de exportaci\u00f3n, el secretario mencion\u00f3 que, tanto el aeropuerto de Bariloche como los puertos de aguas profundas ser\u00e1n claves para el transporte del material. \u00abTodo lo que podamos gestionar para que se haga desde la provincia lo vamos a hacer, incluso si es necesario, lo transformaremos en obligaci\u00f3n\u00bb, afirm\u00f3 con firmeza, subrayando el compromiso del gobierno provincial de garantizar que los beneficios econ\u00f3micos de la miner\u00eda se queden en R\u00edo Negro.<\/p>\n\n\n\n<p><strong>El futuro del metal dor\u00e9 y su impacto en la econom\u00eda rionegrina<\/strong><\/p>\n\n\n\n<p>El producto final que se exportar\u00e1 desde Calcatreu ser\u00e1 el metal dor\u00e9, una aleaci\u00f3n de oro y plata que, despu\u00e9s de ser refinada, se comercializar\u00e1 en el mercado internacional. Este metal dor\u00e9, que ser\u00e1 enviado en forma de lingotes, marcar\u00e1 el inicio de una nueva etapa para la miner\u00eda rionegrina, con un alto potencial de generar ingresos para la provincia y el pa\u00eds.<\/p>\n\n\n\n<p>R\u00edo Negro est\u00e1 consolidando su rol como un referente en miner\u00eda, no solo por su vasto potencial geol\u00f3gico, sino por su enfoque en la sostenibilidad, la creaci\u00f3n de empleo local y su modelo de miner\u00eda con licencia social. A medida que los proyectos avanzan y las obras comienzan, la provincia contin\u00faa demostrando su capacidad para atraer inversiones y desarrollar su sector minero de manera responsable y beneficiosa para todos.<\/p>\n","protected":false},"excerpt":{"rendered":"","protected":false},"author":2,"featured_media":93367,"comment_status":"open","ping_status":"open","sticky":false,"template":"","format":"standard","meta":{"site-sidebar-layout":"default","site-content-layout":"","ast-site-content-layout":"default","site-content-style":"default","site-sidebar-style":"default","ast-global-header-display":"","ast-banner-title-visibility":"","ast-main-header-display":"","ast-hfb-above-header-display":"","ast-hfb-below-header-display":"","ast-hfb-mobile-header-display":"","site-post-title":"","ast-breadcrumbs-content":"","ast-featured-img":"","footer-sml-layout":"","ast-disable-related-posts":"","theme-transparent-header-meta":"","adv-header-id-meta":"","stick-header-meta":"","header-above-stick-meta":"","header-main-stick-meta":"","header-below-stick-meta":"","astra-migrate-meta-layouts":"default","ast-page-background-enabled":"default","ast-page-background-meta":{"desktop":{"background-color":"var(--ast-global-color-5)","background-image":"","background-repeat":"repeat","background-position":"center center","background-size":"auto","background-attachment":"scroll","background-type":"","background-media":"","overlay-type":"","overlay-color":"","overlay-opacity":"","overlay-gradient":""},"tablet":{"background-color":"","background-image":"","background-repeat":"repeat","background-position":"center center","background-size":"auto","background-attachment":"scroll","background-type":"","background-media":"","overlay-type":"","overlay-color":"","overlay-opacity":"","overlay-gradient":""},"mobile":{"background-color":"","background-image":"","background-repeat":"repeat","background-position":"center center","background-size":"auto","background-attachment":"scroll","background-type":"","background-media":"","overlay-type":"","overlay-color":"","overlay-opacity":"","overlay-gradient":""}},"ast-content-background-meta":{"desktop":{"background-color":"var(--ast-global-color-4)","background-image":"","background-repeat":"repeat","background-position":"center center","background-size":"auto","background-attachment":"scroll","background-type":"","background-media":"","overlay-type":"","overlay-color":"","overlay-opacity":"","overlay-gradient":""},"tablet":{"background-color":"var(--ast-global-color-4)","background-image":"","background-repeat":"repeat","background-position":"center center","background-size":"auto","background-attachment":"scroll","background-type":"","background-media":"","overlay-type":"","overlay-color":"","overlay-opacity":"","overlay-gradient":""},"mobile":{"background-color":"var(--ast-global-color-4)","background-image":"","background-repeat":"repeat","background-position":"center center","background-size":"auto","background-attachment":"scroll","background-type":"","background-media":"","overlay-type":"","overlay-color":"","overlay-opacity":"","overlay-gradient":""}},"footnotes":""},"categories":[1,13,14],"tags":[],"class_list":["post-93366","post","type-post","status-publish","format-standard","has-post-thumbnail","hentry","category-noticias","category-provinciales","category-rio-negro"],"yoast_head":"<!-- This site is optimized with the Yoast SEO Premium plugin v23.0 (Yoast SEO v27.5) - https:\/\/yoast.com\/product\/yoast-seo-premium-wordpress\/ -->\n<title>R\u00edo Negro presenta al mundo su innovador modelo de miner\u00eda con licencia social<\/title>\n<meta name=\"description\" content=\"El Gobierno de R\u00edo Negro ha dado un paso significativo en el escenario internacional al presentar su modelo de miner\u00eda con licencia social durante su participaci\u00f3n en la prestigiosa feria minera PDAC en Canad\u00e1.\" \/>\n<meta name=\"robots\" content=\"index, follow, max-snippet:-1, max-image-preview:large, max-video-preview:-1\" \/>\n<link rel=\"canonical\" href=\"https:\/\/patagoniambiental.com.ar\/info\/rio-negro-presenta-al-mundo-su-innovador-modelo-de-mineria-con-licencia-social\/\" \/>\n<meta property=\"og:locale\" content=\"es_ES\" \/>\n<meta property=\"og:type\" content=\"article\" \/>\n<meta property=\"og:title\" content=\"R\u00edo Negro presenta al mundo su innovador modelo de miner\u00eda con licencia social\" \/>\n<meta property=\"og:description\" content=\"El Gobierno de R\u00edo Negro ha dado un paso significativo en el escenario internacional al presentar su modelo de miner\u00eda con licencia social durante su participaci\u00f3n en la prestigiosa feria minera PDAC en Canad\u00e1.\" \/>\n<meta property=\"og:url\" content=\"https:\/\/patagoniambiental.com.ar\/info\/rio-negro-presenta-al-mundo-su-innovador-modelo-de-mineria-con-licencia-social\/\" \/>\n<meta property=\"og:site_name\" content=\"Patagonia Ambiental\" \/>\n<meta property=\"article:publisher\" content=\"https:\/\/www.facebook.com\/patagonia.ambiental\" \/>\n<meta property=\"article:author\" content=\"https:\/\/www.facebook.com\/share\/1C1V8Gv9BX\/?mibextid=qi2Omg\" \/>\n<meta property=\"article:published_time\" content=\"2025-03-12T03:37:00+00:00\" \/>\n<meta property=\"article:modified_time\" content=\"2025-05-04T19:07:36+00:00\" \/>\n<meta property=\"og:image\" content=\"https:\/\/patagoniambiental.com.ar\/info\/wp-content\/uploads\/2025\/03\/1741809795-0638d4523e5205b26b8c.jpeg\" \/>\n\t<meta property=\"og:image:width\" content=\"1080\" \/>\n\t<meta property=\"og:image:height\" content=\"607\" \/>\n\t<meta property=\"og:image:type\" content=\"image\/jpeg\" \/>\n<meta name=\"author\" content=\"Patagonia Ambiental\" \/>\n<meta name=\"twitter:card\" content=\"summary_large_image\" \/>\n<meta name=\"twitter:creator\" content=\"@PatAmb\" \/>\n<meta name=\"twitter:site\" content=\"@PatAmb\" \/>\n<script type=\"application\/ld+json\" class=\"yoast-schema-graph\">{\"@context\":\"https:\\\/\\\/schema.org\",\"@graph\":[{\"@type\":\"Article\",\"@id\":\"https:\\\/\\\/patagoniambiental.com.ar\\\/info\\\/rio-negro-presenta-al-mundo-su-innovador-modelo-de-mineria-con-licencia-social\\\/#article\",\"isPartOf\":{\"@id\":\"https:\\\/\\\/patagoniambiental.com.ar\\\/info\\\/rio-negro-presenta-al-mundo-su-innovador-modelo-de-mineria-con-licencia-social\\\/\"},\"author\":{\"name\":\"Patagonia Ambiental\",\"@id\":\"https:\\\/\\\/patagoniambiental.com.ar\\\/info\\\/#\\\/schema\\\/person\\\/db12bff64bbcbf6a253710bf0ea37b5d\"},\"headline\":\"R\u00edo Negro presenta al mundo su innovador modelo de miner\u00eda con licencia social\",\"datePublished\":\"2025-03-12T03:37:00+00:00\",\"dateModified\":\"2025-05-04T19:07:36+00:00\",\"mainEntityOfPage\":{\"@id\":\"https:\\\/\\\/patagoniambiental.com.ar\\\/info\\\/rio-negro-presenta-al-mundo-su-innovador-modelo-de-mineria-con-licencia-social\\\/\"},\"wordCount\":732,\"commentCount\":0,\"publisher\":{\"@id\":\"https:\\\/\\\/patagoniambiental.com.ar\\\/info\\\/#organization\"},\"image\":{\"@id\":\"https:\\\/\\\/patagoniambiental.com.ar\\\/info\\\/rio-negro-presenta-al-mundo-su-innovador-modelo-de-mineria-con-licencia-social\\\/#primaryimage\"},\"thumbnailUrl\":\"https:\\\/\\\/patagoniambiental.com.ar\\\/info\\\/wp-content\\\/uploads\\\/2025\\\/03\\\/1741809795-0638d4523e5205b26b8c.jpeg\",\"articleSection\":[\"Noticias\",\"Provinciales\",\"R\u00edo Negro\"],\"inLanguage\":\"es\",\"potentialAction\":[{\"@type\":\"CommentAction\",\"name\":\"Comment\",\"target\":[\"https:\\\/\\\/patagoniambiental.com.ar\\\/info\\\/rio-negro-presenta-al-mundo-su-innovador-modelo-de-mineria-con-licencia-social\\\/#respond\"]}]},{\"@type\":\"WebPage\",\"@id\":\"https:\\\/\\\/patagoniambiental.com.ar\\\/info\\\/rio-negro-presenta-al-mundo-su-innovador-modelo-de-mineria-con-licencia-social\\\/\",\"url\":\"https:\\\/\\\/patagoniambiental.com.ar\\\/info\\\/rio-negro-presenta-al-mundo-su-innovador-modelo-de-mineria-con-licencia-social\\\/\",\"name\":\"R\u00edo Negro presenta al mundo su innovador modelo de miner\u00eda con licencia social\",\"isPartOf\":{\"@id\":\"https:\\\/\\\/patagoniambiental.com.ar\\\/info\\\/#website\"},\"primaryImageOfPage\":{\"@id\":\"https:\\\/\\\/patagoniambiental.com.ar\\\/info\\\/rio-negro-presenta-al-mundo-su-innovador-modelo-de-mineria-con-licencia-social\\\/#primaryimage\"},\"image\":{\"@id\":\"https:\\\/\\\/patagoniambiental.com.ar\\\/info\\\/rio-negro-presenta-al-mundo-su-innovador-modelo-de-mineria-con-licencia-social\\\/#primaryimage\"},\"thumbnailUrl\":\"https:\\\/\\\/patagoniambiental.com.ar\\\/info\\\/wp-content\\\/uploads\\\/2025\\\/03\\\/1741809795-0638d4523e5205b26b8c.jpeg\",\"datePublished\":\"2025-03-12T03:37:00+00:00\",\"dateModified\":\"2025-05-04T19:07:36+00:00\",\"description\":\"El Gobierno de R\u00edo Negro ha dado un paso significativo en el escenario internacional al presentar su modelo de miner\u00eda con licencia social durante su participaci\u00f3n en la prestigiosa feria minera PDAC en Canad\u00e1.\",\"breadcrumb\":{\"@id\":\"https:\\\/\\\/patagoniambiental.com.ar\\\/info\\\/rio-negro-presenta-al-mundo-su-innovador-modelo-de-mineria-con-licencia-social\\\/#breadcrumb\"},\"inLanguage\":\"es\",\"potentialAction\":[{\"@type\":\"ReadAction\",\"target\":[\"https:\\\/\\\/patagoniambiental.com.ar\\\/info\\\/rio-negro-presenta-al-mundo-su-innovador-modelo-de-mineria-con-licencia-social\\\/\"]}]},{\"@type\":\"ImageObject\",\"inLanguage\":\"es\",\"@id\":\"https:\\\/\\\/patagoniambiental.com.ar\\\/info\\\/rio-negro-presenta-al-mundo-su-innovador-modelo-de-mineria-con-licencia-social\\\/#primaryimage\",\"url\":\"https:\\\/\\\/patagoniambiental.com.ar\\\/info\\\/wp-content\\\/uploads\\\/2025\\\/03\\\/1741809795-0638d4523e5205b26b8c.jpeg\",\"contentUrl\":\"https:\\\/\\\/patagoniambiental.com.ar\\\/info\\\/wp-content\\\/uploads\\\/2025\\\/03\\\/1741809795-0638d4523e5205b26b8c.jpeg\",\"width\":1080,\"height\":607},{\"@type\":\"BreadcrumbList\",\"@id\":\"https:\\\/\\\/patagoniambiental.com.ar\\\/info\\\/rio-negro-presenta-al-mundo-su-innovador-modelo-de-mineria-con-licencia-social\\\/#breadcrumb\",\"itemListElement\":[{\"@type\":\"ListItem\",\"position\":1,\"name\":\"Inicio\",\"item\":\"https:\\\/\\\/patagoniambiental.com.ar\\\/info\\\/\"},{\"@type\":\"ListItem\",\"position\":2,\"name\":\"R\u00edo Negro presenta al mundo su innovador modelo de miner\u00eda con licencia social\"}]},{\"@type\":\"WebSite\",\"@id\":\"https:\\\/\\\/patagoniambiental.com.ar\\\/info\\\/#website\",\"url\":\"https:\\\/\\\/patagoniambiental.com.ar\\\/info\\\/\",\"name\":\"Patagonia Ambiental\",\"description\":\"Monitoreo y an\u00e1lisis de la situaci\u00f3n geopol\u00edtica en el mundo y su implicancia en la Patagonia\",\"publisher\":{\"@id\":\"https:\\\/\\\/patagoniambiental.com.ar\\\/info\\\/#organization\"},\"potentialAction\":[{\"@type\":\"SearchAction\",\"target\":{\"@type\":\"EntryPoint\",\"urlTemplate\":\"https:\\\/\\\/patagoniambiental.com.ar\\\/info\\\/?s={search_term_string}\"},\"query-input\":{\"@type\":\"PropertyValueSpecification\",\"valueRequired\":true,\"valueName\":\"search_term_string\"}}],\"inLanguage\":\"es\"},{\"@type\":\"Organization\",\"@id\":\"https:\\\/\\\/patagoniambiental.com.ar\\\/info\\\/#organization\",\"name\":\"Patagonia Ambiental\",\"url\":\"https:\\\/\\\/patagoniambiental.com.ar\\\/info\\\/\",\"logo\":{\"@type\":\"ImageObject\",\"inLanguage\":\"es\",\"@id\":\"https:\\\/\\\/patagoniambiental.com.ar\\\/info\\\/#\\\/schema\\\/logo\\\/image\\\/\",\"url\":\"https:\\\/\\\/patagoniambiental.com.ar\\\/info\\\/wp-content\\\/uploads\\\/2025\\\/05\\\/LOGO-PATAGONIA-AMBIENTAL.png\",\"contentUrl\":\"https:\\\/\\\/patagoniambiental.com.ar\\\/info\\\/wp-content\\\/uploads\\\/2025\\\/05\\\/LOGO-PATAGONIA-AMBIENTAL.png\",\"width\":433,\"height\":250,\"caption\":\"Patagonia Ambiental\"},\"image\":{\"@id\":\"https:\\\/\\\/patagoniambiental.com.ar\\\/info\\\/#\\\/schema\\\/logo\\\/image\\\/\"},\"sameAs\":[\"https:\\\/\\\/www.facebook.com\\\/patagonia.ambiental\",\"https:\\\/\\\/x.com\\\/PatAmb\"]},{\"@type\":\"Person\",\"@id\":\"https:\\\/\\\/patagoniambiental.com.ar\\\/info\\\/#\\\/schema\\\/person\\\/db12bff64bbcbf6a253710bf0ea37b5d\",\"name\":\"Patagonia Ambiental\",\"description\":\"Andr\u00e9s Nievas T\u00e9cnico en manejo ambiental, consultor Ambiental y escritor para medios locales e internacionales sobre temas de geopolitica y medio ambiente.\",\"sameAs\":[\"http:\\\/\\\/www.patagoniambiental.com.ar\",\"https:\\\/\\\/www.facebook.com\\\/share\\\/1C1V8Gv9BX\\\/?mibextid=qi2Omg\",\"@patagoniambiental\",\"https:\\\/\\\/youtube.com\\\/@patagoniaambiental2023?si=BLt58t0wuXquxlYZ\"]}]}<\/script>\n<!-- \/ Yoast SEO Premium plugin. -->","yoast_head_json":{"title":"R\u00edo Negro presenta al mundo su innovador modelo de miner\u00eda con licencia social","description":"El Gobierno de R\u00edo Negro ha dado un paso significativo en el escenario internacional al presentar su modelo de miner\u00eda con licencia social durante su participaci\u00f3n en la prestigiosa feria minera PDAC en Canad\u00e1.","robots":{"index":"index","follow":"follow","max-snippet":"max-snippet:-1","max-image-preview":"max-image-preview:large","max-video-preview":"max-video-preview:-1"},"canonical":"https:\/\/patagoniambiental.com.ar\/info\/rio-negro-presenta-al-mundo-su-innovador-modelo-de-mineria-con-licencia-social\/","og_locale":"es_ES","og_type":"article","og_title":"R\u00edo Negro presenta al mundo su innovador modelo de miner\u00eda con licencia social","og_description":"El Gobierno de R\u00edo Negro ha dado un paso significativo en el escenario internacional al presentar su modelo de miner\u00eda con licencia social durante su participaci\u00f3n en la prestigiosa feria minera PDAC en Canad\u00e1.","og_url":"https:\/\/patagoniambiental.com.ar\/info\/rio-negro-presenta-al-mundo-su-innovador-modelo-de-mineria-con-licencia-social\/","og_site_name":"Patagonia Ambiental","article_publisher":"https:\/\/www.facebook.com\/patagonia.ambiental","article_author":"https:\/\/www.facebook.com\/share\/1C1V8Gv9BX\/?mibextid=qi2Omg","article_published_time":"2025-03-12T03:37:00+00:00","article_modified_time":"2025-05-04T19:07:36+00:00","og_image":[{"width":1080,"height":607,"url":"https:\/\/patagoniambiental.com.ar\/info\/wp-content\/uploads\/2025\/03\/1741809795-0638d4523e5205b26b8c.jpeg","type":"image\/jpeg"}],"author":"Patagonia Ambiental","twitter_card":"summary_large_image","twitter_creator":"@PatAmb","twitter_site":"@PatAmb","schema":{"@context":"https:\/\/schema.org","@graph":[{"@type":"Article","@id":"https:\/\/patagoniambiental.com.ar\/info\/rio-negro-presenta-al-mundo-su-innovador-modelo-de-mineria-con-licencia-social\/#article","isPartOf":{"@id":"https:\/\/patagoniambiental.com.ar\/info\/rio-negro-presenta-al-mundo-su-innovador-modelo-de-mineria-con-licencia-social\/"},"author":{"name":"Patagonia Ambiental","@id":"https:\/\/patagoniambiental.com.ar\/info\/#\/schema\/person\/db12bff64bbcbf6a253710bf0ea37b5d"},"headline":"R\u00edo Negro presenta al mundo su innovador modelo de miner\u00eda con licencia social","datePublished":"2025-03-12T03:37:00+00:00","dateModified":"2025-05-04T19:07:36+00:00","mainEntityOfPage":{"@id":"https:\/\/patagoniambiental.com.ar\/info\/rio-negro-presenta-al-mundo-su-innovador-modelo-de-mineria-con-licencia-social\/"},"wordCount":732,"commentCount":0,"publisher":{"@id":"https:\/\/patagoniambiental.com.ar\/info\/#organization"},"image":{"@id":"https:\/\/patagoniambiental.com.ar\/info\/rio-negro-presenta-al-mundo-su-innovador-modelo-de-mineria-con-licencia-social\/#primaryimage"},"thumbnailUrl":"https:\/\/patagoniambiental.com.ar\/info\/wp-content\/uploads\/2025\/03\/1741809795-0638d4523e5205b26b8c.jpeg","articleSection":["Noticias","Provinciales","R\u00edo Negro"],"inLanguage":"es","potentialAction":[{"@type":"CommentAction","name":"Comment","target":["https:\/\/patagoniambiental.com.ar\/info\/rio-negro-presenta-al-mundo-su-innovador-modelo-de-mineria-con-licencia-social\/#respond"]}]},{"@type":"WebPage","@id":"https:\/\/patagoniambiental.com.ar\/info\/rio-negro-presenta-al-mundo-su-innovador-modelo-de-mineria-con-licencia-social\/","url":"https:\/\/patagoniambiental.com.ar\/info\/rio-negro-presenta-al-mundo-su-innovador-modelo-de-mineria-con-licencia-social\/","name":"R\u00edo Negro presenta al mundo su innovador modelo de miner\u00eda con licencia social","isPartOf":{"@id":"https:\/\/patagoniambiental.com.ar\/info\/#website"},"primaryImageOfPage":{"@id":"https:\/\/patagoniambiental.com.ar\/info\/rio-negro-presenta-al-mundo-su-innovador-modelo-de-mineria-con-licencia-social\/#primaryimage"},"image":{"@id":"https:\/\/patagoniambiental.com.ar\/info\/rio-negro-presenta-al-mundo-su-innovador-modelo-de-mineria-con-licencia-social\/#primaryimage"},"thumbnailUrl":"https:\/\/patagoniambiental.com.ar\/info\/wp-content\/uploads\/2025\/03\/1741809795-0638d4523e5205b26b8c.jpeg","datePublished":"2025-03-12T03:37:00+00:00","dateModified":"2025-05-04T19:07:36+00:00","description":"El Gobierno de R\u00edo Negro ha dado un paso significativo en el escenario internacional al presentar su modelo de miner\u00eda con licencia social durante su participaci\u00f3n en la prestigiosa feria minera PDAC en Canad\u00e1.","breadcrumb":{"@id":"https:\/\/patagoniambiental.com.ar\/info\/rio-negro-presenta-al-mundo-su-innovador-modelo-de-mineria-con-licencia-social\/#breadcrumb"},"inLanguage":"es","potentialAction":[{"@type":"ReadAction","target":["https:\/\/patagoniambiental.com.ar\/info\/rio-negro-presenta-al-mundo-su-innovador-modelo-de-mineria-con-licencia-social\/"]}]},{"@type":"ImageObject","inLanguage":"es","@id":"https:\/\/patagoniambiental.com.ar\/info\/rio-negro-presenta-al-mundo-su-innovador-modelo-de-mineria-con-licencia-social\/#primaryimage","url":"https:\/\/patagoniambiental.com.ar\/info\/wp-content\/uploads\/2025\/03\/1741809795-0638d4523e5205b26b8c.jpeg","contentUrl":"https:\/\/patagoniambiental.com.ar\/info\/wp-content\/uploads\/2025\/03\/1741809795-0638d4523e5205b26b8c.jpeg","width":1080,"height":607},{"@type":"BreadcrumbList","@id":"https:\/\/patagoniambiental.com.ar\/info\/rio-negro-presenta-al-mundo-su-innovador-modelo-de-mineria-con-licencia-social\/#breadcrumb","itemListElement":[{"@type":"ListItem","position":1,"name":"Inicio","item":"https:\/\/patagoniambiental.com.ar\/info\/"},{"@type":"ListItem","position":2,"name":"R\u00edo Negro presenta al mundo su innovador modelo de miner\u00eda con licencia social"}]},{"@type":"WebSite","@id":"https:\/\/patagoniambiental.com.ar\/info\/#website","url":"https:\/\/patagoniambiental.com.ar\/info\/","name":"Patagonia Ambiental","description":"Monitoreo y an\u00e1lisis de la situaci\u00f3n geopol\u00edtica en el mundo y su implicancia en la Patagonia","publisher":{"@id":"https:\/\/patagoniambiental.com.ar\/info\/#organization"},"potentialAction":[{"@type":"SearchAction","target":{"@type":"EntryPoint","urlTemplate":"https:\/\/patagoniambiental.com.ar\/info\/?s={search_term_string}"},"query-input":{"@type":"PropertyValueSpecification","valueRequired":true,"valueName":"search_term_string"}}],"inLanguage":"es"},{"@type":"Organization","@id":"https:\/\/patagoniambiental.com.ar\/info\/#organization","name":"Patagonia Ambiental","url":"https:\/\/patagoniambiental.com.ar\/info\/","logo":{"@type":"ImageObject","inLanguage":"es","@id":"https:\/\/patagoniambiental.com.ar\/info\/#\/schema\/logo\/image\/","url":"https:\/\/patagoniambiental.com.ar\/info\/wp-content\/uploads\/2025\/05\/LOGO-PATAGONIA-AMBIENTAL.png","contentUrl":"https:\/\/patagoniambiental.com.ar\/info\/wp-content\/uploads\/2025\/05\/LOGO-PATAGONIA-AMBIENTAL.png","width":433,"height":250,"caption":"Patagonia Ambiental"},"image":{"@id":"https:\/\/patagoniambiental.com.ar\/info\/#\/schema\/logo\/image\/"},"sameAs":["https:\/\/www.facebook.com\/patagonia.ambiental","https:\/\/x.com\/PatAmb"]},{"@type":"Person","@id":"https:\/\/patagoniambiental.com.ar\/info\/#\/schema\/person\/db12bff64bbcbf6a253710bf0ea37b5d","name":"Patagonia Ambiental","description":"Andr\u00e9s Nievas T\u00e9cnico en manejo ambiental, consultor Ambiental y escritor para medios locales e internacionales sobre temas de geopolitica y medio ambiente.","sameAs":["http:\/\/www.patagoniambiental.com.ar","https:\/\/www.facebook.com\/share\/1C1V8Gv9BX\/?mibextid=qi2Omg","@patagoniambiental","https:\/\/youtube.com\/@patagoniaambiental2023?si=BLt58t0wuXquxlYZ"]}]}},"_links":{"self":[{"href":"https:\/\/patagoniambiental.com.ar\/info\/wp-json\/wp\/v2\/posts\/93366","targetHints":{"allow":["GET"]}}],"collection":[{"href":"https:\/\/patagoniambiental.com.ar\/info\/wp-json\/wp\/v2\/posts"}],"about":[{"href":"https:\/\/patagoniambiental.com.ar\/info\/wp-json\/wp\/v2\/types\/post"}],"author":[{"embeddable":true,"href":"https:\/\/patagoniambiental.com.ar\/info\/wp-json\/wp\/v2\/users\/2"}],"replies":[{"embeddable":true,"href":"https:\/\/patagoniambiental.com.ar\/info\/wp-json\/wp\/v2\/comments?post=93366"}],"version-history":[{"count":0,"href":"https:\/\/patagoniambiental.com.ar\/info\/wp-json\/wp\/v2\/posts\/93366\/revisions"}],"wp:featuredmedia":[{"embeddable":true,"href":"https:\/\/patagoniambiental.com.ar\/info\/wp-json\/wp\/v2\/media\/93367"}],"wp:attachment":[{"href":"https:\/\/patagoniambiental.com.ar\/info\/wp-json\/wp\/v2\/media?parent=93366"}],"wp:term":[{"taxonomy":"category","embeddable":true,"href":"https:\/\/patagoniambiental.com.ar\/info\/wp-json\/wp\/v2\/categories?post=93366"},{"taxonomy":"post_tag","embeddable":true,"href":"https:\/\/patagoniambiental.com.ar\/info\/wp-json\/wp\/v2\/tags?post=93366"}],"curies":[{"name":"wp","href":"https:\/\/api.w.org\/{rel}","templated":true}]}}