{"id":93373,"date":"2025-03-13T21:05:45","date_gmt":"2025-03-14T00:05:45","guid":{"rendered":"https:\/\/patagoniambiental.com.ar\/info\/?p=93373"},"modified":"2025-05-04T16:07:34","modified_gmt":"2025-05-04T19:07:34","slug":"rio-negro-recicla-vagones-de-tren-para-mejorar-el-turismo-en-la-ruta-de-la-estepa","status":"publish","type":"post","link":"https:\/\/patagoniambiental.com.ar\/info\/rio-negro-recicla-vagones-de-tren-para-mejorar-el-turismo-en-la-ruta-de-la-estepa\/","title":{"rendered":"R\u00edo Negro recicla vagones de tren para mejorar el turismo en la Ruta de la Estepa"},"content":{"rendered":"\n<!--more-->\n\n\n\n<p><br>Rio Negro, 13 de marzo de 2025. El Gobierno de R\u00edo Negro ha anunciado el inicio de la segunda etapa del Corredor Tur\u00edstico Ruta de la Estepa, un proyecto que promete transformar la experiencia de los viajeros que recorren la Ruta Nacional N\u00b0 23. Con el objetivo de fortalecer el desarrollo econ\u00f3mico y tur\u00edstico de la regi\u00f3n, se realizar\u00e1n diversas obras de infraestructura que mejorar\u00e1n los servicios y dotar\u00e1n a los visitantes de nuevos espacios de descanso y orientaci\u00f3n.<\/p>\n\n\n\n<figure class=\"wp-block-embed is-type-video is-provider-youtube wp-block-embed-youtube wp-embed-aspect-16-9 wp-has-aspect-ratio\"><div class=\"wp-block-embed__wrapper\">\n<iframe title=\"Se pone en marcha la segunda etapa del Corredor Ruta de la Estepa\" width=\"500\" height=\"281\" src=\"https:\/\/www.youtube.com\/embed\/8eYkiZ5ZiFQ?feature=oembed\" frameborder=\"0\" allow=\"accelerometer; autoplay; clipboard-write; encrypted-media; gyroscope; picture-in-picture; web-share\" referrerpolicy=\"strict-origin-when-cross-origin\" allowfullscreen><\/iframe>\n<\/div><\/figure>\n\n\n\n<p>Este proyecto abarca la creaci\u00f3n de cuatro nuevos Centros de Atenci\u00f3n al Visitante en localidades clave como Maquinchao, Ingeniero Jacobacci, Comallo y Pilcaniyeu. Estos se suman a los recientemente inaugurados en Valcheta, Ramos Mex\u00eda, Sierra Colorada y Los Menucos, que ya est\u00e1n facilitando el acceso a informaci\u00f3n tur\u00edstica esencial. Adem\u00e1s, se construir\u00e1n dos miradores panor\u00e1micos en puntos estrat\u00e9gicos con vistas impresionantes, junto a un t\u00f3tem identificatorio en Clemente Onelli, que marcar\u00e1 un hito visual para quienes transiten por la ruta.<\/p>\n\n\n\n<p><strong>Centros de atenci\u00f3n con un dise\u00f1o innovador<\/strong><br>Lo m\u00e1s destacable de estos centros es su dise\u00f1o sustentable y funcional. Seg\u00fan Lucrecia Yunes, directora de Desarrollo Tur\u00edstico de R\u00edo Negro, los centros se construir\u00e1n a partir del reciclaje de vagones de tren, anteriormente usados para el transporte de carga. Este enfoque no solo es ecol\u00f3gico, sino que mantiene la esencia hist\u00f3rica de la regi\u00f3n, d\u00e1ndole una nueva vida a estos elementos del pasado.<\/p>\n\n\n\n<p>Cada centro contar\u00e1 con \u00e1reas clave para el confort de los turistas, tales como oficinas de atenci\u00f3n al p\u00fablico, ba\u00f1os accesibles, espacios para el personal y una rampa exterior que garantizar\u00e1 la accesibilidad para todas las personas. Este tipo de intervenciones tambi\u00e9n tiene como fin jerarquizar la infraestructura tur\u00edstica en la regi\u00f3n, elevando la calidad del servicio ofrecido a los visitantes.<\/p>\n\n\n\n<p><strong>Un impulso a la regi\u00f3n esteparia<\/strong><br>La iniciativa forma parte del Fondo Provincial de Infraestructura Tur\u00edstica, un programa del Gobierno de R\u00edo Negro que busca fortalecer la oferta tur\u00edstica en distintas zonas de la provincia, con especial \u00e9nfasis en aquellos territorios emergentes, como la regi\u00f3n esteparia, que posee un enorme potencial por explorar.<\/p>\n\n\n\n<p><strong>R\u00edo Negro apuesta al futuro del turismo<\/strong><br>Este ambicioso proyecto es solo una parte de los esfuerzos continuos del Gobierno Provincial para diversificar y aumentar la competitividad del turismo en R\u00edo Negro. A trav\u00e9s de estas inversiones, se busca no solo atraer a m\u00e1s turistas, sino tambi\u00e9n generar un impacto positivo en la econom\u00eda local, promoviendo el empleo y la inversi\u00f3n en zonas poco exploradas pero ricas en belleza natural y cultura.<\/p>\n\n\n\n<p>Con la puesta en marcha de esta nueva etapa, R\u00edo Negro sigue consolid\u00e1ndose como un destino tur\u00edstico de referencia, con una infraestructura que no solo resalta la belleza del paisaje, sino que tambi\u00e9n ofrece comodidad y accesibilidad a los turistas que eligen conocer esta fascinante regi\u00f3n.<\/p>\n","protected":false},"excerpt":{"rendered":"","protected":false},"author":2,"featured_media":93374,"comment_status":"open","ping_status":"open","sticky":false,"template":"","format":"standard","meta":{"site-sidebar-layout":"default","site-content-layout":"","ast-site-content-layout":"default","site-content-style":"default","site-sidebar-style":"default","ast-global-header-display":"","ast-banner-title-visibility":"","ast-main-header-display":"","ast-hfb-above-header-display":"","ast-hfb-below-header-display":"","ast-hfb-mobile-header-display":"","site-post-title":"","ast-breadcrumbs-content":"","ast-featured-img":"","footer-sml-layout":"","ast-disable-related-posts":"","theme-transparent-header-meta":"","adv-header-id-meta":"","stick-header-meta":"","header-above-stick-meta":"","header-main-stick-meta":"","header-below-stick-meta":"","astra-migrate-meta-layouts":"default","ast-page-background-enabled":"default","ast-page-background-meta":{"desktop":{"background-color":"var(--ast-global-color-5)","background-image":"","background-repeat":"repeat","background-position":"center center","background-size":"auto","background-attachment":"scroll","background-type":"","background-media":"","overlay-type":"","overlay-color":"","overlay-opacity":"","overlay-gradient":""},"tablet":{"background-color":"","background-image":"","background-repeat":"repeat","background-position":"center center","background-size":"auto","background-attachment":"scroll","background-type":"","background-media":"","overlay-type":"","overlay-color":"","overlay-opacity":"","overlay-gradient":""},"mobile":{"background-color":"","background-image":"","background-repeat":"repeat","background-position":"center center","background-size":"auto","background-attachment":"scroll","background-type":"","background-media":"","overlay-type":"","overlay-color":"","overlay-opacity":"","overlay-gradient":""}},"ast-content-background-meta":{"desktop":{"background-color":"var(--ast-global-color-4)","background-image":"","background-repeat":"repeat","background-position":"center center","background-size":"auto","background-attachment":"scroll","background-type":"","background-media":"","overlay-type":"","overlay-color":"","overlay-opacity":"","overlay-gradient":""},"tablet":{"background-color":"var(--ast-global-color-4)","background-image":"","background-repeat":"repeat","background-position":"center center","background-size":"auto","background-attachment":"scroll","background-type":"","background-media":"","overlay-type":"","overlay-color":"","overlay-opacity":"","overlay-gradient":""},"mobile":{"background-color":"var(--ast-global-color-4)","background-image":"","background-repeat":"repeat","background-position":"center center","background-size":"auto","background-attachment":"scroll","background-type":"","background-media":"","overlay-type":"","overlay-color":"","overlay-opacity":"","overlay-gradient":""}},"footnotes":""},"categories":[1,13,14],"tags":[],"class_list":["post-93373","post","type-post","status-publish","format-standard","has-post-thumbnail","hentry","category-noticias","category-provinciales","category-rio-negro"],"yoast_head":"<!-- This site is optimized with the Yoast SEO Premium plugin v23.0 (Yoast SEO v27.5) - https:\/\/yoast.com\/product\/yoast-seo-premium-wordpress\/ -->\n<title>R\u00edo Negro recicla vagones de tren para mejorar el turismo en la Ruta de la Estepa<\/title>\n<meta name=\"description\" content=\"El Gobierno de R\u00edo Negro ha anunciado el inicio de la segunda etapa del Corredor Tur\u00edstico Ruta de la Estepa, un proyecto que promete transformar la experiencia de los viajeros que recorren la Ruta Nacional N\u00b0 23.\" \/>\n<meta name=\"robots\" content=\"index, follow, max-snippet:-1, max-image-preview:large, max-video-preview:-1\" \/>\n<link rel=\"canonical\" href=\"https:\/\/patagoniambiental.com.ar\/info\/rio-negro-recicla-vagones-de-tren-para-mejorar-el-turismo-en-la-ruta-de-la-estepa\/\" \/>\n<meta property=\"og:locale\" content=\"es_ES\" \/>\n<meta property=\"og:type\" content=\"article\" \/>\n<meta property=\"og:title\" content=\"R\u00edo Negro recicla vagones de tren para mejorar el turismo en la Ruta de la Estepa\" \/>\n<meta property=\"og:description\" content=\"El Gobierno de R\u00edo Negro ha anunciado el inicio de la segunda etapa del Corredor Tur\u00edstico Ruta de la Estepa, un proyecto que promete transformar la experiencia de los viajeros que recorren la Ruta Nacional N\u00b0 23.\" \/>\n<meta property=\"og:url\" content=\"https:\/\/patagoniambiental.com.ar\/info\/rio-negro-recicla-vagones-de-tren-para-mejorar-el-turismo-en-la-ruta-de-la-estepa\/\" \/>\n<meta property=\"og:site_name\" content=\"Patagonia Ambiental\" \/>\n<meta property=\"article:publisher\" content=\"https:\/\/www.facebook.com\/patagonia.ambiental\" \/>\n<meta property=\"article:author\" content=\"https:\/\/www.facebook.com\/share\/1C1V8Gv9BX\/?mibextid=qi2Omg\" \/>\n<meta property=\"article:published_time\" content=\"2025-03-14T00:05:45+00:00\" \/>\n<meta property=\"article:modified_time\" content=\"2025-05-04T19:07:34+00:00\" \/>\n<meta property=\"og:image\" content=\"https:\/\/patagoniambiental.com.ar\/info\/wp-content\/uploads\/2025\/03\/1741799563-3d7d5d0486b642a22767.jpeg\" \/>\n\t<meta property=\"og:image:width\" content=\"807\" \/>\n\t<meta property=\"og:image:height\" content=\"454\" \/>\n\t<meta property=\"og:image:type\" content=\"image\/jpeg\" \/>\n<meta name=\"author\" content=\"Patagonia Ambiental\" \/>\n<meta name=\"twitter:card\" content=\"summary_large_image\" \/>\n<meta name=\"twitter:creator\" content=\"@PatAmb\" \/>\n<meta name=\"twitter:site\" content=\"@PatAmb\" \/>\n<script type=\"application\/ld+json\" class=\"yoast-schema-graph\">{\"@context\":\"https:\\\/\\\/schema.org\",\"@graph\":[{\"@type\":\"Article\",\"@id\":\"https:\\\/\\\/patagoniambiental.com.ar\\\/info\\\/rio-negro-recicla-vagones-de-tren-para-mejorar-el-turismo-en-la-ruta-de-la-estepa\\\/#article\",\"isPartOf\":{\"@id\":\"https:\\\/\\\/patagoniambiental.com.ar\\\/info\\\/rio-negro-recicla-vagones-de-tren-para-mejorar-el-turismo-en-la-ruta-de-la-estepa\\\/\"},\"author\":{\"name\":\"Patagonia Ambiental\",\"@id\":\"https:\\\/\\\/patagoniambiental.com.ar\\\/info\\\/#\\\/schema\\\/person\\\/db12bff64bbcbf6a253710bf0ea37b5d\"},\"headline\":\"R\u00edo Negro recicla vagones de tren para mejorar el turismo en la Ruta de la Estepa\",\"datePublished\":\"2025-03-14T00:05:45+00:00\",\"dateModified\":\"2025-05-04T19:07:34+00:00\",\"mainEntityOfPage\":{\"@id\":\"https:\\\/\\\/patagoniambiental.com.ar\\\/info\\\/rio-negro-recicla-vagones-de-tren-para-mejorar-el-turismo-en-la-ruta-de-la-estepa\\\/\"},\"wordCount\":541,\"commentCount\":0,\"publisher\":{\"@id\":\"https:\\\/\\\/patagoniambiental.com.ar\\\/info\\\/#organization\"},\"image\":{\"@id\":\"https:\\\/\\\/patagoniambiental.com.ar\\\/info\\\/rio-negro-recicla-vagones-de-tren-para-mejorar-el-turismo-en-la-ruta-de-la-estepa\\\/#primaryimage\"},\"thumbnailUrl\":\"https:\\\/\\\/patagoniambiental.com.ar\\\/info\\\/wp-content\\\/uploads\\\/2025\\\/03\\\/1741799563-3d7d5d0486b642a22767.jpeg\",\"articleSection\":[\"Noticias\",\"Provinciales\",\"R\u00edo Negro\"],\"inLanguage\":\"es\",\"potentialAction\":[{\"@type\":\"CommentAction\",\"name\":\"Comment\",\"target\":[\"https:\\\/\\\/patagoniambiental.com.ar\\\/info\\\/rio-negro-recicla-vagones-de-tren-para-mejorar-el-turismo-en-la-ruta-de-la-estepa\\\/#respond\"]}]},{\"@type\":\"WebPage\",\"@id\":\"https:\\\/\\\/patagoniambiental.com.ar\\\/info\\\/rio-negro-recicla-vagones-de-tren-para-mejorar-el-turismo-en-la-ruta-de-la-estepa\\\/\",\"url\":\"https:\\\/\\\/patagoniambiental.com.ar\\\/info\\\/rio-negro-recicla-vagones-de-tren-para-mejorar-el-turismo-en-la-ruta-de-la-estepa\\\/\",\"name\":\"R\u00edo Negro recicla vagones de tren para mejorar el turismo en la Ruta de la Estepa\",\"isPartOf\":{\"@id\":\"https:\\\/\\\/patagoniambiental.com.ar\\\/info\\\/#website\"},\"primaryImageOfPage\":{\"@id\":\"https:\\\/\\\/patagoniambiental.com.ar\\\/info\\\/rio-negro-recicla-vagones-de-tren-para-mejorar-el-turismo-en-la-ruta-de-la-estepa\\\/#primaryimage\"},\"image\":{\"@id\":\"https:\\\/\\\/patagoniambiental.com.ar\\\/info\\\/rio-negro-recicla-vagones-de-tren-para-mejorar-el-turismo-en-la-ruta-de-la-estepa\\\/#primaryimage\"},\"thumbnailUrl\":\"https:\\\/\\\/patagoniambiental.com.ar\\\/info\\\/wp-content\\\/uploads\\\/2025\\\/03\\\/1741799563-3d7d5d0486b642a22767.jpeg\",\"datePublished\":\"2025-03-14T00:05:45+00:00\",\"dateModified\":\"2025-05-04T19:07:34+00:00\",\"description\":\"El Gobierno de R\u00edo Negro ha anunciado el inicio de la segunda etapa del Corredor Tur\u00edstico Ruta de la Estepa, un proyecto que promete transformar la experiencia de los viajeros que recorren la Ruta Nacional N\u00b0 23.\",\"breadcrumb\":{\"@id\":\"https:\\\/\\\/patagoniambiental.com.ar\\\/info\\\/rio-negro-recicla-vagones-de-tren-para-mejorar-el-turismo-en-la-ruta-de-la-estepa\\\/#breadcrumb\"},\"inLanguage\":\"es\",\"potentialAction\":[{\"@type\":\"ReadAction\",\"target\":[\"https:\\\/\\\/patagoniambiental.com.ar\\\/info\\\/rio-negro-recicla-vagones-de-tren-para-mejorar-el-turismo-en-la-ruta-de-la-estepa\\\/\"]}]},{\"@type\":\"ImageObject\",\"inLanguage\":\"es\",\"@id\":\"https:\\\/\\\/patagoniambiental.com.ar\\\/info\\\/rio-negro-recicla-vagones-de-tren-para-mejorar-el-turismo-en-la-ruta-de-la-estepa\\\/#primaryimage\",\"url\":\"https:\\\/\\\/patagoniambiental.com.ar\\\/info\\\/wp-content\\\/uploads\\\/2025\\\/03\\\/1741799563-3d7d5d0486b642a22767.jpeg\",\"contentUrl\":\"https:\\\/\\\/patagoniambiental.com.ar\\\/info\\\/wp-content\\\/uploads\\\/2025\\\/03\\\/1741799563-3d7d5d0486b642a22767.jpeg\",\"width\":807,\"height\":454},{\"@type\":\"BreadcrumbList\",\"@id\":\"https:\\\/\\\/patagoniambiental.com.ar\\\/info\\\/rio-negro-recicla-vagones-de-tren-para-mejorar-el-turismo-en-la-ruta-de-la-estepa\\\/#breadcrumb\",\"itemListElement\":[{\"@type\":\"ListItem\",\"position\":1,\"name\":\"Inicio\",\"item\":\"https:\\\/\\\/patagoniambiental.com.ar\\\/info\\\/\"},{\"@type\":\"ListItem\",\"position\":2,\"name\":\"R\u00edo Negro recicla vagones de tren para mejorar el turismo en la Ruta de la Estepa\"}]},{\"@type\":\"WebSite\",\"@id\":\"https:\\\/\\\/patagoniambiental.com.ar\\\/info\\\/#website\",\"url\":\"https:\\\/\\\/patagoniambiental.com.ar\\\/info\\\/\",\"name\":\"Patagonia Ambiental\",\"description\":\"Monitoreo y an\u00e1lisis de la situaci\u00f3n geopol\u00edtica en el mundo y su implicancia en la Patagonia\",\"publisher\":{\"@id\":\"https:\\\/\\\/patagoniambiental.com.ar\\\/info\\\/#organization\"},\"potentialAction\":[{\"@type\":\"SearchAction\",\"target\":{\"@type\":\"EntryPoint\",\"urlTemplate\":\"https:\\\/\\\/patagoniambiental.com.ar\\\/info\\\/?s={search_term_string}\"},\"query-input\":{\"@type\":\"PropertyValueSpecification\",\"valueRequired\":true,\"valueName\":\"search_term_string\"}}],\"inLanguage\":\"es\"},{\"@type\":\"Organization\",\"@id\":\"https:\\\/\\\/patagoniambiental.com.ar\\\/info\\\/#organization\",\"name\":\"Patagonia Ambiental\",\"url\":\"https:\\\/\\\/patagoniambiental.com.ar\\\/info\\\/\",\"logo\":{\"@type\":\"ImageObject\",\"inLanguage\":\"es\",\"@id\":\"https:\\\/\\\/patagoniambiental.com.ar\\\/info\\\/#\\\/schema\\\/logo\\\/image\\\/\",\"url\":\"https:\\\/\\\/patagoniambiental.com.ar\\\/info\\\/wp-content\\\/uploads\\\/2025\\\/05\\\/LOGO-PATAGONIA-AMBIENTAL.png\",\"contentUrl\":\"https:\\\/\\\/patagoniambiental.com.ar\\\/info\\\/wp-content\\\/uploads\\\/2025\\\/05\\\/LOGO-PATAGONIA-AMBIENTAL.png\",\"width\":433,\"height\":250,\"caption\":\"Patagonia Ambiental\"},\"image\":{\"@id\":\"https:\\\/\\\/patagoniambiental.com.ar\\\/info\\\/#\\\/schema\\\/logo\\\/image\\\/\"},\"sameAs\":[\"https:\\\/\\\/www.facebook.com\\\/patagonia.ambiental\",\"https:\\\/\\\/x.com\\\/PatAmb\"]},{\"@type\":\"Person\",\"@id\":\"https:\\\/\\\/patagoniambiental.com.ar\\\/info\\\/#\\\/schema\\\/person\\\/db12bff64bbcbf6a253710bf0ea37b5d\",\"name\":\"Patagonia Ambiental\",\"description\":\"Andr\u00e9s Nievas T\u00e9cnico en manejo ambiental, consultor Ambiental y escritor para medios locales e internacionales sobre temas de geopolitica y medio ambiente.\",\"sameAs\":[\"http:\\\/\\\/www.patagoniambiental.com.ar\",\"https:\\\/\\\/www.facebook.com\\\/share\\\/1C1V8Gv9BX\\\/?mibextid=qi2Omg\",\"@patagoniambiental\",\"https:\\\/\\\/youtube.com\\\/@patagoniaambiental2023?si=BLt58t0wuXquxlYZ\"]}]}<\/script>\n<!-- \/ Yoast SEO Premium plugin. -->","yoast_head_json":{"title":"R\u00edo Negro recicla vagones de tren para mejorar el turismo en la Ruta de la Estepa","description":"El Gobierno de R\u00edo Negro ha anunciado el inicio de la segunda etapa del Corredor Tur\u00edstico Ruta de la Estepa, un proyecto que promete transformar la experiencia de los viajeros que recorren la Ruta Nacional N\u00b0 23.","robots":{"index":"index","follow":"follow","max-snippet":"max-snippet:-1","max-image-preview":"max-image-preview:large","max-video-preview":"max-video-preview:-1"},"canonical":"https:\/\/patagoniambiental.com.ar\/info\/rio-negro-recicla-vagones-de-tren-para-mejorar-el-turismo-en-la-ruta-de-la-estepa\/","og_locale":"es_ES","og_type":"article","og_title":"R\u00edo Negro recicla vagones de tren para mejorar el turismo en la Ruta de la Estepa","og_description":"El Gobierno de R\u00edo Negro ha anunciado el inicio de la segunda etapa del Corredor Tur\u00edstico Ruta de la Estepa, un proyecto que promete transformar la experiencia de los viajeros que recorren la Ruta Nacional N\u00b0 23.","og_url":"https:\/\/patagoniambiental.com.ar\/info\/rio-negro-recicla-vagones-de-tren-para-mejorar-el-turismo-en-la-ruta-de-la-estepa\/","og_site_name":"Patagonia Ambiental","article_publisher":"https:\/\/www.facebook.com\/patagonia.ambiental","article_author":"https:\/\/www.facebook.com\/share\/1C1V8Gv9BX\/?mibextid=qi2Omg","article_published_time":"2025-03-14T00:05:45+00:00","article_modified_time":"2025-05-04T19:07:34+00:00","og_image":[{"width":807,"height":454,"url":"https:\/\/patagoniambiental.com.ar\/info\/wp-content\/uploads\/2025\/03\/1741799563-3d7d5d0486b642a22767.jpeg","type":"image\/jpeg"}],"author":"Patagonia Ambiental","twitter_card":"summary_large_image","twitter_creator":"@PatAmb","twitter_site":"@PatAmb","schema":{"@context":"https:\/\/schema.org","@graph":[{"@type":"Article","@id":"https:\/\/patagoniambiental.com.ar\/info\/rio-negro-recicla-vagones-de-tren-para-mejorar-el-turismo-en-la-ruta-de-la-estepa\/#article","isPartOf":{"@id":"https:\/\/patagoniambiental.com.ar\/info\/rio-negro-recicla-vagones-de-tren-para-mejorar-el-turismo-en-la-ruta-de-la-estepa\/"},"author":{"name":"Patagonia Ambiental","@id":"https:\/\/patagoniambiental.com.ar\/info\/#\/schema\/person\/db12bff64bbcbf6a253710bf0ea37b5d"},"headline":"R\u00edo Negro recicla vagones de tren para mejorar el turismo en la Ruta de la Estepa","datePublished":"2025-03-14T00:05:45+00:00","dateModified":"2025-05-04T19:07:34+00:00","mainEntityOfPage":{"@id":"https:\/\/patagoniambiental.com.ar\/info\/rio-negro-recicla-vagones-de-tren-para-mejorar-el-turismo-en-la-ruta-de-la-estepa\/"},"wordCount":541,"commentCount":0,"publisher":{"@id":"https:\/\/patagoniambiental.com.ar\/info\/#organization"},"image":{"@id":"https:\/\/patagoniambiental.com.ar\/info\/rio-negro-recicla-vagones-de-tren-para-mejorar-el-turismo-en-la-ruta-de-la-estepa\/#primaryimage"},"thumbnailUrl":"https:\/\/patagoniambiental.com.ar\/info\/wp-content\/uploads\/2025\/03\/1741799563-3d7d5d0486b642a22767.jpeg","articleSection":["Noticias","Provinciales","R\u00edo Negro"],"inLanguage":"es","potentialAction":[{"@type":"CommentAction","name":"Comment","target":["https:\/\/patagoniambiental.com.ar\/info\/rio-negro-recicla-vagones-de-tren-para-mejorar-el-turismo-en-la-ruta-de-la-estepa\/#respond"]}]},{"@type":"WebPage","@id":"https:\/\/patagoniambiental.com.ar\/info\/rio-negro-recicla-vagones-de-tren-para-mejorar-el-turismo-en-la-ruta-de-la-estepa\/","url":"https:\/\/patagoniambiental.com.ar\/info\/rio-negro-recicla-vagones-de-tren-para-mejorar-el-turismo-en-la-ruta-de-la-estepa\/","name":"R\u00edo Negro recicla vagones de tren para mejorar el turismo en la Ruta de la Estepa","isPartOf":{"@id":"https:\/\/patagoniambiental.com.ar\/info\/#website"},"primaryImageOfPage":{"@id":"https:\/\/patagoniambiental.com.ar\/info\/rio-negro-recicla-vagones-de-tren-para-mejorar-el-turismo-en-la-ruta-de-la-estepa\/#primaryimage"},"image":{"@id":"https:\/\/patagoniambiental.com.ar\/info\/rio-negro-recicla-vagones-de-tren-para-mejorar-el-turismo-en-la-ruta-de-la-estepa\/#primaryimage"},"thumbnailUrl":"https:\/\/patagoniambiental.com.ar\/info\/wp-content\/uploads\/2025\/03\/1741799563-3d7d5d0486b642a22767.jpeg","datePublished":"2025-03-14T00:05:45+00:00","dateModified":"2025-05-04T19:07:34+00:00","description":"El Gobierno de R\u00edo Negro ha anunciado el inicio de la segunda etapa del Corredor Tur\u00edstico Ruta de la Estepa, un proyecto que promete transformar la experiencia de los viajeros que recorren la Ruta Nacional N\u00b0 23.","breadcrumb":{"@id":"https:\/\/patagoniambiental.com.ar\/info\/rio-negro-recicla-vagones-de-tren-para-mejorar-el-turismo-en-la-ruta-de-la-estepa\/#breadcrumb"},"inLanguage":"es","potentialAction":[{"@type":"ReadAction","target":["https:\/\/patagoniambiental.com.ar\/info\/rio-negro-recicla-vagones-de-tren-para-mejorar-el-turismo-en-la-ruta-de-la-estepa\/"]}]},{"@type":"ImageObject","inLanguage":"es","@id":"https:\/\/patagoniambiental.com.ar\/info\/rio-negro-recicla-vagones-de-tren-para-mejorar-el-turismo-en-la-ruta-de-la-estepa\/#primaryimage","url":"https:\/\/patagoniambiental.com.ar\/info\/wp-content\/uploads\/2025\/03\/1741799563-3d7d5d0486b642a22767.jpeg","contentUrl":"https:\/\/patagoniambiental.com.ar\/info\/wp-content\/uploads\/2025\/03\/1741799563-3d7d5d0486b642a22767.jpeg","width":807,"height":454},{"@type":"BreadcrumbList","@id":"https:\/\/patagoniambiental.com.ar\/info\/rio-negro-recicla-vagones-de-tren-para-mejorar-el-turismo-en-la-ruta-de-la-estepa\/#breadcrumb","itemListElement":[{"@type":"ListItem","position":1,"name":"Inicio","item":"https:\/\/patagoniambiental.com.ar\/info\/"},{"@type":"ListItem","position":2,"name":"R\u00edo Negro recicla vagones de tren para mejorar el turismo en la Ruta de la Estepa"}]},{"@type":"WebSite","@id":"https:\/\/patagoniambiental.com.ar\/info\/#website","url":"https:\/\/patagoniambiental.com.ar\/info\/","name":"Patagonia Ambiental","description":"Monitoreo y an\u00e1lisis de la situaci\u00f3n geopol\u00edtica en el mundo y su implicancia en la Patagonia","publisher":{"@id":"https:\/\/patagoniambiental.com.ar\/info\/#organization"},"potentialAction":[{"@type":"SearchAction","target":{"@type":"EntryPoint","urlTemplate":"https:\/\/patagoniambiental.com.ar\/info\/?s={search_term_string}"},"query-input":{"@type":"PropertyValueSpecification","valueRequired":true,"valueName":"search_term_string"}}],"inLanguage":"es"},{"@type":"Organization","@id":"https:\/\/patagoniambiental.com.ar\/info\/#organization","name":"Patagonia Ambiental","url":"https:\/\/patagoniambiental.com.ar\/info\/","logo":{"@type":"ImageObject","inLanguage":"es","@id":"https:\/\/patagoniambiental.com.ar\/info\/#\/schema\/logo\/image\/","url":"https:\/\/patagoniambiental.com.ar\/info\/wp-content\/uploads\/2025\/05\/LOGO-PATAGONIA-AMBIENTAL.png","contentUrl":"https:\/\/patagoniambiental.com.ar\/info\/wp-content\/uploads\/2025\/05\/LOGO-PATAGONIA-AMBIENTAL.png","width":433,"height":250,"caption":"Patagonia Ambiental"},"image":{"@id":"https:\/\/patagoniambiental.com.ar\/info\/#\/schema\/logo\/image\/"},"sameAs":["https:\/\/www.facebook.com\/patagonia.ambiental","https:\/\/x.com\/PatAmb"]},{"@type":"Person","@id":"https:\/\/patagoniambiental.com.ar\/info\/#\/schema\/person\/db12bff64bbcbf6a253710bf0ea37b5d","name":"Patagonia Ambiental","description":"Andr\u00e9s Nievas T\u00e9cnico en manejo ambiental, consultor Ambiental y escritor para medios locales e internacionales sobre temas de geopolitica y medio ambiente.","sameAs":["http:\/\/www.patagoniambiental.com.ar","https:\/\/www.facebook.com\/share\/1C1V8Gv9BX\/?mibextid=qi2Omg","@patagoniambiental","https:\/\/youtube.com\/@patagoniaambiental2023?si=BLt58t0wuXquxlYZ"]}]}},"_links":{"self":[{"href":"https:\/\/patagoniambiental.com.ar\/info\/wp-json\/wp\/v2\/posts\/93373","targetHints":{"allow":["GET"]}}],"collection":[{"href":"https:\/\/patagoniambiental.com.ar\/info\/wp-json\/wp\/v2\/posts"}],"about":[{"href":"https:\/\/patagoniambiental.com.ar\/info\/wp-json\/wp\/v2\/types\/post"}],"author":[{"embeddable":true,"href":"https:\/\/patagoniambiental.com.ar\/info\/wp-json\/wp\/v2\/users\/2"}],"replies":[{"embeddable":true,"href":"https:\/\/patagoniambiental.com.ar\/info\/wp-json\/wp\/v2\/comments?post=93373"}],"version-history":[{"count":0,"href":"https:\/\/patagoniambiental.com.ar\/info\/wp-json\/wp\/v2\/posts\/93373\/revisions"}],"wp:featuredmedia":[{"embeddable":true,"href":"https:\/\/patagoniambiental.com.ar\/info\/wp-json\/wp\/v2\/media\/93374"}],"wp:attachment":[{"href":"https:\/\/patagoniambiental.com.ar\/info\/wp-json\/wp\/v2\/media?parent=93373"}],"wp:term":[{"taxonomy":"category","embeddable":true,"href":"https:\/\/patagoniambiental.com.ar\/info\/wp-json\/wp\/v2\/categories?post=93373"},{"taxonomy":"post_tag","embeddable":true,"href":"https:\/\/patagoniambiental.com.ar\/info\/wp-json\/wp\/v2\/tags?post=93373"}],"curies":[{"name":"wp","href":"https:\/\/api.w.org\/{rel}","templated":true}]}}