{"id":93461,"date":"2025-03-31T23:25:31","date_gmt":"2025-04-01T02:25:31","guid":{"rendered":"https:\/\/patagoniambiental.com.ar\/info\/?p=93461"},"modified":"2025-05-07T19:12:36","modified_gmt":"2025-05-07T22:12:36","slug":"el-dia-nacional-del-agua-la-universidad-nacional-de-rio-negro-lidera-la-formacion-para-un-futuro-sostenible","status":"publish","type":"post","link":"https:\/\/patagoniambiental.com.ar\/info\/el-dia-nacional-del-agua-la-universidad-nacional-de-rio-negro-lidera-la-formacion-para-un-futuro-sostenible\/","title":{"rendered":"El D\u00eda Nacional del Agua: La Universidad Nacional de R\u00edo Negro lidera la formaci\u00f3n para un futuro sostenible"},"content":{"rendered":"\n<!--more-->\n\n\n\n<p>Viedma, Rio Negro, 31 de marzo de 2025. Cada 31 de marzo, Argentina conmemora el D\u00eda Nacional del Agua, una fecha que invita a reflexionar sobre la importancia de este recurso vital y la necesidad de su gesti\u00f3n sostenible. En este contexto, la Universidad Nacional de R\u00edo Negro (UNRN) se destaca por su compromiso en la formaci\u00f3n de profesionales y ciudadanos conscientes del valor del agua y su rol en el desarrollo sostenible.<\/p>\n\n\n\n<p><a href=\"https:\/\/patagoniambiental.com.ar\/info\/alumnos-de-la-unrn-visitan-el-museo-tecnologico-del-agua-y-del-suelo\/\">Leer m\u00e1s: Alumnos de la UNRN visitan el Museo Tecnol\u00f3gico<\/a> del Agua y del Suelo<br><\/p>\n\n\n\n<h2 class=\"wp-block-heading\" id=\"h-la-unrn-y-su-compromiso-con-la-educacion-ambiental\">La UNRN y su compromiso con la educaci\u00f3n ambiental<\/h2>\n\n\n\n<p>La UNRN ha implementado diversas iniciativas acad\u00e9micas y de extensi\u00f3n orientadas a la educaci\u00f3n ambiental, con un enfoque particular en la gesti\u00f3n del agua. A trav\u00e9s de programas de grado, posgrado y cursos de capacitaci\u00f3n, la universidad busca formar l\u00edderes capaces de enfrentar los desaf\u00edos relacionados con el agua en la regi\u00f3n patag\u00f3nica y en el pa\u00eds.<\/p>\n\n\n\n<p>Entre las propuestas acad\u00e9micas se destacan las carreras de Ingenier\u00eda Ambiental, Ciencias del Agua y Gesti\u00f3n Ambiental, que abordan temas como la hidrolog\u00eda, la calidad del agua, la gesti\u00f3n de cuencas y la planificaci\u00f3n h\u00eddrica. Adem\u00e1s, la UNRN promueve proyectos de investigaci\u00f3n aplicada que contribuyen al conocimiento y la soluci\u00f3n de problem\u00e1ticas locales relacionadas con el agua.<\/p>\n\n\n\n<p><a href=\"https:\/\/patagoniambiental.com.ar\/info\/curso-sobre-bioindicadores-de-calidad-de-agua-en-ecosistemas-acuaticos\/\">Leer m\u00e1s: Curso sobre bioindicadores de calidad de agua en ecosistemas acu\u00e1ticos<\/a><br><\/p>\n\n\n\n<figure class=\"wp-block-image size-full is-resized\"><img fetchpriority=\"high\" decoding=\"async\" width=\"500\" height=\"350\" src=\"https:\/\/patagoniambiental.com.ar\/info\/wp-content\/uploads\/2025\/03\/1000135882.jpg\" alt=\"\" class=\"wp-image-94774\" style=\"width:700px;height:auto\"\/><\/figure>\n\n\n\n<h2 class=\"wp-block-heading\" id=\"h-proyectos-de-investigacion-y-vinculacion-con-la-comunidad\">Proyectos de investigaci\u00f3n y vinculaci\u00f3n con la comunidad<\/h2>\n\n\n\n<p>La universidad desarrolla proyectos de investigaci\u00f3n que abordan diversas tem\u00e1ticas vinculadas al agua, como el monitoreo de la calidad de cuerpos de agua, el estudio de la disponibilidad h\u00eddrica en zonas \u00e1ridas y semi\u00e1ridas, y la evaluaci\u00f3n de impactos ambientales en cuencas hidrogr\u00e1ficas. Estos proyectos no solo generan conocimiento cient\u00edfico, sino que tambi\u00e9n buscan involucrar a la comunidad en la gesti\u00f3n participativa del recurso h\u00eddrico.<\/p>\n\n\n\n<p>Asimismo, la UNRN colabora con organismos gubernamentales y organizaciones no gubernamentales en la implementaci\u00f3n de pol\u00edticas p\u00fablicas y programas de gesti\u00f3n del agua. Esta articulaci\u00f3n permite que los resultados de la investigaci\u00f3n acad\u00e9mica se traduzcan en acciones concretas para la protecci\u00f3n y el uso sostenible del agua.<\/p>\n\n\n\n<p><a href=\"https:\/\/patagoniambiental.com.ar\/info\/la-unrn-concluyo-el-primer-estudio-ambiental-integral-de-la-cuenca-del-rio-negro\/\">Leer m\u00e1s: LA UNRN CONCLUY\u00d3 EL PRIMER ESTUDIO AMBIENTAL INTEGRAL DE LA CUENCA DEL R\u00cdO NEGRO<\/a><br><\/p>\n\n\n\n<figure class=\"wp-block-image size-full\"><img decoding=\"async\" width=\"836\" height=\"600\" src=\"https:\/\/patagoniambiental.com.ar\/info\/wp-content\/uploads\/2025\/03\/1000135881.jpg\" alt=\"\" class=\"wp-image-94773\"\/><\/figure>\n\n\n\n<h2 class=\"wp-block-heading\" id=\"h-concientizacion-y-actividades-por-el-dia-nacional-del-agua\">Concientizaci\u00f3n y actividades por el D\u00eda Nacional del Agua<\/h2>\n\n\n\n<p>Con motivo del D\u00eda Nacional del Agua, la UNRN organiza actividades de concientizaci\u00f3n dirigidas a la comunidad universitaria y al p\u00fablico en general. Estas incluyen charlas, talleres, exposiciones y campa\u00f1as de sensibilizaci\u00f3n que buscan promover una cultura del cuidado del agua y el ambiente.<\/p>\n\n\n\n<p>En las actividades participan docentes, investigadores, estudiantes y representantes de organizaciones sociales, quienes comparten experiencias y conocimientos sobre la importancia del agua en la vida cotidiana y en el desarrollo sostenible. Estas iniciativas fortalecen el v\u00ednculo entre la universidad y la sociedad, y fomentan la participaci\u00f3n activa en la protecci\u00f3n del recurso h\u00eddrico.<\/p>\n\n\n\n<h2 class=\"wp-block-heading\" id=\"h-la-importancia-del-agua-en-la-region-patagonica\">La importancia del agua en la regi\u00f3n patag\u00f3nica<\/h2>\n\n\n\n<p>La regi\u00f3n patag\u00f3nica presenta caracter\u00edsticas particulares en cuanto a la disponibilidad y gesti\u00f3n del agua. Si bien cuenta con importantes recursos h\u00eddricos, tambi\u00e9n enfrenta desaf\u00edos relacionados con la distribuci\u00f3n desigual, la contaminaci\u00f3n y el uso intensivo en actividades productivas.<\/p>\n\n\n\n<p>En este contexto, la formaci\u00f3n de profesionales capacitados en la gesti\u00f3n del agua es fundamental para garantizar un uso equitativo y sostenible del recurso. La UNRN, al estar ubicada en la regi\u00f3n, tiene un rol clave en la generaci\u00f3n de conocimiento y en la formaci\u00f3n de recursos humanos comprometidos con la realidad local.<\/p>\n\n\n\n<h2 class=\"wp-block-heading\" id=\"h-educacion-ambiental-y-desarrollo-sostenible\">Educaci\u00f3n ambiental y desarrollo sostenible<\/h2>\n\n\n\n<p>La educaci\u00f3n ambiental es un componente esencial del desarrollo sostenible, ya que permite comprender la interrelaci\u00f3n entre los sistemas naturales y las actividades humanas. A trav\u00e9s de la educaci\u00f3n, se pueden promover cambios en los valores, actitudes y comportamientos que favorezcan la conservaci\u00f3n del ambiente y el uso responsable de los recursos.<\/p>\n\n\n\n<p>La UNRN incorpora la educaci\u00f3n ambiental en sus programas acad\u00e9micos y en sus actividades de extensi\u00f3n, con el objetivo de formar ciudadanos cr\u00edticos y comprometidos con la sostenibilidad. Esta formaci\u00f3n integral permite que los egresados puedan contribuir a la construcci\u00f3n de sociedades m\u00e1s justas y respetuosas del ambiente.<\/p>\n\n\n\n<h2 class=\"wp-block-heading\" id=\"h-desafios-y-perspectivas-en-la-gestion-del-agua\">Desaf\u00edos y perspectivas en la gesti\u00f3n del agua<\/h2>\n\n\n\n<p>La gesti\u00f3n del agua enfrenta m\u00faltiples desaf\u00edos, como el cambio clim\u00e1tico, el crecimiento poblacional, la expansi\u00f3n de actividades productivas y la contaminaci\u00f3n de fuentes h\u00eddricas. Estos factores requieren enfoques integrales y participativos que consideren las dimensiones sociales, econ\u00f3micas y ambientales del recurso.<\/p>\n\n\n\n<p>La <a href=\"http:\/\/www.unrn.edu.ar\">UNRN<\/a>, a trav\u00e9s de su labor acad\u00e9mica y de investigaci\u00f3n, busca aportar soluciones innovadoras y adaptadas a las necesidades locales. Adem\u00e1s, promueve la formaci\u00f3n de redes de colaboraci\u00f3n entre diferentes actores, como gobiernos, empresas, organizaciones sociales y comunidades, para abordar de manera conjunta los desaf\u00edos relacionados con el agua.<\/p>\n\n\n\n<figure class=\"wp-block-embed is-type-video is-provider-youtube wp-block-embed-youtube wp-embed-aspect-16-9 wp-has-aspect-ratio\"><div class=\"wp-block-embed__wrapper\">\n<iframe title=\"D\u00eda Nacional del Agua - 31 de Marzo\" width=\"500\" height=\"281\" src=\"https:\/\/www.youtube.com\/embed\/lme8raGvlQM?feature=oembed\" frameborder=\"0\" allow=\"accelerometer; autoplay; clipboard-write; encrypted-media; gyroscope; picture-in-picture; web-share\" referrerpolicy=\"strict-origin-when-cross-origin\" allowfullscreen><\/iframe>\n<\/div><\/figure>\n\n\n\n<h2 class=\"wp-block-heading\" id=\"h-el-rol-de-la-universidad-en-la-construccion-de-politicas-publicas\">El rol de la universidad en la construcci\u00f3n de pol\u00edticas p\u00fablicas<\/h2>\n\n\n\n<p>Las universidades tienen un papel fundamental en la construcci\u00f3n de pol\u00edticas p\u00fablicas, al generar conocimiento cient\u00edfico y formar profesionales capacitados para la toma de decisiones. La UNRN colabora con diferentes niveles de gobierno en el dise\u00f1o e implementaci\u00f3n de pol\u00edticas relacionadas con la gesti\u00f3n del agua y el desarrollo sostenible.<\/p>\n\n\n\n<p>Esta colaboraci\u00f3n se materializa en la participaci\u00f3n en mesas de trabajo, la elaboraci\u00f3n de diagn\u00f3sticos y propuestas, y la evaluaci\u00f3n de programas y proyectos. De esta manera, la universidad contribuye a la formulaci\u00f3n de pol\u00edticas basadas en evidencia y orientadas al bienestar de la sociedad y la protecci\u00f3n del ambiente.<\/p>\n\n\n\n<h2 class=\"wp-block-heading\" id=\"h-la-importancia-de-la-participacion-ciudadana\">La importancia de la participaci\u00f3n ciudadana<\/h2>\n\n\n\n<p>La gesti\u00f3n sostenible del agua requiere la participaci\u00f3n activa de la ciudadan\u00eda en la toma de decisiones y en la implementaci\u00f3n de acciones concretas. La UNRN promueve espacios de di\u00e1logo y participaci\u00f3n que permiten a las comunidades expresar sus necesidades, conocimientos y propuestas en relaci\u00f3n con el agua.<\/p>\n\n\n\n<p>Estos espacios fortalecen la democracia ambiental y fomentan la corresponsabilidad en la gesti\u00f3n del recurso. Adem\u00e1s, permiten que las pol\u00edticas y acciones se adapten a las realidades locales y cuenten con el respaldo y compromiso de la sociedad.<\/p>\n\n\n\n<p>La Universidad Nacional de R\u00edo Negro desempe\u00f1a un rol destacado en la formaci\u00f3n de profesionales y en la generaci\u00f3n de conocimiento para la gesti\u00f3n sostenible del agua. A trav\u00e9s de sus programas acad\u00e9micos, proyectos de investigaci\u00f3n y actividades de extensi\u00f3n, la universidad contribuye a la construcci\u00f3n de una sociedad m\u00e1s consciente y comprometida con el cuidado del recurso h\u00eddrico.<\/p>\n\n\n\n<p>En el marco del D\u00eda Nacional del Agua, es fundamental reconocer y apoyar el trabajo de instituciones como la UNRN, que lideran iniciativas orientadas al desarrollo sostenible y al bienestar de las generaciones presentes y futuras.<\/p>\n\n\n\n<p><\/p>\n\n\n\n<p><\/p>\n\n\n\n<p><\/p>\n\n\n\n<p><\/p>\n","protected":false},"excerpt":{"rendered":"","protected":false},"author":2,"featured_media":93462,"comment_status":"open","ping_status":"open","sticky":false,"template":"","format":"standard","meta":{"site-sidebar-layout":"default","site-content-layout":"","ast-site-content-layout":"default","site-content-style":"default","site-sidebar-style":"default","ast-global-header-display":"","ast-banner-title-visibility":"","ast-main-header-display":"","ast-hfb-above-header-display":"","ast-hfb-below-header-display":"","ast-hfb-mobile-header-display":"","site-post-title":"","ast-breadcrumbs-content":"","ast-featured-img":"","footer-sml-layout":"","ast-disable-related-posts":"","theme-transparent-header-meta":"","adv-header-id-meta":"","stick-header-meta":"","header-above-stick-meta":"","header-main-stick-meta":"","header-below-stick-meta":"","astra-migrate-meta-layouts":"default","ast-page-background-enabled":"default","ast-page-background-meta":{"desktop":{"background-color":"var(--ast-global-color-5)","background-image":"","background-repeat":"repeat","background-position":"center center","background-size":"auto","background-attachment":"scroll","background-type":"","background-media":"","overlay-type":"","overlay-color":"","overlay-opacity":"","overlay-gradient":""},"tablet":{"background-color":"","background-image":"","background-repeat":"repeat","background-position":"center center","background-size":"auto","background-attachment":"scroll","background-type":"","background-media":"","overlay-type":"","overlay-color":"","overlay-opacity":"","overlay-gradient":""},"mobile":{"background-color":"","background-image":"","background-repeat":"repeat","background-position":"center center","background-size":"auto","background-attachment":"scroll","background-type":"","background-media":"","overlay-type":"","overlay-color":"","overlay-opacity":"","overlay-gradient":""}},"ast-content-background-meta":{"desktop":{"background-color":"var(--ast-global-color-4)","background-image":"","background-repeat":"repeat","background-position":"center center","background-size":"auto","background-attachment":"scroll","background-type":"","background-media":"","overlay-type":"","overlay-color":"","overlay-opacity":"","overlay-gradient":""},"tablet":{"background-color":"var(--ast-global-color-4)","background-image":"","background-repeat":"repeat","background-position":"center center","background-size":"auto","background-attachment":"scroll","background-type":"","background-media":"","overlay-type":"","overlay-color":"","overlay-opacity":"","overlay-gradient":""},"mobile":{"background-color":"var(--ast-global-color-4)","background-image":"","background-repeat":"repeat","background-position":"center center","background-size":"auto","background-attachment":"scroll","background-type":"","background-media":"","overlay-type":"","overlay-color":"","overlay-opacity":"","overlay-gradient":""}},"footnotes":""},"categories":[12,1,13,14],"tags":[],"class_list":["post-93461","post","type-post","status-publish","format-standard","has-post-thumbnail","hentry","category-agenda-ambiental","category-noticias","category-provinciales","category-rio-negro"],"yoast_head":"<!-- This site is optimized with the Yoast SEO Premium plugin v23.0 (Yoast SEO v27.5) - https:\/\/yoast.com\/product\/yoast-seo-premium-wordpress\/ -->\n<title>El D\u00eda Nacional del Agua: La Universidad Nacional de R\u00edo Negro lidera la formaci\u00f3n para un futuro sostenible<\/title>\n<meta name=\"description\" content=\"Cada 31 de marzo, Argentina conmemora el D\u00eda Nacional del Agua, una fecha que invita a reflexionar sobre la importancia de este recurso vital y la necesidad de su gesti\u00f3n sostenible.\" \/>\n<meta name=\"robots\" content=\"index, follow, max-snippet:-1, max-image-preview:large, max-video-preview:-1\" \/>\n<link rel=\"canonical\" href=\"https:\/\/patagoniambiental.com.ar\/info\/el-dia-nacional-del-agua-la-universidad-nacional-de-rio-negro-lidera-la-formacion-para-un-futuro-sostenible\/\" \/>\n<meta property=\"og:locale\" content=\"es_ES\" \/>\n<meta property=\"og:type\" content=\"article\" \/>\n<meta property=\"og:title\" content=\"El D\u00eda Nacional del Agua: La Universidad Nacional de R\u00edo Negro lidera la formaci\u00f3n para un futuro sostenible\" \/>\n<meta property=\"og:description\" content=\"Cada 31 de marzo, Argentina conmemora el D\u00eda Nacional del Agua, una fecha que invita a reflexionar sobre la importancia de este recurso vital y la necesidad de su gesti\u00f3n sostenible.\" \/>\n<meta property=\"og:url\" content=\"https:\/\/patagoniambiental.com.ar\/info\/el-dia-nacional-del-agua-la-universidad-nacional-de-rio-negro-lidera-la-formacion-para-un-futuro-sostenible\/\" \/>\n<meta property=\"og:site_name\" content=\"Patagonia Ambiental\" \/>\n<meta property=\"article:publisher\" content=\"https:\/\/www.facebook.com\/patagonia.ambiental\" \/>\n<meta property=\"article:author\" content=\"https:\/\/www.facebook.com\/share\/1C1V8Gv9BX\/?mibextid=qi2Omg\" \/>\n<meta property=\"article:published_time\" content=\"2025-04-01T02:25:31+00:00\" \/>\n<meta property=\"article:modified_time\" content=\"2025-05-07T22:12:36+00:00\" \/>\n<meta property=\"og:image\" content=\"https:\/\/patagoniambiental.com.ar\/info\/wp-content\/uploads\/2025\/03\/laguna-schmoll.jpg\" \/>\n\t<meta property=\"og:image:width\" content=\"6000\" \/>\n\t<meta property=\"og:image:height\" content=\"3376\" \/>\n\t<meta property=\"og:image:type\" content=\"image\/jpeg\" \/>\n<meta name=\"author\" content=\"Patagonia Ambiental\" \/>\n<meta name=\"twitter:card\" content=\"summary_large_image\" \/>\n<meta name=\"twitter:creator\" content=\"@PatAmb\" \/>\n<meta name=\"twitter:site\" content=\"@PatAmb\" \/>\n<script type=\"application\/ld+json\" class=\"yoast-schema-graph\">{\"@context\":\"https:\\\/\\\/schema.org\",\"@graph\":[{\"@type\":\"Article\",\"@id\":\"https:\\\/\\\/patagoniambiental.com.ar\\\/info\\\/el-dia-nacional-del-agua-la-universidad-nacional-de-rio-negro-lidera-la-formacion-para-un-futuro-sostenible\\\/#article\",\"isPartOf\":{\"@id\":\"https:\\\/\\\/patagoniambiental.com.ar\\\/info\\\/el-dia-nacional-del-agua-la-universidad-nacional-de-rio-negro-lidera-la-formacion-para-un-futuro-sostenible\\\/\"},\"author\":{\"name\":\"Patagonia Ambiental\",\"@id\":\"https:\\\/\\\/patagoniambiental.com.ar\\\/info\\\/#\\\/schema\\\/person\\\/db12bff64bbcbf6a253710bf0ea37b5d\"},\"headline\":\"El D\u00eda Nacional del Agua: La Universidad Nacional de R\u00edo Negro lidera la formaci\u00f3n para un futuro sostenible\",\"datePublished\":\"2025-04-01T02:25:31+00:00\",\"dateModified\":\"2025-05-07T22:12:36+00:00\",\"mainEntityOfPage\":{\"@id\":\"https:\\\/\\\/patagoniambiental.com.ar\\\/info\\\/el-dia-nacional-del-agua-la-universidad-nacional-de-rio-negro-lidera-la-formacion-para-un-futuro-sostenible\\\/\"},\"wordCount\":1246,\"commentCount\":0,\"publisher\":{\"@id\":\"https:\\\/\\\/patagoniambiental.com.ar\\\/info\\\/#organization\"},\"image\":{\"@id\":\"https:\\\/\\\/patagoniambiental.com.ar\\\/info\\\/el-dia-nacional-del-agua-la-universidad-nacional-de-rio-negro-lidera-la-formacion-para-un-futuro-sostenible\\\/#primaryimage\"},\"thumbnailUrl\":\"https:\\\/\\\/patagoniambiental.com.ar\\\/info\\\/wp-content\\\/uploads\\\/2025\\\/03\\\/laguna-schmoll.jpg\",\"articleSection\":[\"Agenda Ambiental\",\"Noticias\",\"Provinciales\",\"R\u00edo Negro\"],\"inLanguage\":\"es\",\"potentialAction\":[{\"@type\":\"CommentAction\",\"name\":\"Comment\",\"target\":[\"https:\\\/\\\/patagoniambiental.com.ar\\\/info\\\/el-dia-nacional-del-agua-la-universidad-nacional-de-rio-negro-lidera-la-formacion-para-un-futuro-sostenible\\\/#respond\"]}]},{\"@type\":\"WebPage\",\"@id\":\"https:\\\/\\\/patagoniambiental.com.ar\\\/info\\\/el-dia-nacional-del-agua-la-universidad-nacional-de-rio-negro-lidera-la-formacion-para-un-futuro-sostenible\\\/\",\"url\":\"https:\\\/\\\/patagoniambiental.com.ar\\\/info\\\/el-dia-nacional-del-agua-la-universidad-nacional-de-rio-negro-lidera-la-formacion-para-un-futuro-sostenible\\\/\",\"name\":\"El D\u00eda Nacional del Agua: La Universidad Nacional de R\u00edo Negro lidera la formaci\u00f3n para un futuro sostenible\",\"isPartOf\":{\"@id\":\"https:\\\/\\\/patagoniambiental.com.ar\\\/info\\\/#website\"},\"primaryImageOfPage\":{\"@id\":\"https:\\\/\\\/patagoniambiental.com.ar\\\/info\\\/el-dia-nacional-del-agua-la-universidad-nacional-de-rio-negro-lidera-la-formacion-para-un-futuro-sostenible\\\/#primaryimage\"},\"image\":{\"@id\":\"https:\\\/\\\/patagoniambiental.com.ar\\\/info\\\/el-dia-nacional-del-agua-la-universidad-nacional-de-rio-negro-lidera-la-formacion-para-un-futuro-sostenible\\\/#primaryimage\"},\"thumbnailUrl\":\"https:\\\/\\\/patagoniambiental.com.ar\\\/info\\\/wp-content\\\/uploads\\\/2025\\\/03\\\/laguna-schmoll.jpg\",\"datePublished\":\"2025-04-01T02:25:31+00:00\",\"dateModified\":\"2025-05-07T22:12:36+00:00\",\"description\":\"Cada 31 de marzo, Argentina conmemora el D\u00eda Nacional del Agua, una fecha que invita a reflexionar sobre la importancia de este recurso vital y la necesidad de su gesti\u00f3n sostenible.\",\"breadcrumb\":{\"@id\":\"https:\\\/\\\/patagoniambiental.com.ar\\\/info\\\/el-dia-nacional-del-agua-la-universidad-nacional-de-rio-negro-lidera-la-formacion-para-un-futuro-sostenible\\\/#breadcrumb\"},\"inLanguage\":\"es\",\"potentialAction\":[{\"@type\":\"ReadAction\",\"target\":[\"https:\\\/\\\/patagoniambiental.com.ar\\\/info\\\/el-dia-nacional-del-agua-la-universidad-nacional-de-rio-negro-lidera-la-formacion-para-un-futuro-sostenible\\\/\"]}]},{\"@type\":\"ImageObject\",\"inLanguage\":\"es\",\"@id\":\"https:\\\/\\\/patagoniambiental.com.ar\\\/info\\\/el-dia-nacional-del-agua-la-universidad-nacional-de-rio-negro-lidera-la-formacion-para-un-futuro-sostenible\\\/#primaryimage\",\"url\":\"https:\\\/\\\/patagoniambiental.com.ar\\\/info\\\/wp-content\\\/uploads\\\/2025\\\/03\\\/laguna-schmoll.jpg\",\"contentUrl\":\"https:\\\/\\\/patagoniambiental.com.ar\\\/info\\\/wp-content\\\/uploads\\\/2025\\\/03\\\/laguna-schmoll.jpg\",\"width\":1066,\"height\":600},{\"@type\":\"BreadcrumbList\",\"@id\":\"https:\\\/\\\/patagoniambiental.com.ar\\\/info\\\/el-dia-nacional-del-agua-la-universidad-nacional-de-rio-negro-lidera-la-formacion-para-un-futuro-sostenible\\\/#breadcrumb\",\"itemListElement\":[{\"@type\":\"ListItem\",\"position\":1,\"name\":\"Inicio\",\"item\":\"https:\\\/\\\/patagoniambiental.com.ar\\\/info\\\/\"},{\"@type\":\"ListItem\",\"position\":2,\"name\":\"El D\u00eda Nacional del Agua: La Universidad Nacional de R\u00edo Negro lidera la formaci\u00f3n para un futuro sostenible\"}]},{\"@type\":\"WebSite\",\"@id\":\"https:\\\/\\\/patagoniambiental.com.ar\\\/info\\\/#website\",\"url\":\"https:\\\/\\\/patagoniambiental.com.ar\\\/info\\\/\",\"name\":\"Patagonia Ambiental\",\"description\":\"Monitoreo y an\u00e1lisis de la situaci\u00f3n geopol\u00edtica en el mundo y su implicancia en la Patagonia\",\"publisher\":{\"@id\":\"https:\\\/\\\/patagoniambiental.com.ar\\\/info\\\/#organization\"},\"potentialAction\":[{\"@type\":\"SearchAction\",\"target\":{\"@type\":\"EntryPoint\",\"urlTemplate\":\"https:\\\/\\\/patagoniambiental.com.ar\\\/info\\\/?s={search_term_string}\"},\"query-input\":{\"@type\":\"PropertyValueSpecification\",\"valueRequired\":true,\"valueName\":\"search_term_string\"}}],\"inLanguage\":\"es\"},{\"@type\":\"Organization\",\"@id\":\"https:\\\/\\\/patagoniambiental.com.ar\\\/info\\\/#organization\",\"name\":\"Patagonia Ambiental\",\"url\":\"https:\\\/\\\/patagoniambiental.com.ar\\\/info\\\/\",\"logo\":{\"@type\":\"ImageObject\",\"inLanguage\":\"es\",\"@id\":\"https:\\\/\\\/patagoniambiental.com.ar\\\/info\\\/#\\\/schema\\\/logo\\\/image\\\/\",\"url\":\"https:\\\/\\\/patagoniambiental.com.ar\\\/info\\\/wp-content\\\/uploads\\\/2025\\\/05\\\/LOGO-PATAGONIA-AMBIENTAL.png\",\"contentUrl\":\"https:\\\/\\\/patagoniambiental.com.ar\\\/info\\\/wp-content\\\/uploads\\\/2025\\\/05\\\/LOGO-PATAGONIA-AMBIENTAL.png\",\"width\":433,\"height\":250,\"caption\":\"Patagonia Ambiental\"},\"image\":{\"@id\":\"https:\\\/\\\/patagoniambiental.com.ar\\\/info\\\/#\\\/schema\\\/logo\\\/image\\\/\"},\"sameAs\":[\"https:\\\/\\\/www.facebook.com\\\/patagonia.ambiental\",\"https:\\\/\\\/x.com\\\/PatAmb\"]},{\"@type\":\"Person\",\"@id\":\"https:\\\/\\\/patagoniambiental.com.ar\\\/info\\\/#\\\/schema\\\/person\\\/db12bff64bbcbf6a253710bf0ea37b5d\",\"name\":\"Patagonia Ambiental\",\"description\":\"Andr\u00e9s Nievas T\u00e9cnico en manejo ambiental, consultor Ambiental y escritor para medios locales e internacionales sobre temas de geopolitica y medio ambiente.\",\"sameAs\":[\"http:\\\/\\\/www.patagoniambiental.com.ar\",\"https:\\\/\\\/www.facebook.com\\\/share\\\/1C1V8Gv9BX\\\/?mibextid=qi2Omg\",\"@patagoniambiental\",\"https:\\\/\\\/youtube.com\\\/@patagoniaambiental2023?si=BLt58t0wuXquxlYZ\"]}]}<\/script>\n<!-- \/ Yoast SEO Premium plugin. -->","yoast_head_json":{"title":"El D\u00eda Nacional del Agua: La Universidad Nacional de R\u00edo Negro lidera la formaci\u00f3n para un futuro sostenible","description":"Cada 31 de marzo, Argentina conmemora el D\u00eda Nacional del Agua, una fecha que invita a reflexionar sobre la importancia de este recurso vital y la necesidad de su gesti\u00f3n sostenible.","robots":{"index":"index","follow":"follow","max-snippet":"max-snippet:-1","max-image-preview":"max-image-preview:large","max-video-preview":"max-video-preview:-1"},"canonical":"https:\/\/patagoniambiental.com.ar\/info\/el-dia-nacional-del-agua-la-universidad-nacional-de-rio-negro-lidera-la-formacion-para-un-futuro-sostenible\/","og_locale":"es_ES","og_type":"article","og_title":"El D\u00eda Nacional del Agua: La Universidad Nacional de R\u00edo Negro lidera la formaci\u00f3n para un futuro sostenible","og_description":"Cada 31 de marzo, Argentina conmemora el D\u00eda Nacional del Agua, una fecha que invita a reflexionar sobre la importancia de este recurso vital y la necesidad de su gesti\u00f3n sostenible.","og_url":"https:\/\/patagoniambiental.com.ar\/info\/el-dia-nacional-del-agua-la-universidad-nacional-de-rio-negro-lidera-la-formacion-para-un-futuro-sostenible\/","og_site_name":"Patagonia Ambiental","article_publisher":"https:\/\/www.facebook.com\/patagonia.ambiental","article_author":"https:\/\/www.facebook.com\/share\/1C1V8Gv9BX\/?mibextid=qi2Omg","article_published_time":"2025-04-01T02:25:31+00:00","article_modified_time":"2025-05-07T22:12:36+00:00","og_image":[{"url":"https:\/\/patagoniambiental.com.ar\/info\/wp-content\/uploads\/2025\/03\/laguna-schmoll.jpg","width":6000,"height":3376,"type":"image\/jpeg"}],"author":"Patagonia Ambiental","twitter_card":"summary_large_image","twitter_creator":"@PatAmb","twitter_site":"@PatAmb","schema":{"@context":"https:\/\/schema.org","@graph":[{"@type":"Article","@id":"https:\/\/patagoniambiental.com.ar\/info\/el-dia-nacional-del-agua-la-universidad-nacional-de-rio-negro-lidera-la-formacion-para-un-futuro-sostenible\/#article","isPartOf":{"@id":"https:\/\/patagoniambiental.com.ar\/info\/el-dia-nacional-del-agua-la-universidad-nacional-de-rio-negro-lidera-la-formacion-para-un-futuro-sostenible\/"},"author":{"name":"Patagonia Ambiental","@id":"https:\/\/patagoniambiental.com.ar\/info\/#\/schema\/person\/db12bff64bbcbf6a253710bf0ea37b5d"},"headline":"El D\u00eda Nacional del Agua: La Universidad Nacional de R\u00edo Negro lidera la formaci\u00f3n para un futuro sostenible","datePublished":"2025-04-01T02:25:31+00:00","dateModified":"2025-05-07T22:12:36+00:00","mainEntityOfPage":{"@id":"https:\/\/patagoniambiental.com.ar\/info\/el-dia-nacional-del-agua-la-universidad-nacional-de-rio-negro-lidera-la-formacion-para-un-futuro-sostenible\/"},"wordCount":1246,"commentCount":0,"publisher":{"@id":"https:\/\/patagoniambiental.com.ar\/info\/#organization"},"image":{"@id":"https:\/\/patagoniambiental.com.ar\/info\/el-dia-nacional-del-agua-la-universidad-nacional-de-rio-negro-lidera-la-formacion-para-un-futuro-sostenible\/#primaryimage"},"thumbnailUrl":"https:\/\/patagoniambiental.com.ar\/info\/wp-content\/uploads\/2025\/03\/laguna-schmoll.jpg","articleSection":["Agenda Ambiental","Noticias","Provinciales","R\u00edo Negro"],"inLanguage":"es","potentialAction":[{"@type":"CommentAction","name":"Comment","target":["https:\/\/patagoniambiental.com.ar\/info\/el-dia-nacional-del-agua-la-universidad-nacional-de-rio-negro-lidera-la-formacion-para-un-futuro-sostenible\/#respond"]}]},{"@type":"WebPage","@id":"https:\/\/patagoniambiental.com.ar\/info\/el-dia-nacional-del-agua-la-universidad-nacional-de-rio-negro-lidera-la-formacion-para-un-futuro-sostenible\/","url":"https:\/\/patagoniambiental.com.ar\/info\/el-dia-nacional-del-agua-la-universidad-nacional-de-rio-negro-lidera-la-formacion-para-un-futuro-sostenible\/","name":"El D\u00eda Nacional del Agua: La Universidad Nacional de R\u00edo Negro lidera la formaci\u00f3n para un futuro sostenible","isPartOf":{"@id":"https:\/\/patagoniambiental.com.ar\/info\/#website"},"primaryImageOfPage":{"@id":"https:\/\/patagoniambiental.com.ar\/info\/el-dia-nacional-del-agua-la-universidad-nacional-de-rio-negro-lidera-la-formacion-para-un-futuro-sostenible\/#primaryimage"},"image":{"@id":"https:\/\/patagoniambiental.com.ar\/info\/el-dia-nacional-del-agua-la-universidad-nacional-de-rio-negro-lidera-la-formacion-para-un-futuro-sostenible\/#primaryimage"},"thumbnailUrl":"https:\/\/patagoniambiental.com.ar\/info\/wp-content\/uploads\/2025\/03\/laguna-schmoll.jpg","datePublished":"2025-04-01T02:25:31+00:00","dateModified":"2025-05-07T22:12:36+00:00","description":"Cada 31 de marzo, Argentina conmemora el D\u00eda Nacional del Agua, una fecha que invita a reflexionar sobre la importancia de este recurso vital y la necesidad de su gesti\u00f3n sostenible.","breadcrumb":{"@id":"https:\/\/patagoniambiental.com.ar\/info\/el-dia-nacional-del-agua-la-universidad-nacional-de-rio-negro-lidera-la-formacion-para-un-futuro-sostenible\/#breadcrumb"},"inLanguage":"es","potentialAction":[{"@type":"ReadAction","target":["https:\/\/patagoniambiental.com.ar\/info\/el-dia-nacional-del-agua-la-universidad-nacional-de-rio-negro-lidera-la-formacion-para-un-futuro-sostenible\/"]}]},{"@type":"ImageObject","inLanguage":"es","@id":"https:\/\/patagoniambiental.com.ar\/info\/el-dia-nacional-del-agua-la-universidad-nacional-de-rio-negro-lidera-la-formacion-para-un-futuro-sostenible\/#primaryimage","url":"https:\/\/patagoniambiental.com.ar\/info\/wp-content\/uploads\/2025\/03\/laguna-schmoll.jpg","contentUrl":"https:\/\/patagoniambiental.com.ar\/info\/wp-content\/uploads\/2025\/03\/laguna-schmoll.jpg","width":1066,"height":600},{"@type":"BreadcrumbList","@id":"https:\/\/patagoniambiental.com.ar\/info\/el-dia-nacional-del-agua-la-universidad-nacional-de-rio-negro-lidera-la-formacion-para-un-futuro-sostenible\/#breadcrumb","itemListElement":[{"@type":"ListItem","position":1,"name":"Inicio","item":"https:\/\/patagoniambiental.com.ar\/info\/"},{"@type":"ListItem","position":2,"name":"El D\u00eda Nacional del Agua: La Universidad Nacional de R\u00edo Negro lidera la formaci\u00f3n para un futuro sostenible"}]},{"@type":"WebSite","@id":"https:\/\/patagoniambiental.com.ar\/info\/#website","url":"https:\/\/patagoniambiental.com.ar\/info\/","name":"Patagonia Ambiental","description":"Monitoreo y an\u00e1lisis de la situaci\u00f3n geopol\u00edtica en el mundo y su implicancia en la Patagonia","publisher":{"@id":"https:\/\/patagoniambiental.com.ar\/info\/#organization"},"potentialAction":[{"@type":"SearchAction","target":{"@type":"EntryPoint","urlTemplate":"https:\/\/patagoniambiental.com.ar\/info\/?s={search_term_string}"},"query-input":{"@type":"PropertyValueSpecification","valueRequired":true,"valueName":"search_term_string"}}],"inLanguage":"es"},{"@type":"Organization","@id":"https:\/\/patagoniambiental.com.ar\/info\/#organization","name":"Patagonia Ambiental","url":"https:\/\/patagoniambiental.com.ar\/info\/","logo":{"@type":"ImageObject","inLanguage":"es","@id":"https:\/\/patagoniambiental.com.ar\/info\/#\/schema\/logo\/image\/","url":"https:\/\/patagoniambiental.com.ar\/info\/wp-content\/uploads\/2025\/05\/LOGO-PATAGONIA-AMBIENTAL.png","contentUrl":"https:\/\/patagoniambiental.com.ar\/info\/wp-content\/uploads\/2025\/05\/LOGO-PATAGONIA-AMBIENTAL.png","width":433,"height":250,"caption":"Patagonia Ambiental"},"image":{"@id":"https:\/\/patagoniambiental.com.ar\/info\/#\/schema\/logo\/image\/"},"sameAs":["https:\/\/www.facebook.com\/patagonia.ambiental","https:\/\/x.com\/PatAmb"]},{"@type":"Person","@id":"https:\/\/patagoniambiental.com.ar\/info\/#\/schema\/person\/db12bff64bbcbf6a253710bf0ea37b5d","name":"Patagonia Ambiental","description":"Andr\u00e9s Nievas T\u00e9cnico en manejo ambiental, consultor Ambiental y escritor para medios locales e internacionales sobre temas de geopolitica y medio ambiente.","sameAs":["http:\/\/www.patagoniambiental.com.ar","https:\/\/www.facebook.com\/share\/1C1V8Gv9BX\/?mibextid=qi2Omg","@patagoniambiental","https:\/\/youtube.com\/@patagoniaambiental2023?si=BLt58t0wuXquxlYZ"]}]}},"_links":{"self":[{"href":"https:\/\/patagoniambiental.com.ar\/info\/wp-json\/wp\/v2\/posts\/93461","targetHints":{"allow":["GET"]}}],"collection":[{"href":"https:\/\/patagoniambiental.com.ar\/info\/wp-json\/wp\/v2\/posts"}],"about":[{"href":"https:\/\/patagoniambiental.com.ar\/info\/wp-json\/wp\/v2\/types\/post"}],"author":[{"embeddable":true,"href":"https:\/\/patagoniambiental.com.ar\/info\/wp-json\/wp\/v2\/users\/2"}],"replies":[{"embeddable":true,"href":"https:\/\/patagoniambiental.com.ar\/info\/wp-json\/wp\/v2\/comments?post=93461"}],"version-history":[{"count":0,"href":"https:\/\/patagoniambiental.com.ar\/info\/wp-json\/wp\/v2\/posts\/93461\/revisions"}],"wp:featuredmedia":[{"embeddable":true,"href":"https:\/\/patagoniambiental.com.ar\/info\/wp-json\/wp\/v2\/media\/93462"}],"wp:attachment":[{"href":"https:\/\/patagoniambiental.com.ar\/info\/wp-json\/wp\/v2\/media?parent=93461"}],"wp:term":[{"taxonomy":"category","embeddable":true,"href":"https:\/\/patagoniambiental.com.ar\/info\/wp-json\/wp\/v2\/categories?post=93461"},{"taxonomy":"post_tag","embeddable":true,"href":"https:\/\/patagoniambiental.com.ar\/info\/wp-json\/wp\/v2\/tags?post=93461"}],"curies":[{"name":"wp","href":"https:\/\/api.w.org\/{rel}","templated":true}]}}