{"id":93474,"date":"2025-04-03T00:59:34","date_gmt":"2025-04-03T03:59:34","guid":{"rendered":"https:\/\/patagoniambiental.com.ar\/info\/?p=93474"},"modified":"2025-05-04T16:07:22","modified_gmt":"2025-05-04T19:07:22","slug":"descubren-nuevas-evidencias-del-huillin-en-el-rio-limay-un-paso-clave-para-su-conservacion","status":"publish","type":"post","link":"https:\/\/patagoniambiental.com.ar\/info\/descubren-nuevas-evidencias-del-huillin-en-el-rio-limay-un-paso-clave-para-su-conservacion\/","title":{"rendered":"Descubren Nuevas Evidencias del Huill\u00edn en el R\u00edo Limay: Un Paso Clave para su Conservaci\u00f3n"},"content":{"rendered":"\n<!--more-->\n\n\n\n<p>Rio Negro, 3 de abril de 2025. El \u00e1rea natural protegida R\u00edo Limay, en la provincia de R\u00edo Negro, ha sido escenario de un hallazgo que promete fortalecer la conservaci\u00f3n de una de las especies m\u00e1s emblem\u00e1ticas y amenazadas del ecosistema acu\u00e1tico patag\u00f3nico: el Huill\u00edn. Recientemente, los Guardas Ambientales del \u00c1rea Natural Protegida (ANP) registraron nuevos indicios de la presencia de esta especie en peligro de extinci\u00f3n, lo que marca un avance significativo en los esfuerzos para preservar su h\u00e1bitat y garantizar su supervivencia.<\/p>\n\n\n\n<p>En el marco del proyecto de conservaci\u00f3n liderado por el Parque Nacional Nahuel Huapi, los guardas ambientales realizaron recorridos de observaci\u00f3n y monitoreo en distintos puntos de la ribera del R\u00edo Limay, un ecosistema clave para la fauna acu\u00e1tica de la regi\u00f3n. Durante estas patrullas, se encontraron fecas y restos alimenticios que permiten confirmar la presencia del Huill\u00edn (Lontra provocax) en varias zonas del \u00e1rea protegida. Estos registros han sido enviados en tiempo real a los equipos t\u00e9cnicos del Parque Nacional Nahuel Huapi, con el objetivo de fortalecer las investigaciones y mejorar las estrategias de conservaci\u00f3n de esta especie.<\/p>\n\n\n\n<p>El Huill\u00edn, una nutria que habita las aguas de la regi\u00f3n patag\u00f3nica, est\u00e1 catalogado como \u00aben peligro\u00bb por la Uni\u00f3n Internacional para la Conservaci\u00f3n de la Naturaleza (UICN) y por la Sociedad Argentina para el Estudio de los Mam\u00edferos (SAREM). Su presencia en el R\u00edo Limay es uno de los indicadores m\u00e1s importantes de la salud del ecosistema acu\u00e1tico en la regi\u00f3n. Esta especie es particularmente sensible a los cambios en su entorno, y su supervivencia est\u00e1 estrechamente vinculada a la calidad de las aguas y la abundancia de crust\u00e1ceos que forman parte esencial de su dieta.<\/p>\n\n\n\n<p>Aunque los monitoreos en la cuenca del R\u00edo Limay comenzaron en 1983, fue reci\u00e9n en 2005 cuando se detectaron los primeros signos de la presencia del Huill\u00edn en la zona. Desde entonces, diversos relevamientos han confirmado su permanencia, aunque con algunas fluctuaciones en su distribuci\u00f3n. La informaci\u00f3n recolectada durante estas observaciones no solo ayuda a monitorear el estado de la especie, sino que tambi\u00e9n proporciona datos valiosos para dise\u00f1ar planes de conservaci\u00f3n m\u00e1s efectivos.<\/p>\n\n\n\n<p>A pesar de estos avances, el Huill\u00edn sigue enfrentando diversas amenazas. La degradaci\u00f3n y fragmentaci\u00f3n de su h\u00e1bitat, la contaminaci\u00f3n de las aguas, y la presi\u00f3n de los asentamientos humanos en las riberas son algunos de los factores que afectan la calidad de su entorno. La construcci\u00f3n de diques y la canalizaci\u00f3n de r\u00edos tambi\u00e9n han alterado los ecosistemas acu\u00e1ticos, afectando directamente a las especies que dependen de estos ambientes para sobrevivir. Por ello, la colaboraci\u00f3n entre instituciones como el Parque Nacional Nahuel Huapi y las autoridades ambientales de R\u00edo Negro es esencial para implementar estrategias de conservaci\u00f3n a largo plazo.<\/p>\n\n\n\n<p>El seguimiento y la protecci\u00f3n del Huill\u00edn en el R\u00edo Limay no solo son fundamentales para la conservaci\u00f3n de esta especie, sino tambi\u00e9n para la preservaci\u00f3n del equilibrio ecol\u00f3gico de la regi\u00f3n. El esfuerzo conjunto de los guardaparques, cient\u00edficos y organismos gubernamentales en la protecci\u00f3n de este animal representa un paso significativo hacia la preservaci\u00f3n de la biodiversidad patag\u00f3nica, un patrimonio invaluable que debe ser protegido para las generaciones futuras.<\/p>\n","protected":false},"excerpt":{"rendered":"","protected":false},"author":2,"featured_media":93475,"comment_status":"open","ping_status":"open","sticky":false,"template":"","format":"standard","meta":{"site-sidebar-layout":"default","site-content-layout":"","ast-site-content-layout":"default","site-content-style":"default","site-sidebar-style":"default","ast-global-header-display":"","ast-banner-title-visibility":"","ast-main-header-display":"","ast-hfb-above-header-display":"","ast-hfb-below-header-display":"","ast-hfb-mobile-header-display":"","site-post-title":"","ast-breadcrumbs-content":"","ast-featured-img":"","footer-sml-layout":"","ast-disable-related-posts":"","theme-transparent-header-meta":"","adv-header-id-meta":"","stick-header-meta":"","header-above-stick-meta":"","header-main-stick-meta":"","header-below-stick-meta":"","astra-migrate-meta-layouts":"default","ast-page-background-enabled":"default","ast-page-background-meta":{"desktop":{"background-color":"var(--ast-global-color-5)","background-image":"","background-repeat":"repeat","background-position":"center center","background-size":"auto","background-attachment":"scroll","background-type":"","background-media":"","overlay-type":"","overlay-color":"","overlay-opacity":"","overlay-gradient":""},"tablet":{"background-color":"","background-image":"","background-repeat":"repeat","background-position":"center center","background-size":"auto","background-attachment":"scroll","background-type":"","background-media":"","overlay-type":"","overlay-color":"","overlay-opacity":"","overlay-gradient":""},"mobile":{"background-color":"","background-image":"","background-repeat":"repeat","background-position":"center center","background-size":"auto","background-attachment":"scroll","background-type":"","background-media":"","overlay-type":"","overlay-color":"","overlay-opacity":"","overlay-gradient":""}},"ast-content-background-meta":{"desktop":{"background-color":"var(--ast-global-color-4)","background-image":"","background-repeat":"repeat","background-position":"center center","background-size":"auto","background-attachment":"scroll","background-type":"","background-media":"","overlay-type":"","overlay-color":"","overlay-opacity":"","overlay-gradient":""},"tablet":{"background-color":"var(--ast-global-color-4)","background-image":"","background-repeat":"repeat","background-position":"center center","background-size":"auto","background-attachment":"scroll","background-type":"","background-media":"","overlay-type":"","overlay-color":"","overlay-opacity":"","overlay-gradient":""},"mobile":{"background-color":"var(--ast-global-color-4)","background-image":"","background-repeat":"repeat","background-position":"center center","background-size":"auto","background-attachment":"scroll","background-type":"","background-media":"","overlay-type":"","overlay-color":"","overlay-opacity":"","overlay-gradient":""}},"footnotes":""},"categories":[1,13,14],"tags":[],"class_list":["post-93474","post","type-post","status-publish","format-standard","has-post-thumbnail","hentry","category-noticias","category-provinciales","category-rio-negro"],"yoast_head":"<!-- This site is optimized with the Yoast SEO Premium plugin v23.0 (Yoast SEO v27.5) - https:\/\/yoast.com\/product\/yoast-seo-premium-wordpress\/ -->\n<title>Descubren Nuevas Evidencias del Huill\u00edn en el R\u00edo Limay: Un Paso Clave para su Conservaci\u00f3n<\/title>\n<meta name=\"description\" content=\"El \u00e1rea natural protegida R\u00edo Limay, en la provincia de R\u00edo Negro, ha sido escenario de un hallazgo que promete fortalecer la conservaci\u00f3n de una de las especies m\u00e1s emblem\u00e1ticas y amenazadas del ecosistema acu\u00e1tico patag\u00f3nico: el Huill\u00edn.\" \/>\n<meta name=\"robots\" content=\"index, follow, max-snippet:-1, max-image-preview:large, max-video-preview:-1\" \/>\n<link rel=\"canonical\" href=\"https:\/\/patagoniambiental.com.ar\/info\/descubren-nuevas-evidencias-del-huillin-en-el-rio-limay-un-paso-clave-para-su-conservacion\/\" \/>\n<meta property=\"og:locale\" content=\"es_ES\" \/>\n<meta property=\"og:type\" content=\"article\" \/>\n<meta property=\"og:title\" content=\"Descubren Nuevas Evidencias del Huill\u00edn en el R\u00edo Limay: Un Paso Clave para su Conservaci\u00f3n\" \/>\n<meta property=\"og:description\" content=\"El \u00e1rea natural protegida R\u00edo Limay, en la provincia de R\u00edo Negro, ha sido escenario de un hallazgo que promete fortalecer la conservaci\u00f3n de una de las especies m\u00e1s emblem\u00e1ticas y amenazadas del ecosistema acu\u00e1tico patag\u00f3nico: el Huill\u00edn.\" \/>\n<meta property=\"og:url\" content=\"https:\/\/patagoniambiental.com.ar\/info\/descubren-nuevas-evidencias-del-huillin-en-el-rio-limay-un-paso-clave-para-su-conservacion\/\" \/>\n<meta property=\"og:site_name\" content=\"Patagonia Ambiental\" \/>\n<meta property=\"article:publisher\" content=\"https:\/\/www.facebook.com\/patagonia.ambiental\" \/>\n<meta property=\"article:author\" content=\"https:\/\/www.facebook.com\/share\/1C1V8Gv9BX\/?mibextid=qi2Omg\" \/>\n<meta property=\"article:published_time\" content=\"2025-04-03T03:59:34+00:00\" \/>\n<meta property=\"article:modified_time\" content=\"2025-05-04T19:07:22+00:00\" \/>\n<meta property=\"og:image\" content=\"https:\/\/patagoniambiental.com.ar\/info\/wp-content\/uploads\/2025\/04\/1743695553-431642b1a4929b154580.png\" \/>\n\t<meta property=\"og:image:width\" content=\"1920\" \/>\n\t<meta property=\"og:image:height\" content=\"1080\" \/>\n\t<meta property=\"og:image:type\" content=\"image\/png\" \/>\n<meta name=\"author\" content=\"Patagonia Ambiental\" \/>\n<meta name=\"twitter:card\" content=\"summary_large_image\" \/>\n<meta name=\"twitter:creator\" content=\"@PatAmb\" \/>\n<meta name=\"twitter:site\" content=\"@PatAmb\" \/>\n<script type=\"application\/ld+json\" class=\"yoast-schema-graph\">{\"@context\":\"https:\\\/\\\/schema.org\",\"@graph\":[{\"@type\":\"Article\",\"@id\":\"https:\\\/\\\/patagoniambiental.com.ar\\\/info\\\/descubren-nuevas-evidencias-del-huillin-en-el-rio-limay-un-paso-clave-para-su-conservacion\\\/#article\",\"isPartOf\":{\"@id\":\"https:\\\/\\\/patagoniambiental.com.ar\\\/info\\\/descubren-nuevas-evidencias-del-huillin-en-el-rio-limay-un-paso-clave-para-su-conservacion\\\/\"},\"author\":{\"name\":\"Patagonia Ambiental\",\"@id\":\"https:\\\/\\\/patagoniambiental.com.ar\\\/info\\\/#\\\/schema\\\/person\\\/db12bff64bbcbf6a253710bf0ea37b5d\"},\"headline\":\"Descubren Nuevas Evidencias del Huill\u00edn en el R\u00edo Limay: Un Paso Clave para su Conservaci\u00f3n\",\"datePublished\":\"2025-04-03T03:59:34+00:00\",\"dateModified\":\"2025-05-04T19:07:22+00:00\",\"mainEntityOfPage\":{\"@id\":\"https:\\\/\\\/patagoniambiental.com.ar\\\/info\\\/descubren-nuevas-evidencias-del-huillin-en-el-rio-limay-un-paso-clave-para-su-conservacion\\\/\"},\"wordCount\":603,\"commentCount\":0,\"publisher\":{\"@id\":\"https:\\\/\\\/patagoniambiental.com.ar\\\/info\\\/#organization\"},\"image\":{\"@id\":\"https:\\\/\\\/patagoniambiental.com.ar\\\/info\\\/descubren-nuevas-evidencias-del-huillin-en-el-rio-limay-un-paso-clave-para-su-conservacion\\\/#primaryimage\"},\"thumbnailUrl\":\"https:\\\/\\\/patagoniambiental.com.ar\\\/info\\\/wp-content\\\/uploads\\\/2025\\\/04\\\/1743695553-431642b1a4929b154580.png\",\"articleSection\":[\"Noticias\",\"Provinciales\",\"R\u00edo Negro\"],\"inLanguage\":\"es\",\"potentialAction\":[{\"@type\":\"CommentAction\",\"name\":\"Comment\",\"target\":[\"https:\\\/\\\/patagoniambiental.com.ar\\\/info\\\/descubren-nuevas-evidencias-del-huillin-en-el-rio-limay-un-paso-clave-para-su-conservacion\\\/#respond\"]}]},{\"@type\":\"WebPage\",\"@id\":\"https:\\\/\\\/patagoniambiental.com.ar\\\/info\\\/descubren-nuevas-evidencias-del-huillin-en-el-rio-limay-un-paso-clave-para-su-conservacion\\\/\",\"url\":\"https:\\\/\\\/patagoniambiental.com.ar\\\/info\\\/descubren-nuevas-evidencias-del-huillin-en-el-rio-limay-un-paso-clave-para-su-conservacion\\\/\",\"name\":\"Descubren Nuevas Evidencias del Huill\u00edn en el R\u00edo Limay: Un Paso Clave para su Conservaci\u00f3n\",\"isPartOf\":{\"@id\":\"https:\\\/\\\/patagoniambiental.com.ar\\\/info\\\/#website\"},\"primaryImageOfPage\":{\"@id\":\"https:\\\/\\\/patagoniambiental.com.ar\\\/info\\\/descubren-nuevas-evidencias-del-huillin-en-el-rio-limay-un-paso-clave-para-su-conservacion\\\/#primaryimage\"},\"image\":{\"@id\":\"https:\\\/\\\/patagoniambiental.com.ar\\\/info\\\/descubren-nuevas-evidencias-del-huillin-en-el-rio-limay-un-paso-clave-para-su-conservacion\\\/#primaryimage\"},\"thumbnailUrl\":\"https:\\\/\\\/patagoniambiental.com.ar\\\/info\\\/wp-content\\\/uploads\\\/2025\\\/04\\\/1743695553-431642b1a4929b154580.png\",\"datePublished\":\"2025-04-03T03:59:34+00:00\",\"dateModified\":\"2025-05-04T19:07:22+00:00\",\"description\":\"El \u00e1rea natural protegida R\u00edo Limay, en la provincia de R\u00edo Negro, ha sido escenario de un hallazgo que promete fortalecer la conservaci\u00f3n de una de las especies m\u00e1s emblem\u00e1ticas y amenazadas del ecosistema acu\u00e1tico patag\u00f3nico: el Huill\u00edn.\",\"breadcrumb\":{\"@id\":\"https:\\\/\\\/patagoniambiental.com.ar\\\/info\\\/descubren-nuevas-evidencias-del-huillin-en-el-rio-limay-un-paso-clave-para-su-conservacion\\\/#breadcrumb\"},\"inLanguage\":\"es\",\"potentialAction\":[{\"@type\":\"ReadAction\",\"target\":[\"https:\\\/\\\/patagoniambiental.com.ar\\\/info\\\/descubren-nuevas-evidencias-del-huillin-en-el-rio-limay-un-paso-clave-para-su-conservacion\\\/\"]}]},{\"@type\":\"ImageObject\",\"inLanguage\":\"es\",\"@id\":\"https:\\\/\\\/patagoniambiental.com.ar\\\/info\\\/descubren-nuevas-evidencias-del-huillin-en-el-rio-limay-un-paso-clave-para-su-conservacion\\\/#primaryimage\",\"url\":\"https:\\\/\\\/patagoniambiental.com.ar\\\/info\\\/wp-content\\\/uploads\\\/2025\\\/04\\\/1743695553-431642b1a4929b154580.png\",\"contentUrl\":\"https:\\\/\\\/patagoniambiental.com.ar\\\/info\\\/wp-content\\\/uploads\\\/2025\\\/04\\\/1743695553-431642b1a4929b154580.png\",\"width\":1920,\"height\":1080},{\"@type\":\"BreadcrumbList\",\"@id\":\"https:\\\/\\\/patagoniambiental.com.ar\\\/info\\\/descubren-nuevas-evidencias-del-huillin-en-el-rio-limay-un-paso-clave-para-su-conservacion\\\/#breadcrumb\",\"itemListElement\":[{\"@type\":\"ListItem\",\"position\":1,\"name\":\"Inicio\",\"item\":\"https:\\\/\\\/patagoniambiental.com.ar\\\/info\\\/\"},{\"@type\":\"ListItem\",\"position\":2,\"name\":\"Descubren Nuevas Evidencias del Huill\u00edn en el R\u00edo Limay: Un Paso Clave para su Conservaci\u00f3n\"}]},{\"@type\":\"WebSite\",\"@id\":\"https:\\\/\\\/patagoniambiental.com.ar\\\/info\\\/#website\",\"url\":\"https:\\\/\\\/patagoniambiental.com.ar\\\/info\\\/\",\"name\":\"Patagonia Ambiental\",\"description\":\"Monitoreo y an\u00e1lisis de la situaci\u00f3n geopol\u00edtica en el mundo y su implicancia en la Patagonia\",\"publisher\":{\"@id\":\"https:\\\/\\\/patagoniambiental.com.ar\\\/info\\\/#organization\"},\"potentialAction\":[{\"@type\":\"SearchAction\",\"target\":{\"@type\":\"EntryPoint\",\"urlTemplate\":\"https:\\\/\\\/patagoniambiental.com.ar\\\/info\\\/?s={search_term_string}\"},\"query-input\":{\"@type\":\"PropertyValueSpecification\",\"valueRequired\":true,\"valueName\":\"search_term_string\"}}],\"inLanguage\":\"es\"},{\"@type\":\"Organization\",\"@id\":\"https:\\\/\\\/patagoniambiental.com.ar\\\/info\\\/#organization\",\"name\":\"Patagonia Ambiental\",\"url\":\"https:\\\/\\\/patagoniambiental.com.ar\\\/info\\\/\",\"logo\":{\"@type\":\"ImageObject\",\"inLanguage\":\"es\",\"@id\":\"https:\\\/\\\/patagoniambiental.com.ar\\\/info\\\/#\\\/schema\\\/logo\\\/image\\\/\",\"url\":\"https:\\\/\\\/patagoniambiental.com.ar\\\/info\\\/wp-content\\\/uploads\\\/2025\\\/05\\\/LOGO-PATAGONIA-AMBIENTAL.png\",\"contentUrl\":\"https:\\\/\\\/patagoniambiental.com.ar\\\/info\\\/wp-content\\\/uploads\\\/2025\\\/05\\\/LOGO-PATAGONIA-AMBIENTAL.png\",\"width\":433,\"height\":250,\"caption\":\"Patagonia Ambiental\"},\"image\":{\"@id\":\"https:\\\/\\\/patagoniambiental.com.ar\\\/info\\\/#\\\/schema\\\/logo\\\/image\\\/\"},\"sameAs\":[\"https:\\\/\\\/www.facebook.com\\\/patagonia.ambiental\",\"https:\\\/\\\/x.com\\\/PatAmb\"]},{\"@type\":\"Person\",\"@id\":\"https:\\\/\\\/patagoniambiental.com.ar\\\/info\\\/#\\\/schema\\\/person\\\/db12bff64bbcbf6a253710bf0ea37b5d\",\"name\":\"Patagonia Ambiental\",\"description\":\"Andr\u00e9s Nievas T\u00e9cnico en manejo ambiental, consultor Ambiental y escritor para medios locales e internacionales sobre temas de geopolitica y medio ambiente.\",\"sameAs\":[\"http:\\\/\\\/www.patagoniambiental.com.ar\",\"https:\\\/\\\/www.facebook.com\\\/share\\\/1C1V8Gv9BX\\\/?mibextid=qi2Omg\",\"@patagoniambiental\",\"https:\\\/\\\/youtube.com\\\/@patagoniaambiental2023?si=BLt58t0wuXquxlYZ\"]}]}<\/script>\n<!-- \/ Yoast SEO Premium plugin. -->","yoast_head_json":{"title":"Descubren Nuevas Evidencias del Huill\u00edn en el R\u00edo Limay: Un Paso Clave para su Conservaci\u00f3n","description":"El \u00e1rea natural protegida R\u00edo Limay, en la provincia de R\u00edo Negro, ha sido escenario de un hallazgo que promete fortalecer la conservaci\u00f3n de una de las especies m\u00e1s emblem\u00e1ticas y amenazadas del ecosistema acu\u00e1tico patag\u00f3nico: el Huill\u00edn.","robots":{"index":"index","follow":"follow","max-snippet":"max-snippet:-1","max-image-preview":"max-image-preview:large","max-video-preview":"max-video-preview:-1"},"canonical":"https:\/\/patagoniambiental.com.ar\/info\/descubren-nuevas-evidencias-del-huillin-en-el-rio-limay-un-paso-clave-para-su-conservacion\/","og_locale":"es_ES","og_type":"article","og_title":"Descubren Nuevas Evidencias del Huill\u00edn en el R\u00edo Limay: Un Paso Clave para su Conservaci\u00f3n","og_description":"El \u00e1rea natural protegida R\u00edo Limay, en la provincia de R\u00edo Negro, ha sido escenario de un hallazgo que promete fortalecer la conservaci\u00f3n de una de las especies m\u00e1s emblem\u00e1ticas y amenazadas del ecosistema acu\u00e1tico patag\u00f3nico: el Huill\u00edn.","og_url":"https:\/\/patagoniambiental.com.ar\/info\/descubren-nuevas-evidencias-del-huillin-en-el-rio-limay-un-paso-clave-para-su-conservacion\/","og_site_name":"Patagonia Ambiental","article_publisher":"https:\/\/www.facebook.com\/patagonia.ambiental","article_author":"https:\/\/www.facebook.com\/share\/1C1V8Gv9BX\/?mibextid=qi2Omg","article_published_time":"2025-04-03T03:59:34+00:00","article_modified_time":"2025-05-04T19:07:22+00:00","og_image":[{"url":"https:\/\/patagoniambiental.com.ar\/info\/wp-content\/uploads\/2025\/04\/1743695553-431642b1a4929b154580.png","width":1920,"height":1080,"type":"image\/png"}],"author":"Patagonia Ambiental","twitter_card":"summary_large_image","twitter_creator":"@PatAmb","twitter_site":"@PatAmb","schema":{"@context":"https:\/\/schema.org","@graph":[{"@type":"Article","@id":"https:\/\/patagoniambiental.com.ar\/info\/descubren-nuevas-evidencias-del-huillin-en-el-rio-limay-un-paso-clave-para-su-conservacion\/#article","isPartOf":{"@id":"https:\/\/patagoniambiental.com.ar\/info\/descubren-nuevas-evidencias-del-huillin-en-el-rio-limay-un-paso-clave-para-su-conservacion\/"},"author":{"name":"Patagonia Ambiental","@id":"https:\/\/patagoniambiental.com.ar\/info\/#\/schema\/person\/db12bff64bbcbf6a253710bf0ea37b5d"},"headline":"Descubren Nuevas Evidencias del Huill\u00edn en el R\u00edo Limay: Un Paso Clave para su Conservaci\u00f3n","datePublished":"2025-04-03T03:59:34+00:00","dateModified":"2025-05-04T19:07:22+00:00","mainEntityOfPage":{"@id":"https:\/\/patagoniambiental.com.ar\/info\/descubren-nuevas-evidencias-del-huillin-en-el-rio-limay-un-paso-clave-para-su-conservacion\/"},"wordCount":603,"commentCount":0,"publisher":{"@id":"https:\/\/patagoniambiental.com.ar\/info\/#organization"},"image":{"@id":"https:\/\/patagoniambiental.com.ar\/info\/descubren-nuevas-evidencias-del-huillin-en-el-rio-limay-un-paso-clave-para-su-conservacion\/#primaryimage"},"thumbnailUrl":"https:\/\/patagoniambiental.com.ar\/info\/wp-content\/uploads\/2025\/04\/1743695553-431642b1a4929b154580.png","articleSection":["Noticias","Provinciales","R\u00edo Negro"],"inLanguage":"es","potentialAction":[{"@type":"CommentAction","name":"Comment","target":["https:\/\/patagoniambiental.com.ar\/info\/descubren-nuevas-evidencias-del-huillin-en-el-rio-limay-un-paso-clave-para-su-conservacion\/#respond"]}]},{"@type":"WebPage","@id":"https:\/\/patagoniambiental.com.ar\/info\/descubren-nuevas-evidencias-del-huillin-en-el-rio-limay-un-paso-clave-para-su-conservacion\/","url":"https:\/\/patagoniambiental.com.ar\/info\/descubren-nuevas-evidencias-del-huillin-en-el-rio-limay-un-paso-clave-para-su-conservacion\/","name":"Descubren Nuevas Evidencias del Huill\u00edn en el R\u00edo Limay: Un Paso Clave para su Conservaci\u00f3n","isPartOf":{"@id":"https:\/\/patagoniambiental.com.ar\/info\/#website"},"primaryImageOfPage":{"@id":"https:\/\/patagoniambiental.com.ar\/info\/descubren-nuevas-evidencias-del-huillin-en-el-rio-limay-un-paso-clave-para-su-conservacion\/#primaryimage"},"image":{"@id":"https:\/\/patagoniambiental.com.ar\/info\/descubren-nuevas-evidencias-del-huillin-en-el-rio-limay-un-paso-clave-para-su-conservacion\/#primaryimage"},"thumbnailUrl":"https:\/\/patagoniambiental.com.ar\/info\/wp-content\/uploads\/2025\/04\/1743695553-431642b1a4929b154580.png","datePublished":"2025-04-03T03:59:34+00:00","dateModified":"2025-05-04T19:07:22+00:00","description":"El \u00e1rea natural protegida R\u00edo Limay, en la provincia de R\u00edo Negro, ha sido escenario de un hallazgo que promete fortalecer la conservaci\u00f3n de una de las especies m\u00e1s emblem\u00e1ticas y amenazadas del ecosistema acu\u00e1tico patag\u00f3nico: el Huill\u00edn.","breadcrumb":{"@id":"https:\/\/patagoniambiental.com.ar\/info\/descubren-nuevas-evidencias-del-huillin-en-el-rio-limay-un-paso-clave-para-su-conservacion\/#breadcrumb"},"inLanguage":"es","potentialAction":[{"@type":"ReadAction","target":["https:\/\/patagoniambiental.com.ar\/info\/descubren-nuevas-evidencias-del-huillin-en-el-rio-limay-un-paso-clave-para-su-conservacion\/"]}]},{"@type":"ImageObject","inLanguage":"es","@id":"https:\/\/patagoniambiental.com.ar\/info\/descubren-nuevas-evidencias-del-huillin-en-el-rio-limay-un-paso-clave-para-su-conservacion\/#primaryimage","url":"https:\/\/patagoniambiental.com.ar\/info\/wp-content\/uploads\/2025\/04\/1743695553-431642b1a4929b154580.png","contentUrl":"https:\/\/patagoniambiental.com.ar\/info\/wp-content\/uploads\/2025\/04\/1743695553-431642b1a4929b154580.png","width":1920,"height":1080},{"@type":"BreadcrumbList","@id":"https:\/\/patagoniambiental.com.ar\/info\/descubren-nuevas-evidencias-del-huillin-en-el-rio-limay-un-paso-clave-para-su-conservacion\/#breadcrumb","itemListElement":[{"@type":"ListItem","position":1,"name":"Inicio","item":"https:\/\/patagoniambiental.com.ar\/info\/"},{"@type":"ListItem","position":2,"name":"Descubren Nuevas Evidencias del Huill\u00edn en el R\u00edo Limay: Un Paso Clave para su Conservaci\u00f3n"}]},{"@type":"WebSite","@id":"https:\/\/patagoniambiental.com.ar\/info\/#website","url":"https:\/\/patagoniambiental.com.ar\/info\/","name":"Patagonia Ambiental","description":"Monitoreo y an\u00e1lisis de la situaci\u00f3n geopol\u00edtica en el mundo y su implicancia en la Patagonia","publisher":{"@id":"https:\/\/patagoniambiental.com.ar\/info\/#organization"},"potentialAction":[{"@type":"SearchAction","target":{"@type":"EntryPoint","urlTemplate":"https:\/\/patagoniambiental.com.ar\/info\/?s={search_term_string}"},"query-input":{"@type":"PropertyValueSpecification","valueRequired":true,"valueName":"search_term_string"}}],"inLanguage":"es"},{"@type":"Organization","@id":"https:\/\/patagoniambiental.com.ar\/info\/#organization","name":"Patagonia Ambiental","url":"https:\/\/patagoniambiental.com.ar\/info\/","logo":{"@type":"ImageObject","inLanguage":"es","@id":"https:\/\/patagoniambiental.com.ar\/info\/#\/schema\/logo\/image\/","url":"https:\/\/patagoniambiental.com.ar\/info\/wp-content\/uploads\/2025\/05\/LOGO-PATAGONIA-AMBIENTAL.png","contentUrl":"https:\/\/patagoniambiental.com.ar\/info\/wp-content\/uploads\/2025\/05\/LOGO-PATAGONIA-AMBIENTAL.png","width":433,"height":250,"caption":"Patagonia Ambiental"},"image":{"@id":"https:\/\/patagoniambiental.com.ar\/info\/#\/schema\/logo\/image\/"},"sameAs":["https:\/\/www.facebook.com\/patagonia.ambiental","https:\/\/x.com\/PatAmb"]},{"@type":"Person","@id":"https:\/\/patagoniambiental.com.ar\/info\/#\/schema\/person\/db12bff64bbcbf6a253710bf0ea37b5d","name":"Patagonia Ambiental","description":"Andr\u00e9s Nievas T\u00e9cnico en manejo ambiental, consultor Ambiental y escritor para medios locales e internacionales sobre temas de geopolitica y medio ambiente.","sameAs":["http:\/\/www.patagoniambiental.com.ar","https:\/\/www.facebook.com\/share\/1C1V8Gv9BX\/?mibextid=qi2Omg","@patagoniambiental","https:\/\/youtube.com\/@patagoniaambiental2023?si=BLt58t0wuXquxlYZ"]}]}},"_links":{"self":[{"href":"https:\/\/patagoniambiental.com.ar\/info\/wp-json\/wp\/v2\/posts\/93474","targetHints":{"allow":["GET"]}}],"collection":[{"href":"https:\/\/patagoniambiental.com.ar\/info\/wp-json\/wp\/v2\/posts"}],"about":[{"href":"https:\/\/patagoniambiental.com.ar\/info\/wp-json\/wp\/v2\/types\/post"}],"author":[{"embeddable":true,"href":"https:\/\/patagoniambiental.com.ar\/info\/wp-json\/wp\/v2\/users\/2"}],"replies":[{"embeddable":true,"href":"https:\/\/patagoniambiental.com.ar\/info\/wp-json\/wp\/v2\/comments?post=93474"}],"version-history":[{"count":0,"href":"https:\/\/patagoniambiental.com.ar\/info\/wp-json\/wp\/v2\/posts\/93474\/revisions"}],"wp:featuredmedia":[{"embeddable":true,"href":"https:\/\/patagoniambiental.com.ar\/info\/wp-json\/wp\/v2\/media\/93475"}],"wp:attachment":[{"href":"https:\/\/patagoniambiental.com.ar\/info\/wp-json\/wp\/v2\/media?parent=93474"}],"wp:term":[{"taxonomy":"category","embeddable":true,"href":"https:\/\/patagoniambiental.com.ar\/info\/wp-json\/wp\/v2\/categories?post=93474"},{"taxonomy":"post_tag","embeddable":true,"href":"https:\/\/patagoniambiental.com.ar\/info\/wp-json\/wp\/v2\/tags?post=93474"}],"curies":[{"name":"wp","href":"https:\/\/api.w.org\/{rel}","templated":true}]}}