{"id":93549,"date":"2025-04-23T01:37:00","date_gmt":"2025-04-23T04:37:00","guid":{"rendered":"https:\/\/patagoniambiental.com.ar\/info\/?p=93549"},"modified":"2025-05-14T13:46:07","modified_gmt":"2025-05-14T16:46:07","slug":"neuquen-impulsa-un-modelo-energetico-con-controles-ambientales-de-vanguardia","status":"publish","type":"post","link":"https:\/\/patagoniambiental.com.ar\/info\/neuquen-impulsa-un-modelo-energetico-con-controles-ambientales-de-vanguardia\/","title":{"rendered":"Neuqu\u00e9n impulsa un modelo energ\u00e9tico con controles ambientales de vanguardia"},"content":{"rendered":"\n<!--more-->\n\n\n\n<p>Neuqu\u00e9n, Provincia de Neuquen, 23 de abril de 2025. En el marco de la XXII Jornada Argentina Sustentable 2025, celebrada en la ciudad de Neuqu\u00e9n, el gobierno provincial present\u00f3 una ambiciosa y detallada estrategia que combina desarrollo energ\u00e9tico con un firme compromiso ambiental. Autoridades provinciales destacaron la importancia de integrar tecnolog\u00eda, cooperaci\u00f3n interprovincial y pol\u00edticas p\u00fablicas modernas para fortalecer el modelo neuquino de transici\u00f3n energ\u00e9tica.<\/p>\n\n\n\n<p>El evento, que tuvo lugar en el Hotel del Comahue, reuni\u00f3 a representantes clave del sector p\u00fablico y privado para debatir sobre sostenibilidad, energ\u00eda e inversi\u00f3n responsable en tiempos de transformaci\u00f3n global. En la apertura, el ministro de Energ\u00eda y Recursos Naturales, Gustavo Medele, sostuvo que la sostenibilidad dej\u00f3 de ser una opci\u00f3n para convertirse en el \u00fanico camino viable hacia el futuro.<\/p>\n\n\n\n<figure class=\"wp-block-image size-full\"><img fetchpriority=\"high\" decoding=\"async\" width=\"576\" height=\"384\" src=\"https:\/\/patagoniambiental.com.ar\/info\/wp-content\/uploads\/2025\/04\/1000133122.webp\" alt=\"Reuni\u00f3n sobre el Modelo Energ\u00e9tico Neuquino\" class=\"wp-image-93551\"\/><\/figure>\n\n\n\n<p>\u201cNeuqu\u00e9n tiene una hoja de ruta clara: avanzar hacia una matriz energ\u00e9tica moderna, segura y sustentable, con control efectivo y responsabilidad compartida\u201d, afirm\u00f3 Medele, quien remarc\u00f3 la necesidad de aplicar los principios ESG (ambientales, sociales y de gobernanza) a la planificaci\u00f3n energ\u00e9tica.<\/p>\n\n\n\n<h2 class=\"wp-block-heading\" id=\"h-tecnologia-e-inteligencia-ambiental\">Tecnolog\u00eda e inteligencia ambiental<\/h2>\n\n\n\n<p>Una de las novedades m\u00e1s destacadas fue la incorporaci\u00f3n de Neuqu\u00e9n al sistema global MARS (Methane Alert and Response System), una red impulsada por el Programa de las Naciones Unidas para el Medio Ambiente <a href=\"http:\/\/www.unep.org\">(PNUMA)<\/a> que detecta grandes emisiones de metano mediante inteligencia artificial y monitoreo satelital. Esta herramienta sit\u00faa a la provincia entre las jurisdicciones con mayor nivel de control y transparencia ambiental del continente.<\/p>\n\n\n\n<p>Adem\u00e1s, se present\u00f3 oficialmente el Programa Provincial de Monitoreo y Mitigaci\u00f3n de Emisiones de Gases de Efecto Invernadero, que obliga a las empresas del sector hidrocarbur\u00edfero a reportar y verificar sus emisiones de metano, di\u00f3xido de carbono y \u00f3xidos nitrosos. La medida fue aprobada a trav\u00e9s de la Resoluci\u00f3n N.\u00ba 258\/25 y posiciona a la provincia como pionera en gesti\u00f3n clim\u00e1tica a nivel local.<\/p>\n\n\n\n<h2 class=\"wp-block-heading\" id=\"h-normativas-dinamicas-y-reconocimientos-verdes\">Normativas din\u00e1micas y reconocimientos verdes<\/h2>\n\n\n\n<p>Durante su exposici\u00f3n, la secretaria de Ambiente, Leticia Esteves, tambi\u00e9n anunci\u00f3 la derogaci\u00f3n de una normativa anterior que restring\u00eda el uso de tecnolog\u00edas para la contenci\u00f3n de derrames, lo que permitir\u00e1 la incorporaci\u00f3n de alternativas t\u00e9cnicas m\u00e1s eficaces. \u201cEstamos modernizando el enfoque normativo para que la sostenibilidad tambi\u00e9n sea sin\u00f3nimo de eficiencia e innovaci\u00f3n\u201d, explic\u00f3.<\/p>\n\n\n\n<p>Esteves revel\u00f3, adem\u00e1s, un nuevo sistema de reconocimientos institucionales para aquellas empresas que demuestren buenas pr\u00e1cticas ambientales. La iniciativa busca estimular la mejora continua, fomentar la transparencia y reforzar una cultura preventiva en toda la cadena de valor hidrocarbur\u00edfera.<\/p>\n\n\n\n<figure class=\"wp-block-image size-full is-resized\"><img decoding=\"async\" width=\"992\" height=\"661\" src=\"https:\/\/patagoniambiental.com.ar\/info\/wp-content\/uploads\/2025\/04\/1000133121.webp\" alt=\"Reuni\u00f3n sobre el Modelo Energ\u00e9tico Neuquino\" class=\"wp-image-93552\" style=\"width:785px;height:auto\"\/><\/figure>\n\n\n\n<h2 class=\"wp-block-heading\" id=\"h-vaca-muerta-net-zero-reconocimiento-internacional\">Vaca Muerta Net Zero: reconocimiento internacional<\/h2>\n\n\n\n<p>En coincidencia con el D\u00eda Internacional de la Tierra, se celebr\u00f3 por videoconferencia el reconocimiento internacional que recibi\u00f3 el programa Vaca Muerta Net Zero durante la Cumbre de Carbono de las Am\u00e9ricas, organizada por Green Cross. El ministro de Planificaci\u00f3n, Rub\u00e9n Etcheverry, destac\u00f3 este logro como un s\u00edmbolo del compromiso de Neuqu\u00e9n con el desarrollo sustentable a largo plazo.<\/p>\n\n\n\n<p><a href=\"https:\/\/patagoniambiental.com.ar\/info\/vaca-muerta-net-zero-el-plan-provincial-para-cuidar-el-ambiente\/\">Leer m\u00e1s: Vaca Muerta Net Zero, el plan provincial para cuidar el ambiente<\/a><br><\/p>\n\n\n\n<h2 class=\"wp-block-heading\" id=\"h-un-modelo-federal-basado-en-datos-y-consensos\">Un modelo federal basado en datos y consensos<\/h2>\n\n\n\n<p>La estrategia expuesta por el <a href=\"http:\/\/www.neuqueninforma.gob.ar\">Gobierno de Neuqu\u00e9n<\/a> no s\u00f3lo apunta a mejorar el desempe\u00f1o ambiental de su industria energ\u00e9tica, sino tambi\u00e9n a consolidar un modelo de gobernanza federal, con articulaci\u00f3n interjurisdiccional y decisiones basadas en evidencia cient\u00edfica y t\u00e9cnica.<\/p>\n\n\n\n<p>\u201cLa transici\u00f3n energ\u00e9tica no es un eslogan: es una construcci\u00f3n diaria con datos, controles, decisiones pol\u00edticas y consensos reales\u201d, sintetiz\u00f3 la secretaria de Ambiente.<\/p>\n\n\n\n<p><a href=\"https:\/\/patagoniambiental.com.ar\/info\/neuquen-lidera-la-transicion-energetica-con-el-programa-nacional-de-etiquetado-de-viviendas\/\">Leer m\u00e1s: Neuqu\u00e9n lidera la transici\u00f3n energ\u00e9tica con el Programa Nacional de Etiquetado de Viviendas <\/a><\/p>\n\n\n\n<p>Con estas acciones, Neuqu\u00e9n reafirma su papel como referente nacional e internacional en pol\u00edticas de transici\u00f3n energ\u00e9tica y sostenibilidad territorial. En tiempos donde la urgencia clim\u00e1tica exige respuestas concretas, la provincia avanza con pasos firmes hacia una matriz productiva m\u00e1s limpia, inteligente y resiliente.<\/p>\n","protected":false},"excerpt":{"rendered":"","protected":false},"author":2,"featured_media":93550,"comment_status":"open","ping_status":"open","sticky":false,"template":"","format":"standard","meta":{"site-sidebar-layout":"default","site-content-layout":"","ast-site-content-layout":"default","site-content-style":"default","site-sidebar-style":"default","ast-global-header-display":"","ast-banner-title-visibility":"","ast-main-header-display":"","ast-hfb-above-header-display":"","ast-hfb-below-header-display":"","ast-hfb-mobile-header-display":"","site-post-title":"","ast-breadcrumbs-content":"","ast-featured-img":"","footer-sml-layout":"","ast-disable-related-posts":"","theme-transparent-header-meta":"","adv-header-id-meta":"","stick-header-meta":"","header-above-stick-meta":"","header-main-stick-meta":"","header-below-stick-meta":"","astra-migrate-meta-layouts":"default","ast-page-background-enabled":"default","ast-page-background-meta":{"desktop":{"background-color":"var(--ast-global-color-5)","background-image":"","background-repeat":"repeat","background-position":"center center","background-size":"auto","background-attachment":"scroll","background-type":"","background-media":"","overlay-type":"","overlay-color":"","overlay-opacity":"","overlay-gradient":""},"tablet":{"background-color":"","background-image":"","background-repeat":"repeat","background-position":"center center","background-size":"auto","background-attachment":"scroll","background-type":"","background-media":"","overlay-type":"","overlay-color":"","overlay-opacity":"","overlay-gradient":""},"mobile":{"background-color":"","background-image":"","background-repeat":"repeat","background-position":"center center","background-size":"auto","background-attachment":"scroll","background-type":"","background-media":"","overlay-type":"","overlay-color":"","overlay-opacity":"","overlay-gradient":""}},"ast-content-background-meta":{"desktop":{"background-color":"var(--ast-global-color-4)","background-image":"","background-repeat":"repeat","background-position":"center center","background-size":"auto","background-attachment":"scroll","background-type":"","background-media":"","overlay-type":"","overlay-color":"","overlay-opacity":"","overlay-gradient":""},"tablet":{"background-color":"var(--ast-global-color-4)","background-image":"","background-repeat":"repeat","background-position":"center center","background-size":"auto","background-attachment":"scroll","background-type":"","background-media":"","overlay-type":"","overlay-color":"","overlay-opacity":"","overlay-gradient":""},"mobile":{"background-color":"var(--ast-global-color-4)","background-image":"","background-repeat":"repeat","background-position":"center center","background-size":"auto","background-attachment":"scroll","background-type":"","background-media":"","overlay-type":"","overlay-color":"","overlay-opacity":"","overlay-gradient":""}},"footnotes":""},"categories":[18,1,13],"tags":[],"class_list":["post-93549","post","type-post","status-publish","format-standard","has-post-thumbnail","hentry","category-neuquen","category-noticias","category-provinciales"],"yoast_head":"<!-- This site is optimized with the Yoast SEO Premium plugin v23.0 (Yoast SEO v27.5) - https:\/\/yoast.com\/product\/yoast-seo-premium-wordpress\/ -->\n<title>Neuqu\u00e9n impulsa un modelo energ\u00e9tico con controles ambientales de vanguardia<\/title>\n<meta name=\"description\" content=\"En el marco de la XXII Jornada Argentina Sustentable 2025, celebrada en la ciudad de Neuqu\u00e9n, el gobierno provincial present\u00f3 una ambiciosa y detallada estrategia que combina desarrollo energ\u00e9tico con un firme compromiso ambiental.\" \/>\n<meta name=\"robots\" content=\"index, follow, max-snippet:-1, max-image-preview:large, max-video-preview:-1\" \/>\n<link rel=\"canonical\" href=\"https:\/\/patagoniambiental.com.ar\/info\/neuquen-impulsa-un-modelo-energetico-con-controles-ambientales-de-vanguardia\/\" \/>\n<meta property=\"og:locale\" content=\"es_ES\" \/>\n<meta property=\"og:type\" content=\"article\" \/>\n<meta property=\"og:title\" content=\"Neuqu\u00e9n impulsa un modelo energ\u00e9tico con controles ambientales de vanguardia\" \/>\n<meta property=\"og:description\" content=\"En el marco de la XXII Jornada Argentina Sustentable 2025, celebrada en la ciudad de Neuqu\u00e9n, el gobierno provincial present\u00f3 una ambiciosa y detallada estrategia que combina desarrollo energ\u00e9tico con un firme compromiso ambiental.\" \/>\n<meta property=\"og:url\" content=\"https:\/\/patagoniambiental.com.ar\/info\/neuquen-impulsa-un-modelo-energetico-con-controles-ambientales-de-vanguardia\/\" \/>\n<meta property=\"og:site_name\" content=\"Patagonia Ambiental\" \/>\n<meta property=\"article:publisher\" content=\"https:\/\/www.facebook.com\/patagonia.ambiental\" \/>\n<meta property=\"article:author\" content=\"https:\/\/www.facebook.com\/share\/1C1V8Gv9BX\/?mibextid=qi2Omg\" \/>\n<meta property=\"article:published_time\" content=\"2025-04-23T04:37:00+00:00\" \/>\n<meta property=\"article:modified_time\" content=\"2025-05-14T16:46:07+00:00\" \/>\n<meta property=\"og:image\" content=\"https:\/\/patagoniambiental.com.ar\/info\/wp-content\/uploads\/2025\/04\/xs-40.webp\" \/>\n\t<meta property=\"og:image:width\" content=\"576\" \/>\n\t<meta property=\"og:image:height\" content=\"384\" \/>\n\t<meta property=\"og:image:type\" content=\"image\/webp\" \/>\n<meta name=\"author\" content=\"Patagonia Ambiental\" \/>\n<meta name=\"twitter:card\" content=\"summary_large_image\" \/>\n<meta name=\"twitter:creator\" content=\"@PatAmb\" \/>\n<meta name=\"twitter:site\" content=\"@PatAmb\" \/>\n<script type=\"application\/ld+json\" class=\"yoast-schema-graph\">{\"@context\":\"https:\\\/\\\/schema.org\",\"@graph\":[{\"@type\":\"Article\",\"@id\":\"https:\\\/\\\/patagoniambiental.com.ar\\\/info\\\/neuquen-impulsa-un-modelo-energetico-con-controles-ambientales-de-vanguardia\\\/#article\",\"isPartOf\":{\"@id\":\"https:\\\/\\\/patagoniambiental.com.ar\\\/info\\\/neuquen-impulsa-un-modelo-energetico-con-controles-ambientales-de-vanguardia\\\/\"},\"author\":{\"name\":\"Patagonia Ambiental\",\"@id\":\"https:\\\/\\\/patagoniambiental.com.ar\\\/info\\\/#\\\/schema\\\/person\\\/db12bff64bbcbf6a253710bf0ea37b5d\"},\"headline\":\"Neuqu\u00e9n impulsa un modelo energ\u00e9tico con controles ambientales de vanguardia\",\"datePublished\":\"2025-04-23T04:37:00+00:00\",\"dateModified\":\"2025-05-14T16:46:07+00:00\",\"mainEntityOfPage\":{\"@id\":\"https:\\\/\\\/patagoniambiental.com.ar\\\/info\\\/neuquen-impulsa-un-modelo-energetico-con-controles-ambientales-de-vanguardia\\\/\"},\"wordCount\":697,\"commentCount\":0,\"publisher\":{\"@id\":\"https:\\\/\\\/patagoniambiental.com.ar\\\/info\\\/#organization\"},\"image\":{\"@id\":\"https:\\\/\\\/patagoniambiental.com.ar\\\/info\\\/neuquen-impulsa-un-modelo-energetico-con-controles-ambientales-de-vanguardia\\\/#primaryimage\"},\"thumbnailUrl\":\"https:\\\/\\\/patagoniambiental.com.ar\\\/info\\\/wp-content\\\/uploads\\\/2025\\\/04\\\/xs-40.webp\",\"articleSection\":[\"Neuqu\u00e9n\",\"Noticias\",\"Provinciales\"],\"inLanguage\":\"es\",\"potentialAction\":[{\"@type\":\"CommentAction\",\"name\":\"Comment\",\"target\":[\"https:\\\/\\\/patagoniambiental.com.ar\\\/info\\\/neuquen-impulsa-un-modelo-energetico-con-controles-ambientales-de-vanguardia\\\/#respond\"]}]},{\"@type\":\"WebPage\",\"@id\":\"https:\\\/\\\/patagoniambiental.com.ar\\\/info\\\/neuquen-impulsa-un-modelo-energetico-con-controles-ambientales-de-vanguardia\\\/\",\"url\":\"https:\\\/\\\/patagoniambiental.com.ar\\\/info\\\/neuquen-impulsa-un-modelo-energetico-con-controles-ambientales-de-vanguardia\\\/\",\"name\":\"Neuqu\u00e9n impulsa un modelo energ\u00e9tico con controles ambientales de vanguardia\",\"isPartOf\":{\"@id\":\"https:\\\/\\\/patagoniambiental.com.ar\\\/info\\\/#website\"},\"primaryImageOfPage\":{\"@id\":\"https:\\\/\\\/patagoniambiental.com.ar\\\/info\\\/neuquen-impulsa-un-modelo-energetico-con-controles-ambientales-de-vanguardia\\\/#primaryimage\"},\"image\":{\"@id\":\"https:\\\/\\\/patagoniambiental.com.ar\\\/info\\\/neuquen-impulsa-un-modelo-energetico-con-controles-ambientales-de-vanguardia\\\/#primaryimage\"},\"thumbnailUrl\":\"https:\\\/\\\/patagoniambiental.com.ar\\\/info\\\/wp-content\\\/uploads\\\/2025\\\/04\\\/xs-40.webp\",\"datePublished\":\"2025-04-23T04:37:00+00:00\",\"dateModified\":\"2025-05-14T16:46:07+00:00\",\"description\":\"En el marco de la XXII Jornada Argentina Sustentable 2025, celebrada en la ciudad de Neuqu\u00e9n, el gobierno provincial present\u00f3 una ambiciosa y detallada estrategia que combina desarrollo energ\u00e9tico con un firme compromiso ambiental.\",\"breadcrumb\":{\"@id\":\"https:\\\/\\\/patagoniambiental.com.ar\\\/info\\\/neuquen-impulsa-un-modelo-energetico-con-controles-ambientales-de-vanguardia\\\/#breadcrumb\"},\"inLanguage\":\"es\",\"potentialAction\":[{\"@type\":\"ReadAction\",\"target\":[\"https:\\\/\\\/patagoniambiental.com.ar\\\/info\\\/neuquen-impulsa-un-modelo-energetico-con-controles-ambientales-de-vanguardia\\\/\"]}]},{\"@type\":\"ImageObject\",\"inLanguage\":\"es\",\"@id\":\"https:\\\/\\\/patagoniambiental.com.ar\\\/info\\\/neuquen-impulsa-un-modelo-energetico-con-controles-ambientales-de-vanguardia\\\/#primaryimage\",\"url\":\"https:\\\/\\\/patagoniambiental.com.ar\\\/info\\\/wp-content\\\/uploads\\\/2025\\\/04\\\/xs-40.webp\",\"contentUrl\":\"https:\\\/\\\/patagoniambiental.com.ar\\\/info\\\/wp-content\\\/uploads\\\/2025\\\/04\\\/xs-40.webp\",\"width\":576,\"height\":384,\"caption\":\"Reuni\u00f3n sobre el Modelo Energ\u00e9tico Neuquino\"},{\"@type\":\"BreadcrumbList\",\"@id\":\"https:\\\/\\\/patagoniambiental.com.ar\\\/info\\\/neuquen-impulsa-un-modelo-energetico-con-controles-ambientales-de-vanguardia\\\/#breadcrumb\",\"itemListElement\":[{\"@type\":\"ListItem\",\"position\":1,\"name\":\"Inicio\",\"item\":\"https:\\\/\\\/patagoniambiental.com.ar\\\/info\\\/\"},{\"@type\":\"ListItem\",\"position\":2,\"name\":\"Neuqu\u00e9n impulsa un modelo energ\u00e9tico con controles ambientales de vanguardia\"}]},{\"@type\":\"WebSite\",\"@id\":\"https:\\\/\\\/patagoniambiental.com.ar\\\/info\\\/#website\",\"url\":\"https:\\\/\\\/patagoniambiental.com.ar\\\/info\\\/\",\"name\":\"Patagonia Ambiental\",\"description\":\"Monitoreo y an\u00e1lisis de la situaci\u00f3n geopol\u00edtica en el mundo y su implicancia en la Patagonia\",\"publisher\":{\"@id\":\"https:\\\/\\\/patagoniambiental.com.ar\\\/info\\\/#organization\"},\"potentialAction\":[{\"@type\":\"SearchAction\",\"target\":{\"@type\":\"EntryPoint\",\"urlTemplate\":\"https:\\\/\\\/patagoniambiental.com.ar\\\/info\\\/?s={search_term_string}\"},\"query-input\":{\"@type\":\"PropertyValueSpecification\",\"valueRequired\":true,\"valueName\":\"search_term_string\"}}],\"inLanguage\":\"es\"},{\"@type\":\"Organization\",\"@id\":\"https:\\\/\\\/patagoniambiental.com.ar\\\/info\\\/#organization\",\"name\":\"Patagonia Ambiental\",\"url\":\"https:\\\/\\\/patagoniambiental.com.ar\\\/info\\\/\",\"logo\":{\"@type\":\"ImageObject\",\"inLanguage\":\"es\",\"@id\":\"https:\\\/\\\/patagoniambiental.com.ar\\\/info\\\/#\\\/schema\\\/logo\\\/image\\\/\",\"url\":\"https:\\\/\\\/patagoniambiental.com.ar\\\/info\\\/wp-content\\\/uploads\\\/2025\\\/05\\\/LOGO-PATAGONIA-AMBIENTAL.png\",\"contentUrl\":\"https:\\\/\\\/patagoniambiental.com.ar\\\/info\\\/wp-content\\\/uploads\\\/2025\\\/05\\\/LOGO-PATAGONIA-AMBIENTAL.png\",\"width\":433,\"height\":250,\"caption\":\"Patagonia Ambiental\"},\"image\":{\"@id\":\"https:\\\/\\\/patagoniambiental.com.ar\\\/info\\\/#\\\/schema\\\/logo\\\/image\\\/\"},\"sameAs\":[\"https:\\\/\\\/www.facebook.com\\\/patagonia.ambiental\",\"https:\\\/\\\/x.com\\\/PatAmb\"]},{\"@type\":\"Person\",\"@id\":\"https:\\\/\\\/patagoniambiental.com.ar\\\/info\\\/#\\\/schema\\\/person\\\/db12bff64bbcbf6a253710bf0ea37b5d\",\"name\":\"Patagonia Ambiental\",\"description\":\"Andr\u00e9s Nievas T\u00e9cnico en manejo ambiental, consultor Ambiental y escritor para medios locales e internacionales sobre temas de geopolitica y medio ambiente.\",\"sameAs\":[\"http:\\\/\\\/www.patagoniambiental.com.ar\",\"https:\\\/\\\/www.facebook.com\\\/share\\\/1C1V8Gv9BX\\\/?mibextid=qi2Omg\",\"@patagoniambiental\",\"https:\\\/\\\/youtube.com\\\/@patagoniaambiental2023?si=BLt58t0wuXquxlYZ\"]}]}<\/script>\n<!-- \/ Yoast SEO Premium plugin. -->","yoast_head_json":{"title":"Neuqu\u00e9n impulsa un modelo energ\u00e9tico con controles ambientales de vanguardia","description":"En el marco de la XXII Jornada Argentina Sustentable 2025, celebrada en la ciudad de Neuqu\u00e9n, el gobierno provincial present\u00f3 una ambiciosa y detallada estrategia que combina desarrollo energ\u00e9tico con un firme compromiso ambiental.","robots":{"index":"index","follow":"follow","max-snippet":"max-snippet:-1","max-image-preview":"max-image-preview:large","max-video-preview":"max-video-preview:-1"},"canonical":"https:\/\/patagoniambiental.com.ar\/info\/neuquen-impulsa-un-modelo-energetico-con-controles-ambientales-de-vanguardia\/","og_locale":"es_ES","og_type":"article","og_title":"Neuqu\u00e9n impulsa un modelo energ\u00e9tico con controles ambientales de vanguardia","og_description":"En el marco de la XXII Jornada Argentina Sustentable 2025, celebrada en la ciudad de Neuqu\u00e9n, el gobierno provincial present\u00f3 una ambiciosa y detallada estrategia que combina desarrollo energ\u00e9tico con un firme compromiso ambiental.","og_url":"https:\/\/patagoniambiental.com.ar\/info\/neuquen-impulsa-un-modelo-energetico-con-controles-ambientales-de-vanguardia\/","og_site_name":"Patagonia Ambiental","article_publisher":"https:\/\/www.facebook.com\/patagonia.ambiental","article_author":"https:\/\/www.facebook.com\/share\/1C1V8Gv9BX\/?mibextid=qi2Omg","article_published_time":"2025-04-23T04:37:00+00:00","article_modified_time":"2025-05-14T16:46:07+00:00","og_image":[{"width":576,"height":384,"url":"https:\/\/patagoniambiental.com.ar\/info\/wp-content\/uploads\/2025\/04\/xs-40.webp","type":"image\/webp"}],"author":"Patagonia Ambiental","twitter_card":"summary_large_image","twitter_creator":"@PatAmb","twitter_site":"@PatAmb","schema":{"@context":"https:\/\/schema.org","@graph":[{"@type":"Article","@id":"https:\/\/patagoniambiental.com.ar\/info\/neuquen-impulsa-un-modelo-energetico-con-controles-ambientales-de-vanguardia\/#article","isPartOf":{"@id":"https:\/\/patagoniambiental.com.ar\/info\/neuquen-impulsa-un-modelo-energetico-con-controles-ambientales-de-vanguardia\/"},"author":{"name":"Patagonia Ambiental","@id":"https:\/\/patagoniambiental.com.ar\/info\/#\/schema\/person\/db12bff64bbcbf6a253710bf0ea37b5d"},"headline":"Neuqu\u00e9n impulsa un modelo energ\u00e9tico con controles ambientales de vanguardia","datePublished":"2025-04-23T04:37:00+00:00","dateModified":"2025-05-14T16:46:07+00:00","mainEntityOfPage":{"@id":"https:\/\/patagoniambiental.com.ar\/info\/neuquen-impulsa-un-modelo-energetico-con-controles-ambientales-de-vanguardia\/"},"wordCount":697,"commentCount":0,"publisher":{"@id":"https:\/\/patagoniambiental.com.ar\/info\/#organization"},"image":{"@id":"https:\/\/patagoniambiental.com.ar\/info\/neuquen-impulsa-un-modelo-energetico-con-controles-ambientales-de-vanguardia\/#primaryimage"},"thumbnailUrl":"https:\/\/patagoniambiental.com.ar\/info\/wp-content\/uploads\/2025\/04\/xs-40.webp","articleSection":["Neuqu\u00e9n","Noticias","Provinciales"],"inLanguage":"es","potentialAction":[{"@type":"CommentAction","name":"Comment","target":["https:\/\/patagoniambiental.com.ar\/info\/neuquen-impulsa-un-modelo-energetico-con-controles-ambientales-de-vanguardia\/#respond"]}]},{"@type":"WebPage","@id":"https:\/\/patagoniambiental.com.ar\/info\/neuquen-impulsa-un-modelo-energetico-con-controles-ambientales-de-vanguardia\/","url":"https:\/\/patagoniambiental.com.ar\/info\/neuquen-impulsa-un-modelo-energetico-con-controles-ambientales-de-vanguardia\/","name":"Neuqu\u00e9n impulsa un modelo energ\u00e9tico con controles ambientales de vanguardia","isPartOf":{"@id":"https:\/\/patagoniambiental.com.ar\/info\/#website"},"primaryImageOfPage":{"@id":"https:\/\/patagoniambiental.com.ar\/info\/neuquen-impulsa-un-modelo-energetico-con-controles-ambientales-de-vanguardia\/#primaryimage"},"image":{"@id":"https:\/\/patagoniambiental.com.ar\/info\/neuquen-impulsa-un-modelo-energetico-con-controles-ambientales-de-vanguardia\/#primaryimage"},"thumbnailUrl":"https:\/\/patagoniambiental.com.ar\/info\/wp-content\/uploads\/2025\/04\/xs-40.webp","datePublished":"2025-04-23T04:37:00+00:00","dateModified":"2025-05-14T16:46:07+00:00","description":"En el marco de la XXII Jornada Argentina Sustentable 2025, celebrada en la ciudad de Neuqu\u00e9n, el gobierno provincial present\u00f3 una ambiciosa y detallada estrategia que combina desarrollo energ\u00e9tico con un firme compromiso ambiental.","breadcrumb":{"@id":"https:\/\/patagoniambiental.com.ar\/info\/neuquen-impulsa-un-modelo-energetico-con-controles-ambientales-de-vanguardia\/#breadcrumb"},"inLanguage":"es","potentialAction":[{"@type":"ReadAction","target":["https:\/\/patagoniambiental.com.ar\/info\/neuquen-impulsa-un-modelo-energetico-con-controles-ambientales-de-vanguardia\/"]}]},{"@type":"ImageObject","inLanguage":"es","@id":"https:\/\/patagoniambiental.com.ar\/info\/neuquen-impulsa-un-modelo-energetico-con-controles-ambientales-de-vanguardia\/#primaryimage","url":"https:\/\/patagoniambiental.com.ar\/info\/wp-content\/uploads\/2025\/04\/xs-40.webp","contentUrl":"https:\/\/patagoniambiental.com.ar\/info\/wp-content\/uploads\/2025\/04\/xs-40.webp","width":576,"height":384,"caption":"Reuni\u00f3n sobre el Modelo Energ\u00e9tico Neuquino"},{"@type":"BreadcrumbList","@id":"https:\/\/patagoniambiental.com.ar\/info\/neuquen-impulsa-un-modelo-energetico-con-controles-ambientales-de-vanguardia\/#breadcrumb","itemListElement":[{"@type":"ListItem","position":1,"name":"Inicio","item":"https:\/\/patagoniambiental.com.ar\/info\/"},{"@type":"ListItem","position":2,"name":"Neuqu\u00e9n impulsa un modelo energ\u00e9tico con controles ambientales de vanguardia"}]},{"@type":"WebSite","@id":"https:\/\/patagoniambiental.com.ar\/info\/#website","url":"https:\/\/patagoniambiental.com.ar\/info\/","name":"Patagonia Ambiental","description":"Monitoreo y an\u00e1lisis de la situaci\u00f3n geopol\u00edtica en el mundo y su implicancia en la Patagonia","publisher":{"@id":"https:\/\/patagoniambiental.com.ar\/info\/#organization"},"potentialAction":[{"@type":"SearchAction","target":{"@type":"EntryPoint","urlTemplate":"https:\/\/patagoniambiental.com.ar\/info\/?s={search_term_string}"},"query-input":{"@type":"PropertyValueSpecification","valueRequired":true,"valueName":"search_term_string"}}],"inLanguage":"es"},{"@type":"Organization","@id":"https:\/\/patagoniambiental.com.ar\/info\/#organization","name":"Patagonia Ambiental","url":"https:\/\/patagoniambiental.com.ar\/info\/","logo":{"@type":"ImageObject","inLanguage":"es","@id":"https:\/\/patagoniambiental.com.ar\/info\/#\/schema\/logo\/image\/","url":"https:\/\/patagoniambiental.com.ar\/info\/wp-content\/uploads\/2025\/05\/LOGO-PATAGONIA-AMBIENTAL.png","contentUrl":"https:\/\/patagoniambiental.com.ar\/info\/wp-content\/uploads\/2025\/05\/LOGO-PATAGONIA-AMBIENTAL.png","width":433,"height":250,"caption":"Patagonia Ambiental"},"image":{"@id":"https:\/\/patagoniambiental.com.ar\/info\/#\/schema\/logo\/image\/"},"sameAs":["https:\/\/www.facebook.com\/patagonia.ambiental","https:\/\/x.com\/PatAmb"]},{"@type":"Person","@id":"https:\/\/patagoniambiental.com.ar\/info\/#\/schema\/person\/db12bff64bbcbf6a253710bf0ea37b5d","name":"Patagonia Ambiental","description":"Andr\u00e9s Nievas T\u00e9cnico en manejo ambiental, consultor Ambiental y escritor para medios locales e internacionales sobre temas de geopolitica y medio ambiente.","sameAs":["http:\/\/www.patagoniambiental.com.ar","https:\/\/www.facebook.com\/share\/1C1V8Gv9BX\/?mibextid=qi2Omg","@patagoniambiental","https:\/\/youtube.com\/@patagoniaambiental2023?si=BLt58t0wuXquxlYZ"]}]}},"_links":{"self":[{"href":"https:\/\/patagoniambiental.com.ar\/info\/wp-json\/wp\/v2\/posts\/93549","targetHints":{"allow":["GET"]}}],"collection":[{"href":"https:\/\/patagoniambiental.com.ar\/info\/wp-json\/wp\/v2\/posts"}],"about":[{"href":"https:\/\/patagoniambiental.com.ar\/info\/wp-json\/wp\/v2\/types\/post"}],"author":[{"embeddable":true,"href":"https:\/\/patagoniambiental.com.ar\/info\/wp-json\/wp\/v2\/users\/2"}],"replies":[{"embeddable":true,"href":"https:\/\/patagoniambiental.com.ar\/info\/wp-json\/wp\/v2\/comments?post=93549"}],"version-history":[{"count":0,"href":"https:\/\/patagoniambiental.com.ar\/info\/wp-json\/wp\/v2\/posts\/93549\/revisions"}],"wp:featuredmedia":[{"embeddable":true,"href":"https:\/\/patagoniambiental.com.ar\/info\/wp-json\/wp\/v2\/media\/93550"}],"wp:attachment":[{"href":"https:\/\/patagoniambiental.com.ar\/info\/wp-json\/wp\/v2\/media?parent=93549"}],"wp:term":[{"taxonomy":"category","embeddable":true,"href":"https:\/\/patagoniambiental.com.ar\/info\/wp-json\/wp\/v2\/categories?post=93549"},{"taxonomy":"post_tag","embeddable":true,"href":"https:\/\/patagoniambiental.com.ar\/info\/wp-json\/wp\/v2\/tags?post=93549"}],"curies":[{"name":"wp","href":"https:\/\/api.w.org\/{rel}","templated":true}]}}