{"id":93646,"date":"2025-04-25T10:11:48","date_gmt":"2025-04-25T13:11:48","guid":{"rendered":"https:\/\/patagoniambiental.com.ar\/info\/?p=93646"},"modified":"2025-05-04T16:03:46","modified_gmt":"2025-05-04T19:03:46","slug":"rio-negro-marca-un-hito-energetico-primera-exportacion-de-gnl-desde-sus-costas","status":"publish","type":"post","link":"https:\/\/patagoniambiental.com.ar\/info\/rio-negro-marca-un-hito-energetico-primera-exportacion-de-gnl-desde-sus-costas\/","title":{"rendered":"R\u00edo Negro marca un hito energ\u00e9tico: primera exportaci\u00f3n de GNL desde sus costas"},"content":{"rendered":"\n<!--more-->\n\n\n\n<p>Rio Negro, 25 de abril de 2025. La historia energ\u00e9tica de Argentina est\u00e1 escribiendo un nuevo cap\u00edtulo. Desde las tranquilas aguas del Golfo San Mat\u00edas, en R\u00edo Negro, emerge una noticia que promete transformar no solo la provincia, sino el rol del pa\u00eds en los mercados internacionales de gas: se ha habilitado la primera exportaci\u00f3n de Gas Natural Licuado (GNL) desde la costa rionegrina. \u00bfQu\u00e9 implica este avance para el futuro energ\u00e9tico nacional y regional? Acompa\u00f1anos a descubrirlo.<\/p>\n\n\n\n<p><a href=\"https:\/\/patagoniambiental.com.ar\/info\/rio-negro-refuerza-controles-ambientales-en-proyectos-clave-de-gnl-y-vaca-muerta-sur\/\">Leer m\u00e1s: <strong>R\u00edo Negro refuerza controles ambientales en proyectos clave de GNL y Vaca Muerta Sur<\/strong><br><\/a><br><\/p>\n\n\n\n<p>La decisi\u00f3n, oficializada por la Secretar\u00eda de Energ\u00eda de la Naci\u00f3n, otorga al consorcio Southern Energy el primer permiso de libre exportaci\u00f3n de GNL en la historia del pa\u00eds, con una vigencia in\u00e9dita de 30 a\u00f1os. Esta autorizaci\u00f3n no solo destaca la madurez de las inversiones en el sector, sino que consolida a R\u00edo Negro como una pieza clave dentro del mapa energ\u00e9tico global.<\/p>\n\n\n\n<p>Detr\u00e1s de esta iniciativa est\u00e1 un poderoso entramado empresarial que re\u00fane a <a href=\"http:\/\/www.pan-energy.com\">Pan American Energy,<\/a> Golar, <a href=\"http:\/\/www.ypf.com\">YPF<\/a>, P<a href=\"http:\/\/pampa.com\">ampa Energ\u00eda<\/a> y <a href=\"http:\/\/www.harbourenergy.com\">Harbour Energy<\/a>. Estas compa\u00f1\u00edas, de trayectoria internacional, impulsar\u00e1n el proyecto a partir de 2027 con la puesta en funcionamiento del buque licuefactor Hilli Episeyo, una plataforma flotante capaz de transformar gas en estado l\u00edquido frente a las costas de la provincia.<\/p>\n\n\n\n<p><a href=\"https:\/\/patagoniambiental.com.ar\/info\/weretilneck-y-casadei-impulsan-proyecto-historico-de-gnl-en-rio-negro\/\">Leer m\u00e1s: <strong>Weretilneck y Casadei impulsan proyecto hist\u00f3rico de GNL en R\u00edo Negro<\/strong><br><\/a><br><\/p>\n\n\n\n<p>El volumen de exportaci\u00f3n proyectado es ambicioso: se estiman hasta 6 millones de toneladas anuales de GNL. Para ponerlo en perspectiva, esta cifra representa un salto cualitativo en la capacidad exportadora nacional, en l\u00ednea con las tendencias globales de transici\u00f3n energ\u00e9tica hacia combustibles m\u00e1s limpios.<\/p>\n\n\n\n<p>El gobernador Alberto Weretilneck celebr\u00f3 el anuncio como un punto de inflexi\u00f3n para el desarrollo de la provincia. \u00abEsta autorizaci\u00f3n representa un paso fundamental para consolidar nuestro perfil productivo de largo plazo, generando empleo genuino, infraestructura moderna y m\u00e1s oportunidades para toda la regi\u00f3n\u00bb, subray\u00f3.<\/p>\n\n\n\n<p>Leer m\u00e1s: <a href=\"https:\/\/patagoniambiental.com.ar\/info\/rio-negro-se-posiciona-como-lider-en-proyectos-de-gnl-con-impacto-nacional-y-global\/\"><strong>R\u00edo Negro se posiciona como l\u00edder en proyectos de GNL con impacto nacional y global<\/strong><br><\/a><\/p>\n\n\n\n<p>Uno de los pilares que permiti\u00f3 concretar esta oportunidad fue la temprana adhesi\u00f3n de R\u00edo Negro al R\u00e9gimen de Incentivo a las Grandes Inversiones (RIGI). Este marco legal otorg\u00f3 seguridad jur\u00eddica y previsibilidad a los inversores, dos factores clave para la atracci\u00f3n de capitales en un contexto internacional cada vez m\u00e1s competitivo.<\/p>\n\n\n\n<p>M\u00e1s all\u00e1 de los n\u00fameros y las inversiones, este avance tiene profundas implicancias para la matriz productiva provincial. Se proyecta un impacto positivo en la generaci\u00f3n de empleo directo e indirecto, la construcci\u00f3n de infraestructura portuaria y vial, y la creaci\u00f3n de un ecosistema de servicios asociados a la actividad energ\u00e9tica.<\/p>\n\n\n\n<p>El compromiso con el cuidado del medio ambiente ser\u00e1 una premisa central en todas las etapas del proyecto. Tanto desde el gobierno provincial como desde el consorcio empresarial se asegur\u00f3 que se implementar\u00e1n los m\u00e1s altos est\u00e1ndares internacionales en materia de sustentabilidad y control de emisiones.<\/p>\n\n\n\n<p>En t\u00e9rminos geoestrat\u00e9gicos, la ubicaci\u00f3n de R\u00edo Negro resulta \u00f3ptima para acceder a los principales mercados internacionales de GNL, incluyendo Europa, Asia y Am\u00e9rica del Norte. Este posicionamiento geogr\u00e1fico, combinado con la infraestructura en expansi\u00f3n, convierte a la provincia en un hub exportador de alto potencial.<\/p>\n\n\n\n<figure class=\"wp-block-embed is-type-video is-provider-youtube wp-block-embed-youtube wp-embed-aspect-16-9 wp-has-aspect-ratio\"><div class=\"wp-block-embed__wrapper\">\n<iframe title=\"Alberto Weretilneck en #Noticias10: la planta de GNL en R\u00edo Negro &quot;es una decisi\u00f3n federal&quot;\" width=\"500\" height=\"281\" src=\"https:\/\/www.youtube.com\/embed\/d2oU8jWzC0M?feature=oembed\" frameborder=\"0\" allow=\"accelerometer; autoplay; clipboard-write; encrypted-media; gyroscope; picture-in-picture; web-share\" referrerpolicy=\"strict-origin-when-cross-origin\" allowfullscreen><\/iframe>\n<\/div><\/figure>\n\n\n\n<p>Adem\u00e1s, la diversificaci\u00f3n energ\u00e9tica que propone el GNL se alinea con los compromisos asumidos por Argentina en el marco del Acuerdo de Par\u00eds. La posibilidad de sustituir combustibles m\u00e1s contaminantes por gas natural en diferentes mercados refuerza la contribuci\u00f3n del pa\u00eds a la lucha contra el cambio clim\u00e1tico.<\/p>\n\n\n\n<p>El proyecto tambi\u00e9n plantea oportunidades de colaboraci\u00f3n tecnol\u00f3gica y transferencia de conocimientos entre empresas locales e internacionales. Esto permitir\u00e1 fortalecer capacidades t\u00e9cnicas en la regi\u00f3n, generando un c\u00edrculo virtuoso de innovaci\u00f3n y desarrollo econ\u00f3mico.<\/p>\n\n\n\n<p>Desde una perspectiva macroecon\u00f3mica, la exportaci\u00f3n sostenida de GNL contribuir\u00e1 a mejorar la balanza comercial del pa\u00eds, incrementando el ingreso de divisas y reduciendo la vulnerabilidad externa. A su vez, impulsar\u00e1 inversiones adicionales en infraestructura energ\u00e9tica y log\u00edstica.<\/p>\n\n\n\n<p>Con miras al mediano plazo, se vislumbra la posibilidad de expandir la capacidad licuefactora instalada o incorporar nuevas unidades flotantes, dependiendo de la evoluci\u00f3n de los mercados y la disponibilidad de recursos.<\/p>\n\n\n\n<p>En definitiva, la habilitaci\u00f3n para exportar GNL desde R\u00edo Negro no solo marca un logro para la provincia, sino que redefine el rol de Argentina en la escena energ\u00e9tica mundial. Es el comienzo de una etapa donde la innovaci\u00f3n, la inversi\u00f3n sostenible y el desarrollo regional caminan de la mano.<\/p>\n\n\n\n<p>Hoy, R\u00edo Negro se posiciona en el radar de las grandes ligas energ\u00e9ticas. El futuro, cargado de desaf\u00edos y oportunidades, ya est\u00e1 en marcha desde las costas del Golfo San Mat\u00edas.<\/p>\n","protected":false},"excerpt":{"rendered":"","protected":false},"author":2,"featured_media":93647,"comment_status":"open","ping_status":"open","sticky":false,"template":"","format":"standard","meta":{"site-sidebar-layout":"default","site-content-layout":"","ast-site-content-layout":"default","site-content-style":"default","site-sidebar-style":"default","ast-global-header-display":"","ast-banner-title-visibility":"","ast-main-header-display":"","ast-hfb-above-header-display":"","ast-hfb-below-header-display":"","ast-hfb-mobile-header-display":"","site-post-title":"","ast-breadcrumbs-content":"","ast-featured-img":"","footer-sml-layout":"","ast-disable-related-posts":"","theme-transparent-header-meta":"","adv-header-id-meta":"","stick-header-meta":"","header-above-stick-meta":"","header-main-stick-meta":"","header-below-stick-meta":"","astra-migrate-meta-layouts":"default","ast-page-background-enabled":"default","ast-page-background-meta":{"desktop":{"background-color":"var(--ast-global-color-5)","background-image":"","background-repeat":"repeat","background-position":"center center","background-size":"auto","background-attachment":"scroll","background-type":"","background-media":"","overlay-type":"","overlay-color":"","overlay-opacity":"","overlay-gradient":""},"tablet":{"background-color":"","background-image":"","background-repeat":"repeat","background-position":"center center","background-size":"auto","background-attachment":"scroll","background-type":"","background-media":"","overlay-type":"","overlay-color":"","overlay-opacity":"","overlay-gradient":""},"mobile":{"background-color":"","background-image":"","background-repeat":"repeat","background-position":"center center","background-size":"auto","background-attachment":"scroll","background-type":"","background-media":"","overlay-type":"","overlay-color":"","overlay-opacity":"","overlay-gradient":""}},"ast-content-background-meta":{"desktop":{"background-color":"var(--ast-global-color-4)","background-image":"","background-repeat":"repeat","background-position":"center center","background-size":"auto","background-attachment":"scroll","background-type":"","background-media":"","overlay-type":"","overlay-color":"","overlay-opacity":"","overlay-gradient":""},"tablet":{"background-color":"var(--ast-global-color-4)","background-image":"","background-repeat":"repeat","background-position":"center center","background-size":"auto","background-attachment":"scroll","background-type":"","background-media":"","overlay-type":"","overlay-color":"","overlay-opacity":"","overlay-gradient":""},"mobile":{"background-color":"var(--ast-global-color-4)","background-image":"","background-repeat":"repeat","background-position":"center center","background-size":"auto","background-attachment":"scroll","background-type":"","background-media":"","overlay-type":"","overlay-color":"","overlay-opacity":"","overlay-gradient":""}},"footnotes":""},"categories":[1,13,14],"tags":[],"class_list":["post-93646","post","type-post","status-publish","format-standard","has-post-thumbnail","hentry","category-noticias","category-provinciales","category-rio-negro"],"yoast_head":"<!-- This site is optimized with the Yoast SEO Premium plugin v23.0 (Yoast SEO v27.5) - https:\/\/yoast.com\/product\/yoast-seo-premium-wordpress\/ -->\n<title>R\u00edo Negro marca un hito energ\u00e9tico: primera exportaci\u00f3n de GNL desde sus costas<\/title>\n<meta name=\"description\" content=\"La historia energ\u00e9tica de Argentina est\u00e1 escribiendo un nuevo cap\u00edtulo.\" \/>\n<meta name=\"robots\" content=\"index, follow, max-snippet:-1, max-image-preview:large, max-video-preview:-1\" \/>\n<link rel=\"canonical\" href=\"https:\/\/patagoniambiental.com.ar\/info\/rio-negro-marca-un-hito-energetico-primera-exportacion-de-gnl-desde-sus-costas\/\" \/>\n<meta property=\"og:locale\" content=\"es_ES\" \/>\n<meta property=\"og:type\" content=\"article\" \/>\n<meta property=\"og:title\" content=\"R\u00edo Negro marca un hito energ\u00e9tico: primera exportaci\u00f3n de GNL desde sus costas\" \/>\n<meta property=\"og:description\" content=\"La historia energ\u00e9tica de Argentina est\u00e1 escribiendo un nuevo cap\u00edtulo.\" \/>\n<meta property=\"og:url\" content=\"https:\/\/patagoniambiental.com.ar\/info\/rio-negro-marca-un-hito-energetico-primera-exportacion-de-gnl-desde-sus-costas\/\" \/>\n<meta property=\"og:site_name\" content=\"Patagonia Ambiental\" \/>\n<meta property=\"article:publisher\" content=\"https:\/\/www.facebook.com\/patagonia.ambiental\" \/>\n<meta property=\"article:author\" content=\"https:\/\/www.facebook.com\/share\/1C1V8Gv9BX\/?mibextid=qi2Omg\" \/>\n<meta property=\"article:published_time\" content=\"2025-04-25T13:11:48+00:00\" \/>\n<meta property=\"article:modified_time\" content=\"2025-05-04T19:03:46+00:00\" \/>\n<meta property=\"og:image\" content=\"https:\/\/patagoniambiental.com.ar\/info\/wp-content\/uploads\/2025\/04\/1731329886-8e6286cef670343e3431.jpeg\" \/>\n\t<meta property=\"og:image:width\" content=\"1080\" \/>\n\t<meta property=\"og:image:height\" content=\"608\" \/>\n\t<meta property=\"og:image:type\" content=\"image\/jpeg\" \/>\n<meta name=\"author\" content=\"Patagonia Ambiental\" \/>\n<meta name=\"twitter:card\" content=\"summary_large_image\" \/>\n<meta name=\"twitter:creator\" content=\"@PatAmb\" \/>\n<meta name=\"twitter:site\" content=\"@PatAmb\" \/>\n<script type=\"application\/ld+json\" class=\"yoast-schema-graph\">{\"@context\":\"https:\\\/\\\/schema.org\",\"@graph\":[{\"@type\":\"Article\",\"@id\":\"https:\\\/\\\/patagoniambiental.com.ar\\\/info\\\/rio-negro-marca-un-hito-energetico-primera-exportacion-de-gnl-desde-sus-costas\\\/#article\",\"isPartOf\":{\"@id\":\"https:\\\/\\\/patagoniambiental.com.ar\\\/info\\\/rio-negro-marca-un-hito-energetico-primera-exportacion-de-gnl-desde-sus-costas\\\/\"},\"author\":{\"name\":\"Patagonia Ambiental\",\"@id\":\"https:\\\/\\\/patagoniambiental.com.ar\\\/info\\\/#\\\/schema\\\/person\\\/db12bff64bbcbf6a253710bf0ea37b5d\"},\"headline\":\"R\u00edo Negro marca un hito energ\u00e9tico: primera exportaci\u00f3n de GNL desde sus costas\",\"datePublished\":\"2025-04-25T13:11:48+00:00\",\"dateModified\":\"2025-05-04T19:03:46+00:00\",\"mainEntityOfPage\":{\"@id\":\"https:\\\/\\\/patagoniambiental.com.ar\\\/info\\\/rio-negro-marca-un-hito-energetico-primera-exportacion-de-gnl-desde-sus-costas\\\/\"},\"wordCount\":884,\"commentCount\":0,\"publisher\":{\"@id\":\"https:\\\/\\\/patagoniambiental.com.ar\\\/info\\\/#organization\"},\"image\":{\"@id\":\"https:\\\/\\\/patagoniambiental.com.ar\\\/info\\\/rio-negro-marca-un-hito-energetico-primera-exportacion-de-gnl-desde-sus-costas\\\/#primaryimage\"},\"thumbnailUrl\":\"https:\\\/\\\/patagoniambiental.com.ar\\\/info\\\/wp-content\\\/uploads\\\/2025\\\/04\\\/1731329886-8e6286cef670343e3431.jpeg\",\"articleSection\":[\"Noticias\",\"Provinciales\",\"R\u00edo Negro\"],\"inLanguage\":\"es\",\"potentialAction\":[{\"@type\":\"CommentAction\",\"name\":\"Comment\",\"target\":[\"https:\\\/\\\/patagoniambiental.com.ar\\\/info\\\/rio-negro-marca-un-hito-energetico-primera-exportacion-de-gnl-desde-sus-costas\\\/#respond\"]}]},{\"@type\":\"WebPage\",\"@id\":\"https:\\\/\\\/patagoniambiental.com.ar\\\/info\\\/rio-negro-marca-un-hito-energetico-primera-exportacion-de-gnl-desde-sus-costas\\\/\",\"url\":\"https:\\\/\\\/patagoniambiental.com.ar\\\/info\\\/rio-negro-marca-un-hito-energetico-primera-exportacion-de-gnl-desde-sus-costas\\\/\",\"name\":\"R\u00edo Negro marca un hito energ\u00e9tico: primera exportaci\u00f3n de GNL desde sus costas\",\"isPartOf\":{\"@id\":\"https:\\\/\\\/patagoniambiental.com.ar\\\/info\\\/#website\"},\"primaryImageOfPage\":{\"@id\":\"https:\\\/\\\/patagoniambiental.com.ar\\\/info\\\/rio-negro-marca-un-hito-energetico-primera-exportacion-de-gnl-desde-sus-costas\\\/#primaryimage\"},\"image\":{\"@id\":\"https:\\\/\\\/patagoniambiental.com.ar\\\/info\\\/rio-negro-marca-un-hito-energetico-primera-exportacion-de-gnl-desde-sus-costas\\\/#primaryimage\"},\"thumbnailUrl\":\"https:\\\/\\\/patagoniambiental.com.ar\\\/info\\\/wp-content\\\/uploads\\\/2025\\\/04\\\/1731329886-8e6286cef670343e3431.jpeg\",\"datePublished\":\"2025-04-25T13:11:48+00:00\",\"dateModified\":\"2025-05-04T19:03:46+00:00\",\"description\":\"La historia energ\u00e9tica de Argentina est\u00e1 escribiendo un nuevo cap\u00edtulo.\",\"breadcrumb\":{\"@id\":\"https:\\\/\\\/patagoniambiental.com.ar\\\/info\\\/rio-negro-marca-un-hito-energetico-primera-exportacion-de-gnl-desde-sus-costas\\\/#breadcrumb\"},\"inLanguage\":\"es\",\"potentialAction\":[{\"@type\":\"ReadAction\",\"target\":[\"https:\\\/\\\/patagoniambiental.com.ar\\\/info\\\/rio-negro-marca-un-hito-energetico-primera-exportacion-de-gnl-desde-sus-costas\\\/\"]}]},{\"@type\":\"ImageObject\",\"inLanguage\":\"es\",\"@id\":\"https:\\\/\\\/patagoniambiental.com.ar\\\/info\\\/rio-negro-marca-un-hito-energetico-primera-exportacion-de-gnl-desde-sus-costas\\\/#primaryimage\",\"url\":\"https:\\\/\\\/patagoniambiental.com.ar\\\/info\\\/wp-content\\\/uploads\\\/2025\\\/04\\\/1731329886-8e6286cef670343e3431.jpeg\",\"contentUrl\":\"https:\\\/\\\/patagoniambiental.com.ar\\\/info\\\/wp-content\\\/uploads\\\/2025\\\/04\\\/1731329886-8e6286cef670343e3431.jpeg\",\"width\":1080,\"height\":608,\"caption\":\"Primera exportaci\u00f3n de GNL de r\u00edo Negro\"},{\"@type\":\"BreadcrumbList\",\"@id\":\"https:\\\/\\\/patagoniambiental.com.ar\\\/info\\\/rio-negro-marca-un-hito-energetico-primera-exportacion-de-gnl-desde-sus-costas\\\/#breadcrumb\",\"itemListElement\":[{\"@type\":\"ListItem\",\"position\":1,\"name\":\"Inicio\",\"item\":\"https:\\\/\\\/patagoniambiental.com.ar\\\/info\\\/\"},{\"@type\":\"ListItem\",\"position\":2,\"name\":\"R\u00edo Negro marca un hito energ\u00e9tico: primera exportaci\u00f3n de GNL desde sus costas\"}]},{\"@type\":\"WebSite\",\"@id\":\"https:\\\/\\\/patagoniambiental.com.ar\\\/info\\\/#website\",\"url\":\"https:\\\/\\\/patagoniambiental.com.ar\\\/info\\\/\",\"name\":\"Patagonia Ambiental\",\"description\":\"Monitoreo y an\u00e1lisis de la situaci\u00f3n geopol\u00edtica en el mundo y su implicancia en la Patagonia\",\"publisher\":{\"@id\":\"https:\\\/\\\/patagoniambiental.com.ar\\\/info\\\/#organization\"},\"potentialAction\":[{\"@type\":\"SearchAction\",\"target\":{\"@type\":\"EntryPoint\",\"urlTemplate\":\"https:\\\/\\\/patagoniambiental.com.ar\\\/info\\\/?s={search_term_string}\"},\"query-input\":{\"@type\":\"PropertyValueSpecification\",\"valueRequired\":true,\"valueName\":\"search_term_string\"}}],\"inLanguage\":\"es\"},{\"@type\":\"Organization\",\"@id\":\"https:\\\/\\\/patagoniambiental.com.ar\\\/info\\\/#organization\",\"name\":\"Patagonia Ambiental\",\"url\":\"https:\\\/\\\/patagoniambiental.com.ar\\\/info\\\/\",\"logo\":{\"@type\":\"ImageObject\",\"inLanguage\":\"es\",\"@id\":\"https:\\\/\\\/patagoniambiental.com.ar\\\/info\\\/#\\\/schema\\\/logo\\\/image\\\/\",\"url\":\"https:\\\/\\\/patagoniambiental.com.ar\\\/info\\\/wp-content\\\/uploads\\\/2025\\\/05\\\/LOGO-PATAGONIA-AMBIENTAL.png\",\"contentUrl\":\"https:\\\/\\\/patagoniambiental.com.ar\\\/info\\\/wp-content\\\/uploads\\\/2025\\\/05\\\/LOGO-PATAGONIA-AMBIENTAL.png\",\"width\":433,\"height\":250,\"caption\":\"Patagonia Ambiental\"},\"image\":{\"@id\":\"https:\\\/\\\/patagoniambiental.com.ar\\\/info\\\/#\\\/schema\\\/logo\\\/image\\\/\"},\"sameAs\":[\"https:\\\/\\\/www.facebook.com\\\/patagonia.ambiental\",\"https:\\\/\\\/x.com\\\/PatAmb\"]},{\"@type\":\"Person\",\"@id\":\"https:\\\/\\\/patagoniambiental.com.ar\\\/info\\\/#\\\/schema\\\/person\\\/db12bff64bbcbf6a253710bf0ea37b5d\",\"name\":\"Patagonia Ambiental\",\"description\":\"Andr\u00e9s Nievas T\u00e9cnico en manejo ambiental, consultor Ambiental y escritor para medios locales e internacionales sobre temas de geopolitica y medio ambiente.\",\"sameAs\":[\"http:\\\/\\\/www.patagoniambiental.com.ar\",\"https:\\\/\\\/www.facebook.com\\\/share\\\/1C1V8Gv9BX\\\/?mibextid=qi2Omg\",\"@patagoniambiental\",\"https:\\\/\\\/youtube.com\\\/@patagoniaambiental2023?si=BLt58t0wuXquxlYZ\"]}]}<\/script>\n<!-- \/ Yoast SEO Premium plugin. -->","yoast_head_json":{"title":"R\u00edo Negro marca un hito energ\u00e9tico: primera exportaci\u00f3n de GNL desde sus costas","description":"La historia energ\u00e9tica de Argentina est\u00e1 escribiendo un nuevo cap\u00edtulo.","robots":{"index":"index","follow":"follow","max-snippet":"max-snippet:-1","max-image-preview":"max-image-preview:large","max-video-preview":"max-video-preview:-1"},"canonical":"https:\/\/patagoniambiental.com.ar\/info\/rio-negro-marca-un-hito-energetico-primera-exportacion-de-gnl-desde-sus-costas\/","og_locale":"es_ES","og_type":"article","og_title":"R\u00edo Negro marca un hito energ\u00e9tico: primera exportaci\u00f3n de GNL desde sus costas","og_description":"La historia energ\u00e9tica de Argentina est\u00e1 escribiendo un nuevo cap\u00edtulo.","og_url":"https:\/\/patagoniambiental.com.ar\/info\/rio-negro-marca-un-hito-energetico-primera-exportacion-de-gnl-desde-sus-costas\/","og_site_name":"Patagonia Ambiental","article_publisher":"https:\/\/www.facebook.com\/patagonia.ambiental","article_author":"https:\/\/www.facebook.com\/share\/1C1V8Gv9BX\/?mibextid=qi2Omg","article_published_time":"2025-04-25T13:11:48+00:00","article_modified_time":"2025-05-04T19:03:46+00:00","og_image":[{"width":1080,"height":608,"url":"https:\/\/patagoniambiental.com.ar\/info\/wp-content\/uploads\/2025\/04\/1731329886-8e6286cef670343e3431.jpeg","type":"image\/jpeg"}],"author":"Patagonia Ambiental","twitter_card":"summary_large_image","twitter_creator":"@PatAmb","twitter_site":"@PatAmb","schema":{"@context":"https:\/\/schema.org","@graph":[{"@type":"Article","@id":"https:\/\/patagoniambiental.com.ar\/info\/rio-negro-marca-un-hito-energetico-primera-exportacion-de-gnl-desde-sus-costas\/#article","isPartOf":{"@id":"https:\/\/patagoniambiental.com.ar\/info\/rio-negro-marca-un-hito-energetico-primera-exportacion-de-gnl-desde-sus-costas\/"},"author":{"name":"Patagonia Ambiental","@id":"https:\/\/patagoniambiental.com.ar\/info\/#\/schema\/person\/db12bff64bbcbf6a253710bf0ea37b5d"},"headline":"R\u00edo Negro marca un hito energ\u00e9tico: primera exportaci\u00f3n de GNL desde sus costas","datePublished":"2025-04-25T13:11:48+00:00","dateModified":"2025-05-04T19:03:46+00:00","mainEntityOfPage":{"@id":"https:\/\/patagoniambiental.com.ar\/info\/rio-negro-marca-un-hito-energetico-primera-exportacion-de-gnl-desde-sus-costas\/"},"wordCount":884,"commentCount":0,"publisher":{"@id":"https:\/\/patagoniambiental.com.ar\/info\/#organization"},"image":{"@id":"https:\/\/patagoniambiental.com.ar\/info\/rio-negro-marca-un-hito-energetico-primera-exportacion-de-gnl-desde-sus-costas\/#primaryimage"},"thumbnailUrl":"https:\/\/patagoniambiental.com.ar\/info\/wp-content\/uploads\/2025\/04\/1731329886-8e6286cef670343e3431.jpeg","articleSection":["Noticias","Provinciales","R\u00edo Negro"],"inLanguage":"es","potentialAction":[{"@type":"CommentAction","name":"Comment","target":["https:\/\/patagoniambiental.com.ar\/info\/rio-negro-marca-un-hito-energetico-primera-exportacion-de-gnl-desde-sus-costas\/#respond"]}]},{"@type":"WebPage","@id":"https:\/\/patagoniambiental.com.ar\/info\/rio-negro-marca-un-hito-energetico-primera-exportacion-de-gnl-desde-sus-costas\/","url":"https:\/\/patagoniambiental.com.ar\/info\/rio-negro-marca-un-hito-energetico-primera-exportacion-de-gnl-desde-sus-costas\/","name":"R\u00edo Negro marca un hito energ\u00e9tico: primera exportaci\u00f3n de GNL desde sus costas","isPartOf":{"@id":"https:\/\/patagoniambiental.com.ar\/info\/#website"},"primaryImageOfPage":{"@id":"https:\/\/patagoniambiental.com.ar\/info\/rio-negro-marca-un-hito-energetico-primera-exportacion-de-gnl-desde-sus-costas\/#primaryimage"},"image":{"@id":"https:\/\/patagoniambiental.com.ar\/info\/rio-negro-marca-un-hito-energetico-primera-exportacion-de-gnl-desde-sus-costas\/#primaryimage"},"thumbnailUrl":"https:\/\/patagoniambiental.com.ar\/info\/wp-content\/uploads\/2025\/04\/1731329886-8e6286cef670343e3431.jpeg","datePublished":"2025-04-25T13:11:48+00:00","dateModified":"2025-05-04T19:03:46+00:00","description":"La historia energ\u00e9tica de Argentina est\u00e1 escribiendo un nuevo cap\u00edtulo.","breadcrumb":{"@id":"https:\/\/patagoniambiental.com.ar\/info\/rio-negro-marca-un-hito-energetico-primera-exportacion-de-gnl-desde-sus-costas\/#breadcrumb"},"inLanguage":"es","potentialAction":[{"@type":"ReadAction","target":["https:\/\/patagoniambiental.com.ar\/info\/rio-negro-marca-un-hito-energetico-primera-exportacion-de-gnl-desde-sus-costas\/"]}]},{"@type":"ImageObject","inLanguage":"es","@id":"https:\/\/patagoniambiental.com.ar\/info\/rio-negro-marca-un-hito-energetico-primera-exportacion-de-gnl-desde-sus-costas\/#primaryimage","url":"https:\/\/patagoniambiental.com.ar\/info\/wp-content\/uploads\/2025\/04\/1731329886-8e6286cef670343e3431.jpeg","contentUrl":"https:\/\/patagoniambiental.com.ar\/info\/wp-content\/uploads\/2025\/04\/1731329886-8e6286cef670343e3431.jpeg","width":1080,"height":608,"caption":"Primera exportaci\u00f3n de GNL de r\u00edo Negro"},{"@type":"BreadcrumbList","@id":"https:\/\/patagoniambiental.com.ar\/info\/rio-negro-marca-un-hito-energetico-primera-exportacion-de-gnl-desde-sus-costas\/#breadcrumb","itemListElement":[{"@type":"ListItem","position":1,"name":"Inicio","item":"https:\/\/patagoniambiental.com.ar\/info\/"},{"@type":"ListItem","position":2,"name":"R\u00edo Negro marca un hito energ\u00e9tico: primera exportaci\u00f3n de GNL desde sus costas"}]},{"@type":"WebSite","@id":"https:\/\/patagoniambiental.com.ar\/info\/#website","url":"https:\/\/patagoniambiental.com.ar\/info\/","name":"Patagonia Ambiental","description":"Monitoreo y an\u00e1lisis de la situaci\u00f3n geopol\u00edtica en el mundo y su implicancia en la Patagonia","publisher":{"@id":"https:\/\/patagoniambiental.com.ar\/info\/#organization"},"potentialAction":[{"@type":"SearchAction","target":{"@type":"EntryPoint","urlTemplate":"https:\/\/patagoniambiental.com.ar\/info\/?s={search_term_string}"},"query-input":{"@type":"PropertyValueSpecification","valueRequired":true,"valueName":"search_term_string"}}],"inLanguage":"es"},{"@type":"Organization","@id":"https:\/\/patagoniambiental.com.ar\/info\/#organization","name":"Patagonia Ambiental","url":"https:\/\/patagoniambiental.com.ar\/info\/","logo":{"@type":"ImageObject","inLanguage":"es","@id":"https:\/\/patagoniambiental.com.ar\/info\/#\/schema\/logo\/image\/","url":"https:\/\/patagoniambiental.com.ar\/info\/wp-content\/uploads\/2025\/05\/LOGO-PATAGONIA-AMBIENTAL.png","contentUrl":"https:\/\/patagoniambiental.com.ar\/info\/wp-content\/uploads\/2025\/05\/LOGO-PATAGONIA-AMBIENTAL.png","width":433,"height":250,"caption":"Patagonia Ambiental"},"image":{"@id":"https:\/\/patagoniambiental.com.ar\/info\/#\/schema\/logo\/image\/"},"sameAs":["https:\/\/www.facebook.com\/patagonia.ambiental","https:\/\/x.com\/PatAmb"]},{"@type":"Person","@id":"https:\/\/patagoniambiental.com.ar\/info\/#\/schema\/person\/db12bff64bbcbf6a253710bf0ea37b5d","name":"Patagonia Ambiental","description":"Andr\u00e9s Nievas T\u00e9cnico en manejo ambiental, consultor Ambiental y escritor para medios locales e internacionales sobre temas de geopolitica y medio ambiente.","sameAs":["http:\/\/www.patagoniambiental.com.ar","https:\/\/www.facebook.com\/share\/1C1V8Gv9BX\/?mibextid=qi2Omg","@patagoniambiental","https:\/\/youtube.com\/@patagoniaambiental2023?si=BLt58t0wuXquxlYZ"]}]}},"_links":{"self":[{"href":"https:\/\/patagoniambiental.com.ar\/info\/wp-json\/wp\/v2\/posts\/93646","targetHints":{"allow":["GET"]}}],"collection":[{"href":"https:\/\/patagoniambiental.com.ar\/info\/wp-json\/wp\/v2\/posts"}],"about":[{"href":"https:\/\/patagoniambiental.com.ar\/info\/wp-json\/wp\/v2\/types\/post"}],"author":[{"embeddable":true,"href":"https:\/\/patagoniambiental.com.ar\/info\/wp-json\/wp\/v2\/users\/2"}],"replies":[{"embeddable":true,"href":"https:\/\/patagoniambiental.com.ar\/info\/wp-json\/wp\/v2\/comments?post=93646"}],"version-history":[{"count":0,"href":"https:\/\/patagoniambiental.com.ar\/info\/wp-json\/wp\/v2\/posts\/93646\/revisions"}],"wp:featuredmedia":[{"embeddable":true,"href":"https:\/\/patagoniambiental.com.ar\/info\/wp-json\/wp\/v2\/media\/93647"}],"wp:attachment":[{"href":"https:\/\/patagoniambiental.com.ar\/info\/wp-json\/wp\/v2\/media?parent=93646"}],"wp:term":[{"taxonomy":"category","embeddable":true,"href":"https:\/\/patagoniambiental.com.ar\/info\/wp-json\/wp\/v2\/categories?post=93646"},{"taxonomy":"post_tag","embeddable":true,"href":"https:\/\/patagoniambiental.com.ar\/info\/wp-json\/wp\/v2\/tags?post=93646"}],"curies":[{"name":"wp","href":"https:\/\/api.w.org\/{rel}","templated":true}]}}