{"id":93651,"date":"2025-04-29T00:01:54","date_gmt":"2025-04-29T03:01:54","guid":{"rendered":"https:\/\/patagoniambiental.com.ar\/info\/?p=93651"},"modified":"2025-05-14T13:10:05","modified_gmt":"2025-05-14T16:10:05","slug":"el-fenomeno-de-el-nino-se-intensifica-en-patagonia-como-afectara-a-rio-negro-y-neuquen-y-que-medidas-tomar","status":"publish","type":"post","link":"https:\/\/patagoniambiental.com.ar\/info\/el-fenomeno-de-el-nino-se-intensifica-en-patagonia-como-afectara-a-rio-negro-y-neuquen-y-que-medidas-tomar\/","title":{"rendered":"El fen\u00f3meno de El Ni\u00f1o se intensifica en Patagonia: c\u00f3mo afectar\u00e1 a R\u00edo Negro y Neuqu\u00e9n y qu\u00e9 medidas tomar"},"content":{"rendered":"\n<!--more-->\n\n\n\n<p>Viedma, Rio Negro, 28 de abril de 2025. La region patagonica enfrenta un escenario clim\u00e1tico desafiante: lluvias intensas, nevadas anticipadas y r\u00e1fagas de viento que podr\u00edan alterar por completo la vida cotidiana. \u00bfEstamos realmente preparados para lo que viene? Descubr\u00ed en esta nota todo lo que necesit\u00e1s saber para anticiparte a los impactos de El Ni\u00f1o en R\u00edo Negro y Neuqu\u00e9n, y c\u00f3mo protegerte.<\/p>\n\n\n\n<h2 class=\"wp-block-heading\" id=\"h-que-es-el-nino-y-por-que-su-regreso-preocupa-a-la-patagonia\">\u00bfQu\u00e9 es El Ni\u00f1o y por qu\u00e9 su regreso preocupa a la Patagonia?<\/h2>\n\n\n\n<figure class=\"wp-block-image size-full\"><img fetchpriority=\"high\" decoding=\"async\" width=\"960\" height=\"540\" src=\"https:\/\/patagoniambiental.com.ar\/info\/wp-content\/uploads\/2025\/04\/1000134245.jpg\" alt=\"\" class=\"wp-image-93653\"\/><\/figure>\n\n\n\n<p>El fen\u00f3meno de El Ni\u00f1o es un patr\u00f3n clim\u00e1tico que ocurre cada ciertos a\u00f1os y que altera de manera significativa las condiciones meteorol\u00f3gicas a nivel global. En Argentina, su influencia suele traducirse en mayores precipitaciones, eventos de tormentas severas y temperaturas at\u00edpicas. Este 2025, los expertos confirman que El Ni\u00f1o ha regresado con fuerza, trayendo consigo un escenario de inestabilidad que ya se est\u00e1 manifestando en la Patagonia.<\/p>\n\n\n\n<p><a href=\"https:\/\/patagoniambiental.com.ar\/info\/llega-el-nino-y-aunque-tardio-alterara-el-clima-en-vastas-zonas-atlantico-sur-tendra-calores-inusuales\/\">Leer m\u00e1s: Llega \u201cEl Ni\u00f1o\u201d y aunque tard\u00edo alterar\u00e1 el clima en vastas zonas: Atl\u00e1ntico sur tendr\u00e1 calores inusuales<br><\/a><\/p>\n\n\n\n<p>Seg\u00fan el Servicio Meteorol\u00f3gico Nacional (SMN), el evento actual podr\u00eda extenderse hasta mediados de la primavera, afectando especialmente a las provincias de R\u00edo Negro y Neuqu\u00e9n. Esto representa un desaf\u00edo no solo para el sector productivo, sino tambi\u00e9n para la infraestructura urbana y la vida diaria de los ciudadanos.<\/p>\n\n\n\n<h2 class=\"wp-block-heading\" id=\"h-como-impactara-el-nino-en-rio-negro-y-neuquen\">\u00bfC\u00f3mo impactar\u00e1 El Ni\u00f1o en R\u00edo Negro y Neuqu\u00e9n?<\/h2>\n\n\n\n<p>La influencia de El Ni\u00f1o en la regi\u00f3n se percibir\u00e1 en varios frentes. Por un lado, se esperan lluvias por encima de lo normal en gran parte de la Patagonia norte. Estas precipitaciones intensas podr\u00edan provocar anegamientos en \u00e1reas urbanas y rurales, adem\u00e1s de incrementar el caudal de r\u00edos y arroyos, aumentando el riesgo de desbordes.<\/p>\n\n\n\n<p><a href=\"https:\/\/patagoniambiental.com.ar\/info\/la-temperatura-media-global-marca-un-record-en-febrero\/\">Leer m\u00e1s: La temperatura media global marca un r\u00e9cord en febrero<\/a><br><\/p>\n\n\n\n<p>En zonas de monta\u00f1a como la cordillera neuquina y el oeste rionegrino, el fen\u00f3meno se traduce en importantes nevadas, incluso fuera de la temporada invernal habitual. Esta acumulaci\u00f3n de nieve temprana puede afectar la transitabilidad en rutas y caminos rurales, adem\u00e1s de tener un impacto directo en las actividades tur\u00edsticas.<\/p>\n\n\n\n<p>Por otro lado, los vientos fuertes, caracter\u00edsticos de la regi\u00f3n, podr\u00edan intensificarse, generando situaciones de peligro tanto para la circulaci\u00f3n como para las estructuras edilicias.<\/p>\n\n\n\n<figure class=\"wp-block-image size-full\"><img decoding=\"async\" width=\"931\" height=\"600\" src=\"https:\/\/patagoniambiental.com.ar\/info\/wp-content\/uploads\/2025\/04\/1000134244.jpg\" alt=\"\" class=\"wp-image-93654\"\/><figcaption class=\"wp-element-caption\">xr:d:DAFgwBQDHUw:76,j:7422334268630685025,t:23090617<\/figcaption><\/figure>\n\n\n\n<h2 class=\"wp-block-heading\" id=\"h-lluvias-viento-y-nieve-que-esperar-en-los-proximos-meses\">Lluvias, viento y nieve: \u00bfqu\u00e9 esperar en los pr\u00f3ximos meses?<\/h2>\n\n\n\n<p>De acuerdo con los pron\u00f3sticos extendidos, durante el oto\u00f1o y el invierno 2025 se observar\u00e1n:<\/p>\n\n\n\n<p>Aumento de precipitaciones entre un 20% y un 40% respecto al promedio habitual.<\/p>\n\n\n\n<p>Nevadas tempranas en la zona andina y precordillerana.<\/p>\n\n\n\n<p>Vientos con r\u00e1fagas que podr\u00edan superar los 90 km\/h en sectores de meseta y costa.<\/p>\n\n\n\n<p>Descenso brusco de temperaturas, alternando con d\u00edas de inusual calor en oto\u00f1o.<\/p>\n\n\n\n<p>Las ciudades m\u00e1s afectadas incluir\u00edan a Neuqu\u00e9n capital, Cipolletti, General Roca, Bariloche, Villa La Angostura y San Mart\u00edn de los Andes, entre otras.<\/p>\n\n\n\n<h2 class=\"wp-block-heading\" id=\"h-consecuencias-economicas-y-sociales-del-fenomeno-climatico\">Consecuencias econ\u00f3micas y sociales del fen\u00f3meno clim\u00e1tico<\/h2>\n\n\n\n<p>El regreso de El Ni\u00f1o podr\u00eda tener un impacto significativo en la econom\u00eda regional. Sectores como la fruticultura, la ganader\u00eda y el turismo de naturaleza deber\u00e1n adaptarse a condiciones m\u00e1s extremas.<\/p>\n\n\n\n<p><a href=\"https:\/\/patagoniambiental.com.ar\/info\/calentamiento-global-el-2023-fue-el-ano-mas-caluroso-desde-que-se-tiene-registro-y-el-2024-seria-peor\/\">Leer m\u00e1s: El 2023 fue el a\u00f1o m\u00e1s caluroso desde que se tiene registro y el 2024 ser\u00eda peor<\/a><br><\/p>\n\n\n\n<p>Los productores frut\u00edcolas rionegrinos, por ejemplo, podr\u00edan enfrentar p\u00e9rdidas debido al exceso de humedad, que favorece la aparici\u00f3n de hongos y enfermedades en los cultivos. En Neuqu\u00e9n, la actividad vitivin\u00edcola tambi\u00e9n se ver\u00e1 desafiada.<\/p>\n\n\n\n<p>Desde el punto de vista social, las lluvias intensas pueden afectar barrios vulnerables, provocando evacuaciones, interrupciones en servicios b\u00e1sicos y problemas de conectividad vial.<\/p>\n\n\n\n<p><a href=\"https:\/\/patagoniambiental.com.ar\/info\/2017-uno-de-los-3-anos-mas-calientes-de-la-historia\/\">Leer m\u00e1s: 2017, uno de los 3 a\u00f1os m\u00e1s calientes de la historia<\/a><br><\/p>\n\n\n\n<h2 class=\"wp-block-heading\" id=\"h-como-prepararse-para-enfrentar-el-nino-en-patagonia\">\u00bfC\u00f3mo prepararse para enfrentar El Ni\u00f1o en Patagonia?<\/h2>\n\n\n\n<p>La preparaci\u00f3n es clave para minimizar los riesgos asociados a este fen\u00f3meno clim\u00e1tico. Algunas recomendaciones fundamentales incluyen:<\/p>\n\n\n\n<p>Revisar y limpiar canaletas y desag\u00fces para evitar inundaciones en viviendas.<\/p>\n\n\n\n<p>Tener un kit de emergencia con linterna, pilas, agua potable, alimentos no perecederos y botiqu\u00edn de primeros auxilios.<\/p>\n\n\n\n<p>Evitar transitar durante tormentas severas, especialmente en rutas de monta\u00f1a.<\/p>\n\n\n\n<p>Asegurar techos, ventanas y estructuras ante vientos fuertes.<\/p>\n\n\n\n<p>Prestar atenci\u00f3n a los reportes meteorol\u00f3gicos oficiales y seguir las instrucciones de Defensa Civil.<\/p>\n\n\n\n<p>Adem\u00e1s, se aconseja a las familias establecer un plan de emergencia, con puntos de encuentro y rutas de evacuaci\u00f3n en caso de ser necesario.<\/p>\n\n\n\n<h2 class=\"wp-block-heading\" id=\"h-acciones-de-los-gobiernos-provinciales-ante-el-nino\">Acciones de los gobiernos provinciales ante El Ni\u00f1o<\/h2>\n\n\n\n<p>Tanto <a href=\"http:\/\/www.rionegro.gov.ar\">R\u00edo Negro<\/a> como <a href=\"http:\/\/www.neuqueninforma.gob.ar\">Neuqu\u00e9n<\/a> han comenzado a implementar planes de contingencia. Se est\u00e1n fortaleciendo las cuadrillas de Defensa Civil, se incrementaron las campa\u00f1as de concientizaci\u00f3n ciudadana y se trabaja en el refuerzo de la infraestructura pluvial en \u00e1reas urbanas cr\u00edticas.<\/p>\n\n\n\n<p>El <a href=\"http:\/\/www.argentina.gob.ar\/smn\">SMN<\/a> mantiene activa una alerta temprana clim\u00e1tica para la regi\u00f3n patag\u00f3nica, actualizando semanalmente los pron\u00f3sticos de riesgo.<\/p>\n\n\n\n<h2 class=\"wp-block-heading\" id=\"h-el-impacto-de-el-nino-en-el-medio-ambiente-patagonico\">El impacto de El Ni\u00f1o en el medio ambiente patag\u00f3nico<\/h2>\n\n\n\n<p>M\u00e1s all\u00e1 de los efectos inmediatos en infraestructura y econom\u00eda, el regreso de El Ni\u00f1o podr\u00eda alterar significativamente los ecosistemas de la regi\u00f3n.<\/p>\n\n\n\n<figure class=\"wp-block-embed is-type-video is-provider-youtube wp-block-embed-youtube wp-embed-aspect-16-9 wp-has-aspect-ratio\"><div class=\"wp-block-embed__wrapper\">\n<iframe title=\"El Ni\u00f1o: \u00bfQu\u00e9 es y c\u00f3mo se forma?\" width=\"500\" height=\"281\" src=\"https:\/\/www.youtube.com\/embed\/qpWNG7KqG44?feature=oembed\" frameborder=\"0\" allow=\"accelerometer; autoplay; clipboard-write; encrypted-media; gyroscope; picture-in-picture; web-share\" referrerpolicy=\"strict-origin-when-cross-origin\" allowfullscreen><\/iframe>\n<\/div><\/figure>\n\n\n\n<p>El exceso de lluvias favorece la proliferaci\u00f3n de especies invasoras y podr\u00eda modificar los patrones migratorios de aves, as\u00ed como la din\u00e1mica de humedales y lagunas. Adem\u00e1s, existe un riesgo de erosi\u00f3n de suelos en zonas de estepa expuestas a lluvias an\u00f3malas.<\/p>\n\n\n\n<h2 class=\"wp-block-heading\" id=\"h-turismo-y-actividades-al-aire-libre-que-precauciones-tomar\">Turismo y actividades al aire libre: \u00bfqu\u00e9 precauciones tomar?<\/h2>\n\n\n\n<p>Para quienes planean disfrutar de los paisajes patag\u00f3nicos durante este oto\u00f1o e invierno, se recomienda:<\/p>\n\n\n\n<p>Consultar el estado de rutas y pron\u00f3sticos meteorol\u00f3gicos antes de viajar.<\/p>\n\n\n\n<p>Equiparse adecuadamente para enfrentar lluvias y nieve.<\/p>\n\n\n\n<p>Evitar realizar traves\u00edas o senderismo en zonas de alta monta\u00f1a durante alertas clim\u00e1ticas.<\/p>\n\n\n\n<p>Priorizar alojamientos seguros y ubicados en zonas no inundables.<\/p>\n\n\n\n<p>Las actividades tur\u00edsticas no est\u00e1n suspendidas, pero requieren de una planificaci\u00f3n m\u00e1s cuidadosa en este contexto.<\/p>\n\n\n\n<h2 class=\"wp-block-heading\" id=\"h-preguntas-frecuentes-sobre-el-nino-y-su-impacto-en-patagonia\">Preguntas frecuentes sobre El Ni\u00f1o y su impacto en Patagonia<\/h2>\n\n\n\n<p>\u00bfHasta cu\u00e1ndo se extender\u00e1 El Ni\u00f1o en la regi\u00f3n?<br>Se espera que sus efectos persistan, al menos, hasta fines de la primavera de 2025.<\/p>\n\n\n\n<p>\u00bfQu\u00e9 localidades son las m\u00e1s vulnerables?<br>Barrios cercanos a r\u00edos, zonas bajas de ciudades como Cipolletti, Roca y barrios perif\u00e9ricos de Neuqu\u00e9n capital.<\/p>\n\n\n\n<h2 class=\"wp-block-heading\" id=\"h-el-nino-trae-solo-lluvias\">\u00bfEl Ni\u00f1o trae solo lluvias?<\/h2>\n\n\n\n<p><br>No. Tambi\u00e9n puede traer temperaturas extremas, fuertes vientos y alteraciones en el r\u00e9gimen de nevadas.<\/p>\n\n\n\n<p>\u00bfEs comparable con eventos anteriores?<br>Cada evento de El Ni\u00f1o es \u00fanico. Sin embargo, los especialistas indican que este ciclo podr\u00eda tener una intensidad similar al registrado entre 2015-2016.<\/p>\n\n\n\n<p>\u00bfC\u00f3mo mantenerse informado durante este fen\u00f3meno?<\/p>\n\n\n\n<p>Es fundamental seguir fuentes oficiales como:<\/p>\n\n\n\n<p>Servicio Meteorol\u00f3gico Nacional (SMN)<\/p>\n\n\n\n<p><a href=\"http:\/\/seguridad.rionegro.gov.ar\/proteccion-civil\">Defensa Civil de R\u00edo Negro<\/a> y <a href=\"http:\/\/copade.neuquen.gob.ar\/Pub.BusqAutor.aspx?buscar=Neuqu%C3%A9n.Defensa%20Civil&amp;AspxAutoDetectCookieSupport=1\">Neuqu\u00e9n<\/a><br><\/p>\n\n\n\n<p>Municipalidades locales<\/p>\n\n\n\n<p>Adem\u00e1s, es recomendable tener instaladas aplicaciones de alertas meteorol\u00f3gicas en el celular para recibir notificaciones en tiempo real.<\/p>\n\n\n\n<p>Adaptarse al cambio, la clave para superar el desaf\u00edo clim\u00e1tico<\/p>\n\n\n\n<p>El fen\u00f3meno de El Ni\u00f1o nos recuerda la vulnerabilidad de nuestras sociedades frente al poder de la naturaleza. Pero tambi\u00e9n representa una oportunidad: aprender, adaptarnos y construir comunidades m\u00e1s resilientes. Estar informados, actuar con previsi\u00f3n y apoyarnos mutuamente ser\u00e1 fundamental para atravesar este periodo de cambios.<\/p>\n","protected":false},"excerpt":{"rendered":"","protected":false},"author":2,"featured_media":95081,"comment_status":"open","ping_status":"open","sticky":false,"template":"","format":"standard","meta":{"site-sidebar-layout":"default","site-content-layout":"","ast-site-content-layout":"default","site-content-style":"default","site-sidebar-style":"default","ast-global-header-display":"","ast-banner-title-visibility":"","ast-main-header-display":"","ast-hfb-above-header-display":"","ast-hfb-below-header-display":"","ast-hfb-mobile-header-display":"","site-post-title":"","ast-breadcrumbs-content":"","ast-featured-img":"","footer-sml-layout":"","ast-disable-related-posts":"","theme-transparent-header-meta":"","adv-header-id-meta":"","stick-header-meta":"","header-above-stick-meta":"","header-main-stick-meta":"","header-below-stick-meta":"","astra-migrate-meta-layouts":"default","ast-page-background-enabled":"default","ast-page-background-meta":{"desktop":{"background-color":"var(--ast-global-color-5)","background-image":"","background-repeat":"repeat","background-position":"center center","background-size":"auto","background-attachment":"scroll","background-type":"","background-media":"","overlay-type":"","overlay-color":"","overlay-opacity":"","overlay-gradient":""},"tablet":{"background-color":"","background-image":"","background-repeat":"repeat","background-position":"center center","background-size":"auto","background-attachment":"scroll","background-type":"","background-media":"","overlay-type":"","overlay-color":"","overlay-opacity":"","overlay-gradient":""},"mobile":{"background-color":"","background-image":"","background-repeat":"repeat","background-position":"center center","background-size":"auto","background-attachment":"scroll","background-type":"","background-media":"","overlay-type":"","overlay-color":"","overlay-opacity":"","overlay-gradient":""}},"ast-content-background-meta":{"desktop":{"background-color":"var(--ast-global-color-4)","background-image":"","background-repeat":"repeat","background-position":"center center","background-size":"auto","background-attachment":"scroll","background-type":"","background-media":"","overlay-type":"","overlay-color":"","overlay-opacity":"","overlay-gradient":""},"tablet":{"background-color":"var(--ast-global-color-4)","background-image":"","background-repeat":"repeat","background-position":"center center","background-size":"auto","background-attachment":"scroll","background-type":"","background-media":"","overlay-type":"","overlay-color":"","overlay-opacity":"","overlay-gradient":""},"mobile":{"background-color":"var(--ast-global-color-4)","background-image":"","background-repeat":"repeat","background-position":"center center","background-size":"auto","background-attachment":"scroll","background-type":"","background-media":"","overlay-type":"","overlay-color":"","overlay-opacity":"","overlay-gradient":""}},"footnotes":""},"categories":[18,1,13,14],"tags":[],"class_list":["post-93651","post","type-post","status-publish","format-standard","has-post-thumbnail","hentry","category-neuquen","category-noticias","category-provinciales","category-rio-negro"],"yoast_head":"<!-- This site is optimized with the Yoast SEO Premium plugin v23.0 (Yoast SEO v27.5) - https:\/\/yoast.com\/product\/yoast-seo-premium-wordpress\/ -->\n<title>El fen\u00f3meno de El Ni\u00f1o se intensifica en Patagonia: c\u00f3mo afectar\u00e1 a R\u00edo Negro y Neuqu\u00e9n y qu\u00e9 medidas tomar<\/title>\n<meta name=\"description\" content=\"La region patagonica enfrenta un escenario clim\u00e1tico desafiante: lluvias intensas, nevadas anticipadas y r\u00e1fagas de viento que podr\u00edan alterar por completo la vida cotidiana.\" \/>\n<meta name=\"robots\" content=\"index, follow, max-snippet:-1, max-image-preview:large, max-video-preview:-1\" \/>\n<link rel=\"canonical\" href=\"https:\/\/patagoniambiental.com.ar\/info\/el-fenomeno-de-el-nino-se-intensifica-en-patagonia-como-afectara-a-rio-negro-y-neuquen-y-que-medidas-tomar\/\" \/>\n<meta property=\"og:locale\" content=\"es_ES\" \/>\n<meta property=\"og:type\" content=\"article\" \/>\n<meta property=\"og:title\" content=\"El fen\u00f3meno de El Ni\u00f1o se intensifica en Patagonia: c\u00f3mo afectar\u00e1 a R\u00edo Negro y Neuqu\u00e9n y qu\u00e9 medidas tomar\" \/>\n<meta property=\"og:description\" content=\"La region patagonica enfrenta un escenario clim\u00e1tico desafiante: lluvias intensas, nevadas anticipadas y r\u00e1fagas de viento que podr\u00edan alterar por completo la vida cotidiana.\" \/>\n<meta property=\"og:url\" content=\"https:\/\/patagoniambiental.com.ar\/info\/el-fenomeno-de-el-nino-se-intensifica-en-patagonia-como-afectara-a-rio-negro-y-neuquen-y-que-medidas-tomar\/\" \/>\n<meta property=\"og:site_name\" content=\"Patagonia Ambiental\" \/>\n<meta property=\"article:publisher\" content=\"https:\/\/www.facebook.com\/patagonia.ambiental\" \/>\n<meta property=\"article:author\" content=\"https:\/\/www.facebook.com\/share\/1C1V8Gv9BX\/?mibextid=qi2Omg\" \/>\n<meta property=\"article:published_time\" content=\"2025-04-29T03:01:54+00:00\" \/>\n<meta property=\"article:modified_time\" content=\"2025-05-14T16:10:05+00:00\" \/>\n<meta property=\"og:image\" content=\"https:\/\/patagoniambiental.com.ar\/info\/wp-content\/uploads\/2025\/04\/fenomeno-meteorologico-el-ninio.webp\" \/>\n\t<meta property=\"og:image:width\" content=\"1024\" \/>\n\t<meta property=\"og:image:height\" content=\"1024\" \/>\n\t<meta property=\"og:image:type\" content=\"image\/webp\" \/>\n<meta name=\"author\" content=\"Patagonia Ambiental\" \/>\n<meta name=\"twitter:card\" content=\"summary_large_image\" \/>\n<meta name=\"twitter:creator\" content=\"@PatAmb\" \/>\n<meta name=\"twitter:site\" content=\"@PatAmb\" \/>\n<script type=\"application\/ld+json\" class=\"yoast-schema-graph\">{\"@context\":\"https:\\\/\\\/schema.org\",\"@graph\":[{\"@type\":\"Article\",\"@id\":\"https:\\\/\\\/patagoniambiental.com.ar\\\/info\\\/el-fenomeno-de-el-nino-se-intensifica-en-patagonia-como-afectara-a-rio-negro-y-neuquen-y-que-medidas-tomar\\\/#article\",\"isPartOf\":{\"@id\":\"https:\\\/\\\/patagoniambiental.com.ar\\\/info\\\/el-fenomeno-de-el-nino-se-intensifica-en-patagonia-como-afectara-a-rio-negro-y-neuquen-y-que-medidas-tomar\\\/\"},\"author\":{\"name\":\"Patagonia Ambiental\",\"@id\":\"https:\\\/\\\/patagoniambiental.com.ar\\\/info\\\/#\\\/schema\\\/person\\\/db12bff64bbcbf6a253710bf0ea37b5d\"},\"headline\":\"El fen\u00f3meno de El Ni\u00f1o se intensifica en Patagonia: c\u00f3mo afectar\u00e1 a R\u00edo Negro y Neuqu\u00e9n y qu\u00e9 medidas tomar\",\"datePublished\":\"2025-04-29T03:01:54+00:00\",\"dateModified\":\"2025-05-14T16:10:05+00:00\",\"mainEntityOfPage\":{\"@id\":\"https:\\\/\\\/patagoniambiental.com.ar\\\/info\\\/el-fenomeno-de-el-nino-se-intensifica-en-patagonia-como-afectara-a-rio-negro-y-neuquen-y-que-medidas-tomar\\\/\"},\"wordCount\":1311,\"commentCount\":0,\"publisher\":{\"@id\":\"https:\\\/\\\/patagoniambiental.com.ar\\\/info\\\/#organization\"},\"image\":{\"@id\":\"https:\\\/\\\/patagoniambiental.com.ar\\\/info\\\/el-fenomeno-de-el-nino-se-intensifica-en-patagonia-como-afectara-a-rio-negro-y-neuquen-y-que-medidas-tomar\\\/#primaryimage\"},\"thumbnailUrl\":\"https:\\\/\\\/patagoniambiental.com.ar\\\/info\\\/wp-content\\\/uploads\\\/2025\\\/04\\\/fenomeno-meteorologico-el-ninio.webp\",\"articleSection\":[\"Neuqu\u00e9n\",\"Noticias\",\"Provinciales\",\"R\u00edo Negro\"],\"inLanguage\":\"es\",\"potentialAction\":[{\"@type\":\"CommentAction\",\"name\":\"Comment\",\"target\":[\"https:\\\/\\\/patagoniambiental.com.ar\\\/info\\\/el-fenomeno-de-el-nino-se-intensifica-en-patagonia-como-afectara-a-rio-negro-y-neuquen-y-que-medidas-tomar\\\/#respond\"]}]},{\"@type\":\"WebPage\",\"@id\":\"https:\\\/\\\/patagoniambiental.com.ar\\\/info\\\/el-fenomeno-de-el-nino-se-intensifica-en-patagonia-como-afectara-a-rio-negro-y-neuquen-y-que-medidas-tomar\\\/\",\"url\":\"https:\\\/\\\/patagoniambiental.com.ar\\\/info\\\/el-fenomeno-de-el-nino-se-intensifica-en-patagonia-como-afectara-a-rio-negro-y-neuquen-y-que-medidas-tomar\\\/\",\"name\":\"El fen\u00f3meno de El Ni\u00f1o se intensifica en Patagonia: c\u00f3mo afectar\u00e1 a R\u00edo Negro y Neuqu\u00e9n y qu\u00e9 medidas tomar\",\"isPartOf\":{\"@id\":\"https:\\\/\\\/patagoniambiental.com.ar\\\/info\\\/#website\"},\"primaryImageOfPage\":{\"@id\":\"https:\\\/\\\/patagoniambiental.com.ar\\\/info\\\/el-fenomeno-de-el-nino-se-intensifica-en-patagonia-como-afectara-a-rio-negro-y-neuquen-y-que-medidas-tomar\\\/#primaryimage\"},\"image\":{\"@id\":\"https:\\\/\\\/patagoniambiental.com.ar\\\/info\\\/el-fenomeno-de-el-nino-se-intensifica-en-patagonia-como-afectara-a-rio-negro-y-neuquen-y-que-medidas-tomar\\\/#primaryimage\"},\"thumbnailUrl\":\"https:\\\/\\\/patagoniambiental.com.ar\\\/info\\\/wp-content\\\/uploads\\\/2025\\\/04\\\/fenomeno-meteorologico-el-ninio.webp\",\"datePublished\":\"2025-04-29T03:01:54+00:00\",\"dateModified\":\"2025-05-14T16:10:05+00:00\",\"description\":\"La region patagonica enfrenta un escenario clim\u00e1tico desafiante: lluvias intensas, nevadas anticipadas y r\u00e1fagas de viento que podr\u00edan alterar por completo la vida cotidiana.\",\"breadcrumb\":{\"@id\":\"https:\\\/\\\/patagoniambiental.com.ar\\\/info\\\/el-fenomeno-de-el-nino-se-intensifica-en-patagonia-como-afectara-a-rio-negro-y-neuquen-y-que-medidas-tomar\\\/#breadcrumb\"},\"inLanguage\":\"es\",\"potentialAction\":[{\"@type\":\"ReadAction\",\"target\":[\"https:\\\/\\\/patagoniambiental.com.ar\\\/info\\\/el-fenomeno-de-el-nino-se-intensifica-en-patagonia-como-afectara-a-rio-negro-y-neuquen-y-que-medidas-tomar\\\/\"]}]},{\"@type\":\"ImageObject\",\"inLanguage\":\"es\",\"@id\":\"https:\\\/\\\/patagoniambiental.com.ar\\\/info\\\/el-fenomeno-de-el-nino-se-intensifica-en-patagonia-como-afectara-a-rio-negro-y-neuquen-y-que-medidas-tomar\\\/#primaryimage\",\"url\":\"https:\\\/\\\/patagoniambiental.com.ar\\\/info\\\/wp-content\\\/uploads\\\/2025\\\/04\\\/fenomeno-meteorologico-el-ninio.webp\",\"contentUrl\":\"https:\\\/\\\/patagoniambiental.com.ar\\\/info\\\/wp-content\\\/uploads\\\/2025\\\/04\\\/fenomeno-meteorologico-el-ninio.webp\",\"width\":1024,\"height\":1024,\"caption\":\"Fen\u00f3meno meteorol\u00f3gico el ni\u00f1o\"},{\"@type\":\"BreadcrumbList\",\"@id\":\"https:\\\/\\\/patagoniambiental.com.ar\\\/info\\\/el-fenomeno-de-el-nino-se-intensifica-en-patagonia-como-afectara-a-rio-negro-y-neuquen-y-que-medidas-tomar\\\/#breadcrumb\",\"itemListElement\":[{\"@type\":\"ListItem\",\"position\":1,\"name\":\"Inicio\",\"item\":\"https:\\\/\\\/patagoniambiental.com.ar\\\/info\\\/\"},{\"@type\":\"ListItem\",\"position\":2,\"name\":\"El fen\u00f3meno de El Ni\u00f1o se intensifica en Patagonia: c\u00f3mo afectar\u00e1 a R\u00edo Negro y Neuqu\u00e9n y qu\u00e9 medidas tomar\"}]},{\"@type\":\"WebSite\",\"@id\":\"https:\\\/\\\/patagoniambiental.com.ar\\\/info\\\/#website\",\"url\":\"https:\\\/\\\/patagoniambiental.com.ar\\\/info\\\/\",\"name\":\"Patagonia Ambiental\",\"description\":\"Monitoreo y an\u00e1lisis de la situaci\u00f3n geopol\u00edtica en el mundo y su implicancia en la Patagonia\",\"publisher\":{\"@id\":\"https:\\\/\\\/patagoniambiental.com.ar\\\/info\\\/#organization\"},\"potentialAction\":[{\"@type\":\"SearchAction\",\"target\":{\"@type\":\"EntryPoint\",\"urlTemplate\":\"https:\\\/\\\/patagoniambiental.com.ar\\\/info\\\/?s={search_term_string}\"},\"query-input\":{\"@type\":\"PropertyValueSpecification\",\"valueRequired\":true,\"valueName\":\"search_term_string\"}}],\"inLanguage\":\"es\"},{\"@type\":\"Organization\",\"@id\":\"https:\\\/\\\/patagoniambiental.com.ar\\\/info\\\/#organization\",\"name\":\"Patagonia Ambiental\",\"url\":\"https:\\\/\\\/patagoniambiental.com.ar\\\/info\\\/\",\"logo\":{\"@type\":\"ImageObject\",\"inLanguage\":\"es\",\"@id\":\"https:\\\/\\\/patagoniambiental.com.ar\\\/info\\\/#\\\/schema\\\/logo\\\/image\\\/\",\"url\":\"https:\\\/\\\/patagoniambiental.com.ar\\\/info\\\/wp-content\\\/uploads\\\/2025\\\/05\\\/LOGO-PATAGONIA-AMBIENTAL.png\",\"contentUrl\":\"https:\\\/\\\/patagoniambiental.com.ar\\\/info\\\/wp-content\\\/uploads\\\/2025\\\/05\\\/LOGO-PATAGONIA-AMBIENTAL.png\",\"width\":433,\"height\":250,\"caption\":\"Patagonia Ambiental\"},\"image\":{\"@id\":\"https:\\\/\\\/patagoniambiental.com.ar\\\/info\\\/#\\\/schema\\\/logo\\\/image\\\/\"},\"sameAs\":[\"https:\\\/\\\/www.facebook.com\\\/patagonia.ambiental\",\"https:\\\/\\\/x.com\\\/PatAmb\"]},{\"@type\":\"Person\",\"@id\":\"https:\\\/\\\/patagoniambiental.com.ar\\\/info\\\/#\\\/schema\\\/person\\\/db12bff64bbcbf6a253710bf0ea37b5d\",\"name\":\"Patagonia Ambiental\",\"description\":\"Andr\u00e9s Nievas T\u00e9cnico en manejo ambiental, consultor Ambiental y escritor para medios locales e internacionales sobre temas de geopolitica y medio ambiente.\",\"sameAs\":[\"http:\\\/\\\/www.patagoniambiental.com.ar\",\"https:\\\/\\\/www.facebook.com\\\/share\\\/1C1V8Gv9BX\\\/?mibextid=qi2Omg\",\"@patagoniambiental\",\"https:\\\/\\\/youtube.com\\\/@patagoniaambiental2023?si=BLt58t0wuXquxlYZ\"]}]}<\/script>\n<!-- \/ Yoast SEO Premium plugin. -->","yoast_head_json":{"title":"El fen\u00f3meno de El Ni\u00f1o se intensifica en Patagonia: c\u00f3mo afectar\u00e1 a R\u00edo Negro y Neuqu\u00e9n y qu\u00e9 medidas tomar","description":"La region patagonica enfrenta un escenario clim\u00e1tico desafiante: lluvias intensas, nevadas anticipadas y r\u00e1fagas de viento que podr\u00edan alterar por completo la vida cotidiana.","robots":{"index":"index","follow":"follow","max-snippet":"max-snippet:-1","max-image-preview":"max-image-preview:large","max-video-preview":"max-video-preview:-1"},"canonical":"https:\/\/patagoniambiental.com.ar\/info\/el-fenomeno-de-el-nino-se-intensifica-en-patagonia-como-afectara-a-rio-negro-y-neuquen-y-que-medidas-tomar\/","og_locale":"es_ES","og_type":"article","og_title":"El fen\u00f3meno de El Ni\u00f1o se intensifica en Patagonia: c\u00f3mo afectar\u00e1 a R\u00edo Negro y Neuqu\u00e9n y qu\u00e9 medidas tomar","og_description":"La region patagonica enfrenta un escenario clim\u00e1tico desafiante: lluvias intensas, nevadas anticipadas y r\u00e1fagas de viento que podr\u00edan alterar por completo la vida cotidiana.","og_url":"https:\/\/patagoniambiental.com.ar\/info\/el-fenomeno-de-el-nino-se-intensifica-en-patagonia-como-afectara-a-rio-negro-y-neuquen-y-que-medidas-tomar\/","og_site_name":"Patagonia Ambiental","article_publisher":"https:\/\/www.facebook.com\/patagonia.ambiental","article_author":"https:\/\/www.facebook.com\/share\/1C1V8Gv9BX\/?mibextid=qi2Omg","article_published_time":"2025-04-29T03:01:54+00:00","article_modified_time":"2025-05-14T16:10:05+00:00","og_image":[{"width":1024,"height":1024,"url":"https:\/\/patagoniambiental.com.ar\/info\/wp-content\/uploads\/2025\/04\/fenomeno-meteorologico-el-ninio.webp","type":"image\/webp"}],"author":"Patagonia Ambiental","twitter_card":"summary_large_image","twitter_creator":"@PatAmb","twitter_site":"@PatAmb","schema":{"@context":"https:\/\/schema.org","@graph":[{"@type":"Article","@id":"https:\/\/patagoniambiental.com.ar\/info\/el-fenomeno-de-el-nino-se-intensifica-en-patagonia-como-afectara-a-rio-negro-y-neuquen-y-que-medidas-tomar\/#article","isPartOf":{"@id":"https:\/\/patagoniambiental.com.ar\/info\/el-fenomeno-de-el-nino-se-intensifica-en-patagonia-como-afectara-a-rio-negro-y-neuquen-y-que-medidas-tomar\/"},"author":{"name":"Patagonia Ambiental","@id":"https:\/\/patagoniambiental.com.ar\/info\/#\/schema\/person\/db12bff64bbcbf6a253710bf0ea37b5d"},"headline":"El fen\u00f3meno de El Ni\u00f1o se intensifica en Patagonia: c\u00f3mo afectar\u00e1 a R\u00edo Negro y Neuqu\u00e9n y qu\u00e9 medidas tomar","datePublished":"2025-04-29T03:01:54+00:00","dateModified":"2025-05-14T16:10:05+00:00","mainEntityOfPage":{"@id":"https:\/\/patagoniambiental.com.ar\/info\/el-fenomeno-de-el-nino-se-intensifica-en-patagonia-como-afectara-a-rio-negro-y-neuquen-y-que-medidas-tomar\/"},"wordCount":1311,"commentCount":0,"publisher":{"@id":"https:\/\/patagoniambiental.com.ar\/info\/#organization"},"image":{"@id":"https:\/\/patagoniambiental.com.ar\/info\/el-fenomeno-de-el-nino-se-intensifica-en-patagonia-como-afectara-a-rio-negro-y-neuquen-y-que-medidas-tomar\/#primaryimage"},"thumbnailUrl":"https:\/\/patagoniambiental.com.ar\/info\/wp-content\/uploads\/2025\/04\/fenomeno-meteorologico-el-ninio.webp","articleSection":["Neuqu\u00e9n","Noticias","Provinciales","R\u00edo Negro"],"inLanguage":"es","potentialAction":[{"@type":"CommentAction","name":"Comment","target":["https:\/\/patagoniambiental.com.ar\/info\/el-fenomeno-de-el-nino-se-intensifica-en-patagonia-como-afectara-a-rio-negro-y-neuquen-y-que-medidas-tomar\/#respond"]}]},{"@type":"WebPage","@id":"https:\/\/patagoniambiental.com.ar\/info\/el-fenomeno-de-el-nino-se-intensifica-en-patagonia-como-afectara-a-rio-negro-y-neuquen-y-que-medidas-tomar\/","url":"https:\/\/patagoniambiental.com.ar\/info\/el-fenomeno-de-el-nino-se-intensifica-en-patagonia-como-afectara-a-rio-negro-y-neuquen-y-que-medidas-tomar\/","name":"El fen\u00f3meno de El Ni\u00f1o se intensifica en Patagonia: c\u00f3mo afectar\u00e1 a R\u00edo Negro y Neuqu\u00e9n y qu\u00e9 medidas tomar","isPartOf":{"@id":"https:\/\/patagoniambiental.com.ar\/info\/#website"},"primaryImageOfPage":{"@id":"https:\/\/patagoniambiental.com.ar\/info\/el-fenomeno-de-el-nino-se-intensifica-en-patagonia-como-afectara-a-rio-negro-y-neuquen-y-que-medidas-tomar\/#primaryimage"},"image":{"@id":"https:\/\/patagoniambiental.com.ar\/info\/el-fenomeno-de-el-nino-se-intensifica-en-patagonia-como-afectara-a-rio-negro-y-neuquen-y-que-medidas-tomar\/#primaryimage"},"thumbnailUrl":"https:\/\/patagoniambiental.com.ar\/info\/wp-content\/uploads\/2025\/04\/fenomeno-meteorologico-el-ninio.webp","datePublished":"2025-04-29T03:01:54+00:00","dateModified":"2025-05-14T16:10:05+00:00","description":"La region patagonica enfrenta un escenario clim\u00e1tico desafiante: lluvias intensas, nevadas anticipadas y r\u00e1fagas de viento que podr\u00edan alterar por completo la vida cotidiana.","breadcrumb":{"@id":"https:\/\/patagoniambiental.com.ar\/info\/el-fenomeno-de-el-nino-se-intensifica-en-patagonia-como-afectara-a-rio-negro-y-neuquen-y-que-medidas-tomar\/#breadcrumb"},"inLanguage":"es","potentialAction":[{"@type":"ReadAction","target":["https:\/\/patagoniambiental.com.ar\/info\/el-fenomeno-de-el-nino-se-intensifica-en-patagonia-como-afectara-a-rio-negro-y-neuquen-y-que-medidas-tomar\/"]}]},{"@type":"ImageObject","inLanguage":"es","@id":"https:\/\/patagoniambiental.com.ar\/info\/el-fenomeno-de-el-nino-se-intensifica-en-patagonia-como-afectara-a-rio-negro-y-neuquen-y-que-medidas-tomar\/#primaryimage","url":"https:\/\/patagoniambiental.com.ar\/info\/wp-content\/uploads\/2025\/04\/fenomeno-meteorologico-el-ninio.webp","contentUrl":"https:\/\/patagoniambiental.com.ar\/info\/wp-content\/uploads\/2025\/04\/fenomeno-meteorologico-el-ninio.webp","width":1024,"height":1024,"caption":"Fen\u00f3meno meteorol\u00f3gico el ni\u00f1o"},{"@type":"BreadcrumbList","@id":"https:\/\/patagoniambiental.com.ar\/info\/el-fenomeno-de-el-nino-se-intensifica-en-patagonia-como-afectara-a-rio-negro-y-neuquen-y-que-medidas-tomar\/#breadcrumb","itemListElement":[{"@type":"ListItem","position":1,"name":"Inicio","item":"https:\/\/patagoniambiental.com.ar\/info\/"},{"@type":"ListItem","position":2,"name":"El fen\u00f3meno de El Ni\u00f1o se intensifica en Patagonia: c\u00f3mo afectar\u00e1 a R\u00edo Negro y Neuqu\u00e9n y qu\u00e9 medidas tomar"}]},{"@type":"WebSite","@id":"https:\/\/patagoniambiental.com.ar\/info\/#website","url":"https:\/\/patagoniambiental.com.ar\/info\/","name":"Patagonia Ambiental","description":"Monitoreo y an\u00e1lisis de la situaci\u00f3n geopol\u00edtica en el mundo y su implicancia en la Patagonia","publisher":{"@id":"https:\/\/patagoniambiental.com.ar\/info\/#organization"},"potentialAction":[{"@type":"SearchAction","target":{"@type":"EntryPoint","urlTemplate":"https:\/\/patagoniambiental.com.ar\/info\/?s={search_term_string}"},"query-input":{"@type":"PropertyValueSpecification","valueRequired":true,"valueName":"search_term_string"}}],"inLanguage":"es"},{"@type":"Organization","@id":"https:\/\/patagoniambiental.com.ar\/info\/#organization","name":"Patagonia Ambiental","url":"https:\/\/patagoniambiental.com.ar\/info\/","logo":{"@type":"ImageObject","inLanguage":"es","@id":"https:\/\/patagoniambiental.com.ar\/info\/#\/schema\/logo\/image\/","url":"https:\/\/patagoniambiental.com.ar\/info\/wp-content\/uploads\/2025\/05\/LOGO-PATAGONIA-AMBIENTAL.png","contentUrl":"https:\/\/patagoniambiental.com.ar\/info\/wp-content\/uploads\/2025\/05\/LOGO-PATAGONIA-AMBIENTAL.png","width":433,"height":250,"caption":"Patagonia Ambiental"},"image":{"@id":"https:\/\/patagoniambiental.com.ar\/info\/#\/schema\/logo\/image\/"},"sameAs":["https:\/\/www.facebook.com\/patagonia.ambiental","https:\/\/x.com\/PatAmb"]},{"@type":"Person","@id":"https:\/\/patagoniambiental.com.ar\/info\/#\/schema\/person\/db12bff64bbcbf6a253710bf0ea37b5d","name":"Patagonia Ambiental","description":"Andr\u00e9s Nievas T\u00e9cnico en manejo ambiental, consultor Ambiental y escritor para medios locales e internacionales sobre temas de geopolitica y medio ambiente.","sameAs":["http:\/\/www.patagoniambiental.com.ar","https:\/\/www.facebook.com\/share\/1C1V8Gv9BX\/?mibextid=qi2Omg","@patagoniambiental","https:\/\/youtube.com\/@patagoniaambiental2023?si=BLt58t0wuXquxlYZ"]}]}},"_links":{"self":[{"href":"https:\/\/patagoniambiental.com.ar\/info\/wp-json\/wp\/v2\/posts\/93651","targetHints":{"allow":["GET"]}}],"collection":[{"href":"https:\/\/patagoniambiental.com.ar\/info\/wp-json\/wp\/v2\/posts"}],"about":[{"href":"https:\/\/patagoniambiental.com.ar\/info\/wp-json\/wp\/v2\/types\/post"}],"author":[{"embeddable":true,"href":"https:\/\/patagoniambiental.com.ar\/info\/wp-json\/wp\/v2\/users\/2"}],"replies":[{"embeddable":true,"href":"https:\/\/patagoniambiental.com.ar\/info\/wp-json\/wp\/v2\/comments?post=93651"}],"version-history":[{"count":0,"href":"https:\/\/patagoniambiental.com.ar\/info\/wp-json\/wp\/v2\/posts\/93651\/revisions"}],"wp:featuredmedia":[{"embeddable":true,"href":"https:\/\/patagoniambiental.com.ar\/info\/wp-json\/wp\/v2\/media\/95081"}],"wp:attachment":[{"href":"https:\/\/patagoniambiental.com.ar\/info\/wp-json\/wp\/v2\/media?parent=93651"}],"wp:term":[{"taxonomy":"category","embeddable":true,"href":"https:\/\/patagoniambiental.com.ar\/info\/wp-json\/wp\/v2\/categories?post=93651"},{"taxonomy":"post_tag","embeddable":true,"href":"https:\/\/patagoniambiental.com.ar\/info\/wp-json\/wp\/v2\/tags?post=93651"}],"curies":[{"name":"wp","href":"https:\/\/api.w.org\/{rel}","templated":true}]}}