{"id":93717,"date":"2025-04-30T01:06:20","date_gmt":"2025-04-30T04:06:20","guid":{"rendered":"https:\/\/patagoniambiental.com.ar\/info\/?p=93717"},"modified":"2025-05-04T16:03:40","modified_gmt":"2025-05-04T19:03:40","slug":"ecoansiedad-el-grito-silencioso-de-una-generacion-frente-al-clima","status":"publish","type":"post","link":"https:\/\/patagoniambiental.com.ar\/info\/ecoansiedad-el-grito-silencioso-de-una-generacion-frente-al-clima\/","title":{"rendered":"Ecoansiedad: el grito silencioso de una generaci\u00f3n frente al clima"},"content":{"rendered":"\n<!--more-->\n\n\n\n<p>Buenos Aires, Argentina, 30 de abril de 2025. En los \u00faltimos d\u00edas, las b\u00fasquedas en Google relacionadas con \u00abecoansiedad\u00bb y \u00abansiedad clim\u00e1tica\u00bb se dispararon en Argentina. No es casualidad: cada vez m\u00e1s personas, especialmente j\u00f3venes, sienten una angustia profunda al pensar en el futuro del planeta. Este fen\u00f3meno, conocido como ecoansiedad, no es un diagn\u00f3stico cl\u00ednico formal, pero ya est\u00e1 siendo reconocido por psic\u00f3logos, ambientalistas y educadores como una realidad urgente que necesita atenci\u00f3n.<\/p>\n\n\n\n<p><a href=\"https:\/\/patagoniambiental.com.ar\/info\/neuquen-frente-al-cambio-climatico-como-la-region-confluencia-construye-su-futuro-sostenible\/\">Leer m\u00e1s: Neuqu\u00e9n frente al cambio clim\u00e1tico: c\u00f3mo la Regi\u00f3n Confluencia construye su futuro sostenible<br><\/a><\/p>\n\n\n\n<p>La ecoansiedad no es simplemente \u00abpreocuparse por el ambiente\u00bb. Es una sensaci\u00f3n persistente de impotencia, tristeza o culpa frente a la destrucci\u00f3n ambiental, el cambio clim\u00e1tico y la inacci\u00f3n pol\u00edtica. Se manifiesta en pensamientos recurrentes, insomnio, falta de concentraci\u00f3n, e incluso en decisiones de vida como no tener hijos por temor al futuro ecol\u00f3gico.<\/p>\n\n\n\n<figure class=\"wp-block-image size-full\"><img fetchpriority=\"high\" decoding=\"async\" width=\"901\" height=\"600\" src=\"https:\/\/patagoniambiental.com.ar\/info\/wp-content\/uploads\/2025\/04\/1000134412.jpg\" alt=\"\" class=\"wp-image-93719\"\/><\/figure>\n\n\n\n<p>En R\u00edo Negro, como en muchas otras provincias del pa\u00eds, j\u00f3venes activistas, estudiantes y ciudadanos comprometidos comienzan a hablar abiertamente de c\u00f3mo se sienten. Julieta, de 17 a\u00f1os y residente en Bariloche, cuenta que cada vez que escucha sobre incendios forestales o sequ\u00edas extremas, su ansiedad crece. \u201cEs como vivir con una alarma encendida todo el tiempo\u201d, confiesa.<\/p>\n\n\n\n<p><a href=\"https:\/\/patagoniambiental.com.ar\/info\/la-pampa-da-un-paso-decisivo-en-la-lucha-contra-el-cambio-climatico-con-su-nuevo-plan-provincial\/\">Leer m\u00e1s: La Pampa da un paso decisivo en la lucha contra el cambio clim\u00e1tico con su nuevo plan provincial<br><\/a><\/p>\n\n\n\n<p>Especialistas en salud mental explican que esta reacci\u00f3n no es irracional. El cerebro humano responde emocionalmente a amenazas existenciales, y la crisis clim\u00e1tica es una de ellas. La diferencia es que no se trata de una amenaza puntual, sino constante y global. No hay un lugar al que escapar, ni una soluci\u00f3n inmediata a la vista.<\/p>\n\n\n\n<figure class=\"wp-block-image size-full\"><img decoding=\"async\" width=\"800\" height=\"440\" src=\"https:\/\/patagoniambiental.com.ar\/info\/wp-content\/uploads\/2025\/04\/1000134411.jpg\" alt=\"\" class=\"wp-image-93720\"\/><\/figure>\n\n\n\n<p><a href=\"https:\/\/patagoniambiental.com.ar\/info\/argentina-presenta-su-primer-informe-bienal-de-transparencia-sobre-cambio-climatico\/\">Leer m\u00e1s: Argentina Presenta su Primer Informe Bienal de Transparencia<br><\/a><\/p>\n\n\n\n<p>En el plano educativo, docentes y orientadores escolares est\u00e1n comenzando a incorporar el tema en las aulas. Hablar de la ecoansiedad, dicen, es parte de una educaci\u00f3n ambiental integral. Silenciarla solo agrava el problema. \u201cNombrarla, entenderla y canalizarla en acciones concretas es una forma de empoderar a los chicos\u201d, explica Carolina L\u00f3pez, orientadora en una secundaria de General Roca.<\/p>\n\n\n\n<p><a href=\"https:\/\/patagoniambiental.com.ar\/info\/que-es-la-adaptacion-al-cambio-climatico-para-argentina\/\">Leer m\u00e1s: \u00bfQue es la adaptaci\u00f3n al cambio clim\u00e1tico para Argentina?<br><\/a><\/p>\n\n\n\n<p>El rol de los medios de comunicaci\u00f3n tambi\u00e9n es clave. Las noticias clim\u00e1ticas suelen centrarse en desastres, cifras alarmantes o promesas incumplidas. Pero los especialistas advierten: si no se equilibran con historias de esperanza, soluciones y acciones locales, el efecto puede ser paralizante. Comunicar tambi\u00e9n es cuidar la salud emocional de las audiencias.<\/p>\n\n\n\n<figure class=\"wp-block-image size-full\"><img decoding=\"async\" width=\"800\" height=\"445\" src=\"https:\/\/patagoniambiental.com.ar\/info\/wp-content\/uploads\/2025\/04\/1000134409.png\" alt=\"\" class=\"wp-image-93721\"\/><\/figure>\n\n\n\n<p>Desde el \u00e1mbito ambiental, muchas ONG est\u00e1n comenzando a ofrecer espacios de contenci\u00f3n y encuentro para j\u00f3venes que atraviesan esta angustia. Talleres, c\u00edrculos de palabra y actividades en la naturaleza ayudan a transformar la ansiedad en conexi\u00f3n y prop\u00f3sito. \u201cVer que no est\u00e1s solo cambia todo\u201d, dicen quienes participan.<\/p>\n\n\n\n<p><a href=\"https:\/\/patagoniambiental.com.ar\/info\/argentina-refuerza-su-compromiso-sobre-cambio-climatico-con-el-plan-nacional-de-adaptacion-y-mitigacion-hacia-2030\/\">Leer m\u00e1s: Argentina refuerza su compromiso sobre cambio clim\u00e1tico con el Plan Nacional de Adaptaci\u00f3n y Mitigaci\u00f3n hacia 2030<br><\/a><\/p>\n\n\n\n<p>Un informe del a\u00f1o pasado de la <a href=\"http:\/\/www.bath.ac.uk\">Universidad de Bath,<\/a> en el Reino Unido, revel\u00f3 que el 59% de los j\u00f3venes encuestados en 10 pa\u00edses dijeron sentirse muy o extremadamente preocupados por el cambio clim\u00e1tico. El 45% dijo que estos sentimientos afectan su vida diaria. Y Argentina no es ajena a esa realidad.<\/p>\n\n\n\n<p>Los psic\u00f3logos recomiendan no minimizar los sentimientos vinculados al clima. Frases como \u201ceso no va a pasar\u201d o \u201cya se va a arreglar\u201d pueden invalidar el dolor emocional. En cambio, escuchar, validar y ofrecer herramientas para la acci\u00f3n colectiva ayuda a procesar la angustia.<\/p>\n\n\n\n<p>En este contexto, muchos adolescentes est\u00e1n encontrando alivio en el activismo ambiental. Participar en campa\u00f1as de reforestaci\u00f3n, limpieza de r\u00edos o promoci\u00f3n del reciclaje da sentido, comunidad y esperanza. Aunque el problema sea global, las peque\u00f1as acciones locales siguen siendo un faro en la oscuridad.<\/p>\n\n\n\n<p>Desde las pol\u00edticas p\u00fablicas, a\u00fan queda mucho por hacer. Incorporar la salud mental clim\u00e1tica en los planes educativos, apoyar campa\u00f1as de sensibilizaci\u00f3n y garantizar espacios verdes urbanos no solo ayuda al ambiente, sino tambi\u00e9n a las personas. El bienestar emocional y el ambiental est\u00e1n \u00edntimamente conectados.<\/p>\n\n\n\n<p>Tambi\u00e9n es momento de que los adultos se involucren. No solo como padres o docentes, sino como ciudadanos. Escuchar a los j\u00f3venes, acompa\u00f1arlos y aprender de su mirada puede ser un punto de partida para una sociedad m\u00e1s emp\u00e1tica, comprometida y resiliente.<\/p>\n\n\n\n<figure class=\"wp-block-embed is-type-video is-provider-youtube wp-block-embed-youtube wp-embed-aspect-16-9 wp-has-aspect-ratio\"><div class=\"wp-block-embed__wrapper\">\n<iframe title=\"ECOANSIEDAD. RECOMENDACIONES PARA AFRONTAR LA ANSIEDAD CL\u00cdMATICA Y AMBIENTAL.\" width=\"500\" height=\"281\" src=\"https:\/\/www.youtube.com\/embed\/f9Hii5EJ0cI?feature=oembed\" frameborder=\"0\" allow=\"accelerometer; autoplay; clipboard-write; encrypted-media; gyroscope; picture-in-picture; web-share\" referrerpolicy=\"strict-origin-when-cross-origin\" allowfullscreen><\/iframe>\n<\/div><\/figure>\n\n\n\n<p>La ecoansiedad no es una enfermedad. Es, en muchos casos, una respuesta saludable ante una realidad alarmante. Pero no deber\u00eda paralizarnos. Puede ser el combustible para un cambio urgente y profundo, si sabemos acompa\u00f1arla y canalizarla.<\/p>\n\n\n\n<p>Frente al colapso ambiental, el silencio no es una opci\u00f3n. Hablar de ecoansiedad es abrir la puerta a una conversaci\u00f3n m\u00e1s humana, sincera y esperanzadora. Porque solo enfrentando lo que sentimos, podremos construir una respuesta colectiva a la altura del desaf\u00edo.<\/p>\n","protected":false},"excerpt":{"rendered":"","protected":false},"author":2,"featured_media":93778,"comment_status":"open","ping_status":"open","sticky":false,"template":"","format":"standard","meta":{"site-sidebar-layout":"default","site-content-layout":"","ast-site-content-layout":"default","site-content-style":"default","site-sidebar-style":"default","ast-global-header-display":"","ast-banner-title-visibility":"","ast-main-header-display":"","ast-hfb-above-header-display":"","ast-hfb-below-header-display":"","ast-hfb-mobile-header-display":"","site-post-title":"","ast-breadcrumbs-content":"","ast-featured-img":"","footer-sml-layout":"","ast-disable-related-posts":"","theme-transparent-header-meta":"","adv-header-id-meta":"","stick-header-meta":"","header-above-stick-meta":"","header-main-stick-meta":"","header-below-stick-meta":"","astra-migrate-meta-layouts":"default","ast-page-background-enabled":"default","ast-page-background-meta":{"desktop":{"background-color":"var(--ast-global-color-5)","background-image":"","background-repeat":"repeat","background-position":"center center","background-size":"auto","background-attachment":"scroll","background-type":"","background-media":"","overlay-type":"","overlay-color":"","overlay-opacity":"","overlay-gradient":""},"tablet":{"background-color":"","background-image":"","background-repeat":"repeat","background-position":"center center","background-size":"auto","background-attachment":"scroll","background-type":"","background-media":"","overlay-type":"","overlay-color":"","overlay-opacity":"","overlay-gradient":""},"mobile":{"background-color":"","background-image":"","background-repeat":"repeat","background-position":"center center","background-size":"auto","background-attachment":"scroll","background-type":"","background-media":"","overlay-type":"","overlay-color":"","overlay-opacity":"","overlay-gradient":""}},"ast-content-background-meta":{"desktop":{"background-color":"var(--ast-global-color-4)","background-image":"","background-repeat":"repeat","background-position":"center center","background-size":"auto","background-attachment":"scroll","background-type":"","background-media":"","overlay-type":"","overlay-color":"","overlay-opacity":"","overlay-gradient":""},"tablet":{"background-color":"var(--ast-global-color-4)","background-image":"","background-repeat":"repeat","background-position":"center center","background-size":"auto","background-attachment":"scroll","background-type":"","background-media":"","overlay-type":"","overlay-color":"","overlay-opacity":"","overlay-gradient":""},"mobile":{"background-color":"var(--ast-global-color-4)","background-image":"","background-repeat":"repeat","background-position":"center center","background-size":"auto","background-attachment":"scroll","background-type":"","background-media":"","overlay-type":"","overlay-color":"","overlay-opacity":"","overlay-gradient":""}},"footnotes":""},"categories":[19,1],"tags":[],"class_list":["post-93717","post","type-post","status-publish","format-standard","has-post-thumbnail","hentry","category-nacionales","category-noticias"],"yoast_head":"<!-- This site is optimized with the Yoast SEO Premium plugin v23.0 (Yoast SEO v27.5) - https:\/\/yoast.com\/product\/yoast-seo-premium-wordpress\/ -->\n<title>Ecoansiedad: el grito silencioso de una generaci\u00f3n frente al clima<\/title>\n<meta name=\"description\" content=\"En los \u00faltimos d\u00edas, las b\u00fasquedas en Google relacionadas con &quot;ecoansiedad&quot; y &quot;ansiedad clim\u00e1tica&quot; se dispararon en Argentina.\" \/>\n<meta name=\"robots\" content=\"index, follow, max-snippet:-1, max-image-preview:large, max-video-preview:-1\" \/>\n<link rel=\"canonical\" href=\"https:\/\/patagoniambiental.com.ar\/info\/ecoansiedad-el-grito-silencioso-de-una-generacion-frente-al-clima\/\" \/>\n<meta property=\"og:locale\" content=\"es_ES\" \/>\n<meta property=\"og:type\" content=\"article\" \/>\n<meta property=\"og:title\" content=\"Ecoansiedad: el grito silencioso de una generaci\u00f3n frente al clima\" \/>\n<meta property=\"og:description\" content=\"En los \u00faltimos d\u00edas, las b\u00fasquedas en Google relacionadas con &quot;ecoansiedad&quot; y &quot;ansiedad clim\u00e1tica&quot; se dispararon en Argentina.\" \/>\n<meta property=\"og:url\" content=\"https:\/\/patagoniambiental.com.ar\/info\/ecoansiedad-el-grito-silencioso-de-una-generacion-frente-al-clima\/\" \/>\n<meta property=\"og:site_name\" content=\"Patagonia Ambiental\" \/>\n<meta property=\"article:publisher\" content=\"https:\/\/www.facebook.com\/patagonia.ambiental\" \/>\n<meta property=\"article:author\" content=\"https:\/\/www.facebook.com\/share\/1C1V8Gv9BX\/?mibextid=qi2Omg\" \/>\n<meta property=\"article:published_time\" content=\"2025-04-30T04:06:20+00:00\" \/>\n<meta property=\"article:modified_time\" content=\"2025-05-04T19:03:40+00:00\" \/>\n<meta property=\"og:image\" content=\"https:\/\/patagoniambiental.com.ar\/info\/wp-content\/uploads\/2025\/04\/Ecoansiedad.png\" \/>\n\t<meta property=\"og:image:width\" content=\"1024\" \/>\n\t<meta property=\"og:image:height\" content=\"1536\" \/>\n\t<meta property=\"og:image:type\" content=\"image\/png\" \/>\n<meta name=\"author\" content=\"Patagonia Ambiental\" \/>\n<meta name=\"twitter:card\" content=\"summary_large_image\" \/>\n<meta name=\"twitter:creator\" content=\"@PatAmb\" \/>\n<meta name=\"twitter:site\" content=\"@PatAmb\" \/>\n<script type=\"application\/ld+json\" class=\"yoast-schema-graph\">{\"@context\":\"https:\\\/\\\/schema.org\",\"@graph\":[{\"@type\":\"Article\",\"@id\":\"https:\\\/\\\/patagoniambiental.com.ar\\\/info\\\/ecoansiedad-el-grito-silencioso-de-una-generacion-frente-al-clima\\\/#article\",\"isPartOf\":{\"@id\":\"https:\\\/\\\/patagoniambiental.com.ar\\\/info\\\/ecoansiedad-el-grito-silencioso-de-una-generacion-frente-al-clima\\\/\"},\"author\":{\"name\":\"Patagonia Ambiental\",\"@id\":\"https:\\\/\\\/patagoniambiental.com.ar\\\/info\\\/#\\\/schema\\\/person\\\/db12bff64bbcbf6a253710bf0ea37b5d\"},\"headline\":\"Ecoansiedad: el grito silencioso de una generaci\u00f3n frente al clima\",\"datePublished\":\"2025-04-30T04:06:20+00:00\",\"dateModified\":\"2025-05-04T19:03:40+00:00\",\"mainEntityOfPage\":{\"@id\":\"https:\\\/\\\/patagoniambiental.com.ar\\\/info\\\/ecoansiedad-el-grito-silencioso-de-una-generacion-frente-al-clima\\\/\"},\"wordCount\":888,\"commentCount\":0,\"publisher\":{\"@id\":\"https:\\\/\\\/patagoniambiental.com.ar\\\/info\\\/#organization\"},\"image\":{\"@id\":\"https:\\\/\\\/patagoniambiental.com.ar\\\/info\\\/ecoansiedad-el-grito-silencioso-de-una-generacion-frente-al-clima\\\/#primaryimage\"},\"thumbnailUrl\":\"https:\\\/\\\/patagoniambiental.com.ar\\\/info\\\/wp-content\\\/uploads\\\/2025\\\/04\\\/Ecoansiedad.png\",\"articleSection\":[\"Nacionales\",\"Noticias\"],\"inLanguage\":\"es\",\"potentialAction\":[{\"@type\":\"CommentAction\",\"name\":\"Comment\",\"target\":[\"https:\\\/\\\/patagoniambiental.com.ar\\\/info\\\/ecoansiedad-el-grito-silencioso-de-una-generacion-frente-al-clima\\\/#respond\"]}]},{\"@type\":\"WebPage\",\"@id\":\"https:\\\/\\\/patagoniambiental.com.ar\\\/info\\\/ecoansiedad-el-grito-silencioso-de-una-generacion-frente-al-clima\\\/\",\"url\":\"https:\\\/\\\/patagoniambiental.com.ar\\\/info\\\/ecoansiedad-el-grito-silencioso-de-una-generacion-frente-al-clima\\\/\",\"name\":\"Ecoansiedad: el grito silencioso de una generaci\u00f3n frente al clima\",\"isPartOf\":{\"@id\":\"https:\\\/\\\/patagoniambiental.com.ar\\\/info\\\/#website\"},\"primaryImageOfPage\":{\"@id\":\"https:\\\/\\\/patagoniambiental.com.ar\\\/info\\\/ecoansiedad-el-grito-silencioso-de-una-generacion-frente-al-clima\\\/#primaryimage\"},\"image\":{\"@id\":\"https:\\\/\\\/patagoniambiental.com.ar\\\/info\\\/ecoansiedad-el-grito-silencioso-de-una-generacion-frente-al-clima\\\/#primaryimage\"},\"thumbnailUrl\":\"https:\\\/\\\/patagoniambiental.com.ar\\\/info\\\/wp-content\\\/uploads\\\/2025\\\/04\\\/Ecoansiedad.png\",\"datePublished\":\"2025-04-30T04:06:20+00:00\",\"dateModified\":\"2025-05-04T19:03:40+00:00\",\"description\":\"En los \u00faltimos d\u00edas, las b\u00fasquedas en Google relacionadas con \\\"ecoansiedad\\\" y \\\"ansiedad clim\u00e1tica\\\" se dispararon en Argentina.\",\"breadcrumb\":{\"@id\":\"https:\\\/\\\/patagoniambiental.com.ar\\\/info\\\/ecoansiedad-el-grito-silencioso-de-una-generacion-frente-al-clima\\\/#breadcrumb\"},\"inLanguage\":\"es\",\"potentialAction\":[{\"@type\":\"ReadAction\",\"target\":[\"https:\\\/\\\/patagoniambiental.com.ar\\\/info\\\/ecoansiedad-el-grito-silencioso-de-una-generacion-frente-al-clima\\\/\"]}]},{\"@type\":\"ImageObject\",\"inLanguage\":\"es\",\"@id\":\"https:\\\/\\\/patagoniambiental.com.ar\\\/info\\\/ecoansiedad-el-grito-silencioso-de-una-generacion-frente-al-clima\\\/#primaryimage\",\"url\":\"https:\\\/\\\/patagoniambiental.com.ar\\\/info\\\/wp-content\\\/uploads\\\/2025\\\/04\\\/Ecoansiedad.png\",\"contentUrl\":\"https:\\\/\\\/patagoniambiental.com.ar\\\/info\\\/wp-content\\\/uploads\\\/2025\\\/04\\\/Ecoansiedad.png\",\"width\":1024,\"height\":1536,\"caption\":\"Hay Futuro? Ecoansiedad\"},{\"@type\":\"BreadcrumbList\",\"@id\":\"https:\\\/\\\/patagoniambiental.com.ar\\\/info\\\/ecoansiedad-el-grito-silencioso-de-una-generacion-frente-al-clima\\\/#breadcrumb\",\"itemListElement\":[{\"@type\":\"ListItem\",\"position\":1,\"name\":\"Inicio\",\"item\":\"https:\\\/\\\/patagoniambiental.com.ar\\\/info\\\/\"},{\"@type\":\"ListItem\",\"position\":2,\"name\":\"Ecoansiedad: el grito silencioso de una generaci\u00f3n frente al clima\"}]},{\"@type\":\"WebSite\",\"@id\":\"https:\\\/\\\/patagoniambiental.com.ar\\\/info\\\/#website\",\"url\":\"https:\\\/\\\/patagoniambiental.com.ar\\\/info\\\/\",\"name\":\"Patagonia Ambiental\",\"description\":\"Monitoreo y an\u00e1lisis de la situaci\u00f3n geopol\u00edtica en el mundo y su implicancia en la Patagonia\",\"publisher\":{\"@id\":\"https:\\\/\\\/patagoniambiental.com.ar\\\/info\\\/#organization\"},\"potentialAction\":[{\"@type\":\"SearchAction\",\"target\":{\"@type\":\"EntryPoint\",\"urlTemplate\":\"https:\\\/\\\/patagoniambiental.com.ar\\\/info\\\/?s={search_term_string}\"},\"query-input\":{\"@type\":\"PropertyValueSpecification\",\"valueRequired\":true,\"valueName\":\"search_term_string\"}}],\"inLanguage\":\"es\"},{\"@type\":\"Organization\",\"@id\":\"https:\\\/\\\/patagoniambiental.com.ar\\\/info\\\/#organization\",\"name\":\"Patagonia Ambiental\",\"url\":\"https:\\\/\\\/patagoniambiental.com.ar\\\/info\\\/\",\"logo\":{\"@type\":\"ImageObject\",\"inLanguage\":\"es\",\"@id\":\"https:\\\/\\\/patagoniambiental.com.ar\\\/info\\\/#\\\/schema\\\/logo\\\/image\\\/\",\"url\":\"https:\\\/\\\/patagoniambiental.com.ar\\\/info\\\/wp-content\\\/uploads\\\/2025\\\/05\\\/LOGO-PATAGONIA-AMBIENTAL.png\",\"contentUrl\":\"https:\\\/\\\/patagoniambiental.com.ar\\\/info\\\/wp-content\\\/uploads\\\/2025\\\/05\\\/LOGO-PATAGONIA-AMBIENTAL.png\",\"width\":433,\"height\":250,\"caption\":\"Patagonia Ambiental\"},\"image\":{\"@id\":\"https:\\\/\\\/patagoniambiental.com.ar\\\/info\\\/#\\\/schema\\\/logo\\\/image\\\/\"},\"sameAs\":[\"https:\\\/\\\/www.facebook.com\\\/patagonia.ambiental\",\"https:\\\/\\\/x.com\\\/PatAmb\"]},{\"@type\":\"Person\",\"@id\":\"https:\\\/\\\/patagoniambiental.com.ar\\\/info\\\/#\\\/schema\\\/person\\\/db12bff64bbcbf6a253710bf0ea37b5d\",\"name\":\"Patagonia Ambiental\",\"description\":\"Andr\u00e9s Nievas T\u00e9cnico en manejo ambiental, consultor Ambiental y escritor para medios locales e internacionales sobre temas de geopolitica y medio ambiente.\",\"sameAs\":[\"http:\\\/\\\/www.patagoniambiental.com.ar\",\"https:\\\/\\\/www.facebook.com\\\/share\\\/1C1V8Gv9BX\\\/?mibextid=qi2Omg\",\"@patagoniambiental\",\"https:\\\/\\\/youtube.com\\\/@patagoniaambiental2023?si=BLt58t0wuXquxlYZ\"]}]}<\/script>\n<!-- \/ Yoast SEO Premium plugin. -->","yoast_head_json":{"title":"Ecoansiedad: el grito silencioso de una generaci\u00f3n frente al clima","description":"En los \u00faltimos d\u00edas, las b\u00fasquedas en Google relacionadas con \"ecoansiedad\" y \"ansiedad clim\u00e1tica\" se dispararon en Argentina.","robots":{"index":"index","follow":"follow","max-snippet":"max-snippet:-1","max-image-preview":"max-image-preview:large","max-video-preview":"max-video-preview:-1"},"canonical":"https:\/\/patagoniambiental.com.ar\/info\/ecoansiedad-el-grito-silencioso-de-una-generacion-frente-al-clima\/","og_locale":"es_ES","og_type":"article","og_title":"Ecoansiedad: el grito silencioso de una generaci\u00f3n frente al clima","og_description":"En los \u00faltimos d\u00edas, las b\u00fasquedas en Google relacionadas con \"ecoansiedad\" y \"ansiedad clim\u00e1tica\" se dispararon en Argentina.","og_url":"https:\/\/patagoniambiental.com.ar\/info\/ecoansiedad-el-grito-silencioso-de-una-generacion-frente-al-clima\/","og_site_name":"Patagonia Ambiental","article_publisher":"https:\/\/www.facebook.com\/patagonia.ambiental","article_author":"https:\/\/www.facebook.com\/share\/1C1V8Gv9BX\/?mibextid=qi2Omg","article_published_time":"2025-04-30T04:06:20+00:00","article_modified_time":"2025-05-04T19:03:40+00:00","og_image":[{"width":1024,"height":1536,"url":"https:\/\/patagoniambiental.com.ar\/info\/wp-content\/uploads\/2025\/04\/Ecoansiedad.png","type":"image\/png"}],"author":"Patagonia Ambiental","twitter_card":"summary_large_image","twitter_creator":"@PatAmb","twitter_site":"@PatAmb","schema":{"@context":"https:\/\/schema.org","@graph":[{"@type":"Article","@id":"https:\/\/patagoniambiental.com.ar\/info\/ecoansiedad-el-grito-silencioso-de-una-generacion-frente-al-clima\/#article","isPartOf":{"@id":"https:\/\/patagoniambiental.com.ar\/info\/ecoansiedad-el-grito-silencioso-de-una-generacion-frente-al-clima\/"},"author":{"name":"Patagonia Ambiental","@id":"https:\/\/patagoniambiental.com.ar\/info\/#\/schema\/person\/db12bff64bbcbf6a253710bf0ea37b5d"},"headline":"Ecoansiedad: el grito silencioso de una generaci\u00f3n frente al clima","datePublished":"2025-04-30T04:06:20+00:00","dateModified":"2025-05-04T19:03:40+00:00","mainEntityOfPage":{"@id":"https:\/\/patagoniambiental.com.ar\/info\/ecoansiedad-el-grito-silencioso-de-una-generacion-frente-al-clima\/"},"wordCount":888,"commentCount":0,"publisher":{"@id":"https:\/\/patagoniambiental.com.ar\/info\/#organization"},"image":{"@id":"https:\/\/patagoniambiental.com.ar\/info\/ecoansiedad-el-grito-silencioso-de-una-generacion-frente-al-clima\/#primaryimage"},"thumbnailUrl":"https:\/\/patagoniambiental.com.ar\/info\/wp-content\/uploads\/2025\/04\/Ecoansiedad.png","articleSection":["Nacionales","Noticias"],"inLanguage":"es","potentialAction":[{"@type":"CommentAction","name":"Comment","target":["https:\/\/patagoniambiental.com.ar\/info\/ecoansiedad-el-grito-silencioso-de-una-generacion-frente-al-clima\/#respond"]}]},{"@type":"WebPage","@id":"https:\/\/patagoniambiental.com.ar\/info\/ecoansiedad-el-grito-silencioso-de-una-generacion-frente-al-clima\/","url":"https:\/\/patagoniambiental.com.ar\/info\/ecoansiedad-el-grito-silencioso-de-una-generacion-frente-al-clima\/","name":"Ecoansiedad: el grito silencioso de una generaci\u00f3n frente al clima","isPartOf":{"@id":"https:\/\/patagoniambiental.com.ar\/info\/#website"},"primaryImageOfPage":{"@id":"https:\/\/patagoniambiental.com.ar\/info\/ecoansiedad-el-grito-silencioso-de-una-generacion-frente-al-clima\/#primaryimage"},"image":{"@id":"https:\/\/patagoniambiental.com.ar\/info\/ecoansiedad-el-grito-silencioso-de-una-generacion-frente-al-clima\/#primaryimage"},"thumbnailUrl":"https:\/\/patagoniambiental.com.ar\/info\/wp-content\/uploads\/2025\/04\/Ecoansiedad.png","datePublished":"2025-04-30T04:06:20+00:00","dateModified":"2025-05-04T19:03:40+00:00","description":"En los \u00faltimos d\u00edas, las b\u00fasquedas en Google relacionadas con \"ecoansiedad\" y \"ansiedad clim\u00e1tica\" se dispararon en Argentina.","breadcrumb":{"@id":"https:\/\/patagoniambiental.com.ar\/info\/ecoansiedad-el-grito-silencioso-de-una-generacion-frente-al-clima\/#breadcrumb"},"inLanguage":"es","potentialAction":[{"@type":"ReadAction","target":["https:\/\/patagoniambiental.com.ar\/info\/ecoansiedad-el-grito-silencioso-de-una-generacion-frente-al-clima\/"]}]},{"@type":"ImageObject","inLanguage":"es","@id":"https:\/\/patagoniambiental.com.ar\/info\/ecoansiedad-el-grito-silencioso-de-una-generacion-frente-al-clima\/#primaryimage","url":"https:\/\/patagoniambiental.com.ar\/info\/wp-content\/uploads\/2025\/04\/Ecoansiedad.png","contentUrl":"https:\/\/patagoniambiental.com.ar\/info\/wp-content\/uploads\/2025\/04\/Ecoansiedad.png","width":1024,"height":1536,"caption":"Hay Futuro? Ecoansiedad"},{"@type":"BreadcrumbList","@id":"https:\/\/patagoniambiental.com.ar\/info\/ecoansiedad-el-grito-silencioso-de-una-generacion-frente-al-clima\/#breadcrumb","itemListElement":[{"@type":"ListItem","position":1,"name":"Inicio","item":"https:\/\/patagoniambiental.com.ar\/info\/"},{"@type":"ListItem","position":2,"name":"Ecoansiedad: el grito silencioso de una generaci\u00f3n frente al clima"}]},{"@type":"WebSite","@id":"https:\/\/patagoniambiental.com.ar\/info\/#website","url":"https:\/\/patagoniambiental.com.ar\/info\/","name":"Patagonia Ambiental","description":"Monitoreo y an\u00e1lisis de la situaci\u00f3n geopol\u00edtica en el mundo y su implicancia en la Patagonia","publisher":{"@id":"https:\/\/patagoniambiental.com.ar\/info\/#organization"},"potentialAction":[{"@type":"SearchAction","target":{"@type":"EntryPoint","urlTemplate":"https:\/\/patagoniambiental.com.ar\/info\/?s={search_term_string}"},"query-input":{"@type":"PropertyValueSpecification","valueRequired":true,"valueName":"search_term_string"}}],"inLanguage":"es"},{"@type":"Organization","@id":"https:\/\/patagoniambiental.com.ar\/info\/#organization","name":"Patagonia Ambiental","url":"https:\/\/patagoniambiental.com.ar\/info\/","logo":{"@type":"ImageObject","inLanguage":"es","@id":"https:\/\/patagoniambiental.com.ar\/info\/#\/schema\/logo\/image\/","url":"https:\/\/patagoniambiental.com.ar\/info\/wp-content\/uploads\/2025\/05\/LOGO-PATAGONIA-AMBIENTAL.png","contentUrl":"https:\/\/patagoniambiental.com.ar\/info\/wp-content\/uploads\/2025\/05\/LOGO-PATAGONIA-AMBIENTAL.png","width":433,"height":250,"caption":"Patagonia Ambiental"},"image":{"@id":"https:\/\/patagoniambiental.com.ar\/info\/#\/schema\/logo\/image\/"},"sameAs":["https:\/\/www.facebook.com\/patagonia.ambiental","https:\/\/x.com\/PatAmb"]},{"@type":"Person","@id":"https:\/\/patagoniambiental.com.ar\/info\/#\/schema\/person\/db12bff64bbcbf6a253710bf0ea37b5d","name":"Patagonia Ambiental","description":"Andr\u00e9s Nievas T\u00e9cnico en manejo ambiental, consultor Ambiental y escritor para medios locales e internacionales sobre temas de geopolitica y medio ambiente.","sameAs":["http:\/\/www.patagoniambiental.com.ar","https:\/\/www.facebook.com\/share\/1C1V8Gv9BX\/?mibextid=qi2Omg","@patagoniambiental","https:\/\/youtube.com\/@patagoniaambiental2023?si=BLt58t0wuXquxlYZ"]}]}},"_links":{"self":[{"href":"https:\/\/patagoniambiental.com.ar\/info\/wp-json\/wp\/v2\/posts\/93717","targetHints":{"allow":["GET"]}}],"collection":[{"href":"https:\/\/patagoniambiental.com.ar\/info\/wp-json\/wp\/v2\/posts"}],"about":[{"href":"https:\/\/patagoniambiental.com.ar\/info\/wp-json\/wp\/v2\/types\/post"}],"author":[{"embeddable":true,"href":"https:\/\/patagoniambiental.com.ar\/info\/wp-json\/wp\/v2\/users\/2"}],"replies":[{"embeddable":true,"href":"https:\/\/patagoniambiental.com.ar\/info\/wp-json\/wp\/v2\/comments?post=93717"}],"version-history":[{"count":0,"href":"https:\/\/patagoniambiental.com.ar\/info\/wp-json\/wp\/v2\/posts\/93717\/revisions"}],"wp:featuredmedia":[{"embeddable":true,"href":"https:\/\/patagoniambiental.com.ar\/info\/wp-json\/wp\/v2\/media\/93778"}],"wp:attachment":[{"href":"https:\/\/patagoniambiental.com.ar\/info\/wp-json\/wp\/v2\/media?parent=93717"}],"wp:term":[{"taxonomy":"category","embeddable":true,"href":"https:\/\/patagoniambiental.com.ar\/info\/wp-json\/wp\/v2\/categories?post=93717"},{"taxonomy":"post_tag","embeddable":true,"href":"https:\/\/patagoniambiental.com.ar\/info\/wp-json\/wp\/v2\/tags?post=93717"}],"curies":[{"name":"wp","href":"https:\/\/api.w.org\/{rel}","templated":true}]}}