{"id":94754,"date":"2025-05-07T16:26:52","date_gmt":"2025-05-07T19:26:52","guid":{"rendered":"https:\/\/patagoniambiental.com.ar\/info\/?p=94754"},"modified":"2025-05-23T13:37:40","modified_gmt":"2025-05-23T16:37:40","slug":"94754-2","status":"publish","type":"post","link":"https:\/\/patagoniambiental.com.ar\/info\/94754-2\/","title":{"rendered":"R\u00edo Negro celebra el d\u00eda de la Miner\u00eda con el avance de Calcatreu"},"content":{"rendered":"\n<!--more-->\n\n\n\n<p>Ingeniero Jacobacci, Rio Negro, 7 de mayo de 2025. En el D\u00eda de la Miner\u00eda, R\u00edo Negro celebra un hito significativo: el avance del proyecto Calcatreu, una iniciativa que promete transformar la matriz productiva de la provincia mediante una miner\u00eda responsable y sustentable. Ubicado en la Regi\u00f3n Sur, cerca de Ingeniero Jacobacci y \u00d1orquinco, Calcatreu se posiciona como un modelo de desarrollo econ\u00f3mico y social que equilibra la explotaci\u00f3n de recursos con el cuidado del medio ambiente y la participaci\u00f3n comunitaria.<\/p>\n\n\n\n<figure class=\"wp-block-image size-full\"><img fetchpriority=\"high\" decoding=\"async\" width=\"1067\" height=\"600\" src=\"https:\/\/patagoniambiental.com.ar\/info\/wp-content\/uploads\/2025\/05\/dia-de-la-mineria.jpg\" alt=\"Avances en Calcatreu - D\u00eda de la Miner\u00eda\" class=\"wp-image-95538\"\/><\/figure>\n\n\n\n<p><a href=\"https:\/\/patagoniambiental.com.ar\/info\/calcatreu-el-nuevo-modelo-de-desarrollo-minero-sustentable-en-rio-negro\/\">Leer m\u00e1s: Calcatreu: el nuevo modelo de desarrollo minero sustentable en R\u00edo Negro<\/a><\/p>\n\n\n\n<p>El proyecto Calcatreu, liderado por Minera Calcatreu S.A.U., contempla una inversi\u00f3n inicial de 25 millones de d\u00f3lares y una proyecci\u00f3n total de 250 millones. Se estima que generar\u00e1 m\u00e1s de 300 empleos directos y 400 indirectos, beneficiando especialmente a las comunidades locales. La explotaci\u00f3n se basar\u00e1 en un sistema de mina a cielo abierto y tecnolog\u00eda de lixiviaci\u00f3n en pilas, con una vida \u00fatil inicial de cinco a\u00f1os y posibilidad de extensi\u00f3n.<\/p>\n\n\n\n<p>La <a href=\"https:\/\/ambiente.rionegro.gov.ar\/\">Secretar\u00eda de Ambiente y Cambio Clim\u00e1tico<\/a> de R\u00edo Negro aprob\u00f3 el Estudio de Impacto Ambiental del proyecto, destacando su cumplimiento con estrictos est\u00e1ndares ambientales y un modelo participativo amplio. La audiencia p\u00fablica realizada en agosto fue un espacio esencial para escuchar y considerar todas las voces, asegurando la transparencia del proceso.<\/p>\n\n\n\n<figure class=\"wp-block-image size-full\"><img decoding=\"async\" width=\"1067\" height=\"600\" src=\"https:\/\/patagoniambiental.com.ar\/info\/wp-content\/uploads\/2025\/05\/1000135859.jpg\" alt=\"\" class=\"wp-image-94762\"\/><\/figure>\n\n\n\n<p><a href=\"https:\/\/patagoniambiental.com.ar\/info\/rio-negro-realiza-el-primer-muestreo-participativo-de-aguas-en-calcatreu\/\">Leer m\u00e1s: R\u00edo Negro realiza el primer muestreo participativo de aguas en Calcatreu<\/a><\/p>\n\n\n\n<p>El secretario de Miner\u00eda, Joaqu\u00edn Aberastain Oro, resalt\u00f3 que Calcatreu es una \u00abpunta de lanza\u00bb para otros proyectos en exploraci\u00f3n, fortaleciendo la matriz productiva de la provincia. El impacto positivo en empleo, infraestructura y crecimiento regional posiciona a R\u00edo Negro como un actor clave en la miner\u00eda nacional.(R\u00edo Negro)<\/p>\n\n\n\n<p>Calcatreu incluye un \u00e1rea n\u00facleo de 30 km\u00b2 en los departamentos de 25 de Mayo y \u00d1orquinco, con recursos minerales estimados en 9,84 millones de toneladas de oro y plata medidos e indicados. Se desarrollar\u00e1 infraestructura complementaria que incluye una planta de procesos, campamentos, oficinas administrativas y \u00e1reas para la gesti\u00f3n de residuos.<\/p>\n\n\n\n<p>La empresa <a href=\"https:\/\/patagoniagold.com\/\">Patagonia Gold<\/a>, actual operadora del proyecto, ha mantenido un di\u00e1logo abierto con las comunidades locales, especialmente en Ingeniero Jacobacci, para desarrollar un consenso social que permita el avance del proyecto en condiciones de sustentabilidad, seguridad y respeto ambiental. Se han realizado reuniones con distintas instituciones y comunidades, incluyendo la comunidad Pe\u00f1iMapu de Lipetren Chico, para actualizar sobre los trabajos y objetivos del proyecto.<\/p>\n\n\n\n<figure class=\"wp-block-image size-full\"><img decoding=\"async\" width=\"700\" height=\"372\" src=\"https:\/\/patagoniambiental.com.ar\/info\/wp-content\/uploads\/2025\/05\/1000135860.jpg\" alt=\"\" class=\"wp-image-94763\"\/><\/figure>\n\n\n\n<p>Desde el punto de vista t\u00e9cnico, se han desarrollado tareas de exploraci\u00f3n superficial, especialmente geof\u00edsica, para identificar nuevas oportunidades y blancos para futuras campa\u00f1as de perforaci\u00f3n. Estas actividades han generado empleo local, contratando ayudantes de campo y maquinistas de la zona.<\/p>\n\n\n\n<p>La Defensor\u00eda del Pueblo de R\u00edo Negro participa activamente en el monitoreo de los compromisos asumidos por la empresa, alineados a los principios de la miner\u00eda sustentable. Se han realizado muestreos participativos de agua sobre perforaciones, con la presencia de t\u00e9cnicos, autoridades y comunidades locales, asegurando la transparencia y el cumplimiento de las normativas ambientales vigentes.(Defensor\u00eda del Pueblo de Rio Negro)<\/p>\n\n\n\n<p>El proyecto Calcatreu tiene una capacidad de procesamiento de 2.500 toneladas diarias y una vida \u00fatil inicial de cinco a\u00f1os, con posibilidad de extensi\u00f3n. Las operaciones implicar\u00e1n el uso de un proceso de lixiviaci\u00f3n en pilas con soluciones cianuradas, lo que demandar\u00e1 un estricto control y cumplimiento de las normativas ambientales vigentes en Argentina.<\/p>\n\n\n\n<p>La aprobaci\u00f3n del proyecto refuerza el compromiso de la provincia con el desarrollo minero responsable, alineado con los est\u00e1ndares nacionales e internacionales en cuanto a sostenibilidad y control ambiental. R\u00edo Negro avanza as\u00ed en su posicionamiento estrat\u00e9gico en el \u00e1mbito minero, promoviendo proyectos que generen desarrollo econ\u00f3mico y empleo sin comprometer el entorno natural.(Energ\u00eda Online)<\/p>\n\n\n\n<p>En este contexto, el D\u00eda de la Miner\u00eda se celebra en R\u00edo Negro con entusiasmo y esperanza, marcando el inicio de una nueva etapa en la historia productiva de la provincia. Calcatreu no solo representa una oportunidad econ\u00f3mica, sino tambi\u00e9n un compromiso con el desarrollo sustentable y la participaci\u00f3n ciudadana.<\/p>\n\n\n\n<p>La implementaci\u00f3n de este proyecto servir\u00e1 como referencia para futuras iniciativas mineras en la regi\u00f3n, demostrando que es posible equilibrar el progreso econ\u00f3mico con la protecci\u00f3n del medio ambiente y el respeto a las comunidades locales. La experiencia de Calcatreu podr\u00e1 ser replicada en otros contextos, consolidando a R\u00edo Negro como un ejemplo de miner\u00eda responsable en Argentina.<\/p>\n\n\n\n<p>El gobierno provincial continuar\u00e1 trabajando en conjunto con las empresas, comunidades y organismos de control para garantizar que el desarrollo minero se realice de manera transparente, participativa y respetuosa del entorno. La colaboraci\u00f3n entre todos los actores involucrados ser\u00e1 clave para el \u00e9xito y la sostenibilidad de proyectos como Calcatreu.<\/p>\n\n\n\n<figure class=\"wp-block-embed is-type-video is-provider-youtube wp-block-embed-youtube wp-embed-aspect-16-9 wp-has-aspect-ratio\"><div class=\"wp-block-embed__wrapper\">\n<iframe title=\"En R\u00edo Negro, el d\u00eda de la miner\u00eda se festeja con Calcatreu en marcha\" width=\"500\" height=\"281\" src=\"https:\/\/www.youtube.com\/embed\/UFCvHveVV_4?feature=oembed\" frameborder=\"0\" allow=\"accelerometer; autoplay; clipboard-write; encrypted-media; gyroscope; picture-in-picture; web-share\" referrerpolicy=\"strict-origin-when-cross-origin\" allowfullscreen><\/iframe>\n<\/div><\/figure>\n\n\n\n<p>En resumen, el avance del proyecto Calcatreu en el D\u00eda de la Miner\u00eda simboliza el compromiso de R\u00edo Negro con un modelo de desarrollo que prioriza el bienestar de sus habitantes y la preservaci\u00f3n de su patrimonio natural. Es un paso firme hacia un futuro donde la miner\u00eda y la sustentabilidad van de la mano, construyendo una provincia m\u00e1s pr\u00f3spera y equilibrada.<\/p>\n\n\n\n<p><\/p>\n","protected":false},"excerpt":{"rendered":"","protected":false},"author":2,"featured_media":94755,"comment_status":"open","ping_status":"open","sticky":false,"template":"","format":"standard","meta":{"site-sidebar-layout":"default","site-content-layout":"","ast-site-content-layout":"default","site-content-style":"default","site-sidebar-style":"default","ast-global-header-display":"","ast-banner-title-visibility":"","ast-main-header-display":"","ast-hfb-above-header-display":"","ast-hfb-below-header-display":"","ast-hfb-mobile-header-display":"","site-post-title":"","ast-breadcrumbs-content":"","ast-featured-img":"","footer-sml-layout":"","ast-disable-related-posts":"","theme-transparent-header-meta":"","adv-header-id-meta":"","stick-header-meta":"","header-above-stick-meta":"","header-main-stick-meta":"","header-below-stick-meta":"","astra-migrate-meta-layouts":"default","ast-page-background-enabled":"default","ast-page-background-meta":{"desktop":{"background-color":"var(--ast-global-color-5)","background-image":"","background-repeat":"repeat","background-position":"center center","background-size":"auto","background-attachment":"scroll","background-type":"","background-media":"","overlay-type":"","overlay-color":"","overlay-opacity":"","overlay-gradient":""},"tablet":{"background-color":"","background-image":"","background-repeat":"repeat","background-position":"center center","background-size":"auto","background-attachment":"scroll","background-type":"","background-media":"","overlay-type":"","overlay-color":"","overlay-opacity":"","overlay-gradient":""},"mobile":{"background-color":"","background-image":"","background-repeat":"repeat","background-position":"center center","background-size":"auto","background-attachment":"scroll","background-type":"","background-media":"","overlay-type":"","overlay-color":"","overlay-opacity":"","overlay-gradient":""}},"ast-content-background-meta":{"desktop":{"background-color":"var(--ast-global-color-4)","background-image":"","background-repeat":"repeat","background-position":"center center","background-size":"auto","background-attachment":"scroll","background-type":"","background-media":"","overlay-type":"","overlay-color":"","overlay-opacity":"","overlay-gradient":""},"tablet":{"background-color":"var(--ast-global-color-4)","background-image":"","background-repeat":"repeat","background-position":"center center","background-size":"auto","background-attachment":"scroll","background-type":"","background-media":"","overlay-type":"","overlay-color":"","overlay-opacity":"","overlay-gradient":""},"mobile":{"background-color":"var(--ast-global-color-4)","background-image":"","background-repeat":"repeat","background-position":"center center","background-size":"auto","background-attachment":"scroll","background-type":"","background-media":"","overlay-type":"","overlay-color":"","overlay-opacity":"","overlay-gradient":""}},"footnotes":""},"categories":[12,1,13,14],"tags":[],"class_list":["post-94754","post","type-post","status-publish","format-standard","has-post-thumbnail","hentry","category-agenda-ambiental","category-noticias","category-provinciales","category-rio-negro"],"yoast_head":"<!-- This site is optimized with the Yoast SEO Premium plugin v23.0 (Yoast SEO v27.5) - https:\/\/yoast.com\/product\/yoast-seo-premium-wordpress\/ -->\n<title>R\u00edo Negro celebra el d\u00eda de la Miner\u00eda con el avance de Calcatreu<\/title>\n<meta name=\"description\" content=\"En el D\u00eda de la Miner\u00eda, R\u00edo Negro celebra el avance del proyecto Calcatreu, que promete transformar la matriz productiva de la provincia\" \/>\n<meta name=\"robots\" content=\"index, follow, max-snippet:-1, max-image-preview:large, max-video-preview:-1\" \/>\n<link rel=\"canonical\" href=\"https:\/\/patagoniambiental.com.ar\/info\/94754-2\/\" \/>\n<meta property=\"og:locale\" content=\"es_ES\" \/>\n<meta property=\"og:type\" content=\"article\" \/>\n<meta property=\"og:title\" content=\"R\u00edo Negro celebra el d\u00eda de la Miner\u00eda con el avance de Calcatreu\" \/>\n<meta property=\"og:description\" content=\"En el D\u00eda de la Miner\u00eda, R\u00edo Negro celebra el avance del proyecto Calcatreu, que promete transformar la matriz productiva de la provincia\" \/>\n<meta property=\"og:url\" content=\"https:\/\/patagoniambiental.com.ar\/info\/94754-2\/\" \/>\n<meta property=\"og:site_name\" content=\"Patagonia Ambiental\" \/>\n<meta property=\"article:publisher\" content=\"https:\/\/www.facebook.com\/patagonia.ambiental\" \/>\n<meta property=\"article:author\" content=\"https:\/\/www.facebook.com\/share\/1C1V8Gv9BX\/?mibextid=qi2Omg\" \/>\n<meta property=\"article:published_time\" content=\"2025-05-07T19:26:52+00:00\" \/>\n<meta property=\"article:modified_time\" content=\"2025-05-23T16:37:40+00:00\" \/>\n<meta property=\"og:image\" content=\"https:\/\/patagoniambiental.com.ar\/info\/wp-content\/uploads\/2025\/05\/1746618478_3bafbaba42af0257b2af.jpeg\" \/>\n\t<meta property=\"og:image:width\" content=\"1080\" \/>\n\t<meta property=\"og:image:height\" content=\"607\" \/>\n\t<meta property=\"og:image:type\" content=\"image\/jpeg\" \/>\n<meta name=\"author\" content=\"Patagonia Ambiental\" \/>\n<meta name=\"twitter:card\" content=\"summary_large_image\" \/>\n<meta name=\"twitter:creator\" content=\"@PatAmb\" \/>\n<meta name=\"twitter:site\" content=\"@PatAmb\" \/>\n<script type=\"application\/ld+json\" class=\"yoast-schema-graph\">{\"@context\":\"https:\\\/\\\/schema.org\",\"@graph\":[{\"@type\":\"Article\",\"@id\":\"https:\\\/\\\/patagoniambiental.com.ar\\\/info\\\/94754-2\\\/#article\",\"isPartOf\":{\"@id\":\"https:\\\/\\\/patagoniambiental.com.ar\\\/info\\\/94754-2\\\/\"},\"author\":{\"name\":\"Patagonia Ambiental\",\"@id\":\"https:\\\/\\\/patagoniambiental.com.ar\\\/info\\\/#\\\/schema\\\/person\\\/db12bff64bbcbf6a253710bf0ea37b5d\"},\"headline\":\"R\u00edo Negro celebra el d\u00eda de la Miner\u00eda con el avance de Calcatreu\",\"datePublished\":\"2025-05-07T19:26:52+00:00\",\"dateModified\":\"2025-05-23T16:37:40+00:00\",\"mainEntityOfPage\":{\"@id\":\"https:\\\/\\\/patagoniambiental.com.ar\\\/info\\\/94754-2\\\/\"},\"wordCount\":925,\"commentCount\":0,\"publisher\":{\"@id\":\"https:\\\/\\\/patagoniambiental.com.ar\\\/info\\\/#organization\"},\"image\":{\"@id\":\"https:\\\/\\\/patagoniambiental.com.ar\\\/info\\\/94754-2\\\/#primaryimage\"},\"thumbnailUrl\":\"https:\\\/\\\/patagoniambiental.com.ar\\\/info\\\/wp-content\\\/uploads\\\/2025\\\/05\\\/1746618478_3bafbaba42af0257b2af.jpeg\",\"articleSection\":[\"Agenda Ambiental\",\"Noticias\",\"Provinciales\",\"R\u00edo Negro\"],\"inLanguage\":\"es\",\"potentialAction\":[{\"@type\":\"CommentAction\",\"name\":\"Comment\",\"target\":[\"https:\\\/\\\/patagoniambiental.com.ar\\\/info\\\/94754-2\\\/#respond\"]}]},{\"@type\":\"WebPage\",\"@id\":\"https:\\\/\\\/patagoniambiental.com.ar\\\/info\\\/94754-2\\\/\",\"url\":\"https:\\\/\\\/patagoniambiental.com.ar\\\/info\\\/94754-2\\\/\",\"name\":\"R\u00edo Negro celebra el d\u00eda de la Miner\u00eda con el avance de Calcatreu\",\"isPartOf\":{\"@id\":\"https:\\\/\\\/patagoniambiental.com.ar\\\/info\\\/#website\"},\"primaryImageOfPage\":{\"@id\":\"https:\\\/\\\/patagoniambiental.com.ar\\\/info\\\/94754-2\\\/#primaryimage\"},\"image\":{\"@id\":\"https:\\\/\\\/patagoniambiental.com.ar\\\/info\\\/94754-2\\\/#primaryimage\"},\"thumbnailUrl\":\"https:\\\/\\\/patagoniambiental.com.ar\\\/info\\\/wp-content\\\/uploads\\\/2025\\\/05\\\/1746618478_3bafbaba42af0257b2af.jpeg\",\"datePublished\":\"2025-05-07T19:26:52+00:00\",\"dateModified\":\"2025-05-23T16:37:40+00:00\",\"description\":\"En el D\u00eda de la Miner\u00eda, R\u00edo Negro celebra el avance del proyecto Calcatreu, que promete transformar la matriz productiva de la provincia\",\"breadcrumb\":{\"@id\":\"https:\\\/\\\/patagoniambiental.com.ar\\\/info\\\/94754-2\\\/#breadcrumb\"},\"inLanguage\":\"es\",\"potentialAction\":[{\"@type\":\"ReadAction\",\"target\":[\"https:\\\/\\\/patagoniambiental.com.ar\\\/info\\\/94754-2\\\/\"]}]},{\"@type\":\"ImageObject\",\"inLanguage\":\"es\",\"@id\":\"https:\\\/\\\/patagoniambiental.com.ar\\\/info\\\/94754-2\\\/#primaryimage\",\"url\":\"https:\\\/\\\/patagoniambiental.com.ar\\\/info\\\/wp-content\\\/uploads\\\/2025\\\/05\\\/1746618478_3bafbaba42af0257b2af.jpeg\",\"contentUrl\":\"https:\\\/\\\/patagoniambiental.com.ar\\\/info\\\/wp-content\\\/uploads\\\/2025\\\/05\\\/1746618478_3bafbaba42af0257b2af.jpeg\",\"width\":1080,\"height\":607,\"caption\":\"Avance de Calcatreu\"},{\"@type\":\"BreadcrumbList\",\"@id\":\"https:\\\/\\\/patagoniambiental.com.ar\\\/info\\\/94754-2\\\/#breadcrumb\",\"itemListElement\":[{\"@type\":\"ListItem\",\"position\":1,\"name\":\"Inicio\",\"item\":\"https:\\\/\\\/patagoniambiental.com.ar\\\/info\\\/\"},{\"@type\":\"ListItem\",\"position\":2,\"name\":\"R\u00edo Negro celebra el d\u00eda de la Miner\u00eda con el avance de Calcatreu\"}]},{\"@type\":\"WebSite\",\"@id\":\"https:\\\/\\\/patagoniambiental.com.ar\\\/info\\\/#website\",\"url\":\"https:\\\/\\\/patagoniambiental.com.ar\\\/info\\\/\",\"name\":\"Patagonia Ambiental\",\"description\":\"Monitoreo y an\u00e1lisis de la situaci\u00f3n geopol\u00edtica en el mundo y su implicancia en la Patagonia\",\"publisher\":{\"@id\":\"https:\\\/\\\/patagoniambiental.com.ar\\\/info\\\/#organization\"},\"potentialAction\":[{\"@type\":\"SearchAction\",\"target\":{\"@type\":\"EntryPoint\",\"urlTemplate\":\"https:\\\/\\\/patagoniambiental.com.ar\\\/info\\\/?s={search_term_string}\"},\"query-input\":{\"@type\":\"PropertyValueSpecification\",\"valueRequired\":true,\"valueName\":\"search_term_string\"}}],\"inLanguage\":\"es\"},{\"@type\":\"Organization\",\"@id\":\"https:\\\/\\\/patagoniambiental.com.ar\\\/info\\\/#organization\",\"name\":\"Patagonia Ambiental\",\"url\":\"https:\\\/\\\/patagoniambiental.com.ar\\\/info\\\/\",\"logo\":{\"@type\":\"ImageObject\",\"inLanguage\":\"es\",\"@id\":\"https:\\\/\\\/patagoniambiental.com.ar\\\/info\\\/#\\\/schema\\\/logo\\\/image\\\/\",\"url\":\"https:\\\/\\\/patagoniambiental.com.ar\\\/info\\\/wp-content\\\/uploads\\\/2025\\\/05\\\/LOGO-PATAGONIA-AMBIENTAL.png\",\"contentUrl\":\"https:\\\/\\\/patagoniambiental.com.ar\\\/info\\\/wp-content\\\/uploads\\\/2025\\\/05\\\/LOGO-PATAGONIA-AMBIENTAL.png\",\"width\":433,\"height\":250,\"caption\":\"Patagonia Ambiental\"},\"image\":{\"@id\":\"https:\\\/\\\/patagoniambiental.com.ar\\\/info\\\/#\\\/schema\\\/logo\\\/image\\\/\"},\"sameAs\":[\"https:\\\/\\\/www.facebook.com\\\/patagonia.ambiental\",\"https:\\\/\\\/x.com\\\/PatAmb\"]},{\"@type\":\"Person\",\"@id\":\"https:\\\/\\\/patagoniambiental.com.ar\\\/info\\\/#\\\/schema\\\/person\\\/db12bff64bbcbf6a253710bf0ea37b5d\",\"name\":\"Patagonia Ambiental\",\"description\":\"Andr\u00e9s Nievas T\u00e9cnico en manejo ambiental, consultor Ambiental y escritor para medios locales e internacionales sobre temas de geopolitica y medio ambiente.\",\"sameAs\":[\"http:\\\/\\\/www.patagoniambiental.com.ar\",\"https:\\\/\\\/www.facebook.com\\\/share\\\/1C1V8Gv9BX\\\/?mibextid=qi2Omg\",\"@patagoniambiental\",\"https:\\\/\\\/youtube.com\\\/@patagoniaambiental2023?si=BLt58t0wuXquxlYZ\"]}]}<\/script>\n<!-- \/ Yoast SEO Premium plugin. -->","yoast_head_json":{"title":"R\u00edo Negro celebra el d\u00eda de la Miner\u00eda con el avance de Calcatreu","description":"En el D\u00eda de la Miner\u00eda, R\u00edo Negro celebra el avance del proyecto Calcatreu, que promete transformar la matriz productiva de la provincia","robots":{"index":"index","follow":"follow","max-snippet":"max-snippet:-1","max-image-preview":"max-image-preview:large","max-video-preview":"max-video-preview:-1"},"canonical":"https:\/\/patagoniambiental.com.ar\/info\/94754-2\/","og_locale":"es_ES","og_type":"article","og_title":"R\u00edo Negro celebra el d\u00eda de la Miner\u00eda con el avance de Calcatreu","og_description":"En el D\u00eda de la Miner\u00eda, R\u00edo Negro celebra el avance del proyecto Calcatreu, que promete transformar la matriz productiva de la provincia","og_url":"https:\/\/patagoniambiental.com.ar\/info\/94754-2\/","og_site_name":"Patagonia Ambiental","article_publisher":"https:\/\/www.facebook.com\/patagonia.ambiental","article_author":"https:\/\/www.facebook.com\/share\/1C1V8Gv9BX\/?mibextid=qi2Omg","article_published_time":"2025-05-07T19:26:52+00:00","article_modified_time":"2025-05-23T16:37:40+00:00","og_image":[{"width":1080,"height":607,"url":"https:\/\/patagoniambiental.com.ar\/info\/wp-content\/uploads\/2025\/05\/1746618478_3bafbaba42af0257b2af.jpeg","type":"image\/jpeg"}],"author":"Patagonia Ambiental","twitter_card":"summary_large_image","twitter_creator":"@PatAmb","twitter_site":"@PatAmb","schema":{"@context":"https:\/\/schema.org","@graph":[{"@type":"Article","@id":"https:\/\/patagoniambiental.com.ar\/info\/94754-2\/#article","isPartOf":{"@id":"https:\/\/patagoniambiental.com.ar\/info\/94754-2\/"},"author":{"name":"Patagonia Ambiental","@id":"https:\/\/patagoniambiental.com.ar\/info\/#\/schema\/person\/db12bff64bbcbf6a253710bf0ea37b5d"},"headline":"R\u00edo Negro celebra el d\u00eda de la Miner\u00eda con el avance de Calcatreu","datePublished":"2025-05-07T19:26:52+00:00","dateModified":"2025-05-23T16:37:40+00:00","mainEntityOfPage":{"@id":"https:\/\/patagoniambiental.com.ar\/info\/94754-2\/"},"wordCount":925,"commentCount":0,"publisher":{"@id":"https:\/\/patagoniambiental.com.ar\/info\/#organization"},"image":{"@id":"https:\/\/patagoniambiental.com.ar\/info\/94754-2\/#primaryimage"},"thumbnailUrl":"https:\/\/patagoniambiental.com.ar\/info\/wp-content\/uploads\/2025\/05\/1746618478_3bafbaba42af0257b2af.jpeg","articleSection":["Agenda Ambiental","Noticias","Provinciales","R\u00edo Negro"],"inLanguage":"es","potentialAction":[{"@type":"CommentAction","name":"Comment","target":["https:\/\/patagoniambiental.com.ar\/info\/94754-2\/#respond"]}]},{"@type":"WebPage","@id":"https:\/\/patagoniambiental.com.ar\/info\/94754-2\/","url":"https:\/\/patagoniambiental.com.ar\/info\/94754-2\/","name":"R\u00edo Negro celebra el d\u00eda de la Miner\u00eda con el avance de Calcatreu","isPartOf":{"@id":"https:\/\/patagoniambiental.com.ar\/info\/#website"},"primaryImageOfPage":{"@id":"https:\/\/patagoniambiental.com.ar\/info\/94754-2\/#primaryimage"},"image":{"@id":"https:\/\/patagoniambiental.com.ar\/info\/94754-2\/#primaryimage"},"thumbnailUrl":"https:\/\/patagoniambiental.com.ar\/info\/wp-content\/uploads\/2025\/05\/1746618478_3bafbaba42af0257b2af.jpeg","datePublished":"2025-05-07T19:26:52+00:00","dateModified":"2025-05-23T16:37:40+00:00","description":"En el D\u00eda de la Miner\u00eda, R\u00edo Negro celebra el avance del proyecto Calcatreu, que promete transformar la matriz productiva de la provincia","breadcrumb":{"@id":"https:\/\/patagoniambiental.com.ar\/info\/94754-2\/#breadcrumb"},"inLanguage":"es","potentialAction":[{"@type":"ReadAction","target":["https:\/\/patagoniambiental.com.ar\/info\/94754-2\/"]}]},{"@type":"ImageObject","inLanguage":"es","@id":"https:\/\/patagoniambiental.com.ar\/info\/94754-2\/#primaryimage","url":"https:\/\/patagoniambiental.com.ar\/info\/wp-content\/uploads\/2025\/05\/1746618478_3bafbaba42af0257b2af.jpeg","contentUrl":"https:\/\/patagoniambiental.com.ar\/info\/wp-content\/uploads\/2025\/05\/1746618478_3bafbaba42af0257b2af.jpeg","width":1080,"height":607,"caption":"Avance de Calcatreu"},{"@type":"BreadcrumbList","@id":"https:\/\/patagoniambiental.com.ar\/info\/94754-2\/#breadcrumb","itemListElement":[{"@type":"ListItem","position":1,"name":"Inicio","item":"https:\/\/patagoniambiental.com.ar\/info\/"},{"@type":"ListItem","position":2,"name":"R\u00edo Negro celebra el d\u00eda de la Miner\u00eda con el avance de Calcatreu"}]},{"@type":"WebSite","@id":"https:\/\/patagoniambiental.com.ar\/info\/#website","url":"https:\/\/patagoniambiental.com.ar\/info\/","name":"Patagonia Ambiental","description":"Monitoreo y an\u00e1lisis de la situaci\u00f3n geopol\u00edtica en el mundo y su implicancia en la Patagonia","publisher":{"@id":"https:\/\/patagoniambiental.com.ar\/info\/#organization"},"potentialAction":[{"@type":"SearchAction","target":{"@type":"EntryPoint","urlTemplate":"https:\/\/patagoniambiental.com.ar\/info\/?s={search_term_string}"},"query-input":{"@type":"PropertyValueSpecification","valueRequired":true,"valueName":"search_term_string"}}],"inLanguage":"es"},{"@type":"Organization","@id":"https:\/\/patagoniambiental.com.ar\/info\/#organization","name":"Patagonia Ambiental","url":"https:\/\/patagoniambiental.com.ar\/info\/","logo":{"@type":"ImageObject","inLanguage":"es","@id":"https:\/\/patagoniambiental.com.ar\/info\/#\/schema\/logo\/image\/","url":"https:\/\/patagoniambiental.com.ar\/info\/wp-content\/uploads\/2025\/05\/LOGO-PATAGONIA-AMBIENTAL.png","contentUrl":"https:\/\/patagoniambiental.com.ar\/info\/wp-content\/uploads\/2025\/05\/LOGO-PATAGONIA-AMBIENTAL.png","width":433,"height":250,"caption":"Patagonia Ambiental"},"image":{"@id":"https:\/\/patagoniambiental.com.ar\/info\/#\/schema\/logo\/image\/"},"sameAs":["https:\/\/www.facebook.com\/patagonia.ambiental","https:\/\/x.com\/PatAmb"]},{"@type":"Person","@id":"https:\/\/patagoniambiental.com.ar\/info\/#\/schema\/person\/db12bff64bbcbf6a253710bf0ea37b5d","name":"Patagonia Ambiental","description":"Andr\u00e9s Nievas T\u00e9cnico en manejo ambiental, consultor Ambiental y escritor para medios locales e internacionales sobre temas de geopolitica y medio ambiente.","sameAs":["http:\/\/www.patagoniambiental.com.ar","https:\/\/www.facebook.com\/share\/1C1V8Gv9BX\/?mibextid=qi2Omg","@patagoniambiental","https:\/\/youtube.com\/@patagoniaambiental2023?si=BLt58t0wuXquxlYZ"]}]}},"_links":{"self":[{"href":"https:\/\/patagoniambiental.com.ar\/info\/wp-json\/wp\/v2\/posts\/94754","targetHints":{"allow":["GET"]}}],"collection":[{"href":"https:\/\/patagoniambiental.com.ar\/info\/wp-json\/wp\/v2\/posts"}],"about":[{"href":"https:\/\/patagoniambiental.com.ar\/info\/wp-json\/wp\/v2\/types\/post"}],"author":[{"embeddable":true,"href":"https:\/\/patagoniambiental.com.ar\/info\/wp-json\/wp\/v2\/users\/2"}],"replies":[{"embeddable":true,"href":"https:\/\/patagoniambiental.com.ar\/info\/wp-json\/wp\/v2\/comments?post=94754"}],"version-history":[{"count":0,"href":"https:\/\/patagoniambiental.com.ar\/info\/wp-json\/wp\/v2\/posts\/94754\/revisions"}],"wp:featuredmedia":[{"embeddable":true,"href":"https:\/\/patagoniambiental.com.ar\/info\/wp-json\/wp\/v2\/media\/94755"}],"wp:attachment":[{"href":"https:\/\/patagoniambiental.com.ar\/info\/wp-json\/wp\/v2\/media?parent=94754"}],"wp:term":[{"taxonomy":"category","embeddable":true,"href":"https:\/\/patagoniambiental.com.ar\/info\/wp-json\/wp\/v2\/categories?post=94754"},{"taxonomy":"post_tag","embeddable":true,"href":"https:\/\/patagoniambiental.com.ar\/info\/wp-json\/wp\/v2\/tags?post=94754"}],"curies":[{"name":"wp","href":"https:\/\/api.w.org\/{rel}","templated":true}]}}