{"id":94838,"date":"2025-05-08T23:58:29","date_gmt":"2025-05-09T02:58:29","guid":{"rendered":"https:\/\/patagoniambiental.com.ar\/info\/?p=94838"},"modified":"2025-05-12T13:52:03","modified_gmt":"2025-05-12T16:52:03","slug":"94838-2","status":"publish","type":"post","link":"https:\/\/patagoniambiental.com.ar\/info\/94838-2\/","title":{"rendered":"Neuqu\u00e9n se alista para el Global Big Day 2025"},"content":{"rendered":"\n<!--more-->\n\n\n\n<p>Neuqu\u00e9n, Provincia de Neuquen, 8 de mayo de 2025. El pr\u00f3ximo 10 de mayo, Neuqu\u00e9n se suma al <a href=\"http:\/\/ebird.org\/news\/global-big-day-10-may-2025\">Global Big Day 2025<\/a> una jornada internacional dedicada a la observaci\u00f3n de aves que convoca a miles de entusiastas y expertos en todo el mundo. Con m\u00e1s de 285 especies registradas, la provincia se posiciona como un destino privilegiado para el avistaje de aves, ofreciendo una diversidad \u00fanica en el pa\u00eds.<\/p>\n\n\n\n<p><a href=\"https:\/\/patagoniambiental.com.ar\/info\/argentina-brilla-en-el-global-big-day-con-la-revalidacion-del-maca-tobiano\/\">Leer m\u00e1s: Argentina brilla en el Global Big Day con la revalidaci\u00f3n del mac\u00e1 tobiano<\/a><br><\/p>\n\n\n\n<figure class=\"wp-block-image size-full\"><img fetchpriority=\"high\" decoding=\"async\" width=\"576\" height=\"384\" src=\"https:\/\/patagoniambiental.com.ar\/info\/wp-content\/uploads\/2025\/05\/1000136063.webp\" alt=\"\" class=\"wp-image-94848\"\/><\/figure>\n\n\n\n<p>El Global Big Day es una iniciativa del Laboratorio de Ornitolog\u00eda de la <a href=\"http:\/\/www.cornell.edu\">Universidad de Cornell<\/a> que busca registrar la mayor cantidad de especies de aves en un solo d\u00eda. En 2024, m\u00e1s de 63.000 personas participaron, compartiendo observaciones en 156.000 listas a trav\u00e9s de la plataforma eBird. Este a\u00f1o, Neuqu\u00e9n se prepara con entusiasmo para contribuir a este esfuerzo global de ciencia ciudadana.<\/p>\n\n\n\n<p><a href=\"https:\/\/patagoniambiental.com.ar\/info\/neuquen-se-une-al-global-big-day-a-registrar-aves-este-sabado\/\">Leer m\u00e1s: Neuqu\u00e9n se une al Global Big Day: \u00a1A registrar aves este s\u00e1bado!<\/a> <\/p>\n\n\n\n<figure class=\"wp-block-image size-full\"><img decoding=\"async\" width=\"576\" height=\"384\" src=\"https:\/\/patagoniambiental.com.ar\/info\/wp-content\/uploads\/2025\/05\/1000136062.webp\" alt=\"\" class=\"wp-image-94849\"\/><\/figure>\n\n\n\n<p>Neuqu\u00e9n alberga una impresionante variedad de aves, incluyendo especies end\u00e9micas como el Huet Huet casta\u00f1o y la Tenca, que solo se encuentran en las \u00c1reas Naturales Protegidas Lagunas de Epu Lauquen y El Tromen. Adem\u00e1s, la provincia cuenta con doce \u00c1reas Importantes para la Conservaci\u00f3n de Aves (AICA) y dos sitios Ramsar: los parques nacionales Laguna Blanca y Provincial Tromen.<\/p>\n\n\n\n<p>La provincia se caracteriza por una diversidad de ecosistemas que incluyen las ecorregiones Alto Andina, Monte, Estepa Patag\u00f3nica y Bosque Andino Patag\u00f3nico. Esta variedad de h\u00e1bitats proporciona condiciones ideales para una amplia gama de especies aviares, desde el majestuoso C\u00f3ndor Andino hasta el esquivo Pato de los Torrentes.<br><\/p>\n\n\n\n<p>Neuqu\u00e9n cuenta con una activa comunidad de observadores de aves, organizada en siete Clubes de Observadores de Aves <a href=\"http:\/\/www.avesargentinas.org.ar\/COA\">(COA)<\/a>: OA RAKI en Neuqu\u00e9n, COA Cauqu\u00e9n Real en San Mart\u00edn de los Andes, COA Choique en Zapala, COA Huet Huet en Villa Pehuenia, COA Tintica en Villa La Angostura, COA Chos Malal y COA Las Lajas. Estos grupos desempe\u00f1an un papel crucial en la promoci\u00f3n de la observaci\u00f3n de aves y la conservaci\u00f3n de su h\u00e1bitat.<\/p>\n\n\n\n<h3 class=\"wp-block-heading\" id=\"h-actividades-programadas\">Actividades programadas<\/h3>\n\n\n\n<p>Durante el Global Big Day, se llevar\u00e1n a cabo diversas actividades en la provincia, incluyendo salidas de observaci\u00f3n guiadas, talleres sobre el uso de la plataforma eBird y charlas educativas sobre la biodiversidad aviar de la regi\u00f3n. Estas actividades est\u00e1n dise\u00f1adas para involucrar tanto a observadores experimentados como a principiantes interesados en descubrir el mundo de las aves.<\/p>\n\n\n\n<p><a href=\"https:\/\/patagoniambiental.com.ar\/info\/invitan-a-participar-de-48-hs-de-observacion-de-aves-desafio-neuquen\/\">Leer m\u00e1s: Invitan a participar de \u201c48 hs. de Observaci\u00f3n de Aves \u2013 Desaf\u00edo Neuqu\u00e9n\u201d<\/a><br><\/p>\n\n\n\n<p>La observaci\u00f3n de aves no solo es una actividad recreativa, sino tambi\u00e9n una herramienta valiosa para la conservaci\u00f3n. Los datos recopilados durante eventos como el Global Big Day contribuyen al monitoreo de poblaciones de aves, la identificaci\u00f3n de cambios en los ecosistemas y la implementaci\u00f3n de estrategias de conservaci\u00f3n efectivas.<\/p>\n\n\n\n<p>Los interesados en participar en el Global Big Day en Neuqu\u00e9n deben prepararse adecuadamente: llevar binoculares, gu\u00edas de identificaci\u00f3n de aves, ropa adecuada para el clima y, si es posible, una c\u00e1mara para documentar sus observaciones. Es recomendable tambi\u00e9n familiarizarse con la plataforma eBird para registrar las especies avistadas.<\/p>\n\n\n\n<figure class=\"wp-block-embed is-type-video is-provider-youtube wp-block-embed-youtube wp-embed-aspect-16-9 wp-has-aspect-ratio\"><div class=\"wp-block-embed__wrapper\">\n<iframe title=\"Es hora de pajarear con el Global Big Day \u00a1\u00danete!\" width=\"500\" height=\"281\" src=\"https:\/\/www.youtube.com\/embed\/R9HCNGs2xz0?feature=oembed\" frameborder=\"0\" allow=\"accelerometer; autoplay; clipboard-write; encrypted-media; gyroscope; picture-in-picture; web-share\" referrerpolicy=\"strict-origin-when-cross-origin\" allowfullscreen><\/iframe>\n<\/div><\/figure>\n\n\n\n<h2 class=\"wp-block-heading\" id=\"h-\"><\/h2>\n\n\n\n<p>Participar en el Global Big Day es una forma de contribuir a la ciencia ciudadana, una colaboraci\u00f3n entre cient\u00edficos y el p\u00fablico general para recopilar datos valiosos sobre el medio ambiente. Cada observaci\u00f3n cuenta y ayuda a construir una imagen m\u00e1s completa de la biodiversidad global.<\/p>\n\n\n\n<p>Neuqu\u00e9n invita a todos los amantes de la naturaleza a unirse al Global Big Day 2025. Ya sea en solitario, en familia o en grupo, esta es una oportunidad para conectarse con la naturaleza, aprender sobre las aves locales y formar parte de una comunidad global comprometida con la conservaci\u00f3n.<\/p>\n\n\n\n<p>Para m\u00e1s informaci\u00f3n sobre las actividades programadas en Neuqu\u00e9n durante el Global Big Day, los interesados pueden consultar los sitios web de los parques nacionales, las redes sociales de los COA locales y la plataforma eBird. Adem\u00e1s, se recomienda revisar las gu\u00edas de aves de la regi\u00f3n para una experiencia de observaci\u00f3n m\u00e1s enriquecedora.<\/p>\n","protected":false},"excerpt":{"rendered":"","protected":false},"author":2,"featured_media":94839,"comment_status":"open","ping_status":"open","sticky":false,"template":"","format":"standard","meta":{"site-sidebar-layout":"default","site-content-layout":"","ast-site-content-layout":"default","site-content-style":"default","site-sidebar-style":"default","ast-global-header-display":"","ast-banner-title-visibility":"","ast-main-header-display":"","ast-hfb-above-header-display":"","ast-hfb-below-header-display":"","ast-hfb-mobile-header-display":"","site-post-title":"","ast-breadcrumbs-content":"","ast-featured-img":"","footer-sml-layout":"","ast-disable-related-posts":"","theme-transparent-header-meta":"","adv-header-id-meta":"","stick-header-meta":"","header-above-stick-meta":"","header-main-stick-meta":"","header-below-stick-meta":"","astra-migrate-meta-layouts":"default","ast-page-background-enabled":"default","ast-page-background-meta":{"desktop":{"background-color":"var(--ast-global-color-5)","background-image":"","background-repeat":"repeat","background-position":"center center","background-size":"auto","background-attachment":"scroll","background-type":"","background-media":"","overlay-type":"","overlay-color":"","overlay-opacity":"","overlay-gradient":""},"tablet":{"background-color":"","background-image":"","background-repeat":"repeat","background-position":"center center","background-size":"auto","background-attachment":"scroll","background-type":"","background-media":"","overlay-type":"","overlay-color":"","overlay-opacity":"","overlay-gradient":""},"mobile":{"background-color":"","background-image":"","background-repeat":"repeat","background-position":"center center","background-size":"auto","background-attachment":"scroll","background-type":"","background-media":"","overlay-type":"","overlay-color":"","overlay-opacity":"","overlay-gradient":""}},"ast-content-background-meta":{"desktop":{"background-color":"var(--ast-global-color-4)","background-image":"","background-repeat":"repeat","background-position":"center center","background-size":"auto","background-attachment":"scroll","background-type":"","background-media":"","overlay-type":"","overlay-color":"","overlay-opacity":"","overlay-gradient":""},"tablet":{"background-color":"var(--ast-global-color-4)","background-image":"","background-repeat":"repeat","background-position":"center center","background-size":"auto","background-attachment":"scroll","background-type":"","background-media":"","overlay-type":"","overlay-color":"","overlay-opacity":"","overlay-gradient":""},"mobile":{"background-color":"var(--ast-global-color-4)","background-image":"","background-repeat":"repeat","background-position":"center center","background-size":"auto","background-attachment":"scroll","background-type":"","background-media":"","overlay-type":"","overlay-color":"","overlay-opacity":"","overlay-gradient":""}},"footnotes":""},"categories":[12,18,1,13],"tags":[],"class_list":["post-94838","post","type-post","status-publish","format-standard","has-post-thumbnail","hentry","category-agenda-ambiental","category-neuquen","category-noticias","category-provinciales"],"yoast_head":"<!-- This site is optimized with the Yoast SEO Premium plugin v23.0 (Yoast SEO v27.5) - https:\/\/yoast.com\/product\/yoast-seo-premium-wordpress\/ -->\n<title>Neuqu\u00e9n se alista para el Global Big Day 2025<\/title>\n<meta name=\"description\" content=\"Neuqu\u00e9n se suma al Global Big Day, una jornada internacional dedicada a la observaci\u00f3n de aves que convoca a miles de entusiastas y expertos\" \/>\n<meta name=\"robots\" content=\"index, follow, max-snippet:-1, max-image-preview:large, max-video-preview:-1\" \/>\n<link rel=\"canonical\" href=\"https:\/\/patagoniambiental.com.ar\/info\/94838-2\/\" \/>\n<meta property=\"og:locale\" content=\"es_ES\" \/>\n<meta property=\"og:type\" content=\"article\" \/>\n<meta property=\"og:title\" content=\"Neuqu\u00e9n se alista para el Global Big Day 2025\" \/>\n<meta property=\"og:description\" content=\"Neuqu\u00e9n se suma al Global Big Day, una jornada internacional dedicada a la observaci\u00f3n de aves que convoca a miles de entusiastas y expertos\" \/>\n<meta property=\"og:url\" content=\"https:\/\/patagoniambiental.com.ar\/info\/94838-2\/\" \/>\n<meta property=\"og:site_name\" content=\"Patagonia Ambiental\" \/>\n<meta property=\"article:publisher\" content=\"https:\/\/www.facebook.com\/patagonia.ambiental\" \/>\n<meta property=\"article:author\" content=\"https:\/\/www.facebook.com\/share\/1C1V8Gv9BX\/?mibextid=qi2Omg\" \/>\n<meta property=\"article:published_time\" content=\"2025-05-09T02:58:29+00:00\" \/>\n<meta property=\"article:modified_time\" content=\"2025-05-12T16:52:03+00:00\" \/>\n<meta property=\"og:image\" content=\"https:\/\/patagoniambiental.com.ar\/info\/wp-content\/uploads\/2025\/05\/md-25.webp\" \/>\n\t<meta property=\"og:image:width\" content=\"992\" \/>\n\t<meta property=\"og:image:height\" content=\"661\" \/>\n\t<meta property=\"og:image:type\" content=\"image\/webp\" \/>\n<meta name=\"author\" content=\"Patagonia Ambiental\" \/>\n<meta name=\"twitter:card\" content=\"summary_large_image\" \/>\n<meta name=\"twitter:creator\" content=\"@PatAmb\" \/>\n<meta name=\"twitter:site\" content=\"@PatAmb\" \/>\n<script type=\"application\/ld+json\" class=\"yoast-schema-graph\">{\"@context\":\"https:\\\/\\\/schema.org\",\"@graph\":[{\"@type\":\"Article\",\"@id\":\"https:\\\/\\\/patagoniambiental.com.ar\\\/info\\\/94838-2\\\/#article\",\"isPartOf\":{\"@id\":\"https:\\\/\\\/patagoniambiental.com.ar\\\/info\\\/94838-2\\\/\"},\"author\":{\"name\":\"Patagonia Ambiental\",\"@id\":\"https:\\\/\\\/patagoniambiental.com.ar\\\/info\\\/#\\\/schema\\\/person\\\/db12bff64bbcbf6a253710bf0ea37b5d\"},\"headline\":\"Neuqu\u00e9n se alista para el Global Big Day 2025\",\"datePublished\":\"2025-05-09T02:58:29+00:00\",\"dateModified\":\"2025-05-12T16:52:03+00:00\",\"mainEntityOfPage\":{\"@id\":\"https:\\\/\\\/patagoniambiental.com.ar\\\/info\\\/94838-2\\\/\"},\"wordCount\":748,\"commentCount\":0,\"publisher\":{\"@id\":\"https:\\\/\\\/patagoniambiental.com.ar\\\/info\\\/#organization\"},\"image\":{\"@id\":\"https:\\\/\\\/patagoniambiental.com.ar\\\/info\\\/94838-2\\\/#primaryimage\"},\"thumbnailUrl\":\"https:\\\/\\\/patagoniambiental.com.ar\\\/info\\\/wp-content\\\/uploads\\\/2025\\\/05\\\/md-25.webp\",\"articleSection\":[\"Agenda Ambiental\",\"Neuqu\u00e9n\",\"Noticias\",\"Provinciales\"],\"inLanguage\":\"es\",\"potentialAction\":[{\"@type\":\"CommentAction\",\"name\":\"Comment\",\"target\":[\"https:\\\/\\\/patagoniambiental.com.ar\\\/info\\\/94838-2\\\/#respond\"]}]},{\"@type\":\"WebPage\",\"@id\":\"https:\\\/\\\/patagoniambiental.com.ar\\\/info\\\/94838-2\\\/\",\"url\":\"https:\\\/\\\/patagoniambiental.com.ar\\\/info\\\/94838-2\\\/\",\"name\":\"Neuqu\u00e9n se alista para el Global Big Day 2025\",\"isPartOf\":{\"@id\":\"https:\\\/\\\/patagoniambiental.com.ar\\\/info\\\/#website\"},\"primaryImageOfPage\":{\"@id\":\"https:\\\/\\\/patagoniambiental.com.ar\\\/info\\\/94838-2\\\/#primaryimage\"},\"image\":{\"@id\":\"https:\\\/\\\/patagoniambiental.com.ar\\\/info\\\/94838-2\\\/#primaryimage\"},\"thumbnailUrl\":\"https:\\\/\\\/patagoniambiental.com.ar\\\/info\\\/wp-content\\\/uploads\\\/2025\\\/05\\\/md-25.webp\",\"datePublished\":\"2025-05-09T02:58:29+00:00\",\"dateModified\":\"2025-05-12T16:52:03+00:00\",\"description\":\"Neuqu\u00e9n se suma al Global Big Day, una jornada internacional dedicada a la observaci\u00f3n de aves que convoca a miles de entusiastas y expertos\",\"breadcrumb\":{\"@id\":\"https:\\\/\\\/patagoniambiental.com.ar\\\/info\\\/94838-2\\\/#breadcrumb\"},\"inLanguage\":\"es\",\"potentialAction\":[{\"@type\":\"ReadAction\",\"target\":[\"https:\\\/\\\/patagoniambiental.com.ar\\\/info\\\/94838-2\\\/\"]}]},{\"@type\":\"ImageObject\",\"inLanguage\":\"es\",\"@id\":\"https:\\\/\\\/patagoniambiental.com.ar\\\/info\\\/94838-2\\\/#primaryimage\",\"url\":\"https:\\\/\\\/patagoniambiental.com.ar\\\/info\\\/wp-content\\\/uploads\\\/2025\\\/05\\\/md-25.webp\",\"contentUrl\":\"https:\\\/\\\/patagoniambiental.com.ar\\\/info\\\/wp-content\\\/uploads\\\/2025\\\/05\\\/md-25.webp\",\"width\":992,\"height\":661,\"caption\":\"Neuqu\u00e9n se alista para el Global Big Day 2025\"},{\"@type\":\"BreadcrumbList\",\"@id\":\"https:\\\/\\\/patagoniambiental.com.ar\\\/info\\\/94838-2\\\/#breadcrumb\",\"itemListElement\":[{\"@type\":\"ListItem\",\"position\":1,\"name\":\"Inicio\",\"item\":\"https:\\\/\\\/patagoniambiental.com.ar\\\/info\\\/\"},{\"@type\":\"ListItem\",\"position\":2,\"name\":\"Neuqu\u00e9n se alista para el Global Big Day 2025\"}]},{\"@type\":\"WebSite\",\"@id\":\"https:\\\/\\\/patagoniambiental.com.ar\\\/info\\\/#website\",\"url\":\"https:\\\/\\\/patagoniambiental.com.ar\\\/info\\\/\",\"name\":\"Patagonia Ambiental\",\"description\":\"Monitoreo y an\u00e1lisis de la situaci\u00f3n geopol\u00edtica en el mundo y su implicancia en la Patagonia\",\"publisher\":{\"@id\":\"https:\\\/\\\/patagoniambiental.com.ar\\\/info\\\/#organization\"},\"potentialAction\":[{\"@type\":\"SearchAction\",\"target\":{\"@type\":\"EntryPoint\",\"urlTemplate\":\"https:\\\/\\\/patagoniambiental.com.ar\\\/info\\\/?s={search_term_string}\"},\"query-input\":{\"@type\":\"PropertyValueSpecification\",\"valueRequired\":true,\"valueName\":\"search_term_string\"}}],\"inLanguage\":\"es\"},{\"@type\":\"Organization\",\"@id\":\"https:\\\/\\\/patagoniambiental.com.ar\\\/info\\\/#organization\",\"name\":\"Patagonia Ambiental\",\"url\":\"https:\\\/\\\/patagoniambiental.com.ar\\\/info\\\/\",\"logo\":{\"@type\":\"ImageObject\",\"inLanguage\":\"es\",\"@id\":\"https:\\\/\\\/patagoniambiental.com.ar\\\/info\\\/#\\\/schema\\\/logo\\\/image\\\/\",\"url\":\"https:\\\/\\\/patagoniambiental.com.ar\\\/info\\\/wp-content\\\/uploads\\\/2025\\\/05\\\/LOGO-PATAGONIA-AMBIENTAL.png\",\"contentUrl\":\"https:\\\/\\\/patagoniambiental.com.ar\\\/info\\\/wp-content\\\/uploads\\\/2025\\\/05\\\/LOGO-PATAGONIA-AMBIENTAL.png\",\"width\":433,\"height\":250,\"caption\":\"Patagonia Ambiental\"},\"image\":{\"@id\":\"https:\\\/\\\/patagoniambiental.com.ar\\\/info\\\/#\\\/schema\\\/logo\\\/image\\\/\"},\"sameAs\":[\"https:\\\/\\\/www.facebook.com\\\/patagonia.ambiental\",\"https:\\\/\\\/x.com\\\/PatAmb\"]},{\"@type\":\"Person\",\"@id\":\"https:\\\/\\\/patagoniambiental.com.ar\\\/info\\\/#\\\/schema\\\/person\\\/db12bff64bbcbf6a253710bf0ea37b5d\",\"name\":\"Patagonia Ambiental\",\"description\":\"Andr\u00e9s Nievas T\u00e9cnico en manejo ambiental, consultor Ambiental y escritor para medios locales e internacionales sobre temas de geopolitica y medio ambiente.\",\"sameAs\":[\"http:\\\/\\\/www.patagoniambiental.com.ar\",\"https:\\\/\\\/www.facebook.com\\\/share\\\/1C1V8Gv9BX\\\/?mibextid=qi2Omg\",\"@patagoniambiental\",\"https:\\\/\\\/youtube.com\\\/@patagoniaambiental2023?si=BLt58t0wuXquxlYZ\"]}]}<\/script>\n<!-- \/ Yoast SEO Premium plugin. -->","yoast_head_json":{"title":"Neuqu\u00e9n se alista para el Global Big Day 2025","description":"Neuqu\u00e9n se suma al Global Big Day, una jornada internacional dedicada a la observaci\u00f3n de aves que convoca a miles de entusiastas y expertos","robots":{"index":"index","follow":"follow","max-snippet":"max-snippet:-1","max-image-preview":"max-image-preview:large","max-video-preview":"max-video-preview:-1"},"canonical":"https:\/\/patagoniambiental.com.ar\/info\/94838-2\/","og_locale":"es_ES","og_type":"article","og_title":"Neuqu\u00e9n se alista para el Global Big Day 2025","og_description":"Neuqu\u00e9n se suma al Global Big Day, una jornada internacional dedicada a la observaci\u00f3n de aves que convoca a miles de entusiastas y expertos","og_url":"https:\/\/patagoniambiental.com.ar\/info\/94838-2\/","og_site_name":"Patagonia Ambiental","article_publisher":"https:\/\/www.facebook.com\/patagonia.ambiental","article_author":"https:\/\/www.facebook.com\/share\/1C1V8Gv9BX\/?mibextid=qi2Omg","article_published_time":"2025-05-09T02:58:29+00:00","article_modified_time":"2025-05-12T16:52:03+00:00","og_image":[{"width":992,"height":661,"url":"https:\/\/patagoniambiental.com.ar\/info\/wp-content\/uploads\/2025\/05\/md-25.webp","type":"image\/webp"}],"author":"Patagonia Ambiental","twitter_card":"summary_large_image","twitter_creator":"@PatAmb","twitter_site":"@PatAmb","schema":{"@context":"https:\/\/schema.org","@graph":[{"@type":"Article","@id":"https:\/\/patagoniambiental.com.ar\/info\/94838-2\/#article","isPartOf":{"@id":"https:\/\/patagoniambiental.com.ar\/info\/94838-2\/"},"author":{"name":"Patagonia Ambiental","@id":"https:\/\/patagoniambiental.com.ar\/info\/#\/schema\/person\/db12bff64bbcbf6a253710bf0ea37b5d"},"headline":"Neuqu\u00e9n se alista para el Global Big Day 2025","datePublished":"2025-05-09T02:58:29+00:00","dateModified":"2025-05-12T16:52:03+00:00","mainEntityOfPage":{"@id":"https:\/\/patagoniambiental.com.ar\/info\/94838-2\/"},"wordCount":748,"commentCount":0,"publisher":{"@id":"https:\/\/patagoniambiental.com.ar\/info\/#organization"},"image":{"@id":"https:\/\/patagoniambiental.com.ar\/info\/94838-2\/#primaryimage"},"thumbnailUrl":"https:\/\/patagoniambiental.com.ar\/info\/wp-content\/uploads\/2025\/05\/md-25.webp","articleSection":["Agenda Ambiental","Neuqu\u00e9n","Noticias","Provinciales"],"inLanguage":"es","potentialAction":[{"@type":"CommentAction","name":"Comment","target":["https:\/\/patagoniambiental.com.ar\/info\/94838-2\/#respond"]}]},{"@type":"WebPage","@id":"https:\/\/patagoniambiental.com.ar\/info\/94838-2\/","url":"https:\/\/patagoniambiental.com.ar\/info\/94838-2\/","name":"Neuqu\u00e9n se alista para el Global Big Day 2025","isPartOf":{"@id":"https:\/\/patagoniambiental.com.ar\/info\/#website"},"primaryImageOfPage":{"@id":"https:\/\/patagoniambiental.com.ar\/info\/94838-2\/#primaryimage"},"image":{"@id":"https:\/\/patagoniambiental.com.ar\/info\/94838-2\/#primaryimage"},"thumbnailUrl":"https:\/\/patagoniambiental.com.ar\/info\/wp-content\/uploads\/2025\/05\/md-25.webp","datePublished":"2025-05-09T02:58:29+00:00","dateModified":"2025-05-12T16:52:03+00:00","description":"Neuqu\u00e9n se suma al Global Big Day, una jornada internacional dedicada a la observaci\u00f3n de aves que convoca a miles de entusiastas y expertos","breadcrumb":{"@id":"https:\/\/patagoniambiental.com.ar\/info\/94838-2\/#breadcrumb"},"inLanguage":"es","potentialAction":[{"@type":"ReadAction","target":["https:\/\/patagoniambiental.com.ar\/info\/94838-2\/"]}]},{"@type":"ImageObject","inLanguage":"es","@id":"https:\/\/patagoniambiental.com.ar\/info\/94838-2\/#primaryimage","url":"https:\/\/patagoniambiental.com.ar\/info\/wp-content\/uploads\/2025\/05\/md-25.webp","contentUrl":"https:\/\/patagoniambiental.com.ar\/info\/wp-content\/uploads\/2025\/05\/md-25.webp","width":992,"height":661,"caption":"Neuqu\u00e9n se alista para el Global Big Day 2025"},{"@type":"BreadcrumbList","@id":"https:\/\/patagoniambiental.com.ar\/info\/94838-2\/#breadcrumb","itemListElement":[{"@type":"ListItem","position":1,"name":"Inicio","item":"https:\/\/patagoniambiental.com.ar\/info\/"},{"@type":"ListItem","position":2,"name":"Neuqu\u00e9n se alista para el Global Big Day 2025"}]},{"@type":"WebSite","@id":"https:\/\/patagoniambiental.com.ar\/info\/#website","url":"https:\/\/patagoniambiental.com.ar\/info\/","name":"Patagonia Ambiental","description":"Monitoreo y an\u00e1lisis de la situaci\u00f3n geopol\u00edtica en el mundo y su implicancia en la Patagonia","publisher":{"@id":"https:\/\/patagoniambiental.com.ar\/info\/#organization"},"potentialAction":[{"@type":"SearchAction","target":{"@type":"EntryPoint","urlTemplate":"https:\/\/patagoniambiental.com.ar\/info\/?s={search_term_string}"},"query-input":{"@type":"PropertyValueSpecification","valueRequired":true,"valueName":"search_term_string"}}],"inLanguage":"es"},{"@type":"Organization","@id":"https:\/\/patagoniambiental.com.ar\/info\/#organization","name":"Patagonia Ambiental","url":"https:\/\/patagoniambiental.com.ar\/info\/","logo":{"@type":"ImageObject","inLanguage":"es","@id":"https:\/\/patagoniambiental.com.ar\/info\/#\/schema\/logo\/image\/","url":"https:\/\/patagoniambiental.com.ar\/info\/wp-content\/uploads\/2025\/05\/LOGO-PATAGONIA-AMBIENTAL.png","contentUrl":"https:\/\/patagoniambiental.com.ar\/info\/wp-content\/uploads\/2025\/05\/LOGO-PATAGONIA-AMBIENTAL.png","width":433,"height":250,"caption":"Patagonia Ambiental"},"image":{"@id":"https:\/\/patagoniambiental.com.ar\/info\/#\/schema\/logo\/image\/"},"sameAs":["https:\/\/www.facebook.com\/patagonia.ambiental","https:\/\/x.com\/PatAmb"]},{"@type":"Person","@id":"https:\/\/patagoniambiental.com.ar\/info\/#\/schema\/person\/db12bff64bbcbf6a253710bf0ea37b5d","name":"Patagonia Ambiental","description":"Andr\u00e9s Nievas T\u00e9cnico en manejo ambiental, consultor Ambiental y escritor para medios locales e internacionales sobre temas de geopolitica y medio ambiente.","sameAs":["http:\/\/www.patagoniambiental.com.ar","https:\/\/www.facebook.com\/share\/1C1V8Gv9BX\/?mibextid=qi2Omg","@patagoniambiental","https:\/\/youtube.com\/@patagoniaambiental2023?si=BLt58t0wuXquxlYZ"]}]}},"_links":{"self":[{"href":"https:\/\/patagoniambiental.com.ar\/info\/wp-json\/wp\/v2\/posts\/94838","targetHints":{"allow":["GET"]}}],"collection":[{"href":"https:\/\/patagoniambiental.com.ar\/info\/wp-json\/wp\/v2\/posts"}],"about":[{"href":"https:\/\/patagoniambiental.com.ar\/info\/wp-json\/wp\/v2\/types\/post"}],"author":[{"embeddable":true,"href":"https:\/\/patagoniambiental.com.ar\/info\/wp-json\/wp\/v2\/users\/2"}],"replies":[{"embeddable":true,"href":"https:\/\/patagoniambiental.com.ar\/info\/wp-json\/wp\/v2\/comments?post=94838"}],"version-history":[{"count":0,"href":"https:\/\/patagoniambiental.com.ar\/info\/wp-json\/wp\/v2\/posts\/94838\/revisions"}],"wp:featuredmedia":[{"embeddable":true,"href":"https:\/\/patagoniambiental.com.ar\/info\/wp-json\/wp\/v2\/media\/94839"}],"wp:attachment":[{"href":"https:\/\/patagoniambiental.com.ar\/info\/wp-json\/wp\/v2\/media?parent=94838"}],"wp:term":[{"taxonomy":"category","embeddable":true,"href":"https:\/\/patagoniambiental.com.ar\/info\/wp-json\/wp\/v2\/categories?post=94838"},{"taxonomy":"post_tag","embeddable":true,"href":"https:\/\/patagoniambiental.com.ar\/info\/wp-json\/wp\/v2\/tags?post=94838"}],"curies":[{"name":"wp","href":"https:\/\/api.w.org\/{rel}","templated":true}]}}