{"id":95449,"date":"2025-05-22T10:40:04","date_gmt":"2025-05-22T13:40:04","guid":{"rendered":"https:\/\/patagoniambiental.com.ar\/info\/?p=95449"},"modified":"2025-08-22T14:07:55","modified_gmt":"2025-08-22T17:07:55","slug":"biodiversidad-y-ecosistemas-en-rio-negro","status":"publish","type":"post","link":"https:\/\/patagoniambiental.com.ar\/info\/biodiversidad-y-ecosistemas-en-rio-negro\/","title":{"rendered":"Ecosistemas en R\u00edo Negro: acciones en el D\u00eda Internacional de la Biodiversidad"},"content":{"rendered":"\n<!--more-->\n\n\n\n<p>Viedma, Rio Negro, 22 de mayo de 2025. Cada 22 de mayo, el mundo conmemora el D\u00eda Internacional de la Diversidad Biol\u00f3gica, una efem\u00e9ride proclamada por las Naciones Unidas para fomentar la comprensi\u00f3n y concienciaci\u00f3n sobre los desaf\u00edos urgentes relacionados con la conservaci\u00f3n de la vida en la Tierra. En 2025, bajo el lema \u201cS\u00e9 parte del Plan\u201d, el foco est\u00e1 puesto en el nuevo Marco Mundial de la Biodiversidad adoptado en la COP15 y en c\u00f3mo los distintos pa\u00edses, provincias y ciudadanos pueden contribuir a su cumplimiento.<\/p>\n\n\n\n<p>En este marco, la provincia de R\u00edo Negro se destaca con acciones concretas y estrat\u00e9gicas para proteger sus diversos ecosistemas, promover la sostenibilidad ambiental y poner en valor su riqueza biol\u00f3gica. Esta nota repasa los esfuerzos rionegrinos y propone una lectura m\u00e1s profunda sobre el valor de conservar la biodiversidad como base del bienestar humano.<\/p>\n\n\n\n<h2 class=\"wp-block-heading\" id=\"h-rio-negro-una-provincia-con-una-biodiversidad-unica-en-el-pais\">R\u00edo Negro: una provincia con una biodiversidad \u00fanica en el pa\u00eds<\/h2>\n\n\n\n<p>La provincia de R\u00edo Negro es una de las m\u00e1s diversas en t\u00e9rminos ecol\u00f3gicos de la Argentina. Su territorio abarca desde la cordillera de los Andes hasta el Atl\u00e1ntico sur, pasando por valles, estepas, humedales, zonas costeras y mesetas \u00e1ridas, cada una con especies animales y vegetales adaptadas a sus caracter\u00edsticas \u00fanicas.<\/p>\n\n\n\n<p>Entre sus especies emblem\u00e1ticas se encuentra la ranita del Valcheta (Pleurodema somuncurense), una especie end\u00e9mica que habita solamente en un reducido sector de la Meseta de Somuncur\u00e1, un sitio reconocido internacionalmente por su alto valor biol\u00f3gico. Preservar este tipo de h\u00e1bitats no es solo una responsabilidad ambiental, sino tambi\u00e9n un compromiso \u00e9tico y estrat\u00e9gico frente a los efectos del cambio clim\u00e1tico.<\/p>\n\n\n\n<h2 class=\"wp-block-heading\" id=\"h-alianza-con-la-estrategia-nacional-de-biodiversidad-y-plan-de-accion-2025-2030\">Alianza con la Estrategia Nacional de Biodiversidad y Plan de Acci\u00f3n 2025-2030<\/h2>\n\n\n\n<p>En sinton\u00eda con los compromisos asumidos por la Argentina ante la comunidad internacional, R\u00edo Negro trabaja en la implementaci\u00f3n de la Estrategia Nacional de Biodiversidad 2025-2030, presentada recientemente durante la 16\u00b0 Conferencia de las Partes del Convenio sobre la Diversidad Biol\u00f3gica (COP16).<\/p>\n\n\n\n<p>Esta estrategia incluye 22 metas nacionales y l\u00edneas de acci\u00f3n para conservar, restaurar y promover el uso sostenible de la biodiversidad. Las metas fueron elaboradas de forma participativa con organismos del Estado, universidades, organizaciones sociales y el sector productivo, a trav\u00e9s de la Comisi\u00f3n Nacional Asesora para la Conservaci\u00f3n y Utilizaci\u00f3n Sostenible de la Diversidad Biol\u00f3gica (CONADIBIO).<\/p>\n\n\n\n<h2 class=\"wp-block-heading\" id=\"h-acciones-locales-desde-el-atlantico-hasta-la-meseta\">Acciones locales: desde el Atl\u00e1ntico hasta la meseta<\/h2>\n\n\n\n<p>En la \u00faltima Asamblea del Consejo Federal de Medio Ambiente <a href=\"http:\/\/www.argentina.gob.ar\/interior\/ambiente\/cofema\">(COFEMA)<\/a>, R\u00edo Negro expuso sus avances en el marco de la Estrategia Federal de Manejo Costero Integrado, destacando la necesidad de preservar los ecosistemas marino-costeros y su biodiversidad \u00fanica, que incluyen delfines, aves migratorias, invertebrados y algas end\u00e9micas.<\/p>\n\n\n\n<p>La provincia tambi\u00e9n impulsa el reconocimiento y gesti\u00f3n de Otras Medidas Efectivas de Conservaci\u00f3n (OMEC), una herramienta innovadora que permite proteger espacios con alto valor ecol\u00f3gico sin necesidad de que sean declarados formalmente como \u00e1reas naturales protegidas. Esto permite la conservaci\u00f3n activa en territorios productivos o de uso m\u00faltiple, como estancias o tierras comunitarias.<\/p>\n\n\n\n<h2 class=\"wp-block-heading\" id=\"h-reforestacion-y-restauracion-del-suelo-en-la-linea-sur\">Reforestaci\u00f3n y restauraci\u00f3n del suelo en la L\u00ednea Sur<\/h2>\n\n\n\n<p>En localidades como Comallo y Laguna Blanca, se desarrollan acciones de restauraci\u00f3n de suelos mediante la plantaci\u00f3n de bosquetes le\u00f1eros con hidrogel, una t\u00e9cnica que mejora la capacidad de retenci\u00f3n de humedad del suelo, beneficiando a la vegetaci\u00f3n nativa, a la fauna y a la poblaci\u00f3n rural.<\/p>\n\n\n\n<p>Estas medidas no solo apuntan a revertir procesos de desertificaci\u00f3n, sino tambi\u00e9n a promover pr\u00e1cticas sustentables que integren la producci\u00f3n local con la conservaci\u00f3n del ambiente.<\/p>\n\n\n\n<p>La educaci\u00f3n ambiental es otro pilar fundamental para lograr una sociedad comprometida con la biodiversidad. En R\u00edo Negro, se implementan programas educativos en todos los niveles, con actividades que incluyen salidas a la naturaleza, observaci\u00f3n de aves, compostaje, campa\u00f1as de limpieza y charlas sobre flora y fauna local.<\/p>\n\n\n\n<p>Un ejemplo destacado es el proyecto de la Universidad Nacional del Comahue (<a href=\"http:\/\/uncoma.edu.ar\">UNCo<\/a>) titulado \u201cPuesta en Valor de los Ecosistemas Acu\u00e1ticos del Valle Inferior del R\u00edo Negro\u201d, que involucra a estudiantes y docentes en tareas de concientizaci\u00f3n, restauraci\u00f3n y monitoreo de humedales.<\/p>\n\n\n\n<p>Estos ecosistemas, muchas veces invisibilizados, cumplen funciones vitales como la regulaci\u00f3n del ciclo del agua, la depuraci\u00f3n natural, el control de inundaciones y la provisi\u00f3n de h\u00e1bitat para cientos de especies. Adem\u00e1s, son fundamentales para mitigar los efectos del cambio clim\u00e1tico.<\/p>\n\n\n\n<figure class=\"wp-block-image size-full\"><img fetchpriority=\"high\" decoding=\"async\" width=\"1080\" height=\"607\" src=\"https:\/\/patagoniambiental.com.ar\/info\/wp-content\/uploads\/2025\/05\/1000138335.jpg\" alt=\"Lobo marino - Ecosistemas en R\u00edo Negro\" class=\"wp-image-95452\"\/><\/figure>\n\n\n\n<p>Foto: Credito: Gobierno de Rio Negro, Lobo Marino en el Area Natural Protegida Punta Bermeja<\/p>\n\n\n\n<h2 class=\"wp-block-heading\" id=\"h-amenazas-a-la-biodiversidad-desafios-para-la-gestion-publica\">Amenazas a la biodiversidad: desaf\u00edos para la gesti\u00f3n p\u00fablica<\/h2>\n\n\n\n<p>A pesar de los esfuerzos, los ecosistemas rionegrinos enfrentan m\u00faltiples amenazas, entre ellas:<\/p>\n\n\n\n<ul class=\"wp-block-list\">\n<li>La expansi\u00f3n urbana sin planificaci\u00f3n<\/li>\n\n\n\n<li>El avance de especies ex\u00f3ticas invasoras<\/li>\n\n\n\n<li>La contaminaci\u00f3n de cuerpos de agua<\/li>\n\n\n\n<li>La sobreexplotaci\u00f3n de recursos<\/li>\n\n\n\n<li>El cambio clim\u00e1tico y la desertificaci\u00f3n<\/li>\n<\/ul>\n\n\n\n<p>Para hacer frente a estos desaf\u00edos, se necesita una gesti\u00f3n ambiental s\u00f3lida, coordinada y respaldada cient\u00edficamente. En este sentido, el trabajo conjunto entre la Secretar\u00eda de Ambiente y Cambio Clim\u00e1tico, los municipios, las ONGs y la ciudadan\u00eda resulta fundamental.<\/p>\n\n\n\n<p>La titular de la Secretar\u00eda de Ambiente y Cambio Clim\u00e1tico de R\u00edo Negro, <strong>Judith Jim\u00e9nez,<\/strong> expres\u00f3:<\/p>\n\n\n\n<blockquote class=\"wp-block-quote is-layout-flow wp-block-quote-is-layout-flow\">\n<p><strong><em>\u00abR\u00edo Negro avanza hacia un modelo de desarrollo sustentable e inclusivo, que respeta los recursos naturales y piensa en las futuras generaciones. No podemos hablar de crecimiento si no garantizamos la salud de nuestros ecosistemas\u201d.<\/em><\/strong><\/p>\n<\/blockquote>\n\n\n\n<p>Esta declaraci\u00f3n sintetiza el esp\u00edritu de las pol\u00edticas p\u00fablicas actuales, que ya no conciben al ambiente como un obst\u00e1culo para el desarrollo, sino como su base esencial.<\/p>\n\n\n\n<h2 class=\"wp-block-heading\" id=\"h-turismo-sustentable-y-consumo-responsable\">Turismo sustentable y consumo responsable<\/h2>\n\n\n\n<p>La biodiversidad no solo es patrimonio natural, tambi\u00e9n es fuente de identidad, cultura y oportunidades econ\u00f3micas. En R\u00edo Negro, se promueve el turismo de naturaleza en \u00e1reas protegidas como el Parque Nacional Nahuel Huapi, la Meseta de Somuncur\u00e1, la Bah\u00eda San Antonio o el Camino de la Costa, incentivando un turismo de bajo impacto que fortalezca las econom\u00edas regionales.<\/p>\n\n\n\n<p>Al mismo tiempo, se fomenta el consumo responsable de productos locales, una pr\u00e1ctica que reduce la huella de carbono y fortalece los circuitos econ\u00f3micos comunitarios.<\/p>\n\n\n\n<p>La participaci\u00f3n de los pueblos originarios en la gesti\u00f3n ambiental es clave. Muchas comunidades mapuches en R\u00edo Negro practican formas de uso del territorio que integran conocimientos ancestrales con criterios de sustentabilidad.<\/p>\n\n\n\n<p>Programas provinciales de fortalecimiento institucional apuntan a respetar esta cosmovisi\u00f3n y articularla con el dise\u00f1o de pol\u00edticas p\u00fablicas para el cuidado de los ecosistemas.<\/p>\n\n\n\n<p><a href=\"https:\/\/patagoniambiental.com.ar\/info\/la-boveda-del-fin-del-mundo-biodiversidad-seguridad-alimentaria-y-el-rol-de-argentina-en-la-conservacion-global\/\">Leer m\u00e1s: B\u00f3veda del Fin del Mundo y el rol de Argentina en la biodiversidad<\/a><\/p>\n\n\n\n<p>El D\u00eda Internacional de la Diversidad Biol\u00f3gica no debe ser solo una jornada simb\u00f3lica, sino una oportunidad para evaluar, profundizar y comunicar los esfuerzos que se realizan durante todo el a\u00f1o. R\u00edo Negro ha demostrado avances significativos en pol\u00edticas ambientales, pero el desaf\u00edo contin\u00faa.<\/p>\n\n\n\n<p>Preservar la biodiversidad no es una elecci\u00f3n: es una condici\u00f3n para la vida. Cada bosque, cada ave, cada insecto que conservamos, fortalece nuestro sistema natural frente a las crisis globales. Y cada persona que se informa y participa, aporta un ladrillo en la construcci\u00f3n de un futuro m\u00e1s justo y equilibrado.<\/p>\n\n\n\n<p><\/p>\n","protected":false},"excerpt":{"rendered":"","protected":false},"author":2,"featured_media":95488,"comment_status":"open","ping_status":"open","sticky":false,"template":"","format":"standard","meta":{"site-sidebar-layout":"default","site-content-layout":"","ast-site-content-layout":"default","site-content-style":"default","site-sidebar-style":"default","ast-global-header-display":"","ast-banner-title-visibility":"","ast-main-header-display":"","ast-hfb-above-header-display":"","ast-hfb-below-header-display":"","ast-hfb-mobile-header-display":"","site-post-title":"","ast-breadcrumbs-content":"","ast-featured-img":"","footer-sml-layout":"","ast-disable-related-posts":"","theme-transparent-header-meta":"","adv-header-id-meta":"","stick-header-meta":"","header-above-stick-meta":"","header-main-stick-meta":"","header-below-stick-meta":"","astra-migrate-meta-layouts":"default","ast-page-background-enabled":"default","ast-page-background-meta":{"desktop":{"background-color":"var(--ast-global-color-5)","background-image":"","background-repeat":"repeat","background-position":"center center","background-size":"auto","background-attachment":"scroll","background-type":"","background-media":"","overlay-type":"","overlay-color":"","overlay-opacity":"","overlay-gradient":""},"tablet":{"background-color":"","background-image":"","background-repeat":"repeat","background-position":"center center","background-size":"auto","background-attachment":"scroll","background-type":"","background-media":"","overlay-type":"","overlay-color":"","overlay-opacity":"","overlay-gradient":""},"mobile":{"background-color":"","background-image":"","background-repeat":"repeat","background-position":"center center","background-size":"auto","background-attachment":"scroll","background-type":"","background-media":"","overlay-type":"","overlay-color":"","overlay-opacity":"","overlay-gradient":""}},"ast-content-background-meta":{"desktop":{"background-color":"var(--ast-global-color-4)","background-image":"","background-repeat":"repeat","background-position":"center center","background-size":"auto","background-attachment":"scroll","background-type":"","background-media":"","overlay-type":"","overlay-color":"","overlay-opacity":"","overlay-gradient":""},"tablet":{"background-color":"var(--ast-global-color-4)","background-image":"","background-repeat":"repeat","background-position":"center center","background-size":"auto","background-attachment":"scroll","background-type":"","background-media":"","overlay-type":"","overlay-color":"","overlay-opacity":"","overlay-gradient":""},"mobile":{"background-color":"var(--ast-global-color-4)","background-image":"","background-repeat":"repeat","background-position":"center center","background-size":"auto","background-attachment":"scroll","background-type":"","background-media":"","overlay-type":"","overlay-color":"","overlay-opacity":"","overlay-gradient":""}},"footnotes":""},"categories":[12,3448,1],"tags":[],"class_list":["post-95449","post","type-post","status-publish","format-standard","has-post-thumbnail","hentry","category-agenda-ambiental","category-biodiversidad","category-noticias"],"yoast_head":"<!-- This site is optimized with the Yoast SEO Premium plugin v23.0 (Yoast SEO v27.5) - https:\/\/yoast.com\/product\/yoast-seo-premium-wordpress\/ -->\n<title>Ecosistemas en R\u00edo Negro - Patagonia Ambiental<\/title>\n<meta name=\"description\" content=\"Cada 22 de mayo, el mundo conmemora el D\u00eda Internacional de la Diversidad Biol\u00f3gica, una efem\u00e9ride proclamada por las Naciones Unidas\" \/>\n<meta name=\"robots\" content=\"index, follow, max-snippet:-1, max-image-preview:large, max-video-preview:-1\" \/>\n<link rel=\"canonical\" href=\"https:\/\/patagoniambiental.com.ar\/info\/biodiversidad-y-ecosistemas-en-rio-negro\/\" \/>\n<meta property=\"og:locale\" content=\"es_ES\" \/>\n<meta property=\"og:type\" content=\"article\" \/>\n<meta property=\"og:title\" content=\"Ecosistemas en R\u00edo Negro: acciones en el D\u00eda Internacional de la Biodiversidad\" \/>\n<meta property=\"og:description\" content=\"Cada 22 de mayo, el mundo conmemora el D\u00eda Internacional de la Diversidad Biol\u00f3gica, una efem\u00e9ride proclamada por las Naciones Unidas\" \/>\n<meta property=\"og:url\" content=\"https:\/\/patagoniambiental.com.ar\/info\/biodiversidad-y-ecosistemas-en-rio-negro\/\" \/>\n<meta property=\"og:site_name\" content=\"Patagonia Ambiental\" \/>\n<meta property=\"article:publisher\" content=\"https:\/\/www.facebook.com\/patagonia.ambiental\" \/>\n<meta property=\"article:author\" content=\"https:\/\/www.facebook.com\/share\/1C1V8Gv9BX\/?mibextid=qi2Omg\" \/>\n<meta property=\"article:published_time\" content=\"2025-05-22T13:40:04+00:00\" \/>\n<meta property=\"article:modified_time\" content=\"2025-08-22T17:07:55+00:00\" \/>\n<meta property=\"og:image\" content=\"https:\/\/patagoniambiental.com.ar\/info\/wp-content\/uploads\/2025\/05\/ecosistema-rio-negro.jpg\" \/>\n\t<meta property=\"og:image:width\" content=\"817\" \/>\n\t<meta property=\"og:image:height\" content=\"700\" \/>\n\t<meta property=\"og:image:type\" content=\"image\/jpeg\" \/>\n<meta name=\"author\" content=\"Patagonia Ambiental\" \/>\n<meta name=\"twitter:card\" content=\"summary_large_image\" \/>\n<meta name=\"twitter:creator\" content=\"@PatAmb\" \/>\n<meta name=\"twitter:site\" content=\"@PatAmb\" \/>\n<script type=\"application\/ld+json\" class=\"yoast-schema-graph\">{\"@context\":\"https:\\\/\\\/schema.org\",\"@graph\":[{\"@type\":\"Article\",\"@id\":\"https:\\\/\\\/patagoniambiental.com.ar\\\/info\\\/biodiversidad-y-ecosistemas-en-rio-negro\\\/#article\",\"isPartOf\":{\"@id\":\"https:\\\/\\\/patagoniambiental.com.ar\\\/info\\\/biodiversidad-y-ecosistemas-en-rio-negro\\\/\"},\"author\":{\"name\":\"Patagonia Ambiental\",\"@id\":\"https:\\\/\\\/patagoniambiental.com.ar\\\/info\\\/#\\\/schema\\\/person\\\/db12bff64bbcbf6a253710bf0ea37b5d\"},\"headline\":\"Ecosistemas en R\u00edo Negro: acciones en el D\u00eda Internacional de la Biodiversidad\",\"datePublished\":\"2025-05-22T13:40:04+00:00\",\"dateModified\":\"2025-08-22T17:07:55+00:00\",\"mainEntityOfPage\":{\"@id\":\"https:\\\/\\\/patagoniambiental.com.ar\\\/info\\\/biodiversidad-y-ecosistemas-en-rio-negro\\\/\"},\"wordCount\":1279,\"commentCount\":0,\"publisher\":{\"@id\":\"https:\\\/\\\/patagoniambiental.com.ar\\\/info\\\/#organization\"},\"image\":{\"@id\":\"https:\\\/\\\/patagoniambiental.com.ar\\\/info\\\/biodiversidad-y-ecosistemas-en-rio-negro\\\/#primaryimage\"},\"thumbnailUrl\":\"https:\\\/\\\/patagoniambiental.com.ar\\\/info\\\/wp-content\\\/uploads\\\/2025\\\/05\\\/ecosistema-rio-negro.jpg\",\"articleSection\":[\"Agenda Ambiental\",\"Biodiversidad\",\"Noticias\"],\"inLanguage\":\"es\",\"potentialAction\":[{\"@type\":\"CommentAction\",\"name\":\"Comment\",\"target\":[\"https:\\\/\\\/patagoniambiental.com.ar\\\/info\\\/biodiversidad-y-ecosistemas-en-rio-negro\\\/#respond\"]}]},{\"@type\":\"WebPage\",\"@id\":\"https:\\\/\\\/patagoniambiental.com.ar\\\/info\\\/biodiversidad-y-ecosistemas-en-rio-negro\\\/\",\"url\":\"https:\\\/\\\/patagoniambiental.com.ar\\\/info\\\/biodiversidad-y-ecosistemas-en-rio-negro\\\/\",\"name\":\"Ecosistemas en R\u00edo Negro - Patagonia Ambiental\",\"isPartOf\":{\"@id\":\"https:\\\/\\\/patagoniambiental.com.ar\\\/info\\\/#website\"},\"primaryImageOfPage\":{\"@id\":\"https:\\\/\\\/patagoniambiental.com.ar\\\/info\\\/biodiversidad-y-ecosistemas-en-rio-negro\\\/#primaryimage\"},\"image\":{\"@id\":\"https:\\\/\\\/patagoniambiental.com.ar\\\/info\\\/biodiversidad-y-ecosistemas-en-rio-negro\\\/#primaryimage\"},\"thumbnailUrl\":\"https:\\\/\\\/patagoniambiental.com.ar\\\/info\\\/wp-content\\\/uploads\\\/2025\\\/05\\\/ecosistema-rio-negro.jpg\",\"datePublished\":\"2025-05-22T13:40:04+00:00\",\"dateModified\":\"2025-08-22T17:07:55+00:00\",\"description\":\"Cada 22 de mayo, el mundo conmemora el D\u00eda Internacional de la Diversidad Biol\u00f3gica, una efem\u00e9ride proclamada por las Naciones Unidas\",\"breadcrumb\":{\"@id\":\"https:\\\/\\\/patagoniambiental.com.ar\\\/info\\\/biodiversidad-y-ecosistemas-en-rio-negro\\\/#breadcrumb\"},\"inLanguage\":\"es\",\"potentialAction\":[{\"@type\":\"ReadAction\",\"target\":[\"https:\\\/\\\/patagoniambiental.com.ar\\\/info\\\/biodiversidad-y-ecosistemas-en-rio-negro\\\/\"]}]},{\"@type\":\"ImageObject\",\"inLanguage\":\"es\",\"@id\":\"https:\\\/\\\/patagoniambiental.com.ar\\\/info\\\/biodiversidad-y-ecosistemas-en-rio-negro\\\/#primaryimage\",\"url\":\"https:\\\/\\\/patagoniambiental.com.ar\\\/info\\\/wp-content\\\/uploads\\\/2025\\\/05\\\/ecosistema-rio-negro.jpg\",\"contentUrl\":\"https:\\\/\\\/patagoniambiental.com.ar\\\/info\\\/wp-content\\\/uploads\\\/2025\\\/05\\\/ecosistema-rio-negro.jpg\",\"width\":700,\"height\":600,\"caption\":\"Ecosistemas en R\u00edo Negro\"},{\"@type\":\"BreadcrumbList\",\"@id\":\"https:\\\/\\\/patagoniambiental.com.ar\\\/info\\\/biodiversidad-y-ecosistemas-en-rio-negro\\\/#breadcrumb\",\"itemListElement\":[{\"@type\":\"ListItem\",\"position\":1,\"name\":\"Inicio\",\"item\":\"https:\\\/\\\/patagoniambiental.com.ar\\\/info\\\/\"},{\"@type\":\"ListItem\",\"position\":2,\"name\":\"Ecosistemas en R\u00edo Negro: acciones en el D\u00eda Internacional de la Biodiversidad\"}]},{\"@type\":\"WebSite\",\"@id\":\"https:\\\/\\\/patagoniambiental.com.ar\\\/info\\\/#website\",\"url\":\"https:\\\/\\\/patagoniambiental.com.ar\\\/info\\\/\",\"name\":\"Patagonia Ambiental\",\"description\":\"Monitoreo y an\u00e1lisis de la situaci\u00f3n geopol\u00edtica en el mundo y su implicancia en la Patagonia\",\"publisher\":{\"@id\":\"https:\\\/\\\/patagoniambiental.com.ar\\\/info\\\/#organization\"},\"potentialAction\":[{\"@type\":\"SearchAction\",\"target\":{\"@type\":\"EntryPoint\",\"urlTemplate\":\"https:\\\/\\\/patagoniambiental.com.ar\\\/info\\\/?s={search_term_string}\"},\"query-input\":{\"@type\":\"PropertyValueSpecification\",\"valueRequired\":true,\"valueName\":\"search_term_string\"}}],\"inLanguage\":\"es\"},{\"@type\":\"Organization\",\"@id\":\"https:\\\/\\\/patagoniambiental.com.ar\\\/info\\\/#organization\",\"name\":\"Patagonia Ambiental\",\"url\":\"https:\\\/\\\/patagoniambiental.com.ar\\\/info\\\/\",\"logo\":{\"@type\":\"ImageObject\",\"inLanguage\":\"es\",\"@id\":\"https:\\\/\\\/patagoniambiental.com.ar\\\/info\\\/#\\\/schema\\\/logo\\\/image\\\/\",\"url\":\"https:\\\/\\\/patagoniambiental.com.ar\\\/info\\\/wp-content\\\/uploads\\\/2025\\\/05\\\/LOGO-PATAGONIA-AMBIENTAL.png\",\"contentUrl\":\"https:\\\/\\\/patagoniambiental.com.ar\\\/info\\\/wp-content\\\/uploads\\\/2025\\\/05\\\/LOGO-PATAGONIA-AMBIENTAL.png\",\"width\":433,\"height\":250,\"caption\":\"Patagonia Ambiental\"},\"image\":{\"@id\":\"https:\\\/\\\/patagoniambiental.com.ar\\\/info\\\/#\\\/schema\\\/logo\\\/image\\\/\"},\"sameAs\":[\"https:\\\/\\\/www.facebook.com\\\/patagonia.ambiental\",\"https:\\\/\\\/x.com\\\/PatAmb\"]},{\"@type\":\"Person\",\"@id\":\"https:\\\/\\\/patagoniambiental.com.ar\\\/info\\\/#\\\/schema\\\/person\\\/db12bff64bbcbf6a253710bf0ea37b5d\",\"name\":\"Patagonia Ambiental\",\"description\":\"Andr\u00e9s Nievas T\u00e9cnico en manejo ambiental, consultor Ambiental y escritor para medios locales e internacionales sobre temas de geopolitica y medio ambiente.\",\"sameAs\":[\"http:\\\/\\\/www.patagoniambiental.com.ar\",\"https:\\\/\\\/www.facebook.com\\\/share\\\/1C1V8Gv9BX\\\/?mibextid=qi2Omg\",\"@patagoniambiental\",\"https:\\\/\\\/youtube.com\\\/@patagoniaambiental2023?si=BLt58t0wuXquxlYZ\"]}]}<\/script>\n<!-- \/ Yoast SEO Premium plugin. -->","yoast_head_json":{"title":"Ecosistemas en R\u00edo Negro - Patagonia Ambiental","description":"Cada 22 de mayo, el mundo conmemora el D\u00eda Internacional de la Diversidad Biol\u00f3gica, una efem\u00e9ride proclamada por las Naciones Unidas","robots":{"index":"index","follow":"follow","max-snippet":"max-snippet:-1","max-image-preview":"max-image-preview:large","max-video-preview":"max-video-preview:-1"},"canonical":"https:\/\/patagoniambiental.com.ar\/info\/biodiversidad-y-ecosistemas-en-rio-negro\/","og_locale":"es_ES","og_type":"article","og_title":"Ecosistemas en R\u00edo Negro: acciones en el D\u00eda Internacional de la Biodiversidad","og_description":"Cada 22 de mayo, el mundo conmemora el D\u00eda Internacional de la Diversidad Biol\u00f3gica, una efem\u00e9ride proclamada por las Naciones Unidas","og_url":"https:\/\/patagoniambiental.com.ar\/info\/biodiversidad-y-ecosistemas-en-rio-negro\/","og_site_name":"Patagonia Ambiental","article_publisher":"https:\/\/www.facebook.com\/patagonia.ambiental","article_author":"https:\/\/www.facebook.com\/share\/1C1V8Gv9BX\/?mibextid=qi2Omg","article_published_time":"2025-05-22T13:40:04+00:00","article_modified_time":"2025-08-22T17:07:55+00:00","og_image":[{"width":817,"height":700,"url":"https:\/\/patagoniambiental.com.ar\/info\/wp-content\/uploads\/2025\/05\/ecosistema-rio-negro.jpg","type":"image\/jpeg"}],"author":"Patagonia Ambiental","twitter_card":"summary_large_image","twitter_creator":"@PatAmb","twitter_site":"@PatAmb","schema":{"@context":"https:\/\/schema.org","@graph":[{"@type":"Article","@id":"https:\/\/patagoniambiental.com.ar\/info\/biodiversidad-y-ecosistemas-en-rio-negro\/#article","isPartOf":{"@id":"https:\/\/patagoniambiental.com.ar\/info\/biodiversidad-y-ecosistemas-en-rio-negro\/"},"author":{"name":"Patagonia Ambiental","@id":"https:\/\/patagoniambiental.com.ar\/info\/#\/schema\/person\/db12bff64bbcbf6a253710bf0ea37b5d"},"headline":"Ecosistemas en R\u00edo Negro: acciones en el D\u00eda Internacional de la Biodiversidad","datePublished":"2025-05-22T13:40:04+00:00","dateModified":"2025-08-22T17:07:55+00:00","mainEntityOfPage":{"@id":"https:\/\/patagoniambiental.com.ar\/info\/biodiversidad-y-ecosistemas-en-rio-negro\/"},"wordCount":1279,"commentCount":0,"publisher":{"@id":"https:\/\/patagoniambiental.com.ar\/info\/#organization"},"image":{"@id":"https:\/\/patagoniambiental.com.ar\/info\/biodiversidad-y-ecosistemas-en-rio-negro\/#primaryimage"},"thumbnailUrl":"https:\/\/patagoniambiental.com.ar\/info\/wp-content\/uploads\/2025\/05\/ecosistema-rio-negro.jpg","articleSection":["Agenda Ambiental","Biodiversidad","Noticias"],"inLanguage":"es","potentialAction":[{"@type":"CommentAction","name":"Comment","target":["https:\/\/patagoniambiental.com.ar\/info\/biodiversidad-y-ecosistemas-en-rio-negro\/#respond"]}]},{"@type":"WebPage","@id":"https:\/\/patagoniambiental.com.ar\/info\/biodiversidad-y-ecosistemas-en-rio-negro\/","url":"https:\/\/patagoniambiental.com.ar\/info\/biodiversidad-y-ecosistemas-en-rio-negro\/","name":"Ecosistemas en R\u00edo Negro - Patagonia Ambiental","isPartOf":{"@id":"https:\/\/patagoniambiental.com.ar\/info\/#website"},"primaryImageOfPage":{"@id":"https:\/\/patagoniambiental.com.ar\/info\/biodiversidad-y-ecosistemas-en-rio-negro\/#primaryimage"},"image":{"@id":"https:\/\/patagoniambiental.com.ar\/info\/biodiversidad-y-ecosistemas-en-rio-negro\/#primaryimage"},"thumbnailUrl":"https:\/\/patagoniambiental.com.ar\/info\/wp-content\/uploads\/2025\/05\/ecosistema-rio-negro.jpg","datePublished":"2025-05-22T13:40:04+00:00","dateModified":"2025-08-22T17:07:55+00:00","description":"Cada 22 de mayo, el mundo conmemora el D\u00eda Internacional de la Diversidad Biol\u00f3gica, una efem\u00e9ride proclamada por las Naciones Unidas","breadcrumb":{"@id":"https:\/\/patagoniambiental.com.ar\/info\/biodiversidad-y-ecosistemas-en-rio-negro\/#breadcrumb"},"inLanguage":"es","potentialAction":[{"@type":"ReadAction","target":["https:\/\/patagoniambiental.com.ar\/info\/biodiversidad-y-ecosistemas-en-rio-negro\/"]}]},{"@type":"ImageObject","inLanguage":"es","@id":"https:\/\/patagoniambiental.com.ar\/info\/biodiversidad-y-ecosistemas-en-rio-negro\/#primaryimage","url":"https:\/\/patagoniambiental.com.ar\/info\/wp-content\/uploads\/2025\/05\/ecosistema-rio-negro.jpg","contentUrl":"https:\/\/patagoniambiental.com.ar\/info\/wp-content\/uploads\/2025\/05\/ecosistema-rio-negro.jpg","width":700,"height":600,"caption":"Ecosistemas en R\u00edo Negro"},{"@type":"BreadcrumbList","@id":"https:\/\/patagoniambiental.com.ar\/info\/biodiversidad-y-ecosistemas-en-rio-negro\/#breadcrumb","itemListElement":[{"@type":"ListItem","position":1,"name":"Inicio","item":"https:\/\/patagoniambiental.com.ar\/info\/"},{"@type":"ListItem","position":2,"name":"Ecosistemas en R\u00edo Negro: acciones en el D\u00eda Internacional de la Biodiversidad"}]},{"@type":"WebSite","@id":"https:\/\/patagoniambiental.com.ar\/info\/#website","url":"https:\/\/patagoniambiental.com.ar\/info\/","name":"Patagonia Ambiental","description":"Monitoreo y an\u00e1lisis de la situaci\u00f3n geopol\u00edtica en el mundo y su implicancia en la Patagonia","publisher":{"@id":"https:\/\/patagoniambiental.com.ar\/info\/#organization"},"potentialAction":[{"@type":"SearchAction","target":{"@type":"EntryPoint","urlTemplate":"https:\/\/patagoniambiental.com.ar\/info\/?s={search_term_string}"},"query-input":{"@type":"PropertyValueSpecification","valueRequired":true,"valueName":"search_term_string"}}],"inLanguage":"es"},{"@type":"Organization","@id":"https:\/\/patagoniambiental.com.ar\/info\/#organization","name":"Patagonia Ambiental","url":"https:\/\/patagoniambiental.com.ar\/info\/","logo":{"@type":"ImageObject","inLanguage":"es","@id":"https:\/\/patagoniambiental.com.ar\/info\/#\/schema\/logo\/image\/","url":"https:\/\/patagoniambiental.com.ar\/info\/wp-content\/uploads\/2025\/05\/LOGO-PATAGONIA-AMBIENTAL.png","contentUrl":"https:\/\/patagoniambiental.com.ar\/info\/wp-content\/uploads\/2025\/05\/LOGO-PATAGONIA-AMBIENTAL.png","width":433,"height":250,"caption":"Patagonia Ambiental"},"image":{"@id":"https:\/\/patagoniambiental.com.ar\/info\/#\/schema\/logo\/image\/"},"sameAs":["https:\/\/www.facebook.com\/patagonia.ambiental","https:\/\/x.com\/PatAmb"]},{"@type":"Person","@id":"https:\/\/patagoniambiental.com.ar\/info\/#\/schema\/person\/db12bff64bbcbf6a253710bf0ea37b5d","name":"Patagonia Ambiental","description":"Andr\u00e9s Nievas T\u00e9cnico en manejo ambiental, consultor Ambiental y escritor para medios locales e internacionales sobre temas de geopolitica y medio ambiente.","sameAs":["http:\/\/www.patagoniambiental.com.ar","https:\/\/www.facebook.com\/share\/1C1V8Gv9BX\/?mibextid=qi2Omg","@patagoniambiental","https:\/\/youtube.com\/@patagoniaambiental2023?si=BLt58t0wuXquxlYZ"]}]}},"_links":{"self":[{"href":"https:\/\/patagoniambiental.com.ar\/info\/wp-json\/wp\/v2\/posts\/95449","targetHints":{"allow":["GET"]}}],"collection":[{"href":"https:\/\/patagoniambiental.com.ar\/info\/wp-json\/wp\/v2\/posts"}],"about":[{"href":"https:\/\/patagoniambiental.com.ar\/info\/wp-json\/wp\/v2\/types\/post"}],"author":[{"embeddable":true,"href":"https:\/\/patagoniambiental.com.ar\/info\/wp-json\/wp\/v2\/users\/2"}],"replies":[{"embeddable":true,"href":"https:\/\/patagoniambiental.com.ar\/info\/wp-json\/wp\/v2\/comments?post=95449"}],"version-history":[{"count":2,"href":"https:\/\/patagoniambiental.com.ar\/info\/wp-json\/wp\/v2\/posts\/95449\/revisions"}],"predecessor-version":[{"id":97981,"href":"https:\/\/patagoniambiental.com.ar\/info\/wp-json\/wp\/v2\/posts\/95449\/revisions\/97981"}],"wp:featuredmedia":[{"embeddable":true,"href":"https:\/\/patagoniambiental.com.ar\/info\/wp-json\/wp\/v2\/media\/95488"}],"wp:attachment":[{"href":"https:\/\/patagoniambiental.com.ar\/info\/wp-json\/wp\/v2\/media?parent=95449"}],"wp:term":[{"taxonomy":"category","embeddable":true,"href":"https:\/\/patagoniambiental.com.ar\/info\/wp-json\/wp\/v2\/categories?post=95449"},{"taxonomy":"post_tag","embeddable":true,"href":"https:\/\/patagoniambiental.com.ar\/info\/wp-json\/wp\/v2\/tags?post=95449"}],"curies":[{"name":"wp","href":"https:\/\/api.w.org\/{rel}","templated":true}]}}