{"id":95902,"date":"2025-06-04T01:13:42","date_gmt":"2025-06-04T04:13:42","guid":{"rendered":"https:\/\/patagoniambiental.com.ar\/info\/?p=95902"},"modified":"2025-06-09T12:57:36","modified_gmt":"2025-06-09T15:57:36","slug":"95902-2","status":"publish","type":"post","link":"https:\/\/patagoniambiental.com.ar\/info\/95902-2\/","title":{"rendered":"R\u00edo Negro refuerza el control ambiental: Verifican la gesti\u00f3n de residuos especiales en la Planta de TGS"},"content":{"rendered":"\n<!--more-->\n\n\n\n<p>San Antonio Oeste, Rio Negro, 4 de junio de 2025. <strong>La Provincia intensifica la vigilancia ambiental sobre industrias: \u00bfQu\u00e9 encontraron en la planta de residuos especiales de Transportadora de Gas del Sur (TGS)? \u00bfSe cumple con la ley? Esto es lo que revela la inspecci\u00f3n.<\/strong><\/p>\n\n\n\n<h2 class=\"wp-block-heading\" id=\"h-inspeccion-clave-en-san-antonio-oeste-la-lupa-sobre-los-residuos-peligrosos\"><strong>Inspecci\u00f3n clave en San Antonio Oeste: la lupa sobre los residuos peligrosos<\/strong><\/h2>\n\n\n\n<p>En un contexto global donde la protecci\u00f3n del medio ambiente se ha convertido en una prioridad urgente, la provincia de R\u00edo Negro da un paso firme en el control y la fiscalizaci\u00f3n ambiental. En las \u00faltimas semanas, la Secretar\u00eda de Ambiente y Cambio Clim\u00e1tico llev\u00f3 a cabo una inspecci\u00f3n rigurosa en la planta de tratamiento de <strong>residuos especiales<\/strong> que la empresa Transportadora de Gas del Sur (TGS) opera en San Antonio Oeste. Esta acci\u00f3n no fue aislada: forma parte de una serie de auditor\u00edas programadas para verificar el cumplimiento de la <strong>Ley Provincial N\u00b0 3250<\/strong>, que regula la gesti\u00f3n integral de este tipo de residuos en todo el territorio rionegrino.<\/p>\n\n\n\n<figure class=\"wp-block-image size-full\"><img fetchpriority=\"high\" decoding=\"async\" width=\"1200\" height=\"672\" src=\"https:\/\/patagoniambiental.com.ar\/info\/wp-content\/uploads\/2025\/06\/Control-Ambiental.jpg\" alt=\"Control Ambiental\" class=\"wp-image-96074\"\/><\/figure>\n\n\n\n<p>La visita t\u00e9cnica no solo respondi\u00f3 a la obligaci\u00f3n de control que tienen los organismos p\u00fablicos, sino que tambi\u00e9n se enmarca en la creciente preocupaci\u00f3n ciudadana por el manejo responsable de los residuos industriales, especialmente los catalogados como especiales o peligrosos, debido a su potencial da\u00f1o al ambiente y a la salud p\u00fablica.<\/p>\n\n\n\n<h2 class=\"wp-block-heading\" id=\"h-que-son-los-residuos-especiales-y-por-que-deben-preocuparnos\"><strong>\u00bfQu\u00e9 son los residuos especiales y por qu\u00e9 deben preocuparnos?<\/strong><\/h2>\n\n\n\n<p>Los <strong>residuos especiales<\/strong> incluyen una amplia gama de materiales generados por procesos industriales, como lodos contaminados, aceites usados, solventes, qu\u00edmicos t\u00f3xicos, residuos hospitalarios, entre otros. Son residuos que, por sus caracter\u00edsticas qu\u00edmicas, f\u00edsicas o biol\u00f3gicas, requieren un tratamiento diferencial, controlado y especializado. De no ser manejados correctamente, estos residuos pueden contaminar suelos, aguas subterr\u00e1neas y afectar la biodiversidad y las comunidades humanas circundantes.<\/p>\n\n\n\n<p>En este marco, el accionar preventivo del Estado se vuelve fundamental. Las auditor\u00edas e inspecciones act\u00faan no solo como herramienta de control, sino tambi\u00e9n como instrumento disuasorio frente a posibles incumplimientos. De all\u00ed la importancia estrat\u00e9gica de la inspecci\u00f3n realizada en San Antonio Oeste.<\/p>\n\n\n\n<h2 class=\"wp-block-heading\" id=\"h-que-detectaron-los-tecnicos-durante-la-verificacion\"><strong>\u00bfQu\u00e9 detectaron los t\u00e9cnicos durante la verificaci\u00f3n?<\/strong><\/h2>\n\n\n\n<p>El equipo t\u00e9cnico de la Secretar\u00eda de Ambiente inspeccion\u00f3 todos los sectores operativos de la planta: desde el acopio inicial de residuos industriales hasta las tecnolog\u00edas aplicadas para su tratamiento, como encapsulado, neutralizaci\u00f3n qu\u00edmica y disposici\u00f3n final. La inspecci\u00f3n tambi\u00e9n se centr\u00f3 en la verificaci\u00f3n de documentaci\u00f3n, trazabilidad de los residuos, protocolos de emergencia y capacitaci\u00f3n del personal.<\/p>\n\n\n\n<p>En t\u00e9rminos generales, el operativo concluy\u00f3 con resultados favorables: la planta cumple con los requisitos establecidos por la <strong>Ley de Residuos Especiales<\/strong> en cuanto a infraestructura, procedimientos, seguridad y control ambiental. No obstante, los inspectores recomendaron fortalecer algunos aspectos como la actualizaci\u00f3n de los manuales internos, la implementaci\u00f3n de indicadores de eficiencia ambiental y un mayor involucramiento del \u00e1rea de seguridad e higiene.<\/p>\n\n\n\n<h2 class=\"wp-block-heading\" id=\"h-que-dice-la-ley-provincial-n-3250\"><strong>Qu\u00e9 dice la Ley Provincial N\u00b0 3250<\/strong><\/h2>\n\n\n\n<p>Sancionada en 1998 y reglamentada en 2001, la <strong>Ley Provincial N\u00b0 3250<\/strong> es la norma marco en materia de residuos especiales en R\u00edo Negro. Establece obligaciones para generadores, transportistas, operadores y organismos de control. Entre sus puntos clave se destacan:<\/p>\n\n\n\n<p>La necesidad de inscripci\u00f3n obligatoria en el Registro Provincial de Generadores y Operadores.<br><\/p>\n\n\n\n<p>La obligaci\u00f3n de mantener trazabilidad desde la generaci\u00f3n hasta la disposici\u00f3n final del residuo.<br><\/p>\n\n\n\n<p>La exigencia de planes de manejo aprobados por la autoridad ambiental.<br><\/p>\n\n\n\n<p>La aplicaci\u00f3n del principio de \u201cquien contamina paga\u201d, con sanciones que van desde multas hasta clausuras.<br><\/p>\n\n\n\n<p><br>La ley promueve, adem\u00e1s, el tratamiento in situ de los residuos siempre que se cuente con tecnolog\u00eda adecuada, como forma de evitar su traslado innecesario y reducir riesgos ambientales.<\/p>\n\n\n\n<h2 class=\"wp-block-heading\" id=\"h-una-empresa-bajo-la-lupa-tgs-y-su-responsabilidad-ambiental\"><strong>Una empresa bajo la lupa: TGS y su responsabilidad ambiental<\/strong><\/h2>\n\n\n\n<p><strong>Transportadora de Gas del Sur<\/strong>, una de las principales compa\u00f1\u00edas energ\u00e9ticas del pa\u00eds, opera extensas redes de gasoductos y plantas de compresi\u00f3n en diversas provincias. Como empresa generadora de residuos especiales, TGS tiene la responsabilidad legal de garantizar su manejo ambientalmente adecuado, m\u00e1s a\u00fan considerando que opera en zonas sensibles como la costa atl\u00e1ntica rionegrina.<\/p>\n\n\n\n<p>La empresa fue notificada previamente de la inspecci\u00f3n, pero no tuvo injerencia en el accionar de los t\u00e9cnicos. Esto garantiza la objetividad del operativo y refuerza el compromiso del Estado con la transparencia ambiental. Cabe destacar que TGS cuenta con certificaciones de calidad ambiental (ISO 14001), lo cual tambi\u00e9n fue verificado durante la auditor\u00eda.<\/p>\n\n\n\n<p>San Antonio Oeste y su regi\u00f3n se encuentran en una zona estrat\u00e9gica para la provincia, tanto desde el punto de vista productivo como ambiental. Se trata de una regi\u00f3n costera con alta biodiversidad marina y terrestre, donde conviven actividades como la pesca, la producci\u00f3n energ\u00e9tica, el turismo y la conservaci\u00f3n de \u00e1reas protegidas como la <strong>Bah\u00eda de San Antonio<\/strong>.<\/p>\n\n\n\n<p>El mal manejo de residuos especiales en esta zona podr\u00eda tener consecuencias irreversibles. De all\u00ed que las inspecciones como la realizada a la planta de TGS resulten clave para preservar el equilibrio ecol\u00f3gico, especialmente ante el avance de la explotaci\u00f3n hidrocarbur\u00edfera en el Golfo San Mat\u00edas.<\/p>\n\n\n\n<p>Uno de los aspectos que destac\u00f3 el equipo auditor fue la disposici\u00f3n del personal de planta a recibir recomendaciones y actualizar sus pr\u00e1cticas. Esto demuestra que, m\u00e1s all\u00e1 del cumplimiento normativo, las empresas pueden evolucionar hacia modelos m\u00e1s sostenibles si incorporan una cultura ambiental basada en la prevenci\u00f3n, la innovaci\u00f3n y la mejora continua.<\/p>\n\n\n\n<p>En este sentido, la Secretar\u00eda de Ambiente se comprometi\u00f3 a dictar pr\u00f3ximamente jornadas de capacitaci\u00f3n para operarios y t\u00e9cnicos de plantas similares, a fin de mejorar los est\u00e1ndares generales de manejo de residuos especiales en la provincia.<\/p>\n\n\n\n<h2 class=\"wp-block-heading\" id=\"h-que-sigue-fiscalizacion-sanciones-y-nuevas-politicas-publicas\"><strong>\u00bfQu\u00e9 sigue? Fiscalizaci\u00f3n, sanciones y nuevas pol\u00edticas p\u00fablicas<\/strong><\/h2>\n\n\n\n<p>El operativo en la planta de TGS no ser\u00e1 el \u00faltimo. La Secretar\u00eda de Ambiente adelant\u00f3 que continuar\u00e1 con inspecciones sorpresa en otras industrias de la provincia, priorizando aquellas que presentan mayor volumen de residuos o ubicaci\u00f3n cercana a cuerpos de agua, comunidades o \u00e1reas naturales protegidas.<\/p>\n\n\n\n<p>Estas auditor\u00edas se complementar\u00e1n con una campa\u00f1a de concientizaci\u00f3n sobre la correcta separaci\u00f3n, transporte y disposici\u00f3n de residuos peligrosos. Adem\u00e1s, se proyecta una actualizaci\u00f3n de la Ley 3250 para incorporar conceptos de econom\u00eda circular, responsabilidad extendida del productor y tecnolog\u00edas emergentes.<\/p>\n\n\n\n<p>La auditor\u00eda realizada en San Antonio Oeste evalu\u00f3 m\u00e1s de 40 indicadores t\u00e9cnicos y de gesti\u00f3n, entre ellos:<\/p>\n\n\n\n<p>Capacidad de almacenamiento temporario.<br><\/p>\n\n\n\n<p>Condiciones de los recipientes de acopio.<br><\/p>\n\n\n\n<p>Procedimientos de emergencia ante derrames.<br><\/p>\n\n\n\n<p>Registro y pesaje de residuos ingresados.<br><\/p>\n\n\n\n<p>Certificaci\u00f3n de destino final.<br><\/p>\n\n\n\n<p>Emisi\u00f3n de gases y l\u00edquidos tratados.<br><\/p>\n\n\n\n<p>Comunicaci\u00f3n con organismos de control y la comunidad.<br><\/p>\n\n\n\n<h2 class=\"wp-block-heading\" id=\"h-que-puede-hacer-la-ciudadania\"><br><strong>\u00bfQu\u00e9 puede hacer la ciudadan\u00eda?<\/strong><\/h2>\n\n\n\n<p>Aunque la ley se dirige principalmente a empresas, la sociedad tambi\u00e9n tiene un rol clave. Desde exigir informaci\u00f3n p\u00fablica sobre la gesti\u00f3n de residuos hasta participar en consultas o audiencias ambientales, la ciudadan\u00eda debe involucrarse para garantizar un ambiente sano. Adem\u00e1s, muchos residuos domiciliarios como pilas, aceites usados y medicamentos vencidos tambi\u00e9n requieren tratamiento especial. Informarse y actuar responsablemente es parte de la soluci\u00f3n.<\/p>\n\n\n\n<p>La gesti\u00f3n moderna de residuos especiales avanza hacia soluciones tecnol\u00f3gicas m\u00e1s limpias y seguras: biotecnolog\u00eda para la degradaci\u00f3n de hidrocarburos, encapsulado con pol\u00edmeros biodegradables, vitrificaci\u00f3n de residuos hospitalarios, entre otras. Estas tecnolog\u00edas no solo reducen el impacto ambiental, sino que disminuyen costos a largo plazo y mejoran la reputaci\u00f3n empresarial.<\/p>\n\n\n\n<p>Iniciativas como las verificaciones t\u00e9cnicas en plantas como la de TGS permiten al Estado monitorear y fomentar el uso de estas innovaciones.<\/p>\n\n\n\n<p>El operativo realizado en San Antonio Oeste no solo certific\u00f3 el cumplimiento de la ley, sino que marc\u00f3 un precedente importante para el futuro ambiental de R\u00edo Negro. En tiempos donde los discursos sobre desarrollo sostenible abundan, acciones concretas como estas permiten pasar del dicho al hecho. El mensaje es claro: el desarrollo productivo es posible, pero nunca a costa del ambiente.<\/p>\n","protected":false},"excerpt":{"rendered":"","protected":false},"author":2,"featured_media":96088,"comment_status":"open","ping_status":"open","sticky":false,"template":"","format":"standard","meta":{"site-sidebar-layout":"default","site-content-layout":"","ast-site-content-layout":"default","site-content-style":"default","site-sidebar-style":"default","ast-global-header-display":"","ast-banner-title-visibility":"","ast-main-header-display":"","ast-hfb-above-header-display":"","ast-hfb-below-header-display":"","ast-hfb-mobile-header-display":"","site-post-title":"","ast-breadcrumbs-content":"","ast-featured-img":"","footer-sml-layout":"","ast-disable-related-posts":"","theme-transparent-header-meta":"","adv-header-id-meta":"","stick-header-meta":"","header-above-stick-meta":"","header-main-stick-meta":"","header-below-stick-meta":"","astra-migrate-meta-layouts":"default","ast-page-background-enabled":"default","ast-page-background-meta":{"desktop":{"background-color":"var(--ast-global-color-5)","background-image":"","background-repeat":"repeat","background-position":"center center","background-size":"auto","background-attachment":"scroll","background-type":"","background-media":"","overlay-type":"","overlay-color":"","overlay-opacity":"","overlay-gradient":""},"tablet":{"background-color":"","background-image":"","background-repeat":"repeat","background-position":"center center","background-size":"auto","background-attachment":"scroll","background-type":"","background-media":"","overlay-type":"","overlay-color":"","overlay-opacity":"","overlay-gradient":""},"mobile":{"background-color":"","background-image":"","background-repeat":"repeat","background-position":"center center","background-size":"auto","background-attachment":"scroll","background-type":"","background-media":"","overlay-type":"","overlay-color":"","overlay-opacity":"","overlay-gradient":""}},"ast-content-background-meta":{"desktop":{"background-color":"var(--ast-global-color-4)","background-image":"","background-repeat":"repeat","background-position":"center center","background-size":"auto","background-attachment":"scroll","background-type":"","background-media":"","overlay-type":"","overlay-color":"","overlay-opacity":"","overlay-gradient":""},"tablet":{"background-color":"var(--ast-global-color-4)","background-image":"","background-repeat":"repeat","background-position":"center center","background-size":"auto","background-attachment":"scroll","background-type":"","background-media":"","overlay-type":"","overlay-color":"","overlay-opacity":"","overlay-gradient":""},"mobile":{"background-color":"var(--ast-global-color-4)","background-image":"","background-repeat":"repeat","background-position":"center center","background-size":"auto","background-attachment":"scroll","background-type":"","background-media":"","overlay-type":"","overlay-color":"","overlay-opacity":"","overlay-gradient":""}},"footnotes":""},"categories":[1,3455],"tags":[],"class_list":["post-95902","post","type-post","status-publish","format-standard","has-post-thumbnail","hentry","category-noticias","category-residuos-peligrosos"],"yoast_head":"<!-- This site is optimized with the Yoast SEO Premium plugin v23.0 (Yoast SEO v27.5) - https:\/\/yoast.com\/product\/yoast-seo-premium-wordpress\/ -->\n<title>R\u00edo Negro refuerza el control ambiental: Verifican la gesti\u00f3n de residuos especiales en la Planta de TGS<\/title>\n<meta name=\"description\" content=\"La Provincia intensifica la vigilancia ambiental sobre industrias: \u00bfQu\u00e9 encontraron en la planta de residuos especiales de Transportadora\" \/>\n<meta name=\"robots\" content=\"index, follow, max-snippet:-1, max-image-preview:large, max-video-preview:-1\" \/>\n<link rel=\"canonical\" href=\"https:\/\/patagoniambiental.com.ar\/info\/95902-2\/\" \/>\n<meta property=\"og:locale\" content=\"es_ES\" \/>\n<meta property=\"og:type\" content=\"article\" \/>\n<meta property=\"og:title\" content=\"R\u00edo Negro refuerza el control ambiental: Verifican la gesti\u00f3n de residuos especiales en la Planta de TGS\" \/>\n<meta property=\"og:description\" content=\"La Provincia intensifica la vigilancia ambiental sobre industrias: \u00bfQu\u00e9 encontraron en la planta de residuos especiales de Transportadora\" \/>\n<meta property=\"og:url\" content=\"https:\/\/patagoniambiental.com.ar\/info\/95902-2\/\" \/>\n<meta property=\"og:site_name\" content=\"Patagonia Ambiental\" \/>\n<meta property=\"article:publisher\" content=\"https:\/\/www.facebook.com\/patagonia.ambiental\" \/>\n<meta property=\"article:author\" content=\"https:\/\/www.facebook.com\/share\/1C1V8Gv9BX\/?mibextid=qi2Omg\" \/>\n<meta property=\"article:published_time\" content=\"2025-06-04T04:13:42+00:00\" \/>\n<meta property=\"article:modified_time\" content=\"2025-06-09T15:57:36+00:00\" \/>\n<meta property=\"og:image\" content=\"https:\/\/patagoniambiental.com.ar\/info\/wp-content\/uploads\/2025\/06\/Getion-de-residuos-especiales.jpg\" \/>\n\t<meta property=\"og:image:width\" content=\"1080\" \/>\n\t<meta property=\"og:image:height\" content=\"607\" \/>\n\t<meta property=\"og:image:type\" content=\"image\/jpeg\" \/>\n<meta name=\"author\" content=\"Patagonia Ambiental\" \/>\n<meta name=\"twitter:card\" content=\"summary_large_image\" \/>\n<meta name=\"twitter:creator\" content=\"@PatAmb\" \/>\n<meta name=\"twitter:site\" content=\"@PatAmb\" \/>\n<script type=\"application\/ld+json\" class=\"yoast-schema-graph\">{\"@context\":\"https:\\\/\\\/schema.org\",\"@graph\":[{\"@type\":\"Article\",\"@id\":\"https:\\\/\\\/patagoniambiental.com.ar\\\/info\\\/95902-2\\\/#article\",\"isPartOf\":{\"@id\":\"https:\\\/\\\/patagoniambiental.com.ar\\\/info\\\/95902-2\\\/\"},\"author\":{\"name\":\"Patagonia Ambiental\",\"@id\":\"https:\\\/\\\/patagoniambiental.com.ar\\\/info\\\/#\\\/schema\\\/person\\\/db12bff64bbcbf6a253710bf0ea37b5d\"},\"headline\":\"R\u00edo Negro refuerza el control ambiental: Verifican la gesti\u00f3n de residuos especiales en la Planta de TGS\",\"datePublished\":\"2025-06-04T04:13:42+00:00\",\"dateModified\":\"2025-06-09T15:57:36+00:00\",\"mainEntityOfPage\":{\"@id\":\"https:\\\/\\\/patagoniambiental.com.ar\\\/info\\\/95902-2\\\/\"},\"wordCount\":1406,\"commentCount\":0,\"publisher\":{\"@id\":\"https:\\\/\\\/patagoniambiental.com.ar\\\/info\\\/#organization\"},\"image\":{\"@id\":\"https:\\\/\\\/patagoniambiental.com.ar\\\/info\\\/95902-2\\\/#primaryimage\"},\"thumbnailUrl\":\"https:\\\/\\\/patagoniambiental.com.ar\\\/info\\\/wp-content\\\/uploads\\\/2025\\\/06\\\/Getion-de-residuos-especiales.jpg\",\"articleSection\":[\"Noticias\",\"Residuos peligrosos\"],\"inLanguage\":\"es\",\"potentialAction\":[{\"@type\":\"CommentAction\",\"name\":\"Comment\",\"target\":[\"https:\\\/\\\/patagoniambiental.com.ar\\\/info\\\/95902-2\\\/#respond\"]}]},{\"@type\":\"WebPage\",\"@id\":\"https:\\\/\\\/patagoniambiental.com.ar\\\/info\\\/95902-2\\\/\",\"url\":\"https:\\\/\\\/patagoniambiental.com.ar\\\/info\\\/95902-2\\\/\",\"name\":\"R\u00edo Negro refuerza el control ambiental: Verifican la gesti\u00f3n de residuos especiales en la Planta de TGS\",\"isPartOf\":{\"@id\":\"https:\\\/\\\/patagoniambiental.com.ar\\\/info\\\/#website\"},\"primaryImageOfPage\":{\"@id\":\"https:\\\/\\\/patagoniambiental.com.ar\\\/info\\\/95902-2\\\/#primaryimage\"},\"image\":{\"@id\":\"https:\\\/\\\/patagoniambiental.com.ar\\\/info\\\/95902-2\\\/#primaryimage\"},\"thumbnailUrl\":\"https:\\\/\\\/patagoniambiental.com.ar\\\/info\\\/wp-content\\\/uploads\\\/2025\\\/06\\\/Getion-de-residuos-especiales.jpg\",\"datePublished\":\"2025-06-04T04:13:42+00:00\",\"dateModified\":\"2025-06-09T15:57:36+00:00\",\"description\":\"La Provincia intensifica la vigilancia ambiental sobre industrias: \u00bfQu\u00e9 encontraron en la planta de residuos especiales de Transportadora\",\"breadcrumb\":{\"@id\":\"https:\\\/\\\/patagoniambiental.com.ar\\\/info\\\/95902-2\\\/#breadcrumb\"},\"inLanguage\":\"es\",\"potentialAction\":[{\"@type\":\"ReadAction\",\"target\":[\"https:\\\/\\\/patagoniambiental.com.ar\\\/info\\\/95902-2\\\/\"]}]},{\"@type\":\"ImageObject\",\"inLanguage\":\"es\",\"@id\":\"https:\\\/\\\/patagoniambiental.com.ar\\\/info\\\/95902-2\\\/#primaryimage\",\"url\":\"https:\\\/\\\/patagoniambiental.com.ar\\\/info\\\/wp-content\\\/uploads\\\/2025\\\/06\\\/Getion-de-residuos-especiales.jpg\",\"contentUrl\":\"https:\\\/\\\/patagoniambiental.com.ar\\\/info\\\/wp-content\\\/uploads\\\/2025\\\/06\\\/Getion-de-residuos-especiales.jpg\",\"width\":1080,\"height\":607,\"caption\":\"Gesti\u00f3n de Residuos Especiales. control Ambiental\"},{\"@type\":\"BreadcrumbList\",\"@id\":\"https:\\\/\\\/patagoniambiental.com.ar\\\/info\\\/95902-2\\\/#breadcrumb\",\"itemListElement\":[{\"@type\":\"ListItem\",\"position\":1,\"name\":\"Inicio\",\"item\":\"https:\\\/\\\/patagoniambiental.com.ar\\\/info\\\/\"},{\"@type\":\"ListItem\",\"position\":2,\"name\":\"R\u00edo Negro refuerza el control ambiental: Verifican la gesti\u00f3n de residuos especiales en la Planta de TGS\"}]},{\"@type\":\"WebSite\",\"@id\":\"https:\\\/\\\/patagoniambiental.com.ar\\\/info\\\/#website\",\"url\":\"https:\\\/\\\/patagoniambiental.com.ar\\\/info\\\/\",\"name\":\"Patagonia Ambiental\",\"description\":\"Monitoreo y an\u00e1lisis de la situaci\u00f3n geopol\u00edtica en el mundo y su implicancia en la Patagonia\",\"publisher\":{\"@id\":\"https:\\\/\\\/patagoniambiental.com.ar\\\/info\\\/#organization\"},\"potentialAction\":[{\"@type\":\"SearchAction\",\"target\":{\"@type\":\"EntryPoint\",\"urlTemplate\":\"https:\\\/\\\/patagoniambiental.com.ar\\\/info\\\/?s={search_term_string}\"},\"query-input\":{\"@type\":\"PropertyValueSpecification\",\"valueRequired\":true,\"valueName\":\"search_term_string\"}}],\"inLanguage\":\"es\"},{\"@type\":\"Organization\",\"@id\":\"https:\\\/\\\/patagoniambiental.com.ar\\\/info\\\/#organization\",\"name\":\"Patagonia Ambiental\",\"url\":\"https:\\\/\\\/patagoniambiental.com.ar\\\/info\\\/\",\"logo\":{\"@type\":\"ImageObject\",\"inLanguage\":\"es\",\"@id\":\"https:\\\/\\\/patagoniambiental.com.ar\\\/info\\\/#\\\/schema\\\/logo\\\/image\\\/\",\"url\":\"https:\\\/\\\/patagoniambiental.com.ar\\\/info\\\/wp-content\\\/uploads\\\/2025\\\/05\\\/LOGO-PATAGONIA-AMBIENTAL.png\",\"contentUrl\":\"https:\\\/\\\/patagoniambiental.com.ar\\\/info\\\/wp-content\\\/uploads\\\/2025\\\/05\\\/LOGO-PATAGONIA-AMBIENTAL.png\",\"width\":433,\"height\":250,\"caption\":\"Patagonia Ambiental\"},\"image\":{\"@id\":\"https:\\\/\\\/patagoniambiental.com.ar\\\/info\\\/#\\\/schema\\\/logo\\\/image\\\/\"},\"sameAs\":[\"https:\\\/\\\/www.facebook.com\\\/patagonia.ambiental\",\"https:\\\/\\\/x.com\\\/PatAmb\"]},{\"@type\":\"Person\",\"@id\":\"https:\\\/\\\/patagoniambiental.com.ar\\\/info\\\/#\\\/schema\\\/person\\\/db12bff64bbcbf6a253710bf0ea37b5d\",\"name\":\"Patagonia Ambiental\",\"description\":\"Andr\u00e9s Nievas T\u00e9cnico en manejo ambiental, consultor Ambiental y escritor para medios locales e internacionales sobre temas de geopolitica y medio ambiente.\",\"sameAs\":[\"http:\\\/\\\/www.patagoniambiental.com.ar\",\"https:\\\/\\\/www.facebook.com\\\/share\\\/1C1V8Gv9BX\\\/?mibextid=qi2Omg\",\"@patagoniambiental\",\"https:\\\/\\\/youtube.com\\\/@patagoniaambiental2023?si=BLt58t0wuXquxlYZ\"]}]}<\/script>\n<!-- \/ Yoast SEO Premium plugin. -->","yoast_head_json":{"title":"R\u00edo Negro refuerza el control ambiental: Verifican la gesti\u00f3n de residuos especiales en la Planta de TGS","description":"La Provincia intensifica la vigilancia ambiental sobre industrias: \u00bfQu\u00e9 encontraron en la planta de residuos especiales de Transportadora","robots":{"index":"index","follow":"follow","max-snippet":"max-snippet:-1","max-image-preview":"max-image-preview:large","max-video-preview":"max-video-preview:-1"},"canonical":"https:\/\/patagoniambiental.com.ar\/info\/95902-2\/","og_locale":"es_ES","og_type":"article","og_title":"R\u00edo Negro refuerza el control ambiental: Verifican la gesti\u00f3n de residuos especiales en la Planta de TGS","og_description":"La Provincia intensifica la vigilancia ambiental sobre industrias: \u00bfQu\u00e9 encontraron en la planta de residuos especiales de Transportadora","og_url":"https:\/\/patagoniambiental.com.ar\/info\/95902-2\/","og_site_name":"Patagonia Ambiental","article_publisher":"https:\/\/www.facebook.com\/patagonia.ambiental","article_author":"https:\/\/www.facebook.com\/share\/1C1V8Gv9BX\/?mibextid=qi2Omg","article_published_time":"2025-06-04T04:13:42+00:00","article_modified_time":"2025-06-09T15:57:36+00:00","og_image":[{"width":1080,"height":607,"url":"https:\/\/patagoniambiental.com.ar\/info\/wp-content\/uploads\/2025\/06\/Getion-de-residuos-especiales.jpg","type":"image\/jpeg"}],"author":"Patagonia Ambiental","twitter_card":"summary_large_image","twitter_creator":"@PatAmb","twitter_site":"@PatAmb","schema":{"@context":"https:\/\/schema.org","@graph":[{"@type":"Article","@id":"https:\/\/patagoniambiental.com.ar\/info\/95902-2\/#article","isPartOf":{"@id":"https:\/\/patagoniambiental.com.ar\/info\/95902-2\/"},"author":{"name":"Patagonia Ambiental","@id":"https:\/\/patagoniambiental.com.ar\/info\/#\/schema\/person\/db12bff64bbcbf6a253710bf0ea37b5d"},"headline":"R\u00edo Negro refuerza el control ambiental: Verifican la gesti\u00f3n de residuos especiales en la Planta de TGS","datePublished":"2025-06-04T04:13:42+00:00","dateModified":"2025-06-09T15:57:36+00:00","mainEntityOfPage":{"@id":"https:\/\/patagoniambiental.com.ar\/info\/95902-2\/"},"wordCount":1406,"commentCount":0,"publisher":{"@id":"https:\/\/patagoniambiental.com.ar\/info\/#organization"},"image":{"@id":"https:\/\/patagoniambiental.com.ar\/info\/95902-2\/#primaryimage"},"thumbnailUrl":"https:\/\/patagoniambiental.com.ar\/info\/wp-content\/uploads\/2025\/06\/Getion-de-residuos-especiales.jpg","articleSection":["Noticias","Residuos peligrosos"],"inLanguage":"es","potentialAction":[{"@type":"CommentAction","name":"Comment","target":["https:\/\/patagoniambiental.com.ar\/info\/95902-2\/#respond"]}]},{"@type":"WebPage","@id":"https:\/\/patagoniambiental.com.ar\/info\/95902-2\/","url":"https:\/\/patagoniambiental.com.ar\/info\/95902-2\/","name":"R\u00edo Negro refuerza el control ambiental: Verifican la gesti\u00f3n de residuos especiales en la Planta de TGS","isPartOf":{"@id":"https:\/\/patagoniambiental.com.ar\/info\/#website"},"primaryImageOfPage":{"@id":"https:\/\/patagoniambiental.com.ar\/info\/95902-2\/#primaryimage"},"image":{"@id":"https:\/\/patagoniambiental.com.ar\/info\/95902-2\/#primaryimage"},"thumbnailUrl":"https:\/\/patagoniambiental.com.ar\/info\/wp-content\/uploads\/2025\/06\/Getion-de-residuos-especiales.jpg","datePublished":"2025-06-04T04:13:42+00:00","dateModified":"2025-06-09T15:57:36+00:00","description":"La Provincia intensifica la vigilancia ambiental sobre industrias: \u00bfQu\u00e9 encontraron en la planta de residuos especiales de Transportadora","breadcrumb":{"@id":"https:\/\/patagoniambiental.com.ar\/info\/95902-2\/#breadcrumb"},"inLanguage":"es","potentialAction":[{"@type":"ReadAction","target":["https:\/\/patagoniambiental.com.ar\/info\/95902-2\/"]}]},{"@type":"ImageObject","inLanguage":"es","@id":"https:\/\/patagoniambiental.com.ar\/info\/95902-2\/#primaryimage","url":"https:\/\/patagoniambiental.com.ar\/info\/wp-content\/uploads\/2025\/06\/Getion-de-residuos-especiales.jpg","contentUrl":"https:\/\/patagoniambiental.com.ar\/info\/wp-content\/uploads\/2025\/06\/Getion-de-residuos-especiales.jpg","width":1080,"height":607,"caption":"Gesti\u00f3n de Residuos Especiales. control Ambiental"},{"@type":"BreadcrumbList","@id":"https:\/\/patagoniambiental.com.ar\/info\/95902-2\/#breadcrumb","itemListElement":[{"@type":"ListItem","position":1,"name":"Inicio","item":"https:\/\/patagoniambiental.com.ar\/info\/"},{"@type":"ListItem","position":2,"name":"R\u00edo Negro refuerza el control ambiental: Verifican la gesti\u00f3n de residuos especiales en la Planta de TGS"}]},{"@type":"WebSite","@id":"https:\/\/patagoniambiental.com.ar\/info\/#website","url":"https:\/\/patagoniambiental.com.ar\/info\/","name":"Patagonia Ambiental","description":"Monitoreo y an\u00e1lisis de la situaci\u00f3n geopol\u00edtica en el mundo y su implicancia en la Patagonia","publisher":{"@id":"https:\/\/patagoniambiental.com.ar\/info\/#organization"},"potentialAction":[{"@type":"SearchAction","target":{"@type":"EntryPoint","urlTemplate":"https:\/\/patagoniambiental.com.ar\/info\/?s={search_term_string}"},"query-input":{"@type":"PropertyValueSpecification","valueRequired":true,"valueName":"search_term_string"}}],"inLanguage":"es"},{"@type":"Organization","@id":"https:\/\/patagoniambiental.com.ar\/info\/#organization","name":"Patagonia Ambiental","url":"https:\/\/patagoniambiental.com.ar\/info\/","logo":{"@type":"ImageObject","inLanguage":"es","@id":"https:\/\/patagoniambiental.com.ar\/info\/#\/schema\/logo\/image\/","url":"https:\/\/patagoniambiental.com.ar\/info\/wp-content\/uploads\/2025\/05\/LOGO-PATAGONIA-AMBIENTAL.png","contentUrl":"https:\/\/patagoniambiental.com.ar\/info\/wp-content\/uploads\/2025\/05\/LOGO-PATAGONIA-AMBIENTAL.png","width":433,"height":250,"caption":"Patagonia Ambiental"},"image":{"@id":"https:\/\/patagoniambiental.com.ar\/info\/#\/schema\/logo\/image\/"},"sameAs":["https:\/\/www.facebook.com\/patagonia.ambiental","https:\/\/x.com\/PatAmb"]},{"@type":"Person","@id":"https:\/\/patagoniambiental.com.ar\/info\/#\/schema\/person\/db12bff64bbcbf6a253710bf0ea37b5d","name":"Patagonia Ambiental","description":"Andr\u00e9s Nievas T\u00e9cnico en manejo ambiental, consultor Ambiental y escritor para medios locales e internacionales sobre temas de geopolitica y medio ambiente.","sameAs":["http:\/\/www.patagoniambiental.com.ar","https:\/\/www.facebook.com\/share\/1C1V8Gv9BX\/?mibextid=qi2Omg","@patagoniambiental","https:\/\/youtube.com\/@patagoniaambiental2023?si=BLt58t0wuXquxlYZ"]}]}},"_links":{"self":[{"href":"https:\/\/patagoniambiental.com.ar\/info\/wp-json\/wp\/v2\/posts\/95902","targetHints":{"allow":["GET"]}}],"collection":[{"href":"https:\/\/patagoniambiental.com.ar\/info\/wp-json\/wp\/v2\/posts"}],"about":[{"href":"https:\/\/patagoniambiental.com.ar\/info\/wp-json\/wp\/v2\/types\/post"}],"author":[{"embeddable":true,"href":"https:\/\/patagoniambiental.com.ar\/info\/wp-json\/wp\/v2\/users\/2"}],"replies":[{"embeddable":true,"href":"https:\/\/patagoniambiental.com.ar\/info\/wp-json\/wp\/v2\/comments?post=95902"}],"version-history":[{"count":4,"href":"https:\/\/patagoniambiental.com.ar\/info\/wp-json\/wp\/v2\/posts\/95902\/revisions"}],"predecessor-version":[{"id":96076,"href":"https:\/\/patagoniambiental.com.ar\/info\/wp-json\/wp\/v2\/posts\/95902\/revisions\/96076"}],"wp:featuredmedia":[{"embeddable":true,"href":"https:\/\/patagoniambiental.com.ar\/info\/wp-json\/wp\/v2\/media\/96088"}],"wp:attachment":[{"href":"https:\/\/patagoniambiental.com.ar\/info\/wp-json\/wp\/v2\/media?parent=95902"}],"wp:term":[{"taxonomy":"category","embeddable":true,"href":"https:\/\/patagoniambiental.com.ar\/info\/wp-json\/wp\/v2\/categories?post=95902"},{"taxonomy":"post_tag","embeddable":true,"href":"https:\/\/patagoniambiental.com.ar\/info\/wp-json\/wp\/v2\/tags?post=95902"}],"curies":[{"name":"wp","href":"https:\/\/api.w.org\/{rel}","templated":true}]}}