{"id":96032,"date":"2025-11-04T08:00:00","date_gmt":"2025-11-04T11:00:00","guid":{"rendered":"https:\/\/patagoniambiental.com.ar\/info\/?p=96032"},"modified":"2025-11-04T08:33:11","modified_gmt":"2025-11-04T11:33:11","slug":"agenda-ambiental-2025-los-eventos-clave-del-ano-en-argentina-y-el-mundo-que-no-te-podes-perder","status":"publish","type":"post","link":"https:\/\/patagoniambiental.com.ar\/info\/agenda-ambiental-2025-los-eventos-clave-del-ano-en-argentina-y-el-mundo-que-no-te-podes-perder\/","title":{"rendered":"Agenda ambiental 2025: los eventos clave del a\u00f1o en Argentina y el mundo que no te pod\u00e9s perder"},"content":{"rendered":"\n<!--more-->\n\n\n\n<p>Viedma, Rio Negro, 6 de junio de 2025.- \u00bfSab\u00edas que 2025 ser\u00e1 un a\u00f1o cargado de actividades ambientales en todo el mundo? Desde congresos clim\u00e1ticos hasta ferias agroecol\u00f3gicas y jornadas de ciencia ciudadana, la agenda ambiental crece cada vez m\u00e1s. En esta nota te contamos cu\u00e1les son los principales eventos programados, tanto en Argentina como a nivel global, para que puedas planificar tu participaci\u00f3n, difundir acciones locales o simplemente mantenerte informado.<\/p>\n\n\n\n<h2 class=\"wp-block-heading\" id=\"h-que-es-una-agenda-ambiental-y-por-que-es-importante\">\ud83c\udf31 \u00bfQu\u00e9 es una agenda ambiental y por qu\u00e9 es importante?<\/h2>\n\n\n\n<p>Una agenda ambiental es un calendario que re\u00fane las principales actividades relacionadas con el cuidado del medio ambiente, como congresos, ferias, festivales, cumbres internacionales, jornadas cient\u00edficas y campa\u00f1as de concientizaci\u00f3n. Su importancia radica en la difusi\u00f3n del conocimiento, la articulaci\u00f3n de pol\u00edticas p\u00fablicas, la educaci\u00f3n ambiental y la participaci\u00f3n ciudadana.<\/p>\n\n\n\n<p><strong>\u00bfD\u00f3nde consultar m\u00e1s eventos?<\/strong><\/p>\n\n\n\n<p>En nuestra Agenda Ambiental Interactiva actualizamos regularmente eventos confirmados, incluyendo enlaces a inscripciones, transmisiones en vivo, contacto con organizadores y materiales descargables.<\/p>\n\n\n\n<p>Tambi\u00e9n pod\u00e9s seguirnos en nuestras redes sociales para recibir alertas semanales sobre nuevos eventos, cambios de fecha o lanzamientos importantes.<\/p>\n\n\n\n<h2 class=\"wp-block-heading\" id=\"h-como-podes-sumar-tu-evento\">\u00bfC\u00f3mo pod\u00e9s sumar tu evento?<\/h2>\n\n\n\n<p>Si organiz\u00e1s o conoc\u00e9s una actividad ambiental en tu ciudad, escribinos a por mensaje directo a trav\u00e9s de nuestras redes sociales o para que lo publiquemos gratuitamente. Difundimos jornadas de todo tipo: cient\u00edficas, comunitarias, escolares, art\u00edsticas, universitarias, institucionales o de ONGs.<\/p>\n\n\n\n<p><strong>&nbsp;\u00bfPor qu\u00e9 una agenda ambiental mejora el impacto colectivo?<\/strong><\/p>\n\n\n\n<p>Contar con una agenda ambiental organizada y difundida ayuda a fortalecer redes, evitar superposiciones, optimizar recursos y garantizar mayor participaci\u00f3n. Desde ferias de semillas hasta cumbres cient\u00edficas, toda acci\u00f3n suma cuando es visible, articulada y colaborativa.<\/p>\n\n\n\n<p>\ud83d\udc49 Entr\u00e1 ahora a nuestra Agenda Ambiental 2025 y empez\u00e1 a planificar tu a\u00f1o en clave ecol\u00f3gica.<\/p>\n\n\n\n<p>Compart\u00ed esta nota con tu comunidad y ayudanos a hacer crecer la participaci\u00f3n ambiental en todo el pa\u00eds.<\/p>\n\n\n\n<p><\/p>\n\n\n\n<p><\/p>\n\n\n\n<p class=\"has-text-align-center\"><strong>\ud83c\udf0d Eventos ambientales destacados a nivel internacional<\/strong><\/p>\n\n\n\n<ul class=\"wp-block-list\">\n<li>Audiencia p\u00fablica el 18 de diciembre por el oleoducto \u201cDuplicar Norte\u201d . <strong>18 de diciembre de 2025, a las 9:00 horas<\/strong>, en la sede de la Secretar\u00eda de Energ\u00eda y Ambiente de Cipolletti, ubicada en\u00a0<strong>Los Sauces y Los Arrayanes<\/strong>. <a href=\"https:\/\/patagoniambiental.com.ar\/info\/audiencia-publica\/\">Ampliar informacion<\/a><\/li>\n<\/ul>\n\n\n\n<p>\ud83d\udd39 Conferencia de las Partes (COP30) \u2013 Bel\u00e9m, Brasil \u2013 10 al 21 de noviembre<\/p>\n\n\n\n<p>Reuni\u00f3n clave sobre cambio clim\u00e1tico organizada por la ONU. Se debatir\u00e1n los compromisos globales para reducir emisiones.<\/p>\n\n\n\n<p>Sitio Web: cop30.br\/es<\/p>\n\n\n\n<p><\/p>\n\n\n\n<p>\ud83d\udd39Comit\u00e9 de Integraci\u00f3n Regi\u00f3n de Los Lagos &#8211; Ciudad de Neuqu\u00e9n, Provincia de Neuquen, del 25 al 27 de junio. Lugar: Centro de Convenciones Domuyo<\/p>\n\n\n\n<p><a href=\"https:\/\/patagoniambiental.com.ar\/info\/neuquen-sera-sede-del-comite-de-integracion-region-de-los-lagos-con-una-agenda-de-desarrollo-que-transformara-la-patagonia\/\">Ampliar  Informaci\u00f3n<\/a>: <\/p>\n\n\n\n<p>\ud83d\udd39Eco Assistant: La revoluci\u00f3n sustentable en el Cine \u2013 Curso Virtual impulsa rodajes ecol\u00f3gicos desde Bariloche. San Carlos de Bariloche- 24 de junio.<\/p>\n\n\n\n<p>Ampliar informaci\u00f3n: <a href=\"https:\/\/patagoniambiental.com.ar\/info\/eco-assistant-la-revolucion-sustentable-en-el-cine-curso-virtual-impulsa-rodajes-ecologicos-desde-bariloche\/\">Eco Assistant: La revoluci\u00f3n sustentable en el Cine \u2013 Curso Virtual impulsa rodajes ecol\u00f3gicos desde Bariloche <\/a><\/p>\n\n\n\n<p><\/p>\n\n\n\n<p>\ud83d\udd39Dia Mundial de Lucha contra la Desertificaci\u00f3n y la Sequia- Bogot\u00e1, Colombia- 17 de junio<\/p>\n\n\n\n<p>Lema de este a\u00f1o 2025: \u201cUnidos por la Tierra: Nuestro Legado. Nuestro Futuro<\/p>\n\n\n\n<p>Sitio Web:www.unccd.int<\/p>\n\n\n\n<p><\/p>\n\n\n\n<p>\ud83d\udd39 Dia Mundial del Viento, 15 de junio <\/p>\n\n\n\n<p><\/p>\n\n\n\n<p><\/p>\n\n\n\n<p>\ud83d\udd39Conferencia del D\u00eda Internacional de los Oc\u00e9anos- Niza, Francia-9 al 13 de junio<\/p>\n\n\n\n<p>Sitios web:<\/p>\n\n\n\n<p><a href=\"http:\/\/www.un.org\/es\/observances\/oceans-day\">www.un.org\/es\/observances\/oceans-day<\/a><\/p>\n\n\n\n<p><a href=\"http:\/\/www.sdgs.un.org\">www.sdgs.un.org<\/a><\/p>\n\n\n\n<p>\ud83d\udd39 D\u00eda Mundial del Medio Ambiente \u2013Provincia de Jeju, Corea del Sur- 5 de junio<\/p>\n\n\n\n<p><strong>Lema del encuentro \u201cCombatir la Contaminaci\u00f3n Pl\u00e1stica: Por un Futuro Libre de Residuos\u201d<\/strong><\/p>\n\n\n\n<p>Sitio web oficial: www.worldenvironmentday.global.<\/p>\n\n\n\n<p><\/p>\n\n\n\n<h2 class=\"wp-block-heading has-text-align-center\" id=\"h-eventos-ambientales-en-argentina-2025\"><strong>Eventos ambientales en Argentina 2025<\/strong><\/h2>\n\n\n\n<p>\ud83d\udd39<strong>Primer Congreso Binacional de Paisajismo Patag\u00f3nico, 28 y 29 de noviembre, Esquel, Provincia de Chubut<\/strong>. <a href=\"https:\/\/patagoniambiental.com.ar\/info\/primer-congreso-binacional-paisajismo-patagonico\/\">Ampliar informaci\u00f3n<\/a><\/p>\n\n\n\n<p><a href=\"https:\/\/patagoniambiental.com.ar\/info\/chubut-creativo-moda-sustentable\/\"><strong>Chubut Creativo 2025: <\/strong>el gran encuentro de dise\u00f1o sustentable y emprendedores que transformar\u00e1 Trelew y toda la Patagonia<\/a>, Trelew, Chubut del 2 al 5 de octubre<\/p>\n\n\n\n<p>\ud83d\udd39<a href=\"https:\/\/patagoniambiental.com.ar\/info\/charla-sobre-agroecologia-unrn\/\">Charla gratuita y abierta: La agroecolog\u00eda se impone: crecimiento y desaf\u00edos en la Patagonia y el mundo<\/a>, 16 de septiembre a las 19.00 horas a trav\u00e9s de Google Meet.<\/p>\n\n\n\n<p>\ud83d\udd39 Curso de posgrado \u00abDel Agronegocio a la Agroecolog\u00eda en Argentina: Genealog\u00eda, Patrones Extractivistas y Alternativas \u2013 El Bols\u00f3n, Provincia de Rio Negro\u2013 22 de julio<\/p>\n\n\n\n<p>Instituci\u00f3n responsable: Universidad Nacional de Rio Negro (UNRN)<\/p>\n\n\n\n<p>M\u00e1s informaci\u00f3n: <a href=\"mailto:posgrado.andina@unrn.edu.ar\">posgrado.andina@unrn.edu.ar<\/a><\/p>\n\n\n\n<p><\/p>\n\n\n\n<p>\ud83d\udd39<strong>Orcas en el \u00c1rea Natural Protegida Punta Bermeja: muestra fotogr\u00e1fica revela su llegada a la costa patag\u00f3nica<\/strong><\/p>\n\n\n\n<p>Hasta el 20 de julio, Area Natural Protegida Punta Bermeja, Ruta Provincial N\u00b0 1, Provincia de Rio Negro<\/p>\n\n\n\n<p><strong>Instrumentos de la Pol\u00edtica Ambiental Argentina: El Seminario de la UNRN para gestionar las \u00c1reas Protegidas Nacionales, 19 de junio<\/strong><\/p>\n\n\n\n<p>Para ampliar informaci\u00f3n: educacioncontinua.atlantica@unrn.edu.ar<\/p>\n\n\n\n<p><\/p>\n\n\n\n<p>\ud83d\udd39 <strong>Conferencia Clim\u00e1tica Internacional (CCI25), 2 de julio, C\u00f3rdoba<\/strong>, <strong>Argentina<\/strong><\/p>\n\n\n\n<p><\/p>\n\n\n\n<p>\ud83d\udd39<strong>Jornada de plantaci\u00f3n de sauce criollo en la reserva \u00abRinc\u00f3n Limay\u00bb, Plottier s\u00e1bado 7 de junio<\/strong><\/p>\n\n\n\n<p>s\u00e1bado 7 de junio, de 14 a 17 horas<\/p>\n\n\n\n<p>Organizada por las becarias del&nbsp;<a href=\"http:\/\/www.conicet.gov.ar\/\">CONICET<\/a>&nbsp;Candela Duarte Baschini y Eliana Miranse .<\/p>\n\n\n\n<p> inscripci\u00f3n previa a trav\u00e9s del sitio web de Quatro Vientos:&nbsp;<a href=\"http:\/\/www.quatrovientos.com\/reserva\">www.quatrovientos.com\/reserva<\/a><\/p>\n\n\n\n<p><\/p>\n\n\n\n<p><\/p>\n\n\n\n<p><\/p>\n\n\n\n<p>\ud83d\udd39<strong> Recicl\u00e1 y Gan\u00e1 Edici\u00f3n 2025-General Roca, Provincia de Rio Negro- 5 de junio<\/strong><\/p>\n\n\n\n<p>En un esfuerzo por fomentar la conciencia ambiental y promover pr\u00e1cticas sostenibles, la&nbsp;<a href=\"https:\/\/generalroca.gob.ar\/turnosweb\/\"><strong>Municipalidad de General Roca&nbsp;<\/strong><\/a>ha lanzado la edici\u00f3n 2025 del programa \u00abRecicl\u00e1 y Gan\u00e1\u00bb. Esta iniciativa busca involucrar a la comunidad educativa en la recolecci\u00f3n de ecobotellas, recompensando su participaci\u00f3n con premios que van desde actividades recreativas hasta bicicletas.<strong><\/strong><\/p>\n\n\n\n<p><strong>\u00bfC\u00f3mo inscribirse?<\/strong><\/p>\n\n\n\n<p>Para participar, las instituciones deben seguir los siguientes pasos:<\/p>\n\n\n\n<p>Leer las Bases y Condiciones del Programa disponibles en el sitio oficial.<\/p>\n\n\n\n<p>Descargar el formulario de inscripci\u00f3n.<\/p>\n\n\n\n<p>El director o directora del establecimiento debe completar y firmar el formulario.<\/p>\n\n\n\n<p>Presentar el formulario en el Municipio (Mitre 710) o enviarlo por correo electr\u00f3nico a&nbsp;<a href=\"mailto:medioambiente@generalroca.gob.ar\"><strong>medioambiente@generalroca.gob.ar<\/strong><\/a>.<\/p>\n\n\n\n<p><br><strong>Fechas importantes<\/strong><\/p>\n\n\n\n<p><strong>Fecha l\u00edmite para juntar las ecobotellas<\/strong>: 25 de julio de 2025.<\/p>\n\n\n\n<p><strong>Fecha del sorteo<\/strong>: 1 de agosto de 2025.<\/p>\n\n\n\n<p><\/p>\n\n\n\n<p><strong>\ud83d\udd39<\/strong><strong> Encuentro Patag\u00f3nico sobre Cambio Clim\u00e1tico y Salud-Trelew, Chubut- 26 y 27 de junio<\/strong><\/p>\n\n\n\n<p>Reuni\u00f3n de ministerios de salud, expertos y universidades para analizar el impacto del cambio clim\u00e1tico en la salud p\u00fablica.<\/p>\n\n\n\n<p>Sitio Web: secretariadesalud.chubut.gov.ar<\/p>\n\n\n\n<p><\/p>\n","protected":false},"excerpt":{"rendered":"","protected":false},"author":2,"featured_media":96342,"comment_status":"open","ping_status":"open","sticky":false,"template":"","format":"standard","meta":{"site-sidebar-layout":"default","site-content-layout":"","ast-site-content-layout":"default","site-content-style":"default","site-sidebar-style":"default","ast-global-header-display":"","ast-banner-title-visibility":"","ast-main-header-display":"","ast-hfb-above-header-display":"","ast-hfb-below-header-display":"","ast-hfb-mobile-header-display":"","site-post-title":"","ast-breadcrumbs-content":"","ast-featured-img":"","footer-sml-layout":"","ast-disable-related-posts":"","theme-transparent-header-meta":"","adv-header-id-meta":"","stick-header-meta":"","header-above-stick-meta":"","header-main-stick-meta":"","header-below-stick-meta":"","astra-migrate-meta-layouts":"default","ast-page-background-enabled":"default","ast-page-background-meta":{"desktop":{"background-color":"var(--ast-global-color-5)","background-image":"","background-repeat":"repeat","background-position":"center center","background-size":"auto","background-attachment":"scroll","background-type":"","background-media":"","overlay-type":"","overlay-color":"","overlay-opacity":"","overlay-gradient":""},"tablet":{"background-color":"","background-image":"","background-repeat":"repeat","background-position":"center center","background-size":"auto","background-attachment":"scroll","background-type":"","background-media":"","overlay-type":"","overlay-color":"","overlay-opacity":"","overlay-gradient":""},"mobile":{"background-color":"","background-image":"","background-repeat":"repeat","background-position":"center center","background-size":"auto","background-attachment":"scroll","background-type":"","background-media":"","overlay-type":"","overlay-color":"","overlay-opacity":"","overlay-gradient":""}},"ast-content-background-meta":{"desktop":{"background-color":"var(--ast-global-color-4)","background-image":"","background-repeat":"repeat","background-position":"center center","background-size":"auto","background-attachment":"scroll","background-type":"","background-media":"","overlay-type":"","overlay-color":"","overlay-opacity":"","overlay-gradient":""},"tablet":{"background-color":"var(--ast-global-color-4)","background-image":"","background-repeat":"repeat","background-position":"center center","background-size":"auto","background-attachment":"scroll","background-type":"","background-media":"","overlay-type":"","overlay-color":"","overlay-opacity":"","overlay-gradient":""},"mobile":{"background-color":"var(--ast-global-color-4)","background-image":"","background-repeat":"repeat","background-position":"center center","background-size":"auto","background-attachment":"scroll","background-type":"","background-media":"","overlay-type":"","overlay-color":"","overlay-opacity":"","overlay-gradient":""}},"footnotes":""},"categories":[12,1],"tags":[],"class_list":["post-96032","post","type-post","status-publish","format-standard","has-post-thumbnail","hentry","category-agenda-ambiental","category-noticias"],"yoast_head":"<!-- This site is optimized with the Yoast SEO Premium plugin v23.0 (Yoast SEO v27.5) - https:\/\/yoast.com\/product\/yoast-seo-premium-wordpress\/ -->\n<title>Agenda ambiental 2025: los eventos clave del a\u00f1o en Argentina y el mundo que no te pod\u00e9s perder<\/title>\n<meta name=\"description\" content=\"Sab\u00edas que 2025 ser\u00e1 un a\u00f1o cargado de actividades ambientales en todo el mundo? Desde congresos clim\u00e1ticos hasta ferias agroecol\u00f3gicas\" \/>\n<meta name=\"robots\" content=\"index, follow, max-snippet:-1, max-image-preview:large, max-video-preview:-1\" \/>\n<link rel=\"canonical\" href=\"https:\/\/patagoniambiental.com.ar\/info\/agenda-ambiental-2025-los-eventos-clave-del-ano-en-argentina-y-el-mundo-que-no-te-podes-perder\/\" \/>\n<meta property=\"og:locale\" content=\"es_ES\" \/>\n<meta property=\"og:type\" content=\"article\" \/>\n<meta property=\"og:title\" content=\"Agenda ambiental 2025: los eventos clave del a\u00f1o en Argentina y el mundo que no te pod\u00e9s perder\" \/>\n<meta property=\"og:description\" content=\"Sab\u00edas que 2025 ser\u00e1 un a\u00f1o cargado de actividades ambientales en todo el mundo? Desde congresos clim\u00e1ticos hasta ferias agroecol\u00f3gicas\" \/>\n<meta property=\"og:url\" content=\"https:\/\/patagoniambiental.com.ar\/info\/agenda-ambiental-2025-los-eventos-clave-del-ano-en-argentina-y-el-mundo-que-no-te-podes-perder\/\" \/>\n<meta property=\"og:site_name\" content=\"Patagonia Ambiental\" \/>\n<meta property=\"article:publisher\" content=\"https:\/\/www.facebook.com\/patagonia.ambiental\" \/>\n<meta property=\"article:author\" content=\"https:\/\/www.facebook.com\/share\/1C1V8Gv9BX\/?mibextid=qi2Omg\" \/>\n<meta property=\"article:published_time\" content=\"2025-11-04T11:00:00+00:00\" \/>\n<meta property=\"article:modified_time\" content=\"2025-11-04T11:33:11+00:00\" \/>\n<meta property=\"og:image\" content=\"https:\/\/patagoniambiental.com.ar\/info\/wp-content\/uploads\/2025\/06\/CALENDARIO-AMBIENTAL-2025.webp\" \/>\n\t<meta property=\"og:image:width\" content=\"1527\" \/>\n\t<meta property=\"og:image:height\" content=\"1080\" \/>\n\t<meta property=\"og:image:type\" content=\"image\/webp\" \/>\n<meta name=\"author\" content=\"Patagonia Ambiental\" \/>\n<meta name=\"twitter:card\" content=\"summary_large_image\" \/>\n<meta name=\"twitter:creator\" content=\"@PatAmb\" \/>\n<meta name=\"twitter:site\" content=\"@PatAmb\" \/>\n<script type=\"application\/ld+json\" class=\"yoast-schema-graph\">{\"@context\":\"https:\\\/\\\/schema.org\",\"@graph\":[{\"@type\":\"Article\",\"@id\":\"https:\\\/\\\/patagoniambiental.com.ar\\\/info\\\/agenda-ambiental-2025-los-eventos-clave-del-ano-en-argentina-y-el-mundo-que-no-te-podes-perder\\\/#article\",\"isPartOf\":{\"@id\":\"https:\\\/\\\/patagoniambiental.com.ar\\\/info\\\/agenda-ambiental-2025-los-eventos-clave-del-ano-en-argentina-y-el-mundo-que-no-te-podes-perder\\\/\"},\"author\":{\"name\":\"Patagonia Ambiental\",\"@id\":\"https:\\\/\\\/patagoniambiental.com.ar\\\/info\\\/#\\\/schema\\\/person\\\/db12bff64bbcbf6a253710bf0ea37b5d\"},\"headline\":\"Agenda ambiental 2025: los eventos clave del a\u00f1o en Argentina y el mundo que no te pod\u00e9s perder\",\"datePublished\":\"2025-11-04T11:00:00+00:00\",\"dateModified\":\"2025-11-04T11:33:11+00:00\",\"mainEntityOfPage\":{\"@id\":\"https:\\\/\\\/patagoniambiental.com.ar\\\/info\\\/agenda-ambiental-2025-los-eventos-clave-del-ano-en-argentina-y-el-mundo-que-no-te-podes-perder\\\/\"},\"wordCount\":1047,\"commentCount\":0,\"publisher\":{\"@id\":\"https:\\\/\\\/patagoniambiental.com.ar\\\/info\\\/#organization\"},\"image\":{\"@id\":\"https:\\\/\\\/patagoniambiental.com.ar\\\/info\\\/agenda-ambiental-2025-los-eventos-clave-del-ano-en-argentina-y-el-mundo-que-no-te-podes-perder\\\/#primaryimage\"},\"thumbnailUrl\":\"https:\\\/\\\/patagoniambiental.com.ar\\\/info\\\/wp-content\\\/uploads\\\/2025\\\/06\\\/CALENDARIO-AMBIENTAL-2025.webp\",\"articleSection\":[\"Agenda Ambiental\",\"Noticias\"],\"inLanguage\":\"es\",\"potentialAction\":[{\"@type\":\"CommentAction\",\"name\":\"Comment\",\"target\":[\"https:\\\/\\\/patagoniambiental.com.ar\\\/info\\\/agenda-ambiental-2025-los-eventos-clave-del-ano-en-argentina-y-el-mundo-que-no-te-podes-perder\\\/#respond\"]}]},{\"@type\":\"WebPage\",\"@id\":\"https:\\\/\\\/patagoniambiental.com.ar\\\/info\\\/agenda-ambiental-2025-los-eventos-clave-del-ano-en-argentina-y-el-mundo-que-no-te-podes-perder\\\/\",\"url\":\"https:\\\/\\\/patagoniambiental.com.ar\\\/info\\\/agenda-ambiental-2025-los-eventos-clave-del-ano-en-argentina-y-el-mundo-que-no-te-podes-perder\\\/\",\"name\":\"Agenda ambiental 2025: los eventos clave del a\u00f1o en Argentina y el mundo que no te pod\u00e9s perder\",\"isPartOf\":{\"@id\":\"https:\\\/\\\/patagoniambiental.com.ar\\\/info\\\/#website\"},\"primaryImageOfPage\":{\"@id\":\"https:\\\/\\\/patagoniambiental.com.ar\\\/info\\\/agenda-ambiental-2025-los-eventos-clave-del-ano-en-argentina-y-el-mundo-que-no-te-podes-perder\\\/#primaryimage\"},\"image\":{\"@id\":\"https:\\\/\\\/patagoniambiental.com.ar\\\/info\\\/agenda-ambiental-2025-los-eventos-clave-del-ano-en-argentina-y-el-mundo-que-no-te-podes-perder\\\/#primaryimage\"},\"thumbnailUrl\":\"https:\\\/\\\/patagoniambiental.com.ar\\\/info\\\/wp-content\\\/uploads\\\/2025\\\/06\\\/CALENDARIO-AMBIENTAL-2025.webp\",\"datePublished\":\"2025-11-04T11:00:00+00:00\",\"dateModified\":\"2025-11-04T11:33:11+00:00\",\"description\":\"Sab\u00edas que 2025 ser\u00e1 un a\u00f1o cargado de actividades ambientales en todo el mundo? Desde congresos clim\u00e1ticos hasta ferias agroecol\u00f3gicas\",\"breadcrumb\":{\"@id\":\"https:\\\/\\\/patagoniambiental.com.ar\\\/info\\\/agenda-ambiental-2025-los-eventos-clave-del-ano-en-argentina-y-el-mundo-que-no-te-podes-perder\\\/#breadcrumb\"},\"inLanguage\":\"es\",\"potentialAction\":[{\"@type\":\"ReadAction\",\"target\":[\"https:\\\/\\\/patagoniambiental.com.ar\\\/info\\\/agenda-ambiental-2025-los-eventos-clave-del-ano-en-argentina-y-el-mundo-que-no-te-podes-perder\\\/\"]}]},{\"@type\":\"ImageObject\",\"inLanguage\":\"es\",\"@id\":\"https:\\\/\\\/patagoniambiental.com.ar\\\/info\\\/agenda-ambiental-2025-los-eventos-clave-del-ano-en-argentina-y-el-mundo-que-no-te-podes-perder\\\/#primaryimage\",\"url\":\"https:\\\/\\\/patagoniambiental.com.ar\\\/info\\\/wp-content\\\/uploads\\\/2025\\\/06\\\/CALENDARIO-AMBIENTAL-2025.webp\",\"contentUrl\":\"https:\\\/\\\/patagoniambiental.com.ar\\\/info\\\/wp-content\\\/uploads\\\/2025\\\/06\\\/CALENDARIO-AMBIENTAL-2025.webp\",\"width\":1527,\"height\":1080,\"caption\":\"Agenda de Eventos Ambientales 2025\"},{\"@type\":\"BreadcrumbList\",\"@id\":\"https:\\\/\\\/patagoniambiental.com.ar\\\/info\\\/agenda-ambiental-2025-los-eventos-clave-del-ano-en-argentina-y-el-mundo-que-no-te-podes-perder\\\/#breadcrumb\",\"itemListElement\":[{\"@type\":\"ListItem\",\"position\":1,\"name\":\"Inicio\",\"item\":\"https:\\\/\\\/patagoniambiental.com.ar\\\/info\\\/\"},{\"@type\":\"ListItem\",\"position\":2,\"name\":\"Agenda ambiental 2025: los eventos clave del a\u00f1o en Argentina y el mundo que no te pod\u00e9s perder\"}]},{\"@type\":\"WebSite\",\"@id\":\"https:\\\/\\\/patagoniambiental.com.ar\\\/info\\\/#website\",\"url\":\"https:\\\/\\\/patagoniambiental.com.ar\\\/info\\\/\",\"name\":\"Patagonia Ambiental\",\"description\":\"Monitoreo y an\u00e1lisis de la situaci\u00f3n geopol\u00edtica en el mundo y su implicancia en la Patagonia\",\"publisher\":{\"@id\":\"https:\\\/\\\/patagoniambiental.com.ar\\\/info\\\/#organization\"},\"potentialAction\":[{\"@type\":\"SearchAction\",\"target\":{\"@type\":\"EntryPoint\",\"urlTemplate\":\"https:\\\/\\\/patagoniambiental.com.ar\\\/info\\\/?s={search_term_string}\"},\"query-input\":{\"@type\":\"PropertyValueSpecification\",\"valueRequired\":true,\"valueName\":\"search_term_string\"}}],\"inLanguage\":\"es\"},{\"@type\":\"Organization\",\"@id\":\"https:\\\/\\\/patagoniambiental.com.ar\\\/info\\\/#organization\",\"name\":\"Patagonia Ambiental\",\"url\":\"https:\\\/\\\/patagoniambiental.com.ar\\\/info\\\/\",\"logo\":{\"@type\":\"ImageObject\",\"inLanguage\":\"es\",\"@id\":\"https:\\\/\\\/patagoniambiental.com.ar\\\/info\\\/#\\\/schema\\\/logo\\\/image\\\/\",\"url\":\"https:\\\/\\\/patagoniambiental.com.ar\\\/info\\\/wp-content\\\/uploads\\\/2025\\\/05\\\/LOGO-PATAGONIA-AMBIENTAL.png\",\"contentUrl\":\"https:\\\/\\\/patagoniambiental.com.ar\\\/info\\\/wp-content\\\/uploads\\\/2025\\\/05\\\/LOGO-PATAGONIA-AMBIENTAL.png\",\"width\":433,\"height\":250,\"caption\":\"Patagonia Ambiental\"},\"image\":{\"@id\":\"https:\\\/\\\/patagoniambiental.com.ar\\\/info\\\/#\\\/schema\\\/logo\\\/image\\\/\"},\"sameAs\":[\"https:\\\/\\\/www.facebook.com\\\/patagonia.ambiental\",\"https:\\\/\\\/x.com\\\/PatAmb\"]},{\"@type\":\"Person\",\"@id\":\"https:\\\/\\\/patagoniambiental.com.ar\\\/info\\\/#\\\/schema\\\/person\\\/db12bff64bbcbf6a253710bf0ea37b5d\",\"name\":\"Patagonia Ambiental\",\"description\":\"Andr\u00e9s Nievas T\u00e9cnico en manejo ambiental, consultor Ambiental y escritor para medios locales e internacionales sobre temas de geopolitica y medio ambiente.\",\"sameAs\":[\"http:\\\/\\\/www.patagoniambiental.com.ar\",\"https:\\\/\\\/www.facebook.com\\\/share\\\/1C1V8Gv9BX\\\/?mibextid=qi2Omg\",\"@patagoniambiental\",\"https:\\\/\\\/youtube.com\\\/@patagoniaambiental2023?si=BLt58t0wuXquxlYZ\"]}]}<\/script>\n<!-- \/ Yoast SEO Premium plugin. -->","yoast_head_json":{"title":"Agenda ambiental 2025: los eventos clave del a\u00f1o en Argentina y el mundo que no te pod\u00e9s perder","description":"Sab\u00edas que 2025 ser\u00e1 un a\u00f1o cargado de actividades ambientales en todo el mundo? Desde congresos clim\u00e1ticos hasta ferias agroecol\u00f3gicas","robots":{"index":"index","follow":"follow","max-snippet":"max-snippet:-1","max-image-preview":"max-image-preview:large","max-video-preview":"max-video-preview:-1"},"canonical":"https:\/\/patagoniambiental.com.ar\/info\/agenda-ambiental-2025-los-eventos-clave-del-ano-en-argentina-y-el-mundo-que-no-te-podes-perder\/","og_locale":"es_ES","og_type":"article","og_title":"Agenda ambiental 2025: los eventos clave del a\u00f1o en Argentina y el mundo que no te pod\u00e9s perder","og_description":"Sab\u00edas que 2025 ser\u00e1 un a\u00f1o cargado de actividades ambientales en todo el mundo? Desde congresos clim\u00e1ticos hasta ferias agroecol\u00f3gicas","og_url":"https:\/\/patagoniambiental.com.ar\/info\/agenda-ambiental-2025-los-eventos-clave-del-ano-en-argentina-y-el-mundo-que-no-te-podes-perder\/","og_site_name":"Patagonia Ambiental","article_publisher":"https:\/\/www.facebook.com\/patagonia.ambiental","article_author":"https:\/\/www.facebook.com\/share\/1C1V8Gv9BX\/?mibextid=qi2Omg","article_published_time":"2025-11-04T11:00:00+00:00","article_modified_time":"2025-11-04T11:33:11+00:00","og_image":[{"width":1527,"height":1080,"url":"https:\/\/patagoniambiental.com.ar\/info\/wp-content\/uploads\/2025\/06\/CALENDARIO-AMBIENTAL-2025.webp","type":"image\/webp"}],"author":"Patagonia Ambiental","twitter_card":"summary_large_image","twitter_creator":"@PatAmb","twitter_site":"@PatAmb","schema":{"@context":"https:\/\/schema.org","@graph":[{"@type":"Article","@id":"https:\/\/patagoniambiental.com.ar\/info\/agenda-ambiental-2025-los-eventos-clave-del-ano-en-argentina-y-el-mundo-que-no-te-podes-perder\/#article","isPartOf":{"@id":"https:\/\/patagoniambiental.com.ar\/info\/agenda-ambiental-2025-los-eventos-clave-del-ano-en-argentina-y-el-mundo-que-no-te-podes-perder\/"},"author":{"name":"Patagonia Ambiental","@id":"https:\/\/patagoniambiental.com.ar\/info\/#\/schema\/person\/db12bff64bbcbf6a253710bf0ea37b5d"},"headline":"Agenda ambiental 2025: los eventos clave del a\u00f1o en Argentina y el mundo que no te pod\u00e9s perder","datePublished":"2025-11-04T11:00:00+00:00","dateModified":"2025-11-04T11:33:11+00:00","mainEntityOfPage":{"@id":"https:\/\/patagoniambiental.com.ar\/info\/agenda-ambiental-2025-los-eventos-clave-del-ano-en-argentina-y-el-mundo-que-no-te-podes-perder\/"},"wordCount":1047,"commentCount":0,"publisher":{"@id":"https:\/\/patagoniambiental.com.ar\/info\/#organization"},"image":{"@id":"https:\/\/patagoniambiental.com.ar\/info\/agenda-ambiental-2025-los-eventos-clave-del-ano-en-argentina-y-el-mundo-que-no-te-podes-perder\/#primaryimage"},"thumbnailUrl":"https:\/\/patagoniambiental.com.ar\/info\/wp-content\/uploads\/2025\/06\/CALENDARIO-AMBIENTAL-2025.webp","articleSection":["Agenda Ambiental","Noticias"],"inLanguage":"es","potentialAction":[{"@type":"CommentAction","name":"Comment","target":["https:\/\/patagoniambiental.com.ar\/info\/agenda-ambiental-2025-los-eventos-clave-del-ano-en-argentina-y-el-mundo-que-no-te-podes-perder\/#respond"]}]},{"@type":"WebPage","@id":"https:\/\/patagoniambiental.com.ar\/info\/agenda-ambiental-2025-los-eventos-clave-del-ano-en-argentina-y-el-mundo-que-no-te-podes-perder\/","url":"https:\/\/patagoniambiental.com.ar\/info\/agenda-ambiental-2025-los-eventos-clave-del-ano-en-argentina-y-el-mundo-que-no-te-podes-perder\/","name":"Agenda ambiental 2025: los eventos clave del a\u00f1o en Argentina y el mundo que no te pod\u00e9s perder","isPartOf":{"@id":"https:\/\/patagoniambiental.com.ar\/info\/#website"},"primaryImageOfPage":{"@id":"https:\/\/patagoniambiental.com.ar\/info\/agenda-ambiental-2025-los-eventos-clave-del-ano-en-argentina-y-el-mundo-que-no-te-podes-perder\/#primaryimage"},"image":{"@id":"https:\/\/patagoniambiental.com.ar\/info\/agenda-ambiental-2025-los-eventos-clave-del-ano-en-argentina-y-el-mundo-que-no-te-podes-perder\/#primaryimage"},"thumbnailUrl":"https:\/\/patagoniambiental.com.ar\/info\/wp-content\/uploads\/2025\/06\/CALENDARIO-AMBIENTAL-2025.webp","datePublished":"2025-11-04T11:00:00+00:00","dateModified":"2025-11-04T11:33:11+00:00","description":"Sab\u00edas que 2025 ser\u00e1 un a\u00f1o cargado de actividades ambientales en todo el mundo? Desde congresos clim\u00e1ticos hasta ferias agroecol\u00f3gicas","breadcrumb":{"@id":"https:\/\/patagoniambiental.com.ar\/info\/agenda-ambiental-2025-los-eventos-clave-del-ano-en-argentina-y-el-mundo-que-no-te-podes-perder\/#breadcrumb"},"inLanguage":"es","potentialAction":[{"@type":"ReadAction","target":["https:\/\/patagoniambiental.com.ar\/info\/agenda-ambiental-2025-los-eventos-clave-del-ano-en-argentina-y-el-mundo-que-no-te-podes-perder\/"]}]},{"@type":"ImageObject","inLanguage":"es","@id":"https:\/\/patagoniambiental.com.ar\/info\/agenda-ambiental-2025-los-eventos-clave-del-ano-en-argentina-y-el-mundo-que-no-te-podes-perder\/#primaryimage","url":"https:\/\/patagoniambiental.com.ar\/info\/wp-content\/uploads\/2025\/06\/CALENDARIO-AMBIENTAL-2025.webp","contentUrl":"https:\/\/patagoniambiental.com.ar\/info\/wp-content\/uploads\/2025\/06\/CALENDARIO-AMBIENTAL-2025.webp","width":1527,"height":1080,"caption":"Agenda de Eventos Ambientales 2025"},{"@type":"BreadcrumbList","@id":"https:\/\/patagoniambiental.com.ar\/info\/agenda-ambiental-2025-los-eventos-clave-del-ano-en-argentina-y-el-mundo-que-no-te-podes-perder\/#breadcrumb","itemListElement":[{"@type":"ListItem","position":1,"name":"Inicio","item":"https:\/\/patagoniambiental.com.ar\/info\/"},{"@type":"ListItem","position":2,"name":"Agenda ambiental 2025: los eventos clave del a\u00f1o en Argentina y el mundo que no te pod\u00e9s perder"}]},{"@type":"WebSite","@id":"https:\/\/patagoniambiental.com.ar\/info\/#website","url":"https:\/\/patagoniambiental.com.ar\/info\/","name":"Patagonia Ambiental","description":"Monitoreo y an\u00e1lisis de la situaci\u00f3n geopol\u00edtica en el mundo y su implicancia en la Patagonia","publisher":{"@id":"https:\/\/patagoniambiental.com.ar\/info\/#organization"},"potentialAction":[{"@type":"SearchAction","target":{"@type":"EntryPoint","urlTemplate":"https:\/\/patagoniambiental.com.ar\/info\/?s={search_term_string}"},"query-input":{"@type":"PropertyValueSpecification","valueRequired":true,"valueName":"search_term_string"}}],"inLanguage":"es"},{"@type":"Organization","@id":"https:\/\/patagoniambiental.com.ar\/info\/#organization","name":"Patagonia Ambiental","url":"https:\/\/patagoniambiental.com.ar\/info\/","logo":{"@type":"ImageObject","inLanguage":"es","@id":"https:\/\/patagoniambiental.com.ar\/info\/#\/schema\/logo\/image\/","url":"https:\/\/patagoniambiental.com.ar\/info\/wp-content\/uploads\/2025\/05\/LOGO-PATAGONIA-AMBIENTAL.png","contentUrl":"https:\/\/patagoniambiental.com.ar\/info\/wp-content\/uploads\/2025\/05\/LOGO-PATAGONIA-AMBIENTAL.png","width":433,"height":250,"caption":"Patagonia Ambiental"},"image":{"@id":"https:\/\/patagoniambiental.com.ar\/info\/#\/schema\/logo\/image\/"},"sameAs":["https:\/\/www.facebook.com\/patagonia.ambiental","https:\/\/x.com\/PatAmb"]},{"@type":"Person","@id":"https:\/\/patagoniambiental.com.ar\/info\/#\/schema\/person\/db12bff64bbcbf6a253710bf0ea37b5d","name":"Patagonia Ambiental","description":"Andr\u00e9s Nievas T\u00e9cnico en manejo ambiental, consultor Ambiental y escritor para medios locales e internacionales sobre temas de geopolitica y medio ambiente.","sameAs":["http:\/\/www.patagoniambiental.com.ar","https:\/\/www.facebook.com\/share\/1C1V8Gv9BX\/?mibextid=qi2Omg","@patagoniambiental","https:\/\/youtube.com\/@patagoniaambiental2023?si=BLt58t0wuXquxlYZ"]}]}},"_links":{"self":[{"href":"https:\/\/patagoniambiental.com.ar\/info\/wp-json\/wp\/v2\/posts\/96032","targetHints":{"allow":["GET"]}}],"collection":[{"href":"https:\/\/patagoniambiental.com.ar\/info\/wp-json\/wp\/v2\/posts"}],"about":[{"href":"https:\/\/patagoniambiental.com.ar\/info\/wp-json\/wp\/v2\/types\/post"}],"author":[{"embeddable":true,"href":"https:\/\/patagoniambiental.com.ar\/info\/wp-json\/wp\/v2\/users\/2"}],"replies":[{"embeddable":true,"href":"https:\/\/patagoniambiental.com.ar\/info\/wp-json\/wp\/v2\/comments?post=96032"}],"version-history":[{"count":20,"href":"https:\/\/patagoniambiental.com.ar\/info\/wp-json\/wp\/v2\/posts\/96032\/revisions"}],"predecessor-version":[{"id":99719,"href":"https:\/\/patagoniambiental.com.ar\/info\/wp-json\/wp\/v2\/posts\/96032\/revisions\/99719"}],"wp:featuredmedia":[{"embeddable":true,"href":"https:\/\/patagoniambiental.com.ar\/info\/wp-json\/wp\/v2\/media\/96342"}],"wp:attachment":[{"href":"https:\/\/patagoniambiental.com.ar\/info\/wp-json\/wp\/v2\/media?parent=96032"}],"wp:term":[{"taxonomy":"category","embeddable":true,"href":"https:\/\/patagoniambiental.com.ar\/info\/wp-json\/wp\/v2\/categories?post=96032"},{"taxonomy":"post_tag","embeddable":true,"href":"https:\/\/patagoniambiental.com.ar\/info\/wp-json\/wp\/v2\/tags?post=96032"}],"curies":[{"name":"wp","href":"https:\/\/api.w.org\/{rel}","templated":true}]}}