{"id":97075,"date":"2025-10-26T20:00:00","date_gmt":"2025-10-26T23:00:00","guid":{"rendered":"https:\/\/patagoniambiental.com.ar\/info\/?p=97075"},"modified":"2025-10-22T10:05:57","modified_gmt":"2025-10-22T13:05:57","slug":"rio-negro-lanza-la-red-de-economia-circular-para-transformar-residuos-en-oportunidades","status":"publish","type":"post","link":"https:\/\/patagoniambiental.com.ar\/info\/rio-negro-lanza-la-red-de-economia-circular-para-transformar-residuos-en-oportunidades\/","title":{"rendered":"\u00a1R\u00edo Negro lanza la Red de Econom\u00eda Circular para transformar residuos en oportunidades!"},"content":{"rendered":"\n<!--more-->\n\n\n\n<h2 class=\"wp-block-heading\" id=\"h-que-es-la-red-de-economia-circular-en-rio-negro-y-por-que-es-clave\">\u00bfQu\u00e9 es la Red de Econom\u00eda Circular en R\u00edo Negro y por qu\u00e9 es clave?<\/h2>\n\n\n\n<p>Viedma, Rio Negro, 25 de julio de 2025. Imagina una provincia patag\u00f3nica que deja de ver sus residuos como basura y comienza a verlos como recursos valiosos: esa es la apuesta de la nueva Red de <strong><a href=\"https:\/\/patagoniambiental.com.ar\/info\/la-revolucion-silenciosa-que-puede-salvar-al-planeta-que-es-la-economia-circular-y-por-que-esta-cambiando-todo\/?fbclid=IwQ0xDSwL-C4VjbGNrAv4Lf2V4dG4DYWVtAjExAAEe2B66B4CAA-PbY_q1_6pQQX8iYp2y9wfFV9xI-8uUsO8ttwuVclGluDTVxyo_aem_e6rErk8nRgFjJPf6frXb6g\">Econom\u00eda Circular<\/a><\/strong> de R\u00edo&nbsp;Negro. Este espacio colaborativo \u2014inspirado en iniciativas como la de La&nbsp;Pampa\u2014 tiene como misi\u00f3n principal conectar empresas, cooperativas, emprendedores y organizaciones que trabajan con materiales recuperados, para darles una nueva vida productiva.<\/p>\n\n\n\n<p>El prop\u00f3sito es crear un <strong>corredor sostenible<\/strong> que reduzca la generaci\u00f3n de residuos, estimule el reciclaje local y genere impacto social, econ\u00f3mico y ambiental en toda la provincia. Al construir esta red, se busca cerrar el ciclo de los materiales: residuos que hoy terminan en vertederos ma\u00f1ana ser\u00e1n materias primas para nuevos procesos. Es una nueva forma de hacer econom\u00eda con sentido y proyecci\u00f3n regional.<\/p>\n\n\n\n<p><a href=\"https:\/\/patagoniambiental.com.ar\/info\/entrevista-exclusiva-a-mauro-borsella-desafios-de-la-economia-circular-en-argentina\/\">Noticia relacionada: Entrevista exclusiva a Mauro Borsella: Desaf\u00edos de la econom\u00eda circular en Argentina <\/a><\/p>\n\n\n\n<h2 class=\"wp-block-heading\" id=\"h-como-funcionara-la-inscripcion-y-el-mapa-colaborativo-en-rio-negro\">\u00bfC\u00f3mo funcionar\u00e1 la inscripci\u00f3n y el mapa colaborativo en R\u00edo Negro?<\/h2>\n\n\n\n<p>Muy pronto habilitaremos un link de inscripci\u00f3n que permitir\u00e1 registrarse en el <strong>Mapa de Econom\u00eda Circular de R\u00edo&nbsp;Negro,<\/strong> donde cualquier actor (empresa, organizaci\u00f3n, cooperativa o emprendimiento circular local) podr\u00e1 sumarse. Una vez registrados, figurar\u00e1n geolocalizados con informaci\u00f3n sobre qu\u00e9 materiales recuperan, cu\u00e1l es su capacidad y qu\u00e9 posibilidades de colaboraci\u00f3n ofrecen.<\/p>\n\n\n\n<p>Este mapa no solo visibiliza iniciativas circulares, sino que articula demandas y ofertas de residuos valorizables: quien genera un excedente de papel, pl\u00e1sticos, metal u otros materiales podr\u00e1 saber qui\u00e9n y c\u00f3mo puede reciclarlos. Adem\u00e1s, ese v\u00ednculo promueve nuevas alianzas empresariales y oportunidades de empleo verde.<\/p>\n\n\n\n<p><a href=\"https:\/\/patagoniambiental.com.ar\/info\/de-recolectar-cartones-en-las-calles-a-convertirlo-en-un-trabajo-formal-con-la-creacion-de-la-cooperativa-cotranvi\/\">Noticia relacionada: De recolectar cartones en las calles a convertirlo en un trabajo formal con la creaci\u00f3n de la Cooperativa COTRANVI<br><\/a><\/p>\n\n\n\n<h2 class=\"wp-block-heading\" id=\"h-beneficios-ambientales-sociales-y-economicos-de-crear-la-red\">Beneficios ambientales, sociales y econ\u00f3micos de crear la Red<\/h2>\n\n\n\n<p>El modelo de econom\u00eda circular que propone R\u00edo&nbsp;Negro aspira a un triple impacto:<\/p>\n\n\n\n<ul class=\"wp-block-list\">\n<li><strong>Ambiental<\/strong>, al reducir residuos y huella ecol\u00f3gica<\/li>\n\n\n\n<li><strong>Social<\/strong>, , al fortalecer cooperativas y emprendimientos locales;<\/li>\n\n\n\n<li><strong>Econ\u00f3mico<\/strong>, al crear nuevas cadenas de valor y empleos.<\/li>\n<\/ul>\n\n\n\n<p>Al mantener materiales en circulaci\u00f3n, se optimiza el uso de recursos, se disminuye la dependencia de materias primas v\u00edrgenes y se impulsa la innovaci\u00f3n a nivel local. Por ejemplo, residuos org\u00e1nicos de industrias agroalimentarias podr\u00edan transformarse en compost, mientras que materiales pl\u00e1sticos o metales pueden ser reciclados por cooperativas, generando trabajo e ingresos. Adem\u00e1s, este enfoque potencia la competitividad de las empresas locales al reducir costos y mejorar su perfil ambiental.<\/p>\n\n\n\n<p><a href=\"https:\/\/patagoniambiental.com.ar\/info\/la-sede-atlantica-de-la-unrn-firma-convenio-con-la-cooperativa-de-reciclado-cotranvi\/\">Noticia relacionada: La Sede Atl\u00e1ntica de la UNRN firma convenio con la Cooperativa de Reciclado COTRANVI<br><\/a><\/p>\n\n\n\n<h2 class=\"wp-block-heading\" id=\"h-que-industrias-pueden-participar-en-la-red-de-economia-circular-de-rio-negro\">\u00bfQu\u00e9 industrias pueden participar en la Red de Econom\u00eda Circular de R\u00edo Negro?<\/h2>\n\n\n\n<p>Una de las grandes virtudes de esta Red es su car\u00e1cter inclusivo: cualquier actividad productiva, comercial, industrial o de servicios que genere residuos susceptibles de ser reciclados o reutilizados puede formar parte. Esto incluye desde grandes industrias hasta peque\u00f1os emprendimientos y cooperativas.<\/p>\n\n\n\n<p>Entre las actividades m\u00e1s relevantes que pueden integrarse a la Red, se encuentran:<\/p>\n\n\n\n<ul class=\"wp-block-list\">\n<li>Empresas agroindustriales que generen subproductos org\u00e1nicos o envases reutilizables.<\/li>\n\n\n\n<li>Industrias manufactureras que produzcan descartes pl\u00e1sticos, met\u00e1licos, textiles o de papel<\/li>\n\n\n\n<li>.Comercios minoristas y mayoristas, especialmente los que generan residuos de cart\u00f3n, embalajes, pallets o productos vencidos.<\/li>\n\n\n\n<li>Emprendimientos gastron\u00f3micos y del rubro hotelero, con residuos org\u00e1nicos, botellas y envases<\/li>\n\n\n\n<li>Establecimientos educativos y organismos p\u00fablicos, que promuevan circuitos internos de separaci\u00f3n y reciclaje.<\/li>\n\n\n\n<li>Cooperativas de trabajo y recicladores urbanos, que cumplen un rol clave en la recolecci\u00f3n y clasificaci\u00f3n de residuos.<\/li>\n<\/ul>\n\n\n\n<p>La Red busca que todos estos actores no solo reduzcan su impacto ambiental, sino que interact\u00faen entre s\u00ed, cerrando ciclos productivos y generando nuevas oportunidades de negocio en el marco de un sistema de econom\u00eda circular local.<\/p>\n\n\n\n<p><a href=\"https:\/\/patagoniambiental.com.ar\/info\/el-gobierno-de-viedma-firmo-un-acuerdo-con-la-cooperativa-cotranvi\/\">Noticia relacionada: El gobierno de Viedma firm\u00f3 un acuerdo con la cooperativa COTRANVI<\/a><br><\/p>\n\n\n\n<h2 class=\"wp-block-heading\" id=\"h-que-tipos-de-residuos-se-aceptan-en-la-red\">\u267b\ufe0f \u00bfQu\u00e9 tipos de residuos se aceptan en la Red?<\/h2>\n\n\n\n<p>La econom\u00eda circular parte de una premisa sencilla pero poderosa: los residuos pueden ser recursos si se gestionan correctamente. Por eso, la Red se enfoca en promover la valorizaci\u00f3n de materiales recuperables, a trav\u00e9s de procesos como reciclaje, reutilizaci\u00f3n, compostaje o redise\u00f1o productivo.<\/p>\n\n\n\n<p>Los residuos m\u00e1s frecuentemente aceptados y que podr\u00edan ingresar al circuito circular en R\u00edo Negro son:<\/p>\n\n\n\n<ul class=\"wp-block-list\">\n<li><strong>Residuos pl\u00e1sticos<\/strong> (botellas, films, bidones, bolsas, tapitas, etc.).<\/li>\n\n\n\n<li><strong>Cart\u00f3n y papel<\/strong> (archivos, cajas, papel blanco o mezclado).<\/li>\n\n\n\n<li>Vidrio (botellas, frascos).<\/li>\n\n\n\n<li><strong>Metales<\/strong> (aluminio, chatarra ferrosa y no ferrosa).<\/li>\n\n\n\n<li><strong>Textiles descartados<\/strong> (ropa en mal estado, retazos de tela).<\/li>\n\n\n\n<li><strong>Residuos org\u00e1nicos<\/strong> (restos de comida, poda, esti\u00e9rcol animal para compostaje).<\/li>\n\n\n\n<li><strong>Aceites vegetales usados<\/strong>, que pueden ser transformados en biodiesel<\/li>\n\n\n\n<li><strong>Maderas<\/strong> (pallets, residuos de construcci\u00f3n).<\/li>\n\n\n\n<li><strong>Electr\u00f3nicos y el\u00e9ctricos <\/strong>fuera de uso (RAEE).<\/li>\n\n\n\n<li><strong>Neum\u00e1ticos usados<\/strong> y otros residuos de dif\u00edcil disposici\u00f3n que hoy terminan en basurales o rellenos sanitarios.<\/li>\n<\/ul>\n\n\n\n<p><\/p>\n\n\n\n<p>Este abanico diverso permite que muchos sectores puedan integrarse, incluso aquellos que hasta ahora no sab\u00edan que sus residuos pod\u00edan tener una segunda vida \u00fatil.<\/p>\n\n\n\n<h2 class=\"wp-block-heading\" id=\"h-hay-costos-de-inscripcion-para-formar-parte-de-la-red\">\u00bfHay costos de inscripci\u00f3n para formar parte de la Red?<\/h2>\n\n\n\n<p>No. La inscripci\u00f3n ser\u00e1 totalmente gratuita. El objetivo de la Red de Econom\u00eda Circular de R\u00edo Negro es fomentar la participaci\u00f3n voluntaria, articulada y cooperativa de todos los actores que puedan aportar o beneficiarse del modelo circular.<\/p>\n\n\n\n<p><a href=\"https:\/\/patagoniambiental.com.ar\/info\/la-cooperativa-de-trabajo-ebenezer-ltda-apuesta-por-el-cuidado-del-ambiente\/\">Noticia relacionada: La Cooperativa de trabajo Ebenezer Ltda. apuesta por el cuidado del ambiente<\/a><br><\/p>\n\n\n\n<p>La idea es crear una plataforma abierta y sin barreras econ\u00f3micas, para facilitar la incorporaci\u00f3n de peque\u00f1os productores, cooperativas de base, emprendimientos familiares y organizaciones sociales, que muchas veces quedan excluidos de otras iniciativas por falta de recursos. De este modo, se democratiza la posibilidad de sumarse al cambio circular, generar v\u00ednculos comerciales, mejorar procesos internos y acceder a nuevas oportunidades de financiamiento o capacitaci\u00f3n.<\/p>\n\n\n\n<h2 class=\"wp-block-heading\" id=\"h-existen-casos-de-exito-similares-en-argentina\">\u00bfExisten casos de \u00e9xito similares en Argentina?<\/h2>\n\n\n\n<p>S\u00ed, y uno de los m\u00e1s destacados es el de la <strong>Red de Econom\u00eda Circular<\/strong> de la provincia de La Pampa, implementada por su Secretar\u00eda de Ambiente. Esta iniciativa, vigente desde hace varios a\u00f1os, ha logrado articular a m\u00e1s de 50 actores p\u00fablicos y privados, generando impactos concretos:<\/p>\n\n\n\n<ul class=\"wp-block-list\">\n<li>Se cre\u00f3 un mapa geolocalizado con los puntos de recolecci\u00f3n, tratamiento y transformaci\u00f3n de materiales.<\/li>\n\n\n\n<li>Se fortalecieron cooperativas de reciclaje que lograron mejorar su visibilidad y acceder a m\u00e1s clientes.<\/li>\n\n\n\n<li>Se promovieron alianzas entre municipios e industrias que generaron nuevas cadenas de valor.<\/li>\n\n\n\n<li>Se capacitaron cientos de personas en buenas pr\u00e1cticas de gesti\u00f3n de residuos.<\/li>\n\n\n\n<li>Se incentivaron proyectos innovadores como la transformaci\u00f3n de botellas PET en ladrillos ecol\u00f3gicos o la creaci\u00f3n de compost a partir de residuos org\u00e1nicos.<\/li>\n<\/ul>\n\n\n\n<p>\u2022<\/p>\n\n\n\n<p>Este caso demuestra que con voluntad pol\u00edtica, articulaci\u00f3n p\u00fablico-privada y una herramienta colaborativa bien dise\u00f1ada, es posible construir un ecosistema circular regional que genere beneficios para todos.<\/p>\n\n\n\n<p>En R\u00edo Negro, se apunta a replicar y mejorar esa experiencia, adapt\u00e1ndola a las caracter\u00edsticas de nuestro territorio: m\u00e1s amplitud geogr\u00e1fica, presencia costera, actividad frutihort\u00edcola, ganadera y tur\u00edstica, y una red diversa de municipios y actores sociales.<\/p>\n\n\n\n<h2 class=\"wp-block-heading\" id=\"h-como-se-podra-participar-en-el-mapa-de-economia-circular\">\u00bfC\u00f3mo se podr\u00e1 participar en el mapa de Econom\u00eda Circular?<\/h2>\n\n\n\n<p>En las pr\u00f3ximas semanas, en este espacio habilitaremos un formulario digital de registro para sumarse al Mapa de Econom\u00eda Circular de R\u00edo Negro y se har\u00e1 p\u00fablico el mapa, interactivo y actualizado de manera peri\u00f3dica. Esta herramienta funcionar\u00e1 como un espacio colaborativo donde las personas, empresas y organizaciones podr\u00e1n:<\/p>\n\n\n\n<ul class=\"wp-block-list\">\n<li>Dar a conocer sus actividades vinculadas a la recuperaci\u00f3n, tratamiento, transformaci\u00f3n o comercializaci\u00f3n de materiales.<\/li>\n\n\n\n<li>Informar qu\u00e9 residuos generan, procesan o valorizan.<\/li>\n\n\n\n<li>Contactarse con otros actores que puedan aportar o recibir esos materiales.<\/li>\n\n\n\n<li>Promover servicios, productos reciclados o alianzas.<\/li>\n\n\n\n<li>Visibilizar el trabajo de recicladores, cooperativas y emprendedores circulares.<\/li>\n<\/ul>\n\n\n\n<p>\u2022<\/p>\n\n\n\n<p>El objetivo es que el mapa no sea solo un directorio, sino una plataforma din\u00e1mica que facilite el match entre quienes generan residuos y quienes pueden darles una nueva utilidad, fortaleciendo as\u00ed los lazos productivos dentro de la provincia.<\/p>\n\n\n\n<h2 class=\"wp-block-heading\" id=\"h-que-oportunidades-se-abren-con-esta-red-para-el-futuro\">\u00bfQu\u00e9 oportunidades se abren con esta Red para el futuro?<\/h2>\n\n\n\n<p>Al consolidarse la Red, R\u00edo Negro podr\u00e1 posicionarse como un referente en econom\u00eda circular en la Patagonia argentina. Esto no solo implica beneficios ambientales, sino tambi\u00e9n grandes oportunidades econ\u00f3micas y sociales:<\/p>\n\n\n\n<ul class=\"wp-block-list\">\n<li>Impulso a nuevos empleos verdes en reciclaje, compostaje, log\u00edstica inversa o redise\u00f1o de productos.<\/li>\n\n\n\n<li>Atracci\u00f3n de inversiones orientadas a procesos circulares o de bajo impacto.<\/li>\n\n\n\n<li>Fortalecimiento del entramado productivo local mediante alianzas entre sectores<\/li>\n\n\n\n<li>Fortalecimiento del entramado productivo local mediante alianzas entre sectores.<\/li>\n\n\n\n<li>Acceso a financiamiento nacional o internacional para proyectos sostenibles<\/li>\n\n\n\n<li>Mejora en la competitividad de las empresas locales, que podr\u00e1n reducir costos y posicionarse en mercados que valoran el compromiso ambiental.<\/li>\n<\/ul>\n\n\n\n<figure class=\"wp-block-embed\"><div class=\"wp-block-embed__wrapper\">\nhttps:\/\/www.google.com\/maps\/d\/u\/0\/edit?mid=1HokrKIgekGsoChtVhFZcDq8yhNp58pc&#038;usp=sharing\n<\/div><\/figure>\n\n\n\n<p>\u2022<\/p>\n\n\n\n<h2 class=\"wp-block-heading\" id=\"h-proximamente-abrimos-el-registro\">Pr\u00f3ximamente: \u00a1Abrimos el registro!<\/h2>\n\n\n\n<p>Como parte del compromiso con la sostenibilidad y la acci\u00f3n clim\u00e1tica, pronto se habilitar\u00e1 el enlace oficial para registrarse en el Mapa de Econom\u00eda Circular de R\u00edo Negro. Ser\u00e1 una oportunidad para sumarte desde el primer d\u00eda a este cambio de paradigma que busca transformar residuos en recursos, problemas en soluciones, y pasivos ambientales en activos econ\u00f3micos.<\/p>\n\n\n\n<p>Primera entrega de la Red de Econom\u00eda Circular de Rio Negro<\/p>\n\n\n\n<p><\/p>\n\n\n\n<h2 class=\"wp-block-heading\" id=\"h-activismo-ambiental\">Activismo ambiental<\/h2>\n\n\n\n<ul class=\"wp-block-list\">\n<li><a href=\"https:\/\/patagoniambiental.com.ar\/info\/asociacion-recicladores-bariloche\/\">Asociacion de Recicladores de Bariloche<\/a><\/li>\n\n\n\n<li><a href=\"https:\/\/patagoniambiental.com.ar\/info\/97581-2\/\">Victor Velasque<\/a><\/li>\n<\/ul>\n\n\n\n<p><strong>Cooperativas<\/strong><\/p>\n\n\n\n<ul class=\"wp-block-list\">\n<li><a href=\"https:\/\/patagoniambiental.com.ar\/info\/cartones-callejeros-empleo-formal-cooperativa-cotranvi\/\">Cotranvi<\/a><\/li>\n\n\n\n<li><a href=\"https:\/\/patagoniambiental.com.ar\/info\/cooperativa-jovenes-bariloche\/\">Jovenes por Bariloche<\/a><\/li>\n\n\n\n<li><a href=\"https:\/\/patagoniambiental.com.ar\/info\/cooperativa-nosotras-desde-abajo\/\">Nosotras Desde abajo<\/a><\/li>\n\n\n\n<li><a href=\"https:\/\/patagoniambiental.com.ar\/info\/cooperativa-recicladora-general-roca\/\">Recicladora General Roca<\/a><\/li>\n<\/ul>\n\n\n\n<h2 class=\"wp-block-heading\" id=\"h-empresas\">Empresas<\/h2>\n\n\n\n<ul class=\"wp-block-list\">\n<li>Dangen Plasticos<\/li>\n\n\n\n<li><a href=\"https:\/\/patagoniambiental.com.ar\/info\/deco-klart-fabtica-muebles-reciclados\/\">Deco Klart<\/a><\/li>\n\n\n\n<li><a href=\"https:\/\/patagoniambiental.com.ar\/info\/rio-negro-revolucion-economia-circular\/\">Imperio Recicla<\/a><\/li>\n\n\n\n<li><a href=\"https:\/\/patagoniambiental.com.ar\/info\/la-perseverancia-srl-como-una-empresa-familiar-revoluciona-el-reciclaje-en-viedma-y-patagones\/\">La Perseverancia SRL<\/a><\/li>\n\n\n\n<li>Lp SRL<\/li>\n\n\n\n<li><a href=\"https:\/\/patagoniambiental.com.ar\/info\/rio-negro-momento-historico-materia-gestion-residuos\/\">Recicladora Cipolletti<\/a><\/li>\n<\/ul>\n\n\n\n<p>ONG<\/p>\n\n\n\n<ul class=\"wp-block-list\">\n<li><\/li>\n<\/ul>\n\n\n\n<p>Plantas de separaci\u00f3n y clasificaci\u00f3n de residuos <\/p>\n\n\n\n<ul class=\"wp-block-list\">\n<li><\/li>\n<\/ul>\n\n\n\n<p>Puntos limpios<\/p>\n\n\n\n<ul class=\"wp-block-list\">\n<li><a href=\"https:\/\/patagoniambiental.com.ar\/info\/inauguracion-puntos-limpios-valcheta\/\">Puntos limpios en Valcheta<\/a><\/li>\n<\/ul>\n\n\n\n<p>Corazones Solidarios para el Garrahan<\/p>\n\n\n\n<p><\/p>\n\n\n\n<ul class=\"wp-block-list\">\n<li><\/li>\n<\/ul>\n\n\n\n<p><\/p>\n","protected":false},"excerpt":{"rendered":"","protected":false},"author":2,"featured_media":97077,"comment_status":"open","ping_status":"open","sticky":false,"template":"","format":"standard","meta":{"site-sidebar-layout":"default","site-content-layout":"","ast-site-content-layout":"default","site-content-style":"default","site-sidebar-style":"default","ast-global-header-display":"","ast-banner-title-visibility":"","ast-main-header-display":"","ast-hfb-above-header-display":"","ast-hfb-below-header-display":"","ast-hfb-mobile-header-display":"","site-post-title":"","ast-breadcrumbs-content":"","ast-featured-img":"","footer-sml-layout":"","ast-disable-related-posts":"","theme-transparent-header-meta":"","adv-header-id-meta":"","stick-header-meta":"","header-above-stick-meta":"","header-main-stick-meta":"","header-below-stick-meta":"","astra-migrate-meta-layouts":"default","ast-page-background-enabled":"default","ast-page-background-meta":{"desktop":{"background-color":"var(--ast-global-color-5)","background-image":"","background-repeat":"repeat","background-position":"center center","background-size":"auto","background-attachment":"scroll","background-type":"","background-media":"","overlay-type":"","overlay-color":"","overlay-opacity":"","overlay-gradient":""},"tablet":{"background-color":"","background-image":"","background-repeat":"repeat","background-position":"center center","background-size":"auto","background-attachment":"scroll","background-type":"","background-media":"","overlay-type":"","overlay-color":"","overlay-opacity":"","overlay-gradient":""},"mobile":{"background-color":"","background-image":"","background-repeat":"repeat","background-position":"center center","background-size":"auto","background-attachment":"scroll","background-type":"","background-media":"","overlay-type":"","overlay-color":"","overlay-opacity":"","overlay-gradient":""}},"ast-content-background-meta":{"desktop":{"background-color":"var(--ast-global-color-4)","background-image":"","background-repeat":"repeat","background-position":"center center","background-size":"auto","background-attachment":"scroll","background-type":"","background-media":"","overlay-type":"","overlay-color":"","overlay-opacity":"","overlay-gradient":""},"tablet":{"background-color":"var(--ast-global-color-4)","background-image":"","background-repeat":"repeat","background-position":"center center","background-size":"auto","background-attachment":"scroll","background-type":"","background-media":"","overlay-type":"","overlay-color":"","overlay-opacity":"","overlay-gradient":""},"mobile":{"background-color":"var(--ast-global-color-4)","background-image":"","background-repeat":"repeat","background-position":"center center","background-size":"auto","background-attachment":"scroll","background-type":"","background-media":"","overlay-type":"","overlay-color":"","overlay-opacity":"","overlay-gradient":""}},"footnotes":""},"categories":[3357,1],"tags":[],"class_list":["post-97075","post","type-post","status-publish","format-standard","has-post-thumbnail","hentry","category-girsu","category-noticias"],"yoast_head":"<!-- This site is optimized with the Yoast SEO Premium plugin v23.0 (Yoast SEO v27.5) - https:\/\/yoast.com\/product\/yoast-seo-premium-wordpress\/ -->\n<title>\u00a1R\u00edo Negro lanza la Red de Econom\u00eda Circular para transformar residuos en oportunidades!<\/title>\n<meta name=\"description\" content=\"Imagina una provincia patag\u00f3nica que deja de ver sus residuos como basura y comienza a verlos como recursos valiosos\" \/>\n<meta name=\"robots\" content=\"index, follow, max-snippet:-1, max-image-preview:large, max-video-preview:-1\" \/>\n<link rel=\"canonical\" href=\"https:\/\/patagoniambiental.com.ar\/info\/rio-negro-lanza-la-red-de-economia-circular-para-transformar-residuos-en-oportunidades\/\" \/>\n<meta property=\"og:locale\" content=\"es_ES\" \/>\n<meta property=\"og:type\" content=\"article\" \/>\n<meta property=\"og:title\" content=\"\u00a1R\u00edo Negro lanza la Red de Econom\u00eda Circular para transformar residuos en oportunidades!\" \/>\n<meta property=\"og:description\" content=\"Imagina una provincia patag\u00f3nica que deja de ver sus residuos como basura y comienza a verlos como recursos valiosos\" \/>\n<meta property=\"og:url\" content=\"https:\/\/patagoniambiental.com.ar\/info\/rio-negro-lanza-la-red-de-economia-circular-para-transformar-residuos-en-oportunidades\/\" \/>\n<meta property=\"og:site_name\" content=\"Patagonia Ambiental\" \/>\n<meta property=\"article:publisher\" content=\"https:\/\/www.facebook.com\/patagonia.ambiental\" \/>\n<meta property=\"article:author\" content=\"https:\/\/www.facebook.com\/share\/1C1V8Gv9BX\/?mibextid=qi2Omg\" \/>\n<meta property=\"article:published_time\" content=\"2025-10-26T23:00:00+00:00\" \/>\n<meta property=\"og:image\" content=\"https:\/\/patagoniambiental.com.ar\/info\/wp-content\/uploads\/2025\/07\/1000149931.jpg\" \/>\n\t<meta property=\"og:image:width\" content=\"884\" \/>\n\t<meta property=\"og:image:height\" content=\"667\" \/>\n\t<meta property=\"og:image:type\" content=\"image\/jpeg\" \/>\n<meta name=\"author\" content=\"Patagonia Ambiental\" \/>\n<meta name=\"twitter:card\" content=\"summary_large_image\" \/>\n<meta name=\"twitter:creator\" content=\"@PatAmb\" \/>\n<meta name=\"twitter:site\" content=\"@PatAmb\" \/>\n<script type=\"application\/ld+json\" class=\"yoast-schema-graph\">{\"@context\":\"https:\\\/\\\/schema.org\",\"@graph\":[{\"@type\":\"Article\",\"@id\":\"https:\\\/\\\/patagoniambiental.com.ar\\\/info\\\/rio-negro-lanza-la-red-de-economia-circular-para-transformar-residuos-en-oportunidades\\\/#article\",\"isPartOf\":{\"@id\":\"https:\\\/\\\/patagoniambiental.com.ar\\\/info\\\/rio-negro-lanza-la-red-de-economia-circular-para-transformar-residuos-en-oportunidades\\\/\"},\"author\":{\"name\":\"Patagonia Ambiental\",\"@id\":\"https:\\\/\\\/patagoniambiental.com.ar\\\/info\\\/#\\\/schema\\\/person\\\/db12bff64bbcbf6a253710bf0ea37b5d\"},\"headline\":\"\u00a1R\u00edo Negro lanza la Red de Econom\u00eda Circular para transformar residuos en oportunidades!\",\"datePublished\":\"2025-10-26T23:00:00+00:00\",\"mainEntityOfPage\":{\"@id\":\"https:\\\/\\\/patagoniambiental.com.ar\\\/info\\\/rio-negro-lanza-la-red-de-economia-circular-para-transformar-residuos-en-oportunidades\\\/\"},\"wordCount\":1690,\"commentCount\":0,\"publisher\":{\"@id\":\"https:\\\/\\\/patagoniambiental.com.ar\\\/info\\\/#organization\"},\"image\":{\"@id\":\"https:\\\/\\\/patagoniambiental.com.ar\\\/info\\\/rio-negro-lanza-la-red-de-economia-circular-para-transformar-residuos-en-oportunidades\\\/#primaryimage\"},\"thumbnailUrl\":\"https:\\\/\\\/patagoniambiental.com.ar\\\/info\\\/wp-content\\\/uploads\\\/2025\\\/07\\\/1000149931.jpg\",\"articleSection\":[\"GIRSU\",\"Noticias\"],\"inLanguage\":\"es\",\"potentialAction\":[{\"@type\":\"CommentAction\",\"name\":\"Comment\",\"target\":[\"https:\\\/\\\/patagoniambiental.com.ar\\\/info\\\/rio-negro-lanza-la-red-de-economia-circular-para-transformar-residuos-en-oportunidades\\\/#respond\"]}]},{\"@type\":\"WebPage\",\"@id\":\"https:\\\/\\\/patagoniambiental.com.ar\\\/info\\\/rio-negro-lanza-la-red-de-economia-circular-para-transformar-residuos-en-oportunidades\\\/\",\"url\":\"https:\\\/\\\/patagoniambiental.com.ar\\\/info\\\/rio-negro-lanza-la-red-de-economia-circular-para-transformar-residuos-en-oportunidades\\\/\",\"name\":\"\u00a1R\u00edo Negro lanza la Red de Econom\u00eda Circular para transformar residuos en oportunidades!\",\"isPartOf\":{\"@id\":\"https:\\\/\\\/patagoniambiental.com.ar\\\/info\\\/#website\"},\"primaryImageOfPage\":{\"@id\":\"https:\\\/\\\/patagoniambiental.com.ar\\\/info\\\/rio-negro-lanza-la-red-de-economia-circular-para-transformar-residuos-en-oportunidades\\\/#primaryimage\"},\"image\":{\"@id\":\"https:\\\/\\\/patagoniambiental.com.ar\\\/info\\\/rio-negro-lanza-la-red-de-economia-circular-para-transformar-residuos-en-oportunidades\\\/#primaryimage\"},\"thumbnailUrl\":\"https:\\\/\\\/patagoniambiental.com.ar\\\/info\\\/wp-content\\\/uploads\\\/2025\\\/07\\\/1000149931.jpg\",\"datePublished\":\"2025-10-26T23:00:00+00:00\",\"description\":\"Imagina una provincia patag\u00f3nica que deja de ver sus residuos como basura y comienza a verlos como recursos valiosos\",\"breadcrumb\":{\"@id\":\"https:\\\/\\\/patagoniambiental.com.ar\\\/info\\\/rio-negro-lanza-la-red-de-economia-circular-para-transformar-residuos-en-oportunidades\\\/#breadcrumb\"},\"inLanguage\":\"es\",\"potentialAction\":[{\"@type\":\"ReadAction\",\"target\":[\"https:\\\/\\\/patagoniambiental.com.ar\\\/info\\\/rio-negro-lanza-la-red-de-economia-circular-para-transformar-residuos-en-oportunidades\\\/\"]}]},{\"@type\":\"ImageObject\",\"inLanguage\":\"es\",\"@id\":\"https:\\\/\\\/patagoniambiental.com.ar\\\/info\\\/rio-negro-lanza-la-red-de-economia-circular-para-transformar-residuos-en-oportunidades\\\/#primaryimage\",\"url\":\"https:\\\/\\\/patagoniambiental.com.ar\\\/info\\\/wp-content\\\/uploads\\\/2025\\\/07\\\/1000149931.jpg\",\"contentUrl\":\"https:\\\/\\\/patagoniambiental.com.ar\\\/info\\\/wp-content\\\/uploads\\\/2025\\\/07\\\/1000149931.jpg\",\"width\":884,\"height\":667,\"caption\":\"R\u00edo Negro lanza la Red de Econom\u00eda Circular para transformar residuos en oportunidades!\"},{\"@type\":\"BreadcrumbList\",\"@id\":\"https:\\\/\\\/patagoniambiental.com.ar\\\/info\\\/rio-negro-lanza-la-red-de-economia-circular-para-transformar-residuos-en-oportunidades\\\/#breadcrumb\",\"itemListElement\":[{\"@type\":\"ListItem\",\"position\":1,\"name\":\"Inicio\",\"item\":\"https:\\\/\\\/patagoniambiental.com.ar\\\/info\\\/\"},{\"@type\":\"ListItem\",\"position\":2,\"name\":\"\u00a1R\u00edo Negro lanza la Red de Econom\u00eda Circular para transformar residuos en oportunidades!\"}]},{\"@type\":\"WebSite\",\"@id\":\"https:\\\/\\\/patagoniambiental.com.ar\\\/info\\\/#website\",\"url\":\"https:\\\/\\\/patagoniambiental.com.ar\\\/info\\\/\",\"name\":\"Patagonia Ambiental\",\"description\":\"Monitoreo y an\u00e1lisis de la situaci\u00f3n geopol\u00edtica en el mundo y su implicancia en la Patagonia\",\"publisher\":{\"@id\":\"https:\\\/\\\/patagoniambiental.com.ar\\\/info\\\/#organization\"},\"potentialAction\":[{\"@type\":\"SearchAction\",\"target\":{\"@type\":\"EntryPoint\",\"urlTemplate\":\"https:\\\/\\\/patagoniambiental.com.ar\\\/info\\\/?s={search_term_string}\"},\"query-input\":{\"@type\":\"PropertyValueSpecification\",\"valueRequired\":true,\"valueName\":\"search_term_string\"}}],\"inLanguage\":\"es\"},{\"@type\":\"Organization\",\"@id\":\"https:\\\/\\\/patagoniambiental.com.ar\\\/info\\\/#organization\",\"name\":\"Patagonia Ambiental\",\"url\":\"https:\\\/\\\/patagoniambiental.com.ar\\\/info\\\/\",\"logo\":{\"@type\":\"ImageObject\",\"inLanguage\":\"es\",\"@id\":\"https:\\\/\\\/patagoniambiental.com.ar\\\/info\\\/#\\\/schema\\\/logo\\\/image\\\/\",\"url\":\"https:\\\/\\\/patagoniambiental.com.ar\\\/info\\\/wp-content\\\/uploads\\\/2025\\\/05\\\/LOGO-PATAGONIA-AMBIENTAL.png\",\"contentUrl\":\"https:\\\/\\\/patagoniambiental.com.ar\\\/info\\\/wp-content\\\/uploads\\\/2025\\\/05\\\/LOGO-PATAGONIA-AMBIENTAL.png\",\"width\":433,\"height\":250,\"caption\":\"Patagonia Ambiental\"},\"image\":{\"@id\":\"https:\\\/\\\/patagoniambiental.com.ar\\\/info\\\/#\\\/schema\\\/logo\\\/image\\\/\"},\"sameAs\":[\"https:\\\/\\\/www.facebook.com\\\/patagonia.ambiental\",\"https:\\\/\\\/x.com\\\/PatAmb\"]},{\"@type\":\"Person\",\"@id\":\"https:\\\/\\\/patagoniambiental.com.ar\\\/info\\\/#\\\/schema\\\/person\\\/db12bff64bbcbf6a253710bf0ea37b5d\",\"name\":\"Patagonia Ambiental\",\"description\":\"Andr\u00e9s Nievas T\u00e9cnico en manejo ambiental, consultor Ambiental y escritor para medios locales e internacionales sobre temas de geopolitica y medio ambiente.\",\"sameAs\":[\"http:\\\/\\\/www.patagoniambiental.com.ar\",\"https:\\\/\\\/www.facebook.com\\\/share\\\/1C1V8Gv9BX\\\/?mibextid=qi2Omg\",\"@patagoniambiental\",\"https:\\\/\\\/youtube.com\\\/@patagoniaambiental2023?si=BLt58t0wuXquxlYZ\"]}]}<\/script>\n<!-- \/ Yoast SEO Premium plugin. -->","yoast_head_json":{"title":"\u00a1R\u00edo Negro lanza la Red de Econom\u00eda Circular para transformar residuos en oportunidades!","description":"Imagina una provincia patag\u00f3nica que deja de ver sus residuos como basura y comienza a verlos como recursos valiosos","robots":{"index":"index","follow":"follow","max-snippet":"max-snippet:-1","max-image-preview":"max-image-preview:large","max-video-preview":"max-video-preview:-1"},"canonical":"https:\/\/patagoniambiental.com.ar\/info\/rio-negro-lanza-la-red-de-economia-circular-para-transformar-residuos-en-oportunidades\/","og_locale":"es_ES","og_type":"article","og_title":"\u00a1R\u00edo Negro lanza la Red de Econom\u00eda Circular para transformar residuos en oportunidades!","og_description":"Imagina una provincia patag\u00f3nica que deja de ver sus residuos como basura y comienza a verlos como recursos valiosos","og_url":"https:\/\/patagoniambiental.com.ar\/info\/rio-negro-lanza-la-red-de-economia-circular-para-transformar-residuos-en-oportunidades\/","og_site_name":"Patagonia Ambiental","article_publisher":"https:\/\/www.facebook.com\/patagonia.ambiental","article_author":"https:\/\/www.facebook.com\/share\/1C1V8Gv9BX\/?mibextid=qi2Omg","article_published_time":"2025-10-26T23:00:00+00:00","og_image":[{"width":884,"height":667,"url":"https:\/\/patagoniambiental.com.ar\/info\/wp-content\/uploads\/2025\/07\/1000149931.jpg","type":"image\/jpeg"}],"author":"Patagonia Ambiental","twitter_card":"summary_large_image","twitter_creator":"@PatAmb","twitter_site":"@PatAmb","schema":{"@context":"https:\/\/schema.org","@graph":[{"@type":"Article","@id":"https:\/\/patagoniambiental.com.ar\/info\/rio-negro-lanza-la-red-de-economia-circular-para-transformar-residuos-en-oportunidades\/#article","isPartOf":{"@id":"https:\/\/patagoniambiental.com.ar\/info\/rio-negro-lanza-la-red-de-economia-circular-para-transformar-residuos-en-oportunidades\/"},"author":{"name":"Patagonia Ambiental","@id":"https:\/\/patagoniambiental.com.ar\/info\/#\/schema\/person\/db12bff64bbcbf6a253710bf0ea37b5d"},"headline":"\u00a1R\u00edo Negro lanza la Red de Econom\u00eda Circular para transformar residuos en oportunidades!","datePublished":"2025-10-26T23:00:00+00:00","mainEntityOfPage":{"@id":"https:\/\/patagoniambiental.com.ar\/info\/rio-negro-lanza-la-red-de-economia-circular-para-transformar-residuos-en-oportunidades\/"},"wordCount":1690,"commentCount":0,"publisher":{"@id":"https:\/\/patagoniambiental.com.ar\/info\/#organization"},"image":{"@id":"https:\/\/patagoniambiental.com.ar\/info\/rio-negro-lanza-la-red-de-economia-circular-para-transformar-residuos-en-oportunidades\/#primaryimage"},"thumbnailUrl":"https:\/\/patagoniambiental.com.ar\/info\/wp-content\/uploads\/2025\/07\/1000149931.jpg","articleSection":["GIRSU","Noticias"],"inLanguage":"es","potentialAction":[{"@type":"CommentAction","name":"Comment","target":["https:\/\/patagoniambiental.com.ar\/info\/rio-negro-lanza-la-red-de-economia-circular-para-transformar-residuos-en-oportunidades\/#respond"]}]},{"@type":"WebPage","@id":"https:\/\/patagoniambiental.com.ar\/info\/rio-negro-lanza-la-red-de-economia-circular-para-transformar-residuos-en-oportunidades\/","url":"https:\/\/patagoniambiental.com.ar\/info\/rio-negro-lanza-la-red-de-economia-circular-para-transformar-residuos-en-oportunidades\/","name":"\u00a1R\u00edo Negro lanza la Red de Econom\u00eda Circular para transformar residuos en oportunidades!","isPartOf":{"@id":"https:\/\/patagoniambiental.com.ar\/info\/#website"},"primaryImageOfPage":{"@id":"https:\/\/patagoniambiental.com.ar\/info\/rio-negro-lanza-la-red-de-economia-circular-para-transformar-residuos-en-oportunidades\/#primaryimage"},"image":{"@id":"https:\/\/patagoniambiental.com.ar\/info\/rio-negro-lanza-la-red-de-economia-circular-para-transformar-residuos-en-oportunidades\/#primaryimage"},"thumbnailUrl":"https:\/\/patagoniambiental.com.ar\/info\/wp-content\/uploads\/2025\/07\/1000149931.jpg","datePublished":"2025-10-26T23:00:00+00:00","description":"Imagina una provincia patag\u00f3nica que deja de ver sus residuos como basura y comienza a verlos como recursos valiosos","breadcrumb":{"@id":"https:\/\/patagoniambiental.com.ar\/info\/rio-negro-lanza-la-red-de-economia-circular-para-transformar-residuos-en-oportunidades\/#breadcrumb"},"inLanguage":"es","potentialAction":[{"@type":"ReadAction","target":["https:\/\/patagoniambiental.com.ar\/info\/rio-negro-lanza-la-red-de-economia-circular-para-transformar-residuos-en-oportunidades\/"]}]},{"@type":"ImageObject","inLanguage":"es","@id":"https:\/\/patagoniambiental.com.ar\/info\/rio-negro-lanza-la-red-de-economia-circular-para-transformar-residuos-en-oportunidades\/#primaryimage","url":"https:\/\/patagoniambiental.com.ar\/info\/wp-content\/uploads\/2025\/07\/1000149931.jpg","contentUrl":"https:\/\/patagoniambiental.com.ar\/info\/wp-content\/uploads\/2025\/07\/1000149931.jpg","width":884,"height":667,"caption":"R\u00edo Negro lanza la Red de Econom\u00eda Circular para transformar residuos en oportunidades!"},{"@type":"BreadcrumbList","@id":"https:\/\/patagoniambiental.com.ar\/info\/rio-negro-lanza-la-red-de-economia-circular-para-transformar-residuos-en-oportunidades\/#breadcrumb","itemListElement":[{"@type":"ListItem","position":1,"name":"Inicio","item":"https:\/\/patagoniambiental.com.ar\/info\/"},{"@type":"ListItem","position":2,"name":"\u00a1R\u00edo Negro lanza la Red de Econom\u00eda Circular para transformar residuos en oportunidades!"}]},{"@type":"WebSite","@id":"https:\/\/patagoniambiental.com.ar\/info\/#website","url":"https:\/\/patagoniambiental.com.ar\/info\/","name":"Patagonia Ambiental","description":"Monitoreo y an\u00e1lisis de la situaci\u00f3n geopol\u00edtica en el mundo y su implicancia en la Patagonia","publisher":{"@id":"https:\/\/patagoniambiental.com.ar\/info\/#organization"},"potentialAction":[{"@type":"SearchAction","target":{"@type":"EntryPoint","urlTemplate":"https:\/\/patagoniambiental.com.ar\/info\/?s={search_term_string}"},"query-input":{"@type":"PropertyValueSpecification","valueRequired":true,"valueName":"search_term_string"}}],"inLanguage":"es"},{"@type":"Organization","@id":"https:\/\/patagoniambiental.com.ar\/info\/#organization","name":"Patagonia Ambiental","url":"https:\/\/patagoniambiental.com.ar\/info\/","logo":{"@type":"ImageObject","inLanguage":"es","@id":"https:\/\/patagoniambiental.com.ar\/info\/#\/schema\/logo\/image\/","url":"https:\/\/patagoniambiental.com.ar\/info\/wp-content\/uploads\/2025\/05\/LOGO-PATAGONIA-AMBIENTAL.png","contentUrl":"https:\/\/patagoniambiental.com.ar\/info\/wp-content\/uploads\/2025\/05\/LOGO-PATAGONIA-AMBIENTAL.png","width":433,"height":250,"caption":"Patagonia Ambiental"},"image":{"@id":"https:\/\/patagoniambiental.com.ar\/info\/#\/schema\/logo\/image\/"},"sameAs":["https:\/\/www.facebook.com\/patagonia.ambiental","https:\/\/x.com\/PatAmb"]},{"@type":"Person","@id":"https:\/\/patagoniambiental.com.ar\/info\/#\/schema\/person\/db12bff64bbcbf6a253710bf0ea37b5d","name":"Patagonia Ambiental","description":"Andr\u00e9s Nievas T\u00e9cnico en manejo ambiental, consultor Ambiental y escritor para medios locales e internacionales sobre temas de geopolitica y medio ambiente.","sameAs":["http:\/\/www.patagoniambiental.com.ar","https:\/\/www.facebook.com\/share\/1C1V8Gv9BX\/?mibextid=qi2Omg","@patagoniambiental","https:\/\/youtube.com\/@patagoniaambiental2023?si=BLt58t0wuXquxlYZ"]}]}},"_links":{"self":[{"href":"https:\/\/patagoniambiental.com.ar\/info\/wp-json\/wp\/v2\/posts\/97075","targetHints":{"allow":["GET"]}}],"collection":[{"href":"https:\/\/patagoniambiental.com.ar\/info\/wp-json\/wp\/v2\/posts"}],"about":[{"href":"https:\/\/patagoniambiental.com.ar\/info\/wp-json\/wp\/v2\/types\/post"}],"author":[{"embeddable":true,"href":"https:\/\/patagoniambiental.com.ar\/info\/wp-json\/wp\/v2\/users\/2"}],"replies":[{"embeddable":true,"href":"https:\/\/patagoniambiental.com.ar\/info\/wp-json\/wp\/v2\/comments?post=97075"}],"version-history":[{"count":27,"href":"https:\/\/patagoniambiental.com.ar\/info\/wp-json\/wp\/v2\/posts\/97075\/revisions"}],"predecessor-version":[{"id":99655,"href":"https:\/\/patagoniambiental.com.ar\/info\/wp-json\/wp\/v2\/posts\/97075\/revisions\/99655"}],"wp:featuredmedia":[{"embeddable":true,"href":"https:\/\/patagoniambiental.com.ar\/info\/wp-json\/wp\/v2\/media\/97077"}],"wp:attachment":[{"href":"https:\/\/patagoniambiental.com.ar\/info\/wp-json\/wp\/v2\/media?parent=97075"}],"wp:term":[{"taxonomy":"category","embeddable":true,"href":"https:\/\/patagoniambiental.com.ar\/info\/wp-json\/wp\/v2\/categories?post=97075"},{"taxonomy":"post_tag","embeddable":true,"href":"https:\/\/patagoniambiental.com.ar\/info\/wp-json\/wp\/v2\/tags?post=97075"}],"curies":[{"name":"wp","href":"https:\/\/api.w.org\/{rel}","templated":true}]}}