{"id":97117,"date":"2025-08-01T02:05:00","date_gmt":"2025-08-01T05:05:00","guid":{"rendered":"https:\/\/patagoniambiental.com.ar\/info\/?p=97117"},"modified":"2025-07-29T02:15:33","modified_gmt":"2025-07-29T05:15:33","slug":"la-pachamama-no-es-solo-una-diosa-es-un-modo-de-vida","status":"publish","type":"post","link":"https:\/\/patagoniambiental.com.ar\/info\/la-pachamama-no-es-solo-una-diosa-es-un-modo-de-vida\/","title":{"rendered":"La Pachamama no es solo una diosa, es un modo de vida"},"content":{"rendered":"\n<!--more-->\n\n\n\n<p>Jujuy, Provincia de Jujuy, 1 de. agosto de 2025. Cada 1\u00b0 de agosto, millones de personas en Am\u00e9rica Latina y especialmente en el Noroeste argentino se conectan con una tradici\u00f3n milenaria: la celebraci\u00f3n a la Pachamama, la Madre Tierra. Esta pr\u00e1ctica, profundamente espiritual, no se reduce a una ceremonia folkl\u00f3rica o tur\u00edstica: es un acto de comuni\u00f3n con la naturaleza, una forma de agradecer, pedir permiso, reflexionar sobre nuestro rol como parte de un todo m\u00e1s amplio y sagrado.<\/p>\n\n\n\n<figure class=\"wp-block-image size-full is-resized\"><img fetchpriority=\"high\" decoding=\"async\" width=\"400\" height=\"450\" src=\"https:\/\/patagoniambiental.com.ar\/info\/wp-content\/uploads\/2025\/08\/1000151355.png\" alt=\"\" class=\"wp-image-97123\" style=\"width:677px;height:auto\"\/><\/figure>\n\n\n\n<p>En este art\u00edculo te invitamos a explorar el verdadero significado de la Pachamama desde m\u00faltiples dimensiones: espiritual, hist\u00f3rica, territorial, ecol\u00f3gica y social. Una mirada que recorre los Andes, atraviesa siglos de resistencia cultural, y hoy renace en contextos donde la crisis clim\u00e1tica y la p\u00e9rdida de biodiversidad nos obligan a recuperar otras formas de vincularnos con el planeta.<\/p>\n\n\n\n<h2 class=\"wp-block-heading\" id=\"h-quien-es-la-pachamama\">\u00bfQui\u00e9n es la Pachamama?<\/h2>\n\n\n\n<p>La Pachamama es la divinidad femenina m\u00e1s importante de los pueblos originarios de la regi\u00f3n andina. En quechua y aimara, \u00abPacha\u00bb significa \u00abmundo\u00bb, \u00abtierra\u00bb o \u00abtiempo\u00bb, y \u00abMama\u00bb es \u00abmadre\u00bb. As\u00ed, Pachamama es la Madre Tierra, pero tambi\u00e9n el espacio-tiempo que habitamos, el universo como una totalidad.<\/p>\n\n\n\n<p>No es una deidad abstracta: es la fuerza vital que da origen, nutre, sostiene y transforma la vida. Es la monta\u00f1a, el r\u00edo, el sol, la semilla, el barro, la fertilidad de los suelos. Es la casa com\u00fan y tambi\u00e9n el esp\u00edritu que rige la armon\u00eda entre los humanos, los animales, las plantas y los elementos naturales.<\/p>\n\n\n\n<h2 class=\"wp-block-heading\" id=\"h-origen-ancestral-y-cosmovision-andina\">Origen ancestral y cosmovisi\u00f3n andina<\/h2>\n\n\n\n<p>La celebraci\u00f3n a la Pachamama es anterior a la llegada de los espa\u00f1oles. Tiene ra\u00edces en los pueblos que habitaron y habitan el Tawantinsuyo y todo el altiplano andino: quechuas, aimaras, diaguitas, atacamas, calchaqu\u00edes, entre muchos otros. Para estas culturas, la Tierra no es un recurso a explotar, sino un ser vivo con el que se convive en reciprocidad.<\/p>\n\n\n\n<p>Principios fundamentales de esta cosmovisi\u00f3n:<\/p>\n\n\n\n<ul class=\"wp-block-list\">\n<li>Dualidad y complementariedad: El universo est\u00e1 hecho de opuestos que se necesitan: d\u00eda-noche, sol-lluvia, hombre-mujer, vida-muerte.<\/li>\n\n\n\n<li>Relaci\u00f3n de reciprocidad: Todo lo que se toma debe ser devuelto. Por eso se ofrenda a la Tierra, para equilibrar.<\/li>\n\n\n\n<li>Ciclo de la vida natural: El calendario agr\u00edcola est\u00e1 ligado a las fases lunares y los ciclos de siembra-cosecha.<\/li>\n\n\n\n<li>Espiritualidad territorial: Cada cerro, r\u00edo o piedra tiene un esp\u00edritu. El territorio es sagrado.<\/li>\n<\/ul>\n\n\n\n<h2 class=\"wp-block-heading\" id=\"h-como-se-celebra-la-ceremonia-a-la-pachamama\">\ud83d\udd25 \u00bfC\u00f3mo se celebra la ceremonia a la Pachamama?<\/h2>\n\n\n\n<p>Durante todo el mes de agosto \u2014mes de purificaci\u00f3n y renovaci\u00f3n energ\u00e9tica\u2014 se realizan rituales en casas, plazas, cerros y comunidades.<\/p>\n\n\n\n<figure class=\"wp-block-embed is-type-video is-provider-youtube wp-block-embed-youtube wp-embed-aspect-16-9 wp-has-aspect-ratio\"><div class=\"wp-block-embed__wrapper\">\n<iframe title=\"D\u00eda de la Pachamama\" width=\"500\" height=\"281\" src=\"https:\/\/www.youtube.com\/embed\/jTKuKlnc_MY?feature=oembed\" frameborder=\"0\" allow=\"accelerometer; autoplay; clipboard-write; encrypted-media; gyroscope; picture-in-picture; web-share\" referrerpolicy=\"strict-origin-when-cross-origin\" allowfullscreen><\/iframe>\n<\/div><\/figure>\n\n\n\n<p>El ritual central incluye:<\/p>\n\n\n\n<ul class=\"wp-block-list\">\n<li>Abertura de la \u00abboca de la Pachamama\u00bb (pozo en la tierra): all\u00ed se depositan ofrendas.<\/li>\n\n\n\n<li>Ofrendas o \u00abcorpachada\u00bb: se comparten hojas de coca, vino, chicha, ca\u00f1a, comidas regionales como tamales, ma\u00edz, papa o carne de llama.<\/li>\n\n\n\n<li>Palabras de agradecimiento y pedidos: se habla con respeto, se agradece lo recibido, se pide por el bienestar de la familia, el trabajo y la naturaleza.<\/li>\n\n\n\n<li>ahumado: con hierbas como incienso, ruda, copal o palo santo, para limpiar energ\u00edas.<\/li>\n\n\n\n<li>Invocaciones y m\u00fasica ancestral: a trav\u00e9s de instrumentos andinos como la quena, el erke o el bombo.<\/li>\n\n\n\n<li>Todo el ritual est\u00e1 guiado por un profundo respeto, silencio ritual y alegr\u00eda compartida. Es una fiesta comunitaria donde todos participan: ancianos, ni\u00f1os, campesinos, artistas, ambientalistas, ind\u00edgenas, urbanos.<\/li>\n<\/ul>\n\n\n\n<h2 class=\"wp-block-heading\" id=\"h-agosto-mes-sagrado-limpieza-introspeccion-y-nuevos-comienzos\">\ud83c\udf31 Agosto, mes sagrado: limpieza, introspecci\u00f3n y nuevos comienzos<\/h2>\n\n\n\n<p>El fr\u00edo de agosto en los Andes es tiempo de limpieza, de retiro interior. Se dice que es el mes en que la Tierra \u00abdescansa\u00bb y \u00ababre la boca\u00bb para recibir alimento espiritual.<\/p>\n\n\n\n<p>Por eso, muchas familias:<\/p>\n\n\n\n<ul class=\"wp-block-list\">\n<li>Sah\u00faman sus casas, negocios o campos para alejar malas energ\u00edas.<\/li>\n\n\n\n<li>Se cuidan de los vientos fuertes que \u201cse llevan el alma\u201d.<\/li>\n\n\n\n<li>Comienzan nuevos proyectos, despu\u00e9s de agradecer lo viejo.<\/li>\n\n\n\n<li>Toman ca\u00f1a con ruda: bebida protectora que simboliza la salud y la abundancia.<\/li>\n<\/ul>\n\n\n\n<p>Este tiempo nos invita a una pausa. A revisar nuestra relaci\u00f3n con la Tierra, nuestros h\u00e1bitos, nuestro consumo, nuestras deudas simb\u00f3licas con la vida.<\/p>\n\n\n\n<h2 class=\"wp-block-heading\" id=\"h-mas-alla-del-rito-la-pachamama-como-etica-ambiental\">\ud83e\udde1 M\u00e1s all\u00e1 del rito: la Pachamama como \u00e9tica ambiental<\/h2>\n\n\n\n<p>Celebrar a la Pachamama no es solo mantener una tradici\u00f3n: es asumir una \u00e9tica de vida sustentable. En tiempos de crisis clim\u00e1tica, incendios, contaminaci\u00f3n minera y p\u00e9rdida de especies, el mensaje ancestral cobra una nueva vigencia.<\/p>\n\n\n\n<h2 class=\"wp-block-heading\" id=\"h-que-nos-ensena-hoy-la-pachamama\">\u00bfQu\u00e9 nos ense\u00f1a hoy la Pachamama?<\/h2>\n\n\n\n<p>\ud83c\udf3e Respeto profundo por la biodiversidad.<\/p>\n\n\n\n<p>\ud83d\udca7 Cuidado del agua como fuente de vida.<\/p>\n\n\n\n<p>\ud83c\udf3b Producci\u00f3n de alimentos con pr\u00e1cticas agroecol\u00f3gicas.<\/p>\n\n\n\n<p>\ud83d\udd04 Econom\u00eda circular, reciclaje, consumo responsable.<\/p>\n\n\n\n<p>\ud83d\udc3e Protecci\u00f3n de animales, bosques, glaciares y territorios.<\/p>\n\n\n\n<p>\ud83e\udd1d Justicia social y ambiental para los pueblos que cuidan la tierra.<\/p>\n\n\n\n<p>Integrar la cosmovisi\u00f3n andina en las pol\u00edticas p\u00fablicas, en la educaci\u00f3n ambiental y en las decisiones econ\u00f3micas es clave para construir una sociedad que no depreda, sino que honra la vida en todas sus formas.<\/p>\n\n\n\n<h2 class=\"wp-block-heading\" id=\"h-reconocimiento-oficial-y-resignificacion-cultural\">\ud83d\udcda Reconocimiento oficial y resignificaci\u00f3n cultural<\/h2>\n\n\n\n<p>Aunque la celebraci\u00f3n exist\u00eda mucho antes, el Estado argentino reconoci\u00f3 oficialmente el 1\u00b0 de agosto como el D\u00eda de la Pachamama mediante la Ley N.\u00ba 27.566 en 2020.<\/p>\n\n\n\n<p>Esto implica:<\/p>\n\n\n\n<ul class=\"wp-block-list\">\n<li>Visibilizar las pr\u00e1cticas de los pueblos originarios.<\/li>\n\n\n\n<li>Fomentar la educaci\u00f3n intercultural y ambiental.<\/li>\n\n\n\n<li><\/li>\n\n\n\n<li>Incorporar el enfoque de derechos territoriales, identitarios y ambientales en las agendas p\u00fablicas.<\/li>\n<\/ul>\n\n\n\n<p>Adem\u00e1s, esta celebraci\u00f3n se resignifica y se expande a nuevos espacios: escuelas, centros culturales, universidades, museos, festivales ambientales, redes sociales. Cada vez m\u00e1s personas urbanas se suman desde el arte, la espiritualidad, el ambientalismo y el activismo.<\/p>\n\n\n\n<h2 class=\"wp-block-heading\" id=\"h-por-que-recuperar-el-vinculo-con-la-tierra\">\ud83d\udd0d \u00bfPor qu\u00e9 recuperar el v\u00ednculo con la Tierra?<\/h2>\n\n\n\n<p>Vivimos en un mundo marcado por la desconexi\u00f3n: consumismo, hiperproductividad, extractivismo. La Pachamama nos devuelve al centro: somos naturaleza, no estamos por fuera de ella.<\/p>\n\n\n\n<p>Recuperar este v\u00ednculo es urgente para:<\/p>\n\n\n\n<p>\ud83c\udf0d Enfrentar la emergencia clim\u00e1tica.<\/p>\n\n\n\n<p>\ud83d\udc63 Reducir nuestra huella ecol\u00f3gica.<\/p>\n\n\n\n<p>\ud83e\udde0 Sanar el cuerpo y la mente con pr\u00e1cticas integradoras.<\/p>\n\n\n\n<p>\ud83d\udcd6 Recuperar saberes ancestrales que no est\u00e1n en los manuales.<\/p>\n\n\n\n<p>\ud83d\udd14 Denunciar el saqueo de territorios y exigir justicia ambiental.<\/p>\n\n\n\n<p>\ud83e\uddfe Conclusi\u00f3n: que la Pachamama no sea solo un d\u00eda<\/p>\n\n\n\n<p>El 1\u00b0 de agosto es una puerta de entrada. Pero el llamado es cotidiano. Cuidar la tierra, sembrar en conciencia, proteger los bienes comunes, vivir en comunidad, agradecer el alimento, respetar el agua y los ciclos naturales.<\/p>\n\n\n\n<p><\/p>\n","protected":false},"excerpt":{"rendered":"","protected":false},"author":2,"featured_media":97118,"comment_status":"open","ping_status":"open","sticky":false,"template":"","format":"standard","meta":{"site-sidebar-layout":"default","site-content-layout":"","ast-site-content-layout":"default","site-content-style":"default","site-sidebar-style":"default","ast-global-header-display":"","ast-banner-title-visibility":"","ast-main-header-display":"","ast-hfb-above-header-display":"","ast-hfb-below-header-display":"","ast-hfb-mobile-header-display":"","site-post-title":"","ast-breadcrumbs-content":"","ast-featured-img":"","footer-sml-layout":"","ast-disable-related-posts":"","theme-transparent-header-meta":"","adv-header-id-meta":"","stick-header-meta":"","header-above-stick-meta":"","header-main-stick-meta":"","header-below-stick-meta":"","astra-migrate-meta-layouts":"default","ast-page-background-enabled":"default","ast-page-background-meta":{"desktop":{"background-color":"var(--ast-global-color-5)","background-image":"","background-repeat":"repeat","background-position":"center center","background-size":"auto","background-attachment":"scroll","background-type":"","background-media":"","overlay-type":"","overlay-color":"","overlay-opacity":"","overlay-gradient":""},"tablet":{"background-color":"","background-image":"","background-repeat":"repeat","background-position":"center center","background-size":"auto","background-attachment":"scroll","background-type":"","background-media":"","overlay-type":"","overlay-color":"","overlay-opacity":"","overlay-gradient":""},"mobile":{"background-color":"","background-image":"","background-repeat":"repeat","background-position":"center center","background-size":"auto","background-attachment":"scroll","background-type":"","background-media":"","overlay-type":"","overlay-color":"","overlay-opacity":"","overlay-gradient":""}},"ast-content-background-meta":{"desktop":{"background-color":"var(--ast-global-color-4)","background-image":"","background-repeat":"repeat","background-position":"center center","background-size":"auto","background-attachment":"scroll","background-type":"","background-media":"","overlay-type":"","overlay-color":"","overlay-opacity":"","overlay-gradient":""},"tablet":{"background-color":"var(--ast-global-color-4)","background-image":"","background-repeat":"repeat","background-position":"center center","background-size":"auto","background-attachment":"scroll","background-type":"","background-media":"","overlay-type":"","overlay-color":"","overlay-opacity":"","overlay-gradient":""},"mobile":{"background-color":"var(--ast-global-color-4)","background-image":"","background-repeat":"repeat","background-position":"center center","background-size":"auto","background-attachment":"scroll","background-type":"","background-media":"","overlay-type":"","overlay-color":"","overlay-opacity":"","overlay-gradient":""}},"footnotes":""},"categories":[12,1],"tags":[],"class_list":["post-97117","post","type-post","status-publish","format-standard","has-post-thumbnail","hentry","category-agenda-ambiental","category-noticias"],"yoast_head":"<!-- This site is optimized with the Yoast SEO Premium plugin v23.0 (Yoast SEO v27.5) - https:\/\/yoast.com\/product\/yoast-seo-premium-wordpress\/ -->\n<title>La Pachamama no es solo una diosa, es un modo de vida<\/title>\n<meta name=\"description\" content=\"Cada 1\u00b0 de agosto, millones de personas en Am\u00e9rica Latina y especialmente en el Noroeste argentino se conectan con una tradici\u00f3n milenaria\" \/>\n<meta name=\"robots\" content=\"index, follow, max-snippet:-1, max-image-preview:large, max-video-preview:-1\" \/>\n<link rel=\"canonical\" href=\"https:\/\/patagoniambiental.com.ar\/info\/la-pachamama-no-es-solo-una-diosa-es-un-modo-de-vida\/\" \/>\n<meta property=\"og:locale\" content=\"es_ES\" \/>\n<meta property=\"og:type\" content=\"article\" \/>\n<meta property=\"og:title\" content=\"La Pachamama no es solo una diosa, es un modo de vida\" \/>\n<meta property=\"og:description\" content=\"Cada 1\u00b0 de agosto, millones de personas en Am\u00e9rica Latina y especialmente en el Noroeste argentino se conectan con una tradici\u00f3n milenaria\" \/>\n<meta property=\"og:url\" content=\"https:\/\/patagoniambiental.com.ar\/info\/la-pachamama-no-es-solo-una-diosa-es-un-modo-de-vida\/\" \/>\n<meta property=\"og:site_name\" content=\"Patagonia Ambiental\" \/>\n<meta property=\"article:publisher\" content=\"https:\/\/www.facebook.com\/patagonia.ambiental\" \/>\n<meta property=\"article:author\" content=\"https:\/\/www.facebook.com\/share\/1C1V8Gv9BX\/?mibextid=qi2Omg\" \/>\n<meta property=\"article:published_time\" content=\"2025-08-01T05:05:00+00:00\" \/>\n<meta property=\"og:image\" content=\"https:\/\/patagoniambiental.com.ar\/info\/wp-content\/uploads\/2025\/07\/indigenous_index_2021.jpg\" \/>\n\t<meta property=\"og:image:width\" content=\"1350\" \/>\n\t<meta property=\"og:image:height\" content=\"500\" \/>\n\t<meta property=\"og:image:type\" content=\"image\/jpeg\" \/>\n<meta name=\"author\" content=\"Patagonia Ambiental\" \/>\n<meta name=\"twitter:card\" content=\"summary_large_image\" \/>\n<meta name=\"twitter:creator\" content=\"@PatAmb\" \/>\n<meta name=\"twitter:site\" content=\"@PatAmb\" \/>\n<script type=\"application\/ld+json\" class=\"yoast-schema-graph\">{\"@context\":\"https:\\\/\\\/schema.org\",\"@graph\":[{\"@type\":\"Article\",\"@id\":\"https:\\\/\\\/patagoniambiental.com.ar\\\/info\\\/la-pachamama-no-es-solo-una-diosa-es-un-modo-de-vida\\\/#article\",\"isPartOf\":{\"@id\":\"https:\\\/\\\/patagoniambiental.com.ar\\\/info\\\/la-pachamama-no-es-solo-una-diosa-es-un-modo-de-vida\\\/\"},\"author\":{\"name\":\"Patagonia Ambiental\",\"@id\":\"https:\\\/\\\/patagoniambiental.com.ar\\\/info\\\/#\\\/schema\\\/person\\\/db12bff64bbcbf6a253710bf0ea37b5d\"},\"headline\":\"La Pachamama no es solo una diosa, es un modo de vida\",\"datePublished\":\"2025-08-01T05:05:00+00:00\",\"mainEntityOfPage\":{\"@id\":\"https:\\\/\\\/patagoniambiental.com.ar\\\/info\\\/la-pachamama-no-es-solo-una-diosa-es-un-modo-de-vida\\\/\"},\"wordCount\":1097,\"commentCount\":0,\"publisher\":{\"@id\":\"https:\\\/\\\/patagoniambiental.com.ar\\\/info\\\/#organization\"},\"image\":{\"@id\":\"https:\\\/\\\/patagoniambiental.com.ar\\\/info\\\/la-pachamama-no-es-solo-una-diosa-es-un-modo-de-vida\\\/#primaryimage\"},\"thumbnailUrl\":\"https:\\\/\\\/patagoniambiental.com.ar\\\/info\\\/wp-content\\\/uploads\\\/2025\\\/07\\\/indigenous_index_2021.jpg\",\"articleSection\":[\"Agenda Ambiental\",\"Noticias\"],\"inLanguage\":\"es\",\"potentialAction\":[{\"@type\":\"CommentAction\",\"name\":\"Comment\",\"target\":[\"https:\\\/\\\/patagoniambiental.com.ar\\\/info\\\/la-pachamama-no-es-solo-una-diosa-es-un-modo-de-vida\\\/#respond\"]}]},{\"@type\":\"WebPage\",\"@id\":\"https:\\\/\\\/patagoniambiental.com.ar\\\/info\\\/la-pachamama-no-es-solo-una-diosa-es-un-modo-de-vida\\\/\",\"url\":\"https:\\\/\\\/patagoniambiental.com.ar\\\/info\\\/la-pachamama-no-es-solo-una-diosa-es-un-modo-de-vida\\\/\",\"name\":\"La Pachamama no es solo una diosa, es un modo de vida\",\"isPartOf\":{\"@id\":\"https:\\\/\\\/patagoniambiental.com.ar\\\/info\\\/#website\"},\"primaryImageOfPage\":{\"@id\":\"https:\\\/\\\/patagoniambiental.com.ar\\\/info\\\/la-pachamama-no-es-solo-una-diosa-es-un-modo-de-vida\\\/#primaryimage\"},\"image\":{\"@id\":\"https:\\\/\\\/patagoniambiental.com.ar\\\/info\\\/la-pachamama-no-es-solo-una-diosa-es-un-modo-de-vida\\\/#primaryimage\"},\"thumbnailUrl\":\"https:\\\/\\\/patagoniambiental.com.ar\\\/info\\\/wp-content\\\/uploads\\\/2025\\\/07\\\/indigenous_index_2021.jpg\",\"datePublished\":\"2025-08-01T05:05:00+00:00\",\"description\":\"Cada 1\u00b0 de agosto, millones de personas en Am\u00e9rica Latina y especialmente en el Noroeste argentino se conectan con una tradici\u00f3n milenaria\",\"breadcrumb\":{\"@id\":\"https:\\\/\\\/patagoniambiental.com.ar\\\/info\\\/la-pachamama-no-es-solo-una-diosa-es-un-modo-de-vida\\\/#breadcrumb\"},\"inLanguage\":\"es\",\"potentialAction\":[{\"@type\":\"ReadAction\",\"target\":[\"https:\\\/\\\/patagoniambiental.com.ar\\\/info\\\/la-pachamama-no-es-solo-una-diosa-es-un-modo-de-vida\\\/\"]}]},{\"@type\":\"ImageObject\",\"inLanguage\":\"es\",\"@id\":\"https:\\\/\\\/patagoniambiental.com.ar\\\/info\\\/la-pachamama-no-es-solo-una-diosa-es-un-modo-de-vida\\\/#primaryimage\",\"url\":\"https:\\\/\\\/patagoniambiental.com.ar\\\/info\\\/wp-content\\\/uploads\\\/2025\\\/07\\\/indigenous_index_2021.jpg\",\"contentUrl\":\"https:\\\/\\\/patagoniambiental.com.ar\\\/info\\\/wp-content\\\/uploads\\\/2025\\\/07\\\/indigenous_index_2021.jpg\",\"width\":1200,\"height\":444,\"caption\":\"Pachamama: mucho m\u00e1s que una celebraci\u00f3n a la Tierra\"},{\"@type\":\"BreadcrumbList\",\"@id\":\"https:\\\/\\\/patagoniambiental.com.ar\\\/info\\\/la-pachamama-no-es-solo-una-diosa-es-un-modo-de-vida\\\/#breadcrumb\",\"itemListElement\":[{\"@type\":\"ListItem\",\"position\":1,\"name\":\"Inicio\",\"item\":\"https:\\\/\\\/patagoniambiental.com.ar\\\/info\\\/\"},{\"@type\":\"ListItem\",\"position\":2,\"name\":\"La Pachamama no es solo una diosa, es un modo de vida\"}]},{\"@type\":\"WebSite\",\"@id\":\"https:\\\/\\\/patagoniambiental.com.ar\\\/info\\\/#website\",\"url\":\"https:\\\/\\\/patagoniambiental.com.ar\\\/info\\\/\",\"name\":\"Patagonia Ambiental\",\"description\":\"Monitoreo y an\u00e1lisis de la situaci\u00f3n geopol\u00edtica en el mundo y su implicancia en la Patagonia\",\"publisher\":{\"@id\":\"https:\\\/\\\/patagoniambiental.com.ar\\\/info\\\/#organization\"},\"potentialAction\":[{\"@type\":\"SearchAction\",\"target\":{\"@type\":\"EntryPoint\",\"urlTemplate\":\"https:\\\/\\\/patagoniambiental.com.ar\\\/info\\\/?s={search_term_string}\"},\"query-input\":{\"@type\":\"PropertyValueSpecification\",\"valueRequired\":true,\"valueName\":\"search_term_string\"}}],\"inLanguage\":\"es\"},{\"@type\":\"Organization\",\"@id\":\"https:\\\/\\\/patagoniambiental.com.ar\\\/info\\\/#organization\",\"name\":\"Patagonia Ambiental\",\"url\":\"https:\\\/\\\/patagoniambiental.com.ar\\\/info\\\/\",\"logo\":{\"@type\":\"ImageObject\",\"inLanguage\":\"es\",\"@id\":\"https:\\\/\\\/patagoniambiental.com.ar\\\/info\\\/#\\\/schema\\\/logo\\\/image\\\/\",\"url\":\"https:\\\/\\\/patagoniambiental.com.ar\\\/info\\\/wp-content\\\/uploads\\\/2025\\\/05\\\/LOGO-PATAGONIA-AMBIENTAL.png\",\"contentUrl\":\"https:\\\/\\\/patagoniambiental.com.ar\\\/info\\\/wp-content\\\/uploads\\\/2025\\\/05\\\/LOGO-PATAGONIA-AMBIENTAL.png\",\"width\":433,\"height\":250,\"caption\":\"Patagonia Ambiental\"},\"image\":{\"@id\":\"https:\\\/\\\/patagoniambiental.com.ar\\\/info\\\/#\\\/schema\\\/logo\\\/image\\\/\"},\"sameAs\":[\"https:\\\/\\\/www.facebook.com\\\/patagonia.ambiental\",\"https:\\\/\\\/x.com\\\/PatAmb\"]},{\"@type\":\"Person\",\"@id\":\"https:\\\/\\\/patagoniambiental.com.ar\\\/info\\\/#\\\/schema\\\/person\\\/db12bff64bbcbf6a253710bf0ea37b5d\",\"name\":\"Patagonia Ambiental\",\"description\":\"Andr\u00e9s Nievas T\u00e9cnico en manejo ambiental, consultor Ambiental y escritor para medios locales e internacionales sobre temas de geopolitica y medio ambiente.\",\"sameAs\":[\"http:\\\/\\\/www.patagoniambiental.com.ar\",\"https:\\\/\\\/www.facebook.com\\\/share\\\/1C1V8Gv9BX\\\/?mibextid=qi2Omg\",\"@patagoniambiental\",\"https:\\\/\\\/youtube.com\\\/@patagoniaambiental2023?si=BLt58t0wuXquxlYZ\"]}]}<\/script>\n<!-- \/ Yoast SEO Premium plugin. -->","yoast_head_json":{"title":"La Pachamama no es solo una diosa, es un modo de vida","description":"Cada 1\u00b0 de agosto, millones de personas en Am\u00e9rica Latina y especialmente en el Noroeste argentino se conectan con una tradici\u00f3n milenaria","robots":{"index":"index","follow":"follow","max-snippet":"max-snippet:-1","max-image-preview":"max-image-preview:large","max-video-preview":"max-video-preview:-1"},"canonical":"https:\/\/patagoniambiental.com.ar\/info\/la-pachamama-no-es-solo-una-diosa-es-un-modo-de-vida\/","og_locale":"es_ES","og_type":"article","og_title":"La Pachamama no es solo una diosa, es un modo de vida","og_description":"Cada 1\u00b0 de agosto, millones de personas en Am\u00e9rica Latina y especialmente en el Noroeste argentino se conectan con una tradici\u00f3n milenaria","og_url":"https:\/\/patagoniambiental.com.ar\/info\/la-pachamama-no-es-solo-una-diosa-es-un-modo-de-vida\/","og_site_name":"Patagonia Ambiental","article_publisher":"https:\/\/www.facebook.com\/patagonia.ambiental","article_author":"https:\/\/www.facebook.com\/share\/1C1V8Gv9BX\/?mibextid=qi2Omg","article_published_time":"2025-08-01T05:05:00+00:00","og_image":[{"width":1350,"height":500,"url":"https:\/\/patagoniambiental.com.ar\/info\/wp-content\/uploads\/2025\/07\/indigenous_index_2021.jpg","type":"image\/jpeg"}],"author":"Patagonia Ambiental","twitter_card":"summary_large_image","twitter_creator":"@PatAmb","twitter_site":"@PatAmb","schema":{"@context":"https:\/\/schema.org","@graph":[{"@type":"Article","@id":"https:\/\/patagoniambiental.com.ar\/info\/la-pachamama-no-es-solo-una-diosa-es-un-modo-de-vida\/#article","isPartOf":{"@id":"https:\/\/patagoniambiental.com.ar\/info\/la-pachamama-no-es-solo-una-diosa-es-un-modo-de-vida\/"},"author":{"name":"Patagonia Ambiental","@id":"https:\/\/patagoniambiental.com.ar\/info\/#\/schema\/person\/db12bff64bbcbf6a253710bf0ea37b5d"},"headline":"La Pachamama no es solo una diosa, es un modo de vida","datePublished":"2025-08-01T05:05:00+00:00","mainEntityOfPage":{"@id":"https:\/\/patagoniambiental.com.ar\/info\/la-pachamama-no-es-solo-una-diosa-es-un-modo-de-vida\/"},"wordCount":1097,"commentCount":0,"publisher":{"@id":"https:\/\/patagoniambiental.com.ar\/info\/#organization"},"image":{"@id":"https:\/\/patagoniambiental.com.ar\/info\/la-pachamama-no-es-solo-una-diosa-es-un-modo-de-vida\/#primaryimage"},"thumbnailUrl":"https:\/\/patagoniambiental.com.ar\/info\/wp-content\/uploads\/2025\/07\/indigenous_index_2021.jpg","articleSection":["Agenda Ambiental","Noticias"],"inLanguage":"es","potentialAction":[{"@type":"CommentAction","name":"Comment","target":["https:\/\/patagoniambiental.com.ar\/info\/la-pachamama-no-es-solo-una-diosa-es-un-modo-de-vida\/#respond"]}]},{"@type":"WebPage","@id":"https:\/\/patagoniambiental.com.ar\/info\/la-pachamama-no-es-solo-una-diosa-es-un-modo-de-vida\/","url":"https:\/\/patagoniambiental.com.ar\/info\/la-pachamama-no-es-solo-una-diosa-es-un-modo-de-vida\/","name":"La Pachamama no es solo una diosa, es un modo de vida","isPartOf":{"@id":"https:\/\/patagoniambiental.com.ar\/info\/#website"},"primaryImageOfPage":{"@id":"https:\/\/patagoniambiental.com.ar\/info\/la-pachamama-no-es-solo-una-diosa-es-un-modo-de-vida\/#primaryimage"},"image":{"@id":"https:\/\/patagoniambiental.com.ar\/info\/la-pachamama-no-es-solo-una-diosa-es-un-modo-de-vida\/#primaryimage"},"thumbnailUrl":"https:\/\/patagoniambiental.com.ar\/info\/wp-content\/uploads\/2025\/07\/indigenous_index_2021.jpg","datePublished":"2025-08-01T05:05:00+00:00","description":"Cada 1\u00b0 de agosto, millones de personas en Am\u00e9rica Latina y especialmente en el Noroeste argentino se conectan con una tradici\u00f3n milenaria","breadcrumb":{"@id":"https:\/\/patagoniambiental.com.ar\/info\/la-pachamama-no-es-solo-una-diosa-es-un-modo-de-vida\/#breadcrumb"},"inLanguage":"es","potentialAction":[{"@type":"ReadAction","target":["https:\/\/patagoniambiental.com.ar\/info\/la-pachamama-no-es-solo-una-diosa-es-un-modo-de-vida\/"]}]},{"@type":"ImageObject","inLanguage":"es","@id":"https:\/\/patagoniambiental.com.ar\/info\/la-pachamama-no-es-solo-una-diosa-es-un-modo-de-vida\/#primaryimage","url":"https:\/\/patagoniambiental.com.ar\/info\/wp-content\/uploads\/2025\/07\/indigenous_index_2021.jpg","contentUrl":"https:\/\/patagoniambiental.com.ar\/info\/wp-content\/uploads\/2025\/07\/indigenous_index_2021.jpg","width":1200,"height":444,"caption":"Pachamama: mucho m\u00e1s que una celebraci\u00f3n a la Tierra"},{"@type":"BreadcrumbList","@id":"https:\/\/patagoniambiental.com.ar\/info\/la-pachamama-no-es-solo-una-diosa-es-un-modo-de-vida\/#breadcrumb","itemListElement":[{"@type":"ListItem","position":1,"name":"Inicio","item":"https:\/\/patagoniambiental.com.ar\/info\/"},{"@type":"ListItem","position":2,"name":"La Pachamama no es solo una diosa, es un modo de vida"}]},{"@type":"WebSite","@id":"https:\/\/patagoniambiental.com.ar\/info\/#website","url":"https:\/\/patagoniambiental.com.ar\/info\/","name":"Patagonia Ambiental","description":"Monitoreo y an\u00e1lisis de la situaci\u00f3n geopol\u00edtica en el mundo y su implicancia en la Patagonia","publisher":{"@id":"https:\/\/patagoniambiental.com.ar\/info\/#organization"},"potentialAction":[{"@type":"SearchAction","target":{"@type":"EntryPoint","urlTemplate":"https:\/\/patagoniambiental.com.ar\/info\/?s={search_term_string}"},"query-input":{"@type":"PropertyValueSpecification","valueRequired":true,"valueName":"search_term_string"}}],"inLanguage":"es"},{"@type":"Organization","@id":"https:\/\/patagoniambiental.com.ar\/info\/#organization","name":"Patagonia Ambiental","url":"https:\/\/patagoniambiental.com.ar\/info\/","logo":{"@type":"ImageObject","inLanguage":"es","@id":"https:\/\/patagoniambiental.com.ar\/info\/#\/schema\/logo\/image\/","url":"https:\/\/patagoniambiental.com.ar\/info\/wp-content\/uploads\/2025\/05\/LOGO-PATAGONIA-AMBIENTAL.png","contentUrl":"https:\/\/patagoniambiental.com.ar\/info\/wp-content\/uploads\/2025\/05\/LOGO-PATAGONIA-AMBIENTAL.png","width":433,"height":250,"caption":"Patagonia Ambiental"},"image":{"@id":"https:\/\/patagoniambiental.com.ar\/info\/#\/schema\/logo\/image\/"},"sameAs":["https:\/\/www.facebook.com\/patagonia.ambiental","https:\/\/x.com\/PatAmb"]},{"@type":"Person","@id":"https:\/\/patagoniambiental.com.ar\/info\/#\/schema\/person\/db12bff64bbcbf6a253710bf0ea37b5d","name":"Patagonia Ambiental","description":"Andr\u00e9s Nievas T\u00e9cnico en manejo ambiental, consultor Ambiental y escritor para medios locales e internacionales sobre temas de geopolitica y medio ambiente.","sameAs":["http:\/\/www.patagoniambiental.com.ar","https:\/\/www.facebook.com\/share\/1C1V8Gv9BX\/?mibextid=qi2Omg","@patagoniambiental","https:\/\/youtube.com\/@patagoniaambiental2023?si=BLt58t0wuXquxlYZ"]}]}},"_links":{"self":[{"href":"https:\/\/patagoniambiental.com.ar\/info\/wp-json\/wp\/v2\/posts\/97117","targetHints":{"allow":["GET"]}}],"collection":[{"href":"https:\/\/patagoniambiental.com.ar\/info\/wp-json\/wp\/v2\/posts"}],"about":[{"href":"https:\/\/patagoniambiental.com.ar\/info\/wp-json\/wp\/v2\/types\/post"}],"author":[{"embeddable":true,"href":"https:\/\/patagoniambiental.com.ar\/info\/wp-json\/wp\/v2\/users\/2"}],"replies":[{"embeddable":true,"href":"https:\/\/patagoniambiental.com.ar\/info\/wp-json\/wp\/v2\/comments?post=97117"}],"version-history":[{"count":5,"href":"https:\/\/patagoniambiental.com.ar\/info\/wp-json\/wp\/v2\/posts\/97117\/revisions"}],"predecessor-version":[{"id":97126,"href":"https:\/\/patagoniambiental.com.ar\/info\/wp-json\/wp\/v2\/posts\/97117\/revisions\/97126"}],"wp:featuredmedia":[{"embeddable":true,"href":"https:\/\/patagoniambiental.com.ar\/info\/wp-json\/wp\/v2\/media\/97118"}],"wp:attachment":[{"href":"https:\/\/patagoniambiental.com.ar\/info\/wp-json\/wp\/v2\/media?parent=97117"}],"wp:term":[{"taxonomy":"category","embeddable":true,"href":"https:\/\/patagoniambiental.com.ar\/info\/wp-json\/wp\/v2\/categories?post=97117"},{"taxonomy":"post_tag","embeddable":true,"href":"https:\/\/patagoniambiental.com.ar\/info\/wp-json\/wp\/v2\/tags?post=97117"}],"curies":[{"name":"wp","href":"https:\/\/api.w.org\/{rel}","templated":true}]}}