{"id":97141,"date":"2025-08-18T11:26:00","date_gmt":"2025-08-18T14:26:00","guid":{"rendered":"https:\/\/patagoniambiental.com.ar\/info\/?p=97141"},"modified":"2025-08-18T12:21:22","modified_gmt":"2025-08-18T15:21:22","slug":"dia-mundial-de-la-prevencion-de-incendios-forestales-una-llamada-urgente-por-los-bosques-del-planeta","status":"publish","type":"post","link":"https:\/\/patagoniambiental.com.ar\/info\/dia-mundial-de-la-prevencion-de-incendios-forestales-una-llamada-urgente-por-los-bosques-del-planeta\/","title":{"rendered":"D\u00eda Mundial de la Prevenci\u00f3n de Incendios Forestales: una llamada urgente por los bosques del planeta"},"content":{"rendered":"\n<!--more-->\n\n\n\n<h2 class=\"wp-block-heading\" id=\"h-por-que-se-conmemora-el-18-de-agosto\">\u00bfPor qu\u00e9 se conmemora el 18 de agosto?<\/h2>\n\n\n\n<p>Buenos Aires, Argentina, 29 de agosto de 2025. Cada 18 de agosto el mundo alza la voz para concientizar sobre uno de los desastres ambientales m\u00e1s destructivos y crecientes del siglo XXI: los incendios forestales. Esta fecha busca sensibilizar a gobiernos, comunidades, productores rurales y ciudadanos en general sobre la necesidad urgente de prevenir, educar y actuar frente a los incendios que arrasan con millones de hect\u00e1reas de bosque y biodiversidad cada a\u00f1o.<\/p>\n\n\n\n<p>Conmemoraciones como esta no solo ponen en foco las p\u00e9rdidas ecol\u00f3gicas, sino tambi\u00e9n las consecuencias humanas, sociales, sanitarias y econ\u00f3micas de un fen\u00f3meno que se intensifica con el cambio clim\u00e1tico y las pr\u00e1cticas humanas irresponsables.<\/p>\n\n\n\n<h2 class=\"wp-block-heading\" id=\"h-el-fuego-no-perdona-cifras-alarmantes-en-todo-el-mundo\">El fuego no perdona: cifras alarmantes en todo el mundo<\/h2>\n\n\n\n<p>\ud83c\udf32 M\u00e1s de 400 millones de hect\u00e1reas son afectadas anualmente por incendios forestales, seg\u00fan la FAO.<\/p>\n\n\n\n<p>\ud83c\udf0e Regiones como Amazonia, Australia, California, Siberia, \u00c1frica Central y el Gran Chaco Sudamericano se han convertido en zonas de cat\u00e1strofes frecuentes.<\/p>\n\n\n\n<p>\ud83d\udd25 En Am\u00e9rica Latina, se estima que el 95% de los incendios forestales son provocados por el ser humano, ya sea por negligencia o por pr\u00e1cticas productivas ilegales (como desmontes o preparaci\u00f3n de tierras agr\u00edcolas).<\/p>\n\n\n\n<h2 class=\"wp-block-heading\" id=\"h-que-causa-los-incendios-forestales\">\u00bfQu\u00e9 causa los incendios forestales?<\/h2>\n\n\n\n<p>Aunque muchos incendios tienen origen natural (por rayos en zonas secas), la gran mayor\u00eda son provocados por:<\/p>\n\n\n\n<ul class=\"wp-block-list\">\n<li>Quemas agr\u00edcolas mal controladas.<\/li>\n\n\n\n<li>Fogatas mal apagadas o colillas mal tiradas.<\/li>\n\n\n\n<li>Quema de basura en zonas periurbanas.<\/li>\n\n\n\n<li>Intencionalidad para despejar tierras.<\/li>\n\n\n\n<li>Falta de ordenamiento territorial y abandono de \u00e1reas rurales.<\/li>\n\n\n\n<li>El cambio clim\u00e1tico agrava el problema<\/li>\n<\/ul>\n\n\n\n<p>Las olas de calor extremo, la sequ\u00eda prolongada, la reducci\u00f3n de humedad del suelo y los cambios en los reg\u00edmenes de viento y lluvia son factores que aumentan significativamente la frecuencia, intensidad y duraci\u00f3n de los incendios forestales.<\/p>\n\n\n\n<p>Seg\u00fan el \u00faltimo informe del IPCC, el v\u00ednculo entre cambio clim\u00e1tico y eventos extremos es cada vez m\u00e1s evidente. Incendios como los ocurridos en 2023 en Grecia, Canad\u00e1 o Chile muestran que ning\u00fan pa\u00eds est\u00e1 exento del riesgo.<\/p>\n\n\n\n<h2 class=\"wp-block-heading\" id=\"h-consecuencias-ambientales-y-sociales\">Consecuencias ambientales y sociales<\/h2>\n\n\n\n<p>Los incendios forestales no solo destruyen \u00e1rboles. Tambi\u00e9n:<\/p>\n\n\n\n<ul class=\"wp-block-list\">\n<li>Exterminan biodiversidad (flora, fauna, insectos, microorganismos).<\/li>\n\n\n\n<li>Libera enormes cantidades de di\u00f3xido de carbono (CO\u2082), acelerando el calentamiento global.<\/li>\n\n\n\n<li>Deterioran la calidad del aire, provocando enfermedades respiratorias.<\/li>\n\n\n\n<li>Degradan suelos, afectando la producci\u00f3n agr\u00edcola y la infiltraci\u00f3n de agua.<\/li>\n\n\n\n<li>Provocan desplazamiento de comunidades rurales e ind\u00edgenas.<\/li>\n\n\n\n<li>Amenazan infraestructuras, servicios p\u00fablicos y econom\u00edas locales.<\/li>\n<\/ul>\n\n\n\n<p>Bosques en peligro: los ecosistemas m\u00e1s afectados<\/p>\n\n\n\n<ul class=\"wp-block-list\">\n<li>Bosque Atl\u00e1ntico: fragmentado y vulnerable, con cientos de especies end\u00e9micas.<\/li>\n\n\n\n<li>Amazonia: pulm\u00f3n del mundo y hogar de pueblos ind\u00edgenas.<\/li>\n\n\n\n<li>Sabana africana: sufre incendios como parte de ciclos naturales, pero hoy se agravan.<\/li>\n\n\n\n<li>Boreales de Siberia y Canad\u00e1: albergan grandes reservas de carbono en sus suelos.<\/li>\n\n\n\n<li>Bosques mediterr\u00e1neos: altamente inflamables por la sequedad estival.<\/li>\n<\/ul>\n\n\n\n<h2 class=\"wp-block-heading\" id=\"h-que-podemos-hacer-para-prevenir\">\u00bfQu\u00e9 podemos hacer para prevenir?<\/h2>\n\n\n\n<p>Acciones individuales:<\/p>\n\n\n\n<ul class=\"wp-block-list\">\n<li>No hacer fogatas en \u00e1reas naturales.<\/li>\n\n\n\n<li>No arrojar colillas ni vidrios en zonas secas.<\/li>\n\n\n\n<li>Denunciar quemas ilegales o sospechosas.<\/li>\n\n\n\n<li>Participar en campa\u00f1as de educaci\u00f3n ambiental.<\/li>\n\n\n\n<li>Respetar las restricciones de acceso en \u00e9pocas de riesgo alto.<\/li>\n<\/ul>\n\n\n\n<p>Acciones comunitarias:<\/p>\n\n\n\n<ul class=\"wp-block-list\">\n<li>Capacitar a brigadas locales de prevenci\u00f3n y respuesta.<\/li>\n\n\n\n<li>Incorporar la gesti\u00f3n del fuego en los planes de ordenamiento territorial.<\/li>\n\n\n\n<li>Impulsar viveros y reforestaci\u00f3n con especies nativas.<\/li>\n\n\n\n<li>Coordinar acciones con Defensa Civil, Bomberos, Parques Nacionales y organizaciones ambientales. <\/li>\n<\/ul>\n\n\n\n<p>Acciones estatales:<\/p>\n\n\n\n<p>Inversi\u00f3n en sistemas de monitoreo satelital y detecci\u00f3n temprana.<\/p>\n\n\n\n<ul class=\"wp-block-list\">\n<li>Legislaci\u00f3n m\u00e1s severa contra quemas ilegales.<\/li>\n\n\n\n<li>Planes de contingencia para emergencias forestales.<\/li>\n\n\n\n<li>Educaci\u00f3n ambiental en todos los niveles escolares.<\/li>\n\n\n\n<li>Tecnolog\u00eda al servicio de la prevenci\u00f3n<\/li>\n<\/ul>\n\n\n\n<p>Hoy existen herramientas clave para anticipar y combatir incendios:<\/p>\n\n\n\n<ul class=\"wp-block-list\">\n<li><\/li>\n\n\n\n<li>Sat\u00e9lites como Copernicus, GOES o MODIS permiten monitorear focos de calor en tiempo real.<\/li>\n\n\n\n<li>Drones con c\u00e1maras t\u00e9rmicas para detecci\u00f3n en terreno.<\/li>\n\n\n\n<li>Modelos de predicci\u00f3n clim\u00e1tica y mapas de riesgo.<\/li>\n\n\n\n<li>Inteligencia artificial para evaluar patrones de comportamiento del fuego.<\/li>\n<\/ul>\n\n\n\n<h2 class=\"wp-block-heading\" id=\"h-el-rol-de-los-pueblos-originarios\">El rol de los pueblos originarios<\/h2>\n\n\n\n<p>Comunidades ind\u00edgenas de todo el mundo han gestionado los ecosistemas con pr\u00e1cticas tradicionales de uso del fuego de manera respetuosa, equilibrada y sostenible. Escuchar y recuperar sus saberes es una estrategia crucial para dise\u00f1ar pol\u00edticas que contemplen el territorio como un bien com\u00fan, no como recurso explotable.<\/p>\n\n\n\n<h2 class=\"wp-block-heading\" id=\"h-casos-de-exito-restaurar-para-sanar\">Casos de \u00e9xito: restaurar para sanar<\/h2>\n\n\n\n<p>\ud83c\udf31 En Australia, comunidades abor\u00edgenes colaboran con cient\u00edficos en manejo controlado del fuego.<\/p>\n\n\n\n<p>\ud83c\udf33 En Argentina, se llevan adelante planes de restauraci\u00f3n de \u00e1reas afectadas en la Patagonia, el Delta y C\u00f3rdoba.<\/p>\n\n\n\n<p>\ud83c\udf0e En Colombia y Brasil, se est\u00e1n promoviendo corredores biol\u00f3gicos para recuperar ecosistemas afectados.<\/p>\n\n\n\n<h2 class=\"wp-block-heading\" id=\"h-dia-mundial-de-la-prevencion-de-incendios-forestales-por-que-es-importante\">D\u00eda Mundial de la Prevenci\u00f3n de Incendios Forestales: \u00bfpor qu\u00e9 es importante?<\/h2>\n\n\n\n<p>Porque prevenir es m\u00e1s barato, eficaz y ecol\u00f3gico que apagar. Esta fecha busca recordarnos que los incendios forestales no son desastres inevitables, sino consecuencias de un modelo de desarrollo desconectado de la naturaleza.<\/p>\n\n\n\n<p>Es una oportunidad para educar, alertar, movilizar y exigir pol\u00edticas p\u00fablicas m\u00e1s ambiciosas, para que nuestros hijos hereden un planeta verde, sano y respirable.<\/p>\n\n\n\n<h2 class=\"wp-block-heading\" id=\"h-el-fuego-no-es-enemigo-si-sabemos-convivir-con-el\">El fuego no es enemigo, si sabemos convivir con \u00e9l<\/h2>\n\n\n\n<p>En muchas culturas, el fuego es s\u00edmbolo de vida, renovaci\u00f3n y purificaci\u00f3n. Pero mal gestionado, se convierte en una amenaza devastadora. En este D\u00eda Mundial de la Prevenci\u00f3n de Incendios Forestales, el mensaje es claro: el tiempo de actuar es ahora. La prevenci\u00f3n empieza en cada comunidad, en cada escuela, en cada decisi\u00f3n de pol\u00edtica ambiental.<\/p>\n\n\n\n<p><\/p>\n","protected":false},"excerpt":{"rendered":"","protected":false},"author":2,"featured_media":97846,"comment_status":"open","ping_status":"open","sticky":false,"template":"","format":"standard","meta":{"site-sidebar-layout":"default","site-content-layout":"","ast-site-content-layout":"default","site-content-style":"default","site-sidebar-style":"default","ast-global-header-display":"","ast-banner-title-visibility":"","ast-main-header-display":"","ast-hfb-above-header-display":"","ast-hfb-below-header-display":"","ast-hfb-mobile-header-display":"","site-post-title":"","ast-breadcrumbs-content":"","ast-featured-img":"","footer-sml-layout":"","ast-disable-related-posts":"","theme-transparent-header-meta":"","adv-header-id-meta":"","stick-header-meta":"","header-above-stick-meta":"","header-main-stick-meta":"","header-below-stick-meta":"","astra-migrate-meta-layouts":"default","ast-page-background-enabled":"default","ast-page-background-meta":{"desktop":{"background-color":"var(--ast-global-color-5)","background-image":"","background-repeat":"repeat","background-position":"center center","background-size":"auto","background-attachment":"scroll","background-type":"","background-media":"","overlay-type":"","overlay-color":"","overlay-opacity":"","overlay-gradient":""},"tablet":{"background-color":"","background-image":"","background-repeat":"repeat","background-position":"center center","background-size":"auto","background-attachment":"scroll","background-type":"","background-media":"","overlay-type":"","overlay-color":"","overlay-opacity":"","overlay-gradient":""},"mobile":{"background-color":"","background-image":"","background-repeat":"repeat","background-position":"center center","background-size":"auto","background-attachment":"scroll","background-type":"","background-media":"","overlay-type":"","overlay-color":"","overlay-opacity":"","overlay-gradient":""}},"ast-content-background-meta":{"desktop":{"background-color":"var(--ast-global-color-4)","background-image":"","background-repeat":"repeat","background-position":"center center","background-size":"auto","background-attachment":"scroll","background-type":"","background-media":"","overlay-type":"","overlay-color":"","overlay-opacity":"","overlay-gradient":""},"tablet":{"background-color":"var(--ast-global-color-4)","background-image":"","background-repeat":"repeat","background-position":"center center","background-size":"auto","background-attachment":"scroll","background-type":"","background-media":"","overlay-type":"","overlay-color":"","overlay-opacity":"","overlay-gradient":""},"mobile":{"background-color":"var(--ast-global-color-4)","background-image":"","background-repeat":"repeat","background-position":"center center","background-size":"auto","background-attachment":"scroll","background-type":"","background-media":"","overlay-type":"","overlay-color":"","overlay-opacity":"","overlay-gradient":""}},"footnotes":""},"categories":[12,1],"tags":[],"class_list":["post-97141","post","type-post","status-publish","format-standard","has-post-thumbnail","hentry","category-agenda-ambiental","category-noticias"],"yoast_head":"<!-- This site is optimized with the Yoast SEO Premium plugin v23.0 (Yoast SEO v27.5) - https:\/\/yoast.com\/product\/yoast-seo-premium-wordpress\/ -->\n<title>D\u00eda Mundial de la Prevenci\u00f3n de Incendios Forestales: una llamada urgente por los bosques del planeta<\/title>\n<meta name=\"description\" content=\"Cada 18 de agosto el mundo alza la voz para concientizar sobre uno de los desastres ambientales m\u00e1s destructivos y crecientes del siglo XXI:\" \/>\n<meta name=\"robots\" content=\"index, follow, max-snippet:-1, max-image-preview:large, max-video-preview:-1\" \/>\n<link rel=\"canonical\" href=\"https:\/\/patagoniambiental.com.ar\/info\/dia-mundial-de-la-prevencion-de-incendios-forestales-una-llamada-urgente-por-los-bosques-del-planeta\/\" \/>\n<meta property=\"og:locale\" content=\"es_ES\" \/>\n<meta property=\"og:type\" content=\"article\" \/>\n<meta property=\"og:title\" content=\"D\u00eda Mundial de la Prevenci\u00f3n de Incendios Forestales: una llamada urgente por los bosques del planeta\" \/>\n<meta property=\"og:description\" content=\"Cada 18 de agosto el mundo alza la voz para concientizar sobre uno de los desastres ambientales m\u00e1s destructivos y crecientes del siglo XXI:\" \/>\n<meta property=\"og:url\" content=\"https:\/\/patagoniambiental.com.ar\/info\/dia-mundial-de-la-prevencion-de-incendios-forestales-una-llamada-urgente-por-los-bosques-del-planeta\/\" \/>\n<meta property=\"og:site_name\" content=\"Patagonia Ambiental\" \/>\n<meta property=\"article:publisher\" content=\"https:\/\/www.facebook.com\/patagonia.ambiental\" \/>\n<meta property=\"article:author\" content=\"https:\/\/www.facebook.com\/share\/1C1V8Gv9BX\/?mibextid=qi2Omg\" \/>\n<meta property=\"article:published_time\" content=\"2025-08-18T14:26:00+00:00\" \/>\n<meta property=\"article:modified_time\" content=\"2025-08-18T15:21:22+00:00\" \/>\n<meta property=\"og:image\" content=\"https:\/\/patagoniambiental.com.ar\/info\/wp-content\/uploads\/2025\/08\/1000162756-1.jpg\" \/>\n\t<meta property=\"og:image:width\" content=\"1280\" \/>\n\t<meta property=\"og:image:height\" content=\"836\" \/>\n\t<meta property=\"og:image:type\" content=\"image\/jpeg\" \/>\n<meta name=\"author\" content=\"Patagonia Ambiental\" \/>\n<meta name=\"twitter:card\" content=\"summary_large_image\" \/>\n<meta name=\"twitter:creator\" content=\"@PatAmb\" \/>\n<meta name=\"twitter:site\" content=\"@PatAmb\" \/>\n<script type=\"application\/ld+json\" class=\"yoast-schema-graph\">{\"@context\":\"https:\\\/\\\/schema.org\",\"@graph\":[{\"@type\":\"Article\",\"@id\":\"https:\\\/\\\/patagoniambiental.com.ar\\\/info\\\/dia-mundial-de-la-prevencion-de-incendios-forestales-una-llamada-urgente-por-los-bosques-del-planeta\\\/#article\",\"isPartOf\":{\"@id\":\"https:\\\/\\\/patagoniambiental.com.ar\\\/info\\\/dia-mundial-de-la-prevencion-de-incendios-forestales-una-llamada-urgente-por-los-bosques-del-planeta\\\/\"},\"author\":{\"name\":\"Patagonia Ambiental\",\"@id\":\"https:\\\/\\\/patagoniambiental.com.ar\\\/info\\\/#\\\/schema\\\/person\\\/db12bff64bbcbf6a253710bf0ea37b5d\"},\"headline\":\"D\u00eda Mundial de la Prevenci\u00f3n de Incendios Forestales: una llamada urgente por los bosques del planeta\",\"datePublished\":\"2025-08-18T14:26:00+00:00\",\"dateModified\":\"2025-08-18T15:21:22+00:00\",\"mainEntityOfPage\":{\"@id\":\"https:\\\/\\\/patagoniambiental.com.ar\\\/info\\\/dia-mundial-de-la-prevencion-de-incendios-forestales-una-llamada-urgente-por-los-bosques-del-planeta\\\/\"},\"wordCount\":955,\"commentCount\":0,\"publisher\":{\"@id\":\"https:\\\/\\\/patagoniambiental.com.ar\\\/info\\\/#organization\"},\"image\":{\"@id\":\"https:\\\/\\\/patagoniambiental.com.ar\\\/info\\\/dia-mundial-de-la-prevencion-de-incendios-forestales-una-llamada-urgente-por-los-bosques-del-planeta\\\/#primaryimage\"},\"thumbnailUrl\":\"https:\\\/\\\/patagoniambiental.com.ar\\\/info\\\/wp-content\\\/uploads\\\/2025\\\/08\\\/1000162756-1.jpg\",\"articleSection\":[\"Agenda Ambiental\",\"Noticias\"],\"inLanguage\":\"es\",\"potentialAction\":[{\"@type\":\"CommentAction\",\"name\":\"Comment\",\"target\":[\"https:\\\/\\\/patagoniambiental.com.ar\\\/info\\\/dia-mundial-de-la-prevencion-de-incendios-forestales-una-llamada-urgente-por-los-bosques-del-planeta\\\/#respond\"]}]},{\"@type\":\"WebPage\",\"@id\":\"https:\\\/\\\/patagoniambiental.com.ar\\\/info\\\/dia-mundial-de-la-prevencion-de-incendios-forestales-una-llamada-urgente-por-los-bosques-del-planeta\\\/\",\"url\":\"https:\\\/\\\/patagoniambiental.com.ar\\\/info\\\/dia-mundial-de-la-prevencion-de-incendios-forestales-una-llamada-urgente-por-los-bosques-del-planeta\\\/\",\"name\":\"D\u00eda Mundial de la Prevenci\u00f3n de Incendios Forestales: una llamada urgente por los bosques del planeta\",\"isPartOf\":{\"@id\":\"https:\\\/\\\/patagoniambiental.com.ar\\\/info\\\/#website\"},\"primaryImageOfPage\":{\"@id\":\"https:\\\/\\\/patagoniambiental.com.ar\\\/info\\\/dia-mundial-de-la-prevencion-de-incendios-forestales-una-llamada-urgente-por-los-bosques-del-planeta\\\/#primaryimage\"},\"image\":{\"@id\":\"https:\\\/\\\/patagoniambiental.com.ar\\\/info\\\/dia-mundial-de-la-prevencion-de-incendios-forestales-una-llamada-urgente-por-los-bosques-del-planeta\\\/#primaryimage\"},\"thumbnailUrl\":\"https:\\\/\\\/patagoniambiental.com.ar\\\/info\\\/wp-content\\\/uploads\\\/2025\\\/08\\\/1000162756-1.jpg\",\"datePublished\":\"2025-08-18T14:26:00+00:00\",\"dateModified\":\"2025-08-18T15:21:22+00:00\",\"description\":\"Cada 18 de agosto el mundo alza la voz para concientizar sobre uno de los desastres ambientales m\u00e1s destructivos y crecientes del siglo XXI:\",\"breadcrumb\":{\"@id\":\"https:\\\/\\\/patagoniambiental.com.ar\\\/info\\\/dia-mundial-de-la-prevencion-de-incendios-forestales-una-llamada-urgente-por-los-bosques-del-planeta\\\/#breadcrumb\"},\"inLanguage\":\"es\",\"potentialAction\":[{\"@type\":\"ReadAction\",\"target\":[\"https:\\\/\\\/patagoniambiental.com.ar\\\/info\\\/dia-mundial-de-la-prevencion-de-incendios-forestales-una-llamada-urgente-por-los-bosques-del-planeta\\\/\"]}]},{\"@type\":\"ImageObject\",\"inLanguage\":\"es\",\"@id\":\"https:\\\/\\\/patagoniambiental.com.ar\\\/info\\\/dia-mundial-de-la-prevencion-de-incendios-forestales-una-llamada-urgente-por-los-bosques-del-planeta\\\/#primaryimage\",\"url\":\"https:\\\/\\\/patagoniambiental.com.ar\\\/info\\\/wp-content\\\/uploads\\\/2025\\\/08\\\/1000162756-1.jpg\",\"contentUrl\":\"https:\\\/\\\/patagoniambiental.com.ar\\\/info\\\/wp-content\\\/uploads\\\/2025\\\/08\\\/1000162756-1.jpg\",\"width\":919,\"height\":600,\"caption\":\"Foto de uso gratuito https:\\\/\\\/pixabay.com\\\/es\\\/photos\\\/incendio-forestal-%C3%A1rboles-incendio-432870\\\/\"},{\"@type\":\"BreadcrumbList\",\"@id\":\"https:\\\/\\\/patagoniambiental.com.ar\\\/info\\\/dia-mundial-de-la-prevencion-de-incendios-forestales-una-llamada-urgente-por-los-bosques-del-planeta\\\/#breadcrumb\",\"itemListElement\":[{\"@type\":\"ListItem\",\"position\":1,\"name\":\"Inicio\",\"item\":\"https:\\\/\\\/patagoniambiental.com.ar\\\/info\\\/\"},{\"@type\":\"ListItem\",\"position\":2,\"name\":\"D\u00eda Mundial de la Prevenci\u00f3n de Incendios Forestales: una llamada urgente por los bosques del planeta\"}]},{\"@type\":\"WebSite\",\"@id\":\"https:\\\/\\\/patagoniambiental.com.ar\\\/info\\\/#website\",\"url\":\"https:\\\/\\\/patagoniambiental.com.ar\\\/info\\\/\",\"name\":\"Patagonia Ambiental\",\"description\":\"Monitoreo y an\u00e1lisis de la situaci\u00f3n geopol\u00edtica en el mundo y su implicancia en la Patagonia\",\"publisher\":{\"@id\":\"https:\\\/\\\/patagoniambiental.com.ar\\\/info\\\/#organization\"},\"potentialAction\":[{\"@type\":\"SearchAction\",\"target\":{\"@type\":\"EntryPoint\",\"urlTemplate\":\"https:\\\/\\\/patagoniambiental.com.ar\\\/info\\\/?s={search_term_string}\"},\"query-input\":{\"@type\":\"PropertyValueSpecification\",\"valueRequired\":true,\"valueName\":\"search_term_string\"}}],\"inLanguage\":\"es\"},{\"@type\":\"Organization\",\"@id\":\"https:\\\/\\\/patagoniambiental.com.ar\\\/info\\\/#organization\",\"name\":\"Patagonia Ambiental\",\"url\":\"https:\\\/\\\/patagoniambiental.com.ar\\\/info\\\/\",\"logo\":{\"@type\":\"ImageObject\",\"inLanguage\":\"es\",\"@id\":\"https:\\\/\\\/patagoniambiental.com.ar\\\/info\\\/#\\\/schema\\\/logo\\\/image\\\/\",\"url\":\"https:\\\/\\\/patagoniambiental.com.ar\\\/info\\\/wp-content\\\/uploads\\\/2025\\\/05\\\/LOGO-PATAGONIA-AMBIENTAL.png\",\"contentUrl\":\"https:\\\/\\\/patagoniambiental.com.ar\\\/info\\\/wp-content\\\/uploads\\\/2025\\\/05\\\/LOGO-PATAGONIA-AMBIENTAL.png\",\"width\":433,\"height\":250,\"caption\":\"Patagonia Ambiental\"},\"image\":{\"@id\":\"https:\\\/\\\/patagoniambiental.com.ar\\\/info\\\/#\\\/schema\\\/logo\\\/image\\\/\"},\"sameAs\":[\"https:\\\/\\\/www.facebook.com\\\/patagonia.ambiental\",\"https:\\\/\\\/x.com\\\/PatAmb\"]},{\"@type\":\"Person\",\"@id\":\"https:\\\/\\\/patagoniambiental.com.ar\\\/info\\\/#\\\/schema\\\/person\\\/db12bff64bbcbf6a253710bf0ea37b5d\",\"name\":\"Patagonia Ambiental\",\"description\":\"Andr\u00e9s Nievas T\u00e9cnico en manejo ambiental, consultor Ambiental y escritor para medios locales e internacionales sobre temas de geopolitica y medio ambiente.\",\"sameAs\":[\"http:\\\/\\\/www.patagoniambiental.com.ar\",\"https:\\\/\\\/www.facebook.com\\\/share\\\/1C1V8Gv9BX\\\/?mibextid=qi2Omg\",\"@patagoniambiental\",\"https:\\\/\\\/youtube.com\\\/@patagoniaambiental2023?si=BLt58t0wuXquxlYZ\"]}]}<\/script>\n<!-- \/ Yoast SEO Premium plugin. -->","yoast_head_json":{"title":"D\u00eda Mundial de la Prevenci\u00f3n de Incendios Forestales: una llamada urgente por los bosques del planeta","description":"Cada 18 de agosto el mundo alza la voz para concientizar sobre uno de los desastres ambientales m\u00e1s destructivos y crecientes del siglo XXI:","robots":{"index":"index","follow":"follow","max-snippet":"max-snippet:-1","max-image-preview":"max-image-preview:large","max-video-preview":"max-video-preview:-1"},"canonical":"https:\/\/patagoniambiental.com.ar\/info\/dia-mundial-de-la-prevencion-de-incendios-forestales-una-llamada-urgente-por-los-bosques-del-planeta\/","og_locale":"es_ES","og_type":"article","og_title":"D\u00eda Mundial de la Prevenci\u00f3n de Incendios Forestales: una llamada urgente por los bosques del planeta","og_description":"Cada 18 de agosto el mundo alza la voz para concientizar sobre uno de los desastres ambientales m\u00e1s destructivos y crecientes del siglo XXI:","og_url":"https:\/\/patagoniambiental.com.ar\/info\/dia-mundial-de-la-prevencion-de-incendios-forestales-una-llamada-urgente-por-los-bosques-del-planeta\/","og_site_name":"Patagonia Ambiental","article_publisher":"https:\/\/www.facebook.com\/patagonia.ambiental","article_author":"https:\/\/www.facebook.com\/share\/1C1V8Gv9BX\/?mibextid=qi2Omg","article_published_time":"2025-08-18T14:26:00+00:00","article_modified_time":"2025-08-18T15:21:22+00:00","og_image":[{"width":1280,"height":836,"url":"https:\/\/patagoniambiental.com.ar\/info\/wp-content\/uploads\/2025\/08\/1000162756-1.jpg","type":"image\/jpeg"}],"author":"Patagonia Ambiental","twitter_card":"summary_large_image","twitter_creator":"@PatAmb","twitter_site":"@PatAmb","schema":{"@context":"https:\/\/schema.org","@graph":[{"@type":"Article","@id":"https:\/\/patagoniambiental.com.ar\/info\/dia-mundial-de-la-prevencion-de-incendios-forestales-una-llamada-urgente-por-los-bosques-del-planeta\/#article","isPartOf":{"@id":"https:\/\/patagoniambiental.com.ar\/info\/dia-mundial-de-la-prevencion-de-incendios-forestales-una-llamada-urgente-por-los-bosques-del-planeta\/"},"author":{"name":"Patagonia Ambiental","@id":"https:\/\/patagoniambiental.com.ar\/info\/#\/schema\/person\/db12bff64bbcbf6a253710bf0ea37b5d"},"headline":"D\u00eda Mundial de la Prevenci\u00f3n de Incendios Forestales: una llamada urgente por los bosques del planeta","datePublished":"2025-08-18T14:26:00+00:00","dateModified":"2025-08-18T15:21:22+00:00","mainEntityOfPage":{"@id":"https:\/\/patagoniambiental.com.ar\/info\/dia-mundial-de-la-prevencion-de-incendios-forestales-una-llamada-urgente-por-los-bosques-del-planeta\/"},"wordCount":955,"commentCount":0,"publisher":{"@id":"https:\/\/patagoniambiental.com.ar\/info\/#organization"},"image":{"@id":"https:\/\/patagoniambiental.com.ar\/info\/dia-mundial-de-la-prevencion-de-incendios-forestales-una-llamada-urgente-por-los-bosques-del-planeta\/#primaryimage"},"thumbnailUrl":"https:\/\/patagoniambiental.com.ar\/info\/wp-content\/uploads\/2025\/08\/1000162756-1.jpg","articleSection":["Agenda Ambiental","Noticias"],"inLanguage":"es","potentialAction":[{"@type":"CommentAction","name":"Comment","target":["https:\/\/patagoniambiental.com.ar\/info\/dia-mundial-de-la-prevencion-de-incendios-forestales-una-llamada-urgente-por-los-bosques-del-planeta\/#respond"]}]},{"@type":"WebPage","@id":"https:\/\/patagoniambiental.com.ar\/info\/dia-mundial-de-la-prevencion-de-incendios-forestales-una-llamada-urgente-por-los-bosques-del-planeta\/","url":"https:\/\/patagoniambiental.com.ar\/info\/dia-mundial-de-la-prevencion-de-incendios-forestales-una-llamada-urgente-por-los-bosques-del-planeta\/","name":"D\u00eda Mundial de la Prevenci\u00f3n de Incendios Forestales: una llamada urgente por los bosques del planeta","isPartOf":{"@id":"https:\/\/patagoniambiental.com.ar\/info\/#website"},"primaryImageOfPage":{"@id":"https:\/\/patagoniambiental.com.ar\/info\/dia-mundial-de-la-prevencion-de-incendios-forestales-una-llamada-urgente-por-los-bosques-del-planeta\/#primaryimage"},"image":{"@id":"https:\/\/patagoniambiental.com.ar\/info\/dia-mundial-de-la-prevencion-de-incendios-forestales-una-llamada-urgente-por-los-bosques-del-planeta\/#primaryimage"},"thumbnailUrl":"https:\/\/patagoniambiental.com.ar\/info\/wp-content\/uploads\/2025\/08\/1000162756-1.jpg","datePublished":"2025-08-18T14:26:00+00:00","dateModified":"2025-08-18T15:21:22+00:00","description":"Cada 18 de agosto el mundo alza la voz para concientizar sobre uno de los desastres ambientales m\u00e1s destructivos y crecientes del siglo XXI:","breadcrumb":{"@id":"https:\/\/patagoniambiental.com.ar\/info\/dia-mundial-de-la-prevencion-de-incendios-forestales-una-llamada-urgente-por-los-bosques-del-planeta\/#breadcrumb"},"inLanguage":"es","potentialAction":[{"@type":"ReadAction","target":["https:\/\/patagoniambiental.com.ar\/info\/dia-mundial-de-la-prevencion-de-incendios-forestales-una-llamada-urgente-por-los-bosques-del-planeta\/"]}]},{"@type":"ImageObject","inLanguage":"es","@id":"https:\/\/patagoniambiental.com.ar\/info\/dia-mundial-de-la-prevencion-de-incendios-forestales-una-llamada-urgente-por-los-bosques-del-planeta\/#primaryimage","url":"https:\/\/patagoniambiental.com.ar\/info\/wp-content\/uploads\/2025\/08\/1000162756-1.jpg","contentUrl":"https:\/\/patagoniambiental.com.ar\/info\/wp-content\/uploads\/2025\/08\/1000162756-1.jpg","width":919,"height":600,"caption":"Foto de uso gratuito https:\/\/pixabay.com\/es\/photos\/incendio-forestal-%C3%A1rboles-incendio-432870\/"},{"@type":"BreadcrumbList","@id":"https:\/\/patagoniambiental.com.ar\/info\/dia-mundial-de-la-prevencion-de-incendios-forestales-una-llamada-urgente-por-los-bosques-del-planeta\/#breadcrumb","itemListElement":[{"@type":"ListItem","position":1,"name":"Inicio","item":"https:\/\/patagoniambiental.com.ar\/info\/"},{"@type":"ListItem","position":2,"name":"D\u00eda Mundial de la Prevenci\u00f3n de Incendios Forestales: una llamada urgente por los bosques del planeta"}]},{"@type":"WebSite","@id":"https:\/\/patagoniambiental.com.ar\/info\/#website","url":"https:\/\/patagoniambiental.com.ar\/info\/","name":"Patagonia Ambiental","description":"Monitoreo y an\u00e1lisis de la situaci\u00f3n geopol\u00edtica en el mundo y su implicancia en la Patagonia","publisher":{"@id":"https:\/\/patagoniambiental.com.ar\/info\/#organization"},"potentialAction":[{"@type":"SearchAction","target":{"@type":"EntryPoint","urlTemplate":"https:\/\/patagoniambiental.com.ar\/info\/?s={search_term_string}"},"query-input":{"@type":"PropertyValueSpecification","valueRequired":true,"valueName":"search_term_string"}}],"inLanguage":"es"},{"@type":"Organization","@id":"https:\/\/patagoniambiental.com.ar\/info\/#organization","name":"Patagonia Ambiental","url":"https:\/\/patagoniambiental.com.ar\/info\/","logo":{"@type":"ImageObject","inLanguage":"es","@id":"https:\/\/patagoniambiental.com.ar\/info\/#\/schema\/logo\/image\/","url":"https:\/\/patagoniambiental.com.ar\/info\/wp-content\/uploads\/2025\/05\/LOGO-PATAGONIA-AMBIENTAL.png","contentUrl":"https:\/\/patagoniambiental.com.ar\/info\/wp-content\/uploads\/2025\/05\/LOGO-PATAGONIA-AMBIENTAL.png","width":433,"height":250,"caption":"Patagonia Ambiental"},"image":{"@id":"https:\/\/patagoniambiental.com.ar\/info\/#\/schema\/logo\/image\/"},"sameAs":["https:\/\/www.facebook.com\/patagonia.ambiental","https:\/\/x.com\/PatAmb"]},{"@type":"Person","@id":"https:\/\/patagoniambiental.com.ar\/info\/#\/schema\/person\/db12bff64bbcbf6a253710bf0ea37b5d","name":"Patagonia Ambiental","description":"Andr\u00e9s Nievas T\u00e9cnico en manejo ambiental, consultor Ambiental y escritor para medios locales e internacionales sobre temas de geopolitica y medio ambiente.","sameAs":["http:\/\/www.patagoniambiental.com.ar","https:\/\/www.facebook.com\/share\/1C1V8Gv9BX\/?mibextid=qi2Omg","@patagoniambiental","https:\/\/youtube.com\/@patagoniaambiental2023?si=BLt58t0wuXquxlYZ"]}]}},"_links":{"self":[{"href":"https:\/\/patagoniambiental.com.ar\/info\/wp-json\/wp\/v2\/posts\/97141","targetHints":{"allow":["GET"]}}],"collection":[{"href":"https:\/\/patagoniambiental.com.ar\/info\/wp-json\/wp\/v2\/posts"}],"about":[{"href":"https:\/\/patagoniambiental.com.ar\/info\/wp-json\/wp\/v2\/types\/post"}],"author":[{"embeddable":true,"href":"https:\/\/patagoniambiental.com.ar\/info\/wp-json\/wp\/v2\/users\/2"}],"replies":[{"embeddable":true,"href":"https:\/\/patagoniambiental.com.ar\/info\/wp-json\/wp\/v2\/comments?post=97141"}],"version-history":[{"count":3,"href":"https:\/\/patagoniambiental.com.ar\/info\/wp-json\/wp\/v2\/posts\/97141\/revisions"}],"predecessor-version":[{"id":97147,"href":"https:\/\/patagoniambiental.com.ar\/info\/wp-json\/wp\/v2\/posts\/97141\/revisions\/97147"}],"wp:featuredmedia":[{"embeddable":true,"href":"https:\/\/patagoniambiental.com.ar\/info\/wp-json\/wp\/v2\/media\/97846"}],"wp:attachment":[{"href":"https:\/\/patagoniambiental.com.ar\/info\/wp-json\/wp\/v2\/media?parent=97141"}],"wp:term":[{"taxonomy":"category","embeddable":true,"href":"https:\/\/patagoniambiental.com.ar\/info\/wp-json\/wp\/v2\/categories?post=97141"},{"taxonomy":"post_tag","embeddable":true,"href":"https:\/\/patagoniambiental.com.ar\/info\/wp-json\/wp\/v2\/tags?post=97141"}],"curies":[{"name":"wp","href":"https:\/\/api.w.org\/{rel}","templated":true}]}}