{"id":97252,"date":"2025-10-06T12:40:00","date_gmt":"2025-10-06T15:40:00","guid":{"rendered":"https:\/\/patagoniambiental.com.ar\/info\/?p=97252"},"modified":"2025-10-06T13:11:21","modified_gmt":"2025-10-06T16:11:21","slug":"alerta-global-el-dia-mundial-del-habitat-2025-pone-el-foco-en-las-ciudades-en-crisis-estamos-preparados-para-responder","status":"publish","type":"post","link":"https:\/\/patagoniambiental.com.ar\/info\/alerta-global-el-dia-mundial-del-habitat-2025-pone-el-foco-en-las-ciudades-en-crisis-estamos-preparados-para-responder\/","title":{"rendered":"Alerta global! El D\u00eda Mundial del H\u00e1bitat 2025 pone el foco en las ciudades en crisis: \u00bfEstamos preparados para responder?"},"content":{"rendered":"\n<!--more-->\n\n\n\n<p>Buenos Aires, Argentina, 6 de octubre de 2025. El <strong>D\u00eda Mundial del H\u00e1bitat<\/strong>, establecido por la Asamblea General de las Naciones Unidas y conmemorado cada primer lunes de octubre, se ha transformado en una poderosa jornada de reflexi\u00f3n sobre el derecho universal a una vivienda adecuada y la responsabilidad colectiva de moldear el futuro de nuestras ciudades. Para 2025, el lema es tan urgente como revelador: <strong>\u00abRespuestas a las crisis urbanas\u00bb<\/strong>. Este a\u00f1o, m\u00e1s que nunca, el llamado internacional es claro: nuestras ciudades est\u00e1n en emergencia y es hora de actuar.<\/p>\n\n\n\n<h2 class=\"wp-block-heading\" id=\"h-una-fecha-para-cuestionarnos-como-vivimos-que-es-el-dia-mundial-del-habitat-y-por-que-importa-ahora-mas-que-nunca\"><strong>Una fecha para cuestionarnos c\u00f3mo vivimos: qu\u00e9 es el D\u00eda Mundial del H\u00e1bitat y por qu\u00e9 importa ahora m\u00e1s que nunca<\/strong><\/h2>\n\n\n\n<p>Desde su primera celebraci\u00f3n en 1986, el <strong>D\u00eda Mundial del H\u00e1bitat<\/strong> busca recordarnos que el acceso a un h\u00e1bitat seguro, saludable y sostenible es un derecho humano fundamental. Lejos de ser una consigna simb\u00f3lica, esta efem\u00e9ride tiene como prop\u00f3sito movilizar pol\u00edticas p\u00fablicas, actores sociales, organizaciones y ciudadanos en torno al desaf\u00edo de construir ciudades m\u00e1s justas y resilientes. En un mundo donde m\u00e1s de la mitad de la poblaci\u00f3n vive en zonas urbanas, la pregunta ya no es si debemos actuar, sino c\u00f3mo y cu\u00e1ndo.<\/p>\n\n\n\n<h2 class=\"wp-block-heading\" id=\"h-ciudades-al-limite-por-que-el-2025-es-un-ano-clave-para-enfrentar-las-crisis-urbanas\"><strong>Ciudades al l\u00edmite: por qu\u00e9 el 2025 es un a\u00f1o clave para enfrentar las crisis urbanas<\/strong><\/h2>\n\n\n\n<p>El tema elegido para este a\u00f1o \u2014<strong>\u00abRespuestas a las crisis urbanas\u00bb<\/strong>\u2014 no es casualidad. El planeta enfrenta una confluencia de crisis sin precedentes: conflictos armados, desplazamientos forzados, crisis clim\u00e1tica, pandemias, pobreza urbana, especulaci\u00f3n inmobiliaria, falta de acceso a servicios b\u00e1sicos y degradaci\u00f3n ambiental. Todo esto afecta principalmente a los centros urbanos, que deben transformarse en actores activos y resilientes frente al caos. En 2025, el D\u00eda Mundial del H\u00e1bitat invita a <strong>pensar estrategias concretas de respuesta<\/strong>, adaptabilidad y planificaci\u00f3n en ciudades que ya no pueden esperar.<\/p>\n\n\n\n<p><strong>El rol de ONU-H\u00e1bitat y su llamado a transformar ciudades en espacios seguros, resilientes y equitativos<\/strong><\/p>\n\n\n\n<p>La agencia l\u00edder de Naciones Unidas en temas urbanos, <strong>ONU-H\u00e1bitat<\/strong>, es la impulsora del D\u00eda Mundial del H\u00e1bitat. Con una mirada que combina derechos humanos, sostenibilidad y desarrollo urbano integral, este organismo promueve herramientas para la gobernanza urbana efectiva. En este contexto, en 2025 propone que el foco est\u00e9 en <strong>las capacidades de respuesta ante crisis de los gobiernos locales<\/strong>, en especial en ciudades que enfrentan olas migratorias, desastres naturales o colapsos econ\u00f3micos. La equidad territorial es clave, y eso incluye repensar desde la infraestructura b\u00e1sica hasta el acceso a vivienda, educaci\u00f3n, salud y transporte.<\/p>\n\n\n\n<p><strong>Resiliencia urbana frente al cambio clim\u00e1tico: la amenaza que ya golpea nuestros barrios<\/strong><\/p>\n\n\n\n<p>Uno de los ejes que cruza todas las crisis urbanas es el <strong>cambio clim\u00e1tico<\/strong>. Inundaciones, olas de calor extremo, escasez de agua y contaminaci\u00f3n del aire afectan con m\u00e1s dureza a las poblaciones urbanas vulnerables. Las ciudades deben ser protagonistas en la mitigaci\u00f3n y adaptaci\u00f3n clim\u00e1tica. Para ello, se impulsan soluciones como la infraestructura verde, techos verdes, sistemas de alerta temprana, corredores biol\u00f3gicos, construcci\u00f3n bioclim\u00e1tica y una planificaci\u00f3n urbana que contemple escenarios extremos. En este D\u00eda Mundial del H\u00e1bitat 2025, se reafirma que <strong>no habr\u00e1 justicia ambiental sin justicia urbana<\/strong>.<\/p>\n\n\n\n<p><strong>Crisis habitacional global: el d\u00e9ficit de vivienda digna afecta a m\u00e1s de 1.600 millones de personas<\/strong><\/p>\n\n\n\n<p>De acuerdo a datos de ONU-H\u00e1bitat, m\u00e1s de 1.600 millones de personas en el mundo viven en condiciones inadecuadas: barrios marginales, viviendas precarias, hacinamiento o sin acceso a servicios b\u00e1sicos. La especulaci\u00f3n inmobiliaria, la gentrificaci\u00f3n, el desplazamiento forzado y la mercantilizaci\u00f3n del suelo urbano han convertido el derecho a la vivienda en un privilegio para pocos. Este 2025, la consigna del D\u00eda Mundial del H\u00e1bitat es clara: <strong>urge una respuesta global a la crisis habitacional<\/strong>, con pol\u00edticas p\u00fablicas inclusivas, participaci\u00f3n comunitaria y acceso justo al suelo y la vivienda.<\/p>\n\n\n\n<p><strong>Ciudades inteligentes, pero humanas: tecnolog\u00eda al servicio del h\u00e1bitat sostenible y la equidad<\/strong><\/p>\n\n\n\n<p>Frente a los desaf\u00edos urbanos, la tecnolog\u00eda ofrece herramientas que pueden revolucionar el h\u00e1bitat urbano: sensores para monitorear la calidad del aire, sistemas inteligentes de transporte, redes de energ\u00eda limpia y participaci\u00f3n ciudadana digital. Pero el D\u00eda Mundial del H\u00e1bitat tambi\u00e9n advierte: <strong>la innovaci\u00f3n no debe profundizar la desigualdad<\/strong>, sino que debe estar al servicio de la inclusi\u00f3n y la sostenibilidad. Las smart cities del futuro deben ser tambi\u00e9n ciudades emp\u00e1ticas, equitativas y gobernadas desde la base.<\/p>\n\n\n\n<p><strong>El derecho a la ciudad: c\u00f3mo empoderar a comunidades para transformar su entorno urbano<\/strong><\/p>\n\n\n\n<p>El <strong>derecho a la ciudad<\/strong> es un concepto que gana fuerza en la agenda global. Implica no s\u00f3lo acceso f\u00edsico al espacio urbano, sino tambi\u00e9n participaci\u00f3n, identidad, arraigo y apropiaci\u00f3n comunitaria. Organizaciones sociales, movimientos de base y vecinos juegan un rol central en la transformaci\u00f3n del h\u00e1bitat. El D\u00eda Mundial del H\u00e1bitat 2025 convoca a reconocer esas pr\u00e1cticas territoriales que ya est\u00e1n dando respuesta a crisis urbanas desde la solidaridad, la organizaci\u00f3n vecinal y la econom\u00eda popular.<\/p>\n\n\n\n<p><strong>El rol de los gobiernos locales frente a las crisis urbanas: de la planificaci\u00f3n a la acci\u00f3n urgente<\/strong><\/p>\n\n\n\n<p>Una ciudad resiliente no se improvisa: se planifica con inclusi\u00f3n y se gestiona con anticipaci\u00f3n. Los gobiernos locales deben desarrollar <strong>planes urbanos integrales<\/strong>, prever zonas de riesgo, garantizar servicios b\u00e1sicos, crear redes de contenci\u00f3n social y fortalecer capacidades comunitarias. En 2025, el D\u00eda Mundial del H\u00e1bitat insiste en el fortalecimiento institucional de los municipios, que muchas veces enfrentan con pocos recursos las consecuencias de crisis globales.<\/p>\n\n\n\n<p><strong>Patagonia, territorios perif\u00e9ricos y el derecho al h\u00e1bitat m\u00e1s all\u00e1 de las grandes ciudades<\/strong><\/p>\n\n\n\n<p>En regiones como la Patagonia, el acceso al h\u00e1bitat se entrelaza con problem\u00e1ticas particulares: expansi\u00f3n descontrolada, falta de infraestructura, desigualdad en el acceso a servicios, conflictos territoriales con pueblos originarios y un urbanismo que muchas veces replica l\u00f3gicas extractivistas. Este D\u00eda Mundial del H\u00e1bitat debe ser tambi\u00e9n una oportunidad para visibilizar <strong>las desigualdades territoriales y exigir pol\u00edticas p\u00fablicas federales que respeten las particularidades de cada regi\u00f3n<\/strong>.<\/p>\n\n\n\n<p><strong>Educaci\u00f3n urbana y conciencia ciudadana: claves para construir h\u00e1bitats sostenibles<\/strong><\/p>\n\n\n\n<p>No hay transformaci\u00f3n urbana sin transformaci\u00f3n cultural. Promover el <strong>pensamiento urbano cr\u00edtico desde las escuelas, las universidades y los medios<\/strong> es fundamental para que las nuevas generaciones asuman su rol como ciudadanos activos en la construcci\u00f3n del h\u00e1bitat. Desde talleres barriales hasta foros ciudadanos, la educaci\u00f3n ambiental y urbana es una herramienta central para impulsar la sostenibilidad, la participaci\u00f3n y la resiliencia.<\/p>\n\n\n\n<p><strong>El D\u00eda Mundial del H\u00e1bitat no es una efem\u00e9ride m\u00e1s: es un llamado a cambiar el rumbo de nuestras ciudades antes que sea tarde<\/strong><\/p>\n\n\n\n<p>La conmemoraci\u00f3n de esta fecha debe servir como una oportunidad para exigir, debatir y accionar. El futuro urbano del planeta depende de lo que hagamos hoy. Las crisis que enfrentamos no son inevitables, pero s\u00ed requieren decisi\u00f3n pol\u00edtica, participaci\u00f3n social y voluntad transformadora. Este 2025, el <strong>D\u00eda Mundial del H\u00e1bitat<\/strong> nos obliga a mirar nuestras ciudades con otros ojos: <strong>los de la urgencia, la equidad y la esperanza<\/strong>.<\/p>\n","protected":false},"excerpt":{"rendered":"","protected":false},"author":2,"featured_media":97253,"comment_status":"open","ping_status":"open","sticky":false,"template":"","format":"standard","meta":{"site-sidebar-layout":"default","site-content-layout":"","ast-site-content-layout":"default","site-content-style":"default","site-sidebar-style":"default","ast-global-header-display":"","ast-banner-title-visibility":"","ast-main-header-display":"","ast-hfb-above-header-display":"","ast-hfb-below-header-display":"","ast-hfb-mobile-header-display":"","site-post-title":"","ast-breadcrumbs-content":"","ast-featured-img":"","footer-sml-layout":"","ast-disable-related-posts":"","theme-transparent-header-meta":"","adv-header-id-meta":"","stick-header-meta":"","header-above-stick-meta":"","header-main-stick-meta":"","header-below-stick-meta":"","astra-migrate-meta-layouts":"default","ast-page-background-enabled":"default","ast-page-background-meta":{"desktop":{"background-color":"var(--ast-global-color-5)","background-image":"","background-repeat":"repeat","background-position":"center center","background-size":"auto","background-attachment":"scroll","background-type":"","background-media":"","overlay-type":"","overlay-color":"","overlay-opacity":"","overlay-gradient":""},"tablet":{"background-color":"","background-image":"","background-repeat":"repeat","background-position":"center center","background-size":"auto","background-attachment":"scroll","background-type":"","background-media":"","overlay-type":"","overlay-color":"","overlay-opacity":"","overlay-gradient":""},"mobile":{"background-color":"","background-image":"","background-repeat":"repeat","background-position":"center center","background-size":"auto","background-attachment":"scroll","background-type":"","background-media":"","overlay-type":"","overlay-color":"","overlay-opacity":"","overlay-gradient":""}},"ast-content-background-meta":{"desktop":{"background-color":"var(--ast-global-color-4)","background-image":"","background-repeat":"repeat","background-position":"center center","background-size":"auto","background-attachment":"scroll","background-type":"","background-media":"","overlay-type":"","overlay-color":"","overlay-opacity":"","overlay-gradient":""},"tablet":{"background-color":"var(--ast-global-color-4)","background-image":"","background-repeat":"repeat","background-position":"center center","background-size":"auto","background-attachment":"scroll","background-type":"","background-media":"","overlay-type":"","overlay-color":"","overlay-opacity":"","overlay-gradient":""},"mobile":{"background-color":"var(--ast-global-color-4)","background-image":"","background-repeat":"repeat","background-position":"center center","background-size":"auto","background-attachment":"scroll","background-type":"","background-media":"","overlay-type":"","overlay-color":"","overlay-opacity":"","overlay-gradient":""}},"footnotes":""},"categories":[12,3386,1],"tags":[],"class_list":["post-97252","post","type-post","status-publish","format-standard","has-post-thumbnail","hentry","category-agenda-ambiental","category-destacadas","category-noticias"],"yoast_head":"<!-- This site is optimized with the Yoast SEO Premium plugin v23.0 (Yoast SEO v27.4) - https:\/\/yoast.com\/product\/yoast-seo-premium-wordpress\/ -->\n<title>Alerta global! El D\u00eda Mundial del H\u00e1bitat 2025 pone el foco en las ciudades en crisis: \u00bfEstamos preparados para responder?<\/title>\n<meta name=\"description\" content=\"El D\u00eda Mundial del H\u00e1bitat, establecido por la Asamblea General de las Naciones Unidas y conmemorado cada primer lunes de octubre\" \/>\n<meta name=\"robots\" content=\"index, follow, max-snippet:-1, max-image-preview:large, max-video-preview:-1\" \/>\n<link rel=\"canonical\" href=\"https:\/\/patagoniambiental.com.ar\/info\/alerta-global-el-dia-mundial-del-habitat-2025-pone-el-foco-en-las-ciudades-en-crisis-estamos-preparados-para-responder\/\" \/>\n<meta property=\"og:locale\" content=\"es_ES\" \/>\n<meta property=\"og:type\" content=\"article\" \/>\n<meta property=\"og:title\" content=\"Alerta global! El D\u00eda Mundial del H\u00e1bitat 2025 pone el foco en las ciudades en crisis: \u00bfEstamos preparados para responder?\" \/>\n<meta property=\"og:description\" content=\"El D\u00eda Mundial del H\u00e1bitat, establecido por la Asamblea General de las Naciones Unidas y conmemorado cada primer lunes de octubre\" \/>\n<meta property=\"og:url\" content=\"https:\/\/patagoniambiental.com.ar\/info\/alerta-global-el-dia-mundial-del-habitat-2025-pone-el-foco-en-las-ciudades-en-crisis-estamos-preparados-para-responder\/\" \/>\n<meta property=\"og:site_name\" content=\"Patagonia Ambiental\" \/>\n<meta property=\"article:publisher\" content=\"https:\/\/www.facebook.com\/patagonia.ambiental\" \/>\n<meta property=\"article:author\" content=\"https:\/\/www.facebook.com\/share\/1C1V8Gv9BX\/?mibextid=qi2Omg\" \/>\n<meta property=\"article:published_time\" content=\"2025-10-06T15:40:00+00:00\" \/>\n<meta property=\"article:modified_time\" content=\"2025-10-06T16:11:21+00:00\" \/>\n<meta property=\"og:image\" content=\"https:\/\/patagoniambiental.com.ar\/info\/wp-content\/uploads\/2025\/07\/habitat-site_banner.jpg\" \/>\n\t<meta property=\"og:image:width\" content=\"1200\" \/>\n\t<meta property=\"og:image:height\" content=\"444\" \/>\n\t<meta property=\"og:image:type\" content=\"image\/jpeg\" \/>\n<meta name=\"author\" content=\"Patagonia Ambiental\" \/>\n<meta name=\"twitter:card\" content=\"summary_large_image\" \/>\n<meta name=\"twitter:creator\" content=\"@PatAmb\" \/>\n<meta name=\"twitter:site\" content=\"@PatAmb\" \/>\n<script type=\"application\/ld+json\" class=\"yoast-schema-graph\">{\"@context\":\"https:\\\/\\\/schema.org\",\"@graph\":[{\"@type\":\"Article\",\"@id\":\"https:\\\/\\\/patagoniambiental.com.ar\\\/info\\\/alerta-global-el-dia-mundial-del-habitat-2025-pone-el-foco-en-las-ciudades-en-crisis-estamos-preparados-para-responder\\\/#article\",\"isPartOf\":{\"@id\":\"https:\\\/\\\/patagoniambiental.com.ar\\\/info\\\/alerta-global-el-dia-mundial-del-habitat-2025-pone-el-foco-en-las-ciudades-en-crisis-estamos-preparados-para-responder\\\/\"},\"author\":{\"name\":\"Patagonia Ambiental\",\"@id\":\"https:\\\/\\\/patagoniambiental.com.ar\\\/info\\\/#\\\/schema\\\/person\\\/db12bff64bbcbf6a253710bf0ea37b5d\"},\"headline\":\"Alerta global! El D\u00eda Mundial del H\u00e1bitat 2025 pone el foco en las ciudades en crisis: \u00bfEstamos preparados para responder?\",\"datePublished\":\"2025-10-06T15:40:00+00:00\",\"dateModified\":\"2025-10-06T16:11:21+00:00\",\"mainEntityOfPage\":{\"@id\":\"https:\\\/\\\/patagoniambiental.com.ar\\\/info\\\/alerta-global-el-dia-mundial-del-habitat-2025-pone-el-foco-en-las-ciudades-en-crisis-estamos-preparados-para-responder\\\/\"},\"wordCount\":1271,\"commentCount\":0,\"publisher\":{\"@id\":\"https:\\\/\\\/patagoniambiental.com.ar\\\/info\\\/#organization\"},\"image\":{\"@id\":\"https:\\\/\\\/patagoniambiental.com.ar\\\/info\\\/alerta-global-el-dia-mundial-del-habitat-2025-pone-el-foco-en-las-ciudades-en-crisis-estamos-preparados-para-responder\\\/#primaryimage\"},\"thumbnailUrl\":\"https:\\\/\\\/patagoniambiental.com.ar\\\/info\\\/wp-content\\\/uploads\\\/2025\\\/07\\\/habitat-site_banner.jpg\",\"articleSection\":[\"Agenda Ambiental\",\"Destacadas\",\"Noticias\"],\"inLanguage\":\"es\",\"potentialAction\":[{\"@type\":\"CommentAction\",\"name\":\"Comment\",\"target\":[\"https:\\\/\\\/patagoniambiental.com.ar\\\/info\\\/alerta-global-el-dia-mundial-del-habitat-2025-pone-el-foco-en-las-ciudades-en-crisis-estamos-preparados-para-responder\\\/#respond\"]}]},{\"@type\":\"WebPage\",\"@id\":\"https:\\\/\\\/patagoniambiental.com.ar\\\/info\\\/alerta-global-el-dia-mundial-del-habitat-2025-pone-el-foco-en-las-ciudades-en-crisis-estamos-preparados-para-responder\\\/\",\"url\":\"https:\\\/\\\/patagoniambiental.com.ar\\\/info\\\/alerta-global-el-dia-mundial-del-habitat-2025-pone-el-foco-en-las-ciudades-en-crisis-estamos-preparados-para-responder\\\/\",\"name\":\"Alerta global! El D\u00eda Mundial del H\u00e1bitat 2025 pone el foco en las ciudades en crisis: \u00bfEstamos preparados para responder?\",\"isPartOf\":{\"@id\":\"https:\\\/\\\/patagoniambiental.com.ar\\\/info\\\/#website\"},\"primaryImageOfPage\":{\"@id\":\"https:\\\/\\\/patagoniambiental.com.ar\\\/info\\\/alerta-global-el-dia-mundial-del-habitat-2025-pone-el-foco-en-las-ciudades-en-crisis-estamos-preparados-para-responder\\\/#primaryimage\"},\"image\":{\"@id\":\"https:\\\/\\\/patagoniambiental.com.ar\\\/info\\\/alerta-global-el-dia-mundial-del-habitat-2025-pone-el-foco-en-las-ciudades-en-crisis-estamos-preparados-para-responder\\\/#primaryimage\"},\"thumbnailUrl\":\"https:\\\/\\\/patagoniambiental.com.ar\\\/info\\\/wp-content\\\/uploads\\\/2025\\\/07\\\/habitat-site_banner.jpg\",\"datePublished\":\"2025-10-06T15:40:00+00:00\",\"dateModified\":\"2025-10-06T16:11:21+00:00\",\"description\":\"El D\u00eda Mundial del H\u00e1bitat, establecido por la Asamblea General de las Naciones Unidas y conmemorado cada primer lunes de octubre\",\"breadcrumb\":{\"@id\":\"https:\\\/\\\/patagoniambiental.com.ar\\\/info\\\/alerta-global-el-dia-mundial-del-habitat-2025-pone-el-foco-en-las-ciudades-en-crisis-estamos-preparados-para-responder\\\/#breadcrumb\"},\"inLanguage\":\"es\",\"potentialAction\":[{\"@type\":\"ReadAction\",\"target\":[\"https:\\\/\\\/patagoniambiental.com.ar\\\/info\\\/alerta-global-el-dia-mundial-del-habitat-2025-pone-el-foco-en-las-ciudades-en-crisis-estamos-preparados-para-responder\\\/\"]}]},{\"@type\":\"ImageObject\",\"inLanguage\":\"es\",\"@id\":\"https:\\\/\\\/patagoniambiental.com.ar\\\/info\\\/alerta-global-el-dia-mundial-del-habitat-2025-pone-el-foco-en-las-ciudades-en-crisis-estamos-preparados-para-responder\\\/#primaryimage\",\"url\":\"https:\\\/\\\/patagoniambiental.com.ar\\\/info\\\/wp-content\\\/uploads\\\/2025\\\/07\\\/habitat-site_banner.jpg\",\"contentUrl\":\"https:\\\/\\\/patagoniambiental.com.ar\\\/info\\\/wp-content\\\/uploads\\\/2025\\\/07\\\/habitat-site_banner.jpg\",\"width\":1200,\"height\":444,\"caption\":\"Alerta global! El D\u00eda Mundial del H\u00e1bitat 2025 pone el foco en las ciudades en crisis: \u00bfEstamos preparados para responder?\"},{\"@type\":\"BreadcrumbList\",\"@id\":\"https:\\\/\\\/patagoniambiental.com.ar\\\/info\\\/alerta-global-el-dia-mundial-del-habitat-2025-pone-el-foco-en-las-ciudades-en-crisis-estamos-preparados-para-responder\\\/#breadcrumb\",\"itemListElement\":[{\"@type\":\"ListItem\",\"position\":1,\"name\":\"Inicio\",\"item\":\"https:\\\/\\\/patagoniambiental.com.ar\\\/info\\\/\"},{\"@type\":\"ListItem\",\"position\":2,\"name\":\"Alerta global! El D\u00eda Mundial del H\u00e1bitat 2025 pone el foco en las ciudades en crisis: \u00bfEstamos preparados para responder?\"}]},{\"@type\":\"WebSite\",\"@id\":\"https:\\\/\\\/patagoniambiental.com.ar\\\/info\\\/#website\",\"url\":\"https:\\\/\\\/patagoniambiental.com.ar\\\/info\\\/\",\"name\":\"Patagonia Ambiental\",\"description\":\"Monitoreo y an\u00e1lisis de la situaci\u00f3n geopol\u00edtica en el mundo y su implicancia en la Patagonia\",\"publisher\":{\"@id\":\"https:\\\/\\\/patagoniambiental.com.ar\\\/info\\\/#organization\"},\"potentialAction\":[{\"@type\":\"SearchAction\",\"target\":{\"@type\":\"EntryPoint\",\"urlTemplate\":\"https:\\\/\\\/patagoniambiental.com.ar\\\/info\\\/?s={search_term_string}\"},\"query-input\":{\"@type\":\"PropertyValueSpecification\",\"valueRequired\":true,\"valueName\":\"search_term_string\"}}],\"inLanguage\":\"es\"},{\"@type\":\"Organization\",\"@id\":\"https:\\\/\\\/patagoniambiental.com.ar\\\/info\\\/#organization\",\"name\":\"Patagonia Ambiental\",\"url\":\"https:\\\/\\\/patagoniambiental.com.ar\\\/info\\\/\",\"logo\":{\"@type\":\"ImageObject\",\"inLanguage\":\"es\",\"@id\":\"https:\\\/\\\/patagoniambiental.com.ar\\\/info\\\/#\\\/schema\\\/logo\\\/image\\\/\",\"url\":\"https:\\\/\\\/patagoniambiental.com.ar\\\/info\\\/wp-content\\\/uploads\\\/2025\\\/05\\\/LOGO-PATAGONIA-AMBIENTAL.png\",\"contentUrl\":\"https:\\\/\\\/patagoniambiental.com.ar\\\/info\\\/wp-content\\\/uploads\\\/2025\\\/05\\\/LOGO-PATAGONIA-AMBIENTAL.png\",\"width\":433,\"height\":250,\"caption\":\"Patagonia Ambiental\"},\"image\":{\"@id\":\"https:\\\/\\\/patagoniambiental.com.ar\\\/info\\\/#\\\/schema\\\/logo\\\/image\\\/\"},\"sameAs\":[\"https:\\\/\\\/www.facebook.com\\\/patagonia.ambiental\",\"https:\\\/\\\/x.com\\\/PatAmb\"]},{\"@type\":\"Person\",\"@id\":\"https:\\\/\\\/patagoniambiental.com.ar\\\/info\\\/#\\\/schema\\\/person\\\/db12bff64bbcbf6a253710bf0ea37b5d\",\"name\":\"Patagonia Ambiental\",\"description\":\"Andr\u00e9s Nievas T\u00e9cnico en manejo ambiental, consultor Ambiental y escritor para medios locales e internacionales sobre temas de geopolitica y medio ambiente.\",\"sameAs\":[\"http:\\\/\\\/www.patagoniambiental.com.ar\",\"https:\\\/\\\/www.facebook.com\\\/share\\\/1C1V8Gv9BX\\\/?mibextid=qi2Omg\",\"@patagoniambiental\",\"https:\\\/\\\/youtube.com\\\/@patagoniaambiental2023?si=BLt58t0wuXquxlYZ\"]}]}<\/script>\n<!-- \/ Yoast SEO Premium plugin. -->","yoast_head_json":{"title":"Alerta global! El D\u00eda Mundial del H\u00e1bitat 2025 pone el foco en las ciudades en crisis: \u00bfEstamos preparados para responder?","description":"El D\u00eda Mundial del H\u00e1bitat, establecido por la Asamblea General de las Naciones Unidas y conmemorado cada primer lunes de octubre","robots":{"index":"index","follow":"follow","max-snippet":"max-snippet:-1","max-image-preview":"max-image-preview:large","max-video-preview":"max-video-preview:-1"},"canonical":"https:\/\/patagoniambiental.com.ar\/info\/alerta-global-el-dia-mundial-del-habitat-2025-pone-el-foco-en-las-ciudades-en-crisis-estamos-preparados-para-responder\/","og_locale":"es_ES","og_type":"article","og_title":"Alerta global! El D\u00eda Mundial del H\u00e1bitat 2025 pone el foco en las ciudades en crisis: \u00bfEstamos preparados para responder?","og_description":"El D\u00eda Mundial del H\u00e1bitat, establecido por la Asamblea General de las Naciones Unidas y conmemorado cada primer lunes de octubre","og_url":"https:\/\/patagoniambiental.com.ar\/info\/alerta-global-el-dia-mundial-del-habitat-2025-pone-el-foco-en-las-ciudades-en-crisis-estamos-preparados-para-responder\/","og_site_name":"Patagonia Ambiental","article_publisher":"https:\/\/www.facebook.com\/patagonia.ambiental","article_author":"https:\/\/www.facebook.com\/share\/1C1V8Gv9BX\/?mibextid=qi2Omg","article_published_time":"2025-10-06T15:40:00+00:00","article_modified_time":"2025-10-06T16:11:21+00:00","og_image":[{"width":1200,"height":444,"url":"https:\/\/patagoniambiental.com.ar\/info\/wp-content\/uploads\/2025\/07\/habitat-site_banner.jpg","type":"image\/jpeg"}],"author":"Patagonia Ambiental","twitter_card":"summary_large_image","twitter_creator":"@PatAmb","twitter_site":"@PatAmb","schema":{"@context":"https:\/\/schema.org","@graph":[{"@type":"Article","@id":"https:\/\/patagoniambiental.com.ar\/info\/alerta-global-el-dia-mundial-del-habitat-2025-pone-el-foco-en-las-ciudades-en-crisis-estamos-preparados-para-responder\/#article","isPartOf":{"@id":"https:\/\/patagoniambiental.com.ar\/info\/alerta-global-el-dia-mundial-del-habitat-2025-pone-el-foco-en-las-ciudades-en-crisis-estamos-preparados-para-responder\/"},"author":{"name":"Patagonia Ambiental","@id":"https:\/\/patagoniambiental.com.ar\/info\/#\/schema\/person\/db12bff64bbcbf6a253710bf0ea37b5d"},"headline":"Alerta global! El D\u00eda Mundial del H\u00e1bitat 2025 pone el foco en las ciudades en crisis: \u00bfEstamos preparados para responder?","datePublished":"2025-10-06T15:40:00+00:00","dateModified":"2025-10-06T16:11:21+00:00","mainEntityOfPage":{"@id":"https:\/\/patagoniambiental.com.ar\/info\/alerta-global-el-dia-mundial-del-habitat-2025-pone-el-foco-en-las-ciudades-en-crisis-estamos-preparados-para-responder\/"},"wordCount":1271,"commentCount":0,"publisher":{"@id":"https:\/\/patagoniambiental.com.ar\/info\/#organization"},"image":{"@id":"https:\/\/patagoniambiental.com.ar\/info\/alerta-global-el-dia-mundial-del-habitat-2025-pone-el-foco-en-las-ciudades-en-crisis-estamos-preparados-para-responder\/#primaryimage"},"thumbnailUrl":"https:\/\/patagoniambiental.com.ar\/info\/wp-content\/uploads\/2025\/07\/habitat-site_banner.jpg","articleSection":["Agenda Ambiental","Destacadas","Noticias"],"inLanguage":"es","potentialAction":[{"@type":"CommentAction","name":"Comment","target":["https:\/\/patagoniambiental.com.ar\/info\/alerta-global-el-dia-mundial-del-habitat-2025-pone-el-foco-en-las-ciudades-en-crisis-estamos-preparados-para-responder\/#respond"]}]},{"@type":"WebPage","@id":"https:\/\/patagoniambiental.com.ar\/info\/alerta-global-el-dia-mundial-del-habitat-2025-pone-el-foco-en-las-ciudades-en-crisis-estamos-preparados-para-responder\/","url":"https:\/\/patagoniambiental.com.ar\/info\/alerta-global-el-dia-mundial-del-habitat-2025-pone-el-foco-en-las-ciudades-en-crisis-estamos-preparados-para-responder\/","name":"Alerta global! El D\u00eda Mundial del H\u00e1bitat 2025 pone el foco en las ciudades en crisis: \u00bfEstamos preparados para responder?","isPartOf":{"@id":"https:\/\/patagoniambiental.com.ar\/info\/#website"},"primaryImageOfPage":{"@id":"https:\/\/patagoniambiental.com.ar\/info\/alerta-global-el-dia-mundial-del-habitat-2025-pone-el-foco-en-las-ciudades-en-crisis-estamos-preparados-para-responder\/#primaryimage"},"image":{"@id":"https:\/\/patagoniambiental.com.ar\/info\/alerta-global-el-dia-mundial-del-habitat-2025-pone-el-foco-en-las-ciudades-en-crisis-estamos-preparados-para-responder\/#primaryimage"},"thumbnailUrl":"https:\/\/patagoniambiental.com.ar\/info\/wp-content\/uploads\/2025\/07\/habitat-site_banner.jpg","datePublished":"2025-10-06T15:40:00+00:00","dateModified":"2025-10-06T16:11:21+00:00","description":"El D\u00eda Mundial del H\u00e1bitat, establecido por la Asamblea General de las Naciones Unidas y conmemorado cada primer lunes de octubre","breadcrumb":{"@id":"https:\/\/patagoniambiental.com.ar\/info\/alerta-global-el-dia-mundial-del-habitat-2025-pone-el-foco-en-las-ciudades-en-crisis-estamos-preparados-para-responder\/#breadcrumb"},"inLanguage":"es","potentialAction":[{"@type":"ReadAction","target":["https:\/\/patagoniambiental.com.ar\/info\/alerta-global-el-dia-mundial-del-habitat-2025-pone-el-foco-en-las-ciudades-en-crisis-estamos-preparados-para-responder\/"]}]},{"@type":"ImageObject","inLanguage":"es","@id":"https:\/\/patagoniambiental.com.ar\/info\/alerta-global-el-dia-mundial-del-habitat-2025-pone-el-foco-en-las-ciudades-en-crisis-estamos-preparados-para-responder\/#primaryimage","url":"https:\/\/patagoniambiental.com.ar\/info\/wp-content\/uploads\/2025\/07\/habitat-site_banner.jpg","contentUrl":"https:\/\/patagoniambiental.com.ar\/info\/wp-content\/uploads\/2025\/07\/habitat-site_banner.jpg","width":1200,"height":444,"caption":"Alerta global! El D\u00eda Mundial del H\u00e1bitat 2025 pone el foco en las ciudades en crisis: \u00bfEstamos preparados para responder?"},{"@type":"BreadcrumbList","@id":"https:\/\/patagoniambiental.com.ar\/info\/alerta-global-el-dia-mundial-del-habitat-2025-pone-el-foco-en-las-ciudades-en-crisis-estamos-preparados-para-responder\/#breadcrumb","itemListElement":[{"@type":"ListItem","position":1,"name":"Inicio","item":"https:\/\/patagoniambiental.com.ar\/info\/"},{"@type":"ListItem","position":2,"name":"Alerta global! El D\u00eda Mundial del H\u00e1bitat 2025 pone el foco en las ciudades en crisis: \u00bfEstamos preparados para responder?"}]},{"@type":"WebSite","@id":"https:\/\/patagoniambiental.com.ar\/info\/#website","url":"https:\/\/patagoniambiental.com.ar\/info\/","name":"Patagonia Ambiental","description":"Monitoreo y an\u00e1lisis de la situaci\u00f3n geopol\u00edtica en el mundo y su implicancia en la Patagonia","publisher":{"@id":"https:\/\/patagoniambiental.com.ar\/info\/#organization"},"potentialAction":[{"@type":"SearchAction","target":{"@type":"EntryPoint","urlTemplate":"https:\/\/patagoniambiental.com.ar\/info\/?s={search_term_string}"},"query-input":{"@type":"PropertyValueSpecification","valueRequired":true,"valueName":"search_term_string"}}],"inLanguage":"es"},{"@type":"Organization","@id":"https:\/\/patagoniambiental.com.ar\/info\/#organization","name":"Patagonia Ambiental","url":"https:\/\/patagoniambiental.com.ar\/info\/","logo":{"@type":"ImageObject","inLanguage":"es","@id":"https:\/\/patagoniambiental.com.ar\/info\/#\/schema\/logo\/image\/","url":"https:\/\/patagoniambiental.com.ar\/info\/wp-content\/uploads\/2025\/05\/LOGO-PATAGONIA-AMBIENTAL.png","contentUrl":"https:\/\/patagoniambiental.com.ar\/info\/wp-content\/uploads\/2025\/05\/LOGO-PATAGONIA-AMBIENTAL.png","width":433,"height":250,"caption":"Patagonia Ambiental"},"image":{"@id":"https:\/\/patagoniambiental.com.ar\/info\/#\/schema\/logo\/image\/"},"sameAs":["https:\/\/www.facebook.com\/patagonia.ambiental","https:\/\/x.com\/PatAmb"]},{"@type":"Person","@id":"https:\/\/patagoniambiental.com.ar\/info\/#\/schema\/person\/db12bff64bbcbf6a253710bf0ea37b5d","name":"Patagonia Ambiental","description":"Andr\u00e9s Nievas T\u00e9cnico en manejo ambiental, consultor Ambiental y escritor para medios locales e internacionales sobre temas de geopolitica y medio ambiente.","sameAs":["http:\/\/www.patagoniambiental.com.ar","https:\/\/www.facebook.com\/share\/1C1V8Gv9BX\/?mibextid=qi2Omg","@patagoniambiental","https:\/\/youtube.com\/@patagoniaambiental2023?si=BLt58t0wuXquxlYZ"]}]}},"_links":{"self":[{"href":"https:\/\/patagoniambiental.com.ar\/info\/wp-json\/wp\/v2\/posts\/97252","targetHints":{"allow":["GET"]}}],"collection":[{"href":"https:\/\/patagoniambiental.com.ar\/info\/wp-json\/wp\/v2\/posts"}],"about":[{"href":"https:\/\/patagoniambiental.com.ar\/info\/wp-json\/wp\/v2\/types\/post"}],"author":[{"embeddable":true,"href":"https:\/\/patagoniambiental.com.ar\/info\/wp-json\/wp\/v2\/users\/2"}],"replies":[{"embeddable":true,"href":"https:\/\/patagoniambiental.com.ar\/info\/wp-json\/wp\/v2\/comments?post=97252"}],"version-history":[{"count":1,"href":"https:\/\/patagoniambiental.com.ar\/info\/wp-json\/wp\/v2\/posts\/97252\/revisions"}],"predecessor-version":[{"id":97254,"href":"https:\/\/patagoniambiental.com.ar\/info\/wp-json\/wp\/v2\/posts\/97252\/revisions\/97254"}],"wp:featuredmedia":[{"embeddable":true,"href":"https:\/\/patagoniambiental.com.ar\/info\/wp-json\/wp\/v2\/media\/97253"}],"wp:attachment":[{"href":"https:\/\/patagoniambiental.com.ar\/info\/wp-json\/wp\/v2\/media?parent=97252"}],"wp:term":[{"taxonomy":"category","embeddable":true,"href":"https:\/\/patagoniambiental.com.ar\/info\/wp-json\/wp\/v2\/categories?post=97252"},{"taxonomy":"post_tag","embeddable":true,"href":"https:\/\/patagoniambiental.com.ar\/info\/wp-json\/wp\/v2\/tags?post=97252"}],"curies":[{"name":"wp","href":"https:\/\/api.w.org\/{rel}","templated":true}]}}