{"id":97255,"date":"2025-10-11T12:56:00","date_gmt":"2025-10-11T15:56:00","guid":{"rendered":"https:\/\/patagoniambiental.com.ar\/info\/?p=97255"},"modified":"2025-07-31T13:01:12","modified_gmt":"2025-07-31T16:01:12","slug":"millones-de-alas-en-movimiento-el-dia-mundial-de-las-aves-migratorias-despierta-conciencia-global-sobre-una-travesia-que-esta-en-peligro","status":"publish","type":"post","link":"https:\/\/patagoniambiental.com.ar\/info\/millones-de-alas-en-movimiento-el-dia-mundial-de-las-aves-migratorias-despierta-conciencia-global-sobre-una-travesia-que-esta-en-peligro\/","title":{"rendered":"Millones de alas en movimiento! El D\u00eda Mundial de las Aves Migratorias despierta conciencia global sobre una traves\u00eda que est\u00e1 en peligro"},"content":{"rendered":"\n<!--more-->\n\n\n\n<p>Buenos Aires, Argentina, 11 de octubre de 2025. Cada a\u00f1o, miles de millones de aves cruzan continentes en uno de los espect\u00e1culos naturales m\u00e1s asombrosos del planeta. Pero detr\u00e1s de esta maravilla migratoria se ocultan amenazas crecientes que comprometen no solo su existencia, sino tambi\u00e9n la salud de los ecosistemas globales. El D\u00eda Mundial de las Aves Migratorias, que se celebra dos veces al a\u00f1o, el 10 de mayo en M\u00e9xico y EEUU y el 11 de octubre octubre en sudamerica, es mucho m\u00e1s que una efem\u00e9ride: es un llamado urgente a la acci\u00f3n.<\/p>\n\n\n\n<h2 class=\"wp-block-heading\" id=\"h-que-es-el-dia-mundial-de-las-aves-migratorias-y-por-que-se-celebra-dos-veces-al-ano\">\u00bfQu\u00e9 es el D\u00eda Mundial de las Aves Migratorias y por qu\u00e9 se celebra dos veces al a\u00f1o?<\/h2>\n\n\n\n<p>La celebraci\u00f3n tiene lugar el segundo s\u00e1bado de mayo y el segundo s\u00e1bado de octubre, para abarcar ambas temporadas migratorias: la primavera boreal y el oto\u00f1o. Su objetivo es sensibilizar al mundo sobre la necesidad de conservar a las aves migratorias y sus h\u00e1bitats, as\u00ed como fomentar acciones individuales y colectivas para frenar su declive. Esta campa\u00f1a internacional es coordinada por la Secretar\u00eda del Acuerdo sobre la Conservaci\u00f3n de las Aves Acu\u00e1ticas Migratorias de \u00c1frica y Eurasia (AEWA), la Convenci\u00f3n sobre Especies Migratorias (CMS) y Environment for the Americas (EFTA).<\/p>\n\n\n\n<h2 class=\"wp-block-heading\" id=\"h-el-tema-2025-luz-artificial-y-crisis-urbanas-un-combo-letal-para-las-aves\">El tema 2025: Luz artificial y crisis urbanas, un combo letal para las aves<\/h2>\n\n\n\n<p>El tema para el D\u00eda Mundial de las Aves Migratorias 2025 gira en torno a la contaminaci\u00f3n lum\u00ednica y su impacto en las rutas migratorias, agravado por las crisis urbanas que se multiplican en todo el planeta. La iluminaci\u00f3n artificial excesiva, en combinaci\u00f3n con el crecimiento descontrolado de las ciudades, desorienta a millones de aves que viajan de noche, provocando colisiones fatales con rascacielos, torres y otras estructuras urbanas.<\/p>\n\n\n\n<p>Adem\u00e1s, el D\u00eda Mundial del H\u00e1bitat 2025, que abordar\u00e1 la respuesta a las crisis urbanas, se alinea tem\u00e1ticamente con esta preocupaci\u00f3n, proponiendo enfoques integrales para enfrentar los desaf\u00edos urbanos que tambi\u00e9n afectan a las especies migratorias.<\/p>\n\n\n\n<h2 class=\"wp-block-heading\" id=\"h-por-que-estan-desapareciendo-las-aves-migratorias\">\u00bfPor qu\u00e9 est\u00e1n desapareciendo las aves migratorias?<\/h2>\n\n\n\n<p>Las aves migratorias enfrentan una tormenta perfecta: destrucci\u00f3n de h\u00e1bitats, cambio clim\u00e1tico, contaminaci\u00f3n, caza ilegal, colisiones con estructuras humanas, y ahora, una nueva amenaza silenciosa: la luz artificial. Muchas aves migran de noche utilizando las estrellas como gu\u00eda. La luz de las ciudades no solo interfiere con sus sentidos de orientaci\u00f3n, sino que las atrae peligrosamente hacia zonas densamente edificadas, generando colisiones y desorientaci\u00f3n.<\/p>\n\n\n\n<h2 class=\"wp-block-heading\" id=\"h-impacto-del-cambio-climatico-en-las-aves-migratorias\">Impacto del cambio clim\u00e1tico en las aves migratorias<\/h2>\n\n\n\n<p>El cambio clim\u00e1tico altera los patrones migratorios: modifica las estaciones, cambia la disponibilidad de alimentos y provoca eventos clim\u00e1ticos extremos. Las aves llegan a sus destinos demasiado pronto o demasiado tarde, encontrando ecosistemas desequilibrados o recursos escasos. Esto afecta no solo su supervivencia, sino la biodiversidad global.<\/p>\n\n\n\n<h2 class=\"wp-block-heading\" id=\"h-que-podemos-hacer-para-proteger-a-las-aves-migratorias\">\u00bfQu\u00e9 podemos hacer para proteger a las aves migratorias?<\/h2>\n\n\n\n<p>Apagar luces innecesarias, especialmente durante las noches de migraci\u00f3n.<\/p>\n\n\n\n<p>Conservar humedales, bosques y zonas costeras, claves para descanso y alimentaci\u00f3n.<\/p>\n\n\n\n<p>Evitar el uso de pesticidas y herbicidas que eliminan insectos y plantas esenciales.<\/p>\n\n\n\n<p>Instalar protectores en ventanas y vidrios para evitar colisiones.<\/p>\n\n\n\n<p>Apoyar pol\u00edticas ambientales y educar sobre la importancia de las aves migratorias.<\/p>\n\n\n\n<h2 class=\"wp-block-heading\" id=\"h-las-aves-migratorias-un-barometro-de-la-salud-del-planeta\">Las aves migratorias: un bar\u00f3metro de la salud del planeta<\/h2>\n\n\n\n<p>Cuando las aves migratorias se ven afectadas, no es solo un problema de conservaci\u00f3n de fauna. Estas especies son indicadoras de la salud ambiental. Si ellas est\u00e1n en riesgo, significa que los ecosistemas est\u00e1n desequilibrados y la biodiversidad est\u00e1 bajo amenaza. En ese sentido, proteger a las aves migratorias es tambi\u00e9n proteger nuestra propia supervivencia como especie.<\/p>\n\n\n\n<h2 class=\"wp-block-heading\" id=\"h-eventos-campanas-y-participacion-ciudadana\">Eventos, campa\u00f1as y participaci\u00f3n ciudadana<\/h2>\n\n\n\n<p>Cada a\u00f1o, organizaciones de todo el mundo se suman con eventos, charlas, caminatas, avistajes y talleres educativos. En Latinoam\u00e9rica, \u00c1frica, Asia, Europa y Am\u00e9rica del Norte, millones de personas se involucran en actividades que promueven la conservaci\u00f3n, el monitoreo cient\u00edfico, la educaci\u00f3n ambiental y la cooperaci\u00f3n internacional.<\/p>\n\n\n\n<h2 class=\"wp-block-heading\" id=\"h-las-aves-migratorias-como-embajadoras-de-la-cooperacion-global\">Las aves migratorias como embajadoras de la cooperaci\u00f3n global<\/h2>\n\n\n\n<p>El fen\u00f3meno migratorio no entiende de fronteras. Una especie puede nacer en Canad\u00e1, alimentarse en M\u00e9xico, criar en Colombia y descansar en Argentina. Por eso, la cooperaci\u00f3n internacional es fundamental. No basta con protegerlas en un solo pa\u00eds: es necesario garantizar corredores biol\u00f3gicos seguros a lo largo de todo su trayecto migratorio.<\/p>\n\n\n\n<h2 class=\"wp-block-heading\" id=\"h-educacion-ambiental-y-ciencia-ciudadana-herramientas-para-el-cambio\">Educaci\u00f3n ambiental y ciencia ciudadana: herramientas para el cambio<\/h2>\n\n\n\n<p>Desde escuelas rurales hasta universidades urbanas, el D\u00eda Mundial de las Aves Migratorias es una oportunidad para fomentar la educaci\u00f3n ambiental y la participaci\u00f3n ciudadana. Plataformas como eBird, iNaturalist o Global Big Day permiten a cualquier persona reportar avistamientos y contribuir con datos cient\u00edficos esenciales para el estudio y conservaci\u00f3n de estas especies.<\/p>\n\n\n\n<p>Ejemplos de aves migratorias en Am\u00e9rica Latina que est\u00e1n en peligro<\/p>\n\n\n\n<p>Playero Rojizo (Calidris canutus): realiza una migraci\u00f3n de m\u00e1s de 15.000 km desde el \u00c1rtico hasta Tierra del Fuego. Hoy est\u00e1 en grave declive por la p\u00e9rdida de h\u00e1bitat en zonas intermedias.<\/p>\n\n\n\n<p>Golondrina com\u00fan (Hirundo rustica): afectada por la disminuci\u00f3n de insectos y la contaminaci\u00f3n lum\u00ednica.<\/p>\n\n\n\n<p>\u00c1guila pescadora (Pandion haliaetus): expuesta a contaminantes y al cambio clim\u00e1tico en sus rutas migratorias.<\/p>\n\n\n\n<h2 class=\"wp-block-heading\" id=\"h-no-solo-vuelan-las-aves-migratorias-polinizan-dispersan-semillas-y-controlan-plagas\">\u00a1No solo vuelan! Las aves migratorias polinizan, dispersan semillas y controlan plagas<\/h2>\n\n\n\n<p>Su rol ecol\u00f3gico es invaluable: muchas aves migratorias controlan poblaciones de insectos, polinizan flores o dispersan semillas que regeneran bosques. Sin ellas, los ecosistemas colapsar\u00edan. Su desaparici\u00f3n tendr\u00eda efectos en cascada, incluso en la agricultura y la seguridad alimentaria.<\/p>\n\n\n\n<h2 class=\"wp-block-heading\" id=\"h-un-llamado-urgente-a-gobiernos-empresas-y-ciudadanos\">Un llamado urgente a gobiernos, empresas y ciudadanos<\/h2>\n\n\n\n<p>La protecci\u00f3n de las aves migratorias debe ser una prioridad pol\u00edtica, cient\u00edfica y cultural. Gobiernos deben invertir en conservaci\u00f3n, las empresas deben evaluar su impacto lum\u00ednico y ecol\u00f3gico, y los ciudadanos tenemos la responsabilidad de cambiar nuestros h\u00e1bitos. Cada acci\u00f3n cuenta: desde apagar una luz hasta apoyar una ONG conservacionista.<\/p>\n\n\n\n<h2 class=\"wp-block-heading\" id=\"h-un-vuelo-que-une-continentes-culturas-y-corazones\">Un vuelo que une continentes, culturas y corazones<\/h2>\n\n\n\n<p>Las aves migratorias nos ense\u00f1an que el planeta es uno solo. Que todo est\u00e1 interconectado. Y que a\u00fan estamos a tiempo de revertir el da\u00f1o. El D\u00eda Mundial de las Aves Migratorias no es una fecha m\u00e1s: es un grito de alerta y de esperanza. Porque a\u00fan podemos garantizar que millones de alas sigan cruzando los cielos del mundo, cada a\u00f1o, anunciando que la naturaleza sigue viva\u2026 si la defendemos juntos.<\/p>\n","protected":false},"excerpt":{"rendered":"","protected":false},"author":2,"featured_media":97256,"comment_status":"open","ping_status":"open","sticky":false,"template":"","format":"standard","meta":{"site-sidebar-layout":"default","site-content-layout":"","ast-site-content-layout":"default","site-content-style":"default","site-sidebar-style":"default","ast-global-header-display":"","ast-banner-title-visibility":"","ast-main-header-display":"","ast-hfb-above-header-display":"","ast-hfb-below-header-display":"","ast-hfb-mobile-header-display":"","site-post-title":"","ast-breadcrumbs-content":"","ast-featured-img":"","footer-sml-layout":"","ast-disable-related-posts":"","theme-transparent-header-meta":"","adv-header-id-meta":"","stick-header-meta":"","header-above-stick-meta":"","header-main-stick-meta":"","header-below-stick-meta":"","astra-migrate-meta-layouts":"default","ast-page-background-enabled":"default","ast-page-background-meta":{"desktop":{"background-color":"var(--ast-global-color-5)","background-image":"","background-repeat":"repeat","background-position":"center center","background-size":"auto","background-attachment":"scroll","background-type":"","background-media":"","overlay-type":"","overlay-color":"","overlay-opacity":"","overlay-gradient":""},"tablet":{"background-color":"","background-image":"","background-repeat":"repeat","background-position":"center center","background-size":"auto","background-attachment":"scroll","background-type":"","background-media":"","overlay-type":"","overlay-color":"","overlay-opacity":"","overlay-gradient":""},"mobile":{"background-color":"","background-image":"","background-repeat":"repeat","background-position":"center center","background-size":"auto","background-attachment":"scroll","background-type":"","background-media":"","overlay-type":"","overlay-color":"","overlay-opacity":"","overlay-gradient":""}},"ast-content-background-meta":{"desktop":{"background-color":"var(--ast-global-color-4)","background-image":"","background-repeat":"repeat","background-position":"center center","background-size":"auto","background-attachment":"scroll","background-type":"","background-media":"","overlay-type":"","overlay-color":"","overlay-opacity":"","overlay-gradient":""},"tablet":{"background-color":"var(--ast-global-color-4)","background-image":"","background-repeat":"repeat","background-position":"center center","background-size":"auto","background-attachment":"scroll","background-type":"","background-media":"","overlay-type":"","overlay-color":"","overlay-opacity":"","overlay-gradient":""},"mobile":{"background-color":"var(--ast-global-color-4)","background-image":"","background-repeat":"repeat","background-position":"center center","background-size":"auto","background-attachment":"scroll","background-type":"","background-media":"","overlay-type":"","overlay-color":"","overlay-opacity":"","overlay-gradient":""}},"footnotes":""},"categories":[12,1],"tags":[],"class_list":["post-97255","post","type-post","status-publish","format-standard","has-post-thumbnail","hentry","category-agenda-ambiental","category-noticias"],"yoast_head":"<!-- This site is optimized with the Yoast SEO Premium plugin v23.0 (Yoast SEO v27.5) - https:\/\/yoast.com\/product\/yoast-seo-premium-wordpress\/ -->\n<title>Millones de alas en movimiento! El D\u00eda Mundial de las Aves Migratorias despierta conciencia global sobre una traves\u00eda que est\u00e1 en peligro<\/title>\n<meta name=\"description\" content=\"Cada a\u00f1o, miles de millones de aves cruzan continentes en uno de los espect\u00e1culos naturales m\u00e1s asombrosos del planeta.\" \/>\n<meta name=\"robots\" content=\"index, follow, max-snippet:-1, max-image-preview:large, max-video-preview:-1\" \/>\n<link rel=\"canonical\" href=\"https:\/\/patagoniambiental.com.ar\/info\/millones-de-alas-en-movimiento-el-dia-mundial-de-las-aves-migratorias-despierta-conciencia-global-sobre-una-travesia-que-esta-en-peligro\/\" \/>\n<meta property=\"og:locale\" content=\"es_ES\" \/>\n<meta property=\"og:type\" content=\"article\" \/>\n<meta property=\"og:title\" content=\"Millones de alas en movimiento! El D\u00eda Mundial de las Aves Migratorias despierta conciencia global sobre una traves\u00eda que est\u00e1 en peligro\" \/>\n<meta property=\"og:description\" content=\"Cada a\u00f1o, miles de millones de aves cruzan continentes en uno de los espect\u00e1culos naturales m\u00e1s asombrosos del planeta.\" \/>\n<meta property=\"og:url\" content=\"https:\/\/patagoniambiental.com.ar\/info\/millones-de-alas-en-movimiento-el-dia-mundial-de-las-aves-migratorias-despierta-conciencia-global-sobre-una-travesia-que-esta-en-peligro\/\" \/>\n<meta property=\"og:site_name\" content=\"Patagonia Ambiental\" \/>\n<meta property=\"article:publisher\" content=\"https:\/\/www.facebook.com\/patagonia.ambiental\" \/>\n<meta property=\"article:author\" content=\"https:\/\/www.facebook.com\/share\/1C1V8Gv9BX\/?mibextid=qi2Omg\" \/>\n<meta property=\"article:published_time\" content=\"2025-10-11T15:56:00+00:00\" \/>\n<meta property=\"og:image\" content=\"https:\/\/patagoniambiental.com.ar\/info\/wp-content\/uploads\/2025\/07\/Screenshot-2025-01-25-at-8.31.39-PM.jpg\" \/>\n\t<meta property=\"og:image:width\" content=\"487\" \/>\n\t<meta property=\"og:image:height\" content=\"600\" \/>\n\t<meta property=\"og:image:type\" content=\"image\/jpeg\" \/>\n<meta name=\"author\" content=\"Patagonia Ambiental\" \/>\n<meta name=\"twitter:card\" content=\"summary_large_image\" \/>\n<meta name=\"twitter:creator\" content=\"@PatAmb\" \/>\n<meta name=\"twitter:site\" content=\"@PatAmb\" \/>\n<script type=\"application\/ld+json\" class=\"yoast-schema-graph\">{\"@context\":\"https:\\\/\\\/schema.org\",\"@graph\":[{\"@type\":\"Article\",\"@id\":\"https:\\\/\\\/patagoniambiental.com.ar\\\/info\\\/millones-de-alas-en-movimiento-el-dia-mundial-de-las-aves-migratorias-despierta-conciencia-global-sobre-una-travesia-que-esta-en-peligro\\\/#article\",\"isPartOf\":{\"@id\":\"https:\\\/\\\/patagoniambiental.com.ar\\\/info\\\/millones-de-alas-en-movimiento-el-dia-mundial-de-las-aves-migratorias-despierta-conciencia-global-sobre-una-travesia-que-esta-en-peligro\\\/\"},\"author\":{\"name\":\"Patagonia Ambiental\",\"@id\":\"https:\\\/\\\/patagoniambiental.com.ar\\\/info\\\/#\\\/schema\\\/person\\\/db12bff64bbcbf6a253710bf0ea37b5d\"},\"headline\":\"Millones de alas en movimiento! El D\u00eda Mundial de las Aves Migratorias despierta conciencia global sobre una traves\u00eda que est\u00e1 en peligro\",\"datePublished\":\"2025-10-11T15:56:00+00:00\",\"mainEntityOfPage\":{\"@id\":\"https:\\\/\\\/patagoniambiental.com.ar\\\/info\\\/millones-de-alas-en-movimiento-el-dia-mundial-de-las-aves-migratorias-despierta-conciencia-global-sobre-una-travesia-que-esta-en-peligro\\\/\"},\"wordCount\":1133,\"commentCount\":0,\"publisher\":{\"@id\":\"https:\\\/\\\/patagoniambiental.com.ar\\\/info\\\/#organization\"},\"image\":{\"@id\":\"https:\\\/\\\/patagoniambiental.com.ar\\\/info\\\/millones-de-alas-en-movimiento-el-dia-mundial-de-las-aves-migratorias-despierta-conciencia-global-sobre-una-travesia-que-esta-en-peligro\\\/#primaryimage\"},\"thumbnailUrl\":\"https:\\\/\\\/patagoniambiental.com.ar\\\/info\\\/wp-content\\\/uploads\\\/2025\\\/07\\\/Screenshot-2025-01-25-at-8.31.39-PM.jpg\",\"articleSection\":[\"Agenda Ambiental\",\"Noticias\"],\"inLanguage\":\"es\",\"potentialAction\":[{\"@type\":\"CommentAction\",\"name\":\"Comment\",\"target\":[\"https:\\\/\\\/patagoniambiental.com.ar\\\/info\\\/millones-de-alas-en-movimiento-el-dia-mundial-de-las-aves-migratorias-despierta-conciencia-global-sobre-una-travesia-que-esta-en-peligro\\\/#respond\"]}]},{\"@type\":\"WebPage\",\"@id\":\"https:\\\/\\\/patagoniambiental.com.ar\\\/info\\\/millones-de-alas-en-movimiento-el-dia-mundial-de-las-aves-migratorias-despierta-conciencia-global-sobre-una-travesia-que-esta-en-peligro\\\/\",\"url\":\"https:\\\/\\\/patagoniambiental.com.ar\\\/info\\\/millones-de-alas-en-movimiento-el-dia-mundial-de-las-aves-migratorias-despierta-conciencia-global-sobre-una-travesia-que-esta-en-peligro\\\/\",\"name\":\"Millones de alas en movimiento! El D\u00eda Mundial de las Aves Migratorias despierta conciencia global sobre una traves\u00eda que est\u00e1 en peligro\",\"isPartOf\":{\"@id\":\"https:\\\/\\\/patagoniambiental.com.ar\\\/info\\\/#website\"},\"primaryImageOfPage\":{\"@id\":\"https:\\\/\\\/patagoniambiental.com.ar\\\/info\\\/millones-de-alas-en-movimiento-el-dia-mundial-de-las-aves-migratorias-despierta-conciencia-global-sobre-una-travesia-que-esta-en-peligro\\\/#primaryimage\"},\"image\":{\"@id\":\"https:\\\/\\\/patagoniambiental.com.ar\\\/info\\\/millones-de-alas-en-movimiento-el-dia-mundial-de-las-aves-migratorias-despierta-conciencia-global-sobre-una-travesia-que-esta-en-peligro\\\/#primaryimage\"},\"thumbnailUrl\":\"https:\\\/\\\/patagoniambiental.com.ar\\\/info\\\/wp-content\\\/uploads\\\/2025\\\/07\\\/Screenshot-2025-01-25-at-8.31.39-PM.jpg\",\"datePublished\":\"2025-10-11T15:56:00+00:00\",\"description\":\"Cada a\u00f1o, miles de millones de aves cruzan continentes en uno de los espect\u00e1culos naturales m\u00e1s asombrosos del planeta.\",\"breadcrumb\":{\"@id\":\"https:\\\/\\\/patagoniambiental.com.ar\\\/info\\\/millones-de-alas-en-movimiento-el-dia-mundial-de-las-aves-migratorias-despierta-conciencia-global-sobre-una-travesia-que-esta-en-peligro\\\/#breadcrumb\"},\"inLanguage\":\"es\",\"potentialAction\":[{\"@type\":\"ReadAction\",\"target\":[\"https:\\\/\\\/patagoniambiental.com.ar\\\/info\\\/millones-de-alas-en-movimiento-el-dia-mundial-de-las-aves-migratorias-despierta-conciencia-global-sobre-una-travesia-que-esta-en-peligro\\\/\"]}]},{\"@type\":\"ImageObject\",\"inLanguage\":\"es\",\"@id\":\"https:\\\/\\\/patagoniambiental.com.ar\\\/info\\\/millones-de-alas-en-movimiento-el-dia-mundial-de-las-aves-migratorias-despierta-conciencia-global-sobre-una-travesia-que-esta-en-peligro\\\/#primaryimage\",\"url\":\"https:\\\/\\\/patagoniambiental.com.ar\\\/info\\\/wp-content\\\/uploads\\\/2025\\\/07\\\/Screenshot-2025-01-25-at-8.31.39-PM.jpg\",\"contentUrl\":\"https:\\\/\\\/patagoniambiental.com.ar\\\/info\\\/wp-content\\\/uploads\\\/2025\\\/07\\\/Screenshot-2025-01-25-at-8.31.39-PM.jpg\",\"width\":487,\"height\":600,\"caption\":\"Millones de alas en movimiento! El D\u00eda Mundial de las Aves Migratorias despierta conciencia global sobre una traves\u00eda \u00e9pica que est\u00e1 en peligro\"},{\"@type\":\"BreadcrumbList\",\"@id\":\"https:\\\/\\\/patagoniambiental.com.ar\\\/info\\\/millones-de-alas-en-movimiento-el-dia-mundial-de-las-aves-migratorias-despierta-conciencia-global-sobre-una-travesia-que-esta-en-peligro\\\/#breadcrumb\",\"itemListElement\":[{\"@type\":\"ListItem\",\"position\":1,\"name\":\"Inicio\",\"item\":\"https:\\\/\\\/patagoniambiental.com.ar\\\/info\\\/\"},{\"@type\":\"ListItem\",\"position\":2,\"name\":\"Millones de alas en movimiento! El D\u00eda Mundial de las Aves Migratorias despierta conciencia global sobre una traves\u00eda que est\u00e1 en peligro\"}]},{\"@type\":\"WebSite\",\"@id\":\"https:\\\/\\\/patagoniambiental.com.ar\\\/info\\\/#website\",\"url\":\"https:\\\/\\\/patagoniambiental.com.ar\\\/info\\\/\",\"name\":\"Patagonia Ambiental\",\"description\":\"Monitoreo y an\u00e1lisis de la situaci\u00f3n geopol\u00edtica en el mundo y su implicancia en la Patagonia\",\"publisher\":{\"@id\":\"https:\\\/\\\/patagoniambiental.com.ar\\\/info\\\/#organization\"},\"potentialAction\":[{\"@type\":\"SearchAction\",\"target\":{\"@type\":\"EntryPoint\",\"urlTemplate\":\"https:\\\/\\\/patagoniambiental.com.ar\\\/info\\\/?s={search_term_string}\"},\"query-input\":{\"@type\":\"PropertyValueSpecification\",\"valueRequired\":true,\"valueName\":\"search_term_string\"}}],\"inLanguage\":\"es\"},{\"@type\":\"Organization\",\"@id\":\"https:\\\/\\\/patagoniambiental.com.ar\\\/info\\\/#organization\",\"name\":\"Patagonia Ambiental\",\"url\":\"https:\\\/\\\/patagoniambiental.com.ar\\\/info\\\/\",\"logo\":{\"@type\":\"ImageObject\",\"inLanguage\":\"es\",\"@id\":\"https:\\\/\\\/patagoniambiental.com.ar\\\/info\\\/#\\\/schema\\\/logo\\\/image\\\/\",\"url\":\"https:\\\/\\\/patagoniambiental.com.ar\\\/info\\\/wp-content\\\/uploads\\\/2025\\\/05\\\/LOGO-PATAGONIA-AMBIENTAL.png\",\"contentUrl\":\"https:\\\/\\\/patagoniambiental.com.ar\\\/info\\\/wp-content\\\/uploads\\\/2025\\\/05\\\/LOGO-PATAGONIA-AMBIENTAL.png\",\"width\":433,\"height\":250,\"caption\":\"Patagonia Ambiental\"},\"image\":{\"@id\":\"https:\\\/\\\/patagoniambiental.com.ar\\\/info\\\/#\\\/schema\\\/logo\\\/image\\\/\"},\"sameAs\":[\"https:\\\/\\\/www.facebook.com\\\/patagonia.ambiental\",\"https:\\\/\\\/x.com\\\/PatAmb\"]},{\"@type\":\"Person\",\"@id\":\"https:\\\/\\\/patagoniambiental.com.ar\\\/info\\\/#\\\/schema\\\/person\\\/db12bff64bbcbf6a253710bf0ea37b5d\",\"name\":\"Patagonia Ambiental\",\"description\":\"Andr\u00e9s Nievas T\u00e9cnico en manejo ambiental, consultor Ambiental y escritor para medios locales e internacionales sobre temas de geopolitica y medio ambiente.\",\"sameAs\":[\"http:\\\/\\\/www.patagoniambiental.com.ar\",\"https:\\\/\\\/www.facebook.com\\\/share\\\/1C1V8Gv9BX\\\/?mibextid=qi2Omg\",\"@patagoniambiental\",\"https:\\\/\\\/youtube.com\\\/@patagoniaambiental2023?si=BLt58t0wuXquxlYZ\"]}]}<\/script>\n<!-- \/ Yoast SEO Premium plugin. -->","yoast_head_json":{"title":"Millones de alas en movimiento! El D\u00eda Mundial de las Aves Migratorias despierta conciencia global sobre una traves\u00eda que est\u00e1 en peligro","description":"Cada a\u00f1o, miles de millones de aves cruzan continentes en uno de los espect\u00e1culos naturales m\u00e1s asombrosos del planeta.","robots":{"index":"index","follow":"follow","max-snippet":"max-snippet:-1","max-image-preview":"max-image-preview:large","max-video-preview":"max-video-preview:-1"},"canonical":"https:\/\/patagoniambiental.com.ar\/info\/millones-de-alas-en-movimiento-el-dia-mundial-de-las-aves-migratorias-despierta-conciencia-global-sobre-una-travesia-que-esta-en-peligro\/","og_locale":"es_ES","og_type":"article","og_title":"Millones de alas en movimiento! El D\u00eda Mundial de las Aves Migratorias despierta conciencia global sobre una traves\u00eda que est\u00e1 en peligro","og_description":"Cada a\u00f1o, miles de millones de aves cruzan continentes en uno de los espect\u00e1culos naturales m\u00e1s asombrosos del planeta.","og_url":"https:\/\/patagoniambiental.com.ar\/info\/millones-de-alas-en-movimiento-el-dia-mundial-de-las-aves-migratorias-despierta-conciencia-global-sobre-una-travesia-que-esta-en-peligro\/","og_site_name":"Patagonia Ambiental","article_publisher":"https:\/\/www.facebook.com\/patagonia.ambiental","article_author":"https:\/\/www.facebook.com\/share\/1C1V8Gv9BX\/?mibextid=qi2Omg","article_published_time":"2025-10-11T15:56:00+00:00","og_image":[{"width":487,"height":600,"url":"https:\/\/patagoniambiental.com.ar\/info\/wp-content\/uploads\/2025\/07\/Screenshot-2025-01-25-at-8.31.39-PM.jpg","type":"image\/jpeg"}],"author":"Patagonia Ambiental","twitter_card":"summary_large_image","twitter_creator":"@PatAmb","twitter_site":"@PatAmb","schema":{"@context":"https:\/\/schema.org","@graph":[{"@type":"Article","@id":"https:\/\/patagoniambiental.com.ar\/info\/millones-de-alas-en-movimiento-el-dia-mundial-de-las-aves-migratorias-despierta-conciencia-global-sobre-una-travesia-que-esta-en-peligro\/#article","isPartOf":{"@id":"https:\/\/patagoniambiental.com.ar\/info\/millones-de-alas-en-movimiento-el-dia-mundial-de-las-aves-migratorias-despierta-conciencia-global-sobre-una-travesia-que-esta-en-peligro\/"},"author":{"name":"Patagonia Ambiental","@id":"https:\/\/patagoniambiental.com.ar\/info\/#\/schema\/person\/db12bff64bbcbf6a253710bf0ea37b5d"},"headline":"Millones de alas en movimiento! El D\u00eda Mundial de las Aves Migratorias despierta conciencia global sobre una traves\u00eda que est\u00e1 en peligro","datePublished":"2025-10-11T15:56:00+00:00","mainEntityOfPage":{"@id":"https:\/\/patagoniambiental.com.ar\/info\/millones-de-alas-en-movimiento-el-dia-mundial-de-las-aves-migratorias-despierta-conciencia-global-sobre-una-travesia-que-esta-en-peligro\/"},"wordCount":1133,"commentCount":0,"publisher":{"@id":"https:\/\/patagoniambiental.com.ar\/info\/#organization"},"image":{"@id":"https:\/\/patagoniambiental.com.ar\/info\/millones-de-alas-en-movimiento-el-dia-mundial-de-las-aves-migratorias-despierta-conciencia-global-sobre-una-travesia-que-esta-en-peligro\/#primaryimage"},"thumbnailUrl":"https:\/\/patagoniambiental.com.ar\/info\/wp-content\/uploads\/2025\/07\/Screenshot-2025-01-25-at-8.31.39-PM.jpg","articleSection":["Agenda Ambiental","Noticias"],"inLanguage":"es","potentialAction":[{"@type":"CommentAction","name":"Comment","target":["https:\/\/patagoniambiental.com.ar\/info\/millones-de-alas-en-movimiento-el-dia-mundial-de-las-aves-migratorias-despierta-conciencia-global-sobre-una-travesia-que-esta-en-peligro\/#respond"]}]},{"@type":"WebPage","@id":"https:\/\/patagoniambiental.com.ar\/info\/millones-de-alas-en-movimiento-el-dia-mundial-de-las-aves-migratorias-despierta-conciencia-global-sobre-una-travesia-que-esta-en-peligro\/","url":"https:\/\/patagoniambiental.com.ar\/info\/millones-de-alas-en-movimiento-el-dia-mundial-de-las-aves-migratorias-despierta-conciencia-global-sobre-una-travesia-que-esta-en-peligro\/","name":"Millones de alas en movimiento! El D\u00eda Mundial de las Aves Migratorias despierta conciencia global sobre una traves\u00eda que est\u00e1 en peligro","isPartOf":{"@id":"https:\/\/patagoniambiental.com.ar\/info\/#website"},"primaryImageOfPage":{"@id":"https:\/\/patagoniambiental.com.ar\/info\/millones-de-alas-en-movimiento-el-dia-mundial-de-las-aves-migratorias-despierta-conciencia-global-sobre-una-travesia-que-esta-en-peligro\/#primaryimage"},"image":{"@id":"https:\/\/patagoniambiental.com.ar\/info\/millones-de-alas-en-movimiento-el-dia-mundial-de-las-aves-migratorias-despierta-conciencia-global-sobre-una-travesia-que-esta-en-peligro\/#primaryimage"},"thumbnailUrl":"https:\/\/patagoniambiental.com.ar\/info\/wp-content\/uploads\/2025\/07\/Screenshot-2025-01-25-at-8.31.39-PM.jpg","datePublished":"2025-10-11T15:56:00+00:00","description":"Cada a\u00f1o, miles de millones de aves cruzan continentes en uno de los espect\u00e1culos naturales m\u00e1s asombrosos del planeta.","breadcrumb":{"@id":"https:\/\/patagoniambiental.com.ar\/info\/millones-de-alas-en-movimiento-el-dia-mundial-de-las-aves-migratorias-despierta-conciencia-global-sobre-una-travesia-que-esta-en-peligro\/#breadcrumb"},"inLanguage":"es","potentialAction":[{"@type":"ReadAction","target":["https:\/\/patagoniambiental.com.ar\/info\/millones-de-alas-en-movimiento-el-dia-mundial-de-las-aves-migratorias-despierta-conciencia-global-sobre-una-travesia-que-esta-en-peligro\/"]}]},{"@type":"ImageObject","inLanguage":"es","@id":"https:\/\/patagoniambiental.com.ar\/info\/millones-de-alas-en-movimiento-el-dia-mundial-de-las-aves-migratorias-despierta-conciencia-global-sobre-una-travesia-que-esta-en-peligro\/#primaryimage","url":"https:\/\/patagoniambiental.com.ar\/info\/wp-content\/uploads\/2025\/07\/Screenshot-2025-01-25-at-8.31.39-PM.jpg","contentUrl":"https:\/\/patagoniambiental.com.ar\/info\/wp-content\/uploads\/2025\/07\/Screenshot-2025-01-25-at-8.31.39-PM.jpg","width":487,"height":600,"caption":"Millones de alas en movimiento! El D\u00eda Mundial de las Aves Migratorias despierta conciencia global sobre una traves\u00eda \u00e9pica que est\u00e1 en peligro"},{"@type":"BreadcrumbList","@id":"https:\/\/patagoniambiental.com.ar\/info\/millones-de-alas-en-movimiento-el-dia-mundial-de-las-aves-migratorias-despierta-conciencia-global-sobre-una-travesia-que-esta-en-peligro\/#breadcrumb","itemListElement":[{"@type":"ListItem","position":1,"name":"Inicio","item":"https:\/\/patagoniambiental.com.ar\/info\/"},{"@type":"ListItem","position":2,"name":"Millones de alas en movimiento! El D\u00eda Mundial de las Aves Migratorias despierta conciencia global sobre una traves\u00eda que est\u00e1 en peligro"}]},{"@type":"WebSite","@id":"https:\/\/patagoniambiental.com.ar\/info\/#website","url":"https:\/\/patagoniambiental.com.ar\/info\/","name":"Patagonia Ambiental","description":"Monitoreo y an\u00e1lisis de la situaci\u00f3n geopol\u00edtica en el mundo y su implicancia en la Patagonia","publisher":{"@id":"https:\/\/patagoniambiental.com.ar\/info\/#organization"},"potentialAction":[{"@type":"SearchAction","target":{"@type":"EntryPoint","urlTemplate":"https:\/\/patagoniambiental.com.ar\/info\/?s={search_term_string}"},"query-input":{"@type":"PropertyValueSpecification","valueRequired":true,"valueName":"search_term_string"}}],"inLanguage":"es"},{"@type":"Organization","@id":"https:\/\/patagoniambiental.com.ar\/info\/#organization","name":"Patagonia Ambiental","url":"https:\/\/patagoniambiental.com.ar\/info\/","logo":{"@type":"ImageObject","inLanguage":"es","@id":"https:\/\/patagoniambiental.com.ar\/info\/#\/schema\/logo\/image\/","url":"https:\/\/patagoniambiental.com.ar\/info\/wp-content\/uploads\/2025\/05\/LOGO-PATAGONIA-AMBIENTAL.png","contentUrl":"https:\/\/patagoniambiental.com.ar\/info\/wp-content\/uploads\/2025\/05\/LOGO-PATAGONIA-AMBIENTAL.png","width":433,"height":250,"caption":"Patagonia Ambiental"},"image":{"@id":"https:\/\/patagoniambiental.com.ar\/info\/#\/schema\/logo\/image\/"},"sameAs":["https:\/\/www.facebook.com\/patagonia.ambiental","https:\/\/x.com\/PatAmb"]},{"@type":"Person","@id":"https:\/\/patagoniambiental.com.ar\/info\/#\/schema\/person\/db12bff64bbcbf6a253710bf0ea37b5d","name":"Patagonia Ambiental","description":"Andr\u00e9s Nievas T\u00e9cnico en manejo ambiental, consultor Ambiental y escritor para medios locales e internacionales sobre temas de geopolitica y medio ambiente.","sameAs":["http:\/\/www.patagoniambiental.com.ar","https:\/\/www.facebook.com\/share\/1C1V8Gv9BX\/?mibextid=qi2Omg","@patagoniambiental","https:\/\/youtube.com\/@patagoniaambiental2023?si=BLt58t0wuXquxlYZ"]}]}},"_links":{"self":[{"href":"https:\/\/patagoniambiental.com.ar\/info\/wp-json\/wp\/v2\/posts\/97255","targetHints":{"allow":["GET"]}}],"collection":[{"href":"https:\/\/patagoniambiental.com.ar\/info\/wp-json\/wp\/v2\/posts"}],"about":[{"href":"https:\/\/patagoniambiental.com.ar\/info\/wp-json\/wp\/v2\/types\/post"}],"author":[{"embeddable":true,"href":"https:\/\/patagoniambiental.com.ar\/info\/wp-json\/wp\/v2\/users\/2"}],"replies":[{"embeddable":true,"href":"https:\/\/patagoniambiental.com.ar\/info\/wp-json\/wp\/v2\/comments?post=97255"}],"version-history":[{"count":1,"href":"https:\/\/patagoniambiental.com.ar\/info\/wp-json\/wp\/v2\/posts\/97255\/revisions"}],"predecessor-version":[{"id":97257,"href":"https:\/\/patagoniambiental.com.ar\/info\/wp-json\/wp\/v2\/posts\/97255\/revisions\/97257"}],"wp:featuredmedia":[{"embeddable":true,"href":"https:\/\/patagoniambiental.com.ar\/info\/wp-json\/wp\/v2\/media\/97256"}],"wp:attachment":[{"href":"https:\/\/patagoniambiental.com.ar\/info\/wp-json\/wp\/v2\/media?parent=97255"}],"wp:term":[{"taxonomy":"category","embeddable":true,"href":"https:\/\/patagoniambiental.com.ar\/info\/wp-json\/wp\/v2\/categories?post=97255"},{"taxonomy":"post_tag","embeddable":true,"href":"https:\/\/patagoniambiental.com.ar\/info\/wp-json\/wp\/v2\/tags?post=97255"}],"curies":[{"name":"wp","href":"https:\/\/api.w.org\/{rel}","templated":true}]}}