{"id":97326,"date":"2025-10-17T15:59:00","date_gmt":"2025-10-17T18:59:00","guid":{"rendered":"https:\/\/patagoniambiental.com.ar\/info\/?p=97326"},"modified":"2025-08-03T16:04:34","modified_gmt":"2025-08-03T19:04:34","slug":"medio-ambiente-y-erradicacion-de-la-pobreza-transformando-vida-y-planeta-con-dignidad-ecosistemica","status":"publish","type":"post","link":"https:\/\/patagoniambiental.com.ar\/info\/medio-ambiente-y-erradicacion-de-la-pobreza-transformando-vida-y-planeta-con-dignidad-ecosistemica\/","title":{"rendered":"Medio Ambiente y Erradicaci\u00f3n de la Pobreza: transformando vida y planeta con dignidad ecosist\u00e9mica"},"content":{"rendered":"\n<!--more-->\n\n\n\n<p>Viedma, Rio Negro, 17 de octubre de 2025. Imagina un futuro donde cada persona puede vivir con dignidad, sin temor al hambre, y donde la naturaleza florece y se regenera aun en los lugares m\u00e1s vulnerables. Este es el ideal que abraza el D\u00eda Internacional para la Erradicaci\u00f3n de la Pobreza, una jornada global que demuestra que eliminar la pobreza no solo beneficia a las personas sino al medio ambiente y a las generaciones futuras.<\/p>\n\n\n\n<p> Cada 17 de octubre, Naciones Unidas convoca a gobiernos, sociedad civil y comunidades afectadas a unirse para transformar modelos de desarrollo excluyentes en sistemas ecol\u00f3gicos, participativos y equitativos. Conectar pobreza y medio ambiente no es solo un ejercicio te\u00f3rico: revela c\u00f3mo la injusticia socioecon\u00f3mica profundiza la degradaci\u00f3n ambiental, y c\u00f3mo las soluciones basadas en justicia clim\u00e1tica y protecci\u00f3n ambiental pueden romper ciclos de exclusi\u00f3n y vulnerabilidad. Acomp\u00e1\u00f1anos a explorar por qu\u00e9 este d\u00eda es clave para reimaginar sociedades m\u00e1s justas y sostenibles.<\/p>\n\n\n\n<h2 class=\"wp-block-heading\" id=\"h-que-es-el-dia-internacional-para-la-erradicacion-de-la-pobreza\">\u00bfQu\u00e9 es el D\u00eda Internacional para la Erradicaci\u00f3n de la Pobreza?<\/h2>\n\n\n\n<p>Este d\u00eda tiene sus ra\u00edces en un masivo acto de solidaridad realizado en 1987 en Par\u00eds, frente al Trocadero, donde miles de personas se reunieron para afirmar que la pobreza extrema es una violaci\u00f3n de los derechos humanos. Fue un reconocimiento colectivo a las v\u00edctimas de la miseria, el hambre y la violencia, y serv\u00eda de plataforma para exigir un cambio global. <\/p>\n\n\n\n<p>Luego, la Asamblea General de la ONU institucionaliz\u00f3 esta fecha como un d\u00eda anual de reflexi\u00f3n, acci\u00f3n y exigencia. Desde entonces, este d\u00eda se ha convertido en un espacio de encuentro donde personas que viven en pobreza comparten sus experiencias, organizaciones de base reclaman justicia y el mundo renueva el compromiso de terminar con la desigualdad. No es un d\u00eda de discursos vac\u00edos, sino una oportunidad para escuchar, visibilizar, actuar en conjunto y avanzar hacia un planeta donde la dignidad sea un derecho real para todas y todos.(Naciones Unidas)<\/p>\n\n\n\n<h2 class=\"wp-block-heading\" id=\"h-la-conexion-con-el-medio-ambiente-pobreza-y-crisis-ecologica-compartida\">La conexi\u00f3n con el medio ambiente: pobreza y crisis ecol\u00f3gica compartida<\/h2>\n\n\n\n<p>La pobreza no ocurre en el vac\u00edo: muchas personas en situaci\u00f3n de privaci\u00f3n habitan zonas altamente expuestas a desastres, degradaci\u00f3n del suelo, deforestaci\u00f3n o escasez de agua. Este v\u00ednculo entre desigualdad material y fragilidad ecol\u00f3gica es una realidad compartida por millones. La degradaci\u00f3n ambiental agrava las condiciones de vida y limita la capacidad de recuperaci\u00f3n frente a sequ\u00edas, tormentas o escasez clim\u00e1tica. Invertir en soluciones ambientales \u2014participaci\u00f3n comunitaria, restauraci\u00f3n de ecosistemas, manejo sostenible de suelos y bosques\u2014 no solo mejora el entorno, sino que tambi\u00e9n rompe ciclos de pobreza al fortalecer medios de vida m\u00e1s resilientes.<\/p>\n\n\n\n<p> De esta manera, armonizar justicia social y justicia ambiental se convierte en clave para erradicar la pobreza hoy y proteger el planeta ma\u00f1ana.(UN DESA, Naciones Unidas)<\/p>\n\n\n\n<h2 class=\"wp-block-heading\" id=\"h-temas-de-cada-ano-cuando-la-erradicacion-abraza-la-equidad-y-la-justicia\">Temas de cada a\u00f1o: cuando la erradicaci\u00f3n abraza la equidad y la justicia<\/h2>\n\n\n\n<p>Cada edici\u00f3n del D\u00eda Internacional se marca por un enfoque tem\u00e1tico que responde a las urgencias globales y reconoce las voces de quienes viven en pobreza. El tema m\u00e1s reciente destac\u00f3 que el maltrato social o institucional puede ser tan da\u00f1ino como la hambre: una forma de violencia cotidiana que niega el derecho a ser escuchado, a acceder a servicios b\u00e1sicos, a tener identidad y participaci\u00f3n pol\u00edtica.<\/p>\n\n\n\n<p> Reconocer este maltrato es fundamental para promover sociedades m\u00e1s inclusivas, pac\u00edficas y democr\u00e1ticas. La conexi\u00f3n con el medio ambiente se manifiesta cuando estas formas de violencia se traducen en falta de poder para exigir protecci\u00f3n ambiental, acceso equitativo a recursos naturales o participaci\u00f3n en decisiones sobre los territorios. Este enfoque reconoce que erradicar la pobreza exige transformar no solo econom\u00edas, sino tambi\u00e9n pol\u00edticas, percepciones y estructuras institucionales.(Wikipedia, Naciones Unidas)<\/p>\n\n\n\n<h2 class=\"wp-block-heading\" id=\"h-voces-de-quienes-viven-la-pobreza-participacion-como-herramienta-de-cambio\">Voces de quienes viven la pobreza: participaci\u00f3n como herramienta de cambio<\/h2>\n\n\n\n<p>Uno de los valores centrales de esta jornada es dar protagonismo a las personas que viven pobreza. Desde su origen, se ha destacado la importancia de escuchar sus historias, valorarlas como agentes de cambio y empoderarlas para que participen en las decisiones que afectan sus vidas. Esta participaci\u00f3n activa es una forma poderosa de dignificaci\u00f3n que tambi\u00e9n fortalece las respuestas ambientales. <\/p>\n\n\n\n<p>Las comunidades que sufren pobreza suelen ser guardianas de ecosistemas vulnerables: sab\u00edan c\u00f3mo conservar el suelo, proteger bosques, gestionar el agua. Recuperar este conocimiento tradicional y combinarlo con pol\u00edticas sostenibles crea soluciones efectivas. El d\u00eda busca que estas voces sean centrales, no accesorias, en la construcci\u00f3n de un desarrollo que sea humano, justo y sostenible.(Naciones Unidas, UN DESA)<\/p>\n\n\n\n<h2 class=\"wp-block-heading\" id=\"h-desafios-globales-hacinamiento-exclusion-discriminacion-y-crisis-climatica\">Desaf\u00edos globales: hacinamiento, exclusi\u00f3n, discriminaci\u00f3n y crisis clim\u00e1tica<\/h2>\n\n\n\n<p>En un mundo de abundancia, la presencia continua de pobreza extrema es una evidencia irrefutable de fallas sistem\u00e1ticas. Muchas personas sobreviven con recursos precarios, sin acceso a vivienda adecuada, agua limpia, educaci\u00f3n o salud. La combinaci\u00f3n de discriminaci\u00f3n, trabajos informales inseguros, crisis clim\u00e1ticas y sistemas financieros injustos limita su capacidad de desarrollo. <\/p>\n\n\n\n<p>La pandemia reciente y la crisis costera han retrocedido a\u00f1os de avances. Adem\u00e1s, el cambio clim\u00e1tico afecta con m\u00e1s fuerza a quienes viven en pobreza: inundaciones, olas de calor, sequ\u00edas o tormentas destruyen medios de vida y profundizan la inseguridad alimentaria. El mensaje de Naciones Unidas resalta que curar estas desigualdades exige reformar la arquitectura financiera global, invertir en protecci\u00f3n social universal y promover empleos dignos que incluyan la econom\u00eda verde y el cuidado del entorno natural.(UN DESA, UN DESA, Naciones Unidas)<\/p>\n\n\n\n<h2 class=\"wp-block-heading\" id=\"h-iniciativas-ambientales-con-impacto-social-cuando-salvar-al-planeta-empodera-comunidades\">Iniciativas ambientales con impacto social: cuando salvar al planeta empodera comunidades<\/h2>\n\n\n\n<p>Existen m\u00faltiples proyectos donde la protecci\u00f3n ambiental se convirti\u00f3 en motor de desarrollo comunitario. Iniciativas que restauran humedales, plantan \u00e1rboles, reconstruyen suelos degradados o promueven energ\u00edas renovables generan empleo local, mejoran la calidad de agua, rebajan los riesgos clim\u00e1ticos y fortalecen la vida en comunidades antes excluidas. Estos proyectos ambiental-sociales son ejemplos de c\u00f3mo la justicia clim\u00e1tica y la erradicaci\u00f3n de la pobreza pueden ir de la mano. <\/p>\n\n\n\n<p>En cada contexto, las protagonistas son personas que conocen su territorio, que lo transforman con soluciones pr\u00e1cticas y participan junto a ONG, gobiernos y organismos internacionales. Estas historias deben ser visibilizadas todos los a\u00f1os durante el evento global del 17 de octubre.(UN DESA, unsdg.un.org)<\/p>\n\n\n\n<h2 class=\"wp-block-heading\" id=\"h-el-compromiso-institucional-una-decada-y-una-agenda-global\">El compromiso institucional: una d\u00e9cada y una agenda global<\/h2>\n\n\n\n<p>La ONU proclam\u00f3 una D\u00e9cada espec\u00edfica para erradicar la pobreza entre 2018 y 2027, alineada con la Agenda 2030. Esta planificaci\u00f3n global incluye una estrategia interinstitucional que conecta pa\u00edses, mecanismos regionales y comunidades. El objetivo: coordinar esfuerzos para cumplir con el ODS 1, fortaleciendo la protecci\u00f3n social, el trabajo decente y la inclusi\u00f3n. <\/p>\n\n\n\n<p>La clave del enfoque institucional no es solo financiar pol\u00edticas, sino asegurar que aquellos que viven en pobreza participen en su dise\u00f1o, implementaci\u00f3n y evaluaci\u00f3n. Esto garantiza que las soluciones respondan a sus necesidades reales y contribuyen a construir una sociedad m\u00e1s justa, integrada y ambientalmente viable.(Naciones Unidas, UN DESA)<\/p>\n\n\n\n<h2 class=\"wp-block-heading\" id=\"h-lo-que-falta-por-hacer-propuestas-para-avanzar-con-justicia-ecologica\">Lo que falta por hacer: propuestas para avanzar con justicia ecol\u00f3gica<\/h2>\n\n\n\n<p>Aun con avances, el mundo necesita redoblar esfuerzos coordinados. Es necesario asegurar apoyo social real con empleos dignos, acceso universal a salud, educaci\u00f3n y cuidados. Tambi\u00e9n urge cerrar brechas de participaci\u00f3n, luchar contra el estigma y transformar pol\u00edticas discriminatorias.<\/p>\n\n\n\n<p> En paralelo, deben promoverse estrategias ecol\u00f3gicas que vinculen recuperaci\u00f3n ambiental con medios de vida sostenibles: agricultura clim\u00e1ticamente inteligente, restauraci\u00f3n de ecosistemas, energ\u00eda renovable comunitaria, protecci\u00f3n h\u00eddrica local. Las pol\u00edticas integrales que unen pobreza y medio ambiente definen una nueva narrativa: erradicar la pobreza no puede separarse del cuidado del planeta. Solo as\u00ed se podr\u00e1 construir un futuro donde las generaciones presentes y futuras vivan con dignidad y en equilibrio con la naturaleza.<\/p>\n","protected":false},"excerpt":{"rendered":"","protected":false},"author":2,"featured_media":97327,"comment_status":"open","ping_status":"open","sticky":false,"template":"","format":"standard","meta":{"site-sidebar-layout":"default","site-content-layout":"","ast-site-content-layout":"default","site-content-style":"default","site-sidebar-style":"default","ast-global-header-display":"","ast-banner-title-visibility":"","ast-main-header-display":"","ast-hfb-above-header-display":"","ast-hfb-below-header-display":"","ast-hfb-mobile-header-display":"","site-post-title":"","ast-breadcrumbs-content":"","ast-featured-img":"","footer-sml-layout":"","ast-disable-related-posts":"","theme-transparent-header-meta":"","adv-header-id-meta":"","stick-header-meta":"","header-above-stick-meta":"","header-main-stick-meta":"","header-below-stick-meta":"","astra-migrate-meta-layouts":"default","ast-page-background-enabled":"default","ast-page-background-meta":{"desktop":{"background-color":"var(--ast-global-color-5)","background-image":"","background-repeat":"repeat","background-position":"center center","background-size":"auto","background-attachment":"scroll","background-type":"","background-media":"","overlay-type":"","overlay-color":"","overlay-opacity":"","overlay-gradient":""},"tablet":{"background-color":"","background-image":"","background-repeat":"repeat","background-position":"center center","background-size":"auto","background-attachment":"scroll","background-type":"","background-media":"","overlay-type":"","overlay-color":"","overlay-opacity":"","overlay-gradient":""},"mobile":{"background-color":"","background-image":"","background-repeat":"repeat","background-position":"center center","background-size":"auto","background-attachment":"scroll","background-type":"","background-media":"","overlay-type":"","overlay-color":"","overlay-opacity":"","overlay-gradient":""}},"ast-content-background-meta":{"desktop":{"background-color":"var(--ast-global-color-4)","background-image":"","background-repeat":"repeat","background-position":"center center","background-size":"auto","background-attachment":"scroll","background-type":"","background-media":"","overlay-type":"","overlay-color":"","overlay-opacity":"","overlay-gradient":""},"tablet":{"background-color":"var(--ast-global-color-4)","background-image":"","background-repeat":"repeat","background-position":"center center","background-size":"auto","background-attachment":"scroll","background-type":"","background-media":"","overlay-type":"","overlay-color":"","overlay-opacity":"","overlay-gradient":""},"mobile":{"background-color":"var(--ast-global-color-4)","background-image":"","background-repeat":"repeat","background-position":"center center","background-size":"auto","background-attachment":"scroll","background-type":"","background-media":"","overlay-type":"","overlay-color":"","overlay-opacity":"","overlay-gradient":""}},"footnotes":""},"categories":[12,1],"tags":[],"class_list":["post-97326","post","type-post","status-publish","format-standard","has-post-thumbnail","hentry","category-agenda-ambiental","category-noticias"],"yoast_head":"<!-- This site is optimized with the Yoast SEO Premium plugin v23.0 (Yoast SEO v27.5) - https:\/\/yoast.com\/product\/yoast-seo-premium-wordpress\/ -->\n<title>Medio Ambiente y Erradicaci\u00f3n de la Pobreza: transformando vida y planeta con dignidad ecosist\u00e9mica<\/title>\n<meta name=\"description\" content=\"Imagina un futuro donde cada persona puede vivir con dignidad, sin temor al hambre, y donde la naturaleza florece y se regenera aun\" \/>\n<meta name=\"robots\" content=\"index, follow, max-snippet:-1, max-image-preview:large, max-video-preview:-1\" \/>\n<link rel=\"canonical\" href=\"https:\/\/patagoniambiental.com.ar\/info\/medio-ambiente-y-erradicacion-de-la-pobreza-transformando-vida-y-planeta-con-dignidad-ecosistemica\/\" \/>\n<meta property=\"og:locale\" content=\"es_ES\" \/>\n<meta property=\"og:type\" content=\"article\" \/>\n<meta property=\"og:title\" content=\"Medio Ambiente y Erradicaci\u00f3n de la Pobreza: transformando vida y planeta con dignidad ecosist\u00e9mica\" \/>\n<meta property=\"og:description\" content=\"Imagina un futuro donde cada persona puede vivir con dignidad, sin temor al hambre, y donde la naturaleza florece y se regenera aun\" \/>\n<meta property=\"og:url\" content=\"https:\/\/patagoniambiental.com.ar\/info\/medio-ambiente-y-erradicacion-de-la-pobreza-transformando-vida-y-planeta-con-dignidad-ecosistemica\/\" \/>\n<meta property=\"og:site_name\" content=\"Patagonia Ambiental\" \/>\n<meta property=\"article:publisher\" content=\"https:\/\/www.facebook.com\/patagonia.ambiental\" \/>\n<meta property=\"article:author\" content=\"https:\/\/www.facebook.com\/share\/1C1V8Gv9BX\/?mibextid=qi2Omg\" \/>\n<meta property=\"article:published_time\" content=\"2025-10-17T18:59:00+00:00\" \/>\n<meta property=\"og:image\" content=\"https:\/\/patagoniambiental.com.ar\/info\/wp-content\/uploads\/2025\/08\/poverty-day.jpg\" \/>\n\t<meta property=\"og:image:width\" content=\"1200\" \/>\n\t<meta property=\"og:image:height\" content=\"444\" \/>\n\t<meta property=\"og:image:type\" content=\"image\/jpeg\" \/>\n<meta name=\"author\" content=\"Patagonia Ambiental\" \/>\n<meta name=\"twitter:card\" content=\"summary_large_image\" \/>\n<meta name=\"twitter:creator\" content=\"@PatAmb\" \/>\n<meta name=\"twitter:site\" content=\"@PatAmb\" \/>\n<script type=\"application\/ld+json\" class=\"yoast-schema-graph\">{\"@context\":\"https:\\\/\\\/schema.org\",\"@graph\":[{\"@type\":\"Article\",\"@id\":\"https:\\\/\\\/patagoniambiental.com.ar\\\/info\\\/medio-ambiente-y-erradicacion-de-la-pobreza-transformando-vida-y-planeta-con-dignidad-ecosistemica\\\/#article\",\"isPartOf\":{\"@id\":\"https:\\\/\\\/patagoniambiental.com.ar\\\/info\\\/medio-ambiente-y-erradicacion-de-la-pobreza-transformando-vida-y-planeta-con-dignidad-ecosistemica\\\/\"},\"author\":{\"name\":\"Patagonia Ambiental\",\"@id\":\"https:\\\/\\\/patagoniambiental.com.ar\\\/info\\\/#\\\/schema\\\/person\\\/db12bff64bbcbf6a253710bf0ea37b5d\"},\"headline\":\"Medio Ambiente y Erradicaci\u00f3n de la Pobreza: transformando vida y planeta con dignidad ecosist\u00e9mica\",\"datePublished\":\"2025-10-17T18:59:00+00:00\",\"mainEntityOfPage\":{\"@id\":\"https:\\\/\\\/patagoniambiental.com.ar\\\/info\\\/medio-ambiente-y-erradicacion-de-la-pobreza-transformando-vida-y-planeta-con-dignidad-ecosistemica\\\/\"},\"wordCount\":1371,\"commentCount\":0,\"publisher\":{\"@id\":\"https:\\\/\\\/patagoniambiental.com.ar\\\/info\\\/#organization\"},\"image\":{\"@id\":\"https:\\\/\\\/patagoniambiental.com.ar\\\/info\\\/medio-ambiente-y-erradicacion-de-la-pobreza-transformando-vida-y-planeta-con-dignidad-ecosistemica\\\/#primaryimage\"},\"thumbnailUrl\":\"https:\\\/\\\/patagoniambiental.com.ar\\\/info\\\/wp-content\\\/uploads\\\/2025\\\/08\\\/poverty-day.jpg\",\"articleSection\":[\"Agenda Ambiental\",\"Noticias\"],\"inLanguage\":\"es\",\"potentialAction\":[{\"@type\":\"CommentAction\",\"name\":\"Comment\",\"target\":[\"https:\\\/\\\/patagoniambiental.com.ar\\\/info\\\/medio-ambiente-y-erradicacion-de-la-pobreza-transformando-vida-y-planeta-con-dignidad-ecosistemica\\\/#respond\"]}]},{\"@type\":\"WebPage\",\"@id\":\"https:\\\/\\\/patagoniambiental.com.ar\\\/info\\\/medio-ambiente-y-erradicacion-de-la-pobreza-transformando-vida-y-planeta-con-dignidad-ecosistemica\\\/\",\"url\":\"https:\\\/\\\/patagoniambiental.com.ar\\\/info\\\/medio-ambiente-y-erradicacion-de-la-pobreza-transformando-vida-y-planeta-con-dignidad-ecosistemica\\\/\",\"name\":\"Medio Ambiente y Erradicaci\u00f3n de la Pobreza: transformando vida y planeta con dignidad ecosist\u00e9mica\",\"isPartOf\":{\"@id\":\"https:\\\/\\\/patagoniambiental.com.ar\\\/info\\\/#website\"},\"primaryImageOfPage\":{\"@id\":\"https:\\\/\\\/patagoniambiental.com.ar\\\/info\\\/medio-ambiente-y-erradicacion-de-la-pobreza-transformando-vida-y-planeta-con-dignidad-ecosistemica\\\/#primaryimage\"},\"image\":{\"@id\":\"https:\\\/\\\/patagoniambiental.com.ar\\\/info\\\/medio-ambiente-y-erradicacion-de-la-pobreza-transformando-vida-y-planeta-con-dignidad-ecosistemica\\\/#primaryimage\"},\"thumbnailUrl\":\"https:\\\/\\\/patagoniambiental.com.ar\\\/info\\\/wp-content\\\/uploads\\\/2025\\\/08\\\/poverty-day.jpg\",\"datePublished\":\"2025-10-17T18:59:00+00:00\",\"description\":\"Imagina un futuro donde cada persona puede vivir con dignidad, sin temor al hambre, y donde la naturaleza florece y se regenera aun\",\"breadcrumb\":{\"@id\":\"https:\\\/\\\/patagoniambiental.com.ar\\\/info\\\/medio-ambiente-y-erradicacion-de-la-pobreza-transformando-vida-y-planeta-con-dignidad-ecosistemica\\\/#breadcrumb\"},\"inLanguage\":\"es\",\"potentialAction\":[{\"@type\":\"ReadAction\",\"target\":[\"https:\\\/\\\/patagoniambiental.com.ar\\\/info\\\/medio-ambiente-y-erradicacion-de-la-pobreza-transformando-vida-y-planeta-con-dignidad-ecosistemica\\\/\"]}]},{\"@type\":\"ImageObject\",\"inLanguage\":\"es\",\"@id\":\"https:\\\/\\\/patagoniambiental.com.ar\\\/info\\\/medio-ambiente-y-erradicacion-de-la-pobreza-transformando-vida-y-planeta-con-dignidad-ecosistemica\\\/#primaryimage\",\"url\":\"https:\\\/\\\/patagoniambiental.com.ar\\\/info\\\/wp-content\\\/uploads\\\/2025\\\/08\\\/poverty-day.jpg\",\"contentUrl\":\"https:\\\/\\\/patagoniambiental.com.ar\\\/info\\\/wp-content\\\/uploads\\\/2025\\\/08\\\/poverty-day.jpg\",\"width\":1200,\"height\":444,\"caption\":\"Medio Ambiente y Erradicaci\u00f3n de la Pobreza: transformando vida y planeta con dignidad ecosist\u00e9mica\"},{\"@type\":\"BreadcrumbList\",\"@id\":\"https:\\\/\\\/patagoniambiental.com.ar\\\/info\\\/medio-ambiente-y-erradicacion-de-la-pobreza-transformando-vida-y-planeta-con-dignidad-ecosistemica\\\/#breadcrumb\",\"itemListElement\":[{\"@type\":\"ListItem\",\"position\":1,\"name\":\"Inicio\",\"item\":\"https:\\\/\\\/patagoniambiental.com.ar\\\/info\\\/\"},{\"@type\":\"ListItem\",\"position\":2,\"name\":\"Medio Ambiente y Erradicaci\u00f3n de la Pobreza: transformando vida y planeta con dignidad ecosist\u00e9mica\"}]},{\"@type\":\"WebSite\",\"@id\":\"https:\\\/\\\/patagoniambiental.com.ar\\\/info\\\/#website\",\"url\":\"https:\\\/\\\/patagoniambiental.com.ar\\\/info\\\/\",\"name\":\"Patagonia Ambiental\",\"description\":\"Monitoreo y an\u00e1lisis de la situaci\u00f3n geopol\u00edtica en el mundo y su implicancia en la Patagonia\",\"publisher\":{\"@id\":\"https:\\\/\\\/patagoniambiental.com.ar\\\/info\\\/#organization\"},\"potentialAction\":[{\"@type\":\"SearchAction\",\"target\":{\"@type\":\"EntryPoint\",\"urlTemplate\":\"https:\\\/\\\/patagoniambiental.com.ar\\\/info\\\/?s={search_term_string}\"},\"query-input\":{\"@type\":\"PropertyValueSpecification\",\"valueRequired\":true,\"valueName\":\"search_term_string\"}}],\"inLanguage\":\"es\"},{\"@type\":\"Organization\",\"@id\":\"https:\\\/\\\/patagoniambiental.com.ar\\\/info\\\/#organization\",\"name\":\"Patagonia Ambiental\",\"url\":\"https:\\\/\\\/patagoniambiental.com.ar\\\/info\\\/\",\"logo\":{\"@type\":\"ImageObject\",\"inLanguage\":\"es\",\"@id\":\"https:\\\/\\\/patagoniambiental.com.ar\\\/info\\\/#\\\/schema\\\/logo\\\/image\\\/\",\"url\":\"https:\\\/\\\/patagoniambiental.com.ar\\\/info\\\/wp-content\\\/uploads\\\/2025\\\/05\\\/LOGO-PATAGONIA-AMBIENTAL.png\",\"contentUrl\":\"https:\\\/\\\/patagoniambiental.com.ar\\\/info\\\/wp-content\\\/uploads\\\/2025\\\/05\\\/LOGO-PATAGONIA-AMBIENTAL.png\",\"width\":433,\"height\":250,\"caption\":\"Patagonia Ambiental\"},\"image\":{\"@id\":\"https:\\\/\\\/patagoniambiental.com.ar\\\/info\\\/#\\\/schema\\\/logo\\\/image\\\/\"},\"sameAs\":[\"https:\\\/\\\/www.facebook.com\\\/patagonia.ambiental\",\"https:\\\/\\\/x.com\\\/PatAmb\"]},{\"@type\":\"Person\",\"@id\":\"https:\\\/\\\/patagoniambiental.com.ar\\\/info\\\/#\\\/schema\\\/person\\\/db12bff64bbcbf6a253710bf0ea37b5d\",\"name\":\"Patagonia Ambiental\",\"description\":\"Andr\u00e9s Nievas T\u00e9cnico en manejo ambiental, consultor Ambiental y escritor para medios locales e internacionales sobre temas de geopolitica y medio ambiente.\",\"sameAs\":[\"http:\\\/\\\/www.patagoniambiental.com.ar\",\"https:\\\/\\\/www.facebook.com\\\/share\\\/1C1V8Gv9BX\\\/?mibextid=qi2Omg\",\"@patagoniambiental\",\"https:\\\/\\\/youtube.com\\\/@patagoniaambiental2023?si=BLt58t0wuXquxlYZ\"]}]}<\/script>\n<!-- \/ Yoast SEO Premium plugin. -->","yoast_head_json":{"title":"Medio Ambiente y Erradicaci\u00f3n de la Pobreza: transformando vida y planeta con dignidad ecosist\u00e9mica","description":"Imagina un futuro donde cada persona puede vivir con dignidad, sin temor al hambre, y donde la naturaleza florece y se regenera aun","robots":{"index":"index","follow":"follow","max-snippet":"max-snippet:-1","max-image-preview":"max-image-preview:large","max-video-preview":"max-video-preview:-1"},"canonical":"https:\/\/patagoniambiental.com.ar\/info\/medio-ambiente-y-erradicacion-de-la-pobreza-transformando-vida-y-planeta-con-dignidad-ecosistemica\/","og_locale":"es_ES","og_type":"article","og_title":"Medio Ambiente y Erradicaci\u00f3n de la Pobreza: transformando vida y planeta con dignidad ecosist\u00e9mica","og_description":"Imagina un futuro donde cada persona puede vivir con dignidad, sin temor al hambre, y donde la naturaleza florece y se regenera aun","og_url":"https:\/\/patagoniambiental.com.ar\/info\/medio-ambiente-y-erradicacion-de-la-pobreza-transformando-vida-y-planeta-con-dignidad-ecosistemica\/","og_site_name":"Patagonia Ambiental","article_publisher":"https:\/\/www.facebook.com\/patagonia.ambiental","article_author":"https:\/\/www.facebook.com\/share\/1C1V8Gv9BX\/?mibextid=qi2Omg","article_published_time":"2025-10-17T18:59:00+00:00","og_image":[{"width":1200,"height":444,"url":"https:\/\/patagoniambiental.com.ar\/info\/wp-content\/uploads\/2025\/08\/poverty-day.jpg","type":"image\/jpeg"}],"author":"Patagonia Ambiental","twitter_card":"summary_large_image","twitter_creator":"@PatAmb","twitter_site":"@PatAmb","schema":{"@context":"https:\/\/schema.org","@graph":[{"@type":"Article","@id":"https:\/\/patagoniambiental.com.ar\/info\/medio-ambiente-y-erradicacion-de-la-pobreza-transformando-vida-y-planeta-con-dignidad-ecosistemica\/#article","isPartOf":{"@id":"https:\/\/patagoniambiental.com.ar\/info\/medio-ambiente-y-erradicacion-de-la-pobreza-transformando-vida-y-planeta-con-dignidad-ecosistemica\/"},"author":{"name":"Patagonia Ambiental","@id":"https:\/\/patagoniambiental.com.ar\/info\/#\/schema\/person\/db12bff64bbcbf6a253710bf0ea37b5d"},"headline":"Medio Ambiente y Erradicaci\u00f3n de la Pobreza: transformando vida y planeta con dignidad ecosist\u00e9mica","datePublished":"2025-10-17T18:59:00+00:00","mainEntityOfPage":{"@id":"https:\/\/patagoniambiental.com.ar\/info\/medio-ambiente-y-erradicacion-de-la-pobreza-transformando-vida-y-planeta-con-dignidad-ecosistemica\/"},"wordCount":1371,"commentCount":0,"publisher":{"@id":"https:\/\/patagoniambiental.com.ar\/info\/#organization"},"image":{"@id":"https:\/\/patagoniambiental.com.ar\/info\/medio-ambiente-y-erradicacion-de-la-pobreza-transformando-vida-y-planeta-con-dignidad-ecosistemica\/#primaryimage"},"thumbnailUrl":"https:\/\/patagoniambiental.com.ar\/info\/wp-content\/uploads\/2025\/08\/poverty-day.jpg","articleSection":["Agenda Ambiental","Noticias"],"inLanguage":"es","potentialAction":[{"@type":"CommentAction","name":"Comment","target":["https:\/\/patagoniambiental.com.ar\/info\/medio-ambiente-y-erradicacion-de-la-pobreza-transformando-vida-y-planeta-con-dignidad-ecosistemica\/#respond"]}]},{"@type":"WebPage","@id":"https:\/\/patagoniambiental.com.ar\/info\/medio-ambiente-y-erradicacion-de-la-pobreza-transformando-vida-y-planeta-con-dignidad-ecosistemica\/","url":"https:\/\/patagoniambiental.com.ar\/info\/medio-ambiente-y-erradicacion-de-la-pobreza-transformando-vida-y-planeta-con-dignidad-ecosistemica\/","name":"Medio Ambiente y Erradicaci\u00f3n de la Pobreza: transformando vida y planeta con dignidad ecosist\u00e9mica","isPartOf":{"@id":"https:\/\/patagoniambiental.com.ar\/info\/#website"},"primaryImageOfPage":{"@id":"https:\/\/patagoniambiental.com.ar\/info\/medio-ambiente-y-erradicacion-de-la-pobreza-transformando-vida-y-planeta-con-dignidad-ecosistemica\/#primaryimage"},"image":{"@id":"https:\/\/patagoniambiental.com.ar\/info\/medio-ambiente-y-erradicacion-de-la-pobreza-transformando-vida-y-planeta-con-dignidad-ecosistemica\/#primaryimage"},"thumbnailUrl":"https:\/\/patagoniambiental.com.ar\/info\/wp-content\/uploads\/2025\/08\/poverty-day.jpg","datePublished":"2025-10-17T18:59:00+00:00","description":"Imagina un futuro donde cada persona puede vivir con dignidad, sin temor al hambre, y donde la naturaleza florece y se regenera aun","breadcrumb":{"@id":"https:\/\/patagoniambiental.com.ar\/info\/medio-ambiente-y-erradicacion-de-la-pobreza-transformando-vida-y-planeta-con-dignidad-ecosistemica\/#breadcrumb"},"inLanguage":"es","potentialAction":[{"@type":"ReadAction","target":["https:\/\/patagoniambiental.com.ar\/info\/medio-ambiente-y-erradicacion-de-la-pobreza-transformando-vida-y-planeta-con-dignidad-ecosistemica\/"]}]},{"@type":"ImageObject","inLanguage":"es","@id":"https:\/\/patagoniambiental.com.ar\/info\/medio-ambiente-y-erradicacion-de-la-pobreza-transformando-vida-y-planeta-con-dignidad-ecosistemica\/#primaryimage","url":"https:\/\/patagoniambiental.com.ar\/info\/wp-content\/uploads\/2025\/08\/poverty-day.jpg","contentUrl":"https:\/\/patagoniambiental.com.ar\/info\/wp-content\/uploads\/2025\/08\/poverty-day.jpg","width":1200,"height":444,"caption":"Medio Ambiente y Erradicaci\u00f3n de la Pobreza: transformando vida y planeta con dignidad ecosist\u00e9mica"},{"@type":"BreadcrumbList","@id":"https:\/\/patagoniambiental.com.ar\/info\/medio-ambiente-y-erradicacion-de-la-pobreza-transformando-vida-y-planeta-con-dignidad-ecosistemica\/#breadcrumb","itemListElement":[{"@type":"ListItem","position":1,"name":"Inicio","item":"https:\/\/patagoniambiental.com.ar\/info\/"},{"@type":"ListItem","position":2,"name":"Medio Ambiente y Erradicaci\u00f3n de la Pobreza: transformando vida y planeta con dignidad ecosist\u00e9mica"}]},{"@type":"WebSite","@id":"https:\/\/patagoniambiental.com.ar\/info\/#website","url":"https:\/\/patagoniambiental.com.ar\/info\/","name":"Patagonia Ambiental","description":"Monitoreo y an\u00e1lisis de la situaci\u00f3n geopol\u00edtica en el mundo y su implicancia en la Patagonia","publisher":{"@id":"https:\/\/patagoniambiental.com.ar\/info\/#organization"},"potentialAction":[{"@type":"SearchAction","target":{"@type":"EntryPoint","urlTemplate":"https:\/\/patagoniambiental.com.ar\/info\/?s={search_term_string}"},"query-input":{"@type":"PropertyValueSpecification","valueRequired":true,"valueName":"search_term_string"}}],"inLanguage":"es"},{"@type":"Organization","@id":"https:\/\/patagoniambiental.com.ar\/info\/#organization","name":"Patagonia Ambiental","url":"https:\/\/patagoniambiental.com.ar\/info\/","logo":{"@type":"ImageObject","inLanguage":"es","@id":"https:\/\/patagoniambiental.com.ar\/info\/#\/schema\/logo\/image\/","url":"https:\/\/patagoniambiental.com.ar\/info\/wp-content\/uploads\/2025\/05\/LOGO-PATAGONIA-AMBIENTAL.png","contentUrl":"https:\/\/patagoniambiental.com.ar\/info\/wp-content\/uploads\/2025\/05\/LOGO-PATAGONIA-AMBIENTAL.png","width":433,"height":250,"caption":"Patagonia Ambiental"},"image":{"@id":"https:\/\/patagoniambiental.com.ar\/info\/#\/schema\/logo\/image\/"},"sameAs":["https:\/\/www.facebook.com\/patagonia.ambiental","https:\/\/x.com\/PatAmb"]},{"@type":"Person","@id":"https:\/\/patagoniambiental.com.ar\/info\/#\/schema\/person\/db12bff64bbcbf6a253710bf0ea37b5d","name":"Patagonia Ambiental","description":"Andr\u00e9s Nievas T\u00e9cnico en manejo ambiental, consultor Ambiental y escritor para medios locales e internacionales sobre temas de geopolitica y medio ambiente.","sameAs":["http:\/\/www.patagoniambiental.com.ar","https:\/\/www.facebook.com\/share\/1C1V8Gv9BX\/?mibextid=qi2Omg","@patagoniambiental","https:\/\/youtube.com\/@patagoniaambiental2023?si=BLt58t0wuXquxlYZ"]}]}},"_links":{"self":[{"href":"https:\/\/patagoniambiental.com.ar\/info\/wp-json\/wp\/v2\/posts\/97326","targetHints":{"allow":["GET"]}}],"collection":[{"href":"https:\/\/patagoniambiental.com.ar\/info\/wp-json\/wp\/v2\/posts"}],"about":[{"href":"https:\/\/patagoniambiental.com.ar\/info\/wp-json\/wp\/v2\/types\/post"}],"author":[{"embeddable":true,"href":"https:\/\/patagoniambiental.com.ar\/info\/wp-json\/wp\/v2\/users\/2"}],"replies":[{"embeddable":true,"href":"https:\/\/patagoniambiental.com.ar\/info\/wp-json\/wp\/v2\/comments?post=97326"}],"version-history":[{"count":2,"href":"https:\/\/patagoniambiental.com.ar\/info\/wp-json\/wp\/v2\/posts\/97326\/revisions"}],"predecessor-version":[{"id":99752,"href":"https:\/\/patagoniambiental.com.ar\/info\/wp-json\/wp\/v2\/posts\/97326\/revisions\/99752"}],"wp:featuredmedia":[{"embeddable":true,"href":"https:\/\/patagoniambiental.com.ar\/info\/wp-json\/wp\/v2\/media\/97327"}],"wp:attachment":[{"href":"https:\/\/patagoniambiental.com.ar\/info\/wp-json\/wp\/v2\/media?parent=97326"}],"wp:term":[{"taxonomy":"category","embeddable":true,"href":"https:\/\/patagoniambiental.com.ar\/info\/wp-json\/wp\/v2\/categories?post=97326"},{"taxonomy":"post_tag","embeddable":true,"href":"https:\/\/patagoniambiental.com.ar\/info\/wp-json\/wp\/v2\/tags?post=97326"}],"curies":[{"name":"wp","href":"https:\/\/api.w.org\/{rel}","templated":true}]}}