{"id":9740,"date":"2015-03-31T09:00:34","date_gmt":"2015-03-31T12:00:34","guid":{"rendered":"http:\/\/patagoniambiental.com.ar\/?p=9740"},"modified":"2015-03-31T09:00:34","modified_gmt":"2015-03-31T12:00:34","slug":"declaracion-de-la-union-de-asambleas-patagonicas-que-se-reunio-en-caleta-olivia","status":"publish","type":"post","link":"https:\/\/patagoniambiental.com.ar\/info\/declaracion-de-la-union-de-asambleas-patagonicas-que-se-reunio-en-caleta-olivia\/","title":{"rendered":"Declaraci\u00f3n de la Uni\u00f3n de Asambleas Patag\u00f3nicas que se reuni\u00f3 en Caleta Olivia"},"content":{"rendered":"<p>Caleta Olivia &#8211; Desde la Uni\u00f3n de Asambleas Patag\u00f3nicas reunidas en esta ciudad reiteraron el rol de las actividades mineras e hidrocarbur\u00edferas como \u00ablas principales contaminantes en la regi\u00f3n, responsables junto al Estado de la extrema dependencia de salarios en la Patagonia, respecto a las rentas y procesos de producci\u00f3n y trabajo insalubres en la explotaci\u00f3n de estos bienes comunes\u00bb.<!--more--><\/p>\n<p>\u00abLuego de m\u00e1s de un siglo de actividad extractiva, en el Golfo de San Jorge y muchos otros espacios de la Patagonia solo tenemos maldesarrollo. Ninguno de los gobiernos de la regi\u00f3n quiso o pudo conseguir niveles de satisfacci\u00f3n de necesidades b\u00e1sicas acordes con la riqueza extra\u00edda del subsuelo. Tanto los cargos p\u00fablicos como las normas vigentes no son utilizados para el bien com\u00fan de todos\/as. Es por esto que en localidades del Norte de Santa Cruz y Sur del Chubut hay una reiterada y frecuente falta de agua en cantidad y calidad\u00bb, se\u00f1alaron las entidades reunidas.<\/p>\n<p>Indican que en el caso particular del Acueducto del Lago Muster \u00abdenunciamos que en Caleta Olivia, el agua comenz\u00f3 a faltar desde que se arregl\u00f3 el acueducto, y Comodoro Rivadavia tiene cortes de agua m\u00e1s frecuentes que el a\u00f1o pasado\u00bb al tiempo que \u00abdenunciamos que las actividades de las compa\u00f1\u00edas petroleras y mineras nunca dejan de tener agua, porque un d\u00eda de no producci\u00f3n es altamente costoso y porque sus t\u00e9cnicas de extracci\u00f3n necesitan agua dulce, mientras que s\u00ed falta y de manera cada vez m\u00e1s acuciante el agua para consumo del pueblo\u00bb.<\/p>\n<p>\u00abReclamamos la remediaci\u00f3n ambiental en toda la Cuenca del Golfo San Jorge.Denunciamos a estas empresas y a los estados provinciales y nacional como responsables del hacinamiento y deficiencias habitacionales, la falta de servicios p\u00fablicos y equipamientos b\u00e1sicos (hospitales, educaci\u00f3n, salud, gas, agua, saneamiento), de la desocupaci\u00f3n, trata de personas, adicciones y otros s\u00edntomas de disgregaci\u00f3n social en nuestros territorios\u00bb, remarcaron.<\/p>\n<p>Adem\u00e1s, rechazaron \u00abla implementaci\u00f3n de las zonas de sacrificio en Santa Cruz y Chubut y el ocultamiento de la existencia del Tratado Binacional de Complementaci\u00f3n Minera argentino-chileno, que compromete a la casi totalidad de espacios de la cordillera en potenciales para el desarrollo del extractivismo minero\u00bb.<\/p>\n<p>\u00abReconocemos y apoyamos particularmente la lucha por el agua en la Provincia de Santa Cruz, de los vecinos del Lago Buenos Aires de Los Antiguos, y de las acciones emprendidas desde la Asamblea de Perito Moreno en acompa\u00f1amiento al denunciante del Gerente General de Alex Stewart Argentina y en la difusi\u00f3n de las irregularidades por este \u00faltimo cometidas, las que implicar\u00edan contaminaci\u00f3n del agua y el suelo en la mencionada localidad\u00bb, agregaron.<\/p>\n<p>La declaraci\u00f3n contin\u00faa se\u00f1alando que \u00abreclamamos que el uso del acueducto Jorge Carstens (Lago Muster, Chubut) para Caleta Olivia, Comodoro Rivadavia y Rada Tilly sea exclusivo para consumo de la poblaci\u00f3n y no para el extractivismo minero e hidrocarbur\u00edfero. Volvemos a plantear que el agua no es un negocio y no debe ser privatizada, por lo cual visibilizaremos cualquier intento en ese sentido\u00bb.<\/p>\n<p>\u00abExigimos la realizaci\u00f3n inmediata del acueducto cordillerano para la zona norte de Santa Cruz, con estricta prohibici\u00f3n del uso del mismo para la totalidad de las actividades extractivas que en la regi\u00f3n tengan lugar, todo ello fundamentado en la informaci\u00f3n recibida en esta asamblea\u00bb, dicen y a\u00f1aden: \u00abReclamamos la suspensi\u00f3n de la construcci\u00f3n de las represas hidroel\u00e9ctricas sobre el r\u00edo Santa Cruz y que la corte suprema de justicia se expida respecto al amparo ambiental interpuesto el 5 de diciembre de 2014 por parte de la Asociaci\u00f3n de Abogados Ambientalistas Patag\u00f3nicos\u00bb.<\/p>\n<p>Asimismo, exigieron \u00abla suspensi\u00f3n inmediata del uso de glifosato en los cultivos de cerezas en Los Antiguos\u00bb y la \u00abincorporaci\u00f3n al dominio estatal de las parcelas K y M del Lote 152 de la Reserva Provincial de Pen\u00ednsula Magallanes. No al remate, no a la privatizaci\u00f3n\u00bb.<\/p>\n<p>\u00abCondenamos la persecuci\u00f3n, censura medi\u00e1tica, la estigmatizaci\u00f3n, represi\u00f3n y disciplinamiento de estudiantes y trabajadores que se expresan en contra de la megaminer\u00eda y fracking. En este marco repudiamos la censura al curso de posgrado &#8216;Derecho ambiental. De los Derechos Ambientales a los Derechos de la Naturaleza&#8217; a cargo del Dr. Enrique Viale y organizado por la Asociaci\u00f3n de Docentes e Investigadores de la UNPA (ADIUNPA) que deb\u00eda dictarse en la Unidad Acad\u00e9mica Caleta Olivia de la Universidad Nacional de la Patagonia Austral, y que no\u00a0 cont\u00f3 con el espacio necesario que hab\u00eda sido solicitado, recayendo la responsabilidad en el decano de dicha unidad, AdeS Daniel Pandolfi\u00bb.<\/p>\n<p>\u00abApoyamos el amparo que se lleva adelante en Chubut, con el objetivo de anular la sesi\u00f3n legislativa del 25 de noviembre del a\u00f1o pasado en la que se dio origen a la zonificaci\u00f3n de la miner\u00eda metal\u00edfera, radioactiva e hidrot\u00f3xica, mediante un procedimiento que menospreci\u00f3 un mecanismo de democracia semidirecta como fue la Iniciativa Popular contra la megaminer\u00eda, rubricada por m\u00e1s de 13.000 electores\u00bb.<\/p>\n<p>Adem\u00e1s, los firmantes se solidarizan \u00abcon las luchas por el agua y la vida del conjunto de las asambleas y movimientos de todo el pa\u00eds, en particular contra los emprendimientos mineros que rodean Andalgal\u00e1 (Catamarca) y de uranio en J\u00e1chal (San Juan), la de los vecinos de Neuqu\u00e9n ante la explotaci\u00f3n de Vaca Muerta, la del Pueblo Qom y los derechos de los pueblos originarios y de Malvinas Argentinas (C\u00f3rdoba) contra los agrot\u00f3xicos y que ser\u00e1 sede pr\u00f3ximamente del encuentro de la Uni\u00f3n de Asambleas Ciudadanas\u00bb.<\/p>\n<p>Tambi\u00e9n se declar\u00f3 el acompa\u00f1amiento y solidaridad \u00abcon la lucha del ingeniero Eduardo D\u00b4El\u00eda de la Asamblea Ambiental Ciudadana de R\u00edo Gallegos y le deseamos una pronta recuperaci\u00f3n\u00bb.<\/p>\n<p>\u00abHacemos un llamado a todos los vecinos y vecinas de la Patagonia, a informarse y sumarse a una lucha que no s\u00f3lo es ambiental sino para superar el miedo, la desidia y la corrupci\u00f3n, lo cual nos hace protagonistas de nuestro propio destino, sin privilegiar bander\u00edas pol\u00edtico partidarias, ni intereses particulares\u00bb, finalizan.<\/p>\n<p>Firman la declaraci\u00f3n la organizaci\u00f3n Unidos por el agua y SOS Agua (Caleta Olivia), Asamblea de Vecinos Autoconvocados de Perito Moreno (Perito Moreno), Asociaci\u00f3n Amigos en defensa del Lago Buenos Aires (Los Antiguos), Foro Ambiental y Social de la Patagonia en la Uni\u00f3n de Asambleas Ciudadanas del Chubut (Comodoro Rivadavia y Trelew), Asamblea por el Agua Sur (Comodoro Rivadavia), Red Ecosocialista (R\u00edo Gallegos y Caleta Olivia), Asamblea Ambiental Ciudadana (R\u00edo Gallegos), Fundaci\u00f3n Ecosur (Neuqu\u00e9n), vecinos de Caleta Olivia y Comodoro Rivadavia participantes de la UAP Caleta Olivia.<\/p>\n","protected":false},"excerpt":{"rendered":"<p>Caleta Olivia &#8211; Desde la Uni\u00f3n de Asambleas Patag\u00f3nicas reunidas en esta ciudad reiteraron el rol de las actividades mineras [&hellip;]<\/p>\n","protected":false},"author":2,"featured_media":9741,"comment_status":"closed","ping_status":"closed","sticky":false,"template":"","format":"standard","meta":{"site-sidebar-layout":"default","site-content-layout":"","ast-site-content-layout":"default","site-content-style":"default","site-sidebar-style":"default","ast-global-header-display":"","ast-banner-title-visibility":"","ast-main-header-display":"","ast-hfb-above-header-display":"","ast-hfb-below-header-display":"","ast-hfb-mobile-header-display":"","site-post-title":"","ast-breadcrumbs-content":"","ast-featured-img":"","footer-sml-layout":"","ast-disable-related-posts":"","theme-transparent-header-meta":"","adv-header-id-meta":"","stick-header-meta":"","header-above-stick-meta":"","header-main-stick-meta":"","header-below-stick-meta":"","astra-migrate-meta-layouts":"default","ast-page-background-enabled":"default","ast-page-background-meta":{"desktop":{"background-color":"var(--ast-global-color-5)","background-image":"","background-repeat":"repeat","background-position":"center center","background-size":"auto","background-attachment":"scroll","background-type":"","background-media":"","overlay-type":"","overlay-color":"","overlay-opacity":"","overlay-gradient":""},"tablet":{"background-color":"","background-image":"","background-repeat":"repeat","background-position":"center center","background-size":"auto","background-attachment":"scroll","background-type":"","background-media":"","overlay-type":"","overlay-color":"","overlay-opacity":"","overlay-gradient":""},"mobile":{"background-color":"","background-image":"","background-repeat":"repeat","background-position":"center center","background-size":"auto","background-attachment":"scroll","background-type":"","background-media":"","overlay-type":"","overlay-color":"","overlay-opacity":"","overlay-gradient":""}},"ast-content-background-meta":{"desktop":{"background-color":"var(--ast-global-color-4)","background-image":"","background-repeat":"repeat","background-position":"center center","background-size":"auto","background-attachment":"scroll","background-type":"","background-media":"","overlay-type":"","overlay-color":"","overlay-opacity":"","overlay-gradient":""},"tablet":{"background-color":"var(--ast-global-color-4)","background-image":"","background-repeat":"repeat","background-position":"center center","background-size":"auto","background-attachment":"scroll","background-type":"","background-media":"","overlay-type":"","overlay-color":"","overlay-opacity":"","overlay-gradient":""},"mobile":{"background-color":"var(--ast-global-color-4)","background-image":"","background-repeat":"repeat","background-position":"center center","background-size":"auto","background-attachment":"scroll","background-type":"","background-media":"","overlay-type":"","overlay-color":"","overlay-opacity":"","overlay-gradient":""}},"footnotes":""},"categories":[1,3,27],"tags":[3052,1615,3053,3054],"class_list":["post-9740","post","type-post","status-publish","format-standard","has-post-thumbnail","hentry","category-noticias","category-ong","category-patagonia","tag-asambleas","tag-caleta","tag-oliva","tag-patagonicas"],"yoast_head":"<!-- This site is optimized with the Yoast SEO Premium plugin v23.0 (Yoast SEO v27.5) - https:\/\/yoast.com\/product\/yoast-seo-premium-wordpress\/ -->\n<title>Declaraci\u00f3n de la Uni\u00f3n de Asambleas Patag\u00f3nicas que se reuni\u00f3 en Caleta Olivia<\/title>\n<meta name=\"robots\" content=\"index, follow, max-snippet:-1, max-image-preview:large, max-video-preview:-1\" \/>\n<link rel=\"canonical\" href=\"https:\/\/patagoniambiental.com.ar\/info\/declaracion-de-la-union-de-asambleas-patagonicas-que-se-reunio-en-caleta-olivia\/\" \/>\n<meta property=\"og:locale\" content=\"es_ES\" \/>\n<meta property=\"og:type\" content=\"article\" \/>\n<meta property=\"og:title\" content=\"Declaraci\u00f3n de la Uni\u00f3n de Asambleas Patag\u00f3nicas que se reuni\u00f3 en Caleta Olivia\" \/>\n<meta property=\"og:description\" content=\"Caleta Olivia &#8211; Desde la Uni\u00f3n de Asambleas Patag\u00f3nicas reunidas en esta ciudad reiteraron el rol de las actividades mineras [&hellip;]\" \/>\n<meta property=\"og:url\" content=\"https:\/\/patagoniambiental.com.ar\/info\/declaracion-de-la-union-de-asambleas-patagonicas-que-se-reunio-en-caleta-olivia\/\" \/>\n<meta property=\"og:site_name\" content=\"Patagonia Ambiental\" \/>\n<meta property=\"article:publisher\" content=\"https:\/\/www.facebook.com\/patagonia.ambiental\" \/>\n<meta property=\"article:author\" content=\"https:\/\/www.facebook.com\/share\/1C1V8Gv9BX\/?mibextid=qi2Omg\" \/>\n<meta property=\"article:published_time\" content=\"2015-03-31T12:00:34+00:00\" \/>\n<meta name=\"author\" content=\"Patagonia Ambiental\" \/>\n<meta name=\"twitter:card\" content=\"summary_large_image\" \/>\n<meta name=\"twitter:creator\" content=\"@PatAmb\" \/>\n<meta name=\"twitter:site\" content=\"@PatAmb\" \/>\n<script type=\"application\/ld+json\" class=\"yoast-schema-graph\">{\"@context\":\"https:\\\/\\\/schema.org\",\"@graph\":[{\"@type\":\"Article\",\"@id\":\"https:\\\/\\\/patagoniambiental.com.ar\\\/info\\\/declaracion-de-la-union-de-asambleas-patagonicas-que-se-reunio-en-caleta-olivia\\\/#article\",\"isPartOf\":{\"@id\":\"https:\\\/\\\/patagoniambiental.com.ar\\\/info\\\/declaracion-de-la-union-de-asambleas-patagonicas-que-se-reunio-en-caleta-olivia\\\/\"},\"author\":{\"name\":\"Patagonia Ambiental\",\"@id\":\"https:\\\/\\\/patagoniambiental.com.ar\\\/info\\\/#\\\/schema\\\/person\\\/db12bff64bbcbf6a253710bf0ea37b5d\"},\"headline\":\"Declaraci\u00f3n de la Uni\u00f3n de Asambleas Patag\u00f3nicas que se reuni\u00f3 en Caleta Olivia\",\"datePublished\":\"2015-03-31T12:00:34+00:00\",\"mainEntityOfPage\":{\"@id\":\"https:\\\/\\\/patagoniambiental.com.ar\\\/info\\\/declaracion-de-la-union-de-asambleas-patagonicas-que-se-reunio-en-caleta-olivia\\\/\"},\"wordCount\":1164,\"publisher\":{\"@id\":\"https:\\\/\\\/patagoniambiental.com.ar\\\/info\\\/#organization\"},\"image\":{\"@id\":\"https:\\\/\\\/patagoniambiental.com.ar\\\/info\\\/declaracion-de-la-union-de-asambleas-patagonicas-que-se-reunio-en-caleta-olivia\\\/#primaryimage\"},\"thumbnailUrl\":\"\",\"keywords\":[\"asambleas\",\"caleta\",\"oliva\",\"patagonicas\"],\"articleSection\":[\"Noticias\",\"ONG\",\"Patagonia\"],\"inLanguage\":\"es\"},{\"@type\":\"WebPage\",\"@id\":\"https:\\\/\\\/patagoniambiental.com.ar\\\/info\\\/declaracion-de-la-union-de-asambleas-patagonicas-que-se-reunio-en-caleta-olivia\\\/\",\"url\":\"https:\\\/\\\/patagoniambiental.com.ar\\\/info\\\/declaracion-de-la-union-de-asambleas-patagonicas-que-se-reunio-en-caleta-olivia\\\/\",\"name\":\"Declaraci\u00f3n de la Uni\u00f3n de Asambleas Patag\u00f3nicas que se reuni\u00f3 en Caleta Olivia\",\"isPartOf\":{\"@id\":\"https:\\\/\\\/patagoniambiental.com.ar\\\/info\\\/#website\"},\"primaryImageOfPage\":{\"@id\":\"https:\\\/\\\/patagoniambiental.com.ar\\\/info\\\/declaracion-de-la-union-de-asambleas-patagonicas-que-se-reunio-en-caleta-olivia\\\/#primaryimage\"},\"image\":{\"@id\":\"https:\\\/\\\/patagoniambiental.com.ar\\\/info\\\/declaracion-de-la-union-de-asambleas-patagonicas-que-se-reunio-en-caleta-olivia\\\/#primaryimage\"},\"thumbnailUrl\":\"\",\"datePublished\":\"2015-03-31T12:00:34+00:00\",\"breadcrumb\":{\"@id\":\"https:\\\/\\\/patagoniambiental.com.ar\\\/info\\\/declaracion-de-la-union-de-asambleas-patagonicas-que-se-reunio-en-caleta-olivia\\\/#breadcrumb\"},\"inLanguage\":\"es\",\"potentialAction\":[{\"@type\":\"ReadAction\",\"target\":[\"https:\\\/\\\/patagoniambiental.com.ar\\\/info\\\/declaracion-de-la-union-de-asambleas-patagonicas-que-se-reunio-en-caleta-olivia\\\/\"]}]},{\"@type\":\"ImageObject\",\"inLanguage\":\"es\",\"@id\":\"https:\\\/\\\/patagoniambiental.com.ar\\\/info\\\/declaracion-de-la-union-de-asambleas-patagonicas-que-se-reunio-en-caleta-olivia\\\/#primaryimage\",\"url\":\"\",\"contentUrl\":\"\"},{\"@type\":\"BreadcrumbList\",\"@id\":\"https:\\\/\\\/patagoniambiental.com.ar\\\/info\\\/declaracion-de-la-union-de-asambleas-patagonicas-que-se-reunio-en-caleta-olivia\\\/#breadcrumb\",\"itemListElement\":[{\"@type\":\"ListItem\",\"position\":1,\"name\":\"Inicio\",\"item\":\"https:\\\/\\\/patagoniambiental.com.ar\\\/info\\\/\"},{\"@type\":\"ListItem\",\"position\":2,\"name\":\"Declaraci\u00f3n de la Uni\u00f3n de Asambleas Patag\u00f3nicas que se reuni\u00f3 en Caleta Olivia\"}]},{\"@type\":\"WebSite\",\"@id\":\"https:\\\/\\\/patagoniambiental.com.ar\\\/info\\\/#website\",\"url\":\"https:\\\/\\\/patagoniambiental.com.ar\\\/info\\\/\",\"name\":\"Patagonia Ambiental\",\"description\":\"Monitoreo y an\u00e1lisis de la situaci\u00f3n geopol\u00edtica en el mundo y su implicancia en la Patagonia\",\"publisher\":{\"@id\":\"https:\\\/\\\/patagoniambiental.com.ar\\\/info\\\/#organization\"},\"potentialAction\":[{\"@type\":\"SearchAction\",\"target\":{\"@type\":\"EntryPoint\",\"urlTemplate\":\"https:\\\/\\\/patagoniambiental.com.ar\\\/info\\\/?s={search_term_string}\"},\"query-input\":{\"@type\":\"PropertyValueSpecification\",\"valueRequired\":true,\"valueName\":\"search_term_string\"}}],\"inLanguage\":\"es\"},{\"@type\":\"Organization\",\"@id\":\"https:\\\/\\\/patagoniambiental.com.ar\\\/info\\\/#organization\",\"name\":\"Patagonia Ambiental\",\"url\":\"https:\\\/\\\/patagoniambiental.com.ar\\\/info\\\/\",\"logo\":{\"@type\":\"ImageObject\",\"inLanguage\":\"es\",\"@id\":\"https:\\\/\\\/patagoniambiental.com.ar\\\/info\\\/#\\\/schema\\\/logo\\\/image\\\/\",\"url\":\"https:\\\/\\\/patagoniambiental.com.ar\\\/info\\\/wp-content\\\/uploads\\\/2025\\\/05\\\/LOGO-PATAGONIA-AMBIENTAL.png\",\"contentUrl\":\"https:\\\/\\\/patagoniambiental.com.ar\\\/info\\\/wp-content\\\/uploads\\\/2025\\\/05\\\/LOGO-PATAGONIA-AMBIENTAL.png\",\"width\":433,\"height\":250,\"caption\":\"Patagonia Ambiental\"},\"image\":{\"@id\":\"https:\\\/\\\/patagoniambiental.com.ar\\\/info\\\/#\\\/schema\\\/logo\\\/image\\\/\"},\"sameAs\":[\"https:\\\/\\\/www.facebook.com\\\/patagonia.ambiental\",\"https:\\\/\\\/x.com\\\/PatAmb\"]},{\"@type\":\"Person\",\"@id\":\"https:\\\/\\\/patagoniambiental.com.ar\\\/info\\\/#\\\/schema\\\/person\\\/db12bff64bbcbf6a253710bf0ea37b5d\",\"name\":\"Patagonia Ambiental\",\"description\":\"Andr\u00e9s Nievas T\u00e9cnico en manejo ambiental, consultor Ambiental y escritor para medios locales e internacionales sobre temas de geopolitica y medio ambiente.\",\"sameAs\":[\"http:\\\/\\\/www.patagoniambiental.com.ar\",\"https:\\\/\\\/www.facebook.com\\\/share\\\/1C1V8Gv9BX\\\/?mibextid=qi2Omg\",\"@patagoniambiental\",\"https:\\\/\\\/youtube.com\\\/@patagoniaambiental2023?si=BLt58t0wuXquxlYZ\"]}]}<\/script>\n<!-- \/ Yoast SEO Premium plugin. -->","yoast_head_json":{"title":"Declaraci\u00f3n de la Uni\u00f3n de Asambleas Patag\u00f3nicas que se reuni\u00f3 en Caleta Olivia","robots":{"index":"index","follow":"follow","max-snippet":"max-snippet:-1","max-image-preview":"max-image-preview:large","max-video-preview":"max-video-preview:-1"},"canonical":"https:\/\/patagoniambiental.com.ar\/info\/declaracion-de-la-union-de-asambleas-patagonicas-que-se-reunio-en-caleta-olivia\/","og_locale":"es_ES","og_type":"article","og_title":"Declaraci\u00f3n de la Uni\u00f3n de Asambleas Patag\u00f3nicas que se reuni\u00f3 en Caleta Olivia","og_description":"Caleta Olivia &#8211; Desde la Uni\u00f3n de Asambleas Patag\u00f3nicas reunidas en esta ciudad reiteraron el rol de las actividades mineras [&hellip;]","og_url":"https:\/\/patagoniambiental.com.ar\/info\/declaracion-de-la-union-de-asambleas-patagonicas-que-se-reunio-en-caleta-olivia\/","og_site_name":"Patagonia Ambiental","article_publisher":"https:\/\/www.facebook.com\/patagonia.ambiental","article_author":"https:\/\/www.facebook.com\/share\/1C1V8Gv9BX\/?mibextid=qi2Omg","article_published_time":"2015-03-31T12:00:34+00:00","author":"Patagonia Ambiental","twitter_card":"summary_large_image","twitter_creator":"@PatAmb","twitter_site":"@PatAmb","schema":{"@context":"https:\/\/schema.org","@graph":[{"@type":"Article","@id":"https:\/\/patagoniambiental.com.ar\/info\/declaracion-de-la-union-de-asambleas-patagonicas-que-se-reunio-en-caleta-olivia\/#article","isPartOf":{"@id":"https:\/\/patagoniambiental.com.ar\/info\/declaracion-de-la-union-de-asambleas-patagonicas-que-se-reunio-en-caleta-olivia\/"},"author":{"name":"Patagonia Ambiental","@id":"https:\/\/patagoniambiental.com.ar\/info\/#\/schema\/person\/db12bff64bbcbf6a253710bf0ea37b5d"},"headline":"Declaraci\u00f3n de la Uni\u00f3n de Asambleas Patag\u00f3nicas que se reuni\u00f3 en Caleta Olivia","datePublished":"2015-03-31T12:00:34+00:00","mainEntityOfPage":{"@id":"https:\/\/patagoniambiental.com.ar\/info\/declaracion-de-la-union-de-asambleas-patagonicas-que-se-reunio-en-caleta-olivia\/"},"wordCount":1164,"publisher":{"@id":"https:\/\/patagoniambiental.com.ar\/info\/#organization"},"image":{"@id":"https:\/\/patagoniambiental.com.ar\/info\/declaracion-de-la-union-de-asambleas-patagonicas-que-se-reunio-en-caleta-olivia\/#primaryimage"},"thumbnailUrl":"","keywords":["asambleas","caleta","oliva","patagonicas"],"articleSection":["Noticias","ONG","Patagonia"],"inLanguage":"es"},{"@type":"WebPage","@id":"https:\/\/patagoniambiental.com.ar\/info\/declaracion-de-la-union-de-asambleas-patagonicas-que-se-reunio-en-caleta-olivia\/","url":"https:\/\/patagoniambiental.com.ar\/info\/declaracion-de-la-union-de-asambleas-patagonicas-que-se-reunio-en-caleta-olivia\/","name":"Declaraci\u00f3n de la Uni\u00f3n de Asambleas Patag\u00f3nicas que se reuni\u00f3 en Caleta Olivia","isPartOf":{"@id":"https:\/\/patagoniambiental.com.ar\/info\/#website"},"primaryImageOfPage":{"@id":"https:\/\/patagoniambiental.com.ar\/info\/declaracion-de-la-union-de-asambleas-patagonicas-que-se-reunio-en-caleta-olivia\/#primaryimage"},"image":{"@id":"https:\/\/patagoniambiental.com.ar\/info\/declaracion-de-la-union-de-asambleas-patagonicas-que-se-reunio-en-caleta-olivia\/#primaryimage"},"thumbnailUrl":"","datePublished":"2015-03-31T12:00:34+00:00","breadcrumb":{"@id":"https:\/\/patagoniambiental.com.ar\/info\/declaracion-de-la-union-de-asambleas-patagonicas-que-se-reunio-en-caleta-olivia\/#breadcrumb"},"inLanguage":"es","potentialAction":[{"@type":"ReadAction","target":["https:\/\/patagoniambiental.com.ar\/info\/declaracion-de-la-union-de-asambleas-patagonicas-que-se-reunio-en-caleta-olivia\/"]}]},{"@type":"ImageObject","inLanguage":"es","@id":"https:\/\/patagoniambiental.com.ar\/info\/declaracion-de-la-union-de-asambleas-patagonicas-que-se-reunio-en-caleta-olivia\/#primaryimage","url":"","contentUrl":""},{"@type":"BreadcrumbList","@id":"https:\/\/patagoniambiental.com.ar\/info\/declaracion-de-la-union-de-asambleas-patagonicas-que-se-reunio-en-caleta-olivia\/#breadcrumb","itemListElement":[{"@type":"ListItem","position":1,"name":"Inicio","item":"https:\/\/patagoniambiental.com.ar\/info\/"},{"@type":"ListItem","position":2,"name":"Declaraci\u00f3n de la Uni\u00f3n de Asambleas Patag\u00f3nicas que se reuni\u00f3 en Caleta Olivia"}]},{"@type":"WebSite","@id":"https:\/\/patagoniambiental.com.ar\/info\/#website","url":"https:\/\/patagoniambiental.com.ar\/info\/","name":"Patagonia Ambiental","description":"Monitoreo y an\u00e1lisis de la situaci\u00f3n geopol\u00edtica en el mundo y su implicancia en la Patagonia","publisher":{"@id":"https:\/\/patagoniambiental.com.ar\/info\/#organization"},"potentialAction":[{"@type":"SearchAction","target":{"@type":"EntryPoint","urlTemplate":"https:\/\/patagoniambiental.com.ar\/info\/?s={search_term_string}"},"query-input":{"@type":"PropertyValueSpecification","valueRequired":true,"valueName":"search_term_string"}}],"inLanguage":"es"},{"@type":"Organization","@id":"https:\/\/patagoniambiental.com.ar\/info\/#organization","name":"Patagonia Ambiental","url":"https:\/\/patagoniambiental.com.ar\/info\/","logo":{"@type":"ImageObject","inLanguage":"es","@id":"https:\/\/patagoniambiental.com.ar\/info\/#\/schema\/logo\/image\/","url":"https:\/\/patagoniambiental.com.ar\/info\/wp-content\/uploads\/2025\/05\/LOGO-PATAGONIA-AMBIENTAL.png","contentUrl":"https:\/\/patagoniambiental.com.ar\/info\/wp-content\/uploads\/2025\/05\/LOGO-PATAGONIA-AMBIENTAL.png","width":433,"height":250,"caption":"Patagonia Ambiental"},"image":{"@id":"https:\/\/patagoniambiental.com.ar\/info\/#\/schema\/logo\/image\/"},"sameAs":["https:\/\/www.facebook.com\/patagonia.ambiental","https:\/\/x.com\/PatAmb"]},{"@type":"Person","@id":"https:\/\/patagoniambiental.com.ar\/info\/#\/schema\/person\/db12bff64bbcbf6a253710bf0ea37b5d","name":"Patagonia Ambiental","description":"Andr\u00e9s Nievas T\u00e9cnico en manejo ambiental, consultor Ambiental y escritor para medios locales e internacionales sobre temas de geopolitica y medio ambiente.","sameAs":["http:\/\/www.patagoniambiental.com.ar","https:\/\/www.facebook.com\/share\/1C1V8Gv9BX\/?mibextid=qi2Omg","@patagoniambiental","https:\/\/youtube.com\/@patagoniaambiental2023?si=BLt58t0wuXquxlYZ"]}]}},"_links":{"self":[{"href":"https:\/\/patagoniambiental.com.ar\/info\/wp-json\/wp\/v2\/posts\/9740","targetHints":{"allow":["GET"]}}],"collection":[{"href":"https:\/\/patagoniambiental.com.ar\/info\/wp-json\/wp\/v2\/posts"}],"about":[{"href":"https:\/\/patagoniambiental.com.ar\/info\/wp-json\/wp\/v2\/types\/post"}],"author":[{"embeddable":true,"href":"https:\/\/patagoniambiental.com.ar\/info\/wp-json\/wp\/v2\/users\/2"}],"replies":[{"embeddable":true,"href":"https:\/\/patagoniambiental.com.ar\/info\/wp-json\/wp\/v2\/comments?post=9740"}],"version-history":[{"count":0,"href":"https:\/\/patagoniambiental.com.ar\/info\/wp-json\/wp\/v2\/posts\/9740\/revisions"}],"wp:featuredmedia":[{"embeddable":true,"href":"https:\/\/patagoniambiental.com.ar\/info\/wp-json\/"}],"wp:attachment":[{"href":"https:\/\/patagoniambiental.com.ar\/info\/wp-json\/wp\/v2\/media?parent=9740"}],"wp:term":[{"taxonomy":"category","embeddable":true,"href":"https:\/\/patagoniambiental.com.ar\/info\/wp-json\/wp\/v2\/categories?post=9740"},{"taxonomy":"post_tag","embeddable":true,"href":"https:\/\/patagoniambiental.com.ar\/info\/wp-json\/wp\/v2\/tags?post=9740"}],"curies":[{"name":"wp","href":"https:\/\/api.w.org\/{rel}","templated":true}]}}