{"id":97402,"date":"2025-10-24T07:00:00","date_gmt":"2025-10-24T10:00:00","guid":{"rendered":"https:\/\/patagoniambiental.com.ar\/info\/?p=97402"},"modified":"2025-08-07T13:09:16","modified_gmt":"2025-08-07T16:09:16","slug":"97402-2","status":"publish","type":"post","link":"https:\/\/patagoniambiental.com.ar\/info\/97402-2\/","title":{"rendered":"Descubre por Qu\u00e9 la Semana del Desarme 2025 es M\u00e1s Crucial que Nunca"},"content":{"rendered":"\n<!--more-->\n\n\n\n<p>New York, Estados Unidos, 24 de octubre de 2925. Cada a\u00f1o, entre el 24 y el 30 de octubre, el mundo se detiene para reflexionar sobre una de las amenazas m\u00e1s apremiantes de nuestra existencia: la proliferaci\u00f3n de armas. La Semana del Desarme, un evento convocado por las Naciones Unidas, se erige como un faro de esperanza en un mar de tensiones geopol\u00edticas. <\/p>\n\n\n\n<p>Sin embargo, en 2025, el mensaje adquiere una urgencia sin precedentes. A medida que las fronteras se vuelven m\u00e1s porosas a la tecnolog\u00eda armamentista y los conflictos regionales amenazan con escalar, la pregunta no es si el desarme es necesario, sino si estamos a tiempo de evitar lo inevitable.<\/p>\n\n\n\n<h2 class=\"wp-block-heading\" id=\"h-que-hay-detras-de-esta-iniciativa-global-y-por-que-su-exito-podria-ser-la-unica-garantia-para-un-futuro-pacifico\">\u00bfQu\u00e9 hay detr\u00e1s de esta iniciativa global y por qu\u00e9 su \u00e9xito podr\u00eda ser la \u00fanica garant\u00eda para un futuro pac\u00edfico?<\/h2>\n\n\n\n<p>Sum\u00e9rgete en este an\u00e1lisis exhaustivo para comprender la verdadera magnitud de lo que est\u00e1 en juego.<\/p>\n\n\n\n<h2 class=\"wp-block-heading\" id=\"h-desarme-en-la-era-moderna-el-contradictorio-legado-de-la-onu-y-la-bomba-atomica\">Desarme en la Era Moderna: El Contradictorio Legado de la ONU y la Bomba At\u00f3mica<\/h2>\n\n\n\n<p>La historia del desarme est\u00e1 intr\u00ednsecamente ligada al nacimiento de la Organizaci\u00f3n de las Naciones Unidas (ONU). En 1945, mientras el mundo celebraba el fin de la guerra m\u00e1s devastadora de la historia, una sombra oscura se cern\u00eda sobre el futuro: la era nuclear. La bomba at\u00f3mica no solo hab\u00eda puesto fin al conflicto, sino que tambi\u00e9n hab\u00eda inaugurado una nueva y aterradora era de destrucci\u00f3n masiva.<\/p>\n\n\n\n<figure class=\"wp-block-embed is-type-video is-provider-youtube wp-block-embed-youtube wp-embed-aspect-16-9 wp-has-aspect-ratio\"><div class=\"wp-block-embed__wrapper\">\n<iframe title=\"Una agenda de desarme para salvar la humanidad y nuestro futuro\" width=\"500\" height=\"281\" src=\"https:\/\/www.youtube.com\/embed\/vTuSxhKa6Cc?feature=oembed\" frameborder=\"0\" allow=\"accelerometer; autoplay; clipboard-write; encrypted-media; gyroscope; picture-in-picture; web-share\" referrerpolicy=\"strict-origin-when-cross-origin\" allowfullscreen><\/iframe>\n<\/div><\/figure>\n\n\n\n<p> Con el hongo nuclear a\u00fan fresco en la memoria colectiva, los l\u00edderes mundiales entendieron que, para evitar una cat\u00e1strofe definitiva, era imperativo controlar y, en \u00faltima instancia, eliminar las armas m\u00e1s letales.<\/p>\n\n\n\n<p> As\u00ed, la cuesti\u00f3n del desarme se convirti\u00f3 en uno de los pilares fundacionales de la ONU, un compromiso solemne y desesperado por la supervivencia de la humanidad. Desde entonces, el desarme ha sido un tema recurrente en la agenda, una promesa de un mundo mejor, libre de la espada de Damocles de la aniquilaci\u00f3n. Sin embargo, a lo largo de las d\u00e9cadas, este compromiso ha sido puesto a prueba una y otra vez por la realpolitik, la carrera armamentista y la desconfianza entre naciones. <\/p>\n\n\n\n<p>La <a href=\"http:\/\/www.un.org\">ONU<\/a>, con sus m\u00faltiples resoluciones y tratados, ha logrado avances significativos en la reducci\u00f3n de arsenales, pero la amenaza nunca ha desaparecido por completo. El desarme no es un objetivo ut\u00f3pico, sino una necesidad existencial, una carrera contrarreloj que la humanidad no puede permitirse perder. Por ello, la semana de octubre se dedica a visibilizar y acelerar este proceso, buscando movilizar tanto a gobiernos como a la sociedad civil.<\/p>\n\n\n\n<figure class=\"wp-block-image size-full\"><img fetchpriority=\"high\" decoding=\"async\" width=\"450\" height=\"600\" src=\"https:\/\/patagoniambiental.com.ar\/info\/wp-content\/uploads\/2025\/10\/1000156566.jpg\" alt=\"\" class=\"wp-image-97406\"\/><\/figure>\n\n\n\n<h2 class=\"wp-block-heading\" id=\"h-foto-oficina-de-asuntos-de-desarme-new-york-estados-unidos\">Foto: oficina de asuntos de desarme, New York, Estados Unidos.<\/h2>\n\n\n\n<h2 class=\"wp-block-heading\" id=\"h-mas-alla-de-lo-nuclear-por-que-el-control-de-armas-convencionales-es-la-batalla-silenciosa-del-siglo-xxi\">M\u00e1s All\u00e1 de lo Nuclear: Por Qu\u00e9 el Control de Armas Convencionales es la Batalla Silenciosa del Siglo XXI<\/h2>\n\n\n\n<p>Si bien el desarme nuclear acapara la mayor\u00eda de los titulares, el verdadero campo de batalla silencioso se libra en torno a las armas convencionales. La acumulaci\u00f3n excesiva y el comercio il\u00edcito de armas ligeras y peque\u00f1as, as\u00ed como el uso de armamento pesado en zonas pobladas, son los principales catalizadores de los conflictos armados que asolan el planeta. <\/p>\n\n\n\n<p>Millones de vidas se pierden cada a\u00f1o no por bombas at\u00f3micas, sino por rifles de asalto, granadas y minas terrestres. Estos conflictos, a menudo olvidados por los medios, tienen un impacto devastador en las comunidades locales, desplazando a poblaciones enteras, destruyendo infraestructuras y perpetuando ciclos de violencia que pueden durar generaciones.<\/p>\n\n\n\n<p> La ONU y organizaciones no gubernamentales han trabajado incansablemente para regular este comercio, pero las lagunas legales y la falta de voluntad pol\u00edtica de algunos estados han dificultado el progreso. La Semana del Desarme en 2025 tambi\u00e9n sirve para destacar esta problem\u00e1tica, haciendo un llamado urgente a la transparencia y la rendici\u00f3n de cuentas en el mercado de armas.<\/p>\n\n\n\n<p> Se trata de una lucha por la protecci\u00f3n de los civiles, por la estabilidad regional y, en \u00faltima instancia, por la construcci\u00f3n de una paz duradera que vaya m\u00e1s all\u00e1 de la mera ausencia de guerra nuclear. El problema es sist\u00e9mico, y por ello, la soluci\u00f3n debe ser global y multifac\u00e9tica, involucrando a todos los actores: desde los gobiernos y las empresas hasta la sociedad civil y los individuos.<\/p>\n\n\n\n<figure class=\"wp-block-image size-full\"><img decoding=\"async\" width=\"717\" height=\"478\" src=\"https:\/\/patagoniambiental.com.ar\/info\/wp-content\/uploads\/2025\/10\/1000156564.jpg\" alt=\"\" class=\"wp-image-97407\"\/><\/figure>\n\n\n\n<p>Foto: Monumento al desarme<\/p>\n\n\n\n<h2 class=\"wp-block-heading\" id=\"h-el-desafio-de-las-nuevas-tecnologias-hacia-una-guerra-autonoma\">El Desaf\u00edo de las Nuevas Tecnolog\u00edas: \u00bfHacia una Guerra Aut\u00f3noma?<\/h2>\n\n\n\n<p>El siglo XXI ha tra\u00eddo consigo una nueva y preocupante dimensi\u00f3n al debate sobre el desarme: las tecnolog\u00edas emergentes. Desde los drones aut\u00f3nomos hasta los sistemas de armas controlados por inteligencia artificial, el futuro de la guerra se est\u00e1 redefiniendo a un ritmo vertiginoso.<\/p>\n\n\n\n<p> Estas nuevas tecnolog\u00edas prometen una mayor precisi\u00f3n y eficacia en el campo de batalla, pero tambi\u00e9n plantean dilemas \u00e9ticos y de seguridad sin precedentes. La idea de que una m\u00e1quina pueda tomar la decisi\u00f3n de acabar con una vida humana sin la intervenci\u00f3n de un operador humano ha desatado una ola de alarmas en la comunidad internacional.<\/p>\n\n\n\n<h2 class=\"wp-block-heading\" id=\"h-quien-seria-responsable-de-un-error-como-se-podria-evitar-un-error-algoritmico-a-gran-escala-cual-seria-el-impacto-en-la-estabilidad-global-si-estas-armas-se-vuelven-omnipresentes\"><br>\u00bfQui\u00e9n ser\u00eda responsable de un error? \u00bfC\u00f3mo se podr\u00eda evitar un error algor\u00edtmico a gran escala? \u00bfCu\u00e1l ser\u00eda el impacto en la estabilidad global si estas armas se vuelven omnipresentes?<\/h2>\n\n\n\n<p>La Semana del Desarme en 2025 tiene la responsabilidad de abordar estas preguntas, fomentando el di\u00e1logo y la cooperaci\u00f3n para establecer un marco \u00e9tico y regulatorio que controle el desarrollo y el uso de estas tecnolog\u00edas. La carrera por la supremac\u00eda tecnol\u00f3gica podr\u00eda llevar a un futuro donde la guerra se vuelva m\u00e1s impersonal y, parad\u00f3jicamente, m\u00e1s peligrosa.<\/p>\n\n\n\n<p> Es imperativo que la tecnolog\u00eda sirva a la humanidad, y no que la humanidad sea esclava de sus propias invenciones. La ONU y otros organismos est\u00e1n trabajando en este sentido, pero se necesita un compromiso global para evitar que la \u00abguerra aut\u00f3noma\u00bb se convierta en una realidad.<\/p>\n\n\n\n<h2 class=\"wp-block-heading\" id=\"h-como-puedes-participar-en-la-semana-del-desarme-2025\"><br>\u00bfC\u00f3mo Puedes Participar en la Semana del Desarme 2025? <\/h2>\n\n\n\n<h3 class=\"wp-block-heading\" id=\"h-la-paz-comienza-con-la-conciencia\">La Paz Comienza con la Conciencia<\/h3>\n\n\n\n<p><br>La Semana del Desarme no es solo un evento para diplom\u00e1ticos y l\u00edderes mundiales; es una oportunidad para que cada persona se convierta en un agente de cambio. La primera y m\u00e1s importante forma de participar es a trav\u00e9s de la educaci\u00f3n y la concientizaci\u00f3n. Inf\u00f3rmate sobre los desaf\u00edos del desarme, lee las noticias, sigue a organizaciones como la Oficina de Asuntos de Desarme de la ONU y debate estos temas con tu familia y amigos. <\/p>\n\n\n\n<p>La paz comienza con el entendimiento. Adem\u00e1s, muchas organizaciones no gubernamentales, centros de investigaci\u00f3n y grupos de la sociedad civil organizan eventos, seminarios y campa\u00f1as de sensibilizaci\u00f3n durante esta semana. Participa en ellos, difunde su mensaje en tus redes sociales y considera la posibilidad de hacer una donaci\u00f3n a las causas que te parezcan m\u00e1s importantes. <\/p>\n\n\n\n<p>Si eres un creador de contenido, utiliza tu plataforma para hablar sobre el desarme, para dar voz a los que no la tienen y para inspirar a otros a actuar. El desarme no es una meta inalcanzable; es un proceso gradual que requiere la participaci\u00f3n activa de todos. Al involucrarte, no solo est\u00e1s contribuyendo a un futuro m\u00e1s seguro, sino que tambi\u00e9n est\u00e1s demostrando que la paz no es un ideal, sino una elecci\u00f3n que se hace todos los d\u00edas, con cada acci\u00f3n, con cada palabra.<\/p>\n","protected":false},"excerpt":{"rendered":"","protected":false},"author":2,"featured_media":97403,"comment_status":"open","ping_status":"open","sticky":false,"template":"","format":"standard","meta":{"site-sidebar-layout":"default","site-content-layout":"","ast-site-content-layout":"default","site-content-style":"default","site-sidebar-style":"default","ast-global-header-display":"","ast-banner-title-visibility":"","ast-main-header-display":"","ast-hfb-above-header-display":"","ast-hfb-below-header-display":"","ast-hfb-mobile-header-display":"","site-post-title":"","ast-breadcrumbs-content":"","ast-featured-img":"","footer-sml-layout":"","ast-disable-related-posts":"","theme-transparent-header-meta":"","adv-header-id-meta":"","stick-header-meta":"","header-above-stick-meta":"","header-main-stick-meta":"","header-below-stick-meta":"","astra-migrate-meta-layouts":"default","ast-page-background-enabled":"default","ast-page-background-meta":{"desktop":{"background-color":"var(--ast-global-color-5)","background-image":"","background-repeat":"repeat","background-position":"center center","background-size":"auto","background-attachment":"scroll","background-type":"","background-media":"","overlay-type":"","overlay-color":"","overlay-opacity":"","overlay-gradient":""},"tablet":{"background-color":"","background-image":"","background-repeat":"repeat","background-position":"center center","background-size":"auto","background-attachment":"scroll","background-type":"","background-media":"","overlay-type":"","overlay-color":"","overlay-opacity":"","overlay-gradient":""},"mobile":{"background-color":"","background-image":"","background-repeat":"repeat","background-position":"center center","background-size":"auto","background-attachment":"scroll","background-type":"","background-media":"","overlay-type":"","overlay-color":"","overlay-opacity":"","overlay-gradient":""}},"ast-content-background-meta":{"desktop":{"background-color":"var(--ast-global-color-4)","background-image":"","background-repeat":"repeat","background-position":"center center","background-size":"auto","background-attachment":"scroll","background-type":"","background-media":"","overlay-type":"","overlay-color":"","overlay-opacity":"","overlay-gradient":""},"tablet":{"background-color":"var(--ast-global-color-4)","background-image":"","background-repeat":"repeat","background-position":"center center","background-size":"auto","background-attachment":"scroll","background-type":"","background-media":"","overlay-type":"","overlay-color":"","overlay-opacity":"","overlay-gradient":""},"mobile":{"background-color":"var(--ast-global-color-4)","background-image":"","background-repeat":"repeat","background-position":"center center","background-size":"auto","background-attachment":"scroll","background-type":"","background-media":"","overlay-type":"","overlay-color":"","overlay-opacity":"","overlay-gradient":""}},"footnotes":""},"categories":[12,1],"tags":[],"class_list":["post-97402","post","type-post","status-publish","format-standard","has-post-thumbnail","hentry","category-agenda-ambiental","category-noticias"],"yoast_head":"<!-- This site is optimized with the Yoast SEO Premium plugin v23.0 (Yoast SEO v27.5) - https:\/\/yoast.com\/product\/yoast-seo-premium-wordpress\/ -->\n<title>Descubre por Qu\u00e9 la Semana del Desarme 2025 es M\u00e1s Crucial que Nunca<\/title>\n<meta name=\"description\" content=\"Cada a\u00f1o, entre el 24 y el 30 de octubre, el mundo se detiene para reflexionar sobre una de las amenazas m\u00e1s apremiantes de nuestra existencia\" \/>\n<meta name=\"robots\" content=\"index, follow, max-snippet:-1, max-image-preview:large, max-video-preview:-1\" \/>\n<link rel=\"canonical\" href=\"https:\/\/patagoniambiental.com.ar\/info\/97402-2\/\" \/>\n<meta property=\"og:locale\" content=\"es_ES\" \/>\n<meta property=\"og:type\" content=\"article\" \/>\n<meta property=\"og:title\" content=\"Descubre por Qu\u00e9 la Semana del Desarme 2025 es M\u00e1s Crucial que Nunca\" \/>\n<meta property=\"og:description\" content=\"Cada a\u00f1o, entre el 24 y el 30 de octubre, el mundo se detiene para reflexionar sobre una de las amenazas m\u00e1s apremiantes de nuestra existencia\" \/>\n<meta property=\"og:url\" content=\"https:\/\/patagoniambiental.com.ar\/info\/97402-2\/\" \/>\n<meta property=\"og:site_name\" content=\"Patagonia Ambiental\" \/>\n<meta property=\"article:publisher\" content=\"https:\/\/www.facebook.com\/patagonia.ambiental\" \/>\n<meta property=\"article:author\" content=\"https:\/\/www.facebook.com\/share\/1C1V8Gv9BX\/?mibextid=qi2Omg\" \/>\n<meta property=\"article:published_time\" content=\"2025-10-24T10:00:00+00:00\" \/>\n<meta property=\"og:image\" content=\"https:\/\/patagoniambiental.com.ar\/info\/wp-content\/uploads\/2025\/08\/images-2025-08-07T125352.162.jpeg\" \/>\n\t<meta property=\"og:image:width\" content=\"275\" \/>\n\t<meta property=\"og:image:height\" content=\"183\" \/>\n\t<meta property=\"og:image:type\" content=\"image\/jpeg\" \/>\n<meta name=\"author\" content=\"Patagonia Ambiental\" \/>\n<meta name=\"twitter:card\" content=\"summary_large_image\" \/>\n<meta name=\"twitter:creator\" content=\"@PatAmb\" \/>\n<meta name=\"twitter:site\" content=\"@PatAmb\" \/>\n<script type=\"application\/ld+json\" class=\"yoast-schema-graph\">{\"@context\":\"https:\\\/\\\/schema.org\",\"@graph\":[{\"@type\":\"Article\",\"@id\":\"https:\\\/\\\/patagoniambiental.com.ar\\\/info\\\/97402-2\\\/#article\",\"isPartOf\":{\"@id\":\"https:\\\/\\\/patagoniambiental.com.ar\\\/info\\\/97402-2\\\/\"},\"author\":{\"name\":\"Patagonia Ambiental\",\"@id\":\"https:\\\/\\\/patagoniambiental.com.ar\\\/info\\\/#\\\/schema\\\/person\\\/db12bff64bbcbf6a253710bf0ea37b5d\"},\"headline\":\"Descubre por Qu\u00e9 la Semana del Desarme 2025 es M\u00e1s Crucial que Nunca\",\"datePublished\":\"2025-10-24T10:00:00+00:00\",\"mainEntityOfPage\":{\"@id\":\"https:\\\/\\\/patagoniambiental.com.ar\\\/info\\\/97402-2\\\/\"},\"wordCount\":1285,\"commentCount\":0,\"publisher\":{\"@id\":\"https:\\\/\\\/patagoniambiental.com.ar\\\/info\\\/#organization\"},\"image\":{\"@id\":\"https:\\\/\\\/patagoniambiental.com.ar\\\/info\\\/97402-2\\\/#primaryimage\"},\"thumbnailUrl\":\"https:\\\/\\\/patagoniambiental.com.ar\\\/info\\\/wp-content\\\/uploads\\\/2025\\\/08\\\/images-2025-08-07T125352.162.jpeg\",\"articleSection\":[\"Agenda Ambiental\",\"Noticias\"],\"inLanguage\":\"es\",\"potentialAction\":[{\"@type\":\"CommentAction\",\"name\":\"Comment\",\"target\":[\"https:\\\/\\\/patagoniambiental.com.ar\\\/info\\\/97402-2\\\/#respond\"]}]},{\"@type\":\"WebPage\",\"@id\":\"https:\\\/\\\/patagoniambiental.com.ar\\\/info\\\/97402-2\\\/\",\"url\":\"https:\\\/\\\/patagoniambiental.com.ar\\\/info\\\/97402-2\\\/\",\"name\":\"Descubre por Qu\u00e9 la Semana del Desarme 2025 es M\u00e1s Crucial que Nunca\",\"isPartOf\":{\"@id\":\"https:\\\/\\\/patagoniambiental.com.ar\\\/info\\\/#website\"},\"primaryImageOfPage\":{\"@id\":\"https:\\\/\\\/patagoniambiental.com.ar\\\/info\\\/97402-2\\\/#primaryimage\"},\"image\":{\"@id\":\"https:\\\/\\\/patagoniambiental.com.ar\\\/info\\\/97402-2\\\/#primaryimage\"},\"thumbnailUrl\":\"https:\\\/\\\/patagoniambiental.com.ar\\\/info\\\/wp-content\\\/uploads\\\/2025\\\/08\\\/images-2025-08-07T125352.162.jpeg\",\"datePublished\":\"2025-10-24T10:00:00+00:00\",\"description\":\"Cada a\u00f1o, entre el 24 y el 30 de octubre, el mundo se detiene para reflexionar sobre una de las amenazas m\u00e1s apremiantes de nuestra existencia\",\"breadcrumb\":{\"@id\":\"https:\\\/\\\/patagoniambiental.com.ar\\\/info\\\/97402-2\\\/#breadcrumb\"},\"inLanguage\":\"es\",\"potentialAction\":[{\"@type\":\"ReadAction\",\"target\":[\"https:\\\/\\\/patagoniambiental.com.ar\\\/info\\\/97402-2\\\/\"]}]},{\"@type\":\"ImageObject\",\"inLanguage\":\"es\",\"@id\":\"https:\\\/\\\/patagoniambiental.com.ar\\\/info\\\/97402-2\\\/#primaryimage\",\"url\":\"https:\\\/\\\/patagoniambiental.com.ar\\\/info\\\/wp-content\\\/uploads\\\/2025\\\/08\\\/images-2025-08-07T125352.162.jpeg\",\"contentUrl\":\"https:\\\/\\\/patagoniambiental.com.ar\\\/info\\\/wp-content\\\/uploads\\\/2025\\\/08\\\/images-2025-08-07T125352.162.jpeg\",\"width\":275,\"height\":183,\"caption\":\"Descubre por Qu\u00e9 la Semana del Desarme 2025 es M\u00e1s Crucial que Nunca\"},{\"@type\":\"BreadcrumbList\",\"@id\":\"https:\\\/\\\/patagoniambiental.com.ar\\\/info\\\/97402-2\\\/#breadcrumb\",\"itemListElement\":[{\"@type\":\"ListItem\",\"position\":1,\"name\":\"Inicio\",\"item\":\"https:\\\/\\\/patagoniambiental.com.ar\\\/info\\\/\"},{\"@type\":\"ListItem\",\"position\":2,\"name\":\"Descubre por Qu\u00e9 la Semana del Desarme 2025 es M\u00e1s Crucial que Nunca\"}]},{\"@type\":\"WebSite\",\"@id\":\"https:\\\/\\\/patagoniambiental.com.ar\\\/info\\\/#website\",\"url\":\"https:\\\/\\\/patagoniambiental.com.ar\\\/info\\\/\",\"name\":\"Patagonia Ambiental\",\"description\":\"Monitoreo y an\u00e1lisis de la situaci\u00f3n geopol\u00edtica en el mundo y su implicancia en la Patagonia\",\"publisher\":{\"@id\":\"https:\\\/\\\/patagoniambiental.com.ar\\\/info\\\/#organization\"},\"potentialAction\":[{\"@type\":\"SearchAction\",\"target\":{\"@type\":\"EntryPoint\",\"urlTemplate\":\"https:\\\/\\\/patagoniambiental.com.ar\\\/info\\\/?s={search_term_string}\"},\"query-input\":{\"@type\":\"PropertyValueSpecification\",\"valueRequired\":true,\"valueName\":\"search_term_string\"}}],\"inLanguage\":\"es\"},{\"@type\":\"Organization\",\"@id\":\"https:\\\/\\\/patagoniambiental.com.ar\\\/info\\\/#organization\",\"name\":\"Patagonia Ambiental\",\"url\":\"https:\\\/\\\/patagoniambiental.com.ar\\\/info\\\/\",\"logo\":{\"@type\":\"ImageObject\",\"inLanguage\":\"es\",\"@id\":\"https:\\\/\\\/patagoniambiental.com.ar\\\/info\\\/#\\\/schema\\\/logo\\\/image\\\/\",\"url\":\"https:\\\/\\\/patagoniambiental.com.ar\\\/info\\\/wp-content\\\/uploads\\\/2025\\\/05\\\/LOGO-PATAGONIA-AMBIENTAL.png\",\"contentUrl\":\"https:\\\/\\\/patagoniambiental.com.ar\\\/info\\\/wp-content\\\/uploads\\\/2025\\\/05\\\/LOGO-PATAGONIA-AMBIENTAL.png\",\"width\":433,\"height\":250,\"caption\":\"Patagonia Ambiental\"},\"image\":{\"@id\":\"https:\\\/\\\/patagoniambiental.com.ar\\\/info\\\/#\\\/schema\\\/logo\\\/image\\\/\"},\"sameAs\":[\"https:\\\/\\\/www.facebook.com\\\/patagonia.ambiental\",\"https:\\\/\\\/x.com\\\/PatAmb\"]},{\"@type\":\"Person\",\"@id\":\"https:\\\/\\\/patagoniambiental.com.ar\\\/info\\\/#\\\/schema\\\/person\\\/db12bff64bbcbf6a253710bf0ea37b5d\",\"name\":\"Patagonia Ambiental\",\"description\":\"Andr\u00e9s Nievas T\u00e9cnico en manejo ambiental, consultor Ambiental y escritor para medios locales e internacionales sobre temas de geopolitica y medio ambiente.\",\"sameAs\":[\"http:\\\/\\\/www.patagoniambiental.com.ar\",\"https:\\\/\\\/www.facebook.com\\\/share\\\/1C1V8Gv9BX\\\/?mibextid=qi2Omg\",\"@patagoniambiental\",\"https:\\\/\\\/youtube.com\\\/@patagoniaambiental2023?si=BLt58t0wuXquxlYZ\"]}]}<\/script>\n<!-- \/ Yoast SEO Premium plugin. -->","yoast_head_json":{"title":"Descubre por Qu\u00e9 la Semana del Desarme 2025 es M\u00e1s Crucial que Nunca","description":"Cada a\u00f1o, entre el 24 y el 30 de octubre, el mundo se detiene para reflexionar sobre una de las amenazas m\u00e1s apremiantes de nuestra existencia","robots":{"index":"index","follow":"follow","max-snippet":"max-snippet:-1","max-image-preview":"max-image-preview:large","max-video-preview":"max-video-preview:-1"},"canonical":"https:\/\/patagoniambiental.com.ar\/info\/97402-2\/","og_locale":"es_ES","og_type":"article","og_title":"Descubre por Qu\u00e9 la Semana del Desarme 2025 es M\u00e1s Crucial que Nunca","og_description":"Cada a\u00f1o, entre el 24 y el 30 de octubre, el mundo se detiene para reflexionar sobre una de las amenazas m\u00e1s apremiantes de nuestra existencia","og_url":"https:\/\/patagoniambiental.com.ar\/info\/97402-2\/","og_site_name":"Patagonia Ambiental","article_publisher":"https:\/\/www.facebook.com\/patagonia.ambiental","article_author":"https:\/\/www.facebook.com\/share\/1C1V8Gv9BX\/?mibextid=qi2Omg","article_published_time":"2025-10-24T10:00:00+00:00","og_image":[{"width":275,"height":183,"url":"https:\/\/patagoniambiental.com.ar\/info\/wp-content\/uploads\/2025\/08\/images-2025-08-07T125352.162.jpeg","type":"image\/jpeg"}],"author":"Patagonia Ambiental","twitter_card":"summary_large_image","twitter_creator":"@PatAmb","twitter_site":"@PatAmb","schema":{"@context":"https:\/\/schema.org","@graph":[{"@type":"Article","@id":"https:\/\/patagoniambiental.com.ar\/info\/97402-2\/#article","isPartOf":{"@id":"https:\/\/patagoniambiental.com.ar\/info\/97402-2\/"},"author":{"name":"Patagonia Ambiental","@id":"https:\/\/patagoniambiental.com.ar\/info\/#\/schema\/person\/db12bff64bbcbf6a253710bf0ea37b5d"},"headline":"Descubre por Qu\u00e9 la Semana del Desarme 2025 es M\u00e1s Crucial que Nunca","datePublished":"2025-10-24T10:00:00+00:00","mainEntityOfPage":{"@id":"https:\/\/patagoniambiental.com.ar\/info\/97402-2\/"},"wordCount":1285,"commentCount":0,"publisher":{"@id":"https:\/\/patagoniambiental.com.ar\/info\/#organization"},"image":{"@id":"https:\/\/patagoniambiental.com.ar\/info\/97402-2\/#primaryimage"},"thumbnailUrl":"https:\/\/patagoniambiental.com.ar\/info\/wp-content\/uploads\/2025\/08\/images-2025-08-07T125352.162.jpeg","articleSection":["Agenda Ambiental","Noticias"],"inLanguage":"es","potentialAction":[{"@type":"CommentAction","name":"Comment","target":["https:\/\/patagoniambiental.com.ar\/info\/97402-2\/#respond"]}]},{"@type":"WebPage","@id":"https:\/\/patagoniambiental.com.ar\/info\/97402-2\/","url":"https:\/\/patagoniambiental.com.ar\/info\/97402-2\/","name":"Descubre por Qu\u00e9 la Semana del Desarme 2025 es M\u00e1s Crucial que Nunca","isPartOf":{"@id":"https:\/\/patagoniambiental.com.ar\/info\/#website"},"primaryImageOfPage":{"@id":"https:\/\/patagoniambiental.com.ar\/info\/97402-2\/#primaryimage"},"image":{"@id":"https:\/\/patagoniambiental.com.ar\/info\/97402-2\/#primaryimage"},"thumbnailUrl":"https:\/\/patagoniambiental.com.ar\/info\/wp-content\/uploads\/2025\/08\/images-2025-08-07T125352.162.jpeg","datePublished":"2025-10-24T10:00:00+00:00","description":"Cada a\u00f1o, entre el 24 y el 30 de octubre, el mundo se detiene para reflexionar sobre una de las amenazas m\u00e1s apremiantes de nuestra existencia","breadcrumb":{"@id":"https:\/\/patagoniambiental.com.ar\/info\/97402-2\/#breadcrumb"},"inLanguage":"es","potentialAction":[{"@type":"ReadAction","target":["https:\/\/patagoniambiental.com.ar\/info\/97402-2\/"]}]},{"@type":"ImageObject","inLanguage":"es","@id":"https:\/\/patagoniambiental.com.ar\/info\/97402-2\/#primaryimage","url":"https:\/\/patagoniambiental.com.ar\/info\/wp-content\/uploads\/2025\/08\/images-2025-08-07T125352.162.jpeg","contentUrl":"https:\/\/patagoniambiental.com.ar\/info\/wp-content\/uploads\/2025\/08\/images-2025-08-07T125352.162.jpeg","width":275,"height":183,"caption":"Descubre por Qu\u00e9 la Semana del Desarme 2025 es M\u00e1s Crucial que Nunca"},{"@type":"BreadcrumbList","@id":"https:\/\/patagoniambiental.com.ar\/info\/97402-2\/#breadcrumb","itemListElement":[{"@type":"ListItem","position":1,"name":"Inicio","item":"https:\/\/patagoniambiental.com.ar\/info\/"},{"@type":"ListItem","position":2,"name":"Descubre por Qu\u00e9 la Semana del Desarme 2025 es M\u00e1s Crucial que Nunca"}]},{"@type":"WebSite","@id":"https:\/\/patagoniambiental.com.ar\/info\/#website","url":"https:\/\/patagoniambiental.com.ar\/info\/","name":"Patagonia Ambiental","description":"Monitoreo y an\u00e1lisis de la situaci\u00f3n geopol\u00edtica en el mundo y su implicancia en la Patagonia","publisher":{"@id":"https:\/\/patagoniambiental.com.ar\/info\/#organization"},"potentialAction":[{"@type":"SearchAction","target":{"@type":"EntryPoint","urlTemplate":"https:\/\/patagoniambiental.com.ar\/info\/?s={search_term_string}"},"query-input":{"@type":"PropertyValueSpecification","valueRequired":true,"valueName":"search_term_string"}}],"inLanguage":"es"},{"@type":"Organization","@id":"https:\/\/patagoniambiental.com.ar\/info\/#organization","name":"Patagonia Ambiental","url":"https:\/\/patagoniambiental.com.ar\/info\/","logo":{"@type":"ImageObject","inLanguage":"es","@id":"https:\/\/patagoniambiental.com.ar\/info\/#\/schema\/logo\/image\/","url":"https:\/\/patagoniambiental.com.ar\/info\/wp-content\/uploads\/2025\/05\/LOGO-PATAGONIA-AMBIENTAL.png","contentUrl":"https:\/\/patagoniambiental.com.ar\/info\/wp-content\/uploads\/2025\/05\/LOGO-PATAGONIA-AMBIENTAL.png","width":433,"height":250,"caption":"Patagonia Ambiental"},"image":{"@id":"https:\/\/patagoniambiental.com.ar\/info\/#\/schema\/logo\/image\/"},"sameAs":["https:\/\/www.facebook.com\/patagonia.ambiental","https:\/\/x.com\/PatAmb"]},{"@type":"Person","@id":"https:\/\/patagoniambiental.com.ar\/info\/#\/schema\/person\/db12bff64bbcbf6a253710bf0ea37b5d","name":"Patagonia Ambiental","description":"Andr\u00e9s Nievas T\u00e9cnico en manejo ambiental, consultor Ambiental y escritor para medios locales e internacionales sobre temas de geopolitica y medio ambiente.","sameAs":["http:\/\/www.patagoniambiental.com.ar","https:\/\/www.facebook.com\/share\/1C1V8Gv9BX\/?mibextid=qi2Omg","@patagoniambiental","https:\/\/youtube.com\/@patagoniaambiental2023?si=BLt58t0wuXquxlYZ"]}]}},"_links":{"self":[{"href":"https:\/\/patagoniambiental.com.ar\/info\/wp-json\/wp\/v2\/posts\/97402","targetHints":{"allow":["GET"]}}],"collection":[{"href":"https:\/\/patagoniambiental.com.ar\/info\/wp-json\/wp\/v2\/posts"}],"about":[{"href":"https:\/\/patagoniambiental.com.ar\/info\/wp-json\/wp\/v2\/types\/post"}],"author":[{"embeddable":true,"href":"https:\/\/patagoniambiental.com.ar\/info\/wp-json\/wp\/v2\/users\/2"}],"replies":[{"embeddable":true,"href":"https:\/\/patagoniambiental.com.ar\/info\/wp-json\/wp\/v2\/comments?post=97402"}],"version-history":[{"count":2,"href":"https:\/\/patagoniambiental.com.ar\/info\/wp-json\/wp\/v2\/posts\/97402\/revisions"}],"predecessor-version":[{"id":97408,"href":"https:\/\/patagoniambiental.com.ar\/info\/wp-json\/wp\/v2\/posts\/97402\/revisions\/97408"}],"wp:featuredmedia":[{"embeddable":true,"href":"https:\/\/patagoniambiental.com.ar\/info\/wp-json\/wp\/v2\/media\/97403"}],"wp:attachment":[{"href":"https:\/\/patagoniambiental.com.ar\/info\/wp-json\/wp\/v2\/media?parent=97402"}],"wp:term":[{"taxonomy":"category","embeddable":true,"href":"https:\/\/patagoniambiental.com.ar\/info\/wp-json\/wp\/v2\/categories?post=97402"},{"taxonomy":"post_tag","embeddable":true,"href":"https:\/\/patagoniambiental.com.ar\/info\/wp-json\/wp\/v2\/tags?post=97402"}],"curies":[{"name":"wp","href":"https:\/\/api.w.org\/{rel}","templated":true}]}}