{"id":97409,"date":"2025-10-24T07:00:00","date_gmt":"2025-10-24T10:00:00","guid":{"rendered":"https:\/\/patagoniambiental.com.ar\/info\/?p=97409"},"modified":"2025-08-07T16:04:29","modified_gmt":"2025-08-07T19:04:29","slug":"como-la-informacion-sobre-desarrollo-podria-ser-tu-mayor-oportunidad","status":"publish","type":"post","link":"https:\/\/patagoniambiental.com.ar\/info\/como-la-informacion-sobre-desarrollo-podria-ser-tu-mayor-oportunidad\/","title":{"rendered":"C\u00f3mo la Informaci\u00f3n sobre Desarrollo Podr\u00eda Ser Tu Mayor Oportunidad"},"content":{"rendered":"\n<!--more-->\n\n\n\n<h2 class=\"wp-block-heading\" id=\"h-el-dilema-del-siglo-xxi-por-que-la-informacion-es-el-verdadero-activo-en-el-desarrollo-global\">El Dilema del Siglo XXI: \u00bfPor qu\u00e9 la Informaci\u00f3n es el Verdadero Activo en el Desarrollo Global?<\/h2>\n\n\n\n<p>Imagina un mundo donde la escasez de alimentos ya no es un problema de producci\u00f3n, sino de distribuci\u00f3n. Un lugar donde la falta de educaci\u00f3n no es por ausencia de maestros, sino por la inaccesibilidad a los recursos. En el D\u00eda Mundial de Informaci\u00f3n sobre el Desarrollo, nos enfrentamos a una verdad fundamental: la informaci\u00f3n no es solo un dato; es el catalizador que puede transformar sociedades enteras, empoderar a comunidades y cerrar las brechas que nos separan.<\/p>\n\n\n\n<p>Sin embargo, a pesar de los avances tecnol\u00f3gicos sin precedentes, millones de personas siguen desconectadas, atrapadas en un ciclo de pobreza e ineficiencia. \u00bfQu\u00e9 pasar\u00eda si te dijera que la soluci\u00f3n a muchos de los problemas m\u00e1s apremiantes del mundo no se encuentra en un banco o en un laboratorio, sino en la palma de tu mano? El 24 de octubre, la ONU nos invita a reflexionar sobre la crucial conexi\u00f3n entre la informaci\u00f3n, la cooperaci\u00f3n internacional y un futuro sostenible.<\/p>\n\n\n\n<p>M\u00e1s all\u00e1 de un mero recordatorio anual, este d\u00eda es un llamado a la acci\u00f3n para entender c\u00f3mo el flujo de datos, conocimiento y tecnolog\u00eda puede ser la fuerza m\u00e1s poderosa para un cambio positivo. Nos adentraremos en el coraz\u00f3n de este desaf\u00edo, explorando por qu\u00e9 el acceso a la informaci\u00f3n es el motor de la Agenda 2030 y c\u00f3mo su ausencia, la llamada \u201cbrecha digital\u201d, se ha convertido en el principal obst\u00e1culo para un progreso equitativo.<\/p>\n\n\n\n<h2 class=\"wp-block-heading\" id=\"h-el-dia-mundial-de-informacion-sobre-el-desarrollo-una-historia-de-compromiso-global\">El D\u00eda Mundial de Informaci\u00f3n sobre el Desarrollo: Una Historia de Compromiso Global<\/h2>\n\n\n\n<p>El D\u00eda Mundial de Informaci\u00f3n sobre el Desarrollo tiene sus ra\u00edces en 1972, cuando la Asamblea General de la ONU, reconociendo el fracaso de la primera d\u00e9cada del desarrollo, proclam\u00f3 la necesidad urgente de movilizar la opini\u00f3n p\u00fablica global. Este no fue un gesto simb\u00f3lico, sino un reconocimiento pragm\u00e1tico de que los gobiernos solos no pueden resolver los desaf\u00edos del desarrollo.<\/p>\n\n\n\n<p>El \u00e9xito de cualquier iniciativa, ya sea la reducci\u00f3n de la pobreza, el combate al cambio clim\u00e1tico o la mejora de la salud p\u00fablica, depende de que tanto los pa\u00edses desarrollados como los en desarrollo act\u00faen de manera coordinada y solidaria. Durante d\u00e9cadas, este d\u00eda ha servido como un faro para resaltar los problemas del desarrollo y fortalecer la cooperaci\u00f3n internacional. En sus inicios, el enfoque estaba en la difusi\u00f3n de informaci\u00f3n a trav\u00e9s de medios tradicionales como la radio y la prensa escrita, pero con el tiempo, el mensaje ha evolucionado para abrazar la era digital.<\/p>\n\n\n\n<p>La premisa central sigue siendo la misma: una sociedad bien informada es una sociedad empoderada. Se trata de educar a las personas sobre los problemas del desarrollo, pero tambi\u00e9n de equiparlas con las herramientas y el conocimiento necesarios para ser parte de la soluci\u00f3n. Este d\u00eda nos recuerda que la informaci\u00f3n no es un privilegio, sino un derecho fundamental para la autodeterminaci\u00f3n y el bienestar colectivo. Su historia es un testimonio de la continua lucha por un mundo m\u00e1s justo, donde el conocimiento no se quede en manos de unos pocos, sino que se convierta en un bien p\u00fablico accesible para todos, transformando el potencial en progreso tangible.<\/p>\n\n\n\n<h2 class=\"wp-block-heading\" id=\"h-del-papel-a-la-nube-el-rol-de-la-tecnologia-en-los-objetivos-de-desarrollo-sostenible-ods\">Del Papel a la Nube: El Rol de la Tecnolog\u00eda en los Objetivos de Desarrollo Sostenible (ODS)<\/h2>\n\n\n\n<p>En el coraz\u00f3n de la Agenda 2030 se encuentran los 17 Objetivos de Desarrollo Sostenible (ODS), una hoja de ruta ambiciosa para un futuro mejor. Para alcanzar metas como erradicar el hambre, garantizar una educaci\u00f3n de calidad o lograr la igualdad de g\u00e9nero, se necesita m\u00e1s que buena voluntad; se requieren datos precisos y accesibles. <\/p>\n\n\n\n<p>Aqu\u00ed es donde la tecnolog\u00eda, especialmente las tecnolog\u00edas de la informaci\u00f3n y la comunicaci\u00f3n (TIC), se convierte en un motor indispensable. Las TIC no son solo herramientas para conectar a las personas; son instrumentos para el crecimiento econ\u00f3mico, la reducci\u00f3n de la pobreza y la inclusi\u00f3n social. Por ejemplo, en la agricultura, las aplicaciones m\u00f3viles pueden proporcionar a los agricultores informaci\u00f3n en tiempo real sobre el clima, precios de mercado y t\u00e9cnicas de cultivo, mejorando la productividad y la seguridad alimentaria.<\/p>\n\n\n\n<p>En la salud, las plataformas de telemedicina permiten a las comunidades remotas acceder a consultas m\u00e9dicas y diagn\u00f3sticos. En la educaci\u00f3n, el aprendizaje en l\u00ednea ha democratizado el acceso al conocimiento, permitiendo que millones de personas adquieran nuevas habilidades sin importar su ubicaci\u00f3n geogr\u00e1fica. <\/p>\n\n\n\n<p>Sin embargo, este potencial ilimitado est\u00e1 condicionado por la capacidad de los pa\u00edses para adoptar estas tecnolog\u00edas. Las TIC para el desarrollo no son una soluci\u00f3n m\u00e1gica, pero act\u00faan como multiplicadores de fuerza que aceleran el progreso hacia cada uno de los ODS, desde el saneamiento b\u00e1sico hasta la lucha contra el cambio clim\u00e1tico.<\/p>\n\n\n\n<h2 class=\"wp-block-heading\" id=\"h-la-brecha-digital-el-gran-desafio-para-la-cooperacion-internacional\">La Brecha Digital: El Gran Desaf\u00edo para la Cooperaci\u00f3n Internacional<\/h2>\n\n\n\n<p>A pesar del inmenso potencial de las TIC, el mundo se enfrenta a un obst\u00e1culo formidable: la brecha digital. Esta divisi\u00f3n no se limita a la simple falta de acceso a Internet; es una compleja red de desigualdades que abarca el acceso a dispositivos, la alfabetizaci\u00f3n digital, el costo de los servicios y la relevancia del contenido. Mientras que en los pa\u00edses desarrollados las tecnolog\u00edas son una parte intr\u00ednseca de la vida cotidiana, en muchas regiones en desarrollo, el acceso a Internet sigue siendo un lujo.<\/p>\n\n\n\n<p>Esta disparidad limita dr\u00e1sticamente la capacidad de estas naciones para participar en la econom\u00eda global del conocimiento. La brecha digital amplifica las desigualdades existentes, excluyendo a grupos vulnerables como mujeres, personas con discapacidad y comunidades rurales de las oportunidades que ofrecen las herramientas digitales. El fracaso en abordar esta brecha pone en riesgo el cumplimiento de los ODS, ya que las TIC son cruciales para monitorear el progreso, diseminar informaci\u00f3n sobre la salud, la educaci\u00f3n y los derechos humanos. Por lo tanto, la cooperaci\u00f3n internacional es esencial para cerrar esta divisi\u00f3n.<\/p>\n\n\n\n<p>Esto implica no solo donaciones de equipos, sino tambi\u00e9n inversiones en infraestructura, programas de capacitaci\u00f3n en habilidades digitales y la creaci\u00f3n de pol\u00edticas que promuevan un acceso equitativo y asequible. La lucha contra la brecha digital es, en esencia, una lucha por la igualdad de oportunidades y la justicia global.<\/p>\n\n\n\n<h2 class=\"wp-block-heading\" id=\"h-el-futuro-es-ahora-como-puedes-convertirte-en-un-agente-de-cambio\">El Futuro es Ahora: C\u00f3mo Puedes Convertirte en un Agente de Cambio<\/h2>\n\n\n\n<p>La Agenda 2030 y sus ODS no son solo un conjunto de metas para los gobiernos; son un llamado a la acci\u00f3n para todos. La informaci\u00f3n sobre desarrollo es el puente entre el problema y la soluci\u00f3n, y cada persona puede desempe\u00f1ar un papel crucial en este proceso. Como ciudadanos, tenemos la responsabilidad de informarnos sobre los desaf\u00edos globales y apoyar a las organizaciones que trabajan para abordarlos.<\/p>\n\n\n\n<p> Como creadores de contenido, tenemos la oportunidad de amplificar las voces de las comunidades marginadas y de traducir datos complejos en historias comprensibles. Las empresas pueden invertir en tecnolog\u00edas que resuelvan problemas reales en el mundo en desarrollo, creando modelos de negocio sostenibles y \u00e9ticos.<\/p>\n\n\n\n<p>La colaboraci\u00f3n entre el sector p\u00fablico, privado y la sociedad civil es fundamental. Un ejemplo de esto podr\u00eda ser una empresa de telecomunicaciones que se asocia con una ONG local para llevar Internet a una aldea remota, mientras que el gobierno proporciona la infraestructura y la regulaci\u00f3n necesaria.<\/p>\n\n\n\n<p>El \u00e9xito de estos esfuerzos depende de una visi\u00f3n compartida y un compromiso genuino con la equidad. La informaci\u00f3n para el desarrollo nos recuerda que el progreso no es un destino, sino un viaje colectivo, y cada uno de nosotros tiene un rol vital que desempe\u00f1ar. A trav\u00e9s de la educaci\u00f3n, el activismo y la innovaci\u00f3n, podemos convertir el ideal de un futuro sostenible en una realidad palpable para todos.<\/p>\n\n\n\n<h2 class=\"wp-block-heading\" id=\"h-la-autoridad-de-los-datos-por-que-la-informacion-fidedigna-es-clave-para-la-agenda-2030\">La Autoridad de los Datos: \u00bfPor qu\u00e9 la Informaci\u00f3n Fidedigna es Clave para la Agenda 2030?<\/h2>\n\n\n\n<p>En un mundo saturado de informaci\u00f3n, la autenticidad y la fiabilidad de los datos se han vuelto m\u00e1s cr\u00edticas que nunca. Para que la informaci\u00f3n sobre desarrollo sea efectiva, debe provenir de fuentes confiables y ser presentada de manera clara y sin sesgos. Los gobiernos y las organizaciones internacionales como la ONU son actores clave en la recopilaci\u00f3n y difusi\u00f3n de datos estad\u00edsticos sobre el progreso de los ODS.<\/p>\n\n\n\n<p>Sin embargo, la transparencia en la gesti\u00f3n de estos datos es esencial para generar confianza. La mala informaci\u00f3n o la desinformaci\u00f3n pueden socavar los esfuerzos de desarrollo, llevando a decisiones pol\u00edticas err\u00f3neas y a la p\u00e9rdida de apoyo p\u00fablico. La importancia de la informaci\u00f3n para el desarrollo radica en su capacidad para ofrecer un panorama realista de los desaf\u00edos y los \u00e9xitos. Por ejemplo, los datos precisos sobre la salud p\u00fablica pueden ayudar a los gobiernos a asignar recursos de manera m\u00e1s eficiente para combatir una epidemia.<\/p>\n\n\n\n<p>La informaci\u00f3n sobre la calidad del agua puede impulsar a las comunidades a exigir soluciones de saneamiento. En este contexto, la credibilidad y la experticia (E-A-T) se vuelven fundamentales para los autores y las plataformas que difunden esta informaci\u00f3n. La cooperaci\u00f3n internacional tambi\u00e9n implica compartir metodolog\u00edas para la recopilaci\u00f3n de datos, garantizando que las estad\u00edsticas de un pa\u00eds sean comparables con las de otro. De esta manera, la informaci\u00f3n no solo ilumina los problemas, sino que tambi\u00e9n sirve como una herramienta para la rendici\u00f3n de cuentas.<\/p>\n\n\n\n<h2 class=\"wp-block-heading\" id=\"h-mas-alla-del-dato-crudo-la-transformacion-de-la-informacion-en-conocimiento-practico\">M\u00e1s All\u00e1 del Dato Crudo: La Transformaci\u00f3n de la Informaci\u00f3n en Conocimiento Pr\u00e1ctico<\/h2>\n\n\n\n<p>La simple disponibilidad de datos no garantiza el progreso. La verdadera magia ocurre cuando la informaci\u00f3n sobre desarrollo se transforma en conocimiento pr\u00e1ctico y se aplica para resolver problemas concretos. Por ejemplo, tener datos sobre la falta de acceso a la electricidad en zonas rurales es solo el primer paso.<\/p>\n\n\n\n<p>El verdadero valor se obtiene al analizar esos datos para identificar la soluci\u00f3n m\u00e1s adecuada, ya sea la instalaci\u00f3n de paneles solares, la microfinanciaci\u00f3n para sistemas de energ\u00eda o la inversi\u00f3n en redes de distribuci\u00f3n. La gesti\u00f3n de la informaci\u00f3n para el desarrollo implica no solo la recopilaci\u00f3n, sino tambi\u00e9n el an\u00e1lisis, la interpretaci\u00f3n y la difusi\u00f3n de manera que sea \u00fatil y comprensible para el p\u00fablico. Esto requiere una combinaci\u00f3n de habilidades t\u00e9cnicas y de comunicaci\u00f3n, as\u00ed como una profunda comprensi\u00f3n de los contextos locales.<\/p>\n\n\n\n<p>La Agenda 2030 nos insta a ir m\u00e1s all\u00e1 de los indicadores superficiales y a profundizar en las causas subyacentes de los desaf\u00edos del desarrollo. Las TIC para el desarrollo son esenciales en este proceso, ya que permiten la visualizaci\u00f3n de datos complejos, la creaci\u00f3n de plataformas interactivas y la colaboraci\u00f3n entre expertos de todo el mundo. La informaci\u00f3n se convierte en un bien p\u00fablico, pero su valor real se materializa cuando se utiliza para tomar decisiones informadas y para dise\u00f1ar soluciones innovadoras que aborden los problemas de ra\u00edz.<\/p>\n\n\n\n<h2 class=\"wp-block-heading\" id=\"h-el-rol-de-las-mujeres-en-la-brecha-digital-un-vinculo-crucial-con-la-igualdad-de-genero\">El Rol de las Mujeres en la Brecha Digital: Un V\u00ednculo Crucial con la Igualdad de G\u00e9nero<\/h2>\n\n\n\n<p>Uno de los aspectos m\u00e1s cr\u00edticos de la brecha digital es su impacto desproporcionado en las mujeres y ni\u00f1as. En muchas partes del mundo, las mujeres tienen un acceso significativamente menor a las tecnolog\u00edas de la informaci\u00f3n y la comunicaci\u00f3n (TIC), lo que las excluye de las oportunidades educativas y econ\u00f3micas que estas herramientas ofrecen. Esta disparidad no solo es una cuesti\u00f3n de justicia social, sino tambi\u00e9n un obst\u00e1culo directo para el desarrollo sostenible.<\/p>\n\n\n\n<p>El ODS 5, que busca la igualdad de g\u00e9nero, est\u00e1 intr\u00ednsecamente ligado al acceso a la informaci\u00f3n. Empoderar a las mujeres con habilidades digitales y acceso a Internet puede transformar sus vidas y las de sus comunidades. Les permite participar en la econom\u00eda digital, acceder a informaci\u00f3n vital sobre salud reproductiva, derechos legales y educaci\u00f3n, y conectarse con redes de apoyo. La informaci\u00f3n para el desarrollo dirigida a las mujeres puede tener un efecto multiplicador, ya que a menudo invierten sus ingresos en la educaci\u00f3n y el bienestar de sus familias, lo que beneficia a toda la comunidad.<\/p>\n\n\n\n<p>Abordar la brecha digital de g\u00e9nero requiere un enfoque integral que incluya la eliminaci\u00f3n de las barreras culturales, la inversi\u00f3n en programas de alfabetizaci\u00f3n digital y la creaci\u00f3n de contenidos relevantes y seguros para las mujeres. La cooperaci\u00f3n internacional debe priorizar proyectos que promuevan la inclusi\u00f3n digital de las mujeres, reconociendo que su participaci\u00f3n plena es indispensable para alcanzar los objetivos de la Agenda 2030.<\/p>\n\n\n\n<h2 class=\"wp-block-heading\" id=\"h-innovacion-y-soluciones-locales-la-informacion-como-motor-de-la-creatividad\">Innovaci\u00f3n y Soluciones Locales: La Informaci\u00f3n como Motor de la Creatividad<\/h2>\n\n\n\n<p>El D\u00eda Mundial de Informaci\u00f3n sobre el Desarrollo tambi\u00e9n nos invita a celebrar la creatividad y la innovaci\u00f3n que surgen a nivel local cuando la informaci\u00f3n y la tecnolog\u00eda est\u00e1n disponibles. En lugar de soluciones gen\u00e9ricas impuestas desde el exterior, la informaci\u00f3n para el desarrollo permite a las comunidades dise\u00f1ar sus propias respuestas a los problemas locales.<\/p>\n\n\n\n<p>Por ejemplo, en \u00c1frica, los agricultores han desarrollado aplicaciones m\u00f3viles para intercambiar informaci\u00f3n sobre los precios del mercado de forma cooperativa, eludiendo a los intermediarios y aumentando sus ingresos. En Am\u00e9rica Latina, las comunidades ind\u00edgenas utilizan las redes sociales para preservar y difundir sus idiomas y tradiciones culturales.<\/p>\n\n\n\n<p>La Agenda 2030 subraya la importancia de la innovaci\u00f3n y el desarrollo tecnol\u00f3gico, pero reconoce que esta innovaci\u00f3n debe ser inclusiva y centrada en las personas. La cooperaci\u00f3n internacional puede desempe\u00f1ar un papel facilitador al proporcionar el apoyo t\u00e9cnico y financiero, pero el conocimiento local es el que impulsa la sostenibilidad a largo plazo.<\/p>\n\n\n\n<p>La informaci\u00f3n sobre desarrollo no solo debe fluir de norte a sur, sino tambi\u00e9n de sur a sur y de la base a la cima, permitiendo un intercambio de ideas y soluciones que sean culturalmente apropiadas y efectivas. La tecnolog\u00eda, cuando se pone en manos de personas que entienden sus propios desaf\u00edos, se convierte en una herramienta poderosa para la autodeterminaci\u00f3n y el progreso.<\/p>\n\n\n\n<h2 class=\"wp-block-heading\" id=\"h-la-seguridad-y-la-privacidad-en-el-ciberespacio-un-desafio-emergente-para-el-desarrollo\">La Seguridad y la Privacidad en el Ciberespacio: Un Desaf\u00edo Emergente para el Desarrollo<\/h2>\n\n\n\n<p>A medida que el mundo se vuelve m\u00e1s digitalizado, la seguridad cibern\u00e9tica y la privacidad emergen como desaf\u00edos cr\u00edticos que afectan directamente la informaci\u00f3n sobre desarrollo y la confianza en las tecnolog\u00edas. La proliferaci\u00f3n de datos personales, especialmente en sectores sensibles como la salud y las finanzas, hace que la protecci\u00f3n de esta informaci\u00f3n sea de suma importancia.<\/p>\n\n\n\n<p>Los pa\u00edses en desarrollo, a menudo con regulaciones m\u00e1s d\u00e9biles y menor infraestructura, son particularmente vulnerables a ciberataques y violaciones de datos. La falta de confianza en la seguridad de las plataformas digitales puede disuadir a las personas de adoptar tecnolog\u00edas que podr\u00edan mejorar sus vidas.<\/p>\n\n\n\n<p>La cooperaci\u00f3n internacional en materia de ciberseguridad es vital para compartir mejores pr\u00e1cticas, desarrollar pol\u00edticas conjuntas y construir la capacidad de los pa\u00edses m\u00e1s vulnerables. Por otro lado, la informaci\u00f3n para el desarrollo tambi\u00e9n debe tener en cuenta el uso \u00e9tico de los datos. La Agenda 2030 reconoce la necesidad de un uso responsable de las tecnolog\u00edas, garantizando que el progreso no se logre a expensas de los derechos individuales.<\/p>\n\n\n\n<p>Es imperativo que la digitalizaci\u00f3n vaya de la mano con la educaci\u00f3n sobre ciberseguridad, la concienciaci\u00f3n sobre la privacidad y la creaci\u00f3n de marcos legales que protejan a los ciudadanos. Sin una base de confianza y seguridad, el potencial de la informaci\u00f3n como motor de desarrollo se ver\u00e1 seriamente comprometido.<\/p>\n\n\n\n<h2 class=\"wp-block-heading\" id=\"h-1educacion-y-habilidades-digitales-cerrando-la-brecha-con-conocimiento\">1Educaci\u00f3n y Habilidades Digitales: Cerrando la Brecha con Conocimiento<\/h2>\n\n\n\n<p>La brecha digital no es solo una cuesti\u00f3n de acceso a la tecnolog\u00eda, sino tambi\u00e9n de la capacidad para utilizarla de manera efectiva. La educaci\u00f3n y las habilidades digitales son, por lo tanto, un pilar fundamental para aprovechar el potencial de la informaci\u00f3n sobre desarrollo. En la actualidad, ser \u00abalfabeto\u00bb no solo significa saber leer y escribir, sino tambi\u00e9n ser capaz de navegar por el mundo digital, evaluar la credibilidad de las fuentes, proteger la propia privacidad y utilizar herramientas digitales para el trabajo y el aprendizaje.<\/p>\n\n\n\n<p>La cooperaci\u00f3n internacional puede desempe\u00f1ar un papel crucial en el desarrollo de planes de estudio que integren las habilidades digitales desde la educaci\u00f3n primaria. Adem\u00e1s, los programas de formaci\u00f3n para adultos y las iniciativas de aprendizaje continuo son esenciales para garantizar que nadie se quede atr\u00e1s en la econom\u00eda digital. La informaci\u00f3n sobre desarrollo puede ser la herramienta para la inclusi\u00f3n, pero solo si las personas tienen las habilidades para interpretarla y aplicarla.<\/p>\n\n\n\n<p>Las organizaciones de la sociedad civil y las empresas tecnol\u00f3gicas tienen la oportunidad de colaborar para crear recursos de aprendizaje accesibles y relevantes que se adapten a las necesidades locales. Al invertir en la educaci\u00f3n digital, no solo estamos cerrando la brecha, sino que estamos empoderando a las futuras generaciones para que sean innovadores y l\u00edderes en el camino hacia un futuro sostenible.<\/p>\n\n\n\n<h2 class=\"wp-block-heading\" id=\"h-de-la-teoria-a-la-practica-casos-de-exito-en-la-informacion-para-el-desarrollo\">De la Teor\u00eda a la Pr\u00e1ctica: Casos de \u00c9xito en la Informaci\u00f3n para el Desarrollo<\/h2>\n\n\n\n<p>Para ilustrar el poder de la informaci\u00f3n sobre desarrollo, es crucial analizar casos de \u00e9xito concretos que demuestren c\u00f3mo la teor\u00eda se traduce en resultados tangibles. Por ejemplo, en Kenia, la plataforma M-Pesa revolucion\u00f3 las finanzas m\u00f3viles, permitiendo a millones de personas sin acceso a la banca formal realizar transacciones seguras y eficientes. Este simple acceso a un sistema de pago ha impulsado el crecimiento econ\u00f3mico a nivel local.<\/p>\n\n\n\n<p>En la India, el sistema de identidad digital Aadhaar ha facilitado la entrega de servicios gubernamentales y la inclusi\u00f3n financiera a una escala masiva. Estos ejemplos demuestran que la informaci\u00f3n para el desarrollo no es solo un concepto abstracto, sino una fuerza que cambia vidas. Estos proyectos no solo se basan en tecnolog\u00eda avanzada, sino en una comprensi\u00f3n profunda de las necesidades y comportamientos de los usuarios.<\/p>\n\n\n\n<p>La Agenda 2030 alienta la replicaci\u00f3n de estas iniciativas exitosas, adapt\u00e1ndolas a los contextos locales. La cooperaci\u00f3n internacional desempe\u00f1a un papel clave en la difusi\u00f3n de estos casos de estudio, permitiendo que los pa\u00edses en desarrollo aprendan unos de otros. Al compartir estas historias, no solo inspiramos, sino que tambi\u00e9n proporcionamos modelos probados para abordar desaf\u00edos similares en otras partes del mundo.<\/p>\n\n\n\n<h2 class=\"wp-block-heading\" id=\"h-el-futuro-del-desarrollo-un-llamado-a-la-accion-colectiva\">El Futuro del Desarrollo: Un Llamado a la Acci\u00f3n Colectiva<\/h2>\n\n\n\n<p>El D\u00eda Mundial de Informaci\u00f3n sobre el Desarrollo no es un final, sino un recordatorio de que la carrera hacia un futuro sostenible est\u00e1 en marcha. La informaci\u00f3n para el desarrollo, junto con la cooperaci\u00f3n internacional y el compromiso p\u00fablico, son las herramientas m\u00e1s importantes que tenemos para alcanzar la Agenda 2030.<\/p>\n\n\n\n<p>La brecha digital es un desaf\u00edo masivo, pero no insuperable. Con la inversi\u00f3n adecuada en infraestructura, educaci\u00f3n digital y pol\u00edticas inclusivas, podemos garantizar que nadie se quede atr\u00e1s en la revoluci\u00f3n digital. Como ciudadanos, debemos seguir exigiendo transparencia y rendici\u00f3n de cuentas, apoyando a las organizaciones que luchan por la justicia social y la igualdad, y utilizando nuestra propia capacidad de informaci\u00f3n para tomar decisiones informadas.<\/p>\n\n\n\n<p>La informaci\u00f3n sobre desarrollo es el hilo que une todos los Objetivos de Desarrollo Sostenible. Es el lenguaje com\u00fan que nos permite entender nuestros desaf\u00edos compartidos y trabajar juntos para construir un futuro en el que el acceso al conocimiento y a la tecnolog\u00eda sea un derecho fundamental para todos. El poder de la informaci\u00f3n est\u00e1 en tus manos. \u00bfQu\u00e9 har\u00e1s con \u00e9l?<\/p>\n","protected":false},"excerpt":{"rendered":"","protected":false},"author":2,"featured_media":97410,"comment_status":"open","ping_status":"open","sticky":false,"template":"","format":"standard","meta":{"site-sidebar-layout":"default","site-content-layout":"","ast-site-content-layout":"default","site-content-style":"default","site-sidebar-style":"default","ast-global-header-display":"","ast-banner-title-visibility":"","ast-main-header-display":"","ast-hfb-above-header-display":"","ast-hfb-below-header-display":"","ast-hfb-mobile-header-display":"","site-post-title":"","ast-breadcrumbs-content":"","ast-featured-img":"","footer-sml-layout":"","ast-disable-related-posts":"","theme-transparent-header-meta":"","adv-header-id-meta":"","stick-header-meta":"","header-above-stick-meta":"","header-main-stick-meta":"","header-below-stick-meta":"","astra-migrate-meta-layouts":"default","ast-page-background-enabled":"default","ast-page-background-meta":{"desktop":{"background-color":"var(--ast-global-color-5)","background-image":"","background-repeat":"repeat","background-position":"center center","background-size":"auto","background-attachment":"scroll","background-type":"","background-media":"","overlay-type":"","overlay-color":"","overlay-opacity":"","overlay-gradient":""},"tablet":{"background-color":"","background-image":"","background-repeat":"repeat","background-position":"center center","background-size":"auto","background-attachment":"scroll","background-type":"","background-media":"","overlay-type":"","overlay-color":"","overlay-opacity":"","overlay-gradient":""},"mobile":{"background-color":"","background-image":"","background-repeat":"repeat","background-position":"center center","background-size":"auto","background-attachment":"scroll","background-type":"","background-media":"","overlay-type":"","overlay-color":"","overlay-opacity":"","overlay-gradient":""}},"ast-content-background-meta":{"desktop":{"background-color":"var(--ast-global-color-4)","background-image":"","background-repeat":"repeat","background-position":"center center","background-size":"auto","background-attachment":"scroll","background-type":"","background-media":"","overlay-type":"","overlay-color":"","overlay-opacity":"","overlay-gradient":""},"tablet":{"background-color":"var(--ast-global-color-4)","background-image":"","background-repeat":"repeat","background-position":"center center","background-size":"auto","background-attachment":"scroll","background-type":"","background-media":"","overlay-type":"","overlay-color":"","overlay-opacity":"","overlay-gradient":""},"mobile":{"background-color":"var(--ast-global-color-4)","background-image":"","background-repeat":"repeat","background-position":"center center","background-size":"auto","background-attachment":"scroll","background-type":"","background-media":"","overlay-type":"","overlay-color":"","overlay-opacity":"","overlay-gradient":""}},"footnotes":""},"categories":[12,1],"tags":[],"class_list":["post-97409","post","type-post","status-publish","format-standard","has-post-thumbnail","hentry","category-agenda-ambiental","category-noticias"],"yoast_head":"<!-- This site is optimized with the Yoast SEO Premium plugin v23.0 (Yoast SEO v27.5) - https:\/\/yoast.com\/product\/yoast-seo-premium-wordpress\/ -->\n<title>C\u00f3mo la Informaci\u00f3n sobre Desarrollo Podr\u00eda Ser Tu Mayor Oportunidad<\/title>\n<meta name=\"description\" content=\"Imagina un mundo donde la escasez de alimentos ya no es un problema de producci\u00f3n, sino de distribuci\u00f3n. Un lugar donde la falta de educaci\u00f3n\" \/>\n<meta name=\"robots\" content=\"index, follow, max-snippet:-1, max-image-preview:large, max-video-preview:-1\" \/>\n<link rel=\"canonical\" href=\"https:\/\/patagoniambiental.com.ar\/info\/como-la-informacion-sobre-desarrollo-podria-ser-tu-mayor-oportunidad\/\" \/>\n<meta property=\"og:locale\" content=\"es_ES\" \/>\n<meta property=\"og:type\" content=\"article\" \/>\n<meta property=\"og:title\" content=\"C\u00f3mo la Informaci\u00f3n sobre Desarrollo Podr\u00eda Ser Tu Mayor Oportunidad\" \/>\n<meta property=\"og:description\" content=\"Imagina un mundo donde la escasez de alimentos ya no es un problema de producci\u00f3n, sino de distribuci\u00f3n. Un lugar donde la falta de educaci\u00f3n\" \/>\n<meta property=\"og:url\" content=\"https:\/\/patagoniambiental.com.ar\/info\/como-la-informacion-sobre-desarrollo-podria-ser-tu-mayor-oportunidad\/\" \/>\n<meta property=\"og:site_name\" content=\"Patagonia Ambiental\" \/>\n<meta property=\"article:publisher\" content=\"https:\/\/www.facebook.com\/patagonia.ambiental\" \/>\n<meta property=\"article:author\" content=\"https:\/\/www.facebook.com\/share\/1C1V8Gv9BX\/?mibextid=qi2Omg\" \/>\n<meta property=\"article:published_time\" content=\"2025-10-24T10:00:00+00:00\" \/>\n<meta property=\"og:image\" content=\"https:\/\/patagoniambiental.com.ar\/info\/wp-content\/uploads\/2025\/08\/development-info.jpg\" \/>\n\t<meta property=\"og:image:width\" content=\"1200\" \/>\n\t<meta property=\"og:image:height\" content=\"444\" \/>\n\t<meta property=\"og:image:type\" content=\"image\/jpeg\" \/>\n<meta name=\"author\" content=\"Patagonia Ambiental\" \/>\n<meta name=\"twitter:card\" content=\"summary_large_image\" \/>\n<meta name=\"twitter:creator\" content=\"@PatAmb\" \/>\n<meta name=\"twitter:site\" content=\"@PatAmb\" \/>\n<script type=\"application\/ld+json\" class=\"yoast-schema-graph\">{\"@context\":\"https:\\\/\\\/schema.org\",\"@graph\":[{\"@type\":\"Article\",\"@id\":\"https:\\\/\\\/patagoniambiental.com.ar\\\/info\\\/como-la-informacion-sobre-desarrollo-podria-ser-tu-mayor-oportunidad\\\/#article\",\"isPartOf\":{\"@id\":\"https:\\\/\\\/patagoniambiental.com.ar\\\/info\\\/como-la-informacion-sobre-desarrollo-podria-ser-tu-mayor-oportunidad\\\/\"},\"author\":{\"name\":\"Patagonia Ambiental\",\"@id\":\"https:\\\/\\\/patagoniambiental.com.ar\\\/info\\\/#\\\/schema\\\/person\\\/db12bff64bbcbf6a253710bf0ea37b5d\"},\"headline\":\"C\u00f3mo la Informaci\u00f3n sobre Desarrollo Podr\u00eda Ser Tu Mayor Oportunidad\",\"datePublished\":\"2025-10-24T10:00:00+00:00\",\"mainEntityOfPage\":{\"@id\":\"https:\\\/\\\/patagoniambiental.com.ar\\\/info\\\/como-la-informacion-sobre-desarrollo-podria-ser-tu-mayor-oportunidad\\\/\"},\"wordCount\":3444,\"commentCount\":0,\"publisher\":{\"@id\":\"https:\\\/\\\/patagoniambiental.com.ar\\\/info\\\/#organization\"},\"image\":{\"@id\":\"https:\\\/\\\/patagoniambiental.com.ar\\\/info\\\/como-la-informacion-sobre-desarrollo-podria-ser-tu-mayor-oportunidad\\\/#primaryimage\"},\"thumbnailUrl\":\"https:\\\/\\\/patagoniambiental.com.ar\\\/info\\\/wp-content\\\/uploads\\\/2025\\\/08\\\/development-info.jpg\",\"articleSection\":[\"Agenda Ambiental\",\"Noticias\"],\"inLanguage\":\"es\",\"potentialAction\":[{\"@type\":\"CommentAction\",\"name\":\"Comment\",\"target\":[\"https:\\\/\\\/patagoniambiental.com.ar\\\/info\\\/como-la-informacion-sobre-desarrollo-podria-ser-tu-mayor-oportunidad\\\/#respond\"]}]},{\"@type\":\"WebPage\",\"@id\":\"https:\\\/\\\/patagoniambiental.com.ar\\\/info\\\/como-la-informacion-sobre-desarrollo-podria-ser-tu-mayor-oportunidad\\\/\",\"url\":\"https:\\\/\\\/patagoniambiental.com.ar\\\/info\\\/como-la-informacion-sobre-desarrollo-podria-ser-tu-mayor-oportunidad\\\/\",\"name\":\"C\u00f3mo la Informaci\u00f3n sobre Desarrollo Podr\u00eda Ser Tu Mayor Oportunidad\",\"isPartOf\":{\"@id\":\"https:\\\/\\\/patagoniambiental.com.ar\\\/info\\\/#website\"},\"primaryImageOfPage\":{\"@id\":\"https:\\\/\\\/patagoniambiental.com.ar\\\/info\\\/como-la-informacion-sobre-desarrollo-podria-ser-tu-mayor-oportunidad\\\/#primaryimage\"},\"image\":{\"@id\":\"https:\\\/\\\/patagoniambiental.com.ar\\\/info\\\/como-la-informacion-sobre-desarrollo-podria-ser-tu-mayor-oportunidad\\\/#primaryimage\"},\"thumbnailUrl\":\"https:\\\/\\\/patagoniambiental.com.ar\\\/info\\\/wp-content\\\/uploads\\\/2025\\\/08\\\/development-info.jpg\",\"datePublished\":\"2025-10-24T10:00:00+00:00\",\"description\":\"Imagina un mundo donde la escasez de alimentos ya no es un problema de producci\u00f3n, sino de distribuci\u00f3n. Un lugar donde la falta de educaci\u00f3n\",\"breadcrumb\":{\"@id\":\"https:\\\/\\\/patagoniambiental.com.ar\\\/info\\\/como-la-informacion-sobre-desarrollo-podria-ser-tu-mayor-oportunidad\\\/#breadcrumb\"},\"inLanguage\":\"es\",\"potentialAction\":[{\"@type\":\"ReadAction\",\"target\":[\"https:\\\/\\\/patagoniambiental.com.ar\\\/info\\\/como-la-informacion-sobre-desarrollo-podria-ser-tu-mayor-oportunidad\\\/\"]}]},{\"@type\":\"ImageObject\",\"inLanguage\":\"es\",\"@id\":\"https:\\\/\\\/patagoniambiental.com.ar\\\/info\\\/como-la-informacion-sobre-desarrollo-podria-ser-tu-mayor-oportunidad\\\/#primaryimage\",\"url\":\"https:\\\/\\\/patagoniambiental.com.ar\\\/info\\\/wp-content\\\/uploads\\\/2025\\\/08\\\/development-info.jpg\",\"contentUrl\":\"https:\\\/\\\/patagoniambiental.com.ar\\\/info\\\/wp-content\\\/uploads\\\/2025\\\/08\\\/development-info.jpg\",\"width\":1200,\"height\":444},{\"@type\":\"BreadcrumbList\",\"@id\":\"https:\\\/\\\/patagoniambiental.com.ar\\\/info\\\/como-la-informacion-sobre-desarrollo-podria-ser-tu-mayor-oportunidad\\\/#breadcrumb\",\"itemListElement\":[{\"@type\":\"ListItem\",\"position\":1,\"name\":\"Inicio\",\"item\":\"https:\\\/\\\/patagoniambiental.com.ar\\\/info\\\/\"},{\"@type\":\"ListItem\",\"position\":2,\"name\":\"C\u00f3mo la Informaci\u00f3n sobre Desarrollo Podr\u00eda Ser Tu Mayor Oportunidad\"}]},{\"@type\":\"WebSite\",\"@id\":\"https:\\\/\\\/patagoniambiental.com.ar\\\/info\\\/#website\",\"url\":\"https:\\\/\\\/patagoniambiental.com.ar\\\/info\\\/\",\"name\":\"Patagonia Ambiental\",\"description\":\"Monitoreo y an\u00e1lisis de la situaci\u00f3n geopol\u00edtica en el mundo y su implicancia en la Patagonia\",\"publisher\":{\"@id\":\"https:\\\/\\\/patagoniambiental.com.ar\\\/info\\\/#organization\"},\"potentialAction\":[{\"@type\":\"SearchAction\",\"target\":{\"@type\":\"EntryPoint\",\"urlTemplate\":\"https:\\\/\\\/patagoniambiental.com.ar\\\/info\\\/?s={search_term_string}\"},\"query-input\":{\"@type\":\"PropertyValueSpecification\",\"valueRequired\":true,\"valueName\":\"search_term_string\"}}],\"inLanguage\":\"es\"},{\"@type\":\"Organization\",\"@id\":\"https:\\\/\\\/patagoniambiental.com.ar\\\/info\\\/#organization\",\"name\":\"Patagonia Ambiental\",\"url\":\"https:\\\/\\\/patagoniambiental.com.ar\\\/info\\\/\",\"logo\":{\"@type\":\"ImageObject\",\"inLanguage\":\"es\",\"@id\":\"https:\\\/\\\/patagoniambiental.com.ar\\\/info\\\/#\\\/schema\\\/logo\\\/image\\\/\",\"url\":\"https:\\\/\\\/patagoniambiental.com.ar\\\/info\\\/wp-content\\\/uploads\\\/2025\\\/05\\\/LOGO-PATAGONIA-AMBIENTAL.png\",\"contentUrl\":\"https:\\\/\\\/patagoniambiental.com.ar\\\/info\\\/wp-content\\\/uploads\\\/2025\\\/05\\\/LOGO-PATAGONIA-AMBIENTAL.png\",\"width\":433,\"height\":250,\"caption\":\"Patagonia Ambiental\"},\"image\":{\"@id\":\"https:\\\/\\\/patagoniambiental.com.ar\\\/info\\\/#\\\/schema\\\/logo\\\/image\\\/\"},\"sameAs\":[\"https:\\\/\\\/www.facebook.com\\\/patagonia.ambiental\",\"https:\\\/\\\/x.com\\\/PatAmb\"]},{\"@type\":\"Person\",\"@id\":\"https:\\\/\\\/patagoniambiental.com.ar\\\/info\\\/#\\\/schema\\\/person\\\/db12bff64bbcbf6a253710bf0ea37b5d\",\"name\":\"Patagonia Ambiental\",\"description\":\"Andr\u00e9s Nievas T\u00e9cnico en manejo ambiental, consultor Ambiental y escritor para medios locales e internacionales sobre temas de geopolitica y medio ambiente.\",\"sameAs\":[\"http:\\\/\\\/www.patagoniambiental.com.ar\",\"https:\\\/\\\/www.facebook.com\\\/share\\\/1C1V8Gv9BX\\\/?mibextid=qi2Omg\",\"@patagoniambiental\",\"https:\\\/\\\/youtube.com\\\/@patagoniaambiental2023?si=BLt58t0wuXquxlYZ\"]}]}<\/script>\n<!-- \/ Yoast SEO Premium plugin. -->","yoast_head_json":{"title":"C\u00f3mo la Informaci\u00f3n sobre Desarrollo Podr\u00eda Ser Tu Mayor Oportunidad","description":"Imagina un mundo donde la escasez de alimentos ya no es un problema de producci\u00f3n, sino de distribuci\u00f3n. Un lugar donde la falta de educaci\u00f3n","robots":{"index":"index","follow":"follow","max-snippet":"max-snippet:-1","max-image-preview":"max-image-preview:large","max-video-preview":"max-video-preview:-1"},"canonical":"https:\/\/patagoniambiental.com.ar\/info\/como-la-informacion-sobre-desarrollo-podria-ser-tu-mayor-oportunidad\/","og_locale":"es_ES","og_type":"article","og_title":"C\u00f3mo la Informaci\u00f3n sobre Desarrollo Podr\u00eda Ser Tu Mayor Oportunidad","og_description":"Imagina un mundo donde la escasez de alimentos ya no es un problema de producci\u00f3n, sino de distribuci\u00f3n. Un lugar donde la falta de educaci\u00f3n","og_url":"https:\/\/patagoniambiental.com.ar\/info\/como-la-informacion-sobre-desarrollo-podria-ser-tu-mayor-oportunidad\/","og_site_name":"Patagonia Ambiental","article_publisher":"https:\/\/www.facebook.com\/patagonia.ambiental","article_author":"https:\/\/www.facebook.com\/share\/1C1V8Gv9BX\/?mibextid=qi2Omg","article_published_time":"2025-10-24T10:00:00+00:00","og_image":[{"width":1200,"height":444,"url":"https:\/\/patagoniambiental.com.ar\/info\/wp-content\/uploads\/2025\/08\/development-info.jpg","type":"image\/jpeg"}],"author":"Patagonia Ambiental","twitter_card":"summary_large_image","twitter_creator":"@PatAmb","twitter_site":"@PatAmb","schema":{"@context":"https:\/\/schema.org","@graph":[{"@type":"Article","@id":"https:\/\/patagoniambiental.com.ar\/info\/como-la-informacion-sobre-desarrollo-podria-ser-tu-mayor-oportunidad\/#article","isPartOf":{"@id":"https:\/\/patagoniambiental.com.ar\/info\/como-la-informacion-sobre-desarrollo-podria-ser-tu-mayor-oportunidad\/"},"author":{"name":"Patagonia Ambiental","@id":"https:\/\/patagoniambiental.com.ar\/info\/#\/schema\/person\/db12bff64bbcbf6a253710bf0ea37b5d"},"headline":"C\u00f3mo la Informaci\u00f3n sobre Desarrollo Podr\u00eda Ser Tu Mayor Oportunidad","datePublished":"2025-10-24T10:00:00+00:00","mainEntityOfPage":{"@id":"https:\/\/patagoniambiental.com.ar\/info\/como-la-informacion-sobre-desarrollo-podria-ser-tu-mayor-oportunidad\/"},"wordCount":3444,"commentCount":0,"publisher":{"@id":"https:\/\/patagoniambiental.com.ar\/info\/#organization"},"image":{"@id":"https:\/\/patagoniambiental.com.ar\/info\/como-la-informacion-sobre-desarrollo-podria-ser-tu-mayor-oportunidad\/#primaryimage"},"thumbnailUrl":"https:\/\/patagoniambiental.com.ar\/info\/wp-content\/uploads\/2025\/08\/development-info.jpg","articleSection":["Agenda Ambiental","Noticias"],"inLanguage":"es","potentialAction":[{"@type":"CommentAction","name":"Comment","target":["https:\/\/patagoniambiental.com.ar\/info\/como-la-informacion-sobre-desarrollo-podria-ser-tu-mayor-oportunidad\/#respond"]}]},{"@type":"WebPage","@id":"https:\/\/patagoniambiental.com.ar\/info\/como-la-informacion-sobre-desarrollo-podria-ser-tu-mayor-oportunidad\/","url":"https:\/\/patagoniambiental.com.ar\/info\/como-la-informacion-sobre-desarrollo-podria-ser-tu-mayor-oportunidad\/","name":"C\u00f3mo la Informaci\u00f3n sobre Desarrollo Podr\u00eda Ser Tu Mayor Oportunidad","isPartOf":{"@id":"https:\/\/patagoniambiental.com.ar\/info\/#website"},"primaryImageOfPage":{"@id":"https:\/\/patagoniambiental.com.ar\/info\/como-la-informacion-sobre-desarrollo-podria-ser-tu-mayor-oportunidad\/#primaryimage"},"image":{"@id":"https:\/\/patagoniambiental.com.ar\/info\/como-la-informacion-sobre-desarrollo-podria-ser-tu-mayor-oportunidad\/#primaryimage"},"thumbnailUrl":"https:\/\/patagoniambiental.com.ar\/info\/wp-content\/uploads\/2025\/08\/development-info.jpg","datePublished":"2025-10-24T10:00:00+00:00","description":"Imagina un mundo donde la escasez de alimentos ya no es un problema de producci\u00f3n, sino de distribuci\u00f3n. Un lugar donde la falta de educaci\u00f3n","breadcrumb":{"@id":"https:\/\/patagoniambiental.com.ar\/info\/como-la-informacion-sobre-desarrollo-podria-ser-tu-mayor-oportunidad\/#breadcrumb"},"inLanguage":"es","potentialAction":[{"@type":"ReadAction","target":["https:\/\/patagoniambiental.com.ar\/info\/como-la-informacion-sobre-desarrollo-podria-ser-tu-mayor-oportunidad\/"]}]},{"@type":"ImageObject","inLanguage":"es","@id":"https:\/\/patagoniambiental.com.ar\/info\/como-la-informacion-sobre-desarrollo-podria-ser-tu-mayor-oportunidad\/#primaryimage","url":"https:\/\/patagoniambiental.com.ar\/info\/wp-content\/uploads\/2025\/08\/development-info.jpg","contentUrl":"https:\/\/patagoniambiental.com.ar\/info\/wp-content\/uploads\/2025\/08\/development-info.jpg","width":1200,"height":444},{"@type":"BreadcrumbList","@id":"https:\/\/patagoniambiental.com.ar\/info\/como-la-informacion-sobre-desarrollo-podria-ser-tu-mayor-oportunidad\/#breadcrumb","itemListElement":[{"@type":"ListItem","position":1,"name":"Inicio","item":"https:\/\/patagoniambiental.com.ar\/info\/"},{"@type":"ListItem","position":2,"name":"C\u00f3mo la Informaci\u00f3n sobre Desarrollo Podr\u00eda Ser Tu Mayor Oportunidad"}]},{"@type":"WebSite","@id":"https:\/\/patagoniambiental.com.ar\/info\/#website","url":"https:\/\/patagoniambiental.com.ar\/info\/","name":"Patagonia Ambiental","description":"Monitoreo y an\u00e1lisis de la situaci\u00f3n geopol\u00edtica en el mundo y su implicancia en la Patagonia","publisher":{"@id":"https:\/\/patagoniambiental.com.ar\/info\/#organization"},"potentialAction":[{"@type":"SearchAction","target":{"@type":"EntryPoint","urlTemplate":"https:\/\/patagoniambiental.com.ar\/info\/?s={search_term_string}"},"query-input":{"@type":"PropertyValueSpecification","valueRequired":true,"valueName":"search_term_string"}}],"inLanguage":"es"},{"@type":"Organization","@id":"https:\/\/patagoniambiental.com.ar\/info\/#organization","name":"Patagonia Ambiental","url":"https:\/\/patagoniambiental.com.ar\/info\/","logo":{"@type":"ImageObject","inLanguage":"es","@id":"https:\/\/patagoniambiental.com.ar\/info\/#\/schema\/logo\/image\/","url":"https:\/\/patagoniambiental.com.ar\/info\/wp-content\/uploads\/2025\/05\/LOGO-PATAGONIA-AMBIENTAL.png","contentUrl":"https:\/\/patagoniambiental.com.ar\/info\/wp-content\/uploads\/2025\/05\/LOGO-PATAGONIA-AMBIENTAL.png","width":433,"height":250,"caption":"Patagonia Ambiental"},"image":{"@id":"https:\/\/patagoniambiental.com.ar\/info\/#\/schema\/logo\/image\/"},"sameAs":["https:\/\/www.facebook.com\/patagonia.ambiental","https:\/\/x.com\/PatAmb"]},{"@type":"Person","@id":"https:\/\/patagoniambiental.com.ar\/info\/#\/schema\/person\/db12bff64bbcbf6a253710bf0ea37b5d","name":"Patagonia Ambiental","description":"Andr\u00e9s Nievas T\u00e9cnico en manejo ambiental, consultor Ambiental y escritor para medios locales e internacionales sobre temas de geopolitica y medio ambiente.","sameAs":["http:\/\/www.patagoniambiental.com.ar","https:\/\/www.facebook.com\/share\/1C1V8Gv9BX\/?mibextid=qi2Omg","@patagoniambiental","https:\/\/youtube.com\/@patagoniaambiental2023?si=BLt58t0wuXquxlYZ"]}]}},"_links":{"self":[{"href":"https:\/\/patagoniambiental.com.ar\/info\/wp-json\/wp\/v2\/posts\/97409","targetHints":{"allow":["GET"]}}],"collection":[{"href":"https:\/\/patagoniambiental.com.ar\/info\/wp-json\/wp\/v2\/posts"}],"about":[{"href":"https:\/\/patagoniambiental.com.ar\/info\/wp-json\/wp\/v2\/types\/post"}],"author":[{"embeddable":true,"href":"https:\/\/patagoniambiental.com.ar\/info\/wp-json\/wp\/v2\/users\/2"}],"replies":[{"embeddable":true,"href":"https:\/\/patagoniambiental.com.ar\/info\/wp-json\/wp\/v2\/comments?post=97409"}],"version-history":[{"count":1,"href":"https:\/\/patagoniambiental.com.ar\/info\/wp-json\/wp\/v2\/posts\/97409\/revisions"}],"predecessor-version":[{"id":97411,"href":"https:\/\/patagoniambiental.com.ar\/info\/wp-json\/wp\/v2\/posts\/97409\/revisions\/97411"}],"wp:featuredmedia":[{"embeddable":true,"href":"https:\/\/patagoniambiental.com.ar\/info\/wp-json\/wp\/v2\/media\/97410"}],"wp:attachment":[{"href":"https:\/\/patagoniambiental.com.ar\/info\/wp-json\/wp\/v2\/media?parent=97409"}],"wp:term":[{"taxonomy":"category","embeddable":true,"href":"https:\/\/patagoniambiental.com.ar\/info\/wp-json\/wp\/v2\/categories?post=97409"},{"taxonomy":"post_tag","embeddable":true,"href":"https:\/\/patagoniambiental.com.ar\/info\/wp-json\/wp\/v2\/tags?post=97409"}],"curies":[{"name":"wp","href":"https:\/\/api.w.org\/{rel}","templated":true}]}}