{"id":97581,"date":"2025-08-13T12:18:41","date_gmt":"2025-08-13T15:18:41","guid":{"rendered":"https:\/\/patagoniambiental.com.ar\/info\/?p=97581"},"modified":"2025-08-13T12:22:01","modified_gmt":"2025-08-13T15:22:01","slug":"97581-2","status":"publish","type":"post","link":"https:\/\/patagoniambiental.com.ar\/info\/97581-2\/","title":{"rendered":"V\u00edctor Velasque: El Ciudadano que Transform\u00f3 la Basura en Proyectos Ecol\u00f3gicos que Inspiran a Toda la Patagonia"},"content":{"rendered":"\n<!--more-->\n\n\n\n<h2 class=\"wp-block-heading\" id=\"h-un-activista-ambiental-que-cambio-san-antonio-oeste\">Un Activista Ambiental que Cambi\u00f3 San Antonio Oeste<\/h2>\n\n\n\n<p>San Antonio Oeste, Rio Negro, 13 de agosto de 2025. V\u00edctor Velasque es un referente del activismo ambiental en San Antonio Oeste, R\u00edo Negro, cuya labor ha trascendido los l\u00edmites de su ciudad para convertirse en un ejemplo nacional. Nacido en General Conesa y residente de San Antonio Oeste desde hace 35 a\u00f1os, V\u00edctor ha dedicado gran parte de su vida a concientizar a la sociedad sobre el impacto de la basura y la importancia de la reutilizaci\u00f3n.<\/p>\n\n\n\n<p> Su enfoque innovador, centrado en proyectos que combinan creatividad, educaci\u00f3n y compromiso social, ha logrado transformar espacios urbanos y generar un efecto multiplicador en la comunidad. Desde la creaci\u00f3n de tribunas ecol\u00f3gicas hasta la implementaci\u00f3n de eco plazas, su trabajo demuestra que la gesti\u00f3n responsable de los residuos puede generar soluciones sostenibles y de alto impacto social.<\/p>\n\n\n\n<p><a href=\"https:\/\/patagoniambiental.com.ar\/info\/victor-velasque-un-ciudadano-comprometido-con-el-medio-ambiente-en-san-antonio-oeste\/\">Leer m\u00e1s: Victor Velasque, un ciudadano comprometido con el medio ambiente en San Antonio Oeste.<\/a><\/p>\n\n\n\n<h2 class=\"wp-block-heading\" id=\"h-los-comienzos-de-un-sueno-ambiental\">Los Comienzos de un Sue\u00f1o Ambiental<\/h2>\n\n\n\n<p>La motivaci\u00f3n de V\u00edctor para involucrarse en la protecci\u00f3n del medio ambiente nace de una preocupaci\u00f3n personal y familiar. Como padre, se enfrentaba al reto de llevar a sus hijos a la playa, a la r\u00eda o a balnearios tur\u00edsticos y encontrar basura acumulada a lo largo de los espacios p\u00fablicos. <\/p>\n\n\n\n<p>Este escenario le hizo comprender que la problem\u00e1tica de los residuos no era un simple inconveniente est\u00e9tico, sino un factor que afecta la calidad de vida y la salud de la comunidad. Con la premisa de \u201cay\u00fadame a ayudar\u201d, V\u00edctor emprendi\u00f3 un camino que combin\u00f3 pasi\u00f3n, creatividad y acci\u00f3n directa, convirtiendo su sue\u00f1o en un proyecto tangible que hoy inspira a ciudadanos, instituciones educativas y organizaciones locales.<\/p>\n\n\n\n<h2 class=\"wp-block-heading\" id=\"h-proyectos-ecologicos-que-transforman-la-ciudad\">Proyectos Ecol\u00f3gicos que Transforman la Ciudad<\/h2>\n\n\n\n<p>Entre los proyectos m\u00e1s destacados de V\u00edctor se encuentra la construcci\u00f3n de una tribuna ecol\u00f3gica hecha con neum\u00e1ticos reutilizados. La primera etapa permiti\u00f3 que 470 personas se sentaran en un espacio seguro y sostenible, y actualmente trabaja en la tercera etapa que permitir\u00e1 recibir hasta 2.000 visitantes.<\/p>\n\n\n\n<p> Adem\u00e1s, ha desarrollado bancos y mesas ecol\u00f3gicas en jardines de infantes y Centros de Educaci\u00f3n Media (CEM), fabricados con eco botellas y cemento, sin necesidad de hierro. Estas iniciativas no solo reducen el impacto ambiental de los residuos, sino que tambi\u00e9n sirven como espacios educativos y de concientizaci\u00f3n para ni\u00f1os y adolescentes, demostrando que la reutilizaci\u00f3n creativa es una alternativa viable y accesible para todas las comunidades.<\/p>\n\n\n\n<h2 class=\"wp-block-heading\" id=\"h-la-primera-eco-plaza-de-san-antonio-oeste\">La Primera Eco Plaza de San Antonio Oeste<\/h2>\n\n\n\n<p>Otro proyecto emblem\u00e1tico es la creaci\u00f3n de la primera eco plaza de San Antonio Oeste, dise\u00f1ada \u00edntegramente con materiales reciclados y reutilizados. Este espacio tiene como objetivo demostrar que los residuos s\u00f3lidos pueden convertirse en infraestructuras funcionales y est\u00e9ticamente atractivas. <\/p>\n\n\n\n<p>La eco plaza funcionar\u00e1 como un punto de encuentro para la comunidad, donde los vecinos podr\u00e1n disfrutar de \u00e1reas verdes y recreativas mientras reflexionan sobre la importancia de reducir, reutilizar y reciclar. V\u00edctor ha logrado que estas iniciativas sean visibles y reconocidas, posicionando a San Antonio Oeste como un ejemplo de gesti\u00f3n ambiental innovadora en la regi\u00f3n patag\u00f3nica.<\/p>\n\n\n\n<h2 class=\"wp-block-heading\" id=\"h-educacion-ambiental-en-las-escuelas\">Educaci\u00f3n Ambiental en las Escuelas<\/h2>\n\n\n\n<p>La labor de V\u00edctor no se limita a la construcci\u00f3n de espacios ecol\u00f3gicos, sino que incluye un fuerte componente educativo. Sus proyectos han sido implementados en todos los niveles educativos, desde jardines de infantes hasta escuelas secundarias.<\/p>\n\n\n\n<p> A trav\u00e9s de charlas, exposiciones y demostraciones pr\u00e1cticas, ense\u00f1a a los estudiantes c\u00f3mo los residuos dom\u00e9sticos, como caf\u00e9, aserr\u00edn, botellas y cubiertas de autos, pueden transformarse en elementos \u00fatiles como macetas, escobas, bancos y figuras decorativas. Esta pedagog\u00eda activa fomenta la conciencia ambiental desde edades tempranas, mostrando que cada acci\u00f3n individual tiene un impacto positivo en la comunidad y en el entorno natural.<\/p>\n\n\n\n<h2 class=\"wp-block-heading\" id=\"h-la-respuesta-de-la-comunidad\">La Respuesta de la Comunidad<\/h2>\n\n\n\n<p>A pesar de la falta de apoyo institucional por parte del municipio, V\u00edctor ha contado con el respaldo del Consejo Deliberante y de diversas organizaciones locales, incluyendo juntas vecinales y consejos pastorales. Su trabajo ha sido recibido con entusiasmo por los vecinos de San Antonio Oeste, Las Grutas y zonas cercanas a las rutas nacionales N\u00b03 y 251. La participaci\u00f3n activa de la sociedad demuestra que los proyectos ecol\u00f3gicos no solo generan beneficios ambientales, sino que tambi\u00e9n fortalecen el tejido social y fomentan la colaboraci\u00f3n entre diferentes actores comunitarios.<\/p>\n\n\n\n<h2 class=\"wp-block-heading\" id=\"h-expansion-y-proyeccion-nacional\">Expansi\u00f3n y Proyecci\u00f3n Nacional<\/h2>\n\n\n\n<p>Con una visi\u00f3n ambiciosa, V\u00edctor busca expandir sus proyectos m\u00e1s all\u00e1 de su ciudad. Su objetivo es replicar las iniciativas de San Antonio Oeste en otras localidades y provincias, mostrando que la reutilizaci\u00f3n de residuos puede implementarse con \u00e9xito en diferentes contextos. La experiencia acumulada en la creaci\u00f3n de canchas, tribunas y plazas ecol\u00f3gicas le permite ofrecer un modelo comprobado que combina innovaci\u00f3n, sostenibilidad y educaci\u00f3n ambiental. Este enfoque integral refuerza su posici\u00f3n como un l\u00edder comunitario con capacidad para influir en pol\u00edticas y pr\u00e1cticas ambientales a nivel regional y nacional.<\/p>\n\n\n\n<h2 class=\"wp-block-heading\" id=\"h-reconocimientos-y-meritos\">Reconocimientos y M\u00e9ritos<\/h2>\n\n\n\n<p>El compromiso de V\u00edctor Velasque ha sido reconocido por m\u00faltiples instituciones y organizaciones. Ha recibido distinciones del Consejo Deliberante local, de la Revista Ecol\u00f3gica de Argentina, y de la Cumbre SUCA, entre otros. Adem\u00e1s, organizaciones comunitarias como el Club \u201cLos Picantitos\u201d han destacado su trabajo en la inauguraci\u00f3n de la primera cancha ecol\u00f3gica con tribuna y plaza sustentable. Estos reconocimientos validan su experiencia, autoridad y confianza, elementos clave del E-A-T, reforzando la credibilidad de sus proyectos y la importancia de su contribuci\u00f3n al desarrollo sostenible de la regi\u00f3n.<\/p>\n\n\n\n<h2 class=\"wp-block-heading\" id=\"h-innovacion-y-reutilizacion-creativa\">Innovaci\u00f3n y Reutilizaci\u00f3n Creativa<\/h2>\n\n\n\n<p>Los proyectos de V\u00edctor demuestran c\u00f3mo la creatividad puede transformar residuos en infraestructuras \u00fatiles y sostenibles. Bancos, mesas, figuras decorativas y macetas hechas con eco botellas, cubiertas de autos y restos org\u00e1nicos ilustran que la basura puede convertirse en un recurso valioso si se gestiona correctamente. Esta aproximaci\u00f3n no solo reduce la contaminaci\u00f3n, sino que tambi\u00e9n inspira a la comunidad a adoptar pr\u00e1cticas responsables y a valorar la importancia de la econom\u00eda circular en su vida cotidiana.<\/p>\n\n\n\n<h2 class=\"wp-block-heading\" id=\"h-impacto-social-y-ambiental\">Impacto Social y Ambiental<\/h2>\n\n\n\n<p>Cada proyecto de V\u00edctor Velasque tiene un doble objetivo: generar beneficios ambientales y sociales. La reutilizaci\u00f3n de residuos evita la quema de basura y la acumulaci\u00f3n en basurales clandestinos, reduciendo la contaminaci\u00f3n del aire y del suelo. Al mismo tiempo, los espacios ecol\u00f3gicos fomentan la interacci\u00f3n comunitaria, promueven la educaci\u00f3n ambiental y fortalecen la identidad local. Esta combinaci\u00f3n de impacto tangible y educativo convierte a sus iniciativas en modelos replicables para otras ciudades y regiones, elevando la conciencia p\u00fablica sobre la gesti\u00f3n sostenible de los residuos.<\/p>\n\n\n\n<h2 class=\"wp-block-heading\" id=\"h-consejos-y-mensaje-a-futuras-generaciones\">Consejos y Mensaje a Futuras Generaciones<\/h2>\n\n\n\n<p>V\u00edctor enfatiza que el compromiso ambiental no depende de la edad, el dinero o el estatus social. Su mensaje a la sociedad es que la acci\u00f3n individual puede generar cambios significativos, y que si cada vecino adoptara pr\u00e1cticas responsables, el entorno ser\u00eda considerablemente mejor. Insiste en que la basura es un reflejo de la madurez y responsabilidad de la comunidad, y que la educaci\u00f3n, la creatividad y la colaboraci\u00f3n son herramientas clave para lograr un impacto positivo duradero. Este enfoque inspira a nuevas generaciones a involucrarse activamente en la protecci\u00f3n del medio ambiente.<\/p>\n\n\n\n<h2 class=\"wp-block-heading\" id=\"h-contacto-y-participacion-ciudadana\">Contacto y Participaci\u00f3n Ciudadana<\/h2>\n\n\n\n<p>Las personas interesadas en involucrarse en los proyectos de V\u00edctor o en replicar sus iniciativas pueden contactarlo a trav\u00e9s de Facebook o directamente a su celular. Esta accesibilidad refuerza la idea de comunidad participativa y demuestra que el activismo ambiental puede ser inclusivo y colaborativo, permitiendo que cualquier ciudadano contribuya a la transformaci\u00f3n de su entorno y promueva pr\u00e1cticas sostenibles en su localidad.<\/p>\n\n\n\n<p><\/p>\n\n\n\n<h2 class=\"wp-block-heading\" id=\"h-un-ejemplo-a-seguir\">Un Ejemplo a Seguir<\/h2>\n\n\n\n<p>V\u00edctor Velasque representa un ejemplo tangible de c\u00f3mo el compromiso individual puede transformar una comunidad. Sus proyectos ecol\u00f3gicos combinan innovaci\u00f3n, educaci\u00f3n y participaci\u00f3n social, demostrando que la gesti\u00f3n responsable de los residuos es posible y beneficiosa para todos. La difusi\u00f3n de su trabajo a trav\u00e9s de medios locales y nacionales contribuye a generar conciencia ambiental, fortalecer la autoridad de la informaci\u00f3n y motivar a m\u00e1s ciudadanos a involucrarse en la protecci\u00f3n del medio ambiente.<\/p>\n","protected":false},"excerpt":{"rendered":"","protected":false},"author":2,"featured_media":97582,"comment_status":"open","ping_status":"open","sticky":false,"template":"","format":"standard","meta":{"site-sidebar-layout":"default","site-content-layout":"","ast-site-content-layout":"default","site-content-style":"default","site-sidebar-style":"default","ast-global-header-display":"","ast-banner-title-visibility":"","ast-main-header-display":"","ast-hfb-above-header-display":"","ast-hfb-below-header-display":"","ast-hfb-mobile-header-display":"","site-post-title":"","ast-breadcrumbs-content":"","ast-featured-img":"","footer-sml-layout":"","ast-disable-related-posts":"","theme-transparent-header-meta":"","adv-header-id-meta":"","stick-header-meta":"","header-above-stick-meta":"","header-main-stick-meta":"","header-below-stick-meta":"","astra-migrate-meta-layouts":"default","ast-page-background-enabled":"default","ast-page-background-meta":{"desktop":{"background-color":"var(--ast-global-color-5)","background-image":"","background-repeat":"repeat","background-position":"center center","background-size":"auto","background-attachment":"scroll","background-type":"","background-media":"","overlay-type":"","overlay-color":"","overlay-opacity":"","overlay-gradient":""},"tablet":{"background-color":"","background-image":"","background-repeat":"repeat","background-position":"center center","background-size":"auto","background-attachment":"scroll","background-type":"","background-media":"","overlay-type":"","overlay-color":"","overlay-opacity":"","overlay-gradient":""},"mobile":{"background-color":"","background-image":"","background-repeat":"repeat","background-position":"center center","background-size":"auto","background-attachment":"scroll","background-type":"","background-media":"","overlay-type":"","overlay-color":"","overlay-opacity":"","overlay-gradient":""}},"ast-content-background-meta":{"desktop":{"background-color":"var(--ast-global-color-4)","background-image":"","background-repeat":"repeat","background-position":"center center","background-size":"auto","background-attachment":"scroll","background-type":"","background-media":"","overlay-type":"","overlay-color":"","overlay-opacity":"","overlay-gradient":""},"tablet":{"background-color":"var(--ast-global-color-4)","background-image":"","background-repeat":"repeat","background-position":"center center","background-size":"auto","background-attachment":"scroll","background-type":"","background-media":"","overlay-type":"","overlay-color":"","overlay-opacity":"","overlay-gradient":""},"mobile":{"background-color":"var(--ast-global-color-4)","background-image":"","background-repeat":"repeat","background-position":"center center","background-size":"auto","background-attachment":"scroll","background-type":"","background-media":"","overlay-type":"","overlay-color":"","overlay-opacity":"","overlay-gradient":""}},"footnotes":""},"categories":[3512,1],"tags":[],"class_list":["post-97581","post","type-post","status-publish","format-standard","has-post-thumbnail","hentry","category-economia-circular","category-noticias"],"yoast_head":"<!-- This site is optimized with the Yoast SEO Premium plugin v23.0 (Yoast SEO v27.5) - https:\/\/yoast.com\/product\/yoast-seo-premium-wordpress\/ -->\n<title>V\u00edctor Velasque: El Ciudadano que Transform\u00f3 la Basura en Proyectos Ecol\u00f3gicos que Inspiran a Toda la Patagonia<\/title>\n<meta name=\"description\" content=\"V\u00edctor Velasque es un referente del activismo ambiental en San Antonio Oeste, R\u00edo Negro, cuya labor ha trascendido los l\u00edmites de su ciudad\" \/>\n<meta name=\"robots\" content=\"index, follow, max-snippet:-1, max-image-preview:large, max-video-preview:-1\" \/>\n<link rel=\"canonical\" href=\"https:\/\/patagoniambiental.com.ar\/info\/97581-2\/\" \/>\n<meta property=\"og:locale\" content=\"es_ES\" \/>\n<meta property=\"og:type\" content=\"article\" \/>\n<meta property=\"og:title\" content=\"V\u00edctor Velasque: El Ciudadano que Transform\u00f3 la Basura en Proyectos Ecol\u00f3gicos que Inspiran a Toda la Patagonia\" \/>\n<meta property=\"og:description\" content=\"V\u00edctor Velasque es un referente del activismo ambiental en San Antonio Oeste, R\u00edo Negro, cuya labor ha trascendido los l\u00edmites de su ciudad\" \/>\n<meta property=\"og:url\" content=\"https:\/\/patagoniambiental.com.ar\/info\/97581-2\/\" \/>\n<meta property=\"og:site_name\" content=\"Patagonia Ambiental\" \/>\n<meta property=\"article:publisher\" content=\"https:\/\/www.facebook.com\/patagonia.ambiental\" \/>\n<meta property=\"article:author\" content=\"https:\/\/www.facebook.com\/share\/1C1V8Gv9BX\/?mibextid=qi2Omg\" \/>\n<meta property=\"article:published_time\" content=\"2025-08-13T15:18:41+00:00\" \/>\n<meta property=\"article:modified_time\" content=\"2025-08-13T15:22:01+00:00\" \/>\n<meta property=\"og:image\" content=\"https:\/\/patagoniambiental.com.ar\/info\/wp-content\/uploads\/2025\/08\/FB_IMG_1755097302046.jpg\" \/>\n\t<meta property=\"og:image:width\" content=\"1536\" \/>\n\t<meta property=\"og:image:height\" content=\"2048\" \/>\n\t<meta property=\"og:image:type\" content=\"image\/jpeg\" \/>\n<meta name=\"author\" content=\"Patagonia Ambiental\" \/>\n<meta name=\"twitter:card\" content=\"summary_large_image\" \/>\n<meta name=\"twitter:creator\" content=\"@PatAmb\" \/>\n<meta name=\"twitter:site\" content=\"@PatAmb\" \/>\n<script type=\"application\/ld+json\" class=\"yoast-schema-graph\">{\"@context\":\"https:\\\/\\\/schema.org\",\"@graph\":[{\"@type\":\"Article\",\"@id\":\"https:\\\/\\\/patagoniambiental.com.ar\\\/info\\\/97581-2\\\/#article\",\"isPartOf\":{\"@id\":\"https:\\\/\\\/patagoniambiental.com.ar\\\/info\\\/97581-2\\\/\"},\"author\":{\"name\":\"Patagonia Ambiental\",\"@id\":\"https:\\\/\\\/patagoniambiental.com.ar\\\/info\\\/#\\\/schema\\\/person\\\/db12bff64bbcbf6a253710bf0ea37b5d\"},\"headline\":\"V\u00edctor Velasque: El Ciudadano que Transform\u00f3 la Basura en Proyectos Ecol\u00f3gicos que Inspiran a Toda la Patagonia\",\"datePublished\":\"2025-08-13T15:18:41+00:00\",\"dateModified\":\"2025-08-13T15:22:01+00:00\",\"mainEntityOfPage\":{\"@id\":\"https:\\\/\\\/patagoniambiental.com.ar\\\/info\\\/97581-2\\\/\"},\"wordCount\":1455,\"commentCount\":0,\"publisher\":{\"@id\":\"https:\\\/\\\/patagoniambiental.com.ar\\\/info\\\/#organization\"},\"image\":{\"@id\":\"https:\\\/\\\/patagoniambiental.com.ar\\\/info\\\/97581-2\\\/#primaryimage\"},\"thumbnailUrl\":\"https:\\\/\\\/patagoniambiental.com.ar\\\/info\\\/wp-content\\\/uploads\\\/2025\\\/08\\\/FB_IMG_1755097302046.jpg\",\"articleSection\":[\"Econom\u00eda Circular\",\"Noticias\"],\"inLanguage\":\"es\",\"potentialAction\":[{\"@type\":\"CommentAction\",\"name\":\"Comment\",\"target\":[\"https:\\\/\\\/patagoniambiental.com.ar\\\/info\\\/97581-2\\\/#respond\"]}]},{\"@type\":\"WebPage\",\"@id\":\"https:\\\/\\\/patagoniambiental.com.ar\\\/info\\\/97581-2\\\/\",\"url\":\"https:\\\/\\\/patagoniambiental.com.ar\\\/info\\\/97581-2\\\/\",\"name\":\"V\u00edctor Velasque: El Ciudadano que Transform\u00f3 la Basura en Proyectos Ecol\u00f3gicos que Inspiran a Toda la Patagonia\",\"isPartOf\":{\"@id\":\"https:\\\/\\\/patagoniambiental.com.ar\\\/info\\\/#website\"},\"primaryImageOfPage\":{\"@id\":\"https:\\\/\\\/patagoniambiental.com.ar\\\/info\\\/97581-2\\\/#primaryimage\"},\"image\":{\"@id\":\"https:\\\/\\\/patagoniambiental.com.ar\\\/info\\\/97581-2\\\/#primaryimage\"},\"thumbnailUrl\":\"https:\\\/\\\/patagoniambiental.com.ar\\\/info\\\/wp-content\\\/uploads\\\/2025\\\/08\\\/FB_IMG_1755097302046.jpg\",\"datePublished\":\"2025-08-13T15:18:41+00:00\",\"dateModified\":\"2025-08-13T15:22:01+00:00\",\"description\":\"V\u00edctor Velasque es un referente del activismo ambiental en San Antonio Oeste, R\u00edo Negro, cuya labor ha trascendido los l\u00edmites de su ciudad\",\"breadcrumb\":{\"@id\":\"https:\\\/\\\/patagoniambiental.com.ar\\\/info\\\/97581-2\\\/#breadcrumb\"},\"inLanguage\":\"es\",\"potentialAction\":[{\"@type\":\"ReadAction\",\"target\":[\"https:\\\/\\\/patagoniambiental.com.ar\\\/info\\\/97581-2\\\/\"]}]},{\"@type\":\"ImageObject\",\"inLanguage\":\"es\",\"@id\":\"https:\\\/\\\/patagoniambiental.com.ar\\\/info\\\/97581-2\\\/#primaryimage\",\"url\":\"https:\\\/\\\/patagoniambiental.com.ar\\\/info\\\/wp-content\\\/uploads\\\/2025\\\/08\\\/FB_IMG_1755097302046.jpg\",\"contentUrl\":\"https:\\\/\\\/patagoniambiental.com.ar\\\/info\\\/wp-content\\\/uploads\\\/2025\\\/08\\\/FB_IMG_1755097302046.jpg\",\"width\":450,\"height\":600,\"caption\":\"V\u00edctor Velasque: El Ciudadano que Transform\u00f3 la Basura en Proyectos Ecol\u00f3gicos que Inspiran a Toda la Patagonia\"},{\"@type\":\"BreadcrumbList\",\"@id\":\"https:\\\/\\\/patagoniambiental.com.ar\\\/info\\\/97581-2\\\/#breadcrumb\",\"itemListElement\":[{\"@type\":\"ListItem\",\"position\":1,\"name\":\"Inicio\",\"item\":\"https:\\\/\\\/patagoniambiental.com.ar\\\/info\\\/\"},{\"@type\":\"ListItem\",\"position\":2,\"name\":\"V\u00edctor Velasque: El Ciudadano que Transform\u00f3 la Basura en Proyectos Ecol\u00f3gicos que Inspiran a Toda la Patagonia\"}]},{\"@type\":\"WebSite\",\"@id\":\"https:\\\/\\\/patagoniambiental.com.ar\\\/info\\\/#website\",\"url\":\"https:\\\/\\\/patagoniambiental.com.ar\\\/info\\\/\",\"name\":\"Patagonia Ambiental\",\"description\":\"Monitoreo y an\u00e1lisis de la situaci\u00f3n geopol\u00edtica en el mundo y su implicancia en la Patagonia\",\"publisher\":{\"@id\":\"https:\\\/\\\/patagoniambiental.com.ar\\\/info\\\/#organization\"},\"potentialAction\":[{\"@type\":\"SearchAction\",\"target\":{\"@type\":\"EntryPoint\",\"urlTemplate\":\"https:\\\/\\\/patagoniambiental.com.ar\\\/info\\\/?s={search_term_string}\"},\"query-input\":{\"@type\":\"PropertyValueSpecification\",\"valueRequired\":true,\"valueName\":\"search_term_string\"}}],\"inLanguage\":\"es\"},{\"@type\":\"Organization\",\"@id\":\"https:\\\/\\\/patagoniambiental.com.ar\\\/info\\\/#organization\",\"name\":\"Patagonia Ambiental\",\"url\":\"https:\\\/\\\/patagoniambiental.com.ar\\\/info\\\/\",\"logo\":{\"@type\":\"ImageObject\",\"inLanguage\":\"es\",\"@id\":\"https:\\\/\\\/patagoniambiental.com.ar\\\/info\\\/#\\\/schema\\\/logo\\\/image\\\/\",\"url\":\"https:\\\/\\\/patagoniambiental.com.ar\\\/info\\\/wp-content\\\/uploads\\\/2025\\\/05\\\/LOGO-PATAGONIA-AMBIENTAL.png\",\"contentUrl\":\"https:\\\/\\\/patagoniambiental.com.ar\\\/info\\\/wp-content\\\/uploads\\\/2025\\\/05\\\/LOGO-PATAGONIA-AMBIENTAL.png\",\"width\":433,\"height\":250,\"caption\":\"Patagonia Ambiental\"},\"image\":{\"@id\":\"https:\\\/\\\/patagoniambiental.com.ar\\\/info\\\/#\\\/schema\\\/logo\\\/image\\\/\"},\"sameAs\":[\"https:\\\/\\\/www.facebook.com\\\/patagonia.ambiental\",\"https:\\\/\\\/x.com\\\/PatAmb\"]},{\"@type\":\"Person\",\"@id\":\"https:\\\/\\\/patagoniambiental.com.ar\\\/info\\\/#\\\/schema\\\/person\\\/db12bff64bbcbf6a253710bf0ea37b5d\",\"name\":\"Patagonia Ambiental\",\"description\":\"Andr\u00e9s Nievas T\u00e9cnico en manejo ambiental, consultor Ambiental y escritor para medios locales e internacionales sobre temas de geopolitica y medio ambiente.\",\"sameAs\":[\"http:\\\/\\\/www.patagoniambiental.com.ar\",\"https:\\\/\\\/www.facebook.com\\\/share\\\/1C1V8Gv9BX\\\/?mibextid=qi2Omg\",\"@patagoniambiental\",\"https:\\\/\\\/youtube.com\\\/@patagoniaambiental2023?si=BLt58t0wuXquxlYZ\"]}]}<\/script>\n<!-- \/ Yoast SEO Premium plugin. -->","yoast_head_json":{"title":"V\u00edctor Velasque: El Ciudadano que Transform\u00f3 la Basura en Proyectos Ecol\u00f3gicos que Inspiran a Toda la Patagonia","description":"V\u00edctor Velasque es un referente del activismo ambiental en San Antonio Oeste, R\u00edo Negro, cuya labor ha trascendido los l\u00edmites de su ciudad","robots":{"index":"index","follow":"follow","max-snippet":"max-snippet:-1","max-image-preview":"max-image-preview:large","max-video-preview":"max-video-preview:-1"},"canonical":"https:\/\/patagoniambiental.com.ar\/info\/97581-2\/","og_locale":"es_ES","og_type":"article","og_title":"V\u00edctor Velasque: El Ciudadano que Transform\u00f3 la Basura en Proyectos Ecol\u00f3gicos que Inspiran a Toda la Patagonia","og_description":"V\u00edctor Velasque es un referente del activismo ambiental en San Antonio Oeste, R\u00edo Negro, cuya labor ha trascendido los l\u00edmites de su ciudad","og_url":"https:\/\/patagoniambiental.com.ar\/info\/97581-2\/","og_site_name":"Patagonia Ambiental","article_publisher":"https:\/\/www.facebook.com\/patagonia.ambiental","article_author":"https:\/\/www.facebook.com\/share\/1C1V8Gv9BX\/?mibextid=qi2Omg","article_published_time":"2025-08-13T15:18:41+00:00","article_modified_time":"2025-08-13T15:22:01+00:00","og_image":[{"width":1536,"height":2048,"url":"https:\/\/patagoniambiental.com.ar\/info\/wp-content\/uploads\/2025\/08\/FB_IMG_1755097302046.jpg","type":"image\/jpeg"}],"author":"Patagonia Ambiental","twitter_card":"summary_large_image","twitter_creator":"@PatAmb","twitter_site":"@PatAmb","schema":{"@context":"https:\/\/schema.org","@graph":[{"@type":"Article","@id":"https:\/\/patagoniambiental.com.ar\/info\/97581-2\/#article","isPartOf":{"@id":"https:\/\/patagoniambiental.com.ar\/info\/97581-2\/"},"author":{"name":"Patagonia Ambiental","@id":"https:\/\/patagoniambiental.com.ar\/info\/#\/schema\/person\/db12bff64bbcbf6a253710bf0ea37b5d"},"headline":"V\u00edctor Velasque: El Ciudadano que Transform\u00f3 la Basura en Proyectos Ecol\u00f3gicos que Inspiran a Toda la Patagonia","datePublished":"2025-08-13T15:18:41+00:00","dateModified":"2025-08-13T15:22:01+00:00","mainEntityOfPage":{"@id":"https:\/\/patagoniambiental.com.ar\/info\/97581-2\/"},"wordCount":1455,"commentCount":0,"publisher":{"@id":"https:\/\/patagoniambiental.com.ar\/info\/#organization"},"image":{"@id":"https:\/\/patagoniambiental.com.ar\/info\/97581-2\/#primaryimage"},"thumbnailUrl":"https:\/\/patagoniambiental.com.ar\/info\/wp-content\/uploads\/2025\/08\/FB_IMG_1755097302046.jpg","articleSection":["Econom\u00eda Circular","Noticias"],"inLanguage":"es","potentialAction":[{"@type":"CommentAction","name":"Comment","target":["https:\/\/patagoniambiental.com.ar\/info\/97581-2\/#respond"]}]},{"@type":"WebPage","@id":"https:\/\/patagoniambiental.com.ar\/info\/97581-2\/","url":"https:\/\/patagoniambiental.com.ar\/info\/97581-2\/","name":"V\u00edctor Velasque: El Ciudadano que Transform\u00f3 la Basura en Proyectos Ecol\u00f3gicos que Inspiran a Toda la Patagonia","isPartOf":{"@id":"https:\/\/patagoniambiental.com.ar\/info\/#website"},"primaryImageOfPage":{"@id":"https:\/\/patagoniambiental.com.ar\/info\/97581-2\/#primaryimage"},"image":{"@id":"https:\/\/patagoniambiental.com.ar\/info\/97581-2\/#primaryimage"},"thumbnailUrl":"https:\/\/patagoniambiental.com.ar\/info\/wp-content\/uploads\/2025\/08\/FB_IMG_1755097302046.jpg","datePublished":"2025-08-13T15:18:41+00:00","dateModified":"2025-08-13T15:22:01+00:00","description":"V\u00edctor Velasque es un referente del activismo ambiental en San Antonio Oeste, R\u00edo Negro, cuya labor ha trascendido los l\u00edmites de su ciudad","breadcrumb":{"@id":"https:\/\/patagoniambiental.com.ar\/info\/97581-2\/#breadcrumb"},"inLanguage":"es","potentialAction":[{"@type":"ReadAction","target":["https:\/\/patagoniambiental.com.ar\/info\/97581-2\/"]}]},{"@type":"ImageObject","inLanguage":"es","@id":"https:\/\/patagoniambiental.com.ar\/info\/97581-2\/#primaryimage","url":"https:\/\/patagoniambiental.com.ar\/info\/wp-content\/uploads\/2025\/08\/FB_IMG_1755097302046.jpg","contentUrl":"https:\/\/patagoniambiental.com.ar\/info\/wp-content\/uploads\/2025\/08\/FB_IMG_1755097302046.jpg","width":450,"height":600,"caption":"V\u00edctor Velasque: El Ciudadano que Transform\u00f3 la Basura en Proyectos Ecol\u00f3gicos que Inspiran a Toda la Patagonia"},{"@type":"BreadcrumbList","@id":"https:\/\/patagoniambiental.com.ar\/info\/97581-2\/#breadcrumb","itemListElement":[{"@type":"ListItem","position":1,"name":"Inicio","item":"https:\/\/patagoniambiental.com.ar\/info\/"},{"@type":"ListItem","position":2,"name":"V\u00edctor Velasque: El Ciudadano que Transform\u00f3 la Basura en Proyectos Ecol\u00f3gicos que Inspiran a Toda la Patagonia"}]},{"@type":"WebSite","@id":"https:\/\/patagoniambiental.com.ar\/info\/#website","url":"https:\/\/patagoniambiental.com.ar\/info\/","name":"Patagonia Ambiental","description":"Monitoreo y an\u00e1lisis de la situaci\u00f3n geopol\u00edtica en el mundo y su implicancia en la Patagonia","publisher":{"@id":"https:\/\/patagoniambiental.com.ar\/info\/#organization"},"potentialAction":[{"@type":"SearchAction","target":{"@type":"EntryPoint","urlTemplate":"https:\/\/patagoniambiental.com.ar\/info\/?s={search_term_string}"},"query-input":{"@type":"PropertyValueSpecification","valueRequired":true,"valueName":"search_term_string"}}],"inLanguage":"es"},{"@type":"Organization","@id":"https:\/\/patagoniambiental.com.ar\/info\/#organization","name":"Patagonia Ambiental","url":"https:\/\/patagoniambiental.com.ar\/info\/","logo":{"@type":"ImageObject","inLanguage":"es","@id":"https:\/\/patagoniambiental.com.ar\/info\/#\/schema\/logo\/image\/","url":"https:\/\/patagoniambiental.com.ar\/info\/wp-content\/uploads\/2025\/05\/LOGO-PATAGONIA-AMBIENTAL.png","contentUrl":"https:\/\/patagoniambiental.com.ar\/info\/wp-content\/uploads\/2025\/05\/LOGO-PATAGONIA-AMBIENTAL.png","width":433,"height":250,"caption":"Patagonia Ambiental"},"image":{"@id":"https:\/\/patagoniambiental.com.ar\/info\/#\/schema\/logo\/image\/"},"sameAs":["https:\/\/www.facebook.com\/patagonia.ambiental","https:\/\/x.com\/PatAmb"]},{"@type":"Person","@id":"https:\/\/patagoniambiental.com.ar\/info\/#\/schema\/person\/db12bff64bbcbf6a253710bf0ea37b5d","name":"Patagonia Ambiental","description":"Andr\u00e9s Nievas T\u00e9cnico en manejo ambiental, consultor Ambiental y escritor para medios locales e internacionales sobre temas de geopolitica y medio ambiente.","sameAs":["http:\/\/www.patagoniambiental.com.ar","https:\/\/www.facebook.com\/share\/1C1V8Gv9BX\/?mibextid=qi2Omg","@patagoniambiental","https:\/\/youtube.com\/@patagoniaambiental2023?si=BLt58t0wuXquxlYZ"]}]}},"_links":{"self":[{"href":"https:\/\/patagoniambiental.com.ar\/info\/wp-json\/wp\/v2\/posts\/97581","targetHints":{"allow":["GET"]}}],"collection":[{"href":"https:\/\/patagoniambiental.com.ar\/info\/wp-json\/wp\/v2\/posts"}],"about":[{"href":"https:\/\/patagoniambiental.com.ar\/info\/wp-json\/wp\/v2\/types\/post"}],"author":[{"embeddable":true,"href":"https:\/\/patagoniambiental.com.ar\/info\/wp-json\/wp\/v2\/users\/2"}],"replies":[{"embeddable":true,"href":"https:\/\/patagoniambiental.com.ar\/info\/wp-json\/wp\/v2\/comments?post=97581"}],"version-history":[{"count":3,"href":"https:\/\/patagoniambiental.com.ar\/info\/wp-json\/wp\/v2\/posts\/97581\/revisions"}],"predecessor-version":[{"id":97586,"href":"https:\/\/patagoniambiental.com.ar\/info\/wp-json\/wp\/v2\/posts\/97581\/revisions\/97586"}],"wp:featuredmedia":[{"embeddable":true,"href":"https:\/\/patagoniambiental.com.ar\/info\/wp-json\/wp\/v2\/media\/97582"}],"wp:attachment":[{"href":"https:\/\/patagoniambiental.com.ar\/info\/wp-json\/wp\/v2\/media?parent=97581"}],"wp:term":[{"taxonomy":"category","embeddable":true,"href":"https:\/\/patagoniambiental.com.ar\/info\/wp-json\/wp\/v2\/categories?post=97581"},{"taxonomy":"post_tag","embeddable":true,"href":"https:\/\/patagoniambiental.com.ar\/info\/wp-json\/wp\/v2\/tags?post=97581"}],"curies":[{"name":"wp","href":"https:\/\/api.w.org\/{rel}","templated":true}]}}