{"id":97590,"date":"2025-08-27T07:00:00","date_gmt":"2025-08-27T10:00:00","guid":{"rendered":"https:\/\/patagoniambiental.com.ar\/info\/?p=97590"},"modified":"2025-08-27T08:45:40","modified_gmt":"2025-08-27T11:45:40","slug":"cartones-callejeros-empleo-formal-cooperativa-cotranvi","status":"publish","type":"post","link":"https:\/\/patagoniambiental.com.ar\/info\/cartones-callejeros-empleo-formal-cooperativa-cotranvi\/","title":{"rendered":"De cartones callejeros a empleo formal: la historia de la Cooperativa COTRANVI en Viedma"},"content":{"rendered":"\n<!--more-->\n\n\n\n<p>Por Andr\u00e9s Nievas \u2013 Patagonia Ambiental<\/p>\n\n\n\n<p>Viedma, Rio Negro, 27 de agosto de 2025. En la ciudad de Viedma, R\u00edo Negro, un grupo de vecinos convirti\u00f3 la recolecci\u00f3n de materiales reciclables en un proyecto formal que genera empleo y conciencia ambiental. Se trata de la Cooperativa de Trabajo para una Nueva Vida (COTRANVI), que hoy cumple tres a\u00f1os de trayectoria. Jos\u00e9 Paredes, presidente de la cooperativa, Alejandra Cifuentes, tesorera, y Juli\u00e1n Arribas, responsable de apoyo log\u00edstico y asesoramiento, contaron a Patagonia Ambiental c\u00f3mo pasaron de trabajar en la calle recolectando cartones a operar una planta GIRSU que permitir\u00e1 procesar residuos de manera profesional y ordenada.<\/p>\n\n\n\n<figure class=\"wp-block-image size-full\"><img fetchpriority=\"high\" decoding=\"async\" width=\"819\" height=\"489\" src=\"https:\/\/patagoniambiental.com.ar\/info\/wp-content\/uploads\/2025\/08\/1000159798.jpg\" alt=\"\" class=\"wp-image-97592\"\/><\/figure>\n\n\n\n<p>Trabajadores de la Cooperativa en las instalaciones de la Planta GIRSU de Viedma<\/p>\n\n\n\n<p><\/p>\n\n\n\n<h2 class=\"wp-block-heading\" id=\"h-el-origen-de-cotranvi-una-respuesta-ciudadana-al-basural-a-cielo-abierto\">El origen de COTRANVI: una respuesta ciudadana al basural a cielo abierto<\/h2>\n\n\n\n<p>La idea de fundar la cooperativa surgi\u00f3 en 2016, cuando los vecinos se opusieron a la instalaci\u00f3n de un basural a cielo abierto en su zona semirural. Jos\u00e9 Paredes explica:<\/p>\n\n\n\n<p>\u00abTuvimos reuniones con el municipio y dijimos que la basura a cielo abierto no, que queremos una planta de reciclado organizada. As\u00ed surgi\u00f3 la idea de formar COTRANVI para operar la planta GIRSU y generar empleo cuidando el medio ambiente.\u00bb<\/p>\n\n\n\n<p>El primer contacto con la realidad del reciclaje fue de manera independiente: Alejandra Cifuentes comenz\u00f3 como cartonera en 2001, recorriendo las calles con su moto y un carrito para recolectar cart\u00f3n y papel. Esta experiencia permiti\u00f3 a los integrantes fundadores transmitir conocimientos a los nuevos miembros de la cooperativa.<\/p>\n\n\n\n\n\n<figure class=\"wp-block-image size-full\"><img decoding=\"async\" width=\"960\" height=\"467\" src=\"https:\/\/patagoniambiental.com.ar\/info\/wp-content\/uploads\/2025\/08\/1000159797.jpg\" alt=\"\" class=\"wp-image-97595\"\/><\/figure>\n\n\n\n<p>Contenedores para la disposici\u00f3n de materiales reciclables en organismos publicos<\/p>\n\n\n\n<p><\/p>\n\n\n\n<h2 class=\"wp-block-heading\" id=\"h-objetivos-y-proyeccion-mas-que-reciclaje\">Objetivos y proyecci\u00f3n: m\u00e1s que reciclaje<\/h2>\n\n\n\n<p>COTRANVI cuenta actualmente con 23 integrantes activos y alrededor de 20 personas m\u00e1s esperando iniciar actividades en la planta GIRSU. Su labor incluye la recolecci\u00f3n de residuos en oficinas p\u00fablicas, puntos verdes distribuidos por la ciudad y charlas de educaci\u00f3n ambiental en escuelas.<\/p>\n\n\n\n<p>\u00abNuestros objetivos son claros: reciclar la mayor cantidad de materiales posibles, educar a la comunidad y generar empleo local\u00bb, se\u00f1ala Paredes. Entre los proyectos que est\u00e1n en desarrollo se encuentran:<\/p>\n\n\n\n<ul class=\"wp-block-list\">\n<li>Recolecci\u00f3n y tratamiento de chatarra electr\u00f3nica (RAEEs).<\/li>\n\n\n\n<li>Fabricaci\u00f3n de ladrillos con materiales pl\u00e1sticos de descarte.<\/li>\n\n\n\n<li>Implementaci\u00f3n de un sistema de separaci\u00f3n y acopio en Puntos Verdes distribuidos en escuelas, estaciones de servicio y locales privados.<\/li>\n<\/ul>\n\n\n\n<h2 class=\"wp-block-heading\" id=\"h-puntos-verdes-concientizacion-y-recoleccion-comunitaria\">Puntos Verdes: concientizaci\u00f3n y recolecci\u00f3n comunitaria<\/h2>\n\n\n\n<p>Los Puntos Verdes son espacios estrat\u00e9gicos donde los vecinos pueden depositar materiales reciclables secos, que luego son recolectados por la cooperativa dos veces por semana. Juli\u00e1n Arribas explica:<\/p>\n\n\n\n<figure class=\"wp-block-image size-full\"><img decoding=\"async\" width=\"960\" height=\"467\" src=\"https:\/\/patagoniambiental.com.ar\/info\/wp-content\/uploads\/2025\/08\/1000159796.jpg\" alt=\"\" class=\"wp-image-97598\"\/><\/figure>\n\n\n\n<h3 class=\"wp-block-heading\" id=\"h-la-municipalidad-la-cooperativa-cotranvi-y-la-secretaria-de-ambiente-de-la-provincia-implementan-un-programa-para-reciclar-y-recuperar-residuos-de-papel\">\u00abLa Municipalidad, la cooperativa COTRANVI y la Secretaria de Ambiente de la Provincia implementan un programa para reciclar y recuperar residuos de papel<\/h3>\n\n\n\n<p><\/p>\n\n\n\n<p>Al principio cost\u00f3 que la gente se sumara, pero hoy participan muchas familias y se genera un caudal de material alto. Si el municipio adoptara una pol\u00edtica integral, se podr\u00eda multiplicar la cantidad de residuos reciclados y los puestos de trabajo.\u00bb<\/p>\n\n\n\n<p>Estos puntos complementan otras iniciativas municipales como las campanas amarillas, que en el pasado eran gestionadas por empresas privadas. Actualmente, COTRANVI busca acopiar y procesar pl\u00e1sticos y otros materiales que de otra manera quedar\u00edan dispersos en la ciudad.<\/p>\n\n\n\n<h2 class=\"wp-block-heading\" id=\"h-la-planta-girsu-el-paso-hacia-la-formalizacion\">La planta GIRSU: el paso hacia la formalizaci\u00f3n<\/h2>\n\n\n\n<p>Aunque a\u00fan no cuentan con un galp\u00f3n propio, la cooperativa utiliza espacios de acopio provisionales en casas de sus miembros y tiene previsto operar la planta GIRSU en cuanto se habilite formalmente. All\u00ed se realizar\u00e1n tareas de:<\/p>\n\n\n\n<p>Limpieza de escombros.<\/p>\n\n\n\n<ul class=\"wp-block-list\">\n<li>Separaci\u00f3n de residuos de puntos verdes y puntos limpios del municipio.<\/li>\n\n\n\n<li>Chipeado de ramas y tratamiento de cubiertas.<\/li>\n\n\n\n<li>Procesamiento de otros materiales seg\u00fan los proyectos de reciclaje que se implementen.<\/li>\n<\/ul>\n\n\n\n<p>\u00abQueremos que la planta sea un ejemplo de trabajo limpio y eficiente, que genere empleo y mejore la gesti\u00f3n de residuos en Viedma,\u00bb afirma Paredes.<\/p>\n\n\n\n<h2 class=\"wp-block-heading\" id=\"h-educacion-ambiental-sembrando-conciencia-en-la-comunidad\">Educaci\u00f3n ambiental: sembrando conciencia en la comunidad<\/h2>\n\n\n\n<p>COTRANVI no solo recolecta y procesa materiales: tambi\u00e9n realiza charlas gratuitas en escuelas, ferias y espacios comunitarios, explicando la importancia de la separaci\u00f3n de residuos en origen. Alejandra Cifuentes rememora:<\/p>\n\n\n\n<p>\u00abCuando empez\u00e1bamos, los chicos nos acompa\u00f1aban en la recolecci\u00f3n y aprend\u00edan a clasificar los residuos. Hoy seguimos promoviendo la educaci\u00f3n ambiental con las nuevas generaciones.\u00bb<\/p>\n\n\n\n<p>Estas actividades permiten que la comunidad participe activamente en la gesti\u00f3n sostenible de residuos, fomentando la cooperaci\u00f3n y la responsabilidad ciudadana.<\/p>\n\n\n\n<figure class=\"wp-block-image size-full\"><img loading=\"lazy\" decoding=\"async\" width=\"424\" height=\"600\" src=\"https:\/\/patagoniambiental.com.ar\/info\/wp-content\/uploads\/2025\/08\/1000159799.jpg\" alt=\"\" class=\"wp-image-97599\"\/><\/figure>\n\n\n\n<p>Puntos limpios de la Cooperativa COTRANVI<\/p>\n\n\n\n<p><\/p>\n\n\n\n<h2 class=\"wp-block-heading\" id=\"h-beneficios-ambientales-y-sociales\">Beneficios ambientales y sociales<\/h2>\n\n\n\n<p>Adem\u00e1s de generar empleo digno, las actividades de COTRANVI contribuyen a:<\/p>\n\n\n\n<ul class=\"wp-block-list\">\n<li>Reducir la cantidad de residuos enterrados en rellenos sanitarios.<\/li>\n\n\n\n<li>Evitar la quema de basura, preservando puestos de trabajo y reduciendo la contaminaci\u00f3n.<\/li>\n\n\n\n<li>Recuperar materiales valiosos como papel, cart\u00f3n, vidrio, pl\u00e1sticos y metales, integr\u00e1ndolos nuevamente en la cadena productiva.<\/li>\n\n\n\n<li>Promover la educaci\u00f3n ambiental y la participaci\u00f3n comunitaria.<\/li>\n<\/ul>\n\n\n\n<p>\u00abVemos materiales que llevan 20-30 a\u00f1os enterrados y que han contaminado el suelo. Si los reciclamos, ayudamos al medio ambiente y a la econom\u00eda local,\u00bb a\u00f1ade Paredes.<\/p>\n\n\n\n<h2 class=\"wp-block-heading\" id=\"h-como-sumarse-a-la-cooperativa-y-participar-del-reciclaje\">C\u00f3mo sumarse a la cooperativa y participar del reciclaje<\/h2>\n\n\n\n<p>COTRANVI invita a los vecinos a colaborar desde sus hogares separando residuos en origen y acerc\u00e1ndolos a los Puntos Verdes. Tambi\u00e9n pueden formar nuevos puntos verdes en sus barrios, que ser\u00e1n gestionados por la cooperativa.<\/p>\n\n\n\n<p>Contacto:<\/p>\n\n\n\n<p>Facebook: Coop Cotranvi<\/p>\n\n\n\n<p>Tel\u00e9fono: 02920-15407762<\/p>\n\n\n\n<h2 class=\"wp-block-heading\" id=\"h-un-modelo-de-inclusion-y-sostenibilidad\">Un modelo de inclusi\u00f3n y sostenibilidad<\/h2>\n\n\n\n<p>La historia de COTRANVI demuestra que la recuperaci\u00f3n de materiales reciclables puede convertirse en una actividad organizada, sustentable y generadora de empleo, cuando la iniciativa ciudadana se articula con proyectos municipales y el compromiso comunitario. De recolectar cartones en las calles a operar una planta de tratamiento de residuos, la cooperativa es un ejemplo de c\u00f3mo el reciclaje puede transformar vidas y cuidar el medio ambiente en Viedma y toda la Patagonia.<\/p>\n\n\n\n<p><\/p>\n","protected":false},"excerpt":{"rendered":"","protected":false},"author":2,"featured_media":97601,"comment_status":"open","ping_status":"open","sticky":false,"template":"","format":"standard","meta":{"site-sidebar-layout":"default","site-content-layout":"","ast-site-content-layout":"default","site-content-style":"default","site-sidebar-style":"default","ast-global-header-display":"","ast-banner-title-visibility":"","ast-main-header-display":"","ast-hfb-above-header-display":"","ast-hfb-below-header-display":"","ast-hfb-mobile-header-display":"","site-post-title":"","ast-breadcrumbs-content":"","ast-featured-img":"","footer-sml-layout":"","ast-disable-related-posts":"","theme-transparent-header-meta":"","adv-header-id-meta":"","stick-header-meta":"","header-above-stick-meta":"","header-main-stick-meta":"","header-below-stick-meta":"","astra-migrate-meta-layouts":"default","ast-page-background-enabled":"default","ast-page-background-meta":{"desktop":{"background-color":"var(--ast-global-color-5)","background-image":"","background-repeat":"repeat","background-position":"center center","background-size":"auto","background-attachment":"scroll","background-type":"","background-media":"","overlay-type":"","overlay-color":"","overlay-opacity":"","overlay-gradient":""},"tablet":{"background-color":"","background-image":"","background-repeat":"repeat","background-position":"center center","background-size":"auto","background-attachment":"scroll","background-type":"","background-media":"","overlay-type":"","overlay-color":"","overlay-opacity":"","overlay-gradient":""},"mobile":{"background-color":"","background-image":"","background-repeat":"repeat","background-position":"center center","background-size":"auto","background-attachment":"scroll","background-type":"","background-media":"","overlay-type":"","overlay-color":"","overlay-opacity":"","overlay-gradient":""}},"ast-content-background-meta":{"desktop":{"background-color":"var(--ast-global-color-4)","background-image":"","background-repeat":"repeat","background-position":"center center","background-size":"auto","background-attachment":"scroll","background-type":"","background-media":"","overlay-type":"","overlay-color":"","overlay-opacity":"","overlay-gradient":""},"tablet":{"background-color":"var(--ast-global-color-4)","background-image":"","background-repeat":"repeat","background-position":"center center","background-size":"auto","background-attachment":"scroll","background-type":"","background-media":"","overlay-type":"","overlay-color":"","overlay-opacity":"","overlay-gradient":""},"mobile":{"background-color":"var(--ast-global-color-4)","background-image":"","background-repeat":"repeat","background-position":"center center","background-size":"auto","background-attachment":"scroll","background-type":"","background-media":"","overlay-type":"","overlay-color":"","overlay-opacity":"","overlay-gradient":""}},"footnotes":""},"categories":[3512,1],"tags":[],"class_list":["post-97590","post","type-post","status-publish","format-standard","has-post-thumbnail","hentry","category-economia-circular","category-noticias"],"yoast_head":"<!-- This site is optimized with the Yoast SEO Premium plugin v23.0 (Yoast SEO v27.5) - https:\/\/yoast.com\/product\/yoast-seo-premium-wordpress\/ -->\n<title>De cartones callejeros a empleo formal: la historia de la Cooperativa COTRANVI en Viedma<\/title>\n<meta name=\"description\" content=\"En Viedma, vecinos convirtieron la recolecci\u00f3n de materiales reciclables en un proyecto que genera empleo y conciencia ambiental.\" \/>\n<meta name=\"robots\" content=\"index, follow, max-snippet:-1, max-image-preview:large, max-video-preview:-1\" \/>\n<link rel=\"canonical\" href=\"https:\/\/patagoniambiental.com.ar\/info\/cartones-callejeros-empleo-formal-cooperativa-cotranvi\/\" \/>\n<meta property=\"og:locale\" content=\"es_ES\" \/>\n<meta property=\"og:type\" content=\"article\" \/>\n<meta property=\"og:title\" content=\"De cartones callejeros a empleo formal: la historia de la Cooperativa COTRANVI en Viedma\" \/>\n<meta property=\"og:description\" content=\"En Viedma, vecinos convirtieron la recolecci\u00f3n de materiales reciclables en un proyecto que genera empleo y conciencia ambiental.\" \/>\n<meta property=\"og:url\" content=\"https:\/\/patagoniambiental.com.ar\/info\/cartones-callejeros-empleo-formal-cooperativa-cotranvi\/\" \/>\n<meta property=\"og:site_name\" content=\"Patagonia Ambiental\" \/>\n<meta property=\"article:publisher\" content=\"https:\/\/www.facebook.com\/patagonia.ambiental\" \/>\n<meta property=\"article:author\" content=\"https:\/\/www.facebook.com\/share\/1C1V8Gv9BX\/?mibextid=qi2Omg\" \/>\n<meta property=\"article:published_time\" content=\"2025-08-27T10:00:00+00:00\" \/>\n<meta property=\"article:modified_time\" content=\"2025-08-27T11:45:40+00:00\" \/>\n<meta property=\"og:image\" content=\"https:\/\/patagoniambiental.com.ar\/info\/wp-content\/uploads\/2025\/08\/DSC04487.jpg\" \/>\n\t<meta property=\"og:image:width\" content=\"947\" \/>\n\t<meta property=\"og:image:height\" content=\"536\" \/>\n\t<meta property=\"og:image:type\" content=\"image\/jpeg\" \/>\n<meta name=\"author\" content=\"Patagonia Ambiental\" \/>\n<meta name=\"twitter:card\" content=\"summary_large_image\" \/>\n<meta name=\"twitter:creator\" content=\"@PatAmb\" \/>\n<meta name=\"twitter:site\" content=\"@PatAmb\" \/>\n<script type=\"application\/ld+json\" class=\"yoast-schema-graph\">{\"@context\":\"https:\\\/\\\/schema.org\",\"@graph\":[{\"@type\":\"Article\",\"@id\":\"https:\\\/\\\/patagoniambiental.com.ar\\\/info\\\/cartones-callejeros-empleo-formal-cooperativa-cotranvi\\\/#article\",\"isPartOf\":{\"@id\":\"https:\\\/\\\/patagoniambiental.com.ar\\\/info\\\/cartones-callejeros-empleo-formal-cooperativa-cotranvi\\\/\"},\"author\":{\"name\":\"Patagonia Ambiental\",\"@id\":\"https:\\\/\\\/patagoniambiental.com.ar\\\/info\\\/#\\\/schema\\\/person\\\/db12bff64bbcbf6a253710bf0ea37b5d\"},\"headline\":\"De cartones callejeros a empleo formal: la historia de la Cooperativa COTRANVI en Viedma\",\"datePublished\":\"2025-08-27T10:00:00+00:00\",\"dateModified\":\"2025-08-27T11:45:40+00:00\",\"mainEntityOfPage\":{\"@id\":\"https:\\\/\\\/patagoniambiental.com.ar\\\/info\\\/cartones-callejeros-empleo-formal-cooperativa-cotranvi\\\/\"},\"wordCount\":991,\"commentCount\":0,\"publisher\":{\"@id\":\"https:\\\/\\\/patagoniambiental.com.ar\\\/info\\\/#organization\"},\"image\":{\"@id\":\"https:\\\/\\\/patagoniambiental.com.ar\\\/info\\\/cartones-callejeros-empleo-formal-cooperativa-cotranvi\\\/#primaryimage\"},\"thumbnailUrl\":\"https:\\\/\\\/patagoniambiental.com.ar\\\/info\\\/wp-content\\\/uploads\\\/2025\\\/08\\\/DSC04487.jpg\",\"articleSection\":[\"Econom\u00eda Circular\",\"Noticias\"],\"inLanguage\":\"es\",\"potentialAction\":[{\"@type\":\"CommentAction\",\"name\":\"Comment\",\"target\":[\"https:\\\/\\\/patagoniambiental.com.ar\\\/info\\\/cartones-callejeros-empleo-formal-cooperativa-cotranvi\\\/#respond\"]}]},{\"@type\":\"WebPage\",\"@id\":\"https:\\\/\\\/patagoniambiental.com.ar\\\/info\\\/cartones-callejeros-empleo-formal-cooperativa-cotranvi\\\/\",\"url\":\"https:\\\/\\\/patagoniambiental.com.ar\\\/info\\\/cartones-callejeros-empleo-formal-cooperativa-cotranvi\\\/\",\"name\":\"De cartones callejeros a empleo formal: la historia de la Cooperativa COTRANVI en Viedma\",\"isPartOf\":{\"@id\":\"https:\\\/\\\/patagoniambiental.com.ar\\\/info\\\/#website\"},\"primaryImageOfPage\":{\"@id\":\"https:\\\/\\\/patagoniambiental.com.ar\\\/info\\\/cartones-callejeros-empleo-formal-cooperativa-cotranvi\\\/#primaryimage\"},\"image\":{\"@id\":\"https:\\\/\\\/patagoniambiental.com.ar\\\/info\\\/cartones-callejeros-empleo-formal-cooperativa-cotranvi\\\/#primaryimage\"},\"thumbnailUrl\":\"https:\\\/\\\/patagoniambiental.com.ar\\\/info\\\/wp-content\\\/uploads\\\/2025\\\/08\\\/DSC04487.jpg\",\"datePublished\":\"2025-08-27T10:00:00+00:00\",\"dateModified\":\"2025-08-27T11:45:40+00:00\",\"description\":\"En Viedma, vecinos convirtieron la recolecci\u00f3n de materiales reciclables en un proyecto que genera empleo y conciencia ambiental.\",\"breadcrumb\":{\"@id\":\"https:\\\/\\\/patagoniambiental.com.ar\\\/info\\\/cartones-callejeros-empleo-formal-cooperativa-cotranvi\\\/#breadcrumb\"},\"inLanguage\":\"es\",\"potentialAction\":[{\"@type\":\"ReadAction\",\"target\":[\"https:\\\/\\\/patagoniambiental.com.ar\\\/info\\\/cartones-callejeros-empleo-formal-cooperativa-cotranvi\\\/\"]}]},{\"@type\":\"ImageObject\",\"inLanguage\":\"es\",\"@id\":\"https:\\\/\\\/patagoniambiental.com.ar\\\/info\\\/cartones-callejeros-empleo-formal-cooperativa-cotranvi\\\/#primaryimage\",\"url\":\"https:\\\/\\\/patagoniambiental.com.ar\\\/info\\\/wp-content\\\/uploads\\\/2025\\\/08\\\/DSC04487.jpg\",\"contentUrl\":\"https:\\\/\\\/patagoniambiental.com.ar\\\/info\\\/wp-content\\\/uploads\\\/2025\\\/08\\\/DSC04487.jpg\",\"width\":947,\"height\":536,\"caption\":\"De cartones callejeros a empleo formal: la historia de la Cooperativa COTRANVI en Viedma\"},{\"@type\":\"BreadcrumbList\",\"@id\":\"https:\\\/\\\/patagoniambiental.com.ar\\\/info\\\/cartones-callejeros-empleo-formal-cooperativa-cotranvi\\\/#breadcrumb\",\"itemListElement\":[{\"@type\":\"ListItem\",\"position\":1,\"name\":\"Inicio\",\"item\":\"https:\\\/\\\/patagoniambiental.com.ar\\\/info\\\/\"},{\"@type\":\"ListItem\",\"position\":2,\"name\":\"De cartones callejeros a empleo formal: la historia de la Cooperativa COTRANVI en Viedma\"}]},{\"@type\":\"WebSite\",\"@id\":\"https:\\\/\\\/patagoniambiental.com.ar\\\/info\\\/#website\",\"url\":\"https:\\\/\\\/patagoniambiental.com.ar\\\/info\\\/\",\"name\":\"Patagonia Ambiental\",\"description\":\"Monitoreo y an\u00e1lisis de la situaci\u00f3n geopol\u00edtica en el mundo y su implicancia en la Patagonia\",\"publisher\":{\"@id\":\"https:\\\/\\\/patagoniambiental.com.ar\\\/info\\\/#organization\"},\"potentialAction\":[{\"@type\":\"SearchAction\",\"target\":{\"@type\":\"EntryPoint\",\"urlTemplate\":\"https:\\\/\\\/patagoniambiental.com.ar\\\/info\\\/?s={search_term_string}\"},\"query-input\":{\"@type\":\"PropertyValueSpecification\",\"valueRequired\":true,\"valueName\":\"search_term_string\"}}],\"inLanguage\":\"es\"},{\"@type\":\"Organization\",\"@id\":\"https:\\\/\\\/patagoniambiental.com.ar\\\/info\\\/#organization\",\"name\":\"Patagonia Ambiental\",\"url\":\"https:\\\/\\\/patagoniambiental.com.ar\\\/info\\\/\",\"logo\":{\"@type\":\"ImageObject\",\"inLanguage\":\"es\",\"@id\":\"https:\\\/\\\/patagoniambiental.com.ar\\\/info\\\/#\\\/schema\\\/logo\\\/image\\\/\",\"url\":\"https:\\\/\\\/patagoniambiental.com.ar\\\/info\\\/wp-content\\\/uploads\\\/2025\\\/05\\\/LOGO-PATAGONIA-AMBIENTAL.png\",\"contentUrl\":\"https:\\\/\\\/patagoniambiental.com.ar\\\/info\\\/wp-content\\\/uploads\\\/2025\\\/05\\\/LOGO-PATAGONIA-AMBIENTAL.png\",\"width\":433,\"height\":250,\"caption\":\"Patagonia Ambiental\"},\"image\":{\"@id\":\"https:\\\/\\\/patagoniambiental.com.ar\\\/info\\\/#\\\/schema\\\/logo\\\/image\\\/\"},\"sameAs\":[\"https:\\\/\\\/www.facebook.com\\\/patagonia.ambiental\",\"https:\\\/\\\/x.com\\\/PatAmb\"]},{\"@type\":\"Person\",\"@id\":\"https:\\\/\\\/patagoniambiental.com.ar\\\/info\\\/#\\\/schema\\\/person\\\/db12bff64bbcbf6a253710bf0ea37b5d\",\"name\":\"Patagonia Ambiental\",\"description\":\"Andr\u00e9s Nievas T\u00e9cnico en manejo ambiental, consultor Ambiental y escritor para medios locales e internacionales sobre temas de geopolitica y medio ambiente.\",\"sameAs\":[\"http:\\\/\\\/www.patagoniambiental.com.ar\",\"https:\\\/\\\/www.facebook.com\\\/share\\\/1C1V8Gv9BX\\\/?mibextid=qi2Omg\",\"@patagoniambiental\",\"https:\\\/\\\/youtube.com\\\/@patagoniaambiental2023?si=BLt58t0wuXquxlYZ\"]}]}<\/script>\n<!-- \/ Yoast SEO Premium plugin. -->","yoast_head_json":{"title":"De cartones callejeros a empleo formal: la historia de la Cooperativa COTRANVI en Viedma","description":"En Viedma, vecinos convirtieron la recolecci\u00f3n de materiales reciclables en un proyecto que genera empleo y conciencia ambiental.","robots":{"index":"index","follow":"follow","max-snippet":"max-snippet:-1","max-image-preview":"max-image-preview:large","max-video-preview":"max-video-preview:-1"},"canonical":"https:\/\/patagoniambiental.com.ar\/info\/cartones-callejeros-empleo-formal-cooperativa-cotranvi\/","og_locale":"es_ES","og_type":"article","og_title":"De cartones callejeros a empleo formal: la historia de la Cooperativa COTRANVI en Viedma","og_description":"En Viedma, vecinos convirtieron la recolecci\u00f3n de materiales reciclables en un proyecto que genera empleo y conciencia ambiental.","og_url":"https:\/\/patagoniambiental.com.ar\/info\/cartones-callejeros-empleo-formal-cooperativa-cotranvi\/","og_site_name":"Patagonia Ambiental","article_publisher":"https:\/\/www.facebook.com\/patagonia.ambiental","article_author":"https:\/\/www.facebook.com\/share\/1C1V8Gv9BX\/?mibextid=qi2Omg","article_published_time":"2025-08-27T10:00:00+00:00","article_modified_time":"2025-08-27T11:45:40+00:00","og_image":[{"width":947,"height":536,"url":"https:\/\/patagoniambiental.com.ar\/info\/wp-content\/uploads\/2025\/08\/DSC04487.jpg","type":"image\/jpeg"}],"author":"Patagonia Ambiental","twitter_card":"summary_large_image","twitter_creator":"@PatAmb","twitter_site":"@PatAmb","schema":{"@context":"https:\/\/schema.org","@graph":[{"@type":"Article","@id":"https:\/\/patagoniambiental.com.ar\/info\/cartones-callejeros-empleo-formal-cooperativa-cotranvi\/#article","isPartOf":{"@id":"https:\/\/patagoniambiental.com.ar\/info\/cartones-callejeros-empleo-formal-cooperativa-cotranvi\/"},"author":{"name":"Patagonia Ambiental","@id":"https:\/\/patagoniambiental.com.ar\/info\/#\/schema\/person\/db12bff64bbcbf6a253710bf0ea37b5d"},"headline":"De cartones callejeros a empleo formal: la historia de la Cooperativa COTRANVI en Viedma","datePublished":"2025-08-27T10:00:00+00:00","dateModified":"2025-08-27T11:45:40+00:00","mainEntityOfPage":{"@id":"https:\/\/patagoniambiental.com.ar\/info\/cartones-callejeros-empleo-formal-cooperativa-cotranvi\/"},"wordCount":991,"commentCount":0,"publisher":{"@id":"https:\/\/patagoniambiental.com.ar\/info\/#organization"},"image":{"@id":"https:\/\/patagoniambiental.com.ar\/info\/cartones-callejeros-empleo-formal-cooperativa-cotranvi\/#primaryimage"},"thumbnailUrl":"https:\/\/patagoniambiental.com.ar\/info\/wp-content\/uploads\/2025\/08\/DSC04487.jpg","articleSection":["Econom\u00eda Circular","Noticias"],"inLanguage":"es","potentialAction":[{"@type":"CommentAction","name":"Comment","target":["https:\/\/patagoniambiental.com.ar\/info\/cartones-callejeros-empleo-formal-cooperativa-cotranvi\/#respond"]}]},{"@type":"WebPage","@id":"https:\/\/patagoniambiental.com.ar\/info\/cartones-callejeros-empleo-formal-cooperativa-cotranvi\/","url":"https:\/\/patagoniambiental.com.ar\/info\/cartones-callejeros-empleo-formal-cooperativa-cotranvi\/","name":"De cartones callejeros a empleo formal: la historia de la Cooperativa COTRANVI en Viedma","isPartOf":{"@id":"https:\/\/patagoniambiental.com.ar\/info\/#website"},"primaryImageOfPage":{"@id":"https:\/\/patagoniambiental.com.ar\/info\/cartones-callejeros-empleo-formal-cooperativa-cotranvi\/#primaryimage"},"image":{"@id":"https:\/\/patagoniambiental.com.ar\/info\/cartones-callejeros-empleo-formal-cooperativa-cotranvi\/#primaryimage"},"thumbnailUrl":"https:\/\/patagoniambiental.com.ar\/info\/wp-content\/uploads\/2025\/08\/DSC04487.jpg","datePublished":"2025-08-27T10:00:00+00:00","dateModified":"2025-08-27T11:45:40+00:00","description":"En Viedma, vecinos convirtieron la recolecci\u00f3n de materiales reciclables en un proyecto que genera empleo y conciencia ambiental.","breadcrumb":{"@id":"https:\/\/patagoniambiental.com.ar\/info\/cartones-callejeros-empleo-formal-cooperativa-cotranvi\/#breadcrumb"},"inLanguage":"es","potentialAction":[{"@type":"ReadAction","target":["https:\/\/patagoniambiental.com.ar\/info\/cartones-callejeros-empleo-formal-cooperativa-cotranvi\/"]}]},{"@type":"ImageObject","inLanguage":"es","@id":"https:\/\/patagoniambiental.com.ar\/info\/cartones-callejeros-empleo-formal-cooperativa-cotranvi\/#primaryimage","url":"https:\/\/patagoniambiental.com.ar\/info\/wp-content\/uploads\/2025\/08\/DSC04487.jpg","contentUrl":"https:\/\/patagoniambiental.com.ar\/info\/wp-content\/uploads\/2025\/08\/DSC04487.jpg","width":947,"height":536,"caption":"De cartones callejeros a empleo formal: la historia de la Cooperativa COTRANVI en Viedma"},{"@type":"BreadcrumbList","@id":"https:\/\/patagoniambiental.com.ar\/info\/cartones-callejeros-empleo-formal-cooperativa-cotranvi\/#breadcrumb","itemListElement":[{"@type":"ListItem","position":1,"name":"Inicio","item":"https:\/\/patagoniambiental.com.ar\/info\/"},{"@type":"ListItem","position":2,"name":"De cartones callejeros a empleo formal: la historia de la Cooperativa COTRANVI en Viedma"}]},{"@type":"WebSite","@id":"https:\/\/patagoniambiental.com.ar\/info\/#website","url":"https:\/\/patagoniambiental.com.ar\/info\/","name":"Patagonia Ambiental","description":"Monitoreo y an\u00e1lisis de la situaci\u00f3n geopol\u00edtica en el mundo y su implicancia en la Patagonia","publisher":{"@id":"https:\/\/patagoniambiental.com.ar\/info\/#organization"},"potentialAction":[{"@type":"SearchAction","target":{"@type":"EntryPoint","urlTemplate":"https:\/\/patagoniambiental.com.ar\/info\/?s={search_term_string}"},"query-input":{"@type":"PropertyValueSpecification","valueRequired":true,"valueName":"search_term_string"}}],"inLanguage":"es"},{"@type":"Organization","@id":"https:\/\/patagoniambiental.com.ar\/info\/#organization","name":"Patagonia Ambiental","url":"https:\/\/patagoniambiental.com.ar\/info\/","logo":{"@type":"ImageObject","inLanguage":"es","@id":"https:\/\/patagoniambiental.com.ar\/info\/#\/schema\/logo\/image\/","url":"https:\/\/patagoniambiental.com.ar\/info\/wp-content\/uploads\/2025\/05\/LOGO-PATAGONIA-AMBIENTAL.png","contentUrl":"https:\/\/patagoniambiental.com.ar\/info\/wp-content\/uploads\/2025\/05\/LOGO-PATAGONIA-AMBIENTAL.png","width":433,"height":250,"caption":"Patagonia Ambiental"},"image":{"@id":"https:\/\/patagoniambiental.com.ar\/info\/#\/schema\/logo\/image\/"},"sameAs":["https:\/\/www.facebook.com\/patagonia.ambiental","https:\/\/x.com\/PatAmb"]},{"@type":"Person","@id":"https:\/\/patagoniambiental.com.ar\/info\/#\/schema\/person\/db12bff64bbcbf6a253710bf0ea37b5d","name":"Patagonia Ambiental","description":"Andr\u00e9s Nievas T\u00e9cnico en manejo ambiental, consultor Ambiental y escritor para medios locales e internacionales sobre temas de geopolitica y medio ambiente.","sameAs":["http:\/\/www.patagoniambiental.com.ar","https:\/\/www.facebook.com\/share\/1C1V8Gv9BX\/?mibextid=qi2Omg","@patagoniambiental","https:\/\/youtube.com\/@patagoniaambiental2023?si=BLt58t0wuXquxlYZ"]}]}},"_links":{"self":[{"href":"https:\/\/patagoniambiental.com.ar\/info\/wp-json\/wp\/v2\/posts\/97590","targetHints":{"allow":["GET"]}}],"collection":[{"href":"https:\/\/patagoniambiental.com.ar\/info\/wp-json\/wp\/v2\/posts"}],"about":[{"href":"https:\/\/patagoniambiental.com.ar\/info\/wp-json\/wp\/v2\/types\/post"}],"author":[{"embeddable":true,"href":"https:\/\/patagoniambiental.com.ar\/info\/wp-json\/wp\/v2\/users\/2"}],"replies":[{"embeddable":true,"href":"https:\/\/patagoniambiental.com.ar\/info\/wp-json\/wp\/v2\/comments?post=97590"}],"version-history":[{"count":5,"href":"https:\/\/patagoniambiental.com.ar\/info\/wp-json\/wp\/v2\/posts\/97590\/revisions"}],"predecessor-version":[{"id":98629,"href":"https:\/\/patagoniambiental.com.ar\/info\/wp-json\/wp\/v2\/posts\/97590\/revisions\/98629"}],"wp:featuredmedia":[{"embeddable":true,"href":"https:\/\/patagoniambiental.com.ar\/info\/wp-json\/wp\/v2\/media\/97601"}],"wp:attachment":[{"href":"https:\/\/patagoniambiental.com.ar\/info\/wp-json\/wp\/v2\/media?parent=97590"}],"wp:term":[{"taxonomy":"category","embeddable":true,"href":"https:\/\/patagoniambiental.com.ar\/info\/wp-json\/wp\/v2\/categories?post=97590"},{"taxonomy":"post_tag","embeddable":true,"href":"https:\/\/patagoniambiental.com.ar\/info\/wp-json\/wp\/v2\/tags?post=97590"}],"curies":[{"name":"wp","href":"https:\/\/api.w.org\/{rel}","templated":true}]}}