{"id":9783,"date":"2015-04-01T09:00:54","date_gmt":"2015-04-01T12:00:54","guid":{"rendered":"http:\/\/patagoniambiental.com.ar\/?p=9783"},"modified":"2015-04-01T09:00:54","modified_gmt":"2015-04-01T12:00:54","slug":"neuquen-tiene-un-parque-ecologico-y-saludable","status":"publish","type":"post","link":"https:\/\/patagoniambiental.com.ar\/info\/neuquen-tiene-un-parque-ecologico-y-saludable\/","title":{"rendered":"Neuqu\u00e9n tiene un parque ecol\u00f3gico y saludable"},"content":{"rendered":"<p>Neuqu\u00e9n &#8211; La ministra de Gobierno, Educaci\u00f3n y Justicia Zulma Reina asegur\u00f3 ayer que en los pr\u00f3ximos d\u00edas se firmaran convenios con entidades p\u00fablicas y privadas para sumarle al flamante Parque Valentina Norte otros servicios. El objetivo es convertirlo en un \u00abespacio ecol\u00f3gico y multifuncional\u00bb.<!--more--><\/p>\n<p>Una de los proyectos es instalar un puesto de la salud, donde los visitantes podr\u00e1n entre otras cosas controlarse la presi\u00f3n arterial y la diabetes. Adem\u00e1s se dictar\u00e1n talleres sobre el cuidado del medioambiente y se organizar\u00e1n espect\u00e1culos p\u00fablicos.<\/p>\n<p>Ayer el gobernador Jorge Sapag, la vicegobernadora Ana Pechen, funcionarios del gabinete provincial, concejales y diputados participaron del acto reinauguraci\u00f3n del Parque Valentina Norte, ubicado a un costado del aeropuerto de Neuqu\u00e9n. Tambi\u00e9n estuvo presente el ministro de Econom\u00eda y candidato a gobernador por el MPN Omar Guti\u00e9rrez. Fue notable la ausencia del intendente Horacio Quiroga y de funcionarios municipales. Desde el Ejecutivo local aseguraron que nunca recibieron una invitaci\u00f3n formal o no formal para asistir al acto.<\/p>\n<p>\u00abEl objetivo de este parque es brindar un espacio de recreaci\u00f3n para la familia y para preservar el medio ambiente, para lo cual se dictar\u00e1n talleres sobre esta tem\u00e1tica. La idea es que sea un lugar totalmente destinado al cuidado del medio ambiente y educando para eso\u00bb, dijo ayer Reina. La ministra confirm\u00f3 adem\u00e1s que se firmar\u00e1n en los pr\u00f3ximos d\u00edas convenios con varias instituciones para implementar otras actividades dentro del predio de 9 hect\u00e1reas. \u00abCon Salud vamos implementar un puesto de cuidado de la salud y con la facultades la idea es brindar asesoramiento sobre este tema\u00bb, dijo Reina que prefiri\u00f3 no dar detalles sobre otros convenios, hasta que se firmen.<\/p>\n<p>El Parque cuenta con pistas de pat\u00edn homologada y de skateboard, juegos infantiles, integradores y para la salud, senderos peatonales, canchas para la pr\u00e1ctica de varios deportes y una calesita que ser\u00e1 administrada por la cooperadora del Centro de Salud del barrio. Tambi\u00e9n se construy\u00f3 un anfiteatro y se remodel\u00f3 la sede de la comisi\u00f3n vecinal que funciona dentro del terreno que pertenece a provincia.<\/p>\n<p>El proyecto demand\u00f3 una inversi\u00f3n de 6.200.000 pesos, que fueron aportados por todos los ministerios, la legislatura y la firma Gas y Petr\u00f3leo.<\/p>\n<p>Estar\u00e1 abierto todos los d\u00edas y s\u00f3lo se cerrar\u00e1 de noche para las tareas de mantenimiento. La ministra Reina asegur\u00f3 que ya compraron tractores y otras m\u00e1quinas para la conservaci\u00f3n del parque, para evitar lo que sucedi\u00f3 a partir de diciembre de 2006 cuando cay\u00f3 en el abandono y debi\u00f3 ser cerrado.<\/p>\n<p>FUENTE: Diario R\u00edo Negro<\/p>\n","protected":false},"excerpt":{"rendered":"<p>Neuqu\u00e9n &#8211; La ministra de Gobierno, Educaci\u00f3n y Justicia Zulma Reina asegur\u00f3 ayer que en los pr\u00f3ximos d\u00edas se firmaran [&hellip;]<\/p>\n","protected":false},"author":2,"featured_media":9784,"comment_status":"closed","ping_status":"closed","sticky":false,"template":"","format":"standard","meta":{"site-sidebar-layout":"default","site-content-layout":"","ast-site-content-layout":"default","site-content-style":"default","site-sidebar-style":"default","ast-global-header-display":"","ast-banner-title-visibility":"","ast-main-header-display":"","ast-hfb-above-header-display":"","ast-hfb-below-header-display":"","ast-hfb-mobile-header-display":"","site-post-title":"","ast-breadcrumbs-content":"","ast-featured-img":"","footer-sml-layout":"","ast-disable-related-posts":"","theme-transparent-header-meta":"","adv-header-id-meta":"","stick-header-meta":"","header-above-stick-meta":"","header-main-stick-meta":"","header-below-stick-meta":"","astra-migrate-meta-layouts":"default","ast-page-background-enabled":"default","ast-page-background-meta":{"desktop":{"background-color":"var(--ast-global-color-5)","background-image":"","background-repeat":"repeat","background-position":"center center","background-size":"auto","background-attachment":"scroll","background-type":"","background-media":"","overlay-type":"","overlay-color":"","overlay-opacity":"","overlay-gradient":""},"tablet":{"background-color":"","background-image":"","background-repeat":"repeat","background-position":"center center","background-size":"auto","background-attachment":"scroll","background-type":"","background-media":"","overlay-type":"","overlay-color":"","overlay-opacity":"","overlay-gradient":""},"mobile":{"background-color":"","background-image":"","background-repeat":"repeat","background-position":"center center","background-size":"auto","background-attachment":"scroll","background-type":"","background-media":"","overlay-type":"","overlay-color":"","overlay-opacity":"","overlay-gradient":""}},"ast-content-background-meta":{"desktop":{"background-color":"var(--ast-global-color-4)","background-image":"","background-repeat":"repeat","background-position":"center center","background-size":"auto","background-attachment":"scroll","background-type":"","background-media":"","overlay-type":"","overlay-color":"","overlay-opacity":"","overlay-gradient":""},"tablet":{"background-color":"var(--ast-global-color-4)","background-image":"","background-repeat":"repeat","background-position":"center center","background-size":"auto","background-attachment":"scroll","background-type":"","background-media":"","overlay-type":"","overlay-color":"","overlay-opacity":"","overlay-gradient":""},"mobile":{"background-color":"var(--ast-global-color-4)","background-image":"","background-repeat":"repeat","background-position":"center center","background-size":"auto","background-attachment":"scroll","background-type":"","background-media":"","overlay-type":"","overlay-color":"","overlay-opacity":"","overlay-gradient":""}},"footnotes":""},"categories":[16,1],"tags":[327,319],"class_list":["post-9783","post","type-post","status-publish","format-standard","has-post-thumbnail","hentry","category-municipales","category-noticias","tag-neuquen","tag-parque"],"yoast_head":"<!-- This site is optimized with the Yoast SEO Premium plugin v23.0 (Yoast SEO v27.4) - https:\/\/yoast.com\/product\/yoast-seo-premium-wordpress\/ -->\n<title>Neuqu\u00e9n tiene un parque ecol\u00f3gico y saludable<\/title>\n<meta name=\"robots\" content=\"index, follow, max-snippet:-1, max-image-preview:large, max-video-preview:-1\" \/>\n<link rel=\"canonical\" href=\"https:\/\/patagoniambiental.com.ar\/info\/neuquen-tiene-un-parque-ecologico-y-saludable\/\" \/>\n<meta property=\"og:locale\" content=\"es_ES\" \/>\n<meta property=\"og:type\" content=\"article\" \/>\n<meta property=\"og:title\" content=\"Neuqu\u00e9n tiene un parque ecol\u00f3gico y saludable\" \/>\n<meta property=\"og:description\" content=\"Neuqu\u00e9n &#8211; La ministra de Gobierno, Educaci\u00f3n y Justicia Zulma Reina asegur\u00f3 ayer que en los pr\u00f3ximos d\u00edas se firmaran [&hellip;]\" \/>\n<meta property=\"og:url\" content=\"https:\/\/patagoniambiental.com.ar\/info\/neuquen-tiene-un-parque-ecologico-y-saludable\/\" \/>\n<meta property=\"og:site_name\" content=\"Patagonia Ambiental\" \/>\n<meta property=\"article:publisher\" content=\"https:\/\/www.facebook.com\/patagonia.ambiental\" \/>\n<meta property=\"article:author\" content=\"https:\/\/www.facebook.com\/share\/1C1V8Gv9BX\/?mibextid=qi2Omg\" \/>\n<meta property=\"article:published_time\" content=\"2015-04-01T12:00:54+00:00\" \/>\n<meta name=\"author\" content=\"Patagonia Ambiental\" \/>\n<meta name=\"twitter:card\" content=\"summary_large_image\" \/>\n<meta name=\"twitter:creator\" content=\"@PatAmb\" \/>\n<meta name=\"twitter:site\" content=\"@PatAmb\" \/>\n<script type=\"application\/ld+json\" class=\"yoast-schema-graph\">{\"@context\":\"https:\\\/\\\/schema.org\",\"@graph\":[{\"@type\":\"Article\",\"@id\":\"https:\\\/\\\/patagoniambiental.com.ar\\\/info\\\/neuquen-tiene-un-parque-ecologico-y-saludable\\\/#article\",\"isPartOf\":{\"@id\":\"https:\\\/\\\/patagoniambiental.com.ar\\\/info\\\/neuquen-tiene-un-parque-ecologico-y-saludable\\\/\"},\"author\":{\"name\":\"Patagonia Ambiental\",\"@id\":\"https:\\\/\\\/patagoniambiental.com.ar\\\/info\\\/#\\\/schema\\\/person\\\/db12bff64bbcbf6a253710bf0ea37b5d\"},\"headline\":\"Neuqu\u00e9n tiene un parque ecol\u00f3gico y saludable\",\"datePublished\":\"2015-04-01T12:00:54+00:00\",\"mainEntityOfPage\":{\"@id\":\"https:\\\/\\\/patagoniambiental.com.ar\\\/info\\\/neuquen-tiene-un-parque-ecologico-y-saludable\\\/\"},\"wordCount\":462,\"publisher\":{\"@id\":\"https:\\\/\\\/patagoniambiental.com.ar\\\/info\\\/#organization\"},\"image\":{\"@id\":\"https:\\\/\\\/patagoniambiental.com.ar\\\/info\\\/neuquen-tiene-un-parque-ecologico-y-saludable\\\/#primaryimage\"},\"thumbnailUrl\":\"\",\"keywords\":[\"Neuqu\u00e9n\",\"Parque\"],\"articleSection\":[\"Municipales\",\"Noticias\"],\"inLanguage\":\"es\"},{\"@type\":\"WebPage\",\"@id\":\"https:\\\/\\\/patagoniambiental.com.ar\\\/info\\\/neuquen-tiene-un-parque-ecologico-y-saludable\\\/\",\"url\":\"https:\\\/\\\/patagoniambiental.com.ar\\\/info\\\/neuquen-tiene-un-parque-ecologico-y-saludable\\\/\",\"name\":\"Neuqu\u00e9n tiene un parque ecol\u00f3gico y saludable\",\"isPartOf\":{\"@id\":\"https:\\\/\\\/patagoniambiental.com.ar\\\/info\\\/#website\"},\"primaryImageOfPage\":{\"@id\":\"https:\\\/\\\/patagoniambiental.com.ar\\\/info\\\/neuquen-tiene-un-parque-ecologico-y-saludable\\\/#primaryimage\"},\"image\":{\"@id\":\"https:\\\/\\\/patagoniambiental.com.ar\\\/info\\\/neuquen-tiene-un-parque-ecologico-y-saludable\\\/#primaryimage\"},\"thumbnailUrl\":\"\",\"datePublished\":\"2015-04-01T12:00:54+00:00\",\"breadcrumb\":{\"@id\":\"https:\\\/\\\/patagoniambiental.com.ar\\\/info\\\/neuquen-tiene-un-parque-ecologico-y-saludable\\\/#breadcrumb\"},\"inLanguage\":\"es\",\"potentialAction\":[{\"@type\":\"ReadAction\",\"target\":[\"https:\\\/\\\/patagoniambiental.com.ar\\\/info\\\/neuquen-tiene-un-parque-ecologico-y-saludable\\\/\"]}]},{\"@type\":\"ImageObject\",\"inLanguage\":\"es\",\"@id\":\"https:\\\/\\\/patagoniambiental.com.ar\\\/info\\\/neuquen-tiene-un-parque-ecologico-y-saludable\\\/#primaryimage\",\"url\":\"\",\"contentUrl\":\"\"},{\"@type\":\"BreadcrumbList\",\"@id\":\"https:\\\/\\\/patagoniambiental.com.ar\\\/info\\\/neuquen-tiene-un-parque-ecologico-y-saludable\\\/#breadcrumb\",\"itemListElement\":[{\"@type\":\"ListItem\",\"position\":1,\"name\":\"Inicio\",\"item\":\"https:\\\/\\\/patagoniambiental.com.ar\\\/info\\\/\"},{\"@type\":\"ListItem\",\"position\":2,\"name\":\"Neuqu\u00e9n tiene un parque ecol\u00f3gico y saludable\"}]},{\"@type\":\"WebSite\",\"@id\":\"https:\\\/\\\/patagoniambiental.com.ar\\\/info\\\/#website\",\"url\":\"https:\\\/\\\/patagoniambiental.com.ar\\\/info\\\/\",\"name\":\"Patagonia Ambiental\",\"description\":\"Monitoreo y an\u00e1lisis de la situaci\u00f3n geopol\u00edtica en el mundo y su implicancia en la Patagonia\",\"publisher\":{\"@id\":\"https:\\\/\\\/patagoniambiental.com.ar\\\/info\\\/#organization\"},\"potentialAction\":[{\"@type\":\"SearchAction\",\"target\":{\"@type\":\"EntryPoint\",\"urlTemplate\":\"https:\\\/\\\/patagoniambiental.com.ar\\\/info\\\/?s={search_term_string}\"},\"query-input\":{\"@type\":\"PropertyValueSpecification\",\"valueRequired\":true,\"valueName\":\"search_term_string\"}}],\"inLanguage\":\"es\"},{\"@type\":\"Organization\",\"@id\":\"https:\\\/\\\/patagoniambiental.com.ar\\\/info\\\/#organization\",\"name\":\"Patagonia Ambiental\",\"url\":\"https:\\\/\\\/patagoniambiental.com.ar\\\/info\\\/\",\"logo\":{\"@type\":\"ImageObject\",\"inLanguage\":\"es\",\"@id\":\"https:\\\/\\\/patagoniambiental.com.ar\\\/info\\\/#\\\/schema\\\/logo\\\/image\\\/\",\"url\":\"https:\\\/\\\/patagoniambiental.com.ar\\\/info\\\/wp-content\\\/uploads\\\/2025\\\/05\\\/LOGO-PATAGONIA-AMBIENTAL.png\",\"contentUrl\":\"https:\\\/\\\/patagoniambiental.com.ar\\\/info\\\/wp-content\\\/uploads\\\/2025\\\/05\\\/LOGO-PATAGONIA-AMBIENTAL.png\",\"width\":433,\"height\":250,\"caption\":\"Patagonia Ambiental\"},\"image\":{\"@id\":\"https:\\\/\\\/patagoniambiental.com.ar\\\/info\\\/#\\\/schema\\\/logo\\\/image\\\/\"},\"sameAs\":[\"https:\\\/\\\/www.facebook.com\\\/patagonia.ambiental\",\"https:\\\/\\\/x.com\\\/PatAmb\"]},{\"@type\":\"Person\",\"@id\":\"https:\\\/\\\/patagoniambiental.com.ar\\\/info\\\/#\\\/schema\\\/person\\\/db12bff64bbcbf6a253710bf0ea37b5d\",\"name\":\"Patagonia Ambiental\",\"description\":\"Andr\u00e9s Nievas T\u00e9cnico en manejo ambiental, consultor Ambiental y escritor para medios locales e internacionales sobre temas de geopolitica y medio ambiente.\",\"sameAs\":[\"http:\\\/\\\/www.patagoniambiental.com.ar\",\"https:\\\/\\\/www.facebook.com\\\/share\\\/1C1V8Gv9BX\\\/?mibextid=qi2Omg\",\"@patagoniambiental\",\"https:\\\/\\\/youtube.com\\\/@patagoniaambiental2023?si=BLt58t0wuXquxlYZ\"]}]}<\/script>\n<!-- \/ Yoast SEO Premium plugin. -->","yoast_head_json":{"title":"Neuqu\u00e9n tiene un parque ecol\u00f3gico y saludable","robots":{"index":"index","follow":"follow","max-snippet":"max-snippet:-1","max-image-preview":"max-image-preview:large","max-video-preview":"max-video-preview:-1"},"canonical":"https:\/\/patagoniambiental.com.ar\/info\/neuquen-tiene-un-parque-ecologico-y-saludable\/","og_locale":"es_ES","og_type":"article","og_title":"Neuqu\u00e9n tiene un parque ecol\u00f3gico y saludable","og_description":"Neuqu\u00e9n &#8211; La ministra de Gobierno, Educaci\u00f3n y Justicia Zulma Reina asegur\u00f3 ayer que en los pr\u00f3ximos d\u00edas se firmaran [&hellip;]","og_url":"https:\/\/patagoniambiental.com.ar\/info\/neuquen-tiene-un-parque-ecologico-y-saludable\/","og_site_name":"Patagonia Ambiental","article_publisher":"https:\/\/www.facebook.com\/patagonia.ambiental","article_author":"https:\/\/www.facebook.com\/share\/1C1V8Gv9BX\/?mibextid=qi2Omg","article_published_time":"2015-04-01T12:00:54+00:00","author":"Patagonia Ambiental","twitter_card":"summary_large_image","twitter_creator":"@PatAmb","twitter_site":"@PatAmb","schema":{"@context":"https:\/\/schema.org","@graph":[{"@type":"Article","@id":"https:\/\/patagoniambiental.com.ar\/info\/neuquen-tiene-un-parque-ecologico-y-saludable\/#article","isPartOf":{"@id":"https:\/\/patagoniambiental.com.ar\/info\/neuquen-tiene-un-parque-ecologico-y-saludable\/"},"author":{"name":"Patagonia Ambiental","@id":"https:\/\/patagoniambiental.com.ar\/info\/#\/schema\/person\/db12bff64bbcbf6a253710bf0ea37b5d"},"headline":"Neuqu\u00e9n tiene un parque ecol\u00f3gico y saludable","datePublished":"2015-04-01T12:00:54+00:00","mainEntityOfPage":{"@id":"https:\/\/patagoniambiental.com.ar\/info\/neuquen-tiene-un-parque-ecologico-y-saludable\/"},"wordCount":462,"publisher":{"@id":"https:\/\/patagoniambiental.com.ar\/info\/#organization"},"image":{"@id":"https:\/\/patagoniambiental.com.ar\/info\/neuquen-tiene-un-parque-ecologico-y-saludable\/#primaryimage"},"thumbnailUrl":"","keywords":["Neuqu\u00e9n","Parque"],"articleSection":["Municipales","Noticias"],"inLanguage":"es"},{"@type":"WebPage","@id":"https:\/\/patagoniambiental.com.ar\/info\/neuquen-tiene-un-parque-ecologico-y-saludable\/","url":"https:\/\/patagoniambiental.com.ar\/info\/neuquen-tiene-un-parque-ecologico-y-saludable\/","name":"Neuqu\u00e9n tiene un parque ecol\u00f3gico y saludable","isPartOf":{"@id":"https:\/\/patagoniambiental.com.ar\/info\/#website"},"primaryImageOfPage":{"@id":"https:\/\/patagoniambiental.com.ar\/info\/neuquen-tiene-un-parque-ecologico-y-saludable\/#primaryimage"},"image":{"@id":"https:\/\/patagoniambiental.com.ar\/info\/neuquen-tiene-un-parque-ecologico-y-saludable\/#primaryimage"},"thumbnailUrl":"","datePublished":"2015-04-01T12:00:54+00:00","breadcrumb":{"@id":"https:\/\/patagoniambiental.com.ar\/info\/neuquen-tiene-un-parque-ecologico-y-saludable\/#breadcrumb"},"inLanguage":"es","potentialAction":[{"@type":"ReadAction","target":["https:\/\/patagoniambiental.com.ar\/info\/neuquen-tiene-un-parque-ecologico-y-saludable\/"]}]},{"@type":"ImageObject","inLanguage":"es","@id":"https:\/\/patagoniambiental.com.ar\/info\/neuquen-tiene-un-parque-ecologico-y-saludable\/#primaryimage","url":"","contentUrl":""},{"@type":"BreadcrumbList","@id":"https:\/\/patagoniambiental.com.ar\/info\/neuquen-tiene-un-parque-ecologico-y-saludable\/#breadcrumb","itemListElement":[{"@type":"ListItem","position":1,"name":"Inicio","item":"https:\/\/patagoniambiental.com.ar\/info\/"},{"@type":"ListItem","position":2,"name":"Neuqu\u00e9n tiene un parque ecol\u00f3gico y saludable"}]},{"@type":"WebSite","@id":"https:\/\/patagoniambiental.com.ar\/info\/#website","url":"https:\/\/patagoniambiental.com.ar\/info\/","name":"Patagonia Ambiental","description":"Monitoreo y an\u00e1lisis de la situaci\u00f3n geopol\u00edtica en el mundo y su implicancia en la Patagonia","publisher":{"@id":"https:\/\/patagoniambiental.com.ar\/info\/#organization"},"potentialAction":[{"@type":"SearchAction","target":{"@type":"EntryPoint","urlTemplate":"https:\/\/patagoniambiental.com.ar\/info\/?s={search_term_string}"},"query-input":{"@type":"PropertyValueSpecification","valueRequired":true,"valueName":"search_term_string"}}],"inLanguage":"es"},{"@type":"Organization","@id":"https:\/\/patagoniambiental.com.ar\/info\/#organization","name":"Patagonia Ambiental","url":"https:\/\/patagoniambiental.com.ar\/info\/","logo":{"@type":"ImageObject","inLanguage":"es","@id":"https:\/\/patagoniambiental.com.ar\/info\/#\/schema\/logo\/image\/","url":"https:\/\/patagoniambiental.com.ar\/info\/wp-content\/uploads\/2025\/05\/LOGO-PATAGONIA-AMBIENTAL.png","contentUrl":"https:\/\/patagoniambiental.com.ar\/info\/wp-content\/uploads\/2025\/05\/LOGO-PATAGONIA-AMBIENTAL.png","width":433,"height":250,"caption":"Patagonia Ambiental"},"image":{"@id":"https:\/\/patagoniambiental.com.ar\/info\/#\/schema\/logo\/image\/"},"sameAs":["https:\/\/www.facebook.com\/patagonia.ambiental","https:\/\/x.com\/PatAmb"]},{"@type":"Person","@id":"https:\/\/patagoniambiental.com.ar\/info\/#\/schema\/person\/db12bff64bbcbf6a253710bf0ea37b5d","name":"Patagonia Ambiental","description":"Andr\u00e9s Nievas T\u00e9cnico en manejo ambiental, consultor Ambiental y escritor para medios locales e internacionales sobre temas de geopolitica y medio ambiente.","sameAs":["http:\/\/www.patagoniambiental.com.ar","https:\/\/www.facebook.com\/share\/1C1V8Gv9BX\/?mibextid=qi2Omg","@patagoniambiental","https:\/\/youtube.com\/@patagoniaambiental2023?si=BLt58t0wuXquxlYZ"]}]}},"_links":{"self":[{"href":"https:\/\/patagoniambiental.com.ar\/info\/wp-json\/wp\/v2\/posts\/9783","targetHints":{"allow":["GET"]}}],"collection":[{"href":"https:\/\/patagoniambiental.com.ar\/info\/wp-json\/wp\/v2\/posts"}],"about":[{"href":"https:\/\/patagoniambiental.com.ar\/info\/wp-json\/wp\/v2\/types\/post"}],"author":[{"embeddable":true,"href":"https:\/\/patagoniambiental.com.ar\/info\/wp-json\/wp\/v2\/users\/2"}],"replies":[{"embeddable":true,"href":"https:\/\/patagoniambiental.com.ar\/info\/wp-json\/wp\/v2\/comments?post=9783"}],"version-history":[{"count":0,"href":"https:\/\/patagoniambiental.com.ar\/info\/wp-json\/wp\/v2\/posts\/9783\/revisions"}],"wp:featuredmedia":[{"embeddable":true,"href":"https:\/\/patagoniambiental.com.ar\/info\/wp-json\/"}],"wp:attachment":[{"href":"https:\/\/patagoniambiental.com.ar\/info\/wp-json\/wp\/v2\/media?parent=9783"}],"wp:term":[{"taxonomy":"category","embeddable":true,"href":"https:\/\/patagoniambiental.com.ar\/info\/wp-json\/wp\/v2\/categories?post=9783"},{"taxonomy":"post_tag","embeddable":true,"href":"https:\/\/patagoniambiental.com.ar\/info\/wp-json\/wp\/v2\/tags?post=9783"}],"curies":[{"name":"wp","href":"https:\/\/api.w.org\/{rel}","templated":true}]}}