{"id":97957,"date":"2025-02-02T12:45:00","date_gmt":"2025-02-02T15:45:00","guid":{"rendered":"https:\/\/patagoniambiental.com.ar\/info\/?p=97957"},"modified":"2025-08-22T13:05:42","modified_gmt":"2025-08-22T16:05:42","slug":"humedales-argentina-cambio-climatico-san-javier-rio-negro","status":"publish","type":"post","link":"https:\/\/patagoniambiental.com.ar\/info\/humedales-argentina-cambio-climatico-san-javier-rio-negro\/","title":{"rendered":"Humedales: los gigantes ocultos en Rio Negro que pueden salvarnos del cambio clim\u00e1tico"},"content":{"rendered":"\n<!--more-->\n\n\n\n<h2 class=\"wp-block-heading\" id=\"h-que-son-los-humedales-y-por-que-son-tan-importantes\"><strong>\u00bfQu\u00e9 son los humedales y por qu\u00e9 son tan importantes?<\/strong><\/h2>\n\n\n\n<p>Viedma, Rio Negro, 2 de febrero de 2025. Cuando escuchamos la palabra *humedal*, muchas veces pensamos en un simple pantano o en un terreno encharcado. Pero la realidad es mucho m\u00e1s poderosa y sorprendente: los humedales son uno de los ecosistemas m\u00e1s valiosos y estrat\u00e9gicos del planeta.<\/p>\n\n\n\n<p>Se trata de \u00e1reas donde el agua es protagonista: lagunas, esteros, marismas, turberas, ba\u00f1ados, manglares y hasta deltas de r\u00edos. En Argentina, ocupan alrededor del **21% del territorio nacional**, siendo verdaderos pulmones azules que regulan el clima, mantienen la biodiversidad y sostienen la vida de millones de personas.<\/p>\n\n\n\n<p><a href=\"https:\/\/patagoniambiental.com.ar\/info\/los-sitios-ramsar-un-compromiso-global-por-la-conservacion-de-los-humedales\/\">Leer mas: Los Sitios Ramsar: Un compromiso global por la conservaci\u00f3n de los humedales<br><\/a><\/p>\n\n\n\n<figure class=\"wp-block-image size-full\"><img fetchpriority=\"high\" decoding=\"async\" width=\"920\" height=\"517\" src=\"https:\/\/patagoniambiental.com.ar\/info\/wp-content\/uploads\/2025\/08\/1706871535_1b401eadab42b760bb17-1.jpeg\" alt=\"\" class=\"wp-image-97959\" srcset=\"https:\/\/patagoniambiental.com.ar\/info\/wp-content\/uploads\/2025\/08\/1706871535_1b401eadab42b760bb17-1.jpeg 920w, https:\/\/patagoniambiental.com.ar\/info\/wp-content\/uploads\/2025\/08\/1706871535_1b401eadab42b760bb17-1-347x195.jpeg 347w, https:\/\/patagoniambiental.com.ar\/info\/wp-content\/uploads\/2025\/08\/1706871535_1b401eadab42b760bb17-1-768x432.jpeg 768w, https:\/\/patagoniambiental.com.ar\/info\/wp-content\/uploads\/2025\/08\/1706871535_1b401eadab42b760bb17-1-640x360.jpeg 640w\" sizes=\"(max-width: 920px) 100vw, 920px\" \/><\/figure>\n\n\n\n<h3 class=\"wp-block-heading\" id=\"h-foto-credito-gobierno-de-rio-negro-en-el-valle-inferior-de-rio-negro-existen-mas-de-100-humdales-que-aun-no-estan-protegidos\">Foto: credito: Gobierno de Rio Negro. En el Valle Inferior de Rio Negro existen mas de 100 humdales que a\u00fan no estan protegidos<\/h3>\n\n\n\n<p>Son espacios donde el agua y la tierra se mezclan, creando un equilibrio perfecto. Y aunque muchas veces pasan desapercibidos, los humedales guardan un secreto: son uno de los **mejores aliados contra el cambio clim\u00e1tico.<\/p>\n\n\n\n<h2 class=\"wp-block-heading\" id=\"h-humedales-y-cambio-climatico-la-primera-linea-de-defensa-del-planeta\"><strong>Humedales y cambio clim\u00e1tico: la primera l\u00ednea de defensa del planeta<\/strong><\/h2>\n\n\n\n<p>El calentamiento global amenaza con alterar profundamente la vida en la Tierra. En ese escenario, los humedales funcionan como un **escudo natural**.<\/p>\n\n\n\n<p>1. Capturan carbono a gran escala: las turberas y otros tipos de humedales almacenan m\u00e1s carbono que todos los bosques del mundo juntos. Si se degradan, ese carbono vuelve a la atm\u00f3sfera en forma de gases de efecto invernadero.<\/p>\n\n\n\n<p><a href=\"https:\/\/patagoniambiental.com.ar\/info\/2-de-febrero-dia-mundial-de-los-humedales-en-bariloche\/\">Leer mas: 2 de Febrero: D\u00eda Mundial de los Humedales en Bariloche<br><\/a><\/p>\n\n\n\n<p>2. Regulan las inundaciones y sequ\u00edas: absorben el exceso de agua en per\u00edodos de lluvias intensas y la liberan en tiempos de sequ\u00eda, funcionando como esponjas naturales.<\/p>\n\n\n\n<p>3. Moderan temperaturas: gracias a la evaporaci\u00f3n y a la regulaci\u00f3n h\u00eddrica, ayudan a mantener microclimas estables, fundamentales para la producci\u00f3n agr\u00edcola y la vida silvestre.<\/p>\n\n\n\n<p>En un contexto donde el cambio clim\u00e1tico genera fen\u00f3menos extremos cada vez m\u00e1s frecuentes, los humedales son literalmente un **salvavidas ecol\u00f3gico**.<\/p>\n\n\n\n<h2 class=\"wp-block-heading\" id=\"h-la-biodiversidad-que-late-en-silencio-flora-y-fauna-unicas\"><strong>La biodiversidad que late en silencio: flora y fauna \u00fanicas<\/strong><\/h2>\n\n\n\n<p>Los humedales son mucho m\u00e1s que agua y tierra: son cunas de vida. All\u00ed habitan especies que no podr\u00edan sobrevivir en ning\u00fan otro lugar.<\/p>\n\n\n\n<p>Aves migratorias: garzas, flamencos, cisnes de cuello negro y cientos de especies encuentran alimento y refugio en estos ecosistemas.<\/p>\n\n\n\n<p>Mam\u00edferos y anfibios**: desde nutrias y carpinchos hasta ranas y sapos que dependen del agua para su ciclo vital.<\/p>\n\n\n\n<p><a href=\"https:\/\/patagoniambiental.com.ar\/info\/rio-negro-estuvo-presente-en-la-asamblea-extraordinaria-de-cofema-por-humedales\/\">Leer mas: R\u00edo Negro estuvo presente en la asamblea extraordinaria de COFEMA por Humedales<br><\/a><\/p>\n\n\n\n<p>Plantas adaptadas: juncos, totoras, lirios acu\u00e1ticos y musgos que filtran el agua y sirven de h\u00e1bitat a miles de organismos.<\/p>\n\n\n\n<p>Cada humedal es un universo en s\u00ed mismo, un **laboratorio natural** donde la vida se adapta y prospera. Sin ellos, perder\u00edamos una parte invaluable de la biodiversidad mundial.<\/p>\n\n\n\n<h2 class=\"wp-block-heading\" id=\"h-humedales-en-argentina-un-patrimonio-natural-en-riesgo\"><strong>Humedales en Argentina: un patrimonio natural en riesgo<\/strong><\/h2>\n\n\n\n<p>Nuestro pa\u00eds es uno de los m\u00e1s ricos en humedales. Desde los Esteros del Iber\u00e1 en Corrientes hasta la Laguna de los Pozuelos en Jujuy, pasando por los ba\u00f1ados de la Laguna Blanca en R\u00edo Negro, estos ecosistemas forman parte de la identidad nacional.<\/p>\n\n\n\n<p>Sin embargo, su futuro est\u00e1 en riesgo. Seg\u00fan organizaciones ambientales, m\u00e1s del **60% de los humedales argentinos est\u00e1n degradados** por la presi\u00f3n de actividades humanas como:<\/p>\n\n\n\n<p>Avance de la frontera agr\u00edcola y ganadera.<\/p>\n\n\n\n<ul class=\"wp-block-list\">\n<li>Urbanizaci\u00f3n sin planificaci\u00f3n.<\/li>\n\n\n\n<li>Contaminaci\u00f3n industrial y minera.<\/li>\n\n\n\n<li>Construcci\u00f3n de represas y obras de infraestructura.<\/li>\n\n\n\n<li>Incendios intencionales para el cambio de uso de suelo.<\/li>\n<\/ul>\n\n\n\n<p>La falta de una Ley de Humedales nacional agrava el problema, dejando muchos de estos territorios desprotegidos frente a intereses econ\u00f3micos.<\/p>\n\n\n\n<p><a href=\"https:\/\/patagoniambiental.com.ar\/info\/crean-norma-de-proteccion-de-humedales-en-bariloche\/\">Leer mas: Crean norma de protecci\u00f3n de humedales en Bariloche<br><\/a><\/p>\n\n\n\n<p><strong>&nbsp;Amenazas globales a los humedales: un enemigo silencioso<\/strong><\/p>\n\n\n\n<p>La situaci\u00f3n no es exclusiva de Argentina. La ONU estima que en los \u00faltimos 300 a\u00f1os, se ha perdido el 85% de los humedales del planeta.<\/p>\n\n\n\n<p>Cada a\u00f1o desaparecen un 1% de estos ecosistemas, lo que equivale a destruir un humedal del tama\u00f1o de la ciudad de Buenos Aires cada dos d\u00edas. Esta destrucci\u00f3n tiene consecuencias directas: p\u00e9rdida de biodiversidad, aumento de inundaciones, reducci\u00f3n de agua potable y liberaci\u00f3n masiva de carbono.<\/p>\n\n\n\n<p>La paradoja es cruel: en el momento en que m\u00e1s necesitamos a los humedales, m\u00e1s r\u00e1pido los estamos destruyendo.<\/p>\n\n\n\n<p><strong>Beneficios invisibles de los humedales para la vida humana<\/strong><\/p>\n\n\n\n<p>M\u00e1s all\u00e1 de su rol ambiental, los humedales tienen un impacto directo en la vida cotidiana de las personas:<\/p>\n\n\n\n<p>Suministro de agua potable: filtran y purifican naturalmente el agua que consumimos.<\/p>\n\n\n\n<p>Alimentos y recursos: pesquer\u00edas, cultivos adaptados al agua y materiales como juncos o totoras.<\/p>\n\n\n\n<p>Turismo y recreaci\u00f3n: generan ingresos en comunidades locales a trav\u00e9s del ecoturismo.<\/p>\n\n\n\n<p>Salud y bienestar: los ecosistemas naturales contribuyen a la calidad de vida, reducen el estr\u00e9s y ofrecen espacios de conexi\u00f3n con la naturaleza.<\/p>\n\n\n\n<p>Cada vez que un humedal desaparece, no solo se pierde un ecosistema: se pone en riesgo la seguridad alimentaria, econ\u00f3mica y sanitaria de miles de personas.<\/p>\n\n\n\n<h2 class=\"wp-block-heading\" id=\"h-conservacion-y-dia-mundial-de-los-humedales-un-llamado-global\"><strong>Conservaci\u00f3n y D\u00eda Mundial de los Humedales: un llamado global<\/strong><\/h2>\n\n\n\n<p>Cada 2 de febrero, el mundo celebra el D\u00eda Mundial de los Humedales, en conmemoraci\u00f3n de la Convenci\u00f3n de Ramsar de 1971, un tratado internacional que busca proteger estos ecosistemas.<\/p>\n\n\n\n<p>Argentina es parte de este acuerdo y cuenta con 23 sitios Ramsar, \u00e1reas reconocidas por su valor ecol\u00f3gico a nivel global. Entre ellos se destacan:<\/p>\n\n\n\n<ul class=\"wp-block-list\">\n<li>Esteros del Iber\u00e1 (Corrientes).<\/li>\n\n\n\n<li>Laguna de Llancanelo (Mendoza).<\/li>\n\n\n\n<li>Ba\u00f1ados del R\u00edo Dulce y Laguna de Mar Chiquita (C\u00f3rdoba).<\/li>\n\n\n\n<li>Humedales del Delta del Paran\u00e1.<\/li>\n<\/ul>\n\n\n\n<p>Sin embargo, la conservaci\u00f3n real exige m\u00e1s que declaraciones: requiere **pol\u00edticas p\u00fablicas firmes, financiamiento y participaci\u00f3n ciudadana**.<\/p>\n\n\n\n<p>\u00bfQu\u00e9 podemos hacer para proteger los humedales?<\/p>\n\n\n\n<p>La defensa de los humedales no es tarea exclusiva de gobiernos u ONGs: todos podemos aportar. Algunas acciones concretas son:<\/p>\n\n\n\n<p>1. Informarse y difundir: la conciencia social es el primer paso.<\/p>\n\n\n\n<p>2. Evitar la contaminaci\u00f3n: no arrojar basura ni sustancias t\u00f3xicas a r\u00edos o lagunas.<\/p>\n\n\n\n<p>3. Apoyar proyectos de restauraci\u00f3n: voluntariados, campa\u00f1as o iniciativas locales.<\/p>\n\n\n\n<p>4. Exigir leyes y regulaciones: la presi\u00f3n ciudadana es clave para que los humedales tengan una protecci\u00f3n legal efectiva.<\/p>\n\n\n\n<p>5. Consumir responsablemente: elegir productos que no fomenten la destrucci\u00f3n de ecosistemas.<\/p>\n\n\n\n<p>La pregunta no es si podemos salvar a los humedales, sino si queremos salvarnos a nosotros mismos.<\/p>\n\n\n\n<p>Aqu\u00ed te dejo los dos p\u00e1rrafos solicitados, con el tono humano y enriquecidos con un enfoque sensacionalista y emocional, integr\u00e1ndolos en tu art\u00edculo existente:<\/p>\n\n\n\n<p><strong>El sendero de humedales de San Javier: del basural al coraz\u00f3n verde que late cerca de Viedma<\/strong><\/p>\n\n\n\n<p>A apenas 30 km de Viedma, en la localidad de San Javier, late hoy un oasis de vida que amenaza con convertirse en reserva natural urbana. Este sendero, que ocupa cerca de 10 hect\u00e1reas apenas a 300 metros de la planta urbana, fue durante d\u00e9cadas un basural a cielo abierto: m\u00e1s de 40 a\u00f1os de residuos acumulados sobre lo que deber\u00eda haber sido un refugio natural; un sitio deteriorado pero lleno de potencial.<\/p>\n\n\n\n<p>El renacer comenz\u00f3 gracias a la voluntad comunitaria: vecinos, la <a href=\"https:\/\/uncoma.edu.ar\/\">Universidad Nacional del Comahue <\/a>y autoridades provinciales unieron fuerzas para reemplazar la basura por totoras, lengua de vaca, tr\u00e9bol blanco y cortaderales, y rescatar especies como la garza blanca, garza mora, pato overo, chimango, bigu\u00e1, lechuza de las vizcacheras o jilguero com\u00fan.<\/p>\n\n\n\n<p>En noviembre de 2019, este espacio renacido se inaugur\u00f3 como el primer&nbsp; Sendero Educativo, Recreativo y Tur\u00edstico del pueblo, un verdadero s\u00edmbolo de transformaci\u00f3n ambiental y de inclusi\u00f3n: lo que fue un vertedero se convirti\u00f3 en un pulm\u00f3n verde que cuenta historias de resiliencia y biodiversidad, y que ahora aspira a ser reconocido como \u00e1rea de inter\u00e9s tur\u00edstico, ambiental, educativo \u2014e incluso una futura reserva natural urbana.<\/p>\n\n\n\n<p><strong>Sitios Ramsar en Argentina: R\u00edo Negro a\u00fan reclama su lugar en la lista internacional<\/strong><\/p>\n\n\n\n<p>Argentina cuenta con 15 <a href=\"https:\/\/www.argentina.gob.ar\/ambiente\/agua\/humedales\/sitiosramsar\">sitios Ramsar<\/a>, humedales de importancia internacional reconocidos por su valor ecol\u00f3gico y contribuci\u00f3n al desarrollo sostenible. Sin embargo, R\u00edo Negro a\u00fan no tiene ninguno, aunque se encuentra en proceso de avanzar hacia esa meta: se trabaja en la declaraci\u00f3n del \u00c1rea Natural Protegida \u201cBah\u00eda de San Antonio\u201d como el primer sitio Ramsar de la provincia. Esta ausencia refuerza la urgencia de reconocer y preservar no solo los humedales consolidados como el que hoy late en San Javier, sino tambi\u00e9n otros ecosistemas estrat\u00e9gicos de la provincia que a\u00fan esperan una oportunidad de ser valorados globalmente.<\/p>\n\n\n\n<p><strong>El futuro del planeta depende de los humedales<\/strong><\/p>\n\n\n\n<p>En medio de la crisis clim\u00e1tica global, los humedales se revelan como guardianes silenciosos que podr\u00edan marcar la diferencia entre un futuro sostenible o un colapso irreversible.<\/p>\n\n\n\n<p>No se trata de pantanos olvidados ni de tierras improductivas: se trata de f\u00e1bricas de vida, reguladores del clima y fuentes de agua que sostienen nuestro presente y nuestro ma\u00f1ana.<\/p>\n\n\n\n<p>El D\u00eda Mundial de los Humedales no debe ser solo una fecha en el calendario, sino un recordatorio urgente de que protegerlos es protegernos.<\/p>\n\n\n\n<p><\/p>\n","protected":false},"excerpt":{"rendered":"","protected":false},"author":2,"featured_media":97958,"comment_status":"open","ping_status":"open","sticky":false,"template":"","format":"standard","meta":{"site-sidebar-layout":"default","site-content-layout":"","ast-site-content-layout":"default","site-content-style":"default","site-sidebar-style":"default","ast-global-header-display":"","ast-banner-title-visibility":"","ast-main-header-display":"","ast-hfb-above-header-display":"","ast-hfb-below-header-display":"","ast-hfb-mobile-header-display":"","site-post-title":"","ast-breadcrumbs-content":"","ast-featured-img":"","footer-sml-layout":"","ast-disable-related-posts":"","theme-transparent-header-meta":"","adv-header-id-meta":"","stick-header-meta":"","header-above-stick-meta":"","header-main-stick-meta":"","header-below-stick-meta":"","astra-migrate-meta-layouts":"default","ast-page-background-enabled":"default","ast-page-background-meta":{"desktop":{"background-color":"var(--ast-global-color-5)","background-image":"","background-repeat":"repeat","background-position":"center center","background-size":"auto","background-attachment":"scroll","background-type":"","background-media":"","overlay-type":"","overlay-color":"","overlay-opacity":"","overlay-gradient":""},"tablet":{"background-color":"","background-image":"","background-repeat":"repeat","background-position":"center center","background-size":"auto","background-attachment":"scroll","background-type":"","background-media":"","overlay-type":"","overlay-color":"","overlay-opacity":"","overlay-gradient":""},"mobile":{"background-color":"","background-image":"","background-repeat":"repeat","background-position":"center center","background-size":"auto","background-attachment":"scroll","background-type":"","background-media":"","overlay-type":"","overlay-color":"","overlay-opacity":"","overlay-gradient":""}},"ast-content-background-meta":{"desktop":{"background-color":"var(--ast-global-color-4)","background-image":"","background-repeat":"repeat","background-position":"center center","background-size":"auto","background-attachment":"scroll","background-type":"","background-media":"","overlay-type":"","overlay-color":"","overlay-opacity":"","overlay-gradient":""},"tablet":{"background-color":"var(--ast-global-color-4)","background-image":"","background-repeat":"repeat","background-position":"center center","background-size":"auto","background-attachment":"scroll","background-type":"","background-media":"","overlay-type":"","overlay-color":"","overlay-opacity":"","overlay-gradient":""},"mobile":{"background-color":"var(--ast-global-color-4)","background-image":"","background-repeat":"repeat","background-position":"center center","background-size":"auto","background-attachment":"scroll","background-type":"","background-media":"","overlay-type":"","overlay-color":"","overlay-opacity":"","overlay-gradient":""}},"footnotes":""},"categories":[12,1],"tags":[],"class_list":["post-97957","post","type-post","status-publish","format-standard","has-post-thumbnail","hentry","category-agenda-ambiental","category-noticias"],"yoast_head":"<!-- This site is optimized with the Yoast SEO Premium plugin v23.0 (Yoast SEO v27.5) - https:\/\/yoast.com\/product\/yoast-seo-premium-wordpress\/ -->\n<title>Humedales: los gigantes ocultos en Rio Negro que pueden salvarnos del cambio clim\u00e1tico<\/title>\n<meta name=\"description\" content=\"Los humedales son aliados contra el cambio clim\u00e1tico. Conoc\u00e9 su valor en Argentina, su biodiversidad y el renacer del sendero en San Javier.\" \/>\n<meta name=\"robots\" content=\"index, follow, max-snippet:-1, max-image-preview:large, max-video-preview:-1\" \/>\n<link rel=\"canonical\" href=\"https:\/\/patagoniambiental.com.ar\/info\/humedales-argentina-cambio-climatico-san-javier-rio-negro\/\" \/>\n<meta property=\"og:locale\" content=\"es_ES\" \/>\n<meta property=\"og:type\" content=\"article\" \/>\n<meta property=\"og:title\" content=\"Humedales: los gigantes ocultos en Rio Negro que pueden salvarnos del cambio clim\u00e1tico\" \/>\n<meta property=\"og:description\" content=\"Los humedales son aliados contra el cambio clim\u00e1tico. Conoc\u00e9 su valor en Argentina, su biodiversidad y el renacer del sendero en San Javier.\" \/>\n<meta property=\"og:url\" content=\"https:\/\/patagoniambiental.com.ar\/info\/humedales-argentina-cambio-climatico-san-javier-rio-negro\/\" \/>\n<meta property=\"og:site_name\" content=\"Patagonia Ambiental\" \/>\n<meta property=\"article:publisher\" content=\"https:\/\/www.facebook.com\/patagonia.ambiental\" \/>\n<meta property=\"article:author\" content=\"https:\/\/www.facebook.com\/share\/1C1V8Gv9BX\/?mibextid=qi2Omg\" \/>\n<meta property=\"article:published_time\" content=\"2025-02-02T15:45:00+00:00\" \/>\n<meta property=\"article:modified_time\" content=\"2025-08-22T16:05:42+00:00\" \/>\n<meta property=\"og:image\" content=\"https:\/\/patagoniambiental.com.ar\/info\/wp-content\/uploads\/2025\/08\/humdales-rio-negro.webp\" \/>\n\t<meta property=\"og:image:width\" content=\"770\" \/>\n\t<meta property=\"og:image:height\" content=\"433\" \/>\n\t<meta property=\"og:image:type\" content=\"image\/webp\" \/>\n<meta name=\"author\" content=\"Patagonia Ambiental\" \/>\n<meta name=\"twitter:card\" content=\"summary_large_image\" \/>\n<meta name=\"twitter:creator\" content=\"@PatAmb\" \/>\n<meta name=\"twitter:site\" content=\"@PatAmb\" \/>\n<script type=\"application\/ld+json\" class=\"yoast-schema-graph\">{\"@context\":\"https:\\\/\\\/schema.org\",\"@graph\":[{\"@type\":\"Article\",\"@id\":\"https:\\\/\\\/patagoniambiental.com.ar\\\/info\\\/humedales-argentina-cambio-climatico-san-javier-rio-negro\\\/#article\",\"isPartOf\":{\"@id\":\"https:\\\/\\\/patagoniambiental.com.ar\\\/info\\\/humedales-argentina-cambio-climatico-san-javier-rio-negro\\\/\"},\"author\":{\"name\":\"Patagonia Ambiental\",\"@id\":\"https:\\\/\\\/patagoniambiental.com.ar\\\/info\\\/#\\\/schema\\\/person\\\/db12bff64bbcbf6a253710bf0ea37b5d\"},\"headline\":\"Humedales: los gigantes ocultos en Rio Negro que pueden salvarnos del cambio clim\u00e1tico\",\"datePublished\":\"2025-02-02T15:45:00+00:00\",\"dateModified\":\"2025-08-22T16:05:42+00:00\",\"mainEntityOfPage\":{\"@id\":\"https:\\\/\\\/patagoniambiental.com.ar\\\/info\\\/humedales-argentina-cambio-climatico-san-javier-rio-negro\\\/\"},\"wordCount\":1584,\"commentCount\":0,\"publisher\":{\"@id\":\"https:\\\/\\\/patagoniambiental.com.ar\\\/info\\\/#organization\"},\"image\":{\"@id\":\"https:\\\/\\\/patagoniambiental.com.ar\\\/info\\\/humedales-argentina-cambio-climatico-san-javier-rio-negro\\\/#primaryimage\"},\"thumbnailUrl\":\"https:\\\/\\\/patagoniambiental.com.ar\\\/info\\\/wp-content\\\/uploads\\\/2025\\\/08\\\/humdales-rio-negro.webp\",\"articleSection\":[\"Agenda Ambiental\",\"Noticias\"],\"inLanguage\":\"es\",\"potentialAction\":[{\"@type\":\"CommentAction\",\"name\":\"Comment\",\"target\":[\"https:\\\/\\\/patagoniambiental.com.ar\\\/info\\\/humedales-argentina-cambio-climatico-san-javier-rio-negro\\\/#respond\"]}]},{\"@type\":\"WebPage\",\"@id\":\"https:\\\/\\\/patagoniambiental.com.ar\\\/info\\\/humedales-argentina-cambio-climatico-san-javier-rio-negro\\\/\",\"url\":\"https:\\\/\\\/patagoniambiental.com.ar\\\/info\\\/humedales-argentina-cambio-climatico-san-javier-rio-negro\\\/\",\"name\":\"Humedales: los gigantes ocultos en Rio Negro que pueden salvarnos del cambio clim\u00e1tico\",\"isPartOf\":{\"@id\":\"https:\\\/\\\/patagoniambiental.com.ar\\\/info\\\/#website\"},\"primaryImageOfPage\":{\"@id\":\"https:\\\/\\\/patagoniambiental.com.ar\\\/info\\\/humedales-argentina-cambio-climatico-san-javier-rio-negro\\\/#primaryimage\"},\"image\":{\"@id\":\"https:\\\/\\\/patagoniambiental.com.ar\\\/info\\\/humedales-argentina-cambio-climatico-san-javier-rio-negro\\\/#primaryimage\"},\"thumbnailUrl\":\"https:\\\/\\\/patagoniambiental.com.ar\\\/info\\\/wp-content\\\/uploads\\\/2025\\\/08\\\/humdales-rio-negro.webp\",\"datePublished\":\"2025-02-02T15:45:00+00:00\",\"dateModified\":\"2025-08-22T16:05:42+00:00\",\"description\":\"Los humedales son aliados contra el cambio clim\u00e1tico. Conoc\u00e9 su valor en Argentina, su biodiversidad y el renacer del sendero en San Javier.\",\"breadcrumb\":{\"@id\":\"https:\\\/\\\/patagoniambiental.com.ar\\\/info\\\/humedales-argentina-cambio-climatico-san-javier-rio-negro\\\/#breadcrumb\"},\"inLanguage\":\"es\",\"potentialAction\":[{\"@type\":\"ReadAction\",\"target\":[\"https:\\\/\\\/patagoniambiental.com.ar\\\/info\\\/humedales-argentina-cambio-climatico-san-javier-rio-negro\\\/\"]}]},{\"@type\":\"ImageObject\",\"inLanguage\":\"es\",\"@id\":\"https:\\\/\\\/patagoniambiental.com.ar\\\/info\\\/humedales-argentina-cambio-climatico-san-javier-rio-negro\\\/#primaryimage\",\"url\":\"https:\\\/\\\/patagoniambiental.com.ar\\\/info\\\/wp-content\\\/uploads\\\/2025\\\/08\\\/humdales-rio-negro.webp\",\"contentUrl\":\"https:\\\/\\\/patagoniambiental.com.ar\\\/info\\\/wp-content\\\/uploads\\\/2025\\\/08\\\/humdales-rio-negro.webp\",\"width\":770,\"height\":433,\"caption\":\"Credito: Gobierno de Rio Negro\"},{\"@type\":\"BreadcrumbList\",\"@id\":\"https:\\\/\\\/patagoniambiental.com.ar\\\/info\\\/humedales-argentina-cambio-climatico-san-javier-rio-negro\\\/#breadcrumb\",\"itemListElement\":[{\"@type\":\"ListItem\",\"position\":1,\"name\":\"Inicio\",\"item\":\"https:\\\/\\\/patagoniambiental.com.ar\\\/info\\\/\"},{\"@type\":\"ListItem\",\"position\":2,\"name\":\"Humedales: los gigantes ocultos en Rio Negro que pueden salvarnos del cambio clim\u00e1tico\"}]},{\"@type\":\"WebSite\",\"@id\":\"https:\\\/\\\/patagoniambiental.com.ar\\\/info\\\/#website\",\"url\":\"https:\\\/\\\/patagoniambiental.com.ar\\\/info\\\/\",\"name\":\"Patagonia Ambiental\",\"description\":\"Monitoreo y an\u00e1lisis de la situaci\u00f3n geopol\u00edtica en el mundo y su implicancia en la Patagonia\",\"publisher\":{\"@id\":\"https:\\\/\\\/patagoniambiental.com.ar\\\/info\\\/#organization\"},\"potentialAction\":[{\"@type\":\"SearchAction\",\"target\":{\"@type\":\"EntryPoint\",\"urlTemplate\":\"https:\\\/\\\/patagoniambiental.com.ar\\\/info\\\/?s={search_term_string}\"},\"query-input\":{\"@type\":\"PropertyValueSpecification\",\"valueRequired\":true,\"valueName\":\"search_term_string\"}}],\"inLanguage\":\"es\"},{\"@type\":\"Organization\",\"@id\":\"https:\\\/\\\/patagoniambiental.com.ar\\\/info\\\/#organization\",\"name\":\"Patagonia Ambiental\",\"url\":\"https:\\\/\\\/patagoniambiental.com.ar\\\/info\\\/\",\"logo\":{\"@type\":\"ImageObject\",\"inLanguage\":\"es\",\"@id\":\"https:\\\/\\\/patagoniambiental.com.ar\\\/info\\\/#\\\/schema\\\/logo\\\/image\\\/\",\"url\":\"https:\\\/\\\/patagoniambiental.com.ar\\\/info\\\/wp-content\\\/uploads\\\/2025\\\/05\\\/LOGO-PATAGONIA-AMBIENTAL.png\",\"contentUrl\":\"https:\\\/\\\/patagoniambiental.com.ar\\\/info\\\/wp-content\\\/uploads\\\/2025\\\/05\\\/LOGO-PATAGONIA-AMBIENTAL.png\",\"width\":433,\"height\":250,\"caption\":\"Patagonia Ambiental\"},\"image\":{\"@id\":\"https:\\\/\\\/patagoniambiental.com.ar\\\/info\\\/#\\\/schema\\\/logo\\\/image\\\/\"},\"sameAs\":[\"https:\\\/\\\/www.facebook.com\\\/patagonia.ambiental\",\"https:\\\/\\\/x.com\\\/PatAmb\"]},{\"@type\":\"Person\",\"@id\":\"https:\\\/\\\/patagoniambiental.com.ar\\\/info\\\/#\\\/schema\\\/person\\\/db12bff64bbcbf6a253710bf0ea37b5d\",\"name\":\"Patagonia Ambiental\",\"description\":\"Andr\u00e9s Nievas T\u00e9cnico en manejo ambiental, consultor Ambiental y escritor para medios locales e internacionales sobre temas de geopolitica y medio ambiente.\",\"sameAs\":[\"http:\\\/\\\/www.patagoniambiental.com.ar\",\"https:\\\/\\\/www.facebook.com\\\/share\\\/1C1V8Gv9BX\\\/?mibextid=qi2Omg\",\"@patagoniambiental\",\"https:\\\/\\\/youtube.com\\\/@patagoniaambiental2023?si=BLt58t0wuXquxlYZ\"]}]}<\/script>\n<!-- \/ Yoast SEO Premium plugin. -->","yoast_head_json":{"title":"Humedales: los gigantes ocultos en Rio Negro que pueden salvarnos del cambio clim\u00e1tico","description":"Los humedales son aliados contra el cambio clim\u00e1tico. Conoc\u00e9 su valor en Argentina, su biodiversidad y el renacer del sendero en San Javier.","robots":{"index":"index","follow":"follow","max-snippet":"max-snippet:-1","max-image-preview":"max-image-preview:large","max-video-preview":"max-video-preview:-1"},"canonical":"https:\/\/patagoniambiental.com.ar\/info\/humedales-argentina-cambio-climatico-san-javier-rio-negro\/","og_locale":"es_ES","og_type":"article","og_title":"Humedales: los gigantes ocultos en Rio Negro que pueden salvarnos del cambio clim\u00e1tico","og_description":"Los humedales son aliados contra el cambio clim\u00e1tico. Conoc\u00e9 su valor en Argentina, su biodiversidad y el renacer del sendero en San Javier.","og_url":"https:\/\/patagoniambiental.com.ar\/info\/humedales-argentina-cambio-climatico-san-javier-rio-negro\/","og_site_name":"Patagonia Ambiental","article_publisher":"https:\/\/www.facebook.com\/patagonia.ambiental","article_author":"https:\/\/www.facebook.com\/share\/1C1V8Gv9BX\/?mibextid=qi2Omg","article_published_time":"2025-02-02T15:45:00+00:00","article_modified_time":"2025-08-22T16:05:42+00:00","og_image":[{"width":770,"height":433,"url":"https:\/\/patagoniambiental.com.ar\/info\/wp-content\/uploads\/2025\/08\/humdales-rio-negro.webp","type":"image\/webp"}],"author":"Patagonia Ambiental","twitter_card":"summary_large_image","twitter_creator":"@PatAmb","twitter_site":"@PatAmb","schema":{"@context":"https:\/\/schema.org","@graph":[{"@type":"Article","@id":"https:\/\/patagoniambiental.com.ar\/info\/humedales-argentina-cambio-climatico-san-javier-rio-negro\/#article","isPartOf":{"@id":"https:\/\/patagoniambiental.com.ar\/info\/humedales-argentina-cambio-climatico-san-javier-rio-negro\/"},"author":{"name":"Patagonia Ambiental","@id":"https:\/\/patagoniambiental.com.ar\/info\/#\/schema\/person\/db12bff64bbcbf6a253710bf0ea37b5d"},"headline":"Humedales: los gigantes ocultos en Rio Negro que pueden salvarnos del cambio clim\u00e1tico","datePublished":"2025-02-02T15:45:00+00:00","dateModified":"2025-08-22T16:05:42+00:00","mainEntityOfPage":{"@id":"https:\/\/patagoniambiental.com.ar\/info\/humedales-argentina-cambio-climatico-san-javier-rio-negro\/"},"wordCount":1584,"commentCount":0,"publisher":{"@id":"https:\/\/patagoniambiental.com.ar\/info\/#organization"},"image":{"@id":"https:\/\/patagoniambiental.com.ar\/info\/humedales-argentina-cambio-climatico-san-javier-rio-negro\/#primaryimage"},"thumbnailUrl":"https:\/\/patagoniambiental.com.ar\/info\/wp-content\/uploads\/2025\/08\/humdales-rio-negro.webp","articleSection":["Agenda Ambiental","Noticias"],"inLanguage":"es","potentialAction":[{"@type":"CommentAction","name":"Comment","target":["https:\/\/patagoniambiental.com.ar\/info\/humedales-argentina-cambio-climatico-san-javier-rio-negro\/#respond"]}]},{"@type":"WebPage","@id":"https:\/\/patagoniambiental.com.ar\/info\/humedales-argentina-cambio-climatico-san-javier-rio-negro\/","url":"https:\/\/patagoniambiental.com.ar\/info\/humedales-argentina-cambio-climatico-san-javier-rio-negro\/","name":"Humedales: los gigantes ocultos en Rio Negro que pueden salvarnos del cambio clim\u00e1tico","isPartOf":{"@id":"https:\/\/patagoniambiental.com.ar\/info\/#website"},"primaryImageOfPage":{"@id":"https:\/\/patagoniambiental.com.ar\/info\/humedales-argentina-cambio-climatico-san-javier-rio-negro\/#primaryimage"},"image":{"@id":"https:\/\/patagoniambiental.com.ar\/info\/humedales-argentina-cambio-climatico-san-javier-rio-negro\/#primaryimage"},"thumbnailUrl":"https:\/\/patagoniambiental.com.ar\/info\/wp-content\/uploads\/2025\/08\/humdales-rio-negro.webp","datePublished":"2025-02-02T15:45:00+00:00","dateModified":"2025-08-22T16:05:42+00:00","description":"Los humedales son aliados contra el cambio clim\u00e1tico. Conoc\u00e9 su valor en Argentina, su biodiversidad y el renacer del sendero en San Javier.","breadcrumb":{"@id":"https:\/\/patagoniambiental.com.ar\/info\/humedales-argentina-cambio-climatico-san-javier-rio-negro\/#breadcrumb"},"inLanguage":"es","potentialAction":[{"@type":"ReadAction","target":["https:\/\/patagoniambiental.com.ar\/info\/humedales-argentina-cambio-climatico-san-javier-rio-negro\/"]}]},{"@type":"ImageObject","inLanguage":"es","@id":"https:\/\/patagoniambiental.com.ar\/info\/humedales-argentina-cambio-climatico-san-javier-rio-negro\/#primaryimage","url":"https:\/\/patagoniambiental.com.ar\/info\/wp-content\/uploads\/2025\/08\/humdales-rio-negro.webp","contentUrl":"https:\/\/patagoniambiental.com.ar\/info\/wp-content\/uploads\/2025\/08\/humdales-rio-negro.webp","width":770,"height":433,"caption":"Credito: Gobierno de Rio Negro"},{"@type":"BreadcrumbList","@id":"https:\/\/patagoniambiental.com.ar\/info\/humedales-argentina-cambio-climatico-san-javier-rio-negro\/#breadcrumb","itemListElement":[{"@type":"ListItem","position":1,"name":"Inicio","item":"https:\/\/patagoniambiental.com.ar\/info\/"},{"@type":"ListItem","position":2,"name":"Humedales: los gigantes ocultos en Rio Negro que pueden salvarnos del cambio clim\u00e1tico"}]},{"@type":"WebSite","@id":"https:\/\/patagoniambiental.com.ar\/info\/#website","url":"https:\/\/patagoniambiental.com.ar\/info\/","name":"Patagonia Ambiental","description":"Monitoreo y an\u00e1lisis de la situaci\u00f3n geopol\u00edtica en el mundo y su implicancia en la Patagonia","publisher":{"@id":"https:\/\/patagoniambiental.com.ar\/info\/#organization"},"potentialAction":[{"@type":"SearchAction","target":{"@type":"EntryPoint","urlTemplate":"https:\/\/patagoniambiental.com.ar\/info\/?s={search_term_string}"},"query-input":{"@type":"PropertyValueSpecification","valueRequired":true,"valueName":"search_term_string"}}],"inLanguage":"es"},{"@type":"Organization","@id":"https:\/\/patagoniambiental.com.ar\/info\/#organization","name":"Patagonia Ambiental","url":"https:\/\/patagoniambiental.com.ar\/info\/","logo":{"@type":"ImageObject","inLanguage":"es","@id":"https:\/\/patagoniambiental.com.ar\/info\/#\/schema\/logo\/image\/","url":"https:\/\/patagoniambiental.com.ar\/info\/wp-content\/uploads\/2025\/05\/LOGO-PATAGONIA-AMBIENTAL.png","contentUrl":"https:\/\/patagoniambiental.com.ar\/info\/wp-content\/uploads\/2025\/05\/LOGO-PATAGONIA-AMBIENTAL.png","width":433,"height":250,"caption":"Patagonia Ambiental"},"image":{"@id":"https:\/\/patagoniambiental.com.ar\/info\/#\/schema\/logo\/image\/"},"sameAs":["https:\/\/www.facebook.com\/patagonia.ambiental","https:\/\/x.com\/PatAmb"]},{"@type":"Person","@id":"https:\/\/patagoniambiental.com.ar\/info\/#\/schema\/person\/db12bff64bbcbf6a253710bf0ea37b5d","name":"Patagonia Ambiental","description":"Andr\u00e9s Nievas T\u00e9cnico en manejo ambiental, consultor Ambiental y escritor para medios locales e internacionales sobre temas de geopolitica y medio ambiente.","sameAs":["http:\/\/www.patagoniambiental.com.ar","https:\/\/www.facebook.com\/share\/1C1V8Gv9BX\/?mibextid=qi2Omg","@patagoniambiental","https:\/\/youtube.com\/@patagoniaambiental2023?si=BLt58t0wuXquxlYZ"]}]}},"_links":{"self":[{"href":"https:\/\/patagoniambiental.com.ar\/info\/wp-json\/wp\/v2\/posts\/97957","targetHints":{"allow":["GET"]}}],"collection":[{"href":"https:\/\/patagoniambiental.com.ar\/info\/wp-json\/wp\/v2\/posts"}],"about":[{"href":"https:\/\/patagoniambiental.com.ar\/info\/wp-json\/wp\/v2\/types\/post"}],"author":[{"embeddable":true,"href":"https:\/\/patagoniambiental.com.ar\/info\/wp-json\/wp\/v2\/users\/2"}],"replies":[{"embeddable":true,"href":"https:\/\/patagoniambiental.com.ar\/info\/wp-json\/wp\/v2\/comments?post=97957"}],"version-history":[{"count":1,"href":"https:\/\/patagoniambiental.com.ar\/info\/wp-json\/wp\/v2\/posts\/97957\/revisions"}],"predecessor-version":[{"id":97960,"href":"https:\/\/patagoniambiental.com.ar\/info\/wp-json\/wp\/v2\/posts\/97957\/revisions\/97960"}],"wp:featuredmedia":[{"embeddable":true,"href":"https:\/\/patagoniambiental.com.ar\/info\/wp-json\/wp\/v2\/media\/97958"}],"wp:attachment":[{"href":"https:\/\/patagoniambiental.com.ar\/info\/wp-json\/wp\/v2\/media?parent=97957"}],"wp:term":[{"taxonomy":"category","embeddable":true,"href":"https:\/\/patagoniambiental.com.ar\/info\/wp-json\/wp\/v2\/categories?post=97957"},{"taxonomy":"post_tag","embeddable":true,"href":"https:\/\/patagoniambiental.com.ar\/info\/wp-json\/wp\/v2\/tags?post=97957"}],"curies":[{"name":"wp","href":"https:\/\/api.w.org\/{rel}","templated":true}]}}