{"id":98188,"date":"2026-04-05T00:21:26","date_gmt":"2026-04-05T03:21:26","guid":{"rendered":"https:\/\/patagoniambiental.com.ar\/info\/?p=98188"},"modified":"2026-04-05T00:21:30","modified_gmt":"2026-04-05T03:21:30","slug":"dias-ambientales-de-la-onu-un-calendario-para-la-conciencia-global","status":"publish","type":"post","link":"https:\/\/patagoniambiental.com.ar\/info\/dias-ambientales-de-la-onu-un-calendario-para-la-conciencia-global\/","title":{"rendered":"D\u00edas ambientales de la ONU para la conciencia global"},"content":{"rendered":"\n<!--more-->\n\n\n\n<p><strong>\u00bfQu\u00e9 son los d\u00edas internacionales de la ONU?<\/strong><\/p>\n\n\n\n<p>Los <strong>D\u00edas Internacionales<\/strong> proclamados por la <strong>Organizaci\u00f3n de las Naciones Unidas <a href=\"http:\/\/www.un.org\">(ONU)<\/a><\/strong> son mucho m\u00e1s que simples fechas en el calendario: representan momentos de reflexi\u00f3n, educaci\u00f3n y acci\u00f3n colectiva frente a los grandes desaf\u00edos de la humanidad. Seg\u00fan la <strong>ONU<\/strong>, estas jornadas oficiales se establecen mediante resoluciones de la Asamblea General o de organismos especializados y tienen como objetivo <strong>sensibilizar a la sociedad, movilizar voluntades pol\u00edticas y fomentar acciones en todo el mundo<\/strong> en torno a temas cruciales como el <strong>medio ambiente, la ciencia, los derechos humanos y la preservaci\u00f3n de los pueblos originarios<\/strong>.<\/p>\n\n\n\n<p>Lejos de ser efem\u00e9rides simb\u00f3licas, estas fechas son herramientas diplom\u00e1ticas, educativas y sociales que invitan a <strong>gobiernos, organizaciones civiles, universidades y comunidades locales<\/strong> a realizar actividades que visibilicen problem\u00e1ticas globales. Por ejemplo, la <strong>ONU Medio Ambiente (PNUMA)<\/strong> sostiene que estos d\u00edas contribuyen a generar una narrativa com\u00fan que conecta lo local con lo global, creando puentes entre las comunidades afectadas y la toma de decisiones internacionales.<\/p>\n\n\n\n<p>En palabras de <strong>Audrey Azoulay, Directora General de la UNESCO<\/strong>, los d\u00edas internacionales dedicados a la ciencia y a la cultura permiten \u201c<strong>reforzar la cooperaci\u00f3n internacional, alentar la investigaci\u00f3n y promover la educaci\u00f3n como motores de desarrollo sostenible<\/strong>\u201d. Asimismo, para los pueblos ind\u00edgenas, fechas como el <strong>D\u00eda Internacional de los Pueblos Ind\u00edgenas del Mundo (9 de agosto)<\/strong> no solo son un recordatorio de derechos, sino tambi\u00e9n una oportunidad de denunciar vulneraciones hist\u00f3ricas y de defender sus territorios frente a la deforestaci\u00f3n, el extractivismo y la crisis clim\u00e1tica.<\/p>\n\n\n\n<p>En definitiva, cada fecha proclamada por la ONU cumple con una doble misi\u00f3n: <strong>crear conciencia global y promover compromisos concretos<\/strong>, tanto desde los Estados como desde la ciudadan\u00eda.<\/p>\n\n\n\n<p><strong>Medio Ambiente: un calendario para defender la naturaleza<\/strong><\/p>\n\n\n\n<p>El \u00e1rea m\u00e1s prol\u00edfica en cuanto a d\u00edas internacionales es, sin duda, el <strong>medio ambiente<\/strong>. Estos d\u00edas buscan poner en agenda los problemas ambientales m\u00e1s urgentes, como la <strong>crisis clim\u00e1tica, la desertificaci\u00f3n, la p\u00e9rdida de biodiversidad y la contaminaci\u00f3n de los oc\u00e9anos<\/strong>.<\/p>\n\n\n\n<p>Entre los m\u00e1s destacados se encuentran:<\/p>\n\n\n\n<ul class=\"wp-block-list\">\n<li><strong>2 de febrero \u2013 D\u00eda Mundial de los Humedales<\/strong>: instaurado en el marco del Convenio de Ramsar, recuerda la importancia de estos ecosistemas vitales para el agua dulce, la biodiversidad y la mitigaci\u00f3n del cambio clim\u00e1tico.<\/li>\n\n\n\n<li><strong>22 de marzo \u2013 D\u00eda Mundial del Agua<\/strong>: declarado por la ONU en 1993, resalta la necesidad de garantizar el acceso universal a agua potable y saneamiento.<\/li>\n\n\n\n<li><strong>22 de abril \u2013 D\u00eda Internacional de la Madre Tierra<\/strong>: una de las fechas m\u00e1s emblem\u00e1ticas, que promueve la armon\u00eda con la naturaleza y la acci\u00f3n clim\u00e1tica.<\/li>\n\n\n\n<li><strong>5 de junio \u2013 D\u00eda Mundial del Medio Ambiente<\/strong>: creado en 1972 tras la Conferencia de Estocolmo, es el evento ambiental m\u00e1s importante de la ONU.<\/li>\n\n\n\n<li><strong>17 de junio \u2013 D\u00eda Mundial de Lucha contra la Desertificaci\u00f3n y la Sequ\u00eda<\/strong>: busca concienciar sobre la degradaci\u00f3n de tierras y su impacto en la seguridad alimentaria.<\/li>\n\n\n\n<li><strong>16 de septiembre \u2013 D\u00eda Internacional de la Preservaci\u00f3n de la Capa de Ozono<\/strong>: recuerda el \u00e9xito del Protocolo de Montreal y la necesidad de proteger la atm\u00f3sfera.<\/li>\n\n\n\n<li><strong>11 de diciembre \u2013 D\u00eda Internacional de las Monta\u00f1as<\/strong>: reconoce el rol crucial de las monta\u00f1as en la provisi\u00f3n de agua dulce y biodiversidad.<\/li>\n<\/ul>\n\n\n\n<p><br><strong>\ud83e\uddec Ciencia y sostenibilidad: conocimiento para el futuro<\/strong><\/p>\n\n\n\n<p>La ONU tambi\u00e9n dedica jornadas a la <strong>ciencia y la investigaci\u00f3n<\/strong>, entendidas como motores del desarrollo sostenible. Estas fechas son promovidas principalmente por la <strong>UNESCO<\/strong>, que insiste en la importancia de la ciencia abierta y de la cooperaci\u00f3n internacional.<\/p>\n\n\n\n<p><strong>11 de febrero \u2013 D\u00eda Internacional de la Mujer y la Ni\u00f1a en la Ciencia<\/strong>: busca cerrar la brecha de g\u00e9nero en disciplinas cient\u00edficas.<br><\/p>\n\n\n\n<p><strong>14 de marzo \u2013 D\u00eda Internacional de las Matem\u00e1ticas (Pi Day)<\/strong>: resalta el papel de las matem\u00e1ticas en el avance de la humanidad.<br><\/p>\n\n\n\n<p><strong>10 de noviembre \u2013 D\u00eda Mundial de la Ciencia para la Paz y el Desarrollo<\/strong>: invita a pensar la ciencia no solo como conocimiento, sino como herramienta para alcanzar los Objetivos de Desarrollo Sostenible (ODS).<br><\/p>\n\n\n\n<p><br><strong>\ud83c\udf0e Pueblos Originarios: derechos y territorios en agenda<\/strong><\/p>\n\n\n\n<p>Los <strong>pueblos ind\u00edgenas<\/strong> ocupan un lugar central en el calendario de la ONU. Seg\u00fan el <strong>Foro Permanente para las Cuestiones Ind\u00edgenas<\/strong>, estas fechas son esenciales para visibilizar la riqueza cultural de m\u00e1s de 476 millones de ind\u00edgenas en todo el mundo y denunciar las amenazas que enfrentan sus territorios.<\/p>\n\n\n\n<p><strong>9 de agosto \u2013 D\u00eda Internacional de los Pueblos Ind\u00edgenas del Mundo<\/strong>: proclamado en 1994, reconoce la diversidad cultural y defiende el derecho a la libre determinaci\u00f3n.<br><\/p>\n\n\n\n<p><strong>21 de febrero \u2013 D\u00eda Internacional de la Lengua Materna<\/strong>: aunque no es exclusivo de los pueblos originarios, tiene gran relevancia en la preservaci\u00f3n de las lenguas ind\u00edgenas en peligro de desaparici\u00f3n.<br><\/p>\n\n\n\n<p><br><strong>\ud83d\udcc5 Calendario completo de fechas de la ONU sobre medio ambiente, pueblos originarios y ciencia<\/strong><\/p>\n\n\n\n<p><strong>Enero<\/strong><\/p>\n\n\n\n<p>24 de enero \u2013 D\u00eda Internacional de la Educaci\u00f3n<br><\/p>\n\n\n\n<p><br><strong>Febrero<\/strong><\/p>\n\n\n\n<p>2 de febrero \u2013 D\u00eda Mundial de los Humedales<br><\/p>\n\n\n\n<p>11 de febrero \u2013 D\u00eda Internacional de la Mujer y la Ni\u00f1a en la Ciencia<\/p>\n\n\n\n<p>20 de febrero- D\u00eda Mundial de la Justicia Social <br><\/p>\n\n\n\n<p>21 de febrero \u2013 D\u00eda Internacional de la Lengua Materna<br><\/p>\n\n\n\n<p><br><strong>Marzo<\/strong><\/p>\n\n\n\n<p>3 de marzo \u2013 D\u00eda Mundial de la Vida Silvestre<br><\/p>\n\n\n\n<p>14 de marzo \u2013 D\u00eda Internacional de las Matem\u00e1ticas<br><\/p>\n\n\n\n<p>21 de marzo \u2013 D\u00eda Internacional de los Bosques<br><\/p>\n\n\n\n<p>22 de marzo \u2013 D\u00eda Mundial del Agua<br><\/p>\n\n\n\n<p>23 de marzo \u2013 D\u00eda Meteorol\u00f3gico Mundial<br><\/p>\n\n\n\n<p><br><strong>Abril<\/strong><\/p>\n\n\n\n<p>22 de abril \u2013 D\u00eda Internacional de la Madre Tierra<br><\/p>\n\n\n\n<p><br><strong>Mayo<\/strong><\/p>\n\n\n\n<p>20 de mayo \u2013 D\u00eda Mundial de las Abejas<br><\/p>\n\n\n\n<p>22 de mayo \u2013 D\u00eda Internacional de la Diversidad Biol\u00f3gica<br><\/p>\n\n\n\n<p><br><strong>Junio<\/strong><\/p>\n\n\n\n<p>5 de junio \u2013 D\u00eda Mundial del Medio Ambiente<br><\/p>\n\n\n\n<p>8 de junio \u2013 D\u00eda Mundial de los Oc\u00e9anos<br><\/p>\n\n\n\n<p>17 de junio \u2013 D\u00eda Mundial de Lucha contra la Desertificaci\u00f3n y la Sequ\u00eda<br><\/p>\n\n\n\n<p>29 de junio \u2013 D\u00eda Internacional de los Tr\u00f3picos<\/p>\n\n\n\n<p><\/p>\n\n\n\n<h2 class=\"wp-block-heading\" id=\"h-julio\">Julio<\/h2>\n\n\n\n<p>7 de julio- D\u00eda Internacional de la conservaci\u00f3n del suelo<br><\/p>\n\n\n\n<p><br><strong>Agosto<\/strong><\/p>\n\n\n\n<p><a href=\"https:\/\/patagoniambiental.com.ar\/info\/la-pachamama-no-es-solo-una-diosa-es-un-modo-de-vida\/\">1 de agosto &#8211; D\u00eda Mundial de la Tierra<\/a><\/p>\n\n\n\n<p><a href=\"https:\/\/patagoniambiental.com.ar\/info\/dia-internacional-de-los-pueblos-indigenas-voces-ancestrales-que-defienden-el-futuro-del-planeta\/\">9 de agosto \u2013 D\u00eda Internacional de los Pueblos Ind\u00edgenas del Mundo<\/a><\/p>\n\n\n\n<p><a href=\"https:\/\/patagoniambiental.com.ar\/info\/dia-mundial-de-la-prevencion-de-incendios-forestales-una-llamada-urgente-por-los-bosques-del-planeta\/\">18 de agosto &#8211; D\u00eda Mundial de la Prevenci\u00f3n contra incendios forestales<br><\/a><\/p>\n\n\n\n<p><br><strong>Septiembre<\/strong><\/p>\n\n\n\n<p>16 de septiembre \u2013 D\u00eda Internacional de la Preservaci\u00f3n de la Capa de Ozono<br><\/p>\n\n\n\n<p><br><strong>Octubre<\/strong><\/p>\n\n\n\n<p>13 de octubre \u2013 D\u00eda Internacional para la Reducci\u00f3n del Riesgo de Desastres<br><\/p>\n\n\n\n<p>24 de octubre \u2013 D\u00eda Mundial de Informaci\u00f3n sobre el Desarrollo<br><\/p>\n\n\n\n<p><br><strong>Noviembre<\/strong><\/p>\n\n\n\n<p>6 de noviembre \u2013 D\u00eda Internacional para la Prevenci\u00f3n de la Explotaci\u00f3n del Medio Ambiente en la Guerra y los Conflictos Armados<br><\/p>\n\n\n\n<p>10 de noviembre \u2013 D\u00eda Mundial de la Ciencia para la Paz y el Desarrollo<br><\/p>\n\n\n\n<p><br><strong>Diciembre<\/strong><\/p>\n\n\n\n<p>4 de diciembre \u2013 D\u00eda Mundial del Suelo<br><\/p>\n\n\n\n<p>11 de diciembre \u2013 D\u00eda Internacional de las Monta\u00f1as<br><\/p>\n","protected":false},"excerpt":{"rendered":"","protected":false},"author":2,"featured_media":98189,"comment_status":"open","ping_status":"open","sticky":false,"template":"","format":"standard","meta":{"site-sidebar-layout":"default","site-content-layout":"","ast-site-content-layout":"default","site-content-style":"default","site-sidebar-style":"default","ast-global-header-display":"","ast-banner-title-visibility":"","ast-main-header-display":"","ast-hfb-above-header-display":"","ast-hfb-below-header-display":"","ast-hfb-mobile-header-display":"","site-post-title":"","ast-breadcrumbs-content":"","ast-featured-img":"","footer-sml-layout":"","ast-disable-related-posts":"","theme-transparent-header-meta":"","adv-header-id-meta":"","stick-header-meta":"","header-above-stick-meta":"","header-main-stick-meta":"","header-below-stick-meta":"","astra-migrate-meta-layouts":"default","ast-page-background-enabled":"default","ast-page-background-meta":{"desktop":{"background-color":"var(--ast-global-color-5)","background-image":"","background-repeat":"repeat","background-position":"center center","background-size":"auto","background-attachment":"scroll","background-type":"","background-media":"","overlay-type":"","overlay-color":"","overlay-opacity":"","overlay-gradient":""},"tablet":{"background-color":"","background-image":"","background-repeat":"repeat","background-position":"center center","background-size":"auto","background-attachment":"scroll","background-type":"","background-media":"","overlay-type":"","overlay-color":"","overlay-opacity":"","overlay-gradient":""},"mobile":{"background-color":"","background-image":"","background-repeat":"repeat","background-position":"center center","background-size":"auto","background-attachment":"scroll","background-type":"","background-media":"","overlay-type":"","overlay-color":"","overlay-opacity":"","overlay-gradient":""}},"ast-content-background-meta":{"desktop":{"background-color":"var(--ast-global-color-4)","background-image":"","background-repeat":"repeat","background-position":"center center","background-size":"auto","background-attachment":"scroll","background-type":"","background-media":"","overlay-type":"","overlay-color":"","overlay-opacity":"","overlay-gradient":""},"tablet":{"background-color":"var(--ast-global-color-4)","background-image":"","background-repeat":"repeat","background-position":"center center","background-size":"auto","background-attachment":"scroll","background-type":"","background-media":"","overlay-type":"","overlay-color":"","overlay-opacity":"","overlay-gradient":""},"mobile":{"background-color":"var(--ast-global-color-4)","background-image":"","background-repeat":"repeat","background-position":"center center","background-size":"auto","background-attachment":"scroll","background-type":"","background-media":"","overlay-type":"","overlay-color":"","overlay-opacity":"","overlay-gradient":""}},"footnotes":""},"categories":[12,1],"tags":[],"class_list":["post-98188","post","type-post","status-publish","format-standard","has-post-thumbnail","hentry","category-agenda-ambiental","category-noticias"],"yoast_head":"<!-- This site is optimized with the Yoast SEO Premium plugin v23.0 (Yoast SEO v27.5) - https:\/\/yoast.com\/product\/yoast-seo-premium-wordpress\/ -->\n<title>D\u00edas ambientales de la ONU para la conciencia global<\/title>\n<meta name=\"description\" content=\"D\u00edas Internacionales de la ONU sobre Medio Ambiente, Pueblos Originarios y Ciencia: Un calendario para la conciencia\" \/>\n<meta name=\"robots\" content=\"index, follow, max-snippet:-1, max-image-preview:large, max-video-preview:-1\" \/>\n<link rel=\"canonical\" href=\"https:\/\/patagoniambiental.com.ar\/info\/dias-ambientales-de-la-onu-un-calendario-para-la-conciencia-global\/\" \/>\n<meta property=\"og:locale\" content=\"es_ES\" \/>\n<meta property=\"og:type\" content=\"article\" \/>\n<meta property=\"og:title\" content=\"D\u00edas ambientales de la ONU para la conciencia global\" \/>\n<meta property=\"og:description\" content=\"D\u00edas Internacionales de la ONU sobre Medio Ambiente, Pueblos Originarios y Ciencia: Un calendario para la conciencia\" \/>\n<meta property=\"og:url\" content=\"https:\/\/patagoniambiental.com.ar\/info\/dias-ambientales-de-la-onu-un-calendario-para-la-conciencia-global\/\" \/>\n<meta property=\"og:site_name\" content=\"Patagonia Ambiental\" \/>\n<meta property=\"article:publisher\" content=\"https:\/\/www.facebook.com\/patagonia.ambiental\" \/>\n<meta property=\"article:author\" content=\"https:\/\/www.facebook.com\/share\/1C1V8Gv9BX\/?mibextid=qi2Omg\" \/>\n<meta property=\"article:published_time\" content=\"2026-04-05T03:21:26+00:00\" \/>\n<meta property=\"article:modified_time\" content=\"2026-04-05T03:21:30+00:00\" \/>\n<meta property=\"og:image\" content=\"https:\/\/patagoniambiental.com.ar\/info\/wp-content\/uploads\/2025\/08\/FB_IMG_1755976970708.jpg\" \/>\n\t<meta property=\"og:image:width\" content=\"600\" \/>\n\t<meta property=\"og:image:height\" content=\"600\" \/>\n\t<meta property=\"og:image:type\" content=\"image\/jpeg\" \/>\n<meta name=\"author\" content=\"Patagonia Ambiental\" \/>\n<meta name=\"twitter:card\" content=\"summary_large_image\" \/>\n<meta name=\"twitter:creator\" content=\"@PatAmb\" \/>\n<meta name=\"twitter:site\" content=\"@PatAmb\" \/>\n<script type=\"application\/ld+json\" class=\"yoast-schema-graph\">{\"@context\":\"https:\\\/\\\/schema.org\",\"@graph\":[{\"@type\":\"Article\",\"@id\":\"https:\\\/\\\/patagoniambiental.com.ar\\\/info\\\/dias-ambientales-de-la-onu-un-calendario-para-la-conciencia-global\\\/#article\",\"isPartOf\":{\"@id\":\"https:\\\/\\\/patagoniambiental.com.ar\\\/info\\\/dias-ambientales-de-la-onu-un-calendario-para-la-conciencia-global\\\/\"},\"author\":{\"name\":\"Patagonia Ambiental\",\"@id\":\"https:\\\/\\\/patagoniambiental.com.ar\\\/info\\\/#\\\/schema\\\/person\\\/db12bff64bbcbf6a253710bf0ea37b5d\"},\"headline\":\"D\u00edas ambientales de la ONU para la conciencia global\",\"datePublished\":\"2026-04-05T03:21:26+00:00\",\"dateModified\":\"2026-04-05T03:21:30+00:00\",\"mainEntityOfPage\":{\"@id\":\"https:\\\/\\\/patagoniambiental.com.ar\\\/info\\\/dias-ambientales-de-la-onu-un-calendario-para-la-conciencia-global\\\/\"},\"wordCount\":1166,\"commentCount\":0,\"publisher\":{\"@id\":\"https:\\\/\\\/patagoniambiental.com.ar\\\/info\\\/#organization\"},\"image\":{\"@id\":\"https:\\\/\\\/patagoniambiental.com.ar\\\/info\\\/dias-ambientales-de-la-onu-un-calendario-para-la-conciencia-global\\\/#primaryimage\"},\"thumbnailUrl\":\"https:\\\/\\\/patagoniambiental.com.ar\\\/info\\\/wp-content\\\/uploads\\\/2025\\\/08\\\/FB_IMG_1755976970708.jpg\",\"articleSection\":[\"Agenda Ambiental\",\"Noticias\"],\"inLanguage\":\"es\",\"potentialAction\":[{\"@type\":\"CommentAction\",\"name\":\"Comment\",\"target\":[\"https:\\\/\\\/patagoniambiental.com.ar\\\/info\\\/dias-ambientales-de-la-onu-un-calendario-para-la-conciencia-global\\\/#respond\"]}]},{\"@type\":\"WebPage\",\"@id\":\"https:\\\/\\\/patagoniambiental.com.ar\\\/info\\\/dias-ambientales-de-la-onu-un-calendario-para-la-conciencia-global\\\/\",\"url\":\"https:\\\/\\\/patagoniambiental.com.ar\\\/info\\\/dias-ambientales-de-la-onu-un-calendario-para-la-conciencia-global\\\/\",\"name\":\"D\u00edas ambientales de la ONU para la conciencia global\",\"isPartOf\":{\"@id\":\"https:\\\/\\\/patagoniambiental.com.ar\\\/info\\\/#website\"},\"primaryImageOfPage\":{\"@id\":\"https:\\\/\\\/patagoniambiental.com.ar\\\/info\\\/dias-ambientales-de-la-onu-un-calendario-para-la-conciencia-global\\\/#primaryimage\"},\"image\":{\"@id\":\"https:\\\/\\\/patagoniambiental.com.ar\\\/info\\\/dias-ambientales-de-la-onu-un-calendario-para-la-conciencia-global\\\/#primaryimage\"},\"thumbnailUrl\":\"https:\\\/\\\/patagoniambiental.com.ar\\\/info\\\/wp-content\\\/uploads\\\/2025\\\/08\\\/FB_IMG_1755976970708.jpg\",\"datePublished\":\"2026-04-05T03:21:26+00:00\",\"dateModified\":\"2026-04-05T03:21:30+00:00\",\"description\":\"D\u00edas Internacionales de la ONU sobre Medio Ambiente, Pueblos Originarios y Ciencia: Un calendario para la conciencia\",\"breadcrumb\":{\"@id\":\"https:\\\/\\\/patagoniambiental.com.ar\\\/info\\\/dias-ambientales-de-la-onu-un-calendario-para-la-conciencia-global\\\/#breadcrumb\"},\"inLanguage\":\"es\",\"potentialAction\":[{\"@type\":\"ReadAction\",\"target\":[\"https:\\\/\\\/patagoniambiental.com.ar\\\/info\\\/dias-ambientales-de-la-onu-un-calendario-para-la-conciencia-global\\\/\"]}]},{\"@type\":\"ImageObject\",\"inLanguage\":\"es\",\"@id\":\"https:\\\/\\\/patagoniambiental.com.ar\\\/info\\\/dias-ambientales-de-la-onu-un-calendario-para-la-conciencia-global\\\/#primaryimage\",\"url\":\"https:\\\/\\\/patagoniambiental.com.ar\\\/info\\\/wp-content\\\/uploads\\\/2025\\\/08\\\/FB_IMG_1755976970708.jpg\",\"contentUrl\":\"https:\\\/\\\/patagoniambiental.com.ar\\\/info\\\/wp-content\\\/uploads\\\/2025\\\/08\\\/FB_IMG_1755976970708.jpg\",\"width\":600,\"height\":600,\"caption\":\"Cr\u00e9dito: ONU\"},{\"@type\":\"BreadcrumbList\",\"@id\":\"https:\\\/\\\/patagoniambiental.com.ar\\\/info\\\/dias-ambientales-de-la-onu-un-calendario-para-la-conciencia-global\\\/#breadcrumb\",\"itemListElement\":[{\"@type\":\"ListItem\",\"position\":1,\"name\":\"Inicio\",\"item\":\"https:\\\/\\\/patagoniambiental.com.ar\\\/info\\\/\"},{\"@type\":\"ListItem\",\"position\":2,\"name\":\"D\u00edas ambientales de la ONU para la conciencia global\"}]},{\"@type\":\"WebSite\",\"@id\":\"https:\\\/\\\/patagoniambiental.com.ar\\\/info\\\/#website\",\"url\":\"https:\\\/\\\/patagoniambiental.com.ar\\\/info\\\/\",\"name\":\"Patagonia Ambiental\",\"description\":\"Monitoreo y an\u00e1lisis de la situaci\u00f3n geopol\u00edtica en el mundo y su implicancia en la Patagonia\",\"publisher\":{\"@id\":\"https:\\\/\\\/patagoniambiental.com.ar\\\/info\\\/#organization\"},\"potentialAction\":[{\"@type\":\"SearchAction\",\"target\":{\"@type\":\"EntryPoint\",\"urlTemplate\":\"https:\\\/\\\/patagoniambiental.com.ar\\\/info\\\/?s={search_term_string}\"},\"query-input\":{\"@type\":\"PropertyValueSpecification\",\"valueRequired\":true,\"valueName\":\"search_term_string\"}}],\"inLanguage\":\"es\"},{\"@type\":\"Organization\",\"@id\":\"https:\\\/\\\/patagoniambiental.com.ar\\\/info\\\/#organization\",\"name\":\"Patagonia Ambiental\",\"url\":\"https:\\\/\\\/patagoniambiental.com.ar\\\/info\\\/\",\"logo\":{\"@type\":\"ImageObject\",\"inLanguage\":\"es\",\"@id\":\"https:\\\/\\\/patagoniambiental.com.ar\\\/info\\\/#\\\/schema\\\/logo\\\/image\\\/\",\"url\":\"https:\\\/\\\/patagoniambiental.com.ar\\\/info\\\/wp-content\\\/uploads\\\/2025\\\/05\\\/LOGO-PATAGONIA-AMBIENTAL.png\",\"contentUrl\":\"https:\\\/\\\/patagoniambiental.com.ar\\\/info\\\/wp-content\\\/uploads\\\/2025\\\/05\\\/LOGO-PATAGONIA-AMBIENTAL.png\",\"width\":433,\"height\":250,\"caption\":\"Patagonia Ambiental\"},\"image\":{\"@id\":\"https:\\\/\\\/patagoniambiental.com.ar\\\/info\\\/#\\\/schema\\\/logo\\\/image\\\/\"},\"sameAs\":[\"https:\\\/\\\/www.facebook.com\\\/patagonia.ambiental\",\"https:\\\/\\\/x.com\\\/PatAmb\"]},{\"@type\":\"Person\",\"@id\":\"https:\\\/\\\/patagoniambiental.com.ar\\\/info\\\/#\\\/schema\\\/person\\\/db12bff64bbcbf6a253710bf0ea37b5d\",\"name\":\"Patagonia Ambiental\",\"description\":\"Andr\u00e9s Nievas T\u00e9cnico en manejo ambiental, consultor Ambiental y escritor para medios locales e internacionales sobre temas de geopolitica y medio ambiente.\",\"sameAs\":[\"http:\\\/\\\/www.patagoniambiental.com.ar\",\"https:\\\/\\\/www.facebook.com\\\/share\\\/1C1V8Gv9BX\\\/?mibextid=qi2Omg\",\"@patagoniambiental\",\"https:\\\/\\\/youtube.com\\\/@patagoniaambiental2023?si=BLt58t0wuXquxlYZ\"]}]}<\/script>\n<!-- \/ Yoast SEO Premium plugin. -->","yoast_head_json":{"title":"D\u00edas ambientales de la ONU para la conciencia global","description":"D\u00edas Internacionales de la ONU sobre Medio Ambiente, Pueblos Originarios y Ciencia: Un calendario para la conciencia","robots":{"index":"index","follow":"follow","max-snippet":"max-snippet:-1","max-image-preview":"max-image-preview:large","max-video-preview":"max-video-preview:-1"},"canonical":"https:\/\/patagoniambiental.com.ar\/info\/dias-ambientales-de-la-onu-un-calendario-para-la-conciencia-global\/","og_locale":"es_ES","og_type":"article","og_title":"D\u00edas ambientales de la ONU para la conciencia global","og_description":"D\u00edas Internacionales de la ONU sobre Medio Ambiente, Pueblos Originarios y Ciencia: Un calendario para la conciencia","og_url":"https:\/\/patagoniambiental.com.ar\/info\/dias-ambientales-de-la-onu-un-calendario-para-la-conciencia-global\/","og_site_name":"Patagonia Ambiental","article_publisher":"https:\/\/www.facebook.com\/patagonia.ambiental","article_author":"https:\/\/www.facebook.com\/share\/1C1V8Gv9BX\/?mibextid=qi2Omg","article_published_time":"2026-04-05T03:21:26+00:00","article_modified_time":"2026-04-05T03:21:30+00:00","og_image":[{"width":600,"height":600,"url":"https:\/\/patagoniambiental.com.ar\/info\/wp-content\/uploads\/2025\/08\/FB_IMG_1755976970708.jpg","type":"image\/jpeg"}],"author":"Patagonia Ambiental","twitter_card":"summary_large_image","twitter_creator":"@PatAmb","twitter_site":"@PatAmb","schema":{"@context":"https:\/\/schema.org","@graph":[{"@type":"Article","@id":"https:\/\/patagoniambiental.com.ar\/info\/dias-ambientales-de-la-onu-un-calendario-para-la-conciencia-global\/#article","isPartOf":{"@id":"https:\/\/patagoniambiental.com.ar\/info\/dias-ambientales-de-la-onu-un-calendario-para-la-conciencia-global\/"},"author":{"name":"Patagonia Ambiental","@id":"https:\/\/patagoniambiental.com.ar\/info\/#\/schema\/person\/db12bff64bbcbf6a253710bf0ea37b5d"},"headline":"D\u00edas ambientales de la ONU para la conciencia global","datePublished":"2026-04-05T03:21:26+00:00","dateModified":"2026-04-05T03:21:30+00:00","mainEntityOfPage":{"@id":"https:\/\/patagoniambiental.com.ar\/info\/dias-ambientales-de-la-onu-un-calendario-para-la-conciencia-global\/"},"wordCount":1166,"commentCount":0,"publisher":{"@id":"https:\/\/patagoniambiental.com.ar\/info\/#organization"},"image":{"@id":"https:\/\/patagoniambiental.com.ar\/info\/dias-ambientales-de-la-onu-un-calendario-para-la-conciencia-global\/#primaryimage"},"thumbnailUrl":"https:\/\/patagoniambiental.com.ar\/info\/wp-content\/uploads\/2025\/08\/FB_IMG_1755976970708.jpg","articleSection":["Agenda Ambiental","Noticias"],"inLanguage":"es","potentialAction":[{"@type":"CommentAction","name":"Comment","target":["https:\/\/patagoniambiental.com.ar\/info\/dias-ambientales-de-la-onu-un-calendario-para-la-conciencia-global\/#respond"]}]},{"@type":"WebPage","@id":"https:\/\/patagoniambiental.com.ar\/info\/dias-ambientales-de-la-onu-un-calendario-para-la-conciencia-global\/","url":"https:\/\/patagoniambiental.com.ar\/info\/dias-ambientales-de-la-onu-un-calendario-para-la-conciencia-global\/","name":"D\u00edas ambientales de la ONU para la conciencia global","isPartOf":{"@id":"https:\/\/patagoniambiental.com.ar\/info\/#website"},"primaryImageOfPage":{"@id":"https:\/\/patagoniambiental.com.ar\/info\/dias-ambientales-de-la-onu-un-calendario-para-la-conciencia-global\/#primaryimage"},"image":{"@id":"https:\/\/patagoniambiental.com.ar\/info\/dias-ambientales-de-la-onu-un-calendario-para-la-conciencia-global\/#primaryimage"},"thumbnailUrl":"https:\/\/patagoniambiental.com.ar\/info\/wp-content\/uploads\/2025\/08\/FB_IMG_1755976970708.jpg","datePublished":"2026-04-05T03:21:26+00:00","dateModified":"2026-04-05T03:21:30+00:00","description":"D\u00edas Internacionales de la ONU sobre Medio Ambiente, Pueblos Originarios y Ciencia: Un calendario para la conciencia","breadcrumb":{"@id":"https:\/\/patagoniambiental.com.ar\/info\/dias-ambientales-de-la-onu-un-calendario-para-la-conciencia-global\/#breadcrumb"},"inLanguage":"es","potentialAction":[{"@type":"ReadAction","target":["https:\/\/patagoniambiental.com.ar\/info\/dias-ambientales-de-la-onu-un-calendario-para-la-conciencia-global\/"]}]},{"@type":"ImageObject","inLanguage":"es","@id":"https:\/\/patagoniambiental.com.ar\/info\/dias-ambientales-de-la-onu-un-calendario-para-la-conciencia-global\/#primaryimage","url":"https:\/\/patagoniambiental.com.ar\/info\/wp-content\/uploads\/2025\/08\/FB_IMG_1755976970708.jpg","contentUrl":"https:\/\/patagoniambiental.com.ar\/info\/wp-content\/uploads\/2025\/08\/FB_IMG_1755976970708.jpg","width":600,"height":600,"caption":"Cr\u00e9dito: ONU"},{"@type":"BreadcrumbList","@id":"https:\/\/patagoniambiental.com.ar\/info\/dias-ambientales-de-la-onu-un-calendario-para-la-conciencia-global\/#breadcrumb","itemListElement":[{"@type":"ListItem","position":1,"name":"Inicio","item":"https:\/\/patagoniambiental.com.ar\/info\/"},{"@type":"ListItem","position":2,"name":"D\u00edas ambientales de la ONU para la conciencia global"}]},{"@type":"WebSite","@id":"https:\/\/patagoniambiental.com.ar\/info\/#website","url":"https:\/\/patagoniambiental.com.ar\/info\/","name":"Patagonia Ambiental","description":"Monitoreo y an\u00e1lisis de la situaci\u00f3n geopol\u00edtica en el mundo y su implicancia en la Patagonia","publisher":{"@id":"https:\/\/patagoniambiental.com.ar\/info\/#organization"},"potentialAction":[{"@type":"SearchAction","target":{"@type":"EntryPoint","urlTemplate":"https:\/\/patagoniambiental.com.ar\/info\/?s={search_term_string}"},"query-input":{"@type":"PropertyValueSpecification","valueRequired":true,"valueName":"search_term_string"}}],"inLanguage":"es"},{"@type":"Organization","@id":"https:\/\/patagoniambiental.com.ar\/info\/#organization","name":"Patagonia Ambiental","url":"https:\/\/patagoniambiental.com.ar\/info\/","logo":{"@type":"ImageObject","inLanguage":"es","@id":"https:\/\/patagoniambiental.com.ar\/info\/#\/schema\/logo\/image\/","url":"https:\/\/patagoniambiental.com.ar\/info\/wp-content\/uploads\/2025\/05\/LOGO-PATAGONIA-AMBIENTAL.png","contentUrl":"https:\/\/patagoniambiental.com.ar\/info\/wp-content\/uploads\/2025\/05\/LOGO-PATAGONIA-AMBIENTAL.png","width":433,"height":250,"caption":"Patagonia Ambiental"},"image":{"@id":"https:\/\/patagoniambiental.com.ar\/info\/#\/schema\/logo\/image\/"},"sameAs":["https:\/\/www.facebook.com\/patagonia.ambiental","https:\/\/x.com\/PatAmb"]},{"@type":"Person","@id":"https:\/\/patagoniambiental.com.ar\/info\/#\/schema\/person\/db12bff64bbcbf6a253710bf0ea37b5d","name":"Patagonia Ambiental","description":"Andr\u00e9s Nievas T\u00e9cnico en manejo ambiental, consultor Ambiental y escritor para medios locales e internacionales sobre temas de geopolitica y medio ambiente.","sameAs":["http:\/\/www.patagoniambiental.com.ar","https:\/\/www.facebook.com\/share\/1C1V8Gv9BX\/?mibextid=qi2Omg","@patagoniambiental","https:\/\/youtube.com\/@patagoniaambiental2023?si=BLt58t0wuXquxlYZ"]}]}},"_links":{"self":[{"href":"https:\/\/patagoniambiental.com.ar\/info\/wp-json\/wp\/v2\/posts\/98188","targetHints":{"allow":["GET"]}}],"collection":[{"href":"https:\/\/patagoniambiental.com.ar\/info\/wp-json\/wp\/v2\/posts"}],"about":[{"href":"https:\/\/patagoniambiental.com.ar\/info\/wp-json\/wp\/v2\/types\/post"}],"author":[{"embeddable":true,"href":"https:\/\/patagoniambiental.com.ar\/info\/wp-json\/wp\/v2\/users\/2"}],"replies":[{"embeddable":true,"href":"https:\/\/patagoniambiental.com.ar\/info\/wp-json\/wp\/v2\/comments?post=98188"}],"version-history":[{"count":6,"href":"https:\/\/patagoniambiental.com.ar\/info\/wp-json\/wp\/v2\/posts\/98188\/revisions"}],"predecessor-version":[{"id":100591,"href":"https:\/\/patagoniambiental.com.ar\/info\/wp-json\/wp\/v2\/posts\/98188\/revisions\/100591"}],"wp:featuredmedia":[{"embeddable":true,"href":"https:\/\/patagoniambiental.com.ar\/info\/wp-json\/wp\/v2\/media\/98189"}],"wp:attachment":[{"href":"https:\/\/patagoniambiental.com.ar\/info\/wp-json\/wp\/v2\/media?parent=98188"}],"wp:term":[{"taxonomy":"category","embeddable":true,"href":"https:\/\/patagoniambiental.com.ar\/info\/wp-json\/wp\/v2\/categories?post=98188"},{"taxonomy":"post_tag","embeddable":true,"href":"https:\/\/patagoniambiental.com.ar\/info\/wp-json\/wp\/v2\/tags?post=98188"}],"curies":[{"name":"wp","href":"https:\/\/api.w.org\/{rel}","templated":true}]}}