{"id":9865,"date":"2025-09-18T11:08:00","date_gmt":"2025-09-18T14:08:00","guid":{"rendered":"http:\/\/patagoniambiental.com.ar\/?p=9865"},"modified":"2025-09-24T11:34:31","modified_gmt":"2025-09-24T14:34:31","slug":"fundacion-azara-dicciinario-ong","status":"publish","type":"post","link":"https:\/\/patagoniambiental.com.ar\/info\/fundacion-azara-dicciinario-ong\/","title":{"rendered":"Fundaci\u00f3n F\u00e9lix de Azara: liderazgo en conservaci\u00f3n y ciencia en Argentina"},"content":{"rendered":"\n<!--more-->\n\n\n\n<p>La Fundaci\u00f3n F\u00e9lix de Azara se ha consolidado como un referente nacional e internacional en el \u00e1mbito de la conservaci\u00f3n ambiental, la investigaci\u00f3n cient\u00edfica y la educaci\u00f3n ambiental en Argentina. Su historia y trayectoria reflejan el compromiso con la protecci\u00f3n de la biodiversidad, la promoci\u00f3n del conocimiento cient\u00edfico y la preservaci\u00f3n del patrimonio natural y cultural del pa\u00eds, con un enfoque particular en regiones como R\u00edo Negro. La fundaci\u00f3n combina el rigor acad\u00e9mico con la participaci\u00f3n comunitaria, demostrando que la colaboraci\u00f3n entre ciencia, sociedad y gobierno es clave para generar cambios sostenibles.<\/p>\n\n\n\n<p><strong>Or\u00edgenes y legado de F\u00e9lix de Azara<\/strong><\/p>\n\n\n\n<p>El nombre de la fundaci\u00f3n rinde homenaje a F\u00e9lix de Azara (1742-1821), naturalista y militar espa\u00f1ol que desarroll\u00f3 estudios pioneros sobre fauna, geograf\u00eda y etnograf\u00eda en el R\u00edo de la Plata. Su pasi\u00f3n por el estudio de la naturaleza y la sistematizaci\u00f3n del conocimiento cient\u00edfico inspira las acciones de la fundaci\u00f3n, que se centra en la investigaci\u00f3n rigurosa y la conservaci\u00f3n de especies aut\u00f3ctonas. El legado de Azara se refleja en cada proyecto, desde el monitoreo de aves y mam\u00edferos hasta la protecci\u00f3n de ecosistemas estrat\u00e9gicos de la regi\u00f3n patag\u00f3nica y del norte argentino.<\/p>\n\n\n\n<p><strong>Proyectos de conservaci\u00f3n en R\u00edo Negro<\/strong><\/p>\n\n\n\n<p>En la provincia de R\u00edo Negro, la fundaci\u00f3n ha desarrollado iniciativas que combinan investigaci\u00f3n cient\u00edfica, gesti\u00f3n ambiental y educaci\u00f3n comunitaria. Entre sus proyectos m\u00e1s destacados se encuentra la Reserva Faun\u00edstica Punta Bermeja, un espacio protegido donde se monitorean especies aut\u00f3ctonas, se realizan estudios de biodiversidad y se promueve la educaci\u00f3n ambiental mediante visitas guiadas y talleres. Estas acciones no solo buscan conservar la fauna y la flora locales, sino tambi\u00e9n sensibilizar a la poblaci\u00f3n sobre la importancia de preservar los ecosistemas frente a amenazas como la deforestaci\u00f3n, la contaminaci\u00f3n y el cambio clim\u00e1tico.<\/p>\n\n\n\n<p><strong>Investigaci\u00f3n cient\u00edfica de alcance nacional e internacional<\/strong><\/p>\n\n\n\n<p>La Fundaci\u00f3n F\u00e9lix de Azara ha consolidado un equipo multidisciplinario de cient\u00edficos, naturalistas y especialistas en conservaci\u00f3n que publican regularmente investigaciones en revistas internacionales de alto impacto. Su trabajo incluye estudios sobre ecolog\u00eda, comportamiento animal, biolog\u00eda de conservaci\u00f3n y antropolog\u00eda ambiental. Gracias a esta labor, la fundaci\u00f3n ha aportado datos valiosos para la gesti\u00f3n de pol\u00edticas p\u00fablicas ambientales, la planificaci\u00f3n de reservas naturales y la protecci\u00f3n de especies en peligro de extinci\u00f3n, posicion\u00e1ndose como una autoridad confiable en ciencia aplicada a la conservaci\u00f3n.<\/p>\n\n\n\n<p>Rescate y manejo de fauna silvestre<\/p>\n\n\n\n<p>Uno de los pilares fundamentales de la fundaci\u00f3n es el rescate y manejo de fauna silvestre, con programas de rehabilitaci\u00f3n de animales heridos o en riesgo, as\u00ed como iniciativas de liberaci\u00f3n controlada en su h\u00e1bitat natural. Este enfoque integral permite no solo la protecci\u00f3n de especies emblem\u00e1ticas, sino tambi\u00e9n la generaci\u00f3n de conocimiento cient\u00edfico mediante el seguimiento y estudio de animales en ambientes naturales. Estas acciones son complementadas por talleres educativos y campa\u00f1as de sensibilizaci\u00f3n que involucran a comunidades locales y escuelas, fomentando la participaci\u00f3n ciudadana en la conservaci\u00f3n.<\/p>\n\n\n\n<p>Educaci\u00f3n y divulgaci\u00f3n ambiental<\/p>\n\n\n\n<p>La fundaci\u00f3n tiene un fuerte compromiso con la educaci\u00f3n y divulgaci\u00f3n cient\u00edfica, desarrollando materiales educativos, cursos, conferencias y actividades de extensi\u00f3n universitaria. Su objetivo es formar nuevas generaciones de cient\u00edficos y concientizar a la sociedad sobre la importancia de proteger el medio ambiente. A trav\u00e9s de alianzas con universidades, ONG y organismos gubernamentales, la fundaci\u00f3n ha logrado integrar la ciencia en la vida cotidiana, promoviendo un enfoque participativo y colaborativo para la conservaci\u00f3n del patrimonio natural y cultural.<\/p>\n\n\n\n<p>Reconocimientos y distinciones<\/p>\n\n\n\n<p>El trabajo de la Fundaci\u00f3n F\u00e9lix de Azara ha sido reconocido tanto a nivel nacional como internacional. Instituciones como National Geographic Society, Field Museum de Chicago, Consejo Superior de Investigaciones Cient\u00edficas de Espa\u00f1a y diversas fundaciones ambientales han otorgado premios y menciones que destacan su excelencia cient\u00edfica y su compromiso con la conservaci\u00f3n. Estas distinciones refuerzan su autoridad y confiabilidad como entidad l\u00edder en investigaci\u00f3n y gesti\u00f3n ambiental en Argentina.<\/p>\n\n\n\n<p>Presencia internacional y cooperaci\u00f3n<\/p>\n\n\n\n<p>Aunque su base principal est\u00e1 en Argentina, la fundaci\u00f3n mantiene proyectos en pa\u00edses vecinos y en cooperaci\u00f3n internacional, incluyendo Paraguay, Bolivia, Brasil, Chile, Colombia y Espa\u00f1a. Estas iniciativas buscan intercambiar conocimientos, fortalecer capacidades locales y promover la conservaci\u00f3n de especies y ecosistemas estrat\u00e9gicos en distintos contextos, consolidando su reputaci\u00f3n como un actor clave en la ciencia y conservaci\u00f3n ambiental a nivel regional y global.<\/p>\n\n\n\n<p>Innovaci\u00f3n museogr\u00e1fica y conservaci\u00f3n cultural<\/p>\n\n\n\n<p>La fundaci\u00f3n tambi\u00e9n se ha destacado en la puesta en valor de patrimonio cultural y arqueol\u00f3gico, mediante la restauraci\u00f3n de espacios hist\u00f3ricos y el desarrollo de museos cient\u00edficos y arqueol\u00f3gicos. Proyectos como el Museo Arqueol\u00f3gico Newen Antug en San Mart\u00edn de los Andes y el Centro de Ciencias en Tigre buscan acercar la ciencia y la conservaci\u00f3n a la sociedad, fomentando la comprensi\u00f3n del valor del patrimonio natural y cultural de Argentina. Esta combinaci\u00f3n \u00fanica de ciencia, educaci\u00f3n y conservaci\u00f3n cultural amplifica su impacto y relevancia.<\/p>\n\n\n\n<p>Programas de reservas privadas y gesti\u00f3n ambiental<\/p>\n\n\n\n<p>Entre sus programas innovadores, la Fundaci\u00f3n F\u00e9lix de Azara gestiona reservas privadas y paisajes protegidos, incluyendo parques naturales municipales y \u00e1reas estrat\u00e9gicas en la regi\u00f3n pampeana y patag\u00f3nica. Estos programas buscan proteger ecosistemas clave, fomentar la investigaci\u00f3n aplicada y generar conciencia sobre la importancia de conservar la biodiversidad. La gesti\u00f3n de estas reservas combina pr\u00e1cticas de conservaci\u00f3n cient\u00edfica con educaci\u00f3n y sensibilizaci\u00f3n, promoviendo un modelo replicable y sostenible en otras regiones.<\/p>\n\n\n\n<p>Comunicaci\u00f3n y visibilidad<\/p>\n\n\n\n<p>El compromiso de la fundaci\u00f3n con la transparencia y la divulgaci\u00f3n se refleja en su presencia activa en medios de comunicaci\u00f3n, redes sociales y plataformas digitales, donde comparte hallazgos cient\u00edficos, noticias sobre conservaci\u00f3n y oportunidades de participaci\u00f3n ciudadana. Esta estrategia permite ampliar su alcance, consolidar su autoridad y generar confianza entre la sociedad, instituciones y pares cient\u00edficos, fortaleciendo su papel como referente en conservaci\u00f3n ambiental.<\/p>\n\n\n\n<p>Perspectivas futuras<\/p>\n\n\n\n<p>La Fundaci\u00f3n F\u00e9lix de Azara proyecta continuar expandiendo sus proyectos de conservaci\u00f3n, educaci\u00f3n e investigaci\u00f3n cient\u00edfica, fortaleciendo la resiliencia de ecosistemas y comunidades frente a desaf\u00edos ambientales. Sus iniciativas futuras incluyen la creaci\u00f3n de nuevas reservas, programas educativos innovadores y colaboraciones internacionales, con el objetivo de consolidar un modelo de gesti\u00f3n ambiental basado en evidencia cient\u00edfica, participaci\u00f3n comunitaria y sostenibilidad a largo plazo.<\/p>\n\n\n\n<h2 class=\"wp-block-heading\" id=\"h-ficha-tecnica\">Ficha t\u00e9cnica<\/h2>\n\n\n\n<p><strong>Nombre: <\/strong>Fundaci\u00f3n F\u00e9lix de Azara<br><strong>Tipo<\/strong>: Organizaci\u00f3n no gubernamental (ONG)<br><strong>\u00c1mbito<\/strong>: Conservaci\u00f3n, educaci\u00f3n ambiental e investigaci\u00f3n cient\u00edfica<br><strong>Ubicaci\u00f3n principal<\/strong>: Argentina, con proyectos en R\u00edo Negro y otras provincias<br><strong>Alcance internacional: <\/strong>Paraguay, Bolivia, Brasil, Chile, Colombia y Espa\u00f1a<br><strong>Actividades clave: <\/strong>Rescate de fauna silvestre, gesti\u00f3n de reservas, investigaci\u00f3n cient\u00edfica, museos y divulgaci\u00f3n ambiental<br>Equipo: Multidisciplinario de cient\u00edficos, naturalistas y especialistas en conservaci\u00f3n<br><strong>Publicaciones<\/strong>: Art\u00edculos cient\u00edficos en revistas de alto impacto y material educativo<br>Colaboraciones: Universidades, organismos gubernamentales y ONG internacionales<br><strong>Logros destacados<\/strong>: Protecci\u00f3n de especies aut\u00f3ctonas, educaci\u00f3n ambiental, fortalecimiento de pol\u00edticas p\u00fablicas, creaci\u00f3n de reservas y museos de ciencias<br>Reconocimientos: Premios y menciones de National Geographic Society, Field Museum, CSIC Espa\u00f1a y otras instituciones internacionales<\/p>\n","protected":false},"excerpt":{"rendered":"","protected":false},"author":2,"featured_media":99215,"comment_status":"closed","ping_status":"closed","sticky":false,"template":"","format":"standard","meta":{"site-sidebar-layout":"default","site-content-layout":"","ast-site-content-layout":"default","site-content-style":"default","site-sidebar-style":"default","ast-global-header-display":"","ast-banner-title-visibility":"","ast-main-header-display":"","ast-hfb-above-header-display":"","ast-hfb-below-header-display":"","ast-hfb-mobile-header-display":"","site-post-title":"","ast-breadcrumbs-content":"","ast-featured-img":"","footer-sml-layout":"","ast-disable-related-posts":"","theme-transparent-header-meta":"","adv-header-id-meta":"","stick-header-meta":"","header-above-stick-meta":"","header-main-stick-meta":"","header-below-stick-meta":"","astra-migrate-meta-layouts":"default","ast-page-background-enabled":"default","ast-page-background-meta":{"desktop":{"background-color":"var(--ast-global-color-5)","background-image":"","background-repeat":"repeat","background-position":"center center","background-size":"auto","background-attachment":"scroll","background-type":"","background-media":"","overlay-type":"","overlay-color":"","overlay-opacity":"","overlay-gradient":""},"tablet":{"background-color":"","background-image":"","background-repeat":"repeat","background-position":"center center","background-size":"auto","background-attachment":"scroll","background-type":"","background-media":"","overlay-type":"","overlay-color":"","overlay-opacity":"","overlay-gradient":""},"mobile":{"background-color":"","background-image":"","background-repeat":"repeat","background-position":"center center","background-size":"auto","background-attachment":"scroll","background-type":"","background-media":"","overlay-type":"","overlay-color":"","overlay-opacity":"","overlay-gradient":""}},"ast-content-background-meta":{"desktop":{"background-color":"var(--ast-global-color-4)","background-image":"","background-repeat":"repeat","background-position":"center center","background-size":"auto","background-attachment":"scroll","background-type":"","background-media":"","overlay-type":"","overlay-color":"","overlay-opacity":"","overlay-gradient":""},"tablet":{"background-color":"var(--ast-global-color-4)","background-image":"","background-repeat":"repeat","background-position":"center center","background-size":"auto","background-attachment":"scroll","background-type":"","background-media":"","overlay-type":"","overlay-color":"","overlay-opacity":"","overlay-gradient":""},"mobile":{"background-color":"var(--ast-global-color-4)","background-image":"","background-repeat":"repeat","background-position":"center center","background-size":"auto","background-attachment":"scroll","background-type":"","background-media":"","overlay-type":"","overlay-color":"","overlay-opacity":"","overlay-gradient":""}},"footnotes":""},"categories":[1,3],"tags":[],"class_list":["post-9865","post","type-post","status-publish","format-standard","has-post-thumbnail","hentry","category-noticias","category-ong"],"yoast_head":"<!-- This site is optimized with the Yoast SEO Premium plugin v23.0 (Yoast SEO v27.4) - https:\/\/yoast.com\/product\/yoast-seo-premium-wordpress\/ -->\n<title>Fundaci\u00f3n F\u00e9lix de Azara: liderazgo en conservaci\u00f3n y ciencia en Argentina La Fundaci\u00f3n F\u00e9lix de Azara se ha consolidado como un referente nacional e internacional en el \u00e1mbito de la conservaci\u00f3n ambiental<\/title>\n<meta name=\"description\" content=\"La Fundaci\u00f3n F\u00e9lix de Azara se ha consolidado como un referente nacional e internacional en el \u00e1mbito de la conservaci\u00f3n ambiental, la investigaci\u00f3n cient\u00edfica y la educaci\u00f3n ambiental en Argentina.\" \/>\n<meta name=\"robots\" content=\"index, follow, max-snippet:-1, max-image-preview:large, max-video-preview:-1\" \/>\n<link rel=\"canonical\" href=\"https:\/\/patagoniambiental.com.ar\/info\/fundacion-azara-dicciinario-ong\/\" \/>\n<meta property=\"og:locale\" content=\"es_ES\" \/>\n<meta property=\"og:type\" content=\"article\" \/>\n<meta property=\"og:title\" content=\"Fundaci\u00f3n F\u00e9lix de Azara: liderazgo en conservaci\u00f3n y ciencia en Argentina\" \/>\n<meta property=\"og:description\" content=\"La Fundaci\u00f3n F\u00e9lix de Azara se ha consolidado como un referente nacional e internacional en el \u00e1mbito de la conservaci\u00f3n ambiental, la investigaci\u00f3n cient\u00edfica y la educaci\u00f3n ambiental en Argentina.\" \/>\n<meta property=\"og:url\" content=\"https:\/\/patagoniambiental.com.ar\/info\/fundacion-azara-dicciinario-ong\/\" \/>\n<meta property=\"og:site_name\" content=\"Patagonia Ambiental\" \/>\n<meta property=\"article:publisher\" content=\"https:\/\/www.facebook.com\/patagonia.ambiental\" \/>\n<meta property=\"article:author\" content=\"https:\/\/www.facebook.com\/share\/1C1V8Gv9BX\/?mibextid=qi2Omg\" \/>\n<meta property=\"article:published_time\" content=\"2025-09-18T14:08:00+00:00\" \/>\n<meta property=\"article:modified_time\" content=\"2025-09-24T14:34:31+00:00\" \/>\n<meta property=\"og:image\" content=\"https:\/\/patagoniambiental.com.ar\/info\/wp-content\/uploads\/2015\/04\/1000180474.jpg\" \/>\n\t<meta property=\"og:image:width\" content=\"600\" \/>\n\t<meta property=\"og:image:height\" content=\"600\" \/>\n\t<meta property=\"og:image:type\" content=\"image\/jpeg\" \/>\n<meta name=\"author\" content=\"Patagonia Ambiental\" \/>\n<meta name=\"twitter:card\" content=\"summary_large_image\" \/>\n<meta name=\"twitter:creator\" content=\"@PatAmb\" \/>\n<meta name=\"twitter:site\" content=\"@PatAmb\" \/>\n<script type=\"application\/ld+json\" class=\"yoast-schema-graph\">{\"@context\":\"https:\\\/\\\/schema.org\",\"@graph\":[{\"@type\":\"Article\",\"@id\":\"https:\\\/\\\/patagoniambiental.com.ar\\\/info\\\/fundacion-azara-dicciinario-ong\\\/#article\",\"isPartOf\":{\"@id\":\"https:\\\/\\\/patagoniambiental.com.ar\\\/info\\\/fundacion-azara-dicciinario-ong\\\/\"},\"author\":{\"name\":\"Patagonia Ambiental\",\"@id\":\"https:\\\/\\\/patagoniambiental.com.ar\\\/info\\\/#\\\/schema\\\/person\\\/db12bff64bbcbf6a253710bf0ea37b5d\"},\"headline\":\"Fundaci\u00f3n F\u00e9lix de Azara: liderazgo en conservaci\u00f3n y ciencia en Argentina\",\"datePublished\":\"2025-09-18T14:08:00+00:00\",\"dateModified\":\"2025-09-24T14:34:31+00:00\",\"mainEntityOfPage\":{\"@id\":\"https:\\\/\\\/patagoniambiental.com.ar\\\/info\\\/fundacion-azara-dicciinario-ong\\\/\"},\"wordCount\":1319,\"publisher\":{\"@id\":\"https:\\\/\\\/patagoniambiental.com.ar\\\/info\\\/#organization\"},\"image\":{\"@id\":\"https:\\\/\\\/patagoniambiental.com.ar\\\/info\\\/fundacion-azara-dicciinario-ong\\\/#primaryimage\"},\"thumbnailUrl\":\"https:\\\/\\\/patagoniambiental.com.ar\\\/info\\\/wp-content\\\/uploads\\\/2015\\\/04\\\/1000180474.jpg\",\"articleSection\":[\"Noticias\",\"ONG\"],\"inLanguage\":\"es\"},{\"@type\":\"WebPage\",\"@id\":\"https:\\\/\\\/patagoniambiental.com.ar\\\/info\\\/fundacion-azara-dicciinario-ong\\\/\",\"url\":\"https:\\\/\\\/patagoniambiental.com.ar\\\/info\\\/fundacion-azara-dicciinario-ong\\\/\",\"name\":\"Fundaci\u00f3n F\u00e9lix de Azara: liderazgo en conservaci\u00f3n y ciencia en Argentina La Fundaci\u00f3n F\u00e9lix de Azara se ha consolidado como un referente nacional e internacional en el \u00e1mbito de la conservaci\u00f3n ambiental\",\"isPartOf\":{\"@id\":\"https:\\\/\\\/patagoniambiental.com.ar\\\/info\\\/#website\"},\"primaryImageOfPage\":{\"@id\":\"https:\\\/\\\/patagoniambiental.com.ar\\\/info\\\/fundacion-azara-dicciinario-ong\\\/#primaryimage\"},\"image\":{\"@id\":\"https:\\\/\\\/patagoniambiental.com.ar\\\/info\\\/fundacion-azara-dicciinario-ong\\\/#primaryimage\"},\"thumbnailUrl\":\"https:\\\/\\\/patagoniambiental.com.ar\\\/info\\\/wp-content\\\/uploads\\\/2015\\\/04\\\/1000180474.jpg\",\"datePublished\":\"2025-09-18T14:08:00+00:00\",\"dateModified\":\"2025-09-24T14:34:31+00:00\",\"description\":\"La Fundaci\u00f3n F\u00e9lix de Azara se ha consolidado como un referente nacional e internacional en el \u00e1mbito de la conservaci\u00f3n ambiental, la investigaci\u00f3n cient\u00edfica y la educaci\u00f3n ambiental en Argentina.\",\"breadcrumb\":{\"@id\":\"https:\\\/\\\/patagoniambiental.com.ar\\\/info\\\/fundacion-azara-dicciinario-ong\\\/#breadcrumb\"},\"inLanguage\":\"es\",\"potentialAction\":[{\"@type\":\"ReadAction\",\"target\":[\"https:\\\/\\\/patagoniambiental.com.ar\\\/info\\\/fundacion-azara-dicciinario-ong\\\/\"]}]},{\"@type\":\"ImageObject\",\"inLanguage\":\"es\",\"@id\":\"https:\\\/\\\/patagoniambiental.com.ar\\\/info\\\/fundacion-azara-dicciinario-ong\\\/#primaryimage\",\"url\":\"https:\\\/\\\/patagoniambiental.com.ar\\\/info\\\/wp-content\\\/uploads\\\/2015\\\/04\\\/1000180474.jpg\",\"contentUrl\":\"https:\\\/\\\/patagoniambiental.com.ar\\\/info\\\/wp-content\\\/uploads\\\/2015\\\/04\\\/1000180474.jpg\",\"width\":600,\"height\":600,\"caption\":\"Imagen ilustrativa hecha con IA\"},{\"@type\":\"BreadcrumbList\",\"@id\":\"https:\\\/\\\/patagoniambiental.com.ar\\\/info\\\/fundacion-azara-dicciinario-ong\\\/#breadcrumb\",\"itemListElement\":[{\"@type\":\"ListItem\",\"position\":1,\"name\":\"Inicio\",\"item\":\"https:\\\/\\\/patagoniambiental.com.ar\\\/info\\\/\"},{\"@type\":\"ListItem\",\"position\":2,\"name\":\"Fundaci\u00f3n F\u00e9lix de Azara: liderazgo en conservaci\u00f3n y ciencia en Argentina\"}]},{\"@type\":\"WebSite\",\"@id\":\"https:\\\/\\\/patagoniambiental.com.ar\\\/info\\\/#website\",\"url\":\"https:\\\/\\\/patagoniambiental.com.ar\\\/info\\\/\",\"name\":\"Patagonia Ambiental\",\"description\":\"Monitoreo y an\u00e1lisis de la situaci\u00f3n geopol\u00edtica en el mundo y su implicancia en la Patagonia\",\"publisher\":{\"@id\":\"https:\\\/\\\/patagoniambiental.com.ar\\\/info\\\/#organization\"},\"potentialAction\":[{\"@type\":\"SearchAction\",\"target\":{\"@type\":\"EntryPoint\",\"urlTemplate\":\"https:\\\/\\\/patagoniambiental.com.ar\\\/info\\\/?s={search_term_string}\"},\"query-input\":{\"@type\":\"PropertyValueSpecification\",\"valueRequired\":true,\"valueName\":\"search_term_string\"}}],\"inLanguage\":\"es\"},{\"@type\":\"Organization\",\"@id\":\"https:\\\/\\\/patagoniambiental.com.ar\\\/info\\\/#organization\",\"name\":\"Patagonia Ambiental\",\"url\":\"https:\\\/\\\/patagoniambiental.com.ar\\\/info\\\/\",\"logo\":{\"@type\":\"ImageObject\",\"inLanguage\":\"es\",\"@id\":\"https:\\\/\\\/patagoniambiental.com.ar\\\/info\\\/#\\\/schema\\\/logo\\\/image\\\/\",\"url\":\"https:\\\/\\\/patagoniambiental.com.ar\\\/info\\\/wp-content\\\/uploads\\\/2025\\\/05\\\/LOGO-PATAGONIA-AMBIENTAL.png\",\"contentUrl\":\"https:\\\/\\\/patagoniambiental.com.ar\\\/info\\\/wp-content\\\/uploads\\\/2025\\\/05\\\/LOGO-PATAGONIA-AMBIENTAL.png\",\"width\":433,\"height\":250,\"caption\":\"Patagonia Ambiental\"},\"image\":{\"@id\":\"https:\\\/\\\/patagoniambiental.com.ar\\\/info\\\/#\\\/schema\\\/logo\\\/image\\\/\"},\"sameAs\":[\"https:\\\/\\\/www.facebook.com\\\/patagonia.ambiental\",\"https:\\\/\\\/x.com\\\/PatAmb\"]},{\"@type\":\"Person\",\"@id\":\"https:\\\/\\\/patagoniambiental.com.ar\\\/info\\\/#\\\/schema\\\/person\\\/db12bff64bbcbf6a253710bf0ea37b5d\",\"name\":\"Patagonia Ambiental\",\"description\":\"Andr\u00e9s Nievas T\u00e9cnico en manejo ambiental, consultor Ambiental y escritor para medios locales e internacionales sobre temas de geopolitica y medio ambiente.\",\"sameAs\":[\"http:\\\/\\\/www.patagoniambiental.com.ar\",\"https:\\\/\\\/www.facebook.com\\\/share\\\/1C1V8Gv9BX\\\/?mibextid=qi2Omg\",\"@patagoniambiental\",\"https:\\\/\\\/youtube.com\\\/@patagoniaambiental2023?si=BLt58t0wuXquxlYZ\"]}]}<\/script>\n<!-- \/ Yoast SEO Premium plugin. -->","yoast_head_json":{"title":"Fundaci\u00f3n F\u00e9lix de Azara: liderazgo en conservaci\u00f3n y ciencia en Argentina La Fundaci\u00f3n F\u00e9lix de Azara se ha consolidado como un referente nacional e internacional en el \u00e1mbito de la conservaci\u00f3n ambiental","description":"La Fundaci\u00f3n F\u00e9lix de Azara se ha consolidado como un referente nacional e internacional en el \u00e1mbito de la conservaci\u00f3n ambiental, la investigaci\u00f3n cient\u00edfica y la educaci\u00f3n ambiental en Argentina.","robots":{"index":"index","follow":"follow","max-snippet":"max-snippet:-1","max-image-preview":"max-image-preview:large","max-video-preview":"max-video-preview:-1"},"canonical":"https:\/\/patagoniambiental.com.ar\/info\/fundacion-azara-dicciinario-ong\/","og_locale":"es_ES","og_type":"article","og_title":"Fundaci\u00f3n F\u00e9lix de Azara: liderazgo en conservaci\u00f3n y ciencia en Argentina","og_description":"La Fundaci\u00f3n F\u00e9lix de Azara se ha consolidado como un referente nacional e internacional en el \u00e1mbito de la conservaci\u00f3n ambiental, la investigaci\u00f3n cient\u00edfica y la educaci\u00f3n ambiental en Argentina.","og_url":"https:\/\/patagoniambiental.com.ar\/info\/fundacion-azara-dicciinario-ong\/","og_site_name":"Patagonia Ambiental","article_publisher":"https:\/\/www.facebook.com\/patagonia.ambiental","article_author":"https:\/\/www.facebook.com\/share\/1C1V8Gv9BX\/?mibextid=qi2Omg","article_published_time":"2025-09-18T14:08:00+00:00","article_modified_time":"2025-09-24T14:34:31+00:00","og_image":[{"width":600,"height":600,"url":"https:\/\/patagoniambiental.com.ar\/info\/wp-content\/uploads\/2015\/04\/1000180474.jpg","type":"image\/jpeg"}],"author":"Patagonia Ambiental","twitter_card":"summary_large_image","twitter_creator":"@PatAmb","twitter_site":"@PatAmb","schema":{"@context":"https:\/\/schema.org","@graph":[{"@type":"Article","@id":"https:\/\/patagoniambiental.com.ar\/info\/fundacion-azara-dicciinario-ong\/#article","isPartOf":{"@id":"https:\/\/patagoniambiental.com.ar\/info\/fundacion-azara-dicciinario-ong\/"},"author":{"name":"Patagonia Ambiental","@id":"https:\/\/patagoniambiental.com.ar\/info\/#\/schema\/person\/db12bff64bbcbf6a253710bf0ea37b5d"},"headline":"Fundaci\u00f3n F\u00e9lix de Azara: liderazgo en conservaci\u00f3n y ciencia en Argentina","datePublished":"2025-09-18T14:08:00+00:00","dateModified":"2025-09-24T14:34:31+00:00","mainEntityOfPage":{"@id":"https:\/\/patagoniambiental.com.ar\/info\/fundacion-azara-dicciinario-ong\/"},"wordCount":1319,"publisher":{"@id":"https:\/\/patagoniambiental.com.ar\/info\/#organization"},"image":{"@id":"https:\/\/patagoniambiental.com.ar\/info\/fundacion-azara-dicciinario-ong\/#primaryimage"},"thumbnailUrl":"https:\/\/patagoniambiental.com.ar\/info\/wp-content\/uploads\/2015\/04\/1000180474.jpg","articleSection":["Noticias","ONG"],"inLanguage":"es"},{"@type":"WebPage","@id":"https:\/\/patagoniambiental.com.ar\/info\/fundacion-azara-dicciinario-ong\/","url":"https:\/\/patagoniambiental.com.ar\/info\/fundacion-azara-dicciinario-ong\/","name":"Fundaci\u00f3n F\u00e9lix de Azara: liderazgo en conservaci\u00f3n y ciencia en Argentina La Fundaci\u00f3n F\u00e9lix de Azara se ha consolidado como un referente nacional e internacional en el \u00e1mbito de la conservaci\u00f3n ambiental","isPartOf":{"@id":"https:\/\/patagoniambiental.com.ar\/info\/#website"},"primaryImageOfPage":{"@id":"https:\/\/patagoniambiental.com.ar\/info\/fundacion-azara-dicciinario-ong\/#primaryimage"},"image":{"@id":"https:\/\/patagoniambiental.com.ar\/info\/fundacion-azara-dicciinario-ong\/#primaryimage"},"thumbnailUrl":"https:\/\/patagoniambiental.com.ar\/info\/wp-content\/uploads\/2015\/04\/1000180474.jpg","datePublished":"2025-09-18T14:08:00+00:00","dateModified":"2025-09-24T14:34:31+00:00","description":"La Fundaci\u00f3n F\u00e9lix de Azara se ha consolidado como un referente nacional e internacional en el \u00e1mbito de la conservaci\u00f3n ambiental, la investigaci\u00f3n cient\u00edfica y la educaci\u00f3n ambiental en Argentina.","breadcrumb":{"@id":"https:\/\/patagoniambiental.com.ar\/info\/fundacion-azara-dicciinario-ong\/#breadcrumb"},"inLanguage":"es","potentialAction":[{"@type":"ReadAction","target":["https:\/\/patagoniambiental.com.ar\/info\/fundacion-azara-dicciinario-ong\/"]}]},{"@type":"ImageObject","inLanguage":"es","@id":"https:\/\/patagoniambiental.com.ar\/info\/fundacion-azara-dicciinario-ong\/#primaryimage","url":"https:\/\/patagoniambiental.com.ar\/info\/wp-content\/uploads\/2015\/04\/1000180474.jpg","contentUrl":"https:\/\/patagoniambiental.com.ar\/info\/wp-content\/uploads\/2015\/04\/1000180474.jpg","width":600,"height":600,"caption":"Imagen ilustrativa hecha con IA"},{"@type":"BreadcrumbList","@id":"https:\/\/patagoniambiental.com.ar\/info\/fundacion-azara-dicciinario-ong\/#breadcrumb","itemListElement":[{"@type":"ListItem","position":1,"name":"Inicio","item":"https:\/\/patagoniambiental.com.ar\/info\/"},{"@type":"ListItem","position":2,"name":"Fundaci\u00f3n F\u00e9lix de Azara: liderazgo en conservaci\u00f3n y ciencia en Argentina"}]},{"@type":"WebSite","@id":"https:\/\/patagoniambiental.com.ar\/info\/#website","url":"https:\/\/patagoniambiental.com.ar\/info\/","name":"Patagonia Ambiental","description":"Monitoreo y an\u00e1lisis de la situaci\u00f3n geopol\u00edtica en el mundo y su implicancia en la Patagonia","publisher":{"@id":"https:\/\/patagoniambiental.com.ar\/info\/#organization"},"potentialAction":[{"@type":"SearchAction","target":{"@type":"EntryPoint","urlTemplate":"https:\/\/patagoniambiental.com.ar\/info\/?s={search_term_string}"},"query-input":{"@type":"PropertyValueSpecification","valueRequired":true,"valueName":"search_term_string"}}],"inLanguage":"es"},{"@type":"Organization","@id":"https:\/\/patagoniambiental.com.ar\/info\/#organization","name":"Patagonia Ambiental","url":"https:\/\/patagoniambiental.com.ar\/info\/","logo":{"@type":"ImageObject","inLanguage":"es","@id":"https:\/\/patagoniambiental.com.ar\/info\/#\/schema\/logo\/image\/","url":"https:\/\/patagoniambiental.com.ar\/info\/wp-content\/uploads\/2025\/05\/LOGO-PATAGONIA-AMBIENTAL.png","contentUrl":"https:\/\/patagoniambiental.com.ar\/info\/wp-content\/uploads\/2025\/05\/LOGO-PATAGONIA-AMBIENTAL.png","width":433,"height":250,"caption":"Patagonia Ambiental"},"image":{"@id":"https:\/\/patagoniambiental.com.ar\/info\/#\/schema\/logo\/image\/"},"sameAs":["https:\/\/www.facebook.com\/patagonia.ambiental","https:\/\/x.com\/PatAmb"]},{"@type":"Person","@id":"https:\/\/patagoniambiental.com.ar\/info\/#\/schema\/person\/db12bff64bbcbf6a253710bf0ea37b5d","name":"Patagonia Ambiental","description":"Andr\u00e9s Nievas T\u00e9cnico en manejo ambiental, consultor Ambiental y escritor para medios locales e internacionales sobre temas de geopolitica y medio ambiente.","sameAs":["http:\/\/www.patagoniambiental.com.ar","https:\/\/www.facebook.com\/share\/1C1V8Gv9BX\/?mibextid=qi2Omg","@patagoniambiental","https:\/\/youtube.com\/@patagoniaambiental2023?si=BLt58t0wuXquxlYZ"]}]}},"_links":{"self":[{"href":"https:\/\/patagoniambiental.com.ar\/info\/wp-json\/wp\/v2\/posts\/9865","targetHints":{"allow":["GET"]}}],"collection":[{"href":"https:\/\/patagoniambiental.com.ar\/info\/wp-json\/wp\/v2\/posts"}],"about":[{"href":"https:\/\/patagoniambiental.com.ar\/info\/wp-json\/wp\/v2\/types\/post"}],"author":[{"embeddable":true,"href":"https:\/\/patagoniambiental.com.ar\/info\/wp-json\/wp\/v2\/users\/2"}],"replies":[{"embeddable":true,"href":"https:\/\/patagoniambiental.com.ar\/info\/wp-json\/wp\/v2\/comments?post=9865"}],"version-history":[{"count":2,"href":"https:\/\/patagoniambiental.com.ar\/info\/wp-json\/wp\/v2\/posts\/9865\/revisions"}],"predecessor-version":[{"id":99218,"href":"https:\/\/patagoniambiental.com.ar\/info\/wp-json\/wp\/v2\/posts\/9865\/revisions\/99218"}],"wp:featuredmedia":[{"embeddable":true,"href":"https:\/\/patagoniambiental.com.ar\/info\/wp-json\/wp\/v2\/media\/99215"}],"wp:attachment":[{"href":"https:\/\/patagoniambiental.com.ar\/info\/wp-json\/wp\/v2\/media?parent=9865"}],"wp:term":[{"taxonomy":"category","embeddable":true,"href":"https:\/\/patagoniambiental.com.ar\/info\/wp-json\/wp\/v2\/categories?post=9865"},{"taxonomy":"post_tag","embeddable":true,"href":"https:\/\/patagoniambiental.com.ar\/info\/wp-json\/wp\/v2\/tags?post=9865"}],"curies":[{"name":"wp","href":"https:\/\/api.w.org\/{rel}","templated":true}]}}