{"id":98924,"date":"2025-09-07T15:31:23","date_gmt":"2025-09-07T18:31:23","guid":{"rendered":"https:\/\/patagoniambiental.com.ar\/info\/?p=98924"},"modified":"2025-12-15T22:15:51","modified_gmt":"2025-12-16T01:15:51","slug":"asociacion-recicladores-bariloche","status":"publish","type":"post","link":"https:\/\/patagoniambiental.com.ar\/info\/asociacion-recicladores-bariloche\/","title":{"rendered":"Asociaci\u00f3n de Recicladores de Bariloche: pilar de la econom\u00eda circular de R\u00edo Negro"},"content":{"rendered":"\n<!--more-->\n\n\n\n<h2 class=\"wp-block-heading\" id=\"h-un-modelo-de-inclusion-y-sostenibilidad-que-inspira-a-toda-la-patagonia\">Un modelo de inclusi\u00f3n y sostenibilidad que inspira a toda la Patagonia<\/h2>\n\n\n\n<p>Bariloche, Rio Negro, 7 de septiembre de 2025. La Asociaci\u00f3n de Recicladores de Bariloche (ARB) se ha consolidado en las \u00faltimas dos d\u00e9cadas como uno de los actores sociales y ambientales m\u00e1s importantes dentro de la econom\u00eda circular de R\u00edo Negro. Nacida de la necesidad de organizar a trabajadores y trabajadoras que hist\u00f3ricamente fueron invisibilizados en el basural de la ciudad, la organizaci\u00f3n no solo logr\u00f3 mejorar las condiciones de vida de cientos de familias, sino que adem\u00e1s gener\u00f3 un cambio cultural en la comunidad sobre el valor de los residuos, la inclusi\u00f3n social y la responsabilidad ambiental. Su trayectoria de m\u00e1s de 17 a\u00f1os \u2013y ya camino a las dos d\u00e9cadas de existencia\u2013 la convierte en un referente indiscutido cuando se habla de gesti\u00f3n responsable de residuos en la Patagonia y en todo el pa\u00eds.<\/p>\n\n\n\n<p><a href=\"https:\/\/patagoniambiental.com.ar\/info\/asociacion-recicladores-bariloche-celebro-diecisiete-anos-trabajando-comunidad\/\">Leer m\u00e1s: Asociaci\u00f3n de Recicladores de Bariloche: 17 a\u00f1os de trabajo comunitario y un pilar de la econom\u00eda circular en R\u00edo Negro<\/a><\/p>\n\n\n\n<p>Lejos de ser solo una experiencia local, el recorrido de la ARB se ha transformado en un caso de estudio para universidades, gobiernos y organizaciones internacionales, que encuentran en Bariloche un ejemplo palpable de c\u00f3mo la organizaci\u00f3n popular, la capacitaci\u00f3n continua y el trabajo comunitario pueden sentar las bases para un modelo econ\u00f3mico distinto: uno que reduzca la contaminaci\u00f3n, genere empleo digno y fortalezca la cohesi\u00f3n social.<\/p>\n\n\n\n<h2 class=\"wp-block-heading\" id=\"h-que-es-la-asociacion-de-recicladores-de-bariloche-y-cual-es-su-historia\">\u00bfQu\u00e9 es la Asociaci\u00f3n de Recicladores de Bariloche y cu\u00e1l es su historia?<\/h2>\n\n\n\n<p>La ARB naci\u00f3 formalmente en 2007, aunque sus ra\u00edces se remontan a mucho antes, cuando un grupo de familias recicladoras comenz\u00f3 a organizarse para defender su trabajo y dignidad en el basural a cielo abierto de Bariloche. Durante d\u00e9cadas, hombres, mujeres e incluso ni\u00f1os sobreviv\u00edan de la recuperaci\u00f3n de materiales reciclables en condiciones de extrema precariedad, sin reconocimiento legal ni protecci\u00f3n social. La creaci\u00f3n de la asociaci\u00f3n marc\u00f3 un antes y un despu\u00e9s: por primera vez, se constituy\u00f3 un espacio que les permiti\u00f3 pasar de la marginaci\u00f3n a la visibilidad, de la informalidad a la construcci\u00f3n de un camino hacia la inclusi\u00f3n plena.<\/p>\n\n\n\n<p>A lo largo de estos a\u00f1os, la ARB ha sabido articular con el municipio, con el gobierno de R\u00edo Negro y con distintas organizaciones nacionales e internacionales. Gracias a ello, los recicladores dejaron de ser considerados \u201ccirujas\u201d para transformarse en gestores ambientales reconocidos. Este cambio sem\u00e1ntico y simb\u00f3lico refleja un proceso mucho m\u00e1s profundo: el reconocimiento social de que el trabajo de reciclaje no solo es leg\u00edtimo, sino esencial para cualquier estrategia de sostenibilidad en el siglo XXI.<\/p>\n\n\n\n<h2 class=\"wp-block-heading\" id=\"h-la-economia-circular-de-rio-negro-y-el-rol-clave-de-los-recicladores-urbanos\">La econom\u00eda circular de R\u00edo Negro y el rol clave de los recicladores urbanos<\/h2>\n\n\n\n<p>Hablar de la econom\u00eda circular de R\u00edo Negro sin mencionar a la Asociaci\u00f3n de Recicladores de Bariloche ser\u00eda una omisi\u00f3n imperdonable. El modelo de econom\u00eda circular propone romper con la l\u00f3gica lineal de \u201cextraer, producir, consumir y desechar\u201d para pasar a un esquema en el que los residuos se convierten en recursos. En este engranaje, los recicladores cumplen un papel fundamental: son quienes garantizan que toneladas de materiales que de otro modo terminar\u00edan en rellenos sanitarios o basurales puedan volver a la industria y convertirse en nuevos productos.<\/p>\n\n\n\n<p>En Bariloche, la ARB no solo se dedica a la recolecci\u00f3n diferenciada y clasificaci\u00f3n de residuos, sino que adem\u00e1s promueve campa\u00f1as de concientizaci\u00f3n en escuelas, barrios y empresas. El objetivo es claro: lograr que la ciudadan\u00eda comprenda que separar en origen no es un gesto menor, sino la piedra angular de toda estrategia de econom\u00eda circular. Cada botella de pl\u00e1stico, cada caja de cart\u00f3n o cada lata de aluminio que se recupera significa menos contaminaci\u00f3n, menos emisiones de gases de efecto invernadero y m\u00e1s fuentes de trabajo para la comunidad recicladora.<\/p>\n\n\n\n<p><a href=\"https:\/\/patagoniambiental.com.ar\/info\/gennuso-participo-presentacion-libro-experiencia-asociacion-drecicladores-bariloche\/\">Leer m\u00e1s: Asociaci\u00f3n de Recicladores de Bariloche: el libro que revela dos d\u00e9cadas de lucha, dignidad y econom\u00eda circular en R\u00edo Negro<\/a><\/p>\n\n\n\n<h2 class=\"wp-block-heading\" id=\"h-inclusion-social-y-dignificacion-laboral-un-legado-de-la-asociacion-de-recicladores-de-bariloche\">Inclusi\u00f3n social y dignificaci\u00f3n laboral: un legado de la Asociaci\u00f3n de Recicladores de Bariloche<\/h2>\n\n\n\n<p>Uno de los aportes m\u00e1s significativos de la Asociaci\u00f3n de Recicladores de Bariloche es la transformaci\u00f3n social que produjo en la vida de sus integrantes. El trabajo informal y precario dio paso a una organizaci\u00f3n con reglas claras, acceso a derechos b\u00e1sicos y oportunidades de capacitaci\u00f3n. Gracias a su lucha, hoy los recicladores cuentan con un galp\u00f3n de clasificaci\u00f3n, equipamiento adecuado y mejores condiciones de seguridad.<\/p>\n\n\n\n<p>Adem\u00e1s, la ARB se convirti\u00f3 en un espacio de contenci\u00f3n y empoderamiento para muchas mujeres que encontraron en el reciclaje no solo una fuente de ingreso, sino tambi\u00e9n un camino hacia la autonom\u00eda econ\u00f3mica y el reconocimiento social. Este aspecto es fundamental en una ciudad marcada por profundas desigualdades, donde la inclusi\u00f3n laboral femenina resulta clave para reducir brechas y fortalecer el tejido social.<\/p>\n\n\n\n<h2 class=\"wp-block-heading\" id=\"h-el-impacto-ambiental-toneladas-de-residuos-recuperados-cada-ano\">El impacto ambiental: toneladas de residuos recuperados cada a\u00f1o<\/h2>\n\n\n\n<p>El impacto ambiental de la ARB es tangible y mensurable. Seg\u00fan datos aportados por la propia organizaci\u00f3n y por el municipio de Bariloche, cada a\u00f1o se recuperan miles de toneladas de cart\u00f3n, pl\u00e1sticos, vidrio y metales, que son reincorporados a la cadena productiva. Este trabajo evita que grandes vol\u00famenes de desechos terminen en el vertedero, alargando su vida \u00fatil y reduciendo la contaminaci\u00f3n de suelos, r\u00edos y lagos.<\/p>\n\n\n\n<p>En un destino tur\u00edstico de relevancia internacional como Bariloche, donde la imagen ambiental es un activo estrat\u00e9gico, el trabajo de los recicladores urbanos es doblemente valioso. No solo contribuyen a la econom\u00eda circular de R\u00edo Negro, sino que tambi\u00e9n fortalecen la reputaci\u00f3n de la ciudad como un lugar comprometido con la sostenibilidad.<\/p>\n\n\n\n<h2 class=\"wp-block-heading\" id=\"h-educacion-ambiental-y-trabajo-con-la-comunidad\">Educaci\u00f3n ambiental y trabajo con la comunidad<\/h2>\n\n\n\n<p>M\u00e1s all\u00e1 del trabajo operativo de clasificaci\u00f3n, la Asociaci\u00f3n de Recicladores de Bariloche se ha posicionado como un actor central en la educaci\u00f3n ambiental comunitaria. Charlas en escuelas, talleres en centros barriales y campa\u00f1as en redes sociales forman parte de su estrategia para cambiar h\u00e1bitos de consumo y de descarte.<\/p>\n\n\n\n<p>La experiencia demuestra que la verdadera econom\u00eda circular no se construye \u00fanicamente con infraestructura, sino con conciencia social y participaci\u00f3n ciudadana. En este sentido, la ARB act\u00faa como un puente entre la ciudadan\u00eda y las pol\u00edticas p\u00fablicas, mostrando que los recicladores son aliados estrat\u00e9gicos y no actores marginales.<\/p>\n\n\n\n<p><a href=\"https:\/\/patagoniambiental.com.ar\/info\/salutacion-aniversario-asociacion-recicladores-bariloche\/\">Leer m\u00e1s: \u00a1La Asociaci\u00f3n Recicladores Bariloche celebra 14 a\u00f1os de lucha por un futuro m\u00e1s verde en la Patagonia!<\/a><\/p>\n\n\n\n<h2 class=\"wp-block-heading\" id=\"h-reconocimientos-y-alianzas-estrategicas\">Reconocimientos y alianzas estrat\u00e9gicas<\/h2>\n\n\n\n<p>En sus m\u00e1s de 17 a\u00f1os de trayectoria, la ARB ha recibido m\u00faltiples reconocimientos de instituciones acad\u00e9micas, organizaciones sociales y organismos gubernamentales. Su participaci\u00f3n en redes nacionales de cartoneros y recicladores ha permitido que la voz de Bariloche se escuche en foros de todo el pa\u00eds, donde se discuten leyes, normativas y pol\u00edticas de gesti\u00f3n de residuos.<\/p>\n\n\n\n<p>Asimismo, la asociaci\u00f3n mantiene alianzas con universidades, que investigan y documentan su experiencia como ejemplo de econom\u00eda circular en la Patagonia. Estos v\u00ednculos no solo aportan legitimidad acad\u00e9mica, sino que tambi\u00e9n fortalecen la visibilidad de la causa recicladora, atrayendo nuevas oportunidades de cooperaci\u00f3n y financiamiento.<\/p>\n\n\n\n<h2 class=\"wp-block-heading\" id=\"h-el-futuro-desafios-y-oportunidades-para-la-asociacion-de-recicladores-de-bariloche\">El futuro: desaf\u00edos y oportunidades para la Asociaci\u00f3n de Recicladores de Bariloche<\/h2>\n\n\n\n<p>Aunque los avances han sido significativos, los desaf\u00edos a\u00fan son enormes. La ARB necesita ampliar su capacidad de procesamiento, acceder a mejores tecnolog\u00edas de separaci\u00f3n y asegurar la sustentabilidad econ\u00f3mica de su proyecto en el largo plazo.<\/p>\n\n\n\n<p>La creciente generaci\u00f3n de residuos, impulsada por el turismo y el consumo masivo, exige respuestas cada vez m\u00e1s sofisticadas. En este escenario, resulta crucial que el municipio y la provincia profundicen su apoyo, garantizando infraestructura adecuada, campa\u00f1as de concientizaci\u00f3n permanentes y una remuneraci\u00f3n justa para los recicladores.<\/p>\n\n\n\n<h2 class=\"wp-block-heading\" id=\"h-un-ejemplo-de-economia-circular-desde-la-patagonia-para-el-mundo\">Un ejemplo de econom\u00eda circular desde la Patagonia para el mundo<\/h2>\n\n\n\n<p>La Asociaci\u00f3n de Recicladores de Bariloche es mucho m\u00e1s que una cooperativa: es un ejemplo vivo de c\u00f3mo se puede construir una econom\u00eda circular en R\u00edo Negro basada en la inclusi\u00f3n social, la protecci\u00f3n ambiental y la participaci\u00f3n comunitaria. Su historia demuestra que, cuando se unen la voluntad colectiva y el compromiso institucional, es posible transformar la basura en recursos, la marginalidad en dignidad y la indiferencia en conciencia social.<\/p>\n\n\n\n<p>El futuro de la Patagonia, de R\u00edo Negro y del planeta depender\u00e1 de la capacidad de replicar experiencias como esta, que colocan a las personas y al ambiente en el centro de las pol\u00edticas p\u00fablicas y del desarrollo econ\u00f3mico. La ARB, con sus 17 a\u00f1os de trayectoria, no solo celebra su pasado, sino que se proyecta como protagonista de un futuro donde la sostenibilidad ya no ser\u00e1 una opci\u00f3n, sino una necesidad ineludible.<\/p>\n","protected":false},"excerpt":{"rendered":"","protected":false},"author":2,"featured_media":100144,"comment_status":"open","ping_status":"open","sticky":false,"template":"","format":"standard","meta":{"site-sidebar-layout":"default","site-content-layout":"","ast-site-content-layout":"default","site-content-style":"default","site-sidebar-style":"default","ast-global-header-display":"","ast-banner-title-visibility":"","ast-main-header-display":"","ast-hfb-above-header-display":"","ast-hfb-below-header-display":"","ast-hfb-mobile-header-display":"","site-post-title":"","ast-breadcrumbs-content":"","ast-featured-img":"","footer-sml-layout":"","ast-disable-related-posts":"","theme-transparent-header-meta":"","adv-header-id-meta":"","stick-header-meta":"","header-above-stick-meta":"","header-main-stick-meta":"","header-below-stick-meta":"","astra-migrate-meta-layouts":"default","ast-page-background-enabled":"default","ast-page-background-meta":{"desktop":{"background-color":"var(--ast-global-color-5)","background-image":"","background-repeat":"repeat","background-position":"center center","background-size":"auto","background-attachment":"scroll","background-type":"","background-media":"","overlay-type":"","overlay-color":"","overlay-opacity":"","overlay-gradient":""},"tablet":{"background-color":"","background-image":"","background-repeat":"repeat","background-position":"center center","background-size":"auto","background-attachment":"scroll","background-type":"","background-media":"","overlay-type":"","overlay-color":"","overlay-opacity":"","overlay-gradient":""},"mobile":{"background-color":"","background-image":"","background-repeat":"repeat","background-position":"center center","background-size":"auto","background-attachment":"scroll","background-type":"","background-media":"","overlay-type":"","overlay-color":"","overlay-opacity":"","overlay-gradient":""}},"ast-content-background-meta":{"desktop":{"background-color":"var(--ast-global-color-4)","background-image":"","background-repeat":"repeat","background-position":"center center","background-size":"auto","background-attachment":"scroll","background-type":"","background-media":"","overlay-type":"","overlay-color":"","overlay-opacity":"","overlay-gradient":""},"tablet":{"background-color":"var(--ast-global-color-4)","background-image":"","background-repeat":"repeat","background-position":"center center","background-size":"auto","background-attachment":"scroll","background-type":"","background-media":"","overlay-type":"","overlay-color":"","overlay-opacity":"","overlay-gradient":""},"mobile":{"background-color":"var(--ast-global-color-4)","background-image":"","background-repeat":"repeat","background-position":"center center","background-size":"auto","background-attachment":"scroll","background-type":"","background-media":"","overlay-type":"","overlay-color":"","overlay-opacity":"","overlay-gradient":""}},"footnotes":""},"categories":[3386,3512,1],"tags":[],"class_list":["post-98924","post","type-post","status-publish","format-standard","has-post-thumbnail","hentry","category-destacadas","category-economia-circular","category-noticias"],"yoast_head":"<!-- This site is optimized with the Yoast SEO Premium plugin v23.0 (Yoast SEO v27.5) - https:\/\/yoast.com\/product\/yoast-seo-premium-wordpress\/ -->\n<title>Asociaci\u00f3n de Recicladores de Bariloche<\/title>\n<meta name=\"description\" content=\"La Asociaci\u00f3n de Recicladores de Bariloche se ha consolidado como uno de los actores sociales y ambientales en RN.\" \/>\n<meta name=\"robots\" content=\"index, follow, max-snippet:-1, max-image-preview:large, max-video-preview:-1\" \/>\n<link rel=\"canonical\" href=\"https:\/\/patagoniambiental.com.ar\/info\/asociacion-recicladores-bariloche\/\" \/>\n<meta property=\"og:locale\" content=\"es_ES\" \/>\n<meta property=\"og:type\" content=\"article\" \/>\n<meta property=\"og:title\" content=\"Asociaci\u00f3n de Recicladores de Bariloche: pilar de la econom\u00eda circular de R\u00edo Negro\" \/>\n<meta property=\"og:description\" content=\"La Asociaci\u00f3n de Recicladores de Bariloche se ha consolidado como uno de los actores sociales y ambientales en RN.\" \/>\n<meta property=\"og:url\" content=\"https:\/\/patagoniambiental.com.ar\/info\/asociacion-recicladores-bariloche\/\" \/>\n<meta property=\"og:site_name\" content=\"Patagonia Ambiental\" \/>\n<meta property=\"article:publisher\" content=\"https:\/\/www.facebook.com\/patagonia.ambiental\" \/>\n<meta property=\"article:author\" content=\"https:\/\/www.facebook.com\/share\/1C1V8Gv9BX\/?mibextid=qi2Omg\" \/>\n<meta property=\"article:published_time\" content=\"2025-09-07T18:31:23+00:00\" \/>\n<meta property=\"article:modified_time\" content=\"2025-12-16T01:15:51+00:00\" \/>\n<meta property=\"og:image\" content=\"https:\/\/patagoniambiental.com.ar\/info\/wp-content\/uploads\/2020\/09\/Asociacion-recicladores-Bariloche.webp\" \/>\n\t<meta property=\"og:image:width\" content=\"924\" \/>\n\t<meta property=\"og:image:height\" content=\"616\" \/>\n\t<meta property=\"og:image:type\" content=\"image\/webp\" \/>\n<meta name=\"author\" content=\"Patagonia Ambiental\" \/>\n<meta name=\"twitter:card\" content=\"summary_large_image\" \/>\n<meta name=\"twitter:creator\" content=\"@PatAmb\" \/>\n<meta name=\"twitter:site\" content=\"@PatAmb\" \/>\n<script type=\"application\/ld+json\" class=\"yoast-schema-graph\">{\"@context\":\"https:\\\/\\\/schema.org\",\"@graph\":[{\"@type\":\"Article\",\"@id\":\"https:\\\/\\\/patagoniambiental.com.ar\\\/info\\\/asociacion-recicladores-bariloche\\\/#article\",\"isPartOf\":{\"@id\":\"https:\\\/\\\/patagoniambiental.com.ar\\\/info\\\/asociacion-recicladores-bariloche\\\/\"},\"author\":{\"name\":\"Patagonia Ambiental\",\"@id\":\"https:\\\/\\\/patagoniambiental.com.ar\\\/info\\\/#\\\/schema\\\/person\\\/db12bff64bbcbf6a253710bf0ea37b5d\"},\"headline\":\"Asociaci\u00f3n de Recicladores de Bariloche: pilar de la econom\u00eda circular de R\u00edo Negro\",\"datePublished\":\"2025-09-07T18:31:23+00:00\",\"dateModified\":\"2025-12-16T01:15:51+00:00\",\"mainEntityOfPage\":{\"@id\":\"https:\\\/\\\/patagoniambiental.com.ar\\\/info\\\/asociacion-recicladores-bariloche\\\/\"},\"wordCount\":1571,\"commentCount\":0,\"publisher\":{\"@id\":\"https:\\\/\\\/patagoniambiental.com.ar\\\/info\\\/#organization\"},\"image\":{\"@id\":\"https:\\\/\\\/patagoniambiental.com.ar\\\/info\\\/asociacion-recicladores-bariloche\\\/#primaryimage\"},\"thumbnailUrl\":\"https:\\\/\\\/patagoniambiental.com.ar\\\/info\\\/wp-content\\\/uploads\\\/2020\\\/09\\\/Asociacion-recicladores-Bariloche.webp\",\"articleSection\":[\"Destacadas\",\"Econom\u00eda Circular\",\"Noticias\"],\"inLanguage\":\"es\",\"potentialAction\":[{\"@type\":\"CommentAction\",\"name\":\"Comment\",\"target\":[\"https:\\\/\\\/patagoniambiental.com.ar\\\/info\\\/asociacion-recicladores-bariloche\\\/#respond\"]}]},{\"@type\":\"WebPage\",\"@id\":\"https:\\\/\\\/patagoniambiental.com.ar\\\/info\\\/asociacion-recicladores-bariloche\\\/\",\"url\":\"https:\\\/\\\/patagoniambiental.com.ar\\\/info\\\/asociacion-recicladores-bariloche\\\/\",\"name\":\"Asociaci\u00f3n de Recicladores de Bariloche\",\"isPartOf\":{\"@id\":\"https:\\\/\\\/patagoniambiental.com.ar\\\/info\\\/#website\"},\"primaryImageOfPage\":{\"@id\":\"https:\\\/\\\/patagoniambiental.com.ar\\\/info\\\/asociacion-recicladores-bariloche\\\/#primaryimage\"},\"image\":{\"@id\":\"https:\\\/\\\/patagoniambiental.com.ar\\\/info\\\/asociacion-recicladores-bariloche\\\/#primaryimage\"},\"thumbnailUrl\":\"https:\\\/\\\/patagoniambiental.com.ar\\\/info\\\/wp-content\\\/uploads\\\/2020\\\/09\\\/Asociacion-recicladores-Bariloche.webp\",\"datePublished\":\"2025-09-07T18:31:23+00:00\",\"dateModified\":\"2025-12-16T01:15:51+00:00\",\"description\":\"La Asociaci\u00f3n de Recicladores de Bariloche se ha consolidado como uno de los actores sociales y ambientales en RN.\",\"breadcrumb\":{\"@id\":\"https:\\\/\\\/patagoniambiental.com.ar\\\/info\\\/asociacion-recicladores-bariloche\\\/#breadcrumb\"},\"inLanguage\":\"es\",\"potentialAction\":[{\"@type\":\"ReadAction\",\"target\":[\"https:\\\/\\\/patagoniambiental.com.ar\\\/info\\\/asociacion-recicladores-bariloche\\\/\"]}]},{\"@type\":\"ImageObject\",\"inLanguage\":\"es\",\"@id\":\"https:\\\/\\\/patagoniambiental.com.ar\\\/info\\\/asociacion-recicladores-bariloche\\\/#primaryimage\",\"url\":\"https:\\\/\\\/patagoniambiental.com.ar\\\/info\\\/wp-content\\\/uploads\\\/2020\\\/09\\\/Asociacion-recicladores-Bariloche.webp\",\"contentUrl\":\"https:\\\/\\\/patagoniambiental.com.ar\\\/info\\\/wp-content\\\/uploads\\\/2020\\\/09\\\/Asociacion-recicladores-Bariloche.webp\",\"width\":924,\"height\":616,\"caption\":\"Asociaci\u00f3n de Recicladores de Bariloche\"},{\"@type\":\"BreadcrumbList\",\"@id\":\"https:\\\/\\\/patagoniambiental.com.ar\\\/info\\\/asociacion-recicladores-bariloche\\\/#breadcrumb\",\"itemListElement\":[{\"@type\":\"ListItem\",\"position\":1,\"name\":\"Inicio\",\"item\":\"https:\\\/\\\/patagoniambiental.com.ar\\\/info\\\/\"},{\"@type\":\"ListItem\",\"position\":2,\"name\":\"Asociaci\u00f3n de Recicladores de Bariloche: pilar de la econom\u00eda circular de R\u00edo Negro\"}]},{\"@type\":\"WebSite\",\"@id\":\"https:\\\/\\\/patagoniambiental.com.ar\\\/info\\\/#website\",\"url\":\"https:\\\/\\\/patagoniambiental.com.ar\\\/info\\\/\",\"name\":\"Patagonia Ambiental\",\"description\":\"Monitoreo y an\u00e1lisis de la situaci\u00f3n geopol\u00edtica en el mundo y su implicancia en la Patagonia\",\"publisher\":{\"@id\":\"https:\\\/\\\/patagoniambiental.com.ar\\\/info\\\/#organization\"},\"potentialAction\":[{\"@type\":\"SearchAction\",\"target\":{\"@type\":\"EntryPoint\",\"urlTemplate\":\"https:\\\/\\\/patagoniambiental.com.ar\\\/info\\\/?s={search_term_string}\"},\"query-input\":{\"@type\":\"PropertyValueSpecification\",\"valueRequired\":true,\"valueName\":\"search_term_string\"}}],\"inLanguage\":\"es\"},{\"@type\":\"Organization\",\"@id\":\"https:\\\/\\\/patagoniambiental.com.ar\\\/info\\\/#organization\",\"name\":\"Patagonia Ambiental\",\"url\":\"https:\\\/\\\/patagoniambiental.com.ar\\\/info\\\/\",\"logo\":{\"@type\":\"ImageObject\",\"inLanguage\":\"es\",\"@id\":\"https:\\\/\\\/patagoniambiental.com.ar\\\/info\\\/#\\\/schema\\\/logo\\\/image\\\/\",\"url\":\"https:\\\/\\\/patagoniambiental.com.ar\\\/info\\\/wp-content\\\/uploads\\\/2025\\\/05\\\/LOGO-PATAGONIA-AMBIENTAL.png\",\"contentUrl\":\"https:\\\/\\\/patagoniambiental.com.ar\\\/info\\\/wp-content\\\/uploads\\\/2025\\\/05\\\/LOGO-PATAGONIA-AMBIENTAL.png\",\"width\":433,\"height\":250,\"caption\":\"Patagonia Ambiental\"},\"image\":{\"@id\":\"https:\\\/\\\/patagoniambiental.com.ar\\\/info\\\/#\\\/schema\\\/logo\\\/image\\\/\"},\"sameAs\":[\"https:\\\/\\\/www.facebook.com\\\/patagonia.ambiental\",\"https:\\\/\\\/x.com\\\/PatAmb\"]},{\"@type\":\"Person\",\"@id\":\"https:\\\/\\\/patagoniambiental.com.ar\\\/info\\\/#\\\/schema\\\/person\\\/db12bff64bbcbf6a253710bf0ea37b5d\",\"name\":\"Patagonia Ambiental\",\"description\":\"Andr\u00e9s Nievas T\u00e9cnico en manejo ambiental, consultor Ambiental y escritor para medios locales e internacionales sobre temas de geopolitica y medio ambiente.\",\"sameAs\":[\"http:\\\/\\\/www.patagoniambiental.com.ar\",\"https:\\\/\\\/www.facebook.com\\\/share\\\/1C1V8Gv9BX\\\/?mibextid=qi2Omg\",\"@patagoniambiental\",\"https:\\\/\\\/youtube.com\\\/@patagoniaambiental2023?si=BLt58t0wuXquxlYZ\"]}]}<\/script>\n<!-- \/ Yoast SEO Premium plugin. -->","yoast_head_json":{"title":"Asociaci\u00f3n de Recicladores de Bariloche","description":"La Asociaci\u00f3n de Recicladores de Bariloche se ha consolidado como uno de los actores sociales y ambientales en RN.","robots":{"index":"index","follow":"follow","max-snippet":"max-snippet:-1","max-image-preview":"max-image-preview:large","max-video-preview":"max-video-preview:-1"},"canonical":"https:\/\/patagoniambiental.com.ar\/info\/asociacion-recicladores-bariloche\/","og_locale":"es_ES","og_type":"article","og_title":"Asociaci\u00f3n de Recicladores de Bariloche: pilar de la econom\u00eda circular de R\u00edo Negro","og_description":"La Asociaci\u00f3n de Recicladores de Bariloche se ha consolidado como uno de los actores sociales y ambientales en RN.","og_url":"https:\/\/patagoniambiental.com.ar\/info\/asociacion-recicladores-bariloche\/","og_site_name":"Patagonia Ambiental","article_publisher":"https:\/\/www.facebook.com\/patagonia.ambiental","article_author":"https:\/\/www.facebook.com\/share\/1C1V8Gv9BX\/?mibextid=qi2Omg","article_published_time":"2025-09-07T18:31:23+00:00","article_modified_time":"2025-12-16T01:15:51+00:00","og_image":[{"width":924,"height":616,"url":"https:\/\/patagoniambiental.com.ar\/info\/wp-content\/uploads\/2020\/09\/Asociacion-recicladores-Bariloche.webp","type":"image\/webp"}],"author":"Patagonia Ambiental","twitter_card":"summary_large_image","twitter_creator":"@PatAmb","twitter_site":"@PatAmb","schema":{"@context":"https:\/\/schema.org","@graph":[{"@type":"Article","@id":"https:\/\/patagoniambiental.com.ar\/info\/asociacion-recicladores-bariloche\/#article","isPartOf":{"@id":"https:\/\/patagoniambiental.com.ar\/info\/asociacion-recicladores-bariloche\/"},"author":{"name":"Patagonia Ambiental","@id":"https:\/\/patagoniambiental.com.ar\/info\/#\/schema\/person\/db12bff64bbcbf6a253710bf0ea37b5d"},"headline":"Asociaci\u00f3n de Recicladores de Bariloche: pilar de la econom\u00eda circular de R\u00edo Negro","datePublished":"2025-09-07T18:31:23+00:00","dateModified":"2025-12-16T01:15:51+00:00","mainEntityOfPage":{"@id":"https:\/\/patagoniambiental.com.ar\/info\/asociacion-recicladores-bariloche\/"},"wordCount":1571,"commentCount":0,"publisher":{"@id":"https:\/\/patagoniambiental.com.ar\/info\/#organization"},"image":{"@id":"https:\/\/patagoniambiental.com.ar\/info\/asociacion-recicladores-bariloche\/#primaryimage"},"thumbnailUrl":"https:\/\/patagoniambiental.com.ar\/info\/wp-content\/uploads\/2020\/09\/Asociacion-recicladores-Bariloche.webp","articleSection":["Destacadas","Econom\u00eda Circular","Noticias"],"inLanguage":"es","potentialAction":[{"@type":"CommentAction","name":"Comment","target":["https:\/\/patagoniambiental.com.ar\/info\/asociacion-recicladores-bariloche\/#respond"]}]},{"@type":"WebPage","@id":"https:\/\/patagoniambiental.com.ar\/info\/asociacion-recicladores-bariloche\/","url":"https:\/\/patagoniambiental.com.ar\/info\/asociacion-recicladores-bariloche\/","name":"Asociaci\u00f3n de Recicladores de Bariloche","isPartOf":{"@id":"https:\/\/patagoniambiental.com.ar\/info\/#website"},"primaryImageOfPage":{"@id":"https:\/\/patagoniambiental.com.ar\/info\/asociacion-recicladores-bariloche\/#primaryimage"},"image":{"@id":"https:\/\/patagoniambiental.com.ar\/info\/asociacion-recicladores-bariloche\/#primaryimage"},"thumbnailUrl":"https:\/\/patagoniambiental.com.ar\/info\/wp-content\/uploads\/2020\/09\/Asociacion-recicladores-Bariloche.webp","datePublished":"2025-09-07T18:31:23+00:00","dateModified":"2025-12-16T01:15:51+00:00","description":"La Asociaci\u00f3n de Recicladores de Bariloche se ha consolidado como uno de los actores sociales y ambientales en RN.","breadcrumb":{"@id":"https:\/\/patagoniambiental.com.ar\/info\/asociacion-recicladores-bariloche\/#breadcrumb"},"inLanguage":"es","potentialAction":[{"@type":"ReadAction","target":["https:\/\/patagoniambiental.com.ar\/info\/asociacion-recicladores-bariloche\/"]}]},{"@type":"ImageObject","inLanguage":"es","@id":"https:\/\/patagoniambiental.com.ar\/info\/asociacion-recicladores-bariloche\/#primaryimage","url":"https:\/\/patagoniambiental.com.ar\/info\/wp-content\/uploads\/2020\/09\/Asociacion-recicladores-Bariloche.webp","contentUrl":"https:\/\/patagoniambiental.com.ar\/info\/wp-content\/uploads\/2020\/09\/Asociacion-recicladores-Bariloche.webp","width":924,"height":616,"caption":"Asociaci\u00f3n de Recicladores de Bariloche"},{"@type":"BreadcrumbList","@id":"https:\/\/patagoniambiental.com.ar\/info\/asociacion-recicladores-bariloche\/#breadcrumb","itemListElement":[{"@type":"ListItem","position":1,"name":"Inicio","item":"https:\/\/patagoniambiental.com.ar\/info\/"},{"@type":"ListItem","position":2,"name":"Asociaci\u00f3n de Recicladores de Bariloche: pilar de la econom\u00eda circular de R\u00edo Negro"}]},{"@type":"WebSite","@id":"https:\/\/patagoniambiental.com.ar\/info\/#website","url":"https:\/\/patagoniambiental.com.ar\/info\/","name":"Patagonia Ambiental","description":"Monitoreo y an\u00e1lisis de la situaci\u00f3n geopol\u00edtica en el mundo y su implicancia en la Patagonia","publisher":{"@id":"https:\/\/patagoniambiental.com.ar\/info\/#organization"},"potentialAction":[{"@type":"SearchAction","target":{"@type":"EntryPoint","urlTemplate":"https:\/\/patagoniambiental.com.ar\/info\/?s={search_term_string}"},"query-input":{"@type":"PropertyValueSpecification","valueRequired":true,"valueName":"search_term_string"}}],"inLanguage":"es"},{"@type":"Organization","@id":"https:\/\/patagoniambiental.com.ar\/info\/#organization","name":"Patagonia Ambiental","url":"https:\/\/patagoniambiental.com.ar\/info\/","logo":{"@type":"ImageObject","inLanguage":"es","@id":"https:\/\/patagoniambiental.com.ar\/info\/#\/schema\/logo\/image\/","url":"https:\/\/patagoniambiental.com.ar\/info\/wp-content\/uploads\/2025\/05\/LOGO-PATAGONIA-AMBIENTAL.png","contentUrl":"https:\/\/patagoniambiental.com.ar\/info\/wp-content\/uploads\/2025\/05\/LOGO-PATAGONIA-AMBIENTAL.png","width":433,"height":250,"caption":"Patagonia Ambiental"},"image":{"@id":"https:\/\/patagoniambiental.com.ar\/info\/#\/schema\/logo\/image\/"},"sameAs":["https:\/\/www.facebook.com\/patagonia.ambiental","https:\/\/x.com\/PatAmb"]},{"@type":"Person","@id":"https:\/\/patagoniambiental.com.ar\/info\/#\/schema\/person\/db12bff64bbcbf6a253710bf0ea37b5d","name":"Patagonia Ambiental","description":"Andr\u00e9s Nievas T\u00e9cnico en manejo ambiental, consultor Ambiental y escritor para medios locales e internacionales sobre temas de geopolitica y medio ambiente.","sameAs":["http:\/\/www.patagoniambiental.com.ar","https:\/\/www.facebook.com\/share\/1C1V8Gv9BX\/?mibextid=qi2Omg","@patagoniambiental","https:\/\/youtube.com\/@patagoniaambiental2023?si=BLt58t0wuXquxlYZ"]}]}},"_links":{"self":[{"href":"https:\/\/patagoniambiental.com.ar\/info\/wp-json\/wp\/v2\/posts\/98924","targetHints":{"allow":["GET"]}}],"collection":[{"href":"https:\/\/patagoniambiental.com.ar\/info\/wp-json\/wp\/v2\/posts"}],"about":[{"href":"https:\/\/patagoniambiental.com.ar\/info\/wp-json\/wp\/v2\/types\/post"}],"author":[{"embeddable":true,"href":"https:\/\/patagoniambiental.com.ar\/info\/wp-json\/wp\/v2\/users\/2"}],"replies":[{"embeddable":true,"href":"https:\/\/patagoniambiental.com.ar\/info\/wp-json\/wp\/v2\/comments?post=98924"}],"version-history":[{"count":5,"href":"https:\/\/patagoniambiental.com.ar\/info\/wp-json\/wp\/v2\/posts\/98924\/revisions"}],"predecessor-version":[{"id":98966,"href":"https:\/\/patagoniambiental.com.ar\/info\/wp-json\/wp\/v2\/posts\/98924\/revisions\/98966"}],"wp:featuredmedia":[{"embeddable":true,"href":"https:\/\/patagoniambiental.com.ar\/info\/wp-json\/wp\/v2\/media\/100144"}],"wp:attachment":[{"href":"https:\/\/patagoniambiental.com.ar\/info\/wp-json\/wp\/v2\/media?parent=98924"}],"wp:term":[{"taxonomy":"category","embeddable":true,"href":"https:\/\/patagoniambiental.com.ar\/info\/wp-json\/wp\/v2\/categories?post=98924"},{"taxonomy":"post_tag","embeddable":true,"href":"https:\/\/patagoniambiental.com.ar\/info\/wp-json\/wp\/v2\/tags?post=98924"}],"curies":[{"name":"wp","href":"https:\/\/api.w.org\/{rel}","templated":true}]}}