{"id":98932,"date":"2025-09-08T10:36:58","date_gmt":"2025-09-08T13:36:58","guid":{"rendered":"https:\/\/patagoniambiental.com.ar\/info\/?p=98932"},"modified":"2026-03-19T13:00:51","modified_gmt":"2026-03-19T16:00:51","slug":"rio-negro-revolucion-economia-circular","status":"publish","type":"post","link":"https:\/\/patagoniambiental.com.ar\/info\/rio-negro-revolucion-economia-circular\/","title":{"rendered":"Imperio Recicla: el emprendimiento del Valle Medio que impulsa la Econom\u00eda Circular de R\u00edo Negro y transforma la gesti\u00f3n de residuos"},"content":{"rendered":"\n<!--more-->\n\n\n\n<h2 class=\"wp-block-heading\" id=\"h-un-cambio-que-comienza-en-el-corazon-productivo-del-valle-medio\">Un cambio que comienza en el coraz\u00f3n productivo del Valle Medio<\/h2>\n\n\n\n<p>Choele Choel, Rio Negro, 8 de septiembre de 2025. La provincia de R\u00edo Negro vive una verdadera revoluci\u00f3n silenciosa en torno a la econom\u00eda circular, y en ese escenario el Valle Medio se convierte en un laboratorio de experiencias transformadoras. En esta regi\u00f3n, reconocida por su producci\u00f3n frut\u00edcola y agroindustrial, surge Imperio Recicla, un emprendimiento que pas\u00f3 de ser un peque\u00f1o proyecto local a convertirse en un referente de reciclaje y valorizaci\u00f3n de residuos. Su participaci\u00f3n en ferias de productores de Choele Choel durante 2024 marc\u00f3 un antes y un despu\u00e9s, posicion\u00e1ndolo como un actor que conecta el sector productivo con el ambiental en una sinergia in\u00e9dita.<\/p>\n\n\n\n<p>La historia de Imperio Recicla no se limita a recolectar pl\u00e1sticos, metales o cartones; se trata de una experiencia que pone en pr\u00e1ctica la visi\u00f3n de un R\u00edo Negro circular, donde los residuos dejan de ser un problema para convertirse en insumos que generan empleo, innovaci\u00f3n y conciencia ambiental. En este art\u00edculo exploraremos c\u00f3mo Imperio Recicla se suma al mapa de la econom\u00eda circular, c\u00f3mo impacta en la comunidad y qu\u00e9 aprendizajes deja para el futuro de la Patagonia.<\/p>\n\n\n\n<p><a href=\"https:\/\/patagoniambiental.com.ar\/info\/rio-negro-lanza-la-red-de-economia-circular-para-transformar-residuos-en-oportunidades\/\">Te puede interesar: \u00a1R\u00edo Negro lanza la Red de Econom\u00eda Circular para transformar residuos en oportunidades!<\/a><\/p>\n\n\n\n<h2 class=\"wp-block-heading\" id=\"h-imperio-recicla-en-valle-medio-mucho-mas-que-un-emprendimiento-de-reciclaje\">Imperio Recicla en Valle Medio: mucho m\u00e1s que un emprendimiento de reciclaje<\/h2>\n\n\n\n<p>El Valle Medio de R\u00edo Negro ha sido hist\u00f3ricamente una regi\u00f3n agr\u00edcola y ganadera, pero en los \u00faltimos a\u00f1os tambi\u00e9n se ha convertido en un polo de innovaci\u00f3n ambiental. All\u00ed naci\u00f3 Imperio Recicla, una iniciativa que comenz\u00f3 de manera artesanal y hoy trabaja con una amplia variedad de materiales: pl\u00e1sticos, cart\u00f3n, metales y electr\u00f3nicos, entre otros.<\/p>\n\n\n\n<p>Su impacto no solo se mide en toneladas recuperadas, sino en la capacidad de articular con productores, instituciones educativas y municipios. Al abrir sus puertas en ferias regionales, como la de Choele Choel, Imperio Recicla logr\u00f3 visibilizar el valor del reciclaje dentro del entramado econ\u00f3mico local, mostrando que la gesti\u00f3n de residuos tambi\u00e9n es una oportunidad de negocio y un camino hacia la sostenibilidad.<\/p>\n\n\n\n<h2 class=\"wp-block-heading\" id=\"h-la-economia-circular-de-rio-negro-un-mapa-en-construccion\">La econom\u00eda circular de R\u00edo Negro: un mapa en construcci\u00f3n<\/h2>\n\n\n\n<p>Para comprender el alcance de Imperio Recicla, es necesario enmarcarlo dentro de la estrategia m\u00e1s amplia de la provincia: el Mapa de Econom\u00eda Circular de R\u00edo Negro. Este mapa re\u00fane experiencias de diferentes localidades, desde la Asociaci\u00f3n de Recicladores de Bariloche (ARB) en la cordillera, hasta cooperativas y emprendimientos en el Valle Medio y la costa atl\u00e1ntica.<\/p>\n\n\n\n<p>El concepto es claro: nada se desperdicia, todo se transforma. La participaci\u00f3n de Imperio Recicla en este entramado no solo enriquece el mapa, sino que refuerza la idea de que cada regi\u00f3n aporta su particularidad. Mientras Bariloche potencia la clasificaci\u00f3n y el trabajo social con recicladores urbanos, el Valle Medio articula con productores rurales e industrias agroalimentarias, generando un modelo circular que dialoga con su matriz productiva.<\/p>\n\n\n\n<h2 class=\"wp-block-heading\" id=\"h-imperio-recicla-en-ferias-de-choele-choel-visibilidad-y-conexion-con-la-comunidad\">Imperio Recicla en ferias de Choele Choel: visibilidad y conexi\u00f3n con la comunidad<\/h2>\n\n\n\n<p>Uno de los hitos m\u00e1s relevantes para Imperio Recicla fue su participaci\u00f3n en la Feria de Productores de Choele Choel en 2024. All\u00ed no solo exhibieron los productos resultantes de su trabajo, sino que tambi\u00e9n sensibilizaron a la comunidad sobre la importancia de separar residuos y reutilizarlos.<\/p>\n\n\n\n<p>Este tipo de instancias cumplen una doble funci\u00f3n: por un lado, fortalecen el tejido social al acercar la tem\u00e1tica ambiental a familias, estudiantes y comerciantes; y por otro, consolidan al emprendimiento como un actor confiable y visible dentro de la red de econom\u00eda circular provincial. La feria se convirti\u00f3 as\u00ed en un espacio estrat\u00e9gico para difundir valores, pr\u00e1cticas y tecnolog\u00edas de reciclaje.<\/p>\n\n\n\n<h2 class=\"wp-block-heading\" id=\"h-alianzas-con-productores-y-municipios-un-modelo-de-cooperacion-en-el-valle-medio\">Alianzas con productores y municipios: un modelo de cooperaci\u00f3n en el Valle Medio<\/h2>\n\n\n\n<p>El crecimiento de Imperio Recicla se explica tambi\u00e9n por su capacidad de generar alianzas con productores locales, industrias y gobiernos municipales. Estas alianzas permiten que los residuos que antes eran un problema para chacras, galpones de empaque o comercios hoy encuentren un destino productivo.<\/p>\n\n\n\n<p>La clave del \u00e9xito ha sido mostrar que reciclar reduce costos y mejora la imagen institucional. Los productores del Valle Medio, conscientes de las crecientes exigencias internacionales en materia ambiental, encuentran en Imperio Recicla un socio estrat\u00e9gico que los ayuda a cumplir con est\u00e1ndares de sustentabilidad y responsabilidad social empresarial.<\/p>\n\n\n\n<h2 class=\"wp-block-heading\" id=\"h-impacto-ambiental-toneladas-de-residuos-recuperados-y-menos-contaminacion\">Impacto ambiental: toneladas de residuos recuperados y menos contaminaci\u00f3n<\/h2>\n\n\n\n<p>Uno de los logros m\u00e1s significativos de Imperio Recicla ha sido la reducci\u00f3n de residuos enviados a rellenos sanitarios. Cada tonelada de pl\u00e1stico o cart\u00f3n recuperada implica no solo un ahorro econ\u00f3mico, sino tambi\u00e9n un beneficio ambiental concreto: menos emisiones de gases de efecto invernadero, menos consumo de energ\u00eda y una reducci\u00f3n en la presi\u00f3n sobre basurales a cielo abierto.<\/p>\n\n\n\n<p>Los especialistas se\u00f1alan que reciclar una tonelada de pl\u00e1stico ahorra el equivalente energ\u00e9tico a conducir un auto durante mil kil\u00f3metros, lo que demuestra la magnitud del aporte que realizan emprendimientos como este. Adem\u00e1s, el reciclaje de metales evita la explotaci\u00f3n minera intensiva, protegiendo ecosistemas de la regi\u00f3n patag\u00f3nica.<\/p>\n\n\n\n<h2 class=\"wp-block-heading\" id=\"h-inclusion-social-y-generacion-de-empleo-verde-en-el-valle-medio\">Inclusi\u00f3n social y generaci\u00f3n de empleo verde en el Valle Medio<\/h2>\n\n\n\n<p>Imperio Recicla no es solo un proyecto ambiental: es tambi\u00e9n una fuente de trabajo digno para familias de la regi\u00f3n. Muchos de los integrantes del emprendimiento provienen de contextos de vulnerabilidad y encontraron en el reciclaje una oportunidad para mejorar sus ingresos y su calidad de vida.<\/p>\n\n\n\n<p>De esta forma, el proyecto contribuye al desarrollo de lo que se conoce como empleo verde, es decir, ocupaciones que no solo generan ingresos sino que adem\u00e1s tienen un impacto positivo en el ambiente. Este aspecto social es fundamental para comprender por qu\u00e9 la econom\u00eda circular no es \u00fanicamente un modelo productivo, sino tambi\u00e9n una estrategia de inclusi\u00f3n y justicia ambiental.<\/p>\n\n\n\n<h2 class=\"wp-block-heading\" id=\"h-conexion-con-la-asociacion-de-recicladores-de-bariloche-experiencias-que-dialogan\">Conexi\u00f3n con la Asociaci\u00f3n de Recicladores de Bariloche: experiencias que dialogan<\/h2>\n\n\n\n<p>La experiencia de Imperio Recicla se potencia al compararla con la de la Asociaci\u00f3n de Recicladores de Bariloche (ARB). Aunque ambos proyectos operan en contextos distintos, comparten una misma filosof\u00eda: transformar residuos en recursos y dignificar la labor del reciclador urbano.<\/p>\n\n\n\n<p>Esta conexi\u00f3n entre experiencias cordilleranas y del Valle Medio refuerza la idea de un ecosistema circular provincial, donde cada actor aporta desde su lugar, pero todos trabajan con un mismo horizonte: reducir la contaminaci\u00f3n, generar empleo y fortalecer la cultura del reciclaje.<\/p>\n\n\n\n<h2 class=\"wp-block-heading\" id=\"h-educacion-ambiental-sembrando-conciencia-en-nuevas-generaciones\">Educaci\u00f3n ambiental: sembrando conciencia en nuevas generaciones<\/h2>\n\n\n\n<p>Otro pilar del trabajo de Imperio Recicla ha sido la educaci\u00f3n ambiental. A trav\u00e9s de charlas en escuelas, talleres comunitarios y campa\u00f1as de sensibilizaci\u00f3n, el emprendimiento transmite un mensaje clave: la basura no existe, lo que existen son recursos mal gestionados.<\/p>\n\n\n\n<p>Sembrar conciencia en ni\u00f1os y j\u00f3venes es apostar al futuro, porque son ellos quienes adoptar\u00e1n pr\u00e1cticas de consumo responsable y separaci\u00f3n en origen como h\u00e1bitos cotidianos. Adem\u00e1s, estas acciones fortalecen la legitimidad del proyecto y lo consolidan como un referente en la formaci\u00f3n de una ciudadan\u00eda ambientalmente responsable.<\/p>\n\n\n\n<h2 class=\"wp-block-heading\" id=\"h-innovacion-y-desafios-de-la-economia-circular-en-rio-negro\">Innovaci\u00f3n y desaf\u00edos de la econom\u00eda circular en R\u00edo Negro<\/h2>\n\n\n\n<p>A pesar de sus avances, Imperio Recicla enfrenta retos estructurales comunes a otros proyectos de econom\u00eda circular: la falta de financiamiento, la necesidad de m\u00e1s infraestructura tecnol\u00f3gica y la carencia de pol\u00edticas p\u00fablicas consistentes a largo plazo.<\/p>\n\n\n\n<p>El desaf\u00edo es claro: transformar experiencias locales en pol\u00edticas de Estado, que garanticen la continuidad y expansi\u00f3n de estos proyectos. Sin embargo, la resiliencia de emprendimientos como Imperio Recicla muestra que la innovaci\u00f3n social puede florecer incluso en contextos adversos, siempre que exista compromiso comunitario.<\/p>\n\n\n\n<h2 class=\"wp-block-heading\" id=\"h-el-futuro-del-valle-medio-hacia-un-modelo-productivo-circular\">El futuro del Valle Medio: hacia un modelo productivo circular<\/h2>\n\n\n\n<p>El horizonte del Valle Medio se proyecta hacia una producci\u00f3n circular, donde cada etapa de la cadena frut\u00edcola y agroindustrial se complemente con pr\u00e1cticas de reciclaje y reutilizaci\u00f3n. Imperio Recicla se posiciona como un actor central de este cambio, capaz de demostrar que el desarrollo econ\u00f3mico y el cuidado del ambiente pueden ir de la mano.<\/p>\n\n\n\n<p>Si la regi\u00f3n logra consolidar esta transici\u00f3n, no solo mejorar\u00e1 su competitividad frente a mercados internacionales m\u00e1s exigentes, sino que tambi\u00e9n se convertir\u00e1 en un ejemplo para otras provincias argentinas que buscan impulsar la econom\u00eda circular como estrategia de desarrollo.<\/p>\n\n\n\n<h2 class=\"wp-block-heading\" id=\"h-imperio-recicla-un-faro-del-cambio-en-la-patagonia\">Imperio Recicla, un faro del cambio en la Patagonia<\/h2>\n\n\n\n<p>La historia de Imperio Recicla en el Valle Medio es mucho m\u00e1s que la de un emprendimiento local. Es la demostraci\u00f3n de que la econom\u00eda circular en R\u00edo Negro es posible, real y est\u00e1 en marcha gracias a actores que, con compromiso y creatividad, transforman problemas ambientales en oportunidades de desarrollo.<\/p>\n\n\n\n<p>Su articulaci\u00f3n con ferias regionales, con productores locales y con experiencias como la ARB en Bariloche muestra que el cambio es colectivo y que el futuro de la provincia depender\u00e1 de la capacidad de sostener y multiplicar este tipo de iniciativas.<\/p>\n\n\n\n<p><\/p>\n","protected":false},"excerpt":{"rendered":"","protected":false},"author":2,"featured_media":98933,"comment_status":"open","ping_status":"open","sticky":false,"template":"","format":"standard","meta":{"site-sidebar-layout":"default","site-content-layout":"","ast-site-content-layout":"default","site-content-style":"default","site-sidebar-style":"default","ast-global-header-display":"","ast-banner-title-visibility":"","ast-main-header-display":"","ast-hfb-above-header-display":"","ast-hfb-below-header-display":"","ast-hfb-mobile-header-display":"","site-post-title":"","ast-breadcrumbs-content":"","ast-featured-img":"","footer-sml-layout":"","ast-disable-related-posts":"","theme-transparent-header-meta":"","adv-header-id-meta":"","stick-header-meta":"","header-above-stick-meta":"","header-main-stick-meta":"","header-below-stick-meta":"","astra-migrate-meta-layouts":"default","ast-page-background-enabled":"default","ast-page-background-meta":{"desktop":{"background-color":"var(--ast-global-color-5)","background-image":"","background-repeat":"repeat","background-position":"center center","background-size":"auto","background-attachment":"scroll","background-type":"","background-media":"","overlay-type":"","overlay-color":"","overlay-opacity":"","overlay-gradient":""},"tablet":{"background-color":"","background-image":"","background-repeat":"repeat","background-position":"center center","background-size":"auto","background-attachment":"scroll","background-type":"","background-media":"","overlay-type":"","overlay-color":"","overlay-opacity":"","overlay-gradient":""},"mobile":{"background-color":"","background-image":"","background-repeat":"repeat","background-position":"center center","background-size":"auto","background-attachment":"scroll","background-type":"","background-media":"","overlay-type":"","overlay-color":"","overlay-opacity":"","overlay-gradient":""}},"ast-content-background-meta":{"desktop":{"background-color":"var(--ast-global-color-4)","background-image":"","background-repeat":"repeat","background-position":"center center","background-size":"auto","background-attachment":"scroll","background-type":"","background-media":"","overlay-type":"","overlay-color":"","overlay-opacity":"","overlay-gradient":""},"tablet":{"background-color":"var(--ast-global-color-4)","background-image":"","background-repeat":"repeat","background-position":"center center","background-size":"auto","background-attachment":"scroll","background-type":"","background-media":"","overlay-type":"","overlay-color":"","overlay-opacity":"","overlay-gradient":""},"mobile":{"background-color":"var(--ast-global-color-4)","background-image":"","background-repeat":"repeat","background-position":"center center","background-size":"auto","background-attachment":"scroll","background-type":"","background-media":"","overlay-type":"","overlay-color":"","overlay-opacity":"","overlay-gradient":""}},"footnotes":""},"categories":[3386,3512,1],"tags":[],"class_list":["post-98932","post","type-post","status-publish","format-standard","has-post-thumbnail","hentry","category-destacadas","category-economia-circular","category-noticias"],"yoast_head":"<!-- This site is optimized with the Yoast SEO Premium plugin v23.0 (Yoast SEO v27.5) - https:\/\/yoast.com\/product\/yoast-seo-premium-wordpress\/ -->\n<title>Imperio Recicla: el emprendimiento del Valle Medio que impulsa la Econom\u00eda Circular de R\u00edo Negro y transforma la gesti\u00f3n de residuos<\/title>\n<meta name=\"description\" content=\"La provincia de R\u00edo Negro vive una revoluci\u00f3n en torno a la econom\u00eda circular, y en ese escenario el Valle Medio se convierte en un laboratorio de experiencias transformadoras.\" \/>\n<meta name=\"robots\" content=\"index, follow, max-snippet:-1, max-image-preview:large, max-video-preview:-1\" \/>\n<link rel=\"canonical\" href=\"https:\/\/patagoniambiental.com.ar\/info\/rio-negro-revolucion-economia-circular\/\" \/>\n<meta property=\"og:locale\" content=\"es_ES\" \/>\n<meta property=\"og:type\" content=\"article\" \/>\n<meta property=\"og:title\" content=\"Imperio Recicla: el emprendimiento del Valle Medio que impulsa la Econom\u00eda Circular de R\u00edo Negro y transforma la gesti\u00f3n de residuos\" \/>\n<meta property=\"og:description\" content=\"La provincia de R\u00edo Negro vive una revoluci\u00f3n en torno a la econom\u00eda circular, y en ese escenario el Valle Medio se convierte en un laboratorio de experiencias transformadoras.\" \/>\n<meta property=\"og:url\" content=\"https:\/\/patagoniambiental.com.ar\/info\/rio-negro-revolucion-economia-circular\/\" \/>\n<meta property=\"og:site_name\" content=\"Patagonia Ambiental\" \/>\n<meta property=\"article:publisher\" content=\"https:\/\/www.facebook.com\/patagonia.ambiental\" \/>\n<meta property=\"article:author\" content=\"https:\/\/www.facebook.com\/share\/1C1V8Gv9BX\/?mibextid=qi2Omg\" \/>\n<meta property=\"article:published_time\" content=\"2025-09-08T13:36:58+00:00\" \/>\n<meta property=\"article:modified_time\" content=\"2026-03-19T16:00:51+00:00\" \/>\n<meta property=\"og:image\" content=\"https:\/\/patagoniambiental.com.ar\/info\/wp-content\/uploads\/2025\/09\/sm.webp\" \/>\n\t<meta property=\"og:image:width\" content=\"768\" \/>\n\t<meta property=\"og:image:height\" content=\"460\" \/>\n\t<meta property=\"og:image:type\" content=\"image\/webp\" \/>\n<meta name=\"author\" content=\"Patagonia Ambiental\" \/>\n<meta name=\"twitter:card\" content=\"summary_large_image\" \/>\n<meta name=\"twitter:creator\" content=\"@PatAmb\" \/>\n<meta name=\"twitter:site\" content=\"@PatAmb\" \/>\n<script type=\"application\/ld+json\" class=\"yoast-schema-graph\">{\"@context\":\"https:\\\/\\\/schema.org\",\"@graph\":[{\"@type\":\"Article\",\"@id\":\"https:\\\/\\\/patagoniambiental.com.ar\\\/info\\\/rio-negro-revolucion-economia-circular\\\/#article\",\"isPartOf\":{\"@id\":\"https:\\\/\\\/patagoniambiental.com.ar\\\/info\\\/rio-negro-revolucion-economia-circular\\\/\"},\"author\":{\"name\":\"Patagonia Ambiental\",\"@id\":\"https:\\\/\\\/patagoniambiental.com.ar\\\/info\\\/#\\\/schema\\\/person\\\/db12bff64bbcbf6a253710bf0ea37b5d\"},\"headline\":\"Imperio Recicla: el emprendimiento del Valle Medio que impulsa la Econom\u00eda Circular de R\u00edo Negro y transforma la gesti\u00f3n de residuos\",\"datePublished\":\"2025-09-08T13:36:58+00:00\",\"dateModified\":\"2026-03-19T16:00:51+00:00\",\"mainEntityOfPage\":{\"@id\":\"https:\\\/\\\/patagoniambiental.com.ar\\\/info\\\/rio-negro-revolucion-economia-circular\\\/\"},\"wordCount\":1591,\"commentCount\":0,\"publisher\":{\"@id\":\"https:\\\/\\\/patagoniambiental.com.ar\\\/info\\\/#organization\"},\"image\":{\"@id\":\"https:\\\/\\\/patagoniambiental.com.ar\\\/info\\\/rio-negro-revolucion-economia-circular\\\/#primaryimage\"},\"thumbnailUrl\":\"https:\\\/\\\/patagoniambiental.com.ar\\\/info\\\/wp-content\\\/uploads\\\/2025\\\/09\\\/sm.webp\",\"articleSection\":[\"Destacadas\",\"Econom\u00eda Circular\",\"Noticias\"],\"inLanguage\":\"es\",\"potentialAction\":[{\"@type\":\"CommentAction\",\"name\":\"Comment\",\"target\":[\"https:\\\/\\\/patagoniambiental.com.ar\\\/info\\\/rio-negro-revolucion-economia-circular\\\/#respond\"]}]},{\"@type\":\"WebPage\",\"@id\":\"https:\\\/\\\/patagoniambiental.com.ar\\\/info\\\/rio-negro-revolucion-economia-circular\\\/\",\"url\":\"https:\\\/\\\/patagoniambiental.com.ar\\\/info\\\/rio-negro-revolucion-economia-circular\\\/\",\"name\":\"Imperio Recicla: el emprendimiento del Valle Medio que impulsa la Econom\u00eda Circular de R\u00edo Negro y transforma la gesti\u00f3n de residuos\",\"isPartOf\":{\"@id\":\"https:\\\/\\\/patagoniambiental.com.ar\\\/info\\\/#website\"},\"primaryImageOfPage\":{\"@id\":\"https:\\\/\\\/patagoniambiental.com.ar\\\/info\\\/rio-negro-revolucion-economia-circular\\\/#primaryimage\"},\"image\":{\"@id\":\"https:\\\/\\\/patagoniambiental.com.ar\\\/info\\\/rio-negro-revolucion-economia-circular\\\/#primaryimage\"},\"thumbnailUrl\":\"https:\\\/\\\/patagoniambiental.com.ar\\\/info\\\/wp-content\\\/uploads\\\/2025\\\/09\\\/sm.webp\",\"datePublished\":\"2025-09-08T13:36:58+00:00\",\"dateModified\":\"2026-03-19T16:00:51+00:00\",\"description\":\"La provincia de R\u00edo Negro vive una revoluci\u00f3n en torno a la econom\u00eda circular, y en ese escenario el Valle Medio se convierte en un laboratorio de experiencias transformadoras.\",\"breadcrumb\":{\"@id\":\"https:\\\/\\\/patagoniambiental.com.ar\\\/info\\\/rio-negro-revolucion-economia-circular\\\/#breadcrumb\"},\"inLanguage\":\"es\",\"potentialAction\":[{\"@type\":\"ReadAction\",\"target\":[\"https:\\\/\\\/patagoniambiental.com.ar\\\/info\\\/rio-negro-revolucion-economia-circular\\\/\"]}]},{\"@type\":\"ImageObject\",\"inLanguage\":\"es\",\"@id\":\"https:\\\/\\\/patagoniambiental.com.ar\\\/info\\\/rio-negro-revolucion-economia-circular\\\/#primaryimage\",\"url\":\"https:\\\/\\\/patagoniambiental.com.ar\\\/info\\\/wp-content\\\/uploads\\\/2025\\\/09\\\/sm.webp\",\"contentUrl\":\"https:\\\/\\\/patagoniambiental.com.ar\\\/info\\\/wp-content\\\/uploads\\\/2025\\\/09\\\/sm.webp\",\"width\":768,\"height\":460,\"caption\":\"Cr\u00e9dito: 7enpunto\"},{\"@type\":\"BreadcrumbList\",\"@id\":\"https:\\\/\\\/patagoniambiental.com.ar\\\/info\\\/rio-negro-revolucion-economia-circular\\\/#breadcrumb\",\"itemListElement\":[{\"@type\":\"ListItem\",\"position\":1,\"name\":\"Inicio\",\"item\":\"https:\\\/\\\/patagoniambiental.com.ar\\\/info\\\/\"},{\"@type\":\"ListItem\",\"position\":2,\"name\":\"Imperio Recicla: el emprendimiento del Valle Medio que impulsa la Econom\u00eda Circular de R\u00edo Negro y transforma la gesti\u00f3n de residuos\"}]},{\"@type\":\"WebSite\",\"@id\":\"https:\\\/\\\/patagoniambiental.com.ar\\\/info\\\/#website\",\"url\":\"https:\\\/\\\/patagoniambiental.com.ar\\\/info\\\/\",\"name\":\"Patagonia Ambiental\",\"description\":\"Monitoreo y an\u00e1lisis de la situaci\u00f3n geopol\u00edtica en el mundo y su implicancia en la Patagonia\",\"publisher\":{\"@id\":\"https:\\\/\\\/patagoniambiental.com.ar\\\/info\\\/#organization\"},\"potentialAction\":[{\"@type\":\"SearchAction\",\"target\":{\"@type\":\"EntryPoint\",\"urlTemplate\":\"https:\\\/\\\/patagoniambiental.com.ar\\\/info\\\/?s={search_term_string}\"},\"query-input\":{\"@type\":\"PropertyValueSpecification\",\"valueRequired\":true,\"valueName\":\"search_term_string\"}}],\"inLanguage\":\"es\"},{\"@type\":\"Organization\",\"@id\":\"https:\\\/\\\/patagoniambiental.com.ar\\\/info\\\/#organization\",\"name\":\"Patagonia Ambiental\",\"url\":\"https:\\\/\\\/patagoniambiental.com.ar\\\/info\\\/\",\"logo\":{\"@type\":\"ImageObject\",\"inLanguage\":\"es\",\"@id\":\"https:\\\/\\\/patagoniambiental.com.ar\\\/info\\\/#\\\/schema\\\/logo\\\/image\\\/\",\"url\":\"https:\\\/\\\/patagoniambiental.com.ar\\\/info\\\/wp-content\\\/uploads\\\/2025\\\/05\\\/LOGO-PATAGONIA-AMBIENTAL.png\",\"contentUrl\":\"https:\\\/\\\/patagoniambiental.com.ar\\\/info\\\/wp-content\\\/uploads\\\/2025\\\/05\\\/LOGO-PATAGONIA-AMBIENTAL.png\",\"width\":433,\"height\":250,\"caption\":\"Patagonia Ambiental\"},\"image\":{\"@id\":\"https:\\\/\\\/patagoniambiental.com.ar\\\/info\\\/#\\\/schema\\\/logo\\\/image\\\/\"},\"sameAs\":[\"https:\\\/\\\/www.facebook.com\\\/patagonia.ambiental\",\"https:\\\/\\\/x.com\\\/PatAmb\"]},{\"@type\":\"Person\",\"@id\":\"https:\\\/\\\/patagoniambiental.com.ar\\\/info\\\/#\\\/schema\\\/person\\\/db12bff64bbcbf6a253710bf0ea37b5d\",\"name\":\"Patagonia Ambiental\",\"description\":\"Andr\u00e9s Nievas T\u00e9cnico en manejo ambiental, consultor Ambiental y escritor para medios locales e internacionales sobre temas de geopolitica y medio ambiente.\",\"sameAs\":[\"http:\\\/\\\/www.patagoniambiental.com.ar\",\"https:\\\/\\\/www.facebook.com\\\/share\\\/1C1V8Gv9BX\\\/?mibextid=qi2Omg\",\"@patagoniambiental\",\"https:\\\/\\\/youtube.com\\\/@patagoniaambiental2023?si=BLt58t0wuXquxlYZ\"]}]}<\/script>\n<!-- \/ Yoast SEO Premium plugin. -->","yoast_head_json":{"title":"Imperio Recicla: el emprendimiento del Valle Medio que impulsa la Econom\u00eda Circular de R\u00edo Negro y transforma la gesti\u00f3n de residuos","description":"La provincia de R\u00edo Negro vive una revoluci\u00f3n en torno a la econom\u00eda circular, y en ese escenario el Valle Medio se convierte en un laboratorio de experiencias transformadoras.","robots":{"index":"index","follow":"follow","max-snippet":"max-snippet:-1","max-image-preview":"max-image-preview:large","max-video-preview":"max-video-preview:-1"},"canonical":"https:\/\/patagoniambiental.com.ar\/info\/rio-negro-revolucion-economia-circular\/","og_locale":"es_ES","og_type":"article","og_title":"Imperio Recicla: el emprendimiento del Valle Medio que impulsa la Econom\u00eda Circular de R\u00edo Negro y transforma la gesti\u00f3n de residuos","og_description":"La provincia de R\u00edo Negro vive una revoluci\u00f3n en torno a la econom\u00eda circular, y en ese escenario el Valle Medio se convierte en un laboratorio de experiencias transformadoras.","og_url":"https:\/\/patagoniambiental.com.ar\/info\/rio-negro-revolucion-economia-circular\/","og_site_name":"Patagonia Ambiental","article_publisher":"https:\/\/www.facebook.com\/patagonia.ambiental","article_author":"https:\/\/www.facebook.com\/share\/1C1V8Gv9BX\/?mibextid=qi2Omg","article_published_time":"2025-09-08T13:36:58+00:00","article_modified_time":"2026-03-19T16:00:51+00:00","og_image":[{"width":768,"height":460,"url":"https:\/\/patagoniambiental.com.ar\/info\/wp-content\/uploads\/2025\/09\/sm.webp","type":"image\/webp"}],"author":"Patagonia Ambiental","twitter_card":"summary_large_image","twitter_creator":"@PatAmb","twitter_site":"@PatAmb","schema":{"@context":"https:\/\/schema.org","@graph":[{"@type":"Article","@id":"https:\/\/patagoniambiental.com.ar\/info\/rio-negro-revolucion-economia-circular\/#article","isPartOf":{"@id":"https:\/\/patagoniambiental.com.ar\/info\/rio-negro-revolucion-economia-circular\/"},"author":{"name":"Patagonia Ambiental","@id":"https:\/\/patagoniambiental.com.ar\/info\/#\/schema\/person\/db12bff64bbcbf6a253710bf0ea37b5d"},"headline":"Imperio Recicla: el emprendimiento del Valle Medio que impulsa la Econom\u00eda Circular de R\u00edo Negro y transforma la gesti\u00f3n de residuos","datePublished":"2025-09-08T13:36:58+00:00","dateModified":"2026-03-19T16:00:51+00:00","mainEntityOfPage":{"@id":"https:\/\/patagoniambiental.com.ar\/info\/rio-negro-revolucion-economia-circular\/"},"wordCount":1591,"commentCount":0,"publisher":{"@id":"https:\/\/patagoniambiental.com.ar\/info\/#organization"},"image":{"@id":"https:\/\/patagoniambiental.com.ar\/info\/rio-negro-revolucion-economia-circular\/#primaryimage"},"thumbnailUrl":"https:\/\/patagoniambiental.com.ar\/info\/wp-content\/uploads\/2025\/09\/sm.webp","articleSection":["Destacadas","Econom\u00eda Circular","Noticias"],"inLanguage":"es","potentialAction":[{"@type":"CommentAction","name":"Comment","target":["https:\/\/patagoniambiental.com.ar\/info\/rio-negro-revolucion-economia-circular\/#respond"]}]},{"@type":"WebPage","@id":"https:\/\/patagoniambiental.com.ar\/info\/rio-negro-revolucion-economia-circular\/","url":"https:\/\/patagoniambiental.com.ar\/info\/rio-negro-revolucion-economia-circular\/","name":"Imperio Recicla: el emprendimiento del Valle Medio que impulsa la Econom\u00eda Circular de R\u00edo Negro y transforma la gesti\u00f3n de residuos","isPartOf":{"@id":"https:\/\/patagoniambiental.com.ar\/info\/#website"},"primaryImageOfPage":{"@id":"https:\/\/patagoniambiental.com.ar\/info\/rio-negro-revolucion-economia-circular\/#primaryimage"},"image":{"@id":"https:\/\/patagoniambiental.com.ar\/info\/rio-negro-revolucion-economia-circular\/#primaryimage"},"thumbnailUrl":"https:\/\/patagoniambiental.com.ar\/info\/wp-content\/uploads\/2025\/09\/sm.webp","datePublished":"2025-09-08T13:36:58+00:00","dateModified":"2026-03-19T16:00:51+00:00","description":"La provincia de R\u00edo Negro vive una revoluci\u00f3n en torno a la econom\u00eda circular, y en ese escenario el Valle Medio se convierte en un laboratorio de experiencias transformadoras.","breadcrumb":{"@id":"https:\/\/patagoniambiental.com.ar\/info\/rio-negro-revolucion-economia-circular\/#breadcrumb"},"inLanguage":"es","potentialAction":[{"@type":"ReadAction","target":["https:\/\/patagoniambiental.com.ar\/info\/rio-negro-revolucion-economia-circular\/"]}]},{"@type":"ImageObject","inLanguage":"es","@id":"https:\/\/patagoniambiental.com.ar\/info\/rio-negro-revolucion-economia-circular\/#primaryimage","url":"https:\/\/patagoniambiental.com.ar\/info\/wp-content\/uploads\/2025\/09\/sm.webp","contentUrl":"https:\/\/patagoniambiental.com.ar\/info\/wp-content\/uploads\/2025\/09\/sm.webp","width":768,"height":460,"caption":"Cr\u00e9dito: 7enpunto"},{"@type":"BreadcrumbList","@id":"https:\/\/patagoniambiental.com.ar\/info\/rio-negro-revolucion-economia-circular\/#breadcrumb","itemListElement":[{"@type":"ListItem","position":1,"name":"Inicio","item":"https:\/\/patagoniambiental.com.ar\/info\/"},{"@type":"ListItem","position":2,"name":"Imperio Recicla: el emprendimiento del Valle Medio que impulsa la Econom\u00eda Circular de R\u00edo Negro y transforma la gesti\u00f3n de residuos"}]},{"@type":"WebSite","@id":"https:\/\/patagoniambiental.com.ar\/info\/#website","url":"https:\/\/patagoniambiental.com.ar\/info\/","name":"Patagonia Ambiental","description":"Monitoreo y an\u00e1lisis de la situaci\u00f3n geopol\u00edtica en el mundo y su implicancia en la Patagonia","publisher":{"@id":"https:\/\/patagoniambiental.com.ar\/info\/#organization"},"potentialAction":[{"@type":"SearchAction","target":{"@type":"EntryPoint","urlTemplate":"https:\/\/patagoniambiental.com.ar\/info\/?s={search_term_string}"},"query-input":{"@type":"PropertyValueSpecification","valueRequired":true,"valueName":"search_term_string"}}],"inLanguage":"es"},{"@type":"Organization","@id":"https:\/\/patagoniambiental.com.ar\/info\/#organization","name":"Patagonia Ambiental","url":"https:\/\/patagoniambiental.com.ar\/info\/","logo":{"@type":"ImageObject","inLanguage":"es","@id":"https:\/\/patagoniambiental.com.ar\/info\/#\/schema\/logo\/image\/","url":"https:\/\/patagoniambiental.com.ar\/info\/wp-content\/uploads\/2025\/05\/LOGO-PATAGONIA-AMBIENTAL.png","contentUrl":"https:\/\/patagoniambiental.com.ar\/info\/wp-content\/uploads\/2025\/05\/LOGO-PATAGONIA-AMBIENTAL.png","width":433,"height":250,"caption":"Patagonia Ambiental"},"image":{"@id":"https:\/\/patagoniambiental.com.ar\/info\/#\/schema\/logo\/image\/"},"sameAs":["https:\/\/www.facebook.com\/patagonia.ambiental","https:\/\/x.com\/PatAmb"]},{"@type":"Person","@id":"https:\/\/patagoniambiental.com.ar\/info\/#\/schema\/person\/db12bff64bbcbf6a253710bf0ea37b5d","name":"Patagonia Ambiental","description":"Andr\u00e9s Nievas T\u00e9cnico en manejo ambiental, consultor Ambiental y escritor para medios locales e internacionales sobre temas de geopolitica y medio ambiente.","sameAs":["http:\/\/www.patagoniambiental.com.ar","https:\/\/www.facebook.com\/share\/1C1V8Gv9BX\/?mibextid=qi2Omg","@patagoniambiental","https:\/\/youtube.com\/@patagoniaambiental2023?si=BLt58t0wuXquxlYZ"]}]}},"_links":{"self":[{"href":"https:\/\/patagoniambiental.com.ar\/info\/wp-json\/wp\/v2\/posts\/98932","targetHints":{"allow":["GET"]}}],"collection":[{"href":"https:\/\/patagoniambiental.com.ar\/info\/wp-json\/wp\/v2\/posts"}],"about":[{"href":"https:\/\/patagoniambiental.com.ar\/info\/wp-json\/wp\/v2\/types\/post"}],"author":[{"embeddable":true,"href":"https:\/\/patagoniambiental.com.ar\/info\/wp-json\/wp\/v2\/users\/2"}],"replies":[{"embeddable":true,"href":"https:\/\/patagoniambiental.com.ar\/info\/wp-json\/wp\/v2\/comments?post=98932"}],"version-history":[{"count":2,"href":"https:\/\/patagoniambiental.com.ar\/info\/wp-json\/wp\/v2\/posts\/98932\/revisions"}],"predecessor-version":[{"id":100976,"href":"https:\/\/patagoniambiental.com.ar\/info\/wp-json\/wp\/v2\/posts\/98932\/revisions\/100976"}],"wp:featuredmedia":[{"embeddable":true,"href":"https:\/\/patagoniambiental.com.ar\/info\/wp-json\/wp\/v2\/media\/98933"}],"wp:attachment":[{"href":"https:\/\/patagoniambiental.com.ar\/info\/wp-json\/wp\/v2\/media?parent=98932"}],"wp:term":[{"taxonomy":"category","embeddable":true,"href":"https:\/\/patagoniambiental.com.ar\/info\/wp-json\/wp\/v2\/categories?post=98932"},{"taxonomy":"post_tag","embeddable":true,"href":"https:\/\/patagoniambiental.com.ar\/info\/wp-json\/wp\/v2\/tags?post=98932"}],"curies":[{"name":"wp","href":"https:\/\/api.w.org\/{rel}","templated":true}]}}